{"id":10907,"date":"2024-09-11T08:02:41","date_gmt":"2024-09-11T06:02:41","guid":{"rendered":"http:\/\/fmsb.disstintbeta.com\/2024\/09\/11\/inconstitucional-obligacion-antelacion-vtc-baleares\/"},"modified":"2025-06-05T18:06:02","modified_gmt":"2025-06-05T16:06:02","slug":"inconstitucional-obligacion-antelacion-vtc-baleares","status":"publish","type":"post","link":"https:\/\/fmsb.eu\/de\/2024\/09\/11\/inconstitucional-obligacion-antelacion-vtc-baleares\/","title":{"rendered":"El TC declara inconstitucional la obligaci\u00f3n de reservar con antelaci\u00f3n los VTC en Baleares"},"content":{"rendered":"<h1><a href=\"http:\/\/fmsb.disstintbeta.com\/wp-content\/uploads\/2024\/09\/FMSB-Tribunal-Constitucional-VTC.jpg\"><img fetchpriority=\"high\" decoding=\"async\" class=\"alignnone wp-image-8018\" src=\"http:\/\/fmsb.disstintbeta.com\/wp-content\/uploads\/2024\/09\/FMSB-Tribunal-Constitucional-VTC.jpg\" alt=\"\" width=\"800\" height=\"800\" srcset=\"https:\/\/font-mora-sainz-baranda.fra1.digitaloceanspaces.com\/wp-content\/uploads\/2024\/09\/FMSB-Tribunal-Constitucional-VTC.jpg 2000w, https:\/\/font-mora-sainz-baranda.fra1.digitaloceanspaces.com\/wp-content\/uploads\/2024\/09\/FMSB-Tribunal-Constitucional-VTC-300x300.jpg 300w, https:\/\/font-mora-sainz-baranda.fra1.digitaloceanspaces.com\/wp-content\/uploads\/2024\/09\/FMSB-Tribunal-Constitucional-VTC-1024x1024.jpg 1024w, https:\/\/font-mora-sainz-baranda.fra1.digitaloceanspaces.com\/wp-content\/uploads\/2024\/09\/FMSB-Tribunal-Constitucional-VTC-150x150.jpg 150w, https:\/\/font-mora-sainz-baranda.fra1.digitaloceanspaces.com\/wp-content\/uploads\/2024\/09\/FMSB-Tribunal-Constitucional-VTC-768x768.jpg 768w, https:\/\/font-mora-sainz-baranda.fra1.digitaloceanspaces.com\/wp-content\/uploads\/2024\/09\/FMSB-Tribunal-Constitucional-VTC-1536x1536.jpg 1536w\" sizes=\"(max-width: 800px) 100vw, 800px\" \/><\/a><\/h1>\n<h1><span style=\"color: #ff6600;\">NOTA INFORMATIVA N\u00ba 85\/2024 DEL TRIBUNAL CONSTITUCIONAL<\/span><\/h1>\n<h1>EL PLENO DEL TC ESTIMA POR UNANIMIDAD LA CUESTI\u00d3N DE INCONSTITUCIONALIDAD PLANTEADA POR EL SUPREMO RESPECTO A LA MODIFICACI\u00d3N DE LA LEY 4\/2014 DE TRANSPORTES TERRESTRES Y MOVILIDAD SOSTENIBLE DE LAS ILLES BALEARS QUE ESTABLEC\u00cdA LA OBLIGACI\u00d3N DE RESERVAR EL SERVICIO DE ALQUILER DE VEH\u00cdCULOS CON CONDUCTOR CON UNA ANTELACI\u00d3N M\u00cdNIMA DE TREINTA MINUTOS<\/h1>\n<p>El <strong>Pleno del Tribunal Constitucional<\/strong>, <strong>por unanimidad<\/strong>, en una sentencia de la que ha sido <strong>ponente<\/strong> el magistrado <strong>Enrique Arnaldo Alcubilla<\/strong>, ha estimado la <strong>cuesti\u00f3n de inconstitucionalidad<\/strong> promovida por la Secci\u00f3n Tercera de la Sala de lo Contencioso-Administrativo del Tribunal Supremo contra un precepto de un Decreto-ley del Gobierno de las Illes Balears que impon\u00eda la precontrataci\u00f3n en un tiempo m\u00ednimo de treinta minutos de un servicio de alquiler de veh\u00edculos con conductor (VTC).<\/p>\n<p>El Tribunal Supremo consideraba que la exigencia de ese lapso de treinta minutos de antelaci\u00f3n m\u00ednima entre la contrataci\u00f3n y la prestaci\u00f3n del servicio de VTC pod\u00eda ser contraria<br \/>\na la libertad de empresa del art. 38 CE.<\/p>\n<div class=\"wDYxhc\" lang=\"es-ES\" data-md=\"61\">\n<blockquote>\n<div class=\"LGOjhe\" role=\"heading\" data-attrid=\"wa:\/description\" aria-level=\"3\" data-hveid=\"CBcQAA\"><span class=\"BxUVEf ILfuVd\" lang=\"es\" style=\"color: #ff6600;\"><span class=\"d9FyLd\">Art\u00edculo 38 CE<\/span><span class=\"hgKElc\"> <b>Se reconoce la libertad de empresa en el marco de la econom\u00eda de mercado<\/b>. Los poderes p\u00fablicos garantizan y protegen su ejercicio y la defensa de la productividad, de acuerdo con las exigencias de la econom\u00eda general y, en su caso, de la planificaci\u00f3n.<\/span><\/span><\/div>\n<\/blockquote>\n<\/div>\n<p>La sentencia, tras analizar las diferencias existentes entre la regulaci\u00f3n de los taxis y los VTC, destaca que la medida cuestionada afecta al ejercicio de la actividad de VTC, por lo que, conforme a la doctrina constitucional sobre el art. 38 CE, debe someterse a un doble escrutinio para comprobar si es una medida razonable: en primer lugar, determinar si el fin perseguido es constitucionalmente leg\u00edtimo; y, en segundo lugar, si la medida es adecuada para la consecuci\u00f3n de ese fin.<\/p>\n<p>Para la sentencia, la fijaci\u00f3n de un lapso de treinta minutos entre la contrataci\u00f3n y la prestaci\u00f3n efectiva del servicio de VTC persigue finalidades constitucionalmente leg\u00edtimas, se\u00f1aladas en la exposici\u00f3n de motivos del Decreto-ley balear, tales como la necesidad de buscar un equilibrio entre el sector del taxi y el de VTC, as\u00ed como la mejora de la gesti\u00f3n de la movilidad de personas viajeras y la garant\u00eda de las condiciones de prestaci\u00f3n del servicio.<\/p>\n<p>Sin embargo, la medida concretamente elegida para conseguir esas finalidades no est\u00e1 justificada y no es adecuada. En cuanto a lo primero, no hay ninguna explicaci\u00f3n sobre el modo en el que la exigencia de ese lapso de tiempo entre contrataci\u00f3n y prestaci\u00f3n del servicio contribuye a la consecuci\u00f3n de los objetivos que la normativa balear dice perseguir.<\/p>\n<p>En segundo lugar, el Tribunal tambi\u00e9n considera que la norma cuestionada no es adecuada. Sit\u00faa a los VTC en una desventaja competitiva en el \u00fanico segmento del sector en el que operan, el de la precontrataci\u00f3n. Y no es una medida que ofrezca una tutela del consumidor, en cuanto que supone una restricci\u00f3n para la actividad de uno de los sujetos que prestan dicho servicio de transporte de viajeros, ni sirve para preservar el r\u00e9gimen de precontrataci\u00f3n, el cual viene exigido ya por las propias condiciones de prestaci\u00f3n del servicio de VTC.<\/p>\n<p>La conclusi\u00f3n de la sentencia es que <strong>la medida cuestionada es contraria al art. 38 CE, en tanto obstaculiza de forma no razonable la actividad de los VTC<\/strong>.<\/p>\n<p style=\"text-align: right;\">Madrid, 10 de septiembre de 2024<\/p>\n<p style=\"text-align: right;\">PRENSA Tribunal Constitucional<\/p>\n<hr \/>\n<p><span style=\"color: #999999;\">#FMSB #fontmorasainzdebaranda #abogados #economistas #derecho #contencioso #licencias #VTC #transporte #alquiler #TribunalConstitucional #TC #uber #baleares #mallorca #menorca #ibiza #law #lawyers #solicitors<\/span><\/p>\n","protected":false},"excerpt":{"rendered":"<p>NOTA INFORMATIVA N\u00ba 85\/2024 DEL TRIBUNAL CONSTITUCIONAL EL PLENO DEL TC ESTIMA POR UNANIMIDAD LA CUESTI\u00d3N DE INCONSTITUCIONALIDAD PLANTEADA POR EL SUPREMO RESPECTO A LA MODIFICACI\u00d3N DE LA LEY 4\/2014 DE TRANSPORTES TERRESTRES Y MOVILIDAD SOSTENIBLE DE LAS ILLES BALEARS QUE ESTABLEC\u00cdA LA OBLIGACI\u00d3N DE RESERVAR EL SERVICIO DE ALQUILER DE VEH\u00cdCULOS CON CONDUCTOR CON [&hellip;]<\/p>\n","protected":false},"author":2,"featured_media":0,"comment_status":"closed","ping_status":"open","sticky":false,"template":"","format":"standard","meta":{"footnotes":""},"categories":[2198,2199,2386,2308,2202],"tags":[2206,2507,2208,2508,2509,2510,2216,2511,2512,2218,2223,2224,2225,2228,2229,2513,2514,2231,2234,2482,2515,2516,2243,2517,2518,2492,2519],"class_list":["post-10907","post","type-post","status-publish","format-standard","hentry","category-actualidad-de","category-blog-de","category-contencioso-de","category-derecho-administrativo-de","category-home-de","tag-abogados-de","tag-articulos-de","tag-baleares-de","tag-cnmc-de","tag-comision-nacional-de-los-mercados-y-la-competencia-de","tag-cuestion-prejudicial-de","tag-derecho-de","tag-derecho-contencioso-de","tag-derecho-contencioso-administrativo-de","tag-economistas-de","tag-fmsb-de","tag-font-mora-sainz-de-baranda-de","tag-ibiza-de","tag-law-de","tag-lawyers-de","tag-ley-de","tag-licencias-vtc-de","tag-mallorca-de","tag-menorca-de","tag-nulidad-de","tag-nulos-de","tag-proteccion-de-datos-de","tag-solicitors-de","tag-sts-de","tag-transporte-de","tag-tribunal-supremo-de","tag-uber-de"],"yoast_head":"<!-- This site is optimized with the Yoast SEO plugin v27.3 - https:\/\/yoast.com\/product\/yoast-seo-wordpress\/ -->\n<title>Sobre la obligaci\u00f3n de reserva previa de los VTC en Baleares...<\/title>\n<meta name=\"description\" content=\"El TC declara inconstitucional la obligaci\u00f3n en Baleares de reservar el alquiler de VTC con una antelaci\u00f3n m\u00ednima de treinta minutos\" \/>\n<meta name=\"robots\" content=\"index, follow, max-snippet:-1, max-image-preview:large, max-video-preview:-1\" \/>\n<link rel=\"canonical\" href=\"https:\/\/fmsb.eu\/de\/2024\/09\/11\/inconstitucional-obligacion-antelacion-vtc-baleares\/\" \/>\n<meta property=\"og:locale\" content=\"de_DE\" \/>\n<meta property=\"og:type\" content=\"article\" \/>\n<meta property=\"og:title\" content=\"Sobre la obligaci\u00f3n de reserva previa de los VTC en Baleares...\" \/>\n<meta property=\"og:description\" content=\"El TC declara inconstitucional la obligaci\u00f3n en Baleares de reservar el alquiler de VTC con una antelaci\u00f3n m\u00ednima de treinta minutos\" \/>\n<meta property=\"og:url\" content=\"https:\/\/fmsb.eu\/de\/2024\/09\/11\/inconstitucional-obligacion-antelacion-vtc-baleares\/\" \/>\n<meta property=\"og:site_name\" content=\"FMSB Abogados y Economistas en Baleares\" \/>\n<meta property=\"article:published_time\" content=\"2024-09-11T06:02:41+00:00\" \/>\n<meta property=\"article:modified_time\" content=\"2025-06-05T16:06:02+00:00\" \/>\n<meta property=\"og:image\" content=\"https:\/\/font-mora-sainz-baranda.fra1.digitaloceanspaces.com\/wp-content\/uploads\/2024\/09\/FMSB-Tribunal-Constitucional-VTC.jpg\" \/>\n\t<meta property=\"og:image:width\" content=\"2000\" \/>\n\t<meta property=\"og:image:height\" content=\"2000\" \/>\n\t<meta property=\"og:image:type\" content=\"image\/jpeg\" \/>\n<meta name=\"author\" content=\"fmsb\" \/>\n<meta name=\"twitter:card\" content=\"summary_large_image\" \/>\n<meta name=\"twitter:creator\" content=\"@fmsb-disstint\" \/>\n<meta name=\"twitter:label1\" content=\"Verfasst von\" \/>\n\t<meta name=\"twitter:data1\" content=\"fmsb\" \/>\n\t<meta name=\"twitter:label2\" content=\"Gesch\u00e4tzte Lesezeit\" \/>\n\t<meta name=\"twitter:data2\" content=\"3\u00a0Minuten\" \/>\n<script type=\"application\/ld+json\" class=\"yoast-schema-graph\">{\"@context\":\"https:\\\/\\\/schema.org\",\"@graph\":[{\"@type\":\"Article\",\"@id\":\"https:\\\/\\\/fmsb.eu\\\/de\\\/2024\\\/09\\\/11\\\/inconstitucional-obligacion-antelacion-vtc-baleares\\\/#article\",\"isPartOf\":{\"@id\":\"https:\\\/\\\/fmsb.eu\\\/de\\\/2024\\\/09\\\/11\\\/inconstitucional-obligacion-antelacion-vtc-baleares\\\/\"},\"author\":{\"name\":\"fmsb\",\"@id\":\"https:\\\/\\\/fmsb.eu\\\/de\\\/#\\\/schema\\\/person\\\/9fba7c70814b0cd34d35d655d36a4ca2\"},\"headline\":\"El TC declara inconstitucional la obligaci\u00f3n de reservar con antelaci\u00f3n los VTC en Baleares\",\"datePublished\":\"2024-09-11T06:02:41+00:00\",\"dateModified\":\"2025-06-05T16:06:02+00:00\",\"mainEntityOfPage\":{\"@id\":\"https:\\\/\\\/fmsb.eu\\\/de\\\/2024\\\/09\\\/11\\\/inconstitucional-obligacion-antelacion-vtc-baleares\\\/\"},\"wordCount\":638,\"publisher\":{\"@id\":\"https:\\\/\\\/fmsb.eu\\\/de\\\/#organization\"},\"image\":{\"@id\":\"https:\\\/\\\/fmsb.eu\\\/de\\\/2024\\\/09\\\/11\\\/inconstitucional-obligacion-antelacion-vtc-baleares\\\/#primaryimage\"},\"thumbnailUrl\":\"http:\\\/\\\/fmsb.disstintbeta.com\\\/wp-content\\\/uploads\\\/2024\\\/09\\\/FMSB-Tribunal-Constitucional-VTC.jpg\",\"keywords\":[\"abogados\",\"articulos\",\"baleares\",\"cnmc\",\"comision nacional de los mercados y la competencia\",\"cuesti\u00f3n prejudicial\",\"derecho\",\"derecho contencioso\",\"derecho contencioso-administrativo\",\"economistas\",\"fmsb\",\"font mora sainz de baranda\",\"ibiza\",\"law\",\"lawyers\",\"ley\",\"licencias vtc\",\"mallorca\",\"menorca\",\"nulidad\",\"nulos\",\"protecci\u00f3n de datos\",\"solicitors\",\"STS\",\"transporte\",\"Tribunal Supremo\",\"uber\"],\"articleSection\":[\"actualidad\",\"blog\",\"Contencioso\",\"Derecho Administrativo\",\"Home\"],\"inLanguage\":\"de\"},{\"@type\":\"WebPage\",\"@id\":\"https:\\\/\\\/fmsb.eu\\\/de\\\/2024\\\/09\\\/11\\\/inconstitucional-obligacion-antelacion-vtc-baleares\\\/\",\"url\":\"https:\\\/\\\/fmsb.eu\\\/de\\\/2024\\\/09\\\/11\\\/inconstitucional-obligacion-antelacion-vtc-baleares\\\/\",\"name\":\"Sobre la obligaci\u00f3n de reserva previa de los VTC en Baleares...\",\"isPartOf\":{\"@id\":\"https:\\\/\\\/fmsb.eu\\\/de\\\/#website\"},\"primaryImageOfPage\":{\"@id\":\"https:\\\/\\\/fmsb.eu\\\/de\\\/2024\\\/09\\\/11\\\/inconstitucional-obligacion-antelacion-vtc-baleares\\\/#primaryimage\"},\"image\":{\"@id\":\"https:\\\/\\\/fmsb.eu\\\/de\\\/2024\\\/09\\\/11\\\/inconstitucional-obligacion-antelacion-vtc-baleares\\\/#primaryimage\"},\"thumbnailUrl\":\"http:\\\/\\\/fmsb.disstintbeta.com\\\/wp-content\\\/uploads\\\/2024\\\/09\\\/FMSB-Tribunal-Constitucional-VTC.jpg\",\"datePublished\":\"2024-09-11T06:02:41+00:00\",\"dateModified\":\"2025-06-05T16:06:02+00:00\",\"description\":\"El TC declara inconstitucional la obligaci\u00f3n en Baleares de reservar el alquiler de VTC con una antelaci\u00f3n m\u00ednima de treinta minutos\",\"breadcrumb\":{\"@id\":\"https:\\\/\\\/fmsb.eu\\\/de\\\/2024\\\/09\\\/11\\\/inconstitucional-obligacion-antelacion-vtc-baleares\\\/#breadcrumb\"},\"inLanguage\":\"de\",\"potentialAction\":[{\"@type\":\"ReadAction\",\"target\":[\"https:\\\/\\\/fmsb.eu\\\/de\\\/2024\\\/09\\\/11\\\/inconstitucional-obligacion-antelacion-vtc-baleares\\\/\"]}]},{\"@type\":\"ImageObject\",\"inLanguage\":\"de\",\"@id\":\"https:\\\/\\\/fmsb.eu\\\/de\\\/2024\\\/09\\\/11\\\/inconstitucional-obligacion-antelacion-vtc-baleares\\\/#primaryimage\",\"url\":\"http:\\\/\\\/fmsb.disstintbeta.com\\\/wp-content\\\/uploads\\\/2024\\\/09\\\/FMSB-Tribunal-Constitucional-VTC.jpg\",\"contentUrl\":\"http:\\\/\\\/fmsb.disstintbeta.com\\\/wp-content\\\/uploads\\\/2024\\\/09\\\/FMSB-Tribunal-Constitucional-VTC.jpg\"},{\"@type\":\"BreadcrumbList\",\"@id\":\"https:\\\/\\\/fmsb.eu\\\/de\\\/2024\\\/09\\\/11\\\/inconstitucional-obligacion-antelacion-vtc-baleares\\\/#breadcrumb\",\"itemListElement\":[{\"@type\":\"ListItem\",\"position\":1,\"name\":\"Portada\",\"item\":\"https:\\\/\\\/fmsb.eu\\\/de\\\/\"},{\"@type\":\"ListItem\",\"position\":2,\"name\":\"El TC declara inconstitucional la obligaci\u00f3n de reservar con antelaci\u00f3n los VTC en Baleares\"}]},{\"@type\":\"WebSite\",\"@id\":\"https:\\\/\\\/fmsb.eu\\\/de\\\/#website\",\"url\":\"https:\\\/\\\/fmsb.eu\\\/de\\\/\",\"name\":\"FMSB Abogados y Economistas en Baleares\",\"description\":\"\",\"publisher\":{\"@id\":\"https:\\\/\\\/fmsb.eu\\\/de\\\/#organization\"},\"potentialAction\":[{\"@type\":\"SearchAction\",\"target\":{\"@type\":\"EntryPoint\",\"urlTemplate\":\"https:\\\/\\\/fmsb.eu\\\/de\\\/?s={search_term_string}\"},\"query-input\":{\"@type\":\"PropertyValueSpecification\",\"valueRequired\":true,\"valueName\":\"search_term_string\"}}],\"inLanguage\":\"de\"},{\"@type\":\"Organization\",\"@id\":\"https:\\\/\\\/fmsb.eu\\\/de\\\/#organization\",\"name\":\"FMSB Abogados y Economistas en Baleares\",\"url\":\"https:\\\/\\\/fmsb.eu\\\/de\\\/\",\"logo\":{\"@type\":\"ImageObject\",\"inLanguage\":\"de\",\"@id\":\"https:\\\/\\\/fmsb.eu\\\/de\\\/#\\\/schema\\\/logo\\\/image\\\/\",\"url\":\"https:\\\/\\\/fmsb.eu\\\/wp-content\\\/uploads\\\/2025\\\/02\\\/logo.svg\",\"contentUrl\":\"https:\\\/\\\/fmsb.eu\\\/wp-content\\\/uploads\\\/2025\\\/02\\\/logo.svg\",\"width\":154,\"height\":52,\"caption\":\"FMSB Abogados y Economistas en Baleares\"},\"image\":{\"@id\":\"https:\\\/\\\/fmsb.eu\\\/de\\\/#\\\/schema\\\/logo\\\/image\\\/\"}},{\"@type\":\"Person\",\"@id\":\"https:\\\/\\\/fmsb.eu\\\/de\\\/#\\\/schema\\\/person\\\/9fba7c70814b0cd34d35d655d36a4ca2\",\"name\":\"fmsb\",\"image\":{\"@type\":\"ImageObject\",\"inLanguage\":\"de\",\"@id\":\"https:\\\/\\\/secure.gravatar.com\\\/avatar\\\/426f4d5b0ebcace85460caf87cdaaa193694b611e990615d87a13f322fb7ee7f?s=96&d=mm&r=g\",\"url\":\"https:\\\/\\\/secure.gravatar.com\\\/avatar\\\/426f4d5b0ebcace85460caf87cdaaa193694b611e990615d87a13f322fb7ee7f?s=96&d=mm&r=g\",\"contentUrl\":\"https:\\\/\\\/secure.gravatar.com\\\/avatar\\\/426f4d5b0ebcace85460caf87cdaaa193694b611e990615d87a13f322fb7ee7f?s=96&d=mm&r=g\",\"caption\":\"fmsb\"},\"sameAs\":[\"https:\\\/\\\/x.com\\\/fmsb-disstint\"],\"url\":\"https:\\\/\\\/fmsb.eu\\\/de\\\/author\\\/fmsb\\\/\"}]}<\/script>\n<!-- \/ Yoast SEO plugin. -->","yoast_head_json":{"title":"Sobre la obligaci\u00f3n de reserva previa de los VTC en Baleares...","description":"El TC declara inconstitucional la obligaci\u00f3n en Baleares de reservar el alquiler de VTC con una antelaci\u00f3n m\u00ednima de treinta minutos","robots":{"index":"index","follow":"follow","max-snippet":"max-snippet:-1","max-image-preview":"max-image-preview:large","max-video-preview":"max-video-preview:-1"},"canonical":"https:\/\/fmsb.eu\/de\/2024\/09\/11\/inconstitucional-obligacion-antelacion-vtc-baleares\/","og_locale":"de_DE","og_type":"article","og_title":"Sobre la obligaci\u00f3n de reserva previa de los VTC en Baleares...","og_description":"El TC declara inconstitucional la obligaci\u00f3n en Baleares de reservar el alquiler de VTC con una antelaci\u00f3n m\u00ednima de treinta minutos","og_url":"https:\/\/fmsb.eu\/de\/2024\/09\/11\/inconstitucional-obligacion-antelacion-vtc-baleares\/","og_site_name":"FMSB Abogados y Economistas en Baleares","article_published_time":"2024-09-11T06:02:41+00:00","article_modified_time":"2025-06-05T16:06:02+00:00","og_image":[{"width":2000,"height":2000,"url":"https:\/\/font-mora-sainz-baranda.fra1.digitaloceanspaces.com\/wp-content\/uploads\/2024\/09\/FMSB-Tribunal-Constitucional-VTC.jpg","type":"image\/jpeg"}],"author":"fmsb","twitter_card":"summary_large_image","twitter_creator":"@fmsb-disstint","twitter_misc":{"Verfasst von":"fmsb","Gesch\u00e4tzte Lesezeit":"3\u00a0Minuten"},"schema":{"@context":"https:\/\/schema.org","@graph":[{"@type":"Article","@id":"https:\/\/fmsb.eu\/de\/2024\/09\/11\/inconstitucional-obligacion-antelacion-vtc-baleares\/#article","isPartOf":{"@id":"https:\/\/fmsb.eu\/de\/2024\/09\/11\/inconstitucional-obligacion-antelacion-vtc-baleares\/"},"author":{"name":"fmsb","@id":"https:\/\/fmsb.eu\/de\/#\/schema\/person\/9fba7c70814b0cd34d35d655d36a4ca2"},"headline":"El TC declara inconstitucional la obligaci\u00f3n de reservar con antelaci\u00f3n los VTC en Baleares","datePublished":"2024-09-11T06:02:41+00:00","dateModified":"2025-06-05T16:06:02+00:00","mainEntityOfPage":{"@id":"https:\/\/fmsb.eu\/de\/2024\/09\/11\/inconstitucional-obligacion-antelacion-vtc-baleares\/"},"wordCount":638,"publisher":{"@id":"https:\/\/fmsb.eu\/de\/#organization"},"image":{"@id":"https:\/\/fmsb.eu\/de\/2024\/09\/11\/inconstitucional-obligacion-antelacion-vtc-baleares\/#primaryimage"},"thumbnailUrl":"http:\/\/fmsb.disstintbeta.com\/wp-content\/uploads\/2024\/09\/FMSB-Tribunal-Constitucional-VTC.jpg","keywords":["abogados","articulos","baleares","cnmc","comision nacional de los mercados y la competencia","cuesti\u00f3n prejudicial","derecho","derecho contencioso","derecho contencioso-administrativo","economistas","fmsb","font mora sainz de baranda","ibiza","law","lawyers","ley","licencias vtc","mallorca","menorca","nulidad","nulos","protecci\u00f3n de datos","solicitors","STS","transporte","Tribunal Supremo","uber"],"articleSection":["actualidad","blog","Contencioso","Derecho Administrativo","Home"],"inLanguage":"de"},{"@type":"WebPage","@id":"https:\/\/fmsb.eu\/de\/2024\/09\/11\/inconstitucional-obligacion-antelacion-vtc-baleares\/","url":"https:\/\/fmsb.eu\/de\/2024\/09\/11\/inconstitucional-obligacion-antelacion-vtc-baleares\/","name":"Sobre la obligaci\u00f3n de reserva previa de los VTC en Baleares...","isPartOf":{"@id":"https:\/\/fmsb.eu\/de\/#website"},"primaryImageOfPage":{"@id":"https:\/\/fmsb.eu\/de\/2024\/09\/11\/inconstitucional-obligacion-antelacion-vtc-baleares\/#primaryimage"},"image":{"@id":"https:\/\/fmsb.eu\/de\/2024\/09\/11\/inconstitucional-obligacion-antelacion-vtc-baleares\/#primaryimage"},"thumbnailUrl":"http:\/\/fmsb.disstintbeta.com\/wp-content\/uploads\/2024\/09\/FMSB-Tribunal-Constitucional-VTC.jpg","datePublished":"2024-09-11T06:02:41+00:00","dateModified":"2025-06-05T16:06:02+00:00","description":"El TC declara inconstitucional la obligaci\u00f3n en Baleares de reservar el alquiler de VTC con una antelaci\u00f3n m\u00ednima de treinta minutos","breadcrumb":{"@id":"https:\/\/fmsb.eu\/de\/2024\/09\/11\/inconstitucional-obligacion-antelacion-vtc-baleares\/#breadcrumb"},"inLanguage":"de","potentialAction":[{"@type":"ReadAction","target":["https:\/\/fmsb.eu\/de\/2024\/09\/11\/inconstitucional-obligacion-antelacion-vtc-baleares\/"]}]},{"@type":"ImageObject","inLanguage":"de","@id":"https:\/\/fmsb.eu\/de\/2024\/09\/11\/inconstitucional-obligacion-antelacion-vtc-baleares\/#primaryimage","url":"http:\/\/fmsb.disstintbeta.com\/wp-content\/uploads\/2024\/09\/FMSB-Tribunal-Constitucional-VTC.jpg","contentUrl":"http:\/\/fmsb.disstintbeta.com\/wp-content\/uploads\/2024\/09\/FMSB-Tribunal-Constitucional-VTC.jpg"},{"@type":"BreadcrumbList","@id":"https:\/\/fmsb.eu\/de\/2024\/09\/11\/inconstitucional-obligacion-antelacion-vtc-baleares\/#breadcrumb","itemListElement":[{"@type":"ListItem","position":1,"name":"Portada","item":"https:\/\/fmsb.eu\/de\/"},{"@type":"ListItem","position":2,"name":"El TC declara inconstitucional la obligaci\u00f3n de reservar con antelaci\u00f3n los VTC en Baleares"}]},{"@type":"WebSite","@id":"https:\/\/fmsb.eu\/de\/#website","url":"https:\/\/fmsb.eu\/de\/","name":"FMSB Abogados y Economistas en Baleares","description":"","publisher":{"@id":"https:\/\/fmsb.eu\/de\/#organization"},"potentialAction":[{"@type":"SearchAction","target":{"@type":"EntryPoint","urlTemplate":"https:\/\/fmsb.eu\/de\/?s={search_term_string}"},"query-input":{"@type":"PropertyValueSpecification","valueRequired":true,"valueName":"search_term_string"}}],"inLanguage":"de"},{"@type":"Organization","@id":"https:\/\/fmsb.eu\/de\/#organization","name":"FMSB Abogados y Economistas en Baleares","url":"https:\/\/fmsb.eu\/de\/","logo":{"@type":"ImageObject","inLanguage":"de","@id":"https:\/\/fmsb.eu\/de\/#\/schema\/logo\/image\/","url":"https:\/\/fmsb.eu\/wp-content\/uploads\/2025\/02\/logo.svg","contentUrl":"https:\/\/fmsb.eu\/wp-content\/uploads\/2025\/02\/logo.svg","width":154,"height":52,"caption":"FMSB Abogados y Economistas en Baleares"},"image":{"@id":"https:\/\/fmsb.eu\/de\/#\/schema\/logo\/image\/"}},{"@type":"Person","@id":"https:\/\/fmsb.eu\/de\/#\/schema\/person\/9fba7c70814b0cd34d35d655d36a4ca2","name":"fmsb","image":{"@type":"ImageObject","inLanguage":"de","@id":"https:\/\/secure.gravatar.com\/avatar\/426f4d5b0ebcace85460caf87cdaaa193694b611e990615d87a13f322fb7ee7f?s=96&d=mm&r=g","url":"https:\/\/secure.gravatar.com\/avatar\/426f4d5b0ebcace85460caf87cdaaa193694b611e990615d87a13f322fb7ee7f?s=96&d=mm&r=g","contentUrl":"https:\/\/secure.gravatar.com\/avatar\/426f4d5b0ebcace85460caf87cdaaa193694b611e990615d87a13f322fb7ee7f?s=96&d=mm&r=g","caption":"fmsb"},"sameAs":["https:\/\/x.com\/fmsb-disstint"],"url":"https:\/\/fmsb.eu\/de\/author\/fmsb\/"}]}},"_links":{"self":[{"href":"https:\/\/fmsb.eu\/de\/wp-json\/wp\/v2\/posts\/10907","targetHints":{"allow":["GET"]}}],"collection":[{"href":"https:\/\/fmsb.eu\/de\/wp-json\/wp\/v2\/posts"}],"about":[{"href":"https:\/\/fmsb.eu\/de\/wp-json\/wp\/v2\/types\/post"}],"author":[{"embeddable":true,"href":"https:\/\/fmsb.eu\/de\/wp-json\/wp\/v2\/users\/2"}],"replies":[{"embeddable":true,"href":"https:\/\/fmsb.eu\/de\/wp-json\/wp\/v2\/comments?post=10907"}],"version-history":[{"count":1,"href":"https:\/\/fmsb.eu\/de\/wp-json\/wp\/v2\/posts\/10907\/revisions"}],"predecessor-version":[{"id":10927,"href":"https:\/\/fmsb.eu\/de\/wp-json\/wp\/v2\/posts\/10907\/revisions\/10927"}],"wp:attachment":[{"href":"https:\/\/fmsb.eu\/de\/wp-json\/wp\/v2\/media?parent=10907"}],"wp:term":[{"taxonomy":"category","embeddable":true,"href":"https:\/\/fmsb.eu\/de\/wp-json\/wp\/v2\/categories?post=10907"},{"taxonomy":"post_tag","embeddable":true,"href":"https:\/\/fmsb.eu\/de\/wp-json\/wp\/v2\/tags?post=10907"}],"curies":[{"name":"wp","href":"https:\/\/api.w.org\/{rel}","templated":true}]}}