{"id":11009,"date":"2024-02-27T12:35:35","date_gmt":"2024-02-27T11:35:35","guid":{"rendered":"http:\/\/fmsb.disstintbeta.com\/2024\/02\/27\/ts-iva-cesion-de-vehiculo-de-empresa-renting-iva-deducido\/"},"modified":"2024-02-27T12:35:35","modified_gmt":"2024-02-27T11:35:35","slug":"ts-iva-cesion-de-vehiculo-de-empresa-renting-iva-deducido","status":"publish","type":"post","link":"https:\/\/fmsb.eu\/de\/2024\/02\/27\/ts-iva-cesion-de-vehiculo-de-empresa-renting-iva-deducido\/","title":{"rendered":"El TS fija criterio sobre sujeci\u00f3n a IVA en casos de cesi\u00f3n de un veh\u00edculo de empresa a un empleado, si ha sido adquirido mediante renting y la empresa se ha deducido parte del IVA del mismo"},"content":{"rendered":"<h1><a href=\"http:\/\/fmsb.disstintbeta.com\/wp-content\/uploads\/2024\/02\/FMSB-El-TS-fija-criterio-en-la-cesion-a-un-empleado-de-un-vehiculo-adquirido-por-la-empresa-por-renting-y-por-el-que-se-ha-deducido-parte-del-IVA.jpg\"><img fetchpriority=\"high\" decoding=\"async\" class=\"alignnone wp-image-7660\" src=\"http:\/\/fmsb.disstintbeta.com\/wp-content\/uploads\/2024\/02\/FMSB-El-TS-fija-criterio-en-la-cesion-a-un-empleado-de-un-vehiculo-adquirido-por-la-empresa-por-renting-y-por-el-que-se-ha-deducido-parte-del-IVA.jpg\" alt=\"\" width=\"800\" height=\"800\" srcset=\"https:\/\/font-mora-sainz-baranda.fra1.digitaloceanspaces.com\/wp-content\/uploads\/2024\/02\/FMSB-El-TS-fija-criterio-en-la-cesion-a-un-empleado-de-un-vehiculo-adquirido-por-la-empresa-por-renting-y-por-el-que-se-ha-deducido-parte-del-IVA.jpg 2000w, https:\/\/font-mora-sainz-baranda.fra1.digitaloceanspaces.com\/wp-content\/uploads\/2024\/02\/FMSB-El-TS-fija-criterio-en-la-cesion-a-un-empleado-de-un-vehiculo-adquirido-por-la-empresa-por-renting-y-por-el-que-se-ha-deducido-parte-del-IVA-300x300.jpg 300w, https:\/\/font-mora-sainz-baranda.fra1.digitaloceanspaces.com\/wp-content\/uploads\/2024\/02\/FMSB-El-TS-fija-criterio-en-la-cesion-a-un-empleado-de-un-vehiculo-adquirido-por-la-empresa-por-renting-y-por-el-que-se-ha-deducido-parte-del-IVA-1024x1024.jpg 1024w, https:\/\/font-mora-sainz-baranda.fra1.digitaloceanspaces.com\/wp-content\/uploads\/2024\/02\/FMSB-El-TS-fija-criterio-en-la-cesion-a-un-empleado-de-un-vehiculo-adquirido-por-la-empresa-por-renting-y-por-el-que-se-ha-deducido-parte-del-IVA-150x150.jpg 150w, https:\/\/font-mora-sainz-baranda.fra1.digitaloceanspaces.com\/wp-content\/uploads\/2024\/02\/FMSB-El-TS-fija-criterio-en-la-cesion-a-un-empleado-de-un-vehiculo-adquirido-por-la-empresa-por-renting-y-por-el-que-se-ha-deducido-parte-del-IVA-768x768.jpg 768w, https:\/\/font-mora-sainz-baranda.fra1.digitaloceanspaces.com\/wp-content\/uploads\/2024\/02\/FMSB-El-TS-fija-criterio-en-la-cesion-a-un-empleado-de-un-vehiculo-adquirido-por-la-empresa-por-renting-y-por-el-que-se-ha-deducido-parte-del-IVA-1536x1536.jpg 1536w\" sizes=\"(max-width: 800px) 100vw, 800px\" \/><\/a><\/h1>\n<h1><span style=\"color: #4546ff;\"><strong><span class=\"OYPEnA text-decoration-none text-strikethrough-none\">El TS fija criterio sobre sujeci\u00f3n a IVA en casos de <\/span><span class=\"OYPEnA text-decoration-none text-strikethrough-none\">cesi\u00f3n de un veh\u00edculo <\/span><span class=\"OYPEnA text-decoration-none text-strikethrough-none\">de empresa a un empleado, si ha sido adquirido mediante renting y la empresa <span style=\"color: #4546ff;\">se<\/span> ha <span style=\"color: #4546ff;\">deducido<\/span> parte del IVA del mismo<\/span><\/strong><\/span><\/h1>\n<div class=\"flex flex-grow flex-col max-w-full\">\n<div class=\"min-h-[20px] text-message flex flex-col items-start gap-3 whitespace-pre-wrap break-words [.text-message+&amp;]:mt-5 overflow-x-auto\" data-message-author-role=\"assistant\" data-message-id=\"6cf00476-dd2b-4027-bef1-a2a0d3b53dfd\">\n<div class=\"markdown prose w-full break-words dark:prose-invert dark\">\n<p>El Tribunal Supremo (TS) ha emitido un fallo que establece <strong>criterios fundamentales <\/strong>sobre la <strong>sujeci\u00f3n al Impuesto sobre el Valor A\u00f1adido (IVA) <\/strong>en el contexto de la<strong> cesi\u00f3n de veh\u00edculos a empleados por parte de una empresa que previamente se hab\u00eda beneficiado de la deducci\u00f3n parcial del IVA al adquirir el veh\u00edculo a trav\u00e9s de un contrato de &#8222;renting&#8220;<\/strong>. La referida sentencia, la <a href=\"http:\/\/fmsb.disstintbeta.com\/wp-content\/uploads\/2024\/02\/STS_538_2024.pdf\">STS 131\/2024, de 29 de enero<\/a>, aborda la compleja cuesti\u00f3n de la sujeci\u00f3n al IVA de la cesi\u00f3n de veh\u00edculos destinados a actividades empresariales a empleados para su uso personal, sin que exista contraprestaci\u00f3n econ\u00f3mica ni renuncia a parte de la retribuci\u00f3n o beneficios adicionales.<\/p>\n<h2><strong><span style=\"color: #4546ff;\">El TS basa su decisi\u00f3n en una STJUE<\/span><\/strong><\/h2>\n<p>El TS basa su argumentaci\u00f3n en la sentencia del Tribunal de Justicia de la Uni\u00f3n Europea n.\u00ba <a href=\"http:\/\/fmsb.disstintbeta.com\/wp-content\/uploads\/2024\/02\/CURIA-Documentos-C-288-19.pdf\">C-288\/19, de 20 de enero de 2021<\/a>, as\u00ed como en las resoluciones posteriores del <a href=\"https:\/\/serviciostelematicosext.hacienda.gob.es\/TEAC\/DYCTEA\/criterio.aspx?id=00\/03161\/2019\/00\/0\/1&amp;q=s%3D1%26rn%3D%26ra%3D%26fd%3D%26fh%3D%26u%3D%26n%3D%26p%3D%26c1%3D%26c2%3D%26c3%3D%26tc%3D%26tr%3D%26tp%3D%26tf%3D%26c%3D%26pg%3D\">Tribunal Econ\u00f3mico-Administrativo Central, n.\u00ba 3161\/2019 de 22 de febrero de 2022<\/a> y <a href=\"https:\/\/serviciostelematicosext.hacienda.gob.es\/TEAC\/DYCTEA\/criterio.aspx?id=00\/04916\/2019\/00\/0\/1&amp;q=s%3D1%26rn%3D%26ra%3D%26fd%3D%26fh%3D%26u%3D%26n%3D%26p%3D%26c1%3D%26c2%3D%26c3%3D%26tc%3D%26tr%3D%26tp%3D%26tf%3D%26c%3D%26pg%3D\">n.\u00ba 4916\/2019 de 22 de marzo de 2022<\/a>. Estas \u00faltimas marcaron un cambio de criterio significativo en esta materia, siguiendo las directrices establecidas por el TJUE.<\/p>\n<h2><strong><span style=\"color: #4546ff;\">Las consideraciones del TS<\/span><\/strong><\/h2>\n<p>Seg\u00fan la sentencia, para calificar las prestaciones realizadas por un empresario o profesional a favor de sus empleados como onerosas, a efectos de su sujeci\u00f3n al IVA, se deben considerar varios criterios:<\/p>\n<ul>\n<li>Aplicaci\u00f3n de los criterios generales del TJUE, que establecen que una operaci\u00f3n solo se considera onerosa si existe una relaci\u00f3n directa entre la entrega del bien o la prestaci\u00f3n del servicio y la contraprestaci\u00f3n recibida.<\/li>\n<li>La contraprestaci\u00f3n debe tener un valor subjetivo, es decir, debe ser expresable en t\u00e9rminos monetarios.<\/li>\n<li>No se considera una operaci\u00f3n onerosa simplemente porque, para efectos del Impuesto sobre la Renta de las Personas F\u00edsicas (IRPF), dicha operaci\u00f3n sea clasificada como una retribuci\u00f3n en especie.<\/li>\n<\/ul>\n<h2><strong><span style=\"color: #4546ff;\">El nuevo y clarificador criterio interpretativo<\/span><\/strong><\/h2>\n<p>La sentencia subraya que la entrega gratuita de bienes o servicios a empleados por parte de un empleador no se considerar\u00e1 onerosa si no hay un pago directo, una deducci\u00f3n de la retribuci\u00f3n del empleado, o una conexi\u00f3n con otras ventajas. En el caso concreto analizado, donde la empresa adquiri\u00f3 veh\u00edculos mediante un contrato de &#8222;renting&#8220; y los cedi\u00f3 a empleados sin que estos realizaran ning\u00fan pago ni renunciaran a parte de su retribuci\u00f3n, la sentencia concluye que la cesi\u00f3n no est\u00e1 sujeta al IVA.<\/p>\n<p>En consecuencia, se establece como criterio interpretativo que la cesi\u00f3n gratuita de un veh\u00edculo afecto a la actividad empresarial a un empleado para su uso personal, sin contraprestaci\u00f3n econ\u00f3mica ni renuncia a parte de la retribuci\u00f3n, no est\u00e1 sujeta al IVA, incluso si la empresa se benefici\u00f3 de la deducci\u00f3n del IVA al adquirir el veh\u00edculo mediante &#8222;renting&#8220;. La sentencia concluye que no es procedente imputar el IVA a los trabajadores en este caso, ya que no se ha demostrado una contraprestaci\u00f3n econ\u00f3mica por parte de los empleados. Este dictamen proporciona claridad y orientaci\u00f3n en un \u00e1mbito fiscal complejo y en constante evoluci\u00f3n.<\/p>\n<\/div>\n<\/div>\n<\/div>\n<p>Puede descargar la <a href=\"http:\/\/fmsb.disstintbeta.com\/wp-content\/uploads\/2024\/02\/STS_538_2024.pdf\">sentencia<\/a> referida a trav\u00e9s de este <a href=\"http:\/\/fmsb.disstintbeta.com\/wp-content\/uploads\/2024\/02\/STS_538_2024.pdf\"><strong><span style=\"color: #4546ff;\">enlace<\/span><\/strong><\/a>.<\/p>\n<h2><span style=\"color: #4546ff;\"><strong>\u00bfTienes cualquier duda en el \u00e1mbito tributario? En FMSB podemos ayudarte<\/strong><\/span><\/h2>\n<p>Recuerda que en <a href=\"http:\/\/www.fmsb.eu\/\"><strong><span style=\"color: #2a40a8;\"><span style=\"color: #4546ff;\">Font Mora Sainz de Baranda<\/span><\/span><\/strong><span style=\"color: #4546ff;\">\u00a0\u2013<em>abogados y economistas<\/em>\u2013<\/span><\/a><span style=\"color: #2a40a8;\">\u00a0<\/span>somos expertos en Derecho\u00a0<span style=\"color: #4546ff;\"><a style=\"color: #4546ff;\" href=\"https:\/\/www.fmsb.eu\/?s=fiscal\">fiscal<\/a> <\/span>y <a href=\"https:\/\/www.fmsb.eu\/?s=tributario\"><span style=\"color: #4546ff;\">tributario<\/span><\/a> y podemos ofrecerte asesoramiento personalizado para tu concreto caso. Adem\u00e1s, si es preciso, te ayudaremos a proteger tus derechos en caso de que precises defender tus intereses frente a Hacienda, cualquier \u00f3rgano de la administraci\u00f3n tributaria, as\u00ed como en los tribunales.<\/p>\n<p>Adem\u00e1s, si te interesa este tema, puedes leer otras entradas de nuestro blog realizando una b\u00fasqueda por palabras clave en la ventana correspondiente.<\/p>\n<hr \/>\n<p><span style=\"color: #999999;\">#fmsb #abogados #economistas #derecho #fiscal #tributario #impuestos #IVA #cesi\u00f3ndeveh\u00edculo #criterio #sujeci\u00f3n #baleares #palma #inca #manacor #elarenal #portdandratx #elarenal #mallorca #menorca #ibiza #law #lawyers #solicitors<br \/>\n<\/span><\/p>\n","protected":false},"excerpt":{"rendered":"<p>El TS fija criterio sobre sujeci\u00f3n a IVA en casos de cesi\u00f3n de un veh\u00edculo de empresa a un empleado, si ha sido adquirido mediante renting y la empresa se ha deducido parte del IVA del mismo El Tribunal Supremo (TS) ha emitido un fallo que establece criterios fundamentales sobre la sujeci\u00f3n al Impuesto sobre [&hellip;]<\/p>\n","protected":false},"author":2,"featured_media":10379,"comment_status":"closed","ping_status":"open","sticky":false,"template":"","format":"standard","meta":{"footnotes":""},"categories":[2198,2199,2309,2202,2805],"tags":[2206,2665,2208,3227,3230,2682,2218,2219,3232,2223,2224,2225,2329,2330,2918,2228,2229,2231,2232,2234,3235,2345,2236,2240,2243,2361,2362,2363],"class_list":["post-11009","post","type-post","status-publish","format-standard","has-post-thumbnail","hentry","category-actualidad-de","category-blog-de","category-derecho-fiscal-de","category-home-de","category-impuestos-de","tag-abogados-de","tag-aeat-de","tag-baleares-de","tag-consulta-vinculante-de","tag-devolucion-de-iva-de","tag-direccion-general-de-tributos-de","tag-economistas-de","tag-el-arenal-de","tag-facturas-impagadas-de","tag-fmsb-de","tag-font-mora-sainz-de-baranda-de","tag-ibiza-de","tag-impuesto-de-sucesiones-de","tag-impuestos-de","tag-inca-de","tag-law-de","tag-lawyers-de","tag-mallorca-de","tag-manacor-de","tag-menorca-de","tag-ministerio-de-hacienda-de","tag-palma-de","tag-port-dandratx-de","tag-puerto-de-andratx-de","tag-solicitors-de","tag-sucesiones-y-donaciones-de","tag-tributacion-de","tag-tributos-de"],"yoast_head":"<!-- This site is optimized with the Yoast SEO plugin v27.3 - https:\/\/yoast.com\/product\/yoast-seo-wordpress\/ -->\n<title>El TS fija criterio sobre sujeci\u00f3n a IVA en casos de cesi\u00f3n de un veh\u00edculo de empresa a un empleado, si ha sido adquirido mediante renting y la empresa se ha deducido parte del IVA del mismo - FMSB Abogados y Economistas en Baleares<\/title>\n<meta name=\"description\" content=\"El TS fija criterio para la cesi\u00f3n de veh\u00edculo de empresa, adquirido mediante renting y la empresa se ha deducido IVA, a un empleado\" \/>\n<meta name=\"robots\" content=\"index, follow, max-snippet:-1, max-image-preview:large, max-video-preview:-1\" \/>\n<link rel=\"canonical\" href=\"https:\/\/fmsb.eu\/de\/2024\/02\/27\/ts-iva-cesion-de-vehiculo-de-empresa-renting-iva-deducido\/\" \/>\n<meta property=\"og:locale\" content=\"de_DE\" \/>\n<meta property=\"og:type\" content=\"article\" \/>\n<meta property=\"og:title\" content=\"El TS fija criterio sobre sujeci\u00f3n a IVA en casos de cesi\u00f3n de un veh\u00edculo de empresa a un empleado, si ha sido adquirido mediante renting y la empresa se ha deducido parte del IVA del mismo - FMSB Abogados y Economistas en Baleares\" \/>\n<meta property=\"og:description\" content=\"El TS fija criterio para la cesi\u00f3n de veh\u00edculo de empresa, adquirido mediante renting y la empresa se ha deducido IVA, a un empleado\" \/>\n<meta property=\"og:url\" content=\"https:\/\/fmsb.eu\/de\/2024\/02\/27\/ts-iva-cesion-de-vehiculo-de-empresa-renting-iva-deducido\/\" \/>\n<meta property=\"og:site_name\" content=\"FMSB Abogados y Economistas en Baleares\" \/>\n<meta property=\"article:published_time\" content=\"2024-02-27T11:35:35+00:00\" \/>\n<meta property=\"og:image\" content=\"https:\/\/fmsb.eu\/wp-content\/uploads\/2024\/02\/FMSB-El-TS-fija-criterio-en-la-cesion-a-un-empleado-de-un-vehiculo-adquirido-por-la-empresa-por-renting-y-por-el-que-se-ha-deducido-parte-del-IVA-1024x1024.jpg\" \/>\n\t<meta property=\"og:image:width\" content=\"1024\" \/>\n\t<meta property=\"og:image:height\" content=\"1024\" \/>\n\t<meta property=\"og:image:type\" content=\"image\/jpeg\" \/>\n<meta name=\"author\" content=\"fmsb\" \/>\n<meta name=\"twitter:card\" content=\"summary_large_image\" \/>\n<meta name=\"twitter:creator\" content=\"@fmsb-disstint\" \/>\n<meta name=\"twitter:label1\" content=\"Verfasst von\" \/>\n\t<meta name=\"twitter:data1\" content=\"fmsb\" \/>\n\t<meta name=\"twitter:label2\" content=\"Gesch\u00e4tzte Lesezeit\" \/>\n\t<meta name=\"twitter:data2\" content=\"4\u00a0Minuten\" \/>\n<script type=\"application\/ld+json\" class=\"yoast-schema-graph\">{\"@context\":\"https:\\\/\\\/schema.org\",\"@graph\":[{\"@type\":\"Article\",\"@id\":\"https:\\\/\\\/fmsb.eu\\\/de\\\/2024\\\/02\\\/27\\\/ts-iva-cesion-de-vehiculo-de-empresa-renting-iva-deducido\\\/#article\",\"isPartOf\":{\"@id\":\"https:\\\/\\\/fmsb.eu\\\/de\\\/2024\\\/02\\\/27\\\/ts-iva-cesion-de-vehiculo-de-empresa-renting-iva-deducido\\\/\"},\"author\":{\"name\":\"fmsb\",\"@id\":\"https:\\\/\\\/fmsb.eu\\\/de\\\/#\\\/schema\\\/person\\\/9fba7c70814b0cd34d35d655d36a4ca2\"},\"headline\":\"El TS fija criterio sobre sujeci\u00f3n a IVA en casos de cesi\u00f3n de un veh\u00edculo de empresa a un empleado, si ha sido adquirido mediante renting y la empresa se ha deducido parte del IVA del mismo\",\"datePublished\":\"2024-02-27T11:35:35+00:00\",\"mainEntityOfPage\":{\"@id\":\"https:\\\/\\\/fmsb.eu\\\/de\\\/2024\\\/02\\\/27\\\/ts-iva-cesion-de-vehiculo-de-empresa-renting-iva-deducido\\\/\"},\"wordCount\":749,\"publisher\":{\"@id\":\"https:\\\/\\\/fmsb.eu\\\/de\\\/#organization\"},\"image\":{\"@id\":\"https:\\\/\\\/fmsb.eu\\\/de\\\/2024\\\/02\\\/27\\\/ts-iva-cesion-de-vehiculo-de-empresa-renting-iva-deducido\\\/#primaryimage\"},\"thumbnailUrl\":\"https:\\\/\\\/fmsb.eu\\\/wp-content\\\/uploads\\\/2024\\\/02\\\/FMSB-El-TS-fija-criterio-en-la-cesion-a-un-empleado-de-un-vehiculo-adquirido-por-la-empresa-por-renting-y-por-el-que-se-ha-deducido-parte-del-IVA.jpg\",\"keywords\":[\"abogados\",\"aeat\",\"baleares\",\"consulta vinculante\",\"devoluci\u00f3n de IVA\",\"direcci\u00f3n general de tributos\",\"economistas\",\"el arenal\",\"facturas impagadas\",\"fmsb\",\"font mora sainz de baranda\",\"ibiza\",\"impuesto de sucesiones\",\"impuestos\",\"inca\",\"law\",\"lawyers\",\"mallorca\",\"Manacor\",\"menorca\",\"ministerio de hacienda\",\"Palma\",\"port d&#8217;andratx\",\"puerto de andratx\",\"solicitors\",\"sucesiones y donaciones\",\"tributaci\u00f3n\",\"tributos\"],\"articleSection\":[\"actualidad\",\"blog\",\"Derecho Fiscal\",\"Home\",\"impuestos\"],\"inLanguage\":\"de\"},{\"@type\":\"WebPage\",\"@id\":\"https:\\\/\\\/fmsb.eu\\\/de\\\/2024\\\/02\\\/27\\\/ts-iva-cesion-de-vehiculo-de-empresa-renting-iva-deducido\\\/\",\"url\":\"https:\\\/\\\/fmsb.eu\\\/de\\\/2024\\\/02\\\/27\\\/ts-iva-cesion-de-vehiculo-de-empresa-renting-iva-deducido\\\/\",\"name\":\"El TS fija criterio sobre sujeci\u00f3n a IVA en casos de cesi\u00f3n de un veh\u00edculo de empresa a un empleado, si ha sido adquirido mediante renting y la empresa se ha deducido parte del IVA del mismo - FMSB Abogados y Economistas en Baleares\",\"isPartOf\":{\"@id\":\"https:\\\/\\\/fmsb.eu\\\/de\\\/#website\"},\"primaryImageOfPage\":{\"@id\":\"https:\\\/\\\/fmsb.eu\\\/de\\\/2024\\\/02\\\/27\\\/ts-iva-cesion-de-vehiculo-de-empresa-renting-iva-deducido\\\/#primaryimage\"},\"image\":{\"@id\":\"https:\\\/\\\/fmsb.eu\\\/de\\\/2024\\\/02\\\/27\\\/ts-iva-cesion-de-vehiculo-de-empresa-renting-iva-deducido\\\/#primaryimage\"},\"thumbnailUrl\":\"https:\\\/\\\/fmsb.eu\\\/wp-content\\\/uploads\\\/2024\\\/02\\\/FMSB-El-TS-fija-criterio-en-la-cesion-a-un-empleado-de-un-vehiculo-adquirido-por-la-empresa-por-renting-y-por-el-que-se-ha-deducido-parte-del-IVA.jpg\",\"datePublished\":\"2024-02-27T11:35:35+00:00\",\"description\":\"El TS fija criterio para la cesi\u00f3n de veh\u00edculo de empresa, adquirido mediante renting y la empresa se ha deducido IVA, a un empleado\",\"breadcrumb\":{\"@id\":\"https:\\\/\\\/fmsb.eu\\\/de\\\/2024\\\/02\\\/27\\\/ts-iva-cesion-de-vehiculo-de-empresa-renting-iva-deducido\\\/#breadcrumb\"},\"inLanguage\":\"de\",\"potentialAction\":[{\"@type\":\"ReadAction\",\"target\":[\"https:\\\/\\\/fmsb.eu\\\/de\\\/2024\\\/02\\\/27\\\/ts-iva-cesion-de-vehiculo-de-empresa-renting-iva-deducido\\\/\"]}]},{\"@type\":\"ImageObject\",\"inLanguage\":\"de\",\"@id\":\"https:\\\/\\\/fmsb.eu\\\/de\\\/2024\\\/02\\\/27\\\/ts-iva-cesion-de-vehiculo-de-empresa-renting-iva-deducido\\\/#primaryimage\",\"url\":\"https:\\\/\\\/fmsb.eu\\\/wp-content\\\/uploads\\\/2024\\\/02\\\/FMSB-El-TS-fija-criterio-en-la-cesion-a-un-empleado-de-un-vehiculo-adquirido-por-la-empresa-por-renting-y-por-el-que-se-ha-deducido-parte-del-IVA.jpg\",\"contentUrl\":\"https:\\\/\\\/fmsb.eu\\\/wp-content\\\/uploads\\\/2024\\\/02\\\/FMSB-El-TS-fija-criterio-en-la-cesion-a-un-empleado-de-un-vehiculo-adquirido-por-la-empresa-por-renting-y-por-el-que-se-ha-deducido-parte-del-IVA.jpg\",\"width\":2000,\"height\":2000},{\"@type\":\"BreadcrumbList\",\"@id\":\"https:\\\/\\\/fmsb.eu\\\/de\\\/2024\\\/02\\\/27\\\/ts-iva-cesion-de-vehiculo-de-empresa-renting-iva-deducido\\\/#breadcrumb\",\"itemListElement\":[{\"@type\":\"ListItem\",\"position\":1,\"name\":\"Portada\",\"item\":\"https:\\\/\\\/fmsb.eu\\\/de\\\/\"},{\"@type\":\"ListItem\",\"position\":2,\"name\":\"El TS fija criterio sobre sujeci\u00f3n a IVA en casos de cesi\u00f3n de un veh\u00edculo de empresa a un empleado, si ha sido adquirido mediante renting y la empresa se ha deducido parte del IVA del mismo\"}]},{\"@type\":\"WebSite\",\"@id\":\"https:\\\/\\\/fmsb.eu\\\/de\\\/#website\",\"url\":\"https:\\\/\\\/fmsb.eu\\\/de\\\/\",\"name\":\"FMSB Abogados y Economistas en Baleares\",\"description\":\"\",\"publisher\":{\"@id\":\"https:\\\/\\\/fmsb.eu\\\/de\\\/#organization\"},\"potentialAction\":[{\"@type\":\"SearchAction\",\"target\":{\"@type\":\"EntryPoint\",\"urlTemplate\":\"https:\\\/\\\/fmsb.eu\\\/de\\\/?s={search_term_string}\"},\"query-input\":{\"@type\":\"PropertyValueSpecification\",\"valueRequired\":true,\"valueName\":\"search_term_string\"}}],\"inLanguage\":\"de\"},{\"@type\":\"Organization\",\"@id\":\"https:\\\/\\\/fmsb.eu\\\/de\\\/#organization\",\"name\":\"FMSB Abogados y Economistas en Baleares\",\"url\":\"https:\\\/\\\/fmsb.eu\\\/de\\\/\",\"logo\":{\"@type\":\"ImageObject\",\"inLanguage\":\"de\",\"@id\":\"https:\\\/\\\/fmsb.eu\\\/de\\\/#\\\/schema\\\/logo\\\/image\\\/\",\"url\":\"https:\\\/\\\/fmsb.eu\\\/wp-content\\\/uploads\\\/2025\\\/02\\\/logo.svg\",\"contentUrl\":\"https:\\\/\\\/fmsb.eu\\\/wp-content\\\/uploads\\\/2025\\\/02\\\/logo.svg\",\"width\":154,\"height\":52,\"caption\":\"FMSB Abogados y Economistas en Baleares\"},\"image\":{\"@id\":\"https:\\\/\\\/fmsb.eu\\\/de\\\/#\\\/schema\\\/logo\\\/image\\\/\"}},{\"@type\":\"Person\",\"@id\":\"https:\\\/\\\/fmsb.eu\\\/de\\\/#\\\/schema\\\/person\\\/9fba7c70814b0cd34d35d655d36a4ca2\",\"name\":\"fmsb\",\"image\":{\"@type\":\"ImageObject\",\"inLanguage\":\"de\",\"@id\":\"https:\\\/\\\/secure.gravatar.com\\\/avatar\\\/426f4d5b0ebcace85460caf87cdaaa193694b611e990615d87a13f322fb7ee7f?s=96&d=mm&r=g\",\"url\":\"https:\\\/\\\/secure.gravatar.com\\\/avatar\\\/426f4d5b0ebcace85460caf87cdaaa193694b611e990615d87a13f322fb7ee7f?s=96&d=mm&r=g\",\"contentUrl\":\"https:\\\/\\\/secure.gravatar.com\\\/avatar\\\/426f4d5b0ebcace85460caf87cdaaa193694b611e990615d87a13f322fb7ee7f?s=96&d=mm&r=g\",\"caption\":\"fmsb\"},\"sameAs\":[\"https:\\\/\\\/x.com\\\/fmsb-disstint\"],\"url\":\"https:\\\/\\\/fmsb.eu\\\/de\\\/author\\\/fmsb\\\/\"}]}<\/script>\n<!-- \/ Yoast SEO plugin. -->","yoast_head_json":{"title":"El TS fija criterio sobre sujeci\u00f3n a IVA en casos de cesi\u00f3n de un veh\u00edculo de empresa a un empleado, si ha sido adquirido mediante renting y la empresa se ha deducido parte del IVA del mismo - FMSB Abogados y Economistas en Baleares","description":"El TS fija criterio para la cesi\u00f3n de veh\u00edculo de empresa, adquirido mediante renting y la empresa se ha deducido IVA, a un empleado","robots":{"index":"index","follow":"follow","max-snippet":"max-snippet:-1","max-image-preview":"max-image-preview:large","max-video-preview":"max-video-preview:-1"},"canonical":"https:\/\/fmsb.eu\/de\/2024\/02\/27\/ts-iva-cesion-de-vehiculo-de-empresa-renting-iva-deducido\/","og_locale":"de_DE","og_type":"article","og_title":"El TS fija criterio sobre sujeci\u00f3n a IVA en casos de cesi\u00f3n de un veh\u00edculo de empresa a un empleado, si ha sido adquirido mediante renting y la empresa se ha deducido parte del IVA del mismo - FMSB Abogados y Economistas en Baleares","og_description":"El TS fija criterio para la cesi\u00f3n de veh\u00edculo de empresa, adquirido mediante renting y la empresa se ha deducido IVA, a un empleado","og_url":"https:\/\/fmsb.eu\/de\/2024\/02\/27\/ts-iva-cesion-de-vehiculo-de-empresa-renting-iva-deducido\/","og_site_name":"FMSB Abogados y Economistas en Baleares","article_published_time":"2024-02-27T11:35:35+00:00","og_image":[{"width":1024,"height":1024,"url":"https:\/\/fmsb.eu\/wp-content\/uploads\/2024\/02\/FMSB-El-TS-fija-criterio-en-la-cesion-a-un-empleado-de-un-vehiculo-adquirido-por-la-empresa-por-renting-y-por-el-que-se-ha-deducido-parte-del-IVA-1024x1024.jpg","type":"image\/jpeg"}],"author":"fmsb","twitter_card":"summary_large_image","twitter_creator":"@fmsb-disstint","twitter_misc":{"Verfasst von":"fmsb","Gesch\u00e4tzte Lesezeit":"4\u00a0Minuten"},"schema":{"@context":"https:\/\/schema.org","@graph":[{"@type":"Article","@id":"https:\/\/fmsb.eu\/de\/2024\/02\/27\/ts-iva-cesion-de-vehiculo-de-empresa-renting-iva-deducido\/#article","isPartOf":{"@id":"https:\/\/fmsb.eu\/de\/2024\/02\/27\/ts-iva-cesion-de-vehiculo-de-empresa-renting-iva-deducido\/"},"author":{"name":"fmsb","@id":"https:\/\/fmsb.eu\/de\/#\/schema\/person\/9fba7c70814b0cd34d35d655d36a4ca2"},"headline":"El TS fija criterio sobre sujeci\u00f3n a IVA en casos de cesi\u00f3n de un veh\u00edculo de empresa a un empleado, si ha sido adquirido mediante renting y la empresa se ha deducido parte del IVA del mismo","datePublished":"2024-02-27T11:35:35+00:00","mainEntityOfPage":{"@id":"https:\/\/fmsb.eu\/de\/2024\/02\/27\/ts-iva-cesion-de-vehiculo-de-empresa-renting-iva-deducido\/"},"wordCount":749,"publisher":{"@id":"https:\/\/fmsb.eu\/de\/#organization"},"image":{"@id":"https:\/\/fmsb.eu\/de\/2024\/02\/27\/ts-iva-cesion-de-vehiculo-de-empresa-renting-iva-deducido\/#primaryimage"},"thumbnailUrl":"https:\/\/fmsb.eu\/wp-content\/uploads\/2024\/02\/FMSB-El-TS-fija-criterio-en-la-cesion-a-un-empleado-de-un-vehiculo-adquirido-por-la-empresa-por-renting-y-por-el-que-se-ha-deducido-parte-del-IVA.jpg","keywords":["abogados","aeat","baleares","consulta vinculante","devoluci\u00f3n de IVA","direcci\u00f3n general de tributos","economistas","el arenal","facturas impagadas","fmsb","font mora sainz de baranda","ibiza","impuesto de sucesiones","impuestos","inca","law","lawyers","mallorca","Manacor","menorca","ministerio de hacienda","Palma","port d&#8217;andratx","puerto de andratx","solicitors","sucesiones y donaciones","tributaci\u00f3n","tributos"],"articleSection":["actualidad","blog","Derecho Fiscal","Home","impuestos"],"inLanguage":"de"},{"@type":"WebPage","@id":"https:\/\/fmsb.eu\/de\/2024\/02\/27\/ts-iva-cesion-de-vehiculo-de-empresa-renting-iva-deducido\/","url":"https:\/\/fmsb.eu\/de\/2024\/02\/27\/ts-iva-cesion-de-vehiculo-de-empresa-renting-iva-deducido\/","name":"El TS fija criterio sobre sujeci\u00f3n a IVA en casos de cesi\u00f3n de un veh\u00edculo de empresa a un empleado, si ha sido adquirido mediante renting y la empresa se ha deducido parte del IVA del mismo - FMSB Abogados y Economistas en Baleares","isPartOf":{"@id":"https:\/\/fmsb.eu\/de\/#website"},"primaryImageOfPage":{"@id":"https:\/\/fmsb.eu\/de\/2024\/02\/27\/ts-iva-cesion-de-vehiculo-de-empresa-renting-iva-deducido\/#primaryimage"},"image":{"@id":"https:\/\/fmsb.eu\/de\/2024\/02\/27\/ts-iva-cesion-de-vehiculo-de-empresa-renting-iva-deducido\/#primaryimage"},"thumbnailUrl":"https:\/\/fmsb.eu\/wp-content\/uploads\/2024\/02\/FMSB-El-TS-fija-criterio-en-la-cesion-a-un-empleado-de-un-vehiculo-adquirido-por-la-empresa-por-renting-y-por-el-que-se-ha-deducido-parte-del-IVA.jpg","datePublished":"2024-02-27T11:35:35+00:00","description":"El TS fija criterio para la cesi\u00f3n de veh\u00edculo de empresa, adquirido mediante renting y la empresa se ha deducido IVA, a un empleado","breadcrumb":{"@id":"https:\/\/fmsb.eu\/de\/2024\/02\/27\/ts-iva-cesion-de-vehiculo-de-empresa-renting-iva-deducido\/#breadcrumb"},"inLanguage":"de","potentialAction":[{"@type":"ReadAction","target":["https:\/\/fmsb.eu\/de\/2024\/02\/27\/ts-iva-cesion-de-vehiculo-de-empresa-renting-iva-deducido\/"]}]},{"@type":"ImageObject","inLanguage":"de","@id":"https:\/\/fmsb.eu\/de\/2024\/02\/27\/ts-iva-cesion-de-vehiculo-de-empresa-renting-iva-deducido\/#primaryimage","url":"https:\/\/fmsb.eu\/wp-content\/uploads\/2024\/02\/FMSB-El-TS-fija-criterio-en-la-cesion-a-un-empleado-de-un-vehiculo-adquirido-por-la-empresa-por-renting-y-por-el-que-se-ha-deducido-parte-del-IVA.jpg","contentUrl":"https:\/\/fmsb.eu\/wp-content\/uploads\/2024\/02\/FMSB-El-TS-fija-criterio-en-la-cesion-a-un-empleado-de-un-vehiculo-adquirido-por-la-empresa-por-renting-y-por-el-que-se-ha-deducido-parte-del-IVA.jpg","width":2000,"height":2000},{"@type":"BreadcrumbList","@id":"https:\/\/fmsb.eu\/de\/2024\/02\/27\/ts-iva-cesion-de-vehiculo-de-empresa-renting-iva-deducido\/#breadcrumb","itemListElement":[{"@type":"ListItem","position":1,"name":"Portada","item":"https:\/\/fmsb.eu\/de\/"},{"@type":"ListItem","position":2,"name":"El TS fija criterio sobre sujeci\u00f3n a IVA en casos de cesi\u00f3n de un veh\u00edculo de empresa a un empleado, si ha sido adquirido mediante renting y la empresa se ha deducido parte del IVA del mismo"}]},{"@type":"WebSite","@id":"https:\/\/fmsb.eu\/de\/#website","url":"https:\/\/fmsb.eu\/de\/","name":"FMSB Abogados y Economistas en Baleares","description":"","publisher":{"@id":"https:\/\/fmsb.eu\/de\/#organization"},"potentialAction":[{"@type":"SearchAction","target":{"@type":"EntryPoint","urlTemplate":"https:\/\/fmsb.eu\/de\/?s={search_term_string}"},"query-input":{"@type":"PropertyValueSpecification","valueRequired":true,"valueName":"search_term_string"}}],"inLanguage":"de"},{"@type":"Organization","@id":"https:\/\/fmsb.eu\/de\/#organization","name":"FMSB Abogados y Economistas en Baleares","url":"https:\/\/fmsb.eu\/de\/","logo":{"@type":"ImageObject","inLanguage":"de","@id":"https:\/\/fmsb.eu\/de\/#\/schema\/logo\/image\/","url":"https:\/\/fmsb.eu\/wp-content\/uploads\/2025\/02\/logo.svg","contentUrl":"https:\/\/fmsb.eu\/wp-content\/uploads\/2025\/02\/logo.svg","width":154,"height":52,"caption":"FMSB Abogados y Economistas en Baleares"},"image":{"@id":"https:\/\/fmsb.eu\/de\/#\/schema\/logo\/image\/"}},{"@type":"Person","@id":"https:\/\/fmsb.eu\/de\/#\/schema\/person\/9fba7c70814b0cd34d35d655d36a4ca2","name":"fmsb","image":{"@type":"ImageObject","inLanguage":"de","@id":"https:\/\/secure.gravatar.com\/avatar\/426f4d5b0ebcace85460caf87cdaaa193694b611e990615d87a13f322fb7ee7f?s=96&d=mm&r=g","url":"https:\/\/secure.gravatar.com\/avatar\/426f4d5b0ebcace85460caf87cdaaa193694b611e990615d87a13f322fb7ee7f?s=96&d=mm&r=g","contentUrl":"https:\/\/secure.gravatar.com\/avatar\/426f4d5b0ebcace85460caf87cdaaa193694b611e990615d87a13f322fb7ee7f?s=96&d=mm&r=g","caption":"fmsb"},"sameAs":["https:\/\/x.com\/fmsb-disstint"],"url":"https:\/\/fmsb.eu\/de\/author\/fmsb\/"}]}},"_links":{"self":[{"href":"https:\/\/fmsb.eu\/de\/wp-json\/wp\/v2\/posts\/11009","targetHints":{"allow":["GET"]}}],"collection":[{"href":"https:\/\/fmsb.eu\/de\/wp-json\/wp\/v2\/posts"}],"about":[{"href":"https:\/\/fmsb.eu\/de\/wp-json\/wp\/v2\/types\/post"}],"author":[{"embeddable":true,"href":"https:\/\/fmsb.eu\/de\/wp-json\/wp\/v2\/users\/2"}],"replies":[{"embeddable":true,"href":"https:\/\/fmsb.eu\/de\/wp-json\/wp\/v2\/comments?post=11009"}],"version-history":[{"count":0,"href":"https:\/\/fmsb.eu\/de\/wp-json\/wp\/v2\/posts\/11009\/revisions"}],"wp:featuredmedia":[{"embeddable":true,"href":"https:\/\/fmsb.eu\/de\/wp-json\/wp\/v2\/media\/10379"}],"wp:attachment":[{"href":"https:\/\/fmsb.eu\/de\/wp-json\/wp\/v2\/media?parent=11009"}],"wp:term":[{"taxonomy":"category","embeddable":true,"href":"https:\/\/fmsb.eu\/de\/wp-json\/wp\/v2\/categories?post=11009"},{"taxonomy":"post_tag","embeddable":true,"href":"https:\/\/fmsb.eu\/de\/wp-json\/wp\/v2\/tags?post=11009"}],"curies":[{"name":"wp","href":"https:\/\/api.w.org\/{rel}","templated":true}]}}