{"id":11013,"date":"2024-02-17T17:48:55","date_gmt":"2024-02-17T16:48:55","guid":{"rendered":"http:\/\/fmsb.disstintbeta.com\/2024\/02\/17\/fue-a-por-lana-irpf-volvio-trasquilado\/"},"modified":"2024-02-17T17:48:55","modified_gmt":"2024-02-17T16:48:55","slug":"fue-a-por-lana-irpf-volvio-trasquilado","status":"publish","type":"post","link":"https:\/\/fmsb.eu\/de\/2024\/02\/17\/fue-a-por-lana-irpf-volvio-trasquilado\/","title":{"rendered":"Del que fue a por \u201clana\u201d en el IRPF, y volvi\u00f3 trasquilado, por Jorge S\u00e1inz de Baranda"},"content":{"rendered":"<p>&nbsp;<\/p>\n<div class=\"navegacion\">\n<h3 class=\"antesubtitulo antetit\"><a href=\"http:\/\/www.mallorcadiario.com\"><span style=\"color: #993300;\"><strong>mallorcadiario.com<\/strong><\/span><\/a>\u00a0 <a href=\"https:\/\/www.mallorcadiario.com\/del-que-fue-a-por-lana-en-el-irpf-y-volvio-trasquilado\">Opini\u00f3n<\/a><\/h3>\n<\/div>\n<p><a href=\"http:\/\/fmsb.disstintbeta.com\/wp-content\/uploads\/2024\/02\/FMSB-Abogados-Jorge-Sainz-de-Baranda-Del-que-fue-a-por-lana-en-el-IRPF-00.jpg\"><img fetchpriority=\"high\" decoding=\"async\" class=\"alignnone wp-image-7642\" src=\"http:\/\/fmsb.disstintbeta.com\/wp-content\/uploads\/2024\/02\/FMSB-Abogados-Jorge-Sainz-de-Baranda-Del-que-fue-a-por-lana-en-el-IRPF-00.jpg\" alt=\"\" width=\"800\" height=\"650\" srcset=\"https:\/\/font-mora-sainz-baranda.fra1.digitaloceanspaces.com\/wp-content\/uploads\/2024\/02\/FMSB-Abogados-Jorge-Sainz-de-Baranda-Del-que-fue-a-por-lana-en-el-IRPF-00.jpg 1600w, https:\/\/font-mora-sainz-baranda.fra1.digitaloceanspaces.com\/wp-content\/uploads\/2024\/02\/FMSB-Abogados-Jorge-Sainz-de-Baranda-Del-que-fue-a-por-lana-en-el-IRPF-00-300x244.jpg 300w, https:\/\/font-mora-sainz-baranda.fra1.digitaloceanspaces.com\/wp-content\/uploads\/2024\/02\/FMSB-Abogados-Jorge-Sainz-de-Baranda-Del-que-fue-a-por-lana-en-el-IRPF-00-1024x831.jpg 1024w, https:\/\/font-mora-sainz-baranda.fra1.digitaloceanspaces.com\/wp-content\/uploads\/2024\/02\/FMSB-Abogados-Jorge-Sainz-de-Baranda-Del-que-fue-a-por-lana-en-el-IRPF-00-768x624.jpg 768w, https:\/\/font-mora-sainz-baranda.fra1.digitaloceanspaces.com\/wp-content\/uploads\/2024\/02\/FMSB-Abogados-Jorge-Sainz-de-Baranda-Del-que-fue-a-por-lana-en-el-IRPF-00-1536x1247.jpg 1536w\" sizes=\"(max-width: 800px) 100vw, 800px\" \/><\/a><\/p>\n<div class=\"navegacion\">\n<h6 class=\"ulthora fecha_publicacion\"><span class=\"dia_mes_anno\">DOMINGO 18 DE FEBRERO DE 2024<br \/>\n<\/span><\/h6>\n<\/div>\n<h6 class=\"ulthora fecha_publicacion\"><span class=\"dia_mes_anno\" style=\"color: #ffffff;\">\u00a0<\/span><\/h6>\n<div title=\"noticia 557362\">\n<h1 class=\"titulo\"><a href=\"https:\/\/www.mallorcadiario.com\/del-que-fue-a-por-lana-en-el-irpf-y-volvio-trasquilado\"><span style=\"color: #ff0000;\"><strong><span style=\"color: #918114;\">Del que fue a por \u201clana\u201d en el IRPF, y volvi\u00f3 trasquilado<\/span><\/strong><\/span><\/a><\/h1>\n<\/div>\n<div id=\"firmante_767\" class=\"firmante\">\n<p><span style=\"color: #ff0000;\"><span style=\"color: #000000;\">Por\u00a0<\/span><a style=\"color: #ff0000;\" href=\"https:\/\/www.fmsb.eu\/jorge-sainz-de-baranda-brunbeck\/\"><strong><span class=\"nombre_firmante\"><span style=\"color: #000000;\">Jorge S\u00e1inz de Baranda<\/span><\/span><\/strong><\/a><\/span><\/p>\n<h6><span style=\"color: #806c00;\"><a style=\"color: #806c00;\" href=\"https:\/\/www.mallorcadiario.com\/jorge-sainz-de-baranda\/autor\/767\/\"><strong><span style=\"color: #000080;\"><span style=\"color: #8f06cb;\"><span style=\"color: #ff0000;\"><span style=\"color: #918114;\">M\u00c1S ART\u00cdCULOS DEL AUTOR EN MALLORCADIARIO<\/span><\/span><\/span><\/span><\/strong><\/a><\/span><\/h6>\n<p>&nbsp;<\/p>\n<p>Decimos que alguien <em>\u00abfue por lana y volvi\u00f3 trasquilado\u00bb<\/em> cuando esper\u00e1bamos tener un beneficio de una determinada situaci\u00f3n y, contrariamente a lo deseado, hemos salido con una p\u00e9rdida. Con ello nos referimos gen\u00e9ricamente a todas aquellas situaciones cuyo resultado es completamente contrario al que hab\u00edamos previsto.<\/p>\n<p>El origen de la expresi\u00f3n est\u00e1 en los ambientes ganaderos y de pastoreo -o pastoriles &#8211; en los que, sobre todo en la Castilla de los siglos XIV y XV, el comercio de la lana con Europa constituy\u00f3 una de las principales fuentes de riqueza.<\/p>\n<p>As\u00ed, la lana de las ovejas se convirti\u00f3 en un producto muy valioso, y si un animal se perd\u00eda o se met\u00eda en reba\u00f1o ajeno, lo normal es que lo recuperara el propietario ya trasquilado, siendo una verdadera p\u00e9rdida para el due\u00f1o que se quedaba sin la lana y con el animal pelado. Y no se me alteren, recuerden tambi\u00e9n que en M\u00e9xico se llama \u201clana\u201d al dinero, ya que all\u00ed el comercio de \u00e9sta produjo muchos beneficios en una \u00e9poca.<\/p>\n<p>Y as\u00ed de trasquilado ha debido volver nuestro protagonista de hoy cuando le pregunta a la Direcci\u00f3n General de Tributos, -consulta <strong><span style=\"color: #918114;\"><a style=\"color: #918114;\" href=\"https:\/\/petete.tributos.hacienda.gob.es\/consultas\/?num_consulta=V2852-23\">V2852-23<\/a><\/span><\/strong><span style=\"color: #000000;\"> (haga clic <span style=\"color: #918114;\"><strong><a style=\"color: #918114;\" href=\"http:\/\/fmsb.disstintbeta.com\/wp-content\/uploads\/2024\/02\/V2852-23-Consulta-Vinculante-DGT.pdf\">aqu\u00ed<\/a><\/strong><\/span> para acceder a la misma en formato pdf)<\/span>, de octubre del a\u00f1o pasado- que ya que no est\u00e1 obligado a hacer la declaraci\u00f3n de IRPF pero \u00e9sta le sale a devolver -en este caso pongamos que hablo de 60 euros-, y se le ha pasado el plazo para declarar, si tiene derecho o no a obtener la devoluci\u00f3n cuando presente la autoliquidaci\u00f3n fuera de ese plazo voluntario.<\/p>\n<p>Y la respuesta fue claramente que S\u00cd.<\/p>\n<p>Para ello se se\u00f1ala en la Consulta que los contribuyentes que cumplen determinadas condiciones fijadas en la norma -como es el l\u00edmite de ingresos- no es que est\u00e9n obligados a no declarar, es que tienen el derecho de no declarar, que no es lo mismo.<\/p>\n<p>Por tanto, al ser un derecho y no una imposici\u00f3n, pueden presentar la autoliquidaci\u00f3n aunque sea de forma extempor\u00e1nea, y aun as\u00ed obtener la correspondiente devoluci\u00f3n en su caso. Es decir, que tendr\u00e1n derecho a su \u201clana\u201d.<\/p>\n<p>El problema surge a continuaci\u00f3n -el duendecillo de mi natural \u201cdesconfianza\u201d ya me lo advert\u00eda- cuando en la consulta a\u00f1aden que ello no es \u00f3bice para que, si la declaraci\u00f3n se realiza fuera del plazo fijado, se pueda iniciar a continuaci\u00f3n un procedimiento sancionador.<\/p>\n<p>Es decir, que si la presentaci\u00f3n es extempor\u00e1nea, aun siendo una devoluci\u00f3n -por lo que no implica un perjuicio econ\u00f3mico para la Hacienda P\u00fablica, que deber\u00eda ser la base de un procedimiento sancionador-, este <em>\u00abimperdonable\u00bb<\/em> error es constitutivo de una infracci\u00f3n del art\u00edculo 198 de la LIRPF<\/p>\n<p>Y a\u00f1aden que, aunque el art\u00edculo 96 de la misma ley te exime de la obligaci\u00f3n de declarar, eso no supone que si decides hacerlo se te exima a su vez del cumplimiento de los requisitos que conlleva la presentaci\u00f3n de la declaraci\u00f3n, entre los cuales, <em>of course<\/em>, se encuentra el cumplimiento de los plazos de presentaci\u00f3n.<\/p>\n<p>\u00bfCu\u00e1l es la sanci\u00f3n aplicable en este caso? Pues si atendemos a lo que se\u00f1ala el art\u00edculo 198 de la LGT -hoy estamos de rebajas en la secci\u00f3n invernal de citas de art\u00edculos-, la sanci\u00f3n consistir\u00e1 en multa pecuniaria fija de 100 euros -lo s\u00e9, querida, hay reducciones por pronto pago, pero eso resta impacto al concepto que subyace-.<\/p>\n<p>\u00a1Que me lo expliquen, por favor, dir\u00e1n Uds.! Es decir, \u00bfqu\u00e9 solicitamos 60 euros a devolver fuera de plazo -que los devuelven porque los he adelantado con las retenciones que me han hecho durante el a\u00f1o, sin generar perjuicio alguno a la Administraci\u00f3n que cuenta con m\u00e1s plazo para devolver-, y nos \u201cesquilan\u201d con una multa de 100 euros&#8230;?<\/p>\n<p>Pues s\u00ed, veo que lo ha entendido Ud. a la perfecci\u00f3n&#8230; por cierto, \u00bfha dicho <em>\u201cesquilar\u201d<\/em> o <em>\u201cesquilmar\u201d<\/em>?<\/p>\n<p>\u00bfY que ocurre si en vez de salir a devolver, nos sale la declaraci\u00f3n a pagar 60 euros y tambi\u00e9n nos retrasamos ese mes en la presentaci\u00f3n? Pues que, conforme a la normativa actual, te impondr\u00e1n solo un recargo del 1% de la cuota a ingresar. O dicho de otra forma, que pagar\u00e1s 60 c\u00e9ntimos frente a la sanci\u00f3n de 100 euros del caso anterior.<\/p>\n<p>La moraleja es clara. Es de mejor condici\u00f3n el que se retrasa en pagar que el que tarda en pedir la devoluci\u00f3n, lo que hace buena la frase que pronunci\u00f3 la cient\u00edfica estadounidense Grace Hopper de que, en ocasiones, \u00abes mejor pedir perd\u00f3n que permiso\u00bb. Y es que las matem\u00e1ticas son imperfectas cuando uno y uno son demasiados&#8230;<\/p>\n<\/div>\n<hr \/>\n<p>Art\u00edculo original publicado en el diario digital\u00a0<span style=\"color: #806c00;\"><a style=\"color: #806c00;\" href=\"https:\/\/www.mallorcadiario.com\"><strong><span style=\"color: #000080;\">mallorcadiario.com<\/span><\/strong><\/a><\/span> .\u00a0\u00a0 L\u00e9alo directamente en <span style=\"color: #000080;\"><a style=\"color: #000080;\" href=\"https:\/\/www.mallorcadiario.com\"><strong>mallorcadiario.com<\/strong><\/a><\/span> a trav\u00e9s de este <span style=\"color: #4c271e;\"><a style=\"color: #4c271e;\" href=\"https:\/\/www.mallorcadiario.com\/del-que-fue-a-por-lana-en-el-irpf-y-volvio-trasquilado\"><strong><span style=\"color: #520000;\"><span style=\"color: #806c00;\"><span style=\"color: #000080;\"><span style=\"color: #404121;\">enlace<\/span><\/span><\/span><\/span><\/strong><\/a><\/span><\/p>\n<p>Tambi\u00e9n puede leer art\u00edculos anteriores de <a href=\"https:\/\/www.fmsb.eu\/?s=jorge+sainz+de+baranda\"><strong>Jorge Sainz de Baranda<\/strong><\/a> y de los integrantes de <a href=\"https:\/\/www.fmsb.eu\/equipo-2\/\"><strong>FONT MORA SAINZ DE BARANDA<\/strong> &#8211;<em>abogados y economistas<\/em>&#8211;<\/a> en la secci\u00f3n <em><a href=\"https:\/\/www.fmsb.eu\/blog\/\">blog y noticias<\/a><\/em> de nuestra web.<\/p>\n","protected":false},"excerpt":{"rendered":"<p>&nbsp; mallorcadiario.com\u00a0 Opini\u00f3n DOMINGO 18 DE FEBRERO DE 2024 \u00a0 Del que fue a por \u201clana\u201d en el IRPF, y volvi\u00f3 trasquilado Por\u00a0Jorge S\u00e1inz de Baranda M\u00c1S ART\u00cdCULOS DEL AUTOR EN MALLORCADIARIO &nbsp; Decimos que alguien \u00abfue por lana y volvi\u00f3 trasquilado\u00bb cuando esper\u00e1bamos tener un beneficio de una determinada situaci\u00f3n y, contrariamente a lo [&hellip;]<\/p>\n","protected":false},"author":2,"featured_media":10371,"comment_status":"closed","ping_status":"open","sticky":false,"template":"","format":"standard","meta":{"footnotes":""},"categories":[2198,2199,2309,2310,2202,2660,2805,3169],"tags":[2206,2663,2664,2665,2312,2666,2667,2507,2314,2668,2208,2669,2670,2315,2671,2672,2673,2316,2674,2675,2676,2677,2678,2679,2318,2319,2320,2321,2323,2680,2681,2682,2683,2684,2218,2219,2685,2686,2575,2223,2687,2688,2689,2690,2325,2326,2327,2691,2225,2328,2692,2329,2693,2330,2694,2331,2695,2333,2228,2229,2334,2231,2336,2232,2234,2696,2341,2342,2343,2697,2344,2345,2698,2699,2700,2236,2701,2702,2349,2703,2350,2240,2704,2705,2354,2355,2243,2359,2360,2361,2706,2707,2708,2709,2710,2711,2712,2363,2713,2364,2365],"class_list":["post-11013","post","type-post","status-publish","format-standard","has-post-thumbnail","hentry","category-actualidad-de","category-blog-de","category-derecho-fiscal-de","category-derecho-tributario-de","category-home-de","category-illes-balears-de","category-impuestos-de","category-opinion-de","tag-abogados-de","tag-administracion-tributaria-de","tag-administraciones-tributarias-de","tag-aeat-de","tag-agencia-tributaria-de","tag-antifraude-de","tag-aplazamiento-de","tag-articulos-de","tag-asesores-de","tag-atib-de","tag-baleares-de","tag-blanqueo-de","tag-blanqueo-de-capitales-de","tag-bonificacion-de","tag-campana-de-la-renta-de","tag-campana-irpf-de","tag-catastro-de","tag-comunidad-autonoma-de","tag-declaracion-de-inconstitucionalidad-de","tag-declaracion-de-nulidad-de","tag-deflacion-de","tag-deflactacion-de","tag-deflactar-de","tag-derecho-al-error-de","tag-derecho-civil-propio-de","tag-derecho-de-la-union-europea-de","tag-derecho-fiscal-de","tag-derecho-tributario-de","tag-derogacion-de","tag-deudas-de","tag-dgt-de","tag-direccion-general-de-tributos-de","tag-direccion-general-del-catastro-de","tag-doble-imposicion-de","tag-economistas-de","tag-el-arenal-de","tag-exencion-por-reinversion-de","tag-extranjeros-de","tag-fallecimiento-de","tag-fmsb-de","tag-fraccionamiento-de","tag-fraude-fiscal-de","tag-galicia-de","tag-gravamen-extraordinario-de","tag-hacienda-de","tag-herencia-de","tag-herencias-de","tag-ibi-de","tag-ibiza-de","tag-illes-balears-de","tag-impuesto-de-solidaridad-a-las-grandes-fortunas-de","tag-impuesto-de-sucesiones-de","tag-impuesto-sobre-la-renta-de","tag-impuestos-de","tag-incremento-del-valor-de-los-terrenos-de-naturaleza-urbana-de","tag-irpf-de","tag-jorge-lorenzo-de","tag-jorge-sainz-de-baranda-de","tag-law-de","tag-lawyers-de","tag-ley-antifraude-de","tag-mallorca-de","tag-mallorcadiario-de","tag-manacor-de","tag-menorca-de","tag-modelo-720-de","tag-mortis-causa-de","tag-obligado-tributario-de","tag-opinion-de","tag-pactos-sucesorioes-de","tag-pactos-sucesorios-de","tag-palma-de","tag-patrimonio-de","tag-plan-anual-de-control-tributario-de","tag-plusvalia-de","tag-port-dandratx-de","tag-prespuestos-generales-del-estado-de","tag-presupuestos-2021-de","tag-prevencion-de","tag-proindiviso-de","tag-propuestas-de","tag-puerto-de-andratx-de","tag-recargo-de","tag-reforma-de","tag-residentes-fiscales-de","tag-resindencia-fiscal-de","tag-solicitors-de","tag-sucesion-de","tag-sucesion-en-vida-de","tag-sucesiones-y-donaciones-de","tag-tasa-amazon-de","tag-teac-de","tag-tear-de","tag-testador-de","tag-tribunal-economico-administrativo-de","tag-tribunal-economico-administrativo-central-de","tag-tribunal-economico-administrativo-regional-de","tag-tributos-de","tag-ue-de","tag-valor-de-referencia-de","tag-valor-de-referencia-catastral-de"],"yoast_head":"<!-- This site is optimized with the Yoast SEO plugin v27.3 - https:\/\/yoast.com\/product\/yoast-seo-wordpress\/ -->\n<title>Del que fue a por \u201clana\u201d en el IRPF, y volvi\u00f3 trasquilado, por Jorge S\u00e1inz de Baranda - FMSB Abogados y Economistas en Baleares<\/title>\n<meta name=\"description\" content=\"Del que fue a por \u201clana\u201d en el IRPF, y volvi\u00f3 trasquilado, opini\u00f3n del abogado especializado en Derecho tributario Jorge Sainz de Baranda\" \/>\n<meta name=\"robots\" content=\"index, follow, max-snippet:-1, max-image-preview:large, max-video-preview:-1\" \/>\n<link rel=\"canonical\" href=\"https:\/\/fmsb.eu\/de\/2024\/02\/17\/fue-a-por-lana-irpf-volvio-trasquilado\/\" \/>\n<meta property=\"og:locale\" content=\"de_DE\" \/>\n<meta property=\"og:type\" content=\"article\" \/>\n<meta property=\"og:title\" content=\"Del que fue a por \u201clana\u201d en el IRPF, y volvi\u00f3 trasquilado, por Jorge S\u00e1inz de Baranda - FMSB Abogados y Economistas en Baleares\" \/>\n<meta property=\"og:description\" content=\"Del que fue a por \u201clana\u201d en el IRPF, y volvi\u00f3 trasquilado, opini\u00f3n del abogado especializado en Derecho tributario Jorge Sainz de Baranda\" \/>\n<meta property=\"og:url\" content=\"https:\/\/fmsb.eu\/de\/2024\/02\/17\/fue-a-por-lana-irpf-volvio-trasquilado\/\" \/>\n<meta property=\"og:site_name\" content=\"FMSB Abogados y Economistas en Baleares\" \/>\n<meta property=\"article:published_time\" content=\"2024-02-17T16:48:55+00:00\" \/>\n<meta property=\"og:image\" content=\"https:\/\/fmsb.eu\/wp-content\/uploads\/2024\/02\/FMSB-Abogados-Jorge-Sainz-de-Baranda-Del-que-fue-a-por-lana-en-el-IRPF-00.jpg\" \/>\n\t<meta property=\"og:image:width\" content=\"1600\" \/>\n\t<meta property=\"og:image:height\" content=\"1299\" \/>\n\t<meta property=\"og:image:type\" content=\"image\/jpeg\" \/>\n<meta name=\"author\" content=\"fmsb\" \/>\n<meta name=\"twitter:card\" content=\"summary_large_image\" \/>\n<meta name=\"twitter:creator\" content=\"@fmsb-disstint\" \/>\n<meta name=\"twitter:label1\" content=\"Verfasst von\" \/>\n\t<meta name=\"twitter:data1\" content=\"fmsb\" \/>\n\t<meta name=\"twitter:label2\" content=\"Gesch\u00e4tzte Lesezeit\" \/>\n\t<meta name=\"twitter:data2\" content=\"5\u00a0Minuten\" \/>\n<script type=\"application\/ld+json\" class=\"yoast-schema-graph\">{\"@context\":\"https:\\\/\\\/schema.org\",\"@graph\":[{\"@type\":\"Article\",\"@id\":\"https:\\\/\\\/fmsb.eu\\\/de\\\/2024\\\/02\\\/17\\\/fue-a-por-lana-irpf-volvio-trasquilado\\\/#article\",\"isPartOf\":{\"@id\":\"https:\\\/\\\/fmsb.eu\\\/de\\\/2024\\\/02\\\/17\\\/fue-a-por-lana-irpf-volvio-trasquilado\\\/\"},\"author\":{\"name\":\"fmsb\",\"@id\":\"https:\\\/\\\/fmsb.eu\\\/de\\\/#\\\/schema\\\/person\\\/9fba7c70814b0cd34d35d655d36a4ca2\"},\"headline\":\"Del que fue a por \u201clana\u201d en el IRPF, y volvi\u00f3 trasquilado, por Jorge S\u00e1inz de Baranda\",\"datePublished\":\"2024-02-17T16:48:55+00:00\",\"mainEntityOfPage\":{\"@id\":\"https:\\\/\\\/fmsb.eu\\\/de\\\/2024\\\/02\\\/17\\\/fue-a-por-lana-irpf-volvio-trasquilado\\\/\"},\"wordCount\":930,\"publisher\":{\"@id\":\"https:\\\/\\\/fmsb.eu\\\/de\\\/#organization\"},\"image\":{\"@id\":\"https:\\\/\\\/fmsb.eu\\\/de\\\/2024\\\/02\\\/17\\\/fue-a-por-lana-irpf-volvio-trasquilado\\\/#primaryimage\"},\"thumbnailUrl\":\"https:\\\/\\\/fmsb.eu\\\/wp-content\\\/uploads\\\/2024\\\/02\\\/FMSB-Abogados-Jorge-Sainz-de-Baranda-Del-que-fue-a-por-lana-en-el-IRPF-00.jpg\",\"keywords\":[\"abogados\",\"administraci\u00f3n tributaria\",\"administraciones tributarias\",\"aeat\",\"agencia tributaria\",\"antifraude\",\"aplazamiento\",\"articulos\",\"asesores\",\"ATIB\",\"baleares\",\"blanqueo\",\"blanqueo de capitales\",\"bonificaci\u00f3n\",\"campa\u00f1a de la renta\",\"campa\u00f1a irpf\",\"catastro\",\"comunidad aut\u00f3noma\",\"declaraci\u00f3n de inconstitucionalidad\",\"declaraci\u00f3n de nulidad\",\"deflaci\u00f3n\",\"deflactaci\u00f3n\",\"deflactar\",\"derecho al error\",\"derecho civil propio\",\"derecho de la uni\u00f3n europea\",\"derecho fiscal\",\"derecho tributario\",\"derogaci\u00f3n\",\"deudas\",\"dgt\",\"direcci\u00f3n general de tributos\",\"direcci\u00f3n general del catastro\",\"doble imposici\u00f3n\",\"economistas\",\"el arenal\",\"exenci\u00f3n por reinversi\u00f3n\",\"extranjeros\",\"fallecimiento\",\"fmsb\",\"fraccionamiento\",\"fraude fiscal\",\"Galicia\",\"gravamen extraordinario\",\"Hacienda\",\"herencia\",\"herencias\",\"ibi\",\"ibiza\",\"illes balears\",\"impuesto de solidaridad a las grandes fortunas\",\"impuesto de sucesiones\",\"impuesto sobre la renta\",\"impuestos\",\"incremento del valor de los terrenos de naturaleza urbana\",\"IRPF\",\"jorge lorenzo\",\"jorge sainz de baranda\",\"law\",\"lawyers\",\"ley antifraude\",\"mallorca\",\"mallorcadiario\",\"Manacor\",\"menorca\",\"modelo 720\",\"mortis causa\",\"obligado tributario\",\"opinion\",\"pactos sucesorioes\",\"pactos sucesorios\",\"Palma\",\"patrimonio\",\"plan anual de control tributario\",\"plusval\u00eda\",\"port d&#8217;andratx\",\"prespuestos generales del estado\",\"presupuestos 2021\",\"prevenci\u00f3n\",\"proindiviso\",\"propuestas\",\"puerto de andratx\",\"recargo\",\"reforma\",\"residentes fiscales\",\"resindencia fiscal\",\"solicitors\",\"sucesi\u00f3n\",\"sucesi\u00f3n en vida\",\"sucesiones y donaciones\",\"tasa amazon\",\"TEAC\",\"TEAR\",\"testador\",\"Tribunal Econ\u00f3mico Administrativo\",\"Tribunal Econ\u00f3mico Administrativo Central\",\"Tribunal Econ\u00f3mico Administrativo Regional\",\"tributos\",\"ue\",\"valor de referencia\",\"valor de referencia catastral\"],\"articleSection\":[\"actualidad\",\"blog\",\"Derecho Fiscal\",\"Derecho Tributario\",\"Home\",\"Illes Balears\",\"impuestos\",\"Opini\u00f3n\"],\"inLanguage\":\"de\"},{\"@type\":\"WebPage\",\"@id\":\"https:\\\/\\\/fmsb.eu\\\/de\\\/2024\\\/02\\\/17\\\/fue-a-por-lana-irpf-volvio-trasquilado\\\/\",\"url\":\"https:\\\/\\\/fmsb.eu\\\/de\\\/2024\\\/02\\\/17\\\/fue-a-por-lana-irpf-volvio-trasquilado\\\/\",\"name\":\"Del que fue a por \u201clana\u201d en el IRPF, y volvi\u00f3 trasquilado, por Jorge S\u00e1inz de Baranda - FMSB Abogados y Economistas en Baleares\",\"isPartOf\":{\"@id\":\"https:\\\/\\\/fmsb.eu\\\/de\\\/#website\"},\"primaryImageOfPage\":{\"@id\":\"https:\\\/\\\/fmsb.eu\\\/de\\\/2024\\\/02\\\/17\\\/fue-a-por-lana-irpf-volvio-trasquilado\\\/#primaryimage\"},\"image\":{\"@id\":\"https:\\\/\\\/fmsb.eu\\\/de\\\/2024\\\/02\\\/17\\\/fue-a-por-lana-irpf-volvio-trasquilado\\\/#primaryimage\"},\"thumbnailUrl\":\"https:\\\/\\\/fmsb.eu\\\/wp-content\\\/uploads\\\/2024\\\/02\\\/FMSB-Abogados-Jorge-Sainz-de-Baranda-Del-que-fue-a-por-lana-en-el-IRPF-00.jpg\",\"datePublished\":\"2024-02-17T16:48:55+00:00\",\"description\":\"Del que fue a por \u201clana\u201d en el IRPF, y volvi\u00f3 trasquilado, opini\u00f3n del abogado especializado en Derecho tributario Jorge Sainz de Baranda\",\"breadcrumb\":{\"@id\":\"https:\\\/\\\/fmsb.eu\\\/de\\\/2024\\\/02\\\/17\\\/fue-a-por-lana-irpf-volvio-trasquilado\\\/#breadcrumb\"},\"inLanguage\":\"de\",\"potentialAction\":[{\"@type\":\"ReadAction\",\"target\":[\"https:\\\/\\\/fmsb.eu\\\/de\\\/2024\\\/02\\\/17\\\/fue-a-por-lana-irpf-volvio-trasquilado\\\/\"]}]},{\"@type\":\"ImageObject\",\"inLanguage\":\"de\",\"@id\":\"https:\\\/\\\/fmsb.eu\\\/de\\\/2024\\\/02\\\/17\\\/fue-a-por-lana-irpf-volvio-trasquilado\\\/#primaryimage\",\"url\":\"https:\\\/\\\/fmsb.eu\\\/wp-content\\\/uploads\\\/2024\\\/02\\\/FMSB-Abogados-Jorge-Sainz-de-Baranda-Del-que-fue-a-por-lana-en-el-IRPF-00.jpg\",\"contentUrl\":\"https:\\\/\\\/fmsb.eu\\\/wp-content\\\/uploads\\\/2024\\\/02\\\/FMSB-Abogados-Jorge-Sainz-de-Baranda-Del-que-fue-a-por-lana-en-el-IRPF-00.jpg\",\"width\":1600,\"height\":1299},{\"@type\":\"BreadcrumbList\",\"@id\":\"https:\\\/\\\/fmsb.eu\\\/de\\\/2024\\\/02\\\/17\\\/fue-a-por-lana-irpf-volvio-trasquilado\\\/#breadcrumb\",\"itemListElement\":[{\"@type\":\"ListItem\",\"position\":1,\"name\":\"Portada\",\"item\":\"https:\\\/\\\/fmsb.eu\\\/de\\\/\"},{\"@type\":\"ListItem\",\"position\":2,\"name\":\"Del que fue a por \u201clana\u201d en el IRPF, y volvi\u00f3 trasquilado, por Jorge S\u00e1inz de Baranda\"}]},{\"@type\":\"WebSite\",\"@id\":\"https:\\\/\\\/fmsb.eu\\\/de\\\/#website\",\"url\":\"https:\\\/\\\/fmsb.eu\\\/de\\\/\",\"name\":\"FMSB Abogados y Economistas en Baleares\",\"description\":\"\",\"publisher\":{\"@id\":\"https:\\\/\\\/fmsb.eu\\\/de\\\/#organization\"},\"potentialAction\":[{\"@type\":\"SearchAction\",\"target\":{\"@type\":\"EntryPoint\",\"urlTemplate\":\"https:\\\/\\\/fmsb.eu\\\/de\\\/?s={search_term_string}\"},\"query-input\":{\"@type\":\"PropertyValueSpecification\",\"valueRequired\":true,\"valueName\":\"search_term_string\"}}],\"inLanguage\":\"de\"},{\"@type\":\"Organization\",\"@id\":\"https:\\\/\\\/fmsb.eu\\\/de\\\/#organization\",\"name\":\"FMSB Abogados y Economistas en Baleares\",\"url\":\"https:\\\/\\\/fmsb.eu\\\/de\\\/\",\"logo\":{\"@type\":\"ImageObject\",\"inLanguage\":\"de\",\"@id\":\"https:\\\/\\\/fmsb.eu\\\/de\\\/#\\\/schema\\\/logo\\\/image\\\/\",\"url\":\"https:\\\/\\\/fmsb.eu\\\/wp-content\\\/uploads\\\/2025\\\/02\\\/logo.svg\",\"contentUrl\":\"https:\\\/\\\/fmsb.eu\\\/wp-content\\\/uploads\\\/2025\\\/02\\\/logo.svg\",\"width\":154,\"height\":52,\"caption\":\"FMSB Abogados y Economistas en Baleares\"},\"image\":{\"@id\":\"https:\\\/\\\/fmsb.eu\\\/de\\\/#\\\/schema\\\/logo\\\/image\\\/\"}},{\"@type\":\"Person\",\"@id\":\"https:\\\/\\\/fmsb.eu\\\/de\\\/#\\\/schema\\\/person\\\/9fba7c70814b0cd34d35d655d36a4ca2\",\"name\":\"fmsb\",\"image\":{\"@type\":\"ImageObject\",\"inLanguage\":\"de\",\"@id\":\"https:\\\/\\\/secure.gravatar.com\\\/avatar\\\/426f4d5b0ebcace85460caf87cdaaa193694b611e990615d87a13f322fb7ee7f?s=96&d=mm&r=g\",\"url\":\"https:\\\/\\\/secure.gravatar.com\\\/avatar\\\/426f4d5b0ebcace85460caf87cdaaa193694b611e990615d87a13f322fb7ee7f?s=96&d=mm&r=g\",\"contentUrl\":\"https:\\\/\\\/secure.gravatar.com\\\/avatar\\\/426f4d5b0ebcace85460caf87cdaaa193694b611e990615d87a13f322fb7ee7f?s=96&d=mm&r=g\",\"caption\":\"fmsb\"},\"sameAs\":[\"https:\\\/\\\/x.com\\\/fmsb-disstint\"],\"url\":\"https:\\\/\\\/fmsb.eu\\\/de\\\/author\\\/fmsb\\\/\"}]}<\/script>\n<!-- \/ Yoast SEO plugin. -->","yoast_head_json":{"title":"Del que fue a por \u201clana\u201d en el IRPF, y volvi\u00f3 trasquilado, por Jorge S\u00e1inz de Baranda - FMSB Abogados y Economistas en Baleares","description":"Del que fue a por \u201clana\u201d en el IRPF, y volvi\u00f3 trasquilado, opini\u00f3n del abogado especializado en Derecho tributario Jorge Sainz de Baranda","robots":{"index":"index","follow":"follow","max-snippet":"max-snippet:-1","max-image-preview":"max-image-preview:large","max-video-preview":"max-video-preview:-1"},"canonical":"https:\/\/fmsb.eu\/de\/2024\/02\/17\/fue-a-por-lana-irpf-volvio-trasquilado\/","og_locale":"de_DE","og_type":"article","og_title":"Del que fue a por \u201clana\u201d en el IRPF, y volvi\u00f3 trasquilado, por Jorge S\u00e1inz de Baranda - FMSB Abogados y Economistas en Baleares","og_description":"Del que fue a por \u201clana\u201d en el IRPF, y volvi\u00f3 trasquilado, opini\u00f3n del abogado especializado en Derecho tributario Jorge Sainz de Baranda","og_url":"https:\/\/fmsb.eu\/de\/2024\/02\/17\/fue-a-por-lana-irpf-volvio-trasquilado\/","og_site_name":"FMSB Abogados y Economistas en Baleares","article_published_time":"2024-02-17T16:48:55+00:00","og_image":[{"width":1600,"height":1299,"url":"https:\/\/fmsb.eu\/wp-content\/uploads\/2024\/02\/FMSB-Abogados-Jorge-Sainz-de-Baranda-Del-que-fue-a-por-lana-en-el-IRPF-00.jpg","type":"image\/jpeg"}],"author":"fmsb","twitter_card":"summary_large_image","twitter_creator":"@fmsb-disstint","twitter_misc":{"Verfasst von":"fmsb","Gesch\u00e4tzte Lesezeit":"5\u00a0Minuten"},"schema":{"@context":"https:\/\/schema.org","@graph":[{"@type":"Article","@id":"https:\/\/fmsb.eu\/de\/2024\/02\/17\/fue-a-por-lana-irpf-volvio-trasquilado\/#article","isPartOf":{"@id":"https:\/\/fmsb.eu\/de\/2024\/02\/17\/fue-a-por-lana-irpf-volvio-trasquilado\/"},"author":{"name":"fmsb","@id":"https:\/\/fmsb.eu\/de\/#\/schema\/person\/9fba7c70814b0cd34d35d655d36a4ca2"},"headline":"Del que fue a por \u201clana\u201d en el IRPF, y volvi\u00f3 trasquilado, por Jorge S\u00e1inz de Baranda","datePublished":"2024-02-17T16:48:55+00:00","mainEntityOfPage":{"@id":"https:\/\/fmsb.eu\/de\/2024\/02\/17\/fue-a-por-lana-irpf-volvio-trasquilado\/"},"wordCount":930,"publisher":{"@id":"https:\/\/fmsb.eu\/de\/#organization"},"image":{"@id":"https:\/\/fmsb.eu\/de\/2024\/02\/17\/fue-a-por-lana-irpf-volvio-trasquilado\/#primaryimage"},"thumbnailUrl":"https:\/\/fmsb.eu\/wp-content\/uploads\/2024\/02\/FMSB-Abogados-Jorge-Sainz-de-Baranda-Del-que-fue-a-por-lana-en-el-IRPF-00.jpg","keywords":["abogados","administraci\u00f3n tributaria","administraciones tributarias","aeat","agencia tributaria","antifraude","aplazamiento","articulos","asesores","ATIB","baleares","blanqueo","blanqueo de capitales","bonificaci\u00f3n","campa\u00f1a de la renta","campa\u00f1a irpf","catastro","comunidad aut\u00f3noma","declaraci\u00f3n de inconstitucionalidad","declaraci\u00f3n de nulidad","deflaci\u00f3n","deflactaci\u00f3n","deflactar","derecho al error","derecho civil propio","derecho de la uni\u00f3n europea","derecho fiscal","derecho tributario","derogaci\u00f3n","deudas","dgt","direcci\u00f3n general de tributos","direcci\u00f3n general del catastro","doble imposici\u00f3n","economistas","el arenal","exenci\u00f3n por reinversi\u00f3n","extranjeros","fallecimiento","fmsb","fraccionamiento","fraude fiscal","Galicia","gravamen extraordinario","Hacienda","herencia","herencias","ibi","ibiza","illes balears","impuesto de solidaridad a las grandes fortunas","impuesto de sucesiones","impuesto sobre la renta","impuestos","incremento del valor de los terrenos de naturaleza urbana","IRPF","jorge lorenzo","jorge sainz de baranda","law","lawyers","ley antifraude","mallorca","mallorcadiario","Manacor","menorca","modelo 720","mortis causa","obligado tributario","opinion","pactos sucesorioes","pactos sucesorios","Palma","patrimonio","plan anual de control tributario","plusval\u00eda","port d&#8217;andratx","prespuestos generales del estado","presupuestos 2021","prevenci\u00f3n","proindiviso","propuestas","puerto de andratx","recargo","reforma","residentes fiscales","resindencia fiscal","solicitors","sucesi\u00f3n","sucesi\u00f3n en vida","sucesiones y donaciones","tasa amazon","TEAC","TEAR","testador","Tribunal Econ\u00f3mico Administrativo","Tribunal Econ\u00f3mico Administrativo Central","Tribunal Econ\u00f3mico Administrativo Regional","tributos","ue","valor de referencia","valor de referencia catastral"],"articleSection":["actualidad","blog","Derecho Fiscal","Derecho Tributario","Home","Illes Balears","impuestos","Opini\u00f3n"],"inLanguage":"de"},{"@type":"WebPage","@id":"https:\/\/fmsb.eu\/de\/2024\/02\/17\/fue-a-por-lana-irpf-volvio-trasquilado\/","url":"https:\/\/fmsb.eu\/de\/2024\/02\/17\/fue-a-por-lana-irpf-volvio-trasquilado\/","name":"Del que fue a por \u201clana\u201d en el IRPF, y volvi\u00f3 trasquilado, por Jorge S\u00e1inz de Baranda - FMSB Abogados y Economistas en Baleares","isPartOf":{"@id":"https:\/\/fmsb.eu\/de\/#website"},"primaryImageOfPage":{"@id":"https:\/\/fmsb.eu\/de\/2024\/02\/17\/fue-a-por-lana-irpf-volvio-trasquilado\/#primaryimage"},"image":{"@id":"https:\/\/fmsb.eu\/de\/2024\/02\/17\/fue-a-por-lana-irpf-volvio-trasquilado\/#primaryimage"},"thumbnailUrl":"https:\/\/fmsb.eu\/wp-content\/uploads\/2024\/02\/FMSB-Abogados-Jorge-Sainz-de-Baranda-Del-que-fue-a-por-lana-en-el-IRPF-00.jpg","datePublished":"2024-02-17T16:48:55+00:00","description":"Del que fue a por \u201clana\u201d en el IRPF, y volvi\u00f3 trasquilado, opini\u00f3n del abogado especializado en Derecho tributario Jorge Sainz de Baranda","breadcrumb":{"@id":"https:\/\/fmsb.eu\/de\/2024\/02\/17\/fue-a-por-lana-irpf-volvio-trasquilado\/#breadcrumb"},"inLanguage":"de","potentialAction":[{"@type":"ReadAction","target":["https:\/\/fmsb.eu\/de\/2024\/02\/17\/fue-a-por-lana-irpf-volvio-trasquilado\/"]}]},{"@type":"ImageObject","inLanguage":"de","@id":"https:\/\/fmsb.eu\/de\/2024\/02\/17\/fue-a-por-lana-irpf-volvio-trasquilado\/#primaryimage","url":"https:\/\/fmsb.eu\/wp-content\/uploads\/2024\/02\/FMSB-Abogados-Jorge-Sainz-de-Baranda-Del-que-fue-a-por-lana-en-el-IRPF-00.jpg","contentUrl":"https:\/\/fmsb.eu\/wp-content\/uploads\/2024\/02\/FMSB-Abogados-Jorge-Sainz-de-Baranda-Del-que-fue-a-por-lana-en-el-IRPF-00.jpg","width":1600,"height":1299},{"@type":"BreadcrumbList","@id":"https:\/\/fmsb.eu\/de\/2024\/02\/17\/fue-a-por-lana-irpf-volvio-trasquilado\/#breadcrumb","itemListElement":[{"@type":"ListItem","position":1,"name":"Portada","item":"https:\/\/fmsb.eu\/de\/"},{"@type":"ListItem","position":2,"name":"Del que fue a por \u201clana\u201d en el IRPF, y volvi\u00f3 trasquilado, por Jorge S\u00e1inz de Baranda"}]},{"@type":"WebSite","@id":"https:\/\/fmsb.eu\/de\/#website","url":"https:\/\/fmsb.eu\/de\/","name":"FMSB Abogados y Economistas en Baleares","description":"","publisher":{"@id":"https:\/\/fmsb.eu\/de\/#organization"},"potentialAction":[{"@type":"SearchAction","target":{"@type":"EntryPoint","urlTemplate":"https:\/\/fmsb.eu\/de\/?s={search_term_string}"},"query-input":{"@type":"PropertyValueSpecification","valueRequired":true,"valueName":"search_term_string"}}],"inLanguage":"de"},{"@type":"Organization","@id":"https:\/\/fmsb.eu\/de\/#organization","name":"FMSB Abogados y Economistas en Baleares","url":"https:\/\/fmsb.eu\/de\/","logo":{"@type":"ImageObject","inLanguage":"de","@id":"https:\/\/fmsb.eu\/de\/#\/schema\/logo\/image\/","url":"https:\/\/fmsb.eu\/wp-content\/uploads\/2025\/02\/logo.svg","contentUrl":"https:\/\/fmsb.eu\/wp-content\/uploads\/2025\/02\/logo.svg","width":154,"height":52,"caption":"FMSB Abogados y Economistas en Baleares"},"image":{"@id":"https:\/\/fmsb.eu\/de\/#\/schema\/logo\/image\/"}},{"@type":"Person","@id":"https:\/\/fmsb.eu\/de\/#\/schema\/person\/9fba7c70814b0cd34d35d655d36a4ca2","name":"fmsb","image":{"@type":"ImageObject","inLanguage":"de","@id":"https:\/\/secure.gravatar.com\/avatar\/426f4d5b0ebcace85460caf87cdaaa193694b611e990615d87a13f322fb7ee7f?s=96&d=mm&r=g","url":"https:\/\/secure.gravatar.com\/avatar\/426f4d5b0ebcace85460caf87cdaaa193694b611e990615d87a13f322fb7ee7f?s=96&d=mm&r=g","contentUrl":"https:\/\/secure.gravatar.com\/avatar\/426f4d5b0ebcace85460caf87cdaaa193694b611e990615d87a13f322fb7ee7f?s=96&d=mm&r=g","caption":"fmsb"},"sameAs":["https:\/\/x.com\/fmsb-disstint"],"url":"https:\/\/fmsb.eu\/de\/author\/fmsb\/"}]}},"_links":{"self":[{"href":"https:\/\/fmsb.eu\/de\/wp-json\/wp\/v2\/posts\/11013","targetHints":{"allow":["GET"]}}],"collection":[{"href":"https:\/\/fmsb.eu\/de\/wp-json\/wp\/v2\/posts"}],"about":[{"href":"https:\/\/fmsb.eu\/de\/wp-json\/wp\/v2\/types\/post"}],"author":[{"embeddable":true,"href":"https:\/\/fmsb.eu\/de\/wp-json\/wp\/v2\/users\/2"}],"replies":[{"embeddable":true,"href":"https:\/\/fmsb.eu\/de\/wp-json\/wp\/v2\/comments?post=11013"}],"version-history":[{"count":0,"href":"https:\/\/fmsb.eu\/de\/wp-json\/wp\/v2\/posts\/11013\/revisions"}],"wp:featuredmedia":[{"embeddable":true,"href":"https:\/\/fmsb.eu\/de\/wp-json\/wp\/v2\/media\/10371"}],"wp:attachment":[{"href":"https:\/\/fmsb.eu\/de\/wp-json\/wp\/v2\/media?parent=11013"}],"wp:term":[{"taxonomy":"category","embeddable":true,"href":"https:\/\/fmsb.eu\/de\/wp-json\/wp\/v2\/categories?post=11013"},{"taxonomy":"post_tag","embeddable":true,"href":"https:\/\/fmsb.eu\/de\/wp-json\/wp\/v2\/tags?post=11013"}],"curies":[{"name":"wp","href":"https:\/\/api.w.org\/{rel}","templated":true}]}}