{"id":11029,"date":"2024-02-03T20:47:38","date_gmt":"2024-02-03T19:47:38","guid":{"rendered":"http:\/\/fmsb.disstintbeta.com\/2024\/02\/03\/errar-es-humano-pero-no-con-los-impuestos-por-jorge-sainz-de-baranda\/"},"modified":"2024-02-03T20:47:38","modified_gmt":"2024-02-03T19:47:38","slug":"errar-es-humano-pero-no-con-los-impuestos-por-jorge-sainz-de-baranda","status":"publish","type":"post","link":"https:\/\/fmsb.eu\/de\/2024\/02\/03\/errar-es-humano-pero-no-con-los-impuestos-por-jorge-sainz-de-baranda\/","title":{"rendered":"Errar es humano, pero no con los Impuestos&#8230;, por Jorge S\u00e1inz de Baranda"},"content":{"rendered":"<p>&nbsp;<\/p>\n<div class=\"navegacion\">\n<h3 class=\"antesubtitulo antetit\"><a href=\"http:\/\/www.mallorcadiario.com\"><span style=\"color: #993300;\"><strong>mallorcadiario.com<\/strong><\/span><\/a>\u00a0 <a href=\"https:\/\/www.mallorcadiario.com\/errar-es-humano-pero-no-con-los-impuestos...\">Opini\u00f3n<\/a><\/h3>\n<\/div>\n<p><a href=\"http:\/\/fmsb.disstintbeta.com\/wp-content\/uploads\/2024\/02\/FMSB-ABOGADOS-ERRAR-ES-HUMANO-PERO-NO-CON-LOS-IMPUESTOS-JORGE-SAINZ-DE-BARANDA.jpg\"><img fetchpriority=\"high\" decoding=\"async\" class=\"alignnone wp-image-7589\" src=\"http:\/\/fmsb.disstintbeta.com\/wp-content\/uploads\/2024\/02\/FMSB-ABOGADOS-ERRAR-ES-HUMANO-PERO-NO-CON-LOS-IMPUESTOS-JORGE-SAINZ-DE-BARANDA.jpg\" alt=\"\" width=\"800\" height=\"650\" srcset=\"https:\/\/font-mora-sainz-baranda.fra1.digitaloceanspaces.com\/wp-content\/uploads\/2024\/02\/FMSB-ABOGADOS-ERRAR-ES-HUMANO-PERO-NO-CON-LOS-IMPUESTOS-JORGE-SAINZ-DE-BARANDA.jpg 1600w, https:\/\/font-mora-sainz-baranda.fra1.digitaloceanspaces.com\/wp-content\/uploads\/2024\/02\/FMSB-ABOGADOS-ERRAR-ES-HUMANO-PERO-NO-CON-LOS-IMPUESTOS-JORGE-SAINZ-DE-BARANDA-300x244.jpg 300w, https:\/\/font-mora-sainz-baranda.fra1.digitaloceanspaces.com\/wp-content\/uploads\/2024\/02\/FMSB-ABOGADOS-ERRAR-ES-HUMANO-PERO-NO-CON-LOS-IMPUESTOS-JORGE-SAINZ-DE-BARANDA-1024x831.jpg 1024w, https:\/\/font-mora-sainz-baranda.fra1.digitaloceanspaces.com\/wp-content\/uploads\/2024\/02\/FMSB-ABOGADOS-ERRAR-ES-HUMANO-PERO-NO-CON-LOS-IMPUESTOS-JORGE-SAINZ-DE-BARANDA-768x624.jpg 768w, https:\/\/font-mora-sainz-baranda.fra1.digitaloceanspaces.com\/wp-content\/uploads\/2024\/02\/FMSB-ABOGADOS-ERRAR-ES-HUMANO-PERO-NO-CON-LOS-IMPUESTOS-JORGE-SAINZ-DE-BARANDA-1536x1247.jpg 1536w\" sizes=\"(max-width: 800px) 100vw, 800px\" \/><\/a><\/p>\n<div class=\"navegacion\">\n<h6 class=\"ulthora fecha_publicacion\"><span class=\"dia_mes_anno\">DOMINGO 7 DE ENERO DE 2024<br \/>\n<\/span><\/h6>\n<\/div>\n<h6 class=\"ulthora fecha_publicacion\"><span class=\"dia_mes_anno\" style=\"color: #ffffff;\">\u00a0<\/span><\/h6>\n<div title=\"noticia 557362\">\n<h1 class=\"titulo\"><span style=\"color: #ff0000;\"><a style=\"color: #ff0000;\" href=\"https:\/\/www.mallorcadiario.com\/errar-es-humano-pero-no-con-los-impuestos...\"><strong>Errar es humano, pero no con los Impuestos&#8230;<\/strong><\/a><\/span><\/h1>\n<\/div>\n<div id=\"firmante_767\" class=\"firmante\">\n<p><span style=\"color: #ff0000;\"><span style=\"color: #000000;\">Por\u00a0<\/span><a style=\"color: #ff0000;\" href=\"https:\/\/www.fmsb.eu\/jorge-sainz-de-baranda-brunbeck\/\"><strong><span class=\"nombre_firmante\"><span style=\"color: #000000;\">Jorge S\u00e1inz de Baranda<\/span><\/span><\/strong><\/a><\/span><\/p>\n<h6><span style=\"color: #806c00;\"><a style=\"color: #806c00;\" href=\"https:\/\/www.mallorcadiario.com\/jorge-sainz-de-baranda\/autor\/767\/\"><strong><span style=\"color: #000080;\"><span style=\"color: #8f06cb;\"><span style=\"color: #ff0000;\">M\u00c1S ART\u00cdCULOS DEL AUTOR EN MALLORCADIARIO<\/span><\/span><\/span><\/strong><\/a><\/span><\/h6>\n<p>&nbsp;<\/p>\n<p>La castiza expresi\u00f3n <em>\u00abel que tiene boca se equivoca\u00bb<\/em> nos advierte de que todos, humanos y Hacienda, estamos sujetos a la posibilidad de estar errados -algunos incluso lo estamos con hache-, empleando la misma para disculpar nuestras equivocaciones.<\/p>\n<p>El origen estar\u00eda en la frase latina <em>\u201cerrare humanum est\u201d<\/em>, m\u00e1s docta, que recoge la idea de que hay que ser comprensivo con los errores ya que equivocarse forma parte de la condici\u00f3n humana.<\/p>\n<p>No s\u00e9 si saben que esta expresi\u00f3n se atribuye a S\u00e9neca, Cicer\u00f3n y San Agust\u00edn -y adem\u00e1s por ese orden-, pero su forma completa era <em>&#8222;errare humanum est, sed perseverare diabolicum&#8220;<\/em>, que literalmente significa \u00ab<em>errar es humano, pero perseverar<\/em> (en el error, claro est\u00e1) <em>resulta diab\u00f3lico<\/em>\u00bb -expresi\u00f3n a la que yo le doy el <em>cambiazo<\/em> por el t\u00edtulo de hoy, <em>&#8222;errare humanum est, sed non tributis&#8230;&#8220;<\/em>-.<\/p>\n<p>Pues bien, el <em>errar es humano<\/em> y <em>quien tiene boca se equivoca<\/em> resultan ser los fundamentos del nuevo principio de moda en derecho tributario que se conoce como el \u00abderecho al error\u00bb.<\/p>\n<p>La idea surge por primera vez en una Ley francesa de 2018, que defiende el \u201c<em>droit \u00e0 l&#8217;erreur<\/em>&#8220; por parte del contribuyente, y que recoge la posibilidad de que los obligados tributarios franceses -pero solo los franceses, que el chauvinismo es marca de la casa- se pueden equivocar en sus declaraciones tributarias sin arriesgarse a una sanci\u00f3n autom\u00e1tica siempre que lo corrijan, espont\u00e1neamente o durante una comprobaci\u00f3n, dentro del plazo que se les haya indicado.<\/p>\n<p>Para ello se invierte la carga de la prueba, correspondiendo a la Administraci\u00f3n demostrar la mala fe del contribuyente, no siendo, eso s\u00ed, aplicable a reincidentes o defraudadores, ni tomarlo como una especie de derecho de &#8222;<em>pernada<\/em>&#8220; para poder cumplir con las obligaciones tributarias de forma tard\u00eda o incumplirlas de forma continuada.<\/p>\n<p>Este principio ya se acogi\u00f3 por los expertos en el Libro Blanco sobre la Reforma Tributaria de 2022 del Instituto de Estudios Fiscales, y por el Consejo de Defensa del Contribuyente despu\u00e9s, afirmando algo tan evidente como que es \u201c<em>indispensable mejorar la relaci\u00f3n de la Administraci\u00f3n tributaria con los contribuyentes, evitando trasladar la impresi\u00f3n de culpabilidad y persecuci\u00f3n a aqu\u00e9llos que suelen cumplir sus obligaciones correctamente y que, en alguna ocasi\u00f3n, se retrasaron o se equivocaron en sus relaciones con la Administraci\u00f3n<\/em>&#8222;.<\/p>\n<p>Pues bien, este principio, que ha sido rechazado de forma constante y contundente por la Administraci\u00f3n Tributaria, se ha recogido por primera vez en la Sentencia 7835\/2023 del Tribunal Superior de Justicia de Galicia como consecuencia de un recurso interpuesto por un contribuyente contra una sanci\u00f3n por la venta de unas participaciones en el seno de una reestructuraci\u00f3n empresarial -con extinci\u00f3n del r\u00e9gimen econ\u00f3mico-matrimonial para m\u00e1s <em>inri<\/em>-, en el que nuestro protagonista declar\u00f3 de forma incorrecta la ganancia patrimonial -estaba incluida en la declaraci\u00f3n de IRPF, pero calculada err\u00f3neamente-.<\/p>\n<p>El contribuyente acepta la regularizaci\u00f3n propuesta pero no la sanci\u00f3n, y ello al entender que no tuvo ninguna voluntad infractora en su comportamiento ya que, en primer lugar, firm\u00f3 las actas en conformidad, pagando la cuota, y segundo, y m\u00e1s importante, porque las operaciones ejecutadas eran muy complejas -el propio abogado del Estado admite que <em>\u00abquiz\u00e1s podr\u00eda haber cierta discusi\u00f3n\u00bb<\/em> en la cuantificaci\u00f3n de la ganancia, aunque le quita importancia a ese hecho dado que el contribuyente contaba con asesores-.<\/p>\n<p>La Sentencia se\u00f1ala claramente que no estamos ante una interpretaci\u00f3n razonable de la norma por parte del contribuyente -que excluir\u00eda de forma autom\u00e1tica la sanci\u00f3n en todo caso-, pero lo trata como una negligencia leve que, unida a la evidente complejidad de nuestro sistema tributario, la propia naturaleza de las operaciones, y la inexistencia de reincidencia por parte del sujeto pasivo, permite concluir que no existe culpabilidad por la infracci\u00f3n cometida, recordando algo que a veces se olvida: que los contribuyentes deben gozar siempre de la presunci\u00f3n de buena fe, y no del &#8222;<em>in dubio pro fisco<\/em>&#8222;.<\/p>\n<p>Y a\u00f1ade la Sentencia algo que para m\u00ed es de una importancia vital -se te ve el &#8222;<em>plumero<\/em>&#8220; me dir\u00e1n Uds., y con raz\u00f3n-: que aun cuando exista asesoramiento jur\u00eddico o econ\u00f3mico cualificado, ello no puede implicar la necesaria concurrencia de culpabilidad, pues nadie -ni incluso la persona m\u00e1s formada- se encuentra libre de cometer errores en la interpretaci\u00f3n o aplicaci\u00f3n de las normas, m\u00e1xime en un terreno tan &#8222;<em>pantanoso<\/em>&#8220; como es el tributario.<\/p>\n<p>Una buena noticia que no se ve empa\u00f1ada por el posible recurso de casaci\u00f3n ante el Supremo ya que el principio del \u00abderecho al error\u00bb deber\u00eda haber llegado a nuestro ordenamiento para quedarse, pues es evidente que errar es humano y que eso debe excluir, d\u00e1ndose todas las circunstancias, un posible procedimiento sancionador&#8230; As\u00ed que ya saben, ante el error <em>\u00abque no panda el c\u00fanico\u00bb<\/em>, que dec\u00eda el Chapul\u00edn Colorado&#8230;<\/p>\n<\/div>\n<hr \/>\n<p>Art\u00edculo original publicado en el diario digital\u00a0<span style=\"color: #806c00;\"><a style=\"color: #806c00;\" href=\"https:\/\/www.mallorcadiario.com\"><strong><span style=\"color: #000080;\">mallorcadiario.com<\/span><\/strong><\/a><\/span> .\u00a0\u00a0 L\u00e9elo directamente en <span style=\"color: #000080;\"><a style=\"color: #000080;\" href=\"https:\/\/www.mallorcadiario.com\"><strong>mallorcadiario.com<\/strong><\/a><\/span> a trav\u00e9s de este <span style=\"color: #4c271e;\"><a style=\"color: #4c271e;\" href=\"https:\/\/www.mallorcadiario.com\/errar-es-humano-pero-no-con-los-impuestos...\"><strong><span style=\"color: #520000;\"><span style=\"color: #806c00;\"><span style=\"color: #000080;\"><span style=\"color: #404121;\">enlace<\/span><\/span><\/span><\/span><\/strong><\/a><\/span><\/p>\n","protected":false},"excerpt":{"rendered":"<p>&nbsp; mallorcadiario.com\u00a0 Opini\u00f3n DOMINGO 7 DE ENERO DE 2024 \u00a0 Errar es humano, pero no con los Impuestos&#8230; Por\u00a0Jorge S\u00e1inz de Baranda M\u00c1S ART\u00cdCULOS DEL AUTOR EN MALLORCADIARIO &nbsp; La castiza expresi\u00f3n \u00abel que tiene boca se equivoca\u00bb nos advierte de que todos, humanos y Hacienda, estamos sujetos a la posibilidad de estar errados -algunos [&hellip;]<\/p>\n","protected":false},"author":2,"featured_media":10347,"comment_status":"closed","ping_status":"open","sticky":false,"template":"","format":"standard","meta":{"footnotes":""},"categories":[2198,2199,2309,2310,2202,2660,2805,3169],"tags":[2206,2663,2664,2665,2312,2666,2667,2507,2314,2668,2208,2669,2670,2315,2671,2672,2673,2316,2674,2675,2676,2677,2678,2679,2318,2319,2320,2321,2323,2680,2681,2682,2683,2684,2218,2219,2685,2686,2575,2223,2687,2688,2689,2690,2325,2326,2327,2691,2225,2328,2692,2329,2693,2330,2694,2331,2695,2333,2228,2229,2334,2231,2336,2232,2234,2696,2341,2342,2343,2697,2344,2345,2698,2699,2700,2236,2701,2702,2349,2703,2350,2240,2704,2705,2354,2355,2243,2359,2360,2361,2706,2707,2708,2709,2710,2711,2712,2363,2713,2364,2365],"class_list":["post-11029","post","type-post","status-publish","format-standard","has-post-thumbnail","hentry","category-actualidad-de","category-blog-de","category-derecho-fiscal-de","category-derecho-tributario-de","category-home-de","category-illes-balears-de","category-impuestos-de","category-opinion-de","tag-abogados-de","tag-administracion-tributaria-de","tag-administraciones-tributarias-de","tag-aeat-de","tag-agencia-tributaria-de","tag-antifraude-de","tag-aplazamiento-de","tag-articulos-de","tag-asesores-de","tag-atib-de","tag-baleares-de","tag-blanqueo-de","tag-blanqueo-de-capitales-de","tag-bonificacion-de","tag-campana-de-la-renta-de","tag-campana-irpf-de","tag-catastro-de","tag-comunidad-autonoma-de","tag-declaracion-de-inconstitucionalidad-de","tag-declaracion-de-nulidad-de","tag-deflacion-de","tag-deflactacion-de","tag-deflactar-de","tag-derecho-al-error-de","tag-derecho-civil-propio-de","tag-derecho-de-la-union-europea-de","tag-derecho-fiscal-de","tag-derecho-tributario-de","tag-derogacion-de","tag-deudas-de","tag-dgt-de","tag-direccion-general-de-tributos-de","tag-direccion-general-del-catastro-de","tag-doble-imposicion-de","tag-economistas-de","tag-el-arenal-de","tag-exencion-por-reinversion-de","tag-extranjeros-de","tag-fallecimiento-de","tag-fmsb-de","tag-fraccionamiento-de","tag-fraude-fiscal-de","tag-galicia-de","tag-gravamen-extraordinario-de","tag-hacienda-de","tag-herencia-de","tag-herencias-de","tag-ibi-de","tag-ibiza-de","tag-illes-balears-de","tag-impuesto-de-solidaridad-a-las-grandes-fortunas-de","tag-impuesto-de-sucesiones-de","tag-impuesto-sobre-la-renta-de","tag-impuestos-de","tag-incremento-del-valor-de-los-terrenos-de-naturaleza-urbana-de","tag-irpf-de","tag-jorge-lorenzo-de","tag-jorge-sainz-de-baranda-de","tag-law-de","tag-lawyers-de","tag-ley-antifraude-de","tag-mallorca-de","tag-mallorcadiario-de","tag-manacor-de","tag-menorca-de","tag-modelo-720-de","tag-mortis-causa-de","tag-obligado-tributario-de","tag-opinion-de","tag-pactos-sucesorioes-de","tag-pactos-sucesorios-de","tag-palma-de","tag-patrimonio-de","tag-plan-anual-de-control-tributario-de","tag-plusvalia-de","tag-port-dandratx-de","tag-prespuestos-generales-del-estado-de","tag-presupuestos-2021-de","tag-prevencion-de","tag-proindiviso-de","tag-propuestas-de","tag-puerto-de-andratx-de","tag-recargo-de","tag-reforma-de","tag-residentes-fiscales-de","tag-resindencia-fiscal-de","tag-solicitors-de","tag-sucesion-de","tag-sucesion-en-vida-de","tag-sucesiones-y-donaciones-de","tag-tasa-amazon-de","tag-teac-de","tag-tear-de","tag-testador-de","tag-tribunal-economico-administrativo-de","tag-tribunal-economico-administrativo-central-de","tag-tribunal-economico-administrativo-regional-de","tag-tributos-de","tag-ue-de","tag-valor-de-referencia-de","tag-valor-de-referencia-catastral-de"],"yoast_head":"<!-- This site is optimized with the Yoast SEO plugin v27.3 - https:\/\/yoast.com\/product\/yoast-seo-wordpress\/ -->\n<title>Errar es humano, pero no con los Impuestos..., por Jorge S\u00e1inz de Baranda - FMSB Abogados y Economistas en Baleares<\/title>\n<meta name=\"description\" content=\"Errar es humano, pero no con los impuestos... Art\u00edculo de opini\u00f3n del abogado especializado en Derecho tributario Jorge Sainz de Baranda\" \/>\n<meta name=\"robots\" content=\"index, follow, max-snippet:-1, max-image-preview:large, max-video-preview:-1\" \/>\n<link rel=\"canonical\" href=\"https:\/\/fmsb.eu\/de\/2024\/02\/03\/errar-es-humano-pero-no-con-los-impuestos-por-jorge-sainz-de-baranda\/\" \/>\n<meta property=\"og:locale\" content=\"de_DE\" \/>\n<meta property=\"og:type\" content=\"article\" \/>\n<meta property=\"og:title\" content=\"Errar es humano, pero no con los Impuestos..., por Jorge S\u00e1inz de Baranda - FMSB Abogados y Economistas en Baleares\" \/>\n<meta property=\"og:description\" content=\"Errar es humano, pero no con los impuestos... Art\u00edculo de opini\u00f3n del abogado especializado en Derecho tributario Jorge Sainz de Baranda\" \/>\n<meta property=\"og:url\" content=\"https:\/\/fmsb.eu\/de\/2024\/02\/03\/errar-es-humano-pero-no-con-los-impuestos-por-jorge-sainz-de-baranda\/\" \/>\n<meta property=\"og:site_name\" content=\"FMSB Abogados y Economistas en Baleares\" \/>\n<meta property=\"article:published_time\" content=\"2024-02-03T19:47:38+00:00\" \/>\n<meta property=\"og:image\" content=\"https:\/\/fmsb.eu\/wp-content\/uploads\/2024\/02\/FMSB-ABOGADOS-ERRAR-ES-HUMANO-PERO-NO-CON-LOS-IMPUESTOS-JORGE-SAINZ-DE-BARANDA.jpg\" \/>\n\t<meta property=\"og:image:width\" content=\"1600\" \/>\n\t<meta property=\"og:image:height\" content=\"1299\" \/>\n\t<meta property=\"og:image:type\" content=\"image\/jpeg\" \/>\n<meta name=\"author\" content=\"fmsb\" \/>\n<meta name=\"twitter:card\" content=\"summary_large_image\" \/>\n<meta name=\"twitter:creator\" content=\"@fmsb-disstint\" \/>\n<meta name=\"twitter:label1\" content=\"Verfasst von\" \/>\n\t<meta name=\"twitter:data1\" content=\"fmsb\" \/>\n\t<meta name=\"twitter:label2\" content=\"Gesch\u00e4tzte Lesezeit\" \/>\n\t<meta name=\"twitter:data2\" content=\"5\u00a0Minuten\" \/>\n<script type=\"application\/ld+json\" class=\"yoast-schema-graph\">{\"@context\":\"https:\\\/\\\/schema.org\",\"@graph\":[{\"@type\":\"Article\",\"@id\":\"https:\\\/\\\/fmsb.eu\\\/de\\\/2024\\\/02\\\/03\\\/errar-es-humano-pero-no-con-los-impuestos-por-jorge-sainz-de-baranda\\\/#article\",\"isPartOf\":{\"@id\":\"https:\\\/\\\/fmsb.eu\\\/de\\\/2024\\\/02\\\/03\\\/errar-es-humano-pero-no-con-los-impuestos-por-jorge-sainz-de-baranda\\\/\"},\"author\":{\"name\":\"fmsb\",\"@id\":\"https:\\\/\\\/fmsb.eu\\\/de\\\/#\\\/schema\\\/person\\\/9fba7c70814b0cd34d35d655d36a4ca2\"},\"headline\":\"Errar es humano, pero no con los Impuestos&#8230;, por Jorge S\u00e1inz de Baranda\",\"datePublished\":\"2024-02-03T19:47:38+00:00\",\"mainEntityOfPage\":{\"@id\":\"https:\\\/\\\/fmsb.eu\\\/de\\\/2024\\\/02\\\/03\\\/errar-es-humano-pero-no-con-los-impuestos-por-jorge-sainz-de-baranda\\\/\"},\"wordCount\":920,\"publisher\":{\"@id\":\"https:\\\/\\\/fmsb.eu\\\/de\\\/#organization\"},\"image\":{\"@id\":\"https:\\\/\\\/fmsb.eu\\\/de\\\/2024\\\/02\\\/03\\\/errar-es-humano-pero-no-con-los-impuestos-por-jorge-sainz-de-baranda\\\/#primaryimage\"},\"thumbnailUrl\":\"https:\\\/\\\/fmsb.eu\\\/wp-content\\\/uploads\\\/2024\\\/02\\\/FMSB-ABOGADOS-ERRAR-ES-HUMANO-PERO-NO-CON-LOS-IMPUESTOS-JORGE-SAINZ-DE-BARANDA.jpg\",\"keywords\":[\"abogados\",\"administraci\u00f3n tributaria\",\"administraciones tributarias\",\"aeat\",\"agencia tributaria\",\"antifraude\",\"aplazamiento\",\"articulos\",\"asesores\",\"ATIB\",\"baleares\",\"blanqueo\",\"blanqueo de capitales\",\"bonificaci\u00f3n\",\"campa\u00f1a de la renta\",\"campa\u00f1a irpf\",\"catastro\",\"comunidad aut\u00f3noma\",\"declaraci\u00f3n de inconstitucionalidad\",\"declaraci\u00f3n de nulidad\",\"deflaci\u00f3n\",\"deflactaci\u00f3n\",\"deflactar\",\"derecho al error\",\"derecho civil propio\",\"derecho de la uni\u00f3n europea\",\"derecho fiscal\",\"derecho tributario\",\"derogaci\u00f3n\",\"deudas\",\"dgt\",\"direcci\u00f3n general de tributos\",\"direcci\u00f3n general del catastro\",\"doble imposici\u00f3n\",\"economistas\",\"el arenal\",\"exenci\u00f3n por reinversi\u00f3n\",\"extranjeros\",\"fallecimiento\",\"fmsb\",\"fraccionamiento\",\"fraude fiscal\",\"Galicia\",\"gravamen extraordinario\",\"Hacienda\",\"herencia\",\"herencias\",\"ibi\",\"ibiza\",\"illes balears\",\"impuesto de solidaridad a las grandes fortunas\",\"impuesto de sucesiones\",\"impuesto sobre la renta\",\"impuestos\",\"incremento del valor de los terrenos de naturaleza urbana\",\"IRPF\",\"jorge lorenzo\",\"jorge sainz de baranda\",\"law\",\"lawyers\",\"ley antifraude\",\"mallorca\",\"mallorcadiario\",\"Manacor\",\"menorca\",\"modelo 720\",\"mortis causa\",\"obligado tributario\",\"opinion\",\"pactos sucesorioes\",\"pactos sucesorios\",\"Palma\",\"patrimonio\",\"plan anual de control tributario\",\"plusval\u00eda\",\"port d&#8217;andratx\",\"prespuestos generales del estado\",\"presupuestos 2021\",\"prevenci\u00f3n\",\"proindiviso\",\"propuestas\",\"puerto de andratx\",\"recargo\",\"reforma\",\"residentes fiscales\",\"resindencia fiscal\",\"solicitors\",\"sucesi\u00f3n\",\"sucesi\u00f3n en vida\",\"sucesiones y donaciones\",\"tasa amazon\",\"TEAC\",\"TEAR\",\"testador\",\"Tribunal Econ\u00f3mico Administrativo\",\"Tribunal Econ\u00f3mico Administrativo Central\",\"Tribunal Econ\u00f3mico Administrativo Regional\",\"tributos\",\"ue\",\"valor de referencia\",\"valor de referencia catastral\"],\"articleSection\":[\"actualidad\",\"blog\",\"Derecho Fiscal\",\"Derecho Tributario\",\"Home\",\"Illes Balears\",\"impuestos\",\"Opini\u00f3n\"],\"inLanguage\":\"de\"},{\"@type\":\"WebPage\",\"@id\":\"https:\\\/\\\/fmsb.eu\\\/de\\\/2024\\\/02\\\/03\\\/errar-es-humano-pero-no-con-los-impuestos-por-jorge-sainz-de-baranda\\\/\",\"url\":\"https:\\\/\\\/fmsb.eu\\\/de\\\/2024\\\/02\\\/03\\\/errar-es-humano-pero-no-con-los-impuestos-por-jorge-sainz-de-baranda\\\/\",\"name\":\"Errar es humano, pero no con los Impuestos..., por Jorge S\u00e1inz de Baranda - FMSB Abogados y Economistas en Baleares\",\"isPartOf\":{\"@id\":\"https:\\\/\\\/fmsb.eu\\\/de\\\/#website\"},\"primaryImageOfPage\":{\"@id\":\"https:\\\/\\\/fmsb.eu\\\/de\\\/2024\\\/02\\\/03\\\/errar-es-humano-pero-no-con-los-impuestos-por-jorge-sainz-de-baranda\\\/#primaryimage\"},\"image\":{\"@id\":\"https:\\\/\\\/fmsb.eu\\\/de\\\/2024\\\/02\\\/03\\\/errar-es-humano-pero-no-con-los-impuestos-por-jorge-sainz-de-baranda\\\/#primaryimage\"},\"thumbnailUrl\":\"https:\\\/\\\/fmsb.eu\\\/wp-content\\\/uploads\\\/2024\\\/02\\\/FMSB-ABOGADOS-ERRAR-ES-HUMANO-PERO-NO-CON-LOS-IMPUESTOS-JORGE-SAINZ-DE-BARANDA.jpg\",\"datePublished\":\"2024-02-03T19:47:38+00:00\",\"description\":\"Errar es humano, pero no con los impuestos... Art\u00edculo de opini\u00f3n del abogado especializado en Derecho tributario Jorge Sainz de Baranda\",\"breadcrumb\":{\"@id\":\"https:\\\/\\\/fmsb.eu\\\/de\\\/2024\\\/02\\\/03\\\/errar-es-humano-pero-no-con-los-impuestos-por-jorge-sainz-de-baranda\\\/#breadcrumb\"},\"inLanguage\":\"de\",\"potentialAction\":[{\"@type\":\"ReadAction\",\"target\":[\"https:\\\/\\\/fmsb.eu\\\/de\\\/2024\\\/02\\\/03\\\/errar-es-humano-pero-no-con-los-impuestos-por-jorge-sainz-de-baranda\\\/\"]}]},{\"@type\":\"ImageObject\",\"inLanguage\":\"de\",\"@id\":\"https:\\\/\\\/fmsb.eu\\\/de\\\/2024\\\/02\\\/03\\\/errar-es-humano-pero-no-con-los-impuestos-por-jorge-sainz-de-baranda\\\/#primaryimage\",\"url\":\"https:\\\/\\\/fmsb.eu\\\/wp-content\\\/uploads\\\/2024\\\/02\\\/FMSB-ABOGADOS-ERRAR-ES-HUMANO-PERO-NO-CON-LOS-IMPUESTOS-JORGE-SAINZ-DE-BARANDA.jpg\",\"contentUrl\":\"https:\\\/\\\/fmsb.eu\\\/wp-content\\\/uploads\\\/2024\\\/02\\\/FMSB-ABOGADOS-ERRAR-ES-HUMANO-PERO-NO-CON-LOS-IMPUESTOS-JORGE-SAINZ-DE-BARANDA.jpg\",\"width\":1600,\"height\":1299},{\"@type\":\"BreadcrumbList\",\"@id\":\"https:\\\/\\\/fmsb.eu\\\/de\\\/2024\\\/02\\\/03\\\/errar-es-humano-pero-no-con-los-impuestos-por-jorge-sainz-de-baranda\\\/#breadcrumb\",\"itemListElement\":[{\"@type\":\"ListItem\",\"position\":1,\"name\":\"Portada\",\"item\":\"https:\\\/\\\/fmsb.eu\\\/de\\\/\"},{\"@type\":\"ListItem\",\"position\":2,\"name\":\"Errar es humano, pero no con los Impuestos&#8230;, por Jorge S\u00e1inz de Baranda\"}]},{\"@type\":\"WebSite\",\"@id\":\"https:\\\/\\\/fmsb.eu\\\/de\\\/#website\",\"url\":\"https:\\\/\\\/fmsb.eu\\\/de\\\/\",\"name\":\"FMSB Abogados y Economistas en Baleares\",\"description\":\"\",\"publisher\":{\"@id\":\"https:\\\/\\\/fmsb.eu\\\/de\\\/#organization\"},\"potentialAction\":[{\"@type\":\"SearchAction\",\"target\":{\"@type\":\"EntryPoint\",\"urlTemplate\":\"https:\\\/\\\/fmsb.eu\\\/de\\\/?s={search_term_string}\"},\"query-input\":{\"@type\":\"PropertyValueSpecification\",\"valueRequired\":true,\"valueName\":\"search_term_string\"}}],\"inLanguage\":\"de\"},{\"@type\":\"Organization\",\"@id\":\"https:\\\/\\\/fmsb.eu\\\/de\\\/#organization\",\"name\":\"FMSB Abogados y Economistas en Baleares\",\"url\":\"https:\\\/\\\/fmsb.eu\\\/de\\\/\",\"logo\":{\"@type\":\"ImageObject\",\"inLanguage\":\"de\",\"@id\":\"https:\\\/\\\/fmsb.eu\\\/de\\\/#\\\/schema\\\/logo\\\/image\\\/\",\"url\":\"https:\\\/\\\/fmsb.eu\\\/wp-content\\\/uploads\\\/2025\\\/02\\\/logo.svg\",\"contentUrl\":\"https:\\\/\\\/fmsb.eu\\\/wp-content\\\/uploads\\\/2025\\\/02\\\/logo.svg\",\"width\":154,\"height\":52,\"caption\":\"FMSB Abogados y Economistas en Baleares\"},\"image\":{\"@id\":\"https:\\\/\\\/fmsb.eu\\\/de\\\/#\\\/schema\\\/logo\\\/image\\\/\"}},{\"@type\":\"Person\",\"@id\":\"https:\\\/\\\/fmsb.eu\\\/de\\\/#\\\/schema\\\/person\\\/9fba7c70814b0cd34d35d655d36a4ca2\",\"name\":\"fmsb\",\"image\":{\"@type\":\"ImageObject\",\"inLanguage\":\"de\",\"@id\":\"https:\\\/\\\/secure.gravatar.com\\\/avatar\\\/426f4d5b0ebcace85460caf87cdaaa193694b611e990615d87a13f322fb7ee7f?s=96&d=mm&r=g\",\"url\":\"https:\\\/\\\/secure.gravatar.com\\\/avatar\\\/426f4d5b0ebcace85460caf87cdaaa193694b611e990615d87a13f322fb7ee7f?s=96&d=mm&r=g\",\"contentUrl\":\"https:\\\/\\\/secure.gravatar.com\\\/avatar\\\/426f4d5b0ebcace85460caf87cdaaa193694b611e990615d87a13f322fb7ee7f?s=96&d=mm&r=g\",\"caption\":\"fmsb\"},\"sameAs\":[\"https:\\\/\\\/x.com\\\/fmsb-disstint\"],\"url\":\"https:\\\/\\\/fmsb.eu\\\/de\\\/author\\\/fmsb\\\/\"}]}<\/script>\n<!-- \/ Yoast SEO plugin. -->","yoast_head_json":{"title":"Errar es humano, pero no con los Impuestos..., por Jorge S\u00e1inz de Baranda - FMSB Abogados y Economistas en Baleares","description":"Errar es humano, pero no con los impuestos... Art\u00edculo de opini\u00f3n del abogado especializado en Derecho tributario Jorge Sainz de Baranda","robots":{"index":"index","follow":"follow","max-snippet":"max-snippet:-1","max-image-preview":"max-image-preview:large","max-video-preview":"max-video-preview:-1"},"canonical":"https:\/\/fmsb.eu\/de\/2024\/02\/03\/errar-es-humano-pero-no-con-los-impuestos-por-jorge-sainz-de-baranda\/","og_locale":"de_DE","og_type":"article","og_title":"Errar es humano, pero no con los Impuestos..., por Jorge S\u00e1inz de Baranda - FMSB Abogados y Economistas en Baleares","og_description":"Errar es humano, pero no con los impuestos... Art\u00edculo de opini\u00f3n del abogado especializado en Derecho tributario Jorge Sainz de Baranda","og_url":"https:\/\/fmsb.eu\/de\/2024\/02\/03\/errar-es-humano-pero-no-con-los-impuestos-por-jorge-sainz-de-baranda\/","og_site_name":"FMSB Abogados y Economistas en Baleares","article_published_time":"2024-02-03T19:47:38+00:00","og_image":[{"width":1600,"height":1299,"url":"https:\/\/fmsb.eu\/wp-content\/uploads\/2024\/02\/FMSB-ABOGADOS-ERRAR-ES-HUMANO-PERO-NO-CON-LOS-IMPUESTOS-JORGE-SAINZ-DE-BARANDA.jpg","type":"image\/jpeg"}],"author":"fmsb","twitter_card":"summary_large_image","twitter_creator":"@fmsb-disstint","twitter_misc":{"Verfasst von":"fmsb","Gesch\u00e4tzte Lesezeit":"5\u00a0Minuten"},"schema":{"@context":"https:\/\/schema.org","@graph":[{"@type":"Article","@id":"https:\/\/fmsb.eu\/de\/2024\/02\/03\/errar-es-humano-pero-no-con-los-impuestos-por-jorge-sainz-de-baranda\/#article","isPartOf":{"@id":"https:\/\/fmsb.eu\/de\/2024\/02\/03\/errar-es-humano-pero-no-con-los-impuestos-por-jorge-sainz-de-baranda\/"},"author":{"name":"fmsb","@id":"https:\/\/fmsb.eu\/de\/#\/schema\/person\/9fba7c70814b0cd34d35d655d36a4ca2"},"headline":"Errar es humano, pero no con los Impuestos&#8230;, por Jorge S\u00e1inz de Baranda","datePublished":"2024-02-03T19:47:38+00:00","mainEntityOfPage":{"@id":"https:\/\/fmsb.eu\/de\/2024\/02\/03\/errar-es-humano-pero-no-con-los-impuestos-por-jorge-sainz-de-baranda\/"},"wordCount":920,"publisher":{"@id":"https:\/\/fmsb.eu\/de\/#organization"},"image":{"@id":"https:\/\/fmsb.eu\/de\/2024\/02\/03\/errar-es-humano-pero-no-con-los-impuestos-por-jorge-sainz-de-baranda\/#primaryimage"},"thumbnailUrl":"https:\/\/fmsb.eu\/wp-content\/uploads\/2024\/02\/FMSB-ABOGADOS-ERRAR-ES-HUMANO-PERO-NO-CON-LOS-IMPUESTOS-JORGE-SAINZ-DE-BARANDA.jpg","keywords":["abogados","administraci\u00f3n tributaria","administraciones tributarias","aeat","agencia tributaria","antifraude","aplazamiento","articulos","asesores","ATIB","baleares","blanqueo","blanqueo de capitales","bonificaci\u00f3n","campa\u00f1a de la renta","campa\u00f1a irpf","catastro","comunidad aut\u00f3noma","declaraci\u00f3n de inconstitucionalidad","declaraci\u00f3n de nulidad","deflaci\u00f3n","deflactaci\u00f3n","deflactar","derecho al error","derecho civil propio","derecho de la uni\u00f3n europea","derecho fiscal","derecho tributario","derogaci\u00f3n","deudas","dgt","direcci\u00f3n general de tributos","direcci\u00f3n general del catastro","doble imposici\u00f3n","economistas","el arenal","exenci\u00f3n por reinversi\u00f3n","extranjeros","fallecimiento","fmsb","fraccionamiento","fraude fiscal","Galicia","gravamen extraordinario","Hacienda","herencia","herencias","ibi","ibiza","illes balears","impuesto de solidaridad a las grandes fortunas","impuesto de sucesiones","impuesto sobre la renta","impuestos","incremento del valor de los terrenos de naturaleza urbana","IRPF","jorge lorenzo","jorge sainz de baranda","law","lawyers","ley antifraude","mallorca","mallorcadiario","Manacor","menorca","modelo 720","mortis causa","obligado tributario","opinion","pactos sucesorioes","pactos sucesorios","Palma","patrimonio","plan anual de control tributario","plusval\u00eda","port d&#8217;andratx","prespuestos generales del estado","presupuestos 2021","prevenci\u00f3n","proindiviso","propuestas","puerto de andratx","recargo","reforma","residentes fiscales","resindencia fiscal","solicitors","sucesi\u00f3n","sucesi\u00f3n en vida","sucesiones y donaciones","tasa amazon","TEAC","TEAR","testador","Tribunal Econ\u00f3mico Administrativo","Tribunal Econ\u00f3mico Administrativo Central","Tribunal Econ\u00f3mico Administrativo Regional","tributos","ue","valor de referencia","valor de referencia catastral"],"articleSection":["actualidad","blog","Derecho Fiscal","Derecho Tributario","Home","Illes Balears","impuestos","Opini\u00f3n"],"inLanguage":"de"},{"@type":"WebPage","@id":"https:\/\/fmsb.eu\/de\/2024\/02\/03\/errar-es-humano-pero-no-con-los-impuestos-por-jorge-sainz-de-baranda\/","url":"https:\/\/fmsb.eu\/de\/2024\/02\/03\/errar-es-humano-pero-no-con-los-impuestos-por-jorge-sainz-de-baranda\/","name":"Errar es humano, pero no con los Impuestos..., por Jorge S\u00e1inz de Baranda - FMSB Abogados y Economistas en Baleares","isPartOf":{"@id":"https:\/\/fmsb.eu\/de\/#website"},"primaryImageOfPage":{"@id":"https:\/\/fmsb.eu\/de\/2024\/02\/03\/errar-es-humano-pero-no-con-los-impuestos-por-jorge-sainz-de-baranda\/#primaryimage"},"image":{"@id":"https:\/\/fmsb.eu\/de\/2024\/02\/03\/errar-es-humano-pero-no-con-los-impuestos-por-jorge-sainz-de-baranda\/#primaryimage"},"thumbnailUrl":"https:\/\/fmsb.eu\/wp-content\/uploads\/2024\/02\/FMSB-ABOGADOS-ERRAR-ES-HUMANO-PERO-NO-CON-LOS-IMPUESTOS-JORGE-SAINZ-DE-BARANDA.jpg","datePublished":"2024-02-03T19:47:38+00:00","description":"Errar es humano, pero no con los impuestos... Art\u00edculo de opini\u00f3n del abogado especializado en Derecho tributario Jorge Sainz de Baranda","breadcrumb":{"@id":"https:\/\/fmsb.eu\/de\/2024\/02\/03\/errar-es-humano-pero-no-con-los-impuestos-por-jorge-sainz-de-baranda\/#breadcrumb"},"inLanguage":"de","potentialAction":[{"@type":"ReadAction","target":["https:\/\/fmsb.eu\/de\/2024\/02\/03\/errar-es-humano-pero-no-con-los-impuestos-por-jorge-sainz-de-baranda\/"]}]},{"@type":"ImageObject","inLanguage":"de","@id":"https:\/\/fmsb.eu\/de\/2024\/02\/03\/errar-es-humano-pero-no-con-los-impuestos-por-jorge-sainz-de-baranda\/#primaryimage","url":"https:\/\/fmsb.eu\/wp-content\/uploads\/2024\/02\/FMSB-ABOGADOS-ERRAR-ES-HUMANO-PERO-NO-CON-LOS-IMPUESTOS-JORGE-SAINZ-DE-BARANDA.jpg","contentUrl":"https:\/\/fmsb.eu\/wp-content\/uploads\/2024\/02\/FMSB-ABOGADOS-ERRAR-ES-HUMANO-PERO-NO-CON-LOS-IMPUESTOS-JORGE-SAINZ-DE-BARANDA.jpg","width":1600,"height":1299},{"@type":"BreadcrumbList","@id":"https:\/\/fmsb.eu\/de\/2024\/02\/03\/errar-es-humano-pero-no-con-los-impuestos-por-jorge-sainz-de-baranda\/#breadcrumb","itemListElement":[{"@type":"ListItem","position":1,"name":"Portada","item":"https:\/\/fmsb.eu\/de\/"},{"@type":"ListItem","position":2,"name":"Errar es humano, pero no con los Impuestos&#8230;, por Jorge S\u00e1inz de Baranda"}]},{"@type":"WebSite","@id":"https:\/\/fmsb.eu\/de\/#website","url":"https:\/\/fmsb.eu\/de\/","name":"FMSB Abogados y Economistas en Baleares","description":"","publisher":{"@id":"https:\/\/fmsb.eu\/de\/#organization"},"potentialAction":[{"@type":"SearchAction","target":{"@type":"EntryPoint","urlTemplate":"https:\/\/fmsb.eu\/de\/?s={search_term_string}"},"query-input":{"@type":"PropertyValueSpecification","valueRequired":true,"valueName":"search_term_string"}}],"inLanguage":"de"},{"@type":"Organization","@id":"https:\/\/fmsb.eu\/de\/#organization","name":"FMSB Abogados y Economistas en Baleares","url":"https:\/\/fmsb.eu\/de\/","logo":{"@type":"ImageObject","inLanguage":"de","@id":"https:\/\/fmsb.eu\/de\/#\/schema\/logo\/image\/","url":"https:\/\/fmsb.eu\/wp-content\/uploads\/2025\/02\/logo.svg","contentUrl":"https:\/\/fmsb.eu\/wp-content\/uploads\/2025\/02\/logo.svg","width":154,"height":52,"caption":"FMSB Abogados y Economistas en Baleares"},"image":{"@id":"https:\/\/fmsb.eu\/de\/#\/schema\/logo\/image\/"}},{"@type":"Person","@id":"https:\/\/fmsb.eu\/de\/#\/schema\/person\/9fba7c70814b0cd34d35d655d36a4ca2","name":"fmsb","image":{"@type":"ImageObject","inLanguage":"de","@id":"https:\/\/secure.gravatar.com\/avatar\/426f4d5b0ebcace85460caf87cdaaa193694b611e990615d87a13f322fb7ee7f?s=96&d=mm&r=g","url":"https:\/\/secure.gravatar.com\/avatar\/426f4d5b0ebcace85460caf87cdaaa193694b611e990615d87a13f322fb7ee7f?s=96&d=mm&r=g","contentUrl":"https:\/\/secure.gravatar.com\/avatar\/426f4d5b0ebcace85460caf87cdaaa193694b611e990615d87a13f322fb7ee7f?s=96&d=mm&r=g","caption":"fmsb"},"sameAs":["https:\/\/x.com\/fmsb-disstint"],"url":"https:\/\/fmsb.eu\/de\/author\/fmsb\/"}]}},"_links":{"self":[{"href":"https:\/\/fmsb.eu\/de\/wp-json\/wp\/v2\/posts\/11029","targetHints":{"allow":["GET"]}}],"collection":[{"href":"https:\/\/fmsb.eu\/de\/wp-json\/wp\/v2\/posts"}],"about":[{"href":"https:\/\/fmsb.eu\/de\/wp-json\/wp\/v2\/types\/post"}],"author":[{"embeddable":true,"href":"https:\/\/fmsb.eu\/de\/wp-json\/wp\/v2\/users\/2"}],"replies":[{"embeddable":true,"href":"https:\/\/fmsb.eu\/de\/wp-json\/wp\/v2\/comments?post=11029"}],"version-history":[{"count":0,"href":"https:\/\/fmsb.eu\/de\/wp-json\/wp\/v2\/posts\/11029\/revisions"}],"wp:featuredmedia":[{"embeddable":true,"href":"https:\/\/fmsb.eu\/de\/wp-json\/wp\/v2\/media\/10347"}],"wp:attachment":[{"href":"https:\/\/fmsb.eu\/de\/wp-json\/wp\/v2\/media?parent=11029"}],"wp:term":[{"taxonomy":"category","embeddable":true,"href":"https:\/\/fmsb.eu\/de\/wp-json\/wp\/v2\/categories?post=11029"},{"taxonomy":"post_tag","embeddable":true,"href":"https:\/\/fmsb.eu\/de\/wp-json\/wp\/v2\/tags?post=11029"}],"curies":[{"name":"wp","href":"https:\/\/api.w.org\/{rel}","templated":true}]}}