{"id":11047,"date":"2024-01-07T08:01:33","date_gmt":"2024-01-07T07:01:33","guid":{"rendered":"http:\/\/fmsb.disstintbeta.com\/2024\/01\/07\/la-solucion-salomonica-del-impuesto-de-patrimonio-por-jorge-sainz-de-baranda\/"},"modified":"2024-01-07T08:01:33","modified_gmt":"2024-01-07T07:01:33","slug":"la-solucion-salomonica-del-impuesto-de-patrimonio-por-jorge-sainz-de-baranda","status":"publish","type":"post","link":"https:\/\/fmsb.eu\/de\/2024\/01\/07\/la-solucion-salomonica-del-impuesto-de-patrimonio-por-jorge-sainz-de-baranda\/","title":{"rendered":"La soluci\u00f3n salom\u00f3nica del Impuesto de Patrimonio, por Jorge S\u00e1inz de Baranda"},"content":{"rendered":"<p>&nbsp;<\/p>\n<div class=\"navegacion\">\n<h3 class=\"antesubtitulo antetit\"><a href=\"http:\/\/www.mallorcadiario.com\"><span style=\"color: #993300;\"><strong>mallorcadiario.com<\/strong><\/span><\/a>\u00a0 <a href=\"https:\/\/www.mallorcadiario.com\/la-solucion-salomonica-del-impuesto-de-patrimonio\">Opini\u00f3n<\/a><\/h3>\n<\/div>\n<p><a href=\"http:\/\/fmsb.disstintbeta.com\/wp-content\/uploads\/2024\/01\/FMSB-Abogados-La-solucion-salomonica-del-Impuesto-de-Patrimonio-Jorge-Sainz-de-Baranda-00.jpg\"><img fetchpriority=\"high\" decoding=\"async\" class=\"alignnone wp-image-7495\" src=\"http:\/\/fmsb.disstintbeta.com\/wp-content\/uploads\/2024\/01\/FMSB-Abogados-La-solucion-salomonica-del-Impuesto-de-Patrimonio-Jorge-Sainz-de-Baranda-00.jpg\" alt=\"\" width=\"800\" height=\"650\" srcset=\"https:\/\/font-mora-sainz-baranda.fra1.digitaloceanspaces.com\/wp-content\/uploads\/2024\/01\/FMSB-Abogados-La-solucion-salomonica-del-Impuesto-de-Patrimonio-Jorge-Sainz-de-Baranda-00.jpg 1600w, https:\/\/font-mora-sainz-baranda.fra1.digitaloceanspaces.com\/wp-content\/uploads\/2024\/01\/FMSB-Abogados-La-solucion-salomonica-del-Impuesto-de-Patrimonio-Jorge-Sainz-de-Baranda-00-300x244.jpg 300w, https:\/\/font-mora-sainz-baranda.fra1.digitaloceanspaces.com\/wp-content\/uploads\/2024\/01\/FMSB-Abogados-La-solucion-salomonica-del-Impuesto-de-Patrimonio-Jorge-Sainz-de-Baranda-00-1024x831.jpg 1024w, https:\/\/font-mora-sainz-baranda.fra1.digitaloceanspaces.com\/wp-content\/uploads\/2024\/01\/FMSB-Abogados-La-solucion-salomonica-del-Impuesto-de-Patrimonio-Jorge-Sainz-de-Baranda-00-768x624.jpg 768w, https:\/\/font-mora-sainz-baranda.fra1.digitaloceanspaces.com\/wp-content\/uploads\/2024\/01\/FMSB-Abogados-La-solucion-salomonica-del-Impuesto-de-Patrimonio-Jorge-Sainz-de-Baranda-00-1536x1247.jpg 1536w\" sizes=\"(max-width: 800px) 100vw, 800px\" \/><\/a><\/p>\n<div class=\"navegacion\">\n<h6 class=\"ulthora fecha_publicacion\"><span class=\"dia_mes_anno\">DOMINGO 7 DE ENERO DE 2024<br \/>\n<\/span><\/h6>\n<\/div>\n<h6 class=\"ulthora fecha_publicacion\"><span class=\"dia_mes_anno\" style=\"color: #ffffff;\">\u00a0<\/span><\/h6>\n<div title=\"noticia 557362\">\n<h1 class=\"titulo\"><a href=\"https:\/\/www.mallorcadiario.com\/la-solucion-salomonica-del-impuesto-de-patrimonio\"><span style=\"color: #404121;\"><strong><span style=\"color: #8f06cb;\">La soluci\u00f3n Salom\u00f3nica del Impuesto de Patrimonio<\/span><\/strong><\/span><\/a><\/h1>\n<\/div>\n<div id=\"firmante_767\" class=\"firmante\">\n<p>Por\u00a0<span style=\"color: #8f06cb;\"><a style=\"color: #8f06cb;\" href=\"https:\/\/www.fmsb.eu\/jorge-sainz-de-baranda-brunbeck\/\"><strong><span class=\"nombre_firmante\">Jorge S\u00e1inz de Baranda<\/span><\/strong><\/a><\/span><\/p>\n<h6><span style=\"color: #806c00;\"><a style=\"color: #806c00;\" href=\"https:\/\/www.mallorcadiario.com\/jorge-sainz-de-baranda\/autor\/767\/\"><strong><span style=\"color: #000080;\"><span style=\"color: #8f06cb;\">M\u00c1S ART\u00cdCULOS DEL AUTOR EN MALLORCADIARIO<\/span><\/span><\/strong><\/a><\/span><\/h6>\n<p>&nbsp;<\/p>\n<p>El t\u00e9rmino \u00ab<em>soluci\u00f3n salom\u00f3nica\u00bb<\/em> siempre me lleva a pensar en aquel famoso juicio del <em>Libro de los Reyes<\/em> del Antiguo Testamento, en el que el Rey Salom\u00f3n se encuentra con dos mujeres que manten\u00edan un litigio sobre los derechos de maternidad de un reci\u00e9n nacido, y que ambas se atribu\u00edan.<\/p>\n<p>Salom\u00f3n, con gran acierto, propuso dividir al ni\u00f1o por la mitad para que cada supuesta madre se llevara una parte. Ante semejante proposici\u00f3n, una de las mujeres rog\u00f3 que le entregaran el ni\u00f1o a la otra, la cual s\u00ed que aceptaba la soluci\u00f3n dada por el Rey. Con esas reacciones tan dispares, el gobernante dedujo -ya lo s\u00e9, tampoco era muy dif\u00edcil- que la verdadera madre era la primera, pues estaba dispuesta a sacrificarse con tal de no da\u00f1ar a su hijo.<\/p>\n<p>Y de ah\u00ed que el t\u00e9rmino se utilice para denominar aquellas soluciones que se adoptan con inteligencia y ecuanimidad.<\/p>\n<p>Pues ver\u00e1n, una soluci\u00f3n a mi juicio igualmente acertada por salom\u00f3nica, es la propuesta en relaci\u00f3n con el Impuesto sobre el Patrimonio que se contiene en la reci\u00e9n aprobada Ley de Presupuestos del Govern de las Illes Balears para el a\u00f1o 2024 -Ley 12\/2023, de 29 de diciembre-.<\/p>\n<p>As\u00ed, la Disposici\u00f3n Adicional Segunda de la citada Ley, en su apartado 13, modifica el Decreto legislativo 1\/2014 en lo relativo a este Impuesto, elevando el m\u00ednimo exento de 700.000 euros a 3.000.000 de euros, manteni\u00e9ndose tanto la reducci\u00f3n por vivienda habitual como la exenci\u00f3n de las empresas familiares y el resto de preceptos.<\/p>\n<p>Dicho de otra forma, todos aquellos ciudadanos de las Illes Balears que, a 31 de diciembre de este a\u00f1o en el que acabamos de entrar -recuerden que la DF establece la entrada en vigor el 1 de enero, de forma que no es aplicable a 2023-, tengan un Patrimonio inferior a 3 millones de euros, a lo que hay que sumar los 300.000 euros exentos de la vivienda habitual, y\/o un patrimonio empresarial o participaciones y acciones de empresas operativas -am\u00e9n de otras exenciones m\u00e1s espec\u00edficas que ahora no detallar\u00e9-, no tendr\u00e1n que pagar nada por el Impuesto de Patrimonio en el a\u00f1o 2024.<\/p>\n<p>\u00bfY por qu\u00e9 digo que me parece una &#8222;<em>soluci\u00f3n salom\u00f3nica<\/em>&#8222;? \u00bfno hubiera sido m\u00e1s l\u00f3gico el suprimirlo directamente como ocurre en comunidades como Madrid o Andaluc\u00eda?<\/p>\n<p>Pues la <em>otra<\/em> realidad es que el pasado 28 de diciembre de 2022 -la fecha, querida, es pura coincidencia- se cre\u00f3 el Impuesto Temporal de Solidaridad de las Grandes Fortunas -ya saben, y si no se lo digo yo, que <em>Temporal<\/em> e <em>Impuesto<\/em> en la misma frase supone un claro oximor\u00f3n-. Un tributo que tiene una naturaleza id\u00e9ntica al de Patrimonio y que afecta a aquellos sujetos pasivos que posean un Patrimonio neto superior a 3 millones de euros, manteniendo en su estructura las mismas reducciones y bonificaciones que el de Patrimonio, con el mismo l\u00edmite con el IRPF y con el derecho a deducirse lo pagado por este \u00faltimo.<\/p>\n<p>O dicho de otra forma, en aquellas Comunidades Aut\u00f3nomas en que se haya suprimido el Impuesto de Patrimonio en justo ejercicio de su capacidad fiscal, los obligados tributarios con patrimonios superiores a la citada cantidad, y que residan en ella, se ver\u00e1n afectados por este nuevo impuesto que, al no poder deducir lo pagado en Patrimonio, neutraliza de <em>facto<\/em> las medidas fiscales adoptadas.<\/p>\n<p>\u00bfY qu\u00e9 ocurrir\u00e1 ahora en \u00e9sta nuestra Comunidad? Pues que, evidentemente, al tener un m\u00ednimo exento id\u00e9ntico al importe en el que nace el Impuesto a las Grandes Fortunas, todos los residentes con patrimonios inferiores no tendr\u00e1n que tributar. Y los que lo superen, que de todas formas deber\u00edan pagar al Estado por el nuevo impuesto, lo hacen pero qued\u00e1ndose la recaudaci\u00f3n en nuestra Comunidad Aut\u00f3noma, evitando as\u00ed que acabe en las arcas de Madrid -otro d\u00eda les explicar\u00e9 como se coordinar\u00e1n ambos impuestos, que entenderlo es <em>harina de otro costal<\/em>-.<\/p>\n<p>En definitiva, una decisi\u00f3n justa que consigue que, al menos, el esfuerzo fiscal de nuestros ciudadanos vaya destinado a los presupuestos de aqu\u00ed, que ya saben que luego a la hora de repartir, entre el fondo de suficiencia, el d\u00e9ficit de inversiones y otros fondos no aclarados, nos vemos siempre claramente perjudicados y no nos toca ni la mitad del <em>nasciturus.<\/em><\/p>\n<p>Aprovecho este momento para desearles un magn\u00edfico 2024 ya que, como dec\u00eda Sabina, <em>\u00abhay que ser felices, aunque sea solo por molestar\u00bb<\/em>&#8230; Feliz a\u00f1o!<\/p>\n<h6><span style=\"color: #119808;\"><a style=\"color: #119808;\" href=\"https:\/\/www.fmsb.eu\/?s=mallorcadiario\"><strong><span style=\"color: #5c2039;\"><span style=\"color: #000080;\"><span style=\"color: #8f06cb;\">M\u00c1S ART\u00cdCULOS DEL AUTOR EN NUESTRO BLOG<\/span><\/span><\/span><\/strong><\/a><\/span><\/h6>\n<\/div>\n<hr \/>\n<p>Art\u00edculo original publicado en el diario digital\u00a0<span style=\"color: #806c00;\"><a style=\"color: #806c00;\" href=\"https:\/\/www.mallorcadiario.com\"><strong><span style=\"color: #000080;\">mallorcadiario.com<\/span><\/strong><\/a><\/span> .\u00a0\u00a0 L\u00e9elo directamente en <span style=\"color: #000080;\"><a style=\"color: #000080;\" href=\"https:\/\/www.mallorcadiario.com\"><strong>mallorcadiario.com<\/strong><\/a><\/span> a trav\u00e9s de este <span style=\"color: #4c271e;\"><a style=\"color: #4c271e;\" href=\"https:\/\/www.mallorcadiario.com\/la-solucion-salomonica-del-impuesto-de-patrimonio\"><strong><span style=\"color: #520000;\"><span style=\"color: #806c00;\"><span style=\"color: #000080;\"><span style=\"color: #404121;\">enlace<\/span><\/span><\/span><\/span><\/strong><\/a><\/span><\/p>\n","protected":false},"excerpt":{"rendered":"<p>&nbsp; mallorcadiario.com\u00a0 Opini\u00f3n DOMINGO 7 DE ENERO DE 2024 \u00a0 La soluci\u00f3n Salom\u00f3nica del Impuesto de Patrimonio Por\u00a0Jorge S\u00e1inz de Baranda M\u00c1S ART\u00cdCULOS DEL AUTOR EN MALLORCADIARIO &nbsp; El t\u00e9rmino \u00absoluci\u00f3n salom\u00f3nica\u00bb siempre me lleva a pensar en aquel famoso juicio del Libro de los Reyes del Antiguo Testamento, en el que el Rey Salom\u00f3n [&hellip;]<\/p>\n","protected":false},"author":2,"featured_media":10303,"comment_status":"closed","ping_status":"open","sticky":false,"template":"","format":"standard","meta":{"footnotes":""},"categories":[2198,2199,2309,2310,2202,2660,2805,3169],"tags":[2206,2663,2664,2665,2312,2666,2667,2507,2314,2668,2208,2669,2670,2315,2671,2672,2673,2316,2674,2675,2676,2677,2678,2318,2319,2320,2321,2323,2680,2681,2682,2683,2684,2218,2219,2685,2686,2575,2223,2687,2688,2689,2690,2325,2326,2327,2691,2225,2328,2692,2329,2693,2330,2694,2331,2695,2333,2228,2229,2334,2231,2336,2232,2234,2696,2341,2342,2343,2697,2344,2345,2698,2699,2700,2236,2701,2702,2349,2703,2350,2240,2704,2705,2354,2355,2243,2359,2360,2361,2706,2707,2708,2709,2710,2711,2712,2363,2713,2364,2365],"class_list":["post-11047","post","type-post","status-publish","format-standard","has-post-thumbnail","hentry","category-actualidad-de","category-blog-de","category-derecho-fiscal-de","category-derecho-tributario-de","category-home-de","category-illes-balears-de","category-impuestos-de","category-opinion-de","tag-abogados-de","tag-administracion-tributaria-de","tag-administraciones-tributarias-de","tag-aeat-de","tag-agencia-tributaria-de","tag-antifraude-de","tag-aplazamiento-de","tag-articulos-de","tag-asesores-de","tag-atib-de","tag-baleares-de","tag-blanqueo-de","tag-blanqueo-de-capitales-de","tag-bonificacion-de","tag-campana-de-la-renta-de","tag-campana-irpf-de","tag-catastro-de","tag-comunidad-autonoma-de","tag-declaracion-de-inconstitucionalidad-de","tag-declaracion-de-nulidad-de","tag-deflacion-de","tag-deflactacion-de","tag-deflactar-de","tag-derecho-civil-propio-de","tag-derecho-de-la-union-europea-de","tag-derecho-fiscal-de","tag-derecho-tributario-de","tag-derogacion-de","tag-deudas-de","tag-dgt-de","tag-direccion-general-de-tributos-de","tag-direccion-general-del-catastro-de","tag-doble-imposicion-de","tag-economistas-de","tag-el-arenal-de","tag-exencion-por-reinversion-de","tag-extranjeros-de","tag-fallecimiento-de","tag-fmsb-de","tag-fraccionamiento-de","tag-fraude-fiscal-de","tag-galicia-de","tag-gravamen-extraordinario-de","tag-hacienda-de","tag-herencia-de","tag-herencias-de","tag-ibi-de","tag-ibiza-de","tag-illes-balears-de","tag-impuesto-de-solidaridad-a-las-grandes-fortunas-de","tag-impuesto-de-sucesiones-de","tag-impuesto-sobre-la-renta-de","tag-impuestos-de","tag-incremento-del-valor-de-los-terrenos-de-naturaleza-urbana-de","tag-irpf-de","tag-jorge-lorenzo-de","tag-jorge-sainz-de-baranda-de","tag-law-de","tag-lawyers-de","tag-ley-antifraude-de","tag-mallorca-de","tag-mallorcadiario-de","tag-manacor-de","tag-menorca-de","tag-modelo-720-de","tag-mortis-causa-de","tag-obligado-tributario-de","tag-opinion-de","tag-pactos-sucesorioes-de","tag-pactos-sucesorios-de","tag-palma-de","tag-patrimonio-de","tag-plan-anual-de-control-tributario-de","tag-plusvalia-de","tag-port-dandratx-de","tag-prespuestos-generales-del-estado-de","tag-presupuestos-2021-de","tag-prevencion-de","tag-proindiviso-de","tag-propuestas-de","tag-puerto-de-andratx-de","tag-recargo-de","tag-reforma-de","tag-residentes-fiscales-de","tag-resindencia-fiscal-de","tag-solicitors-de","tag-sucesion-de","tag-sucesion-en-vida-de","tag-sucesiones-y-donaciones-de","tag-tasa-amazon-de","tag-teac-de","tag-tear-de","tag-testador-de","tag-tribunal-economico-administrativo-de","tag-tribunal-economico-administrativo-central-de","tag-tribunal-economico-administrativo-regional-de","tag-tributos-de","tag-ue-de","tag-valor-de-referencia-de","tag-valor-de-referencia-catastral-de"],"yoast_head":"<!-- This site is optimized with the Yoast SEO plugin v27.3 - https:\/\/yoast.com\/product\/yoast-seo-wordpress\/ -->\n<title>La soluci\u00f3n salom\u00f3nica del Impuesto de Patrimonio, por Jorge S\u00e1inz de Baranda - FMSB Abogados y Economistas en Baleares<\/title>\n<meta name=\"description\" content=\"La soluci\u00f3n salom\u00f3nica del Impuesto de Patrimonio, art\u00edculo de opini\u00f3n del abogado especializado en Derecho tributario Jorge Sainz de Baranda\" \/>\n<meta name=\"robots\" content=\"index, follow, max-snippet:-1, max-image-preview:large, max-video-preview:-1\" \/>\n<link rel=\"canonical\" href=\"https:\/\/fmsb.eu\/de\/2024\/01\/07\/la-solucion-salomonica-del-impuesto-de-patrimonio-por-jorge-sainz-de-baranda\/\" \/>\n<meta property=\"og:locale\" content=\"de_DE\" \/>\n<meta property=\"og:type\" content=\"article\" \/>\n<meta property=\"og:title\" content=\"La soluci\u00f3n salom\u00f3nica del Impuesto de Patrimonio, por Jorge S\u00e1inz de Baranda - FMSB Abogados y Economistas en Baleares\" \/>\n<meta property=\"og:description\" content=\"La soluci\u00f3n salom\u00f3nica del Impuesto de Patrimonio, art\u00edculo de opini\u00f3n del abogado especializado en Derecho tributario Jorge Sainz de Baranda\" \/>\n<meta property=\"og:url\" content=\"https:\/\/fmsb.eu\/de\/2024\/01\/07\/la-solucion-salomonica-del-impuesto-de-patrimonio-por-jorge-sainz-de-baranda\/\" \/>\n<meta property=\"og:site_name\" content=\"FMSB Abogados y Economistas en Baleares\" \/>\n<meta property=\"article:published_time\" content=\"2024-01-07T07:01:33+00:00\" \/>\n<meta property=\"og:image\" content=\"https:\/\/fmsb.eu\/wp-content\/uploads\/2024\/01\/FMSB-Abogados-La-solucion-salomonica-del-Impuesto-de-Patrimonio-Jorge-Sainz-de-Baranda-00.jpg\" \/>\n\t<meta property=\"og:image:width\" content=\"1600\" \/>\n\t<meta property=\"og:image:height\" content=\"1299\" \/>\n\t<meta property=\"og:image:type\" content=\"image\/jpeg\" \/>\n<meta name=\"author\" content=\"fmsb\" \/>\n<meta name=\"twitter:card\" content=\"summary_large_image\" \/>\n<meta name=\"twitter:creator\" content=\"@fmsb-disstint\" \/>\n<meta name=\"twitter:label1\" content=\"Verfasst von\" \/>\n\t<meta name=\"twitter:data1\" content=\"fmsb\" \/>\n\t<meta name=\"twitter:label2\" content=\"Gesch\u00e4tzte Lesezeit\" \/>\n\t<meta name=\"twitter:data2\" content=\"4\u00a0Minuten\" \/>\n<script type=\"application\/ld+json\" class=\"yoast-schema-graph\">{\"@context\":\"https:\\\/\\\/schema.org\",\"@graph\":[{\"@type\":\"Article\",\"@id\":\"https:\\\/\\\/fmsb.eu\\\/de\\\/2024\\\/01\\\/07\\\/la-solucion-salomonica-del-impuesto-de-patrimonio-por-jorge-sainz-de-baranda\\\/#article\",\"isPartOf\":{\"@id\":\"https:\\\/\\\/fmsb.eu\\\/de\\\/2024\\\/01\\\/07\\\/la-solucion-salomonica-del-impuesto-de-patrimonio-por-jorge-sainz-de-baranda\\\/\"},\"author\":{\"name\":\"fmsb\",\"@id\":\"https:\\\/\\\/fmsb.eu\\\/de\\\/#\\\/schema\\\/person\\\/9fba7c70814b0cd34d35d655d36a4ca2\"},\"headline\":\"La soluci\u00f3n salom\u00f3nica del Impuesto de Patrimonio, por Jorge S\u00e1inz de Baranda\",\"datePublished\":\"2024-01-07T07:01:33+00:00\",\"mainEntityOfPage\":{\"@id\":\"https:\\\/\\\/fmsb.eu\\\/de\\\/2024\\\/01\\\/07\\\/la-solucion-salomonica-del-impuesto-de-patrimonio-por-jorge-sainz-de-baranda\\\/\"},\"wordCount\":853,\"publisher\":{\"@id\":\"https:\\\/\\\/fmsb.eu\\\/de\\\/#organization\"},\"image\":{\"@id\":\"https:\\\/\\\/fmsb.eu\\\/de\\\/2024\\\/01\\\/07\\\/la-solucion-salomonica-del-impuesto-de-patrimonio-por-jorge-sainz-de-baranda\\\/#primaryimage\"},\"thumbnailUrl\":\"https:\\\/\\\/fmsb.eu\\\/wp-content\\\/uploads\\\/2024\\\/01\\\/FMSB-Abogados-La-solucion-salomonica-del-Impuesto-de-Patrimonio-Jorge-Sainz-de-Baranda-00.jpg\",\"keywords\":[\"abogados\",\"administraci\u00f3n tributaria\",\"administraciones tributarias\",\"aeat\",\"agencia tributaria\",\"antifraude\",\"aplazamiento\",\"articulos\",\"asesores\",\"ATIB\",\"baleares\",\"blanqueo\",\"blanqueo de capitales\",\"bonificaci\u00f3n\",\"campa\u00f1a de la renta\",\"campa\u00f1a irpf\",\"catastro\",\"comunidad aut\u00f3noma\",\"declaraci\u00f3n de inconstitucionalidad\",\"declaraci\u00f3n de nulidad\",\"deflaci\u00f3n\",\"deflactaci\u00f3n\",\"deflactar\",\"derecho civil propio\",\"derecho de la uni\u00f3n europea\",\"derecho fiscal\",\"derecho tributario\",\"derogaci\u00f3n\",\"deudas\",\"dgt\",\"direcci\u00f3n general de tributos\",\"direcci\u00f3n general del catastro\",\"doble imposici\u00f3n\",\"economistas\",\"el arenal\",\"exenci\u00f3n por reinversi\u00f3n\",\"extranjeros\",\"fallecimiento\",\"fmsb\",\"fraccionamiento\",\"fraude fiscal\",\"Galicia\",\"gravamen extraordinario\",\"Hacienda\",\"herencia\",\"herencias\",\"ibi\",\"ibiza\",\"illes balears\",\"impuesto de solidaridad a las grandes fortunas\",\"impuesto de sucesiones\",\"impuesto sobre la renta\",\"impuestos\",\"incremento del valor de los terrenos de naturaleza urbana\",\"IRPF\",\"jorge lorenzo\",\"jorge sainz de baranda\",\"law\",\"lawyers\",\"ley antifraude\",\"mallorca\",\"mallorcadiario\",\"Manacor\",\"menorca\",\"modelo 720\",\"mortis causa\",\"obligado tributario\",\"opinion\",\"pactos sucesorioes\",\"pactos sucesorios\",\"Palma\",\"patrimonio\",\"plan anual de control tributario\",\"plusval\u00eda\",\"port d&#8217;andratx\",\"prespuestos generales del estado\",\"presupuestos 2021\",\"prevenci\u00f3n\",\"proindiviso\",\"propuestas\",\"puerto de andratx\",\"recargo\",\"reforma\",\"residentes fiscales\",\"resindencia fiscal\",\"solicitors\",\"sucesi\u00f3n\",\"sucesi\u00f3n en vida\",\"sucesiones y donaciones\",\"tasa amazon\",\"TEAC\",\"TEAR\",\"testador\",\"Tribunal Econ\u00f3mico Administrativo\",\"Tribunal Econ\u00f3mico Administrativo Central\",\"Tribunal Econ\u00f3mico Administrativo Regional\",\"tributos\",\"ue\",\"valor de referencia\",\"valor de referencia catastral\"],\"articleSection\":[\"actualidad\",\"blog\",\"Derecho Fiscal\",\"Derecho Tributario\",\"Home\",\"Illes Balears\",\"impuestos\",\"Opini\u00f3n\"],\"inLanguage\":\"de\"},{\"@type\":\"WebPage\",\"@id\":\"https:\\\/\\\/fmsb.eu\\\/de\\\/2024\\\/01\\\/07\\\/la-solucion-salomonica-del-impuesto-de-patrimonio-por-jorge-sainz-de-baranda\\\/\",\"url\":\"https:\\\/\\\/fmsb.eu\\\/de\\\/2024\\\/01\\\/07\\\/la-solucion-salomonica-del-impuesto-de-patrimonio-por-jorge-sainz-de-baranda\\\/\",\"name\":\"La soluci\u00f3n salom\u00f3nica del Impuesto de Patrimonio, por Jorge S\u00e1inz de Baranda - FMSB Abogados y Economistas en Baleares\",\"isPartOf\":{\"@id\":\"https:\\\/\\\/fmsb.eu\\\/de\\\/#website\"},\"primaryImageOfPage\":{\"@id\":\"https:\\\/\\\/fmsb.eu\\\/de\\\/2024\\\/01\\\/07\\\/la-solucion-salomonica-del-impuesto-de-patrimonio-por-jorge-sainz-de-baranda\\\/#primaryimage\"},\"image\":{\"@id\":\"https:\\\/\\\/fmsb.eu\\\/de\\\/2024\\\/01\\\/07\\\/la-solucion-salomonica-del-impuesto-de-patrimonio-por-jorge-sainz-de-baranda\\\/#primaryimage\"},\"thumbnailUrl\":\"https:\\\/\\\/fmsb.eu\\\/wp-content\\\/uploads\\\/2024\\\/01\\\/FMSB-Abogados-La-solucion-salomonica-del-Impuesto-de-Patrimonio-Jorge-Sainz-de-Baranda-00.jpg\",\"datePublished\":\"2024-01-07T07:01:33+00:00\",\"description\":\"La soluci\u00f3n salom\u00f3nica del Impuesto de Patrimonio, art\u00edculo de opini\u00f3n del abogado especializado en Derecho tributario Jorge Sainz de Baranda\",\"breadcrumb\":{\"@id\":\"https:\\\/\\\/fmsb.eu\\\/de\\\/2024\\\/01\\\/07\\\/la-solucion-salomonica-del-impuesto-de-patrimonio-por-jorge-sainz-de-baranda\\\/#breadcrumb\"},\"inLanguage\":\"de\",\"potentialAction\":[{\"@type\":\"ReadAction\",\"target\":[\"https:\\\/\\\/fmsb.eu\\\/de\\\/2024\\\/01\\\/07\\\/la-solucion-salomonica-del-impuesto-de-patrimonio-por-jorge-sainz-de-baranda\\\/\"]}]},{\"@type\":\"ImageObject\",\"inLanguage\":\"de\",\"@id\":\"https:\\\/\\\/fmsb.eu\\\/de\\\/2024\\\/01\\\/07\\\/la-solucion-salomonica-del-impuesto-de-patrimonio-por-jorge-sainz-de-baranda\\\/#primaryimage\",\"url\":\"https:\\\/\\\/fmsb.eu\\\/wp-content\\\/uploads\\\/2024\\\/01\\\/FMSB-Abogados-La-solucion-salomonica-del-Impuesto-de-Patrimonio-Jorge-Sainz-de-Baranda-00.jpg\",\"contentUrl\":\"https:\\\/\\\/fmsb.eu\\\/wp-content\\\/uploads\\\/2024\\\/01\\\/FMSB-Abogados-La-solucion-salomonica-del-Impuesto-de-Patrimonio-Jorge-Sainz-de-Baranda-00.jpg\",\"width\":1600,\"height\":1299},{\"@type\":\"BreadcrumbList\",\"@id\":\"https:\\\/\\\/fmsb.eu\\\/de\\\/2024\\\/01\\\/07\\\/la-solucion-salomonica-del-impuesto-de-patrimonio-por-jorge-sainz-de-baranda\\\/#breadcrumb\",\"itemListElement\":[{\"@type\":\"ListItem\",\"position\":1,\"name\":\"Portada\",\"item\":\"https:\\\/\\\/fmsb.eu\\\/de\\\/\"},{\"@type\":\"ListItem\",\"position\":2,\"name\":\"La soluci\u00f3n salom\u00f3nica del Impuesto de Patrimonio, por Jorge S\u00e1inz de Baranda\"}]},{\"@type\":\"WebSite\",\"@id\":\"https:\\\/\\\/fmsb.eu\\\/de\\\/#website\",\"url\":\"https:\\\/\\\/fmsb.eu\\\/de\\\/\",\"name\":\"FMSB Abogados y Economistas en Baleares\",\"description\":\"\",\"publisher\":{\"@id\":\"https:\\\/\\\/fmsb.eu\\\/de\\\/#organization\"},\"potentialAction\":[{\"@type\":\"SearchAction\",\"target\":{\"@type\":\"EntryPoint\",\"urlTemplate\":\"https:\\\/\\\/fmsb.eu\\\/de\\\/?s={search_term_string}\"},\"query-input\":{\"@type\":\"PropertyValueSpecification\",\"valueRequired\":true,\"valueName\":\"search_term_string\"}}],\"inLanguage\":\"de\"},{\"@type\":\"Organization\",\"@id\":\"https:\\\/\\\/fmsb.eu\\\/de\\\/#organization\",\"name\":\"FMSB Abogados y Economistas en Baleares\",\"url\":\"https:\\\/\\\/fmsb.eu\\\/de\\\/\",\"logo\":{\"@type\":\"ImageObject\",\"inLanguage\":\"de\",\"@id\":\"https:\\\/\\\/fmsb.eu\\\/de\\\/#\\\/schema\\\/logo\\\/image\\\/\",\"url\":\"https:\\\/\\\/fmsb.eu\\\/wp-content\\\/uploads\\\/2025\\\/02\\\/logo.svg\",\"contentUrl\":\"https:\\\/\\\/fmsb.eu\\\/wp-content\\\/uploads\\\/2025\\\/02\\\/logo.svg\",\"width\":154,\"height\":52,\"caption\":\"FMSB Abogados y Economistas en Baleares\"},\"image\":{\"@id\":\"https:\\\/\\\/fmsb.eu\\\/de\\\/#\\\/schema\\\/logo\\\/image\\\/\"}},{\"@type\":\"Person\",\"@id\":\"https:\\\/\\\/fmsb.eu\\\/de\\\/#\\\/schema\\\/person\\\/9fba7c70814b0cd34d35d655d36a4ca2\",\"name\":\"fmsb\",\"image\":{\"@type\":\"ImageObject\",\"inLanguage\":\"de\",\"@id\":\"https:\\\/\\\/secure.gravatar.com\\\/avatar\\\/426f4d5b0ebcace85460caf87cdaaa193694b611e990615d87a13f322fb7ee7f?s=96&d=mm&r=g\",\"url\":\"https:\\\/\\\/secure.gravatar.com\\\/avatar\\\/426f4d5b0ebcace85460caf87cdaaa193694b611e990615d87a13f322fb7ee7f?s=96&d=mm&r=g\",\"contentUrl\":\"https:\\\/\\\/secure.gravatar.com\\\/avatar\\\/426f4d5b0ebcace85460caf87cdaaa193694b611e990615d87a13f322fb7ee7f?s=96&d=mm&r=g\",\"caption\":\"fmsb\"},\"sameAs\":[\"https:\\\/\\\/x.com\\\/fmsb-disstint\"],\"url\":\"https:\\\/\\\/fmsb.eu\\\/de\\\/author\\\/fmsb\\\/\"}]}<\/script>\n<!-- \/ Yoast SEO plugin. -->","yoast_head_json":{"title":"La soluci\u00f3n salom\u00f3nica del Impuesto de Patrimonio, por Jorge S\u00e1inz de Baranda - FMSB Abogados y Economistas en Baleares","description":"La soluci\u00f3n salom\u00f3nica del Impuesto de Patrimonio, art\u00edculo de opini\u00f3n del abogado especializado en Derecho tributario Jorge Sainz de Baranda","robots":{"index":"index","follow":"follow","max-snippet":"max-snippet:-1","max-image-preview":"max-image-preview:large","max-video-preview":"max-video-preview:-1"},"canonical":"https:\/\/fmsb.eu\/de\/2024\/01\/07\/la-solucion-salomonica-del-impuesto-de-patrimonio-por-jorge-sainz-de-baranda\/","og_locale":"de_DE","og_type":"article","og_title":"La soluci\u00f3n salom\u00f3nica del Impuesto de Patrimonio, por Jorge S\u00e1inz de Baranda - FMSB Abogados y Economistas en Baleares","og_description":"La soluci\u00f3n salom\u00f3nica del Impuesto de Patrimonio, art\u00edculo de opini\u00f3n del abogado especializado en Derecho tributario Jorge Sainz de Baranda","og_url":"https:\/\/fmsb.eu\/de\/2024\/01\/07\/la-solucion-salomonica-del-impuesto-de-patrimonio-por-jorge-sainz-de-baranda\/","og_site_name":"FMSB Abogados y Economistas en Baleares","article_published_time":"2024-01-07T07:01:33+00:00","og_image":[{"width":1600,"height":1299,"url":"https:\/\/fmsb.eu\/wp-content\/uploads\/2024\/01\/FMSB-Abogados-La-solucion-salomonica-del-Impuesto-de-Patrimonio-Jorge-Sainz-de-Baranda-00.jpg","type":"image\/jpeg"}],"author":"fmsb","twitter_card":"summary_large_image","twitter_creator":"@fmsb-disstint","twitter_misc":{"Verfasst von":"fmsb","Gesch\u00e4tzte Lesezeit":"4\u00a0Minuten"},"schema":{"@context":"https:\/\/schema.org","@graph":[{"@type":"Article","@id":"https:\/\/fmsb.eu\/de\/2024\/01\/07\/la-solucion-salomonica-del-impuesto-de-patrimonio-por-jorge-sainz-de-baranda\/#article","isPartOf":{"@id":"https:\/\/fmsb.eu\/de\/2024\/01\/07\/la-solucion-salomonica-del-impuesto-de-patrimonio-por-jorge-sainz-de-baranda\/"},"author":{"name":"fmsb","@id":"https:\/\/fmsb.eu\/de\/#\/schema\/person\/9fba7c70814b0cd34d35d655d36a4ca2"},"headline":"La soluci\u00f3n salom\u00f3nica del Impuesto de Patrimonio, por Jorge S\u00e1inz de Baranda","datePublished":"2024-01-07T07:01:33+00:00","mainEntityOfPage":{"@id":"https:\/\/fmsb.eu\/de\/2024\/01\/07\/la-solucion-salomonica-del-impuesto-de-patrimonio-por-jorge-sainz-de-baranda\/"},"wordCount":853,"publisher":{"@id":"https:\/\/fmsb.eu\/de\/#organization"},"image":{"@id":"https:\/\/fmsb.eu\/de\/2024\/01\/07\/la-solucion-salomonica-del-impuesto-de-patrimonio-por-jorge-sainz-de-baranda\/#primaryimage"},"thumbnailUrl":"https:\/\/fmsb.eu\/wp-content\/uploads\/2024\/01\/FMSB-Abogados-La-solucion-salomonica-del-Impuesto-de-Patrimonio-Jorge-Sainz-de-Baranda-00.jpg","keywords":["abogados","administraci\u00f3n tributaria","administraciones tributarias","aeat","agencia tributaria","antifraude","aplazamiento","articulos","asesores","ATIB","baleares","blanqueo","blanqueo de capitales","bonificaci\u00f3n","campa\u00f1a de la renta","campa\u00f1a irpf","catastro","comunidad aut\u00f3noma","declaraci\u00f3n de inconstitucionalidad","declaraci\u00f3n de nulidad","deflaci\u00f3n","deflactaci\u00f3n","deflactar","derecho civil propio","derecho de la uni\u00f3n europea","derecho fiscal","derecho tributario","derogaci\u00f3n","deudas","dgt","direcci\u00f3n general de tributos","direcci\u00f3n general del catastro","doble imposici\u00f3n","economistas","el arenal","exenci\u00f3n por reinversi\u00f3n","extranjeros","fallecimiento","fmsb","fraccionamiento","fraude fiscal","Galicia","gravamen extraordinario","Hacienda","herencia","herencias","ibi","ibiza","illes balears","impuesto de solidaridad a las grandes fortunas","impuesto de sucesiones","impuesto sobre la renta","impuestos","incremento del valor de los terrenos de naturaleza urbana","IRPF","jorge lorenzo","jorge sainz de baranda","law","lawyers","ley antifraude","mallorca","mallorcadiario","Manacor","menorca","modelo 720","mortis causa","obligado tributario","opinion","pactos sucesorioes","pactos sucesorios","Palma","patrimonio","plan anual de control tributario","plusval\u00eda","port d&#8217;andratx","prespuestos generales del estado","presupuestos 2021","prevenci\u00f3n","proindiviso","propuestas","puerto de andratx","recargo","reforma","residentes fiscales","resindencia fiscal","solicitors","sucesi\u00f3n","sucesi\u00f3n en vida","sucesiones y donaciones","tasa amazon","TEAC","TEAR","testador","Tribunal Econ\u00f3mico Administrativo","Tribunal Econ\u00f3mico Administrativo Central","Tribunal Econ\u00f3mico Administrativo Regional","tributos","ue","valor de referencia","valor de referencia catastral"],"articleSection":["actualidad","blog","Derecho Fiscal","Derecho Tributario","Home","Illes Balears","impuestos","Opini\u00f3n"],"inLanguage":"de"},{"@type":"WebPage","@id":"https:\/\/fmsb.eu\/de\/2024\/01\/07\/la-solucion-salomonica-del-impuesto-de-patrimonio-por-jorge-sainz-de-baranda\/","url":"https:\/\/fmsb.eu\/de\/2024\/01\/07\/la-solucion-salomonica-del-impuesto-de-patrimonio-por-jorge-sainz-de-baranda\/","name":"La soluci\u00f3n salom\u00f3nica del Impuesto de Patrimonio, por Jorge S\u00e1inz de Baranda - FMSB Abogados y Economistas en Baleares","isPartOf":{"@id":"https:\/\/fmsb.eu\/de\/#website"},"primaryImageOfPage":{"@id":"https:\/\/fmsb.eu\/de\/2024\/01\/07\/la-solucion-salomonica-del-impuesto-de-patrimonio-por-jorge-sainz-de-baranda\/#primaryimage"},"image":{"@id":"https:\/\/fmsb.eu\/de\/2024\/01\/07\/la-solucion-salomonica-del-impuesto-de-patrimonio-por-jorge-sainz-de-baranda\/#primaryimage"},"thumbnailUrl":"https:\/\/fmsb.eu\/wp-content\/uploads\/2024\/01\/FMSB-Abogados-La-solucion-salomonica-del-Impuesto-de-Patrimonio-Jorge-Sainz-de-Baranda-00.jpg","datePublished":"2024-01-07T07:01:33+00:00","description":"La soluci\u00f3n salom\u00f3nica del Impuesto de Patrimonio, art\u00edculo de opini\u00f3n del abogado especializado en Derecho tributario Jorge Sainz de Baranda","breadcrumb":{"@id":"https:\/\/fmsb.eu\/de\/2024\/01\/07\/la-solucion-salomonica-del-impuesto-de-patrimonio-por-jorge-sainz-de-baranda\/#breadcrumb"},"inLanguage":"de","potentialAction":[{"@type":"ReadAction","target":["https:\/\/fmsb.eu\/de\/2024\/01\/07\/la-solucion-salomonica-del-impuesto-de-patrimonio-por-jorge-sainz-de-baranda\/"]}]},{"@type":"ImageObject","inLanguage":"de","@id":"https:\/\/fmsb.eu\/de\/2024\/01\/07\/la-solucion-salomonica-del-impuesto-de-patrimonio-por-jorge-sainz-de-baranda\/#primaryimage","url":"https:\/\/fmsb.eu\/wp-content\/uploads\/2024\/01\/FMSB-Abogados-La-solucion-salomonica-del-Impuesto-de-Patrimonio-Jorge-Sainz-de-Baranda-00.jpg","contentUrl":"https:\/\/fmsb.eu\/wp-content\/uploads\/2024\/01\/FMSB-Abogados-La-solucion-salomonica-del-Impuesto-de-Patrimonio-Jorge-Sainz-de-Baranda-00.jpg","width":1600,"height":1299},{"@type":"BreadcrumbList","@id":"https:\/\/fmsb.eu\/de\/2024\/01\/07\/la-solucion-salomonica-del-impuesto-de-patrimonio-por-jorge-sainz-de-baranda\/#breadcrumb","itemListElement":[{"@type":"ListItem","position":1,"name":"Portada","item":"https:\/\/fmsb.eu\/de\/"},{"@type":"ListItem","position":2,"name":"La soluci\u00f3n salom\u00f3nica del Impuesto de Patrimonio, por Jorge S\u00e1inz de Baranda"}]},{"@type":"WebSite","@id":"https:\/\/fmsb.eu\/de\/#website","url":"https:\/\/fmsb.eu\/de\/","name":"FMSB Abogados y Economistas en Baleares","description":"","publisher":{"@id":"https:\/\/fmsb.eu\/de\/#organization"},"potentialAction":[{"@type":"SearchAction","target":{"@type":"EntryPoint","urlTemplate":"https:\/\/fmsb.eu\/de\/?s={search_term_string}"},"query-input":{"@type":"PropertyValueSpecification","valueRequired":true,"valueName":"search_term_string"}}],"inLanguage":"de"},{"@type":"Organization","@id":"https:\/\/fmsb.eu\/de\/#organization","name":"FMSB Abogados y Economistas en Baleares","url":"https:\/\/fmsb.eu\/de\/","logo":{"@type":"ImageObject","inLanguage":"de","@id":"https:\/\/fmsb.eu\/de\/#\/schema\/logo\/image\/","url":"https:\/\/fmsb.eu\/wp-content\/uploads\/2025\/02\/logo.svg","contentUrl":"https:\/\/fmsb.eu\/wp-content\/uploads\/2025\/02\/logo.svg","width":154,"height":52,"caption":"FMSB Abogados y Economistas en Baleares"},"image":{"@id":"https:\/\/fmsb.eu\/de\/#\/schema\/logo\/image\/"}},{"@type":"Person","@id":"https:\/\/fmsb.eu\/de\/#\/schema\/person\/9fba7c70814b0cd34d35d655d36a4ca2","name":"fmsb","image":{"@type":"ImageObject","inLanguage":"de","@id":"https:\/\/secure.gravatar.com\/avatar\/426f4d5b0ebcace85460caf87cdaaa193694b611e990615d87a13f322fb7ee7f?s=96&d=mm&r=g","url":"https:\/\/secure.gravatar.com\/avatar\/426f4d5b0ebcace85460caf87cdaaa193694b611e990615d87a13f322fb7ee7f?s=96&d=mm&r=g","contentUrl":"https:\/\/secure.gravatar.com\/avatar\/426f4d5b0ebcace85460caf87cdaaa193694b611e990615d87a13f322fb7ee7f?s=96&d=mm&r=g","caption":"fmsb"},"sameAs":["https:\/\/x.com\/fmsb-disstint"],"url":"https:\/\/fmsb.eu\/de\/author\/fmsb\/"}]}},"_links":{"self":[{"href":"https:\/\/fmsb.eu\/de\/wp-json\/wp\/v2\/posts\/11047","targetHints":{"allow":["GET"]}}],"collection":[{"href":"https:\/\/fmsb.eu\/de\/wp-json\/wp\/v2\/posts"}],"about":[{"href":"https:\/\/fmsb.eu\/de\/wp-json\/wp\/v2\/types\/post"}],"author":[{"embeddable":true,"href":"https:\/\/fmsb.eu\/de\/wp-json\/wp\/v2\/users\/2"}],"replies":[{"embeddable":true,"href":"https:\/\/fmsb.eu\/de\/wp-json\/wp\/v2\/comments?post=11047"}],"version-history":[{"count":0,"href":"https:\/\/fmsb.eu\/de\/wp-json\/wp\/v2\/posts\/11047\/revisions"}],"wp:featuredmedia":[{"embeddable":true,"href":"https:\/\/fmsb.eu\/de\/wp-json\/wp\/v2\/media\/10303"}],"wp:attachment":[{"href":"https:\/\/fmsb.eu\/de\/wp-json\/wp\/v2\/media?parent=11047"}],"wp:term":[{"taxonomy":"category","embeddable":true,"href":"https:\/\/fmsb.eu\/de\/wp-json\/wp\/v2\/categories?post=11047"},{"taxonomy":"post_tag","embeddable":true,"href":"https:\/\/fmsb.eu\/de\/wp-json\/wp\/v2\/tags?post=11047"}],"curies":[{"name":"wp","href":"https:\/\/api.w.org\/{rel}","templated":true}]}}