{"id":11071,"date":"2023-11-27T13:05:20","date_gmt":"2023-11-27T12:05:20","guid":{"rendered":"http:\/\/fmsb.disstintbeta.com\/2023\/11\/27\/margalida-sanso-manacor-comarcal-ciberdelincuencia-delitos-informaticos\/"},"modified":"2023-11-27T13:05:20","modified_gmt":"2023-11-27T12:05:20","slug":"margalida-sanso-manacor-comarcal-ciberdelincuencia-delitos-informaticos","status":"publish","type":"post","link":"https:\/\/fmsb.eu\/de\/2023\/11\/27\/margalida-sanso-manacor-comarcal-ciberdelincuencia-delitos-informaticos\/","title":{"rendered":"Margalida Sans\u00f3 en el \u00faltimo n\u00famero de &#8222;Manacor Comarcal&#8220; sobre ciberdelincuencia y delitos inform\u00e1ticos"},"content":{"rendered":"<p><a href=\"http:\/\/fmsb.disstintbeta.com\/wp-content\/uploads\/2023\/11\/FMSB-Abogados-Manacor-Entrevista-a-Margalida-Sanso.jpg\"><img fetchpriority=\"high\" decoding=\"async\" class=\"alignnone size-full wp-image-7389\" src=\"http:\/\/fmsb.disstintbeta.com\/wp-content\/uploads\/2023\/11\/FMSB-Abogados-Manacor-Entrevista-a-Margalida-Sanso.jpg\" alt=\"\" width=\"955\" height=\"645\" srcset=\"https:\/\/font-mora-sainz-baranda.fra1.digitaloceanspaces.com\/wp-content\/uploads\/2023\/11\/FMSB-Abogados-Manacor-Entrevista-a-Margalida-Sanso.jpg 955w, https:\/\/font-mora-sainz-baranda.fra1.digitaloceanspaces.com\/wp-content\/uploads\/2023\/11\/FMSB-Abogados-Manacor-Entrevista-a-Margalida-Sanso-300x203.jpg 300w, https:\/\/font-mora-sainz-baranda.fra1.digitaloceanspaces.com\/wp-content\/uploads\/2023\/11\/FMSB-Abogados-Manacor-Entrevista-a-Margalida-Sanso-768x519.jpg 768w\" sizes=\"(max-width: 955px) 100vw, 955px\" \/><\/a><\/p>\n<p><strong>\u00a0<\/strong><\/p>\n<h1><span style=\"color: #ffffff;\">&#8211;<\/span><\/h1>\n<p>A continuaci\u00f3n os transcribimos la entrevista que <em><strong>Manacor Comarca<\/strong><strong>l<\/strong><\/em> realiz\u00f3 a la abogada de<strong> Font Mora Sainz de Baranda<\/strong> &#8211;<em>abogados y economistas<\/em>&#8211; de la oficina de Manacor <a href=\"https:\/\/www.fmsb.eu\/margalida-sanso-jaume\/\"><strong>Margalida Sans\u00f3<\/strong><\/a> para su \u00faltimo n\u00famero:<\/p>\n<header class=\"entry-header-outer\">\n<div class=\"entry-header\">\n<h1><span style=\"color: #ff0000;\"><strong>Marga Sans\u00f3, abogada en Font Mora Sainz de Baranda, analiza para <em>Manacor Comarcal<\/em> el auge de la ciberdelincuencia que tanto afecta a Mallorca &#8222;<em>La ciberdelincuencia est\u00e1 creciendo de un a\u00f1o para otro<\/em><\/strong><\/span><br \/>\n<span style=\"color: #ff0000;\"><strong><em>por encima del 30%, cifras que considero alarmantes<\/em>&#8222;<\/strong><\/span><\/h1>\n<p>Mallorca se ha convertido en uno de los destinos predilectos de los ciberdelincuentes. De hecho, la isla es uno de los lugares de Europa donde m\u00e1s delitos inform\u00e1ticos se producen. Sobre este fen\u00f3meno hemos hablado con Marga Sans\u00f3, abogada del despacho Font Mora Sainz de Baranda, para intentar entender las causas del crecimiento de la ciberdelincuencia.<\/p>\n<\/div>\n<h3><strong>Desde 2020, con la pandemia, los delitos inform\u00e1ticos crecieron exponencialmente, y esta tendencia ha ido a m\u00e1s incluso con el fin de la Covid-19. \u00bfCu\u00e1les son las causas de esta tendencia al alza del ciberacoso?<\/strong><\/h3>\n<p>Es evidente que en lo \u00faltimos a\u00f1os el uso de la tecnolog\u00eda se ha extendido de forma exponencial, lo que ha hecho que la ciberdelincuencia tambi\u00e9n haya evolucionado. Adem\u00e1s, el aumento de las conexiones a internet en todo el mundo hace que los ciberdelincuentes no encuentren fronteras, por lo que cada vez m\u00e1s organizaciones delictivas encuentran en las redes sociales y en las nuevas tecnolog\u00edas una v\u00eda f\u00e1cil para conseguir sus objetivos. A ello hay que a\u00f1adir que la pandemia provoc\u00f3 un aumento de la digitalizaci\u00f3n empresarial y laboral, lo que ha supuesto un crecimiento importante de usuarios y nuevas formas de delinquir a trav\u00e9s de los medios tecnol\u00f3gicos. Otra causa que explica esta tendencia al alza en la ciberdelincuencia es el aumento de la inflaci\u00f3n y la p\u00e9rdida de poder adquisitivo de las familias, que hace que sean el blanco perfecto para que el ciberdelincuente se aproveche de la necesidad de las personas. Un gran ejemplo de ello son las estafas por internet, donde el particular no distingue si el mensaje que recibe es real o no y cae en las redes de los ciberdelincuentes.<\/p>\n<h3><strong>Mallorca es uno de los lugares de Europa donde m\u00e1s ha crecido la ciberdelincuencia en los \u00faltimos a\u00f1os. \u00bfHay alguna raz\u00f3n que lo explique?<\/strong><\/h3>\n<p>En Mallorca, los casos de ciberdelincuencia se han multiplicado por cuatro.\u00a0 en los \u00faltimos cinco a\u00f1os, mientras que en el resto de Espa\u00f1a se han multiplicado por tres. No podr\u00eda decir el motivo de este aumento, pero quiz\u00e1 se deba a que durante los meses de verano, con el turismo, recibimos m\u00e1s gente, la cual evidentemente se conecta a internet, lo que disparar\u00eda el n\u00famero de casos. En cualquier caso, a nivel global, la ciberdelincuencia est\u00e1 creciendo de un a\u00f1o para otro por encima del 30%, cifras que considero alarmantes&#8220;.<\/p>\n<h3><strong>\u00bfDe qu\u00e9 modo ha ido evolucionando el perfil del ciberacosador en los \u00faltimos a\u00f1os? Entiendo que con el paso del tiempo, su manera de actuar es m\u00e1s compleja, e incluso m\u00e1s dif\u00edcil de detectar&#8230;<br \/>\n<\/strong><\/h3>\n<p>Desde siempre los ciberdelincuentes han ido un paso por delante. El hecho de que puedan actuar desde cualquier parte del mundo, sin un \u00e1mbito geogr\u00e1fico concreto, dificulta la investigaci\u00f3n. Adem\u00e1s, los avances tecnol\u00f3gicos permiten que puedan navegar por la red de manera an\u00f3nima, obstaculizando la identificaci\u00f3n de los autores de los ciberdelitos.<\/p>\n<blockquote><p>&#8222;<em>La p\u00e9rdida de poder adquisitivo de las familias hace que sean el blanco perfecto para que el ciberdelincuente se aproveche de la necesidad de la gente&#8220; \u00a0<\/em><\/p><\/blockquote>\n<h3><strong>Los abogados caga vez ten\u00e9is m\u00e1s informaci\u00f3n de este tipo de delitos&#8230; \u00bfSe puede especificar cu\u00e1l es el perfil del ciberdelincuente?<\/strong><\/h3>\n<p>Creo que es complicado poder establecer un perfil concreto de ciberdelincuente. Sin embargo, seg\u00fan los \u00faltimos informes que se van emitiendo, el perfil del ciberdelincuente en Espa\u00f1a ser\u00eda un hombre de entre unos 26 a 40 a\u00f1os y de nacionalidad espa\u00f1ola. Suelen ser personas caracterizadas por un sentimiento de superioridad, que se creen invulnerables. Suelen ser individuos bien formados, pero no necesariamente con estudios universitarios.<\/p>\n<h3><strong>Y entre las v\u00edctimas de la ciberdelincuencia, \u00bfhay un perfil que se repita mucho?<\/strong><\/h3>\n<p>Cualquier persona f\u00edsica o jur\u00eddica conectada a internet puede ser v\u00edctima de un ciberdelito. Tanto menores de edad como mayores de edad, y en cualquier \u00e1mbito: l\u00fadico, escolar, laboral, de consumo. Ahora bien, cuanta m\u00e1s informaci\u00f3n y concienciaci\u00f3n tengamos, menor ser\u00e1 el riesgo de ser v\u00edctima de estos delitos, al igual que las empresas, donde es importante invertir en ciberseguridad para prevenir estos ataques.<\/p>\n<h3><strong>A inicios de este a\u00f1o, el anterior Govern ya anunci\u00f3 el lanzamiento de la Estrategia de Seguridad de Baleares para garantizar la ciberseguridad en la Administraci\u00f3n, las empresas y las instituciones. \u00bfEchas en falta alguna ayuda de este tipo para personas de a pie?<\/strong><\/h3>\n<p>Desde mi punto de vista, la mejor ayuda es la informaci\u00f3n y la formaci\u00f3n en ciberseguridad y la concienciaci\u00f3n de la ciudadan\u00eda y las empresas. Es necesario educar a la sociedad en c\u00f3mo protegerse y detectar si las p\u00e1ginas web o aplicaciones a las que acceden son fiables o no. El Instituto nacional de Ciberseguridad ofrece talleres dirigidos tanto a la ciudadan\u00eda en general como a las empresas, totalmente gratuitos. Son talleres dirigidos a personas mayores de 14 a\u00f1os, a educadores, familias, j\u00f3venes, menores de edad y tambi\u00e9n a empresas, que ofrecen herramientas muy \u00fatiles. A pesar de ello, es imprescindible una mayor inversi\u00f3n en nuevas tecnolog\u00edas y ciberseguridad, as\u00ed como una mayor coordinaci\u00f3n a nivel mundial con los distintos pa\u00edses que refuerce la investigaci\u00f3n.<\/p>\n<h3><strong>Antes de acabar, \u00bfte gustar\u00eda dar alg\u00fan consejo a los lectores, para protegerse de los delitos inform\u00e1ticos?<\/strong><\/h3>\n<\/header>\n<p>Les recomendar\u00eda, en primer lugar, que accedan a la p\u00e1gina web del Instituto Nacional de Ciberseguridad para que consulten toda la informaci\u00f3n, talleres y herramientas disponibles. De la misma manera, es importante que utilicen tarjetas prepago, que creen contrase\u00f1as seguras, tener un buen antivirus, activar el spam en nuestro correo electr\u00f3nico, no pinchar nunca enlaces sospechosos, no dejar los datos personales en cualquier web&#8230; Y si, desgraciadamente, han sido v\u00edctimas de un ciberdelito, acudan inmediatamente a interponer la correspondiente denuncia.<\/p>\n<p><a href=\"https:\/\/www.fmsb.eu\/wp-content\/uploads\/2023\/11\/01-scaled.jpg\"><img decoding=\"async\" class=\"alignnone wp-image-7392\" src=\"https:\/\/www.fmsb.eu\/wp-content\/uploads\/2023\/11\/01-scaled.jpg\" alt=\"\" width=\"1000\" height=\"1414\" \/><\/a> <a href=\"https:\/\/www.fmsb.eu\/wp-content\/uploads\/2023\/11\/02-scaled.jpg\"><img decoding=\"async\" class=\"alignnone wp-image-7395\" src=\"https:\/\/www.fmsb.eu\/wp-content\/uploads\/2023\/11\/02-scaled.jpg\" alt=\"\" width=\"1000\" height=\"1414\" \/><\/a><\/p>\n<p>Autor: <strong>Jos\u00e9 Mar\u00eda S\u00e1nchez<\/strong> Fuente:<strong><a href=\"https:\/\/manacorcomarcal.com\/\"> Manacor Comarcal<\/a><br \/>\n<\/strong><\/p>\n<p>Entrevista publicada en la edici\u00f3n digital e impresa de <a href=\"https:\/\/manacorcomarcal.com\/\"><strong><em>Manacor Comarcal<\/em><\/strong><\/a><strong> en noviembre de 2023<br \/>\n<\/strong><\/p>\n<p>&nbsp;<\/p>\n<h2><span style=\"color: #ff0000;\"><strong>\u00bfLe interesa este tema?<\/strong><\/span><\/h2>\n<p>Adem\u00e1s de esta entrada, usted puede navegar por la secci\u00f3n de nuestra web <a href=\"https:\/\/www.fmsb.eu\/blog\/\"><em><strong>Blog y Noticias<\/strong><\/em><\/a>, en la que podr\u00e1 encontrar mediante la barra de b\u00fasqueda aquellos temas que m\u00e1s le interesen, con entradas similares sobre <a href=\"https:\/\/www.fmsb.eu\/?s=derecho+penal\">Derecho penal<\/a>, <a href=\"https:\/\/www.fmsb.eu\/?s=ciberdelitos\">ciberdelitos<\/a> o <a href=\"https:\/\/www.fmsb.eu\/?s=delitos+informaticos\">delitos inform\u00e1ticos<\/a>, <a href=\"https:\/\/www.fmsb.eu\/?s=fraude+informatico\">fraude<\/a>, <a href=\"https:\/\/www.fmsb.eu\/?s=chantaje\">chantaje<\/a>, virus inform\u00e1ticos, <a href=\"https:\/\/www.fmsb.eu\/?s=suplantacion\">suplantaci\u00f3n<\/a>, <a href=\"https:\/\/www.fmsb.eu\/?s=ciberbullying\">ciberbullying<\/a>,\u00a0 <a href=\"https:\/\/www.fmsb.eu\/?s=sextorsion\">sextorsi\u00f3n<\/a> (extorsi\u00f3n de \u00edndole sexual), <a href=\"https:\/\/www.fmsb.eu\/?s=ciberodio\">ciberodio<\/a>, <a href=\"https:\/\/www.fmsb.eu\/?s=pornografia+infantil\">pornograf\u00eda infantil<\/a>, <a href=\"https:\/\/www.fmsb.eu\/?s=matrimonio\">spam<\/a>, <a href=\"https:\/\/www.fmsb.eu\/?s=phising\">phising<\/a>&#8230;<\/p>\n<p>No olvide que puede ponerse en contacto con nuestro despacho\u00a0<a href=\"http:\/\/fmsb.eu\/\"><strong>Font Mora Sainz de Baranda<\/strong>\u00a0\u2013<em>abogados y economistas<\/em>\u2013<\/a> en caso de que precise asesoramiento especializado en materia de ciberdelincuencia, donde contamos con un equipo multidisciplinar de abogados y economistas especializados en la materia se\u00f1alada que podr\u00e1n estudiar pormenorizadamente su caso para brindar el asesoramiento personahttps:\/\/www.fmsb.eu\/?s=matrimoniolizado que usted necesita, ofreci\u00e9ndole las soluciones m\u00e1s adecuadas en atenci\u00f3n a sus circunstancias. No lo dude y p\u00f3ngase en contacto con nosotros en cualquiera de nuestros sedes de Mallorca (<a href=\"https:\/\/maps.app.goo.gl\/GFMW3nzsHEMRJUFk9\">Palma<\/a>, <a href=\"https:\/\/www.google.com\/maps\/place\/\/data=!4m2!3m1!1s0x129821ffeda61941:0x467dae99ec5dcbc2?source=g.page.share\">Puerto de Andratx<\/a>, <a href=\"https:\/\/www.google.com\/maps\/place\/\/data=!4m2!3m1!1s0x12979786fed57081:0x756ddaea009bba0a?source=g.page.share\">El Arenal<\/a>, <a href=\"https:\/\/www.google.com\/maps\/place\/\/data=!4m2!3m1!1s0x1296492c0c9fd3ef:0xe947ab9a7259362f?source=g.page.share\">Manacor<\/a>, Inca) <a href=\"http:\/\/maps.google.com\/maps?q=(38.9111885,%201.4315623)\">Ibiza<\/a>, Menorca o Madrid.<\/p>\n<hr \/>\n<p><span style=\"color: #999999;\">#fmsb #fontmorasainzdebaranda #abogados #economistas #derecho #penal #ciberdelincuencia #phising #delitosinform\u00e1ticos #ciberdelitos #spamming #phising #bullying #ciberbullying #sextorsion #suplantaci\u00f3n #fraude #chantaje #red #redessociales #baleares #palma #mallorca #ibiza #menorca #inca #elarenal #manacor #puertoandratx #andratx #manacorcormarcal #lawyers #solicitors<\/span><\/p>\n","protected":false},"excerpt":{"rendered":"<p>\u00a0 &#8211; A continuaci\u00f3n os transcribimos la entrevista que Manacor Comarcal realiz\u00f3 a la abogada de Font Mora Sainz de Baranda &#8211;abogados y economistas&#8211; de la oficina de Manacor Margalida Sans\u00f3 para su \u00faltimo n\u00famero: Marga Sans\u00f3, abogada en Font Mora Sainz de Baranda, analiza para Manacor Comarcal el auge de la ciberdelincuencia que tanto [&hellip;]<\/p>\n","protected":false},"author":2,"featured_media":10265,"comment_status":"closed","ping_status":"open","sticky":false,"template":"","format":"standard","meta":{"footnotes":""},"categories":[2198,2199,2387,2202],"tags":[3806,3807,3808,3809,3810,3811,3812,3813,3814,3815,3816,3817,3818,2398,2218,3819,3820,3821,2223,2224,2876,3822,2232,3823,2754,3824,3825,3826,3827,3603,2402,3828,3829,3830,3831,3832,3833,3834,3835],"class_list":["post-11071","post","type-post","status-publish","format-standard","has-post-thumbnail","hentry","category-actualidad-de","category-blog-de","category-derecho-penal-de","category-home-de","tag-abogada-manacor-de","tag-acoso-en-la-red-de","tag-bullying-de","tag-chantaje-de","tag-ciberbulling-de","tag-ciberdelincuencia-de","tag-ciberdelincuente-de","tag-ciberdelitos-de","tag-ciberespacio-de","tag-ciberodio-de","tag-ciberseguridad-de","tag-correo-masivo-de","tag-delitos-informaticos-de","tag-derecho-penal-de","tag-economistas-de","tag-emails-de","tag-espacio-digital-de","tag-extorsion-de-caracter-sexual-de","tag-fmsb-de","tag-font-mora-sainz-de-baranda-de","tag-fraude-de","tag-internet-de","tag-manacor-de","tag-manacor-comarcal-de","tag-margalida-sanso-de","tag-misser-manacor-de","tag-mundo-digital-de","tag-phising-de","tag-pornografia-infantil-de","tag-red-de","tag-redes-sociales-de","tag-sextorsion-de","tag-sms-de","tag-spam-de","tag-spamming-de","tag-suplantacion-de","tag-usurpacion-de-personalidad-de","tag-virus-informatico-de","tag-virus-informaticos-de"],"yoast_head":"<!-- This site is optimized with the Yoast SEO plugin v27.3 - https:\/\/yoast.com\/product\/yoast-seo-wordpress\/ -->\n<title>Margalida Sans\u00f3 en el \u00faltimo n\u00famero de &quot;Manacor Comarcal&quot; sobre ciberdelincuencia y delitos inform\u00e1ticos - FMSB Abogados y Economistas en Baleares<\/title>\n<meta name=\"description\" content=\"Margalida Sans\u00f3 para Manacor Comarcal: La ciberdelincuencia est\u00e1 creciendo de un a\u00f1o para otro por encima del 30%\" \/>\n<meta name=\"robots\" content=\"index, follow, max-snippet:-1, max-image-preview:large, max-video-preview:-1\" \/>\n<link rel=\"canonical\" href=\"https:\/\/fmsb.eu\/de\/2023\/11\/27\/margalida-sanso-manacor-comarcal-ciberdelincuencia-delitos-informaticos\/\" \/>\n<meta property=\"og:locale\" content=\"de_DE\" \/>\n<meta property=\"og:type\" content=\"article\" \/>\n<meta property=\"og:title\" content=\"Margalida Sans\u00f3 en el \u00faltimo n\u00famero de &quot;Manacor Comarcal&quot; sobre ciberdelincuencia y delitos inform\u00e1ticos - FMSB Abogados y Economistas en Baleares\" \/>\n<meta property=\"og:description\" content=\"Margalida Sans\u00f3 para Manacor Comarcal: La ciberdelincuencia est\u00e1 creciendo de un a\u00f1o para otro por encima del 30%\" \/>\n<meta property=\"og:url\" content=\"https:\/\/fmsb.eu\/de\/2023\/11\/27\/margalida-sanso-manacor-comarcal-ciberdelincuencia-delitos-informaticos\/\" \/>\n<meta property=\"og:site_name\" content=\"FMSB Abogados y Economistas en Baleares\" \/>\n<meta property=\"article:published_time\" content=\"2023-11-27T12:05:20+00:00\" \/>\n<meta property=\"og:image\" content=\"https:\/\/fmsb.eu\/wp-content\/uploads\/2023\/11\/FMSB-Abogados-Manacor-Entrevista-a-Margalida-Sanso.jpg\" \/>\n\t<meta property=\"og:image:width\" content=\"955\" \/>\n\t<meta property=\"og:image:height\" content=\"645\" \/>\n\t<meta property=\"og:image:type\" content=\"image\/jpeg\" \/>\n<meta name=\"author\" content=\"fmsb\" \/>\n<meta name=\"twitter:card\" content=\"summary_large_image\" \/>\n<meta name=\"twitter:creator\" content=\"@fmsb-disstint\" \/>\n<meta name=\"twitter:label1\" content=\"Verfasst von\" \/>\n\t<meta name=\"twitter:data1\" content=\"fmsb\" \/>\n\t<meta name=\"twitter:label2\" content=\"Gesch\u00e4tzte Lesezeit\" \/>\n\t<meta name=\"twitter:data2\" content=\"7\u00a0Minuten\" \/>\n<script type=\"application\/ld+json\" class=\"yoast-schema-graph\">{\"@context\":\"https:\\\/\\\/schema.org\",\"@graph\":[{\"@type\":\"Article\",\"@id\":\"https:\\\/\\\/fmsb.eu\\\/de\\\/2023\\\/11\\\/27\\\/margalida-sanso-manacor-comarcal-ciberdelincuencia-delitos-informaticos\\\/#article\",\"isPartOf\":{\"@id\":\"https:\\\/\\\/fmsb.eu\\\/de\\\/2023\\\/11\\\/27\\\/margalida-sanso-manacor-comarcal-ciberdelincuencia-delitos-informaticos\\\/\"},\"author\":{\"name\":\"fmsb\",\"@id\":\"https:\\\/\\\/fmsb.eu\\\/de\\\/#\\\/schema\\\/person\\\/9fba7c70814b0cd34d35d655d36a4ca2\"},\"headline\":\"Margalida Sans\u00f3 en el \u00faltimo n\u00famero de &#8222;Manacor Comarcal&#8220; sobre ciberdelincuencia y delitos inform\u00e1ticos\",\"datePublished\":\"2023-11-27T12:05:20+00:00\",\"mainEntityOfPage\":{\"@id\":\"https:\\\/\\\/fmsb.eu\\\/de\\\/2023\\\/11\\\/27\\\/margalida-sanso-manacor-comarcal-ciberdelincuencia-delitos-informaticos\\\/\"},\"wordCount\":1345,\"publisher\":{\"@id\":\"https:\\\/\\\/fmsb.eu\\\/de\\\/#organization\"},\"image\":{\"@id\":\"https:\\\/\\\/fmsb.eu\\\/de\\\/2023\\\/11\\\/27\\\/margalida-sanso-manacor-comarcal-ciberdelincuencia-delitos-informaticos\\\/#primaryimage\"},\"thumbnailUrl\":\"https:\\\/\\\/fmsb.eu\\\/wp-content\\\/uploads\\\/2023\\\/11\\\/FMSB-Abogados-Manacor-Entrevista-a-Margalida-Sanso.jpg\",\"keywords\":[\"abogada manacor\",\"acoso en la red\",\"bullying\",\"chantaje\",\"ciberbulling\",\"ciberdelincuencia\",\"ciberdelincuente\",\"ciberdelitos\",\"ciberespacio\",\"ciberodio\",\"ciberseguridad\",\"correo masivo\",\"delitos inform\u00e1ticos\",\"derecho penal\",\"economistas\",\"emails\",\"espacio digital\",\"extorsi\u00f3n de car\u00e1cter sexual\",\"fmsb\",\"font mora sainz de baranda\",\"fraude\",\"internet\",\"Manacor\",\"manacor comarcal\",\"margalida sanso\",\"misser manacor\",\"mundo digital\",\"phising\",\"pornograf\u00eda infantil\",\"red\",\"redes sociales\",\"sextorsi\u00f3n\",\"sms\",\"spam\",\"spamming\",\"suplantaci\u00f3n\",\"usurpaci\u00f3n de personalidad\",\"virus inform\u00e1tico\",\"virus inform\u00e1ticos\"],\"articleSection\":[\"actualidad\",\"blog\",\"Derecho Penal\",\"Home\"],\"inLanguage\":\"de\"},{\"@type\":\"WebPage\",\"@id\":\"https:\\\/\\\/fmsb.eu\\\/de\\\/2023\\\/11\\\/27\\\/margalida-sanso-manacor-comarcal-ciberdelincuencia-delitos-informaticos\\\/\",\"url\":\"https:\\\/\\\/fmsb.eu\\\/de\\\/2023\\\/11\\\/27\\\/margalida-sanso-manacor-comarcal-ciberdelincuencia-delitos-informaticos\\\/\",\"name\":\"Margalida Sans\u00f3 en el \u00faltimo n\u00famero de \\\"Manacor Comarcal\\\" sobre ciberdelincuencia y delitos inform\u00e1ticos - FMSB Abogados y Economistas en Baleares\",\"isPartOf\":{\"@id\":\"https:\\\/\\\/fmsb.eu\\\/de\\\/#website\"},\"primaryImageOfPage\":{\"@id\":\"https:\\\/\\\/fmsb.eu\\\/de\\\/2023\\\/11\\\/27\\\/margalida-sanso-manacor-comarcal-ciberdelincuencia-delitos-informaticos\\\/#primaryimage\"},\"image\":{\"@id\":\"https:\\\/\\\/fmsb.eu\\\/de\\\/2023\\\/11\\\/27\\\/margalida-sanso-manacor-comarcal-ciberdelincuencia-delitos-informaticos\\\/#primaryimage\"},\"thumbnailUrl\":\"https:\\\/\\\/fmsb.eu\\\/wp-content\\\/uploads\\\/2023\\\/11\\\/FMSB-Abogados-Manacor-Entrevista-a-Margalida-Sanso.jpg\",\"datePublished\":\"2023-11-27T12:05:20+00:00\",\"description\":\"Margalida Sans\u00f3 para Manacor Comarcal: La ciberdelincuencia est\u00e1 creciendo de un a\u00f1o para otro por encima del 30%\",\"breadcrumb\":{\"@id\":\"https:\\\/\\\/fmsb.eu\\\/de\\\/2023\\\/11\\\/27\\\/margalida-sanso-manacor-comarcal-ciberdelincuencia-delitos-informaticos\\\/#breadcrumb\"},\"inLanguage\":\"de\",\"potentialAction\":[{\"@type\":\"ReadAction\",\"target\":[\"https:\\\/\\\/fmsb.eu\\\/de\\\/2023\\\/11\\\/27\\\/margalida-sanso-manacor-comarcal-ciberdelincuencia-delitos-informaticos\\\/\"]}]},{\"@type\":\"ImageObject\",\"inLanguage\":\"de\",\"@id\":\"https:\\\/\\\/fmsb.eu\\\/de\\\/2023\\\/11\\\/27\\\/margalida-sanso-manacor-comarcal-ciberdelincuencia-delitos-informaticos\\\/#primaryimage\",\"url\":\"https:\\\/\\\/fmsb.eu\\\/wp-content\\\/uploads\\\/2023\\\/11\\\/FMSB-Abogados-Manacor-Entrevista-a-Margalida-Sanso.jpg\",\"contentUrl\":\"https:\\\/\\\/fmsb.eu\\\/wp-content\\\/uploads\\\/2023\\\/11\\\/FMSB-Abogados-Manacor-Entrevista-a-Margalida-Sanso.jpg\",\"width\":955,\"height\":645},{\"@type\":\"BreadcrumbList\",\"@id\":\"https:\\\/\\\/fmsb.eu\\\/de\\\/2023\\\/11\\\/27\\\/margalida-sanso-manacor-comarcal-ciberdelincuencia-delitos-informaticos\\\/#breadcrumb\",\"itemListElement\":[{\"@type\":\"ListItem\",\"position\":1,\"name\":\"Portada\",\"item\":\"https:\\\/\\\/fmsb.eu\\\/de\\\/\"},{\"@type\":\"ListItem\",\"position\":2,\"name\":\"Margalida Sans\u00f3 en el \u00faltimo n\u00famero de &#8222;Manacor Comarcal&#8220; sobre ciberdelincuencia y delitos inform\u00e1ticos\"}]},{\"@type\":\"WebSite\",\"@id\":\"https:\\\/\\\/fmsb.eu\\\/de\\\/#website\",\"url\":\"https:\\\/\\\/fmsb.eu\\\/de\\\/\",\"name\":\"FMSB Abogados y Economistas en Baleares\",\"description\":\"\",\"publisher\":{\"@id\":\"https:\\\/\\\/fmsb.eu\\\/de\\\/#organization\"},\"potentialAction\":[{\"@type\":\"SearchAction\",\"target\":{\"@type\":\"EntryPoint\",\"urlTemplate\":\"https:\\\/\\\/fmsb.eu\\\/de\\\/?s={search_term_string}\"},\"query-input\":{\"@type\":\"PropertyValueSpecification\",\"valueRequired\":true,\"valueName\":\"search_term_string\"}}],\"inLanguage\":\"de\"},{\"@type\":\"Organization\",\"@id\":\"https:\\\/\\\/fmsb.eu\\\/de\\\/#organization\",\"name\":\"FMSB Abogados y Economistas en Baleares\",\"url\":\"https:\\\/\\\/fmsb.eu\\\/de\\\/\",\"logo\":{\"@type\":\"ImageObject\",\"inLanguage\":\"de\",\"@id\":\"https:\\\/\\\/fmsb.eu\\\/de\\\/#\\\/schema\\\/logo\\\/image\\\/\",\"url\":\"https:\\\/\\\/fmsb.eu\\\/wp-content\\\/uploads\\\/2025\\\/02\\\/logo.svg\",\"contentUrl\":\"https:\\\/\\\/fmsb.eu\\\/wp-content\\\/uploads\\\/2025\\\/02\\\/logo.svg\",\"width\":154,\"height\":52,\"caption\":\"FMSB Abogados y Economistas en Baleares\"},\"image\":{\"@id\":\"https:\\\/\\\/fmsb.eu\\\/de\\\/#\\\/schema\\\/logo\\\/image\\\/\"}},{\"@type\":\"Person\",\"@id\":\"https:\\\/\\\/fmsb.eu\\\/de\\\/#\\\/schema\\\/person\\\/9fba7c70814b0cd34d35d655d36a4ca2\",\"name\":\"fmsb\",\"image\":{\"@type\":\"ImageObject\",\"inLanguage\":\"de\",\"@id\":\"https:\\\/\\\/secure.gravatar.com\\\/avatar\\\/426f4d5b0ebcace85460caf87cdaaa193694b611e990615d87a13f322fb7ee7f?s=96&d=mm&r=g\",\"url\":\"https:\\\/\\\/secure.gravatar.com\\\/avatar\\\/426f4d5b0ebcace85460caf87cdaaa193694b611e990615d87a13f322fb7ee7f?s=96&d=mm&r=g\",\"contentUrl\":\"https:\\\/\\\/secure.gravatar.com\\\/avatar\\\/426f4d5b0ebcace85460caf87cdaaa193694b611e990615d87a13f322fb7ee7f?s=96&d=mm&r=g\",\"caption\":\"fmsb\"},\"sameAs\":[\"https:\\\/\\\/x.com\\\/fmsb-disstint\"],\"url\":\"https:\\\/\\\/fmsb.eu\\\/de\\\/author\\\/fmsb\\\/\"}]}<\/script>\n<!-- \/ Yoast SEO plugin. -->","yoast_head_json":{"title":"Margalida Sans\u00f3 en el \u00faltimo n\u00famero de \"Manacor Comarcal\" sobre ciberdelincuencia y delitos inform\u00e1ticos - FMSB Abogados y Economistas en Baleares","description":"Margalida Sans\u00f3 para Manacor Comarcal: La ciberdelincuencia est\u00e1 creciendo de un a\u00f1o para otro por encima del 30%","robots":{"index":"index","follow":"follow","max-snippet":"max-snippet:-1","max-image-preview":"max-image-preview:large","max-video-preview":"max-video-preview:-1"},"canonical":"https:\/\/fmsb.eu\/de\/2023\/11\/27\/margalida-sanso-manacor-comarcal-ciberdelincuencia-delitos-informaticos\/","og_locale":"de_DE","og_type":"article","og_title":"Margalida Sans\u00f3 en el \u00faltimo n\u00famero de \"Manacor Comarcal\" sobre ciberdelincuencia y delitos inform\u00e1ticos - FMSB Abogados y Economistas en Baleares","og_description":"Margalida Sans\u00f3 para Manacor Comarcal: La ciberdelincuencia est\u00e1 creciendo de un a\u00f1o para otro por encima del 30%","og_url":"https:\/\/fmsb.eu\/de\/2023\/11\/27\/margalida-sanso-manacor-comarcal-ciberdelincuencia-delitos-informaticos\/","og_site_name":"FMSB Abogados y Economistas en Baleares","article_published_time":"2023-11-27T12:05:20+00:00","og_image":[{"width":955,"height":645,"url":"https:\/\/fmsb.eu\/wp-content\/uploads\/2023\/11\/FMSB-Abogados-Manacor-Entrevista-a-Margalida-Sanso.jpg","type":"image\/jpeg"}],"author":"fmsb","twitter_card":"summary_large_image","twitter_creator":"@fmsb-disstint","twitter_misc":{"Verfasst von":"fmsb","Gesch\u00e4tzte Lesezeit":"7\u00a0Minuten"},"schema":{"@context":"https:\/\/schema.org","@graph":[{"@type":"Article","@id":"https:\/\/fmsb.eu\/de\/2023\/11\/27\/margalida-sanso-manacor-comarcal-ciberdelincuencia-delitos-informaticos\/#article","isPartOf":{"@id":"https:\/\/fmsb.eu\/de\/2023\/11\/27\/margalida-sanso-manacor-comarcal-ciberdelincuencia-delitos-informaticos\/"},"author":{"name":"fmsb","@id":"https:\/\/fmsb.eu\/de\/#\/schema\/person\/9fba7c70814b0cd34d35d655d36a4ca2"},"headline":"Margalida Sans\u00f3 en el \u00faltimo n\u00famero de &#8222;Manacor Comarcal&#8220; sobre ciberdelincuencia y delitos inform\u00e1ticos","datePublished":"2023-11-27T12:05:20+00:00","mainEntityOfPage":{"@id":"https:\/\/fmsb.eu\/de\/2023\/11\/27\/margalida-sanso-manacor-comarcal-ciberdelincuencia-delitos-informaticos\/"},"wordCount":1345,"publisher":{"@id":"https:\/\/fmsb.eu\/de\/#organization"},"image":{"@id":"https:\/\/fmsb.eu\/de\/2023\/11\/27\/margalida-sanso-manacor-comarcal-ciberdelincuencia-delitos-informaticos\/#primaryimage"},"thumbnailUrl":"https:\/\/fmsb.eu\/wp-content\/uploads\/2023\/11\/FMSB-Abogados-Manacor-Entrevista-a-Margalida-Sanso.jpg","keywords":["abogada manacor","acoso en la red","bullying","chantaje","ciberbulling","ciberdelincuencia","ciberdelincuente","ciberdelitos","ciberespacio","ciberodio","ciberseguridad","correo masivo","delitos inform\u00e1ticos","derecho penal","economistas","emails","espacio digital","extorsi\u00f3n de car\u00e1cter sexual","fmsb","font mora sainz de baranda","fraude","internet","Manacor","manacor comarcal","margalida sanso","misser manacor","mundo digital","phising","pornograf\u00eda infantil","red","redes sociales","sextorsi\u00f3n","sms","spam","spamming","suplantaci\u00f3n","usurpaci\u00f3n de personalidad","virus inform\u00e1tico","virus inform\u00e1ticos"],"articleSection":["actualidad","blog","Derecho Penal","Home"],"inLanguage":"de"},{"@type":"WebPage","@id":"https:\/\/fmsb.eu\/de\/2023\/11\/27\/margalida-sanso-manacor-comarcal-ciberdelincuencia-delitos-informaticos\/","url":"https:\/\/fmsb.eu\/de\/2023\/11\/27\/margalida-sanso-manacor-comarcal-ciberdelincuencia-delitos-informaticos\/","name":"Margalida Sans\u00f3 en el \u00faltimo n\u00famero de \"Manacor Comarcal\" sobre ciberdelincuencia y delitos inform\u00e1ticos - FMSB Abogados y Economistas en Baleares","isPartOf":{"@id":"https:\/\/fmsb.eu\/de\/#website"},"primaryImageOfPage":{"@id":"https:\/\/fmsb.eu\/de\/2023\/11\/27\/margalida-sanso-manacor-comarcal-ciberdelincuencia-delitos-informaticos\/#primaryimage"},"image":{"@id":"https:\/\/fmsb.eu\/de\/2023\/11\/27\/margalida-sanso-manacor-comarcal-ciberdelincuencia-delitos-informaticos\/#primaryimage"},"thumbnailUrl":"https:\/\/fmsb.eu\/wp-content\/uploads\/2023\/11\/FMSB-Abogados-Manacor-Entrevista-a-Margalida-Sanso.jpg","datePublished":"2023-11-27T12:05:20+00:00","description":"Margalida Sans\u00f3 para Manacor Comarcal: La ciberdelincuencia est\u00e1 creciendo de un a\u00f1o para otro por encima del 30%","breadcrumb":{"@id":"https:\/\/fmsb.eu\/de\/2023\/11\/27\/margalida-sanso-manacor-comarcal-ciberdelincuencia-delitos-informaticos\/#breadcrumb"},"inLanguage":"de","potentialAction":[{"@type":"ReadAction","target":["https:\/\/fmsb.eu\/de\/2023\/11\/27\/margalida-sanso-manacor-comarcal-ciberdelincuencia-delitos-informaticos\/"]}]},{"@type":"ImageObject","inLanguage":"de","@id":"https:\/\/fmsb.eu\/de\/2023\/11\/27\/margalida-sanso-manacor-comarcal-ciberdelincuencia-delitos-informaticos\/#primaryimage","url":"https:\/\/fmsb.eu\/wp-content\/uploads\/2023\/11\/FMSB-Abogados-Manacor-Entrevista-a-Margalida-Sanso.jpg","contentUrl":"https:\/\/fmsb.eu\/wp-content\/uploads\/2023\/11\/FMSB-Abogados-Manacor-Entrevista-a-Margalida-Sanso.jpg","width":955,"height":645},{"@type":"BreadcrumbList","@id":"https:\/\/fmsb.eu\/de\/2023\/11\/27\/margalida-sanso-manacor-comarcal-ciberdelincuencia-delitos-informaticos\/#breadcrumb","itemListElement":[{"@type":"ListItem","position":1,"name":"Portada","item":"https:\/\/fmsb.eu\/de\/"},{"@type":"ListItem","position":2,"name":"Margalida Sans\u00f3 en el \u00faltimo n\u00famero de &#8222;Manacor Comarcal&#8220; sobre ciberdelincuencia y delitos inform\u00e1ticos"}]},{"@type":"WebSite","@id":"https:\/\/fmsb.eu\/de\/#website","url":"https:\/\/fmsb.eu\/de\/","name":"FMSB Abogados y Economistas en Baleares","description":"","publisher":{"@id":"https:\/\/fmsb.eu\/de\/#organization"},"potentialAction":[{"@type":"SearchAction","target":{"@type":"EntryPoint","urlTemplate":"https:\/\/fmsb.eu\/de\/?s={search_term_string}"},"query-input":{"@type":"PropertyValueSpecification","valueRequired":true,"valueName":"search_term_string"}}],"inLanguage":"de"},{"@type":"Organization","@id":"https:\/\/fmsb.eu\/de\/#organization","name":"FMSB Abogados y Economistas en Baleares","url":"https:\/\/fmsb.eu\/de\/","logo":{"@type":"ImageObject","inLanguage":"de","@id":"https:\/\/fmsb.eu\/de\/#\/schema\/logo\/image\/","url":"https:\/\/fmsb.eu\/wp-content\/uploads\/2025\/02\/logo.svg","contentUrl":"https:\/\/fmsb.eu\/wp-content\/uploads\/2025\/02\/logo.svg","width":154,"height":52,"caption":"FMSB Abogados y Economistas en Baleares"},"image":{"@id":"https:\/\/fmsb.eu\/de\/#\/schema\/logo\/image\/"}},{"@type":"Person","@id":"https:\/\/fmsb.eu\/de\/#\/schema\/person\/9fba7c70814b0cd34d35d655d36a4ca2","name":"fmsb","image":{"@type":"ImageObject","inLanguage":"de","@id":"https:\/\/secure.gravatar.com\/avatar\/426f4d5b0ebcace85460caf87cdaaa193694b611e990615d87a13f322fb7ee7f?s=96&d=mm&r=g","url":"https:\/\/secure.gravatar.com\/avatar\/426f4d5b0ebcace85460caf87cdaaa193694b611e990615d87a13f322fb7ee7f?s=96&d=mm&r=g","contentUrl":"https:\/\/secure.gravatar.com\/avatar\/426f4d5b0ebcace85460caf87cdaaa193694b611e990615d87a13f322fb7ee7f?s=96&d=mm&r=g","caption":"fmsb"},"sameAs":["https:\/\/x.com\/fmsb-disstint"],"url":"https:\/\/fmsb.eu\/de\/author\/fmsb\/"}]}},"_links":{"self":[{"href":"https:\/\/fmsb.eu\/de\/wp-json\/wp\/v2\/posts\/11071","targetHints":{"allow":["GET"]}}],"collection":[{"href":"https:\/\/fmsb.eu\/de\/wp-json\/wp\/v2\/posts"}],"about":[{"href":"https:\/\/fmsb.eu\/de\/wp-json\/wp\/v2\/types\/post"}],"author":[{"embeddable":true,"href":"https:\/\/fmsb.eu\/de\/wp-json\/wp\/v2\/users\/2"}],"replies":[{"embeddable":true,"href":"https:\/\/fmsb.eu\/de\/wp-json\/wp\/v2\/comments?post=11071"}],"version-history":[{"count":0,"href":"https:\/\/fmsb.eu\/de\/wp-json\/wp\/v2\/posts\/11071\/revisions"}],"wp:featuredmedia":[{"embeddable":true,"href":"https:\/\/fmsb.eu\/de\/wp-json\/wp\/v2\/media\/10265"}],"wp:attachment":[{"href":"https:\/\/fmsb.eu\/de\/wp-json\/wp\/v2\/media?parent=11071"}],"wp:term":[{"taxonomy":"category","embeddable":true,"href":"https:\/\/fmsb.eu\/de\/wp-json\/wp\/v2\/categories?post=11071"},{"taxonomy":"post_tag","embeddable":true,"href":"https:\/\/fmsb.eu\/de\/wp-json\/wp\/v2\/tags?post=11071"}],"curies":[{"name":"wp","href":"https:\/\/api.w.org\/{rel}","templated":true}]}}