{"id":11091,"date":"2023-10-21T20:54:40","date_gmt":"2023-10-21T18:54:40","guid":{"rendered":"http:\/\/fmsb.disstintbeta.com\/2023\/10\/21\/enmendar-la-plana-impuesto-sucesiones-1\/"},"modified":"2023-10-21T20:54:40","modified_gmt":"2023-10-21T18:54:40","slug":"enmendar-la-plana-impuesto-sucesiones-1","status":"publish","type":"post","link":"https:\/\/fmsb.eu\/de\/2023\/10\/21\/enmendar-la-plana-impuesto-sucesiones-1\/","title":{"rendered":"Enmendar la plana en el Impuesto de Sucesiones (I), por Jorge S\u00e1inz de Baranda"},"content":{"rendered":"<p>&nbsp;<\/p>\n<div class=\"navegacion\">\n<h3 class=\"antesubtitulo antetit\"><a href=\"http:\/\/www.mallorcadiario.com\"><span style=\"color: #993300;\"><strong>mallorcadiario.com<\/strong><\/span><\/a>\u00a0 <a href=\"https:\/\/www.mallorcadiario.com\/hacienda-el-alcoyano-y-el-testamento-olografo-de-don-beneficiante-jorge-sainz-de-baranda\">Opini\u00f3n<\/a><\/h3>\n<\/div>\n<p><a href=\"http:\/\/fmsb.disstintbeta.com\/wp-content\/uploads\/2023\/10\/Enmendar-la-plana-en-el-impuesto-de-sucesiones-1-Jorge-Sainz-de-Baranda-Mallorcadiario-00.jpg\"><img fetchpriority=\"high\" decoding=\"async\" class=\"alignnone wp-image-7308\" src=\"http:\/\/fmsb.disstintbeta.com\/wp-content\/uploads\/2023\/10\/Enmendar-la-plana-en-el-impuesto-de-sucesiones-1-Jorge-Sainz-de-Baranda-Mallorcadiario-00.jpg\" alt=\"\" width=\"800\" height=\"650\" srcset=\"https:\/\/font-mora-sainz-baranda.fra1.digitaloceanspaces.com\/wp-content\/uploads\/2023\/10\/Enmendar-la-plana-en-el-impuesto-de-sucesiones-1-Jorge-Sainz-de-Baranda-Mallorcadiario-00.jpg 1600w, https:\/\/font-mora-sainz-baranda.fra1.digitaloceanspaces.com\/wp-content\/uploads\/2023\/10\/Enmendar-la-plana-en-el-impuesto-de-sucesiones-1-Jorge-Sainz-de-Baranda-Mallorcadiario-00-300x244.jpg 300w, https:\/\/font-mora-sainz-baranda.fra1.digitaloceanspaces.com\/wp-content\/uploads\/2023\/10\/Enmendar-la-plana-en-el-impuesto-de-sucesiones-1-Jorge-Sainz-de-Baranda-Mallorcadiario-00-1024x831.jpg 1024w, https:\/\/font-mora-sainz-baranda.fra1.digitaloceanspaces.com\/wp-content\/uploads\/2023\/10\/Enmendar-la-plana-en-el-impuesto-de-sucesiones-1-Jorge-Sainz-de-Baranda-Mallorcadiario-00-768x624.jpg 768w, https:\/\/font-mora-sainz-baranda.fra1.digitaloceanspaces.com\/wp-content\/uploads\/2023\/10\/Enmendar-la-plana-en-el-impuesto-de-sucesiones-1-Jorge-Sainz-de-Baranda-Mallorcadiario-00-1536x1247.jpg 1536w\" sizes=\"(max-width: 800px) 100vw, 800px\" \/><\/a><\/p>\n<div class=\"navegacion\">\n<h6 class=\"ulthora fecha_publicacion\"><span class=\"dia_mes_anno\">DOMINGO 22 DE OCTUBRE DE 2023<br \/>\n<\/span><\/h6>\n<\/div>\n<h6 class=\"ulthora fecha_publicacion\"><span class=\"dia_mes_anno\" style=\"color: #ffffff;\">\u00a0<\/span><\/h6>\n<div title=\"noticia 557362\">\n<h1 class=\"titulo\"><span style=\"color: #852262;\"><a style=\"color: #852262;\" href=\"https:\/\/www.mallorcadiario.com\/el-vistoso-plumero-de-hacienda-jorge-sainz-de-baranda\"><strong><span style=\"color: #4c271e;\"><span style=\"color: #800000;\"><span style=\"color: #2d5dbd;\"><span style=\"color: #520000;\"><em>Enmendar la plana<\/em> en el Impuesto de Sucesiones (I)<\/span><\/span><\/span><\/span><\/strong><\/a><\/span><\/h1>\n<\/div>\n<div id=\"firmante_767\" class=\"firmante\">\n<p>Por\u00a0<span style=\"color: #0179c7;\"><a style=\"color: #0179c7;\" href=\"https:\/\/www.fmsb.eu\/jorge-sainz-de-baranda-brunbeck\/\"><strong><span class=\"nombre_firmante\"><span style=\"color: #008000;\"><span style=\"color: #4b7db8;\"><span style=\"color: #852262;\"><span style=\"color: #4c271e;\">Jorge S\u00e1inz de Baranda<\/span><\/span><\/span><\/span><\/span><\/strong><\/a><\/span><\/p>\n<h6><a href=\"https:\/\/www.mallorcadiario.com\/jorge-sainz-de-baranda\/autor\/767\/\"><strong><span style=\"color: #993300;\"><span style=\"color: #4c271e;\"><span style=\"color: #520000;\">M\u00c1S ART\u00cdCULOS DEL AUTOR EN MALLORCADIARIO<\/span><\/span><\/span><\/strong><\/a><\/h6>\n<p>&nbsp;<\/p>\n<p>La \u00abplana\u00bb -sin atisbos de broma, Rubiales, que nos conocemos- era el nombre que se le daba al escrito que hac\u00edan los ni\u00f1os en un papel cuando estaban aprendiendo a escribir.<\/p>\n<p>En ese momento -y en otros muchos-, la funci\u00f3n de los maestros era corregir -o enmendar- los posibles fallos que lo redactado por los infantes pudiera tener, y de ah\u00ed que surgiera la expresi\u00f3n de <em>\u00abenmendar la plana\u00bb<\/em>, utilizada hoy para hacer referencia a cualquier correcci\u00f3n que se realice sobre el trabajo de otro, aunque \u00e9ste no sea tan ni\u00f1o -o al menos no lo parezca-.<\/p>\n<p>Y de eso va la serie de art\u00edculos que empiezan hoy -supongo que han \u201c<em>pillado<\/em>\u201d la amenaza del I en el t\u00edtulo-: de las enmiendas que han presentado los Grupos Parlamentarios al tan manoseado Decreto Ley 4\/2023, en la parte que afecta al Impuesto de Sucesiones.<\/p>\n<p>Si empezamos por el PP -en cap\u00edtulos posteriores seguiremos con otros, no se me alteren-, las propuestas que se han formulado ante la C\u00e1mara son las siguientes:<\/p>\n<p>En primer lugar, se propone elevar el importe m\u00e1ximo de la reducci\u00f3n que existe por la transmisi\u00f3n de la vivienda habitual del causante, que pasar\u00eda ahora de 180.000 euros a 270.151,20 euros, siempre que esa transmisi\u00f3n sea a favor del c\u00f3nyuge, padres o abuelos, hijos o nietos, o para los parientes colaterales mayores de 65 a\u00f1os que hubiesen convivido -solo estos \u00faltimos- con el fallecido durante los dos a\u00f1os anteriores a su muerte. Un incremento absolutamente necesario para adecuar los valores a la realidad inmobiliaria actual.<\/p>\n<p>Adem\u00e1s, se propone habilitar al Conseller del ramo para que, mediante una Orden, pueda directamente incrementar este importe de 270.151,20 euros en un m\u00e1ximo de un 30% para aquellos inmuebles que est\u00e9n situados en zonas en las que el precio de mercado sea mucho m\u00e1s elevado respecto de los precios medios del conjunto de nuestras Islas.<\/p>\n<p>En segundo lugar, exist\u00eda hasta la fecha en el impuesto una reducci\u00f3n de un 95% del valor de las empresas, negocios o partes en sociedades operativas, cuando el adquirente fuese el c\u00f3nyuge o los hijos -o padres, hermanos o sobrinos en defecto de los anteriores-, pero se a\u00f1ad\u00eda &#8222;<em>siempre que con motivo del fallecimiento<\/em>&#8222;, de forma que el legislador estatal dejaba fuera a todos los territorios cuyos derechos civiles propios permit\u00edan pactos sucesorios en vida.<\/p>\n<p>Ahora, con la propuesta, se elimina la palabra &#8222;fallecimiento&#8220;, y se hace referencia a cualquier adquisici\u00f3n <em>mortis causa<\/em> -y un pacto sucesorio lo es-, modificaci\u00f3n que les aseguro no es balad\u00ed y que facilitar\u00e1 de forma importante -y sin sobresaltos- la sucesi\u00f3n en vida en las empresas familiares y el relevo generacional sin costes.<\/p>\n<p>Y la misma modificaci\u00f3n\/supresi\u00f3n se propone para la adquisici\u00f3n de bienes integrantes del patrimonio hist\u00f3rico o cultural de las Illes Balears, del patrimonio hist\u00f3rico espa\u00f1ol o del patrimonio hist\u00f3rico o cultural de cualquier otra Comunidad Aut\u00f3noma -ya ven, siempre somos espl\u00e9ndidos con los <em>otros<\/em>&#8230; aunque de la financiaci\u00f3n y del fondo de suficiencia hablaremos otro d\u00eda, que no quiero <em>quemarles<\/em> ni <em>encenderme<\/em> yo-.<\/p>\n<p>En tercer lugar, se despejan definitivamente las dudas sobre la aplicaci\u00f3n de las medidas a los no residentes mediante una Disposici\u00f3n adicional referida directamente a la aplicaci\u00f3n de la Sentencia del Tribunal de Justicia de la Uni\u00f3n Europea y su efecto en la normativa estatal.<\/p>\n<p>En cuarto lugar, se establece una interesante y novedosa reducci\u00f3n del 100% en caso de excesos de adjudicaci\u00f3n en la herencia, pero siempre que los bienes sean indivisibles, haya acuerdo entre los herederos y legatarios, y no sea posible que el exceso -o defecto- se compense con otros bienes del caudal hereditario.<\/p>\n<p>Y por \u00faltimo, y con ello llegamos al oscuro objeto de la discordia, se propone elevar el valor m\u00e1ximo admitido en las adquisiciones de bienes inmuebles por causa de muerte -para la aplicaci\u00f3n de la bonificaci\u00f3n del 100% en caso de ascendientes, descendientes o c\u00f3nyuge, o del 50% o el 25% de los colaterales y afines-, pasando del valor de referencia del Catastro a ese mismo valor incrementado en un 20%. Con ello, se da un margen importante para corregir el valor, pero evitando que se consigne en la escritura el valor que se considere.<\/p>\n<p>Y todas estas modificaciones propuestas retrotraer\u00edan su entrada en vigor al 18 de julio pasado.<\/p>\n<p>Como ven, muchas propuestas a debatir, junto con otras que amenazo con contarles, pero en esta ocasi\u00f3n me gustar\u00eda hacerles una reflexi\u00f3n profunda -eso, en tu caso, es un ox\u00edmoron o directamente &#8222;<em>un imposible<\/em>&#8220; pensar\u00e1n Uds.- sobre el verdadero objetivo, a mi juicio, de una modificaci\u00f3n en Sucesiones.<\/p>\n<p>El impuesto que exist\u00eda -y que existe en otras Comunidades- penalizaba la permanencia de los bienes en el patrimonio familiar, y obligaba en muchas ocasiones a que \u00e9stos se tuviesen que &#8222;<em>malvender<\/em>&#8220; para pagarlo; pero creo que nunca se pensado en bonificar ese impuesto <em>a todas luces<\/em> injusto -y perdiendo recaudaci\u00f3n- para evitar que, de rebote, operaciones de venta inmediata de los bienes heredados queden exentas de otros tributos como el IRPF. Eso afecta de nuevo a la recaudaci\u00f3n y nunca ha sido el esp\u00edritu de la reforma&#8230; para ese viaje habr\u00eda que pensar en otras <em>alforjas<\/em>.<\/p>\n<h6><a href=\"https:\/\/www.fmsb.eu\/?s=mallorcadiario\"><strong><span style=\"color: #993300;\"><span style=\"color: #4c271e;\"><span style=\"color: #520000;\">M\u00c1S ART\u00cdCULOS DEL AUTOR EN NUESTRO BLOG<\/span><\/span><\/span><\/strong><\/a><\/h6>\n<\/div>\n<hr \/>\n<p>Art\u00edculo original publicado en el diario digital\u00a0<span style=\"color: #993300;\"><a style=\"color: #993300;\" href=\"https:\/\/www.mallorcadiario.com\"><strong>mallorcadiario.com<\/strong><\/a><\/span> .\u00a0\u00a0 L\u00e9elo directamente en <a href=\"https:\/\/www.mallorcadiario.com\"><strong>mallorcadiario.com<\/strong><\/a> a trav\u00e9s de este <span style=\"color: #4c271e;\"><a style=\"color: #4c271e;\" href=\"https:\/\/www.mallorcadiario.com\/el-vistoso-plumero-de-hacienda-jorge-sainz-de-baranda\"><strong><span style=\"color: #520000;\">enlace<\/span><\/strong><\/a><\/span><\/p>\n","protected":false},"excerpt":{"rendered":"<p>&nbsp; mallorcadiario.com\u00a0 Opini\u00f3n DOMINGO 22 DE OCTUBRE DE 2023 \u00a0 Enmendar la plana en el Impuesto de Sucesiones (I) Por\u00a0Jorge S\u00e1inz de Baranda M\u00c1S ART\u00cdCULOS DEL AUTOR EN MALLORCADIARIO &nbsp; La \u00abplana\u00bb -sin atisbos de broma, Rubiales, que nos conocemos- era el nombre que se le daba al escrito que hac\u00edan los ni\u00f1os en un [&hellip;]<\/p>\n","protected":false},"author":2,"featured_media":10235,"comment_status":"closed","ping_status":"open","sticky":false,"template":"","format":"standard","meta":{"footnotes":""},"categories":[2198,2199,2309,2310,2202,2805,3169],"tags":[2206,2663,2664,2665,2312,2666,2667,2507,2314,2668,2208,2669,2670,2315,2671,2672,2673,2316,2674,2675,2676,2677,2678,2318,2319,2320,2321,2323,2680,2681,2682,2683,2684,2218,2219,2685,2686,2575,2223,2687,2688,2689,2690,2325,2326,2327,2691,2225,2328,2692,2329,2693,2330,2694,2331,2695,2333,2228,2229,2334,2231,2336,2232,2234,2696,2341,2342,2343,2697,2344,2345,2698,2699,2700,2236,2701,2702,2349,2703,2350,2240,2704,2705,2354,2355,2243,2359,2360,2361,2706,2707,2708,2709,2710,2711,2712,2363,2713,2364,2365],"class_list":["post-11091","post","type-post","status-publish","format-standard","has-post-thumbnail","hentry","category-actualidad-de","category-blog-de","category-derecho-fiscal-de","category-derecho-tributario-de","category-home-de","category-impuestos-de","category-opinion-de","tag-abogados-de","tag-administracion-tributaria-de","tag-administraciones-tributarias-de","tag-aeat-de","tag-agencia-tributaria-de","tag-antifraude-de","tag-aplazamiento-de","tag-articulos-de","tag-asesores-de","tag-atib-de","tag-baleares-de","tag-blanqueo-de","tag-blanqueo-de-capitales-de","tag-bonificacion-de","tag-campana-de-la-renta-de","tag-campana-irpf-de","tag-catastro-de","tag-comunidad-autonoma-de","tag-declaracion-de-inconstitucionalidad-de","tag-declaracion-de-nulidad-de","tag-deflacion-de","tag-deflactacion-de","tag-deflactar-de","tag-derecho-civil-propio-de","tag-derecho-de-la-union-europea-de","tag-derecho-fiscal-de","tag-derecho-tributario-de","tag-derogacion-de","tag-deudas-de","tag-dgt-de","tag-direccion-general-de-tributos-de","tag-direccion-general-del-catastro-de","tag-doble-imposicion-de","tag-economistas-de","tag-el-arenal-de","tag-exencion-por-reinversion-de","tag-extranjeros-de","tag-fallecimiento-de","tag-fmsb-de","tag-fraccionamiento-de","tag-fraude-fiscal-de","tag-galicia-de","tag-gravamen-extraordinario-de","tag-hacienda-de","tag-herencia-de","tag-herencias-de","tag-ibi-de","tag-ibiza-de","tag-illes-balears-de","tag-impuesto-de-solidaridad-a-las-grandes-fortunas-de","tag-impuesto-de-sucesiones-de","tag-impuesto-sobre-la-renta-de","tag-impuestos-de","tag-incremento-del-valor-de-los-terrenos-de-naturaleza-urbana-de","tag-irpf-de","tag-jorge-lorenzo-de","tag-jorge-sainz-de-baranda-de","tag-law-de","tag-lawyers-de","tag-ley-antifraude-de","tag-mallorca-de","tag-mallorcadiario-de","tag-manacor-de","tag-menorca-de","tag-modelo-720-de","tag-mortis-causa-de","tag-obligado-tributario-de","tag-opinion-de","tag-pactos-sucesorioes-de","tag-pactos-sucesorios-de","tag-palma-de","tag-patrimonio-de","tag-plan-anual-de-control-tributario-de","tag-plusvalia-de","tag-port-dandratx-de","tag-prespuestos-generales-del-estado-de","tag-presupuestos-2021-de","tag-prevencion-de","tag-proindiviso-de","tag-propuestas-de","tag-puerto-de-andratx-de","tag-recargo-de","tag-reforma-de","tag-residentes-fiscales-de","tag-resindencia-fiscal-de","tag-solicitors-de","tag-sucesion-de","tag-sucesion-en-vida-de","tag-sucesiones-y-donaciones-de","tag-tasa-amazon-de","tag-teac-de","tag-tear-de","tag-testador-de","tag-tribunal-economico-administrativo-de","tag-tribunal-economico-administrativo-central-de","tag-tribunal-economico-administrativo-regional-de","tag-tributos-de","tag-ue-de","tag-valor-de-referencia-de","tag-valor-de-referencia-catastral-de"],"yoast_head":"<!-- This site is optimized with the Yoast SEO plugin v27.3 - https:\/\/yoast.com\/product\/yoast-seo-wordpress\/ -->\n<title>Enmendar la plana en el Impuesto de Sucesiones (I), por Jorge S\u00e1inz de Baranda - FMSB Abogados y Economistas en Baleares<\/title>\n<meta name=\"description\" content=\"Enmendar la plana en el Impuesto de Sucesiones (i), art\u00edculo de opini\u00f3n del abogado y socio de FMSB Jorge S\u00e1inz de Baranda en Mallorcadiario\" \/>\n<meta name=\"robots\" content=\"index, follow, max-snippet:-1, max-image-preview:large, max-video-preview:-1\" \/>\n<link rel=\"canonical\" href=\"https:\/\/fmsb.eu\/de\/2023\/10\/21\/enmendar-la-plana-impuesto-sucesiones-1\/\" \/>\n<meta property=\"og:locale\" content=\"de_DE\" \/>\n<meta property=\"og:type\" content=\"article\" \/>\n<meta property=\"og:title\" content=\"Enmendar la plana en el Impuesto de Sucesiones (I), por Jorge S\u00e1inz de Baranda - FMSB Abogados y Economistas en Baleares\" \/>\n<meta property=\"og:description\" content=\"Enmendar la plana en el Impuesto de Sucesiones (i), art\u00edculo de opini\u00f3n del abogado y socio de FMSB Jorge S\u00e1inz de Baranda en Mallorcadiario\" \/>\n<meta property=\"og:url\" content=\"https:\/\/fmsb.eu\/de\/2023\/10\/21\/enmendar-la-plana-impuesto-sucesiones-1\/\" \/>\n<meta property=\"og:site_name\" content=\"FMSB Abogados y Economistas en Baleares\" \/>\n<meta property=\"article:published_time\" content=\"2023-10-21T18:54:40+00:00\" \/>\n<meta property=\"og:image\" content=\"https:\/\/fmsb.eu\/wp-content\/uploads\/2023\/10\/Enmendar-la-plana-en-el-impuesto-de-sucesiones-1-Jorge-Sainz-de-Baranda-Mallorcadiario-00.jpg\" \/>\n\t<meta property=\"og:image:width\" content=\"1600\" \/>\n\t<meta property=\"og:image:height\" content=\"1299\" \/>\n\t<meta property=\"og:image:type\" content=\"image\/jpeg\" \/>\n<meta name=\"author\" content=\"fmsb\" \/>\n<meta name=\"twitter:card\" content=\"summary_large_image\" \/>\n<meta name=\"twitter:creator\" content=\"@fmsb-disstint\" \/>\n<meta name=\"twitter:label1\" content=\"Verfasst von\" \/>\n\t<meta name=\"twitter:data1\" content=\"fmsb\" \/>\n\t<meta name=\"twitter:label2\" content=\"Gesch\u00e4tzte Lesezeit\" \/>\n\t<meta name=\"twitter:data2\" content=\"5\u00a0Minuten\" \/>\n<script type=\"application\/ld+json\" class=\"yoast-schema-graph\">{\"@context\":\"https:\\\/\\\/schema.org\",\"@graph\":[{\"@type\":\"Article\",\"@id\":\"https:\\\/\\\/fmsb.eu\\\/de\\\/2023\\\/10\\\/21\\\/enmendar-la-plana-impuesto-sucesiones-1\\\/#article\",\"isPartOf\":{\"@id\":\"https:\\\/\\\/fmsb.eu\\\/de\\\/2023\\\/10\\\/21\\\/enmendar-la-plana-impuesto-sucesiones-1\\\/\"},\"author\":{\"name\":\"fmsb\",\"@id\":\"https:\\\/\\\/fmsb.eu\\\/de\\\/#\\\/schema\\\/person\\\/9fba7c70814b0cd34d35d655d36a4ca2\"},\"headline\":\"Enmendar la plana en el Impuesto de Sucesiones (I), por Jorge S\u00e1inz de Baranda\",\"datePublished\":\"2023-10-21T18:54:40+00:00\",\"mainEntityOfPage\":{\"@id\":\"https:\\\/\\\/fmsb.eu\\\/de\\\/2023\\\/10\\\/21\\\/enmendar-la-plana-impuesto-sucesiones-1\\\/\"},\"wordCount\":988,\"publisher\":{\"@id\":\"https:\\\/\\\/fmsb.eu\\\/de\\\/#organization\"},\"image\":{\"@id\":\"https:\\\/\\\/fmsb.eu\\\/de\\\/2023\\\/10\\\/21\\\/enmendar-la-plana-impuesto-sucesiones-1\\\/#primaryimage\"},\"thumbnailUrl\":\"https:\\\/\\\/fmsb.eu\\\/wp-content\\\/uploads\\\/2023\\\/10\\\/Enmendar-la-plana-en-el-impuesto-de-sucesiones-1-Jorge-Sainz-de-Baranda-Mallorcadiario-00.jpg\",\"keywords\":[\"abogados\",\"administraci\u00f3n tributaria\",\"administraciones tributarias\",\"aeat\",\"agencia tributaria\",\"antifraude\",\"aplazamiento\",\"articulos\",\"asesores\",\"ATIB\",\"baleares\",\"blanqueo\",\"blanqueo de capitales\",\"bonificaci\u00f3n\",\"campa\u00f1a de la renta\",\"campa\u00f1a irpf\",\"catastro\",\"comunidad aut\u00f3noma\",\"declaraci\u00f3n de inconstitucionalidad\",\"declaraci\u00f3n de nulidad\",\"deflaci\u00f3n\",\"deflactaci\u00f3n\",\"deflactar\",\"derecho civil propio\",\"derecho de la uni\u00f3n europea\",\"derecho fiscal\",\"derecho tributario\",\"derogaci\u00f3n\",\"deudas\",\"dgt\",\"direcci\u00f3n general de tributos\",\"direcci\u00f3n general del catastro\",\"doble imposici\u00f3n\",\"economistas\",\"el arenal\",\"exenci\u00f3n por reinversi\u00f3n\",\"extranjeros\",\"fallecimiento\",\"fmsb\",\"fraccionamiento\",\"fraude fiscal\",\"Galicia\",\"gravamen extraordinario\",\"Hacienda\",\"herencia\",\"herencias\",\"ibi\",\"ibiza\",\"illes balears\",\"impuesto de solidaridad a las grandes fortunas\",\"impuesto de sucesiones\",\"impuesto sobre la renta\",\"impuestos\",\"incremento del valor de los terrenos de naturaleza urbana\",\"IRPF\",\"jorge lorenzo\",\"jorge sainz de baranda\",\"law\",\"lawyers\",\"ley antifraude\",\"mallorca\",\"mallorcadiario\",\"Manacor\",\"menorca\",\"modelo 720\",\"mortis causa\",\"obligado tributario\",\"opinion\",\"pactos sucesorioes\",\"pactos sucesorios\",\"Palma\",\"patrimonio\",\"plan anual de control tributario\",\"plusval\u00eda\",\"port d&#8217;andratx\",\"prespuestos generales del estado\",\"presupuestos 2021\",\"prevenci\u00f3n\",\"proindiviso\",\"propuestas\",\"puerto de andratx\",\"recargo\",\"reforma\",\"residentes fiscales\",\"resindencia fiscal\",\"solicitors\",\"sucesi\u00f3n\",\"sucesi\u00f3n en vida\",\"sucesiones y donaciones\",\"tasa amazon\",\"TEAC\",\"TEAR\",\"testador\",\"Tribunal Econ\u00f3mico Administrativo\",\"Tribunal Econ\u00f3mico Administrativo Central\",\"Tribunal Econ\u00f3mico Administrativo Regional\",\"tributos\",\"ue\",\"valor de referencia\",\"valor de referencia catastral\"],\"articleSection\":[\"actualidad\",\"blog\",\"Derecho Fiscal\",\"Derecho Tributario\",\"Home\",\"impuestos\",\"Opini\u00f3n\"],\"inLanguage\":\"de\"},{\"@type\":\"WebPage\",\"@id\":\"https:\\\/\\\/fmsb.eu\\\/de\\\/2023\\\/10\\\/21\\\/enmendar-la-plana-impuesto-sucesiones-1\\\/\",\"url\":\"https:\\\/\\\/fmsb.eu\\\/de\\\/2023\\\/10\\\/21\\\/enmendar-la-plana-impuesto-sucesiones-1\\\/\",\"name\":\"Enmendar la plana en el Impuesto de Sucesiones (I), por Jorge S\u00e1inz de Baranda - FMSB Abogados y Economistas en Baleares\",\"isPartOf\":{\"@id\":\"https:\\\/\\\/fmsb.eu\\\/de\\\/#website\"},\"primaryImageOfPage\":{\"@id\":\"https:\\\/\\\/fmsb.eu\\\/de\\\/2023\\\/10\\\/21\\\/enmendar-la-plana-impuesto-sucesiones-1\\\/#primaryimage\"},\"image\":{\"@id\":\"https:\\\/\\\/fmsb.eu\\\/de\\\/2023\\\/10\\\/21\\\/enmendar-la-plana-impuesto-sucesiones-1\\\/#primaryimage\"},\"thumbnailUrl\":\"https:\\\/\\\/fmsb.eu\\\/wp-content\\\/uploads\\\/2023\\\/10\\\/Enmendar-la-plana-en-el-impuesto-de-sucesiones-1-Jorge-Sainz-de-Baranda-Mallorcadiario-00.jpg\",\"datePublished\":\"2023-10-21T18:54:40+00:00\",\"description\":\"Enmendar la plana en el Impuesto de Sucesiones (i), art\u00edculo de opini\u00f3n del abogado y socio de FMSB Jorge S\u00e1inz de Baranda en Mallorcadiario\",\"breadcrumb\":{\"@id\":\"https:\\\/\\\/fmsb.eu\\\/de\\\/2023\\\/10\\\/21\\\/enmendar-la-plana-impuesto-sucesiones-1\\\/#breadcrumb\"},\"inLanguage\":\"de\",\"potentialAction\":[{\"@type\":\"ReadAction\",\"target\":[\"https:\\\/\\\/fmsb.eu\\\/de\\\/2023\\\/10\\\/21\\\/enmendar-la-plana-impuesto-sucesiones-1\\\/\"]}]},{\"@type\":\"ImageObject\",\"inLanguage\":\"de\",\"@id\":\"https:\\\/\\\/fmsb.eu\\\/de\\\/2023\\\/10\\\/21\\\/enmendar-la-plana-impuesto-sucesiones-1\\\/#primaryimage\",\"url\":\"https:\\\/\\\/fmsb.eu\\\/wp-content\\\/uploads\\\/2023\\\/10\\\/Enmendar-la-plana-en-el-impuesto-de-sucesiones-1-Jorge-Sainz-de-Baranda-Mallorcadiario-00.jpg\",\"contentUrl\":\"https:\\\/\\\/fmsb.eu\\\/wp-content\\\/uploads\\\/2023\\\/10\\\/Enmendar-la-plana-en-el-impuesto-de-sucesiones-1-Jorge-Sainz-de-Baranda-Mallorcadiario-00.jpg\",\"width\":1600,\"height\":1299},{\"@type\":\"BreadcrumbList\",\"@id\":\"https:\\\/\\\/fmsb.eu\\\/de\\\/2023\\\/10\\\/21\\\/enmendar-la-plana-impuesto-sucesiones-1\\\/#breadcrumb\",\"itemListElement\":[{\"@type\":\"ListItem\",\"position\":1,\"name\":\"Portada\",\"item\":\"https:\\\/\\\/fmsb.eu\\\/de\\\/\"},{\"@type\":\"ListItem\",\"position\":2,\"name\":\"Enmendar la plana en el Impuesto de Sucesiones (I), por Jorge S\u00e1inz de Baranda\"}]},{\"@type\":\"WebSite\",\"@id\":\"https:\\\/\\\/fmsb.eu\\\/de\\\/#website\",\"url\":\"https:\\\/\\\/fmsb.eu\\\/de\\\/\",\"name\":\"FMSB Abogados y Economistas en Baleares\",\"description\":\"\",\"publisher\":{\"@id\":\"https:\\\/\\\/fmsb.eu\\\/de\\\/#organization\"},\"potentialAction\":[{\"@type\":\"SearchAction\",\"target\":{\"@type\":\"EntryPoint\",\"urlTemplate\":\"https:\\\/\\\/fmsb.eu\\\/de\\\/?s={search_term_string}\"},\"query-input\":{\"@type\":\"PropertyValueSpecification\",\"valueRequired\":true,\"valueName\":\"search_term_string\"}}],\"inLanguage\":\"de\"},{\"@type\":\"Organization\",\"@id\":\"https:\\\/\\\/fmsb.eu\\\/de\\\/#organization\",\"name\":\"FMSB Abogados y Economistas en Baleares\",\"url\":\"https:\\\/\\\/fmsb.eu\\\/de\\\/\",\"logo\":{\"@type\":\"ImageObject\",\"inLanguage\":\"de\",\"@id\":\"https:\\\/\\\/fmsb.eu\\\/de\\\/#\\\/schema\\\/logo\\\/image\\\/\",\"url\":\"https:\\\/\\\/fmsb.eu\\\/wp-content\\\/uploads\\\/2025\\\/02\\\/logo.svg\",\"contentUrl\":\"https:\\\/\\\/fmsb.eu\\\/wp-content\\\/uploads\\\/2025\\\/02\\\/logo.svg\",\"width\":154,\"height\":52,\"caption\":\"FMSB Abogados y Economistas en Baleares\"},\"image\":{\"@id\":\"https:\\\/\\\/fmsb.eu\\\/de\\\/#\\\/schema\\\/logo\\\/image\\\/\"}},{\"@type\":\"Person\",\"@id\":\"https:\\\/\\\/fmsb.eu\\\/de\\\/#\\\/schema\\\/person\\\/9fba7c70814b0cd34d35d655d36a4ca2\",\"name\":\"fmsb\",\"image\":{\"@type\":\"ImageObject\",\"inLanguage\":\"de\",\"@id\":\"https:\\\/\\\/secure.gravatar.com\\\/avatar\\\/426f4d5b0ebcace85460caf87cdaaa193694b611e990615d87a13f322fb7ee7f?s=96&d=mm&r=g\",\"url\":\"https:\\\/\\\/secure.gravatar.com\\\/avatar\\\/426f4d5b0ebcace85460caf87cdaaa193694b611e990615d87a13f322fb7ee7f?s=96&d=mm&r=g\",\"contentUrl\":\"https:\\\/\\\/secure.gravatar.com\\\/avatar\\\/426f4d5b0ebcace85460caf87cdaaa193694b611e990615d87a13f322fb7ee7f?s=96&d=mm&r=g\",\"caption\":\"fmsb\"},\"sameAs\":[\"https:\\\/\\\/x.com\\\/fmsb-disstint\"],\"url\":\"https:\\\/\\\/fmsb.eu\\\/de\\\/author\\\/fmsb\\\/\"}]}<\/script>\n<!-- \/ Yoast SEO plugin. -->","yoast_head_json":{"title":"Enmendar la plana en el Impuesto de Sucesiones (I), por Jorge S\u00e1inz de Baranda - FMSB Abogados y Economistas en Baleares","description":"Enmendar la plana en el Impuesto de Sucesiones (i), art\u00edculo de opini\u00f3n del abogado y socio de FMSB Jorge S\u00e1inz de Baranda en Mallorcadiario","robots":{"index":"index","follow":"follow","max-snippet":"max-snippet:-1","max-image-preview":"max-image-preview:large","max-video-preview":"max-video-preview:-1"},"canonical":"https:\/\/fmsb.eu\/de\/2023\/10\/21\/enmendar-la-plana-impuesto-sucesiones-1\/","og_locale":"de_DE","og_type":"article","og_title":"Enmendar la plana en el Impuesto de Sucesiones (I), por Jorge S\u00e1inz de Baranda - FMSB Abogados y Economistas en Baleares","og_description":"Enmendar la plana en el Impuesto de Sucesiones (i), art\u00edculo de opini\u00f3n del abogado y socio de FMSB Jorge S\u00e1inz de Baranda en Mallorcadiario","og_url":"https:\/\/fmsb.eu\/de\/2023\/10\/21\/enmendar-la-plana-impuesto-sucesiones-1\/","og_site_name":"FMSB Abogados y Economistas en Baleares","article_published_time":"2023-10-21T18:54:40+00:00","og_image":[{"width":1600,"height":1299,"url":"https:\/\/fmsb.eu\/wp-content\/uploads\/2023\/10\/Enmendar-la-plana-en-el-impuesto-de-sucesiones-1-Jorge-Sainz-de-Baranda-Mallorcadiario-00.jpg","type":"image\/jpeg"}],"author":"fmsb","twitter_card":"summary_large_image","twitter_creator":"@fmsb-disstint","twitter_misc":{"Verfasst von":"fmsb","Gesch\u00e4tzte Lesezeit":"5\u00a0Minuten"},"schema":{"@context":"https:\/\/schema.org","@graph":[{"@type":"Article","@id":"https:\/\/fmsb.eu\/de\/2023\/10\/21\/enmendar-la-plana-impuesto-sucesiones-1\/#article","isPartOf":{"@id":"https:\/\/fmsb.eu\/de\/2023\/10\/21\/enmendar-la-plana-impuesto-sucesiones-1\/"},"author":{"name":"fmsb","@id":"https:\/\/fmsb.eu\/de\/#\/schema\/person\/9fba7c70814b0cd34d35d655d36a4ca2"},"headline":"Enmendar la plana en el Impuesto de Sucesiones (I), por Jorge S\u00e1inz de Baranda","datePublished":"2023-10-21T18:54:40+00:00","mainEntityOfPage":{"@id":"https:\/\/fmsb.eu\/de\/2023\/10\/21\/enmendar-la-plana-impuesto-sucesiones-1\/"},"wordCount":988,"publisher":{"@id":"https:\/\/fmsb.eu\/de\/#organization"},"image":{"@id":"https:\/\/fmsb.eu\/de\/2023\/10\/21\/enmendar-la-plana-impuesto-sucesiones-1\/#primaryimage"},"thumbnailUrl":"https:\/\/fmsb.eu\/wp-content\/uploads\/2023\/10\/Enmendar-la-plana-en-el-impuesto-de-sucesiones-1-Jorge-Sainz-de-Baranda-Mallorcadiario-00.jpg","keywords":["abogados","administraci\u00f3n tributaria","administraciones tributarias","aeat","agencia tributaria","antifraude","aplazamiento","articulos","asesores","ATIB","baleares","blanqueo","blanqueo de capitales","bonificaci\u00f3n","campa\u00f1a de la renta","campa\u00f1a irpf","catastro","comunidad aut\u00f3noma","declaraci\u00f3n de inconstitucionalidad","declaraci\u00f3n de nulidad","deflaci\u00f3n","deflactaci\u00f3n","deflactar","derecho civil propio","derecho de la uni\u00f3n europea","derecho fiscal","derecho tributario","derogaci\u00f3n","deudas","dgt","direcci\u00f3n general de tributos","direcci\u00f3n general del catastro","doble imposici\u00f3n","economistas","el arenal","exenci\u00f3n por reinversi\u00f3n","extranjeros","fallecimiento","fmsb","fraccionamiento","fraude fiscal","Galicia","gravamen extraordinario","Hacienda","herencia","herencias","ibi","ibiza","illes balears","impuesto de solidaridad a las grandes fortunas","impuesto de sucesiones","impuesto sobre la renta","impuestos","incremento del valor de los terrenos de naturaleza urbana","IRPF","jorge lorenzo","jorge sainz de baranda","law","lawyers","ley antifraude","mallorca","mallorcadiario","Manacor","menorca","modelo 720","mortis causa","obligado tributario","opinion","pactos sucesorioes","pactos sucesorios","Palma","patrimonio","plan anual de control tributario","plusval\u00eda","port d&#8217;andratx","prespuestos generales del estado","presupuestos 2021","prevenci\u00f3n","proindiviso","propuestas","puerto de andratx","recargo","reforma","residentes fiscales","resindencia fiscal","solicitors","sucesi\u00f3n","sucesi\u00f3n en vida","sucesiones y donaciones","tasa amazon","TEAC","TEAR","testador","Tribunal Econ\u00f3mico Administrativo","Tribunal Econ\u00f3mico Administrativo Central","Tribunal Econ\u00f3mico Administrativo Regional","tributos","ue","valor de referencia","valor de referencia catastral"],"articleSection":["actualidad","blog","Derecho Fiscal","Derecho Tributario","Home","impuestos","Opini\u00f3n"],"inLanguage":"de"},{"@type":"WebPage","@id":"https:\/\/fmsb.eu\/de\/2023\/10\/21\/enmendar-la-plana-impuesto-sucesiones-1\/","url":"https:\/\/fmsb.eu\/de\/2023\/10\/21\/enmendar-la-plana-impuesto-sucesiones-1\/","name":"Enmendar la plana en el Impuesto de Sucesiones (I), por Jorge S\u00e1inz de Baranda - FMSB Abogados y Economistas en Baleares","isPartOf":{"@id":"https:\/\/fmsb.eu\/de\/#website"},"primaryImageOfPage":{"@id":"https:\/\/fmsb.eu\/de\/2023\/10\/21\/enmendar-la-plana-impuesto-sucesiones-1\/#primaryimage"},"image":{"@id":"https:\/\/fmsb.eu\/de\/2023\/10\/21\/enmendar-la-plana-impuesto-sucesiones-1\/#primaryimage"},"thumbnailUrl":"https:\/\/fmsb.eu\/wp-content\/uploads\/2023\/10\/Enmendar-la-plana-en-el-impuesto-de-sucesiones-1-Jorge-Sainz-de-Baranda-Mallorcadiario-00.jpg","datePublished":"2023-10-21T18:54:40+00:00","description":"Enmendar la plana en el Impuesto de Sucesiones (i), art\u00edculo de opini\u00f3n del abogado y socio de FMSB Jorge S\u00e1inz de Baranda en Mallorcadiario","breadcrumb":{"@id":"https:\/\/fmsb.eu\/de\/2023\/10\/21\/enmendar-la-plana-impuesto-sucesiones-1\/#breadcrumb"},"inLanguage":"de","potentialAction":[{"@type":"ReadAction","target":["https:\/\/fmsb.eu\/de\/2023\/10\/21\/enmendar-la-plana-impuesto-sucesiones-1\/"]}]},{"@type":"ImageObject","inLanguage":"de","@id":"https:\/\/fmsb.eu\/de\/2023\/10\/21\/enmendar-la-plana-impuesto-sucesiones-1\/#primaryimage","url":"https:\/\/fmsb.eu\/wp-content\/uploads\/2023\/10\/Enmendar-la-plana-en-el-impuesto-de-sucesiones-1-Jorge-Sainz-de-Baranda-Mallorcadiario-00.jpg","contentUrl":"https:\/\/fmsb.eu\/wp-content\/uploads\/2023\/10\/Enmendar-la-plana-en-el-impuesto-de-sucesiones-1-Jorge-Sainz-de-Baranda-Mallorcadiario-00.jpg","width":1600,"height":1299},{"@type":"BreadcrumbList","@id":"https:\/\/fmsb.eu\/de\/2023\/10\/21\/enmendar-la-plana-impuesto-sucesiones-1\/#breadcrumb","itemListElement":[{"@type":"ListItem","position":1,"name":"Portada","item":"https:\/\/fmsb.eu\/de\/"},{"@type":"ListItem","position":2,"name":"Enmendar la plana en el Impuesto de Sucesiones (I), por Jorge S\u00e1inz de Baranda"}]},{"@type":"WebSite","@id":"https:\/\/fmsb.eu\/de\/#website","url":"https:\/\/fmsb.eu\/de\/","name":"FMSB Abogados y Economistas en Baleares","description":"","publisher":{"@id":"https:\/\/fmsb.eu\/de\/#organization"},"potentialAction":[{"@type":"SearchAction","target":{"@type":"EntryPoint","urlTemplate":"https:\/\/fmsb.eu\/de\/?s={search_term_string}"},"query-input":{"@type":"PropertyValueSpecification","valueRequired":true,"valueName":"search_term_string"}}],"inLanguage":"de"},{"@type":"Organization","@id":"https:\/\/fmsb.eu\/de\/#organization","name":"FMSB Abogados y Economistas en Baleares","url":"https:\/\/fmsb.eu\/de\/","logo":{"@type":"ImageObject","inLanguage":"de","@id":"https:\/\/fmsb.eu\/de\/#\/schema\/logo\/image\/","url":"https:\/\/fmsb.eu\/wp-content\/uploads\/2025\/02\/logo.svg","contentUrl":"https:\/\/fmsb.eu\/wp-content\/uploads\/2025\/02\/logo.svg","width":154,"height":52,"caption":"FMSB Abogados y Economistas en Baleares"},"image":{"@id":"https:\/\/fmsb.eu\/de\/#\/schema\/logo\/image\/"}},{"@type":"Person","@id":"https:\/\/fmsb.eu\/de\/#\/schema\/person\/9fba7c70814b0cd34d35d655d36a4ca2","name":"fmsb","image":{"@type":"ImageObject","inLanguage":"de","@id":"https:\/\/secure.gravatar.com\/avatar\/426f4d5b0ebcace85460caf87cdaaa193694b611e990615d87a13f322fb7ee7f?s=96&d=mm&r=g","url":"https:\/\/secure.gravatar.com\/avatar\/426f4d5b0ebcace85460caf87cdaaa193694b611e990615d87a13f322fb7ee7f?s=96&d=mm&r=g","contentUrl":"https:\/\/secure.gravatar.com\/avatar\/426f4d5b0ebcace85460caf87cdaaa193694b611e990615d87a13f322fb7ee7f?s=96&d=mm&r=g","caption":"fmsb"},"sameAs":["https:\/\/x.com\/fmsb-disstint"],"url":"https:\/\/fmsb.eu\/de\/author\/fmsb\/"}]}},"_links":{"self":[{"href":"https:\/\/fmsb.eu\/de\/wp-json\/wp\/v2\/posts\/11091","targetHints":{"allow":["GET"]}}],"collection":[{"href":"https:\/\/fmsb.eu\/de\/wp-json\/wp\/v2\/posts"}],"about":[{"href":"https:\/\/fmsb.eu\/de\/wp-json\/wp\/v2\/types\/post"}],"author":[{"embeddable":true,"href":"https:\/\/fmsb.eu\/de\/wp-json\/wp\/v2\/users\/2"}],"replies":[{"embeddable":true,"href":"https:\/\/fmsb.eu\/de\/wp-json\/wp\/v2\/comments?post=11091"}],"version-history":[{"count":0,"href":"https:\/\/fmsb.eu\/de\/wp-json\/wp\/v2\/posts\/11091\/revisions"}],"wp:featuredmedia":[{"embeddable":true,"href":"https:\/\/fmsb.eu\/de\/wp-json\/wp\/v2\/media\/10235"}],"wp:attachment":[{"href":"https:\/\/fmsb.eu\/de\/wp-json\/wp\/v2\/media?parent=11091"}],"wp:term":[{"taxonomy":"category","embeddable":true,"href":"https:\/\/fmsb.eu\/de\/wp-json\/wp\/v2\/categories?post=11091"},{"taxonomy":"post_tag","embeddable":true,"href":"https:\/\/fmsb.eu\/de\/wp-json\/wp\/v2\/tags?post=11091"}],"curies":[{"name":"wp","href":"https:\/\/api.w.org\/{rel}","templated":true}]}}