{"id":11099,"date":"2023-10-08T06:37:10","date_gmt":"2023-10-08T04:37:10","guid":{"rendered":"http:\/\/fmsb.disstintbeta.com\/2023\/10\/08\/el-vistoso-plumero-de-hacienda-por-jorge-sainz-de-baranda\/"},"modified":"2023-10-08T06:37:10","modified_gmt":"2023-10-08T04:37:10","slug":"el-vistoso-plumero-de-hacienda-por-jorge-sainz-de-baranda","status":"publish","type":"post","link":"https:\/\/fmsb.eu\/de\/2023\/10\/08\/el-vistoso-plumero-de-hacienda-por-jorge-sainz-de-baranda\/","title":{"rendered":"El vistoso \u00abplumero\u00bb de Hacienda, por Jorge S\u00e1inz de Baranda"},"content":{"rendered":"<p>&nbsp;<\/p>\n<div class=\"navegacion\">\n<h3 class=\"antesubtitulo antetit\"><a href=\"http:\/\/www.mallorcadiario.com\"><span style=\"color: #993300;\"><strong>mallorcadiario.com<\/strong><\/span><\/a>\u00a0 <a href=\"https:\/\/www.mallorcadiario.com\/hacienda-el-alcoyano-y-el-testamento-olografo-de-don-beneficiante-jorge-sainz-de-baranda\">Opini\u00f3n<\/a><\/h3>\n<\/div>\n<p><a href=\"http:\/\/fmsb.disstintbeta.com\/wp-content\/uploads\/2023\/10\/FMSB-Abogados-El-vistoso-plumero-de-Hacienda-Jorge-Sainz-de-Baranda-00.jpg\"><img fetchpriority=\"high\" decoding=\"async\" class=\"alignnone wp-image-7268\" src=\"http:\/\/fmsb.disstintbeta.com\/wp-content\/uploads\/2023\/10\/FMSB-Abogados-El-vistoso-plumero-de-Hacienda-Jorge-Sainz-de-Baranda-00.jpg\" alt=\"\" width=\"800\" height=\"650\" srcset=\"https:\/\/font-mora-sainz-baranda.fra1.digitaloceanspaces.com\/wp-content\/uploads\/2023\/10\/FMSB-Abogados-El-vistoso-plumero-de-Hacienda-Jorge-Sainz-de-Baranda-00.jpg 1600w, https:\/\/font-mora-sainz-baranda.fra1.digitaloceanspaces.com\/wp-content\/uploads\/2023\/10\/FMSB-Abogados-El-vistoso-plumero-de-Hacienda-Jorge-Sainz-de-Baranda-00-300x244.jpg 300w, https:\/\/font-mora-sainz-baranda.fra1.digitaloceanspaces.com\/wp-content\/uploads\/2023\/10\/FMSB-Abogados-El-vistoso-plumero-de-Hacienda-Jorge-Sainz-de-Baranda-00-1024x831.jpg 1024w, https:\/\/font-mora-sainz-baranda.fra1.digitaloceanspaces.com\/wp-content\/uploads\/2023\/10\/FMSB-Abogados-El-vistoso-plumero-de-Hacienda-Jorge-Sainz-de-Baranda-00-768x624.jpg 768w, https:\/\/font-mora-sainz-baranda.fra1.digitaloceanspaces.com\/wp-content\/uploads\/2023\/10\/FMSB-Abogados-El-vistoso-plumero-de-Hacienda-Jorge-Sainz-de-Baranda-00-1536x1247.jpg 1536w\" sizes=\"(max-width: 800px) 100vw, 800px\" \/><\/a><\/p>\n<div class=\"navegacion\">\n<h6 class=\"ulthora fecha_publicacion\"><span class=\"dia_mes_anno\">DOMINGO 8\u00a0 DE OCTUBRE DE 2023<br \/>\n<\/span><\/h6>\n<\/div>\n<h6 class=\"ulthora fecha_publicacion\"><span class=\"dia_mes_anno\" style=\"color: #ffffff;\">\u00a0<\/span><\/h6>\n<div title=\"noticia 557362\">\n<h1 class=\"titulo\"><span style=\"color: #852262;\"><a style=\"color: #852262;\" href=\"https:\/\/www.mallorcadiario.com\/el-vistoso-plumero-de-hacienda-jorge-sainz-de-baranda\"><strong><span style=\"color: #4c271e;\"><span style=\"color: #800000;\"><span style=\"color: #2d5dbd;\">El vistoso \u00abplumero\u00bb de Hacienda<\/span><\/span><\/span><\/strong><\/a><\/span><\/h1>\n<\/div>\n<div id=\"firmante_767\" class=\"firmante\">\n<p>Por\u00a0<span style=\"color: #0179c7;\"><a style=\"color: #0179c7;\" href=\"https:\/\/www.fmsb.eu\/jorge-sainz-de-baranda-brunbeck\/\"><strong><span class=\"nombre_firmante\"><span style=\"color: #008000;\"><span style=\"color: #4b7db8;\"><span style=\"color: #852262;\"><span style=\"color: #4c271e;\">Jorge S\u00e1inz de Baranda<\/span><\/span><\/span><\/span><\/span><\/strong><\/a><\/span><\/p>\n<h6><a href=\"https:\/\/www.mallorcadiario.com\/jorge-sainz-de-baranda\/autor\/767\/\"><strong><span style=\"color: #993300;\"><span style=\"color: #4c271e;\">M\u00c1S ART\u00cdCULOS DEL AUTOR EN MALLORCADIARIO<\/span><\/span><\/strong><\/a><\/h6>\n<p>&nbsp;<\/p>\n<p>No s\u00e9 si saben que la <em>\u00abMilicia Nacional\u00bb<\/em> fue un cuerpo creado en 1812 para defender el r\u00e9gimen constitucional establecido con <em>\u00abLa Pepa\u00bb<\/em>, posteriormente suprimido por Fernando VII al restaurar la monarqu\u00eda absoluta, y nuevamente restablecido durante el Trienio Liberal (1820-1823) -momentos llamados <em>&#8222;progresistas&#8220;<\/em>, en los que el Alcalde del Ayuntamiento de Madrid era un tal Pedro Casto Sainz de Baranda y Gorriti, no les digo m\u00e1s&#8230;-<\/p>\n<p>Los miembros de esa Milicia, voluntarios de ideolog\u00eda liberal, se distingu\u00edan por un llamativo uniforme y por un gorro que estaba coronado con un vistoso penacho de plumas, que llev\u00f3 a los absolutistas a decir, al atacar a algunos liberales encubiertos, aquello de <em>\u00aba m\u00ed no me enga\u00f1as, \u00a1que te he visto el plumero!\u00bb<\/em>\u2026<\/p>\n<p>La frase se fue quedando para los <em>anales<\/em>, y as\u00ed se viene utilizando para expresar cuando alguien demuestra, por primera vez, su oculto modo de ser o sus verdaderas intenciones.<\/p>\n<p>Y Hacienda ha mostrado el <em>\u00abplumero\u00bb<\/em> cuando, de un <em>\u00abplumazo\u00bb<\/em>, se ha cargado <em>de facto<\/em> el art\u00edculo 39 del Reglamento del Impuesto de Transmisiones al hablar del valor de referencia. Les cuento el contenido de dos consultas de la DGT, la <em><a href=\"https:\/\/petete.tributos.hacienda.gob.es\/consultas\/?num_consulta=V1973-23\">v1973-23<\/a><\/em> y la <em><a href=\"https:\/\/petete.tributos.hacienda.gob.es\/consultas\/?num_consulta=V2302-23\">V2302-23<\/a><\/em>, de julio y agosto pasados (haga clic para acceder a ellas electr\u00f3nicamente).<\/p>\n<p>El art\u00edculo 10 de la Ley del Impuesto de Transmisiones fue objeto de modificaci\u00f3n en el a\u00f1o 2021, y se estableci\u00f3 que, solo para el caso de bienes inmuebles, el valor de adquisici\u00f3n ser\u00eda a partir de ese momento el valor de referencia previsto en la normativa del catastro, salvo que el valor declarado o el precio pactado fuesen superiores, en cuyo caso se tomar\u00eda como base imponible el que fuese mayor de todos -recuerden siempre el <em>&#8222;animus rapi\u00f1andi&#8220;<\/em>, que en estos casos inspira e impera-.<\/p>\n<p>El problema est\u00e1 en que esa reciente modificaci\u00f3n no afect\u00f3 al art\u00edculo 39 del Reglamento -que desarrollaba ese art\u00edculo 10 de la Ley-,y \u00a0que mantuvo una regla especial consistente en que <em>\u00aben las transmisiones realizadas mediante subasta p\u00fablica, notarial, judicial o administrativa, servir\u00e1 de base el valor de adquisici\u00f3n\u00bb<\/em>.\u00a0 Para aclararnos, para las subastas la norma recoge, igual que ocurr\u00eda antes, una diferencia con el resto de entregas de bienes inmuebles en cuanto al valor que sirve de base para el c\u00e1lculo del impuesto, que es el fijado en la subasta.<\/p>\n<p>A pesar de esto -o precisamente por ello-, Hacienda evacua dos recientes consultas que, con &#8222;<em>piru\u00e9ticas&#8220;<\/em> acrobacias, intenta explicar las razones por las que, a su juicio, a las subastas tambi\u00e9n les va a ser de aplicaci\u00f3n la nueva norma, con el consecuente vaciado de contenido del art\u00edculo 39 citado. Y yo, con la sumisi\u00f3n que me caracteriza, se las cuento <em>&#8222;tal cual&#8220;<\/em>.<\/p>\n<p>En primer lugar, las consultas nos recuerdan que la modificaci\u00f3n operada ha abandonado el concepto de valor real, que era un concepto que ha sido origen de numerosos litigios sobre su significado y determinaci\u00f3n, &#8222;<em>que se sustituye por el de valor a secas<\/em>&#8222;, mucho m\u00e1s jur\u00eddicamente indeterminado, y m\u00e1s apto para nuevos conflictos &#8211;<em>mucho m\u00e1s mejor<\/em> que dec\u00edan lo ni\u00f1os-.<\/p>\n<p>La segunda cuesti\u00f3n que se recoge es una somera referencia a la regla general para valorar bienes. Y \u00e9sta es la contenida en el apartado 1 del art\u00edculo 10, seg\u00fan la cual el valor de adquisici\u00f3n de un bien ser\u00e1 el valor de mercado -entendiendo como tal el precio por el que se podr\u00edan vender esos bienes entre partes independientes-, si bien esa regla general no ser\u00e1 de aplicaci\u00f3n cuando lo sea alguna de las reglas especiales contenidas en los apartados siguientes del mismo art\u00edculo.<\/p>\n<p>Y as\u00ed, en el apartado 2, se recoge una regla especial por la que, solo para el caso de inmuebles, se entender\u00e1 que su valor ser\u00e1 el valor de referencia del Catastro y, si no existe ese valor de referencia, s\u00ed que la base imponible vuelve a ser el valor de mercado conforme se ha definido antes -salvo que, claro est\u00e1, el declarado sea superior-.<\/p>\n<p>\u00bfY, despu\u00e9s de este l\u00edo, qu\u00e9 pasa entonces con la regla especial para subastas del art\u00edculo 39 del Reglamento antes citada? \u00bfmantiene su vigencia o no? \u00bfcu\u00e1l es su alcance actual? Pues en este caso, afirman sin rubor aparente -suerte que el papel lo aguanta todo- que &#8222;<em>no parece que la regla de este precepto <\/em>-el 39- <em>contradiga la regla general establecida en el art\u00edculo 10.1 del TRLITPAJD&#8220;<\/em> sino que directamente <em>&#8222;ha reducido su \u00e1mbito de aplicaci\u00f3n&#8220;<\/em>, ya que el principio \u00ablex posterior generalis non derogat (legi) priori speciali\u00bb cede frente al principio de jerarqu\u00eda normativa, conforme al cual la norma superior prevalece sobre la inferior.<\/p>\n<p>E insisten en la idea de que esa nueva redacci\u00f3n del art\u00edculo 10 de la Ley elimina directamente, y sin pasar por la casilla de salida, el \u00e1mbito de aplicaci\u00f3n de ese art\u00edculo 39 relativo a subastas para los inmuebles, y que ahora, por <em>arte de<\/em> <em>birlibirloque<\/em>, ya no resulta aplicable a ning\u00fan supuesto de transmisi\u00f3n de esos bienes inmuebles -aunque el articulo hable de todas las subastas y no distinga por tipo de bienes-, y solo ser\u00e1 aplicable en caso de subasta de bienes de otra naturaleza -por ejemplo, se me ocurre, una subasta de <em>cepas viejas para lumbre<\/em>-. Eso s\u00ed, si el valor de adjudicaci\u00f3n es superior al de referencia, entonces s\u00ed que se aplica el art\u00edculo 39 -piensen en el \u00e1nimo y en la subasta propuesta, que ya no les doy m\u00e1s pistas-.<\/p>\n<p>Como ven, el plumero siempre <em>barriendo<\/em> para casa, e imponiendo criterios por la v\u00eda de los hechos y con una nueva forma de legislar consistente en las consultas del propio \u00f3rgano administrativo, mientras el administrado no deja de morder el polvo&#8230; <em>i que no \u00e9s guapo aix\u00f2?<\/em><\/p>\n<h6><a href=\"https:\/\/www.fmsb.eu\/?s=mallorcadiario\"><strong><span style=\"color: #993300;\"><span style=\"color: #4c271e;\">M\u00c1S ART\u00cdCULOS DEL AUTOR EN NUESTRO BLOG<\/span><\/span><\/strong><\/a><\/h6>\n<\/div>\n<hr \/>\n<p>Art\u00edculo original publicado en el diario digital\u00a0<span style=\"color: #993300;\"><a style=\"color: #993300;\" href=\"https:\/\/www.mallorcadiario.com\"><strong>mallorcadiario.com<\/strong><\/a><\/span> .\u00a0\u00a0 L\u00e9elo directamente en <a href=\"https:\/\/www.mallorcadiario.com\"><strong>mallorcadiario.com<\/strong><\/a> a trav\u00e9s de este <span style=\"color: #4c271e;\"><a style=\"color: #4c271e;\" href=\"https:\/\/www.mallorcadiario.com\/el-vistoso-plumero-de-hacienda-jorge-sainz-de-baranda\"><strong>enlace<\/strong><\/a><\/span><\/p>\n","protected":false},"excerpt":{"rendered":"<p>&nbsp; mallorcadiario.com\u00a0 Opini\u00f3n DOMINGO 8\u00a0 DE OCTUBRE DE 2023 \u00a0 El vistoso \u00abplumero\u00bb de Hacienda Por\u00a0Jorge S\u00e1inz de Baranda M\u00c1S ART\u00cdCULOS DEL AUTOR EN MALLORCADIARIO &nbsp; No s\u00e9 si saben que la \u00abMilicia Nacional\u00bb fue un cuerpo creado en 1812 para defender el r\u00e9gimen constitucional establecido con \u00abLa Pepa\u00bb, posteriormente suprimido por Fernando VII al [&hellip;]<\/p>\n","protected":false},"author":2,"featured_media":10219,"comment_status":"closed","ping_status":"open","sticky":false,"template":"","format":"standard","meta":{"footnotes":""},"categories":[2198,2199,2309,2310,2202,2805,3169],"tags":[2206,2663,2664,2665,2312,2666,2667,2507,2314,2668,2208,2669,2670,2315,2671,2672,2673,2316,2674,2675,2676,2677,2678,2318,2319,2320,2321,2323,2680,2681,2682,2683,2684,2218,2219,2685,2686,2575,2223,2687,2688,2689,2690,2325,2326,2327,2691,2225,2328,2692,2329,2693,2330,2694,2331,2695,2333,2228,2229,2334,2231,2336,2232,2234,2696,2341,2342,2343,2697,2344,2345,2698,2699,2700,2236,2701,2702,2349,2703,2350,2240,2704,2705,2354,2355,2243,2359,2360,2361,2706,2707,2708,2709,2710,2711,2712,2363,2713,2364,2365],"class_list":["post-11099","post","type-post","status-publish","format-standard","has-post-thumbnail","hentry","category-actualidad-de","category-blog-de","category-derecho-fiscal-de","category-derecho-tributario-de","category-home-de","category-impuestos-de","category-opinion-de","tag-abogados-de","tag-administracion-tributaria-de","tag-administraciones-tributarias-de","tag-aeat-de","tag-agencia-tributaria-de","tag-antifraude-de","tag-aplazamiento-de","tag-articulos-de","tag-asesores-de","tag-atib-de","tag-baleares-de","tag-blanqueo-de","tag-blanqueo-de-capitales-de","tag-bonificacion-de","tag-campana-de-la-renta-de","tag-campana-irpf-de","tag-catastro-de","tag-comunidad-autonoma-de","tag-declaracion-de-inconstitucionalidad-de","tag-declaracion-de-nulidad-de","tag-deflacion-de","tag-deflactacion-de","tag-deflactar-de","tag-derecho-civil-propio-de","tag-derecho-de-la-union-europea-de","tag-derecho-fiscal-de","tag-derecho-tributario-de","tag-derogacion-de","tag-deudas-de","tag-dgt-de","tag-direccion-general-de-tributos-de","tag-direccion-general-del-catastro-de","tag-doble-imposicion-de","tag-economistas-de","tag-el-arenal-de","tag-exencion-por-reinversion-de","tag-extranjeros-de","tag-fallecimiento-de","tag-fmsb-de","tag-fraccionamiento-de","tag-fraude-fiscal-de","tag-galicia-de","tag-gravamen-extraordinario-de","tag-hacienda-de","tag-herencia-de","tag-herencias-de","tag-ibi-de","tag-ibiza-de","tag-illes-balears-de","tag-impuesto-de-solidaridad-a-las-grandes-fortunas-de","tag-impuesto-de-sucesiones-de","tag-impuesto-sobre-la-renta-de","tag-impuestos-de","tag-incremento-del-valor-de-los-terrenos-de-naturaleza-urbana-de","tag-irpf-de","tag-jorge-lorenzo-de","tag-jorge-sainz-de-baranda-de","tag-law-de","tag-lawyers-de","tag-ley-antifraude-de","tag-mallorca-de","tag-mallorcadiario-de","tag-manacor-de","tag-menorca-de","tag-modelo-720-de","tag-mortis-causa-de","tag-obligado-tributario-de","tag-opinion-de","tag-pactos-sucesorioes-de","tag-pactos-sucesorios-de","tag-palma-de","tag-patrimonio-de","tag-plan-anual-de-control-tributario-de","tag-plusvalia-de","tag-port-dandratx-de","tag-prespuestos-generales-del-estado-de","tag-presupuestos-2021-de","tag-prevencion-de","tag-proindiviso-de","tag-propuestas-de","tag-puerto-de-andratx-de","tag-recargo-de","tag-reforma-de","tag-residentes-fiscales-de","tag-resindencia-fiscal-de","tag-solicitors-de","tag-sucesion-de","tag-sucesion-en-vida-de","tag-sucesiones-y-donaciones-de","tag-tasa-amazon-de","tag-teac-de","tag-tear-de","tag-testador-de","tag-tribunal-economico-administrativo-de","tag-tribunal-economico-administrativo-central-de","tag-tribunal-economico-administrativo-regional-de","tag-tributos-de","tag-ue-de","tag-valor-de-referencia-de","tag-valor-de-referencia-catastral-de"],"yoast_head":"<!-- This site is optimized with the Yoast SEO plugin v27.3 - https:\/\/yoast.com\/product\/yoast-seo-wordpress\/ -->\n<title>El vistoso \u00abplumero\u00bb de Hacienda, por Jorge S\u00e1inz de Baranda - FMSB Abogados y Economistas en Baleares<\/title>\n<meta name=\"description\" content=\"El vistoso \u00abplumero\u00bb de Hacienda, art\u00edculo de opini\u00f3n del abogado y socio de FMSB Jorge S\u00e1inz de Baranda en Mallorcadiario\" \/>\n<meta name=\"robots\" content=\"index, follow, max-snippet:-1, max-image-preview:large, max-video-preview:-1\" \/>\n<link rel=\"canonical\" href=\"https:\/\/fmsb.eu\/de\/2023\/10\/08\/el-vistoso-plumero-de-hacienda-por-jorge-sainz-de-baranda\/\" \/>\n<meta property=\"og:locale\" content=\"de_DE\" \/>\n<meta property=\"og:type\" content=\"article\" \/>\n<meta property=\"og:title\" content=\"El vistoso \u00abplumero\u00bb de Hacienda, por Jorge S\u00e1inz de Baranda - FMSB Abogados y Economistas en Baleares\" \/>\n<meta property=\"og:description\" content=\"El vistoso \u00abplumero\u00bb de Hacienda, art\u00edculo de opini\u00f3n del abogado y socio de FMSB Jorge S\u00e1inz de Baranda en Mallorcadiario\" \/>\n<meta property=\"og:url\" content=\"https:\/\/fmsb.eu\/de\/2023\/10\/08\/el-vistoso-plumero-de-hacienda-por-jorge-sainz-de-baranda\/\" \/>\n<meta property=\"og:site_name\" content=\"FMSB Abogados y Economistas en Baleares\" \/>\n<meta property=\"article:published_time\" content=\"2023-10-08T04:37:10+00:00\" \/>\n<meta property=\"og:image\" content=\"https:\/\/fmsb.eu\/wp-content\/uploads\/2023\/10\/FMSB-Abogados-El-vistoso-plumero-de-Hacienda-Jorge-Sainz-de-Baranda-00.jpg\" \/>\n\t<meta property=\"og:image:width\" content=\"1600\" \/>\n\t<meta property=\"og:image:height\" content=\"1299\" \/>\n\t<meta property=\"og:image:type\" content=\"image\/jpeg\" \/>\n<meta name=\"author\" content=\"fmsb\" \/>\n<meta name=\"twitter:card\" content=\"summary_large_image\" \/>\n<meta name=\"twitter:creator\" content=\"@fmsb-disstint\" \/>\n<meta name=\"twitter:label1\" content=\"Verfasst von\" \/>\n\t<meta name=\"twitter:data1\" content=\"fmsb\" \/>\n\t<meta name=\"twitter:label2\" content=\"Gesch\u00e4tzte Lesezeit\" \/>\n\t<meta name=\"twitter:data2\" content=\"5\u00a0Minuten\" \/>\n<script type=\"application\/ld+json\" class=\"yoast-schema-graph\">{\"@context\":\"https:\\\/\\\/schema.org\",\"@graph\":[{\"@type\":\"Article\",\"@id\":\"https:\\\/\\\/fmsb.eu\\\/de\\\/2023\\\/10\\\/08\\\/el-vistoso-plumero-de-hacienda-por-jorge-sainz-de-baranda\\\/#article\",\"isPartOf\":{\"@id\":\"https:\\\/\\\/fmsb.eu\\\/de\\\/2023\\\/10\\\/08\\\/el-vistoso-plumero-de-hacienda-por-jorge-sainz-de-baranda\\\/\"},\"author\":{\"name\":\"fmsb\",\"@id\":\"https:\\\/\\\/fmsb.eu\\\/de\\\/#\\\/schema\\\/person\\\/9fba7c70814b0cd34d35d655d36a4ca2\"},\"headline\":\"El vistoso \u00abplumero\u00bb de Hacienda, por Jorge S\u00e1inz de Baranda\",\"datePublished\":\"2023-10-08T04:37:10+00:00\",\"mainEntityOfPage\":{\"@id\":\"https:\\\/\\\/fmsb.eu\\\/de\\\/2023\\\/10\\\/08\\\/el-vistoso-plumero-de-hacienda-por-jorge-sainz-de-baranda\\\/\"},\"wordCount\":1066,\"publisher\":{\"@id\":\"https:\\\/\\\/fmsb.eu\\\/de\\\/#organization\"},\"image\":{\"@id\":\"https:\\\/\\\/fmsb.eu\\\/de\\\/2023\\\/10\\\/08\\\/el-vistoso-plumero-de-hacienda-por-jorge-sainz-de-baranda\\\/#primaryimage\"},\"thumbnailUrl\":\"https:\\\/\\\/fmsb.eu\\\/wp-content\\\/uploads\\\/2023\\\/10\\\/FMSB-Abogados-El-vistoso-plumero-de-Hacienda-Jorge-Sainz-de-Baranda-00.jpg\",\"keywords\":[\"abogados\",\"administraci\u00f3n tributaria\",\"administraciones tributarias\",\"aeat\",\"agencia tributaria\",\"antifraude\",\"aplazamiento\",\"articulos\",\"asesores\",\"ATIB\",\"baleares\",\"blanqueo\",\"blanqueo de capitales\",\"bonificaci\u00f3n\",\"campa\u00f1a de la renta\",\"campa\u00f1a irpf\",\"catastro\",\"comunidad aut\u00f3noma\",\"declaraci\u00f3n de inconstitucionalidad\",\"declaraci\u00f3n de nulidad\",\"deflaci\u00f3n\",\"deflactaci\u00f3n\",\"deflactar\",\"derecho civil propio\",\"derecho de la uni\u00f3n europea\",\"derecho fiscal\",\"derecho tributario\",\"derogaci\u00f3n\",\"deudas\",\"dgt\",\"direcci\u00f3n general de tributos\",\"direcci\u00f3n general del catastro\",\"doble imposici\u00f3n\",\"economistas\",\"el arenal\",\"exenci\u00f3n por reinversi\u00f3n\",\"extranjeros\",\"fallecimiento\",\"fmsb\",\"fraccionamiento\",\"fraude fiscal\",\"Galicia\",\"gravamen extraordinario\",\"Hacienda\",\"herencia\",\"herencias\",\"ibi\",\"ibiza\",\"illes balears\",\"impuesto de solidaridad a las grandes fortunas\",\"impuesto de sucesiones\",\"impuesto sobre la renta\",\"impuestos\",\"incremento del valor de los terrenos de naturaleza urbana\",\"IRPF\",\"jorge lorenzo\",\"jorge sainz de baranda\",\"law\",\"lawyers\",\"ley antifraude\",\"mallorca\",\"mallorcadiario\",\"Manacor\",\"menorca\",\"modelo 720\",\"mortis causa\",\"obligado tributario\",\"opinion\",\"pactos sucesorioes\",\"pactos sucesorios\",\"Palma\",\"patrimonio\",\"plan anual de control tributario\",\"plusval\u00eda\",\"port d&#8217;andratx\",\"prespuestos generales del estado\",\"presupuestos 2021\",\"prevenci\u00f3n\",\"proindiviso\",\"propuestas\",\"puerto de andratx\",\"recargo\",\"reforma\",\"residentes fiscales\",\"resindencia fiscal\",\"solicitors\",\"sucesi\u00f3n\",\"sucesi\u00f3n en vida\",\"sucesiones y donaciones\",\"tasa amazon\",\"TEAC\",\"TEAR\",\"testador\",\"Tribunal Econ\u00f3mico Administrativo\",\"Tribunal Econ\u00f3mico Administrativo Central\",\"Tribunal Econ\u00f3mico Administrativo Regional\",\"tributos\",\"ue\",\"valor de referencia\",\"valor de referencia catastral\"],\"articleSection\":[\"actualidad\",\"blog\",\"Derecho Fiscal\",\"Derecho Tributario\",\"Home\",\"impuestos\",\"Opini\u00f3n\"],\"inLanguage\":\"de\"},{\"@type\":\"WebPage\",\"@id\":\"https:\\\/\\\/fmsb.eu\\\/de\\\/2023\\\/10\\\/08\\\/el-vistoso-plumero-de-hacienda-por-jorge-sainz-de-baranda\\\/\",\"url\":\"https:\\\/\\\/fmsb.eu\\\/de\\\/2023\\\/10\\\/08\\\/el-vistoso-plumero-de-hacienda-por-jorge-sainz-de-baranda\\\/\",\"name\":\"El vistoso \u00abplumero\u00bb de Hacienda, por Jorge S\u00e1inz de Baranda - FMSB Abogados y Economistas en Baleares\",\"isPartOf\":{\"@id\":\"https:\\\/\\\/fmsb.eu\\\/de\\\/#website\"},\"primaryImageOfPage\":{\"@id\":\"https:\\\/\\\/fmsb.eu\\\/de\\\/2023\\\/10\\\/08\\\/el-vistoso-plumero-de-hacienda-por-jorge-sainz-de-baranda\\\/#primaryimage\"},\"image\":{\"@id\":\"https:\\\/\\\/fmsb.eu\\\/de\\\/2023\\\/10\\\/08\\\/el-vistoso-plumero-de-hacienda-por-jorge-sainz-de-baranda\\\/#primaryimage\"},\"thumbnailUrl\":\"https:\\\/\\\/fmsb.eu\\\/wp-content\\\/uploads\\\/2023\\\/10\\\/FMSB-Abogados-El-vistoso-plumero-de-Hacienda-Jorge-Sainz-de-Baranda-00.jpg\",\"datePublished\":\"2023-10-08T04:37:10+00:00\",\"description\":\"El vistoso \u00abplumero\u00bb de Hacienda, art\u00edculo de opini\u00f3n del abogado y socio de FMSB Jorge S\u00e1inz de Baranda en Mallorcadiario\",\"breadcrumb\":{\"@id\":\"https:\\\/\\\/fmsb.eu\\\/de\\\/2023\\\/10\\\/08\\\/el-vistoso-plumero-de-hacienda-por-jorge-sainz-de-baranda\\\/#breadcrumb\"},\"inLanguage\":\"de\",\"potentialAction\":[{\"@type\":\"ReadAction\",\"target\":[\"https:\\\/\\\/fmsb.eu\\\/de\\\/2023\\\/10\\\/08\\\/el-vistoso-plumero-de-hacienda-por-jorge-sainz-de-baranda\\\/\"]}]},{\"@type\":\"ImageObject\",\"inLanguage\":\"de\",\"@id\":\"https:\\\/\\\/fmsb.eu\\\/de\\\/2023\\\/10\\\/08\\\/el-vistoso-plumero-de-hacienda-por-jorge-sainz-de-baranda\\\/#primaryimage\",\"url\":\"https:\\\/\\\/fmsb.eu\\\/wp-content\\\/uploads\\\/2023\\\/10\\\/FMSB-Abogados-El-vistoso-plumero-de-Hacienda-Jorge-Sainz-de-Baranda-00.jpg\",\"contentUrl\":\"https:\\\/\\\/fmsb.eu\\\/wp-content\\\/uploads\\\/2023\\\/10\\\/FMSB-Abogados-El-vistoso-plumero-de-Hacienda-Jorge-Sainz-de-Baranda-00.jpg\",\"width\":1600,\"height\":1299},{\"@type\":\"BreadcrumbList\",\"@id\":\"https:\\\/\\\/fmsb.eu\\\/de\\\/2023\\\/10\\\/08\\\/el-vistoso-plumero-de-hacienda-por-jorge-sainz-de-baranda\\\/#breadcrumb\",\"itemListElement\":[{\"@type\":\"ListItem\",\"position\":1,\"name\":\"Portada\",\"item\":\"https:\\\/\\\/fmsb.eu\\\/de\\\/\"},{\"@type\":\"ListItem\",\"position\":2,\"name\":\"El vistoso \u00abplumero\u00bb de Hacienda, por Jorge S\u00e1inz de Baranda\"}]},{\"@type\":\"WebSite\",\"@id\":\"https:\\\/\\\/fmsb.eu\\\/de\\\/#website\",\"url\":\"https:\\\/\\\/fmsb.eu\\\/de\\\/\",\"name\":\"FMSB Abogados y Economistas en Baleares\",\"description\":\"\",\"publisher\":{\"@id\":\"https:\\\/\\\/fmsb.eu\\\/de\\\/#organization\"},\"potentialAction\":[{\"@type\":\"SearchAction\",\"target\":{\"@type\":\"EntryPoint\",\"urlTemplate\":\"https:\\\/\\\/fmsb.eu\\\/de\\\/?s={search_term_string}\"},\"query-input\":{\"@type\":\"PropertyValueSpecification\",\"valueRequired\":true,\"valueName\":\"search_term_string\"}}],\"inLanguage\":\"de\"},{\"@type\":\"Organization\",\"@id\":\"https:\\\/\\\/fmsb.eu\\\/de\\\/#organization\",\"name\":\"FMSB Abogados y Economistas en Baleares\",\"url\":\"https:\\\/\\\/fmsb.eu\\\/de\\\/\",\"logo\":{\"@type\":\"ImageObject\",\"inLanguage\":\"de\",\"@id\":\"https:\\\/\\\/fmsb.eu\\\/de\\\/#\\\/schema\\\/logo\\\/image\\\/\",\"url\":\"https:\\\/\\\/fmsb.eu\\\/wp-content\\\/uploads\\\/2025\\\/02\\\/logo.svg\",\"contentUrl\":\"https:\\\/\\\/fmsb.eu\\\/wp-content\\\/uploads\\\/2025\\\/02\\\/logo.svg\",\"width\":154,\"height\":52,\"caption\":\"FMSB Abogados y Economistas en Baleares\"},\"image\":{\"@id\":\"https:\\\/\\\/fmsb.eu\\\/de\\\/#\\\/schema\\\/logo\\\/image\\\/\"}},{\"@type\":\"Person\",\"@id\":\"https:\\\/\\\/fmsb.eu\\\/de\\\/#\\\/schema\\\/person\\\/9fba7c70814b0cd34d35d655d36a4ca2\",\"name\":\"fmsb\",\"image\":{\"@type\":\"ImageObject\",\"inLanguage\":\"de\",\"@id\":\"https:\\\/\\\/secure.gravatar.com\\\/avatar\\\/426f4d5b0ebcace85460caf87cdaaa193694b611e990615d87a13f322fb7ee7f?s=96&d=mm&r=g\",\"url\":\"https:\\\/\\\/secure.gravatar.com\\\/avatar\\\/426f4d5b0ebcace85460caf87cdaaa193694b611e990615d87a13f322fb7ee7f?s=96&d=mm&r=g\",\"contentUrl\":\"https:\\\/\\\/secure.gravatar.com\\\/avatar\\\/426f4d5b0ebcace85460caf87cdaaa193694b611e990615d87a13f322fb7ee7f?s=96&d=mm&r=g\",\"caption\":\"fmsb\"},\"sameAs\":[\"https:\\\/\\\/x.com\\\/fmsb-disstint\"],\"url\":\"https:\\\/\\\/fmsb.eu\\\/de\\\/author\\\/fmsb\\\/\"}]}<\/script>\n<!-- \/ Yoast SEO plugin. -->","yoast_head_json":{"title":"El vistoso \u00abplumero\u00bb de Hacienda, por Jorge S\u00e1inz de Baranda - FMSB Abogados y Economistas en Baleares","description":"El vistoso \u00abplumero\u00bb de Hacienda, art\u00edculo de opini\u00f3n del abogado y socio de FMSB Jorge S\u00e1inz de Baranda en Mallorcadiario","robots":{"index":"index","follow":"follow","max-snippet":"max-snippet:-1","max-image-preview":"max-image-preview:large","max-video-preview":"max-video-preview:-1"},"canonical":"https:\/\/fmsb.eu\/de\/2023\/10\/08\/el-vistoso-plumero-de-hacienda-por-jorge-sainz-de-baranda\/","og_locale":"de_DE","og_type":"article","og_title":"El vistoso \u00abplumero\u00bb de Hacienda, por Jorge S\u00e1inz de Baranda - FMSB Abogados y Economistas en Baleares","og_description":"El vistoso \u00abplumero\u00bb de Hacienda, art\u00edculo de opini\u00f3n del abogado y socio de FMSB Jorge S\u00e1inz de Baranda en Mallorcadiario","og_url":"https:\/\/fmsb.eu\/de\/2023\/10\/08\/el-vistoso-plumero-de-hacienda-por-jorge-sainz-de-baranda\/","og_site_name":"FMSB Abogados y Economistas en Baleares","article_published_time":"2023-10-08T04:37:10+00:00","og_image":[{"width":1600,"height":1299,"url":"https:\/\/fmsb.eu\/wp-content\/uploads\/2023\/10\/FMSB-Abogados-El-vistoso-plumero-de-Hacienda-Jorge-Sainz-de-Baranda-00.jpg","type":"image\/jpeg"}],"author":"fmsb","twitter_card":"summary_large_image","twitter_creator":"@fmsb-disstint","twitter_misc":{"Verfasst von":"fmsb","Gesch\u00e4tzte Lesezeit":"5\u00a0Minuten"},"schema":{"@context":"https:\/\/schema.org","@graph":[{"@type":"Article","@id":"https:\/\/fmsb.eu\/de\/2023\/10\/08\/el-vistoso-plumero-de-hacienda-por-jorge-sainz-de-baranda\/#article","isPartOf":{"@id":"https:\/\/fmsb.eu\/de\/2023\/10\/08\/el-vistoso-plumero-de-hacienda-por-jorge-sainz-de-baranda\/"},"author":{"name":"fmsb","@id":"https:\/\/fmsb.eu\/de\/#\/schema\/person\/9fba7c70814b0cd34d35d655d36a4ca2"},"headline":"El vistoso \u00abplumero\u00bb de Hacienda, por Jorge S\u00e1inz de Baranda","datePublished":"2023-10-08T04:37:10+00:00","mainEntityOfPage":{"@id":"https:\/\/fmsb.eu\/de\/2023\/10\/08\/el-vistoso-plumero-de-hacienda-por-jorge-sainz-de-baranda\/"},"wordCount":1066,"publisher":{"@id":"https:\/\/fmsb.eu\/de\/#organization"},"image":{"@id":"https:\/\/fmsb.eu\/de\/2023\/10\/08\/el-vistoso-plumero-de-hacienda-por-jorge-sainz-de-baranda\/#primaryimage"},"thumbnailUrl":"https:\/\/fmsb.eu\/wp-content\/uploads\/2023\/10\/FMSB-Abogados-El-vistoso-plumero-de-Hacienda-Jorge-Sainz-de-Baranda-00.jpg","keywords":["abogados","administraci\u00f3n tributaria","administraciones tributarias","aeat","agencia tributaria","antifraude","aplazamiento","articulos","asesores","ATIB","baleares","blanqueo","blanqueo de capitales","bonificaci\u00f3n","campa\u00f1a de la renta","campa\u00f1a irpf","catastro","comunidad aut\u00f3noma","declaraci\u00f3n de inconstitucionalidad","declaraci\u00f3n de nulidad","deflaci\u00f3n","deflactaci\u00f3n","deflactar","derecho civil propio","derecho de la uni\u00f3n europea","derecho fiscal","derecho tributario","derogaci\u00f3n","deudas","dgt","direcci\u00f3n general de tributos","direcci\u00f3n general del catastro","doble imposici\u00f3n","economistas","el arenal","exenci\u00f3n por reinversi\u00f3n","extranjeros","fallecimiento","fmsb","fraccionamiento","fraude fiscal","Galicia","gravamen extraordinario","Hacienda","herencia","herencias","ibi","ibiza","illes balears","impuesto de solidaridad a las grandes fortunas","impuesto de sucesiones","impuesto sobre la renta","impuestos","incremento del valor de los terrenos de naturaleza urbana","IRPF","jorge lorenzo","jorge sainz de baranda","law","lawyers","ley antifraude","mallorca","mallorcadiario","Manacor","menorca","modelo 720","mortis causa","obligado tributario","opinion","pactos sucesorioes","pactos sucesorios","Palma","patrimonio","plan anual de control tributario","plusval\u00eda","port d&#8217;andratx","prespuestos generales del estado","presupuestos 2021","prevenci\u00f3n","proindiviso","propuestas","puerto de andratx","recargo","reforma","residentes fiscales","resindencia fiscal","solicitors","sucesi\u00f3n","sucesi\u00f3n en vida","sucesiones y donaciones","tasa amazon","TEAC","TEAR","testador","Tribunal Econ\u00f3mico Administrativo","Tribunal Econ\u00f3mico Administrativo Central","Tribunal Econ\u00f3mico Administrativo Regional","tributos","ue","valor de referencia","valor de referencia catastral"],"articleSection":["actualidad","blog","Derecho Fiscal","Derecho Tributario","Home","impuestos","Opini\u00f3n"],"inLanguage":"de"},{"@type":"WebPage","@id":"https:\/\/fmsb.eu\/de\/2023\/10\/08\/el-vistoso-plumero-de-hacienda-por-jorge-sainz-de-baranda\/","url":"https:\/\/fmsb.eu\/de\/2023\/10\/08\/el-vistoso-plumero-de-hacienda-por-jorge-sainz-de-baranda\/","name":"El vistoso \u00abplumero\u00bb de Hacienda, por Jorge S\u00e1inz de Baranda - FMSB Abogados y Economistas en Baleares","isPartOf":{"@id":"https:\/\/fmsb.eu\/de\/#website"},"primaryImageOfPage":{"@id":"https:\/\/fmsb.eu\/de\/2023\/10\/08\/el-vistoso-plumero-de-hacienda-por-jorge-sainz-de-baranda\/#primaryimage"},"image":{"@id":"https:\/\/fmsb.eu\/de\/2023\/10\/08\/el-vistoso-plumero-de-hacienda-por-jorge-sainz-de-baranda\/#primaryimage"},"thumbnailUrl":"https:\/\/fmsb.eu\/wp-content\/uploads\/2023\/10\/FMSB-Abogados-El-vistoso-plumero-de-Hacienda-Jorge-Sainz-de-Baranda-00.jpg","datePublished":"2023-10-08T04:37:10+00:00","description":"El vistoso \u00abplumero\u00bb de Hacienda, art\u00edculo de opini\u00f3n del abogado y socio de FMSB Jorge S\u00e1inz de Baranda en Mallorcadiario","breadcrumb":{"@id":"https:\/\/fmsb.eu\/de\/2023\/10\/08\/el-vistoso-plumero-de-hacienda-por-jorge-sainz-de-baranda\/#breadcrumb"},"inLanguage":"de","potentialAction":[{"@type":"ReadAction","target":["https:\/\/fmsb.eu\/de\/2023\/10\/08\/el-vistoso-plumero-de-hacienda-por-jorge-sainz-de-baranda\/"]}]},{"@type":"ImageObject","inLanguage":"de","@id":"https:\/\/fmsb.eu\/de\/2023\/10\/08\/el-vistoso-plumero-de-hacienda-por-jorge-sainz-de-baranda\/#primaryimage","url":"https:\/\/fmsb.eu\/wp-content\/uploads\/2023\/10\/FMSB-Abogados-El-vistoso-plumero-de-Hacienda-Jorge-Sainz-de-Baranda-00.jpg","contentUrl":"https:\/\/fmsb.eu\/wp-content\/uploads\/2023\/10\/FMSB-Abogados-El-vistoso-plumero-de-Hacienda-Jorge-Sainz-de-Baranda-00.jpg","width":1600,"height":1299},{"@type":"BreadcrumbList","@id":"https:\/\/fmsb.eu\/de\/2023\/10\/08\/el-vistoso-plumero-de-hacienda-por-jorge-sainz-de-baranda\/#breadcrumb","itemListElement":[{"@type":"ListItem","position":1,"name":"Portada","item":"https:\/\/fmsb.eu\/de\/"},{"@type":"ListItem","position":2,"name":"El vistoso \u00abplumero\u00bb de Hacienda, por Jorge S\u00e1inz de Baranda"}]},{"@type":"WebSite","@id":"https:\/\/fmsb.eu\/de\/#website","url":"https:\/\/fmsb.eu\/de\/","name":"FMSB Abogados y Economistas en Baleares","description":"","publisher":{"@id":"https:\/\/fmsb.eu\/de\/#organization"},"potentialAction":[{"@type":"SearchAction","target":{"@type":"EntryPoint","urlTemplate":"https:\/\/fmsb.eu\/de\/?s={search_term_string}"},"query-input":{"@type":"PropertyValueSpecification","valueRequired":true,"valueName":"search_term_string"}}],"inLanguage":"de"},{"@type":"Organization","@id":"https:\/\/fmsb.eu\/de\/#organization","name":"FMSB Abogados y Economistas en Baleares","url":"https:\/\/fmsb.eu\/de\/","logo":{"@type":"ImageObject","inLanguage":"de","@id":"https:\/\/fmsb.eu\/de\/#\/schema\/logo\/image\/","url":"https:\/\/fmsb.eu\/wp-content\/uploads\/2025\/02\/logo.svg","contentUrl":"https:\/\/fmsb.eu\/wp-content\/uploads\/2025\/02\/logo.svg","width":154,"height":52,"caption":"FMSB Abogados y Economistas en Baleares"},"image":{"@id":"https:\/\/fmsb.eu\/de\/#\/schema\/logo\/image\/"}},{"@type":"Person","@id":"https:\/\/fmsb.eu\/de\/#\/schema\/person\/9fba7c70814b0cd34d35d655d36a4ca2","name":"fmsb","image":{"@type":"ImageObject","inLanguage":"de","@id":"https:\/\/secure.gravatar.com\/avatar\/426f4d5b0ebcace85460caf87cdaaa193694b611e990615d87a13f322fb7ee7f?s=96&d=mm&r=g","url":"https:\/\/secure.gravatar.com\/avatar\/426f4d5b0ebcace85460caf87cdaaa193694b611e990615d87a13f322fb7ee7f?s=96&d=mm&r=g","contentUrl":"https:\/\/secure.gravatar.com\/avatar\/426f4d5b0ebcace85460caf87cdaaa193694b611e990615d87a13f322fb7ee7f?s=96&d=mm&r=g","caption":"fmsb"},"sameAs":["https:\/\/x.com\/fmsb-disstint"],"url":"https:\/\/fmsb.eu\/de\/author\/fmsb\/"}]}},"_links":{"self":[{"href":"https:\/\/fmsb.eu\/de\/wp-json\/wp\/v2\/posts\/11099","targetHints":{"allow":["GET"]}}],"collection":[{"href":"https:\/\/fmsb.eu\/de\/wp-json\/wp\/v2\/posts"}],"about":[{"href":"https:\/\/fmsb.eu\/de\/wp-json\/wp\/v2\/types\/post"}],"author":[{"embeddable":true,"href":"https:\/\/fmsb.eu\/de\/wp-json\/wp\/v2\/users\/2"}],"replies":[{"embeddable":true,"href":"https:\/\/fmsb.eu\/de\/wp-json\/wp\/v2\/comments?post=11099"}],"version-history":[{"count":0,"href":"https:\/\/fmsb.eu\/de\/wp-json\/wp\/v2\/posts\/11099\/revisions"}],"wp:featuredmedia":[{"embeddable":true,"href":"https:\/\/fmsb.eu\/de\/wp-json\/wp\/v2\/media\/10219"}],"wp:attachment":[{"href":"https:\/\/fmsb.eu\/de\/wp-json\/wp\/v2\/media?parent=11099"}],"wp:term":[{"taxonomy":"category","embeddable":true,"href":"https:\/\/fmsb.eu\/de\/wp-json\/wp\/v2\/categories?post=11099"},{"taxonomy":"post_tag","embeddable":true,"href":"https:\/\/fmsb.eu\/de\/wp-json\/wp\/v2\/tags?post=11099"}],"curies":[{"name":"wp","href":"https:\/\/api.w.org\/{rel}","templated":true}]}}