{"id":11101,"date":"2023-09-30T20:07:13","date_gmt":"2023-09-30T18:07:13","guid":{"rendered":"http:\/\/fmsb.disstintbeta.com\/2023\/09\/30\/hacienda-el-alcoyano-testamento-olografo-don-beneficiante\/"},"modified":"2023-09-30T20:07:13","modified_gmt":"2023-09-30T18:07:13","slug":"hacienda-el-alcoyano-testamento-olografo-don-beneficiante","status":"publish","type":"post","link":"https:\/\/fmsb.eu\/de\/2023\/09\/30\/hacienda-el-alcoyano-testamento-olografo-don-beneficiante\/","title":{"rendered":"Hacienda, el Alcoyano, y el testamento ol\u00f3grafo de Don Beneficiante&#8230;, por Jorge S\u00e1inz de Baranda"},"content":{"rendered":"<p>&nbsp;<\/p>\n<div class=\"navegacion\">\n<h3 class=\"antesubtitulo antetit\"><a href=\"http:\/\/www.mallorcadiario.com\"><span style=\"color: #993300;\"><strong>mallorcadiario.com<\/strong><\/span><\/a>\u00a0 <a href=\"https:\/\/www.mallorcadiario.com\/hacienda-el-alcoyano-y-el-testamento-olografo-de-don-beneficiante-jorge-sainz-de-baranda\">Opini\u00f3n<\/a><\/h3>\n<\/div>\n<p><a href=\"http:\/\/fmsb.disstintbeta.com\/wp-content\/uploads\/2023\/09\/FMSB-Abogados-Jorge-Sainz-de-Baranda-Mallorcadiario-Hacienda-Testamento-Olografro-Don-Beneficiante-.jpg\"><img fetchpriority=\"high\" decoding=\"async\" class=\"alignnone wp-image-7260\" src=\"http:\/\/fmsb.disstintbeta.com\/wp-content\/uploads\/2023\/09\/FMSB-Abogados-Jorge-Sainz-de-Baranda-Mallorcadiario-Hacienda-Testamento-Olografro-Don-Beneficiante-.jpg\" alt=\"\" width=\"800\" height=\"650\" srcset=\"https:\/\/font-mora-sainz-baranda.fra1.digitaloceanspaces.com\/wp-content\/uploads\/2023\/09\/FMSB-Abogados-Jorge-Sainz-de-Baranda-Mallorcadiario-Hacienda-Testamento-Olografro-Don-Beneficiante-.jpg 1600w, https:\/\/font-mora-sainz-baranda.fra1.digitaloceanspaces.com\/wp-content\/uploads\/2023\/09\/FMSB-Abogados-Jorge-Sainz-de-Baranda-Mallorcadiario-Hacienda-Testamento-Olografro-Don-Beneficiante--300x244.jpg 300w, https:\/\/font-mora-sainz-baranda.fra1.digitaloceanspaces.com\/wp-content\/uploads\/2023\/09\/FMSB-Abogados-Jorge-Sainz-de-Baranda-Mallorcadiario-Hacienda-Testamento-Olografro-Don-Beneficiante--1024x831.jpg 1024w, https:\/\/font-mora-sainz-baranda.fra1.digitaloceanspaces.com\/wp-content\/uploads\/2023\/09\/FMSB-Abogados-Jorge-Sainz-de-Baranda-Mallorcadiario-Hacienda-Testamento-Olografro-Don-Beneficiante--768x624.jpg 768w, https:\/\/font-mora-sainz-baranda.fra1.digitaloceanspaces.com\/wp-content\/uploads\/2023\/09\/FMSB-Abogados-Jorge-Sainz-de-Baranda-Mallorcadiario-Hacienda-Testamento-Olografro-Don-Beneficiante--1536x1247.jpg 1536w\" sizes=\"(max-width: 800px) 100vw, 800px\" \/><\/a><\/p>\n<div class=\"navegacion\">\n<h6 class=\"ulthora fecha_publicacion\"><span class=\"dia_mes_anno\">DOMINGO 1\u00a0 DE OCTUBRE DE 2023<br \/>\n<\/span><\/h6>\n<\/div>\n<h6 class=\"ulthora fecha_publicacion\"><span class=\"dia_mes_anno\" style=\"color: #ffffff;\">\u00a0<\/span><\/h6>\n<div title=\"noticia 557362\">\n<h1 class=\"titulo\"><span style=\"color: #852262;\"><a style=\"color: #852262;\" href=\"https:\/\/www.mallorcadiario.com\/hacienda-el-alcoyano-y-el-testamento-olografo-de-don-beneficiante-jorge-sainz-de-baranda\"><strong><span style=\"color: #4c271e;\"><span style=\"color: #800000;\">Hacienda, el Alcoyano, y el testamento ol\u00f3grafo de Don Beneficiante&#8230;<\/span><\/span><\/strong><\/a><\/span><\/h1>\n<\/div>\n<div id=\"firmante_767\" class=\"firmante\">\n<p>Por\u00a0<span style=\"color: #0179c7;\"><a style=\"color: #0179c7;\" href=\"https:\/\/www.fmsb.eu\/jorge-sainz-de-baranda-brunbeck\/\"><strong><span class=\"nombre_firmante\"><span style=\"color: #008000;\"><span style=\"color: #4b7db8;\"><span style=\"color: #852262;\"><span style=\"color: #4c271e;\">Jorge S\u00e1inz de Baranda<\/span><\/span><\/span><\/span><\/span><\/strong><\/a><\/span><\/p>\n<h6><a href=\"https:\/\/www.mallorcadiario.com\/jorge-sainz-de-baranda\/autor\/767\/\"><strong><span style=\"color: #993300;\"><span style=\"color: #4c271e;\">M\u00c1S ART\u00cdCULOS DEL AUTOR EN MALLORCADIARIO<\/span><\/span><\/strong><\/a><\/h6>\n<p>&nbsp;<\/p>\n<p>\u00bfQui\u00e9n no ha dicho alguna vez <em>\u00abtienes m\u00e1s moral que el Alcoyano\u00bb<\/em>? la famosa expresi\u00f3n podr\u00eda tener su origen en un supuesto partido de futbol en el que, perdiendo el conjunto de Alcoy por goleada -algunos dicen que por 13 a cero-, cuando el \u00e1rbitro iba a dar por finalizado el encuentro a falta de un minuto, fueron corriendo los jugadores hacia \u00e9l para exigirle que pudieran disputar los 60 segundos que restaban, mientras que no paraban de darse \u00e1nimos entre ellos asegurando que la victoria todav\u00eda era posible.<\/p>\n<p>Les cuento hoy una historia de alcoyanos que no tiene desperdicio. Fallece Don Beneficiante en estado de soltero -como dec\u00eda Sabina, &#8222;<em>y yo que hab\u00eda jurado morir sin descendencia, como muri\u00f3 mi padre&#8230;<\/em>&#8222;-, habiendo otorgado testamento ante Notario en el que instituy\u00f3 herederos a sus dos sobrinos, Don Beneficioso y Don Beneficiando -claramente todos los nombres son aleg\u00f3ricos, propios de mi desbordante imaginaci\u00f3n, que ya saben Uds. de las Sentencias <em>anonimizadas<\/em>-.<\/p>\n<p>A\u00a0 partir de ah\u00ed, la Hacienda Auton\u00f3mica inicia inspecci\u00f3n al no haberse presentado por los dos <em>supuestos<\/em> herederos la autoliquidaci\u00f3n del Impuesto sobre Sucesiones. Y en el procedimiento, ellos alegan que existe un testamento ol\u00f3grafo -no adverado en ese momento-, <em>supuesta y l\u00f3gicamente<\/em> posterior, y en el que se nombra heredera a la madre de ambos, Do\u00f1a Beneficiaria, cu\u00f1ada de Don Beneficiante, raz\u00f3n por la que no deb\u00edan liquidar impuesto alguno.<\/p>\n<p>Frente a eso, Hacienda, que entiende que se hab\u00eda producido una aceptaci\u00f3n t\u00e1cita de la citada herencia por la efectiva realizaci\u00f3n de actos de disposici\u00f3n del patrimonio del muerto por los sobrinos, incoa dos <em>recetas monetarias<\/em>, debidamente transfiguradas en sendas Actas de Disconformidad.<\/p>\n<p>Los sobrinos, advertidos y disconformes, recurren el acta y, a la vez, la madre promueve expediente de jurisdicci\u00f3n voluntaria para la protocolizaci\u00f3n judicial del testamento ol\u00f3grafo en el que se le institu\u00eda como \u00fanica y universal heredera de todos los bienes -y, dicho sea de paso, se revocaba cualquier otro testamento otorgado con anterioridad-.<\/p>\n<p>Y mientras el Tribunal decide sobre la cuesti\u00f3n, la agraciada cu\u00f1ada -presta, veloz y centelleante- acepta la herencia, presenta su autoliquidaci\u00f3n como prescrita pues hab\u00edan pasado m\u00e1s de cuatro a\u00f1os desde el fallecimiento de Don Beneficiario y, m\u00e1s ancha que larga -ya ven cuantas cosas es esta buena se\u00f1ora-, dona acto seguido a sus hijos, Beneficioso y Beneficiando -que ahora s\u00ed hacen honor a su nombre-, todos los bienes heredados, aprovech\u00e1ndose de la reducci\u00f3n de tipos que existe en Madrid para las donaciones de padres a hijos.<\/p>\n<p>El Tribunal resuelve a favor de los sobrinos, ya que la existencia del testamento ol\u00f3grafo a favor de tercero impide que ellos sean sujetos pasivos del impuesto, anulando las liquidaciones. Primeros dos goles por la escuadra a favor de\u00a0 los contribuyentes&#8230;<\/p>\n<p>\u00bfQu\u00e9 hace Hacienda en ese momento? pues, no dando el partido por perdido, <em>saca a jugar <\/em>a la madre, considerando que la nueva liquidaci\u00f3n no est\u00e1 prescrita pues, seg\u00fan su criterio, <em>hasta el rabo todo es toro<\/em>, y hasta la adveraci\u00f3n del testamento ol\u00f3grafo no se produce el inicio del c\u00f3mputo de la misma. Y exige, entre cuota y sanci\u00f3n, m\u00e1s de 500.000 euros, partido que se sigue ante el TSJ de Madrid.<\/p>\n<p>La base de la discusi\u00f3n -el <em>\u00abthema decidendi\u00bb<\/em> que dir\u00eda mi querido y admirado Mundo Zaforteza- es si la adquisici\u00f3n <em>mortis causa<\/em> de bienes y derechos se produce cuando se ordena la protocolizaci\u00f3n del testamento ol\u00f3grafo -que es lo que defiende la Administraci\u00f3n- o, por el contrario, la misma empieza a contar desde el fallecimiento del causante.<\/p>\n<p>El argumento de la Administraci\u00f3n se acomoda -o lo acomodan mejor dicho- a lo dispuesto en el art\u00edculo 69 del Reglamento del Impuesto, que establece que, cuando existan juicios voluntarios de testamentar\u00eda, se interrumpen, a todos los efectos, los plazos para la presentaci\u00f3n de las declaraciones.<\/p>\n<p>Pero es que, frente a ello, la propia norma se\u00f1ala que no se consideran cuestiones litigiosas: ni las diligencias judiciales para la apertura de un testamento o su elevaci\u00f3n a escritura p\u00fablica, ni la formaci\u00f3n de inventario, ni el nombramiento de tutor, ni la declaraci\u00f3n de herederos sin oposici\u00f3n, ni, en general, aquellas actuaciones que no adquieran car\u00e1cter contencioso.<\/p>\n<p>\u00bfY c\u00f3mo se ha pronunciado el TSJ de Madrid ante esta cuesti\u00f3n? pues resuelve se\u00f1alando que la protocolizaci\u00f3n de un testamento ol\u00f3grafo l\u00f3gicamente no implica una cuesti\u00f3n litigiosa ni puede tratarse de un juicio voluntario de testamentar\u00eda, de forma que el plazo para presentar la correspondiente autoliquidaci\u00f3n se inicia a fecha del fallecimiento del causante, habiendo prescrito el derecho de la Administraci\u00f3n en este caso, y procediendo la anulaci\u00f3n de la liquidaci\u00f3n y de la sanci\u00f3n impuesta. Tercer, cuarto gol, y fin del partido&#8230;<\/p>\n<p>S\u00e9 que puedo resultar cansino pero, a riesgo de serlo, y como el Alcoyano nunca cesa en su empe\u00f1o, les recomiendo pelearlo todo, salvo que el partido est\u00e9 perdido, en cuyo caso regalen los sesenta segundos y ret\u00edrense con orgullo a los vestuarios. El futbol, Uds. y yo somos as\u00ed&#8230;<\/p>\n<p>&nbsp;<\/p>\n<h6><a href=\"https:\/\/www.fmsb.eu\/?s=mallorcadiario\"><strong><span style=\"color: #993300;\"><span style=\"color: #4c271e;\">M\u00c1S ART\u00cdCULOS DEL AUTOR EN NUESTRO BLOG<\/span><\/span><\/strong><\/a><\/h6>\n<\/div>\n<hr \/>\n<p>Art\u00edculo original publicado en el diario digital\u00a0<span style=\"color: #993300;\"><a style=\"color: #993300;\" href=\"https:\/\/www.mallorcadiario.com\"><strong>mallorcadiario.com<\/strong><\/a><\/span> .\u00a0\u00a0 L\u00e9elo directamente en <a href=\"https:\/\/www.mallorcadiario.com\"><strong>mallorcadiario.com<\/strong><\/a> a trav\u00e9s de este <span style=\"color: #4c271e;\"><a style=\"color: #4c271e;\" href=\"https:\/\/www.mallorcadiario.com\/hacienda-el-alcoyano-y-el-testamento-olografo-de-don-beneficiante-jorge-sainz-de-baranda\"><strong>enlace<\/strong><\/a><\/span><\/p>\n","protected":false},"excerpt":{"rendered":"<p>&nbsp; mallorcadiario.com\u00a0 Opini\u00f3n DOMINGO 1\u00a0 DE OCTUBRE DE 2023 \u00a0 Hacienda, el Alcoyano, y el testamento ol\u00f3grafo de Don Beneficiante&#8230; Por\u00a0Jorge S\u00e1inz de Baranda M\u00c1S ART\u00cdCULOS DEL AUTOR EN MALLORCADIARIO &nbsp; \u00bfQui\u00e9n no ha dicho alguna vez \u00abtienes m\u00e1s moral que el Alcoyano\u00bb? la famosa expresi\u00f3n podr\u00eda tener su origen en un supuesto partido de [&hellip;]<\/p>\n","protected":false},"author":2,"featured_media":10217,"comment_status":"closed","ping_status":"open","sticky":false,"template":"","format":"standard","meta":{"footnotes":""},"categories":[2198,2199,2309,2310,2805,3169],"tags":[2206,2663,2664,2665,2312,2666,2667,2507,2314,2668,2208,2669,2670,2315,2671,2672,2673,2316,2674,2675,2676,2677,2678,2318,2319,2320,2321,2323,2680,2681,2682,2683,2684,2218,2219,2685,2686,2575,2223,2687,2688,2689,2690,2325,2326,2327,2691,2225,2328,2692,2329,2693,2330,2694,2331,2695,2333,2228,2229,2334,2231,2336,2232,2234,2696,2341,2342,2343,2697,2344,2345,2698,2699,2700,2236,2701,2702,2349,2703,2350,2240,2704,2705,2354,2355,2243,2359,2360,2361,2706,2707,2708,2709,2710,2711,2712,2363,2713,2364,2365],"class_list":["post-11101","post","type-post","status-publish","format-standard","has-post-thumbnail","hentry","category-actualidad-de","category-blog-de","category-derecho-fiscal-de","category-derecho-tributario-de","category-impuestos-de","category-opinion-de","tag-abogados-de","tag-administracion-tributaria-de","tag-administraciones-tributarias-de","tag-aeat-de","tag-agencia-tributaria-de","tag-antifraude-de","tag-aplazamiento-de","tag-articulos-de","tag-asesores-de","tag-atib-de","tag-baleares-de","tag-blanqueo-de","tag-blanqueo-de-capitales-de","tag-bonificacion-de","tag-campana-de-la-renta-de","tag-campana-irpf-de","tag-catastro-de","tag-comunidad-autonoma-de","tag-declaracion-de-inconstitucionalidad-de","tag-declaracion-de-nulidad-de","tag-deflacion-de","tag-deflactacion-de","tag-deflactar-de","tag-derecho-civil-propio-de","tag-derecho-de-la-union-europea-de","tag-derecho-fiscal-de","tag-derecho-tributario-de","tag-derogacion-de","tag-deudas-de","tag-dgt-de","tag-direccion-general-de-tributos-de","tag-direccion-general-del-catastro-de","tag-doble-imposicion-de","tag-economistas-de","tag-el-arenal-de","tag-exencion-por-reinversion-de","tag-extranjeros-de","tag-fallecimiento-de","tag-fmsb-de","tag-fraccionamiento-de","tag-fraude-fiscal-de","tag-galicia-de","tag-gravamen-extraordinario-de","tag-hacienda-de","tag-herencia-de","tag-herencias-de","tag-ibi-de","tag-ibiza-de","tag-illes-balears-de","tag-impuesto-de-solidaridad-a-las-grandes-fortunas-de","tag-impuesto-de-sucesiones-de","tag-impuesto-sobre-la-renta-de","tag-impuestos-de","tag-incremento-del-valor-de-los-terrenos-de-naturaleza-urbana-de","tag-irpf-de","tag-jorge-lorenzo-de","tag-jorge-sainz-de-baranda-de","tag-law-de","tag-lawyers-de","tag-ley-antifraude-de","tag-mallorca-de","tag-mallorcadiario-de","tag-manacor-de","tag-menorca-de","tag-modelo-720-de","tag-mortis-causa-de","tag-obligado-tributario-de","tag-opinion-de","tag-pactos-sucesorioes-de","tag-pactos-sucesorios-de","tag-palma-de","tag-patrimonio-de","tag-plan-anual-de-control-tributario-de","tag-plusvalia-de","tag-port-dandratx-de","tag-prespuestos-generales-del-estado-de","tag-presupuestos-2021-de","tag-prevencion-de","tag-proindiviso-de","tag-propuestas-de","tag-puerto-de-andratx-de","tag-recargo-de","tag-reforma-de","tag-residentes-fiscales-de","tag-resindencia-fiscal-de","tag-solicitors-de","tag-sucesion-de","tag-sucesion-en-vida-de","tag-sucesiones-y-donaciones-de","tag-tasa-amazon-de","tag-teac-de","tag-tear-de","tag-testador-de","tag-tribunal-economico-administrativo-de","tag-tribunal-economico-administrativo-central-de","tag-tribunal-economico-administrativo-regional-de","tag-tributos-de","tag-ue-de","tag-valor-de-referencia-de","tag-valor-de-referencia-catastral-de"],"yoast_head":"<!-- This site is optimized with the Yoast SEO plugin v27.3 - https:\/\/yoast.com\/product\/yoast-seo-wordpress\/ -->\n<title>Hacienda, el Alcoyano, y el testamento ol\u00f3grafo de Don Beneficiante..., por Jorge S\u00e1inz de Baranda - FMSB Abogados y Economistas en Baleares<\/title>\n<meta name=\"description\" content=\"Hacienda, el Alcoyano, y el testamento ol\u00f3grafo de Don Beneficiante..., art\u00edculo de opini\u00f3n del abogado y socio de FMSB Jorge S\u00e1inz de Baranda en Mallorcadiario\" \/>\n<meta name=\"robots\" content=\"index, follow, max-snippet:-1, max-image-preview:large, max-video-preview:-1\" \/>\n<link rel=\"canonical\" href=\"https:\/\/fmsb.eu\/de\/2023\/09\/30\/hacienda-el-alcoyano-testamento-olografo-don-beneficiante\/\" \/>\n<meta property=\"og:locale\" content=\"de_DE\" \/>\n<meta property=\"og:type\" content=\"article\" \/>\n<meta property=\"og:title\" content=\"Hacienda, el Alcoyano, y el testamento ol\u00f3grafo de Don Beneficiante..., por Jorge S\u00e1inz de Baranda - FMSB Abogados y Economistas en Baleares\" \/>\n<meta property=\"og:description\" content=\"Hacienda, el Alcoyano, y el testamento ol\u00f3grafo de Don Beneficiante..., art\u00edculo de opini\u00f3n del abogado y socio de FMSB Jorge S\u00e1inz de Baranda en Mallorcadiario\" \/>\n<meta property=\"og:url\" content=\"https:\/\/fmsb.eu\/de\/2023\/09\/30\/hacienda-el-alcoyano-testamento-olografo-don-beneficiante\/\" \/>\n<meta property=\"og:site_name\" content=\"FMSB Abogados y Economistas en Baleares\" \/>\n<meta property=\"article:published_time\" content=\"2023-09-30T18:07:13+00:00\" \/>\n<meta property=\"og:image\" content=\"https:\/\/fmsb.eu\/wp-content\/uploads\/2023\/09\/FMSB-Abogados-Jorge-Sainz-de-Baranda-Mallorcadiario-Hacienda-Testamento-Olografro-Don-Beneficiante-.jpg\" \/>\n\t<meta property=\"og:image:width\" content=\"1600\" \/>\n\t<meta property=\"og:image:height\" content=\"1299\" \/>\n\t<meta property=\"og:image:type\" content=\"image\/jpeg\" \/>\n<meta name=\"author\" content=\"fmsb\" \/>\n<meta name=\"twitter:card\" content=\"summary_large_image\" \/>\n<meta name=\"twitter:creator\" content=\"@fmsb-disstint\" \/>\n<meta name=\"twitter:label1\" content=\"Verfasst von\" \/>\n\t<meta name=\"twitter:data1\" content=\"fmsb\" \/>\n\t<meta name=\"twitter:label2\" content=\"Gesch\u00e4tzte Lesezeit\" \/>\n\t<meta name=\"twitter:data2\" content=\"5\u00a0Minuten\" \/>\n<script type=\"application\/ld+json\" class=\"yoast-schema-graph\">{\"@context\":\"https:\\\/\\\/schema.org\",\"@graph\":[{\"@type\":\"Article\",\"@id\":\"https:\\\/\\\/fmsb.eu\\\/de\\\/2023\\\/09\\\/30\\\/hacienda-el-alcoyano-testamento-olografo-don-beneficiante\\\/#article\",\"isPartOf\":{\"@id\":\"https:\\\/\\\/fmsb.eu\\\/de\\\/2023\\\/09\\\/30\\\/hacienda-el-alcoyano-testamento-olografo-don-beneficiante\\\/\"},\"author\":{\"name\":\"fmsb\",\"@id\":\"https:\\\/\\\/fmsb.eu\\\/de\\\/#\\\/schema\\\/person\\\/9fba7c70814b0cd34d35d655d36a4ca2\"},\"headline\":\"Hacienda, el Alcoyano, y el testamento ol\u00f3grafo de Don Beneficiante&#8230;, por Jorge S\u00e1inz de Baranda\",\"datePublished\":\"2023-09-30T18:07:13+00:00\",\"mainEntityOfPage\":{\"@id\":\"https:\\\/\\\/fmsb.eu\\\/de\\\/2023\\\/09\\\/30\\\/hacienda-el-alcoyano-testamento-olografo-don-beneficiante\\\/\"},\"wordCount\":983,\"publisher\":{\"@id\":\"https:\\\/\\\/fmsb.eu\\\/de\\\/#organization\"},\"image\":{\"@id\":\"https:\\\/\\\/fmsb.eu\\\/de\\\/2023\\\/09\\\/30\\\/hacienda-el-alcoyano-testamento-olografo-don-beneficiante\\\/#primaryimage\"},\"thumbnailUrl\":\"https:\\\/\\\/fmsb.eu\\\/wp-content\\\/uploads\\\/2023\\\/09\\\/FMSB-Abogados-Jorge-Sainz-de-Baranda-Mallorcadiario-Hacienda-Testamento-Olografro-Don-Beneficiante-.jpg\",\"keywords\":[\"abogados\",\"administraci\u00f3n tributaria\",\"administraciones tributarias\",\"aeat\",\"agencia tributaria\",\"antifraude\",\"aplazamiento\",\"articulos\",\"asesores\",\"ATIB\",\"baleares\",\"blanqueo\",\"blanqueo de capitales\",\"bonificaci\u00f3n\",\"campa\u00f1a de la renta\",\"campa\u00f1a irpf\",\"catastro\",\"comunidad aut\u00f3noma\",\"declaraci\u00f3n de inconstitucionalidad\",\"declaraci\u00f3n de nulidad\",\"deflaci\u00f3n\",\"deflactaci\u00f3n\",\"deflactar\",\"derecho civil propio\",\"derecho de la uni\u00f3n europea\",\"derecho fiscal\",\"derecho tributario\",\"derogaci\u00f3n\",\"deudas\",\"dgt\",\"direcci\u00f3n general de tributos\",\"direcci\u00f3n general del catastro\",\"doble imposici\u00f3n\",\"economistas\",\"el arenal\",\"exenci\u00f3n por reinversi\u00f3n\",\"extranjeros\",\"fallecimiento\",\"fmsb\",\"fraccionamiento\",\"fraude fiscal\",\"Galicia\",\"gravamen extraordinario\",\"Hacienda\",\"herencia\",\"herencias\",\"ibi\",\"ibiza\",\"illes balears\",\"impuesto de solidaridad a las grandes fortunas\",\"impuesto de sucesiones\",\"impuesto sobre la renta\",\"impuestos\",\"incremento del valor de los terrenos de naturaleza urbana\",\"IRPF\",\"jorge lorenzo\",\"jorge sainz de baranda\",\"law\",\"lawyers\",\"ley antifraude\",\"mallorca\",\"mallorcadiario\",\"Manacor\",\"menorca\",\"modelo 720\",\"mortis causa\",\"obligado tributario\",\"opinion\",\"pactos sucesorioes\",\"pactos sucesorios\",\"Palma\",\"patrimonio\",\"plan anual de control tributario\",\"plusval\u00eda\",\"port d&#8217;andratx\",\"prespuestos generales del estado\",\"presupuestos 2021\",\"prevenci\u00f3n\",\"proindiviso\",\"propuestas\",\"puerto de andratx\",\"recargo\",\"reforma\",\"residentes fiscales\",\"resindencia fiscal\",\"solicitors\",\"sucesi\u00f3n\",\"sucesi\u00f3n en vida\",\"sucesiones y donaciones\",\"tasa amazon\",\"TEAC\",\"TEAR\",\"testador\",\"Tribunal Econ\u00f3mico Administrativo\",\"Tribunal Econ\u00f3mico Administrativo Central\",\"Tribunal Econ\u00f3mico Administrativo Regional\",\"tributos\",\"ue\",\"valor de referencia\",\"valor de referencia catastral\"],\"articleSection\":[\"actualidad\",\"blog\",\"Derecho Fiscal\",\"Derecho Tributario\",\"impuestos\",\"Opini\u00f3n\"],\"inLanguage\":\"de\"},{\"@type\":\"WebPage\",\"@id\":\"https:\\\/\\\/fmsb.eu\\\/de\\\/2023\\\/09\\\/30\\\/hacienda-el-alcoyano-testamento-olografo-don-beneficiante\\\/\",\"url\":\"https:\\\/\\\/fmsb.eu\\\/de\\\/2023\\\/09\\\/30\\\/hacienda-el-alcoyano-testamento-olografo-don-beneficiante\\\/\",\"name\":\"Hacienda, el Alcoyano, y el testamento ol\u00f3grafo de Don Beneficiante..., por Jorge S\u00e1inz de Baranda - FMSB Abogados y Economistas en Baleares\",\"isPartOf\":{\"@id\":\"https:\\\/\\\/fmsb.eu\\\/de\\\/#website\"},\"primaryImageOfPage\":{\"@id\":\"https:\\\/\\\/fmsb.eu\\\/de\\\/2023\\\/09\\\/30\\\/hacienda-el-alcoyano-testamento-olografo-don-beneficiante\\\/#primaryimage\"},\"image\":{\"@id\":\"https:\\\/\\\/fmsb.eu\\\/de\\\/2023\\\/09\\\/30\\\/hacienda-el-alcoyano-testamento-olografo-don-beneficiante\\\/#primaryimage\"},\"thumbnailUrl\":\"https:\\\/\\\/fmsb.eu\\\/wp-content\\\/uploads\\\/2023\\\/09\\\/FMSB-Abogados-Jorge-Sainz-de-Baranda-Mallorcadiario-Hacienda-Testamento-Olografro-Don-Beneficiante-.jpg\",\"datePublished\":\"2023-09-30T18:07:13+00:00\",\"description\":\"Hacienda, el Alcoyano, y el testamento ol\u00f3grafo de Don Beneficiante..., art\u00edculo de opini\u00f3n del abogado y socio de FMSB Jorge S\u00e1inz de Baranda en Mallorcadiario\",\"breadcrumb\":{\"@id\":\"https:\\\/\\\/fmsb.eu\\\/de\\\/2023\\\/09\\\/30\\\/hacienda-el-alcoyano-testamento-olografo-don-beneficiante\\\/#breadcrumb\"},\"inLanguage\":\"de\",\"potentialAction\":[{\"@type\":\"ReadAction\",\"target\":[\"https:\\\/\\\/fmsb.eu\\\/de\\\/2023\\\/09\\\/30\\\/hacienda-el-alcoyano-testamento-olografo-don-beneficiante\\\/\"]}]},{\"@type\":\"ImageObject\",\"inLanguage\":\"de\",\"@id\":\"https:\\\/\\\/fmsb.eu\\\/de\\\/2023\\\/09\\\/30\\\/hacienda-el-alcoyano-testamento-olografo-don-beneficiante\\\/#primaryimage\",\"url\":\"https:\\\/\\\/fmsb.eu\\\/wp-content\\\/uploads\\\/2023\\\/09\\\/FMSB-Abogados-Jorge-Sainz-de-Baranda-Mallorcadiario-Hacienda-Testamento-Olografro-Don-Beneficiante-.jpg\",\"contentUrl\":\"https:\\\/\\\/fmsb.eu\\\/wp-content\\\/uploads\\\/2023\\\/09\\\/FMSB-Abogados-Jorge-Sainz-de-Baranda-Mallorcadiario-Hacienda-Testamento-Olografro-Don-Beneficiante-.jpg\",\"width\":1600,\"height\":1299},{\"@type\":\"BreadcrumbList\",\"@id\":\"https:\\\/\\\/fmsb.eu\\\/de\\\/2023\\\/09\\\/30\\\/hacienda-el-alcoyano-testamento-olografo-don-beneficiante\\\/#breadcrumb\",\"itemListElement\":[{\"@type\":\"ListItem\",\"position\":1,\"name\":\"Portada\",\"item\":\"https:\\\/\\\/fmsb.eu\\\/de\\\/\"},{\"@type\":\"ListItem\",\"position\":2,\"name\":\"Hacienda, el Alcoyano, y el testamento ol\u00f3grafo de Don Beneficiante&#8230;, por Jorge S\u00e1inz de Baranda\"}]},{\"@type\":\"WebSite\",\"@id\":\"https:\\\/\\\/fmsb.eu\\\/de\\\/#website\",\"url\":\"https:\\\/\\\/fmsb.eu\\\/de\\\/\",\"name\":\"FMSB Abogados y Economistas en Baleares\",\"description\":\"\",\"publisher\":{\"@id\":\"https:\\\/\\\/fmsb.eu\\\/de\\\/#organization\"},\"potentialAction\":[{\"@type\":\"SearchAction\",\"target\":{\"@type\":\"EntryPoint\",\"urlTemplate\":\"https:\\\/\\\/fmsb.eu\\\/de\\\/?s={search_term_string}\"},\"query-input\":{\"@type\":\"PropertyValueSpecification\",\"valueRequired\":true,\"valueName\":\"search_term_string\"}}],\"inLanguage\":\"de\"},{\"@type\":\"Organization\",\"@id\":\"https:\\\/\\\/fmsb.eu\\\/de\\\/#organization\",\"name\":\"FMSB Abogados y Economistas en Baleares\",\"url\":\"https:\\\/\\\/fmsb.eu\\\/de\\\/\",\"logo\":{\"@type\":\"ImageObject\",\"inLanguage\":\"de\",\"@id\":\"https:\\\/\\\/fmsb.eu\\\/de\\\/#\\\/schema\\\/logo\\\/image\\\/\",\"url\":\"https:\\\/\\\/fmsb.eu\\\/wp-content\\\/uploads\\\/2025\\\/02\\\/logo.svg\",\"contentUrl\":\"https:\\\/\\\/fmsb.eu\\\/wp-content\\\/uploads\\\/2025\\\/02\\\/logo.svg\",\"width\":154,\"height\":52,\"caption\":\"FMSB Abogados y Economistas en Baleares\"},\"image\":{\"@id\":\"https:\\\/\\\/fmsb.eu\\\/de\\\/#\\\/schema\\\/logo\\\/image\\\/\"}},{\"@type\":\"Person\",\"@id\":\"https:\\\/\\\/fmsb.eu\\\/de\\\/#\\\/schema\\\/person\\\/9fba7c70814b0cd34d35d655d36a4ca2\",\"name\":\"fmsb\",\"image\":{\"@type\":\"ImageObject\",\"inLanguage\":\"de\",\"@id\":\"https:\\\/\\\/secure.gravatar.com\\\/avatar\\\/426f4d5b0ebcace85460caf87cdaaa193694b611e990615d87a13f322fb7ee7f?s=96&d=mm&r=g\",\"url\":\"https:\\\/\\\/secure.gravatar.com\\\/avatar\\\/426f4d5b0ebcace85460caf87cdaaa193694b611e990615d87a13f322fb7ee7f?s=96&d=mm&r=g\",\"contentUrl\":\"https:\\\/\\\/secure.gravatar.com\\\/avatar\\\/426f4d5b0ebcace85460caf87cdaaa193694b611e990615d87a13f322fb7ee7f?s=96&d=mm&r=g\",\"caption\":\"fmsb\"},\"sameAs\":[\"https:\\\/\\\/x.com\\\/fmsb-disstint\"],\"url\":\"https:\\\/\\\/fmsb.eu\\\/de\\\/author\\\/fmsb\\\/\"}]}<\/script>\n<!-- \/ Yoast SEO plugin. -->","yoast_head_json":{"title":"Hacienda, el Alcoyano, y el testamento ol\u00f3grafo de Don Beneficiante..., por Jorge S\u00e1inz de Baranda - FMSB Abogados y Economistas en Baleares","description":"Hacienda, el Alcoyano, y el testamento ol\u00f3grafo de Don Beneficiante..., art\u00edculo de opini\u00f3n del abogado y socio de FMSB Jorge S\u00e1inz de Baranda en Mallorcadiario","robots":{"index":"index","follow":"follow","max-snippet":"max-snippet:-1","max-image-preview":"max-image-preview:large","max-video-preview":"max-video-preview:-1"},"canonical":"https:\/\/fmsb.eu\/de\/2023\/09\/30\/hacienda-el-alcoyano-testamento-olografo-don-beneficiante\/","og_locale":"de_DE","og_type":"article","og_title":"Hacienda, el Alcoyano, y el testamento ol\u00f3grafo de Don Beneficiante..., por Jorge S\u00e1inz de Baranda - FMSB Abogados y Economistas en Baleares","og_description":"Hacienda, el Alcoyano, y el testamento ol\u00f3grafo de Don Beneficiante..., art\u00edculo de opini\u00f3n del abogado y socio de FMSB Jorge S\u00e1inz de Baranda en Mallorcadiario","og_url":"https:\/\/fmsb.eu\/de\/2023\/09\/30\/hacienda-el-alcoyano-testamento-olografo-don-beneficiante\/","og_site_name":"FMSB Abogados y Economistas en Baleares","article_published_time":"2023-09-30T18:07:13+00:00","og_image":[{"width":1600,"height":1299,"url":"https:\/\/fmsb.eu\/wp-content\/uploads\/2023\/09\/FMSB-Abogados-Jorge-Sainz-de-Baranda-Mallorcadiario-Hacienda-Testamento-Olografro-Don-Beneficiante-.jpg","type":"image\/jpeg"}],"author":"fmsb","twitter_card":"summary_large_image","twitter_creator":"@fmsb-disstint","twitter_misc":{"Verfasst von":"fmsb","Gesch\u00e4tzte Lesezeit":"5\u00a0Minuten"},"schema":{"@context":"https:\/\/schema.org","@graph":[{"@type":"Article","@id":"https:\/\/fmsb.eu\/de\/2023\/09\/30\/hacienda-el-alcoyano-testamento-olografo-don-beneficiante\/#article","isPartOf":{"@id":"https:\/\/fmsb.eu\/de\/2023\/09\/30\/hacienda-el-alcoyano-testamento-olografo-don-beneficiante\/"},"author":{"name":"fmsb","@id":"https:\/\/fmsb.eu\/de\/#\/schema\/person\/9fba7c70814b0cd34d35d655d36a4ca2"},"headline":"Hacienda, el Alcoyano, y el testamento ol\u00f3grafo de Don Beneficiante&#8230;, por Jorge S\u00e1inz de Baranda","datePublished":"2023-09-30T18:07:13+00:00","mainEntityOfPage":{"@id":"https:\/\/fmsb.eu\/de\/2023\/09\/30\/hacienda-el-alcoyano-testamento-olografo-don-beneficiante\/"},"wordCount":983,"publisher":{"@id":"https:\/\/fmsb.eu\/de\/#organization"},"image":{"@id":"https:\/\/fmsb.eu\/de\/2023\/09\/30\/hacienda-el-alcoyano-testamento-olografo-don-beneficiante\/#primaryimage"},"thumbnailUrl":"https:\/\/fmsb.eu\/wp-content\/uploads\/2023\/09\/FMSB-Abogados-Jorge-Sainz-de-Baranda-Mallorcadiario-Hacienda-Testamento-Olografro-Don-Beneficiante-.jpg","keywords":["abogados","administraci\u00f3n tributaria","administraciones tributarias","aeat","agencia tributaria","antifraude","aplazamiento","articulos","asesores","ATIB","baleares","blanqueo","blanqueo de capitales","bonificaci\u00f3n","campa\u00f1a de la renta","campa\u00f1a irpf","catastro","comunidad aut\u00f3noma","declaraci\u00f3n de inconstitucionalidad","declaraci\u00f3n de nulidad","deflaci\u00f3n","deflactaci\u00f3n","deflactar","derecho civil propio","derecho de la uni\u00f3n europea","derecho fiscal","derecho tributario","derogaci\u00f3n","deudas","dgt","direcci\u00f3n general de tributos","direcci\u00f3n general del catastro","doble imposici\u00f3n","economistas","el arenal","exenci\u00f3n por reinversi\u00f3n","extranjeros","fallecimiento","fmsb","fraccionamiento","fraude fiscal","Galicia","gravamen extraordinario","Hacienda","herencia","herencias","ibi","ibiza","illes balears","impuesto de solidaridad a las grandes fortunas","impuesto de sucesiones","impuesto sobre la renta","impuestos","incremento del valor de los terrenos de naturaleza urbana","IRPF","jorge lorenzo","jorge sainz de baranda","law","lawyers","ley antifraude","mallorca","mallorcadiario","Manacor","menorca","modelo 720","mortis causa","obligado tributario","opinion","pactos sucesorioes","pactos sucesorios","Palma","patrimonio","plan anual de control tributario","plusval\u00eda","port d&#8217;andratx","prespuestos generales del estado","presupuestos 2021","prevenci\u00f3n","proindiviso","propuestas","puerto de andratx","recargo","reforma","residentes fiscales","resindencia fiscal","solicitors","sucesi\u00f3n","sucesi\u00f3n en vida","sucesiones y donaciones","tasa amazon","TEAC","TEAR","testador","Tribunal Econ\u00f3mico Administrativo","Tribunal Econ\u00f3mico Administrativo Central","Tribunal Econ\u00f3mico Administrativo Regional","tributos","ue","valor de referencia","valor de referencia catastral"],"articleSection":["actualidad","blog","Derecho Fiscal","Derecho Tributario","impuestos","Opini\u00f3n"],"inLanguage":"de"},{"@type":"WebPage","@id":"https:\/\/fmsb.eu\/de\/2023\/09\/30\/hacienda-el-alcoyano-testamento-olografo-don-beneficiante\/","url":"https:\/\/fmsb.eu\/de\/2023\/09\/30\/hacienda-el-alcoyano-testamento-olografo-don-beneficiante\/","name":"Hacienda, el Alcoyano, y el testamento ol\u00f3grafo de Don Beneficiante..., por Jorge S\u00e1inz de Baranda - FMSB Abogados y Economistas en Baleares","isPartOf":{"@id":"https:\/\/fmsb.eu\/de\/#website"},"primaryImageOfPage":{"@id":"https:\/\/fmsb.eu\/de\/2023\/09\/30\/hacienda-el-alcoyano-testamento-olografo-don-beneficiante\/#primaryimage"},"image":{"@id":"https:\/\/fmsb.eu\/de\/2023\/09\/30\/hacienda-el-alcoyano-testamento-olografo-don-beneficiante\/#primaryimage"},"thumbnailUrl":"https:\/\/fmsb.eu\/wp-content\/uploads\/2023\/09\/FMSB-Abogados-Jorge-Sainz-de-Baranda-Mallorcadiario-Hacienda-Testamento-Olografro-Don-Beneficiante-.jpg","datePublished":"2023-09-30T18:07:13+00:00","description":"Hacienda, el Alcoyano, y el testamento ol\u00f3grafo de Don Beneficiante..., art\u00edculo de opini\u00f3n del abogado y socio de FMSB Jorge S\u00e1inz de Baranda en Mallorcadiario","breadcrumb":{"@id":"https:\/\/fmsb.eu\/de\/2023\/09\/30\/hacienda-el-alcoyano-testamento-olografo-don-beneficiante\/#breadcrumb"},"inLanguage":"de","potentialAction":[{"@type":"ReadAction","target":["https:\/\/fmsb.eu\/de\/2023\/09\/30\/hacienda-el-alcoyano-testamento-olografo-don-beneficiante\/"]}]},{"@type":"ImageObject","inLanguage":"de","@id":"https:\/\/fmsb.eu\/de\/2023\/09\/30\/hacienda-el-alcoyano-testamento-olografo-don-beneficiante\/#primaryimage","url":"https:\/\/fmsb.eu\/wp-content\/uploads\/2023\/09\/FMSB-Abogados-Jorge-Sainz-de-Baranda-Mallorcadiario-Hacienda-Testamento-Olografro-Don-Beneficiante-.jpg","contentUrl":"https:\/\/fmsb.eu\/wp-content\/uploads\/2023\/09\/FMSB-Abogados-Jorge-Sainz-de-Baranda-Mallorcadiario-Hacienda-Testamento-Olografro-Don-Beneficiante-.jpg","width":1600,"height":1299},{"@type":"BreadcrumbList","@id":"https:\/\/fmsb.eu\/de\/2023\/09\/30\/hacienda-el-alcoyano-testamento-olografo-don-beneficiante\/#breadcrumb","itemListElement":[{"@type":"ListItem","position":1,"name":"Portada","item":"https:\/\/fmsb.eu\/de\/"},{"@type":"ListItem","position":2,"name":"Hacienda, el Alcoyano, y el testamento ol\u00f3grafo de Don Beneficiante&#8230;, por Jorge S\u00e1inz de Baranda"}]},{"@type":"WebSite","@id":"https:\/\/fmsb.eu\/de\/#website","url":"https:\/\/fmsb.eu\/de\/","name":"FMSB Abogados y Economistas en Baleares","description":"","publisher":{"@id":"https:\/\/fmsb.eu\/de\/#organization"},"potentialAction":[{"@type":"SearchAction","target":{"@type":"EntryPoint","urlTemplate":"https:\/\/fmsb.eu\/de\/?s={search_term_string}"},"query-input":{"@type":"PropertyValueSpecification","valueRequired":true,"valueName":"search_term_string"}}],"inLanguage":"de"},{"@type":"Organization","@id":"https:\/\/fmsb.eu\/de\/#organization","name":"FMSB Abogados y Economistas en Baleares","url":"https:\/\/fmsb.eu\/de\/","logo":{"@type":"ImageObject","inLanguage":"de","@id":"https:\/\/fmsb.eu\/de\/#\/schema\/logo\/image\/","url":"https:\/\/fmsb.eu\/wp-content\/uploads\/2025\/02\/logo.svg","contentUrl":"https:\/\/fmsb.eu\/wp-content\/uploads\/2025\/02\/logo.svg","width":154,"height":52,"caption":"FMSB Abogados y Economistas en Baleares"},"image":{"@id":"https:\/\/fmsb.eu\/de\/#\/schema\/logo\/image\/"}},{"@type":"Person","@id":"https:\/\/fmsb.eu\/de\/#\/schema\/person\/9fba7c70814b0cd34d35d655d36a4ca2","name":"fmsb","image":{"@type":"ImageObject","inLanguage":"de","@id":"https:\/\/secure.gravatar.com\/avatar\/426f4d5b0ebcace85460caf87cdaaa193694b611e990615d87a13f322fb7ee7f?s=96&d=mm&r=g","url":"https:\/\/secure.gravatar.com\/avatar\/426f4d5b0ebcace85460caf87cdaaa193694b611e990615d87a13f322fb7ee7f?s=96&d=mm&r=g","contentUrl":"https:\/\/secure.gravatar.com\/avatar\/426f4d5b0ebcace85460caf87cdaaa193694b611e990615d87a13f322fb7ee7f?s=96&d=mm&r=g","caption":"fmsb"},"sameAs":["https:\/\/x.com\/fmsb-disstint"],"url":"https:\/\/fmsb.eu\/de\/author\/fmsb\/"}]}},"_links":{"self":[{"href":"https:\/\/fmsb.eu\/de\/wp-json\/wp\/v2\/posts\/11101","targetHints":{"allow":["GET"]}}],"collection":[{"href":"https:\/\/fmsb.eu\/de\/wp-json\/wp\/v2\/posts"}],"about":[{"href":"https:\/\/fmsb.eu\/de\/wp-json\/wp\/v2\/types\/post"}],"author":[{"embeddable":true,"href":"https:\/\/fmsb.eu\/de\/wp-json\/wp\/v2\/users\/2"}],"replies":[{"embeddable":true,"href":"https:\/\/fmsb.eu\/de\/wp-json\/wp\/v2\/comments?post=11101"}],"version-history":[{"count":0,"href":"https:\/\/fmsb.eu\/de\/wp-json\/wp\/v2\/posts\/11101\/revisions"}],"wp:featuredmedia":[{"embeddable":true,"href":"https:\/\/fmsb.eu\/de\/wp-json\/wp\/v2\/media\/10217"}],"wp:attachment":[{"href":"https:\/\/fmsb.eu\/de\/wp-json\/wp\/v2\/media?parent=11101"}],"wp:term":[{"taxonomy":"category","embeddable":true,"href":"https:\/\/fmsb.eu\/de\/wp-json\/wp\/v2\/categories?post=11101"},{"taxonomy":"post_tag","embeddable":true,"href":"https:\/\/fmsb.eu\/de\/wp-json\/wp\/v2\/tags?post=11101"}],"curies":[{"name":"wp","href":"https:\/\/api.w.org\/{rel}","templated":true}]}}