{"id":11115,"date":"2023-08-31T13:04:51","date_gmt":"2023-08-31T11:04:51","guid":{"rendered":"http:\/\/fmsb.disstintbeta.com\/2023\/08\/31\/el-teac-unifica-criterio-y-permite-deducir-el-iva-de-suministros-de-un-inmueble-parcialmente-afecto-a-la-actividad\/"},"modified":"2023-08-31T13:04:51","modified_gmt":"2023-08-31T11:04:51","slug":"el-teac-unifica-criterio-y-permite-deducir-el-iva-de-suministros-de-un-inmueble-parcialmente-afecto-a-la-actividad","status":"publish","type":"post","link":"https:\/\/fmsb.eu\/de\/2023\/08\/31\/el-teac-unifica-criterio-y-permite-deducir-el-iva-de-suministros-de-un-inmueble-parcialmente-afecto-a-la-actividad\/","title":{"rendered":"El TEAC unifica criterio y permite deducir el IVA de suministros de un inmueble parcialmente afecto a la actividad"},"content":{"rendered":"<h1><a href=\"http:\/\/fmsb.disstintbeta.com\/wp-content\/uploads\/2023\/08\/FMSB-TEAC-unifica-criterio-permite-deduccion-iva-suministros-inmueble-afecto.jpg\"><img fetchpriority=\"high\" decoding=\"async\" class=\"alignnone wp-image-7194\" src=\"http:\/\/fmsb.disstintbeta.com\/wp-content\/uploads\/2023\/08\/FMSB-TEAC-unifica-criterio-permite-deduccion-iva-suministros-inmueble-afecto.jpg\" alt=\"\" width=\"800\" height=\"800\" srcset=\"https:\/\/font-mora-sainz-baranda.fra1.digitaloceanspaces.com\/wp-content\/uploads\/2023\/08\/FMSB-TEAC-unifica-criterio-permite-deduccion-iva-suministros-inmueble-afecto.jpg 2000w, https:\/\/font-mora-sainz-baranda.fra1.digitaloceanspaces.com\/wp-content\/uploads\/2023\/08\/FMSB-TEAC-unifica-criterio-permite-deduccion-iva-suministros-inmueble-afecto-300x300.jpg 300w, https:\/\/font-mora-sainz-baranda.fra1.digitaloceanspaces.com\/wp-content\/uploads\/2023\/08\/FMSB-TEAC-unifica-criterio-permite-deduccion-iva-suministros-inmueble-afecto-1024x1024.jpg 1024w, https:\/\/font-mora-sainz-baranda.fra1.digitaloceanspaces.com\/wp-content\/uploads\/2023\/08\/FMSB-TEAC-unifica-criterio-permite-deduccion-iva-suministros-inmueble-afecto-150x150.jpg 150w, https:\/\/font-mora-sainz-baranda.fra1.digitaloceanspaces.com\/wp-content\/uploads\/2023\/08\/FMSB-TEAC-unifica-criterio-permite-deduccion-iva-suministros-inmueble-afecto-768x768.jpg 768w, https:\/\/font-mora-sainz-baranda.fra1.digitaloceanspaces.com\/wp-content\/uploads\/2023\/08\/FMSB-TEAC-unifica-criterio-permite-deduccion-iva-suministros-inmueble-afecto-1536x1536.jpg 1536w\" sizes=\"(max-width: 800px) 100vw, 800px\" \/><\/a><\/h1>\n<h1><span style=\"color: #993300;\"><strong>El TEAC unifica criterio y permite deducir en proporci\u00f3n el IVA de los <span style=\"color: #993300;\">suministros<\/span> abonados de un inmueble parcialmente afecto a la actividad<\/strong><\/span><\/h1>\n<p>El Tribunal Econ\u00f3mico-Administrativo Central (TEAC), resolviendo un recurso extraordinario de alzada para la unificaci\u00f3n de criterio, ha establecido como pauta general en su <a href=\"http:\/\/fmsb.disstintbeta.com\/wp-content\/uploads\/2023\/08\/DYCTEAC.pdf\"><strong><span style=\"color: #993300;\">resoluci\u00f3n 6654\/2022, de 19 de julio de 2023<\/span><\/strong><\/a> (a la que puedes tener acceso en formato pdf haciendo clic <a href=\"http:\/\/fmsb.disstintbeta.com\/wp-content\/uploads\/2023\/08\/DYCTEAC.pdf\"><span style=\"color: #993300;\"><strong>aqu\u00ed<\/strong><\/span><\/a>), <strong>que sean deducibles las cuotas de IVA soportadas en el pago de suministros (agua, electricidad, gas) de un inmueble parcialmente afecto a la actividad econ\u00f3mica, en proporci\u00f3n a su uso en la actividad<\/strong>.<\/p>\n<h2><span style=\"color: #993300;\"><strong>\u00bfTienes cualquier duda en el \u00e1mbito tributario? En FMSB podemos ayudarte<\/strong><\/span><\/h2>\n<p>Recuerda que en <span style=\"color: #993300;\"><a style=\"color: #993300;\" href=\"http:\/\/www.fmsb.eu\/\"><strong>Font Mora Sainz de Baranda<\/strong>\u00a0\u2013<em>abogados y economistas<\/em>\u2013<\/a>\u00a0<\/span>somos expertos en Derecho\u00a0<a href=\"https:\/\/www.fmsb.eu\/?s=fiscal\">fiscal<\/a> y <a href=\"https:\/\/www.fmsb.eu\/?s=tributario\">tributario<\/a> y podemos ofrecerte asesoramiento personalizado para tu concreto caso. Adem\u00e1s, si es preciso, te ayudaremos a proteger tus derechos en caso de que precises defender tus intereses frente a Hacienda, cualquier \u00f3rgano de la administraci\u00f3n tributaria, as\u00ed como en los tribunales.<\/p>\n<p>Adem\u00e1s, si te interesa este tema, puedes leer otras entradas de nuestro blog realizando una b\u00fasqueda por palabras clave en la ventana correspondiente o leer a continuaci\u00f3n la rese\u00f1a realizada por <span style=\"color: #993300;\"><strong><span style=\"color: #993300;\"><a style=\"color: #993300;\" href=\"https:\/\/www.iberley.es\/noticias\/teac-deduccion-proporcional-iva-los-suministros-un-inmueble-parcialmente-afecto-actividad-32727\">Iberley<\/a><\/span>:<\/strong><\/span><\/p>\n<hr \/>\n<h1 id=\"title\" class=\"q-my-md text-bold item-detail-title\" data-v-74feb61d=\"\"><span style=\"color: #000000;\"><a style=\"color: #000000;\" href=\"https:\/\/www.iberley.es\/noticias\/teac-deduccion-proporcional-iva-los-suministros-un-inmueble-parcialmente-afecto-actividad-32727\"><strong>TEAC: cabe la deducci\u00f3n proporcional del IVA de los suministros de un inmueble parcialmente afecto a la actividad<\/strong><\/a><\/span><\/h1>\n<h1 class=\"q-my-md text-bold item-detail-title\" data-v-74feb61d=\"\"><span style=\"color: #000000;\">El Tribunal Econ\u00f3mico-Administrativo Central unifica criterio permitiendo la deducci\u00f3n de las cuotas de\u00a0IVA\u00a0soportadas por los suministros (agua, luz, gas) de un inmueble parcialmente afecto a la actividad, en proporci\u00f3n a su uso en la actividad<\/span><\/h1>\n<p><span style=\"color: #000000;\"><strong>FUENTE \/ AUTOR: Iberley<\/strong><\/span><\/p>\n<p><span style=\"color: #000000;\">El Tribunal Econ\u00f3mico-Administrativo Central (TEAC), resolviendo un recurso extraordinario de alzada para unificaci\u00f3n de criterio, ha unificado criterio sobre esta cuesti\u00f3n en su\u00a0<strong>resoluci\u00f3n n.\u00ba 6654\/2022, de 19 de julio de 2023<\/strong>, sentando lo siguiente:<\/span><\/p>\n<p><span style=\"color: #000000;\"><em>\u00abDe conformidad con lo dispuesto en el apartado cuarto del art\u00edculo 95 de la\u00a0<a style=\"color: #000000;\" href=\"https:\/\/www.iberley.es\/legislacion\/ley-37-1992-28-diciembre-impuesto-sobre-valor-anadido-1298236\">LIVA<\/a>, interpretado a la luz de los art\u00edculos 168 y 168 bis de la\u00a0<a style=\"color: #000000;\" href=\"https:\/\/www.iberley.es\/legislacion\/directiva-2006-112-ce-28-nov-doue-sistema-comun-iva-12250060\">Directiva 2006\/112\/CE del Consejo, de 28 de noviembre de 2006<\/a>\u00a0(Directiva\u00a0<a style=\"color: #000000;\" href=\"https:\/\/www.iberley.es\/legislacion\/ley-37-1992-28-diciembre-impuesto-sobre-valor-anadido-1298236\">IVA<\/a>),\u00a0<strong>cabe la deducci\u00f3n por el sujeto pasivo de las cuotas de\u00a0<a style=\"color: #000000;\" href=\"https:\/\/www.iberley.es\/legislacion\/ley-37-1992-28-diciembre-impuesto-sobre-valor-anadido-1298236\">IVA<\/a>\u00a0soportadas por los gastos de suministros (agua, luz, gas) a bienes inmuebles que formando parte del patrimonio de la empresa se utilicen tanto en las actividades empresariales como para uso privado<\/strong>. La deducci\u00f3n de dichas cuotas deber\u00e1 efectuarse de manera<strong>\u00a0proporcional a su utilizaci\u00f3n a efectos de las actividades de la empresa<\/strong>\u00bb.<\/em><\/span><\/p>\n<p><span style=\"color: #000000;\">Considera este \u00f3rgano que,\u00a0<strong>en una primera aproximaci\u00f3n, lo cierto es que el art\u00edculo 95 de la\u00a0<a style=\"color: #000000;\" href=\"https:\/\/www.iberley.es\/legislacion\/ley-37-1992-28-diciembre-impuesto-sobre-valor-anadido-1298236\">LIVA<\/a>\u00a0parece excluir de la deducci\u00f3n las cuotas de\u00a0<a style=\"color: #000000;\" href=\"https:\/\/www.iberley.es\/legislacion\/ley-37-1992-28-diciembre-impuesto-sobre-valor-anadido-1298236\">IVA<\/a>\u00a0soportadas por bienes y servicios corrientes (no de inversi\u00f3n) no afectados de forma directa y exclusiva a la actividad empresarial o profesional<\/strong>. En particular, de hecho, en un caso como el examinado en dicho recurso, de suministros proporcionados a un inmueble destinado simult\u00e1neamente para actividades empresariales o profesionales (domicilio fiscal de la empresa) y para necesidades privadas (vivienda de la socia y su marido).<\/span><\/p>\n<p><span style=\"color: #000000;\">Y, es que, no en vano, el apartado cuarto del art\u00edculo 95 de la\u00a0<a style=\"color: #000000;\" href=\"https:\/\/www.iberley.es\/legislacion\/ley-37-1992-28-diciembre-impuesto-sobre-valor-anadido-1298236\">LIVA<\/a>\u00a0contempla la posibilidad de deducir las cuotas soportadas por la adquisici\u00f3n o importaci\u00f3n de determinados bienes y servicios directamente relacionados con los bienes de inversi\u00f3n en proporci\u00f3n al grado de utilizaci\u00f3n en la actividad econ\u00f3mica. Sin embargo, la redacci\u00f3n literal de dicho apartado cuarto parece referirse en exclusiva a los bienes de inversi\u00f3n de la regla 2.\u00aa del apartado tercero, esto es, a veh\u00edculos autom\u00f3viles de turismo y sus remolques, ciclomotores y motocicletas.<\/span><\/p>\n<p><span style=\"color: #000000;\">Ahora bien, llegado a ese punto, y habida cuenta de que\u00a0<strong>el\u00a0<a style=\"color: #000000;\" href=\"https:\/\/www.iberley.es\/legislacion\/ley-37-1992-28-diciembre-impuesto-sobre-valor-anadido-1298236\">IVA<\/a>\u00a0es un impuesto armonizado<\/strong>,\u00a0<strong>el TEAC toma en consideraci\u00f3n la normativa comunitaria<\/strong>\u00a0y acude al an\u00e1lisis de la\u00a0<strong><a style=\"color: #000000;\" href=\"https:\/\/www.iberley.es\/legislacion\/directiva-2006-112-ce-28-nov-doue-sistema-comun-iva-12250060\">Directiva 2006\/112\/CE del Consejo, de 28 de noviembre de 2006<\/a><\/strong>, relativa al sistema com\u00fan del impuesto sobre el valor a\u00f1adido,\u00a0que establece las caracter\u00edsticas principales que han de tener las normas de\u00a0<a style=\"color: #000000;\" href=\"https:\/\/www.iberley.es\/legislacion\/ley-37-1992-28-diciembre-impuesto-sobre-valor-anadido-1298236\">IVA<\/a>\u00a0en la UE. Atiende, en concreto, a sus art\u00edculos 168, 168 bis y 169.<\/span><\/p>\n<p><span style=\"color: #000000;\">De los art\u00edculos 168 y 169 se derivar\u00eda que,\u00a0<strong>en la medida en que los bienes y servicios se utilicen para las necesidades de sus operaciones gravadas, el sujeto pasivo tiene derecho, en el Estado miembro en el que realice tales operaciones, a deducir del impuesto devengado las cuotas soportadas<\/strong>\u00a0tanto por operaciones interiores como por adquisiciones intracomunitarias e importaciones. Asimismo, tambi\u00e9n podr\u00e1 deducir las cuotas soportadas en la medida en que los bienes y servicios se utilicen para realizar operaciones exentas que generan derecho a deducir (exenciones plenas), como son las entregas intracomunitarias de bienes y exportaciones y operaciones asimiladas, y operaciones realizadas fuera del territorio de aplicaci\u00f3n del impuesto siempre que, de haberse realizado en su interior, hubieran generado el derecho a deducir. No dar\u00edan derecho a deducir las cuotas soportadas, por tanto, las actividades no sujetas y las exentas limitadas.<\/span><\/p>\n<p><span style=\"color: #000000;\">Es m\u00e1s, afirma el TEAC que el\u00a0<strong>art\u00edculo 168 bis de la Directiva\u00a0<\/strong>contempla expresamente la posibilidad de deducir las cuotas de\u00a0<a style=\"color: #000000;\" href=\"https:\/\/www.iberley.es\/legislacion\/ley-37-1992-28-diciembre-impuesto-sobre-valor-anadido-1298236\">IVA<\/a>\u00a0soportadas por los gastos relacionados con un bien inmueble que forma parte del patrimonio empresarial de un sujeto pasivo y que se utiliza por este tanto para la actividad econ\u00f3mica como para fines privados. La deducci\u00f3n de tales cuotas deber\u00e1 efectuarse de manera proporcional a la utilizaci\u00f3n del inmueble en la actividad empresarial.<\/span><\/p>\n<p><span style=\"color: #000000;\">As\u00ed las cosas, la resoluci\u00f3n concluye unificando criterio en el sentido antes indicado, habida cuenta de que \u00ab<strong><em>el principio de primac\u00eda del Derecho de la Uni\u00f3n obliga a este Tribunal Central a interpretar la normativa interna espa\u00f1ola de forma acorde con lo dispuesto en la Directiva\u00a0<a style=\"color: #000000;\" href=\"https:\/\/www.iberley.es\/legislacion\/ley-37-1992-28-diciembre-impuesto-sobre-valor-anadido-1298236\">IVA<\/a><\/em><\/strong><em>. En consecuencia, el<strong>\u00a0apartado cuarto del art\u00edculo 95 de la\u00a0<a style=\"color: #000000;\" href=\"https:\/\/www.iberley.es\/legislacion\/ley-37-1992-28-diciembre-impuesto-sobre-valor-anadido-1298236\">LIVA<\/a>\u00a0debe ser interpretado de forma amplia, de tal modo que los bienes y servicios en \u00e9l consignados ni constituyen una lista cerrada ni se refieren \u00fanicamente a los bienes de inversi\u00f3n de la regla 2\u00aa del apartado tercero, alcanzando tambi\u00e9n a los bienes inmuebles<\/strong>. De manera que\u00a0<strong>deben entenderse incluidos en dicho listado los gastos por suministros de agua, luz y gas relacionados con los bienes inmuebles<\/strong><\/em>\u00bb.<\/span><\/p>\n<p>&nbsp;<\/p>\n<hr \/>\n<p><span style=\"color: #999999;\">#fmsb #abogados #economistas #derecho #fiscal #tributario #impuestos #iva #deducci\u00f3n #inmueble #afecto #actividad #deducibilidad #law #lawyers #solicitors #baleares #palma #inca #manacor #elarenal #portdandratx #mallorca #menorca #ibiza<\/span><\/p>\n","protected":false},"excerpt":{"rendered":"<p>El TEAC unifica criterio y permite deducir en proporci\u00f3n el IVA de los suministros abonados de un inmueble parcialmente afecto a la actividad El Tribunal Econ\u00f3mico-Administrativo Central (TEAC), resolviendo un recurso extraordinario de alzada para la unificaci\u00f3n de criterio, ha establecido como pauta general en su resoluci\u00f3n 6654\/2022, de 19 de julio de 2023 (a [&hellip;]<\/p>\n","protected":false},"author":2,"featured_media":10187,"comment_status":"closed","ping_status":"open","sticky":false,"template":"","format":"standard","meta":{"footnotes":""},"categories":[2198,2199,2309,2202,2805],"tags":[2206,2665,3226,2208,3227,3228,3229,3230,2682,2218,2219,3231,3232,2223,2224,3233,2225,2329,2330,2918,2598,2228,2229,3234,2231,2232,2234,3235,2345,3236,2236,2240,2243,2361,3237,2707,2362,2363],"class_list":["post-11115","post","type-post","status-publish","format-standard","has-post-thumbnail","hentry","category-actualidad-de","category-blog-de","category-derecho-fiscal-de","category-home-de","category-impuestos-de","tag-abogados-de","tag-aeat-de","tag-agua-de","tag-baleares-de","tag-consulta-vinculante-de","tag-cuotas-soportadas-de","tag-deducibilidad-de","tag-devolucion-de-iva-de","tag-direccion-general-de-tributos-de","tag-economistas-de","tag-el-arenal-de","tag-electricidad-de","tag-facturas-impagadas-de","tag-fmsb-de","tag-font-mora-sainz-de-baranda-de","tag-gas-de","tag-ibiza-de","tag-impuesto-de-sucesiones-de","tag-impuestos-de","tag-inca-de","tag-iva-de","tag-law-de","tag-lawyers-de","tag-luz-de","tag-mallorca-de","tag-manacor-de","tag-menorca-de","tag-ministerio-de-hacienda-de","tag-palma-de","tag-parcialmente-afecto-de","tag-port-dandratx-de","tag-puerto-de-andratx-de","tag-solicitors-de","tag-sucesiones-y-donaciones-de","tag-suministros-de","tag-teac-de","tag-tributacion-de","tag-tributos-de"],"yoast_head":"<!-- This site is optimized with the Yoast SEO plugin v27.3 - https:\/\/yoast.com\/product\/yoast-seo-wordpress\/ -->\n<title>El TEAC unifica criterio y permite deducir el IVA de suministros de un inmueble parcialmente afecto a la actividad - FMSB Abogados y Economistas en Baleares<\/title>\n<meta name=\"description\" content=\"El TEAC unifica criterio en una reciente resoluci\u00f3n y permite deducir el IVA de suministros de un inmueble parcialmente afecto a la actividad\" \/>\n<meta name=\"robots\" content=\"index, follow, max-snippet:-1, max-image-preview:large, max-video-preview:-1\" \/>\n<link rel=\"canonical\" href=\"https:\/\/fmsb.eu\/de\/2023\/08\/31\/el-teac-unifica-criterio-y-permite-deducir-el-iva-de-suministros-de-un-inmueble-parcialmente-afecto-a-la-actividad\/\" \/>\n<meta property=\"og:locale\" content=\"de_DE\" \/>\n<meta property=\"og:type\" content=\"article\" \/>\n<meta property=\"og:title\" content=\"El TEAC unifica criterio y permite deducir el IVA de suministros de un inmueble parcialmente afecto a la actividad - FMSB Abogados y Economistas en Baleares\" \/>\n<meta property=\"og:description\" content=\"El TEAC unifica criterio en una reciente resoluci\u00f3n y permite deducir el IVA de suministros de un inmueble parcialmente afecto a la actividad\" \/>\n<meta property=\"og:url\" content=\"https:\/\/fmsb.eu\/de\/2023\/08\/31\/el-teac-unifica-criterio-y-permite-deducir-el-iva-de-suministros-de-un-inmueble-parcialmente-afecto-a-la-actividad\/\" \/>\n<meta property=\"og:site_name\" content=\"FMSB Abogados y Economistas en Baleares\" \/>\n<meta property=\"article:published_time\" content=\"2023-08-31T11:04:51+00:00\" \/>\n<meta property=\"og:image\" content=\"https:\/\/fmsb.eu\/wp-content\/uploads\/2023\/08\/FMSB-TEAC-unifica-criterio-permite-deduccion-iva-suministros-inmueble-afecto.jpg\" \/>\n\t<meta property=\"og:image:width\" content=\"2000\" \/>\n\t<meta property=\"og:image:height\" content=\"2000\" \/>\n\t<meta property=\"og:image:type\" content=\"image\/jpeg\" \/>\n<meta name=\"author\" content=\"fmsb\" \/>\n<meta name=\"twitter:card\" content=\"summary_large_image\" \/>\n<meta name=\"twitter:creator\" content=\"@fmsb-disstint\" \/>\n<meta name=\"twitter:label1\" content=\"Verfasst von\" \/>\n\t<meta name=\"twitter:data1\" content=\"fmsb\" \/>\n\t<meta name=\"twitter:label2\" content=\"Gesch\u00e4tzte Lesezeit\" \/>\n\t<meta name=\"twitter:data2\" content=\"5\u00a0Minuten\" \/>\n<script type=\"application\/ld+json\" class=\"yoast-schema-graph\">{\"@context\":\"https:\\\/\\\/schema.org\",\"@graph\":[{\"@type\":\"Article\",\"@id\":\"https:\\\/\\\/fmsb.eu\\\/de\\\/2023\\\/08\\\/31\\\/el-teac-unifica-criterio-y-permite-deducir-el-iva-de-suministros-de-un-inmueble-parcialmente-afecto-a-la-actividad\\\/#article\",\"isPartOf\":{\"@id\":\"https:\\\/\\\/fmsb.eu\\\/de\\\/2023\\\/08\\\/31\\\/el-teac-unifica-criterio-y-permite-deducir-el-iva-de-suministros-de-un-inmueble-parcialmente-afecto-a-la-actividad\\\/\"},\"author\":{\"name\":\"fmsb\",\"@id\":\"https:\\\/\\\/fmsb.eu\\\/de\\\/#\\\/schema\\\/person\\\/9fba7c70814b0cd34d35d655d36a4ca2\"},\"headline\":\"El TEAC unifica criterio y permite deducir el IVA de suministros de un inmueble parcialmente afecto a la actividad\",\"datePublished\":\"2023-08-31T11:04:51+00:00\",\"mainEntityOfPage\":{\"@id\":\"https:\\\/\\\/fmsb.eu\\\/de\\\/2023\\\/08\\\/31\\\/el-teac-unifica-criterio-y-permite-deducir-el-iva-de-suministros-de-un-inmueble-parcialmente-afecto-a-la-actividad\\\/\"},\"wordCount\":1085,\"publisher\":{\"@id\":\"https:\\\/\\\/fmsb.eu\\\/de\\\/#organization\"},\"image\":{\"@id\":\"https:\\\/\\\/fmsb.eu\\\/de\\\/2023\\\/08\\\/31\\\/el-teac-unifica-criterio-y-permite-deducir-el-iva-de-suministros-de-un-inmueble-parcialmente-afecto-a-la-actividad\\\/#primaryimage\"},\"thumbnailUrl\":\"https:\\\/\\\/fmsb.eu\\\/wp-content\\\/uploads\\\/2023\\\/08\\\/FMSB-TEAC-unifica-criterio-permite-deduccion-iva-suministros-inmueble-afecto.jpg\",\"keywords\":[\"abogados\",\"aeat\",\"agua\",\"baleares\",\"consulta vinculante\",\"cuotas soportadas\",\"deducibilidad\",\"devoluci\u00f3n de IVA\",\"direcci\u00f3n general de tributos\",\"economistas\",\"el arenal\",\"electricidad\",\"facturas impagadas\",\"fmsb\",\"font mora sainz de baranda\",\"gas\",\"ibiza\",\"impuesto de sucesiones\",\"impuestos\",\"inca\",\"iva\",\"law\",\"lawyers\",\"luz\",\"mallorca\",\"Manacor\",\"menorca\",\"ministerio de hacienda\",\"Palma\",\"parcialmente afecto\",\"port d&#8217;andratx\",\"puerto de andratx\",\"solicitors\",\"sucesiones y donaciones\",\"suministros\",\"TEAC\",\"tributaci\u00f3n\",\"tributos\"],\"articleSection\":[\"actualidad\",\"blog\",\"Derecho Fiscal\",\"Home\",\"impuestos\"],\"inLanguage\":\"de\"},{\"@type\":\"WebPage\",\"@id\":\"https:\\\/\\\/fmsb.eu\\\/de\\\/2023\\\/08\\\/31\\\/el-teac-unifica-criterio-y-permite-deducir-el-iva-de-suministros-de-un-inmueble-parcialmente-afecto-a-la-actividad\\\/\",\"url\":\"https:\\\/\\\/fmsb.eu\\\/de\\\/2023\\\/08\\\/31\\\/el-teac-unifica-criterio-y-permite-deducir-el-iva-de-suministros-de-un-inmueble-parcialmente-afecto-a-la-actividad\\\/\",\"name\":\"El TEAC unifica criterio y permite deducir el IVA de suministros de un inmueble parcialmente afecto a la actividad - FMSB Abogados y Economistas en Baleares\",\"isPartOf\":{\"@id\":\"https:\\\/\\\/fmsb.eu\\\/de\\\/#website\"},\"primaryImageOfPage\":{\"@id\":\"https:\\\/\\\/fmsb.eu\\\/de\\\/2023\\\/08\\\/31\\\/el-teac-unifica-criterio-y-permite-deducir-el-iva-de-suministros-de-un-inmueble-parcialmente-afecto-a-la-actividad\\\/#primaryimage\"},\"image\":{\"@id\":\"https:\\\/\\\/fmsb.eu\\\/de\\\/2023\\\/08\\\/31\\\/el-teac-unifica-criterio-y-permite-deducir-el-iva-de-suministros-de-un-inmueble-parcialmente-afecto-a-la-actividad\\\/#primaryimage\"},\"thumbnailUrl\":\"https:\\\/\\\/fmsb.eu\\\/wp-content\\\/uploads\\\/2023\\\/08\\\/FMSB-TEAC-unifica-criterio-permite-deduccion-iva-suministros-inmueble-afecto.jpg\",\"datePublished\":\"2023-08-31T11:04:51+00:00\",\"description\":\"El TEAC unifica criterio en una reciente resoluci\u00f3n y permite deducir el IVA de suministros de un inmueble parcialmente afecto a la actividad\",\"breadcrumb\":{\"@id\":\"https:\\\/\\\/fmsb.eu\\\/de\\\/2023\\\/08\\\/31\\\/el-teac-unifica-criterio-y-permite-deducir-el-iva-de-suministros-de-un-inmueble-parcialmente-afecto-a-la-actividad\\\/#breadcrumb\"},\"inLanguage\":\"de\",\"potentialAction\":[{\"@type\":\"ReadAction\",\"target\":[\"https:\\\/\\\/fmsb.eu\\\/de\\\/2023\\\/08\\\/31\\\/el-teac-unifica-criterio-y-permite-deducir-el-iva-de-suministros-de-un-inmueble-parcialmente-afecto-a-la-actividad\\\/\"]}]},{\"@type\":\"ImageObject\",\"inLanguage\":\"de\",\"@id\":\"https:\\\/\\\/fmsb.eu\\\/de\\\/2023\\\/08\\\/31\\\/el-teac-unifica-criterio-y-permite-deducir-el-iva-de-suministros-de-un-inmueble-parcialmente-afecto-a-la-actividad\\\/#primaryimage\",\"url\":\"https:\\\/\\\/fmsb.eu\\\/wp-content\\\/uploads\\\/2023\\\/08\\\/FMSB-TEAC-unifica-criterio-permite-deduccion-iva-suministros-inmueble-afecto.jpg\",\"contentUrl\":\"https:\\\/\\\/fmsb.eu\\\/wp-content\\\/uploads\\\/2023\\\/08\\\/FMSB-TEAC-unifica-criterio-permite-deduccion-iva-suministros-inmueble-afecto.jpg\",\"width\":2000,\"height\":2000},{\"@type\":\"BreadcrumbList\",\"@id\":\"https:\\\/\\\/fmsb.eu\\\/de\\\/2023\\\/08\\\/31\\\/el-teac-unifica-criterio-y-permite-deducir-el-iva-de-suministros-de-un-inmueble-parcialmente-afecto-a-la-actividad\\\/#breadcrumb\",\"itemListElement\":[{\"@type\":\"ListItem\",\"position\":1,\"name\":\"Portada\",\"item\":\"https:\\\/\\\/fmsb.eu\\\/de\\\/\"},{\"@type\":\"ListItem\",\"position\":2,\"name\":\"El TEAC unifica criterio y permite deducir el IVA de suministros de un inmueble parcialmente afecto a la actividad\"}]},{\"@type\":\"WebSite\",\"@id\":\"https:\\\/\\\/fmsb.eu\\\/de\\\/#website\",\"url\":\"https:\\\/\\\/fmsb.eu\\\/de\\\/\",\"name\":\"FMSB Abogados y Economistas en Baleares\",\"description\":\"\",\"publisher\":{\"@id\":\"https:\\\/\\\/fmsb.eu\\\/de\\\/#organization\"},\"potentialAction\":[{\"@type\":\"SearchAction\",\"target\":{\"@type\":\"EntryPoint\",\"urlTemplate\":\"https:\\\/\\\/fmsb.eu\\\/de\\\/?s={search_term_string}\"},\"query-input\":{\"@type\":\"PropertyValueSpecification\",\"valueRequired\":true,\"valueName\":\"search_term_string\"}}],\"inLanguage\":\"de\"},{\"@type\":\"Organization\",\"@id\":\"https:\\\/\\\/fmsb.eu\\\/de\\\/#organization\",\"name\":\"FMSB Abogados y Economistas en Baleares\",\"url\":\"https:\\\/\\\/fmsb.eu\\\/de\\\/\",\"logo\":{\"@type\":\"ImageObject\",\"inLanguage\":\"de\",\"@id\":\"https:\\\/\\\/fmsb.eu\\\/de\\\/#\\\/schema\\\/logo\\\/image\\\/\",\"url\":\"https:\\\/\\\/fmsb.eu\\\/wp-content\\\/uploads\\\/2025\\\/02\\\/logo.svg\",\"contentUrl\":\"https:\\\/\\\/fmsb.eu\\\/wp-content\\\/uploads\\\/2025\\\/02\\\/logo.svg\",\"width\":154,\"height\":52,\"caption\":\"FMSB Abogados y Economistas en Baleares\"},\"image\":{\"@id\":\"https:\\\/\\\/fmsb.eu\\\/de\\\/#\\\/schema\\\/logo\\\/image\\\/\"}},{\"@type\":\"Person\",\"@id\":\"https:\\\/\\\/fmsb.eu\\\/de\\\/#\\\/schema\\\/person\\\/9fba7c70814b0cd34d35d655d36a4ca2\",\"name\":\"fmsb\",\"image\":{\"@type\":\"ImageObject\",\"inLanguage\":\"de\",\"@id\":\"https:\\\/\\\/secure.gravatar.com\\\/avatar\\\/426f4d5b0ebcace85460caf87cdaaa193694b611e990615d87a13f322fb7ee7f?s=96&d=mm&r=g\",\"url\":\"https:\\\/\\\/secure.gravatar.com\\\/avatar\\\/426f4d5b0ebcace85460caf87cdaaa193694b611e990615d87a13f322fb7ee7f?s=96&d=mm&r=g\",\"contentUrl\":\"https:\\\/\\\/secure.gravatar.com\\\/avatar\\\/426f4d5b0ebcace85460caf87cdaaa193694b611e990615d87a13f322fb7ee7f?s=96&d=mm&r=g\",\"caption\":\"fmsb\"},\"sameAs\":[\"https:\\\/\\\/x.com\\\/fmsb-disstint\"],\"url\":\"https:\\\/\\\/fmsb.eu\\\/de\\\/author\\\/fmsb\\\/\"}]}<\/script>\n<!-- \/ Yoast SEO plugin. -->","yoast_head_json":{"title":"El TEAC unifica criterio y permite deducir el IVA de suministros de un inmueble parcialmente afecto a la actividad - FMSB Abogados y Economistas en Baleares","description":"El TEAC unifica criterio en una reciente resoluci\u00f3n y permite deducir el IVA de suministros de un inmueble parcialmente afecto a la actividad","robots":{"index":"index","follow":"follow","max-snippet":"max-snippet:-1","max-image-preview":"max-image-preview:large","max-video-preview":"max-video-preview:-1"},"canonical":"https:\/\/fmsb.eu\/de\/2023\/08\/31\/el-teac-unifica-criterio-y-permite-deducir-el-iva-de-suministros-de-un-inmueble-parcialmente-afecto-a-la-actividad\/","og_locale":"de_DE","og_type":"article","og_title":"El TEAC unifica criterio y permite deducir el IVA de suministros de un inmueble parcialmente afecto a la actividad - FMSB Abogados y Economistas en Baleares","og_description":"El TEAC unifica criterio en una reciente resoluci\u00f3n y permite deducir el IVA de suministros de un inmueble parcialmente afecto a la actividad","og_url":"https:\/\/fmsb.eu\/de\/2023\/08\/31\/el-teac-unifica-criterio-y-permite-deducir-el-iva-de-suministros-de-un-inmueble-parcialmente-afecto-a-la-actividad\/","og_site_name":"FMSB Abogados y Economistas en Baleares","article_published_time":"2023-08-31T11:04:51+00:00","og_image":[{"width":2000,"height":2000,"url":"https:\/\/fmsb.eu\/wp-content\/uploads\/2023\/08\/FMSB-TEAC-unifica-criterio-permite-deduccion-iva-suministros-inmueble-afecto.jpg","type":"image\/jpeg"}],"author":"fmsb","twitter_card":"summary_large_image","twitter_creator":"@fmsb-disstint","twitter_misc":{"Verfasst von":"fmsb","Gesch\u00e4tzte Lesezeit":"5\u00a0Minuten"},"schema":{"@context":"https:\/\/schema.org","@graph":[{"@type":"Article","@id":"https:\/\/fmsb.eu\/de\/2023\/08\/31\/el-teac-unifica-criterio-y-permite-deducir-el-iva-de-suministros-de-un-inmueble-parcialmente-afecto-a-la-actividad\/#article","isPartOf":{"@id":"https:\/\/fmsb.eu\/de\/2023\/08\/31\/el-teac-unifica-criterio-y-permite-deducir-el-iva-de-suministros-de-un-inmueble-parcialmente-afecto-a-la-actividad\/"},"author":{"name":"fmsb","@id":"https:\/\/fmsb.eu\/de\/#\/schema\/person\/9fba7c70814b0cd34d35d655d36a4ca2"},"headline":"El TEAC unifica criterio y permite deducir el IVA de suministros de un inmueble parcialmente afecto a la actividad","datePublished":"2023-08-31T11:04:51+00:00","mainEntityOfPage":{"@id":"https:\/\/fmsb.eu\/de\/2023\/08\/31\/el-teac-unifica-criterio-y-permite-deducir-el-iva-de-suministros-de-un-inmueble-parcialmente-afecto-a-la-actividad\/"},"wordCount":1085,"publisher":{"@id":"https:\/\/fmsb.eu\/de\/#organization"},"image":{"@id":"https:\/\/fmsb.eu\/de\/2023\/08\/31\/el-teac-unifica-criterio-y-permite-deducir-el-iva-de-suministros-de-un-inmueble-parcialmente-afecto-a-la-actividad\/#primaryimage"},"thumbnailUrl":"https:\/\/fmsb.eu\/wp-content\/uploads\/2023\/08\/FMSB-TEAC-unifica-criterio-permite-deduccion-iva-suministros-inmueble-afecto.jpg","keywords":["abogados","aeat","agua","baleares","consulta vinculante","cuotas soportadas","deducibilidad","devoluci\u00f3n de IVA","direcci\u00f3n general de tributos","economistas","el arenal","electricidad","facturas impagadas","fmsb","font mora sainz de baranda","gas","ibiza","impuesto de sucesiones","impuestos","inca","iva","law","lawyers","luz","mallorca","Manacor","menorca","ministerio de hacienda","Palma","parcialmente afecto","port d&#8217;andratx","puerto de andratx","solicitors","sucesiones y donaciones","suministros","TEAC","tributaci\u00f3n","tributos"],"articleSection":["actualidad","blog","Derecho Fiscal","Home","impuestos"],"inLanguage":"de"},{"@type":"WebPage","@id":"https:\/\/fmsb.eu\/de\/2023\/08\/31\/el-teac-unifica-criterio-y-permite-deducir-el-iva-de-suministros-de-un-inmueble-parcialmente-afecto-a-la-actividad\/","url":"https:\/\/fmsb.eu\/de\/2023\/08\/31\/el-teac-unifica-criterio-y-permite-deducir-el-iva-de-suministros-de-un-inmueble-parcialmente-afecto-a-la-actividad\/","name":"El TEAC unifica criterio y permite deducir el IVA de suministros de un inmueble parcialmente afecto a la actividad - FMSB Abogados y Economistas en Baleares","isPartOf":{"@id":"https:\/\/fmsb.eu\/de\/#website"},"primaryImageOfPage":{"@id":"https:\/\/fmsb.eu\/de\/2023\/08\/31\/el-teac-unifica-criterio-y-permite-deducir-el-iva-de-suministros-de-un-inmueble-parcialmente-afecto-a-la-actividad\/#primaryimage"},"image":{"@id":"https:\/\/fmsb.eu\/de\/2023\/08\/31\/el-teac-unifica-criterio-y-permite-deducir-el-iva-de-suministros-de-un-inmueble-parcialmente-afecto-a-la-actividad\/#primaryimage"},"thumbnailUrl":"https:\/\/fmsb.eu\/wp-content\/uploads\/2023\/08\/FMSB-TEAC-unifica-criterio-permite-deduccion-iva-suministros-inmueble-afecto.jpg","datePublished":"2023-08-31T11:04:51+00:00","description":"El TEAC unifica criterio en una reciente resoluci\u00f3n y permite deducir el IVA de suministros de un inmueble parcialmente afecto a la actividad","breadcrumb":{"@id":"https:\/\/fmsb.eu\/de\/2023\/08\/31\/el-teac-unifica-criterio-y-permite-deducir-el-iva-de-suministros-de-un-inmueble-parcialmente-afecto-a-la-actividad\/#breadcrumb"},"inLanguage":"de","potentialAction":[{"@type":"ReadAction","target":["https:\/\/fmsb.eu\/de\/2023\/08\/31\/el-teac-unifica-criterio-y-permite-deducir-el-iva-de-suministros-de-un-inmueble-parcialmente-afecto-a-la-actividad\/"]}]},{"@type":"ImageObject","inLanguage":"de","@id":"https:\/\/fmsb.eu\/de\/2023\/08\/31\/el-teac-unifica-criterio-y-permite-deducir-el-iva-de-suministros-de-un-inmueble-parcialmente-afecto-a-la-actividad\/#primaryimage","url":"https:\/\/fmsb.eu\/wp-content\/uploads\/2023\/08\/FMSB-TEAC-unifica-criterio-permite-deduccion-iva-suministros-inmueble-afecto.jpg","contentUrl":"https:\/\/fmsb.eu\/wp-content\/uploads\/2023\/08\/FMSB-TEAC-unifica-criterio-permite-deduccion-iva-suministros-inmueble-afecto.jpg","width":2000,"height":2000},{"@type":"BreadcrumbList","@id":"https:\/\/fmsb.eu\/de\/2023\/08\/31\/el-teac-unifica-criterio-y-permite-deducir-el-iva-de-suministros-de-un-inmueble-parcialmente-afecto-a-la-actividad\/#breadcrumb","itemListElement":[{"@type":"ListItem","position":1,"name":"Portada","item":"https:\/\/fmsb.eu\/de\/"},{"@type":"ListItem","position":2,"name":"El TEAC unifica criterio y permite deducir el IVA de suministros de un inmueble parcialmente afecto a la actividad"}]},{"@type":"WebSite","@id":"https:\/\/fmsb.eu\/de\/#website","url":"https:\/\/fmsb.eu\/de\/","name":"FMSB Abogados y Economistas en Baleares","description":"","publisher":{"@id":"https:\/\/fmsb.eu\/de\/#organization"},"potentialAction":[{"@type":"SearchAction","target":{"@type":"EntryPoint","urlTemplate":"https:\/\/fmsb.eu\/de\/?s={search_term_string}"},"query-input":{"@type":"PropertyValueSpecification","valueRequired":true,"valueName":"search_term_string"}}],"inLanguage":"de"},{"@type":"Organization","@id":"https:\/\/fmsb.eu\/de\/#organization","name":"FMSB Abogados y Economistas en Baleares","url":"https:\/\/fmsb.eu\/de\/","logo":{"@type":"ImageObject","inLanguage":"de","@id":"https:\/\/fmsb.eu\/de\/#\/schema\/logo\/image\/","url":"https:\/\/fmsb.eu\/wp-content\/uploads\/2025\/02\/logo.svg","contentUrl":"https:\/\/fmsb.eu\/wp-content\/uploads\/2025\/02\/logo.svg","width":154,"height":52,"caption":"FMSB Abogados y Economistas en Baleares"},"image":{"@id":"https:\/\/fmsb.eu\/de\/#\/schema\/logo\/image\/"}},{"@type":"Person","@id":"https:\/\/fmsb.eu\/de\/#\/schema\/person\/9fba7c70814b0cd34d35d655d36a4ca2","name":"fmsb","image":{"@type":"ImageObject","inLanguage":"de","@id":"https:\/\/secure.gravatar.com\/avatar\/426f4d5b0ebcace85460caf87cdaaa193694b611e990615d87a13f322fb7ee7f?s=96&d=mm&r=g","url":"https:\/\/secure.gravatar.com\/avatar\/426f4d5b0ebcace85460caf87cdaaa193694b611e990615d87a13f322fb7ee7f?s=96&d=mm&r=g","contentUrl":"https:\/\/secure.gravatar.com\/avatar\/426f4d5b0ebcace85460caf87cdaaa193694b611e990615d87a13f322fb7ee7f?s=96&d=mm&r=g","caption":"fmsb"},"sameAs":["https:\/\/x.com\/fmsb-disstint"],"url":"https:\/\/fmsb.eu\/de\/author\/fmsb\/"}]}},"_links":{"self":[{"href":"https:\/\/fmsb.eu\/de\/wp-json\/wp\/v2\/posts\/11115","targetHints":{"allow":["GET"]}}],"collection":[{"href":"https:\/\/fmsb.eu\/de\/wp-json\/wp\/v2\/posts"}],"about":[{"href":"https:\/\/fmsb.eu\/de\/wp-json\/wp\/v2\/types\/post"}],"author":[{"embeddable":true,"href":"https:\/\/fmsb.eu\/de\/wp-json\/wp\/v2\/users\/2"}],"replies":[{"embeddable":true,"href":"https:\/\/fmsb.eu\/de\/wp-json\/wp\/v2\/comments?post=11115"}],"version-history":[{"count":0,"href":"https:\/\/fmsb.eu\/de\/wp-json\/wp\/v2\/posts\/11115\/revisions"}],"wp:featuredmedia":[{"embeddable":true,"href":"https:\/\/fmsb.eu\/de\/wp-json\/wp\/v2\/media\/10187"}],"wp:attachment":[{"href":"https:\/\/fmsb.eu\/de\/wp-json\/wp\/v2\/media?parent=11115"}],"wp:term":[{"taxonomy":"category","embeddable":true,"href":"https:\/\/fmsb.eu\/de\/wp-json\/wp\/v2\/categories?post=11115"},{"taxonomy":"post_tag","embeddable":true,"href":"https:\/\/fmsb.eu\/de\/wp-json\/wp\/v2\/tags?post=11115"}],"curies":[{"name":"wp","href":"https:\/\/api.w.org\/{rel}","templated":true}]}}