{"id":11165,"date":"2023-05-28T12:08:03","date_gmt":"2023-05-28T10:08:03","guid":{"rendered":"http:\/\/fmsb.disstintbeta.com\/2023\/05\/28\/la-trampa-saducea-de-hacienda-al-tc\/"},"modified":"2023-05-28T12:08:03","modified_gmt":"2023-05-28T10:08:03","slug":"la-trampa-saducea-de-hacienda-al-tc","status":"publish","type":"post","link":"https:\/\/fmsb.eu\/de\/2023\/05\/28\/la-trampa-saducea-de-hacienda-al-tc\/","title":{"rendered":"La \u00abTrampa Saducea\u00bb de Hacienda al Tribunal Constitucional, opini\u00f3n de Jorge S\u00e1inz de Baranda en Mallorcadiario"},"content":{"rendered":"<p>&nbsp;<\/p>\n<div class=\"navegacion\">\n<h3 class=\"antesubtitulo antetit\"><a href=\"http:\/\/www.mallorcadiario.com\"><span style=\"color: #993300;\"><strong>mallorcadiario.com<\/strong><\/span><\/a>\u00a0 <a href=\"https:\/\/www.mallorcadiario.com\/la-trampa-saducea-de-hacienda-al-tribunal-constitucional\">Opini\u00f3n<\/a><\/h3>\n<\/div>\n<p><a href=\"http:\/\/fmsb.disstintbeta.com\/wp-content\/uploads\/2023\/05\/FMSB-La-trampa-saducea-de-Hacienda-al-TC-Jorge-Sainz-de-Baranda-00.jpg\"><img fetchpriority=\"high\" decoding=\"async\" class=\"alignnone wp-image-6976\" src=\"http:\/\/fmsb.disstintbeta.com\/wp-content\/uploads\/2023\/05\/FMSB-La-trampa-saducea-de-Hacienda-al-TC-Jorge-Sainz-de-Baranda-00.jpg\" alt=\"\" width=\"800\" height=\"650\" srcset=\"https:\/\/font-mora-sainz-baranda.fra1.digitaloceanspaces.com\/wp-content\/uploads\/2023\/05\/FMSB-La-trampa-saducea-de-Hacienda-al-TC-Jorge-Sainz-de-Baranda-00.jpg 1600w, https:\/\/font-mora-sainz-baranda.fra1.digitaloceanspaces.com\/wp-content\/uploads\/2023\/05\/FMSB-La-trampa-saducea-de-Hacienda-al-TC-Jorge-Sainz-de-Baranda-00-300x244.jpg 300w, https:\/\/font-mora-sainz-baranda.fra1.digitaloceanspaces.com\/wp-content\/uploads\/2023\/05\/FMSB-La-trampa-saducea-de-Hacienda-al-TC-Jorge-Sainz-de-Baranda-00-1024x831.jpg 1024w, https:\/\/font-mora-sainz-baranda.fra1.digitaloceanspaces.com\/wp-content\/uploads\/2023\/05\/FMSB-La-trampa-saducea-de-Hacienda-al-TC-Jorge-Sainz-de-Baranda-00-768x624.jpg 768w, https:\/\/font-mora-sainz-baranda.fra1.digitaloceanspaces.com\/wp-content\/uploads\/2023\/05\/FMSB-La-trampa-saducea-de-Hacienda-al-TC-Jorge-Sainz-de-Baranda-00-1536x1247.jpg 1536w\" sizes=\"(max-width: 800px) 100vw, 800px\" \/><\/a><\/p>\n<div class=\"navegacion\">\n<h6 class=\"ulthora fecha_publicacion\"><span class=\"dia_mes_anno\">DOMINGO 28 DE MAYO DE 2023<br \/>\n<\/span><\/h6>\n<\/div>\n<h6 class=\"ulthora fecha_publicacion\"><span class=\"dia_mes_anno\" style=\"color: #ffffff;\">\u00a0<\/span><\/h6>\n<div title=\"noticia 557362\">\n<h1 class=\"titulo\"><a href=\"https:\/\/www.mallorcadiario.com\/la-trampa-saducea-de-hacienda-al-tribunal-constitucional\"><strong><span style=\"color: #0000ff;\"><span style=\"color: #99cc00;\"><span style=\"color: #68870c;\">La \u00abTrampa Saducea\u00bb de Hacienda al Tribunal Constitucional<\/span><\/span><\/span><\/strong><\/a><\/h1>\n<\/div>\n<div id=\"firmante_767\" class=\"firmante\">\n<p>Por\u00a0<span style=\"color: #68870c;\"><a style=\"color: #68870c;\" href=\"https:\/\/www.fmsb.eu\/jorge-sainz-de-baranda-brunbeck\/\"><strong><span class=\"nombre_firmante\">Jorge S\u00e1inz de Baranda<\/span><\/strong><\/a><\/span><\/p>\n<h6><a href=\"https:\/\/www.mallorcadiario.com\/jorge-sainz-de-baranda\/autor\/767\/\"><strong><span style=\"color: #993300;\">M\u00c1S ART\u00cdCULOS DEL AUTOR<\/span><\/strong><\/a><\/h6>\n<p>&nbsp;<\/p>\n<p>Inspirado por la magn\u00edfica Regata Portals-Ibiza organizada por la APD, vengo hoy, en plena jornada electoral, con la expresi\u00f3n <em>\u00abTrampa saducea\u00bb<\/em>, que tanto le gustaba a mi padre y a otros pol\u00edticos de la Transici\u00f3n, y que se aplica normalmente a aquellas preguntas o planteamientos que, por c\u00f3mo se formulan, llevan a que el destinatario pueda incurrir en un error fundamental.<\/p>\n<p>La cita proviene de un pasaje evang\u00e9lico, repetido en Marcos y en Mateo, en el que unos miembros de la secta del sumo sacerdote Sadoc, que negaban la inmortalidad del alma y la resurrecci\u00f3n de los muertos, plantearon a Jes\u00fas la siguiente pregunta: <em>\u00absi una mujer ha tenido siete esposos, cuando todos resuciten \u00bfde qui\u00e9n ser\u00e1 esposa&#8230;?\u00bb<\/em>.<\/p>\n<p>Ante tal pregunta, en la que yo desde luego habr\u00eda pedido el <em>comod\u00edn del p\u00fablico<\/em> y, adem\u00e1s, que otorgaran un premio a tan valiente mujer, Jes\u00fas se sali\u00f3 por la tangente diciendo que, Deo gratias, <em>\u201ccuando resuciten los muertos, no se casar\u00e1n ni ser\u00e1n entregados en casamiento, porque ser\u00e1n como los \u00e1ngeles que est\u00e1n en el cielo\u201d<\/em>, equiparando, con Divina Providencia, la felicidad eterna a la solter\u00eda.<\/p>\n<p>Y les cuento esto a ra\u00edz de que el Tribunal Constitucional, en una sentencia de la que ha sido ponente la magistrada Mar\u00eda Luisa Balaguer Callej\u00f3n -sin Salida, a\u00f1adir\u00eda yo-, ha desestimado el recurso de inconstitucionalidad presentado por la Xunta de Galicia contra la nueva regulaci\u00f3n de la tributaci\u00f3n en el IRPF de los bienes recibidos en virtud de pactos sucesorios.<\/p>\n<p>Supongo que recuerdan que, ante la proliferaci\u00f3n de estos pactos en aquellas comunidades aut\u00f3nomas con Derecho Civil propio -cuya caracter\u00edstica fundamental es que tributan como una herencia y no est\u00e1n sometidos al impuesto sobre la renta por la diferencia entre el valor de adquisici\u00f3n y el que se establece en la transmisi\u00f3n \u201cmortis causa\u201d-, el desconfiado legislador estatal, mediante la Ley 11\/2021 de lucha contra el fraude fiscal, introdujo una regla espec\u00edfica por la que cuando el bien recibido se transmite antes del transcurso de cinco a\u00f1os, tributa en IRPF tomando como valor de adquisici\u00f3n el \u201chist\u00f3rico\u201d, esto es, el que ten\u00eda en el momento de la adquisici\u00f3n por el \u201cmuerto en vida\u201d.<\/p>\n<p>Como no pod\u00eda ser de otra manera, la Xunta de Galicia, con m\u00e1s arrojo que otras comunidades aut\u00f3nomas igualmente afectadas -y no miro a nadie-, impugn\u00f3 dicha modificaci\u00f3n por considerar que era inconstitucional, adem\u00e1s de inconsistente e incongruente, ya que no hay justificaci\u00f3n para que, siendo una transmisi\u00f3n por causa de muerte, se fije una tributaci\u00f3n diferente a lo que ocurre en caso de que los bienes se reciban a la muerte del causante, a\u00f1adiendo que adem\u00e1s se produce una doble imposici\u00f3n, y que no tiene sentido el legislar como consecuencia de presumir que los contribuyentes son defraudadores en potencia, todo ello con el agravante de que supone una intromisi\u00f3n en la capacidad normativa de las Comunidades Aut\u00f3nomas con derecho civil propio.<\/p>\n<p>Frente a ello, la Administraci\u00f3n defiende la constitucionalidad del precepto alegando que no hay doble imposici\u00f3n porque la capacidad econ\u00f3mica que grava el IRPF es distinta de la gravada en el impuesto sobre sucesiones y donaciones -una evidente afirmaci\u00f3n \u201c<em>culotemp\u00f3rica\u201d<\/em>-, preguntando cuales son las razones por las que el legislador no puede tener un amplio margen de maniobra al concretar las normas tributarias para evitar la elusi\u00f3n fiscal.<\/p>\n<p>El Tribunal Constitucional acoge esta pregunta con trampa y recuerda que, seg\u00fan su reiterada doctrina, el art\u00edculo 14 de nuestra Constituci\u00f3n no garantiza el derecho a un trato desigual, y que los pactos sucesorios tienen efectos en el presente, circunstancia que el legislador puede leg\u00edtimamente tener en cuenta para no aplicarles el mismo tratamiento fiscal que a las transmisiones por fallecimiento.<\/p>\n<p>Dos magistrados disidentes anuncian voto particular en contra al ver clara la inconstitucionalidad en el hecho de que la regulaci\u00f3n impugnada establece una evidente discriminaci\u00f3n, totalmente arbitraria, entre contribuyentes que se encuentran ante una situaci\u00f3n id\u00e9ntica, una transmisi\u00f3n \u201cmortis causa\u201d. No hay nada que legitime ese trato desigual de situaciones iguales.<\/p>\n<p>No olvidemos que la propia Ley reguladora del Impuesto de Sucesiones contempla, expresamente, entre los t\u00edtulos sucesorios, adem\u00e1s de la herencia y el legado, los pactos sucesorios, de forma que carece de sentido que quienes heredan a la muerte del causante puedan vender inmediatamente el bien heredado, y tributar en el IRPF por el valor que le dieron al bien en la herencia, mientras que quienes heredan en virtud de un pacto sucesorio deban esperar cinco a\u00f1os o soportar una carga impositiva sin justificaci\u00f3n.<\/p>\n<p>Y es que tener un leg\u00edtimo objetivo de ahorro fiscal no es equivalente, que yo sepa, al \u00e1nimo defraudatorio, por lo que, ante la trampa saducea que le han puesto al Constitucional, quiz\u00e1 tendr\u00edan que haber recurrido a la genial respuesta que dio Torcuato Fernandez Miranda cuando se sali\u00f3 de una pregunta similar en las Cortes diciendo &#8222;<em>Decir no a algo, por ejemplo a las asociaciones pol\u00edticas, s\u00f3lo estar\u00eda justificado, como consecuencia de un s\u00ed previo, al cual naturalmente se adhiere el \u00e1nimo del que despu\u00e9s dice no; porque, con ese no, no hace m\u00e1s que definir y delimitar el s\u00ed que afirma&#8220;<\/em>&#8230; muy evidente \u00bfs\u00ed o no?.<\/p>\n<p>&nbsp;<\/p>\n<\/div>\n<hr \/>\n<p>Art\u00edculo original publicado en el diario digital\u00a0<a href=\"https:\/\/www.mallorcadiario.com\"><strong><span style=\"color: #993300;\">mallorcadiario.com<\/span><\/strong><\/a> .\u00a0\u00a0 L\u00e9elo directamente en <a href=\"https:\/\/www.mallorcadiario.com\"><strong>mallorcadiario.com<\/strong><\/a> a trav\u00e9s de este <a href=\"https:\/\/www.mallorcadiario.com\/la-trampa-saducea-de-hacienda-al-tribunal-constitucional\"><span style=\"color: #993366;\"><strong>enlace<\/strong><\/span><\/a><\/p>\n","protected":false},"excerpt":{"rendered":"<p>&nbsp; mallorcadiario.com\u00a0 Opini\u00f3n DOMINGO 28 DE MAYO DE 2023 \u00a0 La \u00abTrampa Saducea\u00bb de Hacienda al Tribunal Constitucional Por\u00a0Jorge S\u00e1inz de Baranda M\u00c1S ART\u00cdCULOS DEL AUTOR &nbsp; Inspirado por la magn\u00edfica Regata Portals-Ibiza organizada por la APD, vengo hoy, en plena jornada electoral, con la expresi\u00f3n \u00abTrampa saducea\u00bb, que tanto le gustaba a mi padre [&hellip;]<\/p>\n","protected":false},"author":2,"featured_media":10097,"comment_status":"closed","ping_status":"open","sticky":false,"template":"","format":"standard","meta":{"footnotes":""},"categories":[2198,2199,2309,2310,2805,3169],"tags":[4339,2206,2663,2664,2665,2312,2666,2667,2507,2314,2668,2208,2669,2670,2671,2672,2673,2316,2674,2675,2676,2677,2678,2318,2319,2320,2321,2680,2681,2682,2683,2684,2218,2219,2685,2686,2575,2223,2687,2688,2689,2690,2325,2327,2691,2225,2328,2692,2329,2693,2330,2694,2331,2695,2333,2228,2229,2334,2231,2336,2232,2234,2696,2341,2342,2343,2697,2344,2345,2698,2699,2700,2236,2701,2702,2349,2703,2350,2240,2704,2705,2354,2355,2243,2359,2360,2361,2706,2707,2708,2709,2710,2711,2712,2363,2713,2364,2365],"class_list":["post-11165","post","type-post","status-publish","format-standard","has-post-thumbnail","hentry","category-actualidad-de","category-blog-de","category-derecho-fiscal-de","category-derecho-tributario-de","category-impuestos-de","category-opinion-de","tag-50-000-de","tag-abogados-de","tag-administracion-tributaria-de","tag-administraciones-tributarias-de","tag-aeat-de","tag-agencia-tributaria-de","tag-antifraude-de","tag-aplazamiento-de","tag-articulos-de","tag-asesores-de","tag-atib-de","tag-baleares-de","tag-blanqueo-de","tag-blanqueo-de-capitales-de","tag-campana-de-la-renta-de","tag-campana-irpf-de","tag-catastro-de","tag-comunidad-autonoma-de","tag-declaracion-de-inconstitucionalidad-de","tag-declaracion-de-nulidad-de","tag-deflacion-de","tag-deflactacion-de","tag-deflactar-de","tag-derecho-civil-propio-de","tag-derecho-de-la-union-europea-de","tag-derecho-fiscal-de","tag-derecho-tributario-de","tag-deudas-de","tag-dgt-de","tag-direccion-general-de-tributos-de","tag-direccion-general-del-catastro-de","tag-doble-imposicion-de","tag-economistas-de","tag-el-arenal-de","tag-exencion-por-reinversion-de","tag-extranjeros-de","tag-fallecimiento-de","tag-fmsb-de","tag-fraccionamiento-de","tag-fraude-fiscal-de","tag-galicia-de","tag-gravamen-extraordinario-de","tag-hacienda-de","tag-herencias-de","tag-ibi-de","tag-ibiza-de","tag-illes-balears-de","tag-impuesto-de-solidaridad-a-las-grandes-fortunas-de","tag-impuesto-de-sucesiones-de","tag-impuesto-sobre-la-renta-de","tag-impuestos-de","tag-incremento-del-valor-de-los-terrenos-de-naturaleza-urbana-de","tag-irpf-de","tag-jorge-lorenzo-de","tag-jorge-sainz-de-baranda-de","tag-law-de","tag-lawyers-de","tag-ley-antifraude-de","tag-mallorca-de","tag-mallorcadiario-de","tag-manacor-de","tag-menorca-de","tag-modelo-720-de","tag-mortis-causa-de","tag-obligado-tributario-de","tag-opinion-de","tag-pactos-sucesorioes-de","tag-pactos-sucesorios-de","tag-palma-de","tag-patrimonio-de","tag-plan-anual-de-control-tributario-de","tag-plusvalia-de","tag-port-dandratx-de","tag-prespuestos-generales-del-estado-de","tag-presupuestos-2021-de","tag-prevencion-de","tag-proindiviso-de","tag-propuestas-de","tag-puerto-de-andratx-de","tag-recargo-de","tag-reforma-de","tag-residentes-fiscales-de","tag-resindencia-fiscal-de","tag-solicitors-de","tag-sucesion-de","tag-sucesion-en-vida-de","tag-sucesiones-y-donaciones-de","tag-tasa-amazon-de","tag-teac-de","tag-tear-de","tag-testador-de","tag-tribunal-economico-administrativo-de","tag-tribunal-economico-administrativo-central-de","tag-tribunal-economico-administrativo-regional-de","tag-tributos-de","tag-ue-de","tag-valor-de-referencia-de","tag-valor-de-referencia-catastral-de"],"yoast_head":"<!-- This site is optimized with the Yoast SEO plugin v27.3 - https:\/\/yoast.com\/product\/yoast-seo-wordpress\/ -->\n<title>La \u00abTrampa Saducea\u00bb de Hacienda al Tribunal Constitucional, opini\u00f3n de Jorge S\u00e1inz de Baranda en Mallorcadiario - FMSB Abogados y Economistas en Baleares<\/title>\n<meta name=\"robots\" content=\"index, follow, max-snippet:-1, max-image-preview:large, max-video-preview:-1\" \/>\n<link rel=\"canonical\" href=\"https:\/\/fmsb.eu\/de\/2023\/05\/28\/la-trampa-saducea-de-hacienda-al-tc\/\" \/>\n<meta property=\"og:locale\" content=\"de_DE\" \/>\n<meta property=\"og:type\" content=\"article\" \/>\n<meta property=\"og:title\" content=\"La \u00abTrampa Saducea\u00bb de Hacienda al Tribunal Constitucional, opini\u00f3n de Jorge S\u00e1inz de Baranda en Mallorcadiario - FMSB Abogados y Economistas en Baleares\" \/>\n<meta property=\"og:description\" content=\"&nbsp; mallorcadiario.com\u00a0 Opini\u00f3n DOMINGO 28 DE MAYO DE 2023 \u00a0 La \u00abTrampa Saducea\u00bb de Hacienda al Tribunal Constitucional Por\u00a0Jorge S\u00e1inz de Baranda M\u00c1S ART\u00cdCULOS DEL AUTOR &nbsp; Inspirado por la magn\u00edfica Regata Portals-Ibiza organizada por la APD, vengo hoy, en plena jornada electoral, con la expresi\u00f3n \u00abTrampa saducea\u00bb, que tanto le gustaba a mi padre [&hellip;]\" \/>\n<meta property=\"og:url\" content=\"https:\/\/fmsb.eu\/de\/2023\/05\/28\/la-trampa-saducea-de-hacienda-al-tc\/\" \/>\n<meta property=\"og:site_name\" content=\"FMSB Abogados y Economistas en Baleares\" \/>\n<meta property=\"article:published_time\" content=\"2023-05-28T10:08:03+00:00\" \/>\n<meta property=\"og:image\" content=\"https:\/\/fmsb.eu\/wp-content\/uploads\/2023\/05\/FMSB-La-trampa-saducea-de-Hacienda-al-TC-Jorge-Sainz-de-Baranda-00.jpg\" \/>\n\t<meta property=\"og:image:width\" content=\"1600\" \/>\n\t<meta property=\"og:image:height\" content=\"1299\" \/>\n\t<meta property=\"og:image:type\" content=\"image\/jpeg\" \/>\n<meta name=\"author\" content=\"fmsb\" \/>\n<meta name=\"twitter:card\" content=\"summary_large_image\" \/>\n<meta name=\"twitter:creator\" content=\"@fmsb-disstint\" \/>\n<meta name=\"twitter:label1\" content=\"Verfasst von\" \/>\n\t<meta name=\"twitter:data1\" content=\"fmsb\" \/>\n\t<meta name=\"twitter:label2\" content=\"Gesch\u00e4tzte Lesezeit\" \/>\n\t<meta name=\"twitter:data2\" content=\"5\u00a0Minuten\" \/>\n<script type=\"application\/ld+json\" class=\"yoast-schema-graph\">{\"@context\":\"https:\\\/\\\/schema.org\",\"@graph\":[{\"@type\":\"Article\",\"@id\":\"https:\\\/\\\/fmsb.eu\\\/de\\\/2023\\\/05\\\/28\\\/la-trampa-saducea-de-hacienda-al-tc\\\/#article\",\"isPartOf\":{\"@id\":\"https:\\\/\\\/fmsb.eu\\\/de\\\/2023\\\/05\\\/28\\\/la-trampa-saducea-de-hacienda-al-tc\\\/\"},\"author\":{\"name\":\"fmsb\",\"@id\":\"https:\\\/\\\/fmsb.eu\\\/de\\\/#\\\/schema\\\/person\\\/9fba7c70814b0cd34d35d655d36a4ca2\"},\"headline\":\"La \u00abTrampa Saducea\u00bb de Hacienda al Tribunal Constitucional, opini\u00f3n de Jorge S\u00e1inz de Baranda en Mallorcadiario\",\"datePublished\":\"2023-05-28T10:08:03+00:00\",\"mainEntityOfPage\":{\"@id\":\"https:\\\/\\\/fmsb.eu\\\/de\\\/2023\\\/05\\\/28\\\/la-trampa-saducea-de-hacienda-al-tc\\\/\"},\"wordCount\":1001,\"publisher\":{\"@id\":\"https:\\\/\\\/fmsb.eu\\\/de\\\/#organization\"},\"image\":{\"@id\":\"https:\\\/\\\/fmsb.eu\\\/de\\\/2023\\\/05\\\/28\\\/la-trampa-saducea-de-hacienda-al-tc\\\/#primaryimage\"},\"thumbnailUrl\":\"https:\\\/\\\/fmsb.eu\\\/wp-content\\\/uploads\\\/2023\\\/05\\\/FMSB-La-trampa-saducea-de-Hacienda-al-TC-Jorge-Sainz-de-Baranda-00.jpg\",\"keywords\":[\"50.000\",\"abogados\",\"administraci\u00f3n tributaria\",\"administraciones tributarias\",\"aeat\",\"agencia tributaria\",\"antifraude\",\"aplazamiento\",\"articulos\",\"asesores\",\"ATIB\",\"baleares\",\"blanqueo\",\"blanqueo de capitales\",\"campa\u00f1a de la renta\",\"campa\u00f1a irpf\",\"catastro\",\"comunidad aut\u00f3noma\",\"declaraci\u00f3n de inconstitucionalidad\",\"declaraci\u00f3n de nulidad\",\"deflaci\u00f3n\",\"deflactaci\u00f3n\",\"deflactar\",\"derecho civil propio\",\"derecho de la uni\u00f3n europea\",\"derecho fiscal\",\"derecho tributario\",\"deudas\",\"dgt\",\"direcci\u00f3n general de tributos\",\"direcci\u00f3n general del catastro\",\"doble imposici\u00f3n\",\"economistas\",\"el arenal\",\"exenci\u00f3n por reinversi\u00f3n\",\"extranjeros\",\"fallecimiento\",\"fmsb\",\"fraccionamiento\",\"fraude fiscal\",\"Galicia\",\"gravamen extraordinario\",\"Hacienda\",\"herencias\",\"ibi\",\"ibiza\",\"illes balears\",\"impuesto de solidaridad a las grandes fortunas\",\"impuesto de sucesiones\",\"impuesto sobre la renta\",\"impuestos\",\"incremento del valor de los terrenos de naturaleza urbana\",\"IRPF\",\"jorge lorenzo\",\"jorge sainz de baranda\",\"law\",\"lawyers\",\"ley antifraude\",\"mallorca\",\"mallorcadiario\",\"Manacor\",\"menorca\",\"modelo 720\",\"mortis causa\",\"obligado tributario\",\"opinion\",\"pactos sucesorioes\",\"pactos sucesorios\",\"Palma\",\"patrimonio\",\"plan anual de control tributario\",\"plusval\u00eda\",\"port d&#8217;andratx\",\"prespuestos generales del estado\",\"presupuestos 2021\",\"prevenci\u00f3n\",\"proindiviso\",\"propuestas\",\"puerto de andratx\",\"recargo\",\"reforma\",\"residentes fiscales\",\"resindencia fiscal\",\"solicitors\",\"sucesi\u00f3n\",\"sucesi\u00f3n en vida\",\"sucesiones y donaciones\",\"tasa amazon\",\"TEAC\",\"TEAR\",\"testador\",\"Tribunal Econ\u00f3mico Administrativo\",\"Tribunal Econ\u00f3mico Administrativo Central\",\"Tribunal Econ\u00f3mico Administrativo Regional\",\"tributos\",\"ue\",\"valor de referencia\",\"valor de referencia catastral\"],\"articleSection\":[\"actualidad\",\"blog\",\"Derecho Fiscal\",\"Derecho Tributario\",\"impuestos\",\"Opini\u00f3n\"],\"inLanguage\":\"de\"},{\"@type\":\"WebPage\",\"@id\":\"https:\\\/\\\/fmsb.eu\\\/de\\\/2023\\\/05\\\/28\\\/la-trampa-saducea-de-hacienda-al-tc\\\/\",\"url\":\"https:\\\/\\\/fmsb.eu\\\/de\\\/2023\\\/05\\\/28\\\/la-trampa-saducea-de-hacienda-al-tc\\\/\",\"name\":\"La \u00abTrampa Saducea\u00bb de Hacienda al Tribunal Constitucional, opini\u00f3n de Jorge S\u00e1inz de Baranda en Mallorcadiario - FMSB Abogados y Economistas en Baleares\",\"isPartOf\":{\"@id\":\"https:\\\/\\\/fmsb.eu\\\/de\\\/#website\"},\"primaryImageOfPage\":{\"@id\":\"https:\\\/\\\/fmsb.eu\\\/de\\\/2023\\\/05\\\/28\\\/la-trampa-saducea-de-hacienda-al-tc\\\/#primaryimage\"},\"image\":{\"@id\":\"https:\\\/\\\/fmsb.eu\\\/de\\\/2023\\\/05\\\/28\\\/la-trampa-saducea-de-hacienda-al-tc\\\/#primaryimage\"},\"thumbnailUrl\":\"https:\\\/\\\/fmsb.eu\\\/wp-content\\\/uploads\\\/2023\\\/05\\\/FMSB-La-trampa-saducea-de-Hacienda-al-TC-Jorge-Sainz-de-Baranda-00.jpg\",\"datePublished\":\"2023-05-28T10:08:03+00:00\",\"breadcrumb\":{\"@id\":\"https:\\\/\\\/fmsb.eu\\\/de\\\/2023\\\/05\\\/28\\\/la-trampa-saducea-de-hacienda-al-tc\\\/#breadcrumb\"},\"inLanguage\":\"de\",\"potentialAction\":[{\"@type\":\"ReadAction\",\"target\":[\"https:\\\/\\\/fmsb.eu\\\/de\\\/2023\\\/05\\\/28\\\/la-trampa-saducea-de-hacienda-al-tc\\\/\"]}]},{\"@type\":\"ImageObject\",\"inLanguage\":\"de\",\"@id\":\"https:\\\/\\\/fmsb.eu\\\/de\\\/2023\\\/05\\\/28\\\/la-trampa-saducea-de-hacienda-al-tc\\\/#primaryimage\",\"url\":\"https:\\\/\\\/fmsb.eu\\\/wp-content\\\/uploads\\\/2023\\\/05\\\/FMSB-La-trampa-saducea-de-Hacienda-al-TC-Jorge-Sainz-de-Baranda-00.jpg\",\"contentUrl\":\"https:\\\/\\\/fmsb.eu\\\/wp-content\\\/uploads\\\/2023\\\/05\\\/FMSB-La-trampa-saducea-de-Hacienda-al-TC-Jorge-Sainz-de-Baranda-00.jpg\",\"width\":1600,\"height\":1299},{\"@type\":\"BreadcrumbList\",\"@id\":\"https:\\\/\\\/fmsb.eu\\\/de\\\/2023\\\/05\\\/28\\\/la-trampa-saducea-de-hacienda-al-tc\\\/#breadcrumb\",\"itemListElement\":[{\"@type\":\"ListItem\",\"position\":1,\"name\":\"Portada\",\"item\":\"https:\\\/\\\/fmsb.eu\\\/de\\\/\"},{\"@type\":\"ListItem\",\"position\":2,\"name\":\"La \u00abTrampa Saducea\u00bb de Hacienda al Tribunal Constitucional, opini\u00f3n de Jorge S\u00e1inz de Baranda en Mallorcadiario\"}]},{\"@type\":\"WebSite\",\"@id\":\"https:\\\/\\\/fmsb.eu\\\/de\\\/#website\",\"url\":\"https:\\\/\\\/fmsb.eu\\\/de\\\/\",\"name\":\"FMSB Abogados y Economistas en Baleares\",\"description\":\"\",\"publisher\":{\"@id\":\"https:\\\/\\\/fmsb.eu\\\/de\\\/#organization\"},\"potentialAction\":[{\"@type\":\"SearchAction\",\"target\":{\"@type\":\"EntryPoint\",\"urlTemplate\":\"https:\\\/\\\/fmsb.eu\\\/de\\\/?s={search_term_string}\"},\"query-input\":{\"@type\":\"PropertyValueSpecification\",\"valueRequired\":true,\"valueName\":\"search_term_string\"}}],\"inLanguage\":\"de\"},{\"@type\":\"Organization\",\"@id\":\"https:\\\/\\\/fmsb.eu\\\/de\\\/#organization\",\"name\":\"FMSB Abogados y Economistas en Baleares\",\"url\":\"https:\\\/\\\/fmsb.eu\\\/de\\\/\",\"logo\":{\"@type\":\"ImageObject\",\"inLanguage\":\"de\",\"@id\":\"https:\\\/\\\/fmsb.eu\\\/de\\\/#\\\/schema\\\/logo\\\/image\\\/\",\"url\":\"https:\\\/\\\/fmsb.eu\\\/wp-content\\\/uploads\\\/2025\\\/02\\\/logo.svg\",\"contentUrl\":\"https:\\\/\\\/fmsb.eu\\\/wp-content\\\/uploads\\\/2025\\\/02\\\/logo.svg\",\"width\":154,\"height\":52,\"caption\":\"FMSB Abogados y Economistas en Baleares\"},\"image\":{\"@id\":\"https:\\\/\\\/fmsb.eu\\\/de\\\/#\\\/schema\\\/logo\\\/image\\\/\"}},{\"@type\":\"Person\",\"@id\":\"https:\\\/\\\/fmsb.eu\\\/de\\\/#\\\/schema\\\/person\\\/9fba7c70814b0cd34d35d655d36a4ca2\",\"name\":\"fmsb\",\"image\":{\"@type\":\"ImageObject\",\"inLanguage\":\"de\",\"@id\":\"https:\\\/\\\/secure.gravatar.com\\\/avatar\\\/426f4d5b0ebcace85460caf87cdaaa193694b611e990615d87a13f322fb7ee7f?s=96&d=mm&r=g\",\"url\":\"https:\\\/\\\/secure.gravatar.com\\\/avatar\\\/426f4d5b0ebcace85460caf87cdaaa193694b611e990615d87a13f322fb7ee7f?s=96&d=mm&r=g\",\"contentUrl\":\"https:\\\/\\\/secure.gravatar.com\\\/avatar\\\/426f4d5b0ebcace85460caf87cdaaa193694b611e990615d87a13f322fb7ee7f?s=96&d=mm&r=g\",\"caption\":\"fmsb\"},\"sameAs\":[\"https:\\\/\\\/x.com\\\/fmsb-disstint\"],\"url\":\"https:\\\/\\\/fmsb.eu\\\/de\\\/author\\\/fmsb\\\/\"}]}<\/script>\n<!-- \/ Yoast SEO plugin. -->","yoast_head_json":{"title":"La \u00abTrampa Saducea\u00bb de Hacienda al Tribunal Constitucional, opini\u00f3n de Jorge S\u00e1inz de Baranda en Mallorcadiario - FMSB Abogados y Economistas en Baleares","robots":{"index":"index","follow":"follow","max-snippet":"max-snippet:-1","max-image-preview":"max-image-preview:large","max-video-preview":"max-video-preview:-1"},"canonical":"https:\/\/fmsb.eu\/de\/2023\/05\/28\/la-trampa-saducea-de-hacienda-al-tc\/","og_locale":"de_DE","og_type":"article","og_title":"La \u00abTrampa Saducea\u00bb de Hacienda al Tribunal Constitucional, opini\u00f3n de Jorge S\u00e1inz de Baranda en Mallorcadiario - FMSB Abogados y Economistas en Baleares","og_description":"&nbsp; mallorcadiario.com\u00a0 Opini\u00f3n DOMINGO 28 DE MAYO DE 2023 \u00a0 La \u00abTrampa Saducea\u00bb de Hacienda al Tribunal Constitucional Por\u00a0Jorge S\u00e1inz de Baranda M\u00c1S ART\u00cdCULOS DEL AUTOR &nbsp; Inspirado por la magn\u00edfica Regata Portals-Ibiza organizada por la APD, vengo hoy, en plena jornada electoral, con la expresi\u00f3n \u00abTrampa saducea\u00bb, que tanto le gustaba a mi padre [&hellip;]","og_url":"https:\/\/fmsb.eu\/de\/2023\/05\/28\/la-trampa-saducea-de-hacienda-al-tc\/","og_site_name":"FMSB Abogados y Economistas en Baleares","article_published_time":"2023-05-28T10:08:03+00:00","og_image":[{"width":1600,"height":1299,"url":"https:\/\/fmsb.eu\/wp-content\/uploads\/2023\/05\/FMSB-La-trampa-saducea-de-Hacienda-al-TC-Jorge-Sainz-de-Baranda-00.jpg","type":"image\/jpeg"}],"author":"fmsb","twitter_card":"summary_large_image","twitter_creator":"@fmsb-disstint","twitter_misc":{"Verfasst von":"fmsb","Gesch\u00e4tzte Lesezeit":"5\u00a0Minuten"},"schema":{"@context":"https:\/\/schema.org","@graph":[{"@type":"Article","@id":"https:\/\/fmsb.eu\/de\/2023\/05\/28\/la-trampa-saducea-de-hacienda-al-tc\/#article","isPartOf":{"@id":"https:\/\/fmsb.eu\/de\/2023\/05\/28\/la-trampa-saducea-de-hacienda-al-tc\/"},"author":{"name":"fmsb","@id":"https:\/\/fmsb.eu\/de\/#\/schema\/person\/9fba7c70814b0cd34d35d655d36a4ca2"},"headline":"La \u00abTrampa Saducea\u00bb de Hacienda al Tribunal Constitucional, opini\u00f3n de Jorge S\u00e1inz de Baranda en Mallorcadiario","datePublished":"2023-05-28T10:08:03+00:00","mainEntityOfPage":{"@id":"https:\/\/fmsb.eu\/de\/2023\/05\/28\/la-trampa-saducea-de-hacienda-al-tc\/"},"wordCount":1001,"publisher":{"@id":"https:\/\/fmsb.eu\/de\/#organization"},"image":{"@id":"https:\/\/fmsb.eu\/de\/2023\/05\/28\/la-trampa-saducea-de-hacienda-al-tc\/#primaryimage"},"thumbnailUrl":"https:\/\/fmsb.eu\/wp-content\/uploads\/2023\/05\/FMSB-La-trampa-saducea-de-Hacienda-al-TC-Jorge-Sainz-de-Baranda-00.jpg","keywords":["50.000","abogados","administraci\u00f3n tributaria","administraciones tributarias","aeat","agencia tributaria","antifraude","aplazamiento","articulos","asesores","ATIB","baleares","blanqueo","blanqueo de capitales","campa\u00f1a de la renta","campa\u00f1a irpf","catastro","comunidad aut\u00f3noma","declaraci\u00f3n de inconstitucionalidad","declaraci\u00f3n de nulidad","deflaci\u00f3n","deflactaci\u00f3n","deflactar","derecho civil propio","derecho de la uni\u00f3n europea","derecho fiscal","derecho tributario","deudas","dgt","direcci\u00f3n general de tributos","direcci\u00f3n general del catastro","doble imposici\u00f3n","economistas","el arenal","exenci\u00f3n por reinversi\u00f3n","extranjeros","fallecimiento","fmsb","fraccionamiento","fraude fiscal","Galicia","gravamen extraordinario","Hacienda","herencias","ibi","ibiza","illes balears","impuesto de solidaridad a las grandes fortunas","impuesto de sucesiones","impuesto sobre la renta","impuestos","incremento del valor de los terrenos de naturaleza urbana","IRPF","jorge lorenzo","jorge sainz de baranda","law","lawyers","ley antifraude","mallorca","mallorcadiario","Manacor","menorca","modelo 720","mortis causa","obligado tributario","opinion","pactos sucesorioes","pactos sucesorios","Palma","patrimonio","plan anual de control tributario","plusval\u00eda","port d&#8217;andratx","prespuestos generales del estado","presupuestos 2021","prevenci\u00f3n","proindiviso","propuestas","puerto de andratx","recargo","reforma","residentes fiscales","resindencia fiscal","solicitors","sucesi\u00f3n","sucesi\u00f3n en vida","sucesiones y donaciones","tasa amazon","TEAC","TEAR","testador","Tribunal Econ\u00f3mico Administrativo","Tribunal Econ\u00f3mico Administrativo Central","Tribunal Econ\u00f3mico Administrativo Regional","tributos","ue","valor de referencia","valor de referencia catastral"],"articleSection":["actualidad","blog","Derecho Fiscal","Derecho Tributario","impuestos","Opini\u00f3n"],"inLanguage":"de"},{"@type":"WebPage","@id":"https:\/\/fmsb.eu\/de\/2023\/05\/28\/la-trampa-saducea-de-hacienda-al-tc\/","url":"https:\/\/fmsb.eu\/de\/2023\/05\/28\/la-trampa-saducea-de-hacienda-al-tc\/","name":"La \u00abTrampa Saducea\u00bb de Hacienda al Tribunal Constitucional, opini\u00f3n de Jorge S\u00e1inz de Baranda en Mallorcadiario - FMSB Abogados y Economistas en Baleares","isPartOf":{"@id":"https:\/\/fmsb.eu\/de\/#website"},"primaryImageOfPage":{"@id":"https:\/\/fmsb.eu\/de\/2023\/05\/28\/la-trampa-saducea-de-hacienda-al-tc\/#primaryimage"},"image":{"@id":"https:\/\/fmsb.eu\/de\/2023\/05\/28\/la-trampa-saducea-de-hacienda-al-tc\/#primaryimage"},"thumbnailUrl":"https:\/\/fmsb.eu\/wp-content\/uploads\/2023\/05\/FMSB-La-trampa-saducea-de-Hacienda-al-TC-Jorge-Sainz-de-Baranda-00.jpg","datePublished":"2023-05-28T10:08:03+00:00","breadcrumb":{"@id":"https:\/\/fmsb.eu\/de\/2023\/05\/28\/la-trampa-saducea-de-hacienda-al-tc\/#breadcrumb"},"inLanguage":"de","potentialAction":[{"@type":"ReadAction","target":["https:\/\/fmsb.eu\/de\/2023\/05\/28\/la-trampa-saducea-de-hacienda-al-tc\/"]}]},{"@type":"ImageObject","inLanguage":"de","@id":"https:\/\/fmsb.eu\/de\/2023\/05\/28\/la-trampa-saducea-de-hacienda-al-tc\/#primaryimage","url":"https:\/\/fmsb.eu\/wp-content\/uploads\/2023\/05\/FMSB-La-trampa-saducea-de-Hacienda-al-TC-Jorge-Sainz-de-Baranda-00.jpg","contentUrl":"https:\/\/fmsb.eu\/wp-content\/uploads\/2023\/05\/FMSB-La-trampa-saducea-de-Hacienda-al-TC-Jorge-Sainz-de-Baranda-00.jpg","width":1600,"height":1299},{"@type":"BreadcrumbList","@id":"https:\/\/fmsb.eu\/de\/2023\/05\/28\/la-trampa-saducea-de-hacienda-al-tc\/#breadcrumb","itemListElement":[{"@type":"ListItem","position":1,"name":"Portada","item":"https:\/\/fmsb.eu\/de\/"},{"@type":"ListItem","position":2,"name":"La \u00abTrampa Saducea\u00bb de Hacienda al Tribunal Constitucional, opini\u00f3n de Jorge S\u00e1inz de Baranda en Mallorcadiario"}]},{"@type":"WebSite","@id":"https:\/\/fmsb.eu\/de\/#website","url":"https:\/\/fmsb.eu\/de\/","name":"FMSB Abogados y Economistas en Baleares","description":"","publisher":{"@id":"https:\/\/fmsb.eu\/de\/#organization"},"potentialAction":[{"@type":"SearchAction","target":{"@type":"EntryPoint","urlTemplate":"https:\/\/fmsb.eu\/de\/?s={search_term_string}"},"query-input":{"@type":"PropertyValueSpecification","valueRequired":true,"valueName":"search_term_string"}}],"inLanguage":"de"},{"@type":"Organization","@id":"https:\/\/fmsb.eu\/de\/#organization","name":"FMSB Abogados y Economistas en Baleares","url":"https:\/\/fmsb.eu\/de\/","logo":{"@type":"ImageObject","inLanguage":"de","@id":"https:\/\/fmsb.eu\/de\/#\/schema\/logo\/image\/","url":"https:\/\/fmsb.eu\/wp-content\/uploads\/2025\/02\/logo.svg","contentUrl":"https:\/\/fmsb.eu\/wp-content\/uploads\/2025\/02\/logo.svg","width":154,"height":52,"caption":"FMSB Abogados y Economistas en Baleares"},"image":{"@id":"https:\/\/fmsb.eu\/de\/#\/schema\/logo\/image\/"}},{"@type":"Person","@id":"https:\/\/fmsb.eu\/de\/#\/schema\/person\/9fba7c70814b0cd34d35d655d36a4ca2","name":"fmsb","image":{"@type":"ImageObject","inLanguage":"de","@id":"https:\/\/secure.gravatar.com\/avatar\/426f4d5b0ebcace85460caf87cdaaa193694b611e990615d87a13f322fb7ee7f?s=96&d=mm&r=g","url":"https:\/\/secure.gravatar.com\/avatar\/426f4d5b0ebcace85460caf87cdaaa193694b611e990615d87a13f322fb7ee7f?s=96&d=mm&r=g","contentUrl":"https:\/\/secure.gravatar.com\/avatar\/426f4d5b0ebcace85460caf87cdaaa193694b611e990615d87a13f322fb7ee7f?s=96&d=mm&r=g","caption":"fmsb"},"sameAs":["https:\/\/x.com\/fmsb-disstint"],"url":"https:\/\/fmsb.eu\/de\/author\/fmsb\/"}]}},"_links":{"self":[{"href":"https:\/\/fmsb.eu\/de\/wp-json\/wp\/v2\/posts\/11165","targetHints":{"allow":["GET"]}}],"collection":[{"href":"https:\/\/fmsb.eu\/de\/wp-json\/wp\/v2\/posts"}],"about":[{"href":"https:\/\/fmsb.eu\/de\/wp-json\/wp\/v2\/types\/post"}],"author":[{"embeddable":true,"href":"https:\/\/fmsb.eu\/de\/wp-json\/wp\/v2\/users\/2"}],"replies":[{"embeddable":true,"href":"https:\/\/fmsb.eu\/de\/wp-json\/wp\/v2\/comments?post=11165"}],"version-history":[{"count":0,"href":"https:\/\/fmsb.eu\/de\/wp-json\/wp\/v2\/posts\/11165\/revisions"}],"wp:featuredmedia":[{"embeddable":true,"href":"https:\/\/fmsb.eu\/de\/wp-json\/wp\/v2\/media\/10097"}],"wp:attachment":[{"href":"https:\/\/fmsb.eu\/de\/wp-json\/wp\/v2\/media?parent=11165"}],"wp:term":[{"taxonomy":"category","embeddable":true,"href":"https:\/\/fmsb.eu\/de\/wp-json\/wp\/v2\/categories?post=11165"},{"taxonomy":"post_tag","embeddable":true,"href":"https:\/\/fmsb.eu\/de\/wp-json\/wp\/v2\/tags?post=11165"}],"curies":[{"name":"wp","href":"https:\/\/api.w.org\/{rel}","templated":true}]}}