{"id":11171,"date":"2023-05-19T18:59:26","date_gmt":"2023-05-19T16:59:26","guid":{"rendered":"http:\/\/fmsb.disstintbeta.com\/2023\/05\/19\/indemnizacion-promotora-inmobiliaria-perdidas-plan-ordenacion-urbana-nulo\/"},"modified":"2023-05-19T18:59:26","modified_gmt":"2023-05-19T16:59:26","slug":"indemnizacion-promotora-inmobiliaria-perdidas-plan-ordenacion-urbana-nulo","status":"publish","type":"post","link":"https:\/\/fmsb.eu\/de\/2023\/05\/19\/indemnizacion-promotora-inmobiliaria-perdidas-plan-ordenacion-urbana-nulo\/","title":{"rendered":"La Administraci\u00f3n indemnizar\u00e1 a una promotora por las p\u00e9rdidas derivadas de un plan urban\u00edstico declarado nulo"},"content":{"rendered":"<p><a href=\"http:\/\/fmsb.disstintbeta.com\/wp-content\/uploads\/2023\/05\/FMSB-PGOU-declarado-nulo-indemnizacion-a-promotora.jpg\"><img fetchpriority=\"high\" decoding=\"async\" class=\"alignnone wp-image-6958\" src=\"http:\/\/fmsb.disstintbeta.com\/wp-content\/uploads\/2023\/05\/FMSB-PGOU-declarado-nulo-indemnizacion-a-promotora.jpg\" alt=\"\" width=\"800\" height=\"800\" srcset=\"https:\/\/font-mora-sainz-baranda.fra1.digitaloceanspaces.com\/wp-content\/uploads\/2023\/05\/FMSB-PGOU-declarado-nulo-indemnizacion-a-promotora.jpg 2000w, https:\/\/font-mora-sainz-baranda.fra1.digitaloceanspaces.com\/wp-content\/uploads\/2023\/05\/FMSB-PGOU-declarado-nulo-indemnizacion-a-promotora-300x300.jpg 300w, https:\/\/font-mora-sainz-baranda.fra1.digitaloceanspaces.com\/wp-content\/uploads\/2023\/05\/FMSB-PGOU-declarado-nulo-indemnizacion-a-promotora-1024x1024.jpg 1024w, https:\/\/font-mora-sainz-baranda.fra1.digitaloceanspaces.com\/wp-content\/uploads\/2023\/05\/FMSB-PGOU-declarado-nulo-indemnizacion-a-promotora-150x150.jpg 150w, https:\/\/font-mora-sainz-baranda.fra1.digitaloceanspaces.com\/wp-content\/uploads\/2023\/05\/FMSB-PGOU-declarado-nulo-indemnizacion-a-promotora-768x768.jpg 768w, https:\/\/font-mora-sainz-baranda.fra1.digitaloceanspaces.com\/wp-content\/uploads\/2023\/05\/FMSB-PGOU-declarado-nulo-indemnizacion-a-promotora-1536x1536.jpg 1536w\" sizes=\"(max-width: 800px) 100vw, 800px\" \/><\/a><\/p>\n<h1><strong><span style=\"color: #ff0000;\">La Administraci\u00f3n indemnizar\u00e1 a una promotora por las p\u00e9rdidas derivadas de un plan urban\u00edstico declarado nulo<\/span><\/strong><\/h1>\n<p>El <strong>Plan General de Ordenaci\u00f3n Urbana<\/strong> (PGOU) aprobado provisionalmente por parte del Ayuntamiento del pueblo de Lliria y definitivamente por la Administraci\u00f3n auton\u00f3mica valenciana fue <strong>declarado nulo<\/strong> finalmente por el Tribunal Supremo debido a haberse omitido en el procedimiento un necesario <strong>informe vinculante<\/strong> de la Confederaci\u00f3n Hidrogr\u00e1fica del r\u00edo J\u00facar. Desde la aprobaci\u00f3n del PGOU y hasta su posterior nulidad por parte del Alto Tribunal, la mercantil, como agente urbanizador de los terrenos, realiz\u00f3 gastos en dicha tarea superiores a los 300.000 euros que, seg\u00fan <a href=\"http:\/\/fmsb.disstintbeta.com\/wp-content\/uploads\/2023\/05\/STSJ_CV_566_2023.pdf\"><span style=\"color: #ff0000;\"><strong>sentencia<\/strong><\/span><\/a> del Tribunal Superior de Justicia de Valencia (TSJ-V) deber\u00e1n ser indemnizados, la cual puedes consultar en pdf <span style=\"color: #ff0000;\"><a style=\"color: #ff0000;\" href=\"http:\/\/fmsb.disstintbeta.com\/wp-content\/uploads\/2023\/05\/STSJ_CV_566_2023.pdf\"><strong>aqu\u00ed<\/strong><\/a><\/span>. La declaraci\u00f3n de nulidad del PGOU por no haberse recabado el informe pertinente determin\u00f3 que el suelo volviese a la tener la condici\u00f3n inicial de no urbanizable y, con ello, que todos los gastos realizados por la promotora\/constructora inmobiliaria para llevar a cabo la tarea urbanizadora de los terrenos in\u00fatiles, incluidos los pagos realizados en concepto de IBI (impuesto sobre bienes inmuebles). El TSJ-V declara la <strong>responsabilidad patrimonial de las administraciones involucradas<\/strong>, local y auton\u00f3mica, <strong>de forma solidaria<\/strong> para con la promotora por la aprobaci\u00f3n antijur\u00eddica del PGOU.<\/p>\n<p>Lee m\u00e1s sobre esta noticia en el art\u00edculo del portal <a href=\"https:\/\/noticias.juridicas.com\/actualidad\/jurisprudencia\/17986-el-ayuntamiento-de-lliria-debe-indemnizar-a-una-inmobiliaria-por-las-perdidas-derivadas-de-la-nulidad-del-plan-urbanistico\/\"><strong><span style=\"color: #ff0000;\">Noticias Jur\u00eddicas<\/span><\/strong><\/a> (haz clic en este enlace para ir directamente a la fuente):<\/p>\n<hr \/>\n<h1><a href=\"https:\/\/noticias.juridicas.com\/actualidad\/jurisprudencia\/17986-el-ayuntamiento-de-lliria-debe-indemnizar-a-una-inmobiliaria-por-las-perdidas-derivadas-de-la-nulidad-del-plan-urbanistico\/\"><strong><span style=\"color: #800000;\"><span style=\"color: #ff0000;\">El Ayuntamiento de Lliria debe indemnizar a una inmobiliaria por las p\u00e9rdidas derivadas de la nulidad del plan urban\u00edstico<\/span><\/span><\/strong><\/a><\/h1>\n<h2><span style=\"color: #ff0000;\"><strong>El Ayuntamiento hab\u00eda omitido un informe que hizo que el suelo se recalificase por v\u00eda judicial como no urbanizable <\/strong><\/span><\/h2>\n<p><span style=\"color: #ff0000;\"><strong>FUENTE: <a style=\"color: #ff0000;\" href=\"https:\/\/noticias.juridicas.com\/actualidad\/jurisprudencia\/17986-el-ayuntamiento-de-lliria-debe-indemnizar-a-una-inmobiliaria-por-las-perdidas-derivadas-de-la-nulidad-del-plan-urbanistico\/\">Noticias Jur\u00eddicas<\/a> AUTOR: Redacci\u00f3n<\/strong><\/span><\/p>\n<p><a href=\"http:\/\/diariolaley.laley.es\/content\/Documento.aspx?idd=%20JU0007729669&amp;version=vigente&amp;verifyDocType=false&amp;absoluteUri=True\">CONSULTE LA SENTENCIA\u00a0AQU\u00cd<\/a><\/p>\n<p>El Tribunal Superior de Justicia de Valencia ha estimado el recurso que ha interpuesto una entidad mercantil, por los da\u00f1os que ha ocasionado la omisi\u00f3n del informe vinculante de la Confederaci\u00f3n Hidrogr\u00e1fica del J\u00facar sobre la suficiencia de recursos h\u00eddricos.<\/p>\n<p>El presente litigio tiene su inicio en la <strong>aprobaci\u00f3n <\/strong>definitiva del PGOU por el Ayuntamiento. Dicho plan convert\u00eda la zona de SRA-28 Coto de Catal\u00e1 en suelo urbanizable y preve\u00eda la construcci\u00f3n en el sector de viviendas y un campo de golf y establec\u00eda un uso predominante residencial y sus compatibles hotelero, comercial y ocio. El Ayuntamiento adjudicaba a una mercantil la condici\u00f3n de agente urbanizador de la zona. En los meses posteriores la actora adquiri\u00f3 diversas propiedades que sumaban una amplia superficie, desembolsando con diversas gestiones, la cantidad total de 323.604,63 euros.<\/p>\n<p>Con posterioridad, el Supremo decreta la <strong>nulidad <\/strong>del PGOU por la <strong>ausencia <\/strong>del informe vinculante de la Confederaci\u00f3n Hidrogr\u00e1fica del J\u00facar sobre la suficiencia de recursos h\u00eddricos. Ello conlleva a que el suelo pasase de nuevo a tener la condici\u00f3n de no urbanizable. Este error provoc\u00f3 a la demandante unos da\u00f1os que no ten\u00edan por qu\u00e9 soportar. De haberse cumplido el tr\u00e1mite omitido se hubiera mantenido la condici\u00f3n del suelo que ten\u00eda en el momento de su adquisici\u00f3n.<\/p>\n<h2><span style=\"color: #ff0000;\"><strong>Da\u00f1os generados<\/strong><\/span><\/h2>\n<p>El TSJ declara que la p\u00e9rdida de condici\u00f3n del suelo apto para ser urbanizable, por culpa de un proceder administrativo antijur\u00eddico, conlleva a que no se pueda negar la <strong>evidencia <\/strong>de que ha provocado unos <strong>da\u00f1os <\/strong>que se traducen en unos gastos que hubieran servido y hubieran resultado procedentes de no haberse anulado el plan. Sin embargo, al haberse invalidado el mismo han resultado in\u00fatiles.<\/p>\n<p>En consecuencia, la Sala valora cada uno de los <strong>gastos <\/strong>reclamados y las <strong>cuotas <\/strong>del IBI pagado argumentando que la anulaci\u00f3n del PGOU (como disposici\u00f3n de car\u00e1cter general), no afecta a las liquidaciones firmes del IBI que se efectuaron en raz\u00f3n a la calidad del suelo urbano previsto y establecido en el Plan, por lo que la soluci\u00f3n que se abre como razonable para su restituci\u00f3n y devoluci\u00f3n debe ser la de la responsabilidad patrimonial reclamada.<\/p>\n<p>Por otro lado, establece que la reclamaci\u00f3n de la cuota cero como gastos de urbanizaci\u00f3n, no se debe dirigir al agente urbanizador sino a la <strong>Administraci\u00f3n <\/strong>que fue quien aprob\u00f3 la cuota con car\u00e1cter obligatorio para el interesado, totalmente improcedente en un suelo no urbanizable.<\/p>\n<p>El tribunal tambi\u00e9n aborda el <strong>reintegro <\/strong>de los gastos de aval que se prestan como garant\u00eda de los gastos de urbanizaci\u00f3n, y se\u00f1ala ser\u00eda absurdo tener que soportar unos gastos financieros por avales para asegurar y garantizar obras de urbanizaci\u00f3n, que nunca se van a llevar a cabo.<\/p>\n<p>Finalmente, fija que la <strong>responsabilidad <\/strong>que se declara es solidaria entre las dos Administraciones demandadas pues ambas han contribuido de igual manera a la producci\u00f3n del da\u00f1o. La Corporaci\u00f3n local al haber tramitado y aprobado provisionalmente el PGOU y la Administraci\u00f3n Auton\u00f3mica al autorizarlo definitivamente.<\/p>\n<hr \/>\n<p><span style=\"color: #999999;\">#fmsb #abogados #economistas #derecho #urbanismo #administrativo #contencioso #construcci\u00f3n #urbanizaci\u00f3n #responsabilidad #patrimonial #Administraci\u00f3n #PGOU #plan #ordenaci\u00f3n #gastos #indemnizaci\u00f3n #suelo #urbanizable #suelo #r\u00fastico #baleares #mallorca #menorca #ibiza #formentera #palma #elarenal #manacor #portdandratx #law #lawyers #solicitors<\/span><\/p>\n","protected":false},"excerpt":{"rendered":"<p>La Administraci\u00f3n indemnizar\u00e1 a una promotora por las p\u00e9rdidas derivadas de un plan urban\u00edstico declarado nulo El Plan General de Ordenaci\u00f3n Urbana (PGOU) aprobado provisionalmente por parte del Ayuntamiento del pueblo de Lliria y definitivamente por la Administraci\u00f3n auton\u00f3mica valenciana fue declarado nulo finalmente por el Tribunal Supremo debido a haberse omitido en el procedimiento [&hellip;]<\/p>\n","protected":false},"author":2,"featured_media":10089,"comment_status":"closed","ping_status":"open","sticky":false,"template":"","format":"standard","meta":{"footnotes":""},"categories":[2198,2199,2308,2201,2202],"tags":[2206,3486,3618,4173,4174,4175,2219,2223,2224,4176,2225,2401,4177,2332,4178,4179,2231,2232,2234,2482,4181,2345,4183,4184,4185,4186,3935,2356,2802,4189,3344],"class_list":["post-11171","post","type-post","status-publish","format-standard","has-post-thumbnail","hentry","category-actualidad-de","category-blog-de","category-derecho-administrativo-de","category-derecho-urbanistico-inmobiliario-de","category-home-de","tag-abogados-de","tag-administracion-de","tag-construccion-de","tag-contencioso-de","tag-derecho-administrativo-de","tag-derecho-urbanistico-de","tag-el-arenal-de","tag-fmsb-de","tag-font-mora-sainz-de-baranda-de","tag-gastos-de-urbanizacion-de","tag-ibiza-de","tag-indemnizacion-de","tag-informe-vinculante-de","tag-islas-baleares-de","tag-ley-de-ordenacion-y-usos-del-suelo-de","tag-lous-de","tag-mallorca-de","tag-manacor-de","tag-menorca-de","tag-nulidad-de","tag-nulo-de","tag-palma-de","tag-pgou-de","tag-plan-general-de-ordenacion-urbana-de","tag-port-dandr-de","tag-prescripcion-de","tag-responsabilidad-patrimonial-de","tag-responsabilidad-solidaria-de","tag-sancion-de","tag-suelo-de","tag-urbanismo-de"],"yoast_head":"<!-- This site is optimized with the Yoast SEO plugin v27.3 - https:\/\/yoast.com\/product\/yoast-seo-wordpress\/ -->\n<title>La Administraci\u00f3n indemnizar\u00e1 a una promotora por las p\u00e9rdidas derivadas de un plan urban\u00edstico declarado nulo - FMSB Abogados y Economistas en Baleares<\/title>\n<meta name=\"description\" content=\"La Administraci\u00f3n local indemnizar\u00e1 a una promotora por las p\u00e9rdidas derivadas de un plan urban\u00edstico (PGOU) declarado nulo\" \/>\n<meta name=\"robots\" content=\"index, follow, max-snippet:-1, max-image-preview:large, max-video-preview:-1\" \/>\n<link rel=\"canonical\" href=\"https:\/\/fmsb.eu\/de\/2023\/05\/19\/indemnizacion-promotora-inmobiliaria-perdidas-plan-ordenacion-urbana-nulo\/\" \/>\n<meta property=\"og:locale\" content=\"de_DE\" \/>\n<meta property=\"og:type\" content=\"article\" \/>\n<meta property=\"og:title\" content=\"La Administraci\u00f3n indemnizar\u00e1 a una promotora por las p\u00e9rdidas derivadas de un plan urban\u00edstico declarado nulo - FMSB Abogados y Economistas en Baleares\" \/>\n<meta property=\"og:description\" content=\"La Administraci\u00f3n local indemnizar\u00e1 a una promotora por las p\u00e9rdidas derivadas de un plan urban\u00edstico (PGOU) declarado nulo\" \/>\n<meta property=\"og:url\" content=\"https:\/\/fmsb.eu\/de\/2023\/05\/19\/indemnizacion-promotora-inmobiliaria-perdidas-plan-ordenacion-urbana-nulo\/\" \/>\n<meta property=\"og:site_name\" content=\"FMSB Abogados y Economistas en Baleares\" \/>\n<meta property=\"article:published_time\" content=\"2023-05-19T16:59:26+00:00\" \/>\n<meta property=\"og:image\" content=\"https:\/\/fmsb.eu\/wp-content\/uploads\/2023\/05\/FMSB-PGOU-declarado-nulo-indemnizacion-a-promotora.jpg\" \/>\n\t<meta property=\"og:image:width\" content=\"2000\" \/>\n\t<meta property=\"og:image:height\" content=\"2000\" \/>\n\t<meta property=\"og:image:type\" content=\"image\/jpeg\" \/>\n<meta name=\"author\" content=\"fmsb\" \/>\n<meta name=\"twitter:card\" content=\"summary_large_image\" \/>\n<meta name=\"twitter:creator\" content=\"@fmsb-disstint\" \/>\n<meta name=\"twitter:label1\" content=\"Verfasst von\" \/>\n\t<meta name=\"twitter:data1\" content=\"fmsb\" \/>\n\t<meta name=\"twitter:label2\" content=\"Gesch\u00e4tzte Lesezeit\" \/>\n\t<meta name=\"twitter:data2\" content=\"4\u00a0Minuten\" \/>\n<script type=\"application\/ld+json\" class=\"yoast-schema-graph\">{\"@context\":\"https:\\\/\\\/schema.org\",\"@graph\":[{\"@type\":\"Article\",\"@id\":\"https:\\\/\\\/fmsb.eu\\\/de\\\/2023\\\/05\\\/19\\\/indemnizacion-promotora-inmobiliaria-perdidas-plan-ordenacion-urbana-nulo\\\/#article\",\"isPartOf\":{\"@id\":\"https:\\\/\\\/fmsb.eu\\\/de\\\/2023\\\/05\\\/19\\\/indemnizacion-promotora-inmobiliaria-perdidas-plan-ordenacion-urbana-nulo\\\/\"},\"author\":{\"name\":\"fmsb\",\"@id\":\"https:\\\/\\\/fmsb.eu\\\/de\\\/#\\\/schema\\\/person\\\/9fba7c70814b0cd34d35d655d36a4ca2\"},\"headline\":\"La Administraci\u00f3n indemnizar\u00e1 a una promotora por las p\u00e9rdidas derivadas de un plan urban\u00edstico declarado nulo\",\"datePublished\":\"2023-05-19T16:59:26+00:00\",\"mainEntityOfPage\":{\"@id\":\"https:\\\/\\\/fmsb.eu\\\/de\\\/2023\\\/05\\\/19\\\/indemnizacion-promotora-inmobiliaria-perdidas-plan-ordenacion-urbana-nulo\\\/\"},\"wordCount\":906,\"publisher\":{\"@id\":\"https:\\\/\\\/fmsb.eu\\\/de\\\/#organization\"},\"image\":{\"@id\":\"https:\\\/\\\/fmsb.eu\\\/de\\\/2023\\\/05\\\/19\\\/indemnizacion-promotora-inmobiliaria-perdidas-plan-ordenacion-urbana-nulo\\\/#primaryimage\"},\"thumbnailUrl\":\"https:\\\/\\\/fmsb.eu\\\/wp-content\\\/uploads\\\/2023\\\/05\\\/FMSB-PGOU-declarado-nulo-indemnizacion-a-promotora.jpg\",\"keywords\":[\"abogados\",\"Administraci\u00f3n\",\"construcci\u00f3n\",\"contencioso\",\"derecho administrativo\",\"derecho urban\u00edstico\",\"el arenal\",\"fmsb\",\"font mora sainz de baranda\",\"gastos de urbanizaci\u00f3n\",\"ibiza\",\"indemnizaci\u00f3n\",\"informe vinculante\",\"islas baleares\",\"ley de ordenaci\u00f3n y usos del suelo\",\"LOUS\",\"mallorca\",\"Manacor\",\"menorca\",\"nulidad\",\"nulo\",\"Palma\",\"pgou\",\"plan general de ordenaci\u00f3n urbana\",\"port d&#8217;andr\",\"prescripci\u00f3n\",\"responsabilidad patrimonial\",\"responsabilidad solidaria\",\"sanci\u00f3n\",\"suelo\",\"urbanismo\"],\"articleSection\":[\"actualidad\",\"blog\",\"Derecho Administrativo\",\"Derecho Urban\u00edstico e Inmobiliario\",\"Home\"],\"inLanguage\":\"de\"},{\"@type\":\"WebPage\",\"@id\":\"https:\\\/\\\/fmsb.eu\\\/de\\\/2023\\\/05\\\/19\\\/indemnizacion-promotora-inmobiliaria-perdidas-plan-ordenacion-urbana-nulo\\\/\",\"url\":\"https:\\\/\\\/fmsb.eu\\\/de\\\/2023\\\/05\\\/19\\\/indemnizacion-promotora-inmobiliaria-perdidas-plan-ordenacion-urbana-nulo\\\/\",\"name\":\"La Administraci\u00f3n indemnizar\u00e1 a una promotora por las p\u00e9rdidas derivadas de un plan urban\u00edstico declarado nulo - FMSB Abogados y Economistas en Baleares\",\"isPartOf\":{\"@id\":\"https:\\\/\\\/fmsb.eu\\\/de\\\/#website\"},\"primaryImageOfPage\":{\"@id\":\"https:\\\/\\\/fmsb.eu\\\/de\\\/2023\\\/05\\\/19\\\/indemnizacion-promotora-inmobiliaria-perdidas-plan-ordenacion-urbana-nulo\\\/#primaryimage\"},\"image\":{\"@id\":\"https:\\\/\\\/fmsb.eu\\\/de\\\/2023\\\/05\\\/19\\\/indemnizacion-promotora-inmobiliaria-perdidas-plan-ordenacion-urbana-nulo\\\/#primaryimage\"},\"thumbnailUrl\":\"https:\\\/\\\/fmsb.eu\\\/wp-content\\\/uploads\\\/2023\\\/05\\\/FMSB-PGOU-declarado-nulo-indemnizacion-a-promotora.jpg\",\"datePublished\":\"2023-05-19T16:59:26+00:00\",\"description\":\"La Administraci\u00f3n local indemnizar\u00e1 a una promotora por las p\u00e9rdidas derivadas de un plan urban\u00edstico (PGOU) declarado nulo\",\"breadcrumb\":{\"@id\":\"https:\\\/\\\/fmsb.eu\\\/de\\\/2023\\\/05\\\/19\\\/indemnizacion-promotora-inmobiliaria-perdidas-plan-ordenacion-urbana-nulo\\\/#breadcrumb\"},\"inLanguage\":\"de\",\"potentialAction\":[{\"@type\":\"ReadAction\",\"target\":[\"https:\\\/\\\/fmsb.eu\\\/de\\\/2023\\\/05\\\/19\\\/indemnizacion-promotora-inmobiliaria-perdidas-plan-ordenacion-urbana-nulo\\\/\"]}]},{\"@type\":\"ImageObject\",\"inLanguage\":\"de\",\"@id\":\"https:\\\/\\\/fmsb.eu\\\/de\\\/2023\\\/05\\\/19\\\/indemnizacion-promotora-inmobiliaria-perdidas-plan-ordenacion-urbana-nulo\\\/#primaryimage\",\"url\":\"https:\\\/\\\/fmsb.eu\\\/wp-content\\\/uploads\\\/2023\\\/05\\\/FMSB-PGOU-declarado-nulo-indemnizacion-a-promotora.jpg\",\"contentUrl\":\"https:\\\/\\\/fmsb.eu\\\/wp-content\\\/uploads\\\/2023\\\/05\\\/FMSB-PGOU-declarado-nulo-indemnizacion-a-promotora.jpg\",\"width\":2000,\"height\":2000},{\"@type\":\"BreadcrumbList\",\"@id\":\"https:\\\/\\\/fmsb.eu\\\/de\\\/2023\\\/05\\\/19\\\/indemnizacion-promotora-inmobiliaria-perdidas-plan-ordenacion-urbana-nulo\\\/#breadcrumb\",\"itemListElement\":[{\"@type\":\"ListItem\",\"position\":1,\"name\":\"Portada\",\"item\":\"https:\\\/\\\/fmsb.eu\\\/de\\\/\"},{\"@type\":\"ListItem\",\"position\":2,\"name\":\"La Administraci\u00f3n indemnizar\u00e1 a una promotora por las p\u00e9rdidas derivadas de un plan urban\u00edstico declarado nulo\"}]},{\"@type\":\"WebSite\",\"@id\":\"https:\\\/\\\/fmsb.eu\\\/de\\\/#website\",\"url\":\"https:\\\/\\\/fmsb.eu\\\/de\\\/\",\"name\":\"FMSB Abogados y Economistas en Baleares\",\"description\":\"\",\"publisher\":{\"@id\":\"https:\\\/\\\/fmsb.eu\\\/de\\\/#organization\"},\"potentialAction\":[{\"@type\":\"SearchAction\",\"target\":{\"@type\":\"EntryPoint\",\"urlTemplate\":\"https:\\\/\\\/fmsb.eu\\\/de\\\/?s={search_term_string}\"},\"query-input\":{\"@type\":\"PropertyValueSpecification\",\"valueRequired\":true,\"valueName\":\"search_term_string\"}}],\"inLanguage\":\"de\"},{\"@type\":\"Organization\",\"@id\":\"https:\\\/\\\/fmsb.eu\\\/de\\\/#organization\",\"name\":\"FMSB Abogados y Economistas en Baleares\",\"url\":\"https:\\\/\\\/fmsb.eu\\\/de\\\/\",\"logo\":{\"@type\":\"ImageObject\",\"inLanguage\":\"de\",\"@id\":\"https:\\\/\\\/fmsb.eu\\\/de\\\/#\\\/schema\\\/logo\\\/image\\\/\",\"url\":\"https:\\\/\\\/fmsb.eu\\\/wp-content\\\/uploads\\\/2025\\\/02\\\/logo.svg\",\"contentUrl\":\"https:\\\/\\\/fmsb.eu\\\/wp-content\\\/uploads\\\/2025\\\/02\\\/logo.svg\",\"width\":154,\"height\":52,\"caption\":\"FMSB Abogados y Economistas en Baleares\"},\"image\":{\"@id\":\"https:\\\/\\\/fmsb.eu\\\/de\\\/#\\\/schema\\\/logo\\\/image\\\/\"}},{\"@type\":\"Person\",\"@id\":\"https:\\\/\\\/fmsb.eu\\\/de\\\/#\\\/schema\\\/person\\\/9fba7c70814b0cd34d35d655d36a4ca2\",\"name\":\"fmsb\",\"image\":{\"@type\":\"ImageObject\",\"inLanguage\":\"de\",\"@id\":\"https:\\\/\\\/secure.gravatar.com\\\/avatar\\\/426f4d5b0ebcace85460caf87cdaaa193694b611e990615d87a13f322fb7ee7f?s=96&d=mm&r=g\",\"url\":\"https:\\\/\\\/secure.gravatar.com\\\/avatar\\\/426f4d5b0ebcace85460caf87cdaaa193694b611e990615d87a13f322fb7ee7f?s=96&d=mm&r=g\",\"contentUrl\":\"https:\\\/\\\/secure.gravatar.com\\\/avatar\\\/426f4d5b0ebcace85460caf87cdaaa193694b611e990615d87a13f322fb7ee7f?s=96&d=mm&r=g\",\"caption\":\"fmsb\"},\"sameAs\":[\"https:\\\/\\\/x.com\\\/fmsb-disstint\"],\"url\":\"https:\\\/\\\/fmsb.eu\\\/de\\\/author\\\/fmsb\\\/\"}]}<\/script>\n<!-- \/ Yoast SEO plugin. -->","yoast_head_json":{"title":"La Administraci\u00f3n indemnizar\u00e1 a una promotora por las p\u00e9rdidas derivadas de un plan urban\u00edstico declarado nulo - FMSB Abogados y Economistas en Baleares","description":"La Administraci\u00f3n local indemnizar\u00e1 a una promotora por las p\u00e9rdidas derivadas de un plan urban\u00edstico (PGOU) declarado nulo","robots":{"index":"index","follow":"follow","max-snippet":"max-snippet:-1","max-image-preview":"max-image-preview:large","max-video-preview":"max-video-preview:-1"},"canonical":"https:\/\/fmsb.eu\/de\/2023\/05\/19\/indemnizacion-promotora-inmobiliaria-perdidas-plan-ordenacion-urbana-nulo\/","og_locale":"de_DE","og_type":"article","og_title":"La Administraci\u00f3n indemnizar\u00e1 a una promotora por las p\u00e9rdidas derivadas de un plan urban\u00edstico declarado nulo - FMSB Abogados y Economistas en Baleares","og_description":"La Administraci\u00f3n local indemnizar\u00e1 a una promotora por las p\u00e9rdidas derivadas de un plan urban\u00edstico (PGOU) declarado nulo","og_url":"https:\/\/fmsb.eu\/de\/2023\/05\/19\/indemnizacion-promotora-inmobiliaria-perdidas-plan-ordenacion-urbana-nulo\/","og_site_name":"FMSB Abogados y Economistas en Baleares","article_published_time":"2023-05-19T16:59:26+00:00","og_image":[{"width":2000,"height":2000,"url":"https:\/\/fmsb.eu\/wp-content\/uploads\/2023\/05\/FMSB-PGOU-declarado-nulo-indemnizacion-a-promotora.jpg","type":"image\/jpeg"}],"author":"fmsb","twitter_card":"summary_large_image","twitter_creator":"@fmsb-disstint","twitter_misc":{"Verfasst von":"fmsb","Gesch\u00e4tzte Lesezeit":"4\u00a0Minuten"},"schema":{"@context":"https:\/\/schema.org","@graph":[{"@type":"Article","@id":"https:\/\/fmsb.eu\/de\/2023\/05\/19\/indemnizacion-promotora-inmobiliaria-perdidas-plan-ordenacion-urbana-nulo\/#article","isPartOf":{"@id":"https:\/\/fmsb.eu\/de\/2023\/05\/19\/indemnizacion-promotora-inmobiliaria-perdidas-plan-ordenacion-urbana-nulo\/"},"author":{"name":"fmsb","@id":"https:\/\/fmsb.eu\/de\/#\/schema\/person\/9fba7c70814b0cd34d35d655d36a4ca2"},"headline":"La Administraci\u00f3n indemnizar\u00e1 a una promotora por las p\u00e9rdidas derivadas de un plan urban\u00edstico declarado nulo","datePublished":"2023-05-19T16:59:26+00:00","mainEntityOfPage":{"@id":"https:\/\/fmsb.eu\/de\/2023\/05\/19\/indemnizacion-promotora-inmobiliaria-perdidas-plan-ordenacion-urbana-nulo\/"},"wordCount":906,"publisher":{"@id":"https:\/\/fmsb.eu\/de\/#organization"},"image":{"@id":"https:\/\/fmsb.eu\/de\/2023\/05\/19\/indemnizacion-promotora-inmobiliaria-perdidas-plan-ordenacion-urbana-nulo\/#primaryimage"},"thumbnailUrl":"https:\/\/fmsb.eu\/wp-content\/uploads\/2023\/05\/FMSB-PGOU-declarado-nulo-indemnizacion-a-promotora.jpg","keywords":["abogados","Administraci\u00f3n","construcci\u00f3n","contencioso","derecho administrativo","derecho urban\u00edstico","el arenal","fmsb","font mora sainz de baranda","gastos de urbanizaci\u00f3n","ibiza","indemnizaci\u00f3n","informe vinculante","islas baleares","ley de ordenaci\u00f3n y usos del suelo","LOUS","mallorca","Manacor","menorca","nulidad","nulo","Palma","pgou","plan general de ordenaci\u00f3n urbana","port d&#8217;andr","prescripci\u00f3n","responsabilidad patrimonial","responsabilidad solidaria","sanci\u00f3n","suelo","urbanismo"],"articleSection":["actualidad","blog","Derecho Administrativo","Derecho Urban\u00edstico e Inmobiliario","Home"],"inLanguage":"de"},{"@type":"WebPage","@id":"https:\/\/fmsb.eu\/de\/2023\/05\/19\/indemnizacion-promotora-inmobiliaria-perdidas-plan-ordenacion-urbana-nulo\/","url":"https:\/\/fmsb.eu\/de\/2023\/05\/19\/indemnizacion-promotora-inmobiliaria-perdidas-plan-ordenacion-urbana-nulo\/","name":"La Administraci\u00f3n indemnizar\u00e1 a una promotora por las p\u00e9rdidas derivadas de un plan urban\u00edstico declarado nulo - FMSB Abogados y Economistas en Baleares","isPartOf":{"@id":"https:\/\/fmsb.eu\/de\/#website"},"primaryImageOfPage":{"@id":"https:\/\/fmsb.eu\/de\/2023\/05\/19\/indemnizacion-promotora-inmobiliaria-perdidas-plan-ordenacion-urbana-nulo\/#primaryimage"},"image":{"@id":"https:\/\/fmsb.eu\/de\/2023\/05\/19\/indemnizacion-promotora-inmobiliaria-perdidas-plan-ordenacion-urbana-nulo\/#primaryimage"},"thumbnailUrl":"https:\/\/fmsb.eu\/wp-content\/uploads\/2023\/05\/FMSB-PGOU-declarado-nulo-indemnizacion-a-promotora.jpg","datePublished":"2023-05-19T16:59:26+00:00","description":"La Administraci\u00f3n local indemnizar\u00e1 a una promotora por las p\u00e9rdidas derivadas de un plan urban\u00edstico (PGOU) declarado nulo","breadcrumb":{"@id":"https:\/\/fmsb.eu\/de\/2023\/05\/19\/indemnizacion-promotora-inmobiliaria-perdidas-plan-ordenacion-urbana-nulo\/#breadcrumb"},"inLanguage":"de","potentialAction":[{"@type":"ReadAction","target":["https:\/\/fmsb.eu\/de\/2023\/05\/19\/indemnizacion-promotora-inmobiliaria-perdidas-plan-ordenacion-urbana-nulo\/"]}]},{"@type":"ImageObject","inLanguage":"de","@id":"https:\/\/fmsb.eu\/de\/2023\/05\/19\/indemnizacion-promotora-inmobiliaria-perdidas-plan-ordenacion-urbana-nulo\/#primaryimage","url":"https:\/\/fmsb.eu\/wp-content\/uploads\/2023\/05\/FMSB-PGOU-declarado-nulo-indemnizacion-a-promotora.jpg","contentUrl":"https:\/\/fmsb.eu\/wp-content\/uploads\/2023\/05\/FMSB-PGOU-declarado-nulo-indemnizacion-a-promotora.jpg","width":2000,"height":2000},{"@type":"BreadcrumbList","@id":"https:\/\/fmsb.eu\/de\/2023\/05\/19\/indemnizacion-promotora-inmobiliaria-perdidas-plan-ordenacion-urbana-nulo\/#breadcrumb","itemListElement":[{"@type":"ListItem","position":1,"name":"Portada","item":"https:\/\/fmsb.eu\/de\/"},{"@type":"ListItem","position":2,"name":"La Administraci\u00f3n indemnizar\u00e1 a una promotora por las p\u00e9rdidas derivadas de un plan urban\u00edstico declarado nulo"}]},{"@type":"WebSite","@id":"https:\/\/fmsb.eu\/de\/#website","url":"https:\/\/fmsb.eu\/de\/","name":"FMSB Abogados y Economistas en Baleares","description":"","publisher":{"@id":"https:\/\/fmsb.eu\/de\/#organization"},"potentialAction":[{"@type":"SearchAction","target":{"@type":"EntryPoint","urlTemplate":"https:\/\/fmsb.eu\/de\/?s={search_term_string}"},"query-input":{"@type":"PropertyValueSpecification","valueRequired":true,"valueName":"search_term_string"}}],"inLanguage":"de"},{"@type":"Organization","@id":"https:\/\/fmsb.eu\/de\/#organization","name":"FMSB Abogados y Economistas en Baleares","url":"https:\/\/fmsb.eu\/de\/","logo":{"@type":"ImageObject","inLanguage":"de","@id":"https:\/\/fmsb.eu\/de\/#\/schema\/logo\/image\/","url":"https:\/\/fmsb.eu\/wp-content\/uploads\/2025\/02\/logo.svg","contentUrl":"https:\/\/fmsb.eu\/wp-content\/uploads\/2025\/02\/logo.svg","width":154,"height":52,"caption":"FMSB Abogados y Economistas en Baleares"},"image":{"@id":"https:\/\/fmsb.eu\/de\/#\/schema\/logo\/image\/"}},{"@type":"Person","@id":"https:\/\/fmsb.eu\/de\/#\/schema\/person\/9fba7c70814b0cd34d35d655d36a4ca2","name":"fmsb","image":{"@type":"ImageObject","inLanguage":"de","@id":"https:\/\/secure.gravatar.com\/avatar\/426f4d5b0ebcace85460caf87cdaaa193694b611e990615d87a13f322fb7ee7f?s=96&d=mm&r=g","url":"https:\/\/secure.gravatar.com\/avatar\/426f4d5b0ebcace85460caf87cdaaa193694b611e990615d87a13f322fb7ee7f?s=96&d=mm&r=g","contentUrl":"https:\/\/secure.gravatar.com\/avatar\/426f4d5b0ebcace85460caf87cdaaa193694b611e990615d87a13f322fb7ee7f?s=96&d=mm&r=g","caption":"fmsb"},"sameAs":["https:\/\/x.com\/fmsb-disstint"],"url":"https:\/\/fmsb.eu\/de\/author\/fmsb\/"}]}},"_links":{"self":[{"href":"https:\/\/fmsb.eu\/de\/wp-json\/wp\/v2\/posts\/11171","targetHints":{"allow":["GET"]}}],"collection":[{"href":"https:\/\/fmsb.eu\/de\/wp-json\/wp\/v2\/posts"}],"about":[{"href":"https:\/\/fmsb.eu\/de\/wp-json\/wp\/v2\/types\/post"}],"author":[{"embeddable":true,"href":"https:\/\/fmsb.eu\/de\/wp-json\/wp\/v2\/users\/2"}],"replies":[{"embeddable":true,"href":"https:\/\/fmsb.eu\/de\/wp-json\/wp\/v2\/comments?post=11171"}],"version-history":[{"count":0,"href":"https:\/\/fmsb.eu\/de\/wp-json\/wp\/v2\/posts\/11171\/revisions"}],"wp:featuredmedia":[{"embeddable":true,"href":"https:\/\/fmsb.eu\/de\/wp-json\/wp\/v2\/media\/10089"}],"wp:attachment":[{"href":"https:\/\/fmsb.eu\/de\/wp-json\/wp\/v2\/media?parent=11171"}],"wp:term":[{"taxonomy":"category","embeddable":true,"href":"https:\/\/fmsb.eu\/de\/wp-json\/wp\/v2\/categories?post=11171"},{"taxonomy":"post_tag","embeddable":true,"href":"https:\/\/fmsb.eu\/de\/wp-json\/wp\/v2\/tags?post=11171"}],"curies":[{"name":"wp","href":"https:\/\/api.w.org\/{rel}","templated":true}]}}