{"id":11201,"date":"2023-04-02T23:59:35","date_gmt":"2023-04-02T21:59:35","guid":{"rendered":"http:\/\/fmsb.disstintbeta.com\/2023\/04\/02\/claves-gestacion-subrogada-por-sustitucion-ana-obregon\/"},"modified":"2023-04-02T23:59:35","modified_gmt":"2023-04-02T21:59:35","slug":"claves-gestacion-subrogada-por-sustitucion-ana-obregon","status":"publish","type":"post","link":"https:\/\/fmsb.eu\/de\/2023\/04\/02\/claves-gestacion-subrogada-por-sustitucion-ana-obregon\/","title":{"rendered":"Claves sobre la gestaci\u00f3n subrogada o gestaci\u00f3n por sustituci\u00f3n a colaci\u00f3n de caso de Ana Obreg\u00f3n"},"content":{"rendered":"<h1><a href=\"http:\/\/fmsb.disstintbeta.com\/wp-content\/uploads\/2023\/04\/1.jpg\"><img fetchpriority=\"high\" decoding=\"async\" class=\"alignnone wp-image-6819\" src=\"http:\/\/fmsb.disstintbeta.com\/wp-content\/uploads\/2023\/04\/1.jpg\" alt=\"\" width=\"800\" height=\"800\" srcset=\"https:\/\/font-mora-sainz-baranda.fra1.digitaloceanspaces.com\/wp-content\/uploads\/2023\/04\/1.jpg 2000w, https:\/\/font-mora-sainz-baranda.fra1.digitaloceanspaces.com\/wp-content\/uploads\/2023\/04\/1-300x300.jpg 300w, https:\/\/font-mora-sainz-baranda.fra1.digitaloceanspaces.com\/wp-content\/uploads\/2023\/04\/1-1024x1024.jpg 1024w, https:\/\/font-mora-sainz-baranda.fra1.digitaloceanspaces.com\/wp-content\/uploads\/2023\/04\/1-150x150.jpg 150w, https:\/\/font-mora-sainz-baranda.fra1.digitaloceanspaces.com\/wp-content\/uploads\/2023\/04\/1-768x768.jpg 768w, https:\/\/font-mora-sainz-baranda.fra1.digitaloceanspaces.com\/wp-content\/uploads\/2023\/04\/1-1536x1536.jpg 1536w\" sizes=\"(max-width: 800px) 100vw, 800px\" \/><\/a><\/h1>\n<h1><strong><span style=\"color: #808080;\">Claves sobre la gestaci\u00f3n subrogada o gestaci\u00f3n por sustituci\u00f3n a colaci\u00f3n de caso de Ana Obreg\u00f3n<\/span><\/strong><\/h1>\n<p>Hace escasos d\u00edas se conoc\u00eda la noticia de que la actriz y presentadora Ana Obreg\u00f3n hab\u00eda hecho uso de la gestaci\u00f3n por sustituci\u00f3n o gestaci\u00f3n subrogada para ser madre a trav\u00e9s de un vientre de alquiler en un pa\u00eds en que ello est\u00e1 permitido, los Estados Unidos. Toda clase de dudas jur\u00eddicas, adem\u00e1s de muchas otras consideraciones \u00e9ticas, se han puesto sobre la mesa y saltado al debate p\u00fablico a ra\u00edz de este medi\u00e1tico caso. Por nuestra parte queremos hacer el esfuerzo de sintetizar y explicar los conceptos manejados y la normativa tanto espa\u00f1ola como internacional en relaci\u00f3n con la gestaci\u00f3n subrogada o gestaci\u00f3n por sustituci\u00f3n.<\/p>\n<h2><\/h2>\n<h2><strong><span style=\"color: #808080;\">Lo primero: \u00bfQu\u00e9 se entiende por gestaci\u00f3n subrogada?<\/span><\/strong><\/h2>\n<p>La <strong>gestaci\u00f3n subrogada<\/strong>, referida tambi\u00e9n con las expresiones maternidad subrogada o vientre de alquiler es un m\u00e9todo de reproducci\u00f3n asistida y, por ello, es uno de los procesos por los que optan personas o parejas que no pueden concebir beb\u00e9s por s\u00ed mismos, ya sea por la raz\u00f3n biol\u00f3gica, m\u00e9dica o por sus circunstancias personales.<\/p>\n<p>Con este m\u00e9todo reproductivo una mujer (gestante o sustituta) lleva a cabo un embarazo y da a luz a un beb\u00e9 a petici\u00f3n y para otra persona o pareja de personas, que ser\u00e1n el padre\/madre o padres (intencionales o comitentes) del beb\u00e9 nacido.<\/p>\n<p>La gestaci\u00f3n subrogada lo puede ser en su forma <strong>tradicional<\/strong>, esto es, aquella en que la madre sustituta es a la vez madre biol\u00f3gica del beb\u00e9, puesto su propio \u00f3vulo es el fecundado, ya sea natural o artificialmente, con semen del padre o de un donante. O bien en su forma <strong>gestacional<\/strong>, es decir, aquella en que la madre sustituta simplemente alberga y desarrolla un \u00f3vulo que pertenece a la madre intencional o a una donante, el cual ha sido previamente fecundado con esperma del padre intencional o de un donante.<\/p>\n<h2><\/h2>\n<h2><strong><span style=\"color: #808080;\">\u00bfCu\u00e1l es la situaci\u00f3n legal de la gestaci\u00f3n subrogada en Espa\u00f1a?<\/span><\/strong><\/h2>\n<p>Debemos entender que la regulaci\u00f3n de la gestaci\u00f3n subrogada no es homog\u00e9nea en todos los pa\u00edses, incluso en los de nuestro entorno de la UE. As\u00ed, la normativa con respecto a ella var\u00eda de un pa\u00eds a otro pueden desde la permisividad total hasta la restricci\u00f3n o prohibici\u00f3n m\u00e1s absoluta.<\/p>\n<p>En el caso de Espa\u00f1a, <strong>la gestaci\u00f3n subrogada como t\u00e9cnica de reproducci\u00f3n asistida es una<\/strong><strong> pr\u00e1ctica prohibida desde el a\u00f1o 2006<\/strong>.<\/p>\n<p>As\u00ed, el art\u00edculo 10 de la \u00a0<a href=\"https:\/\/www.boe.es\/eli\/es\/l\/2006\/05\/26\/14\/con\"><strong><span style=\"color: #808080;\">Ley 14\/2006 de 26 de mayo<\/span><\/strong><\/a>, sobre T\u00e9cnicas de Reproducci\u00f3n Humana Asistida se\u00f1ala que \u201c<em>ser\u00e1 nulo de pleno derecho el contrato por el que se convenga la gestaci\u00f3n, con o sin precio, a cargo de una mujer que renuncia a la filiaci\u00f3n materna a favor del contratante o de un tercero<\/em>\u201d. Y ser\u00e1 ilegal, como expresa claramente el art\u00edculo, ya se haga a t\u00edtulo lucrativo (pagando por ello) y tambi\u00e9n aunque se lleve a cabo de forma gratuita por la gestante.<\/p>\n<p>Adem\u00e1s, la llamada <strong><span style=\"color: #808080;\"><a style=\"color: #808080;\" href=\"https:\/\/www.boe.es\/buscar\/doc.php?id=BOE-A-2023-5364\">Ley del aborto<\/a><\/span><\/strong> o Ley Org\u00e1nica 1\/2023, de 28 de febrero, por la que se modifica la Ley Org\u00e1nica 2\/2010, de 3 de marzo, de salud sexual y reproductiva y de la interrupci\u00f3n voluntaria del embarazo, en su reciente modificaci\u00f3n, se\u00f1ala a la gestaci\u00f3n por sustituci\u00f3n como una <strong>forma de violencia contra la mujer<\/strong> en el \u00e1mbito de su salud sexual y reproductiva (en l\u00ednea con el Convenio de Estambul) y, adem\u00e1s, esta ley refuerza la ilegalidad de la gestaci\u00f3n subrogada ya se\u00f1alada por el art\u00edculo 10 de la ley sobre t\u00e9cnicas de reproducci\u00f3n asistida instaurando la prohibici\u00f3n de la publicidad de las agencias de intermediaci\u00f3n en su art\u00edculo 33: \u201c<em>En coherencia con lo establecido en el p\u00e1rrafo cuarto del art\u00edculo\u00a03.a) de la Ley\u00a034\/1988, de\u00a011 de noviembre, General de Publicidad, las administraciones p\u00fablicas legitimadas conforme al art\u00edculo\u00a06 de dicha Ley instar\u00e1n la acci\u00f3n judicial dirigida a la declaraci\u00f3n de ilicitud de la publicidad que promueva las pr\u00e1cticas comerciales para la gestaci\u00f3n por sustituci\u00f3n y a su cese<\/em>\u201d.<\/p>\n<p>Adem\u00e1s, el Tribunal Supremo (TS), en una sentencia dictada por unanimidad el pasado a\u00f1o al respecto de la gestaci\u00f3n subrogada (<strong><span style=\"color: #808080;\"><a style=\"color: #808080;\" href=\"https:\/\/www.poderjudicial.es\/search\/openDocument\/0e6219d460d65731\">STS 277\/2022, de 31 de marzo<\/a><\/span><\/strong>), critic\u00f3 con dureza esta pr\u00e1ctica, afirmando que vulnera los derechos fundamentales de la mujer gestante y del ni\u00f1o y es incompatible con la dignidad humana. Adem\u00e1s, nuestro Alto Tribunal se\u00f1ala, con respecto a la madre gestante y al beb\u00e9 nacido que \u201c<em>son tratados como meros objetos, no como personas dotadas de la dignidad propia de su condici\u00f3n de seres humanos y de los derechos fundamentales inherentes a esa dignidad<\/em>\u201d, por lo que entiende que esta t\u00e9cnica de gestaci\u00f3n acarrea \u201c<em>un da\u00f1o al inter\u00e9s superior del menor y una explotaci\u00f3n de la mujer que son inaceptables, y por tanto, atenta contra derechos reconocidos en nuestra Constituci\u00f3n y en la Convenci\u00f3n sobre los Derechos del Ni\u00f1o<\/em>\u201d.<\/p>\n<p>El TS entiende que, en el contrato de gestaci\u00f3n subrogada, la madre gestante \u201c<em>se obliga desde el principio a entregar al ni\u00f1o que va a gestar y renuncia antes del parto, incluso antes de la concepci\u00f3n a cualquier derecho derivado de su maternidad<\/em>\u201d y es compelida a \u201c<em>someterse a tratamientos m\u00e9dicos que ponen en riesgo su salud y que entra\u00f1an riesgos adicionales<\/em>\u201d, otorg\u00e1ndose a quien alquila el vientre el derecho a decidir si la gestante debe seguir con vida o no en caso de que sufriera alguna enfermedad o lesi\u00f3n potencialmente mortal. Esto implica que \u201c<em>se imponen a la gestante unas limitaciones de su autonom\u00eda personal y de su integridad f\u00edsica y moral incompatibles con la dignidad humana<\/em>\u201d.<\/p>\n<p>Por otro lado, nuestro Tribunal Supremo entiende que al beb\u00e9 se le priva de su derecho a conocer sus or\u00edgenes y es cosificado o tratado como un objeto de cambio.<\/p>\n<p>El TS pone de relieve en la sentencia lo que nuestra ley ya se\u00f1ala: los contratos de gestaci\u00f3n subrogada son nulos de pleno derecho en Espa\u00f1a.<\/p>\n<p>\u201c<em>Esta soluci\u00f3n satisface el <strong>inter\u00e9s superior del menor<\/strong> como exige el Tribunal Europeo de Derechos Humanos, pero a la vez intenta salvaguardar los derechos fundamentales que el citado tribunal tambi\u00e9n ha considerado dignos de protecci\u00f3n, como son los derechos de las madres gestantes y de los ni\u00f1os en general<\/em>\u201d, a\u00f1ade.<\/p>\n<p>Para conocer el posicionamiento del TS puedes acceder a nuestra entrada anterior sobre este tema, a cargo de la abogada <a href=\"https:\/\/www.fmsb.eu\/margalida-sanso-jaume\/\"><strong>Margalida Sans\u00f3<\/strong><\/a> <span style=\"color: #808080;\"><strong><a style=\"color: #808080;\" href=\"https:\/\/www.fmsb.eu\/el-supremo-considera-nula-la-gestacion-por-sustitucion-por-margalida-sanso\/\">aqu\u00ed<\/a><\/strong><\/span> y como complemento tambi\u00e9n acceder a la nota de prensa emitida por el gabinete t\u00e9cnico de la Sala Civil del Tribunal Supremo, que dict\u00f3 la sentencia se\u00f1alada <a href=\"https:\/\/www.poderjudicial.es\/cgpj\/es\/Poder-Judicial\/Noticias-Judiciales\/El-Tribunal-Supremo-considera-que-la-gestacion-por-sustitucion-vulnera-los-derechos-de-madres-gestantes-y-ninos\"><strong><span style=\"color: #808080;\">aqu\u00ed<\/span><\/strong><\/a>.<\/p>\n<h2><\/h2>\n<h2><strong><span style=\"color: #808080;\">Derecho comparado<\/span><\/strong><\/h2>\n<p>En el \u00e1mbito europeo no existe una normativa com\u00fan para los pa\u00edses de la Uni\u00f3n europea y por el momento cada estado miembro ha sido libre de establecer sus propios criterios con respecto a la gestaci\u00f3n subrogada o no hacerlo. <strong>Reino<\/strong> <strong>Unido<\/strong>, <strong>Portugal<\/strong> y <strong>Grecia<\/strong> han legislado la materia, pero en todos ellos no puede mediar precio o af\u00e1n lucrativo en la madre gestante, si bien, en alguno de estos pa\u00edses s\u00ed cabe que la gestante obtenga una compensaci\u00f3n econ\u00f3mica por el tiempo dejado de trabajar durante el embarazo, as\u00ed como por otros perjuicios que le pueda suponer, lo cual no equivale a obtener un precio por la maternidad sustituta. En <strong>Reino Unido<\/strong>, por su parte, no pueden realizarlo las madres solteras y uno de los miembros de la pareja tiene que estar residiendo en el pa\u00eds. <strong>Portugal<\/strong>, mismo requisito de residencia y en cuanto a las parejas del mismo sexo se permite pero s\u00f3lo siempre que las dos sean mujeres.<\/p>\n<p>Tambi\u00e9n han legislado la gestaci\u00f3n por sustituci\u00f3n <strong>Rusia<\/strong>, <strong>Georgia<\/strong> y <strong>Ucrania<\/strong>, pa\u00edses que permiten el af\u00e1n lucrativo o retribuci\u00f3n econ\u00f3mica a la madre gestante al contrario que los se\u00f1alados en el p\u00e1rrafo anterior. Ni Ucrania, ni Rusia, ni Georgia admiten solicitud de gestaci\u00f3n subrogada por parte de parejas homosexuales y, por su parte, Rusia es el \u00fanico que permite a una madre soltera acceder a la gestaci\u00f3n subrogada de una gestante.<\/p>\n<p>En el continente americano nos encontramos con que en <strong>Estados Unidos, Canad\u00e1 y M\u00e9xi<\/strong>co es posible acudir a la maternidad subrogada. Tambi\u00e9n lo es <strong>Tailandia<\/strong> e <strong>India<\/strong>, al igual que en <strong>Australia <\/strong>y en<strong> Sud\u00e1frica.<\/strong><\/p>\n<h2><\/h2>\n<h2><strong><span style=\"color: #808080;\">La filiaci\u00f3n en Espa\u00f1a y el reconocimiento de los beb\u00e9s nacidos en el extranjero mediante esta t\u00e9cnica \u00a0<\/span><\/strong><\/h2>\n<p>Como es conocido debido a los casos m\u00e1s medi\u00e1ticos, a pesar de la prohibici\u00f3n en Espa\u00f1a del empleo de la gestaci\u00f3n subrogada como t\u00e9cnica de reproducci\u00f3n asistida, los interesados aprovechan las normativas favorables o permisivas de otros pa\u00edses, como son los <strong>Estados Unidos, Canad\u00e1, Rusia, Ucrania y Georgia<\/strong><strong>,<\/strong> para hacer uso all\u00ed de la misma y gestar beb\u00e9 por sustituci\u00f3n. Tal ha sido el caso<strong> de la actriz y presentadora Ana Obreg\u00f3n<\/strong>.<\/p>\n<p>Siendo factible usar dichas t\u00e9cnicas en los pa\u00edses en que la normativa es permisiva, debe tenerse en cuenta que existen una serie de requisitos legales en el proceso de reconocimiento de la filiaci\u00f3n (relaci\u00f3n familiar o de parentesco entre padres e hijos) as\u00ed como la nacionalidad de un beb\u00e9 nacido en el extranjero mediante la t\u00e9cnica maternidad subrogada, dado que no es un automatismo.<\/p>\n<p>En Espa\u00f1a, para estos casos se hace uso del contenido de la <a href=\"https:\/\/www.boe.es\/diario_boe\/txt.php?id=BOE-A-2010-15317\"><strong>Instrucci\u00f3n de 5 de octubre de 2010, de la denominada entonces <em>Direcci\u00f3n General de los Registros y del Notariado (actual <\/em>Direcci\u00f3n General de Seguridad Jur\u00eddica y Fe P\u00fablica), sobre r\u00e9gimen registral de la filiaci\u00f3n de los nacidos mediante gestaci\u00f3n por sustituci\u00f3n<\/strong><\/a>, que se\u00f1ala que <em>\u201cla inscripci\u00f3n de nacimiento de un menor, nacido en el extranjero como consecuencia de t\u00e9cnicas de gestaci\u00f3n por sustituci\u00f3n, s\u00f3lo podr\u00e1 realizarse presentando, junto a la solicitud de inscripci\u00f3n, la resoluci\u00f3n judicial dictada por Tribunal competente en la que se determine la filiaci\u00f3n del nacido\u201d<\/em>. Por lo que se hace preciso el cumplimiento de estas formalidades para que la filiaci\u00f3n pueda llevarse a cabo en Espa\u00f1a.<\/p>\n<p>El proceso de filiaci\u00f3n del menor nacido mediante gestaci\u00f3n subrogada en el extranjero se iniciar\u00e1, por parte del padre o madre no gestante, con la <strong>solicitud de inscripci\u00f3n en el Registro consular<\/strong> del pa\u00eds de nacimiento. La Direcci\u00f3n General de Seguridad Jur\u00eddica y Fe P\u00fablica exigir\u00e1, adem\u00e1s, una <strong>resoluci\u00f3n judicial<\/strong> dictada por Tribunal competente en la que se determine la filiaci\u00f3n del beb\u00e9 gestado. No habr\u00e1 m\u00e1s tr\u00e1mites que realizar para que el beb\u00e9 sea considerado hijo\/a de la persona solicitante (madre o padre no gestante) siempre que no haya impedimentos por parte del nuestro Registro civil.<\/p>\n<p>Una vez en Espa\u00f1a y si el padre\/madre no gestante tiene pareja y as\u00ed lo desean, el otro miembro de la pareja deber\u00e1 iniciar un proceso de adopci\u00f3n llegar a ser reconocido con tal con respecto al beb\u00e9. El mismo Tribunal Supremo, en la Sentencia de la que habl\u00e1bamos antes, establece que la \u00fanica v\u00eda posible para regularizar esta situaci\u00f3n en Espa\u00f1a es a trav\u00e9s de un proceso de adopci\u00f3n.<\/p>\n<p>Se estima que los consulados espa\u00f1oles recibieron aproximadamente unas 2.900 solicitudes de inscripci\u00f3n de menores nacidos mediante gestaci\u00f3n subrogada en la d\u00e9cada pasada (2010-2020), de las que 2.500 fueron aceptadas, seg\u00fan datos manejados por la soci\u00f3loga Ana Trejo.<\/p>\n<h2><\/h2>\n<h2><strong><span style=\"color: #808080;\">Limitaciones de edad para ser padre o madre por gestaci\u00f3n subrogada en Espa\u00f1a<\/span><\/strong><\/h2>\n<p>Nuestras leyes,\u00a0 a pesar de que s\u00ed establecen limitaciones en la adopci\u00f3n con respecto tanto a la edad m\u00ednima como m\u00e1xima que pueda tener un padre\/madre adoptante, as\u00ed como limitaciones en cuanto a la diferencia de edad entre padre\/madre adoptantes y el sujeto adoptado, no existen tales limitaciones para la inscripci\u00f3n de la filiaci\u00f3n de un menor gestado en el extranjero a nombre del padre\/madre no gestante.<\/p>\n<p>&nbsp;<\/p>\n<p>&nbsp;<\/p>\n<hr \/>\n<p><span style=\"color: #3366ff;\"><span style=\"color: #000000;\">Lee a continuaci\u00f3n el completo art\u00edculo publicado por el portal <span style=\"color: #3366ff;\"><strong><a style=\"color: #3366ff;\" href=\"https:\/\/noticias.juridicas.com\/conocimiento\/articulos-doctrinales\/16016-adopcion-nacional-e-internacional-en-espana:-fases-del-proceso\/\">Noticias Jur\u00eddicas<\/a><\/strong><\/span> al respecto de la adopci\u00f3n en Espa\u00f1a o haz clic <span style=\"color: #3366ff;\"><a style=\"color: #3366ff;\" href=\"https:\/\/noticias.juridicas.com\/conocimiento\/articulos-doctrinales\/16016-adopcion-nacional-e-internacional-en-espana:-fases-del-proceso\/\">aqu\u00ed<\/a><\/span> para acceder a la <a href=\"https:\/\/noticias.juridicas.com\/conocimiento\/articulos-doctrinales\/16016-adopcion-nacional-e-internacional-en-espana:-fases-del-proceso\/\">fuente<\/a>.<\/span><strong><br \/>\n<\/strong><\/span><\/p>\n<h1><span style=\"color: #3366ff;\"><a style=\"color: #3366ff;\" href=\"https:\/\/noticias.juridicas.com\/conocimiento\/articulos-doctrinales\/16016-adopcion-nacional-e-internacional-en-espana:-fases-del-proceso\/\">Adopci\u00f3n nacional e internacional en Espa\u00f1a: fases del proceso<\/a><\/span><\/h1>\n<h2><span style=\"color: #3366ff;\">En algunas parejas pueden existir ciertas condiciones en las que aparecen impedimentos para la concepci\u00f3n por v\u00eda natural y recurren a la fertilizaci\u00f3n in vitro, o a otros m\u00e9todos de concepci\u00f3n artificial para lograr su objetivo de ser padres\u00a0<\/span><\/h2>\n<p>AUTOR: <strong><span style=\"color: #3366ff;\">Francisco Mar\u00eda Garc\u00eda<\/span><\/strong> FUENTE: <a href=\"https:\/\/noticias.juridicas.com\/conocimiento\/articulos-doctrinales\/16016-adopcion-nacional-e-internacional-en-espana:-fases-del-proceso\/\"><strong><span style=\"color: #3366ff;\">Noticias Jur\u00eddicas<\/span><\/strong><\/a><\/p>\n<p>En algunas parejas pueden existir ciertas condiciones en las que aparecen impedimentos para la concepci\u00f3n por v\u00eda natural y recurren a la fertilizaci\u00f3n in vitro, o a otros m\u00e9todos de <strong>concepci\u00f3n artificial para lograr su objetivo de ser padres.<\/strong><\/p>\n<p>Estos m\u00e9todos, en ocasiones, no son lo suficientemente efectivos, o no son aceptados \u00e9ticamente como la mejor v\u00eda para tener un hijo. En estos y en muchos otros casos, <strong>la adopci\u00f3n se presenta como la mejor alternativa, desde muchos puntos de vista.<\/strong><\/p>\n<h2><span style=\"color: #3366ff;\">Cu\u00e1les son los requisitos para adoptar a un ni\u00f1o<\/span><\/h2>\n<p><strong>Ser mayor de edad y contar con los recursos econ\u00f3micos suficientes<\/strong> como para afrontar la responsabilidad de educar a un ni\u00f1o, son los principales requisitos a tener en cuenta para empezar el proceso que implica la adopci\u00f3n de un ni\u00f1o en Espa\u00f1a.<\/p>\n<p>Debes contar con <strong>al menos 25 a\u00f1os, y esto es un requisito indispensable<\/strong>. Y si piensas adoptar con tu pareja, por lo menos uno debe tener esa edad cumplida. Adem\u00e1s, el que adopta siempre debe tener 14 a\u00f1os m\u00e1s que la persona que quiere adoptar. Tampoco puede existir una diferencia de edad, entre adoptado y adoptante, de m\u00e1s de 40 a\u00f1os.<\/p>\n<h2><span style=\"color: #3366ff;\">Qu\u00e9 documentaci\u00f3n se requiere para adoptar a un ni\u00f1o<\/span><\/h2>\n<ul>\n<li>\u00a0El <strong>certificado de idoneidad <\/strong>es necesario, y es el que acredita que la persona, o personas, cuentan con las capacidades necesarias para adoptar<\/li>\n<li>\u00a0<strong>Certificados penales, m\u00e9dicos y de ingresos econ\u00f3micos<\/strong><\/li>\n<li>\u00a0Acta de <strong>matrimonio<\/strong>, si fuera el caso<\/li>\n<\/ul>\n<p>Cada Comunidad Aut\u00f3noma tiene sus propias <strong>reglas <\/strong>y las documentaciones requeridas pueden sufrir algunas variantes.<\/p>\n<h2><span style=\"color: #3366ff;\">\u00bfCu\u00e1les son los tr\u00e1mites que debes realizar para adoptar un ni\u00f1o en Espa\u00f1a?<\/span><\/h2>\n<p>La tramitaci\u00f3n de adopci\u00f3n en Espa\u00f1a <strong>debe iniciarse por los propios interesados de forma presencial<\/strong>, no es posible delegar esta tarea a terceros.<\/p>\n<p>En primer lugar, tienes que dirigirte al Servicio de Protecci\u00f3n de Menores de tu Comunidad Aut\u00f3noma y solicitar tu certificado de idoneidad. Cuando consigas esta acreditaci\u00f3n comenzar\u00e1 una serie de entrevistas y visitas a tu hogar, en donde el supervisor destinado a la tarea podr\u00e1 observar el estado de la vivienda en la que el ni\u00f1o o ni\u00f1a, vivir\u00e1. A esta etapa del proceso suele llamarse <strong>estudio de perfiles.<\/strong><\/p>\n<p>Simult\u00e1neamente a las visitas que recibir\u00e1s regularmente, tendr\u00e1s que <strong>hacer un curso de entrenamiento en las habilidades que tendr\u00e1s que desarrollar como futura madre o padre.<\/strong><\/p>\n<p>Si se concede la idoneidad, despu\u00e9s de terminar este proceso, ser\u00e1s introducido en una lista de selecci\u00f3n para que tengas la posibilidad de adoptar. Aqu\u00ed comienza el denominado acogimiento familiar preadoptivo, que consiste en que el menor pasa a vivir, un breve lapso de tiempo, en la casa de sus futuros padres adoptivos.<\/p>\n<p>Si todo transcurre sin inconvenientes, la entidad p\u00fablica correspondiente propone la adopci\u00f3n, que m\u00e1s tarde, debe ser aprobada por el Juez.<\/p>\n<p>El final del tr\u00e1mite consiste en la inscripci\u00f3n de la adopci\u00f3n del ni\u00f1o o ni\u00f1a en el Registro Civil, con los apellidos de los adoptantes.<\/p>\n<h2><span style=\"color: #3366ff;\">Adopciones internacionales<\/span><\/h2>\n<p>La adopci\u00f3n de ni\u00f1os ha disminuido dr\u00e1sticamente en todo el mundo debido, fundamentalmente, a ciertos cambios jur\u00eddicos y sociales en algunos pa\u00edses de origen, como China y Rusia.<\/p>\n<p>Los tiempos de espera se hacen interminables y los tr\u00e1mites burocr\u00e1ticos son cada vez m\u00e1s complejos, aunque, de todas formas, adoptar en el extranjero no es algo imposible.<\/p>\n<p>Requisitos para adoptar en el extranjero<\/p>\n<p>Por lo general, los requisitos solicitados para proceder a una adopci\u00f3n en cualquier pa\u00eds extranjero son los mismos que en la adopci\u00f3n nacional, y todos ellos, est\u00e1n regulados por el <a href=\"https:\/\/noticias.juridicas.com\/base_datos\/Privado\/cc.l1t7.html#a175\">art\u00edculo 175 del C\u00f3digo Civil.<\/a><\/p>\n<ul>\n<li>\u00a0Ser mayor de 25 a\u00f1os. En el caso de que la solicitud sea de una pareja, al menos uno de ellos debe ser mayor de 25 a\u00f1os.<\/li>\n<li>\u00a0El adoptante no puede tener una diferencia de edad con el adoptadoA de menos de 16 a\u00f1os, ni mayor a 45 a\u00f1os. En los casos de adopci\u00f3n de pareja, al menos uno de ellos debe cumplir ese requisito.<\/li>\n<li>\u00a0Contar con la patria potestad de un hijo.<\/li>\n<li>\u00a0Haber conseguido el certificado de idoneidad.<\/li>\n<\/ul>\n<p>En la pr\u00e1ctica, las competencias en materia de adopciones est\u00e1n transferidas a las Comunidades Aut\u00f3nomas, por lo que pueden existir m\u00e1s requisitos en funci\u00f3n del lugar de residencia de las personas adoptantes.<\/p>\n<p>En la Comunidad de Madrid, por ejemplo, una pareja adoptante debe haber convivido un m\u00ednimo de 3 a\u00f1os, y haber asistido a una sesi\u00f3n informativa, al menos, entre otros requerimientos.<\/p>\n<p>Hay que tener muy claro que la adopci\u00f3n internacional es compleja y depende de la legislaci\u00f3n del pa\u00eds de origen del adoptado. En algunos pa\u00edses, para proceder a una adopci\u00f3n es necesario que los adoptantes est\u00e9n casados.<\/p>\n<h2><span style=\"color: #3366ff;\">Proceso administrativo de una adopci\u00f3n internacional<\/span><\/h2>\n<p>Como estamos viendo, el proceso administrativo de una adopci\u00f3n en el extranjero es largo y bastante complejo. El tr\u00e1mite comienza con la presentaci\u00f3n de la solicitud y el certificado de idoneidad.<\/p>\n<h2><span style=\"color: #3366ff;\">Presentaci\u00f3n de la solicitud<\/span><\/h2>\n<p>Todos los procesos de adopci\u00f3n comienzan con la presentaci\u00f3n de la correspondiente solicitud en los servicios que correspondan en cada Comunidad Aut\u00f3noma, que generalmente, es el Servicio de Protecci\u00f3n de Menores. Se requerir\u00e1 la siguiente <strong>documentaci\u00f3n<\/strong>:<\/p>\n<ul>\n<li>\u00a0Certificado de nacimiento y DNI.<\/li>\n<li>\u00a0Certificado de matrimonio o de convivencia de hecho.<\/li>\n<li>\u00a0Certificado vigente de antecedentes penales emitido por el Ministerio de Justicia.<\/li>\n<li>\u00a0Certificado m\u00e9dico.<\/li>\n<li>\u00a0Certificado de habilitaci\u00f3n en el R\u00e9gimen de la Seguridad Social o Reg\u00edmenes Especiales.<\/li>\n<li>\u00a0Datos de renta de la Agencia Tributaria.<\/li>\n<\/ul>\n<h2><span style=\"color: #3366ff;\">Obtener el certificado de idoneidad<\/span><\/h2>\n<p>El paso siguiente es asistir a un curso de preparaci\u00f3n de adopci\u00f3n, que suele limitarse a 5 o 6 sesiones, y que se lleva a cabo por profesionales que realizan un estudio psicosocial a los adoptantes, para determinar si su entorno y ellos mismos, son aptos para tener a su cuidado a un menor de edad.<\/p>\n<p>El certificado en el que consta la valoraci\u00f3n satisfactoria tiene una validez de 3 a\u00f1os.<\/p>\n<h2><span style=\"color: #3366ff;\">Elecci\u00f3n de pa\u00eds de origen<\/span><\/h2>\n<p>Antes de que se lleve a cabo la valoraci\u00f3n de idoneidad, los adoptantes deben elegir el pa\u00eds de origen de su futuro hijo, ya que los estudios psicosociales que se llevar\u00e1n a cabo est\u00e1n adaptados a las exigencias de las leyes de cada pa\u00eds.<\/p>\n<p>Se inicia el expediente y se realiza una propuesta de asignaci\u00f3n, tras la que se vuelve necesario viajar al pa\u00eds en el que reside el ni\u00f1o que se quiere adoptar.<\/p>\n<p>Elegir el pa\u00eds de origen es una decisi\u00f3n trascendente, pues deben tenerse en cuenta innumerable cantidad de aspectos, como la cultura y la educaci\u00f3n del pa\u00eds, el idioma, los requerimientos espec\u00edficos que son solicitados para poder adoptar, el tiempo de espera, el coste de los tr\u00e1mites, la cantidad de veces que se debe viajar al pa\u00eds, etc\u00e9tera.<\/p>\n<p>El siguiente paso es regresar a Espa\u00f1a, en donde se comenzar\u00e1 a procesar diferentes seguimientos tanto a adoptantes como a adoptados.<\/p>\n<h2><span style=\"color: #3366ff;\">Tramitaci\u00f3n del expediente de adopci\u00f3n<\/span><\/h2>\n<p>Despu\u00e9s que los adoptantes eligieron el pa\u00eds de origen y tienen en su poder el certificado de idoneidad, comienza el tr\u00e1mite.<\/p>\n<p>Los adoptantes pueden optar por diferentes v\u00edas para hacerlo:<\/p>\n<ul>\n<li>\u00a0Individualmente, con el asesoramiento de un abogado especializado.<\/li>\n<li>\u00a0Por intermedio de la Entidad P\u00fablica competente.<\/li>\n<li>\u00a0Tambi\u00e9n es posible recurriendo a una ECAI, Entidad Colaboradora de Adopci\u00f3n Internacional.<\/li>\n<\/ul>\n<p>Las entidades colaboradoras en adopci\u00f3n internacional como la ECAI, son organizaciones privadas sin \u00e1nimo de lucro, que est\u00e1n acreditadas ante las Comunidades Aut\u00f3nomas, y en los pa\u00edses de origen de los ni\u00f1os adoptados para facilitar todo el procedimiento.<\/p>\n<p>Algunos pa\u00edses como India, Bolivia, Rusia y Vietnam exigen, de forma obligatoria, la intervenci\u00f3n de la ECAI para tramitar cualquier expediente de adopci\u00f3n internacional.<\/p>\n<p>Toda la documentaci\u00f3n vinculada a la adopci\u00f3n y toda la documentaci\u00f3n adjunta que sea exigida por el pa\u00eds de origen, tiene que estar debidamente traducida y autenticada.<\/p>\n<h2><span style=\"color: #3366ff;\">Propuesta de asignaci\u00f3n<\/span><\/h2>\n<p>La fase de asignaci\u00f3n suele ser la m\u00e1s larga de todas, pues hay que esperar a que las autoridades del pa\u00eds de origen acepten la solicitud de adopci\u00f3n.<\/p>\n<p>Por lo general, las autoridades competentes seleccionar\u00e1n a las personas que ellos consideran m\u00e1s adecuadas para la adopci\u00f3n del menor. El tiempo de espera es de aproximadamente 2 o 3 a\u00f1os, aunque en pa\u00edses como China puede llegar a los 6 a\u00f1os.<\/p>\n<h2><span style=\"color: #3366ff;\">Regreso a Espa\u00f1a<\/span><\/h2>\n<p>Cuando los adoptantes regresan con el menor a Espa\u00f1a, a\u00fan deben realizar otros tr\u00e1mites. Lo siguiente es que deben comunicar, en el menor plazo posible, a la Entidad P\u00fablica competente de su Comunidad Aut\u00f3noma, el arribo al pa\u00eds con el ni\u00f1o o ni\u00f1a adoptado.<\/p>\n<p>La adopci\u00f3n ser\u00e1 plenamente reconocida en toda Espa\u00f1a, una vez que se ha inscrito al ni\u00f1o en el Registro Civil.<\/p>\n<h2><span style=\"color: #3366ff;\">Informes de seguimiento<\/span><\/h2>\n<p>Casi todos los pa\u00edses de origen de los menores adoptados exigen el env\u00edo de informes de comportamiento, del menor y de los adoptantes, de forma peri\u00f3dica. En estos informes debe especificarse claramente c\u00f3mo se adapta el ni\u00f1o a su nuevo entorno y a su nueva familia.<\/p>\n<h2><span style=\"color: #3366ff;\">Situaci\u00f3n tensa en pa\u00edses asi\u00e1ticos<\/span><\/h2>\n<p>Seg\u00fan boletines de datos sobre la protecci\u00f3n a la infancia, China es uno de los pa\u00edses de preferencia para la adopci\u00f3n de ni\u00f1os, en las \u00faltimas d\u00e9cadas, pero el pa\u00eds ha modificado su normativa de adopciones y los permisos son cada vez m\u00e1s dif\u00edciles de obtener.<\/p>\n<p>AUTOR: <span style=\"color: #3366ff;\"><strong>Francisco Mar\u00eda Garc\u00eda<\/strong><\/span> FUENTE: <a href=\"https:\/\/noticias.juridicas.com\/conocimiento\/articulos-doctrinales\/16016-adopcion-nacional-e-internacional-en-espana:-fases-del-proceso\/\"><strong><span style=\"color: #3366ff;\">Noticias Jur\u00eddicas<\/span><\/strong><\/a><\/p>\n<hr \/>\n<h2><strong><span style=\"color: #ffc400;\">Entradas relacionadas<br \/>\n<\/span><\/strong><\/h2>\n<h1><span style=\"color: #ffc400;\"><strong>El <span style=\"color: #ffc400;\">Supremo<\/span> considera nula la gestaci\u00f3n por sustituci\u00f3n (gestaci\u00f3n subrogada).<\/strong><\/span><\/h1>\n<p>El Pleno de la Sala Primera del Tribunal Supremo ha sentenciado que la gestaci\u00f3n por sustituci\u00f3n <strong>vulnera los derechos de las madres gestantes y ni\u00f1os<\/strong>, ya que entra\u00f1a\u00a0un <strong>da\u00f1o al inter\u00e9s superior del menor<\/strong> y una <strong>explotaci\u00f3n de la mujer<\/strong> que cataloga contrarios a la dignidad de las personas.\u00a0&#8222;Tanto la madre gestante como el ni\u00f1o a gestar son tratados como <strong>meros objetos<\/strong>, no como personas dotadas de la dignidad propia de su condici\u00f3n de seres humanos y de los derechos fundamentales inherentes a esa dignidad&#8220;, remarca el fallo (haz clic aqu\u00ed para acceder al mismo).<\/p>\n<p>El Pleno de la Sala de lo Civil del Tribunal Supremo resuelve de esta manera el recurso de casaci\u00f3n interpuesto por el Ministerio Fiscal contra una sentencia que hab\u00eda declarado la filiaci\u00f3n materna respecto de una persona que no es la madre biol\u00f3gica de un ni\u00f1o nacido de una gestaci\u00f3n por sustituci\u00f3n, sin aportar material gen\u00e9tico propio, llevada a cabo en M\u00e9xico mediante un contrato en el que intervino una agencia mediadora.<\/p>\n<p>El Supremo resalta las\u00a0<strong>condiciones\u00a0<\/strong>que seg\u00fan contrato tuvo que aceptar la madre gestante. Entre otras, destaca que \u201cse obliga desde el principio a entregar al ni\u00f1o que va a gestar y\u00a0<strong>renuncia antes del parto<\/strong>, incluso antes de la concepci\u00f3n, a\u00a0<strong>cualquier derecho<\/strong>\u00a0derivado de su maternidad; se obliga a someterse a tratamientos m\u00e9dicos que\u00a0<strong>ponen en riesgo su salud<\/strong>\u00a0y que entra\u00f1an riesgos adicionales a las gestaciones resultantes de una relaci\u00f3n sexual; se le proh\u00edben las relaciones sexuales, se le restringe la libertad de movimiento y de residencia\u201d.<\/p>\n<p>Esta Sentencia viene a confirmar lo declarado por el <a href=\"https:\/\/www.fmsb.eu\/wp-content\/uploads\/2022\/04\/STS_247_2014.pdf\"><strong>Tribunal Supremo en Sentencia 835\/2013, de 6 de febrero de 2014<\/strong><\/a>, en la se hac\u00eda referencia a lo concluido en el Informe del Comit\u00e9 de Bio\u00e9tica de Espa\u00f1a de 2017 afirmando que \u201cel deseo de una persona de tener un hijo, por muy noble que sea, <strong>no puede realizarse a costa de los derechos de otras personas<\/strong>. Un contrato de gestaci\u00f3n por sustituci\u00f3n como el que es objeto de este recurso entra\u00f1a una explotaci\u00f3n de la mujer y un da\u00f1o a los intereses superiores del menor y, por tanto, no puede aceptarse por principio\u201d.<\/p>\n<p>Adem\u00e1s, advierte la Sentencia que conductas vinculadas con este tipo de contratos pueden quedar encuadradas en el art\u00edculo 221.1 del C\u00f3digo Penal (que castiga con penas de prisi\u00f3n de 1 a 5 a\u00f1os) cuando se hayan eludido los procedimientos legales aplicables de guarda, acogimiento o adopci\u00f3n.<\/p>\n<p>Los magistrados a\u00f1aden que el reconocimiento de esa relaci\u00f3n puede realizarse, respecto del padre biol\u00f3gico, mediante el ejercicio de la acci\u00f3n de reclamaci\u00f3n de paternidad, mientras que, cuando es la madre comitente quien solicita el reconocimiento de la relaci\u00f3n de filiaci\u00f3n, <strong>la v\u00eda por la que debe obtenerse la determinaci\u00f3n de la filiaci\u00f3n es la adopci\u00f3n.<\/strong><\/p>\n<p>Finalmente concluye que esta soluci\u00f3n satisface el inter\u00e9s superior del menor como exige el Tribunal Europeo de Derechos Humanos, pero a la vez intenta salvaguardar los derechos fundamentales que el citado tribunal tambi\u00e9n ha considerado dignos de protecci\u00f3n, como son los derechos de las madres gestantes y de los ni\u00f1os en general. Estos derechos resultar\u00edan gravemente lesionados si se facilitara la\u00a0<strong>actuaci\u00f3n de las agencias de intermediaci\u00f3n<\/strong>\u00a0en la gestaci\u00f3n por sustituci\u00f3n porque estas pudieran asegurar a sus potenciales clientes el reconocimiento casi autom\u00e1tico en Espa\u00f1a de la filiaci\u00f3n resultante del contrato de gestaci\u00f3n subrogada, pese a la\u00a0<strong>vulneraci\u00f3n de los derechos de las madres gestantes y de los propios ni\u00f1os<\/strong>, tratados como simples mercanc\u00edas, y sin siquiera comprobarse la idoneidad de los comitentes para ser reconocidos como titulares de la patria potestad sobre el ni\u00f1o.<\/p>\n<p>Hasta ahora el Supremo s\u00f3lo se hab\u00eda pronunciado en una ocasi\u00f3n sobre la gestaci\u00f3n subrogada, rechazando la inscripci\u00f3n en el registro civil espa\u00f1ol mediante la convalidaci\u00f3n de lo acordado en el registro de California. En el caso ahora resuelto se buscaba la inscripci\u00f3n en el Registro de conformidad con la legislaci\u00f3n espa\u00f1ola, mediante la filiaci\u00f3n por posesi\u00f3n de estado. De nuevo ha sido rechazado por el Supremo, si bien en esta segunda sentencia la Sala Civil ha a\u00f1adido que la v\u00eda para resolver el asunto debe ser la de la <strong>adopci\u00f3n<\/strong>.<\/p>\n<p>&nbsp;<\/p>\n<p><strong>Margalida Sans\u00f3<\/strong><\/p>\n<p>Abogada de FMSB<\/p>\n<p>&nbsp;<\/p>\n<p><strong>Enlace a <span style=\"color: #decb00;\"><a id=\"ref-9916315\" style=\"color: #decb00;\" href=\"https:\/\/www.fmsb.eu\/wp-content\/uploads\/2022\/04\/STS_1153_2022.pdf\" data-databasematch=\"TS\" data-reference=\"9916315\" data-statsqueryid=\"178308573\" data-links=\"&quot;277\/2022&quot;\" data-optimize=\"20220405\" data-roj=\"STS 1153\/2022\" data-fechares=\"20220331\" data-start=\"1\" data-langiso=\"es\"><span style=\"color: #ffc400;\">STS, a 31 de marzo de 2022 &#8211; ROJ: STS 1153\/2022<\/span><\/a><\/span><\/strong><span style=\"color: #000000;\"> (sobre la que versa este art\u00edculo)<\/span><\/p>\n<p><strong>Enlace a <span style=\"color: #decb00;\"><a style=\"color: #decb00;\" href=\"https:\/\/www.fmsb.eu\/wp-content\/uploads\/2022\/04\/STS_247_2014.pdf\"><span style=\"color: #ffc400;\">STS 835\/2013, de 6 de febrero de 2014<\/span><\/a><\/span><\/strong><\/p>\n<hr \/>\n<p><span style=\"color: #999999;\">#fmsb #fontmorasainzdebaranda #abogados #economistas #derecho #filiaci\u00f3n #gestaci\u00f3n #maternidad #madres #gestantes #sustituci\u00f3n #inter\u00e9s #ni\u00f1os #menor #adopci\u00f3n #paternidad #sentencia #doctrina #TJUE #STS #baleares #mallorca #menorca #ibiza #manacor #elarenal #andratx #law #lawyers #solicitors<\/span><\/p>\n","protected":false},"excerpt":{"rendered":"<p>Claves sobre la gestaci\u00f3n subrogada o gestaci\u00f3n por sustituci\u00f3n a colaci\u00f3n de caso de Ana Obreg\u00f3n Hace escasos d\u00edas se conoc\u00eda la noticia de que la actriz y presentadora Ana Obreg\u00f3n hab\u00eda hecho uso de la gestaci\u00f3n por sustituci\u00f3n o gestaci\u00f3n subrogada para ser madre a trav\u00e9s de un vientre de alquiler en un pa\u00eds [&hellip;]<\/p>\n","protected":false},"author":2,"featured_media":10037,"comment_status":"closed","ping_status":"open","sticky":false,"template":"","format":"standard","meta":{"footnotes":""},"categories":[2198,2199,2451,2200,2742,2202],"tags":[3205,4588,2908,2208,3128,2218,2219,4591,2223,2224,4673,4592,4593,4674,4675,4676,2225,2753,4677,4678,2332,2228,2229,4679,2231,2232,2754,4595,2234,2757,4680,4681,2240,4682,4683,2766,2243,2517,4684,3212,4685,4686,4687],"class_list":["post-11201","post","type-post","status-publish","format-standard","has-post-thumbnail","hentry","category-actualidad-de","category-blog-de","category-contratos-de","category-derecho-civil-de","category-derecho-de-familia-de","category-home-de","tag-abogados-manacor-de","tag-adopcion-de","tag-andratx-de","tag-baleares-de","tag-doctrina-de","tag-economistas-de","tag-el-arenal-de","tag-filiacion-de","tag-fmsb-de","tag-font-mora-sainz-de-baranda-de","tag-gestacion-de","tag-gestacion-por-sustitucion-de","tag-gestacion-subrogada-de","tag-gestacion-tradicional-de","tag-gestacional-de","tag-gestante-de","tag-ibiza-de","tag-interes-del-menor-de","tag-interes-superior-del-menor-de","tag-interrupcion-voluntaria-del-embarazo-de","tag-islas-baleares-de","tag-law-de","tag-lawyers-de","tag-ley-del-aborto-de","tag-mallorca-de","tag-manacor-de","tag-margalida-sanso-de","tag-maternidad-de","tag-menorca-de","tag-menores-de","tag-ninos-de","tag-paternidad-de","tag-puerto-de-andratx-de","tag-reproduccion-asistida-de","tag-salud-sexual-y-reproductiva-de","tag-sentencia-de","tag-solicitors-de","tag-sts-de","tag-sustituta-de","tag-tasacion-de","tag-tecnicas-de-reproduccion-humana-asistida-de","tag-vientre-de-alquiler-de","tag-violencia-contra-la-mujer-de"],"yoast_head":"<!-- This site is optimized with the Yoast SEO plugin v27.3 - https:\/\/yoast.com\/product\/yoast-seo-wordpress\/ -->\n<title>Claves sobre la gestaci\u00f3n subrogada o gestaci\u00f3n por sustituci\u00f3n a colaci\u00f3n de caso de Ana Obreg\u00f3n - FMSB Abogados y Economistas en Baleares<\/title>\n<meta name=\"description\" content=\"Claves sobre la gestaci\u00f3n subrogada o gestaci\u00f3n por sustituci\u00f3n a colaci\u00f3n del medi\u00e1tico caso de Ana Obreg\u00f3n\" \/>\n<meta name=\"robots\" content=\"index, follow, max-snippet:-1, max-image-preview:large, max-video-preview:-1\" \/>\n<link rel=\"canonical\" href=\"https:\/\/fmsb.eu\/de\/2023\/04\/02\/claves-gestacion-subrogada-por-sustitucion-ana-obregon\/\" \/>\n<meta property=\"og:locale\" content=\"de_DE\" \/>\n<meta property=\"og:type\" content=\"article\" \/>\n<meta property=\"og:title\" content=\"Claves sobre la gestaci\u00f3n subrogada o gestaci\u00f3n por sustituci\u00f3n a colaci\u00f3n de caso de Ana Obreg\u00f3n - FMSB Abogados y Economistas en Baleares\" \/>\n<meta property=\"og:description\" content=\"Claves sobre la gestaci\u00f3n subrogada o gestaci\u00f3n por sustituci\u00f3n a colaci\u00f3n del medi\u00e1tico caso de Ana Obreg\u00f3n\" \/>\n<meta property=\"og:url\" content=\"https:\/\/fmsb.eu\/de\/2023\/04\/02\/claves-gestacion-subrogada-por-sustitucion-ana-obregon\/\" \/>\n<meta property=\"og:site_name\" content=\"FMSB Abogados y Economistas en Baleares\" \/>\n<meta property=\"article:published_time\" content=\"2023-04-02T21:59:35+00:00\" \/>\n<meta property=\"og:image\" content=\"https:\/\/fmsb.eu\/wp-content\/uploads\/2023\/04\/1.jpg\" \/>\n\t<meta property=\"og:image:width\" content=\"2000\" \/>\n\t<meta property=\"og:image:height\" content=\"2000\" \/>\n\t<meta property=\"og:image:type\" content=\"image\/jpeg\" \/>\n<meta name=\"author\" content=\"fmsb\" \/>\n<meta name=\"twitter:card\" content=\"summary_large_image\" \/>\n<meta name=\"twitter:creator\" content=\"@fmsb-disstint\" \/>\n<meta name=\"twitter:label1\" content=\"Verfasst von\" \/>\n\t<meta name=\"twitter:data1\" content=\"fmsb\" \/>\n\t<meta name=\"twitter:label2\" content=\"Gesch\u00e4tzte Lesezeit\" \/>\n\t<meta name=\"twitter:data2\" content=\"20\u00a0Minuten\" \/>\n<script type=\"application\/ld+json\" class=\"yoast-schema-graph\">{\"@context\":\"https:\\\/\\\/schema.org\",\"@graph\":[{\"@type\":\"Article\",\"@id\":\"https:\\\/\\\/fmsb.eu\\\/de\\\/2023\\\/04\\\/02\\\/claves-gestacion-subrogada-por-sustitucion-ana-obregon\\\/#article\",\"isPartOf\":{\"@id\":\"https:\\\/\\\/fmsb.eu\\\/de\\\/2023\\\/04\\\/02\\\/claves-gestacion-subrogada-por-sustitucion-ana-obregon\\\/\"},\"author\":{\"name\":\"fmsb\",\"@id\":\"https:\\\/\\\/fmsb.eu\\\/de\\\/#\\\/schema\\\/person\\\/9fba7c70814b0cd34d35d655d36a4ca2\"},\"headline\":\"Claves sobre la gestaci\u00f3n subrogada o gestaci\u00f3n por sustituci\u00f3n a colaci\u00f3n de caso de Ana Obreg\u00f3n\",\"datePublished\":\"2023-04-02T21:59:35+00:00\",\"mainEntityOfPage\":{\"@id\":\"https:\\\/\\\/fmsb.eu\\\/de\\\/2023\\\/04\\\/02\\\/claves-gestacion-subrogada-por-sustitucion-ana-obregon\\\/\"},\"wordCount\":4779,\"publisher\":{\"@id\":\"https:\\\/\\\/fmsb.eu\\\/de\\\/#organization\"},\"image\":{\"@id\":\"https:\\\/\\\/fmsb.eu\\\/de\\\/2023\\\/04\\\/02\\\/claves-gestacion-subrogada-por-sustitucion-ana-obregon\\\/#primaryimage\"},\"thumbnailUrl\":\"https:\\\/\\\/fmsb.eu\\\/wp-content\\\/uploads\\\/2023\\\/04\\\/1.jpg\",\"keywords\":[\"abogados manacor\",\"adopci\u00f3n\",\"andratx\",\"baleares\",\"doctrina\",\"economistas\",\"el arenal\",\"filiaci\u00f3n\",\"fmsb\",\"font mora sainz de baranda\",\"gestaci\u00f3n\",\"gestaci\u00f3n por sustituci\u00f3n\",\"gestaci\u00f3n subrogada\",\"gestaci\u00f3n tradicional\",\"gestacional\",\"gestante\",\"ibiza\",\"inter\u00e9s del menor\",\"inter\u00e9s superior del menor\",\"interrupci\u00f3n voluntaria del embarazo\",\"islas baleares\",\"law\",\"lawyers\",\"ley del aborto\",\"mallorca\",\"Manacor\",\"margalida sanso\",\"maternidad\",\"menorca\",\"menores\",\"ni\u00f1os\",\"paternidad\",\"puerto de andratx\",\"reproducci\u00f3n asistida\",\"salud sexual y reproductiva\",\"sentencia\",\"solicitors\",\"STS\",\"sustituta\",\"tasaci\u00f3n\",\"t\u00e9cnicas de reproducci\u00f3n humana asistida\",\"vientre de alquiler\",\"violencia contra la mujer\"],\"articleSection\":[\"actualidad\",\"blog\",\"contratos\",\"Derecho Civil\",\"derecho de familia\",\"Home\"],\"inLanguage\":\"de\"},{\"@type\":\"WebPage\",\"@id\":\"https:\\\/\\\/fmsb.eu\\\/de\\\/2023\\\/04\\\/02\\\/claves-gestacion-subrogada-por-sustitucion-ana-obregon\\\/\",\"url\":\"https:\\\/\\\/fmsb.eu\\\/de\\\/2023\\\/04\\\/02\\\/claves-gestacion-subrogada-por-sustitucion-ana-obregon\\\/\",\"name\":\"Claves sobre la gestaci\u00f3n subrogada o gestaci\u00f3n por sustituci\u00f3n a colaci\u00f3n de caso de Ana Obreg\u00f3n - FMSB Abogados y Economistas en Baleares\",\"isPartOf\":{\"@id\":\"https:\\\/\\\/fmsb.eu\\\/de\\\/#website\"},\"primaryImageOfPage\":{\"@id\":\"https:\\\/\\\/fmsb.eu\\\/de\\\/2023\\\/04\\\/02\\\/claves-gestacion-subrogada-por-sustitucion-ana-obregon\\\/#primaryimage\"},\"image\":{\"@id\":\"https:\\\/\\\/fmsb.eu\\\/de\\\/2023\\\/04\\\/02\\\/claves-gestacion-subrogada-por-sustitucion-ana-obregon\\\/#primaryimage\"},\"thumbnailUrl\":\"https:\\\/\\\/fmsb.eu\\\/wp-content\\\/uploads\\\/2023\\\/04\\\/1.jpg\",\"datePublished\":\"2023-04-02T21:59:35+00:00\",\"description\":\"Claves sobre la gestaci\u00f3n subrogada o gestaci\u00f3n por sustituci\u00f3n a colaci\u00f3n del medi\u00e1tico caso de Ana Obreg\u00f3n\",\"breadcrumb\":{\"@id\":\"https:\\\/\\\/fmsb.eu\\\/de\\\/2023\\\/04\\\/02\\\/claves-gestacion-subrogada-por-sustitucion-ana-obregon\\\/#breadcrumb\"},\"inLanguage\":\"de\",\"potentialAction\":[{\"@type\":\"ReadAction\",\"target\":[\"https:\\\/\\\/fmsb.eu\\\/de\\\/2023\\\/04\\\/02\\\/claves-gestacion-subrogada-por-sustitucion-ana-obregon\\\/\"]}]},{\"@type\":\"ImageObject\",\"inLanguage\":\"de\",\"@id\":\"https:\\\/\\\/fmsb.eu\\\/de\\\/2023\\\/04\\\/02\\\/claves-gestacion-subrogada-por-sustitucion-ana-obregon\\\/#primaryimage\",\"url\":\"https:\\\/\\\/fmsb.eu\\\/wp-content\\\/uploads\\\/2023\\\/04\\\/1.jpg\",\"contentUrl\":\"https:\\\/\\\/fmsb.eu\\\/wp-content\\\/uploads\\\/2023\\\/04\\\/1.jpg\",\"width\":2000,\"height\":2000},{\"@type\":\"BreadcrumbList\",\"@id\":\"https:\\\/\\\/fmsb.eu\\\/de\\\/2023\\\/04\\\/02\\\/claves-gestacion-subrogada-por-sustitucion-ana-obregon\\\/#breadcrumb\",\"itemListElement\":[{\"@type\":\"ListItem\",\"position\":1,\"name\":\"Portada\",\"item\":\"https:\\\/\\\/fmsb.eu\\\/de\\\/\"},{\"@type\":\"ListItem\",\"position\":2,\"name\":\"Claves sobre la gestaci\u00f3n subrogada o gestaci\u00f3n por sustituci\u00f3n a colaci\u00f3n de caso de Ana Obreg\u00f3n\"}]},{\"@type\":\"WebSite\",\"@id\":\"https:\\\/\\\/fmsb.eu\\\/de\\\/#website\",\"url\":\"https:\\\/\\\/fmsb.eu\\\/de\\\/\",\"name\":\"FMSB Abogados y Economistas en Baleares\",\"description\":\"\",\"publisher\":{\"@id\":\"https:\\\/\\\/fmsb.eu\\\/de\\\/#organization\"},\"potentialAction\":[{\"@type\":\"SearchAction\",\"target\":{\"@type\":\"EntryPoint\",\"urlTemplate\":\"https:\\\/\\\/fmsb.eu\\\/de\\\/?s={search_term_string}\"},\"query-input\":{\"@type\":\"PropertyValueSpecification\",\"valueRequired\":true,\"valueName\":\"search_term_string\"}}],\"inLanguage\":\"de\"},{\"@type\":\"Organization\",\"@id\":\"https:\\\/\\\/fmsb.eu\\\/de\\\/#organization\",\"name\":\"FMSB Abogados y Economistas en Baleares\",\"url\":\"https:\\\/\\\/fmsb.eu\\\/de\\\/\",\"logo\":{\"@type\":\"ImageObject\",\"inLanguage\":\"de\",\"@id\":\"https:\\\/\\\/fmsb.eu\\\/de\\\/#\\\/schema\\\/logo\\\/image\\\/\",\"url\":\"https:\\\/\\\/fmsb.eu\\\/wp-content\\\/uploads\\\/2025\\\/02\\\/logo.svg\",\"contentUrl\":\"https:\\\/\\\/fmsb.eu\\\/wp-content\\\/uploads\\\/2025\\\/02\\\/logo.svg\",\"width\":154,\"height\":52,\"caption\":\"FMSB Abogados y Economistas en Baleares\"},\"image\":{\"@id\":\"https:\\\/\\\/fmsb.eu\\\/de\\\/#\\\/schema\\\/logo\\\/image\\\/\"}},{\"@type\":\"Person\",\"@id\":\"https:\\\/\\\/fmsb.eu\\\/de\\\/#\\\/schema\\\/person\\\/9fba7c70814b0cd34d35d655d36a4ca2\",\"name\":\"fmsb\",\"image\":{\"@type\":\"ImageObject\",\"inLanguage\":\"de\",\"@id\":\"https:\\\/\\\/secure.gravatar.com\\\/avatar\\\/426f4d5b0ebcace85460caf87cdaaa193694b611e990615d87a13f322fb7ee7f?s=96&d=mm&r=g\",\"url\":\"https:\\\/\\\/secure.gravatar.com\\\/avatar\\\/426f4d5b0ebcace85460caf87cdaaa193694b611e990615d87a13f322fb7ee7f?s=96&d=mm&r=g\",\"contentUrl\":\"https:\\\/\\\/secure.gravatar.com\\\/avatar\\\/426f4d5b0ebcace85460caf87cdaaa193694b611e990615d87a13f322fb7ee7f?s=96&d=mm&r=g\",\"caption\":\"fmsb\"},\"sameAs\":[\"https:\\\/\\\/x.com\\\/fmsb-disstint\"],\"url\":\"https:\\\/\\\/fmsb.eu\\\/de\\\/author\\\/fmsb\\\/\"}]}<\/script>\n<!-- \/ Yoast SEO plugin. -->","yoast_head_json":{"title":"Claves sobre la gestaci\u00f3n subrogada o gestaci\u00f3n por sustituci\u00f3n a colaci\u00f3n de caso de Ana Obreg\u00f3n - FMSB Abogados y Economistas en Baleares","description":"Claves sobre la gestaci\u00f3n subrogada o gestaci\u00f3n por sustituci\u00f3n a colaci\u00f3n del medi\u00e1tico caso de Ana Obreg\u00f3n","robots":{"index":"index","follow":"follow","max-snippet":"max-snippet:-1","max-image-preview":"max-image-preview:large","max-video-preview":"max-video-preview:-1"},"canonical":"https:\/\/fmsb.eu\/de\/2023\/04\/02\/claves-gestacion-subrogada-por-sustitucion-ana-obregon\/","og_locale":"de_DE","og_type":"article","og_title":"Claves sobre la gestaci\u00f3n subrogada o gestaci\u00f3n por sustituci\u00f3n a colaci\u00f3n de caso de Ana Obreg\u00f3n - FMSB Abogados y Economistas en Baleares","og_description":"Claves sobre la gestaci\u00f3n subrogada o gestaci\u00f3n por sustituci\u00f3n a colaci\u00f3n del medi\u00e1tico caso de Ana Obreg\u00f3n","og_url":"https:\/\/fmsb.eu\/de\/2023\/04\/02\/claves-gestacion-subrogada-por-sustitucion-ana-obregon\/","og_site_name":"FMSB Abogados y Economistas en Baleares","article_published_time":"2023-04-02T21:59:35+00:00","og_image":[{"width":2000,"height":2000,"url":"https:\/\/fmsb.eu\/wp-content\/uploads\/2023\/04\/1.jpg","type":"image\/jpeg"}],"author":"fmsb","twitter_card":"summary_large_image","twitter_creator":"@fmsb-disstint","twitter_misc":{"Verfasst von":"fmsb","Gesch\u00e4tzte Lesezeit":"20\u00a0Minuten"},"schema":{"@context":"https:\/\/schema.org","@graph":[{"@type":"Article","@id":"https:\/\/fmsb.eu\/de\/2023\/04\/02\/claves-gestacion-subrogada-por-sustitucion-ana-obregon\/#article","isPartOf":{"@id":"https:\/\/fmsb.eu\/de\/2023\/04\/02\/claves-gestacion-subrogada-por-sustitucion-ana-obregon\/"},"author":{"name":"fmsb","@id":"https:\/\/fmsb.eu\/de\/#\/schema\/person\/9fba7c70814b0cd34d35d655d36a4ca2"},"headline":"Claves sobre la gestaci\u00f3n subrogada o gestaci\u00f3n por sustituci\u00f3n a colaci\u00f3n de caso de Ana Obreg\u00f3n","datePublished":"2023-04-02T21:59:35+00:00","mainEntityOfPage":{"@id":"https:\/\/fmsb.eu\/de\/2023\/04\/02\/claves-gestacion-subrogada-por-sustitucion-ana-obregon\/"},"wordCount":4779,"publisher":{"@id":"https:\/\/fmsb.eu\/de\/#organization"},"image":{"@id":"https:\/\/fmsb.eu\/de\/2023\/04\/02\/claves-gestacion-subrogada-por-sustitucion-ana-obregon\/#primaryimage"},"thumbnailUrl":"https:\/\/fmsb.eu\/wp-content\/uploads\/2023\/04\/1.jpg","keywords":["abogados manacor","adopci\u00f3n","andratx","baleares","doctrina","economistas","el arenal","filiaci\u00f3n","fmsb","font mora sainz de baranda","gestaci\u00f3n","gestaci\u00f3n por sustituci\u00f3n","gestaci\u00f3n subrogada","gestaci\u00f3n tradicional","gestacional","gestante","ibiza","inter\u00e9s del menor","inter\u00e9s superior del menor","interrupci\u00f3n voluntaria del embarazo","islas baleares","law","lawyers","ley del aborto","mallorca","Manacor","margalida sanso","maternidad","menorca","menores","ni\u00f1os","paternidad","puerto de andratx","reproducci\u00f3n asistida","salud sexual y reproductiva","sentencia","solicitors","STS","sustituta","tasaci\u00f3n","t\u00e9cnicas de reproducci\u00f3n humana asistida","vientre de alquiler","violencia contra la mujer"],"articleSection":["actualidad","blog","contratos","Derecho Civil","derecho de familia","Home"],"inLanguage":"de"},{"@type":"WebPage","@id":"https:\/\/fmsb.eu\/de\/2023\/04\/02\/claves-gestacion-subrogada-por-sustitucion-ana-obregon\/","url":"https:\/\/fmsb.eu\/de\/2023\/04\/02\/claves-gestacion-subrogada-por-sustitucion-ana-obregon\/","name":"Claves sobre la gestaci\u00f3n subrogada o gestaci\u00f3n por sustituci\u00f3n a colaci\u00f3n de caso de Ana Obreg\u00f3n - FMSB Abogados y Economistas en Baleares","isPartOf":{"@id":"https:\/\/fmsb.eu\/de\/#website"},"primaryImageOfPage":{"@id":"https:\/\/fmsb.eu\/de\/2023\/04\/02\/claves-gestacion-subrogada-por-sustitucion-ana-obregon\/#primaryimage"},"image":{"@id":"https:\/\/fmsb.eu\/de\/2023\/04\/02\/claves-gestacion-subrogada-por-sustitucion-ana-obregon\/#primaryimage"},"thumbnailUrl":"https:\/\/fmsb.eu\/wp-content\/uploads\/2023\/04\/1.jpg","datePublished":"2023-04-02T21:59:35+00:00","description":"Claves sobre la gestaci\u00f3n subrogada o gestaci\u00f3n por sustituci\u00f3n a colaci\u00f3n del medi\u00e1tico caso de Ana Obreg\u00f3n","breadcrumb":{"@id":"https:\/\/fmsb.eu\/de\/2023\/04\/02\/claves-gestacion-subrogada-por-sustitucion-ana-obregon\/#breadcrumb"},"inLanguage":"de","potentialAction":[{"@type":"ReadAction","target":["https:\/\/fmsb.eu\/de\/2023\/04\/02\/claves-gestacion-subrogada-por-sustitucion-ana-obregon\/"]}]},{"@type":"ImageObject","inLanguage":"de","@id":"https:\/\/fmsb.eu\/de\/2023\/04\/02\/claves-gestacion-subrogada-por-sustitucion-ana-obregon\/#primaryimage","url":"https:\/\/fmsb.eu\/wp-content\/uploads\/2023\/04\/1.jpg","contentUrl":"https:\/\/fmsb.eu\/wp-content\/uploads\/2023\/04\/1.jpg","width":2000,"height":2000},{"@type":"BreadcrumbList","@id":"https:\/\/fmsb.eu\/de\/2023\/04\/02\/claves-gestacion-subrogada-por-sustitucion-ana-obregon\/#breadcrumb","itemListElement":[{"@type":"ListItem","position":1,"name":"Portada","item":"https:\/\/fmsb.eu\/de\/"},{"@type":"ListItem","position":2,"name":"Claves sobre la gestaci\u00f3n subrogada o gestaci\u00f3n por sustituci\u00f3n a colaci\u00f3n de caso de Ana Obreg\u00f3n"}]},{"@type":"WebSite","@id":"https:\/\/fmsb.eu\/de\/#website","url":"https:\/\/fmsb.eu\/de\/","name":"FMSB Abogados y Economistas en Baleares","description":"","publisher":{"@id":"https:\/\/fmsb.eu\/de\/#organization"},"potentialAction":[{"@type":"SearchAction","target":{"@type":"EntryPoint","urlTemplate":"https:\/\/fmsb.eu\/de\/?s={search_term_string}"},"query-input":{"@type":"PropertyValueSpecification","valueRequired":true,"valueName":"search_term_string"}}],"inLanguage":"de"},{"@type":"Organization","@id":"https:\/\/fmsb.eu\/de\/#organization","name":"FMSB Abogados y Economistas en Baleares","url":"https:\/\/fmsb.eu\/de\/","logo":{"@type":"ImageObject","inLanguage":"de","@id":"https:\/\/fmsb.eu\/de\/#\/schema\/logo\/image\/","url":"https:\/\/fmsb.eu\/wp-content\/uploads\/2025\/02\/logo.svg","contentUrl":"https:\/\/fmsb.eu\/wp-content\/uploads\/2025\/02\/logo.svg","width":154,"height":52,"caption":"FMSB Abogados y Economistas en Baleares"},"image":{"@id":"https:\/\/fmsb.eu\/de\/#\/schema\/logo\/image\/"}},{"@type":"Person","@id":"https:\/\/fmsb.eu\/de\/#\/schema\/person\/9fba7c70814b0cd34d35d655d36a4ca2","name":"fmsb","image":{"@type":"ImageObject","inLanguage":"de","@id":"https:\/\/secure.gravatar.com\/avatar\/426f4d5b0ebcace85460caf87cdaaa193694b611e990615d87a13f322fb7ee7f?s=96&d=mm&r=g","url":"https:\/\/secure.gravatar.com\/avatar\/426f4d5b0ebcace85460caf87cdaaa193694b611e990615d87a13f322fb7ee7f?s=96&d=mm&r=g","contentUrl":"https:\/\/secure.gravatar.com\/avatar\/426f4d5b0ebcace85460caf87cdaaa193694b611e990615d87a13f322fb7ee7f?s=96&d=mm&r=g","caption":"fmsb"},"sameAs":["https:\/\/x.com\/fmsb-disstint"],"url":"https:\/\/fmsb.eu\/de\/author\/fmsb\/"}]}},"_links":{"self":[{"href":"https:\/\/fmsb.eu\/de\/wp-json\/wp\/v2\/posts\/11201","targetHints":{"allow":["GET"]}}],"collection":[{"href":"https:\/\/fmsb.eu\/de\/wp-json\/wp\/v2\/posts"}],"about":[{"href":"https:\/\/fmsb.eu\/de\/wp-json\/wp\/v2\/types\/post"}],"author":[{"embeddable":true,"href":"https:\/\/fmsb.eu\/de\/wp-json\/wp\/v2\/users\/2"}],"replies":[{"embeddable":true,"href":"https:\/\/fmsb.eu\/de\/wp-json\/wp\/v2\/comments?post=11201"}],"version-history":[{"count":0,"href":"https:\/\/fmsb.eu\/de\/wp-json\/wp\/v2\/posts\/11201\/revisions"}],"wp:featuredmedia":[{"embeddable":true,"href":"https:\/\/fmsb.eu\/de\/wp-json\/wp\/v2\/media\/10037"}],"wp:attachment":[{"href":"https:\/\/fmsb.eu\/de\/wp-json\/wp\/v2\/media?parent=11201"}],"wp:term":[{"taxonomy":"category","embeddable":true,"href":"https:\/\/fmsb.eu\/de\/wp-json\/wp\/v2\/categories?post=11201"},{"taxonomy":"post_tag","embeddable":true,"href":"https:\/\/fmsb.eu\/de\/wp-json\/wp\/v2\/tags?post=11201"}],"curies":[{"name":"wp","href":"https:\/\/api.w.org\/{rel}","templated":true}]}}