{"id":11207,"date":"2023-03-25T07:06:19","date_gmt":"2023-03-25T06:06:19","guid":{"rendered":"http:\/\/fmsb.disstintbeta.com\/2023\/03\/25\/culo-veo-impuesto-quiero-jorge-sainz-de-baranda-mallorcadiario\/"},"modified":"2023-03-25T07:06:19","modified_gmt":"2023-03-25T06:06:19","slug":"culo-veo-impuesto-quiero-jorge-sainz-de-baranda-mallorcadiario","status":"publish","type":"post","link":"https:\/\/fmsb.eu\/de\/2023\/03\/25\/culo-veo-impuesto-quiero-jorge-sainz-de-baranda-mallorcadiario\/","title":{"rendered":"Culo veo, impuesto quiero, art\u00edculo de opini\u00f3n de Jorge S\u00e1inz de Baranda en Mallorcadiario"},"content":{"rendered":"<p>&nbsp;<\/p>\n<div class=\"navegacion\">\n<h3 class=\"antesubtitulo antetit\"><a href=\"http:\/\/www.mallorcadiario.com\"><span style=\"color: #993300;\"><strong>mallorcadiario.com<\/strong><\/span><\/a>\u00a0 <a href=\"https:\/\/www.mallorcadiario.com\/culo-veo-impuesto-quiero-jorge-sainz-de-baranda\">Opini\u00f3n<\/a><\/h3>\n<\/div>\n<p><a href=\"http:\/\/fmsb.disstintbeta.com\/wp-content\/uploads\/2023\/03\/FMSB-Abogados-Culo-veo-impuesto-quiero-Jorge-Sainz-de-Baranda-Mallorcadiario-00.png\"><img fetchpriority=\"high\" decoding=\"async\" class=\"alignnone wp-image-6798\" src=\"http:\/\/fmsb.disstintbeta.com\/wp-content\/uploads\/2023\/03\/FMSB-Abogados-Culo-veo-impuesto-quiero-Jorge-Sainz-de-Baranda-Mallorcadiario-00.png\" alt=\"\" width=\"800\" height=\"600\" srcset=\"https:\/\/font-mora-sainz-baranda.fra1.digitaloceanspaces.com\/wp-content\/uploads\/2023\/03\/FMSB-Abogados-Culo-veo-impuesto-quiero-Jorge-Sainz-de-Baranda-Mallorcadiario-00.png 1600w, https:\/\/font-mora-sainz-baranda.fra1.digitaloceanspaces.com\/wp-content\/uploads\/2023\/03\/FMSB-Abogados-Culo-veo-impuesto-quiero-Jorge-Sainz-de-Baranda-Mallorcadiario-00-300x225.png 300w, https:\/\/font-mora-sainz-baranda.fra1.digitaloceanspaces.com\/wp-content\/uploads\/2023\/03\/FMSB-Abogados-Culo-veo-impuesto-quiero-Jorge-Sainz-de-Baranda-Mallorcadiario-00-1024x768.png 1024w, https:\/\/font-mora-sainz-baranda.fra1.digitaloceanspaces.com\/wp-content\/uploads\/2023\/03\/FMSB-Abogados-Culo-veo-impuesto-quiero-Jorge-Sainz-de-Baranda-Mallorcadiario-00-768x576.png 768w, https:\/\/font-mora-sainz-baranda.fra1.digitaloceanspaces.com\/wp-content\/uploads\/2023\/03\/FMSB-Abogados-Culo-veo-impuesto-quiero-Jorge-Sainz-de-Baranda-Mallorcadiario-00-1536x1152.png 1536w\" sizes=\"(max-width: 800px) 100vw, 800px\" \/><\/a><\/p>\n<div class=\"navegacion\">\n<h6 class=\"ulthora fecha_publicacion\"><span class=\"dia_mes_anno\">DOMINGO 26 DE MARZO DE 2023<br \/>\n<\/span><\/h6>\n<\/div>\n<h6 class=\"ulthora fecha_publicacion\"><span class=\"dia_mes_anno\" style=\"color: #ffffff;\">\u00a0<\/span><\/h6>\n<div title=\"noticia 557362\">\n<h1 class=\"titulo\"><a href=\"https:\/\/www.mallorcadiario.com\/culo-veo-impuesto-quiero-jorge-sainz-de-baranda\"><strong><em><span style=\"color: #ffcc00;\"><span style=\"color: #ba9604;\"><span style=\"color: #008080;\"><span style=\"color: #000000;\">Culo veo, impuesto quiero<\/span><\/span><\/span><\/span><\/em><\/strong><\/a><\/h1>\n<\/div>\n<div id=\"firmante_767\" class=\"firmante\">\n<p>Por\u00a0<a href=\"https:\/\/www.fmsb.eu\/jorge-sainz-de-baranda-brunbeck\/\"><strong><span class=\"nombre_firmante\">Jorge S\u00e1inz de Baranda<\/span><\/strong><\/a><\/p>\n<h6><a href=\"https:\/\/www.mallorcadiario.com\/jorge-sainz-de-baranda\/autor\/767\/\"><strong><span style=\"color: #993300;\">M\u00c1S ART\u00cdCULOS DEL AUTOR<\/span><\/strong><\/a><\/h6>\n<p>&nbsp;<\/p>\n<p>Empiezo este escatol\u00f3gico art\u00edculo con una cita que, desde ni\u00f1os, hemos o\u00eddo de nuestros mayores: <em>\u00abculo veo, culo quiero&#8230;\u00bb<\/em>, con la que se hace referencia a aquellas personas a las que siempre se les antoja lo que tienen otros -entre nosotros, los famosos y famosas &#8222;culoveo&#8220;-.<\/p>\n<p>El significado no puede ser m\u00e1s cristalino, aunque la duda que nos puede surgir es la raz\u00f3n de que se use &#8222;<em>culo<\/em>&#8220; y no &#8222;<em>t\u00e9mpora<\/em>&#8222;, por decir algo. Seg\u00fan algunos autores &#8222;googlelianos&#8220;, esta expresi\u00f3n podr\u00eda ser un equivalente de la expresi\u00f3n francesa \u00ab<em>Qui cuir voit tailler, courroie demande<\/em>\u00bb. O lo que es lo mismo: \u00ab<em>quien ve cortar cuero, cintur\u00f3n quiere<\/em>\u00bb.<\/p>\n<p>De ah\u00ed, que las palabras \u00abcuir\u00bb y \u00abcourroie\u00bb podr\u00edan haber degenerado popularmente en el \u00abculo\u00bb espa\u00f1ol, mucho m\u00e1s f\u00e1cil de pronunciar por el pueblo. Les recuerdo que cuando Leopoldo de Hohenzollern-Sigmaringen, tras la Revoluci\u00f3n de 1868 contra Isabel II, se convirti\u00f3 en candidato a ocupar el trono de Espa\u00f1a, se le empez\u00f3 a llamar &#8222;Leopoldo Ole-Ole Sime-eligen&#8220; como fiel remedio castizo a la dif\u00edcil pronunciaci\u00f3n del apellido para los espa\u00f1oles.<\/p>\n<p>Y hoy, aprovechando &#8222;culoveo&#8220;, les voy a hablar de una iniciativa de una formaci\u00f3n pol\u00edtica de nuestras Illes, que ha entrado en el Parlamento una propuesta no legislativa para la implantaci\u00f3n de un impuesto copiado de Catalunya, \u00fanica Comunidad que ha aprobado una medida as\u00ed.<\/p>\n<p>Se trata del denominado <strong><em>Impuesto sobre los activos no productivos<\/em><\/strong>, un nuevo gravamen que recae sobre la tenencia por parte de una sociedad de determinados bienes como inmuebles, veh\u00edculos con potencia superior a 200 caballos, embarcaciones, aeronaves, objetos de arte y joyas, que se consideran improductivos.<\/p>\n<p>La pregunta es \u00bfcu\u00e1ndo se entiende que el activo de una sociedad no es productivo? Pues, conforme a la norma, cuando \u00e9ste se cede gratuitamente a los socios o administradores para su uso particular; cuando se arrienda o cede con precio, pero \u00e9ste no se corresponde con el valor de mercado; o cuando directamente este activo no se utiliza en la explotaci\u00f3n econ\u00f3mica, con excepci\u00f3n de aquellos cuyo precio de adquisici\u00f3n no supera el importe de los beneficios no distribuidos en el propio a\u00f1o as\u00ed como en los diez a\u00f1os anteriores.<\/p>\n<p>\u00bfY qu\u00e9 tienen que pagar las sociedades como consecuencia de este impuesto? pues la base imponible est\u00e1 constituida, con car\u00e1cter general, por el valor de mercado de los activos no productivos, excepto los inmuebles que se valorar\u00e1n por su valor catastral -o por el valor de referencia-, y sobre ese valor se aplica una escala id\u00e9ntica a la aplicada para calcular el Impuesto sobre el Patrimonio en las personas f\u00edsicas, con tipos progresivos que abarcan desde el 0,21% hasta el 2,75%.<\/p>\n<p>Las reacciones, tanto a favor como en contra, no se han hecho esperar. Entre todas, me ha llamado poderosamente la atenci\u00f3n las declaraciones de una Ex-Directora General de Tributos -efectivamente, s\u00e9 lo que est\u00e1n pensando, si yo he sido Director General de Tributos, cualquiera puede serlo-, que defiende la medida con el argumento de que lo que se persigue con este impuesto es <em>&#8222;evitar la elusi\u00f3n fiscal de algunas sociedades que, bajo este paraguas, incorporan bienes no productivos con la finalidad de pagar una menor tributaci\u00f3n\u201d<\/em>. Y lo refuerza se\u00f1alando que <em>&#8222;como el impuesto sobre el patrimonio solo lo pagan las personas f\u00edsicas, hay sociedades que incorporan estos bienes que se utilizan para fines particulares cuando deber\u00edan, evidentemente, tributar dentro del impuesto de patrimonio como persona f\u00edsica\u201d<\/em>.<\/p>\n<p>Seguro que hay algo que me he perdido de nuestro sistema tributario y del Pa\u00eds de las Maravillas, pero que yo sepa -y s\u00e9 poco-, en el Impuesto de Patrimonio las personas f\u00edsicas est\u00e1n obligadas a incorporar las acciones o participaciones que tengan en sociedades, quedando solo exentas aquellas que tengan actividad econ\u00f3mica. Y es m\u00e1s, aunque tengan actividad econ\u00f3mica, aquellos bienes que no est\u00e9n afectos no quedan exentos y tributan de forma efectiva.<\/p>\n<p>El nuevo impuesto establece varios supuestos -que son de &#8222;<em>perogrullo<\/em>&#8222;- en los que no se paga: primero, cuando la sociedad tiene el domicilio fiscal fuera del territorio de aplicaci\u00f3n, aunque tenga bienes aqu\u00ed y, segundo, cuando la sociedad tiene el domicilio en el territorio, pero los bienes est\u00e1n situados fuera.<\/p>\n<p>La realidad que no ven los \u201cculoveos\u201d es que muchas sociedades, que pagan religiosamente sus impuestos, reinvierten sus beneficios en otros bienes no afectos a la actividad, simplemente para rentabilizar su patrimonio u obtener rentas futuras, y ello ni es signo de elusi\u00f3n fiscal ni de fraude. Es simplemente una decisi\u00f3n empresarial, cuyos execrables requisitos previos son haber sido empresario, haber arriesgado el patrimonio y haber generado riqueza y puestos de trabajo, inversiones que nuevamente generan impuestos y distribuci\u00f3n de la renta en el lugar donde las sociedades est\u00e1n radicadas.<\/p>\n<p>La consecuencia, anunciada por otros sectores contrarios a la nueva medida, ser\u00e1 que muchas sociedades o cambiar\u00e1n su domicilio social o invertir\u00e1n en bienes fuera del territorio de aplicaci\u00f3n del impuesto, o se los llevar\u00e1n a otras latitudes, desplazando los impuestos que se pagan por todo ello a otras Comunidades&#8230;, aunque quiz\u00e1 esa es la opci\u00f3n que los fervientes entusiastas del &#8222;<em>barco de rejilla<\/em>&#8220; buscan con denuedo b\u00edblico. Uds. sabr\u00e1n.<\/p>\n<\/div>\n<p>&nbsp;<\/p>\n<hr \/>\n<p>Art\u00edculo original publicado en el diario digital\u00a0<a href=\"https:\/\/www.mallorcadiario.com\"><strong><span style=\"color: #993300;\">mallorcadiario.com<\/span><\/strong><\/a> .\u00a0\u00a0 L\u00e9elo directamente en <a href=\"https:\/\/www.mallorcadiario.com\"><strong>mallorcadiario.com<\/strong><\/a> a trav\u00e9s de este <a href=\"https:\/\/www.mallorcadiario.com\/culo-veo-impuesto-quiero-jorge-sainz-de-baranda\"><span style=\"color: #993366;\"><strong>enlace<\/strong><\/span><\/a><\/p>\n","protected":false},"excerpt":{"rendered":"<p>&nbsp; mallorcadiario.com\u00a0 Opini\u00f3n DOMINGO 26 DE MARZO DE 2023 \u00a0 Culo veo, impuesto quiero Por\u00a0Jorge S\u00e1inz de Baranda M\u00c1S ART\u00cdCULOS DEL AUTOR &nbsp; Empiezo este escatol\u00f3gico art\u00edculo con una cita que, desde ni\u00f1os, hemos o\u00eddo de nuestros mayores: \u00abculo veo, culo quiero&#8230;\u00bb, con la que se hace referencia a aquellas personas a las que siempre [&hellip;]<\/p>\n","protected":false},"author":2,"featured_media":10027,"comment_status":"closed","ping_status":"open","sticky":false,"template":"","format":"standard","meta":{"footnotes":""},"categories":[2198,2199,2309,2202,3169],"tags":[4339,2206,2663,2664,2665,2312,2666,2667,2507,2314,2668,2208,2669,2670,2671,2672,2673,2316,2674,2675,2676,2677,2678,2318,2319,2320,2321,2680,2681,2682,2683,2684,2218,2219,2685,2686,2575,2223,2687,2688,2689,2690,2325,2327,2691,2225,2328,2692,2329,2693,2330,2694,2331,2695,2333,2228,2229,2334,2231,2336,2232,2234,2696,2341,2342,2343,2697,2344,2345,2698,2699,2700,2236,2701,2702,2349,2703,2350,2240,2704,2705,2354,2355,2243,2359,2360,2361,2706,2707,2708,2709,2710,2711,2712,2363,2713,2364,2365],"class_list":["post-11207","post","type-post","status-publish","format-standard","has-post-thumbnail","hentry","category-actualidad-de","category-blog-de","category-derecho-fiscal-de","category-home-de","category-opinion-de","tag-50-000-de","tag-abogados-de","tag-administracion-tributaria-de","tag-administraciones-tributarias-de","tag-aeat-de","tag-agencia-tributaria-de","tag-antifraude-de","tag-aplazamiento-de","tag-articulos-de","tag-asesores-de","tag-atib-de","tag-baleares-de","tag-blanqueo-de","tag-blanqueo-de-capitales-de","tag-campana-de-la-renta-de","tag-campana-irpf-de","tag-catastro-de","tag-comunidad-autonoma-de","tag-declaracion-de-inconstitucionalidad-de","tag-declaracion-de-nulidad-de","tag-deflacion-de","tag-deflactacion-de","tag-deflactar-de","tag-derecho-civil-propio-de","tag-derecho-de-la-union-europea-de","tag-derecho-fiscal-de","tag-derecho-tributario-de","tag-deudas-de","tag-dgt-de","tag-direccion-general-de-tributos-de","tag-direccion-general-del-catastro-de","tag-doble-imposicion-de","tag-economistas-de","tag-el-arenal-de","tag-exencion-por-reinversion-de","tag-extranjeros-de","tag-fallecimiento-de","tag-fmsb-de","tag-fraccionamiento-de","tag-fraude-fiscal-de","tag-galicia-de","tag-gravamen-extraordinario-de","tag-hacienda-de","tag-herencias-de","tag-ibi-de","tag-ibiza-de","tag-illes-balears-de","tag-impuesto-de-solidaridad-a-las-grandes-fortunas-de","tag-impuesto-de-sucesiones-de","tag-impuesto-sobre-la-renta-de","tag-impuestos-de","tag-incremento-del-valor-de-los-terrenos-de-naturaleza-urbana-de","tag-irpf-de","tag-jorge-lorenzo-de","tag-jorge-sainz-de-baranda-de","tag-law-de","tag-lawyers-de","tag-ley-antifraude-de","tag-mallorca-de","tag-mallorcadiario-de","tag-manacor-de","tag-menorca-de","tag-modelo-720-de","tag-mortis-causa-de","tag-obligado-tributario-de","tag-opinion-de","tag-pactos-sucesorioes-de","tag-pactos-sucesorios-de","tag-palma-de","tag-patrimonio-de","tag-plan-anual-de-control-tributario-de","tag-plusvalia-de","tag-port-dandratx-de","tag-prespuestos-generales-del-estado-de","tag-presupuestos-2021-de","tag-prevencion-de","tag-proindiviso-de","tag-propuestas-de","tag-puerto-de-andratx-de","tag-recargo-de","tag-reforma-de","tag-residentes-fiscales-de","tag-resindencia-fiscal-de","tag-solicitors-de","tag-sucesion-de","tag-sucesion-en-vida-de","tag-sucesiones-y-donaciones-de","tag-tasa-amazon-de","tag-teac-de","tag-tear-de","tag-testador-de","tag-tribunal-economico-administrativo-de","tag-tribunal-economico-administrativo-central-de","tag-tribunal-economico-administrativo-regional-de","tag-tributos-de","tag-ue-de","tag-valor-de-referencia-de","tag-valor-de-referencia-catastral-de"],"yoast_head":"<!-- This site is optimized with the Yoast SEO plugin v27.3 - https:\/\/yoast.com\/product\/yoast-seo-wordpress\/ -->\n<title>Culo veo, impuesto quiero, art\u00edculo de opini\u00f3n de Jorge S\u00e1inz de Baranda en Mallorcadiario - FMSB Abogados y Economistas en Baleares<\/title>\n<meta name=\"description\" content=\"Culo veo, impuesto quiero, art\u00edculo de opini\u00f3n dominical en Mallorcadiario del abogado y socio de FMSB -abogados y economistas- Jorge S\u00e1inz de Baranda\" \/>\n<meta name=\"robots\" content=\"index, follow, max-snippet:-1, max-image-preview:large, max-video-preview:-1\" \/>\n<link rel=\"canonical\" href=\"https:\/\/fmsb.eu\/de\/2023\/03\/25\/culo-veo-impuesto-quiero-jorge-sainz-de-baranda-mallorcadiario\/\" \/>\n<meta property=\"og:locale\" content=\"de_DE\" \/>\n<meta property=\"og:type\" content=\"article\" \/>\n<meta property=\"og:title\" content=\"Culo veo, impuesto quiero, art\u00edculo de opini\u00f3n de Jorge S\u00e1inz de Baranda en Mallorcadiario - FMSB Abogados y Economistas en Baleares\" \/>\n<meta property=\"og:description\" content=\"Culo veo, impuesto quiero, art\u00edculo de opini\u00f3n dominical en Mallorcadiario del abogado y socio de FMSB -abogados y economistas- Jorge S\u00e1inz de Baranda\" \/>\n<meta property=\"og:url\" content=\"https:\/\/fmsb.eu\/de\/2023\/03\/25\/culo-veo-impuesto-quiero-jorge-sainz-de-baranda-mallorcadiario\/\" \/>\n<meta property=\"og:site_name\" content=\"FMSB Abogados y Economistas en Baleares\" \/>\n<meta property=\"article:published_time\" content=\"2023-03-25T06:06:19+00:00\" \/>\n<meta property=\"og:image\" content=\"https:\/\/fmsb.eu\/wp-content\/uploads\/2023\/03\/FMSB-Abogados-Culo-veo-impuesto-quiero-Jorge-Sainz-de-Baranda-Mallorcadiario-00.png\" \/>\n\t<meta property=\"og:image:width\" content=\"1600\" \/>\n\t<meta property=\"og:image:height\" content=\"1200\" \/>\n\t<meta property=\"og:image:type\" content=\"image\/png\" \/>\n<meta name=\"author\" content=\"fmsb\" \/>\n<meta name=\"twitter:card\" content=\"summary_large_image\" \/>\n<meta name=\"twitter:creator\" content=\"@fmsb-disstint\" \/>\n<meta name=\"twitter:label1\" content=\"Verfasst von\" \/>\n\t<meta name=\"twitter:data1\" content=\"fmsb\" \/>\n\t<meta name=\"twitter:label2\" content=\"Gesch\u00e4tzte Lesezeit\" \/>\n\t<meta name=\"twitter:data2\" content=\"5\u00a0Minuten\" \/>\n<script type=\"application\/ld+json\" class=\"yoast-schema-graph\">{\"@context\":\"https:\\\/\\\/schema.org\",\"@graph\":[{\"@type\":\"Article\",\"@id\":\"https:\\\/\\\/fmsb.eu\\\/de\\\/2023\\\/03\\\/25\\\/culo-veo-impuesto-quiero-jorge-sainz-de-baranda-mallorcadiario\\\/#article\",\"isPartOf\":{\"@id\":\"https:\\\/\\\/fmsb.eu\\\/de\\\/2023\\\/03\\\/25\\\/culo-veo-impuesto-quiero-jorge-sainz-de-baranda-mallorcadiario\\\/\"},\"author\":{\"name\":\"fmsb\",\"@id\":\"https:\\\/\\\/fmsb.eu\\\/de\\\/#\\\/schema\\\/person\\\/9fba7c70814b0cd34d35d655d36a4ca2\"},\"headline\":\"Culo veo, impuesto quiero, art\u00edculo de opini\u00f3n de Jorge S\u00e1inz de Baranda en Mallorcadiario\",\"datePublished\":\"2023-03-25T06:06:19+00:00\",\"mainEntityOfPage\":{\"@id\":\"https:\\\/\\\/fmsb.eu\\\/de\\\/2023\\\/03\\\/25\\\/culo-veo-impuesto-quiero-jorge-sainz-de-baranda-mallorcadiario\\\/\"},\"wordCount\":978,\"publisher\":{\"@id\":\"https:\\\/\\\/fmsb.eu\\\/de\\\/#organization\"},\"image\":{\"@id\":\"https:\\\/\\\/fmsb.eu\\\/de\\\/2023\\\/03\\\/25\\\/culo-veo-impuesto-quiero-jorge-sainz-de-baranda-mallorcadiario\\\/#primaryimage\"},\"thumbnailUrl\":\"https:\\\/\\\/fmsb.eu\\\/wp-content\\\/uploads\\\/2023\\\/03\\\/FMSB-Abogados-Culo-veo-impuesto-quiero-Jorge-Sainz-de-Baranda-Mallorcadiario-00.png\",\"keywords\":[\"50.000\",\"abogados\",\"administraci\u00f3n tributaria\",\"administraciones tributarias\",\"aeat\",\"agencia tributaria\",\"antifraude\",\"aplazamiento\",\"articulos\",\"asesores\",\"ATIB\",\"baleares\",\"blanqueo\",\"blanqueo de capitales\",\"campa\u00f1a de la renta\",\"campa\u00f1a irpf\",\"catastro\",\"comunidad aut\u00f3noma\",\"declaraci\u00f3n de inconstitucionalidad\",\"declaraci\u00f3n de nulidad\",\"deflaci\u00f3n\",\"deflactaci\u00f3n\",\"deflactar\",\"derecho civil propio\",\"derecho de la uni\u00f3n europea\",\"derecho fiscal\",\"derecho tributario\",\"deudas\",\"dgt\",\"direcci\u00f3n general de tributos\",\"direcci\u00f3n general del catastro\",\"doble imposici\u00f3n\",\"economistas\",\"el arenal\",\"exenci\u00f3n por reinversi\u00f3n\",\"extranjeros\",\"fallecimiento\",\"fmsb\",\"fraccionamiento\",\"fraude fiscal\",\"Galicia\",\"gravamen extraordinario\",\"Hacienda\",\"herencias\",\"ibi\",\"ibiza\",\"illes balears\",\"impuesto de solidaridad a las grandes fortunas\",\"impuesto de sucesiones\",\"impuesto sobre la renta\",\"impuestos\",\"incremento del valor de los terrenos de naturaleza urbana\",\"IRPF\",\"jorge lorenzo\",\"jorge sainz de baranda\",\"law\",\"lawyers\",\"ley antifraude\",\"mallorca\",\"mallorcadiario\",\"Manacor\",\"menorca\",\"modelo 720\",\"mortis causa\",\"obligado tributario\",\"opinion\",\"pactos sucesorioes\",\"pactos sucesorios\",\"Palma\",\"patrimonio\",\"plan anual de control tributario\",\"plusval\u00eda\",\"port d&#8217;andratx\",\"prespuestos generales del estado\",\"presupuestos 2021\",\"prevenci\u00f3n\",\"proindiviso\",\"propuestas\",\"puerto de andratx\",\"recargo\",\"reforma\",\"residentes fiscales\",\"resindencia fiscal\",\"solicitors\",\"sucesi\u00f3n\",\"sucesi\u00f3n en vida\",\"sucesiones y donaciones\",\"tasa amazon\",\"TEAC\",\"TEAR\",\"testador\",\"Tribunal Econ\u00f3mico Administrativo\",\"Tribunal Econ\u00f3mico Administrativo Central\",\"Tribunal Econ\u00f3mico Administrativo Regional\",\"tributos\",\"ue\",\"valor de referencia\",\"valor de referencia catastral\"],\"articleSection\":[\"actualidad\",\"blog\",\"Derecho Fiscal\",\"Home\",\"Opini\u00f3n\"],\"inLanguage\":\"de\"},{\"@type\":\"WebPage\",\"@id\":\"https:\\\/\\\/fmsb.eu\\\/de\\\/2023\\\/03\\\/25\\\/culo-veo-impuesto-quiero-jorge-sainz-de-baranda-mallorcadiario\\\/\",\"url\":\"https:\\\/\\\/fmsb.eu\\\/de\\\/2023\\\/03\\\/25\\\/culo-veo-impuesto-quiero-jorge-sainz-de-baranda-mallorcadiario\\\/\",\"name\":\"Culo veo, impuesto quiero, art\u00edculo de opini\u00f3n de Jorge S\u00e1inz de Baranda en Mallorcadiario - FMSB Abogados y Economistas en Baleares\",\"isPartOf\":{\"@id\":\"https:\\\/\\\/fmsb.eu\\\/de\\\/#website\"},\"primaryImageOfPage\":{\"@id\":\"https:\\\/\\\/fmsb.eu\\\/de\\\/2023\\\/03\\\/25\\\/culo-veo-impuesto-quiero-jorge-sainz-de-baranda-mallorcadiario\\\/#primaryimage\"},\"image\":{\"@id\":\"https:\\\/\\\/fmsb.eu\\\/de\\\/2023\\\/03\\\/25\\\/culo-veo-impuesto-quiero-jorge-sainz-de-baranda-mallorcadiario\\\/#primaryimage\"},\"thumbnailUrl\":\"https:\\\/\\\/fmsb.eu\\\/wp-content\\\/uploads\\\/2023\\\/03\\\/FMSB-Abogados-Culo-veo-impuesto-quiero-Jorge-Sainz-de-Baranda-Mallorcadiario-00.png\",\"datePublished\":\"2023-03-25T06:06:19+00:00\",\"description\":\"Culo veo, impuesto quiero, art\u00edculo de opini\u00f3n dominical en Mallorcadiario del abogado y socio de FMSB -abogados y economistas- Jorge S\u00e1inz de Baranda\",\"breadcrumb\":{\"@id\":\"https:\\\/\\\/fmsb.eu\\\/de\\\/2023\\\/03\\\/25\\\/culo-veo-impuesto-quiero-jorge-sainz-de-baranda-mallorcadiario\\\/#breadcrumb\"},\"inLanguage\":\"de\",\"potentialAction\":[{\"@type\":\"ReadAction\",\"target\":[\"https:\\\/\\\/fmsb.eu\\\/de\\\/2023\\\/03\\\/25\\\/culo-veo-impuesto-quiero-jorge-sainz-de-baranda-mallorcadiario\\\/\"]}]},{\"@type\":\"ImageObject\",\"inLanguage\":\"de\",\"@id\":\"https:\\\/\\\/fmsb.eu\\\/de\\\/2023\\\/03\\\/25\\\/culo-veo-impuesto-quiero-jorge-sainz-de-baranda-mallorcadiario\\\/#primaryimage\",\"url\":\"https:\\\/\\\/fmsb.eu\\\/wp-content\\\/uploads\\\/2023\\\/03\\\/FMSB-Abogados-Culo-veo-impuesto-quiero-Jorge-Sainz-de-Baranda-Mallorcadiario-00.png\",\"contentUrl\":\"https:\\\/\\\/fmsb.eu\\\/wp-content\\\/uploads\\\/2023\\\/03\\\/FMSB-Abogados-Culo-veo-impuesto-quiero-Jorge-Sainz-de-Baranda-Mallorcadiario-00.png\",\"width\":1600,\"height\":1200},{\"@type\":\"BreadcrumbList\",\"@id\":\"https:\\\/\\\/fmsb.eu\\\/de\\\/2023\\\/03\\\/25\\\/culo-veo-impuesto-quiero-jorge-sainz-de-baranda-mallorcadiario\\\/#breadcrumb\",\"itemListElement\":[{\"@type\":\"ListItem\",\"position\":1,\"name\":\"Portada\",\"item\":\"https:\\\/\\\/fmsb.eu\\\/de\\\/\"},{\"@type\":\"ListItem\",\"position\":2,\"name\":\"Culo veo, impuesto quiero, art\u00edculo de opini\u00f3n de Jorge S\u00e1inz de Baranda en Mallorcadiario\"}]},{\"@type\":\"WebSite\",\"@id\":\"https:\\\/\\\/fmsb.eu\\\/de\\\/#website\",\"url\":\"https:\\\/\\\/fmsb.eu\\\/de\\\/\",\"name\":\"FMSB Abogados y Economistas en Baleares\",\"description\":\"\",\"publisher\":{\"@id\":\"https:\\\/\\\/fmsb.eu\\\/de\\\/#organization\"},\"potentialAction\":[{\"@type\":\"SearchAction\",\"target\":{\"@type\":\"EntryPoint\",\"urlTemplate\":\"https:\\\/\\\/fmsb.eu\\\/de\\\/?s={search_term_string}\"},\"query-input\":{\"@type\":\"PropertyValueSpecification\",\"valueRequired\":true,\"valueName\":\"search_term_string\"}}],\"inLanguage\":\"de\"},{\"@type\":\"Organization\",\"@id\":\"https:\\\/\\\/fmsb.eu\\\/de\\\/#organization\",\"name\":\"FMSB Abogados y Economistas en Baleares\",\"url\":\"https:\\\/\\\/fmsb.eu\\\/de\\\/\",\"logo\":{\"@type\":\"ImageObject\",\"inLanguage\":\"de\",\"@id\":\"https:\\\/\\\/fmsb.eu\\\/de\\\/#\\\/schema\\\/logo\\\/image\\\/\",\"url\":\"https:\\\/\\\/fmsb.eu\\\/wp-content\\\/uploads\\\/2025\\\/02\\\/logo.svg\",\"contentUrl\":\"https:\\\/\\\/fmsb.eu\\\/wp-content\\\/uploads\\\/2025\\\/02\\\/logo.svg\",\"width\":154,\"height\":52,\"caption\":\"FMSB Abogados y Economistas en Baleares\"},\"image\":{\"@id\":\"https:\\\/\\\/fmsb.eu\\\/de\\\/#\\\/schema\\\/logo\\\/image\\\/\"}},{\"@type\":\"Person\",\"@id\":\"https:\\\/\\\/fmsb.eu\\\/de\\\/#\\\/schema\\\/person\\\/9fba7c70814b0cd34d35d655d36a4ca2\",\"name\":\"fmsb\",\"image\":{\"@type\":\"ImageObject\",\"inLanguage\":\"de\",\"@id\":\"https:\\\/\\\/secure.gravatar.com\\\/avatar\\\/426f4d5b0ebcace85460caf87cdaaa193694b611e990615d87a13f322fb7ee7f?s=96&d=mm&r=g\",\"url\":\"https:\\\/\\\/secure.gravatar.com\\\/avatar\\\/426f4d5b0ebcace85460caf87cdaaa193694b611e990615d87a13f322fb7ee7f?s=96&d=mm&r=g\",\"contentUrl\":\"https:\\\/\\\/secure.gravatar.com\\\/avatar\\\/426f4d5b0ebcace85460caf87cdaaa193694b611e990615d87a13f322fb7ee7f?s=96&d=mm&r=g\",\"caption\":\"fmsb\"},\"sameAs\":[\"https:\\\/\\\/x.com\\\/fmsb-disstint\"],\"url\":\"https:\\\/\\\/fmsb.eu\\\/de\\\/author\\\/fmsb\\\/\"}]}<\/script>\n<!-- \/ Yoast SEO plugin. -->","yoast_head_json":{"title":"Culo veo, impuesto quiero, art\u00edculo de opini\u00f3n de Jorge S\u00e1inz de Baranda en Mallorcadiario - FMSB Abogados y Economistas en Baleares","description":"Culo veo, impuesto quiero, art\u00edculo de opini\u00f3n dominical en Mallorcadiario del abogado y socio de FMSB -abogados y economistas- Jorge S\u00e1inz de Baranda","robots":{"index":"index","follow":"follow","max-snippet":"max-snippet:-1","max-image-preview":"max-image-preview:large","max-video-preview":"max-video-preview:-1"},"canonical":"https:\/\/fmsb.eu\/de\/2023\/03\/25\/culo-veo-impuesto-quiero-jorge-sainz-de-baranda-mallorcadiario\/","og_locale":"de_DE","og_type":"article","og_title":"Culo veo, impuesto quiero, art\u00edculo de opini\u00f3n de Jorge S\u00e1inz de Baranda en Mallorcadiario - FMSB Abogados y Economistas en Baleares","og_description":"Culo veo, impuesto quiero, art\u00edculo de opini\u00f3n dominical en Mallorcadiario del abogado y socio de FMSB -abogados y economistas- Jorge S\u00e1inz de Baranda","og_url":"https:\/\/fmsb.eu\/de\/2023\/03\/25\/culo-veo-impuesto-quiero-jorge-sainz-de-baranda-mallorcadiario\/","og_site_name":"FMSB Abogados y Economistas en Baleares","article_published_time":"2023-03-25T06:06:19+00:00","og_image":[{"width":1600,"height":1200,"url":"https:\/\/fmsb.eu\/wp-content\/uploads\/2023\/03\/FMSB-Abogados-Culo-veo-impuesto-quiero-Jorge-Sainz-de-Baranda-Mallorcadiario-00.png","type":"image\/png"}],"author":"fmsb","twitter_card":"summary_large_image","twitter_creator":"@fmsb-disstint","twitter_misc":{"Verfasst von":"fmsb","Gesch\u00e4tzte Lesezeit":"5\u00a0Minuten"},"schema":{"@context":"https:\/\/schema.org","@graph":[{"@type":"Article","@id":"https:\/\/fmsb.eu\/de\/2023\/03\/25\/culo-veo-impuesto-quiero-jorge-sainz-de-baranda-mallorcadiario\/#article","isPartOf":{"@id":"https:\/\/fmsb.eu\/de\/2023\/03\/25\/culo-veo-impuesto-quiero-jorge-sainz-de-baranda-mallorcadiario\/"},"author":{"name":"fmsb","@id":"https:\/\/fmsb.eu\/de\/#\/schema\/person\/9fba7c70814b0cd34d35d655d36a4ca2"},"headline":"Culo veo, impuesto quiero, art\u00edculo de opini\u00f3n de Jorge S\u00e1inz de Baranda en Mallorcadiario","datePublished":"2023-03-25T06:06:19+00:00","mainEntityOfPage":{"@id":"https:\/\/fmsb.eu\/de\/2023\/03\/25\/culo-veo-impuesto-quiero-jorge-sainz-de-baranda-mallorcadiario\/"},"wordCount":978,"publisher":{"@id":"https:\/\/fmsb.eu\/de\/#organization"},"image":{"@id":"https:\/\/fmsb.eu\/de\/2023\/03\/25\/culo-veo-impuesto-quiero-jorge-sainz-de-baranda-mallorcadiario\/#primaryimage"},"thumbnailUrl":"https:\/\/fmsb.eu\/wp-content\/uploads\/2023\/03\/FMSB-Abogados-Culo-veo-impuesto-quiero-Jorge-Sainz-de-Baranda-Mallorcadiario-00.png","keywords":["50.000","abogados","administraci\u00f3n tributaria","administraciones tributarias","aeat","agencia tributaria","antifraude","aplazamiento","articulos","asesores","ATIB","baleares","blanqueo","blanqueo de capitales","campa\u00f1a de la renta","campa\u00f1a irpf","catastro","comunidad aut\u00f3noma","declaraci\u00f3n de inconstitucionalidad","declaraci\u00f3n de nulidad","deflaci\u00f3n","deflactaci\u00f3n","deflactar","derecho civil propio","derecho de la uni\u00f3n europea","derecho fiscal","derecho tributario","deudas","dgt","direcci\u00f3n general de tributos","direcci\u00f3n general del catastro","doble imposici\u00f3n","economistas","el arenal","exenci\u00f3n por reinversi\u00f3n","extranjeros","fallecimiento","fmsb","fraccionamiento","fraude fiscal","Galicia","gravamen extraordinario","Hacienda","herencias","ibi","ibiza","illes balears","impuesto de solidaridad a las grandes fortunas","impuesto de sucesiones","impuesto sobre la renta","impuestos","incremento del valor de los terrenos de naturaleza urbana","IRPF","jorge lorenzo","jorge sainz de baranda","law","lawyers","ley antifraude","mallorca","mallorcadiario","Manacor","menorca","modelo 720","mortis causa","obligado tributario","opinion","pactos sucesorioes","pactos sucesorios","Palma","patrimonio","plan anual de control tributario","plusval\u00eda","port d&#8217;andratx","prespuestos generales del estado","presupuestos 2021","prevenci\u00f3n","proindiviso","propuestas","puerto de andratx","recargo","reforma","residentes fiscales","resindencia fiscal","solicitors","sucesi\u00f3n","sucesi\u00f3n en vida","sucesiones y donaciones","tasa amazon","TEAC","TEAR","testador","Tribunal Econ\u00f3mico Administrativo","Tribunal Econ\u00f3mico Administrativo Central","Tribunal Econ\u00f3mico Administrativo Regional","tributos","ue","valor de referencia","valor de referencia catastral"],"articleSection":["actualidad","blog","Derecho Fiscal","Home","Opini\u00f3n"],"inLanguage":"de"},{"@type":"WebPage","@id":"https:\/\/fmsb.eu\/de\/2023\/03\/25\/culo-veo-impuesto-quiero-jorge-sainz-de-baranda-mallorcadiario\/","url":"https:\/\/fmsb.eu\/de\/2023\/03\/25\/culo-veo-impuesto-quiero-jorge-sainz-de-baranda-mallorcadiario\/","name":"Culo veo, impuesto quiero, art\u00edculo de opini\u00f3n de Jorge S\u00e1inz de Baranda en Mallorcadiario - FMSB Abogados y Economistas en Baleares","isPartOf":{"@id":"https:\/\/fmsb.eu\/de\/#website"},"primaryImageOfPage":{"@id":"https:\/\/fmsb.eu\/de\/2023\/03\/25\/culo-veo-impuesto-quiero-jorge-sainz-de-baranda-mallorcadiario\/#primaryimage"},"image":{"@id":"https:\/\/fmsb.eu\/de\/2023\/03\/25\/culo-veo-impuesto-quiero-jorge-sainz-de-baranda-mallorcadiario\/#primaryimage"},"thumbnailUrl":"https:\/\/fmsb.eu\/wp-content\/uploads\/2023\/03\/FMSB-Abogados-Culo-veo-impuesto-quiero-Jorge-Sainz-de-Baranda-Mallorcadiario-00.png","datePublished":"2023-03-25T06:06:19+00:00","description":"Culo veo, impuesto quiero, art\u00edculo de opini\u00f3n dominical en Mallorcadiario del abogado y socio de FMSB -abogados y economistas- Jorge S\u00e1inz de Baranda","breadcrumb":{"@id":"https:\/\/fmsb.eu\/de\/2023\/03\/25\/culo-veo-impuesto-quiero-jorge-sainz-de-baranda-mallorcadiario\/#breadcrumb"},"inLanguage":"de","potentialAction":[{"@type":"ReadAction","target":["https:\/\/fmsb.eu\/de\/2023\/03\/25\/culo-veo-impuesto-quiero-jorge-sainz-de-baranda-mallorcadiario\/"]}]},{"@type":"ImageObject","inLanguage":"de","@id":"https:\/\/fmsb.eu\/de\/2023\/03\/25\/culo-veo-impuesto-quiero-jorge-sainz-de-baranda-mallorcadiario\/#primaryimage","url":"https:\/\/fmsb.eu\/wp-content\/uploads\/2023\/03\/FMSB-Abogados-Culo-veo-impuesto-quiero-Jorge-Sainz-de-Baranda-Mallorcadiario-00.png","contentUrl":"https:\/\/fmsb.eu\/wp-content\/uploads\/2023\/03\/FMSB-Abogados-Culo-veo-impuesto-quiero-Jorge-Sainz-de-Baranda-Mallorcadiario-00.png","width":1600,"height":1200},{"@type":"BreadcrumbList","@id":"https:\/\/fmsb.eu\/de\/2023\/03\/25\/culo-veo-impuesto-quiero-jorge-sainz-de-baranda-mallorcadiario\/#breadcrumb","itemListElement":[{"@type":"ListItem","position":1,"name":"Portada","item":"https:\/\/fmsb.eu\/de\/"},{"@type":"ListItem","position":2,"name":"Culo veo, impuesto quiero, art\u00edculo de opini\u00f3n de Jorge S\u00e1inz de Baranda en Mallorcadiario"}]},{"@type":"WebSite","@id":"https:\/\/fmsb.eu\/de\/#website","url":"https:\/\/fmsb.eu\/de\/","name":"FMSB Abogados y Economistas en Baleares","description":"","publisher":{"@id":"https:\/\/fmsb.eu\/de\/#organization"},"potentialAction":[{"@type":"SearchAction","target":{"@type":"EntryPoint","urlTemplate":"https:\/\/fmsb.eu\/de\/?s={search_term_string}"},"query-input":{"@type":"PropertyValueSpecification","valueRequired":true,"valueName":"search_term_string"}}],"inLanguage":"de"},{"@type":"Organization","@id":"https:\/\/fmsb.eu\/de\/#organization","name":"FMSB Abogados y Economistas en Baleares","url":"https:\/\/fmsb.eu\/de\/","logo":{"@type":"ImageObject","inLanguage":"de","@id":"https:\/\/fmsb.eu\/de\/#\/schema\/logo\/image\/","url":"https:\/\/fmsb.eu\/wp-content\/uploads\/2025\/02\/logo.svg","contentUrl":"https:\/\/fmsb.eu\/wp-content\/uploads\/2025\/02\/logo.svg","width":154,"height":52,"caption":"FMSB Abogados y Economistas en Baleares"},"image":{"@id":"https:\/\/fmsb.eu\/de\/#\/schema\/logo\/image\/"}},{"@type":"Person","@id":"https:\/\/fmsb.eu\/de\/#\/schema\/person\/9fba7c70814b0cd34d35d655d36a4ca2","name":"fmsb","image":{"@type":"ImageObject","inLanguage":"de","@id":"https:\/\/secure.gravatar.com\/avatar\/426f4d5b0ebcace85460caf87cdaaa193694b611e990615d87a13f322fb7ee7f?s=96&d=mm&r=g","url":"https:\/\/secure.gravatar.com\/avatar\/426f4d5b0ebcace85460caf87cdaaa193694b611e990615d87a13f322fb7ee7f?s=96&d=mm&r=g","contentUrl":"https:\/\/secure.gravatar.com\/avatar\/426f4d5b0ebcace85460caf87cdaaa193694b611e990615d87a13f322fb7ee7f?s=96&d=mm&r=g","caption":"fmsb"},"sameAs":["https:\/\/x.com\/fmsb-disstint"],"url":"https:\/\/fmsb.eu\/de\/author\/fmsb\/"}]}},"_links":{"self":[{"href":"https:\/\/fmsb.eu\/de\/wp-json\/wp\/v2\/posts\/11207","targetHints":{"allow":["GET"]}}],"collection":[{"href":"https:\/\/fmsb.eu\/de\/wp-json\/wp\/v2\/posts"}],"about":[{"href":"https:\/\/fmsb.eu\/de\/wp-json\/wp\/v2\/types\/post"}],"author":[{"embeddable":true,"href":"https:\/\/fmsb.eu\/de\/wp-json\/wp\/v2\/users\/2"}],"replies":[{"embeddable":true,"href":"https:\/\/fmsb.eu\/de\/wp-json\/wp\/v2\/comments?post=11207"}],"version-history":[{"count":0,"href":"https:\/\/fmsb.eu\/de\/wp-json\/wp\/v2\/posts\/11207\/revisions"}],"wp:featuredmedia":[{"embeddable":true,"href":"https:\/\/fmsb.eu\/de\/wp-json\/wp\/v2\/media\/10027"}],"wp:attachment":[{"href":"https:\/\/fmsb.eu\/de\/wp-json\/wp\/v2\/media?parent=11207"}],"wp:term":[{"taxonomy":"category","embeddable":true,"href":"https:\/\/fmsb.eu\/de\/wp-json\/wp\/v2\/categories?post=11207"},{"taxonomy":"post_tag","embeddable":true,"href":"https:\/\/fmsb.eu\/de\/wp-json\/wp\/v2\/tags?post=11207"}],"curies":[{"name":"wp","href":"https:\/\/api.w.org\/{rel}","templated":true}]}}