{"id":11225,"date":"2023-03-05T08:25:07","date_gmt":"2023-03-05T07:25:07","guid":{"rendered":"http:\/\/fmsb.disstintbeta.com\/2023\/03\/05\/mucho-ruido-y-poco-aplazamiento-articulo-de-opinion-de-jorge-sainz-de-baranda-en-mallorcadiario\/"},"modified":"2023-03-05T08:25:07","modified_gmt":"2023-03-05T07:25:07","slug":"mucho-ruido-y-poco-aplazamiento-articulo-de-opinion-de-jorge-sainz-de-baranda-en-mallorcadiario","status":"publish","type":"post","link":"https:\/\/fmsb.eu\/de\/2023\/03\/05\/mucho-ruido-y-poco-aplazamiento-articulo-de-opinion-de-jorge-sainz-de-baranda-en-mallorcadiario\/","title":{"rendered":"Mucho ruido y poco aplazamiento&#8230;, art\u00edculo de opini\u00f3n de Jorge S\u00e1inz de Baranda en Mallorcadiario"},"content":{"rendered":"<p>&nbsp;<\/p>\n<div class=\"navegacion\">\n<h3 class=\"antesubtitulo antetit\"><a href=\"http:\/\/www.mallorcadiario.com\"><span style=\"color: #993300;\"><strong>mallorcadiario.com<\/strong><\/span><\/a>\u00a0 <a href=\"https:\/\/www.mallorcadiario.com\/mucho-ruido-y-poco-aplazamiento\">Opini\u00f3n<\/a><\/h3>\n<\/div>\n<p><a href=\"http:\/\/fmsb.disstintbeta.com\/wp-content\/uploads\/2023\/03\/FMSB-Abogados-Jorge-Sainz-de-Baranda-Mucho-Ruido-y-Poco-Aplazamiento.-Mallorcadiario-00.jpg\"><img fetchpriority=\"high\" decoding=\"async\" class=\"alignnone wp-image-6733\" src=\"http:\/\/fmsb.disstintbeta.com\/wp-content\/uploads\/2023\/03\/FMSB-Abogados-Jorge-Sainz-de-Baranda-Mucho-Ruido-y-Poco-Aplazamiento.-Mallorcadiario-00.jpg\" alt=\"\" width=\"800\" height=\"600\" srcset=\"https:\/\/font-mora-sainz-baranda.fra1.digitaloceanspaces.com\/wp-content\/uploads\/2023\/03\/FMSB-Abogados-Jorge-Sainz-de-Baranda-Mucho-Ruido-y-Poco-Aplazamiento.-Mallorcadiario-00.jpg 1600w, https:\/\/font-mora-sainz-baranda.fra1.digitaloceanspaces.com\/wp-content\/uploads\/2023\/03\/FMSB-Abogados-Jorge-Sainz-de-Baranda-Mucho-Ruido-y-Poco-Aplazamiento.-Mallorcadiario-00-300x225.jpg 300w, https:\/\/font-mora-sainz-baranda.fra1.digitaloceanspaces.com\/wp-content\/uploads\/2023\/03\/FMSB-Abogados-Jorge-Sainz-de-Baranda-Mucho-Ruido-y-Poco-Aplazamiento.-Mallorcadiario-00-1024x768.jpg 1024w, https:\/\/font-mora-sainz-baranda.fra1.digitaloceanspaces.com\/wp-content\/uploads\/2023\/03\/FMSB-Abogados-Jorge-Sainz-de-Baranda-Mucho-Ruido-y-Poco-Aplazamiento.-Mallorcadiario-00-768x576.jpg 768w, https:\/\/font-mora-sainz-baranda.fra1.digitaloceanspaces.com\/wp-content\/uploads\/2023\/03\/FMSB-Abogados-Jorge-Sainz-de-Baranda-Mucho-Ruido-y-Poco-Aplazamiento.-Mallorcadiario-00-1536x1152.jpg 1536w\" sizes=\"(max-width: 800px) 100vw, 800px\" \/><\/a><\/p>\n<div class=\"navegacion\">\n<h6 class=\"ulthora fecha_publicacion\"><span class=\"dia_mes_anno\">DOMINGO 5 DE MARZO DE 2023<br \/>\n<\/span><\/h6>\n<\/div>\n<h6 class=\"ulthora fecha_publicacion\"><span class=\"dia_mes_anno\" style=\"color: #ffffff;\">\u00a0<\/span><\/h6>\n<div title=\"noticia 557362\">\n<h1 class=\"titulo\"><a href=\"https:\/\/www.mallorcadiario.com\/mucho-ruido-y-poco-aplazamiento\"><strong><em><span style=\"color: #ffcc00;\"><span style=\"color: #ba9604;\"><span style=\"color: #008080;\"><span style=\"color: #000000;\">Mucho ruido y poco aplazamiento&#8230;<\/span><\/span><\/span><\/span><\/em><\/strong><\/a><\/h1>\n<\/div>\n<div id=\"firmante_767\" class=\"firmante\">\n<p>Por\u00a0<a href=\"https:\/\/www.fmsb.eu\/jorge-sainz-de-baranda-brunbeck\/\"><strong><span class=\"nombre_firmante\">Jorge S\u00e1inz de Baranda<\/span><\/strong><\/a><\/p>\n<h6><a href=\"https:\/\/www.mallorcadiario.com\/jorge-sainz-de-baranda\/autor\/767\/\"><strong><span style=\"color: #993300;\">M\u00c1S ART\u00cdCULOS DEL AUTOR<\/span><\/strong><\/a><\/h6>\n<p>&nbsp;<\/p>\n<p>Debo empezar reconoci\u00e9ndote querida que, para este art\u00edculo, me han remitido casi todo el material -la noticia y la cita-, por lo que en este caso mi responsabilidad se limita a la redacci\u00f3n, y con eso ya llevan ustedes la penitencia. Para la pr\u00f3xima y por el mismo precio, me lo podr\u00eda mandar terminado, \u00bfno lo creen as\u00ed?<\/p>\n<p>William Shakespeare es autor de una obra que se llam\u00f3 en castellano <em>\u00abMucho ruido y pocas nueces\u201d<\/em> (1598), aunque su t\u00edtulo original era <em>\u00abMuch Ado About Nothing\u00bb<\/em>. Hasta yo, con el magn\u00edfico ingl\u00e9s que me caracteriza -y que me recuerdan con sorna mis amigos cada vez que se les presenta la ocasi\u00f3n- puedo entender que ambas expresiones no significan lo mismo. En cambio, la cita s\u00ed que aparec\u00eda con la acepci\u00f3n real en obras espa\u00f1olas anteriores a la comedia del autor ingl\u00e9s, como en el <em>\u00abLibro de Buen Amor\u00bb<\/em> del Arcipreste de Hita o en <em>\u00abLa Celestina\u00bb <\/em>de Fernando de Rojas.<\/p>\n<p>La expresi\u00f3n, que ya he utilizado anteriormente, nos lleva a una imagen muy evidente: las nueces hacen mucho ruido al chocarse entre s\u00ed, pero eso no significa que haya muchas; y de la misma forma lo empleamos cuando alguien hace una propaganda ruidosa que, desgraciadamente, esconde algo insignificante.<\/p>\n<p>Pues ya que empiezo, ah\u00ed va el ruido: Hacienda, a trav\u00e9s de una Orden Ministerial, va a permitir a los aut\u00f3nomos y a las empresas aplazar o fraccionar las deudas de importe inferior a 50.000 euros sin la obligaci\u00f3n de aportar garant\u00edas o avales. Es decir, una suspensi\u00f3n autom\u00e1tica de deudas hasta 50.000 euros.<\/p>\n<p>Esta norma entrar\u00e1 en vigor el pr\u00f3ximo 15 de abril, y supondr\u00e1 elevar el l\u00edmite exento de la obligaci\u00f3n de aportar garant\u00edas o avales en los aplazamientos o fraccionamientos de deudas con las administraciones tributarias, incluido el pago de impuestos, de los 30.000 euros que figuraban en la normativa actual hasta esa cantidad.<\/p>\n<p>\u00bfY cu\u00e1les son las razones para esta ruidosa y medi\u00e1tica -no seas malpensado- medida? Pues seg\u00fan explica el texto sometido a informaci\u00f3n p\u00fablica, la Administraci\u00f3n ha visto la necesidad -ya ven, de repente- de incrementar la cuant\u00eda hasta esa cantidad ya que la existente no era acorde con el actual contexto econ\u00f3mico, caracterizado por una inflaci\u00f3n galopante. Pese a ello, y en ese mismo contexto econ\u00f3mico, lo que no se dice es que la recaudaci\u00f3n por impuestos se ha incrementado en 33.000 millones con respecto al a\u00f1o pasado, y no precisamente por la bonanza de la econom\u00eda.<\/p>\n<p>\u00bfY d\u00f3nde est\u00e1n las nueces? Pues tambi\u00e9n se lo cuento.<\/p>\n<p>Por una parte, lo que no se dice con tanto meg\u00e1fono es que ese importe de 50.000 euros va referido a todas las deudas que, \u201c<em>en conjunto<\/em>\u201d, tenga un contribuyente con Hacienda y con otros organismos p\u00fablicos del Estado, y no solo a la deuda actual que se quiere aplazar.<\/p>\n<p>O dicho de otro modo, que a la deuda que queremos aplazar, a efectos del c\u00f3mputo de los 50.000 euros, se le suman todas las deudas anteriores de cualquier otro ente p\u00fablico del Estado que tengamos aplazadas. Es decir, que si el a\u00f1o pasado aplac\u00e9 una deuda de 30.000 euros y este a\u00f1o necesito aplazar una nueva de 25.000, Hacienda me lo denegar\u00e1 si no presento una garant\u00eda adicional ya que la deuda pendiente se suma a la actual, y supera el l\u00edmite marcado.<\/p>\n<p>En segundo lugar, lo que tampoco se dice son los plazos m\u00e1ximos por los que me van a conceder el aplazamiento sin garant\u00edas. Y es que conforme a la normativa actual, que no se modifica, los aplazamientos sin garant\u00eda de hasta 50.000 euros solo se conceder\u00e1n por un periodo de seis meses en el caso de que se trate de sociedades, y de un m\u00e1ximo de doce meses en caso de que se trate de personas f\u00edsicas. Si quiero llegar a 24 o 36 meses tendr\u00e9 que acompa\u00f1ar una garant\u00eda hipotecaria o un aval.<\/p>\n<p>Ello supone que, siendo el modo de pago preferido por la Administraci\u00f3n el mensual, en caso de que mi empresa quiera solicitar el aplazamiento de una deuda de 50.000 euros, eso me va a suponer el tener que pagar, cuando menos, 12.000 euros al mes durante los pr\u00f3ximos seis meses, sin posibilidad de renegociar en ning\u00fan momento el plazo ni reconsiderar el aplazamiento.<\/p>\n<p>Y a ello se a\u00f1ade que deber\u00e9 pagar intereses de demora por cada euro aplazado, que para este a\u00f1o 2023 y conforme a lo publicado en la Ley de Presupuestos Generales del Estado, est\u00e1 fijado en el 4,0625%.<\/p>\n<p>Como ven, una medida de mucho ruido que conlleva poca \u201cnuez\u201d. Las empresas que tienen dificultades transitorias de tesorer\u00eda necesitan m\u00e1s de seis meses de plazo para poder afrontar los problemas, y si la soluci\u00f3n es un aval bancario, para ese viaje no necesitaba las alforjas de una Orden Ministerial. Y es que la realidad esconde otro dicho popular: \u201cDios aprieta, pero Hacienda ahoga\u201d. No lo pierdan de vista&#8230;<\/p>\n<\/div>\n<p>&nbsp;<\/p>\n<hr \/>\n<p>Art\u00edculo original publicado en el diario digital\u00a0<a href=\"https:\/\/www.mallorcadiario.com\"><strong><span style=\"color: #993300;\">mallorcadiario.com<\/span><\/strong><\/a> .\u00a0\u00a0 L\u00e9elo directamente en <a href=\"https:\/\/www.mallorcadiario.com\"><strong>mallorcadiario.com<\/strong><\/a> a trav\u00e9s de este <a href=\"https:\/\/www.mallorcadiario.com\/mucho-ruido-y-poco-aplazamiento\"><span style=\"color: #993366;\"><strong>enlace<\/strong><\/span><\/a><\/p>\n","protected":false},"excerpt":{"rendered":"<p>&nbsp; mallorcadiario.com\u00a0 Opini\u00f3n DOMINGO 5 DE MARZO DE 2023 \u00a0 Mucho ruido y poco aplazamiento&#8230; Por\u00a0Jorge S\u00e1inz de Baranda M\u00c1S ART\u00cdCULOS DEL AUTOR &nbsp; Debo empezar reconoci\u00e9ndote querida que, para este art\u00edculo, me han remitido casi todo el material -la noticia y la cita-, por lo que en este caso mi responsabilidad se limita a [&hellip;]<\/p>\n","protected":false},"author":2,"featured_media":9999,"comment_status":"closed","ping_status":"open","sticky":false,"template":"","format":"standard","meta":{"footnotes":""},"categories":[2198,2199,2309,2202,3169],"tags":[4339,2206,2663,2664,2665,2312,2666,2667,2507,2314,2668,2208,2669,2670,2671,2672,2673,2316,2674,2675,2676,2677,2678,2318,2319,2320,2321,2680,2681,2682,2683,2684,2218,2219,2685,2686,2575,2223,2687,2688,2689,2690,2325,2327,2691,2225,2328,2692,2329,2693,2330,2694,2331,2695,2333,2228,2229,2334,2231,2336,2232,2234,2696,2341,2342,2343,2697,2344,2345,2698,2699,2700,2236,2701,2702,2349,2703,2350,2240,2704,2705,2354,2355,2243,2359,2360,2361,2706,2709,2363,2713,2364,2365],"class_list":["post-11225","post","type-post","status-publish","format-standard","has-post-thumbnail","hentry","category-actualidad-de","category-blog-de","category-derecho-fiscal-de","category-home-de","category-opinion-de","tag-50-000-de","tag-abogados-de","tag-administracion-tributaria-de","tag-administraciones-tributarias-de","tag-aeat-de","tag-agencia-tributaria-de","tag-antifraude-de","tag-aplazamiento-de","tag-articulos-de","tag-asesores-de","tag-atib-de","tag-baleares-de","tag-blanqueo-de","tag-blanqueo-de-capitales-de","tag-campana-de-la-renta-de","tag-campana-irpf-de","tag-catastro-de","tag-comunidad-autonoma-de","tag-declaracion-de-inconstitucionalidad-de","tag-declaracion-de-nulidad-de","tag-deflacion-de","tag-deflactacion-de","tag-deflactar-de","tag-derecho-civil-propio-de","tag-derecho-de-la-union-europea-de","tag-derecho-fiscal-de","tag-derecho-tributario-de","tag-deudas-de","tag-dgt-de","tag-direccion-general-de-tributos-de","tag-direccion-general-del-catastro-de","tag-doble-imposicion-de","tag-economistas-de","tag-el-arenal-de","tag-exencion-por-reinversion-de","tag-extranjeros-de","tag-fallecimiento-de","tag-fmsb-de","tag-fraccionamiento-de","tag-fraude-fiscal-de","tag-galicia-de","tag-gravamen-extraordinario-de","tag-hacienda-de","tag-herencias-de","tag-ibi-de","tag-ibiza-de","tag-illes-balears-de","tag-impuesto-de-solidaridad-a-las-grandes-fortunas-de","tag-impuesto-de-sucesiones-de","tag-impuesto-sobre-la-renta-de","tag-impuestos-de","tag-incremento-del-valor-de-los-terrenos-de-naturaleza-urbana-de","tag-irpf-de","tag-jorge-lorenzo-de","tag-jorge-sainz-de-baranda-de","tag-law-de","tag-lawyers-de","tag-ley-antifraude-de","tag-mallorca-de","tag-mallorcadiario-de","tag-manacor-de","tag-menorca-de","tag-modelo-720-de","tag-mortis-causa-de","tag-obligado-tributario-de","tag-opinion-de","tag-pactos-sucesorioes-de","tag-pactos-sucesorios-de","tag-palma-de","tag-patrimonio-de","tag-plan-anual-de-control-tributario-de","tag-plusvalia-de","tag-port-dandratx-de","tag-prespuestos-generales-del-estado-de","tag-presupuestos-2021-de","tag-prevencion-de","tag-proindiviso-de","tag-propuestas-de","tag-puerto-de-andratx-de","tag-recargo-de","tag-reforma-de","tag-residentes-fiscales-de","tag-resindencia-fiscal-de","tag-solicitors-de","tag-sucesion-de","tag-sucesion-en-vida-de","tag-sucesiones-y-donaciones-de","tag-tasa-amazon-de","tag-testador-de","tag-tributos-de","tag-ue-de","tag-valor-de-referencia-de","tag-valor-de-referencia-catastral-de"],"yoast_head":"<!-- This site is optimized with the Yoast SEO plugin v27.3 - https:\/\/yoast.com\/product\/yoast-seo-wordpress\/ -->\n<title>Mucho ruido y poco aplazamiento..., art\u00edculo de opini\u00f3n de Jorge S\u00e1inz de Baranda en Mallorcadiario - FMSB Abogados y Economistas en Baleares<\/title>\n<meta name=\"robots\" content=\"index, follow, max-snippet:-1, max-image-preview:large, max-video-preview:-1\" \/>\n<link rel=\"canonical\" href=\"https:\/\/fmsb.eu\/de\/2023\/03\/05\/mucho-ruido-y-poco-aplazamiento-articulo-de-opinion-de-jorge-sainz-de-baranda-en-mallorcadiario\/\" \/>\n<meta property=\"og:locale\" content=\"de_DE\" \/>\n<meta property=\"og:type\" content=\"article\" \/>\n<meta property=\"og:title\" content=\"Mucho ruido y poco aplazamiento..., art\u00edculo de opini\u00f3n de Jorge S\u00e1inz de Baranda en Mallorcadiario - FMSB Abogados y Economistas en Baleares\" \/>\n<meta property=\"og:description\" content=\"&nbsp; mallorcadiario.com\u00a0 Opini\u00f3n DOMINGO 5 DE MARZO DE 2023 \u00a0 Mucho ruido y poco aplazamiento&#8230; Por\u00a0Jorge S\u00e1inz de Baranda M\u00c1S ART\u00cdCULOS DEL AUTOR &nbsp; Debo empezar reconoci\u00e9ndote querida que, para este art\u00edculo, me han remitido casi todo el material -la noticia y la cita-, por lo que en este caso mi responsabilidad se limita a [&hellip;]\" \/>\n<meta property=\"og:url\" content=\"https:\/\/fmsb.eu\/de\/2023\/03\/05\/mucho-ruido-y-poco-aplazamiento-articulo-de-opinion-de-jorge-sainz-de-baranda-en-mallorcadiario\/\" \/>\n<meta property=\"og:site_name\" content=\"FMSB Abogados y Economistas en Baleares\" \/>\n<meta property=\"article:published_time\" content=\"2023-03-05T07:25:07+00:00\" \/>\n<meta property=\"og:image\" content=\"https:\/\/fmsb.eu\/wp-content\/uploads\/2023\/03\/FMSB-Abogados-Jorge-Sainz-de-Baranda-Mucho-Ruido-y-Poco-Aplazamiento.-Mallorcadiario-00.jpg\" \/>\n\t<meta property=\"og:image:width\" content=\"1600\" \/>\n\t<meta property=\"og:image:height\" content=\"1200\" \/>\n\t<meta property=\"og:image:type\" content=\"image\/jpeg\" \/>\n<meta name=\"author\" content=\"fmsb\" \/>\n<meta name=\"twitter:card\" content=\"summary_large_image\" \/>\n<meta name=\"twitter:creator\" content=\"@fmsb-disstint\" \/>\n<meta name=\"twitter:label1\" content=\"Verfasst von\" \/>\n\t<meta name=\"twitter:data1\" content=\"fmsb\" \/>\n\t<meta name=\"twitter:label2\" content=\"Gesch\u00e4tzte Lesezeit\" \/>\n\t<meta name=\"twitter:data2\" content=\"5\u00a0Minuten\" \/>\n<script type=\"application\/ld+json\" class=\"yoast-schema-graph\">{\"@context\":\"https:\\\/\\\/schema.org\",\"@graph\":[{\"@type\":\"Article\",\"@id\":\"https:\\\/\\\/fmsb.eu\\\/de\\\/2023\\\/03\\\/05\\\/mucho-ruido-y-poco-aplazamiento-articulo-de-opinion-de-jorge-sainz-de-baranda-en-mallorcadiario\\\/#article\",\"isPartOf\":{\"@id\":\"https:\\\/\\\/fmsb.eu\\\/de\\\/2023\\\/03\\\/05\\\/mucho-ruido-y-poco-aplazamiento-articulo-de-opinion-de-jorge-sainz-de-baranda-en-mallorcadiario\\\/\"},\"author\":{\"name\":\"fmsb\",\"@id\":\"https:\\\/\\\/fmsb.eu\\\/de\\\/#\\\/schema\\\/person\\\/9fba7c70814b0cd34d35d655d36a4ca2\"},\"headline\":\"Mucho ruido y poco aplazamiento&#8230;, art\u00edculo de opini\u00f3n de Jorge S\u00e1inz de Baranda en Mallorcadiario\",\"datePublished\":\"2023-03-05T07:25:07+00:00\",\"mainEntityOfPage\":{\"@id\":\"https:\\\/\\\/fmsb.eu\\\/de\\\/2023\\\/03\\\/05\\\/mucho-ruido-y-poco-aplazamiento-articulo-de-opinion-de-jorge-sainz-de-baranda-en-mallorcadiario\\\/\"},\"wordCount\":934,\"publisher\":{\"@id\":\"https:\\\/\\\/fmsb.eu\\\/de\\\/#organization\"},\"image\":{\"@id\":\"https:\\\/\\\/fmsb.eu\\\/de\\\/2023\\\/03\\\/05\\\/mucho-ruido-y-poco-aplazamiento-articulo-de-opinion-de-jorge-sainz-de-baranda-en-mallorcadiario\\\/#primaryimage\"},\"thumbnailUrl\":\"https:\\\/\\\/fmsb.eu\\\/wp-content\\\/uploads\\\/2023\\\/03\\\/FMSB-Abogados-Jorge-Sainz-de-Baranda-Mucho-Ruido-y-Poco-Aplazamiento.-Mallorcadiario-00.jpg\",\"keywords\":[\"50.000\",\"abogados\",\"administraci\u00f3n tributaria\",\"administraciones tributarias\",\"aeat\",\"agencia tributaria\",\"antifraude\",\"aplazamiento\",\"articulos\",\"asesores\",\"ATIB\",\"baleares\",\"blanqueo\",\"blanqueo de capitales\",\"campa\u00f1a de la renta\",\"campa\u00f1a irpf\",\"catastro\",\"comunidad aut\u00f3noma\",\"declaraci\u00f3n de inconstitucionalidad\",\"declaraci\u00f3n de nulidad\",\"deflaci\u00f3n\",\"deflactaci\u00f3n\",\"deflactar\",\"derecho civil propio\",\"derecho de la uni\u00f3n europea\",\"derecho fiscal\",\"derecho tributario\",\"deudas\",\"dgt\",\"direcci\u00f3n general de tributos\",\"direcci\u00f3n general del catastro\",\"doble imposici\u00f3n\",\"economistas\",\"el arenal\",\"exenci\u00f3n por reinversi\u00f3n\",\"extranjeros\",\"fallecimiento\",\"fmsb\",\"fraccionamiento\",\"fraude fiscal\",\"Galicia\",\"gravamen extraordinario\",\"Hacienda\",\"herencias\",\"ibi\",\"ibiza\",\"illes balears\",\"impuesto de solidaridad a las grandes fortunas\",\"impuesto de sucesiones\",\"impuesto sobre la renta\",\"impuestos\",\"incremento del valor de los terrenos de naturaleza urbana\",\"IRPF\",\"jorge lorenzo\",\"jorge sainz de baranda\",\"law\",\"lawyers\",\"ley antifraude\",\"mallorca\",\"mallorcadiario\",\"Manacor\",\"menorca\",\"modelo 720\",\"mortis causa\",\"obligado tributario\",\"opinion\",\"pactos sucesorioes\",\"pactos sucesorios\",\"Palma\",\"patrimonio\",\"plan anual de control tributario\",\"plusval\u00eda\",\"port d&#8217;andratx\",\"prespuestos generales del estado\",\"presupuestos 2021\",\"prevenci\u00f3n\",\"proindiviso\",\"propuestas\",\"puerto de andratx\",\"recargo\",\"reforma\",\"residentes fiscales\",\"resindencia fiscal\",\"solicitors\",\"sucesi\u00f3n\",\"sucesi\u00f3n en vida\",\"sucesiones y donaciones\",\"tasa amazon\",\"testador\",\"tributos\",\"ue\",\"valor de referencia\",\"valor de referencia catastral\"],\"articleSection\":[\"actualidad\",\"blog\",\"Derecho Fiscal\",\"Home\",\"Opini\u00f3n\"],\"inLanguage\":\"de\"},{\"@type\":\"WebPage\",\"@id\":\"https:\\\/\\\/fmsb.eu\\\/de\\\/2023\\\/03\\\/05\\\/mucho-ruido-y-poco-aplazamiento-articulo-de-opinion-de-jorge-sainz-de-baranda-en-mallorcadiario\\\/\",\"url\":\"https:\\\/\\\/fmsb.eu\\\/de\\\/2023\\\/03\\\/05\\\/mucho-ruido-y-poco-aplazamiento-articulo-de-opinion-de-jorge-sainz-de-baranda-en-mallorcadiario\\\/\",\"name\":\"Mucho ruido y poco aplazamiento..., art\u00edculo de opini\u00f3n de Jorge S\u00e1inz de Baranda en Mallorcadiario - FMSB Abogados y Economistas en Baleares\",\"isPartOf\":{\"@id\":\"https:\\\/\\\/fmsb.eu\\\/de\\\/#website\"},\"primaryImageOfPage\":{\"@id\":\"https:\\\/\\\/fmsb.eu\\\/de\\\/2023\\\/03\\\/05\\\/mucho-ruido-y-poco-aplazamiento-articulo-de-opinion-de-jorge-sainz-de-baranda-en-mallorcadiario\\\/#primaryimage\"},\"image\":{\"@id\":\"https:\\\/\\\/fmsb.eu\\\/de\\\/2023\\\/03\\\/05\\\/mucho-ruido-y-poco-aplazamiento-articulo-de-opinion-de-jorge-sainz-de-baranda-en-mallorcadiario\\\/#primaryimage\"},\"thumbnailUrl\":\"https:\\\/\\\/fmsb.eu\\\/wp-content\\\/uploads\\\/2023\\\/03\\\/FMSB-Abogados-Jorge-Sainz-de-Baranda-Mucho-Ruido-y-Poco-Aplazamiento.-Mallorcadiario-00.jpg\",\"datePublished\":\"2023-03-05T07:25:07+00:00\",\"breadcrumb\":{\"@id\":\"https:\\\/\\\/fmsb.eu\\\/de\\\/2023\\\/03\\\/05\\\/mucho-ruido-y-poco-aplazamiento-articulo-de-opinion-de-jorge-sainz-de-baranda-en-mallorcadiario\\\/#breadcrumb\"},\"inLanguage\":\"de\",\"potentialAction\":[{\"@type\":\"ReadAction\",\"target\":[\"https:\\\/\\\/fmsb.eu\\\/de\\\/2023\\\/03\\\/05\\\/mucho-ruido-y-poco-aplazamiento-articulo-de-opinion-de-jorge-sainz-de-baranda-en-mallorcadiario\\\/\"]}]},{\"@type\":\"ImageObject\",\"inLanguage\":\"de\",\"@id\":\"https:\\\/\\\/fmsb.eu\\\/de\\\/2023\\\/03\\\/05\\\/mucho-ruido-y-poco-aplazamiento-articulo-de-opinion-de-jorge-sainz-de-baranda-en-mallorcadiario\\\/#primaryimage\",\"url\":\"https:\\\/\\\/fmsb.eu\\\/wp-content\\\/uploads\\\/2023\\\/03\\\/FMSB-Abogados-Jorge-Sainz-de-Baranda-Mucho-Ruido-y-Poco-Aplazamiento.-Mallorcadiario-00.jpg\",\"contentUrl\":\"https:\\\/\\\/fmsb.eu\\\/wp-content\\\/uploads\\\/2023\\\/03\\\/FMSB-Abogados-Jorge-Sainz-de-Baranda-Mucho-Ruido-y-Poco-Aplazamiento.-Mallorcadiario-00.jpg\",\"width\":1600,\"height\":1200},{\"@type\":\"BreadcrumbList\",\"@id\":\"https:\\\/\\\/fmsb.eu\\\/de\\\/2023\\\/03\\\/05\\\/mucho-ruido-y-poco-aplazamiento-articulo-de-opinion-de-jorge-sainz-de-baranda-en-mallorcadiario\\\/#breadcrumb\",\"itemListElement\":[{\"@type\":\"ListItem\",\"position\":1,\"name\":\"Portada\",\"item\":\"https:\\\/\\\/fmsb.eu\\\/de\\\/\"},{\"@type\":\"ListItem\",\"position\":2,\"name\":\"Mucho ruido y poco aplazamiento&#8230;, art\u00edculo de opini\u00f3n de Jorge S\u00e1inz de Baranda en Mallorcadiario\"}]},{\"@type\":\"WebSite\",\"@id\":\"https:\\\/\\\/fmsb.eu\\\/de\\\/#website\",\"url\":\"https:\\\/\\\/fmsb.eu\\\/de\\\/\",\"name\":\"FMSB Abogados y Economistas en Baleares\",\"description\":\"\",\"publisher\":{\"@id\":\"https:\\\/\\\/fmsb.eu\\\/de\\\/#organization\"},\"potentialAction\":[{\"@type\":\"SearchAction\",\"target\":{\"@type\":\"EntryPoint\",\"urlTemplate\":\"https:\\\/\\\/fmsb.eu\\\/de\\\/?s={search_term_string}\"},\"query-input\":{\"@type\":\"PropertyValueSpecification\",\"valueRequired\":true,\"valueName\":\"search_term_string\"}}],\"inLanguage\":\"de\"},{\"@type\":\"Organization\",\"@id\":\"https:\\\/\\\/fmsb.eu\\\/de\\\/#organization\",\"name\":\"FMSB Abogados y Economistas en Baleares\",\"url\":\"https:\\\/\\\/fmsb.eu\\\/de\\\/\",\"logo\":{\"@type\":\"ImageObject\",\"inLanguage\":\"de\",\"@id\":\"https:\\\/\\\/fmsb.eu\\\/de\\\/#\\\/schema\\\/logo\\\/image\\\/\",\"url\":\"https:\\\/\\\/fmsb.eu\\\/wp-content\\\/uploads\\\/2025\\\/02\\\/logo.svg\",\"contentUrl\":\"https:\\\/\\\/fmsb.eu\\\/wp-content\\\/uploads\\\/2025\\\/02\\\/logo.svg\",\"width\":154,\"height\":52,\"caption\":\"FMSB Abogados y Economistas en Baleares\"},\"image\":{\"@id\":\"https:\\\/\\\/fmsb.eu\\\/de\\\/#\\\/schema\\\/logo\\\/image\\\/\"}},{\"@type\":\"Person\",\"@id\":\"https:\\\/\\\/fmsb.eu\\\/de\\\/#\\\/schema\\\/person\\\/9fba7c70814b0cd34d35d655d36a4ca2\",\"name\":\"fmsb\",\"image\":{\"@type\":\"ImageObject\",\"inLanguage\":\"de\",\"@id\":\"https:\\\/\\\/secure.gravatar.com\\\/avatar\\\/426f4d5b0ebcace85460caf87cdaaa193694b611e990615d87a13f322fb7ee7f?s=96&d=mm&r=g\",\"url\":\"https:\\\/\\\/secure.gravatar.com\\\/avatar\\\/426f4d5b0ebcace85460caf87cdaaa193694b611e990615d87a13f322fb7ee7f?s=96&d=mm&r=g\",\"contentUrl\":\"https:\\\/\\\/secure.gravatar.com\\\/avatar\\\/426f4d5b0ebcace85460caf87cdaaa193694b611e990615d87a13f322fb7ee7f?s=96&d=mm&r=g\",\"caption\":\"fmsb\"},\"sameAs\":[\"https:\\\/\\\/x.com\\\/fmsb-disstint\"],\"url\":\"https:\\\/\\\/fmsb.eu\\\/de\\\/author\\\/fmsb\\\/\"}]}<\/script>\n<!-- \/ Yoast SEO plugin. -->","yoast_head_json":{"title":"Mucho ruido y poco aplazamiento..., art\u00edculo de opini\u00f3n de Jorge S\u00e1inz de Baranda en Mallorcadiario - FMSB Abogados y Economistas en Baleares","robots":{"index":"index","follow":"follow","max-snippet":"max-snippet:-1","max-image-preview":"max-image-preview:large","max-video-preview":"max-video-preview:-1"},"canonical":"https:\/\/fmsb.eu\/de\/2023\/03\/05\/mucho-ruido-y-poco-aplazamiento-articulo-de-opinion-de-jorge-sainz-de-baranda-en-mallorcadiario\/","og_locale":"de_DE","og_type":"article","og_title":"Mucho ruido y poco aplazamiento..., art\u00edculo de opini\u00f3n de Jorge S\u00e1inz de Baranda en Mallorcadiario - FMSB Abogados y Economistas en Baleares","og_description":"&nbsp; mallorcadiario.com\u00a0 Opini\u00f3n DOMINGO 5 DE MARZO DE 2023 \u00a0 Mucho ruido y poco aplazamiento&#8230; Por\u00a0Jorge S\u00e1inz de Baranda M\u00c1S ART\u00cdCULOS DEL AUTOR &nbsp; Debo empezar reconoci\u00e9ndote querida que, para este art\u00edculo, me han remitido casi todo el material -la noticia y la cita-, por lo que en este caso mi responsabilidad se limita a [&hellip;]","og_url":"https:\/\/fmsb.eu\/de\/2023\/03\/05\/mucho-ruido-y-poco-aplazamiento-articulo-de-opinion-de-jorge-sainz-de-baranda-en-mallorcadiario\/","og_site_name":"FMSB Abogados y Economistas en Baleares","article_published_time":"2023-03-05T07:25:07+00:00","og_image":[{"width":1600,"height":1200,"url":"https:\/\/fmsb.eu\/wp-content\/uploads\/2023\/03\/FMSB-Abogados-Jorge-Sainz-de-Baranda-Mucho-Ruido-y-Poco-Aplazamiento.-Mallorcadiario-00.jpg","type":"image\/jpeg"}],"author":"fmsb","twitter_card":"summary_large_image","twitter_creator":"@fmsb-disstint","twitter_misc":{"Verfasst von":"fmsb","Gesch\u00e4tzte Lesezeit":"5\u00a0Minuten"},"schema":{"@context":"https:\/\/schema.org","@graph":[{"@type":"Article","@id":"https:\/\/fmsb.eu\/de\/2023\/03\/05\/mucho-ruido-y-poco-aplazamiento-articulo-de-opinion-de-jorge-sainz-de-baranda-en-mallorcadiario\/#article","isPartOf":{"@id":"https:\/\/fmsb.eu\/de\/2023\/03\/05\/mucho-ruido-y-poco-aplazamiento-articulo-de-opinion-de-jorge-sainz-de-baranda-en-mallorcadiario\/"},"author":{"name":"fmsb","@id":"https:\/\/fmsb.eu\/de\/#\/schema\/person\/9fba7c70814b0cd34d35d655d36a4ca2"},"headline":"Mucho ruido y poco aplazamiento&#8230;, art\u00edculo de opini\u00f3n de Jorge S\u00e1inz de Baranda en Mallorcadiario","datePublished":"2023-03-05T07:25:07+00:00","mainEntityOfPage":{"@id":"https:\/\/fmsb.eu\/de\/2023\/03\/05\/mucho-ruido-y-poco-aplazamiento-articulo-de-opinion-de-jorge-sainz-de-baranda-en-mallorcadiario\/"},"wordCount":934,"publisher":{"@id":"https:\/\/fmsb.eu\/de\/#organization"},"image":{"@id":"https:\/\/fmsb.eu\/de\/2023\/03\/05\/mucho-ruido-y-poco-aplazamiento-articulo-de-opinion-de-jorge-sainz-de-baranda-en-mallorcadiario\/#primaryimage"},"thumbnailUrl":"https:\/\/fmsb.eu\/wp-content\/uploads\/2023\/03\/FMSB-Abogados-Jorge-Sainz-de-Baranda-Mucho-Ruido-y-Poco-Aplazamiento.-Mallorcadiario-00.jpg","keywords":["50.000","abogados","administraci\u00f3n tributaria","administraciones tributarias","aeat","agencia tributaria","antifraude","aplazamiento","articulos","asesores","ATIB","baleares","blanqueo","blanqueo de capitales","campa\u00f1a de la renta","campa\u00f1a irpf","catastro","comunidad aut\u00f3noma","declaraci\u00f3n de inconstitucionalidad","declaraci\u00f3n de nulidad","deflaci\u00f3n","deflactaci\u00f3n","deflactar","derecho civil propio","derecho de la uni\u00f3n europea","derecho fiscal","derecho tributario","deudas","dgt","direcci\u00f3n general de tributos","direcci\u00f3n general del catastro","doble imposici\u00f3n","economistas","el arenal","exenci\u00f3n por reinversi\u00f3n","extranjeros","fallecimiento","fmsb","fraccionamiento","fraude fiscal","Galicia","gravamen extraordinario","Hacienda","herencias","ibi","ibiza","illes balears","impuesto de solidaridad a las grandes fortunas","impuesto de sucesiones","impuesto sobre la renta","impuestos","incremento del valor de los terrenos de naturaleza urbana","IRPF","jorge lorenzo","jorge sainz de baranda","law","lawyers","ley antifraude","mallorca","mallorcadiario","Manacor","menorca","modelo 720","mortis causa","obligado tributario","opinion","pactos sucesorioes","pactos sucesorios","Palma","patrimonio","plan anual de control tributario","plusval\u00eda","port d&#8217;andratx","prespuestos generales del estado","presupuestos 2021","prevenci\u00f3n","proindiviso","propuestas","puerto de andratx","recargo","reforma","residentes fiscales","resindencia fiscal","solicitors","sucesi\u00f3n","sucesi\u00f3n en vida","sucesiones y donaciones","tasa amazon","testador","tributos","ue","valor de referencia","valor de referencia catastral"],"articleSection":["actualidad","blog","Derecho Fiscal","Home","Opini\u00f3n"],"inLanguage":"de"},{"@type":"WebPage","@id":"https:\/\/fmsb.eu\/de\/2023\/03\/05\/mucho-ruido-y-poco-aplazamiento-articulo-de-opinion-de-jorge-sainz-de-baranda-en-mallorcadiario\/","url":"https:\/\/fmsb.eu\/de\/2023\/03\/05\/mucho-ruido-y-poco-aplazamiento-articulo-de-opinion-de-jorge-sainz-de-baranda-en-mallorcadiario\/","name":"Mucho ruido y poco aplazamiento..., art\u00edculo de opini\u00f3n de Jorge S\u00e1inz de Baranda en Mallorcadiario - FMSB Abogados y Economistas en Baleares","isPartOf":{"@id":"https:\/\/fmsb.eu\/de\/#website"},"primaryImageOfPage":{"@id":"https:\/\/fmsb.eu\/de\/2023\/03\/05\/mucho-ruido-y-poco-aplazamiento-articulo-de-opinion-de-jorge-sainz-de-baranda-en-mallorcadiario\/#primaryimage"},"image":{"@id":"https:\/\/fmsb.eu\/de\/2023\/03\/05\/mucho-ruido-y-poco-aplazamiento-articulo-de-opinion-de-jorge-sainz-de-baranda-en-mallorcadiario\/#primaryimage"},"thumbnailUrl":"https:\/\/fmsb.eu\/wp-content\/uploads\/2023\/03\/FMSB-Abogados-Jorge-Sainz-de-Baranda-Mucho-Ruido-y-Poco-Aplazamiento.-Mallorcadiario-00.jpg","datePublished":"2023-03-05T07:25:07+00:00","breadcrumb":{"@id":"https:\/\/fmsb.eu\/de\/2023\/03\/05\/mucho-ruido-y-poco-aplazamiento-articulo-de-opinion-de-jorge-sainz-de-baranda-en-mallorcadiario\/#breadcrumb"},"inLanguage":"de","potentialAction":[{"@type":"ReadAction","target":["https:\/\/fmsb.eu\/de\/2023\/03\/05\/mucho-ruido-y-poco-aplazamiento-articulo-de-opinion-de-jorge-sainz-de-baranda-en-mallorcadiario\/"]}]},{"@type":"ImageObject","inLanguage":"de","@id":"https:\/\/fmsb.eu\/de\/2023\/03\/05\/mucho-ruido-y-poco-aplazamiento-articulo-de-opinion-de-jorge-sainz-de-baranda-en-mallorcadiario\/#primaryimage","url":"https:\/\/fmsb.eu\/wp-content\/uploads\/2023\/03\/FMSB-Abogados-Jorge-Sainz-de-Baranda-Mucho-Ruido-y-Poco-Aplazamiento.-Mallorcadiario-00.jpg","contentUrl":"https:\/\/fmsb.eu\/wp-content\/uploads\/2023\/03\/FMSB-Abogados-Jorge-Sainz-de-Baranda-Mucho-Ruido-y-Poco-Aplazamiento.-Mallorcadiario-00.jpg","width":1600,"height":1200},{"@type":"BreadcrumbList","@id":"https:\/\/fmsb.eu\/de\/2023\/03\/05\/mucho-ruido-y-poco-aplazamiento-articulo-de-opinion-de-jorge-sainz-de-baranda-en-mallorcadiario\/#breadcrumb","itemListElement":[{"@type":"ListItem","position":1,"name":"Portada","item":"https:\/\/fmsb.eu\/de\/"},{"@type":"ListItem","position":2,"name":"Mucho ruido y poco aplazamiento&#8230;, art\u00edculo de opini\u00f3n de Jorge S\u00e1inz de Baranda en Mallorcadiario"}]},{"@type":"WebSite","@id":"https:\/\/fmsb.eu\/de\/#website","url":"https:\/\/fmsb.eu\/de\/","name":"FMSB Abogados y Economistas en Baleares","description":"","publisher":{"@id":"https:\/\/fmsb.eu\/de\/#organization"},"potentialAction":[{"@type":"SearchAction","target":{"@type":"EntryPoint","urlTemplate":"https:\/\/fmsb.eu\/de\/?s={search_term_string}"},"query-input":{"@type":"PropertyValueSpecification","valueRequired":true,"valueName":"search_term_string"}}],"inLanguage":"de"},{"@type":"Organization","@id":"https:\/\/fmsb.eu\/de\/#organization","name":"FMSB Abogados y Economistas en Baleares","url":"https:\/\/fmsb.eu\/de\/","logo":{"@type":"ImageObject","inLanguage":"de","@id":"https:\/\/fmsb.eu\/de\/#\/schema\/logo\/image\/","url":"https:\/\/fmsb.eu\/wp-content\/uploads\/2025\/02\/logo.svg","contentUrl":"https:\/\/fmsb.eu\/wp-content\/uploads\/2025\/02\/logo.svg","width":154,"height":52,"caption":"FMSB Abogados y Economistas en Baleares"},"image":{"@id":"https:\/\/fmsb.eu\/de\/#\/schema\/logo\/image\/"}},{"@type":"Person","@id":"https:\/\/fmsb.eu\/de\/#\/schema\/person\/9fba7c70814b0cd34d35d655d36a4ca2","name":"fmsb","image":{"@type":"ImageObject","inLanguage":"de","@id":"https:\/\/secure.gravatar.com\/avatar\/426f4d5b0ebcace85460caf87cdaaa193694b611e990615d87a13f322fb7ee7f?s=96&d=mm&r=g","url":"https:\/\/secure.gravatar.com\/avatar\/426f4d5b0ebcace85460caf87cdaaa193694b611e990615d87a13f322fb7ee7f?s=96&d=mm&r=g","contentUrl":"https:\/\/secure.gravatar.com\/avatar\/426f4d5b0ebcace85460caf87cdaaa193694b611e990615d87a13f322fb7ee7f?s=96&d=mm&r=g","caption":"fmsb"},"sameAs":["https:\/\/x.com\/fmsb-disstint"],"url":"https:\/\/fmsb.eu\/de\/author\/fmsb\/"}]}},"_links":{"self":[{"href":"https:\/\/fmsb.eu\/de\/wp-json\/wp\/v2\/posts\/11225","targetHints":{"allow":["GET"]}}],"collection":[{"href":"https:\/\/fmsb.eu\/de\/wp-json\/wp\/v2\/posts"}],"about":[{"href":"https:\/\/fmsb.eu\/de\/wp-json\/wp\/v2\/types\/post"}],"author":[{"embeddable":true,"href":"https:\/\/fmsb.eu\/de\/wp-json\/wp\/v2\/users\/2"}],"replies":[{"embeddable":true,"href":"https:\/\/fmsb.eu\/de\/wp-json\/wp\/v2\/comments?post=11225"}],"version-history":[{"count":0,"href":"https:\/\/fmsb.eu\/de\/wp-json\/wp\/v2\/posts\/11225\/revisions"}],"wp:featuredmedia":[{"embeddable":true,"href":"https:\/\/fmsb.eu\/de\/wp-json\/wp\/v2\/media\/9999"}],"wp:attachment":[{"href":"https:\/\/fmsb.eu\/de\/wp-json\/wp\/v2\/media?parent=11225"}],"wp:term":[{"taxonomy":"category","embeddable":true,"href":"https:\/\/fmsb.eu\/de\/wp-json\/wp\/v2\/categories?post=11225"},{"taxonomy":"post_tag","embeddable":true,"href":"https:\/\/fmsb.eu\/de\/wp-json\/wp\/v2\/tags?post=11225"}],"curies":[{"name":"wp","href":"https:\/\/api.w.org\/{rel}","templated":true}]}}