{"id":11231,"date":"2023-02-22T08:28:12","date_gmt":"2023-02-22T07:28:12","guid":{"rendered":"http:\/\/fmsb.disstintbeta.com\/2023\/02\/22\/ultima-hora-reclamacion-servicios-de-tierra-aga-airline-ground-assistance-contra-aerolinea\/"},"modified":"2023-02-22T08:28:12","modified_gmt":"2023-02-22T07:28:12","slug":"ultima-hora-reclamacion-servicios-de-tierra-aga-airline-ground-assistance-contra-aerolinea","status":"publish","type":"post","link":"https:\/\/fmsb.eu\/de\/2023\/02\/22\/ultima-hora-reclamacion-servicios-de-tierra-aga-airline-ground-assistance-contra-aerolinea\/","title":{"rendered":"El diario &#8222;\u00daltima Hora&#8220; se hace eco de la reclamaci\u00f3n interpuesta por la empresa de servicios de tierra AGA (Airline Ground Assistance) contra una aerol\u00ednea"},"content":{"rendered":"<div class=\"row\">\n<div class=\"post-content col-lg-8\">\n<div class=\"post-head\">\n<div class=\"post-img full-width-xs\">\n<div class=\"row no-gutters\">\n<div class=\"col-sm-12\">\n<div class=\"featured-img-container\">\n<figure class=\"position-relative mb-0\"><picture><source srcset=\"https:\/\/uh.gsstatic.es\/sfAttachPlugin\/getCachedContent\/id\/2293017\/width\/425\/height\/284\/crop\/1\" media=\"(max-width: 444px)\" \/><source srcset=\"https:\/\/uh.gsstatic.es\/sfAttachPlugin\/getCachedContent\/id\/2293017\/width\/730\/height\/500\/crop\/1\" media=\"(min-width: 445px)\" \/><\/picture><\/figure>\n<\/div>\n<\/div>\n<\/div>\n<\/div>\n<\/div>\n<div style=\"width: 800px;\" class=\"wp-video\"><video class=\"wp-video-shortcode\" id=\"video-11231-1\" width=\"800\" height=\"800\" poster=\"http:\/\/fmsb.disstintbeta.com\/wp-content\/uploads\/2023\/02\/FMSB-cuadrado-reclamacion-4-millones-800-C397-800-px-1.jpg\" loop autoplay preload=\"auto\" controls=\"controls\"><source type=\"video\/mp4\" src=\"http:\/\/fmsb.disstintbeta.com\/wp-content\/uploads\/2023\/02\/FMSB-cuadrado-reclamacion-4-millones-800-C397-800-px.mp4?_=1\" \/><a href=\"http:\/\/fmsb.disstintbeta.com\/wp-content\/uploads\/2023\/02\/FMSB-cuadrado-reclamacion-4-millones-800-C397-800-px.mp4\">http:\/\/fmsb.disstintbeta.com\/wp-content\/uploads\/2023\/02\/FMSB-cuadrado-reclamacion-4-millones-800-C397-800-px.mp4<\/a><\/video><\/div>\n<div class=\"post-head\">\n<div class=\"post-img full-width-xs\">\n<div class=\"row no-gutters\">\n<h1><span style=\"color: #ffffff;\">&#8211;<\/span><\/h1>\n<p>El diario balear &#8222;<a href=\"https:\/\/www.ultimahora.es\/\"><strong>\u00daltima hora<\/strong><\/a>&#8220; hac\u00eda menci\u00f3n en el d\u00eda de ayer a la reclamaci\u00f3n de la empresa mallorquina de servicios aeroportuarios <strong>AGA -airlines ground assistance<\/strong>&#8211; (especializada en handling de pasajeros, formaci\u00f3n, venta de billetes, as\u00ed como gesti\u00f3n de irregularidades y servicios VIP) interpuesta contra una aerol\u00ednea por la rescisi\u00f3n unilateral por parte de esta \u00faltima del contrato que vinculaba a ambas empresas usando como motivo la crisis generada por el Covid-19.<\/p>\n<p>A continuaci\u00f3n te reproducimos la noticia aparecida en el digital de <a href=\"https:\/\/www.ultimahora.es\/noticias\/local\/2023\/02\/22\/1886587\/demanda-mallorca-reclamacion-millonaria-aerolinea-palma.html\"><strong>\u00daltima hora<\/strong><\/a>, que puedes consultar directamente haciendo clic en este <a href=\"https:\/\/www.ultimahora.es\/noticias\/local\/2023\/02\/22\/1886587\/demanda-mallorca-reclamacion-millonaria-aerolinea-palma.html\"><strong>enlace<\/strong><\/a>.<\/p>\n<h1><span style=\"color: #ffffff;\">&#8211;<\/span><\/h1>\n<hr \/>\n<h1><span style=\"color: #ff0000;\"><strong>Una empresa de Mallorca reclama cuatro millones a una aerol\u00ednea<\/strong><\/span><\/h1>\n<h3><span style=\"color: #ff0000;\"><strong>Sostiene que us\u00f3 la pandemia como excusa para rescindir el contrato que manten\u00edan<\/strong><\/span><\/h3>\n<div class=\"col-sm-12\">\n<p>FUENTE: <span style=\"color: #ff0000;\"><a style=\"color: #ff0000;\" href=\"https:\/\/www.ultimahora.es\/noticias\/local\/2023\/02\/22\/1886587\/demanda-mallorca-reclamacion-millonaria-aerolinea-palma.html\"><strong>\u00faltima hora<\/strong><\/a><\/span><span class=\"authors\"> AUTOR: <a class=\"post-author\" href=\"https:\/\/www.ultimahora.es\/autor\/victor-malagon.html\"><strong><span style=\"color: #ff0000;\">V\u00edctor Malag\u00f3n<\/span><\/strong><\/a><\/span><span class=\"post-location\"> Palma<\/span><span class=\"post-date\">22\/02\/23 0:29\u00a0 <\/span><\/p>\n<p>Una empresa mallorquina reclama <strong>cuatro millones de euros a una compa\u00f1\u00eda a\u00e9rea<\/strong>\u00a0por cancelar de forma unilateral el\u00a0<strong>contrato<\/strong>\u00a0que manten\u00edan. La demandante se encargaba de los\u00a0<strong>servicios de tierra<\/strong>\u00a0para la aerol\u00ednea en\u00a0<strong>quince aeropuertos<\/strong>\u00a0diferentes. En julio de 2020 la compa\u00f1\u00eda a\u00e9rea decidi\u00f3 resolver el contrato. El argumento es que la situaci\u00f3n provocada por la\u00a0<strong>pandemia<\/strong>\u00a0le obligaba a ello. La \u00fanica alternativa que propon\u00eda, seg\u00fan un correo remitido a los demandantes, era reducir la aplicaci\u00f3n a un \u00fanico aeropuerto.<\/p>\n<\/div>\n<\/div>\n<\/div>\n<\/div>\n<div id=\"post-text\" class=\"post-text\">\n<div class=\"row\">\n<div class=\"col\">\n<div id=\"post-text-hidden\">\n<p>Seg\u00fan la demanda, presentada ante un\u00a0<strong>juzgado de Primera Instancia<\/strong>, como consecuencia de la rescisi\u00f3n unilateral, la empresa perdi\u00f3 cuatro millones de euros,\u00a0<strong>se vio obligada a declararse en\u00a0<a href=\"https:\/\/www.ultimahora.es\/etiqueta\/concurso+de+acreedores.html?utm_source=inline-tag&amp;utm_medium=web\">concurso de acreedores<\/a><\/strong>\u00a0y ahora mismo est\u00e1 en fase de liquidaci\u00f3n.\u00a0<strong>Tuvo que despedir a 150 trabajadores en total<\/strong>.<\/p>\n<p>La administraci\u00f3n concursal de\u00a0<strong>Aga Airline Ground Assistance<\/strong> considera que la aerol\u00ednea aprovech\u00f3 la pandemia para rescindir un contrato con el que no estaba conforme. Propone como prueba de ellos varios correos previos a 2020 en los que la aerol\u00ednea protestaba por las condiciones.<\/p>\n<p>En la reclamaci\u00f3n \u2013presentada por el despacho <strong>Font Mora Sainz de Baranda<\/strong>\u2013 se justifica adem\u00e1s que la empresa facturaba por cada pasajero al que atend\u00eda en tierra, por lo que una reducci\u00f3n dr\u00e1stica en el n\u00famero de viajeros no supon\u00eda perjuicio alguno a la compa\u00f1\u00eda a\u00e9rea. As\u00ed, fija la reclamaci\u00f3n en casi cuatro millones en total.<\/p>\n<figure style=\"width: 425px\" class=\"wp-caption alignleft\"><img fetchpriority=\"high\" decoding=\"async\" class=\"img-fluid d-block m-auto no-lazyload w-100 show-modal\" title=\"La empresa proporcionaba servicios en tierra a la aerol\u00ednea en quince aeropuertos espa\u00f1oles.\" src=\"https:\/\/uh.gsstatic.es\/sfAttachPlugin\/getCachedContent\/id\/2293017\/width\/425\/height\/284\/crop\/1\" alt=\"\" width=\"425\" height=\"284\" data-full-src=\"https:\/\/uh.gsstatic.es\/sfAttachPlugin\/2293017.jpg\" data-full-dimensions=\"{&quot;width&quot;:1919,&quot;height&quot;:1280}\" \/><figcaption class=\"wp-caption-text\">La empresa proporcionaba servicios en tierra a la aerol\u00ednea en quince aeropuertos espa\u00f1oles.<\/figcaption><\/figure>\n<\/div>\n<\/div>\n<\/div>\n<\/div>\n<\/div>\n<\/div>\n<hr \/>\n<p><span style=\"color: #999999;\">#fmsb #abogados #economistas #contratos #rescisi\u00f3n #da\u00f1o #pandemia #concursodeacreedores #derecho #mercantil #concursal #concurso #acreedores # #deudas #empresas #insolvencia #baleares #palma #elarenal #puertoandratx #manacor #inca #lawyers #solicitors #coronavirus #covid19 #crisis<\/span><\/p>\n","protected":false},"excerpt":{"rendered":"<p>&#8211; El diario balear &#8222;\u00daltima hora&#8220; hac\u00eda menci\u00f3n en el d\u00eda de ayer a la reclamaci\u00f3n de la empresa mallorquina de servicios aeroportuarios AGA -airlines ground assistance&#8211; (especializada en handling de pasajeros, formaci\u00f3n, venta de billetes, as\u00ed como gesti\u00f3n de irregularidades y servicios VIP) interpuesta contra una aerol\u00ednea por la rescisi\u00f3n unilateral por parte de [&hellip;]<\/p>\n","protected":false},"author":2,"featured_media":9965,"comment_status":"closed","ping_status":"open","sticky":false,"template":"","format":"standard","meta":{"footnotes":""},"categories":[2198,2199,2451,3195,2986,2202,3169,3858],"tags":[2206,4792,4793,4794,4795,2208,4796,2871,2992,2993,3588,3492,3589,2996,2216,2997,2470,2680,2218,2219,3004,4797,2223,2224,4798,3007,2228,2229,4240,2232,3013,2345,3015,2240,4799,4800,2243,4801],"class_list":["post-11231","post","type-post","status-publish","format-standard","has-post-thumbnail","hentry","category-actualidad-de","category-blog-de","category-contratos-de","category-derecho-concursal-de","category-derecho-mercantil-de","category-home-de","category-opinion-de","category-turismo-de","tag-abogados-de","tag-aerolinea-de","tag-aeropuerto-de","tag-aga-de","tag-airline-ground-assistance-de","tag-baleares-de","tag-compania-aerea-de","tag-concursal-de","tag-concurso-de","tag-concurso-de-acreedores-de","tag-coronavirus-de","tag-covid-19-de","tag-covid19-de","tag-crisis-de","tag-derecho-de","tag-derecho-concursal-de","tag-derecho-mercantil-de","tag-deudas-de","tag-economistas-de","tag-el-arenal-de","tag-empresas-de","tag-facturacion-de","tag-fmsb-de","tag-font-mora-sainz-de-baranda-de","tag-handling-de","tag-insolvencia-de","tag-law-de","tag-lawyers-de","tag-liquidacion-de","tag-manacor-de","tag-mercantil-de","tag-palma-de","tag-pandemia-de","tag-puerto-de-andratx-de","tag-rescision-de","tag-servicios-de-tierra-de","tag-solicitors-de","tag-viajeros-de"],"yoast_head":"<!-- This site is optimized with the Yoast SEO plugin v27.3 - https:\/\/yoast.com\/product\/yoast-seo-wordpress\/ -->\n<title>El diario &quot;\u00daltima Hora&quot; se hace eco de la reclamaci\u00f3n interpuesta por la empresa de servicios de tierra AGA (Airline Ground Assistance) contra una aerol\u00ednea - FMSB Abogados y Economistas en Baleares<\/title>\n<meta name=\"robots\" content=\"index, follow, max-snippet:-1, max-image-preview:large, max-video-preview:-1\" \/>\n<link rel=\"canonical\" href=\"https:\/\/fmsb.eu\/de\/2023\/02\/22\/ultima-hora-reclamacion-servicios-de-tierra-aga-airline-ground-assistance-contra-aerolinea\/\" \/>\n<meta property=\"og:locale\" content=\"de_DE\" \/>\n<meta property=\"og:type\" content=\"article\" \/>\n<meta property=\"og:title\" content=\"El diario &quot;\u00daltima Hora&quot; se hace eco de la reclamaci\u00f3n interpuesta por la empresa de servicios de tierra AGA (Airline Ground Assistance) contra una aerol\u00ednea - FMSB Abogados y Economistas en Baleares\" \/>\n<meta property=\"og:description\" content=\"&#8211; El diario balear &#8222;\u00daltima hora&#8220; hac\u00eda menci\u00f3n en el d\u00eda de ayer a la reclamaci\u00f3n de la empresa mallorquina de servicios aeroportuarios AGA -airlines ground assistance&#8211; (especializada en handling de pasajeros, formaci\u00f3n, venta de billetes, as\u00ed como gesti\u00f3n de irregularidades y servicios VIP) interpuesta contra una aerol\u00ednea por la rescisi\u00f3n unilateral por parte de [&hellip;]\" \/>\n<meta property=\"og:url\" content=\"https:\/\/fmsb.eu\/de\/2023\/02\/22\/ultima-hora-reclamacion-servicios-de-tierra-aga-airline-ground-assistance-contra-aerolinea\/\" \/>\n<meta property=\"og:site_name\" content=\"FMSB Abogados y Economistas en Baleares\" \/>\n<meta property=\"article:published_time\" content=\"2023-02-22T07:28:12+00:00\" \/>\n<meta property=\"og:image\" content=\"https:\/\/fmsb.eu\/wp-content\/uploads\/2023\/02\/FMSB-abogados-reclamacion-aerolinea-AGA-handling-servicio-de-tierra.jpg\" \/>\n\t<meta property=\"og:image:width\" content=\"955\" \/>\n\t<meta property=\"og:image:height\" content=\"645\" \/>\n\t<meta property=\"og:image:type\" content=\"image\/jpeg\" \/>\n<meta name=\"author\" content=\"fmsb\" \/>\n<meta name=\"twitter:card\" content=\"summary_large_image\" \/>\n<meta name=\"twitter:creator\" content=\"@fmsb-disstint\" \/>\n<meta name=\"twitter:label1\" content=\"Verfasst von\" \/>\n\t<meta name=\"twitter:data1\" content=\"fmsb\" \/>\n\t<meta name=\"twitter:label2\" content=\"Gesch\u00e4tzte Lesezeit\" \/>\n\t<meta name=\"twitter:data2\" content=\"3\u00a0Minuten\" \/>\n<script type=\"application\/ld+json\" class=\"yoast-schema-graph\">{\"@context\":\"https:\\\/\\\/schema.org\",\"@graph\":[{\"@type\":\"Article\",\"@id\":\"https:\\\/\\\/fmsb.eu\\\/de\\\/2023\\\/02\\\/22\\\/ultima-hora-reclamacion-servicios-de-tierra-aga-airline-ground-assistance-contra-aerolinea\\\/#article\",\"isPartOf\":{\"@id\":\"https:\\\/\\\/fmsb.eu\\\/de\\\/2023\\\/02\\\/22\\\/ultima-hora-reclamacion-servicios-de-tierra-aga-airline-ground-assistance-contra-aerolinea\\\/\"},\"author\":{\"name\":\"fmsb\",\"@id\":\"https:\\\/\\\/fmsb.eu\\\/de\\\/#\\\/schema\\\/person\\\/9fba7c70814b0cd34d35d655d36a4ca2\"},\"headline\":\"El diario &#8222;\u00daltima Hora&#8220; se hace eco de la reclamaci\u00f3n interpuesta por la empresa de servicios de tierra AGA (Airline Ground Assistance) contra una aerol\u00ednea\",\"datePublished\":\"2023-02-22T07:28:12+00:00\",\"mainEntityOfPage\":{\"@id\":\"https:\\\/\\\/fmsb.eu\\\/de\\\/2023\\\/02\\\/22\\\/ultima-hora-reclamacion-servicios-de-tierra-aga-airline-ground-assistance-contra-aerolinea\\\/\"},\"wordCount\":505,\"publisher\":{\"@id\":\"https:\\\/\\\/fmsb.eu\\\/de\\\/#organization\"},\"image\":{\"@id\":\"https:\\\/\\\/fmsb.eu\\\/de\\\/2023\\\/02\\\/22\\\/ultima-hora-reclamacion-servicios-de-tierra-aga-airline-ground-assistance-contra-aerolinea\\\/#primaryimage\"},\"thumbnailUrl\":\"https:\\\/\\\/fmsb.eu\\\/wp-content\\\/uploads\\\/2023\\\/02\\\/FMSB-abogados-reclamacion-aerolinea-AGA-handling-servicio-de-tierra.jpg\",\"keywords\":[\"abogados\",\"aerol\u00ednea\",\"aeropuerto\",\"AGA\",\"airline ground assistance\",\"baleares\",\"compa\u00f1\u00eda a\u00e9rea\",\"concursal\",\"concurso\",\"concurso de acreedores\",\"coronavirus\",\"covid 19\",\"covid19\",\"crisis\",\"derecho\",\"Derecho Concursal\",\"Derecho Mercantil\",\"deudas\",\"economistas\",\"el arenal\",\"empresas\",\"facturaci\u00f3n\",\"fmsb\",\"font mora sainz de baranda\",\"handling\",\"insolvencia\",\"law\",\"lawyers\",\"liquidaci\u00f3n\",\"Manacor\",\"mercantil\",\"Palma\",\"pandemia\",\"puerto de andratx\",\"rescisi\u00f3n\",\"servicios de tierra\",\"solicitors\",\"viajeros\"],\"articleSection\":[\"actualidad\",\"blog\",\"contratos\",\"Derecho Concursal\",\"Derecho Mercantil\",\"Home\",\"Opini\u00f3n\",\"Turismo\"],\"inLanguage\":\"de\"},{\"@type\":\"WebPage\",\"@id\":\"https:\\\/\\\/fmsb.eu\\\/de\\\/2023\\\/02\\\/22\\\/ultima-hora-reclamacion-servicios-de-tierra-aga-airline-ground-assistance-contra-aerolinea\\\/\",\"url\":\"https:\\\/\\\/fmsb.eu\\\/de\\\/2023\\\/02\\\/22\\\/ultima-hora-reclamacion-servicios-de-tierra-aga-airline-ground-assistance-contra-aerolinea\\\/\",\"name\":\"El diario \\\"\u00daltima Hora\\\" se hace eco de la reclamaci\u00f3n interpuesta por la empresa de servicios de tierra AGA (Airline Ground Assistance) contra una aerol\u00ednea - FMSB Abogados y Economistas en Baleares\",\"isPartOf\":{\"@id\":\"https:\\\/\\\/fmsb.eu\\\/de\\\/#website\"},\"primaryImageOfPage\":{\"@id\":\"https:\\\/\\\/fmsb.eu\\\/de\\\/2023\\\/02\\\/22\\\/ultima-hora-reclamacion-servicios-de-tierra-aga-airline-ground-assistance-contra-aerolinea\\\/#primaryimage\"},\"image\":{\"@id\":\"https:\\\/\\\/fmsb.eu\\\/de\\\/2023\\\/02\\\/22\\\/ultima-hora-reclamacion-servicios-de-tierra-aga-airline-ground-assistance-contra-aerolinea\\\/#primaryimage\"},\"thumbnailUrl\":\"https:\\\/\\\/fmsb.eu\\\/wp-content\\\/uploads\\\/2023\\\/02\\\/FMSB-abogados-reclamacion-aerolinea-AGA-handling-servicio-de-tierra.jpg\",\"datePublished\":\"2023-02-22T07:28:12+00:00\",\"breadcrumb\":{\"@id\":\"https:\\\/\\\/fmsb.eu\\\/de\\\/2023\\\/02\\\/22\\\/ultima-hora-reclamacion-servicios-de-tierra-aga-airline-ground-assistance-contra-aerolinea\\\/#breadcrumb\"},\"inLanguage\":\"de\",\"potentialAction\":[{\"@type\":\"ReadAction\",\"target\":[\"https:\\\/\\\/fmsb.eu\\\/de\\\/2023\\\/02\\\/22\\\/ultima-hora-reclamacion-servicios-de-tierra-aga-airline-ground-assistance-contra-aerolinea\\\/\"]}]},{\"@type\":\"ImageObject\",\"inLanguage\":\"de\",\"@id\":\"https:\\\/\\\/fmsb.eu\\\/de\\\/2023\\\/02\\\/22\\\/ultima-hora-reclamacion-servicios-de-tierra-aga-airline-ground-assistance-contra-aerolinea\\\/#primaryimage\",\"url\":\"https:\\\/\\\/fmsb.eu\\\/wp-content\\\/uploads\\\/2023\\\/02\\\/FMSB-abogados-reclamacion-aerolinea-AGA-handling-servicio-de-tierra.jpg\",\"contentUrl\":\"https:\\\/\\\/fmsb.eu\\\/wp-content\\\/uploads\\\/2023\\\/02\\\/FMSB-abogados-reclamacion-aerolinea-AGA-handling-servicio-de-tierra.jpg\",\"width\":955,\"height\":645},{\"@type\":\"BreadcrumbList\",\"@id\":\"https:\\\/\\\/fmsb.eu\\\/de\\\/2023\\\/02\\\/22\\\/ultima-hora-reclamacion-servicios-de-tierra-aga-airline-ground-assistance-contra-aerolinea\\\/#breadcrumb\",\"itemListElement\":[{\"@type\":\"ListItem\",\"position\":1,\"name\":\"Portada\",\"item\":\"https:\\\/\\\/fmsb.eu\\\/de\\\/\"},{\"@type\":\"ListItem\",\"position\":2,\"name\":\"El diario &#8222;\u00daltima Hora&#8220; se hace eco de la reclamaci\u00f3n interpuesta por la empresa de servicios de tierra AGA (Airline Ground Assistance) contra una aerol\u00ednea\"}]},{\"@type\":\"WebSite\",\"@id\":\"https:\\\/\\\/fmsb.eu\\\/de\\\/#website\",\"url\":\"https:\\\/\\\/fmsb.eu\\\/de\\\/\",\"name\":\"FMSB Abogados y Economistas en Baleares\",\"description\":\"\",\"publisher\":{\"@id\":\"https:\\\/\\\/fmsb.eu\\\/de\\\/#organization\"},\"potentialAction\":[{\"@type\":\"SearchAction\",\"target\":{\"@type\":\"EntryPoint\",\"urlTemplate\":\"https:\\\/\\\/fmsb.eu\\\/de\\\/?s={search_term_string}\"},\"query-input\":{\"@type\":\"PropertyValueSpecification\",\"valueRequired\":true,\"valueName\":\"search_term_string\"}}],\"inLanguage\":\"de\"},{\"@type\":\"Organization\",\"@id\":\"https:\\\/\\\/fmsb.eu\\\/de\\\/#organization\",\"name\":\"FMSB Abogados y Economistas en Baleares\",\"url\":\"https:\\\/\\\/fmsb.eu\\\/de\\\/\",\"logo\":{\"@type\":\"ImageObject\",\"inLanguage\":\"de\",\"@id\":\"https:\\\/\\\/fmsb.eu\\\/de\\\/#\\\/schema\\\/logo\\\/image\\\/\",\"url\":\"https:\\\/\\\/fmsb.eu\\\/wp-content\\\/uploads\\\/2025\\\/02\\\/logo.svg\",\"contentUrl\":\"https:\\\/\\\/fmsb.eu\\\/wp-content\\\/uploads\\\/2025\\\/02\\\/logo.svg\",\"width\":154,\"height\":52,\"caption\":\"FMSB Abogados y Economistas en Baleares\"},\"image\":{\"@id\":\"https:\\\/\\\/fmsb.eu\\\/de\\\/#\\\/schema\\\/logo\\\/image\\\/\"}},{\"@type\":\"Person\",\"@id\":\"https:\\\/\\\/fmsb.eu\\\/de\\\/#\\\/schema\\\/person\\\/9fba7c70814b0cd34d35d655d36a4ca2\",\"name\":\"fmsb\",\"image\":{\"@type\":\"ImageObject\",\"inLanguage\":\"de\",\"@id\":\"https:\\\/\\\/secure.gravatar.com\\\/avatar\\\/426f4d5b0ebcace85460caf87cdaaa193694b611e990615d87a13f322fb7ee7f?s=96&d=mm&r=g\",\"url\":\"https:\\\/\\\/secure.gravatar.com\\\/avatar\\\/426f4d5b0ebcace85460caf87cdaaa193694b611e990615d87a13f322fb7ee7f?s=96&d=mm&r=g\",\"contentUrl\":\"https:\\\/\\\/secure.gravatar.com\\\/avatar\\\/426f4d5b0ebcace85460caf87cdaaa193694b611e990615d87a13f322fb7ee7f?s=96&d=mm&r=g\",\"caption\":\"fmsb\"},\"sameAs\":[\"https:\\\/\\\/x.com\\\/fmsb-disstint\"],\"url\":\"https:\\\/\\\/fmsb.eu\\\/de\\\/author\\\/fmsb\\\/\"}]}<\/script>\n<!-- \/ Yoast SEO plugin. -->","yoast_head_json":{"title":"El diario \"\u00daltima Hora\" se hace eco de la reclamaci\u00f3n interpuesta por la empresa de servicios de tierra AGA (Airline Ground Assistance) contra una aerol\u00ednea - FMSB Abogados y Economistas en Baleares","robots":{"index":"index","follow":"follow","max-snippet":"max-snippet:-1","max-image-preview":"max-image-preview:large","max-video-preview":"max-video-preview:-1"},"canonical":"https:\/\/fmsb.eu\/de\/2023\/02\/22\/ultima-hora-reclamacion-servicios-de-tierra-aga-airline-ground-assistance-contra-aerolinea\/","og_locale":"de_DE","og_type":"article","og_title":"El diario \"\u00daltima Hora\" se hace eco de la reclamaci\u00f3n interpuesta por la empresa de servicios de tierra AGA (Airline Ground Assistance) contra una aerol\u00ednea - FMSB Abogados y Economistas en Baleares","og_description":"&#8211; El diario balear &#8222;\u00daltima hora&#8220; hac\u00eda menci\u00f3n en el d\u00eda de ayer a la reclamaci\u00f3n de la empresa mallorquina de servicios aeroportuarios AGA -airlines ground assistance&#8211; (especializada en handling de pasajeros, formaci\u00f3n, venta de billetes, as\u00ed como gesti\u00f3n de irregularidades y servicios VIP) interpuesta contra una aerol\u00ednea por la rescisi\u00f3n unilateral por parte de [&hellip;]","og_url":"https:\/\/fmsb.eu\/de\/2023\/02\/22\/ultima-hora-reclamacion-servicios-de-tierra-aga-airline-ground-assistance-contra-aerolinea\/","og_site_name":"FMSB Abogados y Economistas en Baleares","article_published_time":"2023-02-22T07:28:12+00:00","og_image":[{"width":955,"height":645,"url":"https:\/\/fmsb.eu\/wp-content\/uploads\/2023\/02\/FMSB-abogados-reclamacion-aerolinea-AGA-handling-servicio-de-tierra.jpg","type":"image\/jpeg"}],"author":"fmsb","twitter_card":"summary_large_image","twitter_creator":"@fmsb-disstint","twitter_misc":{"Verfasst von":"fmsb","Gesch\u00e4tzte Lesezeit":"3\u00a0Minuten"},"schema":{"@context":"https:\/\/schema.org","@graph":[{"@type":"Article","@id":"https:\/\/fmsb.eu\/de\/2023\/02\/22\/ultima-hora-reclamacion-servicios-de-tierra-aga-airline-ground-assistance-contra-aerolinea\/#article","isPartOf":{"@id":"https:\/\/fmsb.eu\/de\/2023\/02\/22\/ultima-hora-reclamacion-servicios-de-tierra-aga-airline-ground-assistance-contra-aerolinea\/"},"author":{"name":"fmsb","@id":"https:\/\/fmsb.eu\/de\/#\/schema\/person\/9fba7c70814b0cd34d35d655d36a4ca2"},"headline":"El diario &#8222;\u00daltima Hora&#8220; se hace eco de la reclamaci\u00f3n interpuesta por la empresa de servicios de tierra AGA (Airline Ground Assistance) contra una aerol\u00ednea","datePublished":"2023-02-22T07:28:12+00:00","mainEntityOfPage":{"@id":"https:\/\/fmsb.eu\/de\/2023\/02\/22\/ultima-hora-reclamacion-servicios-de-tierra-aga-airline-ground-assistance-contra-aerolinea\/"},"wordCount":505,"publisher":{"@id":"https:\/\/fmsb.eu\/de\/#organization"},"image":{"@id":"https:\/\/fmsb.eu\/de\/2023\/02\/22\/ultima-hora-reclamacion-servicios-de-tierra-aga-airline-ground-assistance-contra-aerolinea\/#primaryimage"},"thumbnailUrl":"https:\/\/fmsb.eu\/wp-content\/uploads\/2023\/02\/FMSB-abogados-reclamacion-aerolinea-AGA-handling-servicio-de-tierra.jpg","keywords":["abogados","aerol\u00ednea","aeropuerto","AGA","airline ground assistance","baleares","compa\u00f1\u00eda a\u00e9rea","concursal","concurso","concurso de acreedores","coronavirus","covid 19","covid19","crisis","derecho","Derecho Concursal","Derecho Mercantil","deudas","economistas","el arenal","empresas","facturaci\u00f3n","fmsb","font mora sainz de baranda","handling","insolvencia","law","lawyers","liquidaci\u00f3n","Manacor","mercantil","Palma","pandemia","puerto de andratx","rescisi\u00f3n","servicios de tierra","solicitors","viajeros"],"articleSection":["actualidad","blog","contratos","Derecho Concursal","Derecho Mercantil","Home","Opini\u00f3n","Turismo"],"inLanguage":"de"},{"@type":"WebPage","@id":"https:\/\/fmsb.eu\/de\/2023\/02\/22\/ultima-hora-reclamacion-servicios-de-tierra-aga-airline-ground-assistance-contra-aerolinea\/","url":"https:\/\/fmsb.eu\/de\/2023\/02\/22\/ultima-hora-reclamacion-servicios-de-tierra-aga-airline-ground-assistance-contra-aerolinea\/","name":"El diario \"\u00daltima Hora\" se hace eco de la reclamaci\u00f3n interpuesta por la empresa de servicios de tierra AGA (Airline Ground Assistance) contra una aerol\u00ednea - FMSB Abogados y Economistas en Baleares","isPartOf":{"@id":"https:\/\/fmsb.eu\/de\/#website"},"primaryImageOfPage":{"@id":"https:\/\/fmsb.eu\/de\/2023\/02\/22\/ultima-hora-reclamacion-servicios-de-tierra-aga-airline-ground-assistance-contra-aerolinea\/#primaryimage"},"image":{"@id":"https:\/\/fmsb.eu\/de\/2023\/02\/22\/ultima-hora-reclamacion-servicios-de-tierra-aga-airline-ground-assistance-contra-aerolinea\/#primaryimage"},"thumbnailUrl":"https:\/\/fmsb.eu\/wp-content\/uploads\/2023\/02\/FMSB-abogados-reclamacion-aerolinea-AGA-handling-servicio-de-tierra.jpg","datePublished":"2023-02-22T07:28:12+00:00","breadcrumb":{"@id":"https:\/\/fmsb.eu\/de\/2023\/02\/22\/ultima-hora-reclamacion-servicios-de-tierra-aga-airline-ground-assistance-contra-aerolinea\/#breadcrumb"},"inLanguage":"de","potentialAction":[{"@type":"ReadAction","target":["https:\/\/fmsb.eu\/de\/2023\/02\/22\/ultima-hora-reclamacion-servicios-de-tierra-aga-airline-ground-assistance-contra-aerolinea\/"]}]},{"@type":"ImageObject","inLanguage":"de","@id":"https:\/\/fmsb.eu\/de\/2023\/02\/22\/ultima-hora-reclamacion-servicios-de-tierra-aga-airline-ground-assistance-contra-aerolinea\/#primaryimage","url":"https:\/\/fmsb.eu\/wp-content\/uploads\/2023\/02\/FMSB-abogados-reclamacion-aerolinea-AGA-handling-servicio-de-tierra.jpg","contentUrl":"https:\/\/fmsb.eu\/wp-content\/uploads\/2023\/02\/FMSB-abogados-reclamacion-aerolinea-AGA-handling-servicio-de-tierra.jpg","width":955,"height":645},{"@type":"BreadcrumbList","@id":"https:\/\/fmsb.eu\/de\/2023\/02\/22\/ultima-hora-reclamacion-servicios-de-tierra-aga-airline-ground-assistance-contra-aerolinea\/#breadcrumb","itemListElement":[{"@type":"ListItem","position":1,"name":"Portada","item":"https:\/\/fmsb.eu\/de\/"},{"@type":"ListItem","position":2,"name":"El diario &#8222;\u00daltima Hora&#8220; se hace eco de la reclamaci\u00f3n interpuesta por la empresa de servicios de tierra AGA (Airline Ground Assistance) contra una aerol\u00ednea"}]},{"@type":"WebSite","@id":"https:\/\/fmsb.eu\/de\/#website","url":"https:\/\/fmsb.eu\/de\/","name":"FMSB Abogados y Economistas en Baleares","description":"","publisher":{"@id":"https:\/\/fmsb.eu\/de\/#organization"},"potentialAction":[{"@type":"SearchAction","target":{"@type":"EntryPoint","urlTemplate":"https:\/\/fmsb.eu\/de\/?s={search_term_string}"},"query-input":{"@type":"PropertyValueSpecification","valueRequired":true,"valueName":"search_term_string"}}],"inLanguage":"de"},{"@type":"Organization","@id":"https:\/\/fmsb.eu\/de\/#organization","name":"FMSB Abogados y Economistas en Baleares","url":"https:\/\/fmsb.eu\/de\/","logo":{"@type":"ImageObject","inLanguage":"de","@id":"https:\/\/fmsb.eu\/de\/#\/schema\/logo\/image\/","url":"https:\/\/fmsb.eu\/wp-content\/uploads\/2025\/02\/logo.svg","contentUrl":"https:\/\/fmsb.eu\/wp-content\/uploads\/2025\/02\/logo.svg","width":154,"height":52,"caption":"FMSB Abogados y Economistas en Baleares"},"image":{"@id":"https:\/\/fmsb.eu\/de\/#\/schema\/logo\/image\/"}},{"@type":"Person","@id":"https:\/\/fmsb.eu\/de\/#\/schema\/person\/9fba7c70814b0cd34d35d655d36a4ca2","name":"fmsb","image":{"@type":"ImageObject","inLanguage":"de","@id":"https:\/\/secure.gravatar.com\/avatar\/426f4d5b0ebcace85460caf87cdaaa193694b611e990615d87a13f322fb7ee7f?s=96&d=mm&r=g","url":"https:\/\/secure.gravatar.com\/avatar\/426f4d5b0ebcace85460caf87cdaaa193694b611e990615d87a13f322fb7ee7f?s=96&d=mm&r=g","contentUrl":"https:\/\/secure.gravatar.com\/avatar\/426f4d5b0ebcace85460caf87cdaaa193694b611e990615d87a13f322fb7ee7f?s=96&d=mm&r=g","caption":"fmsb"},"sameAs":["https:\/\/x.com\/fmsb-disstint"],"url":"https:\/\/fmsb.eu\/de\/author\/fmsb\/"}]}},"_links":{"self":[{"href":"https:\/\/fmsb.eu\/de\/wp-json\/wp\/v2\/posts\/11231","targetHints":{"allow":["GET"]}}],"collection":[{"href":"https:\/\/fmsb.eu\/de\/wp-json\/wp\/v2\/posts"}],"about":[{"href":"https:\/\/fmsb.eu\/de\/wp-json\/wp\/v2\/types\/post"}],"author":[{"embeddable":true,"href":"https:\/\/fmsb.eu\/de\/wp-json\/wp\/v2\/users\/2"}],"replies":[{"embeddable":true,"href":"https:\/\/fmsb.eu\/de\/wp-json\/wp\/v2\/comments?post=11231"}],"version-history":[{"count":0,"href":"https:\/\/fmsb.eu\/de\/wp-json\/wp\/v2\/posts\/11231\/revisions"}],"wp:featuredmedia":[{"embeddable":true,"href":"https:\/\/fmsb.eu\/de\/wp-json\/wp\/v2\/media\/9965"}],"wp:attachment":[{"href":"https:\/\/fmsb.eu\/de\/wp-json\/wp\/v2\/media?parent=11231"}],"wp:term":[{"taxonomy":"category","embeddable":true,"href":"https:\/\/fmsb.eu\/de\/wp-json\/wp\/v2\/categories?post=11231"},{"taxonomy":"post_tag","embeddable":true,"href":"https:\/\/fmsb.eu\/de\/wp-json\/wp\/v2\/tags?post=11231"}],"curies":[{"name":"wp","href":"https:\/\/api.w.org\/{rel}","templated":true}]}}