{"id":11235,"date":"2023-02-21T12:58:33","date_gmt":"2023-02-21T11:58:33","guid":{"rendered":"http:\/\/fmsb.disstintbeta.com\/2023\/02\/21\/jose-yanez-sobre-segunda-oportunidad-y-la-posibilidad-de-quedar-exonerado-del-pago-de-deudas\/"},"modified":"2023-02-21T12:58:33","modified_gmt":"2023-02-21T11:58:33","slug":"jose-yanez-sobre-segunda-oportunidad-y-la-posibilidad-de-quedar-exonerado-del-pago-de-deudas","status":"publish","type":"post","link":"https:\/\/fmsb.eu\/de\/2023\/02\/21\/jose-yanez-sobre-segunda-oportunidad-y-la-posibilidad-de-quedar-exonerado-del-pago-de-deudas\/","title":{"rendered":"Jos\u00e9 Y\u00e1\u00f1ez sobre segunda oportunidad y la posibilidad de quedar exonerado del pago de deudas"},"content":{"rendered":"<p><iframe title=\"Jos\u00e9 Y\u00e1\u00f1ez sobre el mecanismo de segunda oportunidad y la exoneraci\u00f3n de deudas.\" width=\"800\" height=\"450\" src=\"https:\/\/www.youtube.com\/embed\/mirLGpNAtAM?feature=oembed\" frameborder=\"0\" allow=\"accelerometer; autoplay; clipboard-write; encrypted-media; gyroscope; picture-in-picture; web-share\" referrerpolicy=\"strict-origin-when-cross-origin\" allowfullscreen><\/iframe><\/p>\n<h1><span style=\"color: #ffffff;\">&#8211;<\/span><\/h1>\n<h1><span style=\"color: #003300;\"><strong><span style=\"color: #000080;\">Jos\u00e9 Y\u00e1\u00f1ez sobre segunda oportunidad y la posibilidad de quedar exonerado del pago de deudas<\/span><\/strong><br \/>\n<\/span><\/h1>\n<h1><span style=\"color: #ffffff;\">&#8211;<\/span><\/h1>\n<p>El abogado y socio de <strong>Font Mora Sainz de Baranda &#8211;<\/strong><em>abogados y economistas<\/em><strong>&#8211;<\/strong> <strong>Jos\u00e9 Y\u00e1\u00f1ez<\/strong> fue invitado a <span style=\"color: #000080;\"><strong>4Directe<\/strong><\/span> de <strong><span style=\"color: #000080;\">Canal4 Radio<\/span><\/strong> para tratar la <strong>segunda oportunidad y el llamado BEPI o benefficio de exoneraci\u00f3n del pasivo insatisfecho<\/strong>, mecanismo legal que permite a los particulares llegar a librarse y cancelar la totalidad de las deudas pendientes a las que no puede hacer frente (con independencia de que sean deudas p\u00fablicas -con la Administraci\u00f3n p\u00fablica- o privadas). Se trata de una medida novedosa introducida por la Ley de Segunda Oportunidad. Si est\u00e1s interesado en conocer m\u00e1s sobre este tema busca entradas similares en nuestro blog.<\/p>\n<p>&nbsp;<\/p>\n<hr \/>\n<p><span style=\"color: #999999;\">#fmsb #abogados #economistas #derecho #mercantil #concursal #concurso #acreedores #pasivo #deudas #persona #insolvencia #exoneraci\u00f3n #baleares #palma #elarenal #puertoandratx #manacor #lawyers #solicitors<\/span><\/p>\n","protected":false},"excerpt":{"rendered":"<p>&#8211; Jos\u00e9 Y\u00e1\u00f1ez sobre segunda oportunidad y la posibilidad de quedar exonerado del pago de deudas &#8211; El abogado y socio de Font Mora Sainz de Baranda &#8211;abogados y economistas&#8211; Jos\u00e9 Y\u00e1\u00f1ez fue invitado a 4Directe de Canal4 Radio para tratar la segunda oportunidad y el llamado BEPI o benefficio de exoneraci\u00f3n del pasivo insatisfecho, [&hellip;]<\/p>\n","protected":false},"author":2,"featured_media":9961,"comment_status":"closed","ping_status":"open","sticky":false,"template":"","format":"standard","meta":{"footnotes":""},"categories":[2198,2199,3195,2986,3707],"tags":[2206,2208,2870,2871,2993,2216,2470,2873,2218,2219,2875,2223,2224,2325,2919,3007,2228,2229,2232,3013,2761,4817,2880,2345,2698,3181,2881,2882,2885,2886,2766],"class_list":["post-11235","post","type-post","status-publish","format-standard","has-post-thumbnail","hentry","category-actualidad-de","category-blog-de","category-derecho-concursal-de","category-derecho-mercantil-de","category-segunda-oportunidad-de","tag-abogados-de","tag-baleares-de","tag-bepi-de","tag-concursal-de","tag-concurso-de-acreedores-de","tag-derecho-de","tag-derecho-mercantil-de","tag-deudor-de","tag-economistas-de","tag-el-arenal-de","tag-exoneracion-del-pasivo-insatisfecho-de","tag-fmsb-de","tag-font-mora-sainz-de-baranda-de","tag-hacienda-de","tag-incapacidad-de","tag-insolvencia-de","tag-law-de","tag-lawyers-de","tag-manacor-de","tag-mercantil-de","tag-obligaciones-de","tag-pago-de-deudas-de","tag-pagos-de","tag-palma-de","tag-patrimonio-de","tag-persona-fisica-de","tag-plan-de-pagos-de","tag-procedimiento-concursal-de","tag-segunda-oportunidad-de","tag-seguridad-social-de","tag-sentencia-de"],"yoast_head":"<!-- This site is optimized with the Yoast SEO plugin v27.3 - https:\/\/yoast.com\/product\/yoast-seo-wordpress\/ -->\n<title>Jos\u00e9 Y\u00e1\u00f1ez sobre segunda oportunidad y la posibilidad de quedar exonerado del pago de deudas - FMSB Abogados y Economistas en Baleares<\/title>\n<meta name=\"robots\" content=\"index, follow, max-snippet:-1, max-image-preview:large, max-video-preview:-1\" \/>\n<link rel=\"canonical\" href=\"https:\/\/fmsb.eu\/de\/2023\/02\/21\/jose-yanez-sobre-segunda-oportunidad-y-la-posibilidad-de-quedar-exonerado-del-pago-de-deudas\/\" \/>\n<meta property=\"og:locale\" content=\"de_DE\" \/>\n<meta property=\"og:type\" content=\"article\" \/>\n<meta property=\"og:title\" content=\"Jos\u00e9 Y\u00e1\u00f1ez sobre segunda oportunidad y la posibilidad de quedar exonerado del pago de deudas - FMSB Abogados y Economistas en Baleares\" \/>\n<meta property=\"og:description\" content=\"&#8211; Jos\u00e9 Y\u00e1\u00f1ez sobre segunda oportunidad y la posibilidad de quedar exonerado del pago de deudas &#8211; El abogado y socio de Font Mora Sainz de Baranda &#8211;abogados y economistas&#8211; Jos\u00e9 Y\u00e1\u00f1ez fue invitado a 4Directe de Canal4 Radio para tratar la segunda oportunidad y el llamado BEPI o benefficio de exoneraci\u00f3n del pasivo insatisfecho, [&hellip;]\" \/>\n<meta property=\"og:url\" content=\"https:\/\/fmsb.eu\/de\/2023\/02\/21\/jose-yanez-sobre-segunda-oportunidad-y-la-posibilidad-de-quedar-exonerado-del-pago-de-deudas\/\" \/>\n<meta property=\"og:site_name\" content=\"FMSB Abogados y Economistas en Baleares\" \/>\n<meta property=\"article:published_time\" content=\"2023-02-21T11:58:33+00:00\" \/>\n<meta property=\"og:image\" content=\"https:\/\/fmsb.eu\/wp-content\/uploads\/2023\/02\/FMSB-Abogados-y-Economistas-Jose-Yanez-Segunda-Oportunidad.jpg\" \/>\n\t<meta property=\"og:image:width\" content=\"1416\" \/>\n\t<meta property=\"og:image:height\" content=\"795\" \/>\n\t<meta property=\"og:image:type\" content=\"image\/jpeg\" \/>\n<meta name=\"author\" content=\"fmsb\" \/>\n<meta name=\"twitter:card\" content=\"summary_large_image\" \/>\n<meta name=\"twitter:creator\" content=\"@fmsb-disstint\" \/>\n<meta name=\"twitter:label1\" content=\"Verfasst von\" \/>\n\t<meta name=\"twitter:data1\" content=\"fmsb\" \/>\n\t<meta name=\"twitter:label2\" content=\"Gesch\u00e4tzte Lesezeit\" \/>\n\t<meta name=\"twitter:data2\" content=\"1\u00a0Minute\" \/>\n<script type=\"application\/ld+json\" class=\"yoast-schema-graph\">{\"@context\":\"https:\\\/\\\/schema.org\",\"@graph\":[{\"@type\":\"Article\",\"@id\":\"https:\\\/\\\/fmsb.eu\\\/de\\\/2023\\\/02\\\/21\\\/jose-yanez-sobre-segunda-oportunidad-y-la-posibilidad-de-quedar-exonerado-del-pago-de-deudas\\\/#article\",\"isPartOf\":{\"@id\":\"https:\\\/\\\/fmsb.eu\\\/de\\\/2023\\\/02\\\/21\\\/jose-yanez-sobre-segunda-oportunidad-y-la-posibilidad-de-quedar-exonerado-del-pago-de-deudas\\\/\"},\"author\":{\"name\":\"fmsb\",\"@id\":\"https:\\\/\\\/fmsb.eu\\\/de\\\/#\\\/schema\\\/person\\\/9fba7c70814b0cd34d35d655d36a4ca2\"},\"headline\":\"Jos\u00e9 Y\u00e1\u00f1ez sobre segunda oportunidad y la posibilidad de quedar exonerado del pago de deudas\",\"datePublished\":\"2023-02-21T11:58:33+00:00\",\"mainEntityOfPage\":{\"@id\":\"https:\\\/\\\/fmsb.eu\\\/de\\\/2023\\\/02\\\/21\\\/jose-yanez-sobre-segunda-oportunidad-y-la-posibilidad-de-quedar-exonerado-del-pago-de-deudas\\\/\"},\"wordCount\":173,\"publisher\":{\"@id\":\"https:\\\/\\\/fmsb.eu\\\/de\\\/#organization\"},\"image\":{\"@id\":\"https:\\\/\\\/fmsb.eu\\\/de\\\/2023\\\/02\\\/21\\\/jose-yanez-sobre-segunda-oportunidad-y-la-posibilidad-de-quedar-exonerado-del-pago-de-deudas\\\/#primaryimage\"},\"thumbnailUrl\":\"https:\\\/\\\/fmsb.eu\\\/wp-content\\\/uploads\\\/2023\\\/02\\\/FMSB-Abogados-y-Economistas-Jose-Yanez-Segunda-Oportunidad.jpg\",\"keywords\":[\"abogados\",\"baleares\",\"BEPI\",\"concursal\",\"concurso de acreedores\",\"derecho\",\"Derecho Mercantil\",\"deudor\",\"economistas\",\"el arenal\",\"exoneraci\u00f3n del pasivo insatisfecho\",\"fmsb\",\"font mora sainz de baranda\",\"Hacienda\",\"incapacidad\",\"insolvencia\",\"law\",\"lawyers\",\"Manacor\",\"mercantil\",\"obligaciones\",\"pago de deudas\",\"pagos\",\"Palma\",\"patrimonio\",\"persona f\u00edsica\",\"plan de pagos\",\"procedimiento concursal\",\"segunda oportunidad\",\"seguridad social\",\"sentencia\"],\"articleSection\":[\"actualidad\",\"blog\",\"Derecho Concursal\",\"Derecho Mercantil\",\"segunda oportunidad\"],\"inLanguage\":\"de\"},{\"@type\":\"WebPage\",\"@id\":\"https:\\\/\\\/fmsb.eu\\\/de\\\/2023\\\/02\\\/21\\\/jose-yanez-sobre-segunda-oportunidad-y-la-posibilidad-de-quedar-exonerado-del-pago-de-deudas\\\/\",\"url\":\"https:\\\/\\\/fmsb.eu\\\/de\\\/2023\\\/02\\\/21\\\/jose-yanez-sobre-segunda-oportunidad-y-la-posibilidad-de-quedar-exonerado-del-pago-de-deudas\\\/\",\"name\":\"Jos\u00e9 Y\u00e1\u00f1ez sobre segunda oportunidad y la posibilidad de quedar exonerado del pago de deudas - FMSB Abogados y Economistas en Baleares\",\"isPartOf\":{\"@id\":\"https:\\\/\\\/fmsb.eu\\\/de\\\/#website\"},\"primaryImageOfPage\":{\"@id\":\"https:\\\/\\\/fmsb.eu\\\/de\\\/2023\\\/02\\\/21\\\/jose-yanez-sobre-segunda-oportunidad-y-la-posibilidad-de-quedar-exonerado-del-pago-de-deudas\\\/#primaryimage\"},\"image\":{\"@id\":\"https:\\\/\\\/fmsb.eu\\\/de\\\/2023\\\/02\\\/21\\\/jose-yanez-sobre-segunda-oportunidad-y-la-posibilidad-de-quedar-exonerado-del-pago-de-deudas\\\/#primaryimage\"},\"thumbnailUrl\":\"https:\\\/\\\/fmsb.eu\\\/wp-content\\\/uploads\\\/2023\\\/02\\\/FMSB-Abogados-y-Economistas-Jose-Yanez-Segunda-Oportunidad.jpg\",\"datePublished\":\"2023-02-21T11:58:33+00:00\",\"breadcrumb\":{\"@id\":\"https:\\\/\\\/fmsb.eu\\\/de\\\/2023\\\/02\\\/21\\\/jose-yanez-sobre-segunda-oportunidad-y-la-posibilidad-de-quedar-exonerado-del-pago-de-deudas\\\/#breadcrumb\"},\"inLanguage\":\"de\",\"potentialAction\":[{\"@type\":\"ReadAction\",\"target\":[\"https:\\\/\\\/fmsb.eu\\\/de\\\/2023\\\/02\\\/21\\\/jose-yanez-sobre-segunda-oportunidad-y-la-posibilidad-de-quedar-exonerado-del-pago-de-deudas\\\/\"]}]},{\"@type\":\"ImageObject\",\"inLanguage\":\"de\",\"@id\":\"https:\\\/\\\/fmsb.eu\\\/de\\\/2023\\\/02\\\/21\\\/jose-yanez-sobre-segunda-oportunidad-y-la-posibilidad-de-quedar-exonerado-del-pago-de-deudas\\\/#primaryimage\",\"url\":\"https:\\\/\\\/fmsb.eu\\\/wp-content\\\/uploads\\\/2023\\\/02\\\/FMSB-Abogados-y-Economistas-Jose-Yanez-Segunda-Oportunidad.jpg\",\"contentUrl\":\"https:\\\/\\\/fmsb.eu\\\/wp-content\\\/uploads\\\/2023\\\/02\\\/FMSB-Abogados-y-Economistas-Jose-Yanez-Segunda-Oportunidad.jpg\",\"width\":1416,\"height\":795},{\"@type\":\"BreadcrumbList\",\"@id\":\"https:\\\/\\\/fmsb.eu\\\/de\\\/2023\\\/02\\\/21\\\/jose-yanez-sobre-segunda-oportunidad-y-la-posibilidad-de-quedar-exonerado-del-pago-de-deudas\\\/#breadcrumb\",\"itemListElement\":[{\"@type\":\"ListItem\",\"position\":1,\"name\":\"Portada\",\"item\":\"https:\\\/\\\/fmsb.eu\\\/de\\\/\"},{\"@type\":\"ListItem\",\"position\":2,\"name\":\"Jos\u00e9 Y\u00e1\u00f1ez sobre segunda oportunidad y la posibilidad de quedar exonerado del pago de deudas\"}]},{\"@type\":\"WebSite\",\"@id\":\"https:\\\/\\\/fmsb.eu\\\/de\\\/#website\",\"url\":\"https:\\\/\\\/fmsb.eu\\\/de\\\/\",\"name\":\"FMSB Abogados y Economistas en Baleares\",\"description\":\"\",\"publisher\":{\"@id\":\"https:\\\/\\\/fmsb.eu\\\/de\\\/#organization\"},\"potentialAction\":[{\"@type\":\"SearchAction\",\"target\":{\"@type\":\"EntryPoint\",\"urlTemplate\":\"https:\\\/\\\/fmsb.eu\\\/de\\\/?s={search_term_string}\"},\"query-input\":{\"@type\":\"PropertyValueSpecification\",\"valueRequired\":true,\"valueName\":\"search_term_string\"}}],\"inLanguage\":\"de\"},{\"@type\":\"Organization\",\"@id\":\"https:\\\/\\\/fmsb.eu\\\/de\\\/#organization\",\"name\":\"FMSB Abogados y Economistas en Baleares\",\"url\":\"https:\\\/\\\/fmsb.eu\\\/de\\\/\",\"logo\":{\"@type\":\"ImageObject\",\"inLanguage\":\"de\",\"@id\":\"https:\\\/\\\/fmsb.eu\\\/de\\\/#\\\/schema\\\/logo\\\/image\\\/\",\"url\":\"https:\\\/\\\/fmsb.eu\\\/wp-content\\\/uploads\\\/2025\\\/02\\\/logo.svg\",\"contentUrl\":\"https:\\\/\\\/fmsb.eu\\\/wp-content\\\/uploads\\\/2025\\\/02\\\/logo.svg\",\"width\":154,\"height\":52,\"caption\":\"FMSB Abogados y Economistas en Baleares\"},\"image\":{\"@id\":\"https:\\\/\\\/fmsb.eu\\\/de\\\/#\\\/schema\\\/logo\\\/image\\\/\"}},{\"@type\":\"Person\",\"@id\":\"https:\\\/\\\/fmsb.eu\\\/de\\\/#\\\/schema\\\/person\\\/9fba7c70814b0cd34d35d655d36a4ca2\",\"name\":\"fmsb\",\"image\":{\"@type\":\"ImageObject\",\"inLanguage\":\"de\",\"@id\":\"https:\\\/\\\/secure.gravatar.com\\\/avatar\\\/426f4d5b0ebcace85460caf87cdaaa193694b611e990615d87a13f322fb7ee7f?s=96&d=mm&r=g\",\"url\":\"https:\\\/\\\/secure.gravatar.com\\\/avatar\\\/426f4d5b0ebcace85460caf87cdaaa193694b611e990615d87a13f322fb7ee7f?s=96&d=mm&r=g\",\"contentUrl\":\"https:\\\/\\\/secure.gravatar.com\\\/avatar\\\/426f4d5b0ebcace85460caf87cdaaa193694b611e990615d87a13f322fb7ee7f?s=96&d=mm&r=g\",\"caption\":\"fmsb\"},\"sameAs\":[\"https:\\\/\\\/x.com\\\/fmsb-disstint\"],\"url\":\"https:\\\/\\\/fmsb.eu\\\/de\\\/author\\\/fmsb\\\/\"}]}<\/script>\n<!-- \/ Yoast SEO plugin. -->","yoast_head_json":{"title":"Jos\u00e9 Y\u00e1\u00f1ez sobre segunda oportunidad y la posibilidad de quedar exonerado del pago de deudas - FMSB Abogados y Economistas en Baleares","robots":{"index":"index","follow":"follow","max-snippet":"max-snippet:-1","max-image-preview":"max-image-preview:large","max-video-preview":"max-video-preview:-1"},"canonical":"https:\/\/fmsb.eu\/de\/2023\/02\/21\/jose-yanez-sobre-segunda-oportunidad-y-la-posibilidad-de-quedar-exonerado-del-pago-de-deudas\/","og_locale":"de_DE","og_type":"article","og_title":"Jos\u00e9 Y\u00e1\u00f1ez sobre segunda oportunidad y la posibilidad de quedar exonerado del pago de deudas - FMSB Abogados y Economistas en Baleares","og_description":"&#8211; Jos\u00e9 Y\u00e1\u00f1ez sobre segunda oportunidad y la posibilidad de quedar exonerado del pago de deudas &#8211; El abogado y socio de Font Mora Sainz de Baranda &#8211;abogados y economistas&#8211; Jos\u00e9 Y\u00e1\u00f1ez fue invitado a 4Directe de Canal4 Radio para tratar la segunda oportunidad y el llamado BEPI o benefficio de exoneraci\u00f3n del pasivo insatisfecho, [&hellip;]","og_url":"https:\/\/fmsb.eu\/de\/2023\/02\/21\/jose-yanez-sobre-segunda-oportunidad-y-la-posibilidad-de-quedar-exonerado-del-pago-de-deudas\/","og_site_name":"FMSB Abogados y Economistas en Baleares","article_published_time":"2023-02-21T11:58:33+00:00","og_image":[{"width":1416,"height":795,"url":"https:\/\/fmsb.eu\/wp-content\/uploads\/2023\/02\/FMSB-Abogados-y-Economistas-Jose-Yanez-Segunda-Oportunidad.jpg","type":"image\/jpeg"}],"author":"fmsb","twitter_card":"summary_large_image","twitter_creator":"@fmsb-disstint","twitter_misc":{"Verfasst von":"fmsb","Gesch\u00e4tzte Lesezeit":"1\u00a0Minute"},"schema":{"@context":"https:\/\/schema.org","@graph":[{"@type":"Article","@id":"https:\/\/fmsb.eu\/de\/2023\/02\/21\/jose-yanez-sobre-segunda-oportunidad-y-la-posibilidad-de-quedar-exonerado-del-pago-de-deudas\/#article","isPartOf":{"@id":"https:\/\/fmsb.eu\/de\/2023\/02\/21\/jose-yanez-sobre-segunda-oportunidad-y-la-posibilidad-de-quedar-exonerado-del-pago-de-deudas\/"},"author":{"name":"fmsb","@id":"https:\/\/fmsb.eu\/de\/#\/schema\/person\/9fba7c70814b0cd34d35d655d36a4ca2"},"headline":"Jos\u00e9 Y\u00e1\u00f1ez sobre segunda oportunidad y la posibilidad de quedar exonerado del pago de deudas","datePublished":"2023-02-21T11:58:33+00:00","mainEntityOfPage":{"@id":"https:\/\/fmsb.eu\/de\/2023\/02\/21\/jose-yanez-sobre-segunda-oportunidad-y-la-posibilidad-de-quedar-exonerado-del-pago-de-deudas\/"},"wordCount":173,"publisher":{"@id":"https:\/\/fmsb.eu\/de\/#organization"},"image":{"@id":"https:\/\/fmsb.eu\/de\/2023\/02\/21\/jose-yanez-sobre-segunda-oportunidad-y-la-posibilidad-de-quedar-exonerado-del-pago-de-deudas\/#primaryimage"},"thumbnailUrl":"https:\/\/fmsb.eu\/wp-content\/uploads\/2023\/02\/FMSB-Abogados-y-Economistas-Jose-Yanez-Segunda-Oportunidad.jpg","keywords":["abogados","baleares","BEPI","concursal","concurso de acreedores","derecho","Derecho Mercantil","deudor","economistas","el arenal","exoneraci\u00f3n del pasivo insatisfecho","fmsb","font mora sainz de baranda","Hacienda","incapacidad","insolvencia","law","lawyers","Manacor","mercantil","obligaciones","pago de deudas","pagos","Palma","patrimonio","persona f\u00edsica","plan de pagos","procedimiento concursal","segunda oportunidad","seguridad social","sentencia"],"articleSection":["actualidad","blog","Derecho Concursal","Derecho Mercantil","segunda oportunidad"],"inLanguage":"de"},{"@type":"WebPage","@id":"https:\/\/fmsb.eu\/de\/2023\/02\/21\/jose-yanez-sobre-segunda-oportunidad-y-la-posibilidad-de-quedar-exonerado-del-pago-de-deudas\/","url":"https:\/\/fmsb.eu\/de\/2023\/02\/21\/jose-yanez-sobre-segunda-oportunidad-y-la-posibilidad-de-quedar-exonerado-del-pago-de-deudas\/","name":"Jos\u00e9 Y\u00e1\u00f1ez sobre segunda oportunidad y la posibilidad de quedar exonerado del pago de deudas - FMSB Abogados y Economistas en Baleares","isPartOf":{"@id":"https:\/\/fmsb.eu\/de\/#website"},"primaryImageOfPage":{"@id":"https:\/\/fmsb.eu\/de\/2023\/02\/21\/jose-yanez-sobre-segunda-oportunidad-y-la-posibilidad-de-quedar-exonerado-del-pago-de-deudas\/#primaryimage"},"image":{"@id":"https:\/\/fmsb.eu\/de\/2023\/02\/21\/jose-yanez-sobre-segunda-oportunidad-y-la-posibilidad-de-quedar-exonerado-del-pago-de-deudas\/#primaryimage"},"thumbnailUrl":"https:\/\/fmsb.eu\/wp-content\/uploads\/2023\/02\/FMSB-Abogados-y-Economistas-Jose-Yanez-Segunda-Oportunidad.jpg","datePublished":"2023-02-21T11:58:33+00:00","breadcrumb":{"@id":"https:\/\/fmsb.eu\/de\/2023\/02\/21\/jose-yanez-sobre-segunda-oportunidad-y-la-posibilidad-de-quedar-exonerado-del-pago-de-deudas\/#breadcrumb"},"inLanguage":"de","potentialAction":[{"@type":"ReadAction","target":["https:\/\/fmsb.eu\/de\/2023\/02\/21\/jose-yanez-sobre-segunda-oportunidad-y-la-posibilidad-de-quedar-exonerado-del-pago-de-deudas\/"]}]},{"@type":"ImageObject","inLanguage":"de","@id":"https:\/\/fmsb.eu\/de\/2023\/02\/21\/jose-yanez-sobre-segunda-oportunidad-y-la-posibilidad-de-quedar-exonerado-del-pago-de-deudas\/#primaryimage","url":"https:\/\/fmsb.eu\/wp-content\/uploads\/2023\/02\/FMSB-Abogados-y-Economistas-Jose-Yanez-Segunda-Oportunidad.jpg","contentUrl":"https:\/\/fmsb.eu\/wp-content\/uploads\/2023\/02\/FMSB-Abogados-y-Economistas-Jose-Yanez-Segunda-Oportunidad.jpg","width":1416,"height":795},{"@type":"BreadcrumbList","@id":"https:\/\/fmsb.eu\/de\/2023\/02\/21\/jose-yanez-sobre-segunda-oportunidad-y-la-posibilidad-de-quedar-exonerado-del-pago-de-deudas\/#breadcrumb","itemListElement":[{"@type":"ListItem","position":1,"name":"Portada","item":"https:\/\/fmsb.eu\/de\/"},{"@type":"ListItem","position":2,"name":"Jos\u00e9 Y\u00e1\u00f1ez sobre segunda oportunidad y la posibilidad de quedar exonerado del pago de deudas"}]},{"@type":"WebSite","@id":"https:\/\/fmsb.eu\/de\/#website","url":"https:\/\/fmsb.eu\/de\/","name":"FMSB Abogados y Economistas en Baleares","description":"","publisher":{"@id":"https:\/\/fmsb.eu\/de\/#organization"},"potentialAction":[{"@type":"SearchAction","target":{"@type":"EntryPoint","urlTemplate":"https:\/\/fmsb.eu\/de\/?s={search_term_string}"},"query-input":{"@type":"PropertyValueSpecification","valueRequired":true,"valueName":"search_term_string"}}],"inLanguage":"de"},{"@type":"Organization","@id":"https:\/\/fmsb.eu\/de\/#organization","name":"FMSB Abogados y Economistas en Baleares","url":"https:\/\/fmsb.eu\/de\/","logo":{"@type":"ImageObject","inLanguage":"de","@id":"https:\/\/fmsb.eu\/de\/#\/schema\/logo\/image\/","url":"https:\/\/fmsb.eu\/wp-content\/uploads\/2025\/02\/logo.svg","contentUrl":"https:\/\/fmsb.eu\/wp-content\/uploads\/2025\/02\/logo.svg","width":154,"height":52,"caption":"FMSB Abogados y Economistas en Baleares"},"image":{"@id":"https:\/\/fmsb.eu\/de\/#\/schema\/logo\/image\/"}},{"@type":"Person","@id":"https:\/\/fmsb.eu\/de\/#\/schema\/person\/9fba7c70814b0cd34d35d655d36a4ca2","name":"fmsb","image":{"@type":"ImageObject","inLanguage":"de","@id":"https:\/\/secure.gravatar.com\/avatar\/426f4d5b0ebcace85460caf87cdaaa193694b611e990615d87a13f322fb7ee7f?s=96&d=mm&r=g","url":"https:\/\/secure.gravatar.com\/avatar\/426f4d5b0ebcace85460caf87cdaaa193694b611e990615d87a13f322fb7ee7f?s=96&d=mm&r=g","contentUrl":"https:\/\/secure.gravatar.com\/avatar\/426f4d5b0ebcace85460caf87cdaaa193694b611e990615d87a13f322fb7ee7f?s=96&d=mm&r=g","caption":"fmsb"},"sameAs":["https:\/\/x.com\/fmsb-disstint"],"url":"https:\/\/fmsb.eu\/de\/author\/fmsb\/"}]}},"_links":{"self":[{"href":"https:\/\/fmsb.eu\/de\/wp-json\/wp\/v2\/posts\/11235","targetHints":{"allow":["GET"]}}],"collection":[{"href":"https:\/\/fmsb.eu\/de\/wp-json\/wp\/v2\/posts"}],"about":[{"href":"https:\/\/fmsb.eu\/de\/wp-json\/wp\/v2\/types\/post"}],"author":[{"embeddable":true,"href":"https:\/\/fmsb.eu\/de\/wp-json\/wp\/v2\/users\/2"}],"replies":[{"embeddable":true,"href":"https:\/\/fmsb.eu\/de\/wp-json\/wp\/v2\/comments?post=11235"}],"version-history":[{"count":0,"href":"https:\/\/fmsb.eu\/de\/wp-json\/wp\/v2\/posts\/11235\/revisions"}],"wp:featuredmedia":[{"embeddable":true,"href":"https:\/\/fmsb.eu\/de\/wp-json\/wp\/v2\/media\/9961"}],"wp:attachment":[{"href":"https:\/\/fmsb.eu\/de\/wp-json\/wp\/v2\/media?parent=11235"}],"wp:term":[{"taxonomy":"category","embeddable":true,"href":"https:\/\/fmsb.eu\/de\/wp-json\/wp\/v2\/categories?post=11235"},{"taxonomy":"post_tag","embeddable":true,"href":"https:\/\/fmsb.eu\/de\/wp-json\/wp\/v2\/tags?post=11235"}],"curies":[{"name":"wp","href":"https:\/\/api.w.org\/{rel}","templated":true}]}}