{"id":11259,"date":"2023-01-20T13:08:29","date_gmt":"2023-01-20T12:08:29","guid":{"rendered":"http:\/\/fmsb.disstintbeta.com\/2023\/01\/20\/con-motivo-de-la-celebracion-del-dia-europeo-de-la-mediacion-la-abogacia-espanola-hace-campana-para-darla-a-conocer-como-herramienta-para-la-resolucion-de-conflictos\/"},"modified":"2023-01-20T13:08:29","modified_gmt":"2023-01-20T12:08:29","slug":"con-motivo-de-la-celebracion-del-dia-europeo-de-la-mediacion-la-abogacia-espanola-hace-campana-para-darla-a-conocer-como-herramienta-para-la-resolucion-de-conflictos","status":"publish","type":"post","link":"https:\/\/fmsb.eu\/de\/2023\/01\/20\/con-motivo-de-la-celebracion-del-dia-europeo-de-la-mediacion-la-abogacia-espanola-hace-campana-para-darla-a-conocer-como-herramienta-para-la-resolucion-de-conflictos\/","title":{"rendered":"Con motivo de la celebraci\u00f3n del D\u00eda europeo de la Mediaci\u00f3n, la Abogac\u00eda Espa\u00f1ola hace campa\u00f1a para darla a conocer como herramienta para la resoluci\u00f3n de conflictos"},"content":{"rendered":"<p><iframe title=\"D\u00eda Europeo de la Mediaci\u00f3n 2023\" width=\"800\" height=\"450\" src=\"https:\/\/www.youtube.com\/embed\/i7W8Xs902JQ?feature=oembed\" frameborder=\"0\" allow=\"accelerometer; autoplay; clipboard-write; encrypted-media; gyroscope; picture-in-picture; web-share\" referrerpolicy=\"strict-origin-when-cross-origin\" allowfullscreen><\/iframe><\/p>\n<p>&nbsp;<\/p>\n<h1><span style=\"color: #ffffff;\">&#8211;<\/span><\/h1>\n<h1><span style=\"color: #000080;\">21 de enero, d\u00eda europeo de la mediaci\u00f3n<\/span><\/h1>\n<h1><span style=\"color: #ffffff;\">&#8211;<\/span><\/h1>\n<p>&nbsp;<\/p>\n<p>Con motivo de la celebraci\u00f3n ma\u00f1ana del <span style=\"color: #000080;\"><strong>D\u00eda europeo de la Mediaci\u00f3n<\/strong><\/span>, la Abogac\u00eda Espa\u00f1ola hace campa\u00f1a para darla a conocer como herramienta para la resoluci\u00f3n de controversias entre las partes de una forma alternativa al litigio y a trav\u00e9s de la figura del mediador. Mira el v\u00eddeo en que Susanna Antequera, abogada de familia, y Carles Garcia Roqueta, responsable de Mediaci\u00f3n en el Colegio de la Abogac\u00eda de Barcelona, explican las ventajas de la mediaci\u00f3n para solucionar problemas de familia, pero tambi\u00e9n mercantiles, de salud e incluso deportivos.\u00a0 Adem\u00e1s, Abogac\u00eda pone nuestra disposici\u00f3n su <a href=\"https:\/\/www.abogacia.es\/wp-content\/uploads\/2021\/01\/GUIA-MEDIACION-1.pdf\"><span style=\"color: #000080;\"><strong>gu\u00eda de recomendaciones en la mediaci\u00f3n<\/strong><\/span><\/a>, que puedes descargar <a href=\"https:\/\/www.abogacia.es\/wp-content\/uploads\/2021\/01\/GUIA-MEDIACION-1.pdf\">aqu\u00ed<\/a>.<\/p>\n<p>Tambi\u00e9n puedes consultar la <a href=\"https:\/\/www.boe.es\/buscar\/act.php?id=BOE-A-2012-9112\">Ley 5\/2012, de 6 de julio, de mediaci\u00f3n en asuntos civiles y mercantiles<\/a> <strong><a href=\"https:\/\/www.boe.es\/buscar\/act.php?id=BOE-A-2012-9112\">aqu\u00ed<\/a><\/strong>.<\/p>\n<p>&nbsp;<\/p>\n<hr \/>\n<p><span style=\"color: #999999;\">#fmsb #abogados #economistas #derecho #mediaci\u00f3n #mediador #soluci\u00f3n #mediaci\u00f3ncivil#mediaci\u00f3nconcursal #civil #concursal #abogac\u00eda #baleares #palma #elarenal #puertoandratx #manacor #lawyers #solicitors<\/span><\/p>\n","protected":false},"excerpt":{"rendered":"<p>&nbsp; &#8211; 21 de enero, d\u00eda europeo de la mediaci\u00f3n &#8211; &nbsp; Con motivo de la celebraci\u00f3n ma\u00f1ana del D\u00eda europeo de la Mediaci\u00f3n, la Abogac\u00eda Espa\u00f1ola hace campa\u00f1a para darla a conocer como herramienta para la resoluci\u00f3n de controversias entre las partes de una forma alternativa al litigio y a trav\u00e9s de la figura [&hellip;]<\/p>\n","protected":false},"author":2,"featured_media":9917,"comment_status":"closed","ping_status":"open","sticky":false,"template":"","format":"standard","meta":{"footnotes":""},"categories":[2199,2450,2200,3195,2986,2202,4896,3169],"tags":[2206,2208,2871,2992,2993,3588,3492,3589,2996,4897,4898,2216,2680,2218,2219,3004,2223,2224,3007,3008,3009,3010,2228,2229,4899,2232,3013,2345,3015,3016,3017,2240,2243,3021],"class_list":["post-11259","post","type-post","status-publish","format-standard","has-post-thumbnail","hentry","category-blog-de","category-consumidores-y-usuarios-de","category-derecho-civil-de","category-derecho-concursal-de","category-derecho-mercantil-de","category-home-de","category-mediacion-y-arbitraje-de","category-opinion-de","tag-abogados-de","tag-baleares-de","tag-concursal-de","tag-concurso-de","tag-concurso-de-acreedores-de","tag-coronavirus-de","tag-covid-19-de","tag-covid19-de","tag-crisis-de","tag-de-6-de-julio-de","tag-de-mediacion-en-asuntos-civiles-y-mercantiles-de","tag-derecho-de","tag-deudas-de","tag-economistas-de","tag-el-arenal-de","tag-empresas-de","tag-fmsb-de","tag-font-mora-sainz-de-baranda-de","tag-insolvencia-de","tag-joan-miquel-font-de","tag-juan-font-de","tag-juan-miguel-font-de","tag-law-de","tag-lawyers-de","tag-ley-5-2012-de","tag-manacor-de","tag-mercantil-de","tag-palma-de","tag-pandemia-de","tag-pre-pack-concursal-de","tag-prepack-de","tag-puerto-de-andratx-de","tag-solicitors-de","tag-unidad-productoriva-de"],"yoast_head":"<!-- This site is optimized with the Yoast SEO plugin v27.3 - https:\/\/yoast.com\/product\/yoast-seo-wordpress\/ -->\n<title>Con motivo de la celebraci\u00f3n del D\u00eda europeo de la Mediaci\u00f3n, la Abogac\u00eda Espa\u00f1ola hace campa\u00f1a para darla a conocer como herramienta para la resoluci\u00f3n de conflictos - FMSB Abogados y Economistas en Baleares<\/title>\n<meta name=\"robots\" content=\"index, follow, max-snippet:-1, max-image-preview:large, max-video-preview:-1\" \/>\n<link rel=\"canonical\" href=\"https:\/\/fmsb.eu\/de\/2023\/01\/20\/con-motivo-de-la-celebracion-del-dia-europeo-de-la-mediacion-la-abogacia-espanola-hace-campana-para-darla-a-conocer-como-herramienta-para-la-resolucion-de-conflictos\/\" \/>\n<meta property=\"og:locale\" content=\"de_DE\" \/>\n<meta property=\"og:type\" content=\"article\" \/>\n<meta property=\"og:title\" content=\"Con motivo de la celebraci\u00f3n del D\u00eda europeo de la Mediaci\u00f3n, la Abogac\u00eda Espa\u00f1ola hace campa\u00f1a para darla a conocer como herramienta para la resoluci\u00f3n de conflictos - FMSB Abogados y Economistas en Baleares\" \/>\n<meta property=\"og:description\" content=\"&nbsp; &#8211; 21 de enero, d\u00eda europeo de la mediaci\u00f3n &#8211; &nbsp; Con motivo de la celebraci\u00f3n ma\u00f1ana del D\u00eda europeo de la Mediaci\u00f3n, la Abogac\u00eda Espa\u00f1ola hace campa\u00f1a para darla a conocer como herramienta para la resoluci\u00f3n de controversias entre las partes de una forma alternativa al litigio y a trav\u00e9s de la figura [&hellip;]\" \/>\n<meta property=\"og:url\" content=\"https:\/\/fmsb.eu\/de\/2023\/01\/20\/con-motivo-de-la-celebracion-del-dia-europeo-de-la-mediacion-la-abogacia-espanola-hace-campana-para-darla-a-conocer-como-herramienta-para-la-resolucion-de-conflictos\/\" \/>\n<meta property=\"og:site_name\" content=\"FMSB Abogados y Economistas en Baleares\" \/>\n<meta property=\"article:published_time\" content=\"2023-01-20T12:08:29+00:00\" \/>\n<meta property=\"og:image\" content=\"https:\/\/fmsb.eu\/wp-content\/uploads\/2023\/01\/Dia-de-la-mediacion-Por-que-acudir-a-ella.jpg\" \/>\n\t<meta property=\"og:image:width\" content=\"1159\" \/>\n\t<meta property=\"og:image:height\" content=\"1159\" \/>\n\t<meta property=\"og:image:type\" content=\"image\/jpeg\" \/>\n<meta name=\"author\" content=\"fmsb\" \/>\n<meta name=\"twitter:card\" content=\"summary_large_image\" \/>\n<meta name=\"twitter:creator\" content=\"@fmsb-disstint\" \/>\n<meta name=\"twitter:label1\" content=\"Verfasst von\" \/>\n\t<meta name=\"twitter:data1\" content=\"fmsb\" \/>\n\t<meta name=\"twitter:label2\" content=\"Gesch\u00e4tzte Lesezeit\" \/>\n\t<meta name=\"twitter:data2\" content=\"1\u00a0Minute\" \/>\n<script type=\"application\/ld+json\" class=\"yoast-schema-graph\">{\"@context\":\"https:\\\/\\\/schema.org\",\"@graph\":[{\"@type\":\"Article\",\"@id\":\"https:\\\/\\\/fmsb.eu\\\/de\\\/2023\\\/01\\\/20\\\/con-motivo-de-la-celebracion-del-dia-europeo-de-la-mediacion-la-abogacia-espanola-hace-campana-para-darla-a-conocer-como-herramienta-para-la-resolucion-de-conflictos\\\/#article\",\"isPartOf\":{\"@id\":\"https:\\\/\\\/fmsb.eu\\\/de\\\/2023\\\/01\\\/20\\\/con-motivo-de-la-celebracion-del-dia-europeo-de-la-mediacion-la-abogacia-espanola-hace-campana-para-darla-a-conocer-como-herramienta-para-la-resolucion-de-conflictos\\\/\"},\"author\":{\"name\":\"fmsb\",\"@id\":\"https:\\\/\\\/fmsb.eu\\\/de\\\/#\\\/schema\\\/person\\\/9fba7c70814b0cd34d35d655d36a4ca2\"},\"headline\":\"Con motivo de la celebraci\u00f3n del D\u00eda europeo de la Mediaci\u00f3n, la Abogac\u00eda Espa\u00f1ola hace campa\u00f1a para darla a conocer como herramienta para la resoluci\u00f3n de conflictos\",\"datePublished\":\"2023-01-20T12:08:29+00:00\",\"mainEntityOfPage\":{\"@id\":\"https:\\\/\\\/fmsb.eu\\\/de\\\/2023\\\/01\\\/20\\\/con-motivo-de-la-celebracion-del-dia-europeo-de-la-mediacion-la-abogacia-espanola-hace-campana-para-darla-a-conocer-como-herramienta-para-la-resolucion-de-conflictos\\\/\"},\"wordCount\":221,\"publisher\":{\"@id\":\"https:\\\/\\\/fmsb.eu\\\/de\\\/#organization\"},\"image\":{\"@id\":\"https:\\\/\\\/fmsb.eu\\\/de\\\/2023\\\/01\\\/20\\\/con-motivo-de-la-celebracion-del-dia-europeo-de-la-mediacion-la-abogacia-espanola-hace-campana-para-darla-a-conocer-como-herramienta-para-la-resolucion-de-conflictos\\\/#primaryimage\"},\"thumbnailUrl\":\"https:\\\/\\\/fmsb.eu\\\/wp-content\\\/uploads\\\/2023\\\/01\\\/Dia-de-la-mediacion-Por-que-acudir-a-ella.jpg\",\"keywords\":[\"abogados\",\"baleares\",\"concursal\",\"concurso\",\"concurso de acreedores\",\"coronavirus\",\"covid 19\",\"covid19\",\"crisis\",\"de 6 de julio\",\"de mediaci\u00f3n en asuntos civiles y mercantiles\",\"derecho\",\"deudas\",\"economistas\",\"el arenal\",\"empresas\",\"fmsb\",\"font mora sainz de baranda\",\"insolvencia\",\"joan miquel font\",\"juan font\",\"juan miguel font\",\"law\",\"lawyers\",\"Ley 5\\\/2012\",\"Manacor\",\"mercantil\",\"Palma\",\"pandemia\",\"pre-pack concursal\",\"prepack\",\"puerto de andratx\",\"solicitors\",\"unidad productoriva\"],\"articleSection\":[\"blog\",\"Consumidores y Usuarios\",\"Derecho Civil\",\"Derecho Concursal\",\"Derecho Mercantil\",\"Home\",\"Mediaci\u00f3n y Arbitraje\",\"Opini\u00f3n\"],\"inLanguage\":\"de\"},{\"@type\":\"WebPage\",\"@id\":\"https:\\\/\\\/fmsb.eu\\\/de\\\/2023\\\/01\\\/20\\\/con-motivo-de-la-celebracion-del-dia-europeo-de-la-mediacion-la-abogacia-espanola-hace-campana-para-darla-a-conocer-como-herramienta-para-la-resolucion-de-conflictos\\\/\",\"url\":\"https:\\\/\\\/fmsb.eu\\\/de\\\/2023\\\/01\\\/20\\\/con-motivo-de-la-celebracion-del-dia-europeo-de-la-mediacion-la-abogacia-espanola-hace-campana-para-darla-a-conocer-como-herramienta-para-la-resolucion-de-conflictos\\\/\",\"name\":\"Con motivo de la celebraci\u00f3n del D\u00eda europeo de la Mediaci\u00f3n, la Abogac\u00eda Espa\u00f1ola hace campa\u00f1a para darla a conocer como herramienta para la resoluci\u00f3n de conflictos - FMSB Abogados y Economistas en Baleares\",\"isPartOf\":{\"@id\":\"https:\\\/\\\/fmsb.eu\\\/de\\\/#website\"},\"primaryImageOfPage\":{\"@id\":\"https:\\\/\\\/fmsb.eu\\\/de\\\/2023\\\/01\\\/20\\\/con-motivo-de-la-celebracion-del-dia-europeo-de-la-mediacion-la-abogacia-espanola-hace-campana-para-darla-a-conocer-como-herramienta-para-la-resolucion-de-conflictos\\\/#primaryimage\"},\"image\":{\"@id\":\"https:\\\/\\\/fmsb.eu\\\/de\\\/2023\\\/01\\\/20\\\/con-motivo-de-la-celebracion-del-dia-europeo-de-la-mediacion-la-abogacia-espanola-hace-campana-para-darla-a-conocer-como-herramienta-para-la-resolucion-de-conflictos\\\/#primaryimage\"},\"thumbnailUrl\":\"https:\\\/\\\/fmsb.eu\\\/wp-content\\\/uploads\\\/2023\\\/01\\\/Dia-de-la-mediacion-Por-que-acudir-a-ella.jpg\",\"datePublished\":\"2023-01-20T12:08:29+00:00\",\"breadcrumb\":{\"@id\":\"https:\\\/\\\/fmsb.eu\\\/de\\\/2023\\\/01\\\/20\\\/con-motivo-de-la-celebracion-del-dia-europeo-de-la-mediacion-la-abogacia-espanola-hace-campana-para-darla-a-conocer-como-herramienta-para-la-resolucion-de-conflictos\\\/#breadcrumb\"},\"inLanguage\":\"de\",\"potentialAction\":[{\"@type\":\"ReadAction\",\"target\":[\"https:\\\/\\\/fmsb.eu\\\/de\\\/2023\\\/01\\\/20\\\/con-motivo-de-la-celebracion-del-dia-europeo-de-la-mediacion-la-abogacia-espanola-hace-campana-para-darla-a-conocer-como-herramienta-para-la-resolucion-de-conflictos\\\/\"]}]},{\"@type\":\"ImageObject\",\"inLanguage\":\"de\",\"@id\":\"https:\\\/\\\/fmsb.eu\\\/de\\\/2023\\\/01\\\/20\\\/con-motivo-de-la-celebracion-del-dia-europeo-de-la-mediacion-la-abogacia-espanola-hace-campana-para-darla-a-conocer-como-herramienta-para-la-resolucion-de-conflictos\\\/#primaryimage\",\"url\":\"https:\\\/\\\/fmsb.eu\\\/wp-content\\\/uploads\\\/2023\\\/01\\\/Dia-de-la-mediacion-Por-que-acudir-a-ella.jpg\",\"contentUrl\":\"https:\\\/\\\/fmsb.eu\\\/wp-content\\\/uploads\\\/2023\\\/01\\\/Dia-de-la-mediacion-Por-que-acudir-a-ella.jpg\",\"width\":1159,\"height\":1159},{\"@type\":\"BreadcrumbList\",\"@id\":\"https:\\\/\\\/fmsb.eu\\\/de\\\/2023\\\/01\\\/20\\\/con-motivo-de-la-celebracion-del-dia-europeo-de-la-mediacion-la-abogacia-espanola-hace-campana-para-darla-a-conocer-como-herramienta-para-la-resolucion-de-conflictos\\\/#breadcrumb\",\"itemListElement\":[{\"@type\":\"ListItem\",\"position\":1,\"name\":\"Portada\",\"item\":\"https:\\\/\\\/fmsb.eu\\\/de\\\/\"},{\"@type\":\"ListItem\",\"position\":2,\"name\":\"Con motivo de la celebraci\u00f3n del D\u00eda europeo de la Mediaci\u00f3n, la Abogac\u00eda Espa\u00f1ola hace campa\u00f1a para darla a conocer como herramienta para la resoluci\u00f3n de conflictos\"}]},{\"@type\":\"WebSite\",\"@id\":\"https:\\\/\\\/fmsb.eu\\\/de\\\/#website\",\"url\":\"https:\\\/\\\/fmsb.eu\\\/de\\\/\",\"name\":\"FMSB Abogados y Economistas en Baleares\",\"description\":\"\",\"publisher\":{\"@id\":\"https:\\\/\\\/fmsb.eu\\\/de\\\/#organization\"},\"potentialAction\":[{\"@type\":\"SearchAction\",\"target\":{\"@type\":\"EntryPoint\",\"urlTemplate\":\"https:\\\/\\\/fmsb.eu\\\/de\\\/?s={search_term_string}\"},\"query-input\":{\"@type\":\"PropertyValueSpecification\",\"valueRequired\":true,\"valueName\":\"search_term_string\"}}],\"inLanguage\":\"de\"},{\"@type\":\"Organization\",\"@id\":\"https:\\\/\\\/fmsb.eu\\\/de\\\/#organization\",\"name\":\"FMSB Abogados y Economistas en Baleares\",\"url\":\"https:\\\/\\\/fmsb.eu\\\/de\\\/\",\"logo\":{\"@type\":\"ImageObject\",\"inLanguage\":\"de\",\"@id\":\"https:\\\/\\\/fmsb.eu\\\/de\\\/#\\\/schema\\\/logo\\\/image\\\/\",\"url\":\"https:\\\/\\\/fmsb.eu\\\/wp-content\\\/uploads\\\/2025\\\/02\\\/logo.svg\",\"contentUrl\":\"https:\\\/\\\/fmsb.eu\\\/wp-content\\\/uploads\\\/2025\\\/02\\\/logo.svg\",\"width\":154,\"height\":52,\"caption\":\"FMSB Abogados y Economistas en Baleares\"},\"image\":{\"@id\":\"https:\\\/\\\/fmsb.eu\\\/de\\\/#\\\/schema\\\/logo\\\/image\\\/\"}},{\"@type\":\"Person\",\"@id\":\"https:\\\/\\\/fmsb.eu\\\/de\\\/#\\\/schema\\\/person\\\/9fba7c70814b0cd34d35d655d36a4ca2\",\"name\":\"fmsb\",\"image\":{\"@type\":\"ImageObject\",\"inLanguage\":\"de\",\"@id\":\"https:\\\/\\\/secure.gravatar.com\\\/avatar\\\/426f4d5b0ebcace85460caf87cdaaa193694b611e990615d87a13f322fb7ee7f?s=96&d=mm&r=g\",\"url\":\"https:\\\/\\\/secure.gravatar.com\\\/avatar\\\/426f4d5b0ebcace85460caf87cdaaa193694b611e990615d87a13f322fb7ee7f?s=96&d=mm&r=g\",\"contentUrl\":\"https:\\\/\\\/secure.gravatar.com\\\/avatar\\\/426f4d5b0ebcace85460caf87cdaaa193694b611e990615d87a13f322fb7ee7f?s=96&d=mm&r=g\",\"caption\":\"fmsb\"},\"sameAs\":[\"https:\\\/\\\/x.com\\\/fmsb-disstint\"],\"url\":\"https:\\\/\\\/fmsb.eu\\\/de\\\/author\\\/fmsb\\\/\"}]}<\/script>\n<!-- \/ Yoast SEO plugin. -->","yoast_head_json":{"title":"Con motivo de la celebraci\u00f3n del D\u00eda europeo de la Mediaci\u00f3n, la Abogac\u00eda Espa\u00f1ola hace campa\u00f1a para darla a conocer como herramienta para la resoluci\u00f3n de conflictos - FMSB Abogados y Economistas en Baleares","robots":{"index":"index","follow":"follow","max-snippet":"max-snippet:-1","max-image-preview":"max-image-preview:large","max-video-preview":"max-video-preview:-1"},"canonical":"https:\/\/fmsb.eu\/de\/2023\/01\/20\/con-motivo-de-la-celebracion-del-dia-europeo-de-la-mediacion-la-abogacia-espanola-hace-campana-para-darla-a-conocer-como-herramienta-para-la-resolucion-de-conflictos\/","og_locale":"de_DE","og_type":"article","og_title":"Con motivo de la celebraci\u00f3n del D\u00eda europeo de la Mediaci\u00f3n, la Abogac\u00eda Espa\u00f1ola hace campa\u00f1a para darla a conocer como herramienta para la resoluci\u00f3n de conflictos - FMSB Abogados y Economistas en Baleares","og_description":"&nbsp; &#8211; 21 de enero, d\u00eda europeo de la mediaci\u00f3n &#8211; &nbsp; Con motivo de la celebraci\u00f3n ma\u00f1ana del D\u00eda europeo de la Mediaci\u00f3n, la Abogac\u00eda Espa\u00f1ola hace campa\u00f1a para darla a conocer como herramienta para la resoluci\u00f3n de controversias entre las partes de una forma alternativa al litigio y a trav\u00e9s de la figura [&hellip;]","og_url":"https:\/\/fmsb.eu\/de\/2023\/01\/20\/con-motivo-de-la-celebracion-del-dia-europeo-de-la-mediacion-la-abogacia-espanola-hace-campana-para-darla-a-conocer-como-herramienta-para-la-resolucion-de-conflictos\/","og_site_name":"FMSB Abogados y Economistas en Baleares","article_published_time":"2023-01-20T12:08:29+00:00","og_image":[{"width":1159,"height":1159,"url":"https:\/\/fmsb.eu\/wp-content\/uploads\/2023\/01\/Dia-de-la-mediacion-Por-que-acudir-a-ella.jpg","type":"image\/jpeg"}],"author":"fmsb","twitter_card":"summary_large_image","twitter_creator":"@fmsb-disstint","twitter_misc":{"Verfasst von":"fmsb","Gesch\u00e4tzte Lesezeit":"1\u00a0Minute"},"schema":{"@context":"https:\/\/schema.org","@graph":[{"@type":"Article","@id":"https:\/\/fmsb.eu\/de\/2023\/01\/20\/con-motivo-de-la-celebracion-del-dia-europeo-de-la-mediacion-la-abogacia-espanola-hace-campana-para-darla-a-conocer-como-herramienta-para-la-resolucion-de-conflictos\/#article","isPartOf":{"@id":"https:\/\/fmsb.eu\/de\/2023\/01\/20\/con-motivo-de-la-celebracion-del-dia-europeo-de-la-mediacion-la-abogacia-espanola-hace-campana-para-darla-a-conocer-como-herramienta-para-la-resolucion-de-conflictos\/"},"author":{"name":"fmsb","@id":"https:\/\/fmsb.eu\/de\/#\/schema\/person\/9fba7c70814b0cd34d35d655d36a4ca2"},"headline":"Con motivo de la celebraci\u00f3n del D\u00eda europeo de la Mediaci\u00f3n, la Abogac\u00eda Espa\u00f1ola hace campa\u00f1a para darla a conocer como herramienta para la resoluci\u00f3n de conflictos","datePublished":"2023-01-20T12:08:29+00:00","mainEntityOfPage":{"@id":"https:\/\/fmsb.eu\/de\/2023\/01\/20\/con-motivo-de-la-celebracion-del-dia-europeo-de-la-mediacion-la-abogacia-espanola-hace-campana-para-darla-a-conocer-como-herramienta-para-la-resolucion-de-conflictos\/"},"wordCount":221,"publisher":{"@id":"https:\/\/fmsb.eu\/de\/#organization"},"image":{"@id":"https:\/\/fmsb.eu\/de\/2023\/01\/20\/con-motivo-de-la-celebracion-del-dia-europeo-de-la-mediacion-la-abogacia-espanola-hace-campana-para-darla-a-conocer-como-herramienta-para-la-resolucion-de-conflictos\/#primaryimage"},"thumbnailUrl":"https:\/\/fmsb.eu\/wp-content\/uploads\/2023\/01\/Dia-de-la-mediacion-Por-que-acudir-a-ella.jpg","keywords":["abogados","baleares","concursal","concurso","concurso de acreedores","coronavirus","covid 19","covid19","crisis","de 6 de julio","de mediaci\u00f3n en asuntos civiles y mercantiles","derecho","deudas","economistas","el arenal","empresas","fmsb","font mora sainz de baranda","insolvencia","joan miquel font","juan font","juan miguel font","law","lawyers","Ley 5\/2012","Manacor","mercantil","Palma","pandemia","pre-pack concursal","prepack","puerto de andratx","solicitors","unidad productoriva"],"articleSection":["blog","Consumidores y Usuarios","Derecho Civil","Derecho Concursal","Derecho Mercantil","Home","Mediaci\u00f3n y Arbitraje","Opini\u00f3n"],"inLanguage":"de"},{"@type":"WebPage","@id":"https:\/\/fmsb.eu\/de\/2023\/01\/20\/con-motivo-de-la-celebracion-del-dia-europeo-de-la-mediacion-la-abogacia-espanola-hace-campana-para-darla-a-conocer-como-herramienta-para-la-resolucion-de-conflictos\/","url":"https:\/\/fmsb.eu\/de\/2023\/01\/20\/con-motivo-de-la-celebracion-del-dia-europeo-de-la-mediacion-la-abogacia-espanola-hace-campana-para-darla-a-conocer-como-herramienta-para-la-resolucion-de-conflictos\/","name":"Con motivo de la celebraci\u00f3n del D\u00eda europeo de la Mediaci\u00f3n, la Abogac\u00eda Espa\u00f1ola hace campa\u00f1a para darla a conocer como herramienta para la resoluci\u00f3n de conflictos - FMSB Abogados y Economistas en Baleares","isPartOf":{"@id":"https:\/\/fmsb.eu\/de\/#website"},"primaryImageOfPage":{"@id":"https:\/\/fmsb.eu\/de\/2023\/01\/20\/con-motivo-de-la-celebracion-del-dia-europeo-de-la-mediacion-la-abogacia-espanola-hace-campana-para-darla-a-conocer-como-herramienta-para-la-resolucion-de-conflictos\/#primaryimage"},"image":{"@id":"https:\/\/fmsb.eu\/de\/2023\/01\/20\/con-motivo-de-la-celebracion-del-dia-europeo-de-la-mediacion-la-abogacia-espanola-hace-campana-para-darla-a-conocer-como-herramienta-para-la-resolucion-de-conflictos\/#primaryimage"},"thumbnailUrl":"https:\/\/fmsb.eu\/wp-content\/uploads\/2023\/01\/Dia-de-la-mediacion-Por-que-acudir-a-ella.jpg","datePublished":"2023-01-20T12:08:29+00:00","breadcrumb":{"@id":"https:\/\/fmsb.eu\/de\/2023\/01\/20\/con-motivo-de-la-celebracion-del-dia-europeo-de-la-mediacion-la-abogacia-espanola-hace-campana-para-darla-a-conocer-como-herramienta-para-la-resolucion-de-conflictos\/#breadcrumb"},"inLanguage":"de","potentialAction":[{"@type":"ReadAction","target":["https:\/\/fmsb.eu\/de\/2023\/01\/20\/con-motivo-de-la-celebracion-del-dia-europeo-de-la-mediacion-la-abogacia-espanola-hace-campana-para-darla-a-conocer-como-herramienta-para-la-resolucion-de-conflictos\/"]}]},{"@type":"ImageObject","inLanguage":"de","@id":"https:\/\/fmsb.eu\/de\/2023\/01\/20\/con-motivo-de-la-celebracion-del-dia-europeo-de-la-mediacion-la-abogacia-espanola-hace-campana-para-darla-a-conocer-como-herramienta-para-la-resolucion-de-conflictos\/#primaryimage","url":"https:\/\/fmsb.eu\/wp-content\/uploads\/2023\/01\/Dia-de-la-mediacion-Por-que-acudir-a-ella.jpg","contentUrl":"https:\/\/fmsb.eu\/wp-content\/uploads\/2023\/01\/Dia-de-la-mediacion-Por-que-acudir-a-ella.jpg","width":1159,"height":1159},{"@type":"BreadcrumbList","@id":"https:\/\/fmsb.eu\/de\/2023\/01\/20\/con-motivo-de-la-celebracion-del-dia-europeo-de-la-mediacion-la-abogacia-espanola-hace-campana-para-darla-a-conocer-como-herramienta-para-la-resolucion-de-conflictos\/#breadcrumb","itemListElement":[{"@type":"ListItem","position":1,"name":"Portada","item":"https:\/\/fmsb.eu\/de\/"},{"@type":"ListItem","position":2,"name":"Con motivo de la celebraci\u00f3n del D\u00eda europeo de la Mediaci\u00f3n, la Abogac\u00eda Espa\u00f1ola hace campa\u00f1a para darla a conocer como herramienta para la resoluci\u00f3n de conflictos"}]},{"@type":"WebSite","@id":"https:\/\/fmsb.eu\/de\/#website","url":"https:\/\/fmsb.eu\/de\/","name":"FMSB Abogados y Economistas en Baleares","description":"","publisher":{"@id":"https:\/\/fmsb.eu\/de\/#organization"},"potentialAction":[{"@type":"SearchAction","target":{"@type":"EntryPoint","urlTemplate":"https:\/\/fmsb.eu\/de\/?s={search_term_string}"},"query-input":{"@type":"PropertyValueSpecification","valueRequired":true,"valueName":"search_term_string"}}],"inLanguage":"de"},{"@type":"Organization","@id":"https:\/\/fmsb.eu\/de\/#organization","name":"FMSB Abogados y Economistas en Baleares","url":"https:\/\/fmsb.eu\/de\/","logo":{"@type":"ImageObject","inLanguage":"de","@id":"https:\/\/fmsb.eu\/de\/#\/schema\/logo\/image\/","url":"https:\/\/fmsb.eu\/wp-content\/uploads\/2025\/02\/logo.svg","contentUrl":"https:\/\/fmsb.eu\/wp-content\/uploads\/2025\/02\/logo.svg","width":154,"height":52,"caption":"FMSB Abogados y Economistas en Baleares"},"image":{"@id":"https:\/\/fmsb.eu\/de\/#\/schema\/logo\/image\/"}},{"@type":"Person","@id":"https:\/\/fmsb.eu\/de\/#\/schema\/person\/9fba7c70814b0cd34d35d655d36a4ca2","name":"fmsb","image":{"@type":"ImageObject","inLanguage":"de","@id":"https:\/\/secure.gravatar.com\/avatar\/426f4d5b0ebcace85460caf87cdaaa193694b611e990615d87a13f322fb7ee7f?s=96&d=mm&r=g","url":"https:\/\/secure.gravatar.com\/avatar\/426f4d5b0ebcace85460caf87cdaaa193694b611e990615d87a13f322fb7ee7f?s=96&d=mm&r=g","contentUrl":"https:\/\/secure.gravatar.com\/avatar\/426f4d5b0ebcace85460caf87cdaaa193694b611e990615d87a13f322fb7ee7f?s=96&d=mm&r=g","caption":"fmsb"},"sameAs":["https:\/\/x.com\/fmsb-disstint"],"url":"https:\/\/fmsb.eu\/de\/author\/fmsb\/"}]}},"_links":{"self":[{"href":"https:\/\/fmsb.eu\/de\/wp-json\/wp\/v2\/posts\/11259","targetHints":{"allow":["GET"]}}],"collection":[{"href":"https:\/\/fmsb.eu\/de\/wp-json\/wp\/v2\/posts"}],"about":[{"href":"https:\/\/fmsb.eu\/de\/wp-json\/wp\/v2\/types\/post"}],"author":[{"embeddable":true,"href":"https:\/\/fmsb.eu\/de\/wp-json\/wp\/v2\/users\/2"}],"replies":[{"embeddable":true,"href":"https:\/\/fmsb.eu\/de\/wp-json\/wp\/v2\/comments?post=11259"}],"version-history":[{"count":0,"href":"https:\/\/fmsb.eu\/de\/wp-json\/wp\/v2\/posts\/11259\/revisions"}],"wp:featuredmedia":[{"embeddable":true,"href":"https:\/\/fmsb.eu\/de\/wp-json\/wp\/v2\/media\/9917"}],"wp:attachment":[{"href":"https:\/\/fmsb.eu\/de\/wp-json\/wp\/v2\/media?parent=11259"}],"wp:term":[{"taxonomy":"category","embeddable":true,"href":"https:\/\/fmsb.eu\/de\/wp-json\/wp\/v2\/categories?post=11259"},{"taxonomy":"post_tag","embeddable":true,"href":"https:\/\/fmsb.eu\/de\/wp-json\/wp\/v2\/tags?post=11259"}],"curies":[{"name":"wp","href":"https:\/\/api.w.org\/{rel}","templated":true}]}}