{"id":11279,"date":"2022-12-15T13:46:47","date_gmt":"2022-12-15T12:46:47","guid":{"rendered":"http:\/\/fmsb.disstintbeta.com\/2022\/12\/15\/condenan-a-una-aseguradora-a-compensar-a-un-hostelero-de-mallorquin-por-la-obligacion-de-cerrar-durante-la-pandemia\/"},"modified":"2022-12-15T13:46:47","modified_gmt":"2022-12-15T12:46:47","slug":"condenan-a-una-aseguradora-a-compensar-a-un-hostelero-de-mallorquin-por-la-obligacion-de-cerrar-durante-la-pandemia","status":"publish","type":"post","link":"https:\/\/fmsb.eu\/de\/2022\/12\/15\/condenan-a-una-aseguradora-a-compensar-a-un-hostelero-de-mallorquin-por-la-obligacion-de-cerrar-durante-la-pandemia\/","title":{"rendered":"La Audiencia Provincial de Baleares condena a una aseguradora a compensar a un hostelero de Manacor por la obligaci\u00f3n de cerrar durante la pandemia"},"content":{"rendered":"<p><iframe title=\"La Audiencia de Baleares obliga a la aseguradora a Indemnizar a un hotel por el cierre en pandemia\" width=\"800\" height=\"450\" src=\"https:\/\/www.youtube.com\/embed\/aAe_R13xJmU?feature=oembed\" frameborder=\"0\" allow=\"accelerometer; autoplay; clipboard-write; encrypted-media; gyroscope; picture-in-picture; web-share\" referrerpolicy=\"strict-origin-when-cross-origin\" allowfullscreen><\/iframe><\/p>\n<h1><span style=\"color: #ffffff;\">&#8211;<\/span><\/h1>\n<div class=\"post-intro\">\n<h1><span style=\"color: #333399;\">La Audiencia Provincial de Baleares condena a una aseguradora a compensar a un hostelero de Manacor por la obligaci\u00f3n de cerrar durante la pandemia<\/span><\/h1>\n<h1><span style=\"color: #ffffff;\">&#8211;<\/span><\/h1>\n<p>A prop\u00f3sito de la noticia dada por el periodista V\u00edctor Malag\u00f3n en el diario balear <span style=\"color: #ff0000;\"><strong><a style=\"color: #ff0000;\" href=\"https:\/\/www.ultimahora.es\/noticias\/local\/2022\/12\/08\/1843011\/justicia-mallorca-condena-aseguradora-compensar-hostelero-por-cerrar-pandemia.html\"><em>\u00daltima Hora <\/em><\/a><\/strong><\/span>al respecto de una sentencia de instancia corroborada recientemente por la Audiencia provincial de Baleares que obliga a una compa\u00f1\u00eda aseguradora a indemnizar a su cliente hostelero manacor\u00ed por los d\u00edas de cierre obligado del negocio decretado por el Gobierno durante la pandemia, el abogado y socio de <strong>Font Mora Sainz de Baranda<\/strong> &#8211;<em>abogados y economistas<\/em>&#8211; <strong>Crist\u00f3bal Mora<\/strong> fue invitado a <span style=\"color: #333399;\"><strong><em>4Directe<\/em><\/strong><\/span> para conocer la trascendencia de esta noticia y poder ilustrar a la audiencia del programa de <span style=\"color: #333399;\"><strong><em>Canal4<\/em><\/strong><\/span> sobre los entresijos del caso y las posibildades de profesionales y empresarios de reclamar una indemnizaci\u00f3n a sus compa\u00f1\u00edas aseguradoras en caso de tener contratada la cobertura de p\u00e9rdida de explotaci\u00f3n.<\/p>\n<p>Consulta la sentencia <span style=\"color: #333399;\"><strong><a style=\"color: #333399;\" href=\"https:\/\/www.fmsb.eu\/wp-content\/uploads\/2022\/12\/SAP_IB_2751_2022.pdf\">aqu\u00ed<\/a><\/strong><\/span>:<\/p>\n<\/div>\n<p>&nbsp;<\/p>\n<hr \/>\n<p><span style=\"color: #999999;\">#fmsb #abogados #economistas #seguro #indemizacion #cese #interrupci\u00f3n #actividad #p\u00e9rdida #explotaci\u00f3n #cobertura #contrato #sentencia #audiencia #pandemia #coronavirus #pandemia #confinamiento #cierre #baleares #mallorca #ibiza #menorca #palma #andratx #elarenal #manacor #law #lawyers #solicitors<br \/>\n<\/span><\/p>\n<p>&nbsp;<\/p>\n<p>&nbsp;<\/p>\n<p>En posts anteriores sobre este mismo tema:<\/p>\n<p>&nbsp;<\/p>\n<p><strong>\u00a0<a href=\"http:\/\/fmsb.disstintbeta.com\/wp-content\/uploads\/2021\/09\/FMSB-Abogados-La-cobertura-de-perdida-de-explotacion-por-cierre-de-negocio-debido-a-la-pandemia-apa.jpg\"><img fetchpriority=\"high\" decoding=\"async\" class=\"alignnone wp-image-5351\" src=\"http:\/\/fmsb.disstintbeta.com\/wp-content\/uploads\/2021\/09\/FMSB-Abogados-La-cobertura-de-perdida-de-explotacion-por-cierre-de-negocio-debido-a-la-pandemia-apa.jpg\" alt=\"\" width=\"800\" height=\"319\" srcset=\"https:\/\/font-mora-sainz-baranda.fra1.digitaloceanspaces.com\/wp-content\/uploads\/2021\/09\/FMSB-Abogados-La-cobertura-de-perdida-de-explotacion-por-cierre-de-negocio-debido-a-la-pandemia-apa.jpg 1619w, https:\/\/font-mora-sainz-baranda.fra1.digitaloceanspaces.com\/wp-content\/uploads\/2021\/09\/FMSB-Abogados-La-cobertura-de-perdida-de-explotacion-por-cierre-de-negocio-debido-a-la-pandemia-apa-300x120.jpg 300w, https:\/\/font-mora-sainz-baranda.fra1.digitaloceanspaces.com\/wp-content\/uploads\/2021\/09\/FMSB-Abogados-La-cobertura-de-perdida-de-explotacion-por-cierre-de-negocio-debido-a-la-pandemia-apa-1024x408.jpg 1024w, https:\/\/font-mora-sainz-baranda.fra1.digitaloceanspaces.com\/wp-content\/uploads\/2021\/09\/FMSB-Abogados-La-cobertura-de-perdida-de-explotacion-por-cierre-de-negocio-debido-a-la-pandemia-apa-768x306.jpg 768w, https:\/\/font-mora-sainz-baranda.fra1.digitaloceanspaces.com\/wp-content\/uploads\/2021\/09\/FMSB-Abogados-La-cobertura-de-perdida-de-explotacion-por-cierre-de-negocio-debido-a-la-pandemia-apa-1536x612.jpg 1536w\" sizes=\"(max-width: 800px) 100vw, 800px\" \/><\/a><\/strong><\/p>\n<p>&nbsp;<\/p>\n<h1><strong>La cobertura de p\u00e9rdida de explotaci\u00f3n<\/strong><\/h1>\n<p>&nbsp;<\/p>\n<p>Recordemos que hace pocas fechas se dict\u00f3 la sentencia dictada por Audiencia Provincial de Girona \u00a0de 3 de febrero de 2021, la cual se pronunciaba en favor del asegurado sobre la obligatoriedad de la aseguradora de indemnizar por el cierre del restaurante tras el Decreto de alarma consecuencia de la pandemia, sosteniendo en definitiva que la exclusi\u00f3n de cobertura, era una cl\u00e1usula limitativa de los derechos del asegurado al no haber\u00a0 tenido conocimiento de la misma y haberla aceptado expresamente. Ahora nuevamente se ha dictado el 21 de Julio pasado, en esta ocasi\u00f3n por el Juzgado de 1\u00aa Instancia de Granada n\u00ba 14, sentencia en id\u00e9ntico sentido.<\/p>\n<p>El particular ten\u00eda contratado un seguro de multiriesgo de da\u00f1os incluyendo la cobertura de p\u00e9rdida de explotaci\u00f3n. En este apartado se defin\u00eda el siniestro como <strong><em>\u201cla paralizaci\u00f3n total o parcial de la actividad del negocio asegurado\u201d.<\/em><\/strong><\/p>\n<p>La cuesti\u00f3n que se ventilaba y objeto de valoraci\u00f3n era \u00a0si la situaci\u00f3n generada tras el dictado del Real Decreto 462\/2020, de 14 de marzo, en virtud del que se paraliz\u00f3 totalmente la actividad del local asegurado, se encuentra incardinada o no en las exclusiones que prev\u00e9 para la definici\u00f3n del riesgo.<\/p>\n<p>En el condicionado particular se\u00a0 recoge como contratada la garant\u00eda de p\u00e9rdida de explotaci\u00f3n con la indemnizaci\u00f3n diaria de 500 \u20ac y el l\u00edmite sujeto al c\u00e1lculo de la p\u00e9rdida real y efectiva fij\u00e1ndose como d\u00edas de indemnizaci\u00f3n 90 \u20ac.<\/p>\n<p>En el condicionado general respecto a esta garant\u00eda \u00a0en relaci\u00f3n a su objeto\u00a0 establece lo siguiente: &#8222;<em>hasta la cantidad y por el per\u00edodo m\u00e1ximo indicado en las condiciones particulares, las p\u00e9rdidas que usted sufra con motivo de la paralizaci\u00f3n parcial o total de la actividad de negocio asegurado, a consecuencia de cualquier siniestro cuyos da\u00f1os materiales encuentren amparados por esta p\u00f3liza.&#8220;<\/em><\/p>\n<p>La aseguradora se ampara para mantener la exclusi\u00f3n de\u00a0 cobertura en dos\u00a0 extremos de la p\u00f3liza que especifican que \u00a0la p\u00e9rdida de beneficios sea consecuencia de hechos que no hayan originado da\u00f1o material directo alguno a los bienes asegurados. E igualmente que no sean consecuencia de \u00a0\u201c limitaciones, restricciones o requisas impuesta por cualquier organismo o administraci\u00f3n p\u00fablica, o por cualquier otro caso de fuerza mayor, en cuanto a la reconstrucci\u00f3n del edificio o a la reanudaci\u00f3n de la actividad en el local de negocio asegurado.&#8220;<\/p>\n<p>La sentencia se plantea si estas cl\u00e1usulas son una delimitaci\u00f3n del riesgo o por el contrario estamos ante unas cl\u00e1usulas limitativas de derechos del asegurado, y por tanto precisen la autorizaci\u00f3n expresa del asegurado.<\/p>\n<p>La respuesta la funda el juzgador entre otras en \u00a0la sentencia del Tribunal Supremo del 06 de mayo de 2021, al sostener que el tomador debe tener constancia real y efectiva no s\u00f3lo del riesgo objeto de seguro sino de los l\u00edmites en los que opera la cobertura de la compa\u00f1\u00eda aseguradora. De ah\u00ed la exigencia de cumplir el requisito del art\u00edculo 3 de la Ley de Contrato de Seguro, que \u00a0impone el que se destaquen las cl\u00e1usulas limitativas y que sean espec\u00edficamente aceptadas.<\/p>\n<p>Como recuerda la sentencia del Pleno de la Sala Primera, 661\/2019, de 12 de Diciembre, \u00a0los contratos de seguros se caracterizan por ser una contrataci\u00f3n seriada, de adhesi\u00f3n de tal manera que el art. 3 responde precisamente a una exigencia de transparencia contractual facilitando el conocimiento de lo contratado.<\/p>\n<p>Igualmente, la falta de claridad en la redacci\u00f3n del condicionado de la p\u00f3liza y sus contradicciones encuentran acomodo en el principio previsto en el art. 1.288 del C\u00f3digo Civil, de tal manera que las dudas derivadas de la oscuridad de una cl\u00e1usula contractual no pueden interpretarse en perjuicio del asegurado. No podr\u00e1n beneficiar a quien gener\u00f3 la oscuridad.<\/p>\n<p>En este sentido esta Sentencia concluye que las cl\u00e1usulas son limitativas del riesgo, pues la p\u00f3liza cubre cualquier tipo de causa que suponga la p\u00e9rdida de explotaci\u00f3n.\u00a0 \u00a0La exclusi\u00f3n de aqu\u00e9llas que no tengan su origen en los da\u00f1os materiales cubiertos por la p\u00f3liza o por limitaci\u00f3n administrativa, necesariamente \u00a0exig\u00edan haber sido aceptadas \u00a0por el tomador conforme dispone el art. 3 de la LCS.<\/p>\n<p>A mayor abundamiento, en este caso, el tomador hab\u00eda solicitado expresamente la inclusi\u00f3n de la garant\u00eda de cese de actividad, como manifest\u00f3 la mediadora, sin haber sido informado de las limitaciones que ahora invoca la aseguradora para no asumir el pago indemnizatorio reclamado.<\/p>\n<p>En conclusi\u00f3n, esta sentencia se decanta por la consideraci\u00f3n de que las exclusiones de la contrataci\u00f3n de la cobertura de p\u00e9rdida de actividad son cl\u00e1usulas limitativas y por tanto, el tomador debe tener conocimiento de las mismas y haberlas aceptado expresamente para que la seguradora las pueda hacer valer y \u00a0se pueda exonerar de responsabilidad. \u00a0Ser\u00e1 interesante ver en qu\u00e9 sentido se resolver\u00e1 este asunto en la apelaci\u00f3n.<\/p>\n<p>&nbsp;<\/p>\n<p>&nbsp;<\/p>\n<p><strong>Crist\u00f3bal Mora<\/strong><\/p>\n<p>Abogado socio <strong>FMSB<\/strong><\/p>\n<p>&nbsp;<\/p>\n<hr \/>\n<p><span style=\"color: #999999;\">#fmsb #abogados #economistas #seguro #indemizacion #cese #interrupci\u00f3n #actividad #sentencia #coronavirus #pandemia #confinamiento #cierre #baleares #mallorca #ibiza #menorca #palma #andratx #elarenal #manacor<\/span><\/p>\n<p>&nbsp;<\/p>\n<hr \/>\n<p>En posts anteriores sobre este mismo tema:<\/p>\n<p><iframe src=\"https:\/\/www.youtube.com\/embed\/t-PWqkhnK9k\" width=\"560\" height=\"315\" frameborder=\"0\" allowfullscreen=\"allowfullscreen\"><\/iframe><\/p>\n","protected":false},"excerpt":{"rendered":"<p>&#8211; La Audiencia Provincial de Baleares condena a una aseguradora a compensar a un hostelero de Manacor por la obligaci\u00f3n de cerrar durante la pandemia &#8211; A prop\u00f3sito de la noticia dada por el periodista V\u00edctor Malag\u00f3n en el diario balear \u00daltima Hora al respecto de una sentencia de instancia corroborada recientemente por la Audiencia [&hellip;]<\/p>\n","protected":false},"author":2,"featured_media":9889,"comment_status":"closed","ping_status":"open","sticky":false,"template":"","format":"standard","meta":{"footnotes":""},"categories":[2198,2199,2450,2451,3883,2200,2202,3583],"tags":[],"class_list":["post-11279","post","type-post","status-publish","format-standard","has-post-thumbnail","hentry","category-actualidad-de","category-blog-de","category-consumidores-y-usuarios-de","category-contratos-de","category-coronavirus-de","category-derecho-civil-de","category-home-de","category-seguros-de"],"yoast_head":"<!-- This site is optimized with the Yoast SEO plugin v27.3 - https:\/\/yoast.com\/product\/yoast-seo-wordpress\/ -->\n<title>La Audiencia Provincial de Baleares condena a una aseguradora a compensar a un hostelero de Manacor por la obligaci\u00f3n de cerrar durante la pandemia - FMSB Abogados y Economistas en Baleares<\/title>\n<meta name=\"robots\" content=\"index, follow, max-snippet:-1, max-image-preview:large, max-video-preview:-1\" \/>\n<link rel=\"canonical\" href=\"https:\/\/fmsb.eu\/de\/2022\/12\/15\/condenan-a-una-aseguradora-a-compensar-a-un-hostelero-de-mallorquin-por-la-obligacion-de-cerrar-durante-la-pandemia\/\" \/>\n<meta property=\"og:locale\" content=\"de_DE\" \/>\n<meta property=\"og:type\" content=\"article\" \/>\n<meta property=\"og:title\" content=\"La Audiencia Provincial de Baleares condena a una aseguradora a compensar a un hostelero de Manacor por la obligaci\u00f3n de cerrar durante la pandemia - FMSB Abogados y Economistas en Baleares\" \/>\n<meta property=\"og:description\" content=\"&#8211; La Audiencia Provincial de Baleares condena a una aseguradora a compensar a un hostelero de Manacor por la obligaci\u00f3n de cerrar durante la pandemia &#8211; A prop\u00f3sito de la noticia dada por el periodista V\u00edctor Malag\u00f3n en el diario balear \u00daltima Hora al respecto de una sentencia de instancia corroborada recientemente por la Audiencia [&hellip;]\" \/>\n<meta property=\"og:url\" content=\"https:\/\/fmsb.eu\/de\/2022\/12\/15\/condenan-a-una-aseguradora-a-compensar-a-un-hostelero-de-mallorquin-por-la-obligacion-de-cerrar-durante-la-pandemia\/\" \/>\n<meta property=\"og:site_name\" content=\"FMSB Abogados y Economistas en Baleares\" \/>\n<meta property=\"article:published_time\" content=\"2022-12-15T12:46:47+00:00\" \/>\n<meta property=\"og:image\" content=\"https:\/\/fmsb.eu\/wp-content\/uploads\/2022\/12\/Captura-de-pantalla-2022-12-15-143713.jpg\" \/>\n\t<meta property=\"og:image:width\" content=\"1822\" \/>\n\t<meta property=\"og:image:height\" content=\"1023\" \/>\n\t<meta property=\"og:image:type\" content=\"image\/jpeg\" \/>\n<meta name=\"author\" content=\"fmsb\" \/>\n<meta name=\"twitter:card\" content=\"summary_large_image\" \/>\n<meta name=\"twitter:creator\" content=\"@fmsb-disstint\" \/>\n<meta name=\"twitter:label1\" content=\"Verfasst von\" \/>\n\t<meta name=\"twitter:data1\" content=\"fmsb\" \/>\n\t<meta name=\"twitter:label2\" content=\"Gesch\u00e4tzte Lesezeit\" \/>\n\t<meta name=\"twitter:data2\" content=\"5\u00a0Minuten\" \/>\n<script type=\"application\/ld+json\" class=\"yoast-schema-graph\">{\"@context\":\"https:\\\/\\\/schema.org\",\"@graph\":[{\"@type\":\"Article\",\"@id\":\"https:\\\/\\\/fmsb.eu\\\/de\\\/2022\\\/12\\\/15\\\/condenan-a-una-aseguradora-a-compensar-a-un-hostelero-de-mallorquin-por-la-obligacion-de-cerrar-durante-la-pandemia\\\/#article\",\"isPartOf\":{\"@id\":\"https:\\\/\\\/fmsb.eu\\\/de\\\/2022\\\/12\\\/15\\\/condenan-a-una-aseguradora-a-compensar-a-un-hostelero-de-mallorquin-por-la-obligacion-de-cerrar-durante-la-pandemia\\\/\"},\"author\":{\"name\":\"fmsb\",\"@id\":\"https:\\\/\\\/fmsb.eu\\\/de\\\/#\\\/schema\\\/person\\\/9fba7c70814b0cd34d35d655d36a4ca2\"},\"headline\":\"La Audiencia Provincial de Baleares condena a una aseguradora a compensar a un hostelero de Manacor por la obligaci\u00f3n de cerrar durante la pandemia\",\"datePublished\":\"2022-12-15T12:46:47+00:00\",\"mainEntityOfPage\":{\"@id\":\"https:\\\/\\\/fmsb.eu\\\/de\\\/2022\\\/12\\\/15\\\/condenan-a-una-aseguradora-a-compensar-a-un-hostelero-de-mallorquin-por-la-obligacion-de-cerrar-durante-la-pandemia\\\/\"},\"wordCount\":1130,\"publisher\":{\"@id\":\"https:\\\/\\\/fmsb.eu\\\/de\\\/#organization\"},\"image\":{\"@id\":\"https:\\\/\\\/fmsb.eu\\\/de\\\/2022\\\/12\\\/15\\\/condenan-a-una-aseguradora-a-compensar-a-un-hostelero-de-mallorquin-por-la-obligacion-de-cerrar-durante-la-pandemia\\\/#primaryimage\"},\"thumbnailUrl\":\"https:\\\/\\\/fmsb.eu\\\/wp-content\\\/uploads\\\/2022\\\/12\\\/Captura-de-pantalla-2022-12-15-143713.jpg\",\"articleSection\":[\"actualidad\",\"blog\",\"Consumidores y Usuarios\",\"contratos\",\"Coronavirus\",\"Derecho Civil\",\"Home\",\"seguros\"],\"inLanguage\":\"de\"},{\"@type\":\"WebPage\",\"@id\":\"https:\\\/\\\/fmsb.eu\\\/de\\\/2022\\\/12\\\/15\\\/condenan-a-una-aseguradora-a-compensar-a-un-hostelero-de-mallorquin-por-la-obligacion-de-cerrar-durante-la-pandemia\\\/\",\"url\":\"https:\\\/\\\/fmsb.eu\\\/de\\\/2022\\\/12\\\/15\\\/condenan-a-una-aseguradora-a-compensar-a-un-hostelero-de-mallorquin-por-la-obligacion-de-cerrar-durante-la-pandemia\\\/\",\"name\":\"La Audiencia Provincial de Baleares condena a una aseguradora a compensar a un hostelero de Manacor por la obligaci\u00f3n de cerrar durante la pandemia - FMSB Abogados y Economistas en Baleares\",\"isPartOf\":{\"@id\":\"https:\\\/\\\/fmsb.eu\\\/de\\\/#website\"},\"primaryImageOfPage\":{\"@id\":\"https:\\\/\\\/fmsb.eu\\\/de\\\/2022\\\/12\\\/15\\\/condenan-a-una-aseguradora-a-compensar-a-un-hostelero-de-mallorquin-por-la-obligacion-de-cerrar-durante-la-pandemia\\\/#primaryimage\"},\"image\":{\"@id\":\"https:\\\/\\\/fmsb.eu\\\/de\\\/2022\\\/12\\\/15\\\/condenan-a-una-aseguradora-a-compensar-a-un-hostelero-de-mallorquin-por-la-obligacion-de-cerrar-durante-la-pandemia\\\/#primaryimage\"},\"thumbnailUrl\":\"https:\\\/\\\/fmsb.eu\\\/wp-content\\\/uploads\\\/2022\\\/12\\\/Captura-de-pantalla-2022-12-15-143713.jpg\",\"datePublished\":\"2022-12-15T12:46:47+00:00\",\"breadcrumb\":{\"@id\":\"https:\\\/\\\/fmsb.eu\\\/de\\\/2022\\\/12\\\/15\\\/condenan-a-una-aseguradora-a-compensar-a-un-hostelero-de-mallorquin-por-la-obligacion-de-cerrar-durante-la-pandemia\\\/#breadcrumb\"},\"inLanguage\":\"de\",\"potentialAction\":[{\"@type\":\"ReadAction\",\"target\":[\"https:\\\/\\\/fmsb.eu\\\/de\\\/2022\\\/12\\\/15\\\/condenan-a-una-aseguradora-a-compensar-a-un-hostelero-de-mallorquin-por-la-obligacion-de-cerrar-durante-la-pandemia\\\/\"]}]},{\"@type\":\"ImageObject\",\"inLanguage\":\"de\",\"@id\":\"https:\\\/\\\/fmsb.eu\\\/de\\\/2022\\\/12\\\/15\\\/condenan-a-una-aseguradora-a-compensar-a-un-hostelero-de-mallorquin-por-la-obligacion-de-cerrar-durante-la-pandemia\\\/#primaryimage\",\"url\":\"https:\\\/\\\/fmsb.eu\\\/wp-content\\\/uploads\\\/2022\\\/12\\\/Captura-de-pantalla-2022-12-15-143713.jpg\",\"contentUrl\":\"https:\\\/\\\/fmsb.eu\\\/wp-content\\\/uploads\\\/2022\\\/12\\\/Captura-de-pantalla-2022-12-15-143713.jpg\",\"width\":1822,\"height\":1023},{\"@type\":\"BreadcrumbList\",\"@id\":\"https:\\\/\\\/fmsb.eu\\\/de\\\/2022\\\/12\\\/15\\\/condenan-a-una-aseguradora-a-compensar-a-un-hostelero-de-mallorquin-por-la-obligacion-de-cerrar-durante-la-pandemia\\\/#breadcrumb\",\"itemListElement\":[{\"@type\":\"ListItem\",\"position\":1,\"name\":\"Portada\",\"item\":\"https:\\\/\\\/fmsb.eu\\\/de\\\/\"},{\"@type\":\"ListItem\",\"position\":2,\"name\":\"La Audiencia Provincial de Baleares condena a una aseguradora a compensar a un hostelero de Manacor por la obligaci\u00f3n de cerrar durante la pandemia\"}]},{\"@type\":\"WebSite\",\"@id\":\"https:\\\/\\\/fmsb.eu\\\/de\\\/#website\",\"url\":\"https:\\\/\\\/fmsb.eu\\\/de\\\/\",\"name\":\"FMSB Abogados y Economistas en Baleares\",\"description\":\"\",\"publisher\":{\"@id\":\"https:\\\/\\\/fmsb.eu\\\/de\\\/#organization\"},\"potentialAction\":[{\"@type\":\"SearchAction\",\"target\":{\"@type\":\"EntryPoint\",\"urlTemplate\":\"https:\\\/\\\/fmsb.eu\\\/de\\\/?s={search_term_string}\"},\"query-input\":{\"@type\":\"PropertyValueSpecification\",\"valueRequired\":true,\"valueName\":\"search_term_string\"}}],\"inLanguage\":\"de\"},{\"@type\":\"Organization\",\"@id\":\"https:\\\/\\\/fmsb.eu\\\/de\\\/#organization\",\"name\":\"FMSB Abogados y Economistas en Baleares\",\"url\":\"https:\\\/\\\/fmsb.eu\\\/de\\\/\",\"logo\":{\"@type\":\"ImageObject\",\"inLanguage\":\"de\",\"@id\":\"https:\\\/\\\/fmsb.eu\\\/de\\\/#\\\/schema\\\/logo\\\/image\\\/\",\"url\":\"https:\\\/\\\/fmsb.eu\\\/wp-content\\\/uploads\\\/2025\\\/02\\\/logo.svg\",\"contentUrl\":\"https:\\\/\\\/fmsb.eu\\\/wp-content\\\/uploads\\\/2025\\\/02\\\/logo.svg\",\"width\":154,\"height\":52,\"caption\":\"FMSB Abogados y Economistas en Baleares\"},\"image\":{\"@id\":\"https:\\\/\\\/fmsb.eu\\\/de\\\/#\\\/schema\\\/logo\\\/image\\\/\"}},{\"@type\":\"Person\",\"@id\":\"https:\\\/\\\/fmsb.eu\\\/de\\\/#\\\/schema\\\/person\\\/9fba7c70814b0cd34d35d655d36a4ca2\",\"name\":\"fmsb\",\"image\":{\"@type\":\"ImageObject\",\"inLanguage\":\"de\",\"@id\":\"https:\\\/\\\/secure.gravatar.com\\\/avatar\\\/426f4d5b0ebcace85460caf87cdaaa193694b611e990615d87a13f322fb7ee7f?s=96&d=mm&r=g\",\"url\":\"https:\\\/\\\/secure.gravatar.com\\\/avatar\\\/426f4d5b0ebcace85460caf87cdaaa193694b611e990615d87a13f322fb7ee7f?s=96&d=mm&r=g\",\"contentUrl\":\"https:\\\/\\\/secure.gravatar.com\\\/avatar\\\/426f4d5b0ebcace85460caf87cdaaa193694b611e990615d87a13f322fb7ee7f?s=96&d=mm&r=g\",\"caption\":\"fmsb\"},\"sameAs\":[\"https:\\\/\\\/x.com\\\/fmsb-disstint\"],\"url\":\"https:\\\/\\\/fmsb.eu\\\/de\\\/author\\\/fmsb\\\/\"}]}<\/script>\n<!-- \/ Yoast SEO plugin. -->","yoast_head_json":{"title":"La Audiencia Provincial de Baleares condena a una aseguradora a compensar a un hostelero de Manacor por la obligaci\u00f3n de cerrar durante la pandemia - FMSB Abogados y Economistas en Baleares","robots":{"index":"index","follow":"follow","max-snippet":"max-snippet:-1","max-image-preview":"max-image-preview:large","max-video-preview":"max-video-preview:-1"},"canonical":"https:\/\/fmsb.eu\/de\/2022\/12\/15\/condenan-a-una-aseguradora-a-compensar-a-un-hostelero-de-mallorquin-por-la-obligacion-de-cerrar-durante-la-pandemia\/","og_locale":"de_DE","og_type":"article","og_title":"La Audiencia Provincial de Baleares condena a una aseguradora a compensar a un hostelero de Manacor por la obligaci\u00f3n de cerrar durante la pandemia - FMSB Abogados y Economistas en Baleares","og_description":"&#8211; La Audiencia Provincial de Baleares condena a una aseguradora a compensar a un hostelero de Manacor por la obligaci\u00f3n de cerrar durante la pandemia &#8211; A prop\u00f3sito de la noticia dada por el periodista V\u00edctor Malag\u00f3n en el diario balear \u00daltima Hora al respecto de una sentencia de instancia corroborada recientemente por la Audiencia [&hellip;]","og_url":"https:\/\/fmsb.eu\/de\/2022\/12\/15\/condenan-a-una-aseguradora-a-compensar-a-un-hostelero-de-mallorquin-por-la-obligacion-de-cerrar-durante-la-pandemia\/","og_site_name":"FMSB Abogados y Economistas en Baleares","article_published_time":"2022-12-15T12:46:47+00:00","og_image":[{"width":1822,"height":1023,"url":"https:\/\/fmsb.eu\/wp-content\/uploads\/2022\/12\/Captura-de-pantalla-2022-12-15-143713.jpg","type":"image\/jpeg"}],"author":"fmsb","twitter_card":"summary_large_image","twitter_creator":"@fmsb-disstint","twitter_misc":{"Verfasst von":"fmsb","Gesch\u00e4tzte Lesezeit":"5\u00a0Minuten"},"schema":{"@context":"https:\/\/schema.org","@graph":[{"@type":"Article","@id":"https:\/\/fmsb.eu\/de\/2022\/12\/15\/condenan-a-una-aseguradora-a-compensar-a-un-hostelero-de-mallorquin-por-la-obligacion-de-cerrar-durante-la-pandemia\/#article","isPartOf":{"@id":"https:\/\/fmsb.eu\/de\/2022\/12\/15\/condenan-a-una-aseguradora-a-compensar-a-un-hostelero-de-mallorquin-por-la-obligacion-de-cerrar-durante-la-pandemia\/"},"author":{"name":"fmsb","@id":"https:\/\/fmsb.eu\/de\/#\/schema\/person\/9fba7c70814b0cd34d35d655d36a4ca2"},"headline":"La Audiencia Provincial de Baleares condena a una aseguradora a compensar a un hostelero de Manacor por la obligaci\u00f3n de cerrar durante la pandemia","datePublished":"2022-12-15T12:46:47+00:00","mainEntityOfPage":{"@id":"https:\/\/fmsb.eu\/de\/2022\/12\/15\/condenan-a-una-aseguradora-a-compensar-a-un-hostelero-de-mallorquin-por-la-obligacion-de-cerrar-durante-la-pandemia\/"},"wordCount":1130,"publisher":{"@id":"https:\/\/fmsb.eu\/de\/#organization"},"image":{"@id":"https:\/\/fmsb.eu\/de\/2022\/12\/15\/condenan-a-una-aseguradora-a-compensar-a-un-hostelero-de-mallorquin-por-la-obligacion-de-cerrar-durante-la-pandemia\/#primaryimage"},"thumbnailUrl":"https:\/\/fmsb.eu\/wp-content\/uploads\/2022\/12\/Captura-de-pantalla-2022-12-15-143713.jpg","articleSection":["actualidad","blog","Consumidores y Usuarios","contratos","Coronavirus","Derecho Civil","Home","seguros"],"inLanguage":"de"},{"@type":"WebPage","@id":"https:\/\/fmsb.eu\/de\/2022\/12\/15\/condenan-a-una-aseguradora-a-compensar-a-un-hostelero-de-mallorquin-por-la-obligacion-de-cerrar-durante-la-pandemia\/","url":"https:\/\/fmsb.eu\/de\/2022\/12\/15\/condenan-a-una-aseguradora-a-compensar-a-un-hostelero-de-mallorquin-por-la-obligacion-de-cerrar-durante-la-pandemia\/","name":"La Audiencia Provincial de Baleares condena a una aseguradora a compensar a un hostelero de Manacor por la obligaci\u00f3n de cerrar durante la pandemia - FMSB Abogados y Economistas en Baleares","isPartOf":{"@id":"https:\/\/fmsb.eu\/de\/#website"},"primaryImageOfPage":{"@id":"https:\/\/fmsb.eu\/de\/2022\/12\/15\/condenan-a-una-aseguradora-a-compensar-a-un-hostelero-de-mallorquin-por-la-obligacion-de-cerrar-durante-la-pandemia\/#primaryimage"},"image":{"@id":"https:\/\/fmsb.eu\/de\/2022\/12\/15\/condenan-a-una-aseguradora-a-compensar-a-un-hostelero-de-mallorquin-por-la-obligacion-de-cerrar-durante-la-pandemia\/#primaryimage"},"thumbnailUrl":"https:\/\/fmsb.eu\/wp-content\/uploads\/2022\/12\/Captura-de-pantalla-2022-12-15-143713.jpg","datePublished":"2022-12-15T12:46:47+00:00","breadcrumb":{"@id":"https:\/\/fmsb.eu\/de\/2022\/12\/15\/condenan-a-una-aseguradora-a-compensar-a-un-hostelero-de-mallorquin-por-la-obligacion-de-cerrar-durante-la-pandemia\/#breadcrumb"},"inLanguage":"de","potentialAction":[{"@type":"ReadAction","target":["https:\/\/fmsb.eu\/de\/2022\/12\/15\/condenan-a-una-aseguradora-a-compensar-a-un-hostelero-de-mallorquin-por-la-obligacion-de-cerrar-durante-la-pandemia\/"]}]},{"@type":"ImageObject","inLanguage":"de","@id":"https:\/\/fmsb.eu\/de\/2022\/12\/15\/condenan-a-una-aseguradora-a-compensar-a-un-hostelero-de-mallorquin-por-la-obligacion-de-cerrar-durante-la-pandemia\/#primaryimage","url":"https:\/\/fmsb.eu\/wp-content\/uploads\/2022\/12\/Captura-de-pantalla-2022-12-15-143713.jpg","contentUrl":"https:\/\/fmsb.eu\/wp-content\/uploads\/2022\/12\/Captura-de-pantalla-2022-12-15-143713.jpg","width":1822,"height":1023},{"@type":"BreadcrumbList","@id":"https:\/\/fmsb.eu\/de\/2022\/12\/15\/condenan-a-una-aseguradora-a-compensar-a-un-hostelero-de-mallorquin-por-la-obligacion-de-cerrar-durante-la-pandemia\/#breadcrumb","itemListElement":[{"@type":"ListItem","position":1,"name":"Portada","item":"https:\/\/fmsb.eu\/de\/"},{"@type":"ListItem","position":2,"name":"La Audiencia Provincial de Baleares condena a una aseguradora a compensar a un hostelero de Manacor por la obligaci\u00f3n de cerrar durante la pandemia"}]},{"@type":"WebSite","@id":"https:\/\/fmsb.eu\/de\/#website","url":"https:\/\/fmsb.eu\/de\/","name":"FMSB Abogados y Economistas en Baleares","description":"","publisher":{"@id":"https:\/\/fmsb.eu\/de\/#organization"},"potentialAction":[{"@type":"SearchAction","target":{"@type":"EntryPoint","urlTemplate":"https:\/\/fmsb.eu\/de\/?s={search_term_string}"},"query-input":{"@type":"PropertyValueSpecification","valueRequired":true,"valueName":"search_term_string"}}],"inLanguage":"de"},{"@type":"Organization","@id":"https:\/\/fmsb.eu\/de\/#organization","name":"FMSB Abogados y Economistas en Baleares","url":"https:\/\/fmsb.eu\/de\/","logo":{"@type":"ImageObject","inLanguage":"de","@id":"https:\/\/fmsb.eu\/de\/#\/schema\/logo\/image\/","url":"https:\/\/fmsb.eu\/wp-content\/uploads\/2025\/02\/logo.svg","contentUrl":"https:\/\/fmsb.eu\/wp-content\/uploads\/2025\/02\/logo.svg","width":154,"height":52,"caption":"FMSB Abogados y Economistas en Baleares"},"image":{"@id":"https:\/\/fmsb.eu\/de\/#\/schema\/logo\/image\/"}},{"@type":"Person","@id":"https:\/\/fmsb.eu\/de\/#\/schema\/person\/9fba7c70814b0cd34d35d655d36a4ca2","name":"fmsb","image":{"@type":"ImageObject","inLanguage":"de","@id":"https:\/\/secure.gravatar.com\/avatar\/426f4d5b0ebcace85460caf87cdaaa193694b611e990615d87a13f322fb7ee7f?s=96&d=mm&r=g","url":"https:\/\/secure.gravatar.com\/avatar\/426f4d5b0ebcace85460caf87cdaaa193694b611e990615d87a13f322fb7ee7f?s=96&d=mm&r=g","contentUrl":"https:\/\/secure.gravatar.com\/avatar\/426f4d5b0ebcace85460caf87cdaaa193694b611e990615d87a13f322fb7ee7f?s=96&d=mm&r=g","caption":"fmsb"},"sameAs":["https:\/\/x.com\/fmsb-disstint"],"url":"https:\/\/fmsb.eu\/de\/author\/fmsb\/"}]}},"_links":{"self":[{"href":"https:\/\/fmsb.eu\/de\/wp-json\/wp\/v2\/posts\/11279","targetHints":{"allow":["GET"]}}],"collection":[{"href":"https:\/\/fmsb.eu\/de\/wp-json\/wp\/v2\/posts"}],"about":[{"href":"https:\/\/fmsb.eu\/de\/wp-json\/wp\/v2\/types\/post"}],"author":[{"embeddable":true,"href":"https:\/\/fmsb.eu\/de\/wp-json\/wp\/v2\/users\/2"}],"replies":[{"embeddable":true,"href":"https:\/\/fmsb.eu\/de\/wp-json\/wp\/v2\/comments?post=11279"}],"version-history":[{"count":0,"href":"https:\/\/fmsb.eu\/de\/wp-json\/wp\/v2\/posts\/11279\/revisions"}],"wp:featuredmedia":[{"embeddable":true,"href":"https:\/\/fmsb.eu\/de\/wp-json\/wp\/v2\/media\/9889"}],"wp:attachment":[{"href":"https:\/\/fmsb.eu\/de\/wp-json\/wp\/v2\/media?parent=11279"}],"wp:term":[{"taxonomy":"category","embeddable":true,"href":"https:\/\/fmsb.eu\/de\/wp-json\/wp\/v2\/categories?post=11279"},{"taxonomy":"post_tag","embeddable":true,"href":"https:\/\/fmsb.eu\/de\/wp-json\/wp\/v2\/tags?post=11279"}],"curies":[{"name":"wp","href":"https:\/\/api.w.org\/{rel}","templated":true}]}}