{"id":11287,"date":"2022-11-25T09:30:43","date_gmt":"2022-11-25T08:30:43","guid":{"rendered":"http:\/\/fmsb.disstintbeta.com\/2022\/11\/25\/penas-reforma-codigo-penal-ley-solo-si-es-si\/"},"modified":"2022-11-25T09:30:43","modified_gmt":"2022-11-25T08:30:43","slug":"penas-reforma-codigo-penal-ley-solo-si-es-si","status":"publish","type":"post","link":"https:\/\/fmsb.eu\/de\/2022\/11\/25\/penas-reforma-codigo-penal-ley-solo-si-es-si\/","title":{"rendered":"Las penas tras la reforma del C\u00f3digo Penal con la Ley del \u201csolo s\u00ed es s\u00ed\u201d, por Margalida Sans\u00f3"},"content":{"rendered":"<p><a href=\"http:\/\/fmsb.disstintbeta.com\/wp-content\/uploads\/2022\/11\/FMSB-Abogados-Margalida-Sanso-Penas-de-los-delitos-contra-la-libertad-sexual-con-la-reforma-del-CP-y-la-ley-del-solo-si-es-si.jpg\"><img fetchpriority=\"high\" decoding=\"async\" class=\"alignnone wp-image-6407\" src=\"http:\/\/fmsb.disstintbeta.com\/wp-content\/uploads\/2022\/11\/FMSB-Abogados-Margalida-Sanso-Penas-de-los-delitos-contra-la-libertad-sexual-con-la-reforma-del-CP-y-la-ley-del-solo-si-es-si.jpg\" alt=\"\" width=\"1200\" height=\"900\" srcset=\"https:\/\/font-mora-sainz-baranda.fra1.digitaloceanspaces.com\/wp-content\/uploads\/2022\/11\/FMSB-Abogados-Margalida-Sanso-Penas-de-los-delitos-contra-la-libertad-sexual-con-la-reforma-del-CP-y-la-ley-del-solo-si-es-si.jpg 1600w, https:\/\/font-mora-sainz-baranda.fra1.digitaloceanspaces.com\/wp-content\/uploads\/2022\/11\/FMSB-Abogados-Margalida-Sanso-Penas-de-los-delitos-contra-la-libertad-sexual-con-la-reforma-del-CP-y-la-ley-del-solo-si-es-si-300x225.jpg 300w, https:\/\/font-mora-sainz-baranda.fra1.digitaloceanspaces.com\/wp-content\/uploads\/2022\/11\/FMSB-Abogados-Margalida-Sanso-Penas-de-los-delitos-contra-la-libertad-sexual-con-la-reforma-del-CP-y-la-ley-del-solo-si-es-si-1024x768.jpg 1024w, https:\/\/font-mora-sainz-baranda.fra1.digitaloceanspaces.com\/wp-content\/uploads\/2022\/11\/FMSB-Abogados-Margalida-Sanso-Penas-de-los-delitos-contra-la-libertad-sexual-con-la-reforma-del-CP-y-la-ley-del-solo-si-es-si-768x576.jpg 768w, https:\/\/font-mora-sainz-baranda.fra1.digitaloceanspaces.com\/wp-content\/uploads\/2022\/11\/FMSB-Abogados-Margalida-Sanso-Penas-de-los-delitos-contra-la-libertad-sexual-con-la-reforma-del-CP-y-la-ley-del-solo-si-es-si-1536x1152.jpg 1536w\" sizes=\"(max-width: 1200px) 100vw, 1200px\" \/><\/a><\/p>\n<p>&nbsp;<\/p>\n<p><strong>\u00a0<\/strong><\/p>\n<h1><span style=\"color: #ffffff;\">&#8211;<\/span><\/h1>\n<h1><span style=\"color: #ff6600;\"><strong>Las penas tras la reforma del C\u00f3digo Penal con la Ley del \u201csolo s\u00ed es s\u00ed\u201d<\/strong><\/span><\/h1>\n<h1><span style=\"color: #ffffff;\">&#8211;<\/span><\/h1>\n<p>El pasado d\u00eda 6 de octubre del 2022 entraba en vigor la Ley Org\u00e1nica 10\/2022 de garant\u00eda integral de la libertad sexual de 6 de septiembre del 2022, en aplicaci\u00f3n de la cual, en estos d\u00edas estamos viendo revisi\u00f3n de condenas firmes reduciendo las penas a los condenados por delitos sexuales.<\/p>\n<p>Ello se debe a que en Derecho Penal rige el principio b\u00e1sico de retroactividad de las leyes penales favorables para el reo, derivado del art\u00edculo 9.3 de la Constituci\u00f3n Espa\u00f1ola y el art\u00edculo 2.2 del C\u00f3digo Penal, seg\u00fan el cual \u201ctendr\u00e1n efecto retroactivo aquellas leyes penales que favorezcan al reo, aunque al entrar en vigor hubiera reca\u00eddo sentencia firme y el sujeto estuviese cumpliendo condena\u201d.<\/p>\n<p>Con car\u00e1cter previo cabe recordar que con anterioridad a la reforma, el C\u00f3digo Penal distingu\u00eda entre <strong>abuso sexual<\/strong> (con una pena de 1 a 3 a\u00f1os de prisi\u00f3n o multa de 18 a 24 meses) y <strong>agresi\u00f3n sexual<\/strong> (con una pena de prisi\u00f3n de 1 a 5 a\u00f1os), en funci\u00f3n de si se utilizaba o no violencia o intimidaci\u00f3n a la hora de cometer el il\u00edcito penal.<\/p>\n<p>Con la actual regulaci\u00f3n desaparece el delito de abuso sexual y queda englobado en el delito de agresi\u00f3n sexual, de manera que todo acto sexual en el que no medie consentimiento, se utilice o no violencia, ser\u00e1 considerado como agresi\u00f3n sexual. Si adem\u00e1s, la agresi\u00f3n sexual consiste en acceso carnal por v\u00eda vaginal, anal o bucal, o introducci\u00f3n de miembros corporales u objetos por alguna de las dos primeras v\u00edas se castigar\u00e1 al responsable como reo de <strong>violaci\u00f3n<\/strong>.<\/p>\n<p>De esta manera, el delito de agresi\u00f3n sexual, que como dec\u00edamos engloba tambi\u00e9n al de abuso, pasa de estar penado de 1 a 5 a\u00f1os de prisi\u00f3n a 1 a 4 a\u00f1os de prisi\u00f3n tras la reforma. Lo mismo ha ocurrido con los dem\u00e1s tipos delictivos, que han visto reducidas las penas para los mismo hechos tras la reforma, siendo que en algunos casos la pena m\u00ednima es inferior o bien se reduce el l\u00edmite m\u00e1ximo, tal y como se detalla en el siguiente cuadro comparativo:<\/p>\n<p>&nbsp;<\/p>\n<table>\n<tbody>\n<tr>\n<td width=\"192\"><strong>\u00a0\u00a0\u00a0\u00a0\u00a0\u00a0\u00a0\u00a0\u00a0\u00a0\u00a0\u00a0 <span style=\"color: #ff6600;\">DELITO<\/span><\/strong><\/p>\n<p><span style=\"color: #ffffff;\">Tipo delictivo<\/span><\/td>\n<td width=\"192\"><strong>\u00a0\u00a0\u00a0\u00a0\u00a0\u00a0 <span style=\"color: #ff6600;\">A\u00d1OS DE PRISI\u00d3N<\/span><\/strong><\/p>\n<p style=\"text-align: right;\">Hasta 6 octubre 2022<\/p>\n<\/td>\n<td width=\"192\">\u00a0\u00a0\u00a0\u00a0\u00a0\u00a0\u00a0\u00a0 <strong><span style=\"color: #ff6600;\">A\u00d1OS DE PRISI\u00d3N<\/span> <\/strong><\/p>\n<p style=\"text-align: right;\">A partir 6 octubre 2022<\/p>\n<\/td>\n<\/tr>\n<tr>\n<td width=\"192\"><strong><span style=\"color: #993300;\">Agresi\u00f3n sexual<\/span><\/strong><\/td>\n<td width=\"192\">\u00a0\u00a0\u00a0\u00a0\u00a0\u00a0\u00a0\u00a0\u00a0\u00a0\u00a0\u00a0\u00a0\u00a0\u00a0\u00a0\u00a0\u00a0 1 a 5<\/td>\n<td width=\"192\">\u00a0\u00a0\u00a0\u00a0\u00a0\u00a0\u00a0\u00a0\u00a0\u00a0\u00a0\u00a0\u00a0\u00a0\u00a0\u00a0\u00a0\u00a0 1 a 4<\/td>\n<\/tr>\n<tr>\n<td width=\"192\"><strong><span style=\"color: #993300;\">Violaci\u00f3n<\/span><\/strong><\/td>\n<td width=\"192\">\u00a0\u00a0\u00a0\u00a0\u00a0\u00a0\u00a0\u00a0\u00a0\u00a0\u00a0\u00a0\u00a0\u00a0\u00a0\u00a0\u00a0\u00a0 6 a 12<\/td>\n<td width=\"192\">\u00a0\u00a0\u00a0\u00a0\u00a0\u00a0\u00a0\u00a0\u00a0\u00a0\u00a0\u00a0\u00a0\u00a0\u00a0\u00a0\u00a0\u00a0 4 a 12<\/td>\n<\/tr>\n<tr>\n<td width=\"192\"><strong><span style=\"color: #993300;\">Agresi\u00f3n sexual con agravantes<\/span><\/strong><\/td>\n<td width=\"192\">\u00a0\u00a0\u00a0\u00a0\u00a0\u00a0\u00a0\u00a0\u00a0\u00a0\u00a0\u00a0\u00a0\u00a0\u00a0\u00a0\u00a0\u00a0 5 a 10<\/td>\n<td width=\"192\">\u00a0\u00a0\u00a0\u00a0\u00a0\u00a0\u00a0\u00a0\u00a0\u00a0\u00a0\u00a0\u00a0\u00a0\u00a0\u00a0\u00a0\u00a0 2 a 8<\/td>\n<\/tr>\n<tr>\n<td width=\"192\"><strong><span style=\"color: #993300;\">Violaci\u00f3n con agravantes<\/span><\/strong><\/td>\n<td width=\"192\">\u00a0\u00a0\u00a0\u00a0\u00a0\u00a0\u00a0\u00a0\u00a0\u00a0\u00a0\u00a0\u00a0\u00a0\u00a0\u00a0\u00a0\u00a0 12 a 15<\/td>\n<td width=\"192\">\u00a0\u00a0\u00a0\u00a0\u00a0\u00a0\u00a0\u00a0\u00a0\u00a0\u00a0\u00a0\u00a0\u00a0\u00a0\u00a0\u00a0\u00a0 7 a 15<\/td>\n<\/tr>\n<tr>\n<td width=\"192\"><strong><span style=\"color: #993300;\">Violaci\u00f3n a menor de 16 a\u00f1os<\/span><\/strong><\/td>\n<td width=\"192\">\u00a0\u00a0\u00a0\u00a0\u00a0\u00a0\u00a0\u00a0\u00a0\u00a0\u00a0\u00a0\u00a0\u00a0\u00a0\u00a0\u00a0\u00a0\u00a0 8 a 12<\/td>\n<td width=\"192\">\u00a0\u00a0\u00a0\u00a0\u00a0\u00a0\u00a0\u00a0\u00a0\u00a0\u00a0\u00a0\u00a0\u00a0\u00a0\u00a0\u00a0\u00a0 6 a 12<\/td>\n<\/tr>\n<tr>\n<td width=\"192\"><strong><span style=\"color: #993300;\">Violaci\u00f3n a menor 16 a\u00f1os con violencia o intimidaci\u00f3n<\/span><\/strong><\/td>\n<td width=\"192\">\u00a0\u00a0\u00a0\u00a0\u00a0\u00a0\u00a0\u00a0\u00a0\u00a0\u00a0\u00a0 \u00a0\u00a0\u00a0\u00a0\u00a0\u00a012 a 15<\/td>\n<td width=\"192\">\u00a0\u00a0\u00a0\u00a0\u00a0\u00a0\u00a0\u00a0\u00a0\u00a0\u00a0\u00a0\u00a0\u00a0\u00a0\u00a0\u00a0 10 a 15<\/td>\n<\/tr>\n<\/tbody>\n<\/table>\n<p>&nbsp;<\/p>\n<p>Esta rebaja de penas, unida al Principio de retroactividad de las leyes penales favorables al reo y a que la nueva regulaci\u00f3n no ha previsto ning\u00fan r\u00e9gimen transitorio que impida o limite los efectos en el tiempo, est\u00e1 permitiendo que los condenados soliciten la revisi\u00f3n de las sentencias de condena firmes.<\/p>\n<p>De este modo, si en su d\u00eda el tribunal aplic\u00f3 la pena m\u00ednima para un delito sexual y la compara con la pena m\u00ednima prevista para ese mismo tipo delictivo tras la reforma operada, si es m\u00e1s baja, se aplicar\u00e1 \u00e9sta \u00faltima. A modo de ejemplo tenemos la Sentencia del TSJ Galicia 102\/2022, de 8 de noviembre que reduce la pena de violaci\u00f3n a 4 a\u00f1os de prisi\u00f3n, en lugar de 6.<\/p>\n<p>Del mismo modo,\u00a0<strong>si los hechos probados ya no son constitutivos de delito con la nueva regulaci\u00f3n, el Tribunal deber\u00e1 dejar sin efecto las penas, como ha hecho el Auto de la <\/strong>AP de Madrid, Secci\u00f3n 15\u00aa de 7 de octubre de 2022 con el abuso mediante enga\u00f1o a v\u00edctima de entre 16 y 18 a\u00f1os previsto en el anterior art. 182 CP, que ha dispuesto que esta nueva redacci\u00f3n de la Ley elimina este tipo de delito por \u201cenga\u00f1o\u201d y solo es posible condenar si hay \u201cintimidaci\u00f3n o violencia\u201d.<\/p>\n<p>En cualquier caso, entendemos que se deber\u00e1 examinar caso por caso qu\u00e9 pena corresponder\u00eda aplicar conforme a la nueva regulaci\u00f3n y estar a la espera de que se pronuncie la Sala de lo Penal del Tribunal Supremo.<\/p>\n<p>&nbsp;<\/p>\n<p><strong>Margalida Sans\u00f3<\/strong><\/p>\n<p>Abogada de FMSB<\/p>\n<p>&nbsp;<\/p>\n<hr \/>\n<p>#fmsb #fontmorasainzdebaranda #abogados #economistas #derecho #penal #reforma #c\u00f3digopenal #ley #solos\u00edess\u00ed #excarcelaci\u00f3n #delitos #libertadsexual #abuso #agresi\u00f3n #violencia #intimidaci\u00f3n #revisi\u00f3n #condena #delito #baleares #mallorca #menorca #ibiza #manacor #law #lawyers #solicitors<\/p>\n","protected":false},"excerpt":{"rendered":"<p>&nbsp; \u00a0 &#8211; Las penas tras la reforma del C\u00f3digo Penal con la Ley del \u201csolo s\u00ed es s\u00ed\u201d &#8211; El pasado d\u00eda 6 de octubre del 2022 entraba en vigor la Ley Org\u00e1nica 10\/2022 de garant\u00eda integral de la libertad sexual de 6 de septiembre del 2022, en aplicaci\u00f3n de la cual, en estos [&hellip;]<\/p>\n","protected":false},"author":2,"featured_media":9881,"comment_status":"closed","ping_status":"open","sticky":false,"template":"","format":"standard","meta":{"footnotes":""},"categories":[2198,2199,2451,2387,2202],"tags":[2206,4995,4996,4997,4998,4999,2208,3981,2394,3983,5000,2398,5001,2219,5002,5003,5004,5005,2223,2224,2225,5006,2480,2228,2229,5007,5008,2231,2232,5009,2234,5010,2236,2705,2884,5011,2243,2492,5012,5013],"class_list":["post-11287","post","type-post","status-publish","format-standard","has-post-thumbnail","hentry","category-actualidad-de","category-blog-de","category-contratos-de","category-derecho-penal-de","category-home-de","tag-abogados-de","tag-abuso-sexual-de","tag-agravantes-de","tag-agresion-sexual-de","tag-atenuante-de","tag-atenuantes-de","tag-baleares-de","tag-codigo-penal-de","tag-condena-de","tag-delito-de","tag-delitos-de","tag-derecho-penal-de","tag-economista-de","tag-el-arenal-de","tag-excacelacion-de","tag-excarcelacion-de","tag-eximente-de","tag-eximentes-de","tag-fmsb-de","tag-font-mora-sainz-de-baranda-de","tag-ibiza-de","tag-intimidacion-de","tag-jurisprudencia-de","tag-law-de","tag-lawyers-de","tag-legitima-defensa-de","tag-ley-solo-si-es-si-de","tag-mallorca-de","tag-manacor-de","tag-menor-de-16-de","tag-menorca-de","tag-penas-de","tag-port-dandratx-de","tag-reforma-de","tag-requisitos-de","tag-revision-de-condena-de","tag-solicitors-de","tag-tribunal-supremo-de","tag-violacion-de","tag-violencia-de"],"yoast_head":"<!-- This site is optimized with the Yoast SEO plugin v27.3 - https:\/\/yoast.com\/product\/yoast-seo-wordpress\/ -->\n<title>Las penas tras la reforma del C\u00f3digo Penal con la Ley del \u201csolo s\u00ed es s\u00ed\u201d, por Margalida Sans\u00f3 - FMSB Abogados y Economistas en Baleares<\/title>\n<meta name=\"robots\" content=\"index, follow, max-snippet:-1, max-image-preview:large, max-video-preview:-1\" \/>\n<link rel=\"canonical\" href=\"https:\/\/fmsb.eu\/de\/2022\/11\/25\/penas-reforma-codigo-penal-ley-solo-si-es-si\/\" \/>\n<meta property=\"og:locale\" content=\"de_DE\" \/>\n<meta property=\"og:type\" content=\"article\" \/>\n<meta property=\"og:title\" content=\"Las penas tras la reforma del C\u00f3digo Penal con la Ley del \u201csolo s\u00ed es s\u00ed\u201d, por Margalida Sans\u00f3 - FMSB Abogados y Economistas en Baleares\" \/>\n<meta property=\"og:description\" content=\"&nbsp; \u00a0 &#8211; Las penas tras la reforma del C\u00f3digo Penal con la Ley del \u201csolo s\u00ed es s\u00ed\u201d &#8211; El pasado d\u00eda 6 de octubre del 2022 entraba en vigor la Ley Org\u00e1nica 10\/2022 de garant\u00eda integral de la libertad sexual de 6 de septiembre del 2022, en aplicaci\u00f3n de la cual, en estos [&hellip;]\" \/>\n<meta property=\"og:url\" content=\"https:\/\/fmsb.eu\/de\/2022\/11\/25\/penas-reforma-codigo-penal-ley-solo-si-es-si\/\" \/>\n<meta property=\"og:site_name\" content=\"FMSB Abogados y Economistas en Baleares\" \/>\n<meta property=\"article:published_time\" content=\"2022-11-25T08:30:43+00:00\" \/>\n<meta property=\"og:image\" content=\"https:\/\/fmsb.eu\/wp-content\/uploads\/2022\/11\/FMSB-Abogados-Margalida-Sanso-Penas-de-los-delitos-contra-la-libertad-sexual-con-la-reforma-del-CP-y-la-ley-del-solo-si-es-si.jpg\" \/>\n\t<meta property=\"og:image:width\" content=\"1600\" \/>\n\t<meta property=\"og:image:height\" content=\"1200\" \/>\n\t<meta property=\"og:image:type\" content=\"image\/jpeg\" \/>\n<meta name=\"author\" content=\"fmsb\" \/>\n<meta name=\"twitter:card\" content=\"summary_large_image\" \/>\n<meta name=\"twitter:creator\" content=\"@fmsb-disstint\" \/>\n<meta name=\"twitter:label1\" content=\"Verfasst von\" \/>\n\t<meta name=\"twitter:data1\" content=\"fmsb\" \/>\n\t<meta name=\"twitter:label2\" content=\"Gesch\u00e4tzte Lesezeit\" \/>\n\t<meta name=\"twitter:data2\" content=\"4\u00a0Minuten\" \/>\n<script type=\"application\/ld+json\" class=\"yoast-schema-graph\">{\"@context\":\"https:\\\/\\\/schema.org\",\"@graph\":[{\"@type\":\"Article\",\"@id\":\"https:\\\/\\\/fmsb.eu\\\/de\\\/2022\\\/11\\\/25\\\/penas-reforma-codigo-penal-ley-solo-si-es-si\\\/#article\",\"isPartOf\":{\"@id\":\"https:\\\/\\\/fmsb.eu\\\/de\\\/2022\\\/11\\\/25\\\/penas-reforma-codigo-penal-ley-solo-si-es-si\\\/\"},\"author\":{\"name\":\"fmsb\",\"@id\":\"https:\\\/\\\/fmsb.eu\\\/de\\\/#\\\/schema\\\/person\\\/9fba7c70814b0cd34d35d655d36a4ca2\"},\"headline\":\"Las penas tras la reforma del C\u00f3digo Penal con la Ley del \u201csolo s\u00ed es s\u00ed\u201d, por Margalida Sans\u00f3\",\"datePublished\":\"2022-11-25T08:30:43+00:00\",\"mainEntityOfPage\":{\"@id\":\"https:\\\/\\\/fmsb.eu\\\/de\\\/2022\\\/11\\\/25\\\/penas-reforma-codigo-penal-ley-solo-si-es-si\\\/\"},\"wordCount\":782,\"publisher\":{\"@id\":\"https:\\\/\\\/fmsb.eu\\\/de\\\/#organization\"},\"image\":{\"@id\":\"https:\\\/\\\/fmsb.eu\\\/de\\\/2022\\\/11\\\/25\\\/penas-reforma-codigo-penal-ley-solo-si-es-si\\\/#primaryimage\"},\"thumbnailUrl\":\"https:\\\/\\\/fmsb.eu\\\/wp-content\\\/uploads\\\/2022\\\/11\\\/FMSB-Abogados-Margalida-Sanso-Penas-de-los-delitos-contra-la-libertad-sexual-con-la-reforma-del-CP-y-la-ley-del-solo-si-es-si.jpg\",\"keywords\":[\"abogados\",\"abuso sexual\",\"agravantes\",\"agresion sexual\",\"atenuante\",\"atenuantes\",\"baleares\",\"c\u00f3digo penal\",\"condena\",\"delito\",\"delitos\",\"derecho penal\",\"economista\",\"el arenal\",\"excacelaci\u00f3n\",\"excarcelaci\u00f3n\",\"eximente\",\"eximentes\",\"fmsb\",\"font mora sainz de baranda\",\"ibiza\",\"intimidaci\u00f3n\",\"jurisprudencia\",\"law\",\"lawyers\",\"leg\u00edtima defensa\",\"ley solo s\u00ed es s\u00ed\",\"mallorca\",\"Manacor\",\"menor de 16\",\"menorca\",\"penas\",\"port d&#8217;andratx\",\"reforma\",\"requisitos\",\"revisi\u00f3n de condena\",\"solicitors\",\"Tribunal Supremo\",\"violaci\u00f3n\",\"violencia\"],\"articleSection\":[\"actualidad\",\"blog\",\"contratos\",\"Derecho Penal\",\"Home\"],\"inLanguage\":\"de\"},{\"@type\":\"WebPage\",\"@id\":\"https:\\\/\\\/fmsb.eu\\\/de\\\/2022\\\/11\\\/25\\\/penas-reforma-codigo-penal-ley-solo-si-es-si\\\/\",\"url\":\"https:\\\/\\\/fmsb.eu\\\/de\\\/2022\\\/11\\\/25\\\/penas-reforma-codigo-penal-ley-solo-si-es-si\\\/\",\"name\":\"Las penas tras la reforma del C\u00f3digo Penal con la Ley del \u201csolo s\u00ed es s\u00ed\u201d, por Margalida Sans\u00f3 - FMSB Abogados y Economistas en Baleares\",\"isPartOf\":{\"@id\":\"https:\\\/\\\/fmsb.eu\\\/de\\\/#website\"},\"primaryImageOfPage\":{\"@id\":\"https:\\\/\\\/fmsb.eu\\\/de\\\/2022\\\/11\\\/25\\\/penas-reforma-codigo-penal-ley-solo-si-es-si\\\/#primaryimage\"},\"image\":{\"@id\":\"https:\\\/\\\/fmsb.eu\\\/de\\\/2022\\\/11\\\/25\\\/penas-reforma-codigo-penal-ley-solo-si-es-si\\\/#primaryimage\"},\"thumbnailUrl\":\"https:\\\/\\\/fmsb.eu\\\/wp-content\\\/uploads\\\/2022\\\/11\\\/FMSB-Abogados-Margalida-Sanso-Penas-de-los-delitos-contra-la-libertad-sexual-con-la-reforma-del-CP-y-la-ley-del-solo-si-es-si.jpg\",\"datePublished\":\"2022-11-25T08:30:43+00:00\",\"breadcrumb\":{\"@id\":\"https:\\\/\\\/fmsb.eu\\\/de\\\/2022\\\/11\\\/25\\\/penas-reforma-codigo-penal-ley-solo-si-es-si\\\/#breadcrumb\"},\"inLanguage\":\"de\",\"potentialAction\":[{\"@type\":\"ReadAction\",\"target\":[\"https:\\\/\\\/fmsb.eu\\\/de\\\/2022\\\/11\\\/25\\\/penas-reforma-codigo-penal-ley-solo-si-es-si\\\/\"]}]},{\"@type\":\"ImageObject\",\"inLanguage\":\"de\",\"@id\":\"https:\\\/\\\/fmsb.eu\\\/de\\\/2022\\\/11\\\/25\\\/penas-reforma-codigo-penal-ley-solo-si-es-si\\\/#primaryimage\",\"url\":\"https:\\\/\\\/fmsb.eu\\\/wp-content\\\/uploads\\\/2022\\\/11\\\/FMSB-Abogados-Margalida-Sanso-Penas-de-los-delitos-contra-la-libertad-sexual-con-la-reforma-del-CP-y-la-ley-del-solo-si-es-si.jpg\",\"contentUrl\":\"https:\\\/\\\/fmsb.eu\\\/wp-content\\\/uploads\\\/2022\\\/11\\\/FMSB-Abogados-Margalida-Sanso-Penas-de-los-delitos-contra-la-libertad-sexual-con-la-reforma-del-CP-y-la-ley-del-solo-si-es-si.jpg\",\"width\":1600,\"height\":1200},{\"@type\":\"BreadcrumbList\",\"@id\":\"https:\\\/\\\/fmsb.eu\\\/de\\\/2022\\\/11\\\/25\\\/penas-reforma-codigo-penal-ley-solo-si-es-si\\\/#breadcrumb\",\"itemListElement\":[{\"@type\":\"ListItem\",\"position\":1,\"name\":\"Portada\",\"item\":\"https:\\\/\\\/fmsb.eu\\\/de\\\/\"},{\"@type\":\"ListItem\",\"position\":2,\"name\":\"Las penas tras la reforma del C\u00f3digo Penal con la Ley del \u201csolo s\u00ed es s\u00ed\u201d, por Margalida Sans\u00f3\"}]},{\"@type\":\"WebSite\",\"@id\":\"https:\\\/\\\/fmsb.eu\\\/de\\\/#website\",\"url\":\"https:\\\/\\\/fmsb.eu\\\/de\\\/\",\"name\":\"FMSB Abogados y Economistas en Baleares\",\"description\":\"\",\"publisher\":{\"@id\":\"https:\\\/\\\/fmsb.eu\\\/de\\\/#organization\"},\"potentialAction\":[{\"@type\":\"SearchAction\",\"target\":{\"@type\":\"EntryPoint\",\"urlTemplate\":\"https:\\\/\\\/fmsb.eu\\\/de\\\/?s={search_term_string}\"},\"query-input\":{\"@type\":\"PropertyValueSpecification\",\"valueRequired\":true,\"valueName\":\"search_term_string\"}}],\"inLanguage\":\"de\"},{\"@type\":\"Organization\",\"@id\":\"https:\\\/\\\/fmsb.eu\\\/de\\\/#organization\",\"name\":\"FMSB Abogados y Economistas en Baleares\",\"url\":\"https:\\\/\\\/fmsb.eu\\\/de\\\/\",\"logo\":{\"@type\":\"ImageObject\",\"inLanguage\":\"de\",\"@id\":\"https:\\\/\\\/fmsb.eu\\\/de\\\/#\\\/schema\\\/logo\\\/image\\\/\",\"url\":\"https:\\\/\\\/fmsb.eu\\\/wp-content\\\/uploads\\\/2025\\\/02\\\/logo.svg\",\"contentUrl\":\"https:\\\/\\\/fmsb.eu\\\/wp-content\\\/uploads\\\/2025\\\/02\\\/logo.svg\",\"width\":154,\"height\":52,\"caption\":\"FMSB Abogados y Economistas en Baleares\"},\"image\":{\"@id\":\"https:\\\/\\\/fmsb.eu\\\/de\\\/#\\\/schema\\\/logo\\\/image\\\/\"}},{\"@type\":\"Person\",\"@id\":\"https:\\\/\\\/fmsb.eu\\\/de\\\/#\\\/schema\\\/person\\\/9fba7c70814b0cd34d35d655d36a4ca2\",\"name\":\"fmsb\",\"image\":{\"@type\":\"ImageObject\",\"inLanguage\":\"de\",\"@id\":\"https:\\\/\\\/secure.gravatar.com\\\/avatar\\\/426f4d5b0ebcace85460caf87cdaaa193694b611e990615d87a13f322fb7ee7f?s=96&d=mm&r=g\",\"url\":\"https:\\\/\\\/secure.gravatar.com\\\/avatar\\\/426f4d5b0ebcace85460caf87cdaaa193694b611e990615d87a13f322fb7ee7f?s=96&d=mm&r=g\",\"contentUrl\":\"https:\\\/\\\/secure.gravatar.com\\\/avatar\\\/426f4d5b0ebcace85460caf87cdaaa193694b611e990615d87a13f322fb7ee7f?s=96&d=mm&r=g\",\"caption\":\"fmsb\"},\"sameAs\":[\"https:\\\/\\\/x.com\\\/fmsb-disstint\"],\"url\":\"https:\\\/\\\/fmsb.eu\\\/de\\\/author\\\/fmsb\\\/\"}]}<\/script>\n<!-- \/ Yoast SEO plugin. -->","yoast_head_json":{"title":"Las penas tras la reforma del C\u00f3digo Penal con la Ley del \u201csolo s\u00ed es s\u00ed\u201d, por Margalida Sans\u00f3 - FMSB Abogados y Economistas en Baleares","robots":{"index":"index","follow":"follow","max-snippet":"max-snippet:-1","max-image-preview":"max-image-preview:large","max-video-preview":"max-video-preview:-1"},"canonical":"https:\/\/fmsb.eu\/de\/2022\/11\/25\/penas-reforma-codigo-penal-ley-solo-si-es-si\/","og_locale":"de_DE","og_type":"article","og_title":"Las penas tras la reforma del C\u00f3digo Penal con la Ley del \u201csolo s\u00ed es s\u00ed\u201d, por Margalida Sans\u00f3 - FMSB Abogados y Economistas en Baleares","og_description":"&nbsp; \u00a0 &#8211; Las penas tras la reforma del C\u00f3digo Penal con la Ley del \u201csolo s\u00ed es s\u00ed\u201d &#8211; El pasado d\u00eda 6 de octubre del 2022 entraba en vigor la Ley Org\u00e1nica 10\/2022 de garant\u00eda integral de la libertad sexual de 6 de septiembre del 2022, en aplicaci\u00f3n de la cual, en estos [&hellip;]","og_url":"https:\/\/fmsb.eu\/de\/2022\/11\/25\/penas-reforma-codigo-penal-ley-solo-si-es-si\/","og_site_name":"FMSB Abogados y Economistas en Baleares","article_published_time":"2022-11-25T08:30:43+00:00","og_image":[{"width":1600,"height":1200,"url":"https:\/\/fmsb.eu\/wp-content\/uploads\/2022\/11\/FMSB-Abogados-Margalida-Sanso-Penas-de-los-delitos-contra-la-libertad-sexual-con-la-reforma-del-CP-y-la-ley-del-solo-si-es-si.jpg","type":"image\/jpeg"}],"author":"fmsb","twitter_card":"summary_large_image","twitter_creator":"@fmsb-disstint","twitter_misc":{"Verfasst von":"fmsb","Gesch\u00e4tzte Lesezeit":"4\u00a0Minuten"},"schema":{"@context":"https:\/\/schema.org","@graph":[{"@type":"Article","@id":"https:\/\/fmsb.eu\/de\/2022\/11\/25\/penas-reforma-codigo-penal-ley-solo-si-es-si\/#article","isPartOf":{"@id":"https:\/\/fmsb.eu\/de\/2022\/11\/25\/penas-reforma-codigo-penal-ley-solo-si-es-si\/"},"author":{"name":"fmsb","@id":"https:\/\/fmsb.eu\/de\/#\/schema\/person\/9fba7c70814b0cd34d35d655d36a4ca2"},"headline":"Las penas tras la reforma del C\u00f3digo Penal con la Ley del \u201csolo s\u00ed es s\u00ed\u201d, por Margalida Sans\u00f3","datePublished":"2022-11-25T08:30:43+00:00","mainEntityOfPage":{"@id":"https:\/\/fmsb.eu\/de\/2022\/11\/25\/penas-reforma-codigo-penal-ley-solo-si-es-si\/"},"wordCount":782,"publisher":{"@id":"https:\/\/fmsb.eu\/de\/#organization"},"image":{"@id":"https:\/\/fmsb.eu\/de\/2022\/11\/25\/penas-reforma-codigo-penal-ley-solo-si-es-si\/#primaryimage"},"thumbnailUrl":"https:\/\/fmsb.eu\/wp-content\/uploads\/2022\/11\/FMSB-Abogados-Margalida-Sanso-Penas-de-los-delitos-contra-la-libertad-sexual-con-la-reforma-del-CP-y-la-ley-del-solo-si-es-si.jpg","keywords":["abogados","abuso sexual","agravantes","agresion sexual","atenuante","atenuantes","baleares","c\u00f3digo penal","condena","delito","delitos","derecho penal","economista","el arenal","excacelaci\u00f3n","excarcelaci\u00f3n","eximente","eximentes","fmsb","font mora sainz de baranda","ibiza","intimidaci\u00f3n","jurisprudencia","law","lawyers","leg\u00edtima defensa","ley solo s\u00ed es s\u00ed","mallorca","Manacor","menor de 16","menorca","penas","port d&#8217;andratx","reforma","requisitos","revisi\u00f3n de condena","solicitors","Tribunal Supremo","violaci\u00f3n","violencia"],"articleSection":["actualidad","blog","contratos","Derecho Penal","Home"],"inLanguage":"de"},{"@type":"WebPage","@id":"https:\/\/fmsb.eu\/de\/2022\/11\/25\/penas-reforma-codigo-penal-ley-solo-si-es-si\/","url":"https:\/\/fmsb.eu\/de\/2022\/11\/25\/penas-reforma-codigo-penal-ley-solo-si-es-si\/","name":"Las penas tras la reforma del C\u00f3digo Penal con la Ley del \u201csolo s\u00ed es s\u00ed\u201d, por Margalida Sans\u00f3 - FMSB Abogados y Economistas en Baleares","isPartOf":{"@id":"https:\/\/fmsb.eu\/de\/#website"},"primaryImageOfPage":{"@id":"https:\/\/fmsb.eu\/de\/2022\/11\/25\/penas-reforma-codigo-penal-ley-solo-si-es-si\/#primaryimage"},"image":{"@id":"https:\/\/fmsb.eu\/de\/2022\/11\/25\/penas-reforma-codigo-penal-ley-solo-si-es-si\/#primaryimage"},"thumbnailUrl":"https:\/\/fmsb.eu\/wp-content\/uploads\/2022\/11\/FMSB-Abogados-Margalida-Sanso-Penas-de-los-delitos-contra-la-libertad-sexual-con-la-reforma-del-CP-y-la-ley-del-solo-si-es-si.jpg","datePublished":"2022-11-25T08:30:43+00:00","breadcrumb":{"@id":"https:\/\/fmsb.eu\/de\/2022\/11\/25\/penas-reforma-codigo-penal-ley-solo-si-es-si\/#breadcrumb"},"inLanguage":"de","potentialAction":[{"@type":"ReadAction","target":["https:\/\/fmsb.eu\/de\/2022\/11\/25\/penas-reforma-codigo-penal-ley-solo-si-es-si\/"]}]},{"@type":"ImageObject","inLanguage":"de","@id":"https:\/\/fmsb.eu\/de\/2022\/11\/25\/penas-reforma-codigo-penal-ley-solo-si-es-si\/#primaryimage","url":"https:\/\/fmsb.eu\/wp-content\/uploads\/2022\/11\/FMSB-Abogados-Margalida-Sanso-Penas-de-los-delitos-contra-la-libertad-sexual-con-la-reforma-del-CP-y-la-ley-del-solo-si-es-si.jpg","contentUrl":"https:\/\/fmsb.eu\/wp-content\/uploads\/2022\/11\/FMSB-Abogados-Margalida-Sanso-Penas-de-los-delitos-contra-la-libertad-sexual-con-la-reforma-del-CP-y-la-ley-del-solo-si-es-si.jpg","width":1600,"height":1200},{"@type":"BreadcrumbList","@id":"https:\/\/fmsb.eu\/de\/2022\/11\/25\/penas-reforma-codigo-penal-ley-solo-si-es-si\/#breadcrumb","itemListElement":[{"@type":"ListItem","position":1,"name":"Portada","item":"https:\/\/fmsb.eu\/de\/"},{"@type":"ListItem","position":2,"name":"Las penas tras la reforma del C\u00f3digo Penal con la Ley del \u201csolo s\u00ed es s\u00ed\u201d, por Margalida Sans\u00f3"}]},{"@type":"WebSite","@id":"https:\/\/fmsb.eu\/de\/#website","url":"https:\/\/fmsb.eu\/de\/","name":"FMSB Abogados y Economistas en Baleares","description":"","publisher":{"@id":"https:\/\/fmsb.eu\/de\/#organization"},"potentialAction":[{"@type":"SearchAction","target":{"@type":"EntryPoint","urlTemplate":"https:\/\/fmsb.eu\/de\/?s={search_term_string}"},"query-input":{"@type":"PropertyValueSpecification","valueRequired":true,"valueName":"search_term_string"}}],"inLanguage":"de"},{"@type":"Organization","@id":"https:\/\/fmsb.eu\/de\/#organization","name":"FMSB Abogados y Economistas en Baleares","url":"https:\/\/fmsb.eu\/de\/","logo":{"@type":"ImageObject","inLanguage":"de","@id":"https:\/\/fmsb.eu\/de\/#\/schema\/logo\/image\/","url":"https:\/\/fmsb.eu\/wp-content\/uploads\/2025\/02\/logo.svg","contentUrl":"https:\/\/fmsb.eu\/wp-content\/uploads\/2025\/02\/logo.svg","width":154,"height":52,"caption":"FMSB Abogados y Economistas en Baleares"},"image":{"@id":"https:\/\/fmsb.eu\/de\/#\/schema\/logo\/image\/"}},{"@type":"Person","@id":"https:\/\/fmsb.eu\/de\/#\/schema\/person\/9fba7c70814b0cd34d35d655d36a4ca2","name":"fmsb","image":{"@type":"ImageObject","inLanguage":"de","@id":"https:\/\/secure.gravatar.com\/avatar\/426f4d5b0ebcace85460caf87cdaaa193694b611e990615d87a13f322fb7ee7f?s=96&d=mm&r=g","url":"https:\/\/secure.gravatar.com\/avatar\/426f4d5b0ebcace85460caf87cdaaa193694b611e990615d87a13f322fb7ee7f?s=96&d=mm&r=g","contentUrl":"https:\/\/secure.gravatar.com\/avatar\/426f4d5b0ebcace85460caf87cdaaa193694b611e990615d87a13f322fb7ee7f?s=96&d=mm&r=g","caption":"fmsb"},"sameAs":["https:\/\/x.com\/fmsb-disstint"],"url":"https:\/\/fmsb.eu\/de\/author\/fmsb\/"}]}},"_links":{"self":[{"href":"https:\/\/fmsb.eu\/de\/wp-json\/wp\/v2\/posts\/11287","targetHints":{"allow":["GET"]}}],"collection":[{"href":"https:\/\/fmsb.eu\/de\/wp-json\/wp\/v2\/posts"}],"about":[{"href":"https:\/\/fmsb.eu\/de\/wp-json\/wp\/v2\/types\/post"}],"author":[{"embeddable":true,"href":"https:\/\/fmsb.eu\/de\/wp-json\/wp\/v2\/users\/2"}],"replies":[{"embeddable":true,"href":"https:\/\/fmsb.eu\/de\/wp-json\/wp\/v2\/comments?post=11287"}],"version-history":[{"count":0,"href":"https:\/\/fmsb.eu\/de\/wp-json\/wp\/v2\/posts\/11287\/revisions"}],"wp:featuredmedia":[{"embeddable":true,"href":"https:\/\/fmsb.eu\/de\/wp-json\/wp\/v2\/media\/9881"}],"wp:attachment":[{"href":"https:\/\/fmsb.eu\/de\/wp-json\/wp\/v2\/media?parent=11287"}],"wp:term":[{"taxonomy":"category","embeddable":true,"href":"https:\/\/fmsb.eu\/de\/wp-json\/wp\/v2\/categories?post=11287"},{"taxonomy":"post_tag","embeddable":true,"href":"https:\/\/fmsb.eu\/de\/wp-json\/wp\/v2\/tags?post=11287"}],"curies":[{"name":"wp","href":"https:\/\/api.w.org\/{rel}","templated":true}]}}