{"id":11353,"date":"2022-07-27T12:13:54","date_gmt":"2022-07-27T10:13:54","guid":{"rendered":"http:\/\/fmsb.disstintbeta.com\/2022\/07\/27\/antonia-mas-estela-derechos-pasajeros-nuevo-procedimiento-reclamacion-aerolineas\/"},"modified":"2022-07-27T12:13:54","modified_gmt":"2022-07-27T10:13:54","slug":"antonia-mas-estela-derechos-pasajeros-nuevo-procedimiento-reclamacion-aerolineas","status":"publish","type":"post","link":"https:\/\/fmsb.eu\/de\/2022\/07\/27\/antonia-mas-estela-derechos-pasajeros-nuevo-procedimiento-reclamacion-aerolineas\/","title":{"rendered":"Ant\u00f2nia M\u00aa Mas Estela, sobre los derechos de los pasajeros frente a las aerol\u00edneas y el nuevo procedimiento para hacer reclamaciones"},"content":{"rendered":"<p><a href=\"http:\/\/fmsb.disstintbeta.com\/wp-content\/uploads\/2022\/07\/FMSB-Abogados-Nuevo-procedimiento-para-reclamar-a-las-aerolineas-pasajeros-retrasos-cancelaciones-vuelos.jpg\"><img fetchpriority=\"high\" decoding=\"async\" class=\"alignnone wp-image-6155\" src=\"http:\/\/fmsb.disstintbeta.com\/wp-content\/uploads\/2022\/07\/FMSB-Abogados-Nuevo-procedimiento-para-reclamar-a-las-aerolineas-pasajeros-retrasos-cancelaciones-vuelos.jpg\" alt=\"\" width=\"800\" height=\"540\" srcset=\"https:\/\/font-mora-sainz-baranda.fra1.digitaloceanspaces.com\/wp-content\/uploads\/2022\/07\/FMSB-Abogados-Nuevo-procedimiento-para-reclamar-a-las-aerolineas-pasajeros-retrasos-cancelaciones-vuelos.jpg 955w, https:\/\/font-mora-sainz-baranda.fra1.digitaloceanspaces.com\/wp-content\/uploads\/2022\/07\/FMSB-Abogados-Nuevo-procedimiento-para-reclamar-a-las-aerolineas-pasajeros-retrasos-cancelaciones-vuelos-300x203.jpg 300w, https:\/\/font-mora-sainz-baranda.fra1.digitaloceanspaces.com\/wp-content\/uploads\/2022\/07\/FMSB-Abogados-Nuevo-procedimiento-para-reclamar-a-las-aerolineas-pasajeros-retrasos-cancelaciones-vuelos-768x519.jpg 768w\" sizes=\"(max-width: 800px) 100vw, 800px\" \/><\/a><\/p>\n<h1><span style=\"color: #ffffff;\">&#8211;<\/span><\/h1>\n<h1><strong>Derechos de los pasajeros frente a las aerol\u00edneas. Nuevo procedimiento para reclamar.<\/strong><\/h1>\n<p>Recientemente, nos encontramos con numerosas noticias acerca de la decisi\u00f3n de los Tribunales de declarar abusivas y nulas algunas pr\u00e1cticas de las aerol\u00edneas que supon\u00edan un perjuicio para el consumidor. Las m\u00e1s comunes, que la gran mayor\u00eda de pasajeros se han visto obligados a soportar, son las siguientes:<\/p>\n<p>&nbsp;<\/p>\n<h2><strong>Cobro de las maletas.<\/strong><\/h2>\n<p>El cobro de las maletas de mano, aquellas que viajan junto al pasajero en cabina, ha sido declarado abusivo por una reciente sentencia del Juzgado de lo Mercantil de Madrid (tema sobre el que tambi\u00e9n se hab\u00eda pronunciado un Juzgado de lo Mercantil de Palma de Mallorca en marzo de 2021). Concretamente, se consider\u00f3 que las cl\u00e1usulas que obligaban al consumidor a pagar por el equipaje de mano son abusivas, indicando que este tipo de equipaje debe diferenciarse del facturado, puesto que debe tener la consideraci\u00f3n de elemento indispensable para el pasajero, pues en \u00e9l lleva sus enseres personales y los m\u00ednimos necesarios para el transcurso del viaje. Y este es el motivo por el que la compa\u00f1\u00eda est\u00e1 obligada a transportarlo sin que suponga un coste extra que tenga que soportar el consumidor.<\/p>\n<p>Adem\u00e1s, en la sentencia se hace especial hincapi\u00e9 en la diferencia del equipaje de cabina al que el pasajero factura, puesto que el primero no supone un incremento de peso, lo que podr\u00eda conllevar un gasto extra en combustible, ni coste de personal para su vigilancia y custodia desde el aeropuerto de origen al de destino.<\/p>\n<p>Esta Sentencia, sin embargo, no significa que las aerol\u00edneas dejen de cobrar por el equipaje de mano, sino que el consumidor tiene derecho a reclamar el total reembolso del importe en que se vea incrementado su billete.<\/p>\n<p>&nbsp;<\/p>\n<h2><strong>P\u00e9rdida de equipaje.<\/strong><\/h2>\n<p>Durante nuestro viaje, en caso de facturar el equipaje, \u00e9ste est\u00e1 custodio por la compa\u00f1\u00eda o aerol\u00ednea que hayamos contratado; en caso de p\u00e9rdida, por tanto, ser\u00e1 la misma, la que deber\u00e1 tener responsabilidad. La aerol\u00ednea deber\u00e1 proporcionar al pasajero un Parte de Irregularidad de Equipaje (RIP), a trav\u00e9s del cual el consumidor podr\u00e1 hacer un seguimiento de sus maletas.\u00a0 En el caso de que la localicen, deber\u00e1n entreg\u00e1rsela en el lugar que les solicite. Y, si en caso contrario transcurren m\u00e1s de 21 d\u00edas, el equipaje se dar\u00e1 por perdido.<\/p>\n<p>En este caso, la aerol\u00ednea deber\u00e1 indemnizarte hasta un importe m\u00e1ximo de 1.350 euros al due\u00f1o. Esta cuantificaci\u00f3n puede variar en funci\u00f3n del inventario que se proporcione a la aerol\u00ednea, junto con los gastos extras que el pasajero haya tenido que soportar por la p\u00e9rdida.<\/p>\n<p>Una vez efectuada la reclamaci\u00f3n, la compa\u00f1\u00eda tiene un plazo de 31 d\u00edas para satisfacerla. En caso contrario, el consumidor tendr\u00e1 un plazo de 2 a\u00f1os para\u00a0 acudir a la v\u00eda judicial.<\/p>\n<p>&nbsp;<\/p>\n<h2><strong>Cancelaci\u00f3n o retraso. <\/strong><\/h2>\n<p>En este caso, el pasajero tiene derecho a reclamar si su vuelo ha sido retrasado m\u00e1s de 3 horas o si ha sido cancelado con menos de dos semanas de antelaci\u00f3n. Las cuant\u00edas indemnizatorias vienen determinadas por la distancia del viaje, en concreto:<\/p>\n<ul>\n<li>250\u20ac, menos de 1.500 km.<\/li>\n<li>400\u20ac, entre 1500km y 3000km<\/li>\n<li>600\u20ac, m\u00e1s de 300 km.<\/li>\n<\/ul>\n<p>&nbsp;<\/p>\n<h2><strong>Nuevo procedimiento para reclamar <\/strong><\/h2>\n<p>Desde el pasado 18 de marzo, que entr\u00f3 en vigor la <em>Orden TMA\/201\/2022 del Ministerio de Transporte, Movilidad y Agenda Urbana por la que se regula el procedimiento de resoluci\u00f3n\u00a0 alternativo de litigios de los usuarios del transporte a\u00e9reo sobre los derechos reconocidos en el \u00e1mbito de la Uni\u00f3n europea en materia de compensaci\u00f3n y asistencia en caso de denegaci\u00f3n de embarque, cancelaci\u00f3n o gran retraso, as\u00ed como los derechos de las personas con discapacidad o movilidad reducida<\/em>, la Agencia Estatal de Seguridad A\u00e9rea es acreditada como entidad de resoluci\u00f3n alternativa de litigios en el transporte a\u00e9reo.<\/p>\n<p>Este nuevo procedimiento supone que no ser\u00e1 necesario acudir a los tribunales para conseguir el reconocimiento de los derechos de los consumidores, otorgados por los reglamentos europeos.<\/p>\n<p>As\u00ed se ven simplificados los tr\u00e1mites de reclamaci\u00f3n, pues una vez desestimada o no contestada la reclamaci\u00f3n ante el departamento de atenci\u00f3n al usuario de la compa\u00f1\u00eda a\u00e9rea en cuesti\u00f3n (una vez transcurridos 30 d\u00edas), se puede reclamar ante la AESA, en un procedimiento con un plazo m\u00e1ximo de 90 d\u00edas naturales, con un formulario est\u00e1ndar, de forma telem\u00e1tica y gratuita.<\/p>\n<p>Adem\u00e1s, este procedimiento es de aceptaci\u00f3n voluntaria y no vinculante para el pasajero; sin embargo, para la compa\u00f1\u00eda a\u00e9rea es obligatorio y de resultado vinculante.<\/p>\n<p>En caso de querer iniciar dicho procedimiento, es muy importante conservar toda la documentaci\u00f3n que justifique los gastos ocasionados, copia de la reclamaci\u00f3n interpuesta ante la compa\u00f1\u00eda, adem\u00e1s de su respuesta en caso de haberla, para que se pueda proceder a la reclamaci\u00f3n del total de los gastos ocasionados, junto con su correspondiente indemnizaci\u00f3n.<\/p>\n<p>&nbsp;<\/p>\n<p><strong>Ant\u00f2nia Maria Mas Estela<\/strong><\/p>\n<p><em>Abogada de FMSB<\/em><\/p>\n<p>&nbsp;<\/p>\n<hr \/>\n<p><span style=\"color: #999999;\">#fmsb #fontmorasainzdebaranda #abogados #economistas #lawyers #derecho #vuelos #avi\u00f3n #reclamaci\u00f3n #indemnizaci\u00f3n #p\u00e9rdida #maletas #vuelos #cancelacion #retraso #overbooking #equipaje #sustraccion #deterioro #aerolineas #baleares #mallorca #ibiza #menorca #palma #manacor #andratx #puertodeandratx #elarenal #law #lawyers #solicitors<br \/>\n<\/span><\/p>\n","protected":false},"excerpt":{"rendered":"<p>&#8211; Derechos de los pasajeros frente a las aerol\u00edneas. Nuevo procedimiento para reclamar. Recientemente, nos encontramos con numerosas noticias acerca de la decisi\u00f3n de los Tribunales de declarar abusivas y nulas algunas pr\u00e1cticas de las aerol\u00edneas que supon\u00edan un perjuicio para el consumidor. Las m\u00e1s comunes, que la gran mayor\u00eda de pasajeros se han visto [&hellip;]<\/p>\n","protected":false},"author":2,"featured_media":9817,"comment_status":"closed","ping_status":"open","sticky":false,"template":"","format":"standard","meta":{"footnotes":""},"categories":[2198,2199,2450,2451,2780,2986,2202],"tags":[2206,4350,2208,4351,4352,2990,2216,2217,2218,4353,2223,2224,2225,2401,2229,2231,2234,4354,4355,2584,4356,4357,4358,4359],"class_list":["post-11353","post","type-post","status-publish","format-standard","has-post-thumbnail","hentry","category-actualidad-de","category-blog-de","category-consumidores-y-usuarios-de","category-contratos-de","category-derecho-de-danos-de","category-derecho-mercantil-de","category-home-de","tag-abogados-de","tag-aerolineas-de","tag-baleares-de","tag-cancelacion-de","tag-companias-aereas-de","tag-compensacion-de","tag-derecho-de","tag-deterioro-de","tag-economistas-de","tag-equipaje-de","tag-fmsb-de","tag-font-mora-sainz-de-baranda-de","tag-ibiza-de","tag-indemnizacion-de","tag-lawyers-de","tag-mallorca-de","tag-menorca-de","tag-overbooking-de","tag-perdida-de","tag-reclamacion-de","tag-reclamaciones-de","tag-retraso-de","tag-sustraccion-de","tag-vuelos-de"],"yoast_head":"<!-- This site is optimized with the Yoast SEO plugin v27.3 - https:\/\/yoast.com\/product\/yoast-seo-wordpress\/ -->\n<title>Ant\u00f2nia M\u00aa Mas Estela, sobre los derechos de los pasajeros frente a las aerol\u00edneas y el nuevo procedimiento para hacer reclamaciones - FMSB Abogados y Economistas en Baleares<\/title>\n<meta name=\"robots\" content=\"index, follow, max-snippet:-1, max-image-preview:large, max-video-preview:-1\" \/>\n<link rel=\"canonical\" href=\"https:\/\/fmsb.eu\/de\/2022\/07\/27\/antonia-mas-estela-derechos-pasajeros-nuevo-procedimiento-reclamacion-aerolineas\/\" \/>\n<meta property=\"og:locale\" content=\"de_DE\" \/>\n<meta property=\"og:type\" content=\"article\" \/>\n<meta property=\"og:title\" content=\"Ant\u00f2nia M\u00aa Mas Estela, sobre los derechos de los pasajeros frente a las aerol\u00edneas y el nuevo procedimiento para hacer reclamaciones - FMSB Abogados y Economistas en Baleares\" \/>\n<meta property=\"og:description\" content=\"&#8211; Derechos de los pasajeros frente a las aerol\u00edneas. Nuevo procedimiento para reclamar. Recientemente, nos encontramos con numerosas noticias acerca de la decisi\u00f3n de los Tribunales de declarar abusivas y nulas algunas pr\u00e1cticas de las aerol\u00edneas que supon\u00edan un perjuicio para el consumidor. Las m\u00e1s comunes, que la gran mayor\u00eda de pasajeros se han visto [&hellip;]\" \/>\n<meta property=\"og:url\" content=\"https:\/\/fmsb.eu\/de\/2022\/07\/27\/antonia-mas-estela-derechos-pasajeros-nuevo-procedimiento-reclamacion-aerolineas\/\" \/>\n<meta property=\"og:site_name\" content=\"FMSB Abogados y Economistas en Baleares\" \/>\n<meta property=\"article:published_time\" content=\"2022-07-27T10:13:54+00:00\" \/>\n<meta property=\"og:image\" content=\"https:\/\/fmsb.eu\/wp-content\/uploads\/2022\/07\/FMSB-Abogados-Nuevo-procedimiento-para-reclamar-a-las-aerolineas-pasajeros-retrasos-cancelaciones-vuelos.jpg\" \/>\n\t<meta property=\"og:image:width\" content=\"955\" \/>\n\t<meta property=\"og:image:height\" content=\"645\" \/>\n\t<meta property=\"og:image:type\" content=\"image\/jpeg\" \/>\n<meta name=\"author\" content=\"fmsb\" \/>\n<meta name=\"twitter:card\" content=\"summary_large_image\" \/>\n<meta name=\"twitter:creator\" content=\"@fmsb-disstint\" \/>\n<meta name=\"twitter:label1\" content=\"Verfasst von\" \/>\n\t<meta name=\"twitter:data1\" content=\"fmsb\" \/>\n\t<meta name=\"twitter:label2\" content=\"Gesch\u00e4tzte Lesezeit\" \/>\n\t<meta name=\"twitter:data2\" content=\"5\u00a0Minuten\" \/>\n<script type=\"application\/ld+json\" class=\"yoast-schema-graph\">{\"@context\":\"https:\\\/\\\/schema.org\",\"@graph\":[{\"@type\":\"Article\",\"@id\":\"https:\\\/\\\/fmsb.eu\\\/de\\\/2022\\\/07\\\/27\\\/antonia-mas-estela-derechos-pasajeros-nuevo-procedimiento-reclamacion-aerolineas\\\/#article\",\"isPartOf\":{\"@id\":\"https:\\\/\\\/fmsb.eu\\\/de\\\/2022\\\/07\\\/27\\\/antonia-mas-estela-derechos-pasajeros-nuevo-procedimiento-reclamacion-aerolineas\\\/\"},\"author\":{\"name\":\"fmsb\",\"@id\":\"https:\\\/\\\/fmsb.eu\\\/de\\\/#\\\/schema\\\/person\\\/9fba7c70814b0cd34d35d655d36a4ca2\"},\"headline\":\"Ant\u00f2nia M\u00aa Mas Estela, sobre los derechos de los pasajeros frente a las aerol\u00edneas y el nuevo procedimiento para hacer reclamaciones\",\"datePublished\":\"2022-07-27T10:13:54+00:00\",\"mainEntityOfPage\":{\"@id\":\"https:\\\/\\\/fmsb.eu\\\/de\\\/2022\\\/07\\\/27\\\/antonia-mas-estela-derechos-pasajeros-nuevo-procedimiento-reclamacion-aerolineas\\\/\"},\"wordCount\":925,\"publisher\":{\"@id\":\"https:\\\/\\\/fmsb.eu\\\/de\\\/#organization\"},\"image\":{\"@id\":\"https:\\\/\\\/fmsb.eu\\\/de\\\/2022\\\/07\\\/27\\\/antonia-mas-estela-derechos-pasajeros-nuevo-procedimiento-reclamacion-aerolineas\\\/#primaryimage\"},\"thumbnailUrl\":\"https:\\\/\\\/fmsb.eu\\\/wp-content\\\/uploads\\\/2022\\\/07\\\/FMSB-Abogados-Nuevo-procedimiento-para-reclamar-a-las-aerolineas-pasajeros-retrasos-cancelaciones-vuelos.jpg\",\"keywords\":[\"abogados\",\"aerol\u00edneas\",\"baleares\",\"cancelaci\u00f3n\",\"compa\u00f1\u00edas a\u00e9reas\",\"compensaci\u00f3n\",\"derecho\",\"deterioro\",\"economistas\",\"equipaje\",\"fmsb\",\"font mora sainz de baranda\",\"ibiza\",\"indemnizaci\u00f3n\",\"lawyers\",\"mallorca\",\"menorca\",\"overbooking\",\"p\u00e9rdida\",\"reclamaci\u00f3n\",\"reclamaciones\",\"retraso\",\"sustracci\u00f3n\",\"vuelos\"],\"articleSection\":[\"actualidad\",\"blog\",\"Consumidores y Usuarios\",\"contratos\",\"derecho de da\u00f1os\",\"Derecho Mercantil\",\"Home\"],\"inLanguage\":\"de\"},{\"@type\":\"WebPage\",\"@id\":\"https:\\\/\\\/fmsb.eu\\\/de\\\/2022\\\/07\\\/27\\\/antonia-mas-estela-derechos-pasajeros-nuevo-procedimiento-reclamacion-aerolineas\\\/\",\"url\":\"https:\\\/\\\/fmsb.eu\\\/de\\\/2022\\\/07\\\/27\\\/antonia-mas-estela-derechos-pasajeros-nuevo-procedimiento-reclamacion-aerolineas\\\/\",\"name\":\"Ant\u00f2nia M\u00aa Mas Estela, sobre los derechos de los pasajeros frente a las aerol\u00edneas y el nuevo procedimiento para hacer reclamaciones - FMSB Abogados y Economistas en Baleares\",\"isPartOf\":{\"@id\":\"https:\\\/\\\/fmsb.eu\\\/de\\\/#website\"},\"primaryImageOfPage\":{\"@id\":\"https:\\\/\\\/fmsb.eu\\\/de\\\/2022\\\/07\\\/27\\\/antonia-mas-estela-derechos-pasajeros-nuevo-procedimiento-reclamacion-aerolineas\\\/#primaryimage\"},\"image\":{\"@id\":\"https:\\\/\\\/fmsb.eu\\\/de\\\/2022\\\/07\\\/27\\\/antonia-mas-estela-derechos-pasajeros-nuevo-procedimiento-reclamacion-aerolineas\\\/#primaryimage\"},\"thumbnailUrl\":\"https:\\\/\\\/fmsb.eu\\\/wp-content\\\/uploads\\\/2022\\\/07\\\/FMSB-Abogados-Nuevo-procedimiento-para-reclamar-a-las-aerolineas-pasajeros-retrasos-cancelaciones-vuelos.jpg\",\"datePublished\":\"2022-07-27T10:13:54+00:00\",\"breadcrumb\":{\"@id\":\"https:\\\/\\\/fmsb.eu\\\/de\\\/2022\\\/07\\\/27\\\/antonia-mas-estela-derechos-pasajeros-nuevo-procedimiento-reclamacion-aerolineas\\\/#breadcrumb\"},\"inLanguage\":\"de\",\"potentialAction\":[{\"@type\":\"ReadAction\",\"target\":[\"https:\\\/\\\/fmsb.eu\\\/de\\\/2022\\\/07\\\/27\\\/antonia-mas-estela-derechos-pasajeros-nuevo-procedimiento-reclamacion-aerolineas\\\/\"]}]},{\"@type\":\"ImageObject\",\"inLanguage\":\"de\",\"@id\":\"https:\\\/\\\/fmsb.eu\\\/de\\\/2022\\\/07\\\/27\\\/antonia-mas-estela-derechos-pasajeros-nuevo-procedimiento-reclamacion-aerolineas\\\/#primaryimage\",\"url\":\"https:\\\/\\\/fmsb.eu\\\/wp-content\\\/uploads\\\/2022\\\/07\\\/FMSB-Abogados-Nuevo-procedimiento-para-reclamar-a-las-aerolineas-pasajeros-retrasos-cancelaciones-vuelos.jpg\",\"contentUrl\":\"https:\\\/\\\/fmsb.eu\\\/wp-content\\\/uploads\\\/2022\\\/07\\\/FMSB-Abogados-Nuevo-procedimiento-para-reclamar-a-las-aerolineas-pasajeros-retrasos-cancelaciones-vuelos.jpg\",\"width\":955,\"height\":645},{\"@type\":\"BreadcrumbList\",\"@id\":\"https:\\\/\\\/fmsb.eu\\\/de\\\/2022\\\/07\\\/27\\\/antonia-mas-estela-derechos-pasajeros-nuevo-procedimiento-reclamacion-aerolineas\\\/#breadcrumb\",\"itemListElement\":[{\"@type\":\"ListItem\",\"position\":1,\"name\":\"Portada\",\"item\":\"https:\\\/\\\/fmsb.eu\\\/de\\\/\"},{\"@type\":\"ListItem\",\"position\":2,\"name\":\"Ant\u00f2nia M\u00aa Mas Estela, sobre los derechos de los pasajeros frente a las aerol\u00edneas y el nuevo procedimiento para hacer reclamaciones\"}]},{\"@type\":\"WebSite\",\"@id\":\"https:\\\/\\\/fmsb.eu\\\/de\\\/#website\",\"url\":\"https:\\\/\\\/fmsb.eu\\\/de\\\/\",\"name\":\"FMSB Abogados y Economistas en Baleares\",\"description\":\"\",\"publisher\":{\"@id\":\"https:\\\/\\\/fmsb.eu\\\/de\\\/#organization\"},\"potentialAction\":[{\"@type\":\"SearchAction\",\"target\":{\"@type\":\"EntryPoint\",\"urlTemplate\":\"https:\\\/\\\/fmsb.eu\\\/de\\\/?s={search_term_string}\"},\"query-input\":{\"@type\":\"PropertyValueSpecification\",\"valueRequired\":true,\"valueName\":\"search_term_string\"}}],\"inLanguage\":\"de\"},{\"@type\":\"Organization\",\"@id\":\"https:\\\/\\\/fmsb.eu\\\/de\\\/#organization\",\"name\":\"FMSB Abogados y Economistas en Baleares\",\"url\":\"https:\\\/\\\/fmsb.eu\\\/de\\\/\",\"logo\":{\"@type\":\"ImageObject\",\"inLanguage\":\"de\",\"@id\":\"https:\\\/\\\/fmsb.eu\\\/de\\\/#\\\/schema\\\/logo\\\/image\\\/\",\"url\":\"https:\\\/\\\/fmsb.eu\\\/wp-content\\\/uploads\\\/2025\\\/02\\\/logo.svg\",\"contentUrl\":\"https:\\\/\\\/fmsb.eu\\\/wp-content\\\/uploads\\\/2025\\\/02\\\/logo.svg\",\"width\":154,\"height\":52,\"caption\":\"FMSB Abogados y Economistas en Baleares\"},\"image\":{\"@id\":\"https:\\\/\\\/fmsb.eu\\\/de\\\/#\\\/schema\\\/logo\\\/image\\\/\"}},{\"@type\":\"Person\",\"@id\":\"https:\\\/\\\/fmsb.eu\\\/de\\\/#\\\/schema\\\/person\\\/9fba7c70814b0cd34d35d655d36a4ca2\",\"name\":\"fmsb\",\"image\":{\"@type\":\"ImageObject\",\"inLanguage\":\"de\",\"@id\":\"https:\\\/\\\/secure.gravatar.com\\\/avatar\\\/426f4d5b0ebcace85460caf87cdaaa193694b611e990615d87a13f322fb7ee7f?s=96&d=mm&r=g\",\"url\":\"https:\\\/\\\/secure.gravatar.com\\\/avatar\\\/426f4d5b0ebcace85460caf87cdaaa193694b611e990615d87a13f322fb7ee7f?s=96&d=mm&r=g\",\"contentUrl\":\"https:\\\/\\\/secure.gravatar.com\\\/avatar\\\/426f4d5b0ebcace85460caf87cdaaa193694b611e990615d87a13f322fb7ee7f?s=96&d=mm&r=g\",\"caption\":\"fmsb\"},\"sameAs\":[\"https:\\\/\\\/x.com\\\/fmsb-disstint\"],\"url\":\"https:\\\/\\\/fmsb.eu\\\/de\\\/author\\\/fmsb\\\/\"}]}<\/script>\n<!-- \/ Yoast SEO plugin. -->","yoast_head_json":{"title":"Ant\u00f2nia M\u00aa Mas Estela, sobre los derechos de los pasajeros frente a las aerol\u00edneas y el nuevo procedimiento para hacer reclamaciones - FMSB Abogados y Economistas en Baleares","robots":{"index":"index","follow":"follow","max-snippet":"max-snippet:-1","max-image-preview":"max-image-preview:large","max-video-preview":"max-video-preview:-1"},"canonical":"https:\/\/fmsb.eu\/de\/2022\/07\/27\/antonia-mas-estela-derechos-pasajeros-nuevo-procedimiento-reclamacion-aerolineas\/","og_locale":"de_DE","og_type":"article","og_title":"Ant\u00f2nia M\u00aa Mas Estela, sobre los derechos de los pasajeros frente a las aerol\u00edneas y el nuevo procedimiento para hacer reclamaciones - FMSB Abogados y Economistas en Baleares","og_description":"&#8211; Derechos de los pasajeros frente a las aerol\u00edneas. Nuevo procedimiento para reclamar. Recientemente, nos encontramos con numerosas noticias acerca de la decisi\u00f3n de los Tribunales de declarar abusivas y nulas algunas pr\u00e1cticas de las aerol\u00edneas que supon\u00edan un perjuicio para el consumidor. Las m\u00e1s comunes, que la gran mayor\u00eda de pasajeros se han visto [&hellip;]","og_url":"https:\/\/fmsb.eu\/de\/2022\/07\/27\/antonia-mas-estela-derechos-pasajeros-nuevo-procedimiento-reclamacion-aerolineas\/","og_site_name":"FMSB Abogados y Economistas en Baleares","article_published_time":"2022-07-27T10:13:54+00:00","og_image":[{"width":955,"height":645,"url":"https:\/\/fmsb.eu\/wp-content\/uploads\/2022\/07\/FMSB-Abogados-Nuevo-procedimiento-para-reclamar-a-las-aerolineas-pasajeros-retrasos-cancelaciones-vuelos.jpg","type":"image\/jpeg"}],"author":"fmsb","twitter_card":"summary_large_image","twitter_creator":"@fmsb-disstint","twitter_misc":{"Verfasst von":"fmsb","Gesch\u00e4tzte Lesezeit":"5\u00a0Minuten"},"schema":{"@context":"https:\/\/schema.org","@graph":[{"@type":"Article","@id":"https:\/\/fmsb.eu\/de\/2022\/07\/27\/antonia-mas-estela-derechos-pasajeros-nuevo-procedimiento-reclamacion-aerolineas\/#article","isPartOf":{"@id":"https:\/\/fmsb.eu\/de\/2022\/07\/27\/antonia-mas-estela-derechos-pasajeros-nuevo-procedimiento-reclamacion-aerolineas\/"},"author":{"name":"fmsb","@id":"https:\/\/fmsb.eu\/de\/#\/schema\/person\/9fba7c70814b0cd34d35d655d36a4ca2"},"headline":"Ant\u00f2nia M\u00aa Mas Estela, sobre los derechos de los pasajeros frente a las aerol\u00edneas y el nuevo procedimiento para hacer reclamaciones","datePublished":"2022-07-27T10:13:54+00:00","mainEntityOfPage":{"@id":"https:\/\/fmsb.eu\/de\/2022\/07\/27\/antonia-mas-estela-derechos-pasajeros-nuevo-procedimiento-reclamacion-aerolineas\/"},"wordCount":925,"publisher":{"@id":"https:\/\/fmsb.eu\/de\/#organization"},"image":{"@id":"https:\/\/fmsb.eu\/de\/2022\/07\/27\/antonia-mas-estela-derechos-pasajeros-nuevo-procedimiento-reclamacion-aerolineas\/#primaryimage"},"thumbnailUrl":"https:\/\/fmsb.eu\/wp-content\/uploads\/2022\/07\/FMSB-Abogados-Nuevo-procedimiento-para-reclamar-a-las-aerolineas-pasajeros-retrasos-cancelaciones-vuelos.jpg","keywords":["abogados","aerol\u00edneas","baleares","cancelaci\u00f3n","compa\u00f1\u00edas a\u00e9reas","compensaci\u00f3n","derecho","deterioro","economistas","equipaje","fmsb","font mora sainz de baranda","ibiza","indemnizaci\u00f3n","lawyers","mallorca","menorca","overbooking","p\u00e9rdida","reclamaci\u00f3n","reclamaciones","retraso","sustracci\u00f3n","vuelos"],"articleSection":["actualidad","blog","Consumidores y Usuarios","contratos","derecho de da\u00f1os","Derecho Mercantil","Home"],"inLanguage":"de"},{"@type":"WebPage","@id":"https:\/\/fmsb.eu\/de\/2022\/07\/27\/antonia-mas-estela-derechos-pasajeros-nuevo-procedimiento-reclamacion-aerolineas\/","url":"https:\/\/fmsb.eu\/de\/2022\/07\/27\/antonia-mas-estela-derechos-pasajeros-nuevo-procedimiento-reclamacion-aerolineas\/","name":"Ant\u00f2nia M\u00aa Mas Estela, sobre los derechos de los pasajeros frente a las aerol\u00edneas y el nuevo procedimiento para hacer reclamaciones - FMSB Abogados y Economistas en Baleares","isPartOf":{"@id":"https:\/\/fmsb.eu\/de\/#website"},"primaryImageOfPage":{"@id":"https:\/\/fmsb.eu\/de\/2022\/07\/27\/antonia-mas-estela-derechos-pasajeros-nuevo-procedimiento-reclamacion-aerolineas\/#primaryimage"},"image":{"@id":"https:\/\/fmsb.eu\/de\/2022\/07\/27\/antonia-mas-estela-derechos-pasajeros-nuevo-procedimiento-reclamacion-aerolineas\/#primaryimage"},"thumbnailUrl":"https:\/\/fmsb.eu\/wp-content\/uploads\/2022\/07\/FMSB-Abogados-Nuevo-procedimiento-para-reclamar-a-las-aerolineas-pasajeros-retrasos-cancelaciones-vuelos.jpg","datePublished":"2022-07-27T10:13:54+00:00","breadcrumb":{"@id":"https:\/\/fmsb.eu\/de\/2022\/07\/27\/antonia-mas-estela-derechos-pasajeros-nuevo-procedimiento-reclamacion-aerolineas\/#breadcrumb"},"inLanguage":"de","potentialAction":[{"@type":"ReadAction","target":["https:\/\/fmsb.eu\/de\/2022\/07\/27\/antonia-mas-estela-derechos-pasajeros-nuevo-procedimiento-reclamacion-aerolineas\/"]}]},{"@type":"ImageObject","inLanguage":"de","@id":"https:\/\/fmsb.eu\/de\/2022\/07\/27\/antonia-mas-estela-derechos-pasajeros-nuevo-procedimiento-reclamacion-aerolineas\/#primaryimage","url":"https:\/\/fmsb.eu\/wp-content\/uploads\/2022\/07\/FMSB-Abogados-Nuevo-procedimiento-para-reclamar-a-las-aerolineas-pasajeros-retrasos-cancelaciones-vuelos.jpg","contentUrl":"https:\/\/fmsb.eu\/wp-content\/uploads\/2022\/07\/FMSB-Abogados-Nuevo-procedimiento-para-reclamar-a-las-aerolineas-pasajeros-retrasos-cancelaciones-vuelos.jpg","width":955,"height":645},{"@type":"BreadcrumbList","@id":"https:\/\/fmsb.eu\/de\/2022\/07\/27\/antonia-mas-estela-derechos-pasajeros-nuevo-procedimiento-reclamacion-aerolineas\/#breadcrumb","itemListElement":[{"@type":"ListItem","position":1,"name":"Portada","item":"https:\/\/fmsb.eu\/de\/"},{"@type":"ListItem","position":2,"name":"Ant\u00f2nia M\u00aa Mas Estela, sobre los derechos de los pasajeros frente a las aerol\u00edneas y el nuevo procedimiento para hacer reclamaciones"}]},{"@type":"WebSite","@id":"https:\/\/fmsb.eu\/de\/#website","url":"https:\/\/fmsb.eu\/de\/","name":"FMSB Abogados y Economistas en Baleares","description":"","publisher":{"@id":"https:\/\/fmsb.eu\/de\/#organization"},"potentialAction":[{"@type":"SearchAction","target":{"@type":"EntryPoint","urlTemplate":"https:\/\/fmsb.eu\/de\/?s={search_term_string}"},"query-input":{"@type":"PropertyValueSpecification","valueRequired":true,"valueName":"search_term_string"}}],"inLanguage":"de"},{"@type":"Organization","@id":"https:\/\/fmsb.eu\/de\/#organization","name":"FMSB Abogados y Economistas en Baleares","url":"https:\/\/fmsb.eu\/de\/","logo":{"@type":"ImageObject","inLanguage":"de","@id":"https:\/\/fmsb.eu\/de\/#\/schema\/logo\/image\/","url":"https:\/\/fmsb.eu\/wp-content\/uploads\/2025\/02\/logo.svg","contentUrl":"https:\/\/fmsb.eu\/wp-content\/uploads\/2025\/02\/logo.svg","width":154,"height":52,"caption":"FMSB Abogados y Economistas en Baleares"},"image":{"@id":"https:\/\/fmsb.eu\/de\/#\/schema\/logo\/image\/"}},{"@type":"Person","@id":"https:\/\/fmsb.eu\/de\/#\/schema\/person\/9fba7c70814b0cd34d35d655d36a4ca2","name":"fmsb","image":{"@type":"ImageObject","inLanguage":"de","@id":"https:\/\/secure.gravatar.com\/avatar\/426f4d5b0ebcace85460caf87cdaaa193694b611e990615d87a13f322fb7ee7f?s=96&d=mm&r=g","url":"https:\/\/secure.gravatar.com\/avatar\/426f4d5b0ebcace85460caf87cdaaa193694b611e990615d87a13f322fb7ee7f?s=96&d=mm&r=g","contentUrl":"https:\/\/secure.gravatar.com\/avatar\/426f4d5b0ebcace85460caf87cdaaa193694b611e990615d87a13f322fb7ee7f?s=96&d=mm&r=g","caption":"fmsb"},"sameAs":["https:\/\/x.com\/fmsb-disstint"],"url":"https:\/\/fmsb.eu\/de\/author\/fmsb\/"}]}},"_links":{"self":[{"href":"https:\/\/fmsb.eu\/de\/wp-json\/wp\/v2\/posts\/11353","targetHints":{"allow":["GET"]}}],"collection":[{"href":"https:\/\/fmsb.eu\/de\/wp-json\/wp\/v2\/posts"}],"about":[{"href":"https:\/\/fmsb.eu\/de\/wp-json\/wp\/v2\/types\/post"}],"author":[{"embeddable":true,"href":"https:\/\/fmsb.eu\/de\/wp-json\/wp\/v2\/users\/2"}],"replies":[{"embeddable":true,"href":"https:\/\/fmsb.eu\/de\/wp-json\/wp\/v2\/comments?post=11353"}],"version-history":[{"count":0,"href":"https:\/\/fmsb.eu\/de\/wp-json\/wp\/v2\/posts\/11353\/revisions"}],"wp:featuredmedia":[{"embeddable":true,"href":"https:\/\/fmsb.eu\/de\/wp-json\/wp\/v2\/media\/9817"}],"wp:attachment":[{"href":"https:\/\/fmsb.eu\/de\/wp-json\/wp\/v2\/media?parent=11353"}],"wp:term":[{"taxonomy":"category","embeddable":true,"href":"https:\/\/fmsb.eu\/de\/wp-json\/wp\/v2\/categories?post=11353"},{"taxonomy":"post_tag","embeddable":true,"href":"https:\/\/fmsb.eu\/de\/wp-json\/wp\/v2\/tags?post=11353"}],"curies":[{"name":"wp","href":"https:\/\/api.w.org\/{rel}","templated":true}]}}