{"id":11359,"date":"2022-07-19T19:52:19","date_gmt":"2022-07-19T17:52:19","guid":{"rendered":"http:\/\/fmsb.disstintbeta.com\/2022\/07\/19\/diego-coronado-proceso-penal-juicio-fibwi4\/"},"modified":"2022-07-19T19:52:19","modified_gmt":"2022-07-19T17:52:19","slug":"diego-coronado-proceso-penal-juicio-fibwi4","status":"publish","type":"post","link":"https:\/\/fmsb.eu\/de\/2022\/07\/19\/diego-coronado-proceso-penal-juicio-fibwi4\/","title":{"rendered":"El abogado Diego Coronado sobre los procedimientos penales y los juicios en noticias fibwi4"},"content":{"rendered":"<p><iframe title=\"El abogado Diego Coronado entrevistado acerca de los avatares de un proceso penal en noticias fibwi\" width=\"800\" height=\"450\" src=\"https:\/\/www.youtube.com\/embed\/FKJHtbS6WaM?feature=oembed\" frameborder=\"0\" allow=\"accelerometer; autoplay; clipboard-write; encrypted-media; gyroscope; picture-in-picture; web-share\" referrerpolicy=\"strict-origin-when-cross-origin\" allowfullscreen><\/iframe><\/p>\n<h1><\/h1>\n<h1>El abogado Diego Coronado sobre los procedimientos penales y los juicios en noticias fibwi4<\/h1>\n<p>El abogado especializado en derecho procesal, en este caso penal, <strong>Diego Coronado<\/strong> fue invitado al programa informativo <a href=\"https:\/\/fibwi.live\/tv\/program\/NOTICIAS\"><strong>fibwi4 noticias<\/strong><\/a> para responder a diversas cuestiones jur\u00eddicas relacionadas con los procedimientos penales y los juicios. As\u00ed, el socio de <strong>Font Mora Sainz de Baranda &#8211;<em>abogados y economista<\/em>s-<\/strong> respondi\u00f3 a cuestiones para ilustrar a la audiencia sobre cuestiones b\u00e1sicas del orden del proceso penal, la instrucci\u00f3n, las cuestiones previas y el juicio oral, la pr\u00e1ctica de la prueba, la intervenci\u00f3n de las acusaciones, las defensas y el Ministerio fiscal, la presunci\u00f3n de inocencia y el derecho a no declarar del acusado, etc.<\/p>\n<p>Recuerda que puedes ver la programaci\u00f3n del canal <strong><a href=\"https:\/\/fibwi.live\/\">fibwi<\/a> <\/strong>en Baleares sintonizando tu receptor y tambi\u00e9n a trav\u00e9s de su web en la secci\u00f3n. <strong><a href=\"https:\/\/fibwi.live\/tv\">fibwi<em> a la carta<\/em><\/a>.<\/strong><\/p>\n<hr \/>\n<p><span style=\"color: #999999;\">#fmsb #abogados #economistas #derecho #penal #proceso #instrucci\u00f3n #juicio #procedimiento #prueba # #palma #mallorca #menorca #ibiza #baleares #manacor #elarenal #portdandratx #law #lawyers #solicitors #casocursach<br \/>\n<\/span><\/p>\n","protected":false},"excerpt":{"rendered":"<p>El abogado Diego Coronado sobre los procedimientos penales y los juicios en noticias fibwi4 El abogado especializado en derecho procesal, en este caso penal, Diego Coronado fue invitado al programa informativo fibwi4 noticias para responder a diversas cuestiones jur\u00eddicas relacionadas con los procedimientos penales y los juicios. As\u00ed, el socio de Font Mora Sainz de [&hellip;]<\/p>\n","protected":false},"author":2,"featured_media":9811,"comment_status":"closed","ping_status":"open","sticky":false,"template":"","format":"standard","meta":{"footnotes":""},"categories":[2198,2199,2387,2202],"tags":[2206,5116,2208,5117,5118,2398,4860,2218,2219,2223,2224,2225,5119,5120,2228,2229,2231,2232,2234,2236,3996,3997,5121,4001],"class_list":["post-11359","post","type-post","status-publish","format-standard","has-post-thumbnail","hentry","category-actualidad-de","category-blog-de","category-derecho-penal-de","category-home-de","tag-abogados-de","tag-agresion-homofoba-de","tag-baleares-de","tag-caso-cursach-de","tag-denuncia-falsa-de","tag-derecho-penal-de","tag-diego-coronado-de","tag-economistas-de","tag-el-arenal-de","tag-fmsb-de","tag-font-mora-sainz-de-baranda-de","tag-ibiza-de","tag-juicio-mediatico-de","tag-juicio-penal-de","tag-law-de","tag-lawyers-de","tag-mallorca-de","tag-manacor-de","tag-menorca-de","tag-port-dandratx-de","tag-procedimiento-penal-de","tag-proceso-penal-de","tag-simulacion-de-delito-de","tag-solicitos-de"],"yoast_head":"<!-- This site is optimized with the Yoast SEO plugin v27.3 - https:\/\/yoast.com\/product\/yoast-seo-wordpress\/ -->\n<title>El abogado Diego Coronado sobre los procedimientos penales y los juicios en noticias fibwi4 - FMSB Abogados y Economistas en Baleares<\/title>\n<meta name=\"robots\" content=\"index, follow, max-snippet:-1, max-image-preview:large, max-video-preview:-1\" \/>\n<link rel=\"canonical\" href=\"https:\/\/fmsb.eu\/de\/2022\/07\/19\/diego-coronado-proceso-penal-juicio-fibwi4\/\" \/>\n<meta property=\"og:locale\" content=\"de_DE\" \/>\n<meta property=\"og:type\" content=\"article\" \/>\n<meta property=\"og:title\" content=\"El abogado Diego Coronado sobre los procedimientos penales y los juicios en noticias fibwi4 - FMSB Abogados y Economistas en Baleares\" \/>\n<meta property=\"og:description\" content=\"El abogado Diego Coronado sobre los procedimientos penales y los juicios en noticias fibwi4 El abogado especializado en derecho procesal, en este caso penal, Diego Coronado fue invitado al programa informativo fibwi4 noticias para responder a diversas cuestiones jur\u00eddicas relacionadas con los procedimientos penales y los juicios. As\u00ed, el socio de Font Mora Sainz de [&hellip;]\" \/>\n<meta property=\"og:url\" content=\"https:\/\/fmsb.eu\/de\/2022\/07\/19\/diego-coronado-proceso-penal-juicio-fibwi4\/\" \/>\n<meta property=\"og:site_name\" content=\"FMSB Abogados y Economistas en Baleares\" \/>\n<meta property=\"article:published_time\" content=\"2022-07-19T17:52:19+00:00\" \/>\n<meta property=\"og:image\" content=\"https:\/\/fmsb.eu\/wp-content\/uploads\/2022\/07\/Captura-de-pantalla-2022-07-19-195017.jpg\" \/>\n\t<meta property=\"og:image:width\" content=\"1833\" \/>\n\t<meta property=\"og:image:height\" content=\"1024\" \/>\n\t<meta property=\"og:image:type\" content=\"image\/jpeg\" \/>\n<meta name=\"author\" content=\"fmsb\" \/>\n<meta name=\"twitter:card\" content=\"summary_large_image\" \/>\n<meta name=\"twitter:creator\" content=\"@fmsb-disstint\" \/>\n<meta name=\"twitter:label1\" content=\"Verfasst von\" \/>\n\t<meta name=\"twitter:data1\" content=\"fmsb\" \/>\n\t<meta name=\"twitter:label2\" content=\"Gesch\u00e4tzte Lesezeit\" \/>\n\t<meta name=\"twitter:data2\" content=\"1\u00a0Minute\" \/>\n<script type=\"application\/ld+json\" class=\"yoast-schema-graph\">{\"@context\":\"https:\\\/\\\/schema.org\",\"@graph\":[{\"@type\":\"Article\",\"@id\":\"https:\\\/\\\/fmsb.eu\\\/de\\\/2022\\\/07\\\/19\\\/diego-coronado-proceso-penal-juicio-fibwi4\\\/#article\",\"isPartOf\":{\"@id\":\"https:\\\/\\\/fmsb.eu\\\/de\\\/2022\\\/07\\\/19\\\/diego-coronado-proceso-penal-juicio-fibwi4\\\/\"},\"author\":{\"name\":\"fmsb\",\"@id\":\"https:\\\/\\\/fmsb.eu\\\/de\\\/#\\\/schema\\\/person\\\/9fba7c70814b0cd34d35d655d36a4ca2\"},\"headline\":\"El abogado Diego Coronado sobre los procedimientos penales y los juicios en noticias fibwi4\",\"datePublished\":\"2022-07-19T17:52:19+00:00\",\"mainEntityOfPage\":{\"@id\":\"https:\\\/\\\/fmsb.eu\\\/de\\\/2022\\\/07\\\/19\\\/diego-coronado-proceso-penal-juicio-fibwi4\\\/\"},\"wordCount\":193,\"publisher\":{\"@id\":\"https:\\\/\\\/fmsb.eu\\\/de\\\/#organization\"},\"image\":{\"@id\":\"https:\\\/\\\/fmsb.eu\\\/de\\\/2022\\\/07\\\/19\\\/diego-coronado-proceso-penal-juicio-fibwi4\\\/#primaryimage\"},\"thumbnailUrl\":\"https:\\\/\\\/fmsb.eu\\\/wp-content\\\/uploads\\\/2022\\\/07\\\/Captura-de-pantalla-2022-07-19-195017.jpg\",\"keywords\":[\"abogados\",\"agresi\u00f3n hom\u00f3foba\",\"baleares\",\"caso cursach\",\"denuncia falsa\",\"derecho penal\",\"diego coronado\",\"economistas\",\"el arenal\",\"fmsb\",\"font mora sainz de baranda\",\"ibiza\",\"juicio medi\u00e1tico\",\"juicio penal\",\"law\",\"lawyers\",\"mallorca\",\"Manacor\",\"menorca\",\"port d&#8217;andratx\",\"procedimiento penal\",\"proceso penal\",\"simulaci\u00f3n de delito\",\"solicitos\"],\"articleSection\":[\"actualidad\",\"blog\",\"Derecho Penal\",\"Home\"],\"inLanguage\":\"de\"},{\"@type\":\"WebPage\",\"@id\":\"https:\\\/\\\/fmsb.eu\\\/de\\\/2022\\\/07\\\/19\\\/diego-coronado-proceso-penal-juicio-fibwi4\\\/\",\"url\":\"https:\\\/\\\/fmsb.eu\\\/de\\\/2022\\\/07\\\/19\\\/diego-coronado-proceso-penal-juicio-fibwi4\\\/\",\"name\":\"El abogado Diego Coronado sobre los procedimientos penales y los juicios en noticias fibwi4 - FMSB Abogados y Economistas en Baleares\",\"isPartOf\":{\"@id\":\"https:\\\/\\\/fmsb.eu\\\/de\\\/#website\"},\"primaryImageOfPage\":{\"@id\":\"https:\\\/\\\/fmsb.eu\\\/de\\\/2022\\\/07\\\/19\\\/diego-coronado-proceso-penal-juicio-fibwi4\\\/#primaryimage\"},\"image\":{\"@id\":\"https:\\\/\\\/fmsb.eu\\\/de\\\/2022\\\/07\\\/19\\\/diego-coronado-proceso-penal-juicio-fibwi4\\\/#primaryimage\"},\"thumbnailUrl\":\"https:\\\/\\\/fmsb.eu\\\/wp-content\\\/uploads\\\/2022\\\/07\\\/Captura-de-pantalla-2022-07-19-195017.jpg\",\"datePublished\":\"2022-07-19T17:52:19+00:00\",\"breadcrumb\":{\"@id\":\"https:\\\/\\\/fmsb.eu\\\/de\\\/2022\\\/07\\\/19\\\/diego-coronado-proceso-penal-juicio-fibwi4\\\/#breadcrumb\"},\"inLanguage\":\"de\",\"potentialAction\":[{\"@type\":\"ReadAction\",\"target\":[\"https:\\\/\\\/fmsb.eu\\\/de\\\/2022\\\/07\\\/19\\\/diego-coronado-proceso-penal-juicio-fibwi4\\\/\"]}]},{\"@type\":\"ImageObject\",\"inLanguage\":\"de\",\"@id\":\"https:\\\/\\\/fmsb.eu\\\/de\\\/2022\\\/07\\\/19\\\/diego-coronado-proceso-penal-juicio-fibwi4\\\/#primaryimage\",\"url\":\"https:\\\/\\\/fmsb.eu\\\/wp-content\\\/uploads\\\/2022\\\/07\\\/Captura-de-pantalla-2022-07-19-195017.jpg\",\"contentUrl\":\"https:\\\/\\\/fmsb.eu\\\/wp-content\\\/uploads\\\/2022\\\/07\\\/Captura-de-pantalla-2022-07-19-195017.jpg\",\"width\":1833,\"height\":1024},{\"@type\":\"BreadcrumbList\",\"@id\":\"https:\\\/\\\/fmsb.eu\\\/de\\\/2022\\\/07\\\/19\\\/diego-coronado-proceso-penal-juicio-fibwi4\\\/#breadcrumb\",\"itemListElement\":[{\"@type\":\"ListItem\",\"position\":1,\"name\":\"Portada\",\"item\":\"https:\\\/\\\/fmsb.eu\\\/de\\\/\"},{\"@type\":\"ListItem\",\"position\":2,\"name\":\"El abogado Diego Coronado sobre los procedimientos penales y los juicios en noticias fibwi4\"}]},{\"@type\":\"WebSite\",\"@id\":\"https:\\\/\\\/fmsb.eu\\\/de\\\/#website\",\"url\":\"https:\\\/\\\/fmsb.eu\\\/de\\\/\",\"name\":\"FMSB Abogados y Economistas en Baleares\",\"description\":\"\",\"publisher\":{\"@id\":\"https:\\\/\\\/fmsb.eu\\\/de\\\/#organization\"},\"potentialAction\":[{\"@type\":\"SearchAction\",\"target\":{\"@type\":\"EntryPoint\",\"urlTemplate\":\"https:\\\/\\\/fmsb.eu\\\/de\\\/?s={search_term_string}\"},\"query-input\":{\"@type\":\"PropertyValueSpecification\",\"valueRequired\":true,\"valueName\":\"search_term_string\"}}],\"inLanguage\":\"de\"},{\"@type\":\"Organization\",\"@id\":\"https:\\\/\\\/fmsb.eu\\\/de\\\/#organization\",\"name\":\"FMSB Abogados y Economistas en Baleares\",\"url\":\"https:\\\/\\\/fmsb.eu\\\/de\\\/\",\"logo\":{\"@type\":\"ImageObject\",\"inLanguage\":\"de\",\"@id\":\"https:\\\/\\\/fmsb.eu\\\/de\\\/#\\\/schema\\\/logo\\\/image\\\/\",\"url\":\"https:\\\/\\\/fmsb.eu\\\/wp-content\\\/uploads\\\/2025\\\/02\\\/logo.svg\",\"contentUrl\":\"https:\\\/\\\/fmsb.eu\\\/wp-content\\\/uploads\\\/2025\\\/02\\\/logo.svg\",\"width\":154,\"height\":52,\"caption\":\"FMSB Abogados y Economistas en Baleares\"},\"image\":{\"@id\":\"https:\\\/\\\/fmsb.eu\\\/de\\\/#\\\/schema\\\/logo\\\/image\\\/\"}},{\"@type\":\"Person\",\"@id\":\"https:\\\/\\\/fmsb.eu\\\/de\\\/#\\\/schema\\\/person\\\/9fba7c70814b0cd34d35d655d36a4ca2\",\"name\":\"fmsb\",\"image\":{\"@type\":\"ImageObject\",\"inLanguage\":\"de\",\"@id\":\"https:\\\/\\\/secure.gravatar.com\\\/avatar\\\/426f4d5b0ebcace85460caf87cdaaa193694b611e990615d87a13f322fb7ee7f?s=96&d=mm&r=g\",\"url\":\"https:\\\/\\\/secure.gravatar.com\\\/avatar\\\/426f4d5b0ebcace85460caf87cdaaa193694b611e990615d87a13f322fb7ee7f?s=96&d=mm&r=g\",\"contentUrl\":\"https:\\\/\\\/secure.gravatar.com\\\/avatar\\\/426f4d5b0ebcace85460caf87cdaaa193694b611e990615d87a13f322fb7ee7f?s=96&d=mm&r=g\",\"caption\":\"fmsb\"},\"sameAs\":[\"https:\\\/\\\/x.com\\\/fmsb-disstint\"],\"url\":\"https:\\\/\\\/fmsb.eu\\\/de\\\/author\\\/fmsb\\\/\"}]}<\/script>\n<!-- \/ Yoast SEO plugin. -->","yoast_head_json":{"title":"El abogado Diego Coronado sobre los procedimientos penales y los juicios en noticias fibwi4 - FMSB Abogados y Economistas en Baleares","robots":{"index":"index","follow":"follow","max-snippet":"max-snippet:-1","max-image-preview":"max-image-preview:large","max-video-preview":"max-video-preview:-1"},"canonical":"https:\/\/fmsb.eu\/de\/2022\/07\/19\/diego-coronado-proceso-penal-juicio-fibwi4\/","og_locale":"de_DE","og_type":"article","og_title":"El abogado Diego Coronado sobre los procedimientos penales y los juicios en noticias fibwi4 - FMSB Abogados y Economistas en Baleares","og_description":"El abogado Diego Coronado sobre los procedimientos penales y los juicios en noticias fibwi4 El abogado especializado en derecho procesal, en este caso penal, Diego Coronado fue invitado al programa informativo fibwi4 noticias para responder a diversas cuestiones jur\u00eddicas relacionadas con los procedimientos penales y los juicios. As\u00ed, el socio de Font Mora Sainz de [&hellip;]","og_url":"https:\/\/fmsb.eu\/de\/2022\/07\/19\/diego-coronado-proceso-penal-juicio-fibwi4\/","og_site_name":"FMSB Abogados y Economistas en Baleares","article_published_time":"2022-07-19T17:52:19+00:00","og_image":[{"width":1833,"height":1024,"url":"https:\/\/fmsb.eu\/wp-content\/uploads\/2022\/07\/Captura-de-pantalla-2022-07-19-195017.jpg","type":"image\/jpeg"}],"author":"fmsb","twitter_card":"summary_large_image","twitter_creator":"@fmsb-disstint","twitter_misc":{"Verfasst von":"fmsb","Gesch\u00e4tzte Lesezeit":"1\u00a0Minute"},"schema":{"@context":"https:\/\/schema.org","@graph":[{"@type":"Article","@id":"https:\/\/fmsb.eu\/de\/2022\/07\/19\/diego-coronado-proceso-penal-juicio-fibwi4\/#article","isPartOf":{"@id":"https:\/\/fmsb.eu\/de\/2022\/07\/19\/diego-coronado-proceso-penal-juicio-fibwi4\/"},"author":{"name":"fmsb","@id":"https:\/\/fmsb.eu\/de\/#\/schema\/person\/9fba7c70814b0cd34d35d655d36a4ca2"},"headline":"El abogado Diego Coronado sobre los procedimientos penales y los juicios en noticias fibwi4","datePublished":"2022-07-19T17:52:19+00:00","mainEntityOfPage":{"@id":"https:\/\/fmsb.eu\/de\/2022\/07\/19\/diego-coronado-proceso-penal-juicio-fibwi4\/"},"wordCount":193,"publisher":{"@id":"https:\/\/fmsb.eu\/de\/#organization"},"image":{"@id":"https:\/\/fmsb.eu\/de\/2022\/07\/19\/diego-coronado-proceso-penal-juicio-fibwi4\/#primaryimage"},"thumbnailUrl":"https:\/\/fmsb.eu\/wp-content\/uploads\/2022\/07\/Captura-de-pantalla-2022-07-19-195017.jpg","keywords":["abogados","agresi\u00f3n hom\u00f3foba","baleares","caso cursach","denuncia falsa","derecho penal","diego coronado","economistas","el arenal","fmsb","font mora sainz de baranda","ibiza","juicio medi\u00e1tico","juicio penal","law","lawyers","mallorca","Manacor","menorca","port d&#8217;andratx","procedimiento penal","proceso penal","simulaci\u00f3n de delito","solicitos"],"articleSection":["actualidad","blog","Derecho Penal","Home"],"inLanguage":"de"},{"@type":"WebPage","@id":"https:\/\/fmsb.eu\/de\/2022\/07\/19\/diego-coronado-proceso-penal-juicio-fibwi4\/","url":"https:\/\/fmsb.eu\/de\/2022\/07\/19\/diego-coronado-proceso-penal-juicio-fibwi4\/","name":"El abogado Diego Coronado sobre los procedimientos penales y los juicios en noticias fibwi4 - FMSB Abogados y Economistas en Baleares","isPartOf":{"@id":"https:\/\/fmsb.eu\/de\/#website"},"primaryImageOfPage":{"@id":"https:\/\/fmsb.eu\/de\/2022\/07\/19\/diego-coronado-proceso-penal-juicio-fibwi4\/#primaryimage"},"image":{"@id":"https:\/\/fmsb.eu\/de\/2022\/07\/19\/diego-coronado-proceso-penal-juicio-fibwi4\/#primaryimage"},"thumbnailUrl":"https:\/\/fmsb.eu\/wp-content\/uploads\/2022\/07\/Captura-de-pantalla-2022-07-19-195017.jpg","datePublished":"2022-07-19T17:52:19+00:00","breadcrumb":{"@id":"https:\/\/fmsb.eu\/de\/2022\/07\/19\/diego-coronado-proceso-penal-juicio-fibwi4\/#breadcrumb"},"inLanguage":"de","potentialAction":[{"@type":"ReadAction","target":["https:\/\/fmsb.eu\/de\/2022\/07\/19\/diego-coronado-proceso-penal-juicio-fibwi4\/"]}]},{"@type":"ImageObject","inLanguage":"de","@id":"https:\/\/fmsb.eu\/de\/2022\/07\/19\/diego-coronado-proceso-penal-juicio-fibwi4\/#primaryimage","url":"https:\/\/fmsb.eu\/wp-content\/uploads\/2022\/07\/Captura-de-pantalla-2022-07-19-195017.jpg","contentUrl":"https:\/\/fmsb.eu\/wp-content\/uploads\/2022\/07\/Captura-de-pantalla-2022-07-19-195017.jpg","width":1833,"height":1024},{"@type":"BreadcrumbList","@id":"https:\/\/fmsb.eu\/de\/2022\/07\/19\/diego-coronado-proceso-penal-juicio-fibwi4\/#breadcrumb","itemListElement":[{"@type":"ListItem","position":1,"name":"Portada","item":"https:\/\/fmsb.eu\/de\/"},{"@type":"ListItem","position":2,"name":"El abogado Diego Coronado sobre los procedimientos penales y los juicios en noticias fibwi4"}]},{"@type":"WebSite","@id":"https:\/\/fmsb.eu\/de\/#website","url":"https:\/\/fmsb.eu\/de\/","name":"FMSB Abogados y Economistas en Baleares","description":"","publisher":{"@id":"https:\/\/fmsb.eu\/de\/#organization"},"potentialAction":[{"@type":"SearchAction","target":{"@type":"EntryPoint","urlTemplate":"https:\/\/fmsb.eu\/de\/?s={search_term_string}"},"query-input":{"@type":"PropertyValueSpecification","valueRequired":true,"valueName":"search_term_string"}}],"inLanguage":"de"},{"@type":"Organization","@id":"https:\/\/fmsb.eu\/de\/#organization","name":"FMSB Abogados y Economistas en Baleares","url":"https:\/\/fmsb.eu\/de\/","logo":{"@type":"ImageObject","inLanguage":"de","@id":"https:\/\/fmsb.eu\/de\/#\/schema\/logo\/image\/","url":"https:\/\/fmsb.eu\/wp-content\/uploads\/2025\/02\/logo.svg","contentUrl":"https:\/\/fmsb.eu\/wp-content\/uploads\/2025\/02\/logo.svg","width":154,"height":52,"caption":"FMSB Abogados y Economistas en Baleares"},"image":{"@id":"https:\/\/fmsb.eu\/de\/#\/schema\/logo\/image\/"}},{"@type":"Person","@id":"https:\/\/fmsb.eu\/de\/#\/schema\/person\/9fba7c70814b0cd34d35d655d36a4ca2","name":"fmsb","image":{"@type":"ImageObject","inLanguage":"de","@id":"https:\/\/secure.gravatar.com\/avatar\/426f4d5b0ebcace85460caf87cdaaa193694b611e990615d87a13f322fb7ee7f?s=96&d=mm&r=g","url":"https:\/\/secure.gravatar.com\/avatar\/426f4d5b0ebcace85460caf87cdaaa193694b611e990615d87a13f322fb7ee7f?s=96&d=mm&r=g","contentUrl":"https:\/\/secure.gravatar.com\/avatar\/426f4d5b0ebcace85460caf87cdaaa193694b611e990615d87a13f322fb7ee7f?s=96&d=mm&r=g","caption":"fmsb"},"sameAs":["https:\/\/x.com\/fmsb-disstint"],"url":"https:\/\/fmsb.eu\/de\/author\/fmsb\/"}]}},"_links":{"self":[{"href":"https:\/\/fmsb.eu\/de\/wp-json\/wp\/v2\/posts\/11359","targetHints":{"allow":["GET"]}}],"collection":[{"href":"https:\/\/fmsb.eu\/de\/wp-json\/wp\/v2\/posts"}],"about":[{"href":"https:\/\/fmsb.eu\/de\/wp-json\/wp\/v2\/types\/post"}],"author":[{"embeddable":true,"href":"https:\/\/fmsb.eu\/de\/wp-json\/wp\/v2\/users\/2"}],"replies":[{"embeddable":true,"href":"https:\/\/fmsb.eu\/de\/wp-json\/wp\/v2\/comments?post=11359"}],"version-history":[{"count":0,"href":"https:\/\/fmsb.eu\/de\/wp-json\/wp\/v2\/posts\/11359\/revisions"}],"wp:featuredmedia":[{"embeddable":true,"href":"https:\/\/fmsb.eu\/de\/wp-json\/wp\/v2\/media\/9811"}],"wp:attachment":[{"href":"https:\/\/fmsb.eu\/de\/wp-json\/wp\/v2\/media?parent=11359"}],"wp:term":[{"taxonomy":"category","embeddable":true,"href":"https:\/\/fmsb.eu\/de\/wp-json\/wp\/v2\/categories?post=11359"},{"taxonomy":"post_tag","embeddable":true,"href":"https:\/\/fmsb.eu\/de\/wp-json\/wp\/v2\/tags?post=11359"}],"curies":[{"name":"wp","href":"https:\/\/api.w.org\/{rel}","templated":true}]}}