{"id":11361,"date":"2022-07-17T02:55:08","date_gmt":"2022-07-17T00:55:08","guid":{"rendered":"http:\/\/fmsb.disstintbeta.com\/2022\/07\/17\/mala-leche-pactos-sucesorios-jorge-sainz-de-baranda\/"},"modified":"2022-07-17T02:55:08","modified_gmt":"2022-07-17T00:55:08","slug":"mala-leche-pactos-sucesorios-jorge-sainz-de-baranda","status":"publish","type":"post","link":"https:\/\/fmsb.eu\/de\/2022\/07\/17\/mala-leche-pactos-sucesorios-jorge-sainz-de-baranda\/","title":{"rendered":"La \u00abmala leche\u00bb de los pactos sucesorios, art\u00edculo de opini\u00f3n de Jorge S\u00e1inz de Baranda en Mallorcadiario"},"content":{"rendered":"<p>&nbsp;<\/p>\n<div class=\"navegacion\">\n<h3 class=\"antesubtitulo antetit\"><a href=\"http:\/\/www.mallorcadiario.com\"><span style=\"color: #993300;\"><strong>mallorcadiario.com<\/strong><\/span><\/a>\u00a0 <a href=\"https:\/\/www.mallorcadiario.com\/la-mala-leche-de-los-pactos-sucesorios\">Opini\u00f3n<\/a><\/h3>\n<\/div>\n<p><a href=\"https:\/\/fmsb.s3.eu-west-1.amazonaws.com\/wp-content\/uploads\/2022\/07\/17025015\/FMSB-Abogados-Jorge-Sainz-de-Baranda-La-mala-leche-de-los-pactos-sucesorios-Mallorcadiario-00.jpg\"><img fetchpriority=\"high\" decoding=\"async\" class=\"alignnone wp-image-6132\" src=\"http:\/\/fmsb.disstintbeta.com\/wp-content\/uploads\/2022\/07\/FMSB-Abogados-Jorge-Sainz-de-Baranda-La-mala-leche-de-los-pactos-sucesorios-Mallorcadiario-00.jpg\" alt=\"\" width=\"800\" height=\"600\" srcset=\"https:\/\/font-mora-sainz-baranda.fra1.digitaloceanspaces.com\/wp-content\/uploads\/2022\/07\/FMSB-Abogados-Jorge-Sainz-de-Baranda-La-mala-leche-de-los-pactos-sucesorios-Mallorcadiario-00.jpg 1600w, https:\/\/font-mora-sainz-baranda.fra1.digitaloceanspaces.com\/wp-content\/uploads\/2022\/07\/FMSB-Abogados-Jorge-Sainz-de-Baranda-La-mala-leche-de-los-pactos-sucesorios-Mallorcadiario-00-300x225.jpg 300w, https:\/\/font-mora-sainz-baranda.fra1.digitaloceanspaces.com\/wp-content\/uploads\/2022\/07\/FMSB-Abogados-Jorge-Sainz-de-Baranda-La-mala-leche-de-los-pactos-sucesorios-Mallorcadiario-00-1024x768.jpg 1024w, https:\/\/font-mora-sainz-baranda.fra1.digitaloceanspaces.com\/wp-content\/uploads\/2022\/07\/FMSB-Abogados-Jorge-Sainz-de-Baranda-La-mala-leche-de-los-pactos-sucesorios-Mallorcadiario-00-768x576.jpg 768w, https:\/\/font-mora-sainz-baranda.fra1.digitaloceanspaces.com\/wp-content\/uploads\/2022\/07\/FMSB-Abogados-Jorge-Sainz-de-Baranda-La-mala-leche-de-los-pactos-sucesorios-Mallorcadiario-00-1536x1152.jpg 1536w\" sizes=\"(max-width: 800px) 100vw, 800px\" \/><\/a><\/p>\n<div class=\"navegacion\">\n<h6 class=\"ulthora fecha_publicacion\"><span class=\"dia_mes_anno\">DOMINGO 17 DE JULIO DE 2022<br \/>\n<\/span><\/h6>\n<h6 class=\"ulthora fecha_publicacion\"><span class=\"dia_mes_anno\" style=\"color: #ffffff;\">DOMINGO 25 DE OCTUBRE DE 2020<\/span><\/h6>\n<\/div>\n<div title=\"noticia 557362\">\n<h1 class=\"titulo\"><a href=\"https:\/\/www.mallorcadiario.com\/la-mala-leche-de-los-pactos-sucesorios\"><strong>La \u00abmala leche\u00bb de los pactos sucesorios<\/strong><\/a><\/h1>\n<\/div>\n<div id=\"firmante_767\" class=\"firmante\">\n<p>Por\u00a0<strong><span class=\"nombre_firmante\">Jorge S\u00e1inz de Baranda<\/span><\/strong><\/p>\n<h6><a href=\"https:\/\/www.mallorcadiario.com\/jorge-sainz-de-baranda\/autor\/767\/\"><strong><span style=\"color: #993300;\">M\u00c1S ART\u00cdCULOS DEL AUTOR<\/span><\/strong><\/a><\/h6>\n<p><strong>\u00a0<\/strong><\/p>\n<p>Hoy en d\u00eda, el modismo de \u00ab<em>que mala leche tienes\u00bb<\/em> lo utilizamos para designar a quien muestra, o demuestra, tener aviesas intenciones o, simplemente, muy mal car\u00e1cter.<\/p>\n<p>El origen de la expresi\u00f3n se remonta a la creencia de que la leche con que se amamantaba a los beb\u00e9s influ\u00eda en su car\u00e1cter, de forma que \u00e9stos absorb\u00edan, por <em>\u201csucci\u00f3n\u201d<\/em>, la personalidad de qui\u00e9n les daba de mamar.<\/p>\n<p>Era tal la implantaci\u00f3n de esta creencia que hasta San Agust\u00edn recomendaba que los ni\u00f1os cristianos no fueran amamantados por amas paganas, ya que esto influir\u00eda negativamente en su fe. Los m\u00e9dicos de esa \u00e9poca tambi\u00e9n aconsejaban que se buscaran nodrizas sanas f\u00edsica y mentalmente -y se atendiera a sus or\u00edgenes, su actuaci\u00f3n, y su raza o religi\u00f3n-, todo ello con la segura convicci\u00f3n de que si posteriormente el ni\u00f1o ten\u00eda problemas de comportamiento social o alg\u00fan tipo de enfermedad, \u00e9sta habr\u00eda sido adquirida a trav\u00e9s de la \u00abmala leche\u00bb que hab\u00eda mamado la criatura.<\/p>\n<p>Y les cuento todo esto a ra\u00edz de que todos los grupos parlamentarios de nuestras <em>Illes<\/em>, por unanimidad, han decidido plantear en el Parlamento una Proposici\u00f3n de Ley que termine con los problemas de interpretaci\u00f3n que se dan con los pactos sucesorios en nuestra tierra.<\/p>\n<p>\u00bfY d\u00f3nde est\u00e1 la mala leche en este caso? pues es evidente, querida\u2026 \u00e9ste es mi art\u00edculo n\u00famero 99 en <strong><em>Mallorcadiario<\/em><\/strong>, de forma que, <em>\u00abcon muy mala leche\u00bb<\/em>, se han puesto todos los pol\u00edticos de acuerdo, algo completamente inusitado, y no han querido esperar a que fuera el 100 para poder festejarlo conmigo adecuadamente\u2026 una groser\u00eda imperdonable que no evitar\u00e1 que les cuente las ventajas que contiene la nueva norma propuesta.<\/p>\n<p>El proyecto contiene una regulaci\u00f3n m\u00e1s extensa y clara de los diferentes pactos sucesorios que existen en el Derecho Civil Balear: la Donaci\u00f3n Universal y la Definici\u00f3n para Mallorca y Menorca, y el finiquito de leg\u00edtima y el pacto de instituci\u00f3n para Eivissa y Formentera.<\/p>\n<p>Las novedades m\u00e1s importantes son las siguientes:<\/p>\n<p>Se regula de forma m\u00e1s extensa la Donaci\u00f3n Universal, en la que: (i) no es necesaria una relaci\u00f3n de parentesco para que se pueda formalizar; (ii) el donante puede reservarse el usufructo vitalicio de los bienes, consolid\u00e1ndose el pleno dominio a su muerte; (iii) se da la posibilidad de renovar el pacto sucesorio formalizado con inclusi\u00f3n de nuevos bienes, sin que ello se entienda, sobre todo a efectos impositivos, como un acto nuevo, y (iv) se establece que la premoriencia del donatario sin descendencia no produce la reversi\u00f3n de los bienes donados, pero el donante tiene un derecho de retracto sobre los bienes inmuebles y las participaciones sociales entregados, recuperando su propiedad y pudiendo darles otro destino.<\/p>\n<p>En cuanto al pacto de Definici\u00f3n: (i) se fija una distinci\u00f3n entre la definici\u00f3n limitada a la leg\u00edtima y por m\u00e1s de la leg\u00edtima; (ii) se elimina, por fin, la referencia a la expresi\u00f3n <em>&#8222;de vecindad civil mallorqu\u00edna&#8220;<\/em>, cuesti\u00f3n que ha conllevado r\u00edos de tinta e impugnaciones; (iii) se opta por excluir la colaci\u00f3n, que la puede incluir el donante si lo considera oportuno, dej\u00e1ndolo a su arbitrio; y (iv) se introduce, en caso de sucesi\u00f3n intestada, la novedad de que el renunciante por m\u00e1s de la leg\u00edtima en un pacto de definici\u00f3n no es excluido de la llamada como heredero intestado, por entender que la voluntad del causante ser\u00eda que \u00e9ste fuera llamado antes que un pariente m\u00e1s lejano.<\/p>\n<p>En el pacto de Finiquito, se distingue igualmente entre finiquito limitado a la leg\u00edtima y no limitado a la leg\u00edtima, salvando de forma acertada que en la de car\u00e1cter especial el descendiente puede ir renunciando a los derechos legitimarios de forma progresiva, otorgando cada vez pago parcial de su leg\u00edtima a medida que se hacen sucesivas atribuciones.<\/p>\n<p>En cuanto al pacto de instituci\u00f3n, las novedades fundamentales radican en que pueden ser destinatarios del mismo tanto las personas f\u00edsicas como las jur\u00eddicas, y que la persona instituida pueda otorgar el pacto sucesorio mediante representaci\u00f3n. Igualmente se regula m\u00e1s extensamente la figura de los pactos de instituci\u00f3n a t\u00edtulo singular, que confieren a la persona instituida la calidad de legataria contractual, ya sea con transmisi\u00f3n actual de bienes o no.<\/p>\n<p>Por \u00faltimo, dos cuestiones muy importantes: se establece la compatibilidad entre los distintos pactos sucesorios, de forma que el que se haya otorgado un pacto no impide la posterior formalizaci\u00f3n de otro u otros a favor de la misma o distinta persona -siempre atendiendo a la cronolog\u00eda de su otorgamiento-; y, aunque la Ley prev\u00e9 que ser\u00e1 de aplicaci\u00f3n a los pactos sucesorios realizados a partir de su entrada en vigor, los anteriores podr\u00e1n someterse a la misma siempre que \u00e9sta sea la voluntad expresa de todos los intervinientes.<\/p>\n<p>Como ven, una serie de medidas que, de entrar en vigor -y todo apunta a que ser\u00e1 as\u00ed-, permitir\u00e1n reducir la litigiosidad y dar\u00e1n confianza a los que otorguen estas herencias en vida, tan importantes para una correcta planificaci\u00f3n de la sucesi\u00f3n.<\/p>\n<p>Ahora bien, no olviden que a esta modificaci\u00f3n de naturaleza civil debe ir acompa\u00f1ada de una adecuaci\u00f3n de la norma fiscal, tanto por la Administraci\u00f3n Auton\u00f3mica como por la Estatal, pues afecta al Impuesto de Sucesiones y al IRPF, y ah\u00ed, como saben, la nodriza que les amamant\u00f3 ten\u00eda la \u201cmala leche\u201d de la ni\u00f1a del exorcista\u2026<\/p>\n<\/div>\n<p>&nbsp;<\/p>\n<hr \/>\n<p>Art\u00edculo original publicado en el diario digital\u00a0<a href=\"https:\/\/www.mallorcadiario.com\"><strong><span style=\"color: #993300;\">mallorcadiario.com<\/span><\/strong><\/a> .\u00a0\u00a0 L\u00e9elo directamente en mallorcadiario a trav\u00e9s de este <a href=\"https:\/\/www.mallorcadiario.com\/la-mala-leche-de-los-pactos-sucesorios\"><span style=\"color: #993366;\"><strong>enlace<\/strong><\/span><\/a><\/p>\n","protected":false},"excerpt":{"rendered":"<p>&nbsp; mallorcadiario.com\u00a0 Opini\u00f3n DOMINGO 17 DE JULIO DE 2022 DOMINGO 25 DE OCTUBRE DE 2020 La \u00abmala leche\u00bb de los pactos sucesorios Por\u00a0Jorge S\u00e1inz de Baranda M\u00c1S ART\u00cdCULOS DEL AUTOR \u00a0 Hoy en d\u00eda, el modismo de \u00abque mala leche tienes\u00bb lo utilizamos para designar a quien muestra, o demuestra, tener aviesas intenciones o, simplemente, [&hellip;]<\/p>\n","protected":false},"author":2,"featured_media":9809,"comment_status":"closed","ping_status":"open","sticky":false,"template":"","format":"standard","meta":{"footnotes":""},"categories":[2198,2199,5063,2309,3692,2907,2202,3169],"tags":[2206,2663,2664,2665,2312,2666,2507,2314,2668,2208,2669,2670,2671,2672,2673,2316,2674,2675,2319,2320,2321,2681,2682,2683,2218,2219,2686,2223,2688,2325,2327,2691,2225,2328,2329,2330,2694,2331,2333,2228,2229,2334,2231,2336,2232,2234,2696,2342,2343,2344,2345,2699,2700,2236,2701,2702,2349,2350,2240,2704,2705,2354,2243,2361,2706,2709,2363,2713,2364,2365],"class_list":["post-11361","post","type-post","status-publish","format-standard","has-post-thumbnail","hentry","category-actualidad-de","category-blog-de","category-derecho-civil-balear-de","category-derecho-fiscal-de","category-derecho-foral-de","category-derecho-sucesorio-y-herencias-de","category-home-de","category-opinion-de","tag-abogados-de","tag-administracion-tributaria-de","tag-administraciones-tributarias-de","tag-aeat-de","tag-agencia-tributaria-de","tag-antifraude-de","tag-articulos-de","tag-asesores-de","tag-atib-de","tag-baleares-de","tag-blanqueo-de","tag-blanqueo-de-capitales-de","tag-campana-de-la-renta-de","tag-campana-irpf-de","tag-catastro-de","tag-comunidad-autonoma-de","tag-declaracion-de-inconstitucionalidad-de","tag-declaracion-de-nulidad-de","tag-derecho-de-la-union-europea-de","tag-derecho-fiscal-de","tag-derecho-tributario-de","tag-dgt-de","tag-direccion-general-de-tributos-de","tag-direccion-general-del-catastro-de","tag-economistas-de","tag-el-arenal-de","tag-extranjeros-de","tag-fmsb-de","tag-fraude-fiscal-de","tag-hacienda-de","tag-herencias-de","tag-ibi-de","tag-ibiza-de","tag-illes-balears-de","tag-impuesto-de-sucesiones-de","tag-impuestos-de","tag-incremento-del-valor-de-los-terrenos-de-naturaleza-urbana-de","tag-irpf-de","tag-jorge-sainz-de-baranda-de","tag-law-de","tag-lawyers-de","tag-ley-antifraude-de","tag-mallorca-de","tag-mallorcadiario-de","tag-manacor-de","tag-menorca-de","tag-modelo-720-de","tag-obligado-tributario-de","tag-opinion-de","tag-pactos-sucesorios-de","tag-palma-de","tag-plan-anual-de-control-tributario-de","tag-plusvalia-de","tag-port-dandratx-de","tag-prespuestos-generales-del-estado-de","tag-presupuestos-2021-de","tag-prevencion-de","tag-propuestas-de","tag-puerto-de-andratx-de","tag-recargo-de","tag-reforma-de","tag-residentes-fiscales-de","tag-solicitors-de","tag-sucesiones-y-donaciones-de","tag-tasa-amazon-de","tag-testador-de","tag-tributos-de","tag-ue-de","tag-valor-de-referencia-de","tag-valor-de-referencia-catastral-de"],"yoast_head":"<!-- This site is optimized with the Yoast SEO plugin v27.3 - https:\/\/yoast.com\/product\/yoast-seo-wordpress\/ -->\n<title>La \u00abmala leche\u00bb de los pactos sucesorios, art\u00edculo de opini\u00f3n de Jorge S\u00e1inz de Baranda en Mallorcadiario - FMSB Abogados y Economistas en Baleares<\/title>\n<meta name=\"robots\" content=\"index, follow, max-snippet:-1, max-image-preview:large, max-video-preview:-1\" \/>\n<link rel=\"canonical\" href=\"https:\/\/fmsb.eu\/de\/2022\/07\/17\/mala-leche-pactos-sucesorios-jorge-sainz-de-baranda\/\" \/>\n<meta property=\"og:locale\" content=\"de_DE\" \/>\n<meta property=\"og:type\" content=\"article\" \/>\n<meta property=\"og:title\" content=\"La \u00abmala leche\u00bb de los pactos sucesorios, art\u00edculo de opini\u00f3n de Jorge S\u00e1inz de Baranda en Mallorcadiario - FMSB Abogados y Economistas en Baleares\" \/>\n<meta property=\"og:description\" content=\"&nbsp; mallorcadiario.com\u00a0 Opini\u00f3n DOMINGO 17 DE JULIO DE 2022 DOMINGO 25 DE OCTUBRE DE 2020 La \u00abmala leche\u00bb de los pactos sucesorios Por\u00a0Jorge S\u00e1inz de Baranda M\u00c1S ART\u00cdCULOS DEL AUTOR \u00a0 Hoy en d\u00eda, el modismo de \u00abque mala leche tienes\u00bb lo utilizamos para designar a quien muestra, o demuestra, tener aviesas intenciones o, simplemente, [&hellip;]\" \/>\n<meta property=\"og:url\" content=\"https:\/\/fmsb.eu\/de\/2022\/07\/17\/mala-leche-pactos-sucesorios-jorge-sainz-de-baranda\/\" \/>\n<meta property=\"og:site_name\" content=\"FMSB Abogados y Economistas en Baleares\" \/>\n<meta property=\"article:published_time\" content=\"2022-07-17T00:55:08+00:00\" \/>\n<meta property=\"og:image\" content=\"https:\/\/fmsb.eu\/wp-content\/uploads\/2022\/07\/FMSB-Abogados-Jorge-Sainz-de-Baranda-La-mala-leche-de-los-pactos-sucesorios-Mallorcadiario-00.jpg\" \/>\n\t<meta property=\"og:image:width\" content=\"1600\" \/>\n\t<meta property=\"og:image:height\" content=\"1200\" \/>\n\t<meta property=\"og:image:type\" content=\"image\/jpeg\" \/>\n<meta name=\"author\" content=\"fmsb\" \/>\n<meta name=\"twitter:card\" content=\"summary_large_image\" \/>\n<meta name=\"twitter:creator\" content=\"@fmsb-disstint\" \/>\n<meta name=\"twitter:label1\" content=\"Verfasst von\" \/>\n\t<meta name=\"twitter:data1\" content=\"fmsb\" \/>\n\t<meta name=\"twitter:label2\" content=\"Gesch\u00e4tzte Lesezeit\" \/>\n\t<meta name=\"twitter:data2\" content=\"5\u00a0Minuten\" \/>\n<script type=\"application\/ld+json\" class=\"yoast-schema-graph\">{\"@context\":\"https:\\\/\\\/schema.org\",\"@graph\":[{\"@type\":\"Article\",\"@id\":\"https:\\\/\\\/fmsb.eu\\\/de\\\/2022\\\/07\\\/17\\\/mala-leche-pactos-sucesorios-jorge-sainz-de-baranda\\\/#article\",\"isPartOf\":{\"@id\":\"https:\\\/\\\/fmsb.eu\\\/de\\\/2022\\\/07\\\/17\\\/mala-leche-pactos-sucesorios-jorge-sainz-de-baranda\\\/\"},\"author\":{\"name\":\"fmsb\",\"@id\":\"https:\\\/\\\/fmsb.eu\\\/de\\\/#\\\/schema\\\/person\\\/9fba7c70814b0cd34d35d655d36a4ca2\"},\"headline\":\"La \u00abmala leche\u00bb de los pactos sucesorios, art\u00edculo de opini\u00f3n de Jorge S\u00e1inz de Baranda en Mallorcadiario\",\"datePublished\":\"2022-07-17T00:55:08+00:00\",\"mainEntityOfPage\":{\"@id\":\"https:\\\/\\\/fmsb.eu\\\/de\\\/2022\\\/07\\\/17\\\/mala-leche-pactos-sucesorios-jorge-sainz-de-baranda\\\/\"},\"wordCount\":1048,\"publisher\":{\"@id\":\"https:\\\/\\\/fmsb.eu\\\/de\\\/#organization\"},\"image\":{\"@id\":\"https:\\\/\\\/fmsb.eu\\\/de\\\/2022\\\/07\\\/17\\\/mala-leche-pactos-sucesorios-jorge-sainz-de-baranda\\\/#primaryimage\"},\"thumbnailUrl\":\"https:\\\/\\\/fmsb.eu\\\/wp-content\\\/uploads\\\/2022\\\/07\\\/FMSB-Abogados-Jorge-Sainz-de-Baranda-La-mala-leche-de-los-pactos-sucesorios-Mallorcadiario-00.jpg\",\"keywords\":[\"abogados\",\"administraci\u00f3n tributaria\",\"administraciones tributarias\",\"aeat\",\"agencia tributaria\",\"antifraude\",\"articulos\",\"asesores\",\"ATIB\",\"baleares\",\"blanqueo\",\"blanqueo de capitales\",\"campa\u00f1a de la renta\",\"campa\u00f1a irpf\",\"catastro\",\"comunidad aut\u00f3noma\",\"declaraci\u00f3n de inconstitucionalidad\",\"declaraci\u00f3n de nulidad\",\"derecho de la uni\u00f3n europea\",\"derecho fiscal\",\"derecho tributario\",\"dgt\",\"direcci\u00f3n general de tributos\",\"direcci\u00f3n general del catastro\",\"economistas\",\"el arenal\",\"extranjeros\",\"fmsb\",\"fraude fiscal\",\"Hacienda\",\"herencias\",\"ibi\",\"ibiza\",\"illes balears\",\"impuesto de sucesiones\",\"impuestos\",\"incremento del valor de los terrenos de naturaleza urbana\",\"IRPF\",\"jorge sainz de baranda\",\"law\",\"lawyers\",\"ley antifraude\",\"mallorca\",\"mallorcadiario\",\"Manacor\",\"menorca\",\"modelo 720\",\"obligado tributario\",\"opinion\",\"pactos sucesorios\",\"Palma\",\"plan anual de control tributario\",\"plusval\u00eda\",\"port d&#8217;andratx\",\"prespuestos generales del estado\",\"presupuestos 2021\",\"prevenci\u00f3n\",\"propuestas\",\"puerto de andratx\",\"recargo\",\"reforma\",\"residentes fiscales\",\"solicitors\",\"sucesiones y donaciones\",\"tasa amazon\",\"testador\",\"tributos\",\"ue\",\"valor de referencia\",\"valor de referencia catastral\"],\"articleSection\":[\"actualidad\",\"blog\",\"derecho civil balear\",\"Derecho Fiscal\",\"derecho foral\",\"Derecho sucesorio y herencias\",\"Home\",\"Opini\u00f3n\"],\"inLanguage\":\"de\"},{\"@type\":\"WebPage\",\"@id\":\"https:\\\/\\\/fmsb.eu\\\/de\\\/2022\\\/07\\\/17\\\/mala-leche-pactos-sucesorios-jorge-sainz-de-baranda\\\/\",\"url\":\"https:\\\/\\\/fmsb.eu\\\/de\\\/2022\\\/07\\\/17\\\/mala-leche-pactos-sucesorios-jorge-sainz-de-baranda\\\/\",\"name\":\"La \u00abmala leche\u00bb de los pactos sucesorios, art\u00edculo de opini\u00f3n de Jorge S\u00e1inz de Baranda en Mallorcadiario - FMSB Abogados y Economistas en Baleares\",\"isPartOf\":{\"@id\":\"https:\\\/\\\/fmsb.eu\\\/de\\\/#website\"},\"primaryImageOfPage\":{\"@id\":\"https:\\\/\\\/fmsb.eu\\\/de\\\/2022\\\/07\\\/17\\\/mala-leche-pactos-sucesorios-jorge-sainz-de-baranda\\\/#primaryimage\"},\"image\":{\"@id\":\"https:\\\/\\\/fmsb.eu\\\/de\\\/2022\\\/07\\\/17\\\/mala-leche-pactos-sucesorios-jorge-sainz-de-baranda\\\/#primaryimage\"},\"thumbnailUrl\":\"https:\\\/\\\/fmsb.eu\\\/wp-content\\\/uploads\\\/2022\\\/07\\\/FMSB-Abogados-Jorge-Sainz-de-Baranda-La-mala-leche-de-los-pactos-sucesorios-Mallorcadiario-00.jpg\",\"datePublished\":\"2022-07-17T00:55:08+00:00\",\"breadcrumb\":{\"@id\":\"https:\\\/\\\/fmsb.eu\\\/de\\\/2022\\\/07\\\/17\\\/mala-leche-pactos-sucesorios-jorge-sainz-de-baranda\\\/#breadcrumb\"},\"inLanguage\":\"de\",\"potentialAction\":[{\"@type\":\"ReadAction\",\"target\":[\"https:\\\/\\\/fmsb.eu\\\/de\\\/2022\\\/07\\\/17\\\/mala-leche-pactos-sucesorios-jorge-sainz-de-baranda\\\/\"]}]},{\"@type\":\"ImageObject\",\"inLanguage\":\"de\",\"@id\":\"https:\\\/\\\/fmsb.eu\\\/de\\\/2022\\\/07\\\/17\\\/mala-leche-pactos-sucesorios-jorge-sainz-de-baranda\\\/#primaryimage\",\"url\":\"https:\\\/\\\/fmsb.eu\\\/wp-content\\\/uploads\\\/2022\\\/07\\\/FMSB-Abogados-Jorge-Sainz-de-Baranda-La-mala-leche-de-los-pactos-sucesorios-Mallorcadiario-00.jpg\",\"contentUrl\":\"https:\\\/\\\/fmsb.eu\\\/wp-content\\\/uploads\\\/2022\\\/07\\\/FMSB-Abogados-Jorge-Sainz-de-Baranda-La-mala-leche-de-los-pactos-sucesorios-Mallorcadiario-00.jpg\",\"width\":1600,\"height\":1200},{\"@type\":\"BreadcrumbList\",\"@id\":\"https:\\\/\\\/fmsb.eu\\\/de\\\/2022\\\/07\\\/17\\\/mala-leche-pactos-sucesorios-jorge-sainz-de-baranda\\\/#breadcrumb\",\"itemListElement\":[{\"@type\":\"ListItem\",\"position\":1,\"name\":\"Portada\",\"item\":\"https:\\\/\\\/fmsb.eu\\\/de\\\/\"},{\"@type\":\"ListItem\",\"position\":2,\"name\":\"La \u00abmala leche\u00bb de los pactos sucesorios, art\u00edculo de opini\u00f3n de Jorge S\u00e1inz de Baranda en Mallorcadiario\"}]},{\"@type\":\"WebSite\",\"@id\":\"https:\\\/\\\/fmsb.eu\\\/de\\\/#website\",\"url\":\"https:\\\/\\\/fmsb.eu\\\/de\\\/\",\"name\":\"FMSB Abogados y Economistas en Baleares\",\"description\":\"\",\"publisher\":{\"@id\":\"https:\\\/\\\/fmsb.eu\\\/de\\\/#organization\"},\"potentialAction\":[{\"@type\":\"SearchAction\",\"target\":{\"@type\":\"EntryPoint\",\"urlTemplate\":\"https:\\\/\\\/fmsb.eu\\\/de\\\/?s={search_term_string}\"},\"query-input\":{\"@type\":\"PropertyValueSpecification\",\"valueRequired\":true,\"valueName\":\"search_term_string\"}}],\"inLanguage\":\"de\"},{\"@type\":\"Organization\",\"@id\":\"https:\\\/\\\/fmsb.eu\\\/de\\\/#organization\",\"name\":\"FMSB Abogados y Economistas en Baleares\",\"url\":\"https:\\\/\\\/fmsb.eu\\\/de\\\/\",\"logo\":{\"@type\":\"ImageObject\",\"inLanguage\":\"de\",\"@id\":\"https:\\\/\\\/fmsb.eu\\\/de\\\/#\\\/schema\\\/logo\\\/image\\\/\",\"url\":\"https:\\\/\\\/fmsb.eu\\\/wp-content\\\/uploads\\\/2025\\\/02\\\/logo.svg\",\"contentUrl\":\"https:\\\/\\\/fmsb.eu\\\/wp-content\\\/uploads\\\/2025\\\/02\\\/logo.svg\",\"width\":154,\"height\":52,\"caption\":\"FMSB Abogados y Economistas en Baleares\"},\"image\":{\"@id\":\"https:\\\/\\\/fmsb.eu\\\/de\\\/#\\\/schema\\\/logo\\\/image\\\/\"}},{\"@type\":\"Person\",\"@id\":\"https:\\\/\\\/fmsb.eu\\\/de\\\/#\\\/schema\\\/person\\\/9fba7c70814b0cd34d35d655d36a4ca2\",\"name\":\"fmsb\",\"image\":{\"@type\":\"ImageObject\",\"inLanguage\":\"de\",\"@id\":\"https:\\\/\\\/secure.gravatar.com\\\/avatar\\\/426f4d5b0ebcace85460caf87cdaaa193694b611e990615d87a13f322fb7ee7f?s=96&d=mm&r=g\",\"url\":\"https:\\\/\\\/secure.gravatar.com\\\/avatar\\\/426f4d5b0ebcace85460caf87cdaaa193694b611e990615d87a13f322fb7ee7f?s=96&d=mm&r=g\",\"contentUrl\":\"https:\\\/\\\/secure.gravatar.com\\\/avatar\\\/426f4d5b0ebcace85460caf87cdaaa193694b611e990615d87a13f322fb7ee7f?s=96&d=mm&r=g\",\"caption\":\"fmsb\"},\"sameAs\":[\"https:\\\/\\\/x.com\\\/fmsb-disstint\"],\"url\":\"https:\\\/\\\/fmsb.eu\\\/de\\\/author\\\/fmsb\\\/\"}]}<\/script>\n<!-- \/ Yoast SEO plugin. -->","yoast_head_json":{"title":"La \u00abmala leche\u00bb de los pactos sucesorios, art\u00edculo de opini\u00f3n de Jorge S\u00e1inz de Baranda en Mallorcadiario - FMSB Abogados y Economistas en Baleares","robots":{"index":"index","follow":"follow","max-snippet":"max-snippet:-1","max-image-preview":"max-image-preview:large","max-video-preview":"max-video-preview:-1"},"canonical":"https:\/\/fmsb.eu\/de\/2022\/07\/17\/mala-leche-pactos-sucesorios-jorge-sainz-de-baranda\/","og_locale":"de_DE","og_type":"article","og_title":"La \u00abmala leche\u00bb de los pactos sucesorios, art\u00edculo de opini\u00f3n de Jorge S\u00e1inz de Baranda en Mallorcadiario - FMSB Abogados y Economistas en Baleares","og_description":"&nbsp; mallorcadiario.com\u00a0 Opini\u00f3n DOMINGO 17 DE JULIO DE 2022 DOMINGO 25 DE OCTUBRE DE 2020 La \u00abmala leche\u00bb de los pactos sucesorios Por\u00a0Jorge S\u00e1inz de Baranda M\u00c1S ART\u00cdCULOS DEL AUTOR \u00a0 Hoy en d\u00eda, el modismo de \u00abque mala leche tienes\u00bb lo utilizamos para designar a quien muestra, o demuestra, tener aviesas intenciones o, simplemente, [&hellip;]","og_url":"https:\/\/fmsb.eu\/de\/2022\/07\/17\/mala-leche-pactos-sucesorios-jorge-sainz-de-baranda\/","og_site_name":"FMSB Abogados y Economistas en Baleares","article_published_time":"2022-07-17T00:55:08+00:00","og_image":[{"width":1600,"height":1200,"url":"https:\/\/fmsb.eu\/wp-content\/uploads\/2022\/07\/FMSB-Abogados-Jorge-Sainz-de-Baranda-La-mala-leche-de-los-pactos-sucesorios-Mallorcadiario-00.jpg","type":"image\/jpeg"}],"author":"fmsb","twitter_card":"summary_large_image","twitter_creator":"@fmsb-disstint","twitter_misc":{"Verfasst von":"fmsb","Gesch\u00e4tzte Lesezeit":"5\u00a0Minuten"},"schema":{"@context":"https:\/\/schema.org","@graph":[{"@type":"Article","@id":"https:\/\/fmsb.eu\/de\/2022\/07\/17\/mala-leche-pactos-sucesorios-jorge-sainz-de-baranda\/#article","isPartOf":{"@id":"https:\/\/fmsb.eu\/de\/2022\/07\/17\/mala-leche-pactos-sucesorios-jorge-sainz-de-baranda\/"},"author":{"name":"fmsb","@id":"https:\/\/fmsb.eu\/de\/#\/schema\/person\/9fba7c70814b0cd34d35d655d36a4ca2"},"headline":"La \u00abmala leche\u00bb de los pactos sucesorios, art\u00edculo de opini\u00f3n de Jorge S\u00e1inz de Baranda en Mallorcadiario","datePublished":"2022-07-17T00:55:08+00:00","mainEntityOfPage":{"@id":"https:\/\/fmsb.eu\/de\/2022\/07\/17\/mala-leche-pactos-sucesorios-jorge-sainz-de-baranda\/"},"wordCount":1048,"publisher":{"@id":"https:\/\/fmsb.eu\/de\/#organization"},"image":{"@id":"https:\/\/fmsb.eu\/de\/2022\/07\/17\/mala-leche-pactos-sucesorios-jorge-sainz-de-baranda\/#primaryimage"},"thumbnailUrl":"https:\/\/fmsb.eu\/wp-content\/uploads\/2022\/07\/FMSB-Abogados-Jorge-Sainz-de-Baranda-La-mala-leche-de-los-pactos-sucesorios-Mallorcadiario-00.jpg","keywords":["abogados","administraci\u00f3n tributaria","administraciones tributarias","aeat","agencia tributaria","antifraude","articulos","asesores","ATIB","baleares","blanqueo","blanqueo de capitales","campa\u00f1a de la renta","campa\u00f1a irpf","catastro","comunidad aut\u00f3noma","declaraci\u00f3n de inconstitucionalidad","declaraci\u00f3n de nulidad","derecho de la uni\u00f3n europea","derecho fiscal","derecho tributario","dgt","direcci\u00f3n general de tributos","direcci\u00f3n general del catastro","economistas","el arenal","extranjeros","fmsb","fraude fiscal","Hacienda","herencias","ibi","ibiza","illes balears","impuesto de sucesiones","impuestos","incremento del valor de los terrenos de naturaleza urbana","IRPF","jorge sainz de baranda","law","lawyers","ley antifraude","mallorca","mallorcadiario","Manacor","menorca","modelo 720","obligado tributario","opinion","pactos sucesorios","Palma","plan anual de control tributario","plusval\u00eda","port d&#8217;andratx","prespuestos generales del estado","presupuestos 2021","prevenci\u00f3n","propuestas","puerto de andratx","recargo","reforma","residentes fiscales","solicitors","sucesiones y donaciones","tasa amazon","testador","tributos","ue","valor de referencia","valor de referencia catastral"],"articleSection":["actualidad","blog","derecho civil balear","Derecho Fiscal","derecho foral","Derecho sucesorio y herencias","Home","Opini\u00f3n"],"inLanguage":"de"},{"@type":"WebPage","@id":"https:\/\/fmsb.eu\/de\/2022\/07\/17\/mala-leche-pactos-sucesorios-jorge-sainz-de-baranda\/","url":"https:\/\/fmsb.eu\/de\/2022\/07\/17\/mala-leche-pactos-sucesorios-jorge-sainz-de-baranda\/","name":"La \u00abmala leche\u00bb de los pactos sucesorios, art\u00edculo de opini\u00f3n de Jorge S\u00e1inz de Baranda en Mallorcadiario - FMSB Abogados y Economistas en Baleares","isPartOf":{"@id":"https:\/\/fmsb.eu\/de\/#website"},"primaryImageOfPage":{"@id":"https:\/\/fmsb.eu\/de\/2022\/07\/17\/mala-leche-pactos-sucesorios-jorge-sainz-de-baranda\/#primaryimage"},"image":{"@id":"https:\/\/fmsb.eu\/de\/2022\/07\/17\/mala-leche-pactos-sucesorios-jorge-sainz-de-baranda\/#primaryimage"},"thumbnailUrl":"https:\/\/fmsb.eu\/wp-content\/uploads\/2022\/07\/FMSB-Abogados-Jorge-Sainz-de-Baranda-La-mala-leche-de-los-pactos-sucesorios-Mallorcadiario-00.jpg","datePublished":"2022-07-17T00:55:08+00:00","breadcrumb":{"@id":"https:\/\/fmsb.eu\/de\/2022\/07\/17\/mala-leche-pactos-sucesorios-jorge-sainz-de-baranda\/#breadcrumb"},"inLanguage":"de","potentialAction":[{"@type":"ReadAction","target":["https:\/\/fmsb.eu\/de\/2022\/07\/17\/mala-leche-pactos-sucesorios-jorge-sainz-de-baranda\/"]}]},{"@type":"ImageObject","inLanguage":"de","@id":"https:\/\/fmsb.eu\/de\/2022\/07\/17\/mala-leche-pactos-sucesorios-jorge-sainz-de-baranda\/#primaryimage","url":"https:\/\/fmsb.eu\/wp-content\/uploads\/2022\/07\/FMSB-Abogados-Jorge-Sainz-de-Baranda-La-mala-leche-de-los-pactos-sucesorios-Mallorcadiario-00.jpg","contentUrl":"https:\/\/fmsb.eu\/wp-content\/uploads\/2022\/07\/FMSB-Abogados-Jorge-Sainz-de-Baranda-La-mala-leche-de-los-pactos-sucesorios-Mallorcadiario-00.jpg","width":1600,"height":1200},{"@type":"BreadcrumbList","@id":"https:\/\/fmsb.eu\/de\/2022\/07\/17\/mala-leche-pactos-sucesorios-jorge-sainz-de-baranda\/#breadcrumb","itemListElement":[{"@type":"ListItem","position":1,"name":"Portada","item":"https:\/\/fmsb.eu\/de\/"},{"@type":"ListItem","position":2,"name":"La \u00abmala leche\u00bb de los pactos sucesorios, art\u00edculo de opini\u00f3n de Jorge S\u00e1inz de Baranda en Mallorcadiario"}]},{"@type":"WebSite","@id":"https:\/\/fmsb.eu\/de\/#website","url":"https:\/\/fmsb.eu\/de\/","name":"FMSB Abogados y Economistas en Baleares","description":"","publisher":{"@id":"https:\/\/fmsb.eu\/de\/#organization"},"potentialAction":[{"@type":"SearchAction","target":{"@type":"EntryPoint","urlTemplate":"https:\/\/fmsb.eu\/de\/?s={search_term_string}"},"query-input":{"@type":"PropertyValueSpecification","valueRequired":true,"valueName":"search_term_string"}}],"inLanguage":"de"},{"@type":"Organization","@id":"https:\/\/fmsb.eu\/de\/#organization","name":"FMSB Abogados y Economistas en Baleares","url":"https:\/\/fmsb.eu\/de\/","logo":{"@type":"ImageObject","inLanguage":"de","@id":"https:\/\/fmsb.eu\/de\/#\/schema\/logo\/image\/","url":"https:\/\/fmsb.eu\/wp-content\/uploads\/2025\/02\/logo.svg","contentUrl":"https:\/\/fmsb.eu\/wp-content\/uploads\/2025\/02\/logo.svg","width":154,"height":52,"caption":"FMSB Abogados y Economistas en Baleares"},"image":{"@id":"https:\/\/fmsb.eu\/de\/#\/schema\/logo\/image\/"}},{"@type":"Person","@id":"https:\/\/fmsb.eu\/de\/#\/schema\/person\/9fba7c70814b0cd34d35d655d36a4ca2","name":"fmsb","image":{"@type":"ImageObject","inLanguage":"de","@id":"https:\/\/secure.gravatar.com\/avatar\/426f4d5b0ebcace85460caf87cdaaa193694b611e990615d87a13f322fb7ee7f?s=96&d=mm&r=g","url":"https:\/\/secure.gravatar.com\/avatar\/426f4d5b0ebcace85460caf87cdaaa193694b611e990615d87a13f322fb7ee7f?s=96&d=mm&r=g","contentUrl":"https:\/\/secure.gravatar.com\/avatar\/426f4d5b0ebcace85460caf87cdaaa193694b611e990615d87a13f322fb7ee7f?s=96&d=mm&r=g","caption":"fmsb"},"sameAs":["https:\/\/x.com\/fmsb-disstint"],"url":"https:\/\/fmsb.eu\/de\/author\/fmsb\/"}]}},"_links":{"self":[{"href":"https:\/\/fmsb.eu\/de\/wp-json\/wp\/v2\/posts\/11361","targetHints":{"allow":["GET"]}}],"collection":[{"href":"https:\/\/fmsb.eu\/de\/wp-json\/wp\/v2\/posts"}],"about":[{"href":"https:\/\/fmsb.eu\/de\/wp-json\/wp\/v2\/types\/post"}],"author":[{"embeddable":true,"href":"https:\/\/fmsb.eu\/de\/wp-json\/wp\/v2\/users\/2"}],"replies":[{"embeddable":true,"href":"https:\/\/fmsb.eu\/de\/wp-json\/wp\/v2\/comments?post=11361"}],"version-history":[{"count":0,"href":"https:\/\/fmsb.eu\/de\/wp-json\/wp\/v2\/posts\/11361\/revisions"}],"wp:featuredmedia":[{"embeddable":true,"href":"https:\/\/fmsb.eu\/de\/wp-json\/wp\/v2\/media\/9809"}],"wp:attachment":[{"href":"https:\/\/fmsb.eu\/de\/wp-json\/wp\/v2\/media?parent=11361"}],"wp:term":[{"taxonomy":"category","embeddable":true,"href":"https:\/\/fmsb.eu\/de\/wp-json\/wp\/v2\/categories?post=11361"},{"taxonomy":"post_tag","embeddable":true,"href":"https:\/\/fmsb.eu\/de\/wp-json\/wp\/v2\/tags?post=11361"}],"curies":[{"name":"wp","href":"https:\/\/api.w.org\/{rel}","templated":true}]}}