{"id":11363,"date":"2022-07-13T00:13:58","date_gmt":"2022-07-12T22:13:58","guid":{"rendered":"http:\/\/fmsb.disstintbeta.com\/2022\/07\/13\/el-abogado-juan-font-en-informativos-fibwi-sobre-el-fin-de-la-moratoria-concursal\/"},"modified":"2022-07-13T00:13:58","modified_gmt":"2022-07-12T22:13:58","slug":"el-abogado-juan-font-en-informativos-fibwi-sobre-el-fin-de-la-moratoria-concursal","status":"publish","type":"post","link":"https:\/\/fmsb.eu\/de\/2022\/07\/13\/el-abogado-juan-font-en-informativos-fibwi-sobre-el-fin-de-la-moratoria-concursal\/","title":{"rendered":"El abogado Juan Font en informativos fibwi sobre el fin de la moratoria concursal"},"content":{"rendered":"<p><iframe title=\"El abogado Joan Font entrevistado para el informativo fibwi sobre el fin de la moratoria concursal\" width=\"800\" height=\"450\" src=\"https:\/\/www.youtube.com\/embed\/4PIBDZIE2E0?feature=oembed\" frameborder=\"0\" allow=\"accelerometer; autoplay; clipboard-write; encrypted-media; gyroscope; picture-in-picture; web-share\" referrerpolicy=\"strict-origin-when-cross-origin\" allowfullscreen><\/iframe><\/p>\n<h1><span style=\"color: #ffffff;\">&#8211;<\/span><\/h1>\n<h1><strong>El abogado Juan Font entrevistado en el informativo <span style=\"color: #000000;\">fibwi sobre el f<\/span>in de la moratoria concursal y la reforma del texto refundido de la Ley Concursal.<br \/>\n<\/strong><\/h1>\n<h1><span style=\"color: #ffffff;\">&#8211;<\/span><\/h1>\n<p>El <span style=\"color: #000000;\"><strong>fin de la moratoria concursal <\/strong>ha llegado y no ha habido una pr\u00f3rroga por parte del Gobierno de esta medida, como muchos especulaban. Se acab\u00f3, pues, la cobertura brindada d<\/span><span style=\"color: #000000;\">urante la pandemia del Covid-19<\/span><span style=\"color: #000000;\"> a las empresas, la cual les facultaba para obviar su obligaci\u00f3n de la declarar el concurso de acreedores necesario si se encontraban en situaci\u00f3n de insolvencia. Siendo as\u00ed las cosas, los informativos de <strong><a style=\"color: #000000;\" href=\"https:\/\/fibwi.live\/\">Fibwi4<\/a><\/strong> quisieron entrevistar la pasada semana al abogado y socio de <strong>Font Mora Sainz de Baranda &#8211;<\/strong><em>abogados y economistas<\/em><strong>&#8211; <\/strong><strong>Juan Font<\/strong>, como una voz autorizada en materia mercantil y concursal, para conocer su opini\u00f3n sobre la finalizaci\u00f3n de esta medida y la consecuente avalancha de concursos de acreedores que se preven y conocer su criterio sobre la reciente aprobaci\u00f3n por parte del pleno del Congreso de la reforma del texto refundido de la Ley Concursal, normativa espa\u00f1ola para dar respuesta a las situaciones de insolvencia y reestructuraci\u00f3n de las empresas que atraviesan dificultades. <\/span><\/p>\n<p><span style=\"color: #000000;\">Recuerda que puedes sintonizar <a style=\"color: #000000;\" href=\"https:\/\/fibwi.live\/\"><strong>Fibwi<\/strong><\/a> en tu receptor de televisi\u00f3n y que en la web de <a style=\"color: #000000;\" href=\"https:\/\/fibwi.live\/tv\"><strong>Fibwi Live A La Carta<\/strong><\/a> podr\u00e1s tener acceso a la programaci\u00f3n de la cadena.<\/span><\/p>\n<p>&nbsp;<\/p>\n<hr \/>\n<p><span style=\"color: #999999;\">#fmsb #fontmorasainzdebaranda #abogados #economistas #derecho #concursal #mercantil #empresas #procedimientos #insolvencia #reestructuraci\u00f3n #pagos #liquidez #concurso #acreedores #deudas #convenio #concursonecesario #concursovoluntario #fin #moratoriaconcursal #moratoria #cancelar #quita #impagos #pagos #cr\u00e9ditos #baleares #mallorca #menorca #ibiza #manacor #elarenal #andratx #law #lawyers #solicitors<\/span><\/p>\n","protected":false},"excerpt":{"rendered":"<p>&#8211; El abogado Juan Font entrevistado en el informativo fibwi sobre el fin de la moratoria concursal y la reforma del texto refundido de la Ley Concursal. &#8211; El fin de la moratoria concursal ha llegado y no ha habido una pr\u00f3rroga por parte del Gobierno de esta medida, como muchos especulaban. Se acab\u00f3, pues, [&hellip;]<\/p>\n","protected":false},"author":2,"featured_media":9807,"comment_status":"closed","ping_status":"open","sticky":false,"template":"","format":"standard","meta":{"footnotes":""},"categories":[2198,2199,3883,3195,2986,5133,2202,2204,3169,3858,3483],"tags":[2206,4131,5083,2208,5134,2992,3763,5135,5136,5137,5138,2997,2470,2680,5001,2219,5139,3004,5140,2223,2224,2225,3007,2480,2228,2229,5141,2231,2232,2234,5142,2880,2236,5143,4101,2243,2492],"class_list":["post-11363","post","type-post","status-publish","format-standard","has-post-thumbnail","hentry","category-actualidad-de","category-blog-de","category-coronavirus-de","category-derecho-concursal-de","category-derecho-mercantil-de","category-derecho-procesal-de","category-home-de","category-obligaciones-de","category-opinion-de","category-turismo-de","category-union-europea-de","tag-abogados-de","tag-acreedores-de","tag-autonomos-de","tag-baleares-de","tag-cancelar-deudas-de","tag-concurso-de","tag-concurso-necesario-de","tag-concurso-voluntario-de","tag-convenio-de","tag-creditos-de","tag-creditos-ico-de","tag-derecho-concursal-de","tag-derecho-mercantil-de","tag-deudas-de","tag-economista-de","tag-el-arenal-de","tag-empresarios-de","tag-empresas-de","tag-fin-de-la-moratoria-de","tag-fmsb-de","tag-font-mora-sainz-de-baranda-de","tag-ibiza-de","tag-insolvencia-de","tag-jurisprudencia-de","tag-law-de","tag-lawyers-de","tag-liquidez-de","tag-mallorca-de","tag-manacor-de","tag-menorca-de","tag-moratoria-concursal-de","tag-pagos-de","tag-port-dandratx-de","tag-procedimientos-de","tag-reestructuracion-de","tag-solicitors-de","tag-tribunal-supremo-de"],"yoast_head":"<!-- This site is optimized with the Yoast SEO plugin v27.3 - https:\/\/yoast.com\/product\/yoast-seo-wordpress\/ -->\n<title>El abogado Juan Font en informativos fibwi sobre el fin de la moratoria concursal - FMSB Abogados y Economistas en Baleares<\/title>\n<meta name=\"robots\" content=\"index, follow, max-snippet:-1, max-image-preview:large, max-video-preview:-1\" \/>\n<link rel=\"canonical\" href=\"https:\/\/fmsb.eu\/de\/2022\/07\/13\/el-abogado-juan-font-en-informativos-fibwi-sobre-el-fin-de-la-moratoria-concursal\/\" \/>\n<meta property=\"og:locale\" content=\"de_DE\" \/>\n<meta property=\"og:type\" content=\"article\" \/>\n<meta property=\"og:title\" content=\"El abogado Juan Font en informativos fibwi sobre el fin de la moratoria concursal - FMSB Abogados y Economistas en Baleares\" \/>\n<meta property=\"og:description\" content=\"&#8211; El abogado Juan Font entrevistado en el informativo fibwi sobre el fin de la moratoria concursal y la reforma del texto refundido de la Ley Concursal. &#8211; El fin de la moratoria concursal ha llegado y no ha habido una pr\u00f3rroga por parte del Gobierno de esta medida, como muchos especulaban. Se acab\u00f3, pues, [&hellip;]\" \/>\n<meta property=\"og:url\" content=\"https:\/\/fmsb.eu\/de\/2022\/07\/13\/el-abogado-juan-font-en-informativos-fibwi-sobre-el-fin-de-la-moratoria-concursal\/\" \/>\n<meta property=\"og:site_name\" content=\"FMSB Abogados y Economistas en Baleares\" \/>\n<meta property=\"article:published_time\" content=\"2022-07-12T22:13:58+00:00\" \/>\n<meta property=\"og:image\" content=\"https:\/\/fmsb.eu\/wp-content\/uploads\/2022\/07\/Captura-de-pantalla-2022-07-13-001536.jpg\" \/>\n\t<meta property=\"og:image:width\" content=\"1792\" \/>\n\t<meta property=\"og:image:height\" content=\"1011\" \/>\n\t<meta property=\"og:image:type\" content=\"image\/jpeg\" \/>\n<meta name=\"author\" content=\"fmsb\" \/>\n<meta name=\"twitter:card\" content=\"summary_large_image\" \/>\n<meta name=\"twitter:creator\" content=\"@fmsb-disstint\" \/>\n<meta name=\"twitter:label1\" content=\"Verfasst von\" \/>\n\t<meta name=\"twitter:data1\" content=\"fmsb\" \/>\n\t<meta name=\"twitter:label2\" content=\"Gesch\u00e4tzte Lesezeit\" \/>\n\t<meta name=\"twitter:data2\" content=\"6\u00a0Minuten\" \/>\n<script type=\"application\/ld+json\" class=\"yoast-schema-graph\">{\"@context\":\"https:\\\/\\\/schema.org\",\"@graph\":[{\"@type\":\"Article\",\"@id\":\"https:\\\/\\\/fmsb.eu\\\/de\\\/2022\\\/07\\\/13\\\/el-abogado-juan-font-en-informativos-fibwi-sobre-el-fin-de-la-moratoria-concursal\\\/#article\",\"isPartOf\":{\"@id\":\"https:\\\/\\\/fmsb.eu\\\/de\\\/2022\\\/07\\\/13\\\/el-abogado-juan-font-en-informativos-fibwi-sobre-el-fin-de-la-moratoria-concursal\\\/\"},\"author\":{\"name\":\"fmsb\",\"@id\":\"https:\\\/\\\/fmsb.eu\\\/de\\\/#\\\/schema\\\/person\\\/9fba7c70814b0cd34d35d655d36a4ca2\"},\"headline\":\"El abogado Juan Font en informativos fibwi sobre el fin de la moratoria concursal\",\"datePublished\":\"2022-07-12T22:13:58+00:00\",\"mainEntityOfPage\":{\"@id\":\"https:\\\/\\\/fmsb.eu\\\/de\\\/2022\\\/07\\\/13\\\/el-abogado-juan-font-en-informativos-fibwi-sobre-el-fin-de-la-moratoria-concursal\\\/\"},\"wordCount\":292,\"publisher\":{\"@id\":\"https:\\\/\\\/fmsb.eu\\\/de\\\/#organization\"},\"image\":{\"@id\":\"https:\\\/\\\/fmsb.eu\\\/de\\\/2022\\\/07\\\/13\\\/el-abogado-juan-font-en-informativos-fibwi-sobre-el-fin-de-la-moratoria-concursal\\\/#primaryimage\"},\"thumbnailUrl\":\"https:\\\/\\\/fmsb.eu\\\/wp-content\\\/uploads\\\/2022\\\/07\\\/Captura-de-pantalla-2022-07-13-001536.jpg\",\"keywords\":[\"abogados\",\"acreedores\",\"aut\u00f3nomos\",\"baleares\",\"cancelar deudas\",\"concurso\",\"concurso necesario\",\"concurso voluntario\",\"convenio\",\"cr\u00e9ditos\",\"cr\u00e9ditos ICO\",\"Derecho Concursal\",\"Derecho Mercantil\",\"deudas\",\"economista\",\"el arenal\",\"empresarios\",\"empresas\",\"fin de la moratoria\",\"fmsb\",\"font mora sainz de baranda\",\"ibiza\",\"insolvencia\",\"jurisprudencia\",\"law\",\"lawyers\",\"liquidez\",\"mallorca\",\"Manacor\",\"menorca\",\"moratoria concursal\",\"pagos\",\"port d&#8217;andratx\",\"procedimientos\",\"reestructuraci\u00f3n\",\"solicitors\",\"Tribunal Supremo\"],\"articleSection\":[\"actualidad\",\"blog\",\"Coronavirus\",\"Derecho Concursal\",\"Derecho Mercantil\",\"Derecho Procesal\",\"Home\",\"obligaciones\",\"Opini\u00f3n\",\"Turismo\",\"Uni\u00f3n Europea\"],\"inLanguage\":\"de\"},{\"@type\":\"WebPage\",\"@id\":\"https:\\\/\\\/fmsb.eu\\\/de\\\/2022\\\/07\\\/13\\\/el-abogado-juan-font-en-informativos-fibwi-sobre-el-fin-de-la-moratoria-concursal\\\/\",\"url\":\"https:\\\/\\\/fmsb.eu\\\/de\\\/2022\\\/07\\\/13\\\/el-abogado-juan-font-en-informativos-fibwi-sobre-el-fin-de-la-moratoria-concursal\\\/\",\"name\":\"El abogado Juan Font en informativos fibwi sobre el fin de la moratoria concursal - FMSB Abogados y Economistas en Baleares\",\"isPartOf\":{\"@id\":\"https:\\\/\\\/fmsb.eu\\\/de\\\/#website\"},\"primaryImageOfPage\":{\"@id\":\"https:\\\/\\\/fmsb.eu\\\/de\\\/2022\\\/07\\\/13\\\/el-abogado-juan-font-en-informativos-fibwi-sobre-el-fin-de-la-moratoria-concursal\\\/#primaryimage\"},\"image\":{\"@id\":\"https:\\\/\\\/fmsb.eu\\\/de\\\/2022\\\/07\\\/13\\\/el-abogado-juan-font-en-informativos-fibwi-sobre-el-fin-de-la-moratoria-concursal\\\/#primaryimage\"},\"thumbnailUrl\":\"https:\\\/\\\/fmsb.eu\\\/wp-content\\\/uploads\\\/2022\\\/07\\\/Captura-de-pantalla-2022-07-13-001536.jpg\",\"datePublished\":\"2022-07-12T22:13:58+00:00\",\"breadcrumb\":{\"@id\":\"https:\\\/\\\/fmsb.eu\\\/de\\\/2022\\\/07\\\/13\\\/el-abogado-juan-font-en-informativos-fibwi-sobre-el-fin-de-la-moratoria-concursal\\\/#breadcrumb\"},\"inLanguage\":\"de\",\"potentialAction\":[{\"@type\":\"ReadAction\",\"target\":[\"https:\\\/\\\/fmsb.eu\\\/de\\\/2022\\\/07\\\/13\\\/el-abogado-juan-font-en-informativos-fibwi-sobre-el-fin-de-la-moratoria-concursal\\\/\"]}]},{\"@type\":\"ImageObject\",\"inLanguage\":\"de\",\"@id\":\"https:\\\/\\\/fmsb.eu\\\/de\\\/2022\\\/07\\\/13\\\/el-abogado-juan-font-en-informativos-fibwi-sobre-el-fin-de-la-moratoria-concursal\\\/#primaryimage\",\"url\":\"https:\\\/\\\/fmsb.eu\\\/wp-content\\\/uploads\\\/2022\\\/07\\\/Captura-de-pantalla-2022-07-13-001536.jpg\",\"contentUrl\":\"https:\\\/\\\/fmsb.eu\\\/wp-content\\\/uploads\\\/2022\\\/07\\\/Captura-de-pantalla-2022-07-13-001536.jpg\",\"width\":1792,\"height\":1011},{\"@type\":\"BreadcrumbList\",\"@id\":\"https:\\\/\\\/fmsb.eu\\\/de\\\/2022\\\/07\\\/13\\\/el-abogado-juan-font-en-informativos-fibwi-sobre-el-fin-de-la-moratoria-concursal\\\/#breadcrumb\",\"itemListElement\":[{\"@type\":\"ListItem\",\"position\":1,\"name\":\"Portada\",\"item\":\"https:\\\/\\\/fmsb.eu\\\/de\\\/\"},{\"@type\":\"ListItem\",\"position\":2,\"name\":\"El abogado Juan Font en informativos fibwi sobre el fin de la moratoria concursal\"}]},{\"@type\":\"WebSite\",\"@id\":\"https:\\\/\\\/fmsb.eu\\\/de\\\/#website\",\"url\":\"https:\\\/\\\/fmsb.eu\\\/de\\\/\",\"name\":\"FMSB Abogados y Economistas en Baleares\",\"description\":\"\",\"publisher\":{\"@id\":\"https:\\\/\\\/fmsb.eu\\\/de\\\/#organization\"},\"potentialAction\":[{\"@type\":\"SearchAction\",\"target\":{\"@type\":\"EntryPoint\",\"urlTemplate\":\"https:\\\/\\\/fmsb.eu\\\/de\\\/?s={search_term_string}\"},\"query-input\":{\"@type\":\"PropertyValueSpecification\",\"valueRequired\":true,\"valueName\":\"search_term_string\"}}],\"inLanguage\":\"de\"},{\"@type\":\"Organization\",\"@id\":\"https:\\\/\\\/fmsb.eu\\\/de\\\/#organization\",\"name\":\"FMSB Abogados y Economistas en Baleares\",\"url\":\"https:\\\/\\\/fmsb.eu\\\/de\\\/\",\"logo\":{\"@type\":\"ImageObject\",\"inLanguage\":\"de\",\"@id\":\"https:\\\/\\\/fmsb.eu\\\/de\\\/#\\\/schema\\\/logo\\\/image\\\/\",\"url\":\"https:\\\/\\\/fmsb.eu\\\/wp-content\\\/uploads\\\/2025\\\/02\\\/logo.svg\",\"contentUrl\":\"https:\\\/\\\/fmsb.eu\\\/wp-content\\\/uploads\\\/2025\\\/02\\\/logo.svg\",\"width\":154,\"height\":52,\"caption\":\"FMSB Abogados y Economistas en Baleares\"},\"image\":{\"@id\":\"https:\\\/\\\/fmsb.eu\\\/de\\\/#\\\/schema\\\/logo\\\/image\\\/\"}},{\"@type\":\"Person\",\"@id\":\"https:\\\/\\\/fmsb.eu\\\/de\\\/#\\\/schema\\\/person\\\/9fba7c70814b0cd34d35d655d36a4ca2\",\"name\":\"fmsb\",\"image\":{\"@type\":\"ImageObject\",\"inLanguage\":\"de\",\"@id\":\"https:\\\/\\\/secure.gravatar.com\\\/avatar\\\/426f4d5b0ebcace85460caf87cdaaa193694b611e990615d87a13f322fb7ee7f?s=96&d=mm&r=g\",\"url\":\"https:\\\/\\\/secure.gravatar.com\\\/avatar\\\/426f4d5b0ebcace85460caf87cdaaa193694b611e990615d87a13f322fb7ee7f?s=96&d=mm&r=g\",\"contentUrl\":\"https:\\\/\\\/secure.gravatar.com\\\/avatar\\\/426f4d5b0ebcace85460caf87cdaaa193694b611e990615d87a13f322fb7ee7f?s=96&d=mm&r=g\",\"caption\":\"fmsb\"},\"sameAs\":[\"https:\\\/\\\/x.com\\\/fmsb-disstint\"],\"url\":\"https:\\\/\\\/fmsb.eu\\\/de\\\/author\\\/fmsb\\\/\"}]}<\/script>\n<!-- \/ Yoast SEO plugin. -->","yoast_head_json":{"title":"El abogado Juan Font en informativos fibwi sobre el fin de la moratoria concursal - FMSB Abogados y Economistas en Baleares","robots":{"index":"index","follow":"follow","max-snippet":"max-snippet:-1","max-image-preview":"max-image-preview:large","max-video-preview":"max-video-preview:-1"},"canonical":"https:\/\/fmsb.eu\/de\/2022\/07\/13\/el-abogado-juan-font-en-informativos-fibwi-sobre-el-fin-de-la-moratoria-concursal\/","og_locale":"de_DE","og_type":"article","og_title":"El abogado Juan Font en informativos fibwi sobre el fin de la moratoria concursal - FMSB Abogados y Economistas en Baleares","og_description":"&#8211; El abogado Juan Font entrevistado en el informativo fibwi sobre el fin de la moratoria concursal y la reforma del texto refundido de la Ley Concursal. &#8211; El fin de la moratoria concursal ha llegado y no ha habido una pr\u00f3rroga por parte del Gobierno de esta medida, como muchos especulaban. Se acab\u00f3, pues, [&hellip;]","og_url":"https:\/\/fmsb.eu\/de\/2022\/07\/13\/el-abogado-juan-font-en-informativos-fibwi-sobre-el-fin-de-la-moratoria-concursal\/","og_site_name":"FMSB Abogados y Economistas en Baleares","article_published_time":"2022-07-12T22:13:58+00:00","og_image":[{"width":1792,"height":1011,"url":"https:\/\/fmsb.eu\/wp-content\/uploads\/2022\/07\/Captura-de-pantalla-2022-07-13-001536.jpg","type":"image\/jpeg"}],"author":"fmsb","twitter_card":"summary_large_image","twitter_creator":"@fmsb-disstint","twitter_misc":{"Verfasst von":"fmsb","Gesch\u00e4tzte Lesezeit":"6\u00a0Minuten"},"schema":{"@context":"https:\/\/schema.org","@graph":[{"@type":"Article","@id":"https:\/\/fmsb.eu\/de\/2022\/07\/13\/el-abogado-juan-font-en-informativos-fibwi-sobre-el-fin-de-la-moratoria-concursal\/#article","isPartOf":{"@id":"https:\/\/fmsb.eu\/de\/2022\/07\/13\/el-abogado-juan-font-en-informativos-fibwi-sobre-el-fin-de-la-moratoria-concursal\/"},"author":{"name":"fmsb","@id":"https:\/\/fmsb.eu\/de\/#\/schema\/person\/9fba7c70814b0cd34d35d655d36a4ca2"},"headline":"El abogado Juan Font en informativos fibwi sobre el fin de la moratoria concursal","datePublished":"2022-07-12T22:13:58+00:00","mainEntityOfPage":{"@id":"https:\/\/fmsb.eu\/de\/2022\/07\/13\/el-abogado-juan-font-en-informativos-fibwi-sobre-el-fin-de-la-moratoria-concursal\/"},"wordCount":292,"publisher":{"@id":"https:\/\/fmsb.eu\/de\/#organization"},"image":{"@id":"https:\/\/fmsb.eu\/de\/2022\/07\/13\/el-abogado-juan-font-en-informativos-fibwi-sobre-el-fin-de-la-moratoria-concursal\/#primaryimage"},"thumbnailUrl":"https:\/\/fmsb.eu\/wp-content\/uploads\/2022\/07\/Captura-de-pantalla-2022-07-13-001536.jpg","keywords":["abogados","acreedores","aut\u00f3nomos","baleares","cancelar deudas","concurso","concurso necesario","concurso voluntario","convenio","cr\u00e9ditos","cr\u00e9ditos ICO","Derecho Concursal","Derecho Mercantil","deudas","economista","el arenal","empresarios","empresas","fin de la moratoria","fmsb","font mora sainz de baranda","ibiza","insolvencia","jurisprudencia","law","lawyers","liquidez","mallorca","Manacor","menorca","moratoria concursal","pagos","port d&#8217;andratx","procedimientos","reestructuraci\u00f3n","solicitors","Tribunal Supremo"],"articleSection":["actualidad","blog","Coronavirus","Derecho Concursal","Derecho Mercantil","Derecho Procesal","Home","obligaciones","Opini\u00f3n","Turismo","Uni\u00f3n Europea"],"inLanguage":"de"},{"@type":"WebPage","@id":"https:\/\/fmsb.eu\/de\/2022\/07\/13\/el-abogado-juan-font-en-informativos-fibwi-sobre-el-fin-de-la-moratoria-concursal\/","url":"https:\/\/fmsb.eu\/de\/2022\/07\/13\/el-abogado-juan-font-en-informativos-fibwi-sobre-el-fin-de-la-moratoria-concursal\/","name":"El abogado Juan Font en informativos fibwi sobre el fin de la moratoria concursal - FMSB Abogados y Economistas en Baleares","isPartOf":{"@id":"https:\/\/fmsb.eu\/de\/#website"},"primaryImageOfPage":{"@id":"https:\/\/fmsb.eu\/de\/2022\/07\/13\/el-abogado-juan-font-en-informativos-fibwi-sobre-el-fin-de-la-moratoria-concursal\/#primaryimage"},"image":{"@id":"https:\/\/fmsb.eu\/de\/2022\/07\/13\/el-abogado-juan-font-en-informativos-fibwi-sobre-el-fin-de-la-moratoria-concursal\/#primaryimage"},"thumbnailUrl":"https:\/\/fmsb.eu\/wp-content\/uploads\/2022\/07\/Captura-de-pantalla-2022-07-13-001536.jpg","datePublished":"2022-07-12T22:13:58+00:00","breadcrumb":{"@id":"https:\/\/fmsb.eu\/de\/2022\/07\/13\/el-abogado-juan-font-en-informativos-fibwi-sobre-el-fin-de-la-moratoria-concursal\/#breadcrumb"},"inLanguage":"de","potentialAction":[{"@type":"ReadAction","target":["https:\/\/fmsb.eu\/de\/2022\/07\/13\/el-abogado-juan-font-en-informativos-fibwi-sobre-el-fin-de-la-moratoria-concursal\/"]}]},{"@type":"ImageObject","inLanguage":"de","@id":"https:\/\/fmsb.eu\/de\/2022\/07\/13\/el-abogado-juan-font-en-informativos-fibwi-sobre-el-fin-de-la-moratoria-concursal\/#primaryimage","url":"https:\/\/fmsb.eu\/wp-content\/uploads\/2022\/07\/Captura-de-pantalla-2022-07-13-001536.jpg","contentUrl":"https:\/\/fmsb.eu\/wp-content\/uploads\/2022\/07\/Captura-de-pantalla-2022-07-13-001536.jpg","width":1792,"height":1011},{"@type":"BreadcrumbList","@id":"https:\/\/fmsb.eu\/de\/2022\/07\/13\/el-abogado-juan-font-en-informativos-fibwi-sobre-el-fin-de-la-moratoria-concursal\/#breadcrumb","itemListElement":[{"@type":"ListItem","position":1,"name":"Portada","item":"https:\/\/fmsb.eu\/de\/"},{"@type":"ListItem","position":2,"name":"El abogado Juan Font en informativos fibwi sobre el fin de la moratoria concursal"}]},{"@type":"WebSite","@id":"https:\/\/fmsb.eu\/de\/#website","url":"https:\/\/fmsb.eu\/de\/","name":"FMSB Abogados y Economistas en Baleares","description":"","publisher":{"@id":"https:\/\/fmsb.eu\/de\/#organization"},"potentialAction":[{"@type":"SearchAction","target":{"@type":"EntryPoint","urlTemplate":"https:\/\/fmsb.eu\/de\/?s={search_term_string}"},"query-input":{"@type":"PropertyValueSpecification","valueRequired":true,"valueName":"search_term_string"}}],"inLanguage":"de"},{"@type":"Organization","@id":"https:\/\/fmsb.eu\/de\/#organization","name":"FMSB Abogados y Economistas en Baleares","url":"https:\/\/fmsb.eu\/de\/","logo":{"@type":"ImageObject","inLanguage":"de","@id":"https:\/\/fmsb.eu\/de\/#\/schema\/logo\/image\/","url":"https:\/\/fmsb.eu\/wp-content\/uploads\/2025\/02\/logo.svg","contentUrl":"https:\/\/fmsb.eu\/wp-content\/uploads\/2025\/02\/logo.svg","width":154,"height":52,"caption":"FMSB Abogados y Economistas en Baleares"},"image":{"@id":"https:\/\/fmsb.eu\/de\/#\/schema\/logo\/image\/"}},{"@type":"Person","@id":"https:\/\/fmsb.eu\/de\/#\/schema\/person\/9fba7c70814b0cd34d35d655d36a4ca2","name":"fmsb","image":{"@type":"ImageObject","inLanguage":"de","@id":"https:\/\/secure.gravatar.com\/avatar\/426f4d5b0ebcace85460caf87cdaaa193694b611e990615d87a13f322fb7ee7f?s=96&d=mm&r=g","url":"https:\/\/secure.gravatar.com\/avatar\/426f4d5b0ebcace85460caf87cdaaa193694b611e990615d87a13f322fb7ee7f?s=96&d=mm&r=g","contentUrl":"https:\/\/secure.gravatar.com\/avatar\/426f4d5b0ebcace85460caf87cdaaa193694b611e990615d87a13f322fb7ee7f?s=96&d=mm&r=g","caption":"fmsb"},"sameAs":["https:\/\/x.com\/fmsb-disstint"],"url":"https:\/\/fmsb.eu\/de\/author\/fmsb\/"}]}},"_links":{"self":[{"href":"https:\/\/fmsb.eu\/de\/wp-json\/wp\/v2\/posts\/11363","targetHints":{"allow":["GET"]}}],"collection":[{"href":"https:\/\/fmsb.eu\/de\/wp-json\/wp\/v2\/posts"}],"about":[{"href":"https:\/\/fmsb.eu\/de\/wp-json\/wp\/v2\/types\/post"}],"author":[{"embeddable":true,"href":"https:\/\/fmsb.eu\/de\/wp-json\/wp\/v2\/users\/2"}],"replies":[{"embeddable":true,"href":"https:\/\/fmsb.eu\/de\/wp-json\/wp\/v2\/comments?post=11363"}],"version-history":[{"count":0,"href":"https:\/\/fmsb.eu\/de\/wp-json\/wp\/v2\/posts\/11363\/revisions"}],"wp:featuredmedia":[{"embeddable":true,"href":"https:\/\/fmsb.eu\/de\/wp-json\/wp\/v2\/media\/9807"}],"wp:attachment":[{"href":"https:\/\/fmsb.eu\/de\/wp-json\/wp\/v2\/media?parent=11363"}],"wp:term":[{"taxonomy":"category","embeddable":true,"href":"https:\/\/fmsb.eu\/de\/wp-json\/wp\/v2\/categories?post=11363"},{"taxonomy":"post_tag","embeddable":true,"href":"https:\/\/fmsb.eu\/de\/wp-json\/wp\/v2\/tags?post=11363"}],"curies":[{"name":"wp","href":"https:\/\/api.w.org\/{rel}","templated":true}]}}