{"id":11389,"date":"2022-05-28T10:45:06","date_gmt":"2022-05-28T08:45:06","guid":{"rendered":"http:\/\/fmsb.disstintbeta.com\/2022\/05\/28\/jose-yanez-biel-ramis-actualidad-informativa-de-fibwi-la-justicia-en-espana\/"},"modified":"2022-05-28T10:45:06","modified_gmt":"2022-05-28T08:45:06","slug":"jose-yanez-biel-ramis-actualidad-informativa-de-fibwi-la-justicia-en-espana","status":"publish","type":"post","link":"https:\/\/fmsb.eu\/de\/2022\/05\/28\/jose-yanez-biel-ramis-actualidad-informativa-de-fibwi-la-justicia-en-espana\/","title":{"rendered":"Jos\u00e9 Y\u00e1\u00f1ez invitado a &#8222;Actualidad Informativa&#8220; para opinar, como profesional del Derecho, sobre la Justicia en Espa\u00f1a"},"content":{"rendered":"<p><iframe title=\"Jos\u00e9 Y\u00e1\u00f1ez en &quot;Actualidad Informativa&quot; Fibwi sobre el estado de la Justicia en Espa\u00f1a\" width=\"800\" height=\"450\" src=\"https:\/\/www.youtube.com\/embed\/TCzo7czP8Yg?feature=oembed\" frameborder=\"0\" allow=\"accelerometer; autoplay; clipboard-write; encrypted-media; gyroscope; picture-in-picture; web-share\" referrerpolicy=\"strict-origin-when-cross-origin\" allowfullscreen><\/iframe><\/p>\n<p>&nbsp;<\/p>\n<p>&nbsp;<\/p>\n<h1><strong>Jos\u00e9 Y\u00e1\u00f1ez invitado por Biel Ramis a &#8222;<em>Actualidad Informativa<\/em>&#8220; para opinar, como profesional del Derecho, sobre la Justicia en Espa\u00f1a<\/strong><\/h1>\n<p>&nbsp;<\/p>\n<p>El abogado y socio de <strong>Font Mora Sainz de Baranda &#8211;<\/strong><em>abogados y economistas<\/em><strong>&#8211;<\/strong> <strong>Jos\u00e9 Y\u00e1\u00f1ez<\/strong> ha sido uno de los invitados al programa conducido por <strong>Biel Ramis<\/strong> <strong>&#8222;<em>Actualidad Informativa<\/em>&#8222;<\/strong> de <strong><a href=\"https:\/\/fibwi.live\/\"><span style=\"color: #3366ff;\">Fibwi<\/span> <\/a><\/strong>en el que, en esta ocasi\u00f3n, profesionales del Derecho han expuesto su criterio acerca de la pregunta que ha servido de hilo conductor del programa: <strong>\u00bfEs justa la Justicia en Espa\u00f1a?<\/strong><\/p>\n<p>Puedes sintonizar <a href=\"https:\/\/fibwi.live\/\"><strong><span style=\"color: #3366ff;\">Fibwi<\/span><\/strong><\/a> en tu receptor de televisi\u00f3n y en <a href=\"https:\/\/fibwi.live\/tv\"><strong><span style=\"color: #3366ff;\">Fibwi Live A La Carta<\/span><\/strong><\/a> podr\u00e1s tener acceso al programa completo de\u00a0<strong><a href=\"https:\/\/fibwi.live\/tv\/program\/Actualidad\">&#8222;<\/a><em>Actualidad Informativa&#8220;<\/em><\/strong> del pasado martes aqu\u00ed, as\u00ed como a otros programas de la cadena.<\/p>\n<p>&nbsp;<\/p>\n<hr \/>\n<p>#fmsb #fontmorasainzdebaranda #abogados #economistas #derecho #justicia #equidad #tribunal #jueces #sentencias #pactos #fiscal\u00eda #penas #prisi\u00f3n #c\u00e1rcel #baleares #mallorca #menorca #ibiza #palma #portdandratx #elarenal #manacor #law #lawyers #solicitors #baleares #mallorca #menorca #ibiza #palma #portdandratx #elarenal #law #lawyers #solicitors<\/p>\n","protected":false},"excerpt":{"rendered":"<p>&nbsp; &nbsp; Jos\u00e9 Y\u00e1\u00f1ez invitado por Biel Ramis a &#8222;Actualidad Informativa&#8220; para opinar, como profesional del Derecho, sobre la Justicia en Espa\u00f1a &nbsp; El abogado y socio de Font Mora Sainz de Baranda &#8211;abogados y economistas&#8211; Jos\u00e9 Y\u00e1\u00f1ez ha sido uno de los invitados al programa conducido por Biel Ramis &#8222;Actualidad Informativa&#8222; de Fibwi en [&hellip;]<\/p>\n","protected":false},"author":2,"featured_media":9767,"comment_status":"closed","ping_status":"open","sticky":false,"template":"","format":"standard","meta":{"footnotes":""},"categories":[2198,2199,2451,2200,2387,5133,2202,3169],"tags":[2206,4998,4999,2208,3983,2398,3128,5001,2219,5004,5005,2223,2224,2225,2480,2228,2229,5007,2231,2232,2234,2236,2884,2243,2492],"class_list":["post-11389","post","type-post","status-publish","format-standard","has-post-thumbnail","hentry","category-actualidad-de","category-blog-de","category-contratos-de","category-derecho-civil-de","category-derecho-penal-de","category-derecho-procesal-de","category-home-de","category-opinion-de","tag-abogados-de","tag-atenuante-de","tag-atenuantes-de","tag-baleares-de","tag-delito-de","tag-derecho-penal-de","tag-doctrina-de","tag-economista-de","tag-el-arenal-de","tag-eximente-de","tag-eximentes-de","tag-fmsb-de","tag-font-mora-sainz-de-baranda-de","tag-ibiza-de","tag-jurisprudencia-de","tag-law-de","tag-lawyers-de","tag-legitima-defensa-de","tag-mallorca-de","tag-manacor-de","tag-menorca-de","tag-port-dandratx-de","tag-requisitos-de","tag-solicitors-de","tag-tribunal-supremo-de"],"yoast_head":"<!-- This site is optimized with the Yoast SEO plugin v27.3 - https:\/\/yoast.com\/product\/yoast-seo-wordpress\/ -->\n<title>Jos\u00e9 Y\u00e1\u00f1ez invitado a &quot;Actualidad Informativa&quot; para opinar, como profesional del Derecho, sobre la Justicia en Espa\u00f1a - FMSB Abogados y Economistas en Baleares<\/title>\n<meta name=\"robots\" content=\"index, follow, max-snippet:-1, max-image-preview:large, max-video-preview:-1\" \/>\n<link rel=\"canonical\" href=\"https:\/\/fmsb.eu\/de\/2022\/05\/28\/jose-yanez-biel-ramis-actualidad-informativa-de-fibwi-la-justicia-en-espana\/\" \/>\n<meta property=\"og:locale\" content=\"de_DE\" \/>\n<meta property=\"og:type\" content=\"article\" \/>\n<meta property=\"og:title\" content=\"Jos\u00e9 Y\u00e1\u00f1ez invitado a &quot;Actualidad Informativa&quot; para opinar, como profesional del Derecho, sobre la Justicia en Espa\u00f1a - FMSB Abogados y Economistas en Baleares\" \/>\n<meta property=\"og:description\" content=\"&nbsp; &nbsp; Jos\u00e9 Y\u00e1\u00f1ez invitado por Biel Ramis a &#8222;Actualidad Informativa&#8220; para opinar, como profesional del Derecho, sobre la Justicia en Espa\u00f1a &nbsp; El abogado y socio de Font Mora Sainz de Baranda &#8211;abogados y economistas&#8211; Jos\u00e9 Y\u00e1\u00f1ez ha sido uno de los invitados al programa conducido por Biel Ramis &#8222;Actualidad Informativa&#8222; de Fibwi en [&hellip;]\" \/>\n<meta property=\"og:url\" content=\"https:\/\/fmsb.eu\/de\/2022\/05\/28\/jose-yanez-biel-ramis-actualidad-informativa-de-fibwi-la-justicia-en-espana\/\" \/>\n<meta property=\"og:site_name\" content=\"FMSB Abogados y Economistas en Baleares\" \/>\n<meta property=\"article:published_time\" content=\"2022-05-28T08:45:06+00:00\" \/>\n<meta property=\"og:image\" content=\"https:\/\/fmsb.eu\/wp-content\/uploads\/2022\/05\/Captura-FMSB-Abogados-Jose-Yanez-Actualidad-Informativa-Fibwi-Biel-Ramis-Justicia-en-Espana-scaled-1.jpg\" \/>\n\t<meta property=\"og:image:width\" content=\"2560\" \/>\n\t<meta property=\"og:image:height\" content=\"1441\" \/>\n\t<meta property=\"og:image:type\" content=\"image\/jpeg\" \/>\n<meta name=\"author\" content=\"fmsb\" \/>\n<meta name=\"twitter:card\" content=\"summary_large_image\" \/>\n<meta name=\"twitter:creator\" content=\"@fmsb-disstint\" \/>\n<meta name=\"twitter:label1\" content=\"Verfasst von\" \/>\n\t<meta name=\"twitter:data1\" content=\"fmsb\" \/>\n\t<meta name=\"twitter:label2\" content=\"Gesch\u00e4tzte Lesezeit\" \/>\n\t<meta name=\"twitter:data2\" content=\"6\u00a0Minuten\" \/>\n<script type=\"application\/ld+json\" class=\"yoast-schema-graph\">{\"@context\":\"https:\\\/\\\/schema.org\",\"@graph\":[{\"@type\":\"Article\",\"@id\":\"https:\\\/\\\/fmsb.eu\\\/de\\\/2022\\\/05\\\/28\\\/jose-yanez-biel-ramis-actualidad-informativa-de-fibwi-la-justicia-en-espana\\\/#article\",\"isPartOf\":{\"@id\":\"https:\\\/\\\/fmsb.eu\\\/de\\\/2022\\\/05\\\/28\\\/jose-yanez-biel-ramis-actualidad-informativa-de-fibwi-la-justicia-en-espana\\\/\"},\"author\":{\"name\":\"fmsb\",\"@id\":\"https:\\\/\\\/fmsb.eu\\\/de\\\/#\\\/schema\\\/person\\\/9fba7c70814b0cd34d35d655d36a4ca2\"},\"headline\":\"Jos\u00e9 Y\u00e1\u00f1ez invitado a &#8222;Actualidad Informativa&#8220; para opinar, como profesional del Derecho, sobre la Justicia en Espa\u00f1a\",\"datePublished\":\"2022-05-28T08:45:06+00:00\",\"mainEntityOfPage\":{\"@id\":\"https:\\\/\\\/fmsb.eu\\\/de\\\/2022\\\/05\\\/28\\\/jose-yanez-biel-ramis-actualidad-informativa-de-fibwi-la-justicia-en-espana\\\/\"},\"wordCount\":195,\"publisher\":{\"@id\":\"https:\\\/\\\/fmsb.eu\\\/de\\\/#organization\"},\"image\":{\"@id\":\"https:\\\/\\\/fmsb.eu\\\/de\\\/2022\\\/05\\\/28\\\/jose-yanez-biel-ramis-actualidad-informativa-de-fibwi-la-justicia-en-espana\\\/#primaryimage\"},\"thumbnailUrl\":\"https:\\\/\\\/fmsb.eu\\\/wp-content\\\/uploads\\\/2022\\\/05\\\/Captura-FMSB-Abogados-Jose-Yanez-Actualidad-Informativa-Fibwi-Biel-Ramis-Justicia-en-Espana-scaled-1.jpg\",\"keywords\":[\"abogados\",\"atenuante\",\"atenuantes\",\"baleares\",\"delito\",\"derecho penal\",\"doctrina\",\"economista\",\"el arenal\",\"eximente\",\"eximentes\",\"fmsb\",\"font mora sainz de baranda\",\"ibiza\",\"jurisprudencia\",\"law\",\"lawyers\",\"leg\u00edtima defensa\",\"mallorca\",\"Manacor\",\"menorca\",\"port d&#8217;andratx\",\"requisitos\",\"solicitors\",\"Tribunal Supremo\"],\"articleSection\":[\"actualidad\",\"blog\",\"contratos\",\"Derecho Civil\",\"Derecho Penal\",\"Derecho Procesal\",\"Home\",\"Opini\u00f3n\"],\"inLanguage\":\"de\"},{\"@type\":\"WebPage\",\"@id\":\"https:\\\/\\\/fmsb.eu\\\/de\\\/2022\\\/05\\\/28\\\/jose-yanez-biel-ramis-actualidad-informativa-de-fibwi-la-justicia-en-espana\\\/\",\"url\":\"https:\\\/\\\/fmsb.eu\\\/de\\\/2022\\\/05\\\/28\\\/jose-yanez-biel-ramis-actualidad-informativa-de-fibwi-la-justicia-en-espana\\\/\",\"name\":\"Jos\u00e9 Y\u00e1\u00f1ez invitado a \\\"Actualidad Informativa\\\" para opinar, como profesional del Derecho, sobre la Justicia en Espa\u00f1a - FMSB Abogados y Economistas en Baleares\",\"isPartOf\":{\"@id\":\"https:\\\/\\\/fmsb.eu\\\/de\\\/#website\"},\"primaryImageOfPage\":{\"@id\":\"https:\\\/\\\/fmsb.eu\\\/de\\\/2022\\\/05\\\/28\\\/jose-yanez-biel-ramis-actualidad-informativa-de-fibwi-la-justicia-en-espana\\\/#primaryimage\"},\"image\":{\"@id\":\"https:\\\/\\\/fmsb.eu\\\/de\\\/2022\\\/05\\\/28\\\/jose-yanez-biel-ramis-actualidad-informativa-de-fibwi-la-justicia-en-espana\\\/#primaryimage\"},\"thumbnailUrl\":\"https:\\\/\\\/fmsb.eu\\\/wp-content\\\/uploads\\\/2022\\\/05\\\/Captura-FMSB-Abogados-Jose-Yanez-Actualidad-Informativa-Fibwi-Biel-Ramis-Justicia-en-Espana-scaled-1.jpg\",\"datePublished\":\"2022-05-28T08:45:06+00:00\",\"breadcrumb\":{\"@id\":\"https:\\\/\\\/fmsb.eu\\\/de\\\/2022\\\/05\\\/28\\\/jose-yanez-biel-ramis-actualidad-informativa-de-fibwi-la-justicia-en-espana\\\/#breadcrumb\"},\"inLanguage\":\"de\",\"potentialAction\":[{\"@type\":\"ReadAction\",\"target\":[\"https:\\\/\\\/fmsb.eu\\\/de\\\/2022\\\/05\\\/28\\\/jose-yanez-biel-ramis-actualidad-informativa-de-fibwi-la-justicia-en-espana\\\/\"]}]},{\"@type\":\"ImageObject\",\"inLanguage\":\"de\",\"@id\":\"https:\\\/\\\/fmsb.eu\\\/de\\\/2022\\\/05\\\/28\\\/jose-yanez-biel-ramis-actualidad-informativa-de-fibwi-la-justicia-en-espana\\\/#primaryimage\",\"url\":\"https:\\\/\\\/fmsb.eu\\\/wp-content\\\/uploads\\\/2022\\\/05\\\/Captura-FMSB-Abogados-Jose-Yanez-Actualidad-Informativa-Fibwi-Biel-Ramis-Justicia-en-Espana-scaled-1.jpg\",\"contentUrl\":\"https:\\\/\\\/fmsb.eu\\\/wp-content\\\/uploads\\\/2022\\\/05\\\/Captura-FMSB-Abogados-Jose-Yanez-Actualidad-Informativa-Fibwi-Biel-Ramis-Justicia-en-Espana-scaled-1.jpg\",\"width\":2560,\"height\":1441},{\"@type\":\"BreadcrumbList\",\"@id\":\"https:\\\/\\\/fmsb.eu\\\/de\\\/2022\\\/05\\\/28\\\/jose-yanez-biel-ramis-actualidad-informativa-de-fibwi-la-justicia-en-espana\\\/#breadcrumb\",\"itemListElement\":[{\"@type\":\"ListItem\",\"position\":1,\"name\":\"Portada\",\"item\":\"https:\\\/\\\/fmsb.eu\\\/de\\\/\"},{\"@type\":\"ListItem\",\"position\":2,\"name\":\"Jos\u00e9 Y\u00e1\u00f1ez invitado a &#8222;Actualidad Informativa&#8220; para opinar, como profesional del Derecho, sobre la Justicia en Espa\u00f1a\"}]},{\"@type\":\"WebSite\",\"@id\":\"https:\\\/\\\/fmsb.eu\\\/de\\\/#website\",\"url\":\"https:\\\/\\\/fmsb.eu\\\/de\\\/\",\"name\":\"FMSB Abogados y Economistas en Baleares\",\"description\":\"\",\"publisher\":{\"@id\":\"https:\\\/\\\/fmsb.eu\\\/de\\\/#organization\"},\"potentialAction\":[{\"@type\":\"SearchAction\",\"target\":{\"@type\":\"EntryPoint\",\"urlTemplate\":\"https:\\\/\\\/fmsb.eu\\\/de\\\/?s={search_term_string}\"},\"query-input\":{\"@type\":\"PropertyValueSpecification\",\"valueRequired\":true,\"valueName\":\"search_term_string\"}}],\"inLanguage\":\"de\"},{\"@type\":\"Organization\",\"@id\":\"https:\\\/\\\/fmsb.eu\\\/de\\\/#organization\",\"name\":\"FMSB Abogados y Economistas en Baleares\",\"url\":\"https:\\\/\\\/fmsb.eu\\\/de\\\/\",\"logo\":{\"@type\":\"ImageObject\",\"inLanguage\":\"de\",\"@id\":\"https:\\\/\\\/fmsb.eu\\\/de\\\/#\\\/schema\\\/logo\\\/image\\\/\",\"url\":\"https:\\\/\\\/fmsb.eu\\\/wp-content\\\/uploads\\\/2025\\\/02\\\/logo.svg\",\"contentUrl\":\"https:\\\/\\\/fmsb.eu\\\/wp-content\\\/uploads\\\/2025\\\/02\\\/logo.svg\",\"width\":154,\"height\":52,\"caption\":\"FMSB Abogados y Economistas en Baleares\"},\"image\":{\"@id\":\"https:\\\/\\\/fmsb.eu\\\/de\\\/#\\\/schema\\\/logo\\\/image\\\/\"}},{\"@type\":\"Person\",\"@id\":\"https:\\\/\\\/fmsb.eu\\\/de\\\/#\\\/schema\\\/person\\\/9fba7c70814b0cd34d35d655d36a4ca2\",\"name\":\"fmsb\",\"image\":{\"@type\":\"ImageObject\",\"inLanguage\":\"de\",\"@id\":\"https:\\\/\\\/secure.gravatar.com\\\/avatar\\\/426f4d5b0ebcace85460caf87cdaaa193694b611e990615d87a13f322fb7ee7f?s=96&d=mm&r=g\",\"url\":\"https:\\\/\\\/secure.gravatar.com\\\/avatar\\\/426f4d5b0ebcace85460caf87cdaaa193694b611e990615d87a13f322fb7ee7f?s=96&d=mm&r=g\",\"contentUrl\":\"https:\\\/\\\/secure.gravatar.com\\\/avatar\\\/426f4d5b0ebcace85460caf87cdaaa193694b611e990615d87a13f322fb7ee7f?s=96&d=mm&r=g\",\"caption\":\"fmsb\"},\"sameAs\":[\"https:\\\/\\\/x.com\\\/fmsb-disstint\"],\"url\":\"https:\\\/\\\/fmsb.eu\\\/de\\\/author\\\/fmsb\\\/\"}]}<\/script>\n<!-- \/ Yoast SEO plugin. -->","yoast_head_json":{"title":"Jos\u00e9 Y\u00e1\u00f1ez invitado a \"Actualidad Informativa\" para opinar, como profesional del Derecho, sobre la Justicia en Espa\u00f1a - FMSB Abogados y Economistas en Baleares","robots":{"index":"index","follow":"follow","max-snippet":"max-snippet:-1","max-image-preview":"max-image-preview:large","max-video-preview":"max-video-preview:-1"},"canonical":"https:\/\/fmsb.eu\/de\/2022\/05\/28\/jose-yanez-biel-ramis-actualidad-informativa-de-fibwi-la-justicia-en-espana\/","og_locale":"de_DE","og_type":"article","og_title":"Jos\u00e9 Y\u00e1\u00f1ez invitado a \"Actualidad Informativa\" para opinar, como profesional del Derecho, sobre la Justicia en Espa\u00f1a - FMSB Abogados y Economistas en Baleares","og_description":"&nbsp; &nbsp; Jos\u00e9 Y\u00e1\u00f1ez invitado por Biel Ramis a &#8222;Actualidad Informativa&#8220; para opinar, como profesional del Derecho, sobre la Justicia en Espa\u00f1a &nbsp; El abogado y socio de Font Mora Sainz de Baranda &#8211;abogados y economistas&#8211; Jos\u00e9 Y\u00e1\u00f1ez ha sido uno de los invitados al programa conducido por Biel Ramis &#8222;Actualidad Informativa&#8222; de Fibwi en [&hellip;]","og_url":"https:\/\/fmsb.eu\/de\/2022\/05\/28\/jose-yanez-biel-ramis-actualidad-informativa-de-fibwi-la-justicia-en-espana\/","og_site_name":"FMSB Abogados y Economistas en Baleares","article_published_time":"2022-05-28T08:45:06+00:00","og_image":[{"width":2560,"height":1441,"url":"https:\/\/fmsb.eu\/wp-content\/uploads\/2022\/05\/Captura-FMSB-Abogados-Jose-Yanez-Actualidad-Informativa-Fibwi-Biel-Ramis-Justicia-en-Espana-scaled-1.jpg","type":"image\/jpeg"}],"author":"fmsb","twitter_card":"summary_large_image","twitter_creator":"@fmsb-disstint","twitter_misc":{"Verfasst von":"fmsb","Gesch\u00e4tzte Lesezeit":"6\u00a0Minuten"},"schema":{"@context":"https:\/\/schema.org","@graph":[{"@type":"Article","@id":"https:\/\/fmsb.eu\/de\/2022\/05\/28\/jose-yanez-biel-ramis-actualidad-informativa-de-fibwi-la-justicia-en-espana\/#article","isPartOf":{"@id":"https:\/\/fmsb.eu\/de\/2022\/05\/28\/jose-yanez-biel-ramis-actualidad-informativa-de-fibwi-la-justicia-en-espana\/"},"author":{"name":"fmsb","@id":"https:\/\/fmsb.eu\/de\/#\/schema\/person\/9fba7c70814b0cd34d35d655d36a4ca2"},"headline":"Jos\u00e9 Y\u00e1\u00f1ez invitado a &#8222;Actualidad Informativa&#8220; para opinar, como profesional del Derecho, sobre la Justicia en Espa\u00f1a","datePublished":"2022-05-28T08:45:06+00:00","mainEntityOfPage":{"@id":"https:\/\/fmsb.eu\/de\/2022\/05\/28\/jose-yanez-biel-ramis-actualidad-informativa-de-fibwi-la-justicia-en-espana\/"},"wordCount":195,"publisher":{"@id":"https:\/\/fmsb.eu\/de\/#organization"},"image":{"@id":"https:\/\/fmsb.eu\/de\/2022\/05\/28\/jose-yanez-biel-ramis-actualidad-informativa-de-fibwi-la-justicia-en-espana\/#primaryimage"},"thumbnailUrl":"https:\/\/fmsb.eu\/wp-content\/uploads\/2022\/05\/Captura-FMSB-Abogados-Jose-Yanez-Actualidad-Informativa-Fibwi-Biel-Ramis-Justicia-en-Espana-scaled-1.jpg","keywords":["abogados","atenuante","atenuantes","baleares","delito","derecho penal","doctrina","economista","el arenal","eximente","eximentes","fmsb","font mora sainz de baranda","ibiza","jurisprudencia","law","lawyers","leg\u00edtima defensa","mallorca","Manacor","menorca","port d&#8217;andratx","requisitos","solicitors","Tribunal Supremo"],"articleSection":["actualidad","blog","contratos","Derecho Civil","Derecho Penal","Derecho Procesal","Home","Opini\u00f3n"],"inLanguage":"de"},{"@type":"WebPage","@id":"https:\/\/fmsb.eu\/de\/2022\/05\/28\/jose-yanez-biel-ramis-actualidad-informativa-de-fibwi-la-justicia-en-espana\/","url":"https:\/\/fmsb.eu\/de\/2022\/05\/28\/jose-yanez-biel-ramis-actualidad-informativa-de-fibwi-la-justicia-en-espana\/","name":"Jos\u00e9 Y\u00e1\u00f1ez invitado a \"Actualidad Informativa\" para opinar, como profesional del Derecho, sobre la Justicia en Espa\u00f1a - FMSB Abogados y Economistas en Baleares","isPartOf":{"@id":"https:\/\/fmsb.eu\/de\/#website"},"primaryImageOfPage":{"@id":"https:\/\/fmsb.eu\/de\/2022\/05\/28\/jose-yanez-biel-ramis-actualidad-informativa-de-fibwi-la-justicia-en-espana\/#primaryimage"},"image":{"@id":"https:\/\/fmsb.eu\/de\/2022\/05\/28\/jose-yanez-biel-ramis-actualidad-informativa-de-fibwi-la-justicia-en-espana\/#primaryimage"},"thumbnailUrl":"https:\/\/fmsb.eu\/wp-content\/uploads\/2022\/05\/Captura-FMSB-Abogados-Jose-Yanez-Actualidad-Informativa-Fibwi-Biel-Ramis-Justicia-en-Espana-scaled-1.jpg","datePublished":"2022-05-28T08:45:06+00:00","breadcrumb":{"@id":"https:\/\/fmsb.eu\/de\/2022\/05\/28\/jose-yanez-biel-ramis-actualidad-informativa-de-fibwi-la-justicia-en-espana\/#breadcrumb"},"inLanguage":"de","potentialAction":[{"@type":"ReadAction","target":["https:\/\/fmsb.eu\/de\/2022\/05\/28\/jose-yanez-biel-ramis-actualidad-informativa-de-fibwi-la-justicia-en-espana\/"]}]},{"@type":"ImageObject","inLanguage":"de","@id":"https:\/\/fmsb.eu\/de\/2022\/05\/28\/jose-yanez-biel-ramis-actualidad-informativa-de-fibwi-la-justicia-en-espana\/#primaryimage","url":"https:\/\/fmsb.eu\/wp-content\/uploads\/2022\/05\/Captura-FMSB-Abogados-Jose-Yanez-Actualidad-Informativa-Fibwi-Biel-Ramis-Justicia-en-Espana-scaled-1.jpg","contentUrl":"https:\/\/fmsb.eu\/wp-content\/uploads\/2022\/05\/Captura-FMSB-Abogados-Jose-Yanez-Actualidad-Informativa-Fibwi-Biel-Ramis-Justicia-en-Espana-scaled-1.jpg","width":2560,"height":1441},{"@type":"BreadcrumbList","@id":"https:\/\/fmsb.eu\/de\/2022\/05\/28\/jose-yanez-biel-ramis-actualidad-informativa-de-fibwi-la-justicia-en-espana\/#breadcrumb","itemListElement":[{"@type":"ListItem","position":1,"name":"Portada","item":"https:\/\/fmsb.eu\/de\/"},{"@type":"ListItem","position":2,"name":"Jos\u00e9 Y\u00e1\u00f1ez invitado a &#8222;Actualidad Informativa&#8220; para opinar, como profesional del Derecho, sobre la Justicia en Espa\u00f1a"}]},{"@type":"WebSite","@id":"https:\/\/fmsb.eu\/de\/#website","url":"https:\/\/fmsb.eu\/de\/","name":"FMSB Abogados y Economistas en Baleares","description":"","publisher":{"@id":"https:\/\/fmsb.eu\/de\/#organization"},"potentialAction":[{"@type":"SearchAction","target":{"@type":"EntryPoint","urlTemplate":"https:\/\/fmsb.eu\/de\/?s={search_term_string}"},"query-input":{"@type":"PropertyValueSpecification","valueRequired":true,"valueName":"search_term_string"}}],"inLanguage":"de"},{"@type":"Organization","@id":"https:\/\/fmsb.eu\/de\/#organization","name":"FMSB Abogados y Economistas en Baleares","url":"https:\/\/fmsb.eu\/de\/","logo":{"@type":"ImageObject","inLanguage":"de","@id":"https:\/\/fmsb.eu\/de\/#\/schema\/logo\/image\/","url":"https:\/\/fmsb.eu\/wp-content\/uploads\/2025\/02\/logo.svg","contentUrl":"https:\/\/fmsb.eu\/wp-content\/uploads\/2025\/02\/logo.svg","width":154,"height":52,"caption":"FMSB Abogados y Economistas en Baleares"},"image":{"@id":"https:\/\/fmsb.eu\/de\/#\/schema\/logo\/image\/"}},{"@type":"Person","@id":"https:\/\/fmsb.eu\/de\/#\/schema\/person\/9fba7c70814b0cd34d35d655d36a4ca2","name":"fmsb","image":{"@type":"ImageObject","inLanguage":"de","@id":"https:\/\/secure.gravatar.com\/avatar\/426f4d5b0ebcace85460caf87cdaaa193694b611e990615d87a13f322fb7ee7f?s=96&d=mm&r=g","url":"https:\/\/secure.gravatar.com\/avatar\/426f4d5b0ebcace85460caf87cdaaa193694b611e990615d87a13f322fb7ee7f?s=96&d=mm&r=g","contentUrl":"https:\/\/secure.gravatar.com\/avatar\/426f4d5b0ebcace85460caf87cdaaa193694b611e990615d87a13f322fb7ee7f?s=96&d=mm&r=g","caption":"fmsb"},"sameAs":["https:\/\/x.com\/fmsb-disstint"],"url":"https:\/\/fmsb.eu\/de\/author\/fmsb\/"}]}},"_links":{"self":[{"href":"https:\/\/fmsb.eu\/de\/wp-json\/wp\/v2\/posts\/11389","targetHints":{"allow":["GET"]}}],"collection":[{"href":"https:\/\/fmsb.eu\/de\/wp-json\/wp\/v2\/posts"}],"about":[{"href":"https:\/\/fmsb.eu\/de\/wp-json\/wp\/v2\/types\/post"}],"author":[{"embeddable":true,"href":"https:\/\/fmsb.eu\/de\/wp-json\/wp\/v2\/users\/2"}],"replies":[{"embeddable":true,"href":"https:\/\/fmsb.eu\/de\/wp-json\/wp\/v2\/comments?post=11389"}],"version-history":[{"count":0,"href":"https:\/\/fmsb.eu\/de\/wp-json\/wp\/v2\/posts\/11389\/revisions"}],"wp:featuredmedia":[{"embeddable":true,"href":"https:\/\/fmsb.eu\/de\/wp-json\/wp\/v2\/media\/9767"}],"wp:attachment":[{"href":"https:\/\/fmsb.eu\/de\/wp-json\/wp\/v2\/media?parent=11389"}],"wp:term":[{"taxonomy":"category","embeddable":true,"href":"https:\/\/fmsb.eu\/de\/wp-json\/wp\/v2\/categories?post=11389"},{"taxonomy":"post_tag","embeddable":true,"href":"https:\/\/fmsb.eu\/de\/wp-json\/wp\/v2\/tags?post=11389"}],"curies":[{"name":"wp","href":"https:\/\/api.w.org\/{rel}","templated":true}]}}