{"id":11391,"date":"2022-05-21T09:32:33","date_gmt":"2022-05-21T07:32:33","guid":{"rendered":"http:\/\/fmsb.disstintbeta.com\/2022\/05\/21\/jorge-sainz-de-baranda-en-el-claustro-de-profesores-del-curso-de-reestructuracion-de-la-deuda-de-la-universidad-europea\/"},"modified":"2022-05-21T09:32:33","modified_gmt":"2022-05-21T07:32:33","slug":"jorge-sainz-de-baranda-en-el-claustro-de-profesores-del-curso-de-reestructuracion-de-la-deuda-de-la-universidad-europea","status":"publish","type":"post","link":"https:\/\/fmsb.eu\/de\/2022\/05\/21\/jorge-sainz-de-baranda-en-el-claustro-de-profesores-del-curso-de-reestructuracion-de-la-deuda-de-la-universidad-europea\/","title":{"rendered":"Jorge Sainz de Baranda, en el claustro de profesores del &#8222;curso de reestructuraci\u00f3n de la deuda&#8220; de la Universidad Europea"},"content":{"rendered":"<p>&nbsp;<\/p>\n<p><a href=\"http:\/\/fmsb.disstintbeta.com\/wp-content\/uploads\/2022\/05\/Curso-de-Reestructuracion-de-la-Deuda-Jorge-Sainz-de-Baranda-Universidad-Europea-Valencia.jpg\"><img fetchpriority=\"high\" decoding=\"async\" class=\"alignnone wp-image-6009\" src=\"http:\/\/fmsb.disstintbeta.com\/wp-content\/uploads\/2022\/05\/Curso-de-Reestructuracion-de-la-Deuda-Jorge-Sainz-de-Baranda-Universidad-Europea-Valencia.jpg\" alt=\"\" width=\"1200\" height=\"360\" srcset=\"https:\/\/font-mora-sainz-baranda.fra1.digitaloceanspaces.com\/wp-content\/uploads\/2022\/05\/Curso-de-Reestructuracion-de-la-Deuda-Jorge-Sainz-de-Baranda-Universidad-Europea-Valencia.jpg 2314w, https:\/\/font-mora-sainz-baranda.fra1.digitaloceanspaces.com\/wp-content\/uploads\/2022\/05\/Curso-de-Reestructuracion-de-la-Deuda-Jorge-Sainz-de-Baranda-Universidad-Europea-Valencia-300x90.jpg 300w, https:\/\/font-mora-sainz-baranda.fra1.digitaloceanspaces.com\/wp-content\/uploads\/2022\/05\/Curso-de-Reestructuracion-de-la-Deuda-Jorge-Sainz-de-Baranda-Universidad-Europea-Valencia-1024x307.jpg 1024w, https:\/\/font-mora-sainz-baranda.fra1.digitaloceanspaces.com\/wp-content\/uploads\/2022\/05\/Curso-de-Reestructuracion-de-la-Deuda-Jorge-Sainz-de-Baranda-Universidad-Europea-Valencia-768x230.jpg 768w, https:\/\/font-mora-sainz-baranda.fra1.digitaloceanspaces.com\/wp-content\/uploads\/2022\/05\/Curso-de-Reestructuracion-de-la-Deuda-Jorge-Sainz-de-Baranda-Universidad-Europea-Valencia-1536x461.jpg 1536w, https:\/\/font-mora-sainz-baranda.fra1.digitaloceanspaces.com\/wp-content\/uploads\/2022\/05\/Curso-de-Reestructuracion-de-la-Deuda-Jorge-Sainz-de-Baranda-Universidad-Europea-Valencia-2048x614.jpg 2048w\" sizes=\"(max-width: 1200px) 100vw, 1200px\" \/><\/a><\/p>\n<p>&nbsp;<\/p>\n<p>&nbsp;<\/p>\n<p>El abogado y socio de <strong>Font Mora Sainz de Baranda &#8211;<\/strong><em>abogados y economistas<\/em><strong>&#8211;<\/strong> <strong>Jorge Sainz de Baranda<\/strong> forma parte del claustro docente del <em><strong>curso de reestructuraci\u00f3n de la deuda<\/strong><\/em>, que, de forma presencial\u00a0 y a partir del pr\u00f3ximo 22 de septiembre, se impartir\u00e1 en la <strong>Universidad Europea<\/strong>. Lee a continuaci\u00f3n toda la informaci\u00f3n sobre el mismo.<\/p>\n<p>&nbsp;<\/p>\n<h1><a href=\"https:\/\/universidadeuropea.com\/curso-reestructuracion-deuda-valencia\/\"><span style=\"color: #ff0000;\"><em><strong>Curso de Reestructuraci\u00f3n de la Deuda<\/strong><\/em><\/span><\/a><\/h1>\n<p>De la mano de los profesionales de los despachos de referencia. Haz clic <span style=\"color: #ff0000;\"><strong><a style=\"color: #ff0000;\" href=\"https:\/\/universidadeuropea.com\/curso-reestructuracion-deuda-valencia\/\">aqu\u00ed<\/a><\/strong><\/span> para ver toda la informaci\u00f3n sobre este curso directamente en la p\u00e1gina de la <a href=\"https:\/\/universidadeuropea.com\/curso-reestructuracion-deuda-valencia\/\"><strong><span style=\"color: #ff0000;\">Universidad Europea<\/span><\/strong><\/a> y poder reservar tu plaza.<\/p>\n<p>&nbsp;<\/p>\n<h2><span style=\"color: #ff0000;\"><strong>Caracter\u00edsticas<\/strong><\/span><\/h2>\n<p>La refinanciaci\u00f3n y reestructuraci\u00f3n empresarial, con las diferentes modificaciones legislativas, va a suponer una herramienta fundamental para la reflotaci\u00f3n de empresas generaci\u00f3n de nuevas oportunidades en el \u00e1mbito empresarial espa\u00f1ol. Capac\u00edtate para plantear con \u00e9xito un concurso de acreedores y el tratamiento de insolvencias ante actuales y futuras crisis empresariales.<\/p>\n<p>Las clases se imparten los mi\u00e9rcoles.<\/p>\n<table style=\"height: 250px;\" width=\"1010\">\n<tbody>\n<tr>\n<td>Presencial<\/td>\n<td>Espa\u00f1ol<\/td>\n<\/tr>\n<tr>\n<td>Valencia<\/td>\n<td>10 ECTS<\/td>\n<\/tr>\n<tr>\n<td>Inicio: 28 sep. 2022<\/td>\n<td>T\u00edtulo emitido por Universidad Europea de Valencia<\/td>\n<\/tr>\n<tr>\n<td>3 meses<\/td>\n<td>Facultad de Ciencias Sociales<\/td>\n<\/tr>\n<tr>\n<td>T\u00edtulo propio<\/td>\n<td><\/td>\n<\/tr>\n<\/tbody>\n<\/table>\n<p>&nbsp;<\/p>\n<p><span style=\"color: #800000;\">30% de descuento en reserva de plaza para curso 22\/23. \u00a1Solo hasta el 31 de mayo!<\/span> Consulta las bases de la oferta, <a href=\"https:\/\/universidadeuropea.com\/documents\/3243\/Bases_Legales_20_UG_TV_y__30_PG_Reserva_de_Plaza_Mayo__2022-VF.pdf\"><strong>aqu\u00ed<\/strong><\/a><\/p>\n<p>&nbsp;<\/p>\n<h2><span style=\"color: #ff0000;\"><strong>\u00bfPor qu\u00e9 estudiar el Curso de Reestructuraci\u00f3n de la Deuda?<\/strong><\/span><\/h2>\n<ul>\n<li><strong>Habil\u00edtate como experto: <\/strong>Adquiere los conocimientos para poder recopilar, analizar y desarrollar planes de viabilidad empresarial y\/o de reestructuraci\u00f3n y recibe la habilitaci\u00f3n t\u00e9cnica como Experto en Reestructuraciones y Refinanciaciones.<\/li>\n<\/ul>\n<ul>\n<li><strong>Con una visi\u00f3n estrat\u00e9gica: <\/strong>Aumenta la capacidad de an\u00e1lisis financiero y contable de las empresas anticip\u00e1ndose a las situaciones de probabilidad de insolvencia, insolvencia inminente e insolvencia actual.<\/li>\n<\/ul>\n<ul>\n<li><strong>Formaci\u00f3n actual: <\/strong>Desarrolla alternativas a la estructura societaria de las compa\u00f1\u00edas, aumento y reducci\u00f3n de capital, as\u00ed como la entrada de nuevos socios capitalistas en la mercantil.<\/li>\n<\/ul>\n<ul>\n<li><strong>Para trabajar globalmente: <\/strong>Adquiere los conocimientos de la Refinanciaci\u00f3n internacional.<\/li>\n<\/ul>\n<p>&nbsp;<\/p>\n<h2><strong><span style=\"color: #ff0000;\">Plan de estudios<\/span><\/strong><\/h2>\n<h5>Estructura del plan de estudios<\/h5>\n<ul>\n<li><strong>M\u00f3dulo I:<\/strong> La Reestructuraci\u00f3n Empresarial (2,7 ECTS)<\/li>\n<li><strong>M\u00f3dulo II:<\/strong> Refinanciaciones de Deuda y Empresariales (3,3 ECTS)<\/li>\n<li><strong>M\u00f3dulo III:<\/strong> Fundamentos B\u00e1sicos del Derecho de la Insolvencia (2,5 ECTS)<\/li>\n<li><strong>M\u00f3dulo IV:<\/strong> Contabilidad y Finanzas Aplicadas a las Reestructuraciones y Refinanciaciones Empresariales (1,5 ECTS)<\/li>\n<\/ul>\n<p><strong>Total<\/strong>: 10 ECTS<\/p>\n<p>&nbsp;<\/p>\n<h2><strong><span style=\"color: #ff0000;\">Pr\u00e1cticas profesionales<\/span><\/strong><\/h2>\n<p>Las pr\u00e1cticas en empresas son un elemento clave en tu formaci\u00f3n. Adquirir experiencia despu\u00e9s de lo aprendido en tu titulaci\u00f3n, es la mejor forma de entrar en el mercado laboral. Hay dos tipos de pr\u00e1cticas, las curriculares (incluidas en tu plan de estudios) y extracurriculares (las que puedes hacer de forma voluntaria).<\/p>\n<p>Para realizar las pr\u00e1cticas curriculares en empresas, necesitar\u00e1s tener el 50% de los cr\u00e9ditos aprobado y matricular la asignatura antes de comenzar tus pr\u00e1cticas. Estas pr\u00e1cticas llevan un seguimiento por parte de la empresa y del profesor de pr\u00e1cticas, as\u00ed como la realizaci\u00f3n de informes intermedios y finales para su evaluaci\u00f3n.<\/p>\n<p>Si quieres mejorar tu experiencia laboral antes de concluir tu formaci\u00f3n universitaria, puedes hacer pr\u00e1cticas extracurriculares. Podr\u00e1s hacerlas en cualquier curso pero te recordamos que las pr\u00e1cticas son un complemento formativo a tus estudios; por tanto, cuanto m\u00e1s conocimiento hayas adquirido a lo largo de la carrera, mayor provecho sacar\u00e1s de la experiencia de pr\u00e1cticas.<\/p>\n<p>&nbsp;<\/p>\n<h2><strong><span style=\"color: #ff0000;\">Empleabilidad<\/span><\/strong><\/h2>\n<h4>Salidas profesionales y empleo<\/h4>\n<ul>\n<li>Especialista en refinanciaci\u00f3n<\/li>\n<li>Profesional de la Administraci\u00f3n Concursal<\/li>\n<\/ul>\n<p>&nbsp;<\/p>\n<h2><strong><span style=\"color: #ff0000;\">Claustro<\/span><\/strong><\/h2>\n<h5>Direcci\u00f3n acad\u00e9mica<\/h5>\n<ul>\n<li><strong>Don Javier Carretero Espinosa de los Monteros<\/strong><br \/>\nMagistrado especialista en los asuntos propios de los \u00f3rganos de lo Mercantil, tras superar las pruebas de especializaci\u00f3n, perteneciendo a la 8\u00aa Promoci\u00f3n de especialistas (a\u00f1o 2015).<br \/>\n<strong>Destinos<\/strong>:<br \/>\n&#8211; Desde el 8 de mayo de 2015 Magistrado-Juez adjunto al Tribunal Superior de Justicia de Andaluc\u00eda, adscrito a la provincia de Sevilla, en funciones de refuerzo en el Juzgado de lo Mercantil N.\u00ba 1 de Sevilla.<br \/>\n&#8211; Desde el a\u00f1o 2016 hasta la actualidad Magistrado integrado en la Secci\u00f3n 1\u00aa del Tribunal de Instancia Mercantil de Sevilla.<br \/>\n<strong>Publicaciones<\/strong>:<br \/>\n&#8211; \u201cSentencia de Calificaci\u00f3n. Principio de Imparcialidad, Sesgos Cognitivos Inconscientes\u201d, art\u00edculo publicado en la Obra colectiva: \u201cUna revisi\u00f3n de la Ley Concursal y su Jurisprudencia\u201d Editorial Dykinson S.L. Madrid 2013.<br \/>\n&#8211; \u201cPlan de Liquidaci\u00f3n con oferta de venta vinculante de unidad productiva por art\u00edculo 191 ter de la LC\u201d, art\u00edculo publicado en la Obra colectiva: \u201cLa Ley Concursal y la Mediaci\u00f3n Concursal: Un estudio conjunto realizado por especialistas\u201d Editorial Dykinson S.L. Madrid 2014.<br \/>\n&#8211; \u201cConvenio de Acreedores. Aspectos Judiciales\u201d, art\u00edculo publicado en la Revista del Decanato Territorial de Andaluc\u00eda Occidental de los Registradores de la Propiedad y Mercantiles. Sevilla 2015.<br \/>\n&#8211; \u201cLa responsabilidad del administrador de las sociedades: responsabilidad del administrador\u201d, art\u00edculo publicado en la Obra colectiva: \u201cHomenaje a Jos\u00e9 Manuel Maza Mart\u00edn, La Administraci\u00f3n Judicial\u201d Editorial Atarazana, Madrid 2019.<br \/>\n&#8211; \u201cDerechos del socio: informaci\u00f3n, voto, impugnaci\u00f3n, separaci\u00f3n\u201d, art\u00edculo publicado en la Obra colectiva: \u201cI Simposio profesional de Derecho Concursal y Societario de Madrid, Editorial Atarazana, Madrid 2019.<br \/>\n&#8211; \u201cComentarios al Texto Refundido de la Ley Concursal\u201d, Obra Colectiva, art\u00edculos 470 a 477, Editorial Aranzadi, Pamplona 2021.<\/li>\n<li><strong>Don Jacinto Talens Segu\u00ed<\/strong><br \/>\nMagistrado especialista en los asuntos propios de los \u00f3rganos de lo Mercantil, tras superar las pruebas de especializaci\u00f3n. Estuvo en Barcelona, y ahora es titular del Juzgado de lo Mercantil n\u00fam. 2 de Valencia.<br \/>\nEs coautor del libro: \u201cEl Texto Refundido de la Ley Concursal\u201d, Valencia: Tirant lo Blanch, 2021.<\/li>\n<li><strong>D. Alberto Fraguas Guti\u00e9rrez<br \/>\n<\/strong>Socio director de Summa Iuris SLP. Abogado, Administrador Mediador y Concursal. Experto en Reestructuraci\u00f3n e Insolvencia.<\/li>\n<\/ul>\n<h5>Directores acad\u00e9micos de la propia UEV<\/h5>\n<ul>\n<li><strong>Don Borja P\u00e9rez Beltr\u00e1n<br \/>\n<\/strong>Profesor de Derecho mercantil de la Universidad Europea de Valencia, contratado, doctorando. Abogado en Summa Iuris. Docente del M\u00e1ster Universitario en Gesti\u00f3n del Negocio Mar\u00edtimo y el Derecho Mar\u00edtimo de la Universidad Europea de Valencia. Miembro del Propeller Club Junior Valencia, asociaci\u00f3n de directivos y empresarios log\u00edsticos.<\/li>\n<li><strong>Don Jorge S\u00e1nchez-Tarazaga y Marcelino<br \/>\n<\/strong>Profesor titular de derecho mercantil de la UEV. Abogado y socio codirector de la firma LEGAL NOTES, t\u00e9cnico en ADR (mediaci\u00f3n y arbitraje), administrador y mediador concursal, especialista en cumplimiento normativo. Doctor en Derecho, sobresaliente cum laude, por la Universidad Cardenal Herrera CEU y licenciado en Derecho con premio extraordinario.<br \/>\nHa sido investigador visitante en el Max-Planck-Institut f\u00fcr ausl\u00e4ndisches und internationales Patent, Urheber- und Wettbewerbsrecht (Munich), y en la CNUDMI, Comisi\u00f3n de las Naciones Unidas para el Derecho Mercantil Internacional (Roma). Certificaci\u00f3n en Compliance CESCOM\u00ae, reconocida por la \u201cInternationally Certified Compliance Professional\u201d (ICCP) y la Asociaci\u00f3n Espa\u00f1ola de Compliance. Director de tesis doctoral en derecho concursal.<br \/>\nAutor de diversas publicaciones sobre arbitraje y mediaci\u00f3n, comercio internacional, derecho internacional privado, sobre derechos fundamentales y sobre derecho de la competencia. Con una amplia trayectoria universitaria en la docencia en grados y m\u00e1steres de derecho y de relaciones internacionales, siendo actualmente director y docente del M\u00e1ster Universitario en Gesti\u00f3n del Negocio Mar\u00edtimo y el Derecho Mar\u00edtimo de la Universidad Europea de Valencia, complementando la faceta docente con el asesoramiento jur\u00eddico y defensa procesal a empresas y entidades, tanto de derecho privado como de derecho p\u00fablico.<br \/>\nActivo conferenciante y miembro de plataformas civiles. Miembro de la Junta de la Secci\u00f3n del Derecho mar\u00edtimo y del transporte, y de la Secci\u00f3n de cumplimiento normativo y de empresa, ambas del Ilustre Colegio de Abogados de Valencia. Miembro del Propeller Club Valencia, asociaci\u00f3n de directivos y empresarios log\u00edsticos.<\/li>\n<\/ul>\n<h5>Claustro<\/h5>\n<ul>\n<li><strong>Don Jos\u00e9 Machado Plazas<br \/>\n<\/strong>Catedr\u00e1tico de Derecho Mercantil (2004). Imparte docencia desde 1986 como Profesor de Derecho Mercantil de las Facultades de Derecho de la Universidad Aut\u00f3noma de Barcelona (1986-1989), de la Universidad Pompeu Fabra (1990-1994), de la Universidad de Barcelona (desde 1995 hasta la fecha), de la Universitat Oberta de Catalunya (desde 2005 hasta la fecha). Profesor de Derecho Societario y Concursal de la Escuela de Pr\u00e1ctica jur\u00eddica del Ilustre Colegio de Abogados de Barcelona (desde 2005). Profesor del M\u00e1ster de Derecho de la Empresa (Derecho de la Insolvencia y Derecho de los Mercados Financiero) de la Universidad de Barcelona y de la UOC (desde el 2005), as\u00ed como del M\u00e1ster de Administradores Concursales del Ilustre Colegio de Abogados de Barcelona. Letrado del Consejo General del Poder Judicial y Profesor ordinario de la Escuela Judicial en Derecho Procesal Civil y Mercantil (1999-2005). Tambi\u00e9n ha desempe\u00f1ado cargos universitarios a lo largo de su dilatada carrera acad\u00e9mica. Doctor en Derecho (Premio extraordinario de doctorado, 1994)<br \/>\nEs autor de libros, manuales jur\u00eddicos y art\u00edculos de Derecho de Sociedades y de Derecho Concursal.<br \/>\nSu actividad profesional se centra en Derecho de Sociedades y Derecho Concursal. Asimismo, desempe\u00f1a funciones de \u00c1rbitro, Administrador concursal y Asesor en procesos de refinanciaci\u00f3n de la deuda y su homologaci\u00f3n judicial. Tambi\u00e9n asesora en materia de derecho de empresas p\u00fablicas.<br \/>\nAbogado y socio consejero de Cort\u00e9s Abogados.<\/li>\n<li><strong>Don Pedro M\u00e1rquez Rubio<br \/>\n<\/strong>Aprob\u00f3 judicatura en 2003 y la especialidad en 2015.<br \/>\nActualmente est\u00e1 destinado en el Juzgado Mercantil n\u00famero 2 de Sevilla<\/li>\n<li><strong>D. Ra\u00fal Nicolas Garc\u00eda Orejudo<br \/>\n<\/strong>Magistrado del Juzgado de lo Mercantil N\u00ba7 de Barcelona<\/li>\n<li><strong><span style=\"color: #ff0000;\">D. Jorge Sainz de Baranda<\/span><br \/>\n<\/strong>Socio en Font Mora Sainz de Baranda abogados. Abogado y Administrador Concursal. Especialista en derecho Tributario y Financiero, as\u00ed como en derecho Concursal. Es profesor Universitario de Grado y Posgrado en diversas Universidades y escuelas de negocios.<\/li>\n<li><strong>D. Juan Blasco Albentosa<br \/>\n<\/strong>Abogado, direcci\u00f3n jur\u00eddica Caixabank.<\/li>\n<li><strong>Abel Baselga Castells<br \/>\n<\/strong>Asociado Senior en Ur\u00eda Men\u00e9ndez en 2014. Su pr\u00e1ctica profesional se centra en fusiones y adquisiciones (M&amp;A), derecho financiero y refinanciaciones y derecho de la energ\u00eda. Cuenta con una amplia experiencia asesorando a empresas internacionales, fondos de inversiones y entidades financieros<\/li>\n<li><strong>D. Abraham Cobo S\u00e1nchez<br \/>\n<\/strong>Jefe de Unidad y Letrado-jefe del Departamento Concursal del Fondo de Garant\u00eda Salarial en Barcelona (FOGASA)<\/li>\n<li><strong>D. Francisco Jos\u00e9 Orozco Aranda<br \/>\n<\/strong>Abogado del Estado. jefe del Servicio Jur\u00eddico Regional de Valencia de la AEAT.<\/li>\n<li><strong>D. Jos\u00e9 Luis Fortea Gorbe<br \/>\n<\/strong>Magistrado juez del Juzgado de lo mercantil n\u00fam. 4 de Alicante. Es coautor del libro: \u201cEl Texto Refundido de la Ley Concursal\u201d, Valencia: Tirant lo Blanch, 2021.<\/li>\n<li><strong>D. Carlos Nieto<br \/>\n<\/strong>Magistrado juez del Juzgado de lo mercantil n\u00fam. 16 de Madrid.<\/li>\n<li><strong>D. Alberto Ruiz Tom\u00e1s<br \/>\n<\/strong>Doctor en Derecho, (cum laude). Abogado y Economista. MBA por el IE Business School. Experto en restructuraciones, refinanciaciones e insolvencias por el IE Law School. Inicio su carrera profesional colaborando en el Parlamento Europeo en Bruselas, Luxemburgo y Estrasburgo, posteriormente ejerci\u00f3 como Fiscal sustituto y Magistrado suplemente en Espa\u00f1a, y continuo su carrera en el sector privado ocupando la direcci\u00f3n legal de diversas empresas en Espa\u00f1a y Am\u00e9rica del Sur. Actualmente es socio de Legal Notes, Abogados y Economistas. Su carrera acad\u00e9mica se ha desarrollado como profesor universitario en diversas universidades espa\u00f1olas en Derecho Mercantil, Internacional y Relaciones Internacionales. Habiendo sido docente y director del t\u00edtulo propio de Derecho Mar\u00edtimo que organiza la Universidad Cat\u00f3lica de Valencia y del m\u00e1ster universitario de gesti\u00f3n del negocio mar\u00edtimo y del Derecho mar\u00edtimo de la Universidad Europea de Valencia. Adem\u00e1s, participa habitualmente en congresos y seminarios sobre derecho mercantil e internacional.<\/li>\n<li><strong>D. Jorge de la R\u00faa<br \/>\n<\/strong>Magistrado juez del Juzgado de lo mercantil n\u00fam. 5 de Valencia.<\/li>\n<li><strong>D. Francisco Javier Vaquer Mart\u00edn<br \/>\n<\/strong>Magistrado juez del Juzgado de lo mercantil n\u00fam. 6 de Madrid.<\/li>\n<li><strong>D\u00aa. B\u00e1rbara Pitarque<br \/>\n<\/strong>Consejera delegada en Leopoldo Pons Grupo<\/li>\n<li><strong>D. Gregorio Labatut Serer<br \/>\n<\/strong>Profesor titular de la Universitat de Val\u00e8ncia en el departamento de contabilidad. Especialista en contabilidad, fiscalidad, finanzas y valoraci\u00f3n de la empresa.<\/li>\n<\/ul>\n<p>&nbsp;<\/p>\n<hr \/>\n<p>#fmsb #abogados #economistas #formaci\u00f3n #universidadeuropea #insolvencia #reestructuraci\u00f3n #refinanciaci\u00f3n #derecho #concursal #contabilidad #finanzas #deuda #fiscalidad #tributaci\u00f3n #palma #baleares #mallorca #ibiza #menorca #elarenal #portdandratx #manacor #law #lawyers #solicitors<\/p>\n","protected":false},"excerpt":{"rendered":"<p>&nbsp; &nbsp; &nbsp; El abogado y socio de Font Mora Sainz de Baranda &#8211;abogados y economistas&#8211; Jorge Sainz de Baranda forma parte del claustro docente del curso de reestructuraci\u00f3n de la deuda, que, de forma presencial\u00a0 y a partir del pr\u00f3ximo 22 de septiembre, se impartir\u00e1 en la Universidad Europea. Lee a continuaci\u00f3n toda la [&hellip;]<\/p>\n","protected":false},"author":2,"featured_media":9763,"comment_status":"closed","ping_status":"open","sticky":false,"template":"","format":"standard","meta":{"footnotes":""},"categories":[2198,2199,5196,2202],"tags":[2206,3486,4717,2908,2208,2871,5197,5198,5199,2216,5200,3173,2218,2219,5201,3621,2223,2224,5202,2225,3007,2228,2229,2232,2234,2345,2240,5203,2243,2362],"class_list":["post-11391","post","type-post","status-publish","format-standard","has-post-thumbnail","hentry","category-actualidad-de","category-blog-de","category-formacion-de","category-home-de","tag-abogados-de","tag-administracion-de","tag-administrador-concursal-de","tag-andratx-de","tag-baleares-de","tag-concursal-de","tag-contabilidad-de","tag-curso-de","tag-curso-de-reestructuracion-de","tag-derecho-de","tag-derecho-de-la-insolvencia-de","tag-deuda-de","tag-economistas-de","tag-el-arenal-de","tag-finanzas-de","tag-fiscalidad-de","tag-fmsb-de","tag-font-mora-sainz-de-baranda-de","tag-formacion-de","tag-ibiza-de","tag-insolvencia-de","tag-law-de","tag-lawyers-de","tag-manacor-de","tag-menorca-de","tag-palma-de","tag-puerto-de-andratx-de","tag-refinanciacion-de","tag-solicitors-de","tag-tributacion-de"],"yoast_head":"<!-- This site is optimized with the Yoast SEO plugin v27.3 - https:\/\/yoast.com\/product\/yoast-seo-wordpress\/ -->\n<title>Jorge Sainz de Baranda, en el claustro de profesores del &quot;curso de reestructuraci\u00f3n de la deuda&quot; de la Universidad Europea - FMSB Abogados y Economistas en Baleares<\/title>\n<meta name=\"robots\" content=\"index, follow, max-snippet:-1, max-image-preview:large, max-video-preview:-1\" \/>\n<link rel=\"canonical\" href=\"https:\/\/fmsb.eu\/de\/2022\/05\/21\/jorge-sainz-de-baranda-en-el-claustro-de-profesores-del-curso-de-reestructuracion-de-la-deuda-de-la-universidad-europea\/\" \/>\n<meta property=\"og:locale\" content=\"de_DE\" \/>\n<meta property=\"og:type\" content=\"article\" \/>\n<meta property=\"og:title\" content=\"Jorge Sainz de Baranda, en el claustro de profesores del &quot;curso de reestructuraci\u00f3n de la deuda&quot; de la Universidad Europea - FMSB Abogados y Economistas en Baleares\" \/>\n<meta property=\"og:description\" content=\"&nbsp; &nbsp; &nbsp; El abogado y socio de Font Mora Sainz de Baranda &#8211;abogados y economistas&#8211; Jorge Sainz de Baranda forma parte del claustro docente del curso de reestructuraci\u00f3n de la deuda, que, de forma presencial\u00a0 y a partir del pr\u00f3ximo 22 de septiembre, se impartir\u00e1 en la Universidad Europea. Lee a continuaci\u00f3n toda la [&hellip;]\" \/>\n<meta property=\"og:url\" content=\"https:\/\/fmsb.eu\/de\/2022\/05\/21\/jorge-sainz-de-baranda-en-el-claustro-de-profesores-del-curso-de-reestructuracion-de-la-deuda-de-la-universidad-europea\/\" \/>\n<meta property=\"og:site_name\" content=\"FMSB Abogados y Economistas en Baleares\" \/>\n<meta property=\"article:published_time\" content=\"2022-05-21T07:32:33+00:00\" \/>\n<meta property=\"og:image\" content=\"https:\/\/fmsb.eu\/wp-content\/uploads\/2022\/05\/Curso-de-Reestructuracion-de-la-Deuda-Jorge-Sainz-de-Baranda-Universidad-Europea-Valencia.jpg\" \/>\n\t<meta property=\"og:image:width\" content=\"2314\" \/>\n\t<meta property=\"og:image:height\" content=\"694\" \/>\n\t<meta property=\"og:image:type\" content=\"image\/jpeg\" \/>\n<meta name=\"author\" content=\"fmsb\" \/>\n<meta name=\"twitter:card\" content=\"summary_large_image\" \/>\n<meta name=\"twitter:creator\" content=\"@fmsb-disstint\" \/>\n<meta name=\"twitter:label1\" content=\"Verfasst von\" \/>\n\t<meta name=\"twitter:data1\" content=\"fmsb\" \/>\n\t<meta name=\"twitter:label2\" content=\"Gesch\u00e4tzte Lesezeit\" \/>\n\t<meta name=\"twitter:data2\" content=\"10\u00a0Minuten\" \/>\n<script type=\"application\/ld+json\" class=\"yoast-schema-graph\">{\"@context\":\"https:\\\/\\\/schema.org\",\"@graph\":[{\"@type\":\"Article\",\"@id\":\"https:\\\/\\\/fmsb.eu\\\/de\\\/2022\\\/05\\\/21\\\/jorge-sainz-de-baranda-en-el-claustro-de-profesores-del-curso-de-reestructuracion-de-la-deuda-de-la-universidad-europea\\\/#article\",\"isPartOf\":{\"@id\":\"https:\\\/\\\/fmsb.eu\\\/de\\\/2022\\\/05\\\/21\\\/jorge-sainz-de-baranda-en-el-claustro-de-profesores-del-curso-de-reestructuracion-de-la-deuda-de-la-universidad-europea\\\/\"},\"author\":{\"name\":\"fmsb\",\"@id\":\"https:\\\/\\\/fmsb.eu\\\/de\\\/#\\\/schema\\\/person\\\/9fba7c70814b0cd34d35d655d36a4ca2\"},\"headline\":\"Jorge Sainz de Baranda, en el claustro de profesores del &#8222;curso de reestructuraci\u00f3n de la deuda&#8220; de la Universidad Europea\",\"datePublished\":\"2022-05-21T07:32:33+00:00\",\"mainEntityOfPage\":{\"@id\":\"https:\\\/\\\/fmsb.eu\\\/de\\\/2022\\\/05\\\/21\\\/jorge-sainz-de-baranda-en-el-claustro-de-profesores-del-curso-de-reestructuracion-de-la-deuda-de-la-universidad-europea\\\/\"},\"wordCount\":2042,\"publisher\":{\"@id\":\"https:\\\/\\\/fmsb.eu\\\/de\\\/#organization\"},\"image\":{\"@id\":\"https:\\\/\\\/fmsb.eu\\\/de\\\/2022\\\/05\\\/21\\\/jorge-sainz-de-baranda-en-el-claustro-de-profesores-del-curso-de-reestructuracion-de-la-deuda-de-la-universidad-europea\\\/#primaryimage\"},\"thumbnailUrl\":\"https:\\\/\\\/fmsb.eu\\\/wp-content\\\/uploads\\\/2022\\\/05\\\/Curso-de-Reestructuracion-de-la-Deuda-Jorge-Sainz-de-Baranda-Universidad-Europea-Valencia.jpg\",\"keywords\":[\"abogados\",\"Administraci\u00f3n\",\"administrador concursal\",\"andratx\",\"baleares\",\"concursal\",\"contabilidad\",\"curso\",\"curso de reestructuraci\u00f3n\",\"derecho\",\"derecho de la insolvencia\",\"deuda\",\"economistas\",\"el arenal\",\"finanzas\",\"fiscalidad\",\"fmsb\",\"font mora sainz de baranda\",\"formaci\u00f3n\",\"ibiza\",\"insolvencia\",\"law\",\"lawyers\",\"Manacor\",\"menorca\",\"Palma\",\"puerto de andratx\",\"refinanciaci\u00f3n\",\"solicitors\",\"tributaci\u00f3n\"],\"articleSection\":[\"actualidad\",\"blog\",\"formaci\u00f3n\",\"Home\"],\"inLanguage\":\"de\"},{\"@type\":\"WebPage\",\"@id\":\"https:\\\/\\\/fmsb.eu\\\/de\\\/2022\\\/05\\\/21\\\/jorge-sainz-de-baranda-en-el-claustro-de-profesores-del-curso-de-reestructuracion-de-la-deuda-de-la-universidad-europea\\\/\",\"url\":\"https:\\\/\\\/fmsb.eu\\\/de\\\/2022\\\/05\\\/21\\\/jorge-sainz-de-baranda-en-el-claustro-de-profesores-del-curso-de-reestructuracion-de-la-deuda-de-la-universidad-europea\\\/\",\"name\":\"Jorge Sainz de Baranda, en el claustro de profesores del \\\"curso de reestructuraci\u00f3n de la deuda\\\" de la Universidad Europea - FMSB Abogados y Economistas en Baleares\",\"isPartOf\":{\"@id\":\"https:\\\/\\\/fmsb.eu\\\/de\\\/#website\"},\"primaryImageOfPage\":{\"@id\":\"https:\\\/\\\/fmsb.eu\\\/de\\\/2022\\\/05\\\/21\\\/jorge-sainz-de-baranda-en-el-claustro-de-profesores-del-curso-de-reestructuracion-de-la-deuda-de-la-universidad-europea\\\/#primaryimage\"},\"image\":{\"@id\":\"https:\\\/\\\/fmsb.eu\\\/de\\\/2022\\\/05\\\/21\\\/jorge-sainz-de-baranda-en-el-claustro-de-profesores-del-curso-de-reestructuracion-de-la-deuda-de-la-universidad-europea\\\/#primaryimage\"},\"thumbnailUrl\":\"https:\\\/\\\/fmsb.eu\\\/wp-content\\\/uploads\\\/2022\\\/05\\\/Curso-de-Reestructuracion-de-la-Deuda-Jorge-Sainz-de-Baranda-Universidad-Europea-Valencia.jpg\",\"datePublished\":\"2022-05-21T07:32:33+00:00\",\"breadcrumb\":{\"@id\":\"https:\\\/\\\/fmsb.eu\\\/de\\\/2022\\\/05\\\/21\\\/jorge-sainz-de-baranda-en-el-claustro-de-profesores-del-curso-de-reestructuracion-de-la-deuda-de-la-universidad-europea\\\/#breadcrumb\"},\"inLanguage\":\"de\",\"potentialAction\":[{\"@type\":\"ReadAction\",\"target\":[\"https:\\\/\\\/fmsb.eu\\\/de\\\/2022\\\/05\\\/21\\\/jorge-sainz-de-baranda-en-el-claustro-de-profesores-del-curso-de-reestructuracion-de-la-deuda-de-la-universidad-europea\\\/\"]}]},{\"@type\":\"ImageObject\",\"inLanguage\":\"de\",\"@id\":\"https:\\\/\\\/fmsb.eu\\\/de\\\/2022\\\/05\\\/21\\\/jorge-sainz-de-baranda-en-el-claustro-de-profesores-del-curso-de-reestructuracion-de-la-deuda-de-la-universidad-europea\\\/#primaryimage\",\"url\":\"https:\\\/\\\/fmsb.eu\\\/wp-content\\\/uploads\\\/2022\\\/05\\\/Curso-de-Reestructuracion-de-la-Deuda-Jorge-Sainz-de-Baranda-Universidad-Europea-Valencia.jpg\",\"contentUrl\":\"https:\\\/\\\/fmsb.eu\\\/wp-content\\\/uploads\\\/2022\\\/05\\\/Curso-de-Reestructuracion-de-la-Deuda-Jorge-Sainz-de-Baranda-Universidad-Europea-Valencia.jpg\",\"width\":2314,\"height\":694},{\"@type\":\"BreadcrumbList\",\"@id\":\"https:\\\/\\\/fmsb.eu\\\/de\\\/2022\\\/05\\\/21\\\/jorge-sainz-de-baranda-en-el-claustro-de-profesores-del-curso-de-reestructuracion-de-la-deuda-de-la-universidad-europea\\\/#breadcrumb\",\"itemListElement\":[{\"@type\":\"ListItem\",\"position\":1,\"name\":\"Portada\",\"item\":\"https:\\\/\\\/fmsb.eu\\\/de\\\/\"},{\"@type\":\"ListItem\",\"position\":2,\"name\":\"Jorge Sainz de Baranda, en el claustro de profesores del &#8222;curso de reestructuraci\u00f3n de la deuda&#8220; de la Universidad Europea\"}]},{\"@type\":\"WebSite\",\"@id\":\"https:\\\/\\\/fmsb.eu\\\/de\\\/#website\",\"url\":\"https:\\\/\\\/fmsb.eu\\\/de\\\/\",\"name\":\"FMSB Abogados y Economistas en Baleares\",\"description\":\"\",\"publisher\":{\"@id\":\"https:\\\/\\\/fmsb.eu\\\/de\\\/#organization\"},\"potentialAction\":[{\"@type\":\"SearchAction\",\"target\":{\"@type\":\"EntryPoint\",\"urlTemplate\":\"https:\\\/\\\/fmsb.eu\\\/de\\\/?s={search_term_string}\"},\"query-input\":{\"@type\":\"PropertyValueSpecification\",\"valueRequired\":true,\"valueName\":\"search_term_string\"}}],\"inLanguage\":\"de\"},{\"@type\":\"Organization\",\"@id\":\"https:\\\/\\\/fmsb.eu\\\/de\\\/#organization\",\"name\":\"FMSB Abogados y Economistas en Baleares\",\"url\":\"https:\\\/\\\/fmsb.eu\\\/de\\\/\",\"logo\":{\"@type\":\"ImageObject\",\"inLanguage\":\"de\",\"@id\":\"https:\\\/\\\/fmsb.eu\\\/de\\\/#\\\/schema\\\/logo\\\/image\\\/\",\"url\":\"https:\\\/\\\/fmsb.eu\\\/wp-content\\\/uploads\\\/2025\\\/02\\\/logo.svg\",\"contentUrl\":\"https:\\\/\\\/fmsb.eu\\\/wp-content\\\/uploads\\\/2025\\\/02\\\/logo.svg\",\"width\":154,\"height\":52,\"caption\":\"FMSB Abogados y Economistas en Baleares\"},\"image\":{\"@id\":\"https:\\\/\\\/fmsb.eu\\\/de\\\/#\\\/schema\\\/logo\\\/image\\\/\"}},{\"@type\":\"Person\",\"@id\":\"https:\\\/\\\/fmsb.eu\\\/de\\\/#\\\/schema\\\/person\\\/9fba7c70814b0cd34d35d655d36a4ca2\",\"name\":\"fmsb\",\"image\":{\"@type\":\"ImageObject\",\"inLanguage\":\"de\",\"@id\":\"https:\\\/\\\/secure.gravatar.com\\\/avatar\\\/426f4d5b0ebcace85460caf87cdaaa193694b611e990615d87a13f322fb7ee7f?s=96&d=mm&r=g\",\"url\":\"https:\\\/\\\/secure.gravatar.com\\\/avatar\\\/426f4d5b0ebcace85460caf87cdaaa193694b611e990615d87a13f322fb7ee7f?s=96&d=mm&r=g\",\"contentUrl\":\"https:\\\/\\\/secure.gravatar.com\\\/avatar\\\/426f4d5b0ebcace85460caf87cdaaa193694b611e990615d87a13f322fb7ee7f?s=96&d=mm&r=g\",\"caption\":\"fmsb\"},\"sameAs\":[\"https:\\\/\\\/x.com\\\/fmsb-disstint\"],\"url\":\"https:\\\/\\\/fmsb.eu\\\/de\\\/author\\\/fmsb\\\/\"}]}<\/script>\n<!-- \/ Yoast SEO plugin. -->","yoast_head_json":{"title":"Jorge Sainz de Baranda, en el claustro de profesores del \"curso de reestructuraci\u00f3n de la deuda\" de la Universidad Europea - FMSB Abogados y Economistas en Baleares","robots":{"index":"index","follow":"follow","max-snippet":"max-snippet:-1","max-image-preview":"max-image-preview:large","max-video-preview":"max-video-preview:-1"},"canonical":"https:\/\/fmsb.eu\/de\/2022\/05\/21\/jorge-sainz-de-baranda-en-el-claustro-de-profesores-del-curso-de-reestructuracion-de-la-deuda-de-la-universidad-europea\/","og_locale":"de_DE","og_type":"article","og_title":"Jorge Sainz de Baranda, en el claustro de profesores del \"curso de reestructuraci\u00f3n de la deuda\" de la Universidad Europea - FMSB Abogados y Economistas en Baleares","og_description":"&nbsp; &nbsp; &nbsp; El abogado y socio de Font Mora Sainz de Baranda &#8211;abogados y economistas&#8211; Jorge Sainz de Baranda forma parte del claustro docente del curso de reestructuraci\u00f3n de la deuda, que, de forma presencial\u00a0 y a partir del pr\u00f3ximo 22 de septiembre, se impartir\u00e1 en la Universidad Europea. Lee a continuaci\u00f3n toda la [&hellip;]","og_url":"https:\/\/fmsb.eu\/de\/2022\/05\/21\/jorge-sainz-de-baranda-en-el-claustro-de-profesores-del-curso-de-reestructuracion-de-la-deuda-de-la-universidad-europea\/","og_site_name":"FMSB Abogados y Economistas en Baleares","article_published_time":"2022-05-21T07:32:33+00:00","og_image":[{"width":2314,"height":694,"url":"https:\/\/fmsb.eu\/wp-content\/uploads\/2022\/05\/Curso-de-Reestructuracion-de-la-Deuda-Jorge-Sainz-de-Baranda-Universidad-Europea-Valencia.jpg","type":"image\/jpeg"}],"author":"fmsb","twitter_card":"summary_large_image","twitter_creator":"@fmsb-disstint","twitter_misc":{"Verfasst von":"fmsb","Gesch\u00e4tzte Lesezeit":"10\u00a0Minuten"},"schema":{"@context":"https:\/\/schema.org","@graph":[{"@type":"Article","@id":"https:\/\/fmsb.eu\/de\/2022\/05\/21\/jorge-sainz-de-baranda-en-el-claustro-de-profesores-del-curso-de-reestructuracion-de-la-deuda-de-la-universidad-europea\/#article","isPartOf":{"@id":"https:\/\/fmsb.eu\/de\/2022\/05\/21\/jorge-sainz-de-baranda-en-el-claustro-de-profesores-del-curso-de-reestructuracion-de-la-deuda-de-la-universidad-europea\/"},"author":{"name":"fmsb","@id":"https:\/\/fmsb.eu\/de\/#\/schema\/person\/9fba7c70814b0cd34d35d655d36a4ca2"},"headline":"Jorge Sainz de Baranda, en el claustro de profesores del &#8222;curso de reestructuraci\u00f3n de la deuda&#8220; de la Universidad Europea","datePublished":"2022-05-21T07:32:33+00:00","mainEntityOfPage":{"@id":"https:\/\/fmsb.eu\/de\/2022\/05\/21\/jorge-sainz-de-baranda-en-el-claustro-de-profesores-del-curso-de-reestructuracion-de-la-deuda-de-la-universidad-europea\/"},"wordCount":2042,"publisher":{"@id":"https:\/\/fmsb.eu\/de\/#organization"},"image":{"@id":"https:\/\/fmsb.eu\/de\/2022\/05\/21\/jorge-sainz-de-baranda-en-el-claustro-de-profesores-del-curso-de-reestructuracion-de-la-deuda-de-la-universidad-europea\/#primaryimage"},"thumbnailUrl":"https:\/\/fmsb.eu\/wp-content\/uploads\/2022\/05\/Curso-de-Reestructuracion-de-la-Deuda-Jorge-Sainz-de-Baranda-Universidad-Europea-Valencia.jpg","keywords":["abogados","Administraci\u00f3n","administrador concursal","andratx","baleares","concursal","contabilidad","curso","curso de reestructuraci\u00f3n","derecho","derecho de la insolvencia","deuda","economistas","el arenal","finanzas","fiscalidad","fmsb","font mora sainz de baranda","formaci\u00f3n","ibiza","insolvencia","law","lawyers","Manacor","menorca","Palma","puerto de andratx","refinanciaci\u00f3n","solicitors","tributaci\u00f3n"],"articleSection":["actualidad","blog","formaci\u00f3n","Home"],"inLanguage":"de"},{"@type":"WebPage","@id":"https:\/\/fmsb.eu\/de\/2022\/05\/21\/jorge-sainz-de-baranda-en-el-claustro-de-profesores-del-curso-de-reestructuracion-de-la-deuda-de-la-universidad-europea\/","url":"https:\/\/fmsb.eu\/de\/2022\/05\/21\/jorge-sainz-de-baranda-en-el-claustro-de-profesores-del-curso-de-reestructuracion-de-la-deuda-de-la-universidad-europea\/","name":"Jorge Sainz de Baranda, en el claustro de profesores del \"curso de reestructuraci\u00f3n de la deuda\" de la Universidad Europea - FMSB Abogados y Economistas en Baleares","isPartOf":{"@id":"https:\/\/fmsb.eu\/de\/#website"},"primaryImageOfPage":{"@id":"https:\/\/fmsb.eu\/de\/2022\/05\/21\/jorge-sainz-de-baranda-en-el-claustro-de-profesores-del-curso-de-reestructuracion-de-la-deuda-de-la-universidad-europea\/#primaryimage"},"image":{"@id":"https:\/\/fmsb.eu\/de\/2022\/05\/21\/jorge-sainz-de-baranda-en-el-claustro-de-profesores-del-curso-de-reestructuracion-de-la-deuda-de-la-universidad-europea\/#primaryimage"},"thumbnailUrl":"https:\/\/fmsb.eu\/wp-content\/uploads\/2022\/05\/Curso-de-Reestructuracion-de-la-Deuda-Jorge-Sainz-de-Baranda-Universidad-Europea-Valencia.jpg","datePublished":"2022-05-21T07:32:33+00:00","breadcrumb":{"@id":"https:\/\/fmsb.eu\/de\/2022\/05\/21\/jorge-sainz-de-baranda-en-el-claustro-de-profesores-del-curso-de-reestructuracion-de-la-deuda-de-la-universidad-europea\/#breadcrumb"},"inLanguage":"de","potentialAction":[{"@type":"ReadAction","target":["https:\/\/fmsb.eu\/de\/2022\/05\/21\/jorge-sainz-de-baranda-en-el-claustro-de-profesores-del-curso-de-reestructuracion-de-la-deuda-de-la-universidad-europea\/"]}]},{"@type":"ImageObject","inLanguage":"de","@id":"https:\/\/fmsb.eu\/de\/2022\/05\/21\/jorge-sainz-de-baranda-en-el-claustro-de-profesores-del-curso-de-reestructuracion-de-la-deuda-de-la-universidad-europea\/#primaryimage","url":"https:\/\/fmsb.eu\/wp-content\/uploads\/2022\/05\/Curso-de-Reestructuracion-de-la-Deuda-Jorge-Sainz-de-Baranda-Universidad-Europea-Valencia.jpg","contentUrl":"https:\/\/fmsb.eu\/wp-content\/uploads\/2022\/05\/Curso-de-Reestructuracion-de-la-Deuda-Jorge-Sainz-de-Baranda-Universidad-Europea-Valencia.jpg","width":2314,"height":694},{"@type":"BreadcrumbList","@id":"https:\/\/fmsb.eu\/de\/2022\/05\/21\/jorge-sainz-de-baranda-en-el-claustro-de-profesores-del-curso-de-reestructuracion-de-la-deuda-de-la-universidad-europea\/#breadcrumb","itemListElement":[{"@type":"ListItem","position":1,"name":"Portada","item":"https:\/\/fmsb.eu\/de\/"},{"@type":"ListItem","position":2,"name":"Jorge Sainz de Baranda, en el claustro de profesores del &#8222;curso de reestructuraci\u00f3n de la deuda&#8220; de la Universidad Europea"}]},{"@type":"WebSite","@id":"https:\/\/fmsb.eu\/de\/#website","url":"https:\/\/fmsb.eu\/de\/","name":"FMSB Abogados y Economistas en Baleares","description":"","publisher":{"@id":"https:\/\/fmsb.eu\/de\/#organization"},"potentialAction":[{"@type":"SearchAction","target":{"@type":"EntryPoint","urlTemplate":"https:\/\/fmsb.eu\/de\/?s={search_term_string}"},"query-input":{"@type":"PropertyValueSpecification","valueRequired":true,"valueName":"search_term_string"}}],"inLanguage":"de"},{"@type":"Organization","@id":"https:\/\/fmsb.eu\/de\/#organization","name":"FMSB Abogados y Economistas en Baleares","url":"https:\/\/fmsb.eu\/de\/","logo":{"@type":"ImageObject","inLanguage":"de","@id":"https:\/\/fmsb.eu\/de\/#\/schema\/logo\/image\/","url":"https:\/\/fmsb.eu\/wp-content\/uploads\/2025\/02\/logo.svg","contentUrl":"https:\/\/fmsb.eu\/wp-content\/uploads\/2025\/02\/logo.svg","width":154,"height":52,"caption":"FMSB Abogados y Economistas en Baleares"},"image":{"@id":"https:\/\/fmsb.eu\/de\/#\/schema\/logo\/image\/"}},{"@type":"Person","@id":"https:\/\/fmsb.eu\/de\/#\/schema\/person\/9fba7c70814b0cd34d35d655d36a4ca2","name":"fmsb","image":{"@type":"ImageObject","inLanguage":"de","@id":"https:\/\/secure.gravatar.com\/avatar\/426f4d5b0ebcace85460caf87cdaaa193694b611e990615d87a13f322fb7ee7f?s=96&d=mm&r=g","url":"https:\/\/secure.gravatar.com\/avatar\/426f4d5b0ebcace85460caf87cdaaa193694b611e990615d87a13f322fb7ee7f?s=96&d=mm&r=g","contentUrl":"https:\/\/secure.gravatar.com\/avatar\/426f4d5b0ebcace85460caf87cdaaa193694b611e990615d87a13f322fb7ee7f?s=96&d=mm&r=g","caption":"fmsb"},"sameAs":["https:\/\/x.com\/fmsb-disstint"],"url":"https:\/\/fmsb.eu\/de\/author\/fmsb\/"}]}},"_links":{"self":[{"href":"https:\/\/fmsb.eu\/de\/wp-json\/wp\/v2\/posts\/11391","targetHints":{"allow":["GET"]}}],"collection":[{"href":"https:\/\/fmsb.eu\/de\/wp-json\/wp\/v2\/posts"}],"about":[{"href":"https:\/\/fmsb.eu\/de\/wp-json\/wp\/v2\/types\/post"}],"author":[{"embeddable":true,"href":"https:\/\/fmsb.eu\/de\/wp-json\/wp\/v2\/users\/2"}],"replies":[{"embeddable":true,"href":"https:\/\/fmsb.eu\/de\/wp-json\/wp\/v2\/comments?post=11391"}],"version-history":[{"count":0,"href":"https:\/\/fmsb.eu\/de\/wp-json\/wp\/v2\/posts\/11391\/revisions"}],"wp:featuredmedia":[{"embeddable":true,"href":"https:\/\/fmsb.eu\/de\/wp-json\/wp\/v2\/media\/9763"}],"wp:attachment":[{"href":"https:\/\/fmsb.eu\/de\/wp-json\/wp\/v2\/media?parent=11391"}],"wp:term":[{"taxonomy":"category","embeddable":true,"href":"https:\/\/fmsb.eu\/de\/wp-json\/wp\/v2\/categories?post=11391"},{"taxonomy":"post_tag","embeddable":true,"href":"https:\/\/fmsb.eu\/de\/wp-json\/wp\/v2\/tags?post=11391"}],"curies":[{"name":"wp","href":"https:\/\/api.w.org\/{rel}","templated":true}]}}