{"id":11407,"date":"2022-04-27T10:22:16","date_gmt":"2022-04-27T08:22:16","guid":{"rendered":"http:\/\/fmsb.disstintbeta.com\/2022\/04\/27\/elena-font-sobre-derecho-sucesorio-herencias-testamentos-capacidad-para-testar-y-desheredacion-en-canal4-radio\/"},"modified":"2022-04-27T10:22:16","modified_gmt":"2022-04-27T08:22:16","slug":"elena-font-sobre-derecho-sucesorio-herencias-testamentos-capacidad-para-testar-y-desheredacion-en-canal4-radio","status":"publish","type":"post","link":"https:\/\/fmsb.eu\/de\/2022\/04\/27\/elena-font-sobre-derecho-sucesorio-herencias-testamentos-capacidad-para-testar-y-desheredacion-en-canal4-radio\/","title":{"rendered":"Elena Font sobre derecho sucesorio, herencias, testamentos, capacidad para testar y desheredaci\u00f3n en Canal4 Radio"},"content":{"rendered":"<p><iframe title=\"La abogada Elena Font invitada a Canal4 Radio para hablar de herencias, testamentos y desheredaci\u00f3n\" width=\"800\" height=\"450\" src=\"https:\/\/www.youtube.com\/embed\/RWFsN-6Zguc?feature=oembed\" frameborder=\"0\" allow=\"accelerometer; autoplay; clipboard-write; encrypted-media; gyroscope; picture-in-picture; web-share\" referrerpolicy=\"strict-origin-when-cross-origin\" allowfullscreen><\/iframe><\/p>\n<p>&nbsp;<\/p>\n<h1>Elena Font sobre derecho sucesorio, herencias, testamentos, capacidad para testar y desheredaci\u00f3n en Canal4 R\u00e0dio<\/h1>\n<p>&nbsp;<\/p>\n<p>La abogada socia de <strong>Font Mora Sainz de Baranda <\/strong><em>Abogados y Economistas en Baleares,<\/em> <strong>Elena Font<\/strong> fue invitada a los micros del programa <em><strong>4Directe<\/strong><\/em> de\u00a0 <strong>Canal4 Radio <\/strong>por su conductor <strong>Miguel \u00c1ngel Ariza<\/strong> para responder a cuestiones b\u00e1sicas sobre <strong>derecho sucesorio<\/strong>, esto es, sobre<strong> herencias, testamentos, capacidad para testar v\u00e1lidamente, desheredaci\u00f3n y muchas cosas m\u00e1s<\/strong>. Seguro que en alg\u00fan momento los oyentes pueden haberse preguntado qu\u00e9 es la leg\u00edtima, qui\u00e9nes son los legitimarios y cu\u00e1l el orden sucesorio para serlo, si es posible desheredar a un legitimario, si es posible, por no estar de acuerdo con el reparto, impugnar un testamento y c\u00f3mo puede hacerse, etc.<\/p>\n<p>&nbsp;<\/p>\n<hr \/>\n<p>#fmsb #fontmorasainzdebaranda #elenafont #abogados #economistas #derecho #derechocivil #sucesi\u00f3n #herencias #testamento #desheredar #desheredaci\u00f3n #repudio #renuncia #impugnaci\u00f3n #testamento #legitimarios #ordensucesorio #derechoforal #compilacionbalear #heredero #herederouniversal #legitima #donacion #definicion #mallorca #menorca #ibiza #elarenal #portdandratx #manacor #palma #law #lawyers #solicitors<\/p>\n","protected":false},"excerpt":{"rendered":"<p>&nbsp; Elena Font sobre derecho sucesorio, herencias, testamentos, capacidad para testar y desheredaci\u00f3n en Canal4 R\u00e0dio &nbsp; La abogada socia de Font Mora Sainz de Baranda Abogados y Economistas en Baleares, Elena Font fue invitada a los micros del programa 4Directe de\u00a0 Canal4 Radio por su conductor Miguel \u00c1ngel Ariza para responder a cuestiones b\u00e1sicas [&hellip;]<\/p>\n","protected":false},"author":2,"featured_media":9745,"comment_status":"closed","ping_status":"open","sticky":false,"template":"","format":"standard","meta":{"footnotes":""},"categories":[2198,2199,2200,2907,2202],"tags":[5303,5304,5305,5306,2913,2914,5307,5308,2326,5309,5310,5311,5312,5313,2359,2925],"class_list":["post-11407","post","type-post","status-publish","format-standard","has-post-thumbnail","hentry","category-actualidad-de","category-blog-de","category-derecho-civil-de","category-derecho-sucesorio-y-herencias-de","category-home-de","tag-camilo-sesto-de","tag-capacidad-para-testar-de","tag-compilacion-balear-de","tag-derecho-foral-balear-de","tag-desheredacion-de","tag-desheredar-de","tag-donacion-de","tag-heredero-universal-de","tag-herencia-de","tag-impugnar-un-testamento-de","tag-legitima-de","tag-legitimario-de","tag-renuncia-de","tag-repudio-de","tag-sucesion-de","tag-testamento-de"],"yoast_head":"<!-- This site is optimized with the Yoast SEO plugin v27.3 - https:\/\/yoast.com\/product\/yoast-seo-wordpress\/ -->\n<title>Elena Font sobre derecho sucesorio, herencias, testamentos, capacidad para testar y desheredaci\u00f3n en Canal4 Radio - FMSB Abogados y Economistas en Baleares<\/title>\n<meta name=\"robots\" content=\"index, follow, max-snippet:-1, max-image-preview:large, max-video-preview:-1\" \/>\n<link rel=\"canonical\" href=\"https:\/\/fmsb.eu\/de\/2022\/04\/27\/elena-font-sobre-derecho-sucesorio-herencias-testamentos-capacidad-para-testar-y-desheredacion-en-canal4-radio\/\" \/>\n<meta property=\"og:locale\" content=\"de_DE\" \/>\n<meta property=\"og:type\" content=\"article\" \/>\n<meta property=\"og:title\" content=\"Elena Font sobre derecho sucesorio, herencias, testamentos, capacidad para testar y desheredaci\u00f3n en Canal4 Radio - FMSB Abogados y Economistas en Baleares\" \/>\n<meta property=\"og:description\" content=\"&nbsp; Elena Font sobre derecho sucesorio, herencias, testamentos, capacidad para testar y desheredaci\u00f3n en Canal4 R\u00e0dio &nbsp; La abogada socia de Font Mora Sainz de Baranda Abogados y Economistas en Baleares, Elena Font fue invitada a los micros del programa 4Directe de\u00a0 Canal4 Radio por su conductor Miguel \u00c1ngel Ariza para responder a cuestiones b\u00e1sicas [&hellip;]\" \/>\n<meta property=\"og:url\" content=\"https:\/\/fmsb.eu\/de\/2022\/04\/27\/elena-font-sobre-derecho-sucesorio-herencias-testamentos-capacidad-para-testar-y-desheredacion-en-canal4-radio\/\" \/>\n<meta property=\"og:site_name\" content=\"FMSB Abogados y Economistas en Baleares\" \/>\n<meta property=\"article:published_time\" content=\"2022-04-27T08:22:16+00:00\" \/>\n<meta property=\"og:image\" content=\"https:\/\/fmsb.eu\/wp-content\/uploads\/2022\/04\/FMSB-Abogados-Elena-Font-Sobre-herencias-y-capacidad-para-testar-validamente-y-desheredacion.jpeg\" \/>\n\t<meta property=\"og:image:width\" content=\"1600\" \/>\n\t<meta property=\"og:image:height\" content=\"1200\" \/>\n\t<meta property=\"og:image:type\" content=\"image\/jpeg\" \/>\n<meta name=\"author\" content=\"fmsb\" \/>\n<meta name=\"twitter:card\" content=\"summary_large_image\" \/>\n<meta name=\"twitter:creator\" content=\"@fmsb-disstint\" \/>\n<meta name=\"twitter:label1\" content=\"Verfasst von\" \/>\n\t<meta name=\"twitter:data1\" content=\"fmsb\" \/>\n\t<meta name=\"twitter:label2\" content=\"Gesch\u00e4tzte Lesezeit\" \/>\n\t<meta name=\"twitter:data2\" content=\"1\u00a0Minute\" \/>\n<script type=\"application\/ld+json\" class=\"yoast-schema-graph\">{\"@context\":\"https:\\\/\\\/schema.org\",\"@graph\":[{\"@type\":\"Article\",\"@id\":\"https:\\\/\\\/fmsb.eu\\\/de\\\/2022\\\/04\\\/27\\\/elena-font-sobre-derecho-sucesorio-herencias-testamentos-capacidad-para-testar-y-desheredacion-en-canal4-radio\\\/#article\",\"isPartOf\":{\"@id\":\"https:\\\/\\\/fmsb.eu\\\/de\\\/2022\\\/04\\\/27\\\/elena-font-sobre-derecho-sucesorio-herencias-testamentos-capacidad-para-testar-y-desheredacion-en-canal4-radio\\\/\"},\"author\":{\"name\":\"fmsb\",\"@id\":\"https:\\\/\\\/fmsb.eu\\\/de\\\/#\\\/schema\\\/person\\\/9fba7c70814b0cd34d35d655d36a4ca2\"},\"headline\":\"Elena Font sobre derecho sucesorio, herencias, testamentos, capacidad para testar y desheredaci\u00f3n en Canal4 Radio\",\"datePublished\":\"2022-04-27T08:22:16+00:00\",\"mainEntityOfPage\":{\"@id\":\"https:\\\/\\\/fmsb.eu\\\/de\\\/2022\\\/04\\\/27\\\/elena-font-sobre-derecho-sucesorio-herencias-testamentos-capacidad-para-testar-y-desheredacion-en-canal4-radio\\\/\"},\"wordCount\":194,\"publisher\":{\"@id\":\"https:\\\/\\\/fmsb.eu\\\/de\\\/#organization\"},\"image\":{\"@id\":\"https:\\\/\\\/fmsb.eu\\\/de\\\/2022\\\/04\\\/27\\\/elena-font-sobre-derecho-sucesorio-herencias-testamentos-capacidad-para-testar-y-desheredacion-en-canal4-radio\\\/#primaryimage\"},\"thumbnailUrl\":\"https:\\\/\\\/fmsb.eu\\\/wp-content\\\/uploads\\\/2022\\\/04\\\/FMSB-Abogados-Elena-Font-Sobre-herencias-y-capacidad-para-testar-validamente-y-desheredacion.jpeg\",\"keywords\":[\"camilo sesto\",\"capacidad para testar\",\"compilaci\u00f3n balear\",\"derecho foral balear\",\"desheredaci\u00f3n\",\"desheredar\",\"donaci\u00f3n\",\"heredero universal\",\"herencia\",\"impugnar un testamento\",\"leg\u00edtima\",\"legitimario\",\"renuncia\",\"repudio\",\"sucesi\u00f3n\",\"testamento\"],\"articleSection\":[\"actualidad\",\"blog\",\"Derecho Civil\",\"Derecho sucesorio y herencias\",\"Home\"],\"inLanguage\":\"de\"},{\"@type\":\"WebPage\",\"@id\":\"https:\\\/\\\/fmsb.eu\\\/de\\\/2022\\\/04\\\/27\\\/elena-font-sobre-derecho-sucesorio-herencias-testamentos-capacidad-para-testar-y-desheredacion-en-canal4-radio\\\/\",\"url\":\"https:\\\/\\\/fmsb.eu\\\/de\\\/2022\\\/04\\\/27\\\/elena-font-sobre-derecho-sucesorio-herencias-testamentos-capacidad-para-testar-y-desheredacion-en-canal4-radio\\\/\",\"name\":\"Elena Font sobre derecho sucesorio, herencias, testamentos, capacidad para testar y desheredaci\u00f3n en Canal4 Radio - FMSB Abogados y Economistas en Baleares\",\"isPartOf\":{\"@id\":\"https:\\\/\\\/fmsb.eu\\\/de\\\/#website\"},\"primaryImageOfPage\":{\"@id\":\"https:\\\/\\\/fmsb.eu\\\/de\\\/2022\\\/04\\\/27\\\/elena-font-sobre-derecho-sucesorio-herencias-testamentos-capacidad-para-testar-y-desheredacion-en-canal4-radio\\\/#primaryimage\"},\"image\":{\"@id\":\"https:\\\/\\\/fmsb.eu\\\/de\\\/2022\\\/04\\\/27\\\/elena-font-sobre-derecho-sucesorio-herencias-testamentos-capacidad-para-testar-y-desheredacion-en-canal4-radio\\\/#primaryimage\"},\"thumbnailUrl\":\"https:\\\/\\\/fmsb.eu\\\/wp-content\\\/uploads\\\/2022\\\/04\\\/FMSB-Abogados-Elena-Font-Sobre-herencias-y-capacidad-para-testar-validamente-y-desheredacion.jpeg\",\"datePublished\":\"2022-04-27T08:22:16+00:00\",\"breadcrumb\":{\"@id\":\"https:\\\/\\\/fmsb.eu\\\/de\\\/2022\\\/04\\\/27\\\/elena-font-sobre-derecho-sucesorio-herencias-testamentos-capacidad-para-testar-y-desheredacion-en-canal4-radio\\\/#breadcrumb\"},\"inLanguage\":\"de\",\"potentialAction\":[{\"@type\":\"ReadAction\",\"target\":[\"https:\\\/\\\/fmsb.eu\\\/de\\\/2022\\\/04\\\/27\\\/elena-font-sobre-derecho-sucesorio-herencias-testamentos-capacidad-para-testar-y-desheredacion-en-canal4-radio\\\/\"]}]},{\"@type\":\"ImageObject\",\"inLanguage\":\"de\",\"@id\":\"https:\\\/\\\/fmsb.eu\\\/de\\\/2022\\\/04\\\/27\\\/elena-font-sobre-derecho-sucesorio-herencias-testamentos-capacidad-para-testar-y-desheredacion-en-canal4-radio\\\/#primaryimage\",\"url\":\"https:\\\/\\\/fmsb.eu\\\/wp-content\\\/uploads\\\/2022\\\/04\\\/FMSB-Abogados-Elena-Font-Sobre-herencias-y-capacidad-para-testar-validamente-y-desheredacion.jpeg\",\"contentUrl\":\"https:\\\/\\\/fmsb.eu\\\/wp-content\\\/uploads\\\/2022\\\/04\\\/FMSB-Abogados-Elena-Font-Sobre-herencias-y-capacidad-para-testar-validamente-y-desheredacion.jpeg\",\"width\":1600,\"height\":1200},{\"@type\":\"BreadcrumbList\",\"@id\":\"https:\\\/\\\/fmsb.eu\\\/de\\\/2022\\\/04\\\/27\\\/elena-font-sobre-derecho-sucesorio-herencias-testamentos-capacidad-para-testar-y-desheredacion-en-canal4-radio\\\/#breadcrumb\",\"itemListElement\":[{\"@type\":\"ListItem\",\"position\":1,\"name\":\"Portada\",\"item\":\"https:\\\/\\\/fmsb.eu\\\/de\\\/\"},{\"@type\":\"ListItem\",\"position\":2,\"name\":\"Elena Font sobre derecho sucesorio, herencias, testamentos, capacidad para testar y desheredaci\u00f3n en Canal4 Radio\"}]},{\"@type\":\"WebSite\",\"@id\":\"https:\\\/\\\/fmsb.eu\\\/de\\\/#website\",\"url\":\"https:\\\/\\\/fmsb.eu\\\/de\\\/\",\"name\":\"FMSB Abogados y Economistas en Baleares\",\"description\":\"\",\"publisher\":{\"@id\":\"https:\\\/\\\/fmsb.eu\\\/de\\\/#organization\"},\"potentialAction\":[{\"@type\":\"SearchAction\",\"target\":{\"@type\":\"EntryPoint\",\"urlTemplate\":\"https:\\\/\\\/fmsb.eu\\\/de\\\/?s={search_term_string}\"},\"query-input\":{\"@type\":\"PropertyValueSpecification\",\"valueRequired\":true,\"valueName\":\"search_term_string\"}}],\"inLanguage\":\"de\"},{\"@type\":\"Organization\",\"@id\":\"https:\\\/\\\/fmsb.eu\\\/de\\\/#organization\",\"name\":\"FMSB Abogados y Economistas en Baleares\",\"url\":\"https:\\\/\\\/fmsb.eu\\\/de\\\/\",\"logo\":{\"@type\":\"ImageObject\",\"inLanguage\":\"de\",\"@id\":\"https:\\\/\\\/fmsb.eu\\\/de\\\/#\\\/schema\\\/logo\\\/image\\\/\",\"url\":\"https:\\\/\\\/fmsb.eu\\\/wp-content\\\/uploads\\\/2025\\\/02\\\/logo.svg\",\"contentUrl\":\"https:\\\/\\\/fmsb.eu\\\/wp-content\\\/uploads\\\/2025\\\/02\\\/logo.svg\",\"width\":154,\"height\":52,\"caption\":\"FMSB Abogados y Economistas en Baleares\"},\"image\":{\"@id\":\"https:\\\/\\\/fmsb.eu\\\/de\\\/#\\\/schema\\\/logo\\\/image\\\/\"}},{\"@type\":\"Person\",\"@id\":\"https:\\\/\\\/fmsb.eu\\\/de\\\/#\\\/schema\\\/person\\\/9fba7c70814b0cd34d35d655d36a4ca2\",\"name\":\"fmsb\",\"image\":{\"@type\":\"ImageObject\",\"inLanguage\":\"de\",\"@id\":\"https:\\\/\\\/secure.gravatar.com\\\/avatar\\\/426f4d5b0ebcace85460caf87cdaaa193694b611e990615d87a13f322fb7ee7f?s=96&d=mm&r=g\",\"url\":\"https:\\\/\\\/secure.gravatar.com\\\/avatar\\\/426f4d5b0ebcace85460caf87cdaaa193694b611e990615d87a13f322fb7ee7f?s=96&d=mm&r=g\",\"contentUrl\":\"https:\\\/\\\/secure.gravatar.com\\\/avatar\\\/426f4d5b0ebcace85460caf87cdaaa193694b611e990615d87a13f322fb7ee7f?s=96&d=mm&r=g\",\"caption\":\"fmsb\"},\"sameAs\":[\"https:\\\/\\\/x.com\\\/fmsb-disstint\"],\"url\":\"https:\\\/\\\/fmsb.eu\\\/de\\\/author\\\/fmsb\\\/\"}]}<\/script>\n<!-- \/ Yoast SEO plugin. -->","yoast_head_json":{"title":"Elena Font sobre derecho sucesorio, herencias, testamentos, capacidad para testar y desheredaci\u00f3n en Canal4 Radio - FMSB Abogados y Economistas en Baleares","robots":{"index":"index","follow":"follow","max-snippet":"max-snippet:-1","max-image-preview":"max-image-preview:large","max-video-preview":"max-video-preview:-1"},"canonical":"https:\/\/fmsb.eu\/de\/2022\/04\/27\/elena-font-sobre-derecho-sucesorio-herencias-testamentos-capacidad-para-testar-y-desheredacion-en-canal4-radio\/","og_locale":"de_DE","og_type":"article","og_title":"Elena Font sobre derecho sucesorio, herencias, testamentos, capacidad para testar y desheredaci\u00f3n en Canal4 Radio - FMSB Abogados y Economistas en Baleares","og_description":"&nbsp; Elena Font sobre derecho sucesorio, herencias, testamentos, capacidad para testar y desheredaci\u00f3n en Canal4 R\u00e0dio &nbsp; La abogada socia de Font Mora Sainz de Baranda Abogados y Economistas en Baleares, Elena Font fue invitada a los micros del programa 4Directe de\u00a0 Canal4 Radio por su conductor Miguel \u00c1ngel Ariza para responder a cuestiones b\u00e1sicas [&hellip;]","og_url":"https:\/\/fmsb.eu\/de\/2022\/04\/27\/elena-font-sobre-derecho-sucesorio-herencias-testamentos-capacidad-para-testar-y-desheredacion-en-canal4-radio\/","og_site_name":"FMSB Abogados y Economistas en Baleares","article_published_time":"2022-04-27T08:22:16+00:00","og_image":[{"width":1600,"height":1200,"url":"https:\/\/fmsb.eu\/wp-content\/uploads\/2022\/04\/FMSB-Abogados-Elena-Font-Sobre-herencias-y-capacidad-para-testar-validamente-y-desheredacion.jpeg","type":"image\/jpeg"}],"author":"fmsb","twitter_card":"summary_large_image","twitter_creator":"@fmsb-disstint","twitter_misc":{"Verfasst von":"fmsb","Gesch\u00e4tzte Lesezeit":"1\u00a0Minute"},"schema":{"@context":"https:\/\/schema.org","@graph":[{"@type":"Article","@id":"https:\/\/fmsb.eu\/de\/2022\/04\/27\/elena-font-sobre-derecho-sucesorio-herencias-testamentos-capacidad-para-testar-y-desheredacion-en-canal4-radio\/#article","isPartOf":{"@id":"https:\/\/fmsb.eu\/de\/2022\/04\/27\/elena-font-sobre-derecho-sucesorio-herencias-testamentos-capacidad-para-testar-y-desheredacion-en-canal4-radio\/"},"author":{"name":"fmsb","@id":"https:\/\/fmsb.eu\/de\/#\/schema\/person\/9fba7c70814b0cd34d35d655d36a4ca2"},"headline":"Elena Font sobre derecho sucesorio, herencias, testamentos, capacidad para testar y desheredaci\u00f3n en Canal4 Radio","datePublished":"2022-04-27T08:22:16+00:00","mainEntityOfPage":{"@id":"https:\/\/fmsb.eu\/de\/2022\/04\/27\/elena-font-sobre-derecho-sucesorio-herencias-testamentos-capacidad-para-testar-y-desheredacion-en-canal4-radio\/"},"wordCount":194,"publisher":{"@id":"https:\/\/fmsb.eu\/de\/#organization"},"image":{"@id":"https:\/\/fmsb.eu\/de\/2022\/04\/27\/elena-font-sobre-derecho-sucesorio-herencias-testamentos-capacidad-para-testar-y-desheredacion-en-canal4-radio\/#primaryimage"},"thumbnailUrl":"https:\/\/fmsb.eu\/wp-content\/uploads\/2022\/04\/FMSB-Abogados-Elena-Font-Sobre-herencias-y-capacidad-para-testar-validamente-y-desheredacion.jpeg","keywords":["camilo sesto","capacidad para testar","compilaci\u00f3n balear","derecho foral balear","desheredaci\u00f3n","desheredar","donaci\u00f3n","heredero universal","herencia","impugnar un testamento","leg\u00edtima","legitimario","renuncia","repudio","sucesi\u00f3n","testamento"],"articleSection":["actualidad","blog","Derecho Civil","Derecho sucesorio y herencias","Home"],"inLanguage":"de"},{"@type":"WebPage","@id":"https:\/\/fmsb.eu\/de\/2022\/04\/27\/elena-font-sobre-derecho-sucesorio-herencias-testamentos-capacidad-para-testar-y-desheredacion-en-canal4-radio\/","url":"https:\/\/fmsb.eu\/de\/2022\/04\/27\/elena-font-sobre-derecho-sucesorio-herencias-testamentos-capacidad-para-testar-y-desheredacion-en-canal4-radio\/","name":"Elena Font sobre derecho sucesorio, herencias, testamentos, capacidad para testar y desheredaci\u00f3n en Canal4 Radio - FMSB Abogados y Economistas en Baleares","isPartOf":{"@id":"https:\/\/fmsb.eu\/de\/#website"},"primaryImageOfPage":{"@id":"https:\/\/fmsb.eu\/de\/2022\/04\/27\/elena-font-sobre-derecho-sucesorio-herencias-testamentos-capacidad-para-testar-y-desheredacion-en-canal4-radio\/#primaryimage"},"image":{"@id":"https:\/\/fmsb.eu\/de\/2022\/04\/27\/elena-font-sobre-derecho-sucesorio-herencias-testamentos-capacidad-para-testar-y-desheredacion-en-canal4-radio\/#primaryimage"},"thumbnailUrl":"https:\/\/fmsb.eu\/wp-content\/uploads\/2022\/04\/FMSB-Abogados-Elena-Font-Sobre-herencias-y-capacidad-para-testar-validamente-y-desheredacion.jpeg","datePublished":"2022-04-27T08:22:16+00:00","breadcrumb":{"@id":"https:\/\/fmsb.eu\/de\/2022\/04\/27\/elena-font-sobre-derecho-sucesorio-herencias-testamentos-capacidad-para-testar-y-desheredacion-en-canal4-radio\/#breadcrumb"},"inLanguage":"de","potentialAction":[{"@type":"ReadAction","target":["https:\/\/fmsb.eu\/de\/2022\/04\/27\/elena-font-sobre-derecho-sucesorio-herencias-testamentos-capacidad-para-testar-y-desheredacion-en-canal4-radio\/"]}]},{"@type":"ImageObject","inLanguage":"de","@id":"https:\/\/fmsb.eu\/de\/2022\/04\/27\/elena-font-sobre-derecho-sucesorio-herencias-testamentos-capacidad-para-testar-y-desheredacion-en-canal4-radio\/#primaryimage","url":"https:\/\/fmsb.eu\/wp-content\/uploads\/2022\/04\/FMSB-Abogados-Elena-Font-Sobre-herencias-y-capacidad-para-testar-validamente-y-desheredacion.jpeg","contentUrl":"https:\/\/fmsb.eu\/wp-content\/uploads\/2022\/04\/FMSB-Abogados-Elena-Font-Sobre-herencias-y-capacidad-para-testar-validamente-y-desheredacion.jpeg","width":1600,"height":1200},{"@type":"BreadcrumbList","@id":"https:\/\/fmsb.eu\/de\/2022\/04\/27\/elena-font-sobre-derecho-sucesorio-herencias-testamentos-capacidad-para-testar-y-desheredacion-en-canal4-radio\/#breadcrumb","itemListElement":[{"@type":"ListItem","position":1,"name":"Portada","item":"https:\/\/fmsb.eu\/de\/"},{"@type":"ListItem","position":2,"name":"Elena Font sobre derecho sucesorio, herencias, testamentos, capacidad para testar y desheredaci\u00f3n en Canal4 Radio"}]},{"@type":"WebSite","@id":"https:\/\/fmsb.eu\/de\/#website","url":"https:\/\/fmsb.eu\/de\/","name":"FMSB Abogados y Economistas en Baleares","description":"","publisher":{"@id":"https:\/\/fmsb.eu\/de\/#organization"},"potentialAction":[{"@type":"SearchAction","target":{"@type":"EntryPoint","urlTemplate":"https:\/\/fmsb.eu\/de\/?s={search_term_string}"},"query-input":{"@type":"PropertyValueSpecification","valueRequired":true,"valueName":"search_term_string"}}],"inLanguage":"de"},{"@type":"Organization","@id":"https:\/\/fmsb.eu\/de\/#organization","name":"FMSB Abogados y Economistas en Baleares","url":"https:\/\/fmsb.eu\/de\/","logo":{"@type":"ImageObject","inLanguage":"de","@id":"https:\/\/fmsb.eu\/de\/#\/schema\/logo\/image\/","url":"https:\/\/fmsb.eu\/wp-content\/uploads\/2025\/02\/logo.svg","contentUrl":"https:\/\/fmsb.eu\/wp-content\/uploads\/2025\/02\/logo.svg","width":154,"height":52,"caption":"FMSB Abogados y Economistas en Baleares"},"image":{"@id":"https:\/\/fmsb.eu\/de\/#\/schema\/logo\/image\/"}},{"@type":"Person","@id":"https:\/\/fmsb.eu\/de\/#\/schema\/person\/9fba7c70814b0cd34d35d655d36a4ca2","name":"fmsb","image":{"@type":"ImageObject","inLanguage":"de","@id":"https:\/\/secure.gravatar.com\/avatar\/426f4d5b0ebcace85460caf87cdaaa193694b611e990615d87a13f322fb7ee7f?s=96&d=mm&r=g","url":"https:\/\/secure.gravatar.com\/avatar\/426f4d5b0ebcace85460caf87cdaaa193694b611e990615d87a13f322fb7ee7f?s=96&d=mm&r=g","contentUrl":"https:\/\/secure.gravatar.com\/avatar\/426f4d5b0ebcace85460caf87cdaaa193694b611e990615d87a13f322fb7ee7f?s=96&d=mm&r=g","caption":"fmsb"},"sameAs":["https:\/\/x.com\/fmsb-disstint"],"url":"https:\/\/fmsb.eu\/de\/author\/fmsb\/"}]}},"_links":{"self":[{"href":"https:\/\/fmsb.eu\/de\/wp-json\/wp\/v2\/posts\/11407","targetHints":{"allow":["GET"]}}],"collection":[{"href":"https:\/\/fmsb.eu\/de\/wp-json\/wp\/v2\/posts"}],"about":[{"href":"https:\/\/fmsb.eu\/de\/wp-json\/wp\/v2\/types\/post"}],"author":[{"embeddable":true,"href":"https:\/\/fmsb.eu\/de\/wp-json\/wp\/v2\/users\/2"}],"replies":[{"embeddable":true,"href":"https:\/\/fmsb.eu\/de\/wp-json\/wp\/v2\/comments?post=11407"}],"version-history":[{"count":0,"href":"https:\/\/fmsb.eu\/de\/wp-json\/wp\/v2\/posts\/11407\/revisions"}],"wp:featuredmedia":[{"embeddable":true,"href":"https:\/\/fmsb.eu\/de\/wp-json\/wp\/v2\/media\/9745"}],"wp:attachment":[{"href":"https:\/\/fmsb.eu\/de\/wp-json\/wp\/v2\/media?parent=11407"}],"wp:term":[{"taxonomy":"category","embeddable":true,"href":"https:\/\/fmsb.eu\/de\/wp-json\/wp\/v2\/categories?post=11407"},{"taxonomy":"post_tag","embeddable":true,"href":"https:\/\/fmsb.eu\/de\/wp-json\/wp\/v2\/tags?post=11407"}],"curies":[{"name":"wp","href":"https:\/\/api.w.org\/{rel}","templated":true}]}}