{"id":11409,"date":"2022-04-21T09:52:14","date_gmt":"2022-04-21T07:52:14","guid":{"rendered":"http:\/\/fmsb.disstintbeta.com\/2022\/04\/21\/sobre-rebaja-de-impuestos-jorge-sainz-de-baranda-en-mallorcadiario\/"},"modified":"2022-04-21T09:52:14","modified_gmt":"2022-04-21T07:52:14","slug":"sobre-rebaja-de-impuestos-jorge-sainz-de-baranda-en-mallorcadiario","status":"publish","type":"post","link":"https:\/\/fmsb.eu\/de\/2022\/04\/21\/sobre-rebaja-de-impuestos-jorge-sainz-de-baranda-en-mallorcadiario\/","title":{"rendered":"Entrevista de portada a Jorge S\u00e1inz de Baranda en Mallorcadiario &#8222;Claro que se pueden bajar los impuestos sin tocar los servicios esenciales, hay mucho gasto innecesario&#8220;"},"content":{"rendered":"<p>&nbsp;<\/p>\n<div class=\"navegacion\">\n<h1 class=\"antesubtitulo antetit\"><a href=\"http:\/\/www.mallorcadiario.com\"><span style=\"color: #993300;\"><strong>mallorcadiario.com<\/strong><\/span><\/a>\u00a0 |\u00a0 <a href=\"https:\/\/www.mallorcadiario.com\/bajar-impuestos-sin-tocar-servicios-esenciales-mucho-gasto-innecesario\">Econom\u00eda<\/a><\/h1>\n<\/div>\n<div class=\"navegacion\">\n<h6 class=\"ulthora fecha_publicacion\"><span class=\"dia_mes_anno\" style=\"color: #ffffff;\">DOMI<\/span><\/h6>\n<div class=\"navegacion\">\n<h3 class=\"antesubtitulo antetit\">Jorge Sainz de Baranda, abogado experto en derecho tributario<\/h3>\n<div class=\"ulthora fecha_publicacion\"><span class=\"dia_mes_anno\">Jueves 21 de abril de 2022<\/span><\/div>\n<div><\/div>\n<\/div>\n<div title=\"noticia 582371\">\n<h1 class=\"titulo\">&#8222;Claro que se pueden bajar los impuestos sin tocar los servicios esenciales, hay mucho gasto innecesario&#8220;<\/h1>\n<\/div>\n<div id=\"firmante_33\" class=\"firmante\">\n<p>Por<span style=\"color: #800000;\">\u00a0<strong><span class=\"nombre_firmante\">Cristina Su\u00e1rez\u00a0 <span style=\"color: #000000;\">| <\/span><\/span><\/strong><\/span><a class=\"enlace\" href=\"https:\/\/www.mallorcadiario.com\/cristina-suarez\/autor\/33\/\">Lee m\u00e1s art\u00edculos de esta autora<\/a><\/p>\n<p>&nbsp;<\/p>\n<\/div>\n<div class=\"social\"><\/div>\n<div id=\"videos_noticia\">\n<div class=\"videoWrapper\">\n<div id=\"video_6326\" class=\"video-js vjs-default-skin vjs-big-play-centered vjs-paused vjs-youtube vjs-controls-enabled vjs-user-inactive\">\n<p><iframe id=\"video_6326_youtube_api\" class=\"vjs-tech onDesktop\" title=\"YouTube video player\" src=\"https:\/\/www.youtube.com\/embed\/toUd75mB_IM?enablejsapi=1&amp;origin=https%3A%2F%2Fwww.mallorcadiario.com&amp;widgetid=1\" width=\"640\" height=\"360\" frameborder=\"0\" allowfullscreen=\"allowfullscreen\" data-mce-fragment=\"1\"><\/iframe><\/p>\n<div class=\"iframeblocker\"><\/div>\n<div class=\"vjs-big-play-button\" tabindex=\"0\" role=\"button\" aria-live=\"polite\" aria-label=\"play video\"><\/div>\n<\/div>\n<\/div>\n<\/div>\n<div class=\"entradilla\">\n<p>&nbsp;<\/p>\n<p>La\u00a0<strong>bajada de impuestos<\/strong>\u00a0inunda el debate p\u00fablico. El Gobierno y los sindicatos se niegan en rotundo a aliviar la carga fiscal porque aseguran que se traducir\u00eda en recortes de servicios esenciales como la sanidad, la educaci\u00f3n o las infraestructuras. Desde el PP, Alberto N\u00fa\u00f1ez-Feij\u00f3o impulsa un programa que pasa por una bajada del IRPF en rentas inferiores a 40.000 euros o la reducci\u00f3n del IVA de la electricidad y el gas. \u00bfEs viable? \u00bfEs contraproducente a la larga? El abogado\u00a0<strong>Jorge S\u00e1inz de Baranda<\/strong>, experto en Derecho Tributario en el Despacho FMSB y colaborador de\u00a0<strong>mallorcadiario.com<\/strong>\u00a0analiza las claves.<\/p>\n<p>&nbsp;<\/p>\n<\/div>\n<div id=\"textoNoticia\" class=\"texto\">\n<h3><em><strong>\u00bfHay que\u00a0<a href=\"https:\/\/www.mallorcadiario.com\/gobierno-descarta-rebajar-irpf-iva-repunte-inflacion\" target=\"_blank\" rel=\"nofollow noopener noreferrer\">bajar impuestos<\/a>?<\/strong><\/em><\/h3>\n<p>&#8222;Por supuesto que s\u00ed. Tenemos un sistema tributario nacional, auton\u00f3mico y municipal, -en Baleares, adem\u00e1s tambi\u00e9n insular con los Consells- y todas esas admisnitraciones tienen capacidad de sobra para reducir impuestos. Porque, al final, la cuesti\u00f3ne es si el dinero est\u00e1 en el bolsillo de los ciudadanos o en las arcas de las Administraciones&#8220;.<\/p>\n<p>&nbsp;<\/p>\n<h3><em><strong>El presidente del Gobierno,\u00a0<a href=\"https:\/\/www.mallorcadiario.com\/declaraciones-pedro-sanchez-propuesta-reduccion-impuestos-revision-crecimiento-economico\" target=\"_blank\" rel=\"nofollow noopener noreferrer\">Pedro S\u00e1nchez, rechaza cualquier rebaja fiscal<\/a>\u00a0porque dice que ser\u00eda un tijeretazo a los servicios sociales&#8230;<\/strong><\/em><\/h3>\n<p>Es la eterna discusi\u00f3n: si bajar impuestos se traduce en menos gasto social. Y claro que se puede aliviar la carga sin tocar lo esencial -sanidad, educaci\u00f3n, servicios sociales, infraestructuras-. Aqu\u00ed la cuesti\u00f3n es eliminar las partidas de los presupuestos que son gastos innecesarios porque no benefician a la colectividad. Est\u00e1 m\u00e1s que probado que, cuanto menor es la presi\u00f3n fiscal sobre el ciudadano, m\u00e1s se consume y m\u00e1s se dispara la productivcidad.<\/p>\n<p>&#8222;El caminmo es bajar impuestos y no reducir el gasto social, sino recortar las partidas innecesarias&#8220;<\/p>\n<p>&nbsp;<\/p>\n<h3><em><strong>\u00bfDe cu\u00e1nto estamos hablando?<\/strong><\/em><\/h3>\n<p>Un 10-15 por ciento del presupuesto total es perfectamente suprimible.<\/p>\n<p>&nbsp;<\/p>\n<h3><em><strong>Administraciones que crean \u00e1reas que no son de su competencia&#8230;<\/strong><\/em><\/h3>\n<p>Ese es uno de los problemas. Ayuntamientos, por ejemplo, que tienen un departamento de cambio clim\u00e1tico cuando la competencia no es municipal, sino auton\u00f3mica y estatal. \u00bfPara que necesitas tener a alguien colocado en un departamento in\u00fatil?<\/p>\n<p>&nbsp;<\/p>\n<h3><strong><em>Unai Sordo, lider de CCOO, ha asegurado este mi\u00e9rcoles en Palma que\u00a0<a href=\"https:\/\/www.mallorcadiario.com\/lideres-nacionales-ugt-y-ccoo-llaman-palma-incentivar-conflictividad-ante-inflacion\" target=\"_blank\" rel=\"nofollow noopener noreferrer\">una bajada de impuestos es un &#8222;suicidio fiscal&#8220;<\/a>\u00a0y una &#8222;temeridad&#8220;<\/em><\/strong><\/h3>\n<p>Se incide mucho en dos ideas falsas, que por mucho que se repitan no se van a convertir en verdad. Una es que cuanodo se bajan los impuestos, se beneficia a los ricos. No es cierto. T\u00fa puedes plantear una rebaja para las rentas medias o bajas a trav\u00e9s del IRPF, el impuesto sobre el patrominio, el de sucesiones, el de transmisiones patrimoniales o de los impuestos especiales de los que se hablan tanto ahora, como el de los hidrocarburos, y que claramente favorecen al ciudadano medio.<\/p>\n<p>&#8222;Est\u00e1 demostrado que si se bajan impuestos con cabeza, aflora un dinero que hasta el momento no se declaraba&#8220;<\/p>\n<p>La otra idea falsa es que si se rebajan impuestos, se recorta en bienestar social. No. Hay que bajarlos con cabeza porque as\u00ed se recauda m\u00e1s. Est\u00e1 comprobado: aflora un dinero que hasta ahora era B. Si lo destinas correctamente, no hay que tocar gasto social.<\/p>\n<p>&nbsp;<\/p>\n<h3><em><strong>Y hay otro concepto que tambi\u00e9n se est\u00e1 repitiendo mucho \u00faltimamente y es que la presi\u00f3n fiscal en Espa\u00f1a est\u00e1 muy por debajo de la media europea&#8230;<\/strong><\/em><\/h3>\n<p>Y es cierto. Pero no hay que fijarse en la presi\u00f3n fiscal -lo que se paga de impuestos con respecto al PIB- sino en el esfuerzo fiscal, que es la divisi\u00f3n de la presi\u00f3n por la renta per capita. Ah\u00ed Espa\u00f1a est\u00e1 en el &#8218;top&#8216; europeo. Un noruego o un finlad\u00e9s tiene una presi\u00f3n fiscal mas alta, pero sus rentas son infinitamente mayores y sus tasas de paro son mucho menores.<\/p>\n<p>&#8222;Tenemos que adecuarnos a Europa en el esfuerzo fiscal, no en la presi\u00f3n\u201d<\/p>\n<p>&nbsp;<\/p>\n<h3><strong><em>Feij\u00f3o defiende una deflactaci\u00f3n del IRPF a rentas de hasta 40.000 euros. \u00bfPor qu\u00e9 esa bolsa?<\/em><\/strong><\/h3>\n<p>Porque es la que agrupa al 95 por ciento de los contribuyentes, la inmensa mayor\u00eda y\u00a0<a href=\"https:\/\/www.mallorcadiario.com\/ipc-marzo-2022\" target=\"_blank\" rel=\"nofollow noopener noreferrer\">los m\u00e1s perjudicados por la inflaci\u00f3n<\/a>. Los dem\u00e1s, aquellos con rendimientos por encima de los 60.000 euros, representan entre un dos y un diez por ciento del total.<\/p>\n<p>&nbsp;<\/p>\n<h3><em><strong>S\u00f3lo en enero y febrero, el Estado ha recaudado 7.500 millones m\u00e1s de lo previsto debido a la inflaci\u00f3n. Se paga m\u00e1s por lo mismo.<\/strong><\/em><\/h3>\n<p>Es as\u00ed, lo dice la propia Agencia Tributaria, que en esto es muy seria: est\u00e1n incrementando la recaudaci\u00f3n. Por ello es urgente poner medidas correctoras. Si no, el ciudadano, asfixiado, no va a declarar lo que hay. Ocurre con el impuesto de sucesiones. Gente que no puede pagarlo porque entonces pierde lo que hereda de sus padres. \u00bfEso es lo que persiguen?<\/p>\n<p>&nbsp;<\/p>\n<\/div>\n<div class=\"centerdiv\">\n<table class=\"foto posF-10 fotoCentrada\">\n<tbody>\n<tr>\n<td>\n<div class=\"fotodiv\"><a class=\"fancybox conlupa\" href=\"https:\/\/www.mallorcadiario.com\/fotos\/1\/EntrevistaJorgeSainzdeBaranda1.jpg\" data-fancybox=\"images\"><img fetchpriority=\"high\" decoding=\"async\" title=\"'Claro que se pueden bajar los impuestos sin tocar los servicios esenciales, hay mucho gasto innecesario'\" src=\"https:\/\/www.mallorcadiario.com\/fotos\/1\/EntrevistaJorgeSainzdeBaranda1_thumb_708.jpg\" alt=\"'Claro que se pueden bajar los impuestos sin tocar los servicios esenciales, hay mucho gasto innecesario'\" width=\"708\" height=\"472\" \/><\/a><\/div>\n<\/td>\n<\/tr>\n<tr>\n<td class=\"pie\">Foto:<strong><span style=\"color: #800000;\"> J. Fern\u00e1ndez Ortega<\/span><\/strong><\/td>\n<\/tr>\n<\/tbody>\n<\/table>\n<\/div>\n<\/div>\n<p>&nbsp;<\/p>\n<hr \/>\n<p>Reproducci\u00f3n de la entrevista publicada en el diario digital <a href=\"https:\/\/www.mallorcadiario.com\"><strong><span style=\"color: #993300;\">mallorcadiario.com<\/span><\/strong><\/a> .\u00a0\u00a0 L\u00e9elo directamente en <a href=\"https:\/\/www.mallorcadiario.com\"><strong>mallorcadiario.com<\/strong><\/a> a trav\u00e9s de este <span style=\"color: #993366;\"><strong><a style=\"color: #993366;\" href=\"https:\/\/www.mallorcadiario.com\/bajar-impuestos-sin-tocar-servicios-esenciales-mucho-gasto-innecesario\">enlace<\/a><\/strong><\/span><\/p>\n","protected":false},"excerpt":{"rendered":"<p>&nbsp; mallorcadiario.com\u00a0 |\u00a0 Econom\u00eda DOMI Jorge Sainz de Baranda, abogado experto en derecho tributario Jueves 21 de abril de 2022 &#8222;Claro que se pueden bajar los impuestos sin tocar los servicios esenciales, hay mucho gasto innecesario&#8220; Por\u00a0Cristina Su\u00e1rez\u00a0 | Lee m\u00e1s art\u00edculos de esta autora &nbsp; &nbsp; La\u00a0bajada de impuestos\u00a0inunda el debate p\u00fablico. El Gobierno [&hellip;]<\/p>\n","protected":false},"author":2,"featured_media":9743,"comment_status":"closed","ping_status":"open","sticky":false,"template":"","format":"standard","meta":{"footnotes":""},"categories":[2198,2199,2309,2202,3169],"tags":[2206,2663,2664,2665,2312,2666,2507,2314,2668,2208,2669,2670,2671,2672,2673,2316,2674,2675,2319,2320,2321,2681,2682,2683,2218,2219,2686,2223,2688,2325,2327,2691,2225,2328,2329,2330,2694,2331,2333,2228,2229,2334,2231,2336,2232,2234,2696,2342,2343,2345,2699,2700,2236,2701,2702,2349,2350,2240,2704,2705,2354,2243,2361,2706,2709,2363,2713,2364,2365],"class_list":["post-11409","post","type-post","status-publish","format-standard","has-post-thumbnail","hentry","category-actualidad-de","category-blog-de","category-derecho-fiscal-de","category-home-de","category-opinion-de","tag-abogados-de","tag-administracion-tributaria-de","tag-administraciones-tributarias-de","tag-aeat-de","tag-agencia-tributaria-de","tag-antifraude-de","tag-articulos-de","tag-asesores-de","tag-atib-de","tag-baleares-de","tag-blanqueo-de","tag-blanqueo-de-capitales-de","tag-campana-de-la-renta-de","tag-campana-irpf-de","tag-catastro-de","tag-comunidad-autonoma-de","tag-declaracion-de-inconstitucionalidad-de","tag-declaracion-de-nulidad-de","tag-derecho-de-la-union-europea-de","tag-derecho-fiscal-de","tag-derecho-tributario-de","tag-dgt-de","tag-direccion-general-de-tributos-de","tag-direccion-general-del-catastro-de","tag-economistas-de","tag-el-arenal-de","tag-extranjeros-de","tag-fmsb-de","tag-fraude-fiscal-de","tag-hacienda-de","tag-herencias-de","tag-ibi-de","tag-ibiza-de","tag-illes-balears-de","tag-impuesto-de-sucesiones-de","tag-impuestos-de","tag-incremento-del-valor-de-los-terrenos-de-naturaleza-urbana-de","tag-irpf-de","tag-jorge-sainz-de-baranda-de","tag-law-de","tag-lawyers-de","tag-ley-antifraude-de","tag-mallorca-de","tag-mallorcadiario-de","tag-manacor-de","tag-menorca-de","tag-modelo-720-de","tag-obligado-tributario-de","tag-opinion-de","tag-palma-de","tag-plan-anual-de-control-tributario-de","tag-plusvalia-de","tag-port-dandratx-de","tag-prespuestos-generales-del-estado-de","tag-presupuestos-2021-de","tag-prevencion-de","tag-propuestas-de","tag-puerto-de-andratx-de","tag-recargo-de","tag-reforma-de","tag-residentes-fiscales-de","tag-solicitors-de","tag-sucesiones-y-donaciones-de","tag-tasa-amazon-de","tag-testador-de","tag-tributos-de","tag-ue-de","tag-valor-de-referencia-de","tag-valor-de-referencia-catastral-de"],"yoast_head":"<!-- This site is optimized with the Yoast SEO plugin v27.3 - https:\/\/yoast.com\/product\/yoast-seo-wordpress\/ -->\n<title>Entrevista de portada a Jorge S\u00e1inz de Baranda en Mallorcadiario &quot;Claro que se pueden bajar los impuestos sin tocar los servicios esenciales, hay mucho gasto innecesario&quot; - FMSB Abogados y Economistas en Baleares<\/title>\n<meta name=\"robots\" content=\"index, follow, max-snippet:-1, max-image-preview:large, max-video-preview:-1\" \/>\n<link rel=\"canonical\" href=\"https:\/\/fmsb.eu\/de\/2022\/04\/21\/sobre-rebaja-de-impuestos-jorge-sainz-de-baranda-en-mallorcadiario\/\" \/>\n<meta property=\"og:locale\" content=\"de_DE\" \/>\n<meta property=\"og:type\" content=\"article\" \/>\n<meta property=\"og:title\" content=\"Entrevista de portada a Jorge S\u00e1inz de Baranda en Mallorcadiario &quot;Claro que se pueden bajar los impuestos sin tocar los servicios esenciales, hay mucho gasto innecesario&quot; - FMSB Abogados y Economistas en Baleares\" \/>\n<meta property=\"og:description\" content=\"&nbsp; mallorcadiario.com\u00a0 |\u00a0 Econom\u00eda DOMI Jorge Sainz de Baranda, abogado experto en derecho tributario Jueves 21 de abril de 2022 &#8222;Claro que se pueden bajar los impuestos sin tocar los servicios esenciales, hay mucho gasto innecesario&#8220; Por\u00a0Cristina Su\u00e1rez\u00a0 | Lee m\u00e1s art\u00edculos de esta autora &nbsp; &nbsp; La\u00a0bajada de impuestos\u00a0inunda el debate p\u00fablico. El Gobierno [&hellip;]\" \/>\n<meta property=\"og:url\" content=\"https:\/\/fmsb.eu\/de\/2022\/04\/21\/sobre-rebaja-de-impuestos-jorge-sainz-de-baranda-en-mallorcadiario\/\" \/>\n<meta property=\"og:site_name\" content=\"FMSB Abogados y Economistas en Baleares\" \/>\n<meta property=\"article:published_time\" content=\"2022-04-21T07:52:14+00:00\" \/>\n<meta property=\"og:image\" content=\"https:\/\/fmsb.eu\/wp-content\/uploads\/2022\/04\/FMSB-Abogados-Jorge-Sainz-de-Baranda-Derecho-Fiscal-y-Tributos-Sobre-la-propuesta-de-rebaja-fiscal.jpg\" \/>\n\t<meta property=\"og:image:width\" content=\"2242\" \/>\n\t<meta property=\"og:image:height\" content=\"1489\" \/>\n\t<meta property=\"og:image:type\" content=\"image\/jpeg\" \/>\n<meta name=\"author\" content=\"fmsb\" \/>\n<meta name=\"twitter:card\" content=\"summary_large_image\" \/>\n<meta name=\"twitter:creator\" content=\"@fmsb-disstint\" \/>\n<meta name=\"twitter:label1\" content=\"Verfasst von\" \/>\n\t<meta name=\"twitter:data1\" content=\"fmsb\" \/>\n\t<meta name=\"twitter:label2\" content=\"Gesch\u00e4tzte Lesezeit\" \/>\n\t<meta name=\"twitter:data2\" content=\"5\u00a0Minuten\" \/>\n<script type=\"application\/ld+json\" class=\"yoast-schema-graph\">{\"@context\":\"https:\\\/\\\/schema.org\",\"@graph\":[{\"@type\":\"Article\",\"@id\":\"https:\\\/\\\/fmsb.eu\\\/de\\\/2022\\\/04\\\/21\\\/sobre-rebaja-de-impuestos-jorge-sainz-de-baranda-en-mallorcadiario\\\/#article\",\"isPartOf\":{\"@id\":\"https:\\\/\\\/fmsb.eu\\\/de\\\/2022\\\/04\\\/21\\\/sobre-rebaja-de-impuestos-jorge-sainz-de-baranda-en-mallorcadiario\\\/\"},\"author\":{\"name\":\"fmsb\",\"@id\":\"https:\\\/\\\/fmsb.eu\\\/de\\\/#\\\/schema\\\/person\\\/9fba7c70814b0cd34d35d655d36a4ca2\"},\"headline\":\"Entrevista de portada a Jorge S\u00e1inz de Baranda en Mallorcadiario &#8222;Claro que se pueden bajar los impuestos sin tocar los servicios esenciales, hay mucho gasto innecesario&#8220;\",\"datePublished\":\"2022-04-21T07:52:14+00:00\",\"mainEntityOfPage\":{\"@id\":\"https:\\\/\\\/fmsb.eu\\\/de\\\/2022\\\/04\\\/21\\\/sobre-rebaja-de-impuestos-jorge-sainz-de-baranda-en-mallorcadiario\\\/\"},\"wordCount\":921,\"publisher\":{\"@id\":\"https:\\\/\\\/fmsb.eu\\\/de\\\/#organization\"},\"image\":{\"@id\":\"https:\\\/\\\/fmsb.eu\\\/de\\\/2022\\\/04\\\/21\\\/sobre-rebaja-de-impuestos-jorge-sainz-de-baranda-en-mallorcadiario\\\/#primaryimage\"},\"thumbnailUrl\":\"https:\\\/\\\/fmsb.eu\\\/wp-content\\\/uploads\\\/2022\\\/04\\\/FMSB-Abogados-Jorge-Sainz-de-Baranda-Derecho-Fiscal-y-Tributos-Sobre-la-propuesta-de-rebaja-fiscal.jpg\",\"keywords\":[\"abogados\",\"administraci\u00f3n tributaria\",\"administraciones tributarias\",\"aeat\",\"agencia tributaria\",\"antifraude\",\"articulos\",\"asesores\",\"ATIB\",\"baleares\",\"blanqueo\",\"blanqueo de capitales\",\"campa\u00f1a de la renta\",\"campa\u00f1a irpf\",\"catastro\",\"comunidad aut\u00f3noma\",\"declaraci\u00f3n de inconstitucionalidad\",\"declaraci\u00f3n de nulidad\",\"derecho de la uni\u00f3n europea\",\"derecho fiscal\",\"derecho tributario\",\"dgt\",\"direcci\u00f3n general de tributos\",\"direcci\u00f3n general del catastro\",\"economistas\",\"el arenal\",\"extranjeros\",\"fmsb\",\"fraude fiscal\",\"Hacienda\",\"herencias\",\"ibi\",\"ibiza\",\"illes balears\",\"impuesto de sucesiones\",\"impuestos\",\"incremento del valor de los terrenos de naturaleza urbana\",\"IRPF\",\"jorge sainz de baranda\",\"law\",\"lawyers\",\"ley antifraude\",\"mallorca\",\"mallorcadiario\",\"Manacor\",\"menorca\",\"modelo 720\",\"obligado tributario\",\"opinion\",\"Palma\",\"plan anual de control tributario\",\"plusval\u00eda\",\"port d&#8217;andratx\",\"prespuestos generales del estado\",\"presupuestos 2021\",\"prevenci\u00f3n\",\"propuestas\",\"puerto de andratx\",\"recargo\",\"reforma\",\"residentes fiscales\",\"solicitors\",\"sucesiones y donaciones\",\"tasa amazon\",\"testador\",\"tributos\",\"ue\",\"valor de referencia\",\"valor de referencia catastral\"],\"articleSection\":[\"actualidad\",\"blog\",\"Derecho Fiscal\",\"Home\",\"Opini\u00f3n\"],\"inLanguage\":\"de\"},{\"@type\":\"WebPage\",\"@id\":\"https:\\\/\\\/fmsb.eu\\\/de\\\/2022\\\/04\\\/21\\\/sobre-rebaja-de-impuestos-jorge-sainz-de-baranda-en-mallorcadiario\\\/\",\"url\":\"https:\\\/\\\/fmsb.eu\\\/de\\\/2022\\\/04\\\/21\\\/sobre-rebaja-de-impuestos-jorge-sainz-de-baranda-en-mallorcadiario\\\/\",\"name\":\"Entrevista de portada a Jorge S\u00e1inz de Baranda en Mallorcadiario \\\"Claro que se pueden bajar los impuestos sin tocar los servicios esenciales, hay mucho gasto innecesario\\\" - FMSB Abogados y Economistas en Baleares\",\"isPartOf\":{\"@id\":\"https:\\\/\\\/fmsb.eu\\\/de\\\/#website\"},\"primaryImageOfPage\":{\"@id\":\"https:\\\/\\\/fmsb.eu\\\/de\\\/2022\\\/04\\\/21\\\/sobre-rebaja-de-impuestos-jorge-sainz-de-baranda-en-mallorcadiario\\\/#primaryimage\"},\"image\":{\"@id\":\"https:\\\/\\\/fmsb.eu\\\/de\\\/2022\\\/04\\\/21\\\/sobre-rebaja-de-impuestos-jorge-sainz-de-baranda-en-mallorcadiario\\\/#primaryimage\"},\"thumbnailUrl\":\"https:\\\/\\\/fmsb.eu\\\/wp-content\\\/uploads\\\/2022\\\/04\\\/FMSB-Abogados-Jorge-Sainz-de-Baranda-Derecho-Fiscal-y-Tributos-Sobre-la-propuesta-de-rebaja-fiscal.jpg\",\"datePublished\":\"2022-04-21T07:52:14+00:00\",\"breadcrumb\":{\"@id\":\"https:\\\/\\\/fmsb.eu\\\/de\\\/2022\\\/04\\\/21\\\/sobre-rebaja-de-impuestos-jorge-sainz-de-baranda-en-mallorcadiario\\\/#breadcrumb\"},\"inLanguage\":\"de\",\"potentialAction\":[{\"@type\":\"ReadAction\",\"target\":[\"https:\\\/\\\/fmsb.eu\\\/de\\\/2022\\\/04\\\/21\\\/sobre-rebaja-de-impuestos-jorge-sainz-de-baranda-en-mallorcadiario\\\/\"]}]},{\"@type\":\"ImageObject\",\"inLanguage\":\"de\",\"@id\":\"https:\\\/\\\/fmsb.eu\\\/de\\\/2022\\\/04\\\/21\\\/sobre-rebaja-de-impuestos-jorge-sainz-de-baranda-en-mallorcadiario\\\/#primaryimage\",\"url\":\"https:\\\/\\\/fmsb.eu\\\/wp-content\\\/uploads\\\/2022\\\/04\\\/FMSB-Abogados-Jorge-Sainz-de-Baranda-Derecho-Fiscal-y-Tributos-Sobre-la-propuesta-de-rebaja-fiscal.jpg\",\"contentUrl\":\"https:\\\/\\\/fmsb.eu\\\/wp-content\\\/uploads\\\/2022\\\/04\\\/FMSB-Abogados-Jorge-Sainz-de-Baranda-Derecho-Fiscal-y-Tributos-Sobre-la-propuesta-de-rebaja-fiscal.jpg\",\"width\":2242,\"height\":1489},{\"@type\":\"BreadcrumbList\",\"@id\":\"https:\\\/\\\/fmsb.eu\\\/de\\\/2022\\\/04\\\/21\\\/sobre-rebaja-de-impuestos-jorge-sainz-de-baranda-en-mallorcadiario\\\/#breadcrumb\",\"itemListElement\":[{\"@type\":\"ListItem\",\"position\":1,\"name\":\"Portada\",\"item\":\"https:\\\/\\\/fmsb.eu\\\/de\\\/\"},{\"@type\":\"ListItem\",\"position\":2,\"name\":\"Entrevista de portada a Jorge S\u00e1inz de Baranda en Mallorcadiario &#8222;Claro que se pueden bajar los impuestos sin tocar los servicios esenciales, hay mucho gasto innecesario&#8220;\"}]},{\"@type\":\"WebSite\",\"@id\":\"https:\\\/\\\/fmsb.eu\\\/de\\\/#website\",\"url\":\"https:\\\/\\\/fmsb.eu\\\/de\\\/\",\"name\":\"FMSB Abogados y Economistas en Baleares\",\"description\":\"\",\"publisher\":{\"@id\":\"https:\\\/\\\/fmsb.eu\\\/de\\\/#organization\"},\"potentialAction\":[{\"@type\":\"SearchAction\",\"target\":{\"@type\":\"EntryPoint\",\"urlTemplate\":\"https:\\\/\\\/fmsb.eu\\\/de\\\/?s={search_term_string}\"},\"query-input\":{\"@type\":\"PropertyValueSpecification\",\"valueRequired\":true,\"valueName\":\"search_term_string\"}}],\"inLanguage\":\"de\"},{\"@type\":\"Organization\",\"@id\":\"https:\\\/\\\/fmsb.eu\\\/de\\\/#organization\",\"name\":\"FMSB Abogados y Economistas en Baleares\",\"url\":\"https:\\\/\\\/fmsb.eu\\\/de\\\/\",\"logo\":{\"@type\":\"ImageObject\",\"inLanguage\":\"de\",\"@id\":\"https:\\\/\\\/fmsb.eu\\\/de\\\/#\\\/schema\\\/logo\\\/image\\\/\",\"url\":\"https:\\\/\\\/fmsb.eu\\\/wp-content\\\/uploads\\\/2025\\\/02\\\/logo.svg\",\"contentUrl\":\"https:\\\/\\\/fmsb.eu\\\/wp-content\\\/uploads\\\/2025\\\/02\\\/logo.svg\",\"width\":154,\"height\":52,\"caption\":\"FMSB Abogados y Economistas en Baleares\"},\"image\":{\"@id\":\"https:\\\/\\\/fmsb.eu\\\/de\\\/#\\\/schema\\\/logo\\\/image\\\/\"}},{\"@type\":\"Person\",\"@id\":\"https:\\\/\\\/fmsb.eu\\\/de\\\/#\\\/schema\\\/person\\\/9fba7c70814b0cd34d35d655d36a4ca2\",\"name\":\"fmsb\",\"image\":{\"@type\":\"ImageObject\",\"inLanguage\":\"de\",\"@id\":\"https:\\\/\\\/secure.gravatar.com\\\/avatar\\\/426f4d5b0ebcace85460caf87cdaaa193694b611e990615d87a13f322fb7ee7f?s=96&d=mm&r=g\",\"url\":\"https:\\\/\\\/secure.gravatar.com\\\/avatar\\\/426f4d5b0ebcace85460caf87cdaaa193694b611e990615d87a13f322fb7ee7f?s=96&d=mm&r=g\",\"contentUrl\":\"https:\\\/\\\/secure.gravatar.com\\\/avatar\\\/426f4d5b0ebcace85460caf87cdaaa193694b611e990615d87a13f322fb7ee7f?s=96&d=mm&r=g\",\"caption\":\"fmsb\"},\"sameAs\":[\"https:\\\/\\\/x.com\\\/fmsb-disstint\"],\"url\":\"https:\\\/\\\/fmsb.eu\\\/de\\\/author\\\/fmsb\\\/\"}]}<\/script>\n<!-- \/ Yoast SEO plugin. -->","yoast_head_json":{"title":"Entrevista de portada a Jorge S\u00e1inz de Baranda en Mallorcadiario \"Claro que se pueden bajar los impuestos sin tocar los servicios esenciales, hay mucho gasto innecesario\" - FMSB Abogados y Economistas en Baleares","robots":{"index":"index","follow":"follow","max-snippet":"max-snippet:-1","max-image-preview":"max-image-preview:large","max-video-preview":"max-video-preview:-1"},"canonical":"https:\/\/fmsb.eu\/de\/2022\/04\/21\/sobre-rebaja-de-impuestos-jorge-sainz-de-baranda-en-mallorcadiario\/","og_locale":"de_DE","og_type":"article","og_title":"Entrevista de portada a Jorge S\u00e1inz de Baranda en Mallorcadiario \"Claro que se pueden bajar los impuestos sin tocar los servicios esenciales, hay mucho gasto innecesario\" - FMSB Abogados y Economistas en Baleares","og_description":"&nbsp; mallorcadiario.com\u00a0 |\u00a0 Econom\u00eda DOMI Jorge Sainz de Baranda, abogado experto en derecho tributario Jueves 21 de abril de 2022 &#8222;Claro que se pueden bajar los impuestos sin tocar los servicios esenciales, hay mucho gasto innecesario&#8220; Por\u00a0Cristina Su\u00e1rez\u00a0 | Lee m\u00e1s art\u00edculos de esta autora &nbsp; &nbsp; La\u00a0bajada de impuestos\u00a0inunda el debate p\u00fablico. El Gobierno [&hellip;]","og_url":"https:\/\/fmsb.eu\/de\/2022\/04\/21\/sobre-rebaja-de-impuestos-jorge-sainz-de-baranda-en-mallorcadiario\/","og_site_name":"FMSB Abogados y Economistas en Baleares","article_published_time":"2022-04-21T07:52:14+00:00","og_image":[{"width":2242,"height":1489,"url":"https:\/\/fmsb.eu\/wp-content\/uploads\/2022\/04\/FMSB-Abogados-Jorge-Sainz-de-Baranda-Derecho-Fiscal-y-Tributos-Sobre-la-propuesta-de-rebaja-fiscal.jpg","type":"image\/jpeg"}],"author":"fmsb","twitter_card":"summary_large_image","twitter_creator":"@fmsb-disstint","twitter_misc":{"Verfasst von":"fmsb","Gesch\u00e4tzte Lesezeit":"5\u00a0Minuten"},"schema":{"@context":"https:\/\/schema.org","@graph":[{"@type":"Article","@id":"https:\/\/fmsb.eu\/de\/2022\/04\/21\/sobre-rebaja-de-impuestos-jorge-sainz-de-baranda-en-mallorcadiario\/#article","isPartOf":{"@id":"https:\/\/fmsb.eu\/de\/2022\/04\/21\/sobre-rebaja-de-impuestos-jorge-sainz-de-baranda-en-mallorcadiario\/"},"author":{"name":"fmsb","@id":"https:\/\/fmsb.eu\/de\/#\/schema\/person\/9fba7c70814b0cd34d35d655d36a4ca2"},"headline":"Entrevista de portada a Jorge S\u00e1inz de Baranda en Mallorcadiario &#8222;Claro que se pueden bajar los impuestos sin tocar los servicios esenciales, hay mucho gasto innecesario&#8220;","datePublished":"2022-04-21T07:52:14+00:00","mainEntityOfPage":{"@id":"https:\/\/fmsb.eu\/de\/2022\/04\/21\/sobre-rebaja-de-impuestos-jorge-sainz-de-baranda-en-mallorcadiario\/"},"wordCount":921,"publisher":{"@id":"https:\/\/fmsb.eu\/de\/#organization"},"image":{"@id":"https:\/\/fmsb.eu\/de\/2022\/04\/21\/sobre-rebaja-de-impuestos-jorge-sainz-de-baranda-en-mallorcadiario\/#primaryimage"},"thumbnailUrl":"https:\/\/fmsb.eu\/wp-content\/uploads\/2022\/04\/FMSB-Abogados-Jorge-Sainz-de-Baranda-Derecho-Fiscal-y-Tributos-Sobre-la-propuesta-de-rebaja-fiscal.jpg","keywords":["abogados","administraci\u00f3n tributaria","administraciones tributarias","aeat","agencia tributaria","antifraude","articulos","asesores","ATIB","baleares","blanqueo","blanqueo de capitales","campa\u00f1a de la renta","campa\u00f1a irpf","catastro","comunidad aut\u00f3noma","declaraci\u00f3n de inconstitucionalidad","declaraci\u00f3n de nulidad","derecho de la uni\u00f3n europea","derecho fiscal","derecho tributario","dgt","direcci\u00f3n general de tributos","direcci\u00f3n general del catastro","economistas","el arenal","extranjeros","fmsb","fraude fiscal","Hacienda","herencias","ibi","ibiza","illes balears","impuesto de sucesiones","impuestos","incremento del valor de los terrenos de naturaleza urbana","IRPF","jorge sainz de baranda","law","lawyers","ley antifraude","mallorca","mallorcadiario","Manacor","menorca","modelo 720","obligado tributario","opinion","Palma","plan anual de control tributario","plusval\u00eda","port d&#8217;andratx","prespuestos generales del estado","presupuestos 2021","prevenci\u00f3n","propuestas","puerto de andratx","recargo","reforma","residentes fiscales","solicitors","sucesiones y donaciones","tasa amazon","testador","tributos","ue","valor de referencia","valor de referencia catastral"],"articleSection":["actualidad","blog","Derecho Fiscal","Home","Opini\u00f3n"],"inLanguage":"de"},{"@type":"WebPage","@id":"https:\/\/fmsb.eu\/de\/2022\/04\/21\/sobre-rebaja-de-impuestos-jorge-sainz-de-baranda-en-mallorcadiario\/","url":"https:\/\/fmsb.eu\/de\/2022\/04\/21\/sobre-rebaja-de-impuestos-jorge-sainz-de-baranda-en-mallorcadiario\/","name":"Entrevista de portada a Jorge S\u00e1inz de Baranda en Mallorcadiario \"Claro que se pueden bajar los impuestos sin tocar los servicios esenciales, hay mucho gasto innecesario\" - FMSB Abogados y Economistas en Baleares","isPartOf":{"@id":"https:\/\/fmsb.eu\/de\/#website"},"primaryImageOfPage":{"@id":"https:\/\/fmsb.eu\/de\/2022\/04\/21\/sobre-rebaja-de-impuestos-jorge-sainz-de-baranda-en-mallorcadiario\/#primaryimage"},"image":{"@id":"https:\/\/fmsb.eu\/de\/2022\/04\/21\/sobre-rebaja-de-impuestos-jorge-sainz-de-baranda-en-mallorcadiario\/#primaryimage"},"thumbnailUrl":"https:\/\/fmsb.eu\/wp-content\/uploads\/2022\/04\/FMSB-Abogados-Jorge-Sainz-de-Baranda-Derecho-Fiscal-y-Tributos-Sobre-la-propuesta-de-rebaja-fiscal.jpg","datePublished":"2022-04-21T07:52:14+00:00","breadcrumb":{"@id":"https:\/\/fmsb.eu\/de\/2022\/04\/21\/sobre-rebaja-de-impuestos-jorge-sainz-de-baranda-en-mallorcadiario\/#breadcrumb"},"inLanguage":"de","potentialAction":[{"@type":"ReadAction","target":["https:\/\/fmsb.eu\/de\/2022\/04\/21\/sobre-rebaja-de-impuestos-jorge-sainz-de-baranda-en-mallorcadiario\/"]}]},{"@type":"ImageObject","inLanguage":"de","@id":"https:\/\/fmsb.eu\/de\/2022\/04\/21\/sobre-rebaja-de-impuestos-jorge-sainz-de-baranda-en-mallorcadiario\/#primaryimage","url":"https:\/\/fmsb.eu\/wp-content\/uploads\/2022\/04\/FMSB-Abogados-Jorge-Sainz-de-Baranda-Derecho-Fiscal-y-Tributos-Sobre-la-propuesta-de-rebaja-fiscal.jpg","contentUrl":"https:\/\/fmsb.eu\/wp-content\/uploads\/2022\/04\/FMSB-Abogados-Jorge-Sainz-de-Baranda-Derecho-Fiscal-y-Tributos-Sobre-la-propuesta-de-rebaja-fiscal.jpg","width":2242,"height":1489},{"@type":"BreadcrumbList","@id":"https:\/\/fmsb.eu\/de\/2022\/04\/21\/sobre-rebaja-de-impuestos-jorge-sainz-de-baranda-en-mallorcadiario\/#breadcrumb","itemListElement":[{"@type":"ListItem","position":1,"name":"Portada","item":"https:\/\/fmsb.eu\/de\/"},{"@type":"ListItem","position":2,"name":"Entrevista de portada a Jorge S\u00e1inz de Baranda en Mallorcadiario &#8222;Claro que se pueden bajar los impuestos sin tocar los servicios esenciales, hay mucho gasto innecesario&#8220;"}]},{"@type":"WebSite","@id":"https:\/\/fmsb.eu\/de\/#website","url":"https:\/\/fmsb.eu\/de\/","name":"FMSB Abogados y Economistas en Baleares","description":"","publisher":{"@id":"https:\/\/fmsb.eu\/de\/#organization"},"potentialAction":[{"@type":"SearchAction","target":{"@type":"EntryPoint","urlTemplate":"https:\/\/fmsb.eu\/de\/?s={search_term_string}"},"query-input":{"@type":"PropertyValueSpecification","valueRequired":true,"valueName":"search_term_string"}}],"inLanguage":"de"},{"@type":"Organization","@id":"https:\/\/fmsb.eu\/de\/#organization","name":"FMSB Abogados y Economistas en Baleares","url":"https:\/\/fmsb.eu\/de\/","logo":{"@type":"ImageObject","inLanguage":"de","@id":"https:\/\/fmsb.eu\/de\/#\/schema\/logo\/image\/","url":"https:\/\/fmsb.eu\/wp-content\/uploads\/2025\/02\/logo.svg","contentUrl":"https:\/\/fmsb.eu\/wp-content\/uploads\/2025\/02\/logo.svg","width":154,"height":52,"caption":"FMSB Abogados y Economistas en Baleares"},"image":{"@id":"https:\/\/fmsb.eu\/de\/#\/schema\/logo\/image\/"}},{"@type":"Person","@id":"https:\/\/fmsb.eu\/de\/#\/schema\/person\/9fba7c70814b0cd34d35d655d36a4ca2","name":"fmsb","image":{"@type":"ImageObject","inLanguage":"de","@id":"https:\/\/secure.gravatar.com\/avatar\/426f4d5b0ebcace85460caf87cdaaa193694b611e990615d87a13f322fb7ee7f?s=96&d=mm&r=g","url":"https:\/\/secure.gravatar.com\/avatar\/426f4d5b0ebcace85460caf87cdaaa193694b611e990615d87a13f322fb7ee7f?s=96&d=mm&r=g","contentUrl":"https:\/\/secure.gravatar.com\/avatar\/426f4d5b0ebcace85460caf87cdaaa193694b611e990615d87a13f322fb7ee7f?s=96&d=mm&r=g","caption":"fmsb"},"sameAs":["https:\/\/x.com\/fmsb-disstint"],"url":"https:\/\/fmsb.eu\/de\/author\/fmsb\/"}]}},"_links":{"self":[{"href":"https:\/\/fmsb.eu\/de\/wp-json\/wp\/v2\/posts\/11409","targetHints":{"allow":["GET"]}}],"collection":[{"href":"https:\/\/fmsb.eu\/de\/wp-json\/wp\/v2\/posts"}],"about":[{"href":"https:\/\/fmsb.eu\/de\/wp-json\/wp\/v2\/types\/post"}],"author":[{"embeddable":true,"href":"https:\/\/fmsb.eu\/de\/wp-json\/wp\/v2\/users\/2"}],"replies":[{"embeddable":true,"href":"https:\/\/fmsb.eu\/de\/wp-json\/wp\/v2\/comments?post=11409"}],"version-history":[{"count":0,"href":"https:\/\/fmsb.eu\/de\/wp-json\/wp\/v2\/posts\/11409\/revisions"}],"wp:featuredmedia":[{"embeddable":true,"href":"https:\/\/fmsb.eu\/de\/wp-json\/wp\/v2\/media\/9743"}],"wp:attachment":[{"href":"https:\/\/fmsb.eu\/de\/wp-json\/wp\/v2\/media?parent=11409"}],"wp:term":[{"taxonomy":"category","embeddable":true,"href":"https:\/\/fmsb.eu\/de\/wp-json\/wp\/v2\/categories?post=11409"},{"taxonomy":"post_tag","embeddable":true,"href":"https:\/\/fmsb.eu\/de\/wp-json\/wp\/v2\/tags?post=11409"}],"curies":[{"name":"wp","href":"https:\/\/api.w.org\/{rel}","templated":true}]}}