{"id":11427,"date":"2022-03-26T11:51:01","date_gmt":"2022-03-26T10:51:01","guid":{"rendered":"http:\/\/fmsb.disstintbeta.com\/2022\/03\/26\/divide-y-pagaras-hacienda-jorge-sainz-de-baranda\/"},"modified":"2022-03-26T11:51:01","modified_gmt":"2022-03-26T10:51:01","slug":"divide-y-pagaras-hacienda-jorge-sainz-de-baranda","status":"publish","type":"post","link":"https:\/\/fmsb.eu\/de\/2022\/03\/26\/divide-y-pagaras-hacienda-jorge-sainz-de-baranda\/","title":{"rendered":"&#8222;Divide y pagar\u00e1s&#8220;, que dijo Hacienda, art\u00edculo de opini\u00f3n de Jorge S\u00e1inz de Baranda en Mallorcadiario"},"content":{"rendered":"<p>&nbsp;<\/p>\n<div class=\"navegacion\">\n<h3 class=\"antesubtitulo antetit\"><a href=\"http:\/\/www.mallorcadiario.com\"><span style=\"color: #993300;\"><strong>mallorcadiario.com<\/strong><\/span><\/a>\u00a0 <a href=\"https:\/\/www.mallorcadiario.com\/divide-y-pagaras-que-dijo-hacienda\">Opini\u00f3n<\/a><\/h3>\n<\/div>\n<p><a href=\"http:\/\/fmsb.disstintbeta.com\/wp-content\/uploads\/2022\/03\/FMSB-Abogados-Jorge-Sainz-de-Baranda-Divide-y-Pagaras-que-dijo-Hacienda-Mallorcadiario-00.jpg\"><img fetchpriority=\"high\" decoding=\"async\" class=\"alignnone wp-image-5878\" src=\"http:\/\/fmsb.disstintbeta.com\/wp-content\/uploads\/2022\/03\/FMSB-Abogados-Jorge-Sainz-de-Baranda-Divide-y-Pagaras-que-dijo-Hacienda-Mallorcadiario-00.jpg\" alt=\"\" width=\"800\" height=\"600\" srcset=\"https:\/\/font-mora-sainz-baranda.fra1.digitaloceanspaces.com\/wp-content\/uploads\/2022\/03\/FMSB-Abogados-Jorge-Sainz-de-Baranda-Divide-y-Pagaras-que-dijo-Hacienda-Mallorcadiario-00.jpg 1600w, https:\/\/font-mora-sainz-baranda.fra1.digitaloceanspaces.com\/wp-content\/uploads\/2022\/03\/FMSB-Abogados-Jorge-Sainz-de-Baranda-Divide-y-Pagaras-que-dijo-Hacienda-Mallorcadiario-00-300x225.jpg 300w, https:\/\/font-mora-sainz-baranda.fra1.digitaloceanspaces.com\/wp-content\/uploads\/2022\/03\/FMSB-Abogados-Jorge-Sainz-de-Baranda-Divide-y-Pagaras-que-dijo-Hacienda-Mallorcadiario-00-1024x768.jpg 1024w, https:\/\/font-mora-sainz-baranda.fra1.digitaloceanspaces.com\/wp-content\/uploads\/2022\/03\/FMSB-Abogados-Jorge-Sainz-de-Baranda-Divide-y-Pagaras-que-dijo-Hacienda-Mallorcadiario-00-768x576.jpg 768w, https:\/\/font-mora-sainz-baranda.fra1.digitaloceanspaces.com\/wp-content\/uploads\/2022\/03\/FMSB-Abogados-Jorge-Sainz-de-Baranda-Divide-y-Pagaras-que-dijo-Hacienda-Mallorcadiario-00-1536x1152.jpg 1536w\" sizes=\"(max-width: 800px) 100vw, 800px\" \/><\/a><\/p>\n<div class=\"navegacion\">\n<h6 class=\"ulthora fecha_publicacion\"><span class=\"dia_mes_anno\">DOMINGO 27 DE MARZO DE 2022<br \/>\n<\/span><\/h6>\n<h6 class=\"ulthora fecha_publicacion\"><span class=\"dia_mes_anno\" style=\"color: #ffffff;\">DOMINGO 25 DE OCTUBRE DE 2020<\/span><\/h6>\n<\/div>\n<div title=\"noticia 557362\">\n<h1 class=\"titulo\"><a href=\"https:\/\/www.mallorcadiario.com\/divide-y-pagaras-que-dijo-hacienda\">&#8222;Divide y pagar\u00e1s&#8220;, que dijo Hacienda<\/a><\/h1>\n<\/div>\n<div id=\"firmante_767\" class=\"firmante\">\n<p>Por\u00a0<strong><span class=\"nombre_firmante\">Jorge S\u00e1inz de Baranda<\/span><\/strong><\/p>\n<h6><a href=\"https:\/\/www.mallorcadiario.com\/jorge-sainz-de-baranda\/autor\/767\/\"><strong><span style=\"color: #993300;\">M\u00c1S ART\u00cdCULOS DEL AUTOR<\/span><\/strong><\/a><\/h6>\n<p><strong>\u00a0<\/strong><\/p>\n<p>La expresi\u00f3n \u00abdivide y vencer\u00e1s\u00bb (<em>divide et impera<\/em>), es una frase de dudoso origen, atribuida de manera generalizada al emperador romano Julio C\u00e9sar, y que tambi\u00e9n figura en la estrategia de Napole\u00f3n y en las sugerencias que recoge Nicolas de Maquiavelo en su libro <em>\u201cEl Pr\u00edncipe\u201d<\/em>. En este \u00faltimo, aunque no la cite expresamente -o no la haya visto yo, que todo puede ser-, instruye a los dirigentes para que gobiernen con las estrategias pol\u00edticas necesarias que les permitan conservar exitosamente el poder.<\/p>\n<p>Realmente, lo que resume la frase es una forma de mantener el poder mediante la ruptura de los oponentes, evitando que se alineen en un frente com\u00fan, lo que conlleva inexorablemente que tengan menos energ\u00eda para competir. Tampoco podemos olvidar que ese principio tambi\u00e9n ha sido utilizado en otros \u00e1mbitos, como el matem\u00e1tico o cient\u00edfico, en los que implica que, para resolver un problema dif\u00edcil, es mejor dividirlo en partes m\u00e1s simples tantas veces como sea necesario hasta que la resoluci\u00f3n se torne obvia.<\/p>\n<p>Y dado que comienzo a estar agotado de tantas divisiones entre azules, rojos, morados y dem\u00e1s colores del arco\u00edris -ya ven, puestos a elegir me quedo con el <em>\u201cnaranja y verde\u201d<\/em> de la UCD de mi padre-, mi opini\u00f3n de hoy va de divisiones, pero de divisiones con contenido m\u00e1s jur\u00eddico: la divisi\u00f3n de la cosa com\u00fan, que tantos r\u00edos de tinta <em>tributaria<\/em> ha hecho correr.<\/p>\n<p>Y quiero volver a hablar de este negocio jur\u00eddico por la reciente consulta de la Direcci\u00f3n General de Tributos, de fecha 28 de enero de 2022, <span style=\"color: #ff6600;\"><strong><a style=\"color: #ff6600;\" href=\"https:\/\/www.fmsb.eu\/wp-content\/uploads\/2022\/03\/Consulta-Vinculante-V0143-22-1.pdf\">CV0143-22<\/a><\/strong><\/span> (haz clic para acceder a ella en formato pdf), que combina \u201cmagistralmente\u201d, en cuatro escasas p\u00e1ginas, esta figura controvertida con el <em>\u201cdiab\u00f3lico\u201d<\/em> invento del valor de referencia.<\/p>\n<p>Les cuento: dos hermanos son due\u00f1os, en proindiviso, de dos inmuebles que hab\u00edan adquirido por herencia de su padre hace a\u00f1os. En este momento, y no queriendo permanecer en esa indivisi\u00f3n, deciden disolver el condominio, adjudic\u00e1ndose cada uno de ellos uno de los inmuebles, que consideran de valor equivalente, por lo que entienden que ni hay una permuta ni se produce exceso de adjudicaci\u00f3n alguno que deba ser compensado.<\/p>\n<p>No obstante, <em>ay misero de m\u00ed, ay infelice<\/em>, no tienen en cuenta que, desde uno de enero de 2022, han entrado en vigor los nuevos valores de referencia del catastro, de forma que, aunque para los hermanos el valor de los bienes es el mismo -y seguramente en la realidad debe ser as\u00ed-, con el nuevo valor -que es de aplicaci\u00f3n obligatoria desde esa fecha a las operaciones gravadas por el Impuesto sobre Transmisiones Patrimoniales o por el Impuesto sobre Sucesiones y Donaciones-, existe entre los valores de ambos inmuebles una diferencia de 20.000 euros.<\/p>\n<p>La consulta, que supone un compendio-resumen de las diferentes resoluciones de los Tribunales -los cuales, querida, han ido recortando el alegre frenes\u00ed recaudatorio de nuestra nunca suficientemente valorada Administraci\u00f3n Tributaria-, concluye lo siguiente:<\/p>\n<p>En primer lugar, algo ya sabido, que la disoluci\u00f3n de una comunidad y la consiguiente adjudicaci\u00f3n a cada comunero, en proporci\u00f3n a su inter\u00e9s en la misma, de las partes resultantes no es una transmisi\u00f3n patrimonial propiamente dicha \u2013ni a efectos civiles ni a efectos fiscales\u2013, sino una mera especificaci\u00f3n o concreci\u00f3n de un derecho abstracto preexistente, por lo que no tributa por el concepto transmisi\u00f3n patrimonial onerosa siempre que se cumpla el principio de equivalencia y proporcionalidad, y no exista exceso de adjudicaci\u00f3n, tributando exclusivamente por actos jur\u00eddicos documentados -que hoy, que estamos de oferta, est\u00e1 al 1,5% en Baleares-.<\/p>\n<p>En segundo lugar, que si existe exceso de adjudicaci\u00f3n, pero \u00e9ste se debe a la naturaleza indivisible del bien -o al desmerecimiento del mismo por dicha divisi\u00f3n-, y dicho exceso se compensa en dinero al otro comunero -ojo, no con otros bienes-, tampoco habr\u00e1 tributaci\u00f3n, y tambi\u00e9n solo se liquidar\u00e1 por actos jur\u00eddicos documentados.<\/p>\n<p>Y tercero, que si hay varios bienes, y aunque cada uno de ellos individualmente sean considerados indivisibles, si el reparto no supone la formaci\u00f3n de lotes lo m\u00e1s equivalentes posibles, existir\u00eda una transmisi\u00f3n de la propiedad de un comunero a otro que determinar\u00eda la sujeci\u00f3n al impuesto.<\/p>\n<p>Y dir\u00e1n Ustedes \u00bfy que pasa con el valor de referencia del que ha empezado hablando? Pues culmina la consulta diciendo que, en este caso, los valores a tomar en consideraci\u00f3n son los fijados por el Catastro, de forma que los incautos hermanos que -a pesar de que los bienes son indivisibles- no previeron la compensaci\u00f3n en dinero del exceso de 20.000 euros entre el valor de uno y otro, deber\u00e1n tributar, s\u00ed o s\u00ed, esa diferencia por el concepto de donaciones, que entre hermanos parte del 9,72% -con los coeficientes multiplicadores- y puede llegar al 51,84%. O dicho en Rom\u00e1n Tributino, <em>\u201cse siente, haberse asesorado antes\u201d.<\/em><\/p>\n<p>A pesar de eso, les da el consuelo de que, si no est\u00e1n conformes con el valor de referencia, pueden aventurarse a solicitar posteriormente la rectificaci\u00f3n de la autoliquidaci\u00f3n, eso s\u00ed, siempre que hayan pagado antes el Impuesto, haciendo suya la m\u00e1xima cambiada de <strong>\u201cdivide y pagar\u00e1s\u201d<\/strong>\u2026<\/p>\n<\/div>\n<p>&nbsp;<\/p>\n<hr \/>\n<p>Art\u00edculo original publicado en el diario digital\u00a0<a href=\"https:\/\/www.mallorcadiario.com\/ancha-es-hacienda\"><strong><span style=\"color: #993300;\">mallorcadiario.com<\/span><\/strong><\/a> .\u00a0\u00a0 L\u00e9elo directamente en mallorcadiario a trav\u00e9s de este <span style=\"color: #993366;\"><strong><a style=\"color: #993366;\" href=\"https:\/\/www.mallorcadiario.com\/divide-y-pagaras-que-dijo-hacienda\">enlace<\/a><\/strong><\/span><\/p>\n","protected":false},"excerpt":{"rendered":"<p>&nbsp; mallorcadiario.com\u00a0 Opini\u00f3n DOMINGO 27 DE MARZO DE 2022 DOMINGO 25 DE OCTUBRE DE 2020 &#8222;Divide y pagar\u00e1s&#8220;, que dijo Hacienda Por\u00a0Jorge S\u00e1inz de Baranda M\u00c1S ART\u00cdCULOS DEL AUTOR \u00a0 La expresi\u00f3n \u00abdivide y vencer\u00e1s\u00bb (divide et impera), es una frase de dudoso origen, atribuida de manera generalizada al emperador romano Julio C\u00e9sar, y que [&hellip;]<\/p>\n","protected":false},"author":2,"featured_media":9721,"comment_status":"closed","ping_status":"open","sticky":false,"template":"","format":"standard","meta":{"footnotes":""},"categories":[2199,2309,3169],"tags":[2206,2663,2664,2665,2312,2666,2507,2314,2668,2208,2669,2670,2671,2672,2673,2316,2674,2675,2319,2320,2321,2681,2682,2683,2218,2219,2686,2223,2688,2325,2327,2691,2225,2328,2329,2330,2694,2331,2333,2228,2229,2334,2231,2336,2232,2234,2696,2342,2343,2345,2699,2700,2236,2701,2702,2349,2350,2240,2704,2705,2354,2243,2361,2706,2709,2363,2713,2365],"class_list":["post-11427","post","type-post","status-publish","format-standard","has-post-thumbnail","hentry","category-blog-de","category-derecho-fiscal-de","category-opinion-de","tag-abogados-de","tag-administracion-tributaria-de","tag-administraciones-tributarias-de","tag-aeat-de","tag-agencia-tributaria-de","tag-antifraude-de","tag-articulos-de","tag-asesores-de","tag-atib-de","tag-baleares-de","tag-blanqueo-de","tag-blanqueo-de-capitales-de","tag-campana-de-la-renta-de","tag-campana-irpf-de","tag-catastro-de","tag-comunidad-autonoma-de","tag-declaracion-de-inconstitucionalidad-de","tag-declaracion-de-nulidad-de","tag-derecho-de-la-union-europea-de","tag-derecho-fiscal-de","tag-derecho-tributario-de","tag-dgt-de","tag-direccion-general-de-tributos-de","tag-direccion-general-del-catastro-de","tag-economistas-de","tag-el-arenal-de","tag-extranjeros-de","tag-fmsb-de","tag-fraude-fiscal-de","tag-hacienda-de","tag-herencias-de","tag-ibi-de","tag-ibiza-de","tag-illes-balears-de","tag-impuesto-de-sucesiones-de","tag-impuestos-de","tag-incremento-del-valor-de-los-terrenos-de-naturaleza-urbana-de","tag-irpf-de","tag-jorge-sainz-de-baranda-de","tag-law-de","tag-lawyers-de","tag-ley-antifraude-de","tag-mallorca-de","tag-mallorcadiario-de","tag-manacor-de","tag-menorca-de","tag-modelo-720-de","tag-obligado-tributario-de","tag-opinion-de","tag-palma-de","tag-plan-anual-de-control-tributario-de","tag-plusvalia-de","tag-port-dandratx-de","tag-prespuestos-generales-del-estado-de","tag-presupuestos-2021-de","tag-prevencion-de","tag-propuestas-de","tag-puerto-de-andratx-de","tag-recargo-de","tag-reforma-de","tag-residentes-fiscales-de","tag-solicitors-de","tag-sucesiones-y-donaciones-de","tag-tasa-amazon-de","tag-testador-de","tag-tributos-de","tag-ue-de","tag-valor-de-referencia-catastral-de"],"yoast_head":"<!-- This site is optimized with the Yoast SEO plugin v27.3 - https:\/\/yoast.com\/product\/yoast-seo-wordpress\/ -->\n<title>&quot;Divide y pagar\u00e1s&quot;, que dijo Hacienda, art\u00edculo de opini\u00f3n de Jorge S\u00e1inz de Baranda en Mallorcadiario - FMSB Abogados y Economistas en Baleares<\/title>\n<meta name=\"robots\" content=\"index, follow, max-snippet:-1, max-image-preview:large, max-video-preview:-1\" \/>\n<link rel=\"canonical\" href=\"https:\/\/fmsb.eu\/de\/2022\/03\/26\/divide-y-pagaras-hacienda-jorge-sainz-de-baranda\/\" \/>\n<meta property=\"og:locale\" content=\"de_DE\" \/>\n<meta property=\"og:type\" content=\"article\" \/>\n<meta property=\"og:title\" content=\"&quot;Divide y pagar\u00e1s&quot;, que dijo Hacienda, art\u00edculo de opini\u00f3n de Jorge S\u00e1inz de Baranda en Mallorcadiario - FMSB Abogados y Economistas en Baleares\" \/>\n<meta property=\"og:description\" content=\"&nbsp; mallorcadiario.com\u00a0 Opini\u00f3n DOMINGO 27 DE MARZO DE 2022 DOMINGO 25 DE OCTUBRE DE 2020 &#8222;Divide y pagar\u00e1s&#8220;, que dijo Hacienda Por\u00a0Jorge S\u00e1inz de Baranda M\u00c1S ART\u00cdCULOS DEL AUTOR \u00a0 La expresi\u00f3n \u00abdivide y vencer\u00e1s\u00bb (divide et impera), es una frase de dudoso origen, atribuida de manera generalizada al emperador romano Julio C\u00e9sar, y que [&hellip;]\" \/>\n<meta property=\"og:url\" content=\"https:\/\/fmsb.eu\/de\/2022\/03\/26\/divide-y-pagaras-hacienda-jorge-sainz-de-baranda\/\" \/>\n<meta property=\"og:site_name\" content=\"FMSB Abogados y Economistas en Baleares\" \/>\n<meta property=\"article:published_time\" content=\"2022-03-26T10:51:01+00:00\" \/>\n<meta property=\"og:image\" content=\"https:\/\/fmsb.eu\/wp-content\/uploads\/2022\/03\/FMSB-Abogados-Jorge-Sainz-de-Baranda-Divide-y-Pagaras-que-dijo-Hacienda-Mallorcadiario-00.jpg\" \/>\n\t<meta property=\"og:image:width\" content=\"1600\" \/>\n\t<meta property=\"og:image:height\" content=\"1200\" \/>\n\t<meta property=\"og:image:type\" content=\"image\/jpeg\" \/>\n<meta name=\"author\" content=\"fmsb\" \/>\n<meta name=\"twitter:card\" content=\"summary_large_image\" \/>\n<meta name=\"twitter:creator\" content=\"@fmsb-disstint\" \/>\n<meta name=\"twitter:label1\" content=\"Verfasst von\" \/>\n\t<meta name=\"twitter:data1\" content=\"fmsb\" \/>\n\t<meta name=\"twitter:label2\" content=\"Gesch\u00e4tzte Lesezeit\" \/>\n\t<meta name=\"twitter:data2\" content=\"5\u00a0Minuten\" \/>\n<script type=\"application\/ld+json\" class=\"yoast-schema-graph\">{\"@context\":\"https:\\\/\\\/schema.org\",\"@graph\":[{\"@type\":\"Article\",\"@id\":\"https:\\\/\\\/fmsb.eu\\\/de\\\/2022\\\/03\\\/26\\\/divide-y-pagaras-hacienda-jorge-sainz-de-baranda\\\/#article\",\"isPartOf\":{\"@id\":\"https:\\\/\\\/fmsb.eu\\\/de\\\/2022\\\/03\\\/26\\\/divide-y-pagaras-hacienda-jorge-sainz-de-baranda\\\/\"},\"author\":{\"name\":\"fmsb\",\"@id\":\"https:\\\/\\\/fmsb.eu\\\/de\\\/#\\\/schema\\\/person\\\/9fba7c70814b0cd34d35d655d36a4ca2\"},\"headline\":\"&#8222;Divide y pagar\u00e1s&#8220;, que dijo Hacienda, art\u00edculo de opini\u00f3n de Jorge S\u00e1inz de Baranda en Mallorcadiario\",\"datePublished\":\"2022-03-26T10:51:01+00:00\",\"mainEntityOfPage\":{\"@id\":\"https:\\\/\\\/fmsb.eu\\\/de\\\/2022\\\/03\\\/26\\\/divide-y-pagaras-hacienda-jorge-sainz-de-baranda\\\/\"},\"wordCount\":974,\"publisher\":{\"@id\":\"https:\\\/\\\/fmsb.eu\\\/de\\\/#organization\"},\"image\":{\"@id\":\"https:\\\/\\\/fmsb.eu\\\/de\\\/2022\\\/03\\\/26\\\/divide-y-pagaras-hacienda-jorge-sainz-de-baranda\\\/#primaryimage\"},\"thumbnailUrl\":\"https:\\\/\\\/fmsb.eu\\\/wp-content\\\/uploads\\\/2022\\\/03\\\/FMSB-Abogados-Jorge-Sainz-de-Baranda-Divide-y-Pagaras-que-dijo-Hacienda-Mallorcadiario-00.jpg\",\"keywords\":[\"abogados\",\"administraci\u00f3n tributaria\",\"administraciones tributarias\",\"aeat\",\"agencia tributaria\",\"antifraude\",\"articulos\",\"asesores\",\"ATIB\",\"baleares\",\"blanqueo\",\"blanqueo de capitales\",\"campa\u00f1a de la renta\",\"campa\u00f1a irpf\",\"catastro\",\"comunidad aut\u00f3noma\",\"declaraci\u00f3n de inconstitucionalidad\",\"declaraci\u00f3n de nulidad\",\"derecho de la uni\u00f3n europea\",\"derecho fiscal\",\"derecho tributario\",\"dgt\",\"direcci\u00f3n general de tributos\",\"direcci\u00f3n general del catastro\",\"economistas\",\"el arenal\",\"extranjeros\",\"fmsb\",\"fraude fiscal\",\"Hacienda\",\"herencias\",\"ibi\",\"ibiza\",\"illes balears\",\"impuesto de sucesiones\",\"impuestos\",\"incremento del valor de los terrenos de naturaleza urbana\",\"IRPF\",\"jorge sainz de baranda\",\"law\",\"lawyers\",\"ley antifraude\",\"mallorca\",\"mallorcadiario\",\"Manacor\",\"menorca\",\"modelo 720\",\"obligado tributario\",\"opinion\",\"Palma\",\"plan anual de control tributario\",\"plusval\u00eda\",\"port d&#8217;andratx\",\"prespuestos generales del estado\",\"presupuestos 2021\",\"prevenci\u00f3n\",\"propuestas\",\"puerto de andratx\",\"recargo\",\"reforma\",\"residentes fiscales\",\"solicitors\",\"sucesiones y donaciones\",\"tasa amazon\",\"testador\",\"tributos\",\"ue\",\"valor de referencia catastral\"],\"articleSection\":[\"blog\",\"Derecho Fiscal\",\"Opini\u00f3n\"],\"inLanguage\":\"de\"},{\"@type\":\"WebPage\",\"@id\":\"https:\\\/\\\/fmsb.eu\\\/de\\\/2022\\\/03\\\/26\\\/divide-y-pagaras-hacienda-jorge-sainz-de-baranda\\\/\",\"url\":\"https:\\\/\\\/fmsb.eu\\\/de\\\/2022\\\/03\\\/26\\\/divide-y-pagaras-hacienda-jorge-sainz-de-baranda\\\/\",\"name\":\"\\\"Divide y pagar\u00e1s\\\", que dijo Hacienda, art\u00edculo de opini\u00f3n de Jorge S\u00e1inz de Baranda en Mallorcadiario - FMSB Abogados y Economistas en Baleares\",\"isPartOf\":{\"@id\":\"https:\\\/\\\/fmsb.eu\\\/de\\\/#website\"},\"primaryImageOfPage\":{\"@id\":\"https:\\\/\\\/fmsb.eu\\\/de\\\/2022\\\/03\\\/26\\\/divide-y-pagaras-hacienda-jorge-sainz-de-baranda\\\/#primaryimage\"},\"image\":{\"@id\":\"https:\\\/\\\/fmsb.eu\\\/de\\\/2022\\\/03\\\/26\\\/divide-y-pagaras-hacienda-jorge-sainz-de-baranda\\\/#primaryimage\"},\"thumbnailUrl\":\"https:\\\/\\\/fmsb.eu\\\/wp-content\\\/uploads\\\/2022\\\/03\\\/FMSB-Abogados-Jorge-Sainz-de-Baranda-Divide-y-Pagaras-que-dijo-Hacienda-Mallorcadiario-00.jpg\",\"datePublished\":\"2022-03-26T10:51:01+00:00\",\"breadcrumb\":{\"@id\":\"https:\\\/\\\/fmsb.eu\\\/de\\\/2022\\\/03\\\/26\\\/divide-y-pagaras-hacienda-jorge-sainz-de-baranda\\\/#breadcrumb\"},\"inLanguage\":\"de\",\"potentialAction\":[{\"@type\":\"ReadAction\",\"target\":[\"https:\\\/\\\/fmsb.eu\\\/de\\\/2022\\\/03\\\/26\\\/divide-y-pagaras-hacienda-jorge-sainz-de-baranda\\\/\"]}]},{\"@type\":\"ImageObject\",\"inLanguage\":\"de\",\"@id\":\"https:\\\/\\\/fmsb.eu\\\/de\\\/2022\\\/03\\\/26\\\/divide-y-pagaras-hacienda-jorge-sainz-de-baranda\\\/#primaryimage\",\"url\":\"https:\\\/\\\/fmsb.eu\\\/wp-content\\\/uploads\\\/2022\\\/03\\\/FMSB-Abogados-Jorge-Sainz-de-Baranda-Divide-y-Pagaras-que-dijo-Hacienda-Mallorcadiario-00.jpg\",\"contentUrl\":\"https:\\\/\\\/fmsb.eu\\\/wp-content\\\/uploads\\\/2022\\\/03\\\/FMSB-Abogados-Jorge-Sainz-de-Baranda-Divide-y-Pagaras-que-dijo-Hacienda-Mallorcadiario-00.jpg\",\"width\":1600,\"height\":1200},{\"@type\":\"BreadcrumbList\",\"@id\":\"https:\\\/\\\/fmsb.eu\\\/de\\\/2022\\\/03\\\/26\\\/divide-y-pagaras-hacienda-jorge-sainz-de-baranda\\\/#breadcrumb\",\"itemListElement\":[{\"@type\":\"ListItem\",\"position\":1,\"name\":\"Portada\",\"item\":\"https:\\\/\\\/fmsb.eu\\\/de\\\/\"},{\"@type\":\"ListItem\",\"position\":2,\"name\":\"&#8222;Divide y pagar\u00e1s&#8220;, que dijo Hacienda, art\u00edculo de opini\u00f3n de Jorge S\u00e1inz de Baranda en Mallorcadiario\"}]},{\"@type\":\"WebSite\",\"@id\":\"https:\\\/\\\/fmsb.eu\\\/de\\\/#website\",\"url\":\"https:\\\/\\\/fmsb.eu\\\/de\\\/\",\"name\":\"FMSB Abogados y Economistas en Baleares\",\"description\":\"\",\"publisher\":{\"@id\":\"https:\\\/\\\/fmsb.eu\\\/de\\\/#organization\"},\"potentialAction\":[{\"@type\":\"SearchAction\",\"target\":{\"@type\":\"EntryPoint\",\"urlTemplate\":\"https:\\\/\\\/fmsb.eu\\\/de\\\/?s={search_term_string}\"},\"query-input\":{\"@type\":\"PropertyValueSpecification\",\"valueRequired\":true,\"valueName\":\"search_term_string\"}}],\"inLanguage\":\"de\"},{\"@type\":\"Organization\",\"@id\":\"https:\\\/\\\/fmsb.eu\\\/de\\\/#organization\",\"name\":\"FMSB Abogados y Economistas en Baleares\",\"url\":\"https:\\\/\\\/fmsb.eu\\\/de\\\/\",\"logo\":{\"@type\":\"ImageObject\",\"inLanguage\":\"de\",\"@id\":\"https:\\\/\\\/fmsb.eu\\\/de\\\/#\\\/schema\\\/logo\\\/image\\\/\",\"url\":\"https:\\\/\\\/fmsb.eu\\\/wp-content\\\/uploads\\\/2025\\\/02\\\/logo.svg\",\"contentUrl\":\"https:\\\/\\\/fmsb.eu\\\/wp-content\\\/uploads\\\/2025\\\/02\\\/logo.svg\",\"width\":154,\"height\":52,\"caption\":\"FMSB Abogados y Economistas en Baleares\"},\"image\":{\"@id\":\"https:\\\/\\\/fmsb.eu\\\/de\\\/#\\\/schema\\\/logo\\\/image\\\/\"}},{\"@type\":\"Person\",\"@id\":\"https:\\\/\\\/fmsb.eu\\\/de\\\/#\\\/schema\\\/person\\\/9fba7c70814b0cd34d35d655d36a4ca2\",\"name\":\"fmsb\",\"image\":{\"@type\":\"ImageObject\",\"inLanguage\":\"de\",\"@id\":\"https:\\\/\\\/secure.gravatar.com\\\/avatar\\\/426f4d5b0ebcace85460caf87cdaaa193694b611e990615d87a13f322fb7ee7f?s=96&d=mm&r=g\",\"url\":\"https:\\\/\\\/secure.gravatar.com\\\/avatar\\\/426f4d5b0ebcace85460caf87cdaaa193694b611e990615d87a13f322fb7ee7f?s=96&d=mm&r=g\",\"contentUrl\":\"https:\\\/\\\/secure.gravatar.com\\\/avatar\\\/426f4d5b0ebcace85460caf87cdaaa193694b611e990615d87a13f322fb7ee7f?s=96&d=mm&r=g\",\"caption\":\"fmsb\"},\"sameAs\":[\"https:\\\/\\\/x.com\\\/fmsb-disstint\"],\"url\":\"https:\\\/\\\/fmsb.eu\\\/de\\\/author\\\/fmsb\\\/\"}]}<\/script>\n<!-- \/ Yoast SEO plugin. -->","yoast_head_json":{"title":"\"Divide y pagar\u00e1s\", que dijo Hacienda, art\u00edculo de opini\u00f3n de Jorge S\u00e1inz de Baranda en Mallorcadiario - FMSB Abogados y Economistas en Baleares","robots":{"index":"index","follow":"follow","max-snippet":"max-snippet:-1","max-image-preview":"max-image-preview:large","max-video-preview":"max-video-preview:-1"},"canonical":"https:\/\/fmsb.eu\/de\/2022\/03\/26\/divide-y-pagaras-hacienda-jorge-sainz-de-baranda\/","og_locale":"de_DE","og_type":"article","og_title":"\"Divide y pagar\u00e1s\", que dijo Hacienda, art\u00edculo de opini\u00f3n de Jorge S\u00e1inz de Baranda en Mallorcadiario - FMSB Abogados y Economistas en Baleares","og_description":"&nbsp; mallorcadiario.com\u00a0 Opini\u00f3n DOMINGO 27 DE MARZO DE 2022 DOMINGO 25 DE OCTUBRE DE 2020 &#8222;Divide y pagar\u00e1s&#8220;, que dijo Hacienda Por\u00a0Jorge S\u00e1inz de Baranda M\u00c1S ART\u00cdCULOS DEL AUTOR \u00a0 La expresi\u00f3n \u00abdivide y vencer\u00e1s\u00bb (divide et impera), es una frase de dudoso origen, atribuida de manera generalizada al emperador romano Julio C\u00e9sar, y que [&hellip;]","og_url":"https:\/\/fmsb.eu\/de\/2022\/03\/26\/divide-y-pagaras-hacienda-jorge-sainz-de-baranda\/","og_site_name":"FMSB Abogados y Economistas en Baleares","article_published_time":"2022-03-26T10:51:01+00:00","og_image":[{"width":1600,"height":1200,"url":"https:\/\/fmsb.eu\/wp-content\/uploads\/2022\/03\/FMSB-Abogados-Jorge-Sainz-de-Baranda-Divide-y-Pagaras-que-dijo-Hacienda-Mallorcadiario-00.jpg","type":"image\/jpeg"}],"author":"fmsb","twitter_card":"summary_large_image","twitter_creator":"@fmsb-disstint","twitter_misc":{"Verfasst von":"fmsb","Gesch\u00e4tzte Lesezeit":"5\u00a0Minuten"},"schema":{"@context":"https:\/\/schema.org","@graph":[{"@type":"Article","@id":"https:\/\/fmsb.eu\/de\/2022\/03\/26\/divide-y-pagaras-hacienda-jorge-sainz-de-baranda\/#article","isPartOf":{"@id":"https:\/\/fmsb.eu\/de\/2022\/03\/26\/divide-y-pagaras-hacienda-jorge-sainz-de-baranda\/"},"author":{"name":"fmsb","@id":"https:\/\/fmsb.eu\/de\/#\/schema\/person\/9fba7c70814b0cd34d35d655d36a4ca2"},"headline":"&#8222;Divide y pagar\u00e1s&#8220;, que dijo Hacienda, art\u00edculo de opini\u00f3n de Jorge S\u00e1inz de Baranda en Mallorcadiario","datePublished":"2022-03-26T10:51:01+00:00","mainEntityOfPage":{"@id":"https:\/\/fmsb.eu\/de\/2022\/03\/26\/divide-y-pagaras-hacienda-jorge-sainz-de-baranda\/"},"wordCount":974,"publisher":{"@id":"https:\/\/fmsb.eu\/de\/#organization"},"image":{"@id":"https:\/\/fmsb.eu\/de\/2022\/03\/26\/divide-y-pagaras-hacienda-jorge-sainz-de-baranda\/#primaryimage"},"thumbnailUrl":"https:\/\/fmsb.eu\/wp-content\/uploads\/2022\/03\/FMSB-Abogados-Jorge-Sainz-de-Baranda-Divide-y-Pagaras-que-dijo-Hacienda-Mallorcadiario-00.jpg","keywords":["abogados","administraci\u00f3n tributaria","administraciones tributarias","aeat","agencia tributaria","antifraude","articulos","asesores","ATIB","baleares","blanqueo","blanqueo de capitales","campa\u00f1a de la renta","campa\u00f1a irpf","catastro","comunidad aut\u00f3noma","declaraci\u00f3n de inconstitucionalidad","declaraci\u00f3n de nulidad","derecho de la uni\u00f3n europea","derecho fiscal","derecho tributario","dgt","direcci\u00f3n general de tributos","direcci\u00f3n general del catastro","economistas","el arenal","extranjeros","fmsb","fraude fiscal","Hacienda","herencias","ibi","ibiza","illes balears","impuesto de sucesiones","impuestos","incremento del valor de los terrenos de naturaleza urbana","IRPF","jorge sainz de baranda","law","lawyers","ley antifraude","mallorca","mallorcadiario","Manacor","menorca","modelo 720","obligado tributario","opinion","Palma","plan anual de control tributario","plusval\u00eda","port d&#8217;andratx","prespuestos generales del estado","presupuestos 2021","prevenci\u00f3n","propuestas","puerto de andratx","recargo","reforma","residentes fiscales","solicitors","sucesiones y donaciones","tasa amazon","testador","tributos","ue","valor de referencia catastral"],"articleSection":["blog","Derecho Fiscal","Opini\u00f3n"],"inLanguage":"de"},{"@type":"WebPage","@id":"https:\/\/fmsb.eu\/de\/2022\/03\/26\/divide-y-pagaras-hacienda-jorge-sainz-de-baranda\/","url":"https:\/\/fmsb.eu\/de\/2022\/03\/26\/divide-y-pagaras-hacienda-jorge-sainz-de-baranda\/","name":"\"Divide y pagar\u00e1s\", que dijo Hacienda, art\u00edculo de opini\u00f3n de Jorge S\u00e1inz de Baranda en Mallorcadiario - FMSB Abogados y Economistas en Baleares","isPartOf":{"@id":"https:\/\/fmsb.eu\/de\/#website"},"primaryImageOfPage":{"@id":"https:\/\/fmsb.eu\/de\/2022\/03\/26\/divide-y-pagaras-hacienda-jorge-sainz-de-baranda\/#primaryimage"},"image":{"@id":"https:\/\/fmsb.eu\/de\/2022\/03\/26\/divide-y-pagaras-hacienda-jorge-sainz-de-baranda\/#primaryimage"},"thumbnailUrl":"https:\/\/fmsb.eu\/wp-content\/uploads\/2022\/03\/FMSB-Abogados-Jorge-Sainz-de-Baranda-Divide-y-Pagaras-que-dijo-Hacienda-Mallorcadiario-00.jpg","datePublished":"2022-03-26T10:51:01+00:00","breadcrumb":{"@id":"https:\/\/fmsb.eu\/de\/2022\/03\/26\/divide-y-pagaras-hacienda-jorge-sainz-de-baranda\/#breadcrumb"},"inLanguage":"de","potentialAction":[{"@type":"ReadAction","target":["https:\/\/fmsb.eu\/de\/2022\/03\/26\/divide-y-pagaras-hacienda-jorge-sainz-de-baranda\/"]}]},{"@type":"ImageObject","inLanguage":"de","@id":"https:\/\/fmsb.eu\/de\/2022\/03\/26\/divide-y-pagaras-hacienda-jorge-sainz-de-baranda\/#primaryimage","url":"https:\/\/fmsb.eu\/wp-content\/uploads\/2022\/03\/FMSB-Abogados-Jorge-Sainz-de-Baranda-Divide-y-Pagaras-que-dijo-Hacienda-Mallorcadiario-00.jpg","contentUrl":"https:\/\/fmsb.eu\/wp-content\/uploads\/2022\/03\/FMSB-Abogados-Jorge-Sainz-de-Baranda-Divide-y-Pagaras-que-dijo-Hacienda-Mallorcadiario-00.jpg","width":1600,"height":1200},{"@type":"BreadcrumbList","@id":"https:\/\/fmsb.eu\/de\/2022\/03\/26\/divide-y-pagaras-hacienda-jorge-sainz-de-baranda\/#breadcrumb","itemListElement":[{"@type":"ListItem","position":1,"name":"Portada","item":"https:\/\/fmsb.eu\/de\/"},{"@type":"ListItem","position":2,"name":"&#8222;Divide y pagar\u00e1s&#8220;, que dijo Hacienda, art\u00edculo de opini\u00f3n de Jorge S\u00e1inz de Baranda en Mallorcadiario"}]},{"@type":"WebSite","@id":"https:\/\/fmsb.eu\/de\/#website","url":"https:\/\/fmsb.eu\/de\/","name":"FMSB Abogados y Economistas en Baleares","description":"","publisher":{"@id":"https:\/\/fmsb.eu\/de\/#organization"},"potentialAction":[{"@type":"SearchAction","target":{"@type":"EntryPoint","urlTemplate":"https:\/\/fmsb.eu\/de\/?s={search_term_string}"},"query-input":{"@type":"PropertyValueSpecification","valueRequired":true,"valueName":"search_term_string"}}],"inLanguage":"de"},{"@type":"Organization","@id":"https:\/\/fmsb.eu\/de\/#organization","name":"FMSB Abogados y Economistas en Baleares","url":"https:\/\/fmsb.eu\/de\/","logo":{"@type":"ImageObject","inLanguage":"de","@id":"https:\/\/fmsb.eu\/de\/#\/schema\/logo\/image\/","url":"https:\/\/fmsb.eu\/wp-content\/uploads\/2025\/02\/logo.svg","contentUrl":"https:\/\/fmsb.eu\/wp-content\/uploads\/2025\/02\/logo.svg","width":154,"height":52,"caption":"FMSB Abogados y Economistas en Baleares"},"image":{"@id":"https:\/\/fmsb.eu\/de\/#\/schema\/logo\/image\/"}},{"@type":"Person","@id":"https:\/\/fmsb.eu\/de\/#\/schema\/person\/9fba7c70814b0cd34d35d655d36a4ca2","name":"fmsb","image":{"@type":"ImageObject","inLanguage":"de","@id":"https:\/\/secure.gravatar.com\/avatar\/426f4d5b0ebcace85460caf87cdaaa193694b611e990615d87a13f322fb7ee7f?s=96&d=mm&r=g","url":"https:\/\/secure.gravatar.com\/avatar\/426f4d5b0ebcace85460caf87cdaaa193694b611e990615d87a13f322fb7ee7f?s=96&d=mm&r=g","contentUrl":"https:\/\/secure.gravatar.com\/avatar\/426f4d5b0ebcace85460caf87cdaaa193694b611e990615d87a13f322fb7ee7f?s=96&d=mm&r=g","caption":"fmsb"},"sameAs":["https:\/\/x.com\/fmsb-disstint"],"url":"https:\/\/fmsb.eu\/de\/author\/fmsb\/"}]}},"_links":{"self":[{"href":"https:\/\/fmsb.eu\/de\/wp-json\/wp\/v2\/posts\/11427","targetHints":{"allow":["GET"]}}],"collection":[{"href":"https:\/\/fmsb.eu\/de\/wp-json\/wp\/v2\/posts"}],"about":[{"href":"https:\/\/fmsb.eu\/de\/wp-json\/wp\/v2\/types\/post"}],"author":[{"embeddable":true,"href":"https:\/\/fmsb.eu\/de\/wp-json\/wp\/v2\/users\/2"}],"replies":[{"embeddable":true,"href":"https:\/\/fmsb.eu\/de\/wp-json\/wp\/v2\/comments?post=11427"}],"version-history":[{"count":0,"href":"https:\/\/fmsb.eu\/de\/wp-json\/wp\/v2\/posts\/11427\/revisions"}],"wp:featuredmedia":[{"embeddable":true,"href":"https:\/\/fmsb.eu\/de\/wp-json\/wp\/v2\/media\/9721"}],"wp:attachment":[{"href":"https:\/\/fmsb.eu\/de\/wp-json\/wp\/v2\/media?parent=11427"}],"wp:term":[{"taxonomy":"category","embeddable":true,"href":"https:\/\/fmsb.eu\/de\/wp-json\/wp\/v2\/categories?post=11427"},{"taxonomy":"post_tag","embeddable":true,"href":"https:\/\/fmsb.eu\/de\/wp-json\/wp\/v2\/tags?post=11427"}],"curies":[{"name":"wp","href":"https:\/\/api.w.org\/{rel}","templated":true}]}}