{"id":11431,"date":"2022-03-23T08:59:20","date_gmt":"2022-03-23T07:59:20","guid":{"rendered":"http:\/\/fmsb.disstintbeta.com\/2022\/03\/23\/el-proximo-mayo-tendra-lugar-el-curso-practico-del-impuesto-de-sociedades-en-la-caeb-con-los-socios-neus-bou-jorge-sainz-de-baranda-y-guillermo-mir-como-ponentes\/"},"modified":"2022-03-23T08:59:20","modified_gmt":"2022-03-23T07:59:20","slug":"el-proximo-mayo-tendra-lugar-el-curso-practico-del-impuesto-de-sociedades-en-la-caeb-con-los-socios-neus-bou-jorge-sainz-de-baranda-y-guillermo-mir-como-ponentes","status":"publish","type":"post","link":"https:\/\/fmsb.eu\/de\/2022\/03\/23\/el-proximo-mayo-tendra-lugar-el-curso-practico-del-impuesto-de-sociedades-en-la-caeb-con-los-socios-neus-bou-jorge-sainz-de-baranda-y-guillermo-mir-como-ponentes\/","title":{"rendered":"El pr\u00f3ximo mayo tendr\u00e1 lugar el Curso pr\u00e1ctico del Impuesto de Sociedades en la CAEB con los socios Neus Bou, Jorge Sainz de Baranda y Guillermo Mir como ponentes. Reserva ya tu plaza"},"content":{"rendered":"<p><a href=\"https:\/\/fmsb.s3.eu-west-1.amazonaws.com\/wp-content\/uploads\/2022\/03\/23085429\/CURSO-PRACTICO-DEL-IMPUESTO-DE-SOCIEDADES-CAEB-FMSB-ABOGADOS-FORMACION.jpg\"><img fetchpriority=\"high\" decoding=\"async\" class=\"alignnone wp-image-5864\" src=\"http:\/\/fmsb.disstintbeta.com\/wp-content\/uploads\/2022\/03\/CURSO-PRACTICO-DEL-IMPUESTO-DE-SOCIEDADES-CAEB-FMSB-ABOGADOS-FORMACION.jpg\" alt=\"\" width=\"1200\" height=\"845\" srcset=\"https:\/\/font-mora-sainz-baranda.fra1.digitaloceanspaces.com\/wp-content\/uploads\/2022\/03\/CURSO-PRACTICO-DEL-IMPUESTO-DE-SOCIEDADES-CAEB-FMSB-ABOGADOS-FORMACION.jpg 900w, https:\/\/font-mora-sainz-baranda.fra1.digitaloceanspaces.com\/wp-content\/uploads\/2022\/03\/CURSO-PRACTICO-DEL-IMPUESTO-DE-SOCIEDADES-CAEB-FMSB-ABOGADOS-FORMACION-300x211.jpg 300w, https:\/\/font-mora-sainz-baranda.fra1.digitaloceanspaces.com\/wp-content\/uploads\/2022\/03\/CURSO-PRACTICO-DEL-IMPUESTO-DE-SOCIEDADES-CAEB-FMSB-ABOGADOS-FORMACION-768x541.jpg 768w\" sizes=\"(max-width: 1200px) 100vw, 1200px\" \/><\/a><\/p>\n<p>&nbsp;<\/p>\n<h1><\/h1>\n<h1><em>Curso pr\u00e1ctico del Impuesto de Sociedades en la CAEB<\/em><\/h1>\n<p>\u00bfNo crees que con un mayor conocimiento del impuesto de Sociedades podr\u00e1s tomar decisiones m\u00e1s beneficiosas, tanto fiscales como financieras, en tu profesi\u00f3n o empresa?<\/p>\n<p>Nosotros estamos seguros de que es as\u00ed y por eso te invitamos participar en el ????? ??\u00c1????? ??? ???????? ?? ?????????? que tendr\u00e1 lugar en la CAEB a partir del 17 de mayo pr\u00f3ximo y que contar\u00e1 como ponentes con profesionales especializados en la materia como son los socios de <strong>Font Mora Sainz de Baranda<\/strong> Neus Bou y Guillermo Mir -economistas- y Jorge Sainz de Baranda -abogado-.<\/p>\n<p>&nbsp;<\/p>\n<p style=\"text-align: left;\"><a href=\"https:\/\/www.caeb.es\/wp-content\/uploads\/2022\/03\/Curso-pr%C3%A1ct-impuesto-socied-17may.pdf\"><strong><span style=\"color: #ff6600;\">DESCARGAR PROGRAMA<\/span><\/strong><\/a><strong>\u00a0<\/strong><\/p>\n<p style=\"text-align: left;\"><a href=\"https:\/\/form.jotform.com\/83442585651967\"><strong>INSCRIPCI\u00d3N CLICK AQU\u00cd<\/strong><\/a><\/p>\n<h2><\/h2>\n<p>&nbsp;<\/p>\n<h2><strong><u>Presentaci\u00f3n<\/u><\/strong><\/h2>\n<p>En este curso se va a exponer y explicar el impuesto sobre sociedades de forma clara, pr\u00e1ctica y sencilla tal y como se regula en la Ley del Impuesto de Sociedades (Ley 27\/2014, de 27 de noviembre)<\/p>\n<h2><strong><u>Objetivos<\/u><\/strong><\/h2>\n<p>Obtener por parte del alumno un conocimiento del impuesto que le posibilite adoptar las decisiones fiscales-financieras m\u00e1s adecuadas en su entorno profesional o empresarial.<\/p>\n<h2><strong><u>Contenidos<\/u><\/strong><\/h2>\n<ol>\n<li>Conceptos b\u00e1sicos: Base imponible, cuota \u00edntegra, cuota l\u00edquida y cuota diferencial<\/li>\n<li>Posibilidad de la devoluci\u00f3n de impuestos<\/li>\n<li>Retenciones y pagos a cuenta. Opciones y plazos para ejercitarlas.<\/li>\n<li>Ajustes y Diferencias permanentes<\/li>\n<li>Bonificaciones y deducciones. Posible aprovechamiento.<\/li>\n<li>Bases imponibles negativas<\/li>\n<li>Reserva de nivelaci\u00f3n y reserva de capitalizaci\u00f3n<\/li>\n<li>Correcciones de valor. Amortizaciones y deterioros.<\/li>\n<li>Provisiones y otros gastos<\/li>\n<li>Incentivos fiscales para empresas de reducida dimensi\u00f3n.<\/li>\n<li>Actividades de I + D<\/li>\n<li>Operaciones vinculadas<\/li>\n<li>Doble imposici\u00f3n<\/li>\n<li>Deducciones<\/li>\n<\/ol>\n<h2><strong><u>Destinatarios<\/u><\/strong><\/h2>\n<p>Personal de la empresa con responsabilidad en temas fiscales y financieros. En general, resultar\u00e1 de inter\u00e9s a todas aquellas personas que deseen adquirir conocimientos pr\u00e1cticos sobre el Impuesto de Sociedades<\/p>\n<h2><strong><u>Ponentes<\/u><\/strong><\/h2>\n<ul>\n<li><strong>Jorge Sainz de Baranda.\u00a0<\/strong>Abogado. Ex subinspector de tributos de la CAIB. Ex director general de Tributos. Ejercicio profesional en el sector privado en Auren, Pricewaterhouse y, actualmente, socio en <strong>FONT MORA SAINZ DE BARAND<\/strong>A.<\/li>\n<li><strong>Neus Bou Barbosa.<\/strong>\u00a0Economista. Auditor- censor jurado de cuentas. Contadora del Colegio de Auditores de Baleares. Socio en <strong>FONT MORA SAINZ DE BARANDA<\/strong>.<\/li>\n<li><strong>Guillermo Mir Bestard.<\/strong>\u00a0Economista. Asesor fiscal. Ejercicio profesional en Garrigues y Deloitte. Actualmente socio en en <strong>FONT MORA SAINZ DE BARANDA<\/strong>.<\/li>\n<\/ul>\n<h2><strong><u>Horario<\/u><\/strong><\/h2>\n<p>Martes y jueves de 16.30h a 19.30h.<\/p>\n<h2><strong><u>Metodolog\u00eda<\/u><\/strong><\/h2>\n<p>Te\u00f3rico \u2013pr\u00e1ctica basada en: Formaci\u00f3n presencial, Exposici\u00f3n oral, respaldada por presentaci\u00f3n. Realizaci\u00f3n de casos pr\u00e1cticos<\/p>\n<h2><strong><u>Requisitos y\/o documentaci\u00f3n a presentar por los participantes<\/u><\/strong><\/h2>\n<p><strong>Antes del inicio del curso<\/strong>: Solicitud de participaci\u00f3n.<\/p>\n<p>Si desea que BSEF realice los tr\u00e1mites para la bonificaci\u00f3n de la formaci\u00f3n deber\u00e1 entregar los datos y convenio de Agrupaci\u00f3n de empresa debidamente cumplimentado con un m\u00ednimo de 3 d\u00edas antes del inicio del curso.<\/p>\n<h2><strong><u>Titulaciones<\/u><\/strong><\/h2>\n<p>Los alumnos al finalizar el curso recibir\u00e1n un certificado acreditativo de su participaci\u00f3n en el mismo, expedido por BSEF, empresa autorizada a tal fin.<\/p>\n<h2><strong><u>Cuota de inscripci\u00f3n:<\/u><\/strong><\/h2>\n<p><strong>234\u20ac<\/strong>\u00a0(<strong>222\u20ac<\/strong> para asociados a la CAEB y desempleados) antes del inicio del curso e incluye la asistencia a las sesiones y documentaci\u00f3n. Si la empresa dispone de cr\u00e9dito formativo, BSEF incluye en este precio la gesti\u00f3n de la bonificaci\u00f3n ante la Fundaci\u00f3n Estatal para la Formaci\u00f3n en el Empleo. El pago ser\u00e1 imprescindible para la realizaci\u00f3n de los tr\u00e1mites necesarios para la posterior bonificaci\u00f3n de dichas actuaciones por parte de la empresa.\u00a0<strong>100% bonificable.<\/strong><\/p>\n<p>Lugar de realizaci\u00f3n: C\/ Arag\u00f3n, 215, 1\u00aa planta. 07008\u00a0 Palma de Mallorca Tel.971 70 60 08<\/p>\n<p><a href=\"mailto:formacion@caeb.es\"><strong>formacion@caeb.es<\/strong><\/a><strong>\u00a0\u00a0\u00a0\u00a0\u00a0\u00a0<\/strong><a href=\"http:\/\/www.caeb.es\/\"><strong>www.caeb.es<\/strong><\/a>\/formacion<\/p>\n<p>&nbsp;<\/p>\n<p style=\"text-align: left;\"><span style=\"color: #ff6600;\"><a style=\"color: #ff6600;\" href=\"https:\/\/www.caeb.es\/wp-content\/uploads\/2022\/03\/Curso-pr%C3%A1ct-impuesto-socied-17may.pdf\"><strong>DESCARGAR PROGRAMA<\/strong><\/a><strong>\u00a0<\/strong><\/span><\/p>\n<p style=\"text-align: left;\"><a href=\"https:\/\/form.jotform.com\/83442585651967\"><strong>INSCRIPCI\u00d3N CLICK AQU\u00cd<\/strong><\/a><\/p>\n<p>&nbsp;<\/p>\n<p>&nbsp;<\/p>\n<hr \/>\n<p>#fmsb #abogados #economistas #formaci\u00f3n #caeb #impuestos #sociedades #fiscalidad #tributaci\u00f3n #palma #baleares<\/p>\n","protected":false},"excerpt":{"rendered":"<p>&nbsp; Curso pr\u00e1ctico del Impuesto de Sociedades en la CAEB \u00bfNo crees que con un mayor conocimiento del impuesto de Sociedades podr\u00e1s tomar decisiones m\u00e1s beneficiosas, tanto fiscales como financieras, en tu profesi\u00f3n o empresa? Nosotros estamos seguros de que es as\u00ed y por eso te invitamos participar en el ????? ??\u00c1????? ??? ???????? ?? [&hellip;]<\/p>\n","protected":false},"author":2,"featured_media":9717,"comment_status":"closed","ping_status":"open","sticky":false,"template":"","format":"standard","meta":{"footnotes":""},"categories":[2198,2199,5196,2202],"tags":[],"class_list":["post-11431","post","type-post","status-publish","format-standard","has-post-thumbnail","hentry","category-actualidad-de","category-blog-de","category-formacion-de","category-home-de"],"yoast_head":"<!-- This site is optimized with the Yoast SEO plugin v27.3 - https:\/\/yoast.com\/product\/yoast-seo-wordpress\/ -->\n<title>El pr\u00f3ximo mayo tendr\u00e1 lugar el Curso pr\u00e1ctico del Impuesto de Sociedades en la CAEB con los socios Neus Bou, Jorge Sainz de Baranda y Guillermo Mir como ponentes. Reserva ya tu plaza - FMSB Abogados y Economistas en Baleares<\/title>\n<meta name=\"robots\" content=\"index, follow, max-snippet:-1, max-image-preview:large, max-video-preview:-1\" \/>\n<link rel=\"canonical\" href=\"https:\/\/fmsb.eu\/de\/2022\/03\/23\/el-proximo-mayo-tendra-lugar-el-curso-practico-del-impuesto-de-sociedades-en-la-caeb-con-los-socios-neus-bou-jorge-sainz-de-baranda-y-guillermo-mir-como-ponentes\/\" \/>\n<meta property=\"og:locale\" content=\"de_DE\" \/>\n<meta property=\"og:type\" content=\"article\" \/>\n<meta property=\"og:title\" content=\"El pr\u00f3ximo mayo tendr\u00e1 lugar el Curso pr\u00e1ctico del Impuesto de Sociedades en la CAEB con los socios Neus Bou, Jorge Sainz de Baranda y Guillermo Mir como ponentes. Reserva ya tu plaza - FMSB Abogados y Economistas en Baleares\" \/>\n<meta property=\"og:description\" content=\"&nbsp; Curso pr\u00e1ctico del Impuesto de Sociedades en la CAEB \u00bfNo crees que con un mayor conocimiento del impuesto de Sociedades podr\u00e1s tomar decisiones m\u00e1s beneficiosas, tanto fiscales como financieras, en tu profesi\u00f3n o empresa? Nosotros estamos seguros de que es as\u00ed y por eso te invitamos participar en el ????? ??\u00c1????? ??? ???????? ?? [&hellip;]\" \/>\n<meta property=\"og:url\" content=\"https:\/\/fmsb.eu\/de\/2022\/03\/23\/el-proximo-mayo-tendra-lugar-el-curso-practico-del-impuesto-de-sociedades-en-la-caeb-con-los-socios-neus-bou-jorge-sainz-de-baranda-y-guillermo-mir-como-ponentes\/\" \/>\n<meta property=\"og:site_name\" content=\"FMSB Abogados y Economistas en Baleares\" \/>\n<meta property=\"article:published_time\" content=\"2022-03-23T07:59:20+00:00\" \/>\n<meta property=\"og:image\" content=\"https:\/\/fmsb.eu\/wp-content\/uploads\/2022\/03\/CURSO-PRACTICO-DEL-IMPUESTO-DE-SOCIEDADES-CAEB-FMSB-ABOGADOS-FORMACION.jpg\" \/>\n\t<meta property=\"og:image:width\" content=\"900\" \/>\n\t<meta property=\"og:image:height\" content=\"634\" \/>\n\t<meta property=\"og:image:type\" content=\"image\/jpeg\" \/>\n<meta name=\"author\" content=\"fmsb\" \/>\n<meta name=\"twitter:card\" content=\"summary_large_image\" \/>\n<meta name=\"twitter:creator\" content=\"@fmsb-disstint\" \/>\n<meta name=\"twitter:label1\" content=\"Verfasst von\" \/>\n\t<meta name=\"twitter:data1\" content=\"fmsb\" \/>\n\t<meta name=\"twitter:label2\" content=\"Gesch\u00e4tzte Lesezeit\" \/>\n\t<meta name=\"twitter:data2\" content=\"3\u00a0Minuten\" \/>\n<script type=\"application\/ld+json\" class=\"yoast-schema-graph\">{\"@context\":\"https:\\\/\\\/schema.org\",\"@graph\":[{\"@type\":\"Article\",\"@id\":\"https:\\\/\\\/fmsb.eu\\\/de\\\/2022\\\/03\\\/23\\\/el-proximo-mayo-tendra-lugar-el-curso-practico-del-impuesto-de-sociedades-en-la-caeb-con-los-socios-neus-bou-jorge-sainz-de-baranda-y-guillermo-mir-como-ponentes\\\/#article\",\"isPartOf\":{\"@id\":\"https:\\\/\\\/fmsb.eu\\\/de\\\/2022\\\/03\\\/23\\\/el-proximo-mayo-tendra-lugar-el-curso-practico-del-impuesto-de-sociedades-en-la-caeb-con-los-socios-neus-bou-jorge-sainz-de-baranda-y-guillermo-mir-como-ponentes\\\/\"},\"author\":{\"name\":\"fmsb\",\"@id\":\"https:\\\/\\\/fmsb.eu\\\/de\\\/#\\\/schema\\\/person\\\/9fba7c70814b0cd34d35d655d36a4ca2\"},\"headline\":\"El pr\u00f3ximo mayo tendr\u00e1 lugar el Curso pr\u00e1ctico del Impuesto de Sociedades en la CAEB con los socios Neus Bou, Jorge Sainz de Baranda y Guillermo Mir como ponentes. Reserva ya tu plaza\",\"datePublished\":\"2022-03-23T07:59:20+00:00\",\"mainEntityOfPage\":{\"@id\":\"https:\\\/\\\/fmsb.eu\\\/de\\\/2022\\\/03\\\/23\\\/el-proximo-mayo-tendra-lugar-el-curso-practico-del-impuesto-de-sociedades-en-la-caeb-con-los-socios-neus-bou-jorge-sainz-de-baranda-y-guillermo-mir-como-ponentes\\\/\"},\"wordCount\":645,\"publisher\":{\"@id\":\"https:\\\/\\\/fmsb.eu\\\/de\\\/#organization\"},\"image\":{\"@id\":\"https:\\\/\\\/fmsb.eu\\\/de\\\/2022\\\/03\\\/23\\\/el-proximo-mayo-tendra-lugar-el-curso-practico-del-impuesto-de-sociedades-en-la-caeb-con-los-socios-neus-bou-jorge-sainz-de-baranda-y-guillermo-mir-como-ponentes\\\/#primaryimage\"},\"thumbnailUrl\":\"https:\\\/\\\/fmsb.eu\\\/wp-content\\\/uploads\\\/2022\\\/03\\\/CURSO-PRACTICO-DEL-IMPUESTO-DE-SOCIEDADES-CAEB-FMSB-ABOGADOS-FORMACION.jpg\",\"articleSection\":[\"actualidad\",\"blog\",\"formaci\u00f3n\",\"Home\"],\"inLanguage\":\"de\"},{\"@type\":\"WebPage\",\"@id\":\"https:\\\/\\\/fmsb.eu\\\/de\\\/2022\\\/03\\\/23\\\/el-proximo-mayo-tendra-lugar-el-curso-practico-del-impuesto-de-sociedades-en-la-caeb-con-los-socios-neus-bou-jorge-sainz-de-baranda-y-guillermo-mir-como-ponentes\\\/\",\"url\":\"https:\\\/\\\/fmsb.eu\\\/de\\\/2022\\\/03\\\/23\\\/el-proximo-mayo-tendra-lugar-el-curso-practico-del-impuesto-de-sociedades-en-la-caeb-con-los-socios-neus-bou-jorge-sainz-de-baranda-y-guillermo-mir-como-ponentes\\\/\",\"name\":\"El pr\u00f3ximo mayo tendr\u00e1 lugar el Curso pr\u00e1ctico del Impuesto de Sociedades en la CAEB con los socios Neus Bou, Jorge Sainz de Baranda y Guillermo Mir como ponentes. Reserva ya tu plaza - FMSB Abogados y Economistas en Baleares\",\"isPartOf\":{\"@id\":\"https:\\\/\\\/fmsb.eu\\\/de\\\/#website\"},\"primaryImageOfPage\":{\"@id\":\"https:\\\/\\\/fmsb.eu\\\/de\\\/2022\\\/03\\\/23\\\/el-proximo-mayo-tendra-lugar-el-curso-practico-del-impuesto-de-sociedades-en-la-caeb-con-los-socios-neus-bou-jorge-sainz-de-baranda-y-guillermo-mir-como-ponentes\\\/#primaryimage\"},\"image\":{\"@id\":\"https:\\\/\\\/fmsb.eu\\\/de\\\/2022\\\/03\\\/23\\\/el-proximo-mayo-tendra-lugar-el-curso-practico-del-impuesto-de-sociedades-en-la-caeb-con-los-socios-neus-bou-jorge-sainz-de-baranda-y-guillermo-mir-como-ponentes\\\/#primaryimage\"},\"thumbnailUrl\":\"https:\\\/\\\/fmsb.eu\\\/wp-content\\\/uploads\\\/2022\\\/03\\\/CURSO-PRACTICO-DEL-IMPUESTO-DE-SOCIEDADES-CAEB-FMSB-ABOGADOS-FORMACION.jpg\",\"datePublished\":\"2022-03-23T07:59:20+00:00\",\"breadcrumb\":{\"@id\":\"https:\\\/\\\/fmsb.eu\\\/de\\\/2022\\\/03\\\/23\\\/el-proximo-mayo-tendra-lugar-el-curso-practico-del-impuesto-de-sociedades-en-la-caeb-con-los-socios-neus-bou-jorge-sainz-de-baranda-y-guillermo-mir-como-ponentes\\\/#breadcrumb\"},\"inLanguage\":\"de\",\"potentialAction\":[{\"@type\":\"ReadAction\",\"target\":[\"https:\\\/\\\/fmsb.eu\\\/de\\\/2022\\\/03\\\/23\\\/el-proximo-mayo-tendra-lugar-el-curso-practico-del-impuesto-de-sociedades-en-la-caeb-con-los-socios-neus-bou-jorge-sainz-de-baranda-y-guillermo-mir-como-ponentes\\\/\"]}]},{\"@type\":\"ImageObject\",\"inLanguage\":\"de\",\"@id\":\"https:\\\/\\\/fmsb.eu\\\/de\\\/2022\\\/03\\\/23\\\/el-proximo-mayo-tendra-lugar-el-curso-practico-del-impuesto-de-sociedades-en-la-caeb-con-los-socios-neus-bou-jorge-sainz-de-baranda-y-guillermo-mir-como-ponentes\\\/#primaryimage\",\"url\":\"https:\\\/\\\/fmsb.eu\\\/wp-content\\\/uploads\\\/2022\\\/03\\\/CURSO-PRACTICO-DEL-IMPUESTO-DE-SOCIEDADES-CAEB-FMSB-ABOGADOS-FORMACION.jpg\",\"contentUrl\":\"https:\\\/\\\/fmsb.eu\\\/wp-content\\\/uploads\\\/2022\\\/03\\\/CURSO-PRACTICO-DEL-IMPUESTO-DE-SOCIEDADES-CAEB-FMSB-ABOGADOS-FORMACION.jpg\",\"width\":900,\"height\":634},{\"@type\":\"BreadcrumbList\",\"@id\":\"https:\\\/\\\/fmsb.eu\\\/de\\\/2022\\\/03\\\/23\\\/el-proximo-mayo-tendra-lugar-el-curso-practico-del-impuesto-de-sociedades-en-la-caeb-con-los-socios-neus-bou-jorge-sainz-de-baranda-y-guillermo-mir-como-ponentes\\\/#breadcrumb\",\"itemListElement\":[{\"@type\":\"ListItem\",\"position\":1,\"name\":\"Portada\",\"item\":\"https:\\\/\\\/fmsb.eu\\\/de\\\/\"},{\"@type\":\"ListItem\",\"position\":2,\"name\":\"El pr\u00f3ximo mayo tendr\u00e1 lugar el Curso pr\u00e1ctico del Impuesto de Sociedades en la CAEB con los socios Neus Bou, Jorge Sainz de Baranda y Guillermo Mir como ponentes. Reserva ya tu plaza\"}]},{\"@type\":\"WebSite\",\"@id\":\"https:\\\/\\\/fmsb.eu\\\/de\\\/#website\",\"url\":\"https:\\\/\\\/fmsb.eu\\\/de\\\/\",\"name\":\"FMSB Abogados y Economistas en Baleares\",\"description\":\"\",\"publisher\":{\"@id\":\"https:\\\/\\\/fmsb.eu\\\/de\\\/#organization\"},\"potentialAction\":[{\"@type\":\"SearchAction\",\"target\":{\"@type\":\"EntryPoint\",\"urlTemplate\":\"https:\\\/\\\/fmsb.eu\\\/de\\\/?s={search_term_string}\"},\"query-input\":{\"@type\":\"PropertyValueSpecification\",\"valueRequired\":true,\"valueName\":\"search_term_string\"}}],\"inLanguage\":\"de\"},{\"@type\":\"Organization\",\"@id\":\"https:\\\/\\\/fmsb.eu\\\/de\\\/#organization\",\"name\":\"FMSB Abogados y Economistas en Baleares\",\"url\":\"https:\\\/\\\/fmsb.eu\\\/de\\\/\",\"logo\":{\"@type\":\"ImageObject\",\"inLanguage\":\"de\",\"@id\":\"https:\\\/\\\/fmsb.eu\\\/de\\\/#\\\/schema\\\/logo\\\/image\\\/\",\"url\":\"https:\\\/\\\/fmsb.eu\\\/wp-content\\\/uploads\\\/2025\\\/02\\\/logo.svg\",\"contentUrl\":\"https:\\\/\\\/fmsb.eu\\\/wp-content\\\/uploads\\\/2025\\\/02\\\/logo.svg\",\"width\":154,\"height\":52,\"caption\":\"FMSB Abogados y Economistas en Baleares\"},\"image\":{\"@id\":\"https:\\\/\\\/fmsb.eu\\\/de\\\/#\\\/schema\\\/logo\\\/image\\\/\"}},{\"@type\":\"Person\",\"@id\":\"https:\\\/\\\/fmsb.eu\\\/de\\\/#\\\/schema\\\/person\\\/9fba7c70814b0cd34d35d655d36a4ca2\",\"name\":\"fmsb\",\"image\":{\"@type\":\"ImageObject\",\"inLanguage\":\"de\",\"@id\":\"https:\\\/\\\/secure.gravatar.com\\\/avatar\\\/426f4d5b0ebcace85460caf87cdaaa193694b611e990615d87a13f322fb7ee7f?s=96&d=mm&r=g\",\"url\":\"https:\\\/\\\/secure.gravatar.com\\\/avatar\\\/426f4d5b0ebcace85460caf87cdaaa193694b611e990615d87a13f322fb7ee7f?s=96&d=mm&r=g\",\"contentUrl\":\"https:\\\/\\\/secure.gravatar.com\\\/avatar\\\/426f4d5b0ebcace85460caf87cdaaa193694b611e990615d87a13f322fb7ee7f?s=96&d=mm&r=g\",\"caption\":\"fmsb\"},\"sameAs\":[\"https:\\\/\\\/x.com\\\/fmsb-disstint\"],\"url\":\"https:\\\/\\\/fmsb.eu\\\/de\\\/author\\\/fmsb\\\/\"}]}<\/script>\n<!-- \/ Yoast SEO plugin. -->","yoast_head_json":{"title":"El pr\u00f3ximo mayo tendr\u00e1 lugar el Curso pr\u00e1ctico del Impuesto de Sociedades en la CAEB con los socios Neus Bou, Jorge Sainz de Baranda y Guillermo Mir como ponentes. Reserva ya tu plaza - FMSB Abogados y Economistas en Baleares","robots":{"index":"index","follow":"follow","max-snippet":"max-snippet:-1","max-image-preview":"max-image-preview:large","max-video-preview":"max-video-preview:-1"},"canonical":"https:\/\/fmsb.eu\/de\/2022\/03\/23\/el-proximo-mayo-tendra-lugar-el-curso-practico-del-impuesto-de-sociedades-en-la-caeb-con-los-socios-neus-bou-jorge-sainz-de-baranda-y-guillermo-mir-como-ponentes\/","og_locale":"de_DE","og_type":"article","og_title":"El pr\u00f3ximo mayo tendr\u00e1 lugar el Curso pr\u00e1ctico del Impuesto de Sociedades en la CAEB con los socios Neus Bou, Jorge Sainz de Baranda y Guillermo Mir como ponentes. Reserva ya tu plaza - FMSB Abogados y Economistas en Baleares","og_description":"&nbsp; Curso pr\u00e1ctico del Impuesto de Sociedades en la CAEB \u00bfNo crees que con un mayor conocimiento del impuesto de Sociedades podr\u00e1s tomar decisiones m\u00e1s beneficiosas, tanto fiscales como financieras, en tu profesi\u00f3n o empresa? Nosotros estamos seguros de que es as\u00ed y por eso te invitamos participar en el ????? ??\u00c1????? ??? ???????? ?? [&hellip;]","og_url":"https:\/\/fmsb.eu\/de\/2022\/03\/23\/el-proximo-mayo-tendra-lugar-el-curso-practico-del-impuesto-de-sociedades-en-la-caeb-con-los-socios-neus-bou-jorge-sainz-de-baranda-y-guillermo-mir-como-ponentes\/","og_site_name":"FMSB Abogados y Economistas en Baleares","article_published_time":"2022-03-23T07:59:20+00:00","og_image":[{"width":900,"height":634,"url":"https:\/\/fmsb.eu\/wp-content\/uploads\/2022\/03\/CURSO-PRACTICO-DEL-IMPUESTO-DE-SOCIEDADES-CAEB-FMSB-ABOGADOS-FORMACION.jpg","type":"image\/jpeg"}],"author":"fmsb","twitter_card":"summary_large_image","twitter_creator":"@fmsb-disstint","twitter_misc":{"Verfasst von":"fmsb","Gesch\u00e4tzte Lesezeit":"3\u00a0Minuten"},"schema":{"@context":"https:\/\/schema.org","@graph":[{"@type":"Article","@id":"https:\/\/fmsb.eu\/de\/2022\/03\/23\/el-proximo-mayo-tendra-lugar-el-curso-practico-del-impuesto-de-sociedades-en-la-caeb-con-los-socios-neus-bou-jorge-sainz-de-baranda-y-guillermo-mir-como-ponentes\/#article","isPartOf":{"@id":"https:\/\/fmsb.eu\/de\/2022\/03\/23\/el-proximo-mayo-tendra-lugar-el-curso-practico-del-impuesto-de-sociedades-en-la-caeb-con-los-socios-neus-bou-jorge-sainz-de-baranda-y-guillermo-mir-como-ponentes\/"},"author":{"name":"fmsb","@id":"https:\/\/fmsb.eu\/de\/#\/schema\/person\/9fba7c70814b0cd34d35d655d36a4ca2"},"headline":"El pr\u00f3ximo mayo tendr\u00e1 lugar el Curso pr\u00e1ctico del Impuesto de Sociedades en la CAEB con los socios Neus Bou, Jorge Sainz de Baranda y Guillermo Mir como ponentes. Reserva ya tu plaza","datePublished":"2022-03-23T07:59:20+00:00","mainEntityOfPage":{"@id":"https:\/\/fmsb.eu\/de\/2022\/03\/23\/el-proximo-mayo-tendra-lugar-el-curso-practico-del-impuesto-de-sociedades-en-la-caeb-con-los-socios-neus-bou-jorge-sainz-de-baranda-y-guillermo-mir-como-ponentes\/"},"wordCount":645,"publisher":{"@id":"https:\/\/fmsb.eu\/de\/#organization"},"image":{"@id":"https:\/\/fmsb.eu\/de\/2022\/03\/23\/el-proximo-mayo-tendra-lugar-el-curso-practico-del-impuesto-de-sociedades-en-la-caeb-con-los-socios-neus-bou-jorge-sainz-de-baranda-y-guillermo-mir-como-ponentes\/#primaryimage"},"thumbnailUrl":"https:\/\/fmsb.eu\/wp-content\/uploads\/2022\/03\/CURSO-PRACTICO-DEL-IMPUESTO-DE-SOCIEDADES-CAEB-FMSB-ABOGADOS-FORMACION.jpg","articleSection":["actualidad","blog","formaci\u00f3n","Home"],"inLanguage":"de"},{"@type":"WebPage","@id":"https:\/\/fmsb.eu\/de\/2022\/03\/23\/el-proximo-mayo-tendra-lugar-el-curso-practico-del-impuesto-de-sociedades-en-la-caeb-con-los-socios-neus-bou-jorge-sainz-de-baranda-y-guillermo-mir-como-ponentes\/","url":"https:\/\/fmsb.eu\/de\/2022\/03\/23\/el-proximo-mayo-tendra-lugar-el-curso-practico-del-impuesto-de-sociedades-en-la-caeb-con-los-socios-neus-bou-jorge-sainz-de-baranda-y-guillermo-mir-como-ponentes\/","name":"El pr\u00f3ximo mayo tendr\u00e1 lugar el Curso pr\u00e1ctico del Impuesto de Sociedades en la CAEB con los socios Neus Bou, Jorge Sainz de Baranda y Guillermo Mir como ponentes. Reserva ya tu plaza - FMSB Abogados y Economistas en Baleares","isPartOf":{"@id":"https:\/\/fmsb.eu\/de\/#website"},"primaryImageOfPage":{"@id":"https:\/\/fmsb.eu\/de\/2022\/03\/23\/el-proximo-mayo-tendra-lugar-el-curso-practico-del-impuesto-de-sociedades-en-la-caeb-con-los-socios-neus-bou-jorge-sainz-de-baranda-y-guillermo-mir-como-ponentes\/#primaryimage"},"image":{"@id":"https:\/\/fmsb.eu\/de\/2022\/03\/23\/el-proximo-mayo-tendra-lugar-el-curso-practico-del-impuesto-de-sociedades-en-la-caeb-con-los-socios-neus-bou-jorge-sainz-de-baranda-y-guillermo-mir-como-ponentes\/#primaryimage"},"thumbnailUrl":"https:\/\/fmsb.eu\/wp-content\/uploads\/2022\/03\/CURSO-PRACTICO-DEL-IMPUESTO-DE-SOCIEDADES-CAEB-FMSB-ABOGADOS-FORMACION.jpg","datePublished":"2022-03-23T07:59:20+00:00","breadcrumb":{"@id":"https:\/\/fmsb.eu\/de\/2022\/03\/23\/el-proximo-mayo-tendra-lugar-el-curso-practico-del-impuesto-de-sociedades-en-la-caeb-con-los-socios-neus-bou-jorge-sainz-de-baranda-y-guillermo-mir-como-ponentes\/#breadcrumb"},"inLanguage":"de","potentialAction":[{"@type":"ReadAction","target":["https:\/\/fmsb.eu\/de\/2022\/03\/23\/el-proximo-mayo-tendra-lugar-el-curso-practico-del-impuesto-de-sociedades-en-la-caeb-con-los-socios-neus-bou-jorge-sainz-de-baranda-y-guillermo-mir-como-ponentes\/"]}]},{"@type":"ImageObject","inLanguage":"de","@id":"https:\/\/fmsb.eu\/de\/2022\/03\/23\/el-proximo-mayo-tendra-lugar-el-curso-practico-del-impuesto-de-sociedades-en-la-caeb-con-los-socios-neus-bou-jorge-sainz-de-baranda-y-guillermo-mir-como-ponentes\/#primaryimage","url":"https:\/\/fmsb.eu\/wp-content\/uploads\/2022\/03\/CURSO-PRACTICO-DEL-IMPUESTO-DE-SOCIEDADES-CAEB-FMSB-ABOGADOS-FORMACION.jpg","contentUrl":"https:\/\/fmsb.eu\/wp-content\/uploads\/2022\/03\/CURSO-PRACTICO-DEL-IMPUESTO-DE-SOCIEDADES-CAEB-FMSB-ABOGADOS-FORMACION.jpg","width":900,"height":634},{"@type":"BreadcrumbList","@id":"https:\/\/fmsb.eu\/de\/2022\/03\/23\/el-proximo-mayo-tendra-lugar-el-curso-practico-del-impuesto-de-sociedades-en-la-caeb-con-los-socios-neus-bou-jorge-sainz-de-baranda-y-guillermo-mir-como-ponentes\/#breadcrumb","itemListElement":[{"@type":"ListItem","position":1,"name":"Portada","item":"https:\/\/fmsb.eu\/de\/"},{"@type":"ListItem","position":2,"name":"El pr\u00f3ximo mayo tendr\u00e1 lugar el Curso pr\u00e1ctico del Impuesto de Sociedades en la CAEB con los socios Neus Bou, Jorge Sainz de Baranda y Guillermo Mir como ponentes. Reserva ya tu plaza"}]},{"@type":"WebSite","@id":"https:\/\/fmsb.eu\/de\/#website","url":"https:\/\/fmsb.eu\/de\/","name":"FMSB Abogados y Economistas en Baleares","description":"","publisher":{"@id":"https:\/\/fmsb.eu\/de\/#organization"},"potentialAction":[{"@type":"SearchAction","target":{"@type":"EntryPoint","urlTemplate":"https:\/\/fmsb.eu\/de\/?s={search_term_string}"},"query-input":{"@type":"PropertyValueSpecification","valueRequired":true,"valueName":"search_term_string"}}],"inLanguage":"de"},{"@type":"Organization","@id":"https:\/\/fmsb.eu\/de\/#organization","name":"FMSB Abogados y Economistas en Baleares","url":"https:\/\/fmsb.eu\/de\/","logo":{"@type":"ImageObject","inLanguage":"de","@id":"https:\/\/fmsb.eu\/de\/#\/schema\/logo\/image\/","url":"https:\/\/fmsb.eu\/wp-content\/uploads\/2025\/02\/logo.svg","contentUrl":"https:\/\/fmsb.eu\/wp-content\/uploads\/2025\/02\/logo.svg","width":154,"height":52,"caption":"FMSB Abogados y Economistas en Baleares"},"image":{"@id":"https:\/\/fmsb.eu\/de\/#\/schema\/logo\/image\/"}},{"@type":"Person","@id":"https:\/\/fmsb.eu\/de\/#\/schema\/person\/9fba7c70814b0cd34d35d655d36a4ca2","name":"fmsb","image":{"@type":"ImageObject","inLanguage":"de","@id":"https:\/\/secure.gravatar.com\/avatar\/426f4d5b0ebcace85460caf87cdaaa193694b611e990615d87a13f322fb7ee7f?s=96&d=mm&r=g","url":"https:\/\/secure.gravatar.com\/avatar\/426f4d5b0ebcace85460caf87cdaaa193694b611e990615d87a13f322fb7ee7f?s=96&d=mm&r=g","contentUrl":"https:\/\/secure.gravatar.com\/avatar\/426f4d5b0ebcace85460caf87cdaaa193694b611e990615d87a13f322fb7ee7f?s=96&d=mm&r=g","caption":"fmsb"},"sameAs":["https:\/\/x.com\/fmsb-disstint"],"url":"https:\/\/fmsb.eu\/de\/author\/fmsb\/"}]}},"_links":{"self":[{"href":"https:\/\/fmsb.eu\/de\/wp-json\/wp\/v2\/posts\/11431","targetHints":{"allow":["GET"]}}],"collection":[{"href":"https:\/\/fmsb.eu\/de\/wp-json\/wp\/v2\/posts"}],"about":[{"href":"https:\/\/fmsb.eu\/de\/wp-json\/wp\/v2\/types\/post"}],"author":[{"embeddable":true,"href":"https:\/\/fmsb.eu\/de\/wp-json\/wp\/v2\/users\/2"}],"replies":[{"embeddable":true,"href":"https:\/\/fmsb.eu\/de\/wp-json\/wp\/v2\/comments?post=11431"}],"version-history":[{"count":0,"href":"https:\/\/fmsb.eu\/de\/wp-json\/wp\/v2\/posts\/11431\/revisions"}],"wp:featuredmedia":[{"embeddable":true,"href":"https:\/\/fmsb.eu\/de\/wp-json\/wp\/v2\/media\/9717"}],"wp:attachment":[{"href":"https:\/\/fmsb.eu\/de\/wp-json\/wp\/v2\/media?parent=11431"}],"wp:term":[{"taxonomy":"category","embeddable":true,"href":"https:\/\/fmsb.eu\/de\/wp-json\/wp\/v2\/categories?post=11431"},{"taxonomy":"post_tag","embeddable":true,"href":"https:\/\/fmsb.eu\/de\/wp-json\/wp\/v2\/tags?post=11431"}],"curies":[{"name":"wp","href":"https:\/\/api.w.org\/{rel}","templated":true}]}}