{"id":11435,"date":"2022-03-20T07:26:02","date_gmt":"2022-03-20T06:26:02","guid":{"rendered":"http:\/\/fmsb.disstintbeta.com\/2022\/03\/20\/hacienda-busca-tributos-para-el-que-rancha-es-hacienda-opinion-jorge-sainz-de-baranda-mallorcadiario\/"},"modified":"2022-03-20T07:26:02","modified_gmt":"2022-03-20T06:26:02","slug":"hacienda-busca-tributos-para-el-que-rancha-es-hacienda-opinion-jorge-sainz-de-baranda-mallorcadiario","status":"publish","type":"post","link":"https:\/\/fmsb.eu\/de\/2022\/03\/20\/hacienda-busca-tributos-para-el-que-rancha-es-hacienda-opinion-jorge-sainz-de-baranda-mallorcadiario\/","title":{"rendered":"Ancha es Hacienda, art\u00edculo de opini\u00f3n de Jorge S\u00e1inz de Baranda en Mallorcadiario"},"content":{"rendered":"<p>&nbsp;<\/p>\n<div class=\"navegacion\">\n<h3 class=\"antesubtitulo antetit\"><a href=\"http:\/\/www.mallorcadiario.com\"><span style=\"color: #993300;\"><strong>mallorcadiario.com<\/strong><\/span><\/a>\u00a0 <a href=\"https:\/\/www.mallorcadiario.com\/ancha-es-hacienda\">Opini\u00f3n<\/a><\/h3>\n<\/div>\n<p><a href=\"http:\/\/fmsb.disstintbeta.com\/wp-content\/uploads\/2022\/03\/FMSB-Abogados-Jorge-Sainz-de-Baranda-Ancha-es-Hacienda-Mallorcadiario-00.jpg\"><img fetchpriority=\"high\" decoding=\"async\" class=\"alignnone wp-image-5851\" src=\"http:\/\/fmsb.disstintbeta.com\/wp-content\/uploads\/2022\/03\/FMSB-Abogados-Jorge-Sainz-de-Baranda-Ancha-es-Hacienda-Mallorcadiario-00.jpg\" alt=\"\" width=\"800\" height=\"600\" srcset=\"https:\/\/font-mora-sainz-baranda.fra1.digitaloceanspaces.com\/wp-content\/uploads\/2022\/03\/FMSB-Abogados-Jorge-Sainz-de-Baranda-Ancha-es-Hacienda-Mallorcadiario-00.jpg 1600w, https:\/\/font-mora-sainz-baranda.fra1.digitaloceanspaces.com\/wp-content\/uploads\/2022\/03\/FMSB-Abogados-Jorge-Sainz-de-Baranda-Ancha-es-Hacienda-Mallorcadiario-00-300x225.jpg 300w, https:\/\/font-mora-sainz-baranda.fra1.digitaloceanspaces.com\/wp-content\/uploads\/2022\/03\/FMSB-Abogados-Jorge-Sainz-de-Baranda-Ancha-es-Hacienda-Mallorcadiario-00-1024x768.jpg 1024w, https:\/\/font-mora-sainz-baranda.fra1.digitaloceanspaces.com\/wp-content\/uploads\/2022\/03\/FMSB-Abogados-Jorge-Sainz-de-Baranda-Ancha-es-Hacienda-Mallorcadiario-00-768x576.jpg 768w, https:\/\/font-mora-sainz-baranda.fra1.digitaloceanspaces.com\/wp-content\/uploads\/2022\/03\/FMSB-Abogados-Jorge-Sainz-de-Baranda-Ancha-es-Hacienda-Mallorcadiario-00-1536x1152.jpg 1536w\" sizes=\"(max-width: 800px) 100vw, 800px\" \/><\/a><\/p>\n<div class=\"navegacion\">\n<h6 class=\"ulthora fecha_publicacion\"><span class=\"dia_mes_anno\">DOMINGO 20 DE MARZO DE 2022<br \/>\n<\/span><\/h6>\n<h6 class=\"ulthora fecha_publicacion\"><span class=\"dia_mes_anno\" style=\"color: #ffffff;\">DOMINGO 25 DE OCTUBRE DE 2020<\/span><\/h6>\n<\/div>\n<div title=\"noticia 557362\">\n<h1 class=\"titulo\"><a href=\"https:\/\/www.mallorcadiario.com\/ancha-es-hacienda\">Ancha es Hacienda<\/a><\/h1>\n<\/div>\n<div id=\"firmante_767\" class=\"firmante\">\n<p>Por\u00a0<strong><span class=\"nombre_firmante\">Jorge S\u00e1inz de Baranda<\/span><\/strong><\/p>\n<h6><a href=\"https:\/\/www.mallorcadiario.com\/jorge-sainz-de-baranda\/autor\/767\/\"><strong><span style=\"color: #993300;\">M\u00c1S ART\u00cdCULOS DEL AUTOR<\/span><\/strong><\/a><\/h6>\n<p><strong>\u00a0<\/strong><\/p>\n<p>Parece ser que la cita <em>\u00abancha es Castilla\u00bb<\/em> tiene su origen en el periodo de la Reconquista, en la que los terrenos de Castilla -antes llamada <em>Vardulia<\/em>&#8211; eran muy amplios, sin apenas monta\u00f1as de por medio, y en los que las autoridades no se entromet\u00edan demasiado en la vida y negocios de los que ven\u00edan a repoblar estas tierras, sin detenerse a mirar lo que hac\u00edan.<\/p>\n<p>Esta expresi\u00f3n se ha utilizado por infinidad de autores, como Jos\u00e9 Ortega y Gasset en \u201cLa rebeli\u00f3n de las masas\u201d (1930), y hoy en d\u00eda es una frase de \u00edndole sarc\u00e1stico que encierra una censura contra un evidente proceder arbitrario, caracterizado por su falta de ajuste y mesura, y por su mal entendido car\u00e1cter lib\u00e9rrimo, por no decir acr\u00e1tico.<\/p>\n<p>No s\u00e9 si han tenido el placer de leer el Informe que ha elaborado la Asociaci\u00f3n Profesional de Inspectores de Hacienda del Estado (IHE), que bajo el sugerente t\u00edtulo de <em>\u201cPropuestas contra el fraude fiscal y de reforma de las Administraciones Tributarias\u201d<\/em> -lean bien, es un prop\u00f3sito de reforma, no de enmienda-, recoge unas propuestas dirigidas a sus queridos conciudadanos, en atenci\u00f3n a que, seg\u00fan afirman en el pr\u00f3logo, disfrutan de una <em>\u00abinmersi\u00f3n en la sociedad civil espa\u00f1ola\u00bb<\/em> en su quehacer diario -lo del escalofr\u00edo en mi espalda se debi\u00f3, sin duda alguna, al fr\u00edo de estos d\u00edas-.<\/p>\n<p>Les cuento resumidas algunas de las que all\u00ed se contienen, y les emplazo a leerme en futuros art\u00edculos, en los que intentar\u00e9 desgranar sus consecuencias.<\/p>\n<p>1\u00ba Proponen la creaci\u00f3n de tres nuevas figuras delictivas, tipificando como delito (i) el simple ofrecimiento, por parte de los asesores, de sociedades o servicios relacionados con para\u00edsos fiscales, de los que presumen que, de por s\u00ed, van dirigidos a la evasi\u00f3n fiscal; (ii) la comercializaci\u00f3n por parte de entidades financieras o de despachos de profesionales de productos financieros que pudieran ser id\u00f3neos para el fraude, aunque se desconozca el uso que de los mismos vaya a dar el cliente; y (iii) la tenencia injustificada de bienes o derechos, aun cuando su adquisici\u00f3n est\u00e9 prescrita -podemos volver, ante la sorna de Europa, a la discusi\u00f3n de la imprescriptibilidad del 720-.<\/p>\n<p>2\u00ba Se propone el pago a confidentes -recuerden lo de Roma-, en el caso de denuncia de delitos; y la posibilidad de actuar por parte de la AEAT sin conocimiento del obligado tributario, de incognito y sin identificarse.<\/p>\n<p>3\u00ba Proponen volver a rebajar el importe de la deuda tributaria pendiente de pago para ser incluido en la lista de morosos, pasando ahora de 600.000 a 300.000 euros,<\/p>\n<p>4\u00ba Se propone que, si la condena por delito fiscal es inferior a dos a\u00f1os pero no se ha satisfecho la deuda tributaria, la suspensi\u00f3n del ingreso en prisi\u00f3n nunca sea posible.<\/p>\n<p>5\u00ba Se propone que, para determinar la residencia fiscal en Espa\u00f1a, se pase de los 183 d\u00edas actuales a 60 d\u00edas.<\/p>\n<p>6\u00ba Se propone la llamada \u201cmuerte fiscal\u201d de determinados contribuyentes con deudas muy elevadas con la Hacienda p\u00fablica, con p\u00e9rdida del NIF, el acceso al registro de la propiedad y al mercantil, o el derecho a realizar abonos o cargos bancarios, entre otras cosas.<\/p>\n<p>7\u00ba Se propone eliminar la posibilidad de aportaci\u00f3n de pruebas que no hayan sido aportadas en el procedimiento inicial ante Hacienda, eso s\u00ed, sin hablar de los escasos plazos -10 d\u00edas- que se dan para aportarlos -el contribuyente, que es muy lento-. Adem\u00e1s, se\u00f1alan expresamente que la doctrina del Tribunal Supremo, actualmente vigente, de permitir la aportaci\u00f3n de pruebas en cualquier instancia de revisi\u00f3n hace completamente in\u00fatil un procedimiento de revisi\u00f3n.<\/p>\n<p>8\u00ba Proponen la obligaci\u00f3n de todas las empresas de designar determinados lugares donde se encuentre la informaci\u00f3n con trascendencia tributaria -los divertidos <em>\u201ctax room\u201d<\/em>-, que han de ser de libre acceso a la Administraci\u00f3n Tributaria. Adem\u00e1s, se a\u00f1ade la proposici\u00f3n de que la Administraci\u00f3n Tributaria tenga acceso directo al servidor de la empresa para consultas -poco m\u00e1s o menos que un \u201chacker\u201d autorizado-.<\/p>\n<p>9\u00aa Proponen la necesaria reforma de la normativa de autorizaci\u00f3n de las entradas en domicilio fiscal, cuyos t\u00e9rminos, seg\u00fan afirman literalmente, han quedado muy limitados para la Administraci\u00f3n tributaria a ra\u00edz de las recientes sentencias del Tribunal Supremo.<\/p>\n<p>Y as\u00ed, un suma y sigue\u2026<\/p>\n<p>Echo a faltar, ya ven que tonter\u00eda, alguna referencia a la infinidad de casos que, despu\u00e9s de los procedimientos administrativos, terminan perdiendo ante los Tribunales, pero que por el camino han supuesto la \u201cruina\u201d del contribuyente; la falta de responsabilidad, incluso patrimonial, de quienes se han empecinado en un criterio que luego la justicia, incluida la Europea, \u00abtumba\u00bb; o la indefensi\u00f3n que el uso indiscriminado de la \u201cautoritas\u201d genera.<\/p>\n<p>Pues s\u00ed, \u00abancha es Castilla\u00bb, pero recuerden tambi\u00e9n que \u00ablargo es Le\u00f3n\u00bb, por lo que desde el despacho seguiremos luchando para defender al contribuyente frente a determinadas actuaciones o propuestas. Eso denlo por seguro.<\/p>\n<p>&nbsp;<\/p>\n<\/div>\n<p>&nbsp;<\/p>\n<hr \/>\n<p>Art\u00edculo original publicado en el diario digital\u00a0<a href=\"https:\/\/www.mallorcadiario.com\/ancha-es-hacienda\"><strong><span style=\"color: #993300;\">mallorcadiario.com<\/span><\/strong><\/a> .\u00a0\u00a0 L\u00e9elo directamente en mallorcadiario a trav\u00e9s de este <span style=\"color: #993366;\"><strong><a style=\"color: #993366;\" href=\"https:\/\/www.mallorcadiario.com\/ancha-es-hacienda\">enlace<\/a><\/strong><\/span><\/p>\n","protected":false},"excerpt":{"rendered":"<p>&nbsp; mallorcadiario.com\u00a0 Opini\u00f3n DOMINGO 20 DE MARZO DE 2022 DOMINGO 25 DE OCTUBRE DE 2020 Ancha es Hacienda Por\u00a0Jorge S\u00e1inz de Baranda M\u00c1S ART\u00cdCULOS DEL AUTOR \u00a0 Parece ser que la cita \u00abancha es Castilla\u00bb tiene su origen en el periodo de la Reconquista, en la que los terrenos de Castilla -antes llamada Vardulia&#8211; eran [&hellip;]<\/p>\n","protected":false},"author":2,"featured_media":9713,"comment_status":"closed","ping_status":"open","sticky":false,"template":"","format":"standard","meta":{"footnotes":""},"categories":[2199,2309,2202,3169],"tags":[2206,2663,2664,2665,2312,2666,2507,2314,2668,2208,2669,2670,2671,2672,2673,2316,2674,2675,2319,2320,2321,2681,2682,2683,2218,2219,2686,2223,2688,2325,2327,2691,2225,2328,2329,2330,2694,2331,2333,2228,2229,2334,2231,2336,2232,2234,2696,2342,2343,2345,2699,2700,2236,2701,2702,2349,2350,2240,2704,2705,2354,2243,2361,2706,2709,2363,2713,2365],"class_list":["post-11435","post","type-post","status-publish","format-standard","has-post-thumbnail","hentry","category-blog-de","category-derecho-fiscal-de","category-home-de","category-opinion-de","tag-abogados-de","tag-administracion-tributaria-de","tag-administraciones-tributarias-de","tag-aeat-de","tag-agencia-tributaria-de","tag-antifraude-de","tag-articulos-de","tag-asesores-de","tag-atib-de","tag-baleares-de","tag-blanqueo-de","tag-blanqueo-de-capitales-de","tag-campana-de-la-renta-de","tag-campana-irpf-de","tag-catastro-de","tag-comunidad-autonoma-de","tag-declaracion-de-inconstitucionalidad-de","tag-declaracion-de-nulidad-de","tag-derecho-de-la-union-europea-de","tag-derecho-fiscal-de","tag-derecho-tributario-de","tag-dgt-de","tag-direccion-general-de-tributos-de","tag-direccion-general-del-catastro-de","tag-economistas-de","tag-el-arenal-de","tag-extranjeros-de","tag-fmsb-de","tag-fraude-fiscal-de","tag-hacienda-de","tag-herencias-de","tag-ibi-de","tag-ibiza-de","tag-illes-balears-de","tag-impuesto-de-sucesiones-de","tag-impuestos-de","tag-incremento-del-valor-de-los-terrenos-de-naturaleza-urbana-de","tag-irpf-de","tag-jorge-sainz-de-baranda-de","tag-law-de","tag-lawyers-de","tag-ley-antifraude-de","tag-mallorca-de","tag-mallorcadiario-de","tag-manacor-de","tag-menorca-de","tag-modelo-720-de","tag-obligado-tributario-de","tag-opinion-de","tag-palma-de","tag-plan-anual-de-control-tributario-de","tag-plusvalia-de","tag-port-dandratx-de","tag-prespuestos-generales-del-estado-de","tag-presupuestos-2021-de","tag-prevencion-de","tag-propuestas-de","tag-puerto-de-andratx-de","tag-recargo-de","tag-reforma-de","tag-residentes-fiscales-de","tag-solicitors-de","tag-sucesiones-y-donaciones-de","tag-tasa-amazon-de","tag-testador-de","tag-tributos-de","tag-ue-de","tag-valor-de-referencia-catastral-de"],"yoast_head":"<!-- This site is optimized with the Yoast SEO plugin v27.3 - https:\/\/yoast.com\/product\/yoast-seo-wordpress\/ -->\n<title>Ancha es Hacienda, art\u00edculo de opini\u00f3n de Jorge S\u00e1inz de Baranda en Mallorcadiario - FMSB Abogados y Economistas en Baleares<\/title>\n<meta name=\"robots\" content=\"index, follow, max-snippet:-1, max-image-preview:large, max-video-preview:-1\" \/>\n<link rel=\"canonical\" href=\"https:\/\/fmsb.eu\/de\/2022\/03\/20\/hacienda-busca-tributos-para-el-que-rancha-es-hacienda-opinion-jorge-sainz-de-baranda-mallorcadiario\/\" \/>\n<meta property=\"og:locale\" content=\"de_DE\" \/>\n<meta property=\"og:type\" content=\"article\" \/>\n<meta property=\"og:title\" content=\"Ancha es Hacienda, art\u00edculo de opini\u00f3n de Jorge S\u00e1inz de Baranda en Mallorcadiario - FMSB Abogados y Economistas en Baleares\" \/>\n<meta property=\"og:description\" content=\"&nbsp; mallorcadiario.com\u00a0 Opini\u00f3n DOMINGO 20 DE MARZO DE 2022 DOMINGO 25 DE OCTUBRE DE 2020 Ancha es Hacienda Por\u00a0Jorge S\u00e1inz de Baranda M\u00c1S ART\u00cdCULOS DEL AUTOR \u00a0 Parece ser que la cita \u00abancha es Castilla\u00bb tiene su origen en el periodo de la Reconquista, en la que los terrenos de Castilla -antes llamada Vardulia&#8211; eran [&hellip;]\" \/>\n<meta property=\"og:url\" content=\"https:\/\/fmsb.eu\/de\/2022\/03\/20\/hacienda-busca-tributos-para-el-que-rancha-es-hacienda-opinion-jorge-sainz-de-baranda-mallorcadiario\/\" \/>\n<meta property=\"og:site_name\" content=\"FMSB Abogados y Economistas en Baleares\" \/>\n<meta property=\"article:published_time\" content=\"2022-03-20T06:26:02+00:00\" \/>\n<meta property=\"og:image\" content=\"https:\/\/fmsb.eu\/wp-content\/uploads\/2022\/03\/FMSB-Abogados-Jorge-Sainz-de-Baranda-Ancha-es-Hacienda-Mallorcadiario-00.jpg\" \/>\n\t<meta property=\"og:image:width\" content=\"1600\" \/>\n\t<meta property=\"og:image:height\" content=\"1200\" \/>\n\t<meta property=\"og:image:type\" content=\"image\/jpeg\" \/>\n<meta name=\"author\" content=\"fmsb\" \/>\n<meta name=\"twitter:card\" content=\"summary_large_image\" \/>\n<meta name=\"twitter:creator\" content=\"@fmsb-disstint\" \/>\n<meta name=\"twitter:label1\" content=\"Verfasst von\" \/>\n\t<meta name=\"twitter:data1\" content=\"fmsb\" \/>\n\t<meta name=\"twitter:label2\" content=\"Gesch\u00e4tzte Lesezeit\" \/>\n\t<meta name=\"twitter:data2\" content=\"5\u00a0Minuten\" \/>\n<script type=\"application\/ld+json\" class=\"yoast-schema-graph\">{\"@context\":\"https:\\\/\\\/schema.org\",\"@graph\":[{\"@type\":\"Article\",\"@id\":\"https:\\\/\\\/fmsb.eu\\\/de\\\/2022\\\/03\\\/20\\\/hacienda-busca-tributos-para-el-que-rancha-es-hacienda-opinion-jorge-sainz-de-baranda-mallorcadiario\\\/#article\",\"isPartOf\":{\"@id\":\"https:\\\/\\\/fmsb.eu\\\/de\\\/2022\\\/03\\\/20\\\/hacienda-busca-tributos-para-el-que-rancha-es-hacienda-opinion-jorge-sainz-de-baranda-mallorcadiario\\\/\"},\"author\":{\"name\":\"fmsb\",\"@id\":\"https:\\\/\\\/fmsb.eu\\\/de\\\/#\\\/schema\\\/person\\\/9fba7c70814b0cd34d35d655d36a4ca2\"},\"headline\":\"Ancha es Hacienda, art\u00edculo de opini\u00f3n de Jorge S\u00e1inz de Baranda en Mallorcadiario\",\"datePublished\":\"2022-03-20T06:26:02+00:00\",\"mainEntityOfPage\":{\"@id\":\"https:\\\/\\\/fmsb.eu\\\/de\\\/2022\\\/03\\\/20\\\/hacienda-busca-tributos-para-el-que-rancha-es-hacienda-opinion-jorge-sainz-de-baranda-mallorcadiario\\\/\"},\"wordCount\":921,\"publisher\":{\"@id\":\"https:\\\/\\\/fmsb.eu\\\/de\\\/#organization\"},\"image\":{\"@id\":\"https:\\\/\\\/fmsb.eu\\\/de\\\/2022\\\/03\\\/20\\\/hacienda-busca-tributos-para-el-que-rancha-es-hacienda-opinion-jorge-sainz-de-baranda-mallorcadiario\\\/#primaryimage\"},\"thumbnailUrl\":\"https:\\\/\\\/fmsb.eu\\\/wp-content\\\/uploads\\\/2022\\\/03\\\/FMSB-Abogados-Jorge-Sainz-de-Baranda-Ancha-es-Hacienda-Mallorcadiario-00.jpg\",\"keywords\":[\"abogados\",\"administraci\u00f3n tributaria\",\"administraciones tributarias\",\"aeat\",\"agencia tributaria\",\"antifraude\",\"articulos\",\"asesores\",\"ATIB\",\"baleares\",\"blanqueo\",\"blanqueo de capitales\",\"campa\u00f1a de la renta\",\"campa\u00f1a irpf\",\"catastro\",\"comunidad aut\u00f3noma\",\"declaraci\u00f3n de inconstitucionalidad\",\"declaraci\u00f3n de nulidad\",\"derecho de la uni\u00f3n europea\",\"derecho fiscal\",\"derecho tributario\",\"dgt\",\"direcci\u00f3n general de tributos\",\"direcci\u00f3n general del catastro\",\"economistas\",\"el arenal\",\"extranjeros\",\"fmsb\",\"fraude fiscal\",\"Hacienda\",\"herencias\",\"ibi\",\"ibiza\",\"illes balears\",\"impuesto de sucesiones\",\"impuestos\",\"incremento del valor de los terrenos de naturaleza urbana\",\"IRPF\",\"jorge sainz de baranda\",\"law\",\"lawyers\",\"ley antifraude\",\"mallorca\",\"mallorcadiario\",\"Manacor\",\"menorca\",\"modelo 720\",\"obligado tributario\",\"opinion\",\"Palma\",\"plan anual de control tributario\",\"plusval\u00eda\",\"port d&#8217;andratx\",\"prespuestos generales del estado\",\"presupuestos 2021\",\"prevenci\u00f3n\",\"propuestas\",\"puerto de andratx\",\"recargo\",\"reforma\",\"residentes fiscales\",\"solicitors\",\"sucesiones y donaciones\",\"tasa amazon\",\"testador\",\"tributos\",\"ue\",\"valor de referencia catastral\"],\"articleSection\":[\"blog\",\"Derecho Fiscal\",\"Home\",\"Opini\u00f3n\"],\"inLanguage\":\"de\"},{\"@type\":\"WebPage\",\"@id\":\"https:\\\/\\\/fmsb.eu\\\/de\\\/2022\\\/03\\\/20\\\/hacienda-busca-tributos-para-el-que-rancha-es-hacienda-opinion-jorge-sainz-de-baranda-mallorcadiario\\\/\",\"url\":\"https:\\\/\\\/fmsb.eu\\\/de\\\/2022\\\/03\\\/20\\\/hacienda-busca-tributos-para-el-que-rancha-es-hacienda-opinion-jorge-sainz-de-baranda-mallorcadiario\\\/\",\"name\":\"Ancha es Hacienda, art\u00edculo de opini\u00f3n de Jorge S\u00e1inz de Baranda en Mallorcadiario - FMSB Abogados y Economistas en Baleares\",\"isPartOf\":{\"@id\":\"https:\\\/\\\/fmsb.eu\\\/de\\\/#website\"},\"primaryImageOfPage\":{\"@id\":\"https:\\\/\\\/fmsb.eu\\\/de\\\/2022\\\/03\\\/20\\\/hacienda-busca-tributos-para-el-que-rancha-es-hacienda-opinion-jorge-sainz-de-baranda-mallorcadiario\\\/#primaryimage\"},\"image\":{\"@id\":\"https:\\\/\\\/fmsb.eu\\\/de\\\/2022\\\/03\\\/20\\\/hacienda-busca-tributos-para-el-que-rancha-es-hacienda-opinion-jorge-sainz-de-baranda-mallorcadiario\\\/#primaryimage\"},\"thumbnailUrl\":\"https:\\\/\\\/fmsb.eu\\\/wp-content\\\/uploads\\\/2022\\\/03\\\/FMSB-Abogados-Jorge-Sainz-de-Baranda-Ancha-es-Hacienda-Mallorcadiario-00.jpg\",\"datePublished\":\"2022-03-20T06:26:02+00:00\",\"breadcrumb\":{\"@id\":\"https:\\\/\\\/fmsb.eu\\\/de\\\/2022\\\/03\\\/20\\\/hacienda-busca-tributos-para-el-que-rancha-es-hacienda-opinion-jorge-sainz-de-baranda-mallorcadiario\\\/#breadcrumb\"},\"inLanguage\":\"de\",\"potentialAction\":[{\"@type\":\"ReadAction\",\"target\":[\"https:\\\/\\\/fmsb.eu\\\/de\\\/2022\\\/03\\\/20\\\/hacienda-busca-tributos-para-el-que-rancha-es-hacienda-opinion-jorge-sainz-de-baranda-mallorcadiario\\\/\"]}]},{\"@type\":\"ImageObject\",\"inLanguage\":\"de\",\"@id\":\"https:\\\/\\\/fmsb.eu\\\/de\\\/2022\\\/03\\\/20\\\/hacienda-busca-tributos-para-el-que-rancha-es-hacienda-opinion-jorge-sainz-de-baranda-mallorcadiario\\\/#primaryimage\",\"url\":\"https:\\\/\\\/fmsb.eu\\\/wp-content\\\/uploads\\\/2022\\\/03\\\/FMSB-Abogados-Jorge-Sainz-de-Baranda-Ancha-es-Hacienda-Mallorcadiario-00.jpg\",\"contentUrl\":\"https:\\\/\\\/fmsb.eu\\\/wp-content\\\/uploads\\\/2022\\\/03\\\/FMSB-Abogados-Jorge-Sainz-de-Baranda-Ancha-es-Hacienda-Mallorcadiario-00.jpg\",\"width\":1600,\"height\":1200},{\"@type\":\"BreadcrumbList\",\"@id\":\"https:\\\/\\\/fmsb.eu\\\/de\\\/2022\\\/03\\\/20\\\/hacienda-busca-tributos-para-el-que-rancha-es-hacienda-opinion-jorge-sainz-de-baranda-mallorcadiario\\\/#breadcrumb\",\"itemListElement\":[{\"@type\":\"ListItem\",\"position\":1,\"name\":\"Portada\",\"item\":\"https:\\\/\\\/fmsb.eu\\\/de\\\/\"},{\"@type\":\"ListItem\",\"position\":2,\"name\":\"Ancha es Hacienda, art\u00edculo de opini\u00f3n de Jorge S\u00e1inz de Baranda en Mallorcadiario\"}]},{\"@type\":\"WebSite\",\"@id\":\"https:\\\/\\\/fmsb.eu\\\/de\\\/#website\",\"url\":\"https:\\\/\\\/fmsb.eu\\\/de\\\/\",\"name\":\"FMSB Abogados y Economistas en Baleares\",\"description\":\"\",\"publisher\":{\"@id\":\"https:\\\/\\\/fmsb.eu\\\/de\\\/#organization\"},\"potentialAction\":[{\"@type\":\"SearchAction\",\"target\":{\"@type\":\"EntryPoint\",\"urlTemplate\":\"https:\\\/\\\/fmsb.eu\\\/de\\\/?s={search_term_string}\"},\"query-input\":{\"@type\":\"PropertyValueSpecification\",\"valueRequired\":true,\"valueName\":\"search_term_string\"}}],\"inLanguage\":\"de\"},{\"@type\":\"Organization\",\"@id\":\"https:\\\/\\\/fmsb.eu\\\/de\\\/#organization\",\"name\":\"FMSB Abogados y Economistas en Baleares\",\"url\":\"https:\\\/\\\/fmsb.eu\\\/de\\\/\",\"logo\":{\"@type\":\"ImageObject\",\"inLanguage\":\"de\",\"@id\":\"https:\\\/\\\/fmsb.eu\\\/de\\\/#\\\/schema\\\/logo\\\/image\\\/\",\"url\":\"https:\\\/\\\/fmsb.eu\\\/wp-content\\\/uploads\\\/2025\\\/02\\\/logo.svg\",\"contentUrl\":\"https:\\\/\\\/fmsb.eu\\\/wp-content\\\/uploads\\\/2025\\\/02\\\/logo.svg\",\"width\":154,\"height\":52,\"caption\":\"FMSB Abogados y Economistas en Baleares\"},\"image\":{\"@id\":\"https:\\\/\\\/fmsb.eu\\\/de\\\/#\\\/schema\\\/logo\\\/image\\\/\"}},{\"@type\":\"Person\",\"@id\":\"https:\\\/\\\/fmsb.eu\\\/de\\\/#\\\/schema\\\/person\\\/9fba7c70814b0cd34d35d655d36a4ca2\",\"name\":\"fmsb\",\"image\":{\"@type\":\"ImageObject\",\"inLanguage\":\"de\",\"@id\":\"https:\\\/\\\/secure.gravatar.com\\\/avatar\\\/426f4d5b0ebcace85460caf87cdaaa193694b611e990615d87a13f322fb7ee7f?s=96&d=mm&r=g\",\"url\":\"https:\\\/\\\/secure.gravatar.com\\\/avatar\\\/426f4d5b0ebcace85460caf87cdaaa193694b611e990615d87a13f322fb7ee7f?s=96&d=mm&r=g\",\"contentUrl\":\"https:\\\/\\\/secure.gravatar.com\\\/avatar\\\/426f4d5b0ebcace85460caf87cdaaa193694b611e990615d87a13f322fb7ee7f?s=96&d=mm&r=g\",\"caption\":\"fmsb\"},\"sameAs\":[\"https:\\\/\\\/x.com\\\/fmsb-disstint\"],\"url\":\"https:\\\/\\\/fmsb.eu\\\/de\\\/author\\\/fmsb\\\/\"}]}<\/script>\n<!-- \/ Yoast SEO plugin. -->","yoast_head_json":{"title":"Ancha es Hacienda, art\u00edculo de opini\u00f3n de Jorge S\u00e1inz de Baranda en Mallorcadiario - FMSB Abogados y Economistas en Baleares","robots":{"index":"index","follow":"follow","max-snippet":"max-snippet:-1","max-image-preview":"max-image-preview:large","max-video-preview":"max-video-preview:-1"},"canonical":"https:\/\/fmsb.eu\/de\/2022\/03\/20\/hacienda-busca-tributos-para-el-que-rancha-es-hacienda-opinion-jorge-sainz-de-baranda-mallorcadiario\/","og_locale":"de_DE","og_type":"article","og_title":"Ancha es Hacienda, art\u00edculo de opini\u00f3n de Jorge S\u00e1inz de Baranda en Mallorcadiario - FMSB Abogados y Economistas en Baleares","og_description":"&nbsp; mallorcadiario.com\u00a0 Opini\u00f3n DOMINGO 20 DE MARZO DE 2022 DOMINGO 25 DE OCTUBRE DE 2020 Ancha es Hacienda Por\u00a0Jorge S\u00e1inz de Baranda M\u00c1S ART\u00cdCULOS DEL AUTOR \u00a0 Parece ser que la cita \u00abancha es Castilla\u00bb tiene su origen en el periodo de la Reconquista, en la que los terrenos de Castilla -antes llamada Vardulia&#8211; eran [&hellip;]","og_url":"https:\/\/fmsb.eu\/de\/2022\/03\/20\/hacienda-busca-tributos-para-el-que-rancha-es-hacienda-opinion-jorge-sainz-de-baranda-mallorcadiario\/","og_site_name":"FMSB Abogados y Economistas en Baleares","article_published_time":"2022-03-20T06:26:02+00:00","og_image":[{"width":1600,"height":1200,"url":"https:\/\/fmsb.eu\/wp-content\/uploads\/2022\/03\/FMSB-Abogados-Jorge-Sainz-de-Baranda-Ancha-es-Hacienda-Mallorcadiario-00.jpg","type":"image\/jpeg"}],"author":"fmsb","twitter_card":"summary_large_image","twitter_creator":"@fmsb-disstint","twitter_misc":{"Verfasst von":"fmsb","Gesch\u00e4tzte Lesezeit":"5\u00a0Minuten"},"schema":{"@context":"https:\/\/schema.org","@graph":[{"@type":"Article","@id":"https:\/\/fmsb.eu\/de\/2022\/03\/20\/hacienda-busca-tributos-para-el-que-rancha-es-hacienda-opinion-jorge-sainz-de-baranda-mallorcadiario\/#article","isPartOf":{"@id":"https:\/\/fmsb.eu\/de\/2022\/03\/20\/hacienda-busca-tributos-para-el-que-rancha-es-hacienda-opinion-jorge-sainz-de-baranda-mallorcadiario\/"},"author":{"name":"fmsb","@id":"https:\/\/fmsb.eu\/de\/#\/schema\/person\/9fba7c70814b0cd34d35d655d36a4ca2"},"headline":"Ancha es Hacienda, art\u00edculo de opini\u00f3n de Jorge S\u00e1inz de Baranda en Mallorcadiario","datePublished":"2022-03-20T06:26:02+00:00","mainEntityOfPage":{"@id":"https:\/\/fmsb.eu\/de\/2022\/03\/20\/hacienda-busca-tributos-para-el-que-rancha-es-hacienda-opinion-jorge-sainz-de-baranda-mallorcadiario\/"},"wordCount":921,"publisher":{"@id":"https:\/\/fmsb.eu\/de\/#organization"},"image":{"@id":"https:\/\/fmsb.eu\/de\/2022\/03\/20\/hacienda-busca-tributos-para-el-que-rancha-es-hacienda-opinion-jorge-sainz-de-baranda-mallorcadiario\/#primaryimage"},"thumbnailUrl":"https:\/\/fmsb.eu\/wp-content\/uploads\/2022\/03\/FMSB-Abogados-Jorge-Sainz-de-Baranda-Ancha-es-Hacienda-Mallorcadiario-00.jpg","keywords":["abogados","administraci\u00f3n tributaria","administraciones tributarias","aeat","agencia tributaria","antifraude","articulos","asesores","ATIB","baleares","blanqueo","blanqueo de capitales","campa\u00f1a de la renta","campa\u00f1a irpf","catastro","comunidad aut\u00f3noma","declaraci\u00f3n de inconstitucionalidad","declaraci\u00f3n de nulidad","derecho de la uni\u00f3n europea","derecho fiscal","derecho tributario","dgt","direcci\u00f3n general de tributos","direcci\u00f3n general del catastro","economistas","el arenal","extranjeros","fmsb","fraude fiscal","Hacienda","herencias","ibi","ibiza","illes balears","impuesto de sucesiones","impuestos","incremento del valor de los terrenos de naturaleza urbana","IRPF","jorge sainz de baranda","law","lawyers","ley antifraude","mallorca","mallorcadiario","Manacor","menorca","modelo 720","obligado tributario","opinion","Palma","plan anual de control tributario","plusval\u00eda","port d&#8217;andratx","prespuestos generales del estado","presupuestos 2021","prevenci\u00f3n","propuestas","puerto de andratx","recargo","reforma","residentes fiscales","solicitors","sucesiones y donaciones","tasa amazon","testador","tributos","ue","valor de referencia catastral"],"articleSection":["blog","Derecho Fiscal","Home","Opini\u00f3n"],"inLanguage":"de"},{"@type":"WebPage","@id":"https:\/\/fmsb.eu\/de\/2022\/03\/20\/hacienda-busca-tributos-para-el-que-rancha-es-hacienda-opinion-jorge-sainz-de-baranda-mallorcadiario\/","url":"https:\/\/fmsb.eu\/de\/2022\/03\/20\/hacienda-busca-tributos-para-el-que-rancha-es-hacienda-opinion-jorge-sainz-de-baranda-mallorcadiario\/","name":"Ancha es Hacienda, art\u00edculo de opini\u00f3n de Jorge S\u00e1inz de Baranda en Mallorcadiario - FMSB Abogados y Economistas en Baleares","isPartOf":{"@id":"https:\/\/fmsb.eu\/de\/#website"},"primaryImageOfPage":{"@id":"https:\/\/fmsb.eu\/de\/2022\/03\/20\/hacienda-busca-tributos-para-el-que-rancha-es-hacienda-opinion-jorge-sainz-de-baranda-mallorcadiario\/#primaryimage"},"image":{"@id":"https:\/\/fmsb.eu\/de\/2022\/03\/20\/hacienda-busca-tributos-para-el-que-rancha-es-hacienda-opinion-jorge-sainz-de-baranda-mallorcadiario\/#primaryimage"},"thumbnailUrl":"https:\/\/fmsb.eu\/wp-content\/uploads\/2022\/03\/FMSB-Abogados-Jorge-Sainz-de-Baranda-Ancha-es-Hacienda-Mallorcadiario-00.jpg","datePublished":"2022-03-20T06:26:02+00:00","breadcrumb":{"@id":"https:\/\/fmsb.eu\/de\/2022\/03\/20\/hacienda-busca-tributos-para-el-que-rancha-es-hacienda-opinion-jorge-sainz-de-baranda-mallorcadiario\/#breadcrumb"},"inLanguage":"de","potentialAction":[{"@type":"ReadAction","target":["https:\/\/fmsb.eu\/de\/2022\/03\/20\/hacienda-busca-tributos-para-el-que-rancha-es-hacienda-opinion-jorge-sainz-de-baranda-mallorcadiario\/"]}]},{"@type":"ImageObject","inLanguage":"de","@id":"https:\/\/fmsb.eu\/de\/2022\/03\/20\/hacienda-busca-tributos-para-el-que-rancha-es-hacienda-opinion-jorge-sainz-de-baranda-mallorcadiario\/#primaryimage","url":"https:\/\/fmsb.eu\/wp-content\/uploads\/2022\/03\/FMSB-Abogados-Jorge-Sainz-de-Baranda-Ancha-es-Hacienda-Mallorcadiario-00.jpg","contentUrl":"https:\/\/fmsb.eu\/wp-content\/uploads\/2022\/03\/FMSB-Abogados-Jorge-Sainz-de-Baranda-Ancha-es-Hacienda-Mallorcadiario-00.jpg","width":1600,"height":1200},{"@type":"BreadcrumbList","@id":"https:\/\/fmsb.eu\/de\/2022\/03\/20\/hacienda-busca-tributos-para-el-que-rancha-es-hacienda-opinion-jorge-sainz-de-baranda-mallorcadiario\/#breadcrumb","itemListElement":[{"@type":"ListItem","position":1,"name":"Portada","item":"https:\/\/fmsb.eu\/de\/"},{"@type":"ListItem","position":2,"name":"Ancha es Hacienda, art\u00edculo de opini\u00f3n de Jorge S\u00e1inz de Baranda en Mallorcadiario"}]},{"@type":"WebSite","@id":"https:\/\/fmsb.eu\/de\/#website","url":"https:\/\/fmsb.eu\/de\/","name":"FMSB Abogados y Economistas en Baleares","description":"","publisher":{"@id":"https:\/\/fmsb.eu\/de\/#organization"},"potentialAction":[{"@type":"SearchAction","target":{"@type":"EntryPoint","urlTemplate":"https:\/\/fmsb.eu\/de\/?s={search_term_string}"},"query-input":{"@type":"PropertyValueSpecification","valueRequired":true,"valueName":"search_term_string"}}],"inLanguage":"de"},{"@type":"Organization","@id":"https:\/\/fmsb.eu\/de\/#organization","name":"FMSB Abogados y Economistas en Baleares","url":"https:\/\/fmsb.eu\/de\/","logo":{"@type":"ImageObject","inLanguage":"de","@id":"https:\/\/fmsb.eu\/de\/#\/schema\/logo\/image\/","url":"https:\/\/fmsb.eu\/wp-content\/uploads\/2025\/02\/logo.svg","contentUrl":"https:\/\/fmsb.eu\/wp-content\/uploads\/2025\/02\/logo.svg","width":154,"height":52,"caption":"FMSB Abogados y Economistas en Baleares"},"image":{"@id":"https:\/\/fmsb.eu\/de\/#\/schema\/logo\/image\/"}},{"@type":"Person","@id":"https:\/\/fmsb.eu\/de\/#\/schema\/person\/9fba7c70814b0cd34d35d655d36a4ca2","name":"fmsb","image":{"@type":"ImageObject","inLanguage":"de","@id":"https:\/\/secure.gravatar.com\/avatar\/426f4d5b0ebcace85460caf87cdaaa193694b611e990615d87a13f322fb7ee7f?s=96&d=mm&r=g","url":"https:\/\/secure.gravatar.com\/avatar\/426f4d5b0ebcace85460caf87cdaaa193694b611e990615d87a13f322fb7ee7f?s=96&d=mm&r=g","contentUrl":"https:\/\/secure.gravatar.com\/avatar\/426f4d5b0ebcace85460caf87cdaaa193694b611e990615d87a13f322fb7ee7f?s=96&d=mm&r=g","caption":"fmsb"},"sameAs":["https:\/\/x.com\/fmsb-disstint"],"url":"https:\/\/fmsb.eu\/de\/author\/fmsb\/"}]}},"_links":{"self":[{"href":"https:\/\/fmsb.eu\/de\/wp-json\/wp\/v2\/posts\/11435","targetHints":{"allow":["GET"]}}],"collection":[{"href":"https:\/\/fmsb.eu\/de\/wp-json\/wp\/v2\/posts"}],"about":[{"href":"https:\/\/fmsb.eu\/de\/wp-json\/wp\/v2\/types\/post"}],"author":[{"embeddable":true,"href":"https:\/\/fmsb.eu\/de\/wp-json\/wp\/v2\/users\/2"}],"replies":[{"embeddable":true,"href":"https:\/\/fmsb.eu\/de\/wp-json\/wp\/v2\/comments?post=11435"}],"version-history":[{"count":0,"href":"https:\/\/fmsb.eu\/de\/wp-json\/wp\/v2\/posts\/11435\/revisions"}],"wp:featuredmedia":[{"embeddable":true,"href":"https:\/\/fmsb.eu\/de\/wp-json\/wp\/v2\/media\/9713"}],"wp:attachment":[{"href":"https:\/\/fmsb.eu\/de\/wp-json\/wp\/v2\/media?parent=11435"}],"wp:term":[{"taxonomy":"category","embeddable":true,"href":"https:\/\/fmsb.eu\/de\/wp-json\/wp\/v2\/categories?post=11435"},{"taxonomy":"post_tag","embeddable":true,"href":"https:\/\/fmsb.eu\/de\/wp-json\/wp\/v2\/tags?post=11435"}],"curies":[{"name":"wp","href":"https:\/\/api.w.org\/{rel}","templated":true}]}}