{"id":11437,"date":"2022-03-17T20:10:29","date_gmt":"2022-03-17T19:10:29","guid":{"rendered":"http:\/\/fmsb.disstintbeta.com\/2022\/03\/17\/juan-font-sobre-el-aumento-de-las-insolvencias\/"},"modified":"2022-03-17T20:10:29","modified_gmt":"2022-03-17T19:10:29","slug":"juan-font-sobre-el-aumento-de-las-insolvencias","status":"publish","type":"post","link":"https:\/\/fmsb.eu\/de\/2022\/03\/17\/juan-font-sobre-el-aumento-de-las-insolvencias\/","title":{"rendered":"Juan Font, sobre el aumento de las insolvencias"},"content":{"rendered":"<p><a href=\"https:\/\/www.fmsb.eu\/wp-content\/uploads\/2022\/03\/FMSB-Abogados-Juan-Font-Sobre-el-aumento-de-las-insolvencias-1.png\"><img fetchpriority=\"high\" decoding=\"async\" class=\"alignnone wp-image-5840\" src=\"https:\/\/www.fmsb.eu\/wp-content\/uploads\/2022\/03\/FMSB-Abogados-Juan-Font-Sobre-el-aumento-de-las-insolvencias-1.png\" alt=\"\" width=\"800\" height=\"540\" \/><\/a><\/p>\n<p>&nbsp;<\/p>\n<p>&nbsp;<\/p>\n<p>Acabo de leer en distintos medios la noticia de que las insolvencias empresariales han aumentado en nuestro pa\u00eds un 7,8 % en el \u00faltimo a\u00f1o.<\/p>\n<p>A nadie deber\u00eda sorprender la noticia despu\u00e9s de dos a\u00f1os de profunda crisis econ\u00f3mica derivada b\u00e1sicamente de la pandemia de la COVID-19. M\u00e1s a\u00fan, la sorpresa deber\u00eda resultar de lo comedido del incremento experimentado.<\/p>\n<p>En cualquier caso, sin querer profundizar en el tema, se me ocurren una serie de reflexiones o comentarios al respecto:<\/p>\n<p>El primero, l\u00f3gico, que este \u00edndice se refiere \u00fanicamente a las empresas que han solicitado formalmente su declaraci\u00f3n de concurso voluntario de acreedores ante el Juzgado de lo Mercantil competente. No incluye, por tanto, a aquellos miles de empresas (sociedades o empresarios individuales) que han entrado en una muy grave situaci\u00f3n econ\u00f3mica y siguen aguantando estoicamente a que con el tiempo mejore su situaci\u00f3n econ\u00f3mica o, simplemente, han cerrado el negocio, han desatendido sus obligaciones y se han despedido de sus acreedores \u201ca la francesa\u201d.<\/p>\n<p>Que lo peor est\u00e1 a\u00fan por llegar. Desde el inicio de la pandemia se espera un aumento exponencial de las declaraciones de concurso. \u00c9ste aumento se producir\u00e1 cuando las empresas a que nos refer\u00edamos en el p\u00e1rrafo anterior, las que est\u00e1n resistiendo contra viento y marea, agoten sus reservas. Y tambi\u00e9n, cuando se levante la prohibici\u00f3n -de momento vigente hasta el pr\u00f3ximo 30 de junio- de presentar solicitudes de concurso necesario.\u00a0 El temor a una solicitud de concurso necesario precipitar\u00e1 multitud de solicitudes de concurso voluntario de empresas que ahora est\u00e1n haciendo aut\u00e9nticos equilibrios para mantener el negocio abierto.<\/p>\n<p>Nos hemos referido en alguna ocasi\u00f3n a las empresas \u201czombis\u201d, aqu\u00e9llas que est\u00e1n econ\u00f3micamente muertas -pendientes \u00fanicamente de un entierro m\u00e1s o menos digno-, pero que aguantan en el mercado gracias a que ning\u00fan acreedor les puede instar su concurso necesario. Empresarios poco escrupulosos, o simplemente necesitados de mantener el portal abierto para seguir comiendo a diario, siguen en el mercado a pesar de sus numerosas deudas, impagos reiterados, e imposibilidad material de atender a sus obligaciones. Pero que, favorecidos por la lentitud de los procedimientos judiciales, aguantan un negocio abierto, con la triste consecuencia de aumentar su pasivo d\u00eda a d\u00eda.<\/p>\n<p>El final de esta moratoria provocar\u00e1 previsiblemente una aut\u00e9ntica avalancha de solicitudes de concurso, voluntarios y necesarios, que pondr\u00e1 de nuevo a prueba la capacidad de nuestros Juzgados de lo Mercantil.<\/p>\n<p>Y mientras tanto, muchos de los empresarios que consiguen mantener el negocio abierto, lo hacen aumentando su riesgo en curso. Bien acudiendo a aplazamientos con las Administraciones P\u00fablicas (AEAT y TGSS b\u00e1sicamente) y con sus proveedores, a costa de pagar los correspondientes intereses, bien acudiendo a la financiaci\u00f3n bancaria, que adem\u00e1s de los intereses tienen la grave contrapartida de tener que aportar garant\u00edas. Garant\u00edas que normalmente consisten en avales del entorno familiar del empresario. Lo cual, a la larga, si pese a los esfuerzos no se consigue salvar la empresa, se traducir\u00e1 en la ruina del empresario (con \u00e9sta ya cont\u00e1bamos) as\u00ed como de aqu\u00e9llos que por intentar ayudarle han comprometido su propio patrimonio.<\/p>\n<p>Por \u00faltimo, cabe recalcar que buena parte de los procedimientos concursales que a diario se promueven ante nuestros Juzgados de lo Mercantil -los de Palma, que son los que yo conozco-, son de los denominados \u201cconcursos sin masa\u201d, es decir sin activos, o con activos de un valor tan insignificante que provocan su conclusi\u00f3n y archivo en un breve espacio de tiempo.<\/p>\n<p>\u00bfY por qu\u00e9 se presentan este tipo de concursos? Unos concursos que no tienen activos que liquidar y, en consecuencia, nada que repartir entre los acreedores. Pues muy sencillo:<\/p>\n<p>Si se trata de sociedades, porque la solicitud de concurso viene impuesta por la Ley, como forma de cerrar \u201cordenadamente\u201d una empresa y, con ello, evitar responsabilidades de sus \u00f3rganos de administraci\u00f3n. Recordemos que si se dan determinadas circunstancias, se puede condenar personalmente al Administrador de una compa\u00f1\u00eda al pago de las deudas de la empresa. Una de las formas de evitarlo, o al menos de intentarlo, es promover el preceptivo procedimiento concursal.<\/p>\n<p>Y si hablamos de los empresarios individuales -aut\u00f3nomos, e incluso consumidores que por las circunstancias que sean se han visto agraciados con un pasivo imposible de atender con sus recursos ordinarios-, para acceder a lo que t\u00e9cnicamente se denomina \u201c<em>beneficio de la exoneraci\u00f3n del pasivo insatisfecho<\/em>\u201d (BEPI) y coloquialmente, con la llamada \u201csegunda oportunidad\u201d. Soluci\u00f3n que permite a estos deudores, sea cual sea el volumen de sus deudas, pedir al Juez que se las \u201cperdone\u201d todas, incluidas las contra\u00eddas con la Seguridad Social y la Agencia Tributaria, si se dan los requisitos previstos en la ley.<\/p>\n<p>Dicen que la alegr\u00eda dura poco en casa del pobre. Traigo a colaci\u00f3n este dicho popular en referencia a todos aquellos que estaban haciendo lo imposible para salir de la crisis, y lo estaban consiguiendo, cuando ya estamos inmersos en la siguiente, fruto esta vez no de un virus sino de una invasi\u00f3n. Aunque tambi\u00e9n dicen que no hay mal que cien a\u00f1os dure \u2026<\/p>\n<p>&nbsp;<\/p>\n<p><strong>Juan Font<\/strong><\/p>\n<p>Abogado y socio de FMSB<\/p>\n<p>&nbsp;<\/p>\n<hr \/>\n<p><span class=\"diy96o5h\"><span data-offset-key=\"20p48-0-0\">#fmsb<\/span><\/span>\u00a0<span class=\"diy96o5h\"><span data-offset-key=\"20p48-2-0\">#abogados<\/span><\/span>\u00a0<span class=\"diy96o5h\"><span data-offset-key=\"20p48-4-0\">#economistas<\/span><\/span> #juanfont #opini\u00f3n <span class=\"diy96o5h\"><span data-offset-key=\"20p48-6-0\">#derecho<\/span><\/span>\u00a0<span class=\"diy96o5h\"><span data-offset-key=\"20p48-8-0\">#mercantil<\/span><\/span>\u00a0<span class=\"diy96o5h\"><span data-offset-key=\"20p48-10-0\">#concursal<\/span><\/span>\u00a0<span class=\"diy96o5h\"><span data-offset-key=\"20p48-12-0\">#concurso<\/span><\/span>\u00a0<span class=\"diy96o5h\"><span data-offset-key=\"20p48-14-0\">#acreedores<\/span><\/span> <span class=\"diy96o5h\"><span data-offset-key=\"20p48-18-0\">#prepack<\/span><\/span>\u00a0<span class=\"diy96o5h\"><span data-offset-key=\"20p48-20-0\">#deudas<\/span><\/span>\u00a0<span class=\"diy96o5h\"><span data-offset-key=\"20p48-22-0\">#empresas<\/span><\/span>\u00a0<span class=\"diy96o5h\"><span data-offset-key=\"20p48-24-0\">#insolvencia<\/span><\/span>\u00a0<span class=\"diy96o5h\"><span data-offset-key=\"20p48-26-0\">#baleares<\/span><\/span>\u00a0<span class=\"diy96o5h\"><span data-offset-key=\"20p48-28-0\">#palma<\/span><\/span>\u00a0<span class=\"diy96o5h\"><span data-offset-key=\"20p48-30-0\">#elarenal<\/span><\/span>\u00a0<span class=\"diy96o5h\"><span data-offset-key=\"20p48-32-0\">#puertoandratx<\/span><\/span>\u00a0<span class=\"diy96o5h\"><span data-offset-key=\"20p48-34-0\">#manacor<\/span><\/span>\u00a0<span class=\"diy96o5h\"><span data-offset-key=\"20p48-36-0\">#lawyers<\/span><\/span>\u00a0<span class=\"diy96o5h\"><span data-offset-key=\"20p48-38-0\">#solicitors #pandemia #coronavirus #covid19 #conflicto #ucrania #crisis<br \/>\n<\/span><\/span><\/p>\n","protected":false},"excerpt":{"rendered":"<p>&nbsp; &nbsp; Acabo de leer en distintos medios la noticia de que las insolvencias empresariales han aumentado en nuestro pa\u00eds un 7,8 % en el \u00faltimo a\u00f1o. A nadie deber\u00eda sorprender la noticia despu\u00e9s de dos a\u00f1os de profunda crisis econ\u00f3mica derivada b\u00e1sicamente de la pandemia de la COVID-19. M\u00e1s a\u00fan, la sorpresa deber\u00eda resultar [&hellip;]<\/p>\n","protected":false},"author":2,"featured_media":9711,"comment_status":"closed","ping_status":"open","sticky":false,"template":"","format":"standard","meta":{"footnotes":""},"categories":[2198,2199,3195,2986,2202],"tags":[2206,4131,2208,2993,3588,5392,2996,2997,2470,2680,2218,2219,3004,2223,2224,5393,3007,2229,2232,2345,3015,2236,3016,5394,2240,2243,5395],"class_list":["post-11437","post","type-post","status-publish","format-standard","has-post-thumbnail","hentry","category-actualidad-de","category-blog-de","category-derecho-concursal-de","category-derecho-mercantil-de","category-home-de","tag-abogados-de","tag-acreedores-de","tag-baleares-de","tag-concurso-de-acreedores-de","tag-coronavirus-de","tag-covid129-de","tag-crisis-de","tag-derecho-concursal-de","tag-derecho-mercantil-de","tag-deudas-de","tag-economistas-de","tag-el-arenal-de","tag-empresas-de","tag-fmsb-de","tag-font-mora-sainz-de-baranda-de","tag-incremento-de-los-concursos-de","tag-insolvencia-de","tag-lawyers-de","tag-manacor-de","tag-palma-de","tag-pandemia-de","tag-port-dandratx-de","tag-pre-pack-concursal-de","tag-prepack-concursal-de","tag-puerto-de-andratx-de","tag-solicitors-de","tag-unidad-productiva-de"],"yoast_head":"<!-- This site is optimized with the Yoast SEO plugin v27.3 - https:\/\/yoast.com\/product\/yoast-seo-wordpress\/ -->\n<title>Juan Font, sobre el aumento de las insolvencias - FMSB Abogados y Economistas en Baleares<\/title>\n<meta name=\"robots\" content=\"index, follow, max-snippet:-1, max-image-preview:large, max-video-preview:-1\" \/>\n<link rel=\"canonical\" href=\"https:\/\/fmsb.eu\/de\/2022\/03\/17\/juan-font-sobre-el-aumento-de-las-insolvencias\/\" \/>\n<meta property=\"og:locale\" content=\"de_DE\" \/>\n<meta property=\"og:type\" content=\"article\" \/>\n<meta property=\"og:title\" content=\"Juan Font, sobre el aumento de las insolvencias - FMSB Abogados y Economistas en Baleares\" \/>\n<meta property=\"og:description\" content=\"&nbsp; &nbsp; Acabo de leer en distintos medios la noticia de que las insolvencias empresariales han aumentado en nuestro pa\u00eds un 7,8 % en el \u00faltimo a\u00f1o. A nadie deber\u00eda sorprender la noticia despu\u00e9s de dos a\u00f1os de profunda crisis econ\u00f3mica derivada b\u00e1sicamente de la pandemia de la COVID-19. M\u00e1s a\u00fan, la sorpresa deber\u00eda resultar [&hellip;]\" \/>\n<meta property=\"og:url\" content=\"https:\/\/fmsb.eu\/de\/2022\/03\/17\/juan-font-sobre-el-aumento-de-las-insolvencias\/\" \/>\n<meta property=\"og:site_name\" content=\"FMSB Abogados y Economistas en Baleares\" \/>\n<meta property=\"article:published_time\" content=\"2022-03-17T19:10:29+00:00\" \/>\n<meta property=\"og:image\" content=\"https:\/\/fmsb.eu\/wp-content\/uploads\/2022\/03\/FMSB-Abogados-Juan-Font-Sobre-el-aumento-de-las-insolvencias-1-1.jpg\" \/>\n\t<meta property=\"og:image:width\" content=\"955\" \/>\n\t<meta property=\"og:image:height\" content=\"645\" \/>\n\t<meta property=\"og:image:type\" content=\"image\/jpeg\" \/>\n<meta name=\"author\" content=\"fmsb\" \/>\n<meta name=\"twitter:card\" content=\"summary_large_image\" \/>\n<meta name=\"twitter:creator\" content=\"@fmsb-disstint\" \/>\n<meta name=\"twitter:label1\" content=\"Verfasst von\" \/>\n\t<meta name=\"twitter:data1\" content=\"fmsb\" \/>\n\t<meta name=\"twitter:label2\" content=\"Gesch\u00e4tzte Lesezeit\" \/>\n\t<meta name=\"twitter:data2\" content=\"2\u00a0Minuten\" \/>\n<script type=\"application\/ld+json\" class=\"yoast-schema-graph\">{\"@context\":\"https:\\\/\\\/schema.org\",\"@graph\":[{\"@type\":\"Article\",\"@id\":\"https:\\\/\\\/fmsb.eu\\\/de\\\/2022\\\/03\\\/17\\\/juan-font-sobre-el-aumento-de-las-insolvencias\\\/#article\",\"isPartOf\":{\"@id\":\"https:\\\/\\\/fmsb.eu\\\/de\\\/2022\\\/03\\\/17\\\/juan-font-sobre-el-aumento-de-las-insolvencias\\\/\"},\"author\":{\"name\":\"fmsb\",\"@id\":\"https:\\\/\\\/fmsb.eu\\\/de\\\/#\\\/schema\\\/person\\\/9fba7c70814b0cd34d35d655d36a4ca2\"},\"headline\":\"Juan Font, sobre el aumento de las insolvencias\",\"datePublished\":\"2022-03-17T19:10:29+00:00\",\"mainEntityOfPage\":{\"@id\":\"https:\\\/\\\/fmsb.eu\\\/de\\\/2022\\\/03\\\/17\\\/juan-font-sobre-el-aumento-de-las-insolvencias\\\/\"},\"wordCount\":933,\"publisher\":{\"@id\":\"https:\\\/\\\/fmsb.eu\\\/de\\\/#organization\"},\"image\":{\"@id\":\"https:\\\/\\\/fmsb.eu\\\/de\\\/2022\\\/03\\\/17\\\/juan-font-sobre-el-aumento-de-las-insolvencias\\\/#primaryimage\"},\"thumbnailUrl\":\"https:\\\/\\\/fmsb.eu\\\/wp-content\\\/uploads\\\/2022\\\/03\\\/FMSB-Abogados-Juan-Font-Sobre-el-aumento-de-las-insolvencias-1-1.jpg\",\"keywords\":[\"abogados\",\"acreedores\",\"baleares\",\"concurso de acreedores\",\"coronavirus\",\"covid129\",\"crisis\",\"Derecho Concursal\",\"Derecho Mercantil\",\"deudas\",\"economistas\",\"el arenal\",\"empresas\",\"fmsb\",\"font mora sainz de baranda\",\"incremento de los concursos\",\"insolvencia\",\"lawyers\",\"Manacor\",\"Palma\",\"pandemia\",\"port d&#8217;andratx\",\"pre-pack concursal\",\"prepack concursal\",\"puerto de andratx\",\"solicitors\",\"unidad productiva\"],\"articleSection\":[\"actualidad\",\"blog\",\"Derecho Concursal\",\"Derecho Mercantil\",\"Home\"],\"inLanguage\":\"de\"},{\"@type\":\"WebPage\",\"@id\":\"https:\\\/\\\/fmsb.eu\\\/de\\\/2022\\\/03\\\/17\\\/juan-font-sobre-el-aumento-de-las-insolvencias\\\/\",\"url\":\"https:\\\/\\\/fmsb.eu\\\/de\\\/2022\\\/03\\\/17\\\/juan-font-sobre-el-aumento-de-las-insolvencias\\\/\",\"name\":\"Juan Font, sobre el aumento de las insolvencias - FMSB Abogados y Economistas en Baleares\",\"isPartOf\":{\"@id\":\"https:\\\/\\\/fmsb.eu\\\/de\\\/#website\"},\"primaryImageOfPage\":{\"@id\":\"https:\\\/\\\/fmsb.eu\\\/de\\\/2022\\\/03\\\/17\\\/juan-font-sobre-el-aumento-de-las-insolvencias\\\/#primaryimage\"},\"image\":{\"@id\":\"https:\\\/\\\/fmsb.eu\\\/de\\\/2022\\\/03\\\/17\\\/juan-font-sobre-el-aumento-de-las-insolvencias\\\/#primaryimage\"},\"thumbnailUrl\":\"https:\\\/\\\/fmsb.eu\\\/wp-content\\\/uploads\\\/2022\\\/03\\\/FMSB-Abogados-Juan-Font-Sobre-el-aumento-de-las-insolvencias-1-1.jpg\",\"datePublished\":\"2022-03-17T19:10:29+00:00\",\"breadcrumb\":{\"@id\":\"https:\\\/\\\/fmsb.eu\\\/de\\\/2022\\\/03\\\/17\\\/juan-font-sobre-el-aumento-de-las-insolvencias\\\/#breadcrumb\"},\"inLanguage\":\"de\",\"potentialAction\":[{\"@type\":\"ReadAction\",\"target\":[\"https:\\\/\\\/fmsb.eu\\\/de\\\/2022\\\/03\\\/17\\\/juan-font-sobre-el-aumento-de-las-insolvencias\\\/\"]}]},{\"@type\":\"ImageObject\",\"inLanguage\":\"de\",\"@id\":\"https:\\\/\\\/fmsb.eu\\\/de\\\/2022\\\/03\\\/17\\\/juan-font-sobre-el-aumento-de-las-insolvencias\\\/#primaryimage\",\"url\":\"https:\\\/\\\/fmsb.eu\\\/wp-content\\\/uploads\\\/2022\\\/03\\\/FMSB-Abogados-Juan-Font-Sobre-el-aumento-de-las-insolvencias-1-1.jpg\",\"contentUrl\":\"https:\\\/\\\/fmsb.eu\\\/wp-content\\\/uploads\\\/2022\\\/03\\\/FMSB-Abogados-Juan-Font-Sobre-el-aumento-de-las-insolvencias-1-1.jpg\",\"width\":955,\"height\":645},{\"@type\":\"BreadcrumbList\",\"@id\":\"https:\\\/\\\/fmsb.eu\\\/de\\\/2022\\\/03\\\/17\\\/juan-font-sobre-el-aumento-de-las-insolvencias\\\/#breadcrumb\",\"itemListElement\":[{\"@type\":\"ListItem\",\"position\":1,\"name\":\"Portada\",\"item\":\"https:\\\/\\\/fmsb.eu\\\/de\\\/\"},{\"@type\":\"ListItem\",\"position\":2,\"name\":\"Juan Font, sobre el aumento de las insolvencias\"}]},{\"@type\":\"WebSite\",\"@id\":\"https:\\\/\\\/fmsb.eu\\\/de\\\/#website\",\"url\":\"https:\\\/\\\/fmsb.eu\\\/de\\\/\",\"name\":\"FMSB Abogados y Economistas en Baleares\",\"description\":\"\",\"publisher\":{\"@id\":\"https:\\\/\\\/fmsb.eu\\\/de\\\/#organization\"},\"potentialAction\":[{\"@type\":\"SearchAction\",\"target\":{\"@type\":\"EntryPoint\",\"urlTemplate\":\"https:\\\/\\\/fmsb.eu\\\/de\\\/?s={search_term_string}\"},\"query-input\":{\"@type\":\"PropertyValueSpecification\",\"valueRequired\":true,\"valueName\":\"search_term_string\"}}],\"inLanguage\":\"de\"},{\"@type\":\"Organization\",\"@id\":\"https:\\\/\\\/fmsb.eu\\\/de\\\/#organization\",\"name\":\"FMSB Abogados y Economistas en Baleares\",\"url\":\"https:\\\/\\\/fmsb.eu\\\/de\\\/\",\"logo\":{\"@type\":\"ImageObject\",\"inLanguage\":\"de\",\"@id\":\"https:\\\/\\\/fmsb.eu\\\/de\\\/#\\\/schema\\\/logo\\\/image\\\/\",\"url\":\"https:\\\/\\\/fmsb.eu\\\/wp-content\\\/uploads\\\/2025\\\/02\\\/logo.svg\",\"contentUrl\":\"https:\\\/\\\/fmsb.eu\\\/wp-content\\\/uploads\\\/2025\\\/02\\\/logo.svg\",\"width\":154,\"height\":52,\"caption\":\"FMSB Abogados y Economistas en Baleares\"},\"image\":{\"@id\":\"https:\\\/\\\/fmsb.eu\\\/de\\\/#\\\/schema\\\/logo\\\/image\\\/\"}},{\"@type\":\"Person\",\"@id\":\"https:\\\/\\\/fmsb.eu\\\/de\\\/#\\\/schema\\\/person\\\/9fba7c70814b0cd34d35d655d36a4ca2\",\"name\":\"fmsb\",\"image\":{\"@type\":\"ImageObject\",\"inLanguage\":\"de\",\"@id\":\"https:\\\/\\\/secure.gravatar.com\\\/avatar\\\/426f4d5b0ebcace85460caf87cdaaa193694b611e990615d87a13f322fb7ee7f?s=96&d=mm&r=g\",\"url\":\"https:\\\/\\\/secure.gravatar.com\\\/avatar\\\/426f4d5b0ebcace85460caf87cdaaa193694b611e990615d87a13f322fb7ee7f?s=96&d=mm&r=g\",\"contentUrl\":\"https:\\\/\\\/secure.gravatar.com\\\/avatar\\\/426f4d5b0ebcace85460caf87cdaaa193694b611e990615d87a13f322fb7ee7f?s=96&d=mm&r=g\",\"caption\":\"fmsb\"},\"sameAs\":[\"https:\\\/\\\/x.com\\\/fmsb-disstint\"],\"url\":\"https:\\\/\\\/fmsb.eu\\\/de\\\/author\\\/fmsb\\\/\"}]}<\/script>\n<!-- \/ Yoast SEO plugin. -->","yoast_head_json":{"title":"Juan Font, sobre el aumento de las insolvencias - FMSB Abogados y Economistas en Baleares","robots":{"index":"index","follow":"follow","max-snippet":"max-snippet:-1","max-image-preview":"max-image-preview:large","max-video-preview":"max-video-preview:-1"},"canonical":"https:\/\/fmsb.eu\/de\/2022\/03\/17\/juan-font-sobre-el-aumento-de-las-insolvencias\/","og_locale":"de_DE","og_type":"article","og_title":"Juan Font, sobre el aumento de las insolvencias - FMSB Abogados y Economistas en Baleares","og_description":"&nbsp; &nbsp; Acabo de leer en distintos medios la noticia de que las insolvencias empresariales han aumentado en nuestro pa\u00eds un 7,8 % en el \u00faltimo a\u00f1o. A nadie deber\u00eda sorprender la noticia despu\u00e9s de dos a\u00f1os de profunda crisis econ\u00f3mica derivada b\u00e1sicamente de la pandemia de la COVID-19. M\u00e1s a\u00fan, la sorpresa deber\u00eda resultar [&hellip;]","og_url":"https:\/\/fmsb.eu\/de\/2022\/03\/17\/juan-font-sobre-el-aumento-de-las-insolvencias\/","og_site_name":"FMSB Abogados y Economistas en Baleares","article_published_time":"2022-03-17T19:10:29+00:00","og_image":[{"width":955,"height":645,"url":"https:\/\/fmsb.eu\/wp-content\/uploads\/2022\/03\/FMSB-Abogados-Juan-Font-Sobre-el-aumento-de-las-insolvencias-1-1.jpg","type":"image\/jpeg"}],"author":"fmsb","twitter_card":"summary_large_image","twitter_creator":"@fmsb-disstint","twitter_misc":{"Verfasst von":"fmsb","Gesch\u00e4tzte Lesezeit":"2\u00a0Minuten"},"schema":{"@context":"https:\/\/schema.org","@graph":[{"@type":"Article","@id":"https:\/\/fmsb.eu\/de\/2022\/03\/17\/juan-font-sobre-el-aumento-de-las-insolvencias\/#article","isPartOf":{"@id":"https:\/\/fmsb.eu\/de\/2022\/03\/17\/juan-font-sobre-el-aumento-de-las-insolvencias\/"},"author":{"name":"fmsb","@id":"https:\/\/fmsb.eu\/de\/#\/schema\/person\/9fba7c70814b0cd34d35d655d36a4ca2"},"headline":"Juan Font, sobre el aumento de las insolvencias","datePublished":"2022-03-17T19:10:29+00:00","mainEntityOfPage":{"@id":"https:\/\/fmsb.eu\/de\/2022\/03\/17\/juan-font-sobre-el-aumento-de-las-insolvencias\/"},"wordCount":933,"publisher":{"@id":"https:\/\/fmsb.eu\/de\/#organization"},"image":{"@id":"https:\/\/fmsb.eu\/de\/2022\/03\/17\/juan-font-sobre-el-aumento-de-las-insolvencias\/#primaryimage"},"thumbnailUrl":"https:\/\/fmsb.eu\/wp-content\/uploads\/2022\/03\/FMSB-Abogados-Juan-Font-Sobre-el-aumento-de-las-insolvencias-1-1.jpg","keywords":["abogados","acreedores","baleares","concurso de acreedores","coronavirus","covid129","crisis","Derecho Concursal","Derecho Mercantil","deudas","economistas","el arenal","empresas","fmsb","font mora sainz de baranda","incremento de los concursos","insolvencia","lawyers","Manacor","Palma","pandemia","port d&#8217;andratx","pre-pack concursal","prepack concursal","puerto de andratx","solicitors","unidad productiva"],"articleSection":["actualidad","blog","Derecho Concursal","Derecho Mercantil","Home"],"inLanguage":"de"},{"@type":"WebPage","@id":"https:\/\/fmsb.eu\/de\/2022\/03\/17\/juan-font-sobre-el-aumento-de-las-insolvencias\/","url":"https:\/\/fmsb.eu\/de\/2022\/03\/17\/juan-font-sobre-el-aumento-de-las-insolvencias\/","name":"Juan Font, sobre el aumento de las insolvencias - FMSB Abogados y Economistas en Baleares","isPartOf":{"@id":"https:\/\/fmsb.eu\/de\/#website"},"primaryImageOfPage":{"@id":"https:\/\/fmsb.eu\/de\/2022\/03\/17\/juan-font-sobre-el-aumento-de-las-insolvencias\/#primaryimage"},"image":{"@id":"https:\/\/fmsb.eu\/de\/2022\/03\/17\/juan-font-sobre-el-aumento-de-las-insolvencias\/#primaryimage"},"thumbnailUrl":"https:\/\/fmsb.eu\/wp-content\/uploads\/2022\/03\/FMSB-Abogados-Juan-Font-Sobre-el-aumento-de-las-insolvencias-1-1.jpg","datePublished":"2022-03-17T19:10:29+00:00","breadcrumb":{"@id":"https:\/\/fmsb.eu\/de\/2022\/03\/17\/juan-font-sobre-el-aumento-de-las-insolvencias\/#breadcrumb"},"inLanguage":"de","potentialAction":[{"@type":"ReadAction","target":["https:\/\/fmsb.eu\/de\/2022\/03\/17\/juan-font-sobre-el-aumento-de-las-insolvencias\/"]}]},{"@type":"ImageObject","inLanguage":"de","@id":"https:\/\/fmsb.eu\/de\/2022\/03\/17\/juan-font-sobre-el-aumento-de-las-insolvencias\/#primaryimage","url":"https:\/\/fmsb.eu\/wp-content\/uploads\/2022\/03\/FMSB-Abogados-Juan-Font-Sobre-el-aumento-de-las-insolvencias-1-1.jpg","contentUrl":"https:\/\/fmsb.eu\/wp-content\/uploads\/2022\/03\/FMSB-Abogados-Juan-Font-Sobre-el-aumento-de-las-insolvencias-1-1.jpg","width":955,"height":645},{"@type":"BreadcrumbList","@id":"https:\/\/fmsb.eu\/de\/2022\/03\/17\/juan-font-sobre-el-aumento-de-las-insolvencias\/#breadcrumb","itemListElement":[{"@type":"ListItem","position":1,"name":"Portada","item":"https:\/\/fmsb.eu\/de\/"},{"@type":"ListItem","position":2,"name":"Juan Font, sobre el aumento de las insolvencias"}]},{"@type":"WebSite","@id":"https:\/\/fmsb.eu\/de\/#website","url":"https:\/\/fmsb.eu\/de\/","name":"FMSB Abogados y Economistas en Baleares","description":"","publisher":{"@id":"https:\/\/fmsb.eu\/de\/#organization"},"potentialAction":[{"@type":"SearchAction","target":{"@type":"EntryPoint","urlTemplate":"https:\/\/fmsb.eu\/de\/?s={search_term_string}"},"query-input":{"@type":"PropertyValueSpecification","valueRequired":true,"valueName":"search_term_string"}}],"inLanguage":"de"},{"@type":"Organization","@id":"https:\/\/fmsb.eu\/de\/#organization","name":"FMSB Abogados y Economistas en Baleares","url":"https:\/\/fmsb.eu\/de\/","logo":{"@type":"ImageObject","inLanguage":"de","@id":"https:\/\/fmsb.eu\/de\/#\/schema\/logo\/image\/","url":"https:\/\/fmsb.eu\/wp-content\/uploads\/2025\/02\/logo.svg","contentUrl":"https:\/\/fmsb.eu\/wp-content\/uploads\/2025\/02\/logo.svg","width":154,"height":52,"caption":"FMSB Abogados y Economistas en Baleares"},"image":{"@id":"https:\/\/fmsb.eu\/de\/#\/schema\/logo\/image\/"}},{"@type":"Person","@id":"https:\/\/fmsb.eu\/de\/#\/schema\/person\/9fba7c70814b0cd34d35d655d36a4ca2","name":"fmsb","image":{"@type":"ImageObject","inLanguage":"de","@id":"https:\/\/secure.gravatar.com\/avatar\/426f4d5b0ebcace85460caf87cdaaa193694b611e990615d87a13f322fb7ee7f?s=96&d=mm&r=g","url":"https:\/\/secure.gravatar.com\/avatar\/426f4d5b0ebcace85460caf87cdaaa193694b611e990615d87a13f322fb7ee7f?s=96&d=mm&r=g","contentUrl":"https:\/\/secure.gravatar.com\/avatar\/426f4d5b0ebcace85460caf87cdaaa193694b611e990615d87a13f322fb7ee7f?s=96&d=mm&r=g","caption":"fmsb"},"sameAs":["https:\/\/x.com\/fmsb-disstint"],"url":"https:\/\/fmsb.eu\/de\/author\/fmsb\/"}]}},"_links":{"self":[{"href":"https:\/\/fmsb.eu\/de\/wp-json\/wp\/v2\/posts\/11437","targetHints":{"allow":["GET"]}}],"collection":[{"href":"https:\/\/fmsb.eu\/de\/wp-json\/wp\/v2\/posts"}],"about":[{"href":"https:\/\/fmsb.eu\/de\/wp-json\/wp\/v2\/types\/post"}],"author":[{"embeddable":true,"href":"https:\/\/fmsb.eu\/de\/wp-json\/wp\/v2\/users\/2"}],"replies":[{"embeddable":true,"href":"https:\/\/fmsb.eu\/de\/wp-json\/wp\/v2\/comments?post=11437"}],"version-history":[{"count":0,"href":"https:\/\/fmsb.eu\/de\/wp-json\/wp\/v2\/posts\/11437\/revisions"}],"wp:featuredmedia":[{"embeddable":true,"href":"https:\/\/fmsb.eu\/de\/wp-json\/wp\/v2\/media\/9711"}],"wp:attachment":[{"href":"https:\/\/fmsb.eu\/de\/wp-json\/wp\/v2\/media?parent=11437"}],"wp:term":[{"taxonomy":"category","embeddable":true,"href":"https:\/\/fmsb.eu\/de\/wp-json\/wp\/v2\/categories?post=11437"},{"taxonomy":"post_tag","embeddable":true,"href":"https:\/\/fmsb.eu\/de\/wp-json\/wp\/v2\/tags?post=11437"}],"curies":[{"name":"wp","href":"https:\/\/api.w.org\/{rel}","templated":true}]}}