{"id":11439,"date":"2022-03-17T19:46:40","date_gmt":"2022-03-17T18:46:40","guid":{"rendered":"http:\/\/fmsb.disstintbeta.com\/2022\/03\/17\/sobre-la-promesa-del-gobierno-de-espana-de-rebajar-el-precio-de-la-energia-jorge-sainz-de-baranda-en-ib3-tv\/"},"modified":"2022-03-17T19:46:40","modified_gmt":"2022-03-17T18:46:40","slug":"sobre-la-promesa-del-gobierno-de-espana-de-rebajar-el-precio-de-la-energia-jorge-sainz-de-baranda-en-ib3-tv","status":"publish","type":"post","link":"https:\/\/fmsb.eu\/de\/2022\/03\/17\/sobre-la-promesa-del-gobierno-de-espana-de-rebajar-el-precio-de-la-energia-jorge-sainz-de-baranda-en-ib3-tv\/","title":{"rendered":"Sobre la promesa del Gobierno de Espa\u00f1a de rebajar el precio de la energ\u00eda, Jorge Sainz de Baranda en IB3 TV"},"content":{"rendered":"<p><iframe title=\"Jorge Sainz de Baranda y la rebaja prometida por el Gobierno del precio de la energ\u00eda\" width=\"800\" height=\"450\" src=\"https:\/\/www.youtube.com\/embed\/6EStAcYN6y8?feature=oembed\" frameborder=\"0\" allow=\"accelerometer; autoplay; clipboard-write; encrypted-media; gyroscope; picture-in-picture; web-share\" referrerpolicy=\"strict-origin-when-cross-origin\" allowfullscreen><\/iframe><\/p>\n<p>&nbsp;<\/p>\n<p>El Gobierno de Espa\u00f1a se ha comprometido a rebajar el precio la energ\u00eda (carburantes, electricidad&#8230;) el pr\u00f3ximo 29 de marzo. Sin anunciar concretamente las medidas que implicar\u00e1 el compromiso contra\u00eddo, se baraja la posiblidad de que se realiza a trav\u00e9s de una bajada de los impuestos o bien a trav\u00e9s de la concesi\u00f3n de ayudas, no obstante la concesi\u00f3n de ayudas que la Uni\u00f3n Europea ya ha puesto a disposici\u00f3n de los estados miembros est\u00e1n dirigidas a empresas que hacen un consumo intensivo de energ\u00eda. A la espera de que se aprueben las medidas espec\u00edficas, el abogado y socio de <strong><a class=\"ql-mention\" spellcheck=\"false\" href=\"https:\/\/www.linkedin.com\/company\/14073715\/admin\/?share=true#\" data-entity-urn=\"urn:li:fs_normalized_company:14073715\" data-guid=\"8\" data-object-urn=\"undefined\" data-original-text=\"Font Mora Sainz de Baranda FMSB\">Font Mora Sainz de Baranda <\/a><\/strong><a class=\"ql-mention\" spellcheck=\"false\" href=\"https:\/\/www.linkedin.com\/company\/14073715\/admin\/?share=true#\" data-entity-urn=\"urn:li:fs_normalized_company:14073715\" data-guid=\"8\" data-object-urn=\"undefined\" data-original-text=\"Font Mora Sainz de Baranda FMSB\">&#8211;<em>abogados y economistas<\/em>&#8211;<\/a> <a class=\"ql-mention\" spellcheck=\"false\" href=\"https:\/\/www.linkedin.com\/company\/14073715\/admin\/?share=true#\" data-entity-urn=\"urn:li:fs_normalized_profile:ACoAAASVor0BCahZE-83TmHL3MGdYOmNc6IIqxg\" data-guid=\"7\" data-object-urn=\"undefined\" data-original-text=\"Jorge Sainz de Baranda\"><strong>Jorge Sainz de Baranda<\/strong><\/a> ha compartido con la audiencia del <span style=\"color: #33cccc;\"><strong class=\"ql-hashtag\">Cinc Dies<\/strong><\/span> de <strong><span style=\"color: #c435c4;\">ib3<\/span><\/strong> su criterio al respecto, como profesional especializado en el Derecho tributario.<\/p>\n<hr \/>\n<p><span style=\"color: #bababa;\">#fmsb #abogados #economistas #jorgesainzdebaranda #ib3 #cincdies #derecho #tributos #impuestos #precios #coste #energ\u00eda #carburantes #gas #electricidad #invasi\u00f3n #ucrania #inflaci\u00f3n #factura #law #lawyers #solicitors<\/span><\/p>\n","protected":false},"excerpt":{"rendered":"<p>&nbsp; El Gobierno de Espa\u00f1a se ha comprometido a rebajar el precio la energ\u00eda (carburantes, electricidad&#8230;) el pr\u00f3ximo 29 de marzo. Sin anunciar concretamente las medidas que implicar\u00e1 el compromiso contra\u00eddo, se baraja la posiblidad de que se realiza a trav\u00e9s de una bajada de los impuestos o bien a trav\u00e9s de la concesi\u00f3n de [&hellip;]<\/p>\n","protected":false},"author":2,"featured_media":9709,"comment_status":"closed","ping_status":"open","sticky":false,"template":"","format":"standard","meta":{"footnotes":""},"categories":[2198,2199,2309,2202],"tags":[2206,2208,5365,2218,2219,3231,3620,5369,3621,2223,2224,3233,2333,2228,2229,5370,2232,2345,2236,2243,2362],"class_list":["post-11439","post","type-post","status-publish","format-standard","has-post-thumbnail","hentry","category-actualidad-de","category-blog-de","category-derecho-fiscal-de","category-home-de","tag-abogados-de","tag-baleares-de","tag-carburantes-de","tag-economistas-de","tag-el-arenal-de","tag-electricidad-de","tag-exencion-de","tag-factura-de","tag-fiscalidad-de","tag-fmsb-de","tag-font-mora-sainz-de-baranda-de","tag-gas-de","tag-jorge-sainz-de-baranda-de","tag-law-de","tag-lawyers-de","tag-limites-de","tag-manacor-de","tag-palma-de","tag-port-dandratx-de","tag-solicitors-de","tag-tributacion-de"],"yoast_head":"<!-- This site is optimized with the Yoast SEO plugin v27.3 - https:\/\/yoast.com\/product\/yoast-seo-wordpress\/ -->\n<title>Sobre la promesa del Gobierno de Espa\u00f1a de rebajar el precio de la energ\u00eda, Jorge Sainz de Baranda en IB3 TV - FMSB Abogados y Economistas en Baleares<\/title>\n<meta name=\"robots\" content=\"index, follow, max-snippet:-1, max-image-preview:large, max-video-preview:-1\" \/>\n<link rel=\"canonical\" href=\"https:\/\/fmsb.eu\/de\/2022\/03\/17\/sobre-la-promesa-del-gobierno-de-espana-de-rebajar-el-precio-de-la-energia-jorge-sainz-de-baranda-en-ib3-tv\/\" \/>\n<meta property=\"og:locale\" content=\"de_DE\" \/>\n<meta property=\"og:type\" content=\"article\" \/>\n<meta property=\"og:title\" content=\"Sobre la promesa del Gobierno de Espa\u00f1a de rebajar el precio de la energ\u00eda, Jorge Sainz de Baranda en IB3 TV - FMSB Abogados y Economistas en Baleares\" \/>\n<meta property=\"og:description\" content=\"&nbsp; El Gobierno de Espa\u00f1a se ha comprometido a rebajar el precio la energ\u00eda (carburantes, electricidad&#8230;) el pr\u00f3ximo 29 de marzo. Sin anunciar concretamente las medidas que implicar\u00e1 el compromiso contra\u00eddo, se baraja la posiblidad de que se realiza a trav\u00e9s de una bajada de los impuestos o bien a trav\u00e9s de la concesi\u00f3n de [&hellip;]\" \/>\n<meta property=\"og:url\" content=\"https:\/\/fmsb.eu\/de\/2022\/03\/17\/sobre-la-promesa-del-gobierno-de-espana-de-rebajar-el-precio-de-la-energia-jorge-sainz-de-baranda-en-ib3-tv\/\" \/>\n<meta property=\"og:site_name\" content=\"FMSB Abogados y Economistas en Baleares\" \/>\n<meta property=\"article:published_time\" content=\"2022-03-17T18:46:40+00:00\" \/>\n<meta property=\"og:image\" content=\"https:\/\/fmsb.eu\/wp-content\/uploads\/2022\/03\/Captura-de-pantalla-2022-03-17-194402.png\" \/>\n\t<meta property=\"og:image:width\" content=\"1482\" \/>\n\t<meta property=\"og:image:height\" content=\"837\" \/>\n\t<meta property=\"og:image:type\" content=\"image\/png\" \/>\n<meta name=\"author\" content=\"fmsb\" \/>\n<meta name=\"twitter:card\" content=\"summary_large_image\" \/>\n<meta name=\"twitter:creator\" content=\"@fmsb-disstint\" \/>\n<meta name=\"twitter:label1\" content=\"Verfasst von\" \/>\n\t<meta name=\"twitter:data1\" content=\"fmsb\" \/>\n\t<meta name=\"twitter:label2\" content=\"Gesch\u00e4tzte Lesezeit\" \/>\n\t<meta name=\"twitter:data2\" content=\"1\u00a0Minute\" \/>\n<script type=\"application\/ld+json\" class=\"yoast-schema-graph\">{\"@context\":\"https:\\\/\\\/schema.org\",\"@graph\":[{\"@type\":\"Article\",\"@id\":\"https:\\\/\\\/fmsb.eu\\\/de\\\/2022\\\/03\\\/17\\\/sobre-la-promesa-del-gobierno-de-espana-de-rebajar-el-precio-de-la-energia-jorge-sainz-de-baranda-en-ib3-tv\\\/#article\",\"isPartOf\":{\"@id\":\"https:\\\/\\\/fmsb.eu\\\/de\\\/2022\\\/03\\\/17\\\/sobre-la-promesa-del-gobierno-de-espana-de-rebajar-el-precio-de-la-energia-jorge-sainz-de-baranda-en-ib3-tv\\\/\"},\"author\":{\"name\":\"fmsb\",\"@id\":\"https:\\\/\\\/fmsb.eu\\\/de\\\/#\\\/schema\\\/person\\\/9fba7c70814b0cd34d35d655d36a4ca2\"},\"headline\":\"Sobre la promesa del Gobierno de Espa\u00f1a de rebajar el precio de la energ\u00eda, Jorge Sainz de Baranda en IB3 TV\",\"datePublished\":\"2022-03-17T18:46:40+00:00\",\"mainEntityOfPage\":{\"@id\":\"https:\\\/\\\/fmsb.eu\\\/de\\\/2022\\\/03\\\/17\\\/sobre-la-promesa-del-gobierno-de-espana-de-rebajar-el-precio-de-la-energia-jorge-sainz-de-baranda-en-ib3-tv\\\/\"},\"wordCount\":199,\"publisher\":{\"@id\":\"https:\\\/\\\/fmsb.eu\\\/de\\\/#organization\"},\"image\":{\"@id\":\"https:\\\/\\\/fmsb.eu\\\/de\\\/2022\\\/03\\\/17\\\/sobre-la-promesa-del-gobierno-de-espana-de-rebajar-el-precio-de-la-energia-jorge-sainz-de-baranda-en-ib3-tv\\\/#primaryimage\"},\"thumbnailUrl\":\"https:\\\/\\\/fmsb.eu\\\/wp-content\\\/uploads\\\/2022\\\/03\\\/Captura-de-pantalla-2022-03-17-194402.png\",\"keywords\":[\"abogados\",\"baleares\",\"carburantes\",\"economistas\",\"el arenal\",\"electricidad\",\"exenci\u00f3n\",\"factura\",\"fiscalidad\",\"fmsb\",\"font mora sainz de baranda\",\"gas\",\"jorge sainz de baranda\",\"law\",\"lawyers\",\"l\u00edmites\",\"Manacor\",\"Palma\",\"port d&#8217;andratx\",\"solicitors\",\"tributaci\u00f3n\"],\"articleSection\":[\"actualidad\",\"blog\",\"Derecho Fiscal\",\"Home\"],\"inLanguage\":\"de\"},{\"@type\":\"WebPage\",\"@id\":\"https:\\\/\\\/fmsb.eu\\\/de\\\/2022\\\/03\\\/17\\\/sobre-la-promesa-del-gobierno-de-espana-de-rebajar-el-precio-de-la-energia-jorge-sainz-de-baranda-en-ib3-tv\\\/\",\"url\":\"https:\\\/\\\/fmsb.eu\\\/de\\\/2022\\\/03\\\/17\\\/sobre-la-promesa-del-gobierno-de-espana-de-rebajar-el-precio-de-la-energia-jorge-sainz-de-baranda-en-ib3-tv\\\/\",\"name\":\"Sobre la promesa del Gobierno de Espa\u00f1a de rebajar el precio de la energ\u00eda, Jorge Sainz de Baranda en IB3 TV - FMSB Abogados y Economistas en Baleares\",\"isPartOf\":{\"@id\":\"https:\\\/\\\/fmsb.eu\\\/de\\\/#website\"},\"primaryImageOfPage\":{\"@id\":\"https:\\\/\\\/fmsb.eu\\\/de\\\/2022\\\/03\\\/17\\\/sobre-la-promesa-del-gobierno-de-espana-de-rebajar-el-precio-de-la-energia-jorge-sainz-de-baranda-en-ib3-tv\\\/#primaryimage\"},\"image\":{\"@id\":\"https:\\\/\\\/fmsb.eu\\\/de\\\/2022\\\/03\\\/17\\\/sobre-la-promesa-del-gobierno-de-espana-de-rebajar-el-precio-de-la-energia-jorge-sainz-de-baranda-en-ib3-tv\\\/#primaryimage\"},\"thumbnailUrl\":\"https:\\\/\\\/fmsb.eu\\\/wp-content\\\/uploads\\\/2022\\\/03\\\/Captura-de-pantalla-2022-03-17-194402.png\",\"datePublished\":\"2022-03-17T18:46:40+00:00\",\"breadcrumb\":{\"@id\":\"https:\\\/\\\/fmsb.eu\\\/de\\\/2022\\\/03\\\/17\\\/sobre-la-promesa-del-gobierno-de-espana-de-rebajar-el-precio-de-la-energia-jorge-sainz-de-baranda-en-ib3-tv\\\/#breadcrumb\"},\"inLanguage\":\"de\",\"potentialAction\":[{\"@type\":\"ReadAction\",\"target\":[\"https:\\\/\\\/fmsb.eu\\\/de\\\/2022\\\/03\\\/17\\\/sobre-la-promesa-del-gobierno-de-espana-de-rebajar-el-precio-de-la-energia-jorge-sainz-de-baranda-en-ib3-tv\\\/\"]}]},{\"@type\":\"ImageObject\",\"inLanguage\":\"de\",\"@id\":\"https:\\\/\\\/fmsb.eu\\\/de\\\/2022\\\/03\\\/17\\\/sobre-la-promesa-del-gobierno-de-espana-de-rebajar-el-precio-de-la-energia-jorge-sainz-de-baranda-en-ib3-tv\\\/#primaryimage\",\"url\":\"https:\\\/\\\/fmsb.eu\\\/wp-content\\\/uploads\\\/2022\\\/03\\\/Captura-de-pantalla-2022-03-17-194402.png\",\"contentUrl\":\"https:\\\/\\\/fmsb.eu\\\/wp-content\\\/uploads\\\/2022\\\/03\\\/Captura-de-pantalla-2022-03-17-194402.png\",\"width\":1482,\"height\":837},{\"@type\":\"BreadcrumbList\",\"@id\":\"https:\\\/\\\/fmsb.eu\\\/de\\\/2022\\\/03\\\/17\\\/sobre-la-promesa-del-gobierno-de-espana-de-rebajar-el-precio-de-la-energia-jorge-sainz-de-baranda-en-ib3-tv\\\/#breadcrumb\",\"itemListElement\":[{\"@type\":\"ListItem\",\"position\":1,\"name\":\"Portada\",\"item\":\"https:\\\/\\\/fmsb.eu\\\/de\\\/\"},{\"@type\":\"ListItem\",\"position\":2,\"name\":\"Sobre la promesa del Gobierno de Espa\u00f1a de rebajar el precio de la energ\u00eda, Jorge Sainz de Baranda en IB3 TV\"}]},{\"@type\":\"WebSite\",\"@id\":\"https:\\\/\\\/fmsb.eu\\\/de\\\/#website\",\"url\":\"https:\\\/\\\/fmsb.eu\\\/de\\\/\",\"name\":\"FMSB Abogados y Economistas en Baleares\",\"description\":\"\",\"publisher\":{\"@id\":\"https:\\\/\\\/fmsb.eu\\\/de\\\/#organization\"},\"potentialAction\":[{\"@type\":\"SearchAction\",\"target\":{\"@type\":\"EntryPoint\",\"urlTemplate\":\"https:\\\/\\\/fmsb.eu\\\/de\\\/?s={search_term_string}\"},\"query-input\":{\"@type\":\"PropertyValueSpecification\",\"valueRequired\":true,\"valueName\":\"search_term_string\"}}],\"inLanguage\":\"de\"},{\"@type\":\"Organization\",\"@id\":\"https:\\\/\\\/fmsb.eu\\\/de\\\/#organization\",\"name\":\"FMSB Abogados y Economistas en Baleares\",\"url\":\"https:\\\/\\\/fmsb.eu\\\/de\\\/\",\"logo\":{\"@type\":\"ImageObject\",\"inLanguage\":\"de\",\"@id\":\"https:\\\/\\\/fmsb.eu\\\/de\\\/#\\\/schema\\\/logo\\\/image\\\/\",\"url\":\"https:\\\/\\\/fmsb.eu\\\/wp-content\\\/uploads\\\/2025\\\/02\\\/logo.svg\",\"contentUrl\":\"https:\\\/\\\/fmsb.eu\\\/wp-content\\\/uploads\\\/2025\\\/02\\\/logo.svg\",\"width\":154,\"height\":52,\"caption\":\"FMSB Abogados y Economistas en Baleares\"},\"image\":{\"@id\":\"https:\\\/\\\/fmsb.eu\\\/de\\\/#\\\/schema\\\/logo\\\/image\\\/\"}},{\"@type\":\"Person\",\"@id\":\"https:\\\/\\\/fmsb.eu\\\/de\\\/#\\\/schema\\\/person\\\/9fba7c70814b0cd34d35d655d36a4ca2\",\"name\":\"fmsb\",\"image\":{\"@type\":\"ImageObject\",\"inLanguage\":\"de\",\"@id\":\"https:\\\/\\\/secure.gravatar.com\\\/avatar\\\/426f4d5b0ebcace85460caf87cdaaa193694b611e990615d87a13f322fb7ee7f?s=96&d=mm&r=g\",\"url\":\"https:\\\/\\\/secure.gravatar.com\\\/avatar\\\/426f4d5b0ebcace85460caf87cdaaa193694b611e990615d87a13f322fb7ee7f?s=96&d=mm&r=g\",\"contentUrl\":\"https:\\\/\\\/secure.gravatar.com\\\/avatar\\\/426f4d5b0ebcace85460caf87cdaaa193694b611e990615d87a13f322fb7ee7f?s=96&d=mm&r=g\",\"caption\":\"fmsb\"},\"sameAs\":[\"https:\\\/\\\/x.com\\\/fmsb-disstint\"],\"url\":\"https:\\\/\\\/fmsb.eu\\\/de\\\/author\\\/fmsb\\\/\"}]}<\/script>\n<!-- \/ Yoast SEO plugin. -->","yoast_head_json":{"title":"Sobre la promesa del Gobierno de Espa\u00f1a de rebajar el precio de la energ\u00eda, Jorge Sainz de Baranda en IB3 TV - FMSB Abogados y Economistas en Baleares","robots":{"index":"index","follow":"follow","max-snippet":"max-snippet:-1","max-image-preview":"max-image-preview:large","max-video-preview":"max-video-preview:-1"},"canonical":"https:\/\/fmsb.eu\/de\/2022\/03\/17\/sobre-la-promesa-del-gobierno-de-espana-de-rebajar-el-precio-de-la-energia-jorge-sainz-de-baranda-en-ib3-tv\/","og_locale":"de_DE","og_type":"article","og_title":"Sobre la promesa del Gobierno de Espa\u00f1a de rebajar el precio de la energ\u00eda, Jorge Sainz de Baranda en IB3 TV - FMSB Abogados y Economistas en Baleares","og_description":"&nbsp; El Gobierno de Espa\u00f1a se ha comprometido a rebajar el precio la energ\u00eda (carburantes, electricidad&#8230;) el pr\u00f3ximo 29 de marzo. Sin anunciar concretamente las medidas que implicar\u00e1 el compromiso contra\u00eddo, se baraja la posiblidad de que se realiza a trav\u00e9s de una bajada de los impuestos o bien a trav\u00e9s de la concesi\u00f3n de [&hellip;]","og_url":"https:\/\/fmsb.eu\/de\/2022\/03\/17\/sobre-la-promesa-del-gobierno-de-espana-de-rebajar-el-precio-de-la-energia-jorge-sainz-de-baranda-en-ib3-tv\/","og_site_name":"FMSB Abogados y Economistas en Baleares","article_published_time":"2022-03-17T18:46:40+00:00","og_image":[{"width":1482,"height":837,"url":"https:\/\/fmsb.eu\/wp-content\/uploads\/2022\/03\/Captura-de-pantalla-2022-03-17-194402.png","type":"image\/png"}],"author":"fmsb","twitter_card":"summary_large_image","twitter_creator":"@fmsb-disstint","twitter_misc":{"Verfasst von":"fmsb","Gesch\u00e4tzte Lesezeit":"1\u00a0Minute"},"schema":{"@context":"https:\/\/schema.org","@graph":[{"@type":"Article","@id":"https:\/\/fmsb.eu\/de\/2022\/03\/17\/sobre-la-promesa-del-gobierno-de-espana-de-rebajar-el-precio-de-la-energia-jorge-sainz-de-baranda-en-ib3-tv\/#article","isPartOf":{"@id":"https:\/\/fmsb.eu\/de\/2022\/03\/17\/sobre-la-promesa-del-gobierno-de-espana-de-rebajar-el-precio-de-la-energia-jorge-sainz-de-baranda-en-ib3-tv\/"},"author":{"name":"fmsb","@id":"https:\/\/fmsb.eu\/de\/#\/schema\/person\/9fba7c70814b0cd34d35d655d36a4ca2"},"headline":"Sobre la promesa del Gobierno de Espa\u00f1a de rebajar el precio de la energ\u00eda, Jorge Sainz de Baranda en IB3 TV","datePublished":"2022-03-17T18:46:40+00:00","mainEntityOfPage":{"@id":"https:\/\/fmsb.eu\/de\/2022\/03\/17\/sobre-la-promesa-del-gobierno-de-espana-de-rebajar-el-precio-de-la-energia-jorge-sainz-de-baranda-en-ib3-tv\/"},"wordCount":199,"publisher":{"@id":"https:\/\/fmsb.eu\/de\/#organization"},"image":{"@id":"https:\/\/fmsb.eu\/de\/2022\/03\/17\/sobre-la-promesa-del-gobierno-de-espana-de-rebajar-el-precio-de-la-energia-jorge-sainz-de-baranda-en-ib3-tv\/#primaryimage"},"thumbnailUrl":"https:\/\/fmsb.eu\/wp-content\/uploads\/2022\/03\/Captura-de-pantalla-2022-03-17-194402.png","keywords":["abogados","baleares","carburantes","economistas","el arenal","electricidad","exenci\u00f3n","factura","fiscalidad","fmsb","font mora sainz de baranda","gas","jorge sainz de baranda","law","lawyers","l\u00edmites","Manacor","Palma","port d&#8217;andratx","solicitors","tributaci\u00f3n"],"articleSection":["actualidad","blog","Derecho Fiscal","Home"],"inLanguage":"de"},{"@type":"WebPage","@id":"https:\/\/fmsb.eu\/de\/2022\/03\/17\/sobre-la-promesa-del-gobierno-de-espana-de-rebajar-el-precio-de-la-energia-jorge-sainz-de-baranda-en-ib3-tv\/","url":"https:\/\/fmsb.eu\/de\/2022\/03\/17\/sobre-la-promesa-del-gobierno-de-espana-de-rebajar-el-precio-de-la-energia-jorge-sainz-de-baranda-en-ib3-tv\/","name":"Sobre la promesa del Gobierno de Espa\u00f1a de rebajar el precio de la energ\u00eda, Jorge Sainz de Baranda en IB3 TV - FMSB Abogados y Economistas en Baleares","isPartOf":{"@id":"https:\/\/fmsb.eu\/de\/#website"},"primaryImageOfPage":{"@id":"https:\/\/fmsb.eu\/de\/2022\/03\/17\/sobre-la-promesa-del-gobierno-de-espana-de-rebajar-el-precio-de-la-energia-jorge-sainz-de-baranda-en-ib3-tv\/#primaryimage"},"image":{"@id":"https:\/\/fmsb.eu\/de\/2022\/03\/17\/sobre-la-promesa-del-gobierno-de-espana-de-rebajar-el-precio-de-la-energia-jorge-sainz-de-baranda-en-ib3-tv\/#primaryimage"},"thumbnailUrl":"https:\/\/fmsb.eu\/wp-content\/uploads\/2022\/03\/Captura-de-pantalla-2022-03-17-194402.png","datePublished":"2022-03-17T18:46:40+00:00","breadcrumb":{"@id":"https:\/\/fmsb.eu\/de\/2022\/03\/17\/sobre-la-promesa-del-gobierno-de-espana-de-rebajar-el-precio-de-la-energia-jorge-sainz-de-baranda-en-ib3-tv\/#breadcrumb"},"inLanguage":"de","potentialAction":[{"@type":"ReadAction","target":["https:\/\/fmsb.eu\/de\/2022\/03\/17\/sobre-la-promesa-del-gobierno-de-espana-de-rebajar-el-precio-de-la-energia-jorge-sainz-de-baranda-en-ib3-tv\/"]}]},{"@type":"ImageObject","inLanguage":"de","@id":"https:\/\/fmsb.eu\/de\/2022\/03\/17\/sobre-la-promesa-del-gobierno-de-espana-de-rebajar-el-precio-de-la-energia-jorge-sainz-de-baranda-en-ib3-tv\/#primaryimage","url":"https:\/\/fmsb.eu\/wp-content\/uploads\/2022\/03\/Captura-de-pantalla-2022-03-17-194402.png","contentUrl":"https:\/\/fmsb.eu\/wp-content\/uploads\/2022\/03\/Captura-de-pantalla-2022-03-17-194402.png","width":1482,"height":837},{"@type":"BreadcrumbList","@id":"https:\/\/fmsb.eu\/de\/2022\/03\/17\/sobre-la-promesa-del-gobierno-de-espana-de-rebajar-el-precio-de-la-energia-jorge-sainz-de-baranda-en-ib3-tv\/#breadcrumb","itemListElement":[{"@type":"ListItem","position":1,"name":"Portada","item":"https:\/\/fmsb.eu\/de\/"},{"@type":"ListItem","position":2,"name":"Sobre la promesa del Gobierno de Espa\u00f1a de rebajar el precio de la energ\u00eda, Jorge Sainz de Baranda en IB3 TV"}]},{"@type":"WebSite","@id":"https:\/\/fmsb.eu\/de\/#website","url":"https:\/\/fmsb.eu\/de\/","name":"FMSB Abogados y Economistas en Baleares","description":"","publisher":{"@id":"https:\/\/fmsb.eu\/de\/#organization"},"potentialAction":[{"@type":"SearchAction","target":{"@type":"EntryPoint","urlTemplate":"https:\/\/fmsb.eu\/de\/?s={search_term_string}"},"query-input":{"@type":"PropertyValueSpecification","valueRequired":true,"valueName":"search_term_string"}}],"inLanguage":"de"},{"@type":"Organization","@id":"https:\/\/fmsb.eu\/de\/#organization","name":"FMSB Abogados y Economistas en Baleares","url":"https:\/\/fmsb.eu\/de\/","logo":{"@type":"ImageObject","inLanguage":"de","@id":"https:\/\/fmsb.eu\/de\/#\/schema\/logo\/image\/","url":"https:\/\/fmsb.eu\/wp-content\/uploads\/2025\/02\/logo.svg","contentUrl":"https:\/\/fmsb.eu\/wp-content\/uploads\/2025\/02\/logo.svg","width":154,"height":52,"caption":"FMSB Abogados y Economistas en Baleares"},"image":{"@id":"https:\/\/fmsb.eu\/de\/#\/schema\/logo\/image\/"}},{"@type":"Person","@id":"https:\/\/fmsb.eu\/de\/#\/schema\/person\/9fba7c70814b0cd34d35d655d36a4ca2","name":"fmsb","image":{"@type":"ImageObject","inLanguage":"de","@id":"https:\/\/secure.gravatar.com\/avatar\/426f4d5b0ebcace85460caf87cdaaa193694b611e990615d87a13f322fb7ee7f?s=96&d=mm&r=g","url":"https:\/\/secure.gravatar.com\/avatar\/426f4d5b0ebcace85460caf87cdaaa193694b611e990615d87a13f322fb7ee7f?s=96&d=mm&r=g","contentUrl":"https:\/\/secure.gravatar.com\/avatar\/426f4d5b0ebcace85460caf87cdaaa193694b611e990615d87a13f322fb7ee7f?s=96&d=mm&r=g","caption":"fmsb"},"sameAs":["https:\/\/x.com\/fmsb-disstint"],"url":"https:\/\/fmsb.eu\/de\/author\/fmsb\/"}]}},"_links":{"self":[{"href":"https:\/\/fmsb.eu\/de\/wp-json\/wp\/v2\/posts\/11439","targetHints":{"allow":["GET"]}}],"collection":[{"href":"https:\/\/fmsb.eu\/de\/wp-json\/wp\/v2\/posts"}],"about":[{"href":"https:\/\/fmsb.eu\/de\/wp-json\/wp\/v2\/types\/post"}],"author":[{"embeddable":true,"href":"https:\/\/fmsb.eu\/de\/wp-json\/wp\/v2\/users\/2"}],"replies":[{"embeddable":true,"href":"https:\/\/fmsb.eu\/de\/wp-json\/wp\/v2\/comments?post=11439"}],"version-history":[{"count":0,"href":"https:\/\/fmsb.eu\/de\/wp-json\/wp\/v2\/posts\/11439\/revisions"}],"wp:featuredmedia":[{"embeddable":true,"href":"https:\/\/fmsb.eu\/de\/wp-json\/wp\/v2\/media\/9709"}],"wp:attachment":[{"href":"https:\/\/fmsb.eu\/de\/wp-json\/wp\/v2\/media?parent=11439"}],"wp:term":[{"taxonomy":"category","embeddable":true,"href":"https:\/\/fmsb.eu\/de\/wp-json\/wp\/v2\/categories?post=11439"},{"taxonomy":"post_tag","embeddable":true,"href":"https:\/\/fmsb.eu\/de\/wp-json\/wp\/v2\/tags?post=11439"}],"curies":[{"name":"wp","href":"https:\/\/api.w.org\/{rel}","templated":true}]}}