{"id":11441,"date":"2022-03-13T07:45:11","date_gmt":"2022-03-13T06:45:11","guid":{"rendered":"http:\/\/fmsb.disstintbeta.com\/2022\/03\/13\/hacienda-busca-tributos-para-el-que-reparte-articulo-de-opinion-de-jorge-sainz-de-baranda-en-mallorcadiario\/"},"modified":"2022-03-13T07:45:11","modified_gmt":"2022-03-13T06:45:11","slug":"hacienda-busca-tributos-para-el-que-reparte-articulo-de-opinion-de-jorge-sainz-de-baranda-en-mallorcadiario","status":"publish","type":"post","link":"https:\/\/fmsb.eu\/de\/2022\/03\/13\/hacienda-busca-tributos-para-el-que-reparte-articulo-de-opinion-de-jorge-sainz-de-baranda-en-mallorcadiario\/","title":{"rendered":"Hacienda busca tributos para el que &#8222;reparte&#8220;, art\u00edculo de opini\u00f3n de Jorge S\u00e1inz de Baranda en Mallorcadiario"},"content":{"rendered":"<p>&nbsp;<\/p>\n<div class=\"navegacion\">\n<h3 class=\"antesubtitulo antetit\"><a href=\"http:\/\/www.mallorcadiario.com\"><span style=\"color: #993300;\"><strong>mallorcadiario.com<\/strong><\/span><\/a>\u00a0 <a href=\"https:\/\/www.mallorcadiario.com\/hacienda-busca-tributos-para-el-que-reparte\">Opini\u00f3n<\/a><\/h3>\n<\/div>\n<p><a href=\"https:\/\/fmsb.s3.eu-west-1.amazonaws.com\/wp-content\/uploads\/2022\/03\/12111731\/FMSB-Abogados-Jorge-Sainz-de-Baranda-Hacienda-busca-tributos-para-el-que-reparte-mallorcadiario-00.jpg\"><img fetchpriority=\"high\" decoding=\"async\" class=\"alignnone wp-image-5827\" src=\"http:\/\/fmsb.disstintbeta.com\/wp-content\/uploads\/2022\/03\/FMSB-Abogados-Jorge-Sainz-de-Baranda-Hacienda-busca-tributos-para-el-que-reparte-mallorcadiario-00.jpg\" alt=\"\" width=\"800\" height=\"600\" srcset=\"https:\/\/font-mora-sainz-baranda.fra1.digitaloceanspaces.com\/wp-content\/uploads\/2022\/03\/FMSB-Abogados-Jorge-Sainz-de-Baranda-Hacienda-busca-tributos-para-el-que-reparte-mallorcadiario-00.jpg 1600w, https:\/\/font-mora-sainz-baranda.fra1.digitaloceanspaces.com\/wp-content\/uploads\/2022\/03\/FMSB-Abogados-Jorge-Sainz-de-Baranda-Hacienda-busca-tributos-para-el-que-reparte-mallorcadiario-00-300x225.jpg 300w, https:\/\/font-mora-sainz-baranda.fra1.digitaloceanspaces.com\/wp-content\/uploads\/2022\/03\/FMSB-Abogados-Jorge-Sainz-de-Baranda-Hacienda-busca-tributos-para-el-que-reparte-mallorcadiario-00-1024x768.jpg 1024w, https:\/\/font-mora-sainz-baranda.fra1.digitaloceanspaces.com\/wp-content\/uploads\/2022\/03\/FMSB-Abogados-Jorge-Sainz-de-Baranda-Hacienda-busca-tributos-para-el-que-reparte-mallorcadiario-00-768x576.jpg 768w, https:\/\/font-mora-sainz-baranda.fra1.digitaloceanspaces.com\/wp-content\/uploads\/2022\/03\/FMSB-Abogados-Jorge-Sainz-de-Baranda-Hacienda-busca-tributos-para-el-que-reparte-mallorcadiario-00-1536x1152.jpg 1536w\" sizes=\"(max-width: 800px) 100vw, 800px\" \/><\/a><\/p>\n<div class=\"navegacion\">\n<h6 class=\"ulthora fecha_publicacion\"><span class=\"dia_mes_anno\">DOMINGO 13 DE MARZO DE 2022<br \/>\n<\/span><\/h6>\n<h6 class=\"ulthora fecha_publicacion\"><span class=\"dia_mes_anno\" style=\"color: #ffffff;\">DOMINGO 25 DE OCTUBRE DE 2020<\/span><\/h6>\n<\/div>\n<div title=\"noticia 557362\">\n<h1 class=\"titulo\"><a href=\"https:\/\/www.mallorcadiario.com\/hacienda-busca-tributos-para-el-que-reparte\">Hacienda busca tributos para el que &#8222;reparte&#8220;<\/a><\/h1>\n<\/div>\n<div id=\"firmante_767\" class=\"firmante\">\n<p>Por\u00a0<strong><span class=\"nombre_firmante\">Jorge S\u00e1inz de Baranda<\/span><\/strong><\/p>\n<h6><a href=\"https:\/\/www.mallorcadiario.com\/jorge-sainz-de-baranda\/autor\/767\/\"><strong><span style=\"color: #993300;\">M\u00c1S ART\u00cdCULOS DEL AUTOR<\/span><\/strong><\/a><\/h6>\n<p><strong>\u00a0<\/strong><\/p>\n<p>Ya les he contado muchas veces lo que agradezco que amigos, conocidos, e incluso an\u00f3nimos, me manden noticias de temas tributarios para lograr sacar adelante mi escasa inspiraci\u00f3n. Esta vez ha sido mi amigo, casi \u201chermano\u201d, Estanislao Planas Stampa, uno de los mejores odont\u00f3logos que conozco -con apellido de jurista insigne-, quien me llama la atenci\u00f3n sobre la \u201ctasa Amazon\u201d que se est\u00e1 preparando.<\/p>\n<p>Nuestros refranes, como aut\u00e9nticas muestras de sabidur\u00eda popular caracterizadas por su brevedad, abundan en nuestro hablar diario. Y uno de ellos, que me va a servir para introducir el tema de este art\u00edculo, es <em>\u00abel que parte y reparte, se queda con la mejor parte\u00bb<\/em>, aunque ya ver\u00e1n que al final los tiros van por otro lado -normalmente con Hacienda, por la culata-.<\/p>\n<p>El pasado jueves la ministra del ramo recibi\u00f3 el <em>\u201cLibro Blanco para la Reforma del Sistema Tributario\u201d<\/em>, 800 p\u00e1ginas elaboradas por un comit\u00e9 de expertos constituido hace casi un a\u00f1o, y que recoge sus sugerencias en materia de fiscalidad. Todo ello con el supuesto objetivo de modernizar el sistema tributario espa\u00f1ol, y el real de encontrar el \u201chueco\u201d para lograr la tributaci\u00f3n de las actividades econ\u00f3micas emergentes.<\/p>\n<p>Y una de las propuestas que contiene es la creaci\u00f3n de <em>\u201cuna tasa local por la ocupaci\u00f3n del dominio p\u00fablico que se produce como consecuencia de la entrega a domicilio de paqueter\u00eda\u201d<\/em>, a\u00f1adiendo que <em>\u201cel tributo no deber\u00eda recaer exclusivamente sobre el comercio por Internet, aplic\u00e1ndose tambi\u00e9n sobre el comercio tradicional\u201d<\/em>. El que reparte, esta vez, no se va a llevar la mejor parte.<\/p>\n<p>Las tasas, como saben, no son impuestos, sino que son tributos, muchas veces de car\u00e1cter municipal, cuyo hecho imponible consiste, entre otros, en la utilizaci\u00f3n privativa o el aprovechamiento especial del dominio p\u00fablico, de forma que para encontrar ese presupuesto de hecho que genere la exacci\u00f3n, se han fijado en la ocupaci\u00f3n de la v\u00eda p\u00fablica que se produce como consecuencia de las entregas a domicilio.<\/p>\n<p>Vamos, que como la entrega a domicilio de cualquier producto exige que el osado empresario utilice la v\u00eda p\u00fablica para llegar al consumidor -y contribuyente- final, esa ocupaci\u00f3n -incluyendo el espacio de \u201ccarga y descarga\u201d- debe tributar, al m\u00e1s puro estilo de <em>\u201cla calle es m\u00eda\u201d<\/em>.<\/p>\n<p>Y para eso no solo se va a gravar el comercio por Internet, sino que el comit\u00e9 de expertos solicita que se grave tambi\u00e9n al comercio tradicional, poniendo ejemplos como Carrefour o El Corte Ingl\u00e9s, por no hablar de otros de menor entidad.<\/p>\n<p>De esta forma, todos aquellos empresarios que entre sus servicios ofrezcan la entrega a domicilio de sus productos, algo que adem\u00e1s se ha expandido de forma importante desde la Pandemia, deber\u00e1n soportar el pago de una Tasa anual, ya que, cuando van a entregar la mercanc\u00eda, utilizan las calles impunemente.<\/p>\n<p>L\u00f3gicamente quedar\u00e1n exentos aquellos empresarios que utilicen la tecnolog\u00eda del teletransporte de <em>Star Trek<\/em>, que permit\u00eda en la serie llevar materia -incluidas personas- a grandes distancias, sin usar medios de transporte f\u00edsico, simplemente desintegr\u00e1ndolas y volvi\u00e9ndolas a integrar en su destino -aunque quiz\u00e1 pides unas t\u00e9mporas, y vaya Ud. a saber si lo que le llega no tiene nada que ver-.<\/p>\n<p>La referencia para tan brillante idea es el caso de Barcelona, donde el Gobierno de Ada Colau, de forma similar, estudia la implantaci\u00f3n de una tasa que grave el estacionamiento de veh\u00edculos en la v\u00eda p\u00fablica en el proceso de entregas a domicilio de los operadores postales.<\/p>\n<p>Como es l\u00f3gico, las compa\u00f1\u00edas afectadas por la posible tasa ya han anunciado que, ante su creaci\u00f3n, se ver\u00e1n obligados a repercutirla al consumidor final que, en gran medida, es la clase media y trabajadora, y que al final es quien soporta en sus bolsillos todas las grandes ideas.<\/p>\n<p>Aun as\u00ed, no crean que los expertos no tienen donde fijarse para crear nuevos tributos. En Irlanda hubo un propuesta de fijar a los propietarios de ganado un impuesto por la emisi\u00f3n de gases de sus animales; en Jap\u00f3n se propuso imponer m\u00e1s carga impositiva a las personas solteras y guapas, por el supuesto mayor afecto que tienen en la sociedad; en Finlandia se intent\u00f3 promover un impuesto para las personas obesas con la <em>\u201cjustificaci\u00f3n\u201d<\/em> de penalizar a aquellos que pod\u00edan generar m\u00e1s gastos al sistema sanitario p\u00fablico; en el Reino Unido se implant\u00f3, en el siglo XVII, el impuesto a las ventanas -cuantas m\u00e1s tienes en casa, m\u00e1s rico eres y m\u00e1s pagas-; y el Zar Pedro el Grande en Rusia estableci\u00f3 un impuesto de 100 rublos por llevar barba -\u00e9ste, por razones obvias, ya no me gusta tanto-.<\/p>\n<p>Yo, para no ser menos, les propongo una Tasa Medioambiental cuyo hecho imponible sea <em>\u201cel perjuicio al dominio p\u00fablico por inhalar ox\u00edgeno y expulsar di\u00f3xido de carbono\u201d<\/em>, que los hay muy poco solidarios\u2026<\/p>\n<\/div>\n<p>&nbsp;<\/p>\n<hr \/>\n<p>Art\u00edculo original publicado en el diario digital\u00a0<a href=\"https:\/\/www.mallorcadiario.com\/hacienda-busca-tributos-para-el-que-reparte\"><strong><span style=\"color: #993300;\">mallorcadiario.com<\/span><\/strong><\/a> .\u00a0\u00a0 L\u00e9elo directamente en mallorcadiario a trav\u00e9s de este <span style=\"color: #993366;\"><strong><a style=\"color: #993366;\" href=\"https:\/\/www.mallorcadiario.com\/hacienda-busca-tributos-para-el-que-reparte\">enlace<\/a><\/strong><\/span><\/p>\n","protected":false},"excerpt":{"rendered":"<p>&nbsp; mallorcadiario.com\u00a0 Opini\u00f3n DOMINGO 13 DE MARZO DE 2022 DOMINGO 25 DE OCTUBRE DE 2020 Hacienda busca tributos para el que &#8222;reparte&#8220; Por\u00a0Jorge S\u00e1inz de Baranda M\u00c1S ART\u00cdCULOS DEL AUTOR \u00a0 Ya les he contado muchas veces lo que agradezco que amigos, conocidos, e incluso an\u00f3nimos, me manden noticias de temas tributarios para lograr sacar [&hellip;]<\/p>\n","protected":false},"author":2,"featured_media":9707,"comment_status":"closed","ping_status":"open","sticky":false,"template":"","format":"standard","meta":{"footnotes":""},"categories":[2199,2309,2202,3169],"tags":[2206,2663,2665,2312,2666,2507,2314,2668,2208,2669,2670,2671,2672,2673,2316,2674,2675,2319,2320,2321,2681,2682,2683,2218,2219,2686,2223,2325,2327,2691,2225,2328,2329,2330,2694,2331,2333,2228,2229,2334,2231,2336,2232,2234,2696,2342,2343,2345,2699,2700,2236,2701,2702,2349,2240,2704,2354,2243,2361,2706,2709,2363,2713,2365],"class_list":["post-11441","post","type-post","status-publish","format-standard","has-post-thumbnail","hentry","category-blog-de","category-derecho-fiscal-de","category-home-de","category-opinion-de","tag-abogados-de","tag-administracion-tributaria-de","tag-aeat-de","tag-agencia-tributaria-de","tag-antifraude-de","tag-articulos-de","tag-asesores-de","tag-atib-de","tag-baleares-de","tag-blanqueo-de","tag-blanqueo-de-capitales-de","tag-campana-de-la-renta-de","tag-campana-irpf-de","tag-catastro-de","tag-comunidad-autonoma-de","tag-declaracion-de-inconstitucionalidad-de","tag-declaracion-de-nulidad-de","tag-derecho-de-la-union-europea-de","tag-derecho-fiscal-de","tag-derecho-tributario-de","tag-dgt-de","tag-direccion-general-de-tributos-de","tag-direccion-general-del-catastro-de","tag-economistas-de","tag-el-arenal-de","tag-extranjeros-de","tag-fmsb-de","tag-hacienda-de","tag-herencias-de","tag-ibi-de","tag-ibiza-de","tag-illes-balears-de","tag-impuesto-de-sucesiones-de","tag-impuestos-de","tag-incremento-del-valor-de-los-terrenos-de-naturaleza-urbana-de","tag-irpf-de","tag-jorge-sainz-de-baranda-de","tag-law-de","tag-lawyers-de","tag-ley-antifraude-de","tag-mallorca-de","tag-mallorcadiario-de","tag-manacor-de","tag-menorca-de","tag-modelo-720-de","tag-obligado-tributario-de","tag-opinion-de","tag-palma-de","tag-plan-anual-de-control-tributario-de","tag-plusvalia-de","tag-port-dandratx-de","tag-prespuestos-generales-del-estado-de","tag-presupuestos-2021-de","tag-prevencion-de","tag-puerto-de-andratx-de","tag-recargo-de","tag-residentes-fiscales-de","tag-solicitors-de","tag-sucesiones-y-donaciones-de","tag-tasa-amazon-de","tag-testador-de","tag-tributos-de","tag-ue-de","tag-valor-de-referencia-catastral-de"],"yoast_head":"<!-- This site is optimized with the Yoast SEO plugin v27.3 - https:\/\/yoast.com\/product\/yoast-seo-wordpress\/ -->\n<title>Hacienda busca tributos para el que &quot;reparte&quot;, art\u00edculo de opini\u00f3n de Jorge S\u00e1inz de Baranda en Mallorcadiario - FMSB Abogados y Economistas en Baleares<\/title>\n<meta name=\"robots\" content=\"index, follow, max-snippet:-1, max-image-preview:large, max-video-preview:-1\" \/>\n<link rel=\"canonical\" href=\"https:\/\/fmsb.eu\/de\/2022\/03\/13\/hacienda-busca-tributos-para-el-que-reparte-articulo-de-opinion-de-jorge-sainz-de-baranda-en-mallorcadiario\/\" \/>\n<meta property=\"og:locale\" content=\"de_DE\" \/>\n<meta property=\"og:type\" content=\"article\" \/>\n<meta property=\"og:title\" content=\"Hacienda busca tributos para el que &quot;reparte&quot;, art\u00edculo de opini\u00f3n de Jorge S\u00e1inz de Baranda en Mallorcadiario - FMSB Abogados y Economistas en Baleares\" \/>\n<meta property=\"og:description\" content=\"&nbsp; mallorcadiario.com\u00a0 Opini\u00f3n DOMINGO 13 DE MARZO DE 2022 DOMINGO 25 DE OCTUBRE DE 2020 Hacienda busca tributos para el que &#8222;reparte&#8220; Por\u00a0Jorge S\u00e1inz de Baranda M\u00c1S ART\u00cdCULOS DEL AUTOR \u00a0 Ya les he contado muchas veces lo que agradezco que amigos, conocidos, e incluso an\u00f3nimos, me manden noticias de temas tributarios para lograr sacar [&hellip;]\" \/>\n<meta property=\"og:url\" content=\"https:\/\/fmsb.eu\/de\/2022\/03\/13\/hacienda-busca-tributos-para-el-que-reparte-articulo-de-opinion-de-jorge-sainz-de-baranda-en-mallorcadiario\/\" \/>\n<meta property=\"og:site_name\" content=\"FMSB Abogados y Economistas en Baleares\" \/>\n<meta property=\"article:published_time\" content=\"2022-03-13T06:45:11+00:00\" \/>\n<meta property=\"og:image\" content=\"https:\/\/fmsb.eu\/wp-content\/uploads\/2022\/03\/FMSB-Abogados-Jorge-Sainz-de-Baranda-Hacienda-busca-tributos-para-el-que-reparte-mallorcadiario-00.jpg\" \/>\n\t<meta property=\"og:image:width\" content=\"1600\" \/>\n\t<meta property=\"og:image:height\" content=\"1200\" \/>\n\t<meta property=\"og:image:type\" content=\"image\/jpeg\" \/>\n<meta name=\"author\" content=\"fmsb\" \/>\n<meta name=\"twitter:card\" content=\"summary_large_image\" \/>\n<meta name=\"twitter:creator\" content=\"@fmsb-disstint\" \/>\n<meta name=\"twitter:label1\" content=\"Verfasst von\" \/>\n\t<meta name=\"twitter:data1\" content=\"fmsb\" \/>\n\t<meta name=\"twitter:label2\" content=\"Gesch\u00e4tzte Lesezeit\" \/>\n\t<meta name=\"twitter:data2\" content=\"5\u00a0Minuten\" \/>\n<script type=\"application\/ld+json\" class=\"yoast-schema-graph\">{\"@context\":\"https:\\\/\\\/schema.org\",\"@graph\":[{\"@type\":\"Article\",\"@id\":\"https:\\\/\\\/fmsb.eu\\\/de\\\/2022\\\/03\\\/13\\\/hacienda-busca-tributos-para-el-que-reparte-articulo-de-opinion-de-jorge-sainz-de-baranda-en-mallorcadiario\\\/#article\",\"isPartOf\":{\"@id\":\"https:\\\/\\\/fmsb.eu\\\/de\\\/2022\\\/03\\\/13\\\/hacienda-busca-tributos-para-el-que-reparte-articulo-de-opinion-de-jorge-sainz-de-baranda-en-mallorcadiario\\\/\"},\"author\":{\"name\":\"fmsb\",\"@id\":\"https:\\\/\\\/fmsb.eu\\\/de\\\/#\\\/schema\\\/person\\\/9fba7c70814b0cd34d35d655d36a4ca2\"},\"headline\":\"Hacienda busca tributos para el que &#8222;reparte&#8220;, art\u00edculo de opini\u00f3n de Jorge S\u00e1inz de Baranda en Mallorcadiario\",\"datePublished\":\"2022-03-13T06:45:11+00:00\",\"mainEntityOfPage\":{\"@id\":\"https:\\\/\\\/fmsb.eu\\\/de\\\/2022\\\/03\\\/13\\\/hacienda-busca-tributos-para-el-que-reparte-articulo-de-opinion-de-jorge-sainz-de-baranda-en-mallorcadiario\\\/\"},\"wordCount\":934,\"publisher\":{\"@id\":\"https:\\\/\\\/fmsb.eu\\\/de\\\/#organization\"},\"image\":{\"@id\":\"https:\\\/\\\/fmsb.eu\\\/de\\\/2022\\\/03\\\/13\\\/hacienda-busca-tributos-para-el-que-reparte-articulo-de-opinion-de-jorge-sainz-de-baranda-en-mallorcadiario\\\/#primaryimage\"},\"thumbnailUrl\":\"https:\\\/\\\/fmsb.eu\\\/wp-content\\\/uploads\\\/2022\\\/03\\\/FMSB-Abogados-Jorge-Sainz-de-Baranda-Hacienda-busca-tributos-para-el-que-reparte-mallorcadiario-00.jpg\",\"keywords\":[\"abogados\",\"administraci\u00f3n tributaria\",\"aeat\",\"agencia tributaria\",\"antifraude\",\"articulos\",\"asesores\",\"ATIB\",\"baleares\",\"blanqueo\",\"blanqueo de capitales\",\"campa\u00f1a de la renta\",\"campa\u00f1a irpf\",\"catastro\",\"comunidad aut\u00f3noma\",\"declaraci\u00f3n de inconstitucionalidad\",\"declaraci\u00f3n de nulidad\",\"derecho de la uni\u00f3n europea\",\"derecho fiscal\",\"derecho tributario\",\"dgt\",\"direcci\u00f3n general de tributos\",\"direcci\u00f3n general del catastro\",\"economistas\",\"el arenal\",\"extranjeros\",\"fmsb\",\"Hacienda\",\"herencias\",\"ibi\",\"ibiza\",\"illes balears\",\"impuesto de sucesiones\",\"impuestos\",\"incremento del valor de los terrenos de naturaleza urbana\",\"IRPF\",\"jorge sainz de baranda\",\"law\",\"lawyers\",\"ley antifraude\",\"mallorca\",\"mallorcadiario\",\"Manacor\",\"menorca\",\"modelo 720\",\"obligado tributario\",\"opinion\",\"Palma\",\"plan anual de control tributario\",\"plusval\u00eda\",\"port d&#8217;andratx\",\"prespuestos generales del estado\",\"presupuestos 2021\",\"prevenci\u00f3n\",\"puerto de andratx\",\"recargo\",\"residentes fiscales\",\"solicitors\",\"sucesiones y donaciones\",\"tasa amazon\",\"testador\",\"tributos\",\"ue\",\"valor de referencia catastral\"],\"articleSection\":[\"blog\",\"Derecho Fiscal\",\"Home\",\"Opini\u00f3n\"],\"inLanguage\":\"de\"},{\"@type\":\"WebPage\",\"@id\":\"https:\\\/\\\/fmsb.eu\\\/de\\\/2022\\\/03\\\/13\\\/hacienda-busca-tributos-para-el-que-reparte-articulo-de-opinion-de-jorge-sainz-de-baranda-en-mallorcadiario\\\/\",\"url\":\"https:\\\/\\\/fmsb.eu\\\/de\\\/2022\\\/03\\\/13\\\/hacienda-busca-tributos-para-el-que-reparte-articulo-de-opinion-de-jorge-sainz-de-baranda-en-mallorcadiario\\\/\",\"name\":\"Hacienda busca tributos para el que \\\"reparte\\\", art\u00edculo de opini\u00f3n de Jorge S\u00e1inz de Baranda en Mallorcadiario - FMSB Abogados y Economistas en Baleares\",\"isPartOf\":{\"@id\":\"https:\\\/\\\/fmsb.eu\\\/de\\\/#website\"},\"primaryImageOfPage\":{\"@id\":\"https:\\\/\\\/fmsb.eu\\\/de\\\/2022\\\/03\\\/13\\\/hacienda-busca-tributos-para-el-que-reparte-articulo-de-opinion-de-jorge-sainz-de-baranda-en-mallorcadiario\\\/#primaryimage\"},\"image\":{\"@id\":\"https:\\\/\\\/fmsb.eu\\\/de\\\/2022\\\/03\\\/13\\\/hacienda-busca-tributos-para-el-que-reparte-articulo-de-opinion-de-jorge-sainz-de-baranda-en-mallorcadiario\\\/#primaryimage\"},\"thumbnailUrl\":\"https:\\\/\\\/fmsb.eu\\\/wp-content\\\/uploads\\\/2022\\\/03\\\/FMSB-Abogados-Jorge-Sainz-de-Baranda-Hacienda-busca-tributos-para-el-que-reparte-mallorcadiario-00.jpg\",\"datePublished\":\"2022-03-13T06:45:11+00:00\",\"breadcrumb\":{\"@id\":\"https:\\\/\\\/fmsb.eu\\\/de\\\/2022\\\/03\\\/13\\\/hacienda-busca-tributos-para-el-que-reparte-articulo-de-opinion-de-jorge-sainz-de-baranda-en-mallorcadiario\\\/#breadcrumb\"},\"inLanguage\":\"de\",\"potentialAction\":[{\"@type\":\"ReadAction\",\"target\":[\"https:\\\/\\\/fmsb.eu\\\/de\\\/2022\\\/03\\\/13\\\/hacienda-busca-tributos-para-el-que-reparte-articulo-de-opinion-de-jorge-sainz-de-baranda-en-mallorcadiario\\\/\"]}]},{\"@type\":\"ImageObject\",\"inLanguage\":\"de\",\"@id\":\"https:\\\/\\\/fmsb.eu\\\/de\\\/2022\\\/03\\\/13\\\/hacienda-busca-tributos-para-el-que-reparte-articulo-de-opinion-de-jorge-sainz-de-baranda-en-mallorcadiario\\\/#primaryimage\",\"url\":\"https:\\\/\\\/fmsb.eu\\\/wp-content\\\/uploads\\\/2022\\\/03\\\/FMSB-Abogados-Jorge-Sainz-de-Baranda-Hacienda-busca-tributos-para-el-que-reparte-mallorcadiario-00.jpg\",\"contentUrl\":\"https:\\\/\\\/fmsb.eu\\\/wp-content\\\/uploads\\\/2022\\\/03\\\/FMSB-Abogados-Jorge-Sainz-de-Baranda-Hacienda-busca-tributos-para-el-que-reparte-mallorcadiario-00.jpg\",\"width\":1600,\"height\":1200},{\"@type\":\"BreadcrumbList\",\"@id\":\"https:\\\/\\\/fmsb.eu\\\/de\\\/2022\\\/03\\\/13\\\/hacienda-busca-tributos-para-el-que-reparte-articulo-de-opinion-de-jorge-sainz-de-baranda-en-mallorcadiario\\\/#breadcrumb\",\"itemListElement\":[{\"@type\":\"ListItem\",\"position\":1,\"name\":\"Portada\",\"item\":\"https:\\\/\\\/fmsb.eu\\\/de\\\/\"},{\"@type\":\"ListItem\",\"position\":2,\"name\":\"Hacienda busca tributos para el que &#8222;reparte&#8220;, art\u00edculo de opini\u00f3n de Jorge S\u00e1inz de Baranda en Mallorcadiario\"}]},{\"@type\":\"WebSite\",\"@id\":\"https:\\\/\\\/fmsb.eu\\\/de\\\/#website\",\"url\":\"https:\\\/\\\/fmsb.eu\\\/de\\\/\",\"name\":\"FMSB Abogados y Economistas en Baleares\",\"description\":\"\",\"publisher\":{\"@id\":\"https:\\\/\\\/fmsb.eu\\\/de\\\/#organization\"},\"potentialAction\":[{\"@type\":\"SearchAction\",\"target\":{\"@type\":\"EntryPoint\",\"urlTemplate\":\"https:\\\/\\\/fmsb.eu\\\/de\\\/?s={search_term_string}\"},\"query-input\":{\"@type\":\"PropertyValueSpecification\",\"valueRequired\":true,\"valueName\":\"search_term_string\"}}],\"inLanguage\":\"de\"},{\"@type\":\"Organization\",\"@id\":\"https:\\\/\\\/fmsb.eu\\\/de\\\/#organization\",\"name\":\"FMSB Abogados y Economistas en Baleares\",\"url\":\"https:\\\/\\\/fmsb.eu\\\/de\\\/\",\"logo\":{\"@type\":\"ImageObject\",\"inLanguage\":\"de\",\"@id\":\"https:\\\/\\\/fmsb.eu\\\/de\\\/#\\\/schema\\\/logo\\\/image\\\/\",\"url\":\"https:\\\/\\\/fmsb.eu\\\/wp-content\\\/uploads\\\/2025\\\/02\\\/logo.svg\",\"contentUrl\":\"https:\\\/\\\/fmsb.eu\\\/wp-content\\\/uploads\\\/2025\\\/02\\\/logo.svg\",\"width\":154,\"height\":52,\"caption\":\"FMSB Abogados y Economistas en Baleares\"},\"image\":{\"@id\":\"https:\\\/\\\/fmsb.eu\\\/de\\\/#\\\/schema\\\/logo\\\/image\\\/\"}},{\"@type\":\"Person\",\"@id\":\"https:\\\/\\\/fmsb.eu\\\/de\\\/#\\\/schema\\\/person\\\/9fba7c70814b0cd34d35d655d36a4ca2\",\"name\":\"fmsb\",\"image\":{\"@type\":\"ImageObject\",\"inLanguage\":\"de\",\"@id\":\"https:\\\/\\\/secure.gravatar.com\\\/avatar\\\/426f4d5b0ebcace85460caf87cdaaa193694b611e990615d87a13f322fb7ee7f?s=96&d=mm&r=g\",\"url\":\"https:\\\/\\\/secure.gravatar.com\\\/avatar\\\/426f4d5b0ebcace85460caf87cdaaa193694b611e990615d87a13f322fb7ee7f?s=96&d=mm&r=g\",\"contentUrl\":\"https:\\\/\\\/secure.gravatar.com\\\/avatar\\\/426f4d5b0ebcace85460caf87cdaaa193694b611e990615d87a13f322fb7ee7f?s=96&d=mm&r=g\",\"caption\":\"fmsb\"},\"sameAs\":[\"https:\\\/\\\/x.com\\\/fmsb-disstint\"],\"url\":\"https:\\\/\\\/fmsb.eu\\\/de\\\/author\\\/fmsb\\\/\"}]}<\/script>\n<!-- \/ Yoast SEO plugin. -->","yoast_head_json":{"title":"Hacienda busca tributos para el que \"reparte\", art\u00edculo de opini\u00f3n de Jorge S\u00e1inz de Baranda en Mallorcadiario - FMSB Abogados y Economistas en Baleares","robots":{"index":"index","follow":"follow","max-snippet":"max-snippet:-1","max-image-preview":"max-image-preview:large","max-video-preview":"max-video-preview:-1"},"canonical":"https:\/\/fmsb.eu\/de\/2022\/03\/13\/hacienda-busca-tributos-para-el-que-reparte-articulo-de-opinion-de-jorge-sainz-de-baranda-en-mallorcadiario\/","og_locale":"de_DE","og_type":"article","og_title":"Hacienda busca tributos para el que \"reparte\", art\u00edculo de opini\u00f3n de Jorge S\u00e1inz de Baranda en Mallorcadiario - FMSB Abogados y Economistas en Baleares","og_description":"&nbsp; mallorcadiario.com\u00a0 Opini\u00f3n DOMINGO 13 DE MARZO DE 2022 DOMINGO 25 DE OCTUBRE DE 2020 Hacienda busca tributos para el que &#8222;reparte&#8220; Por\u00a0Jorge S\u00e1inz de Baranda M\u00c1S ART\u00cdCULOS DEL AUTOR \u00a0 Ya les he contado muchas veces lo que agradezco que amigos, conocidos, e incluso an\u00f3nimos, me manden noticias de temas tributarios para lograr sacar [&hellip;]","og_url":"https:\/\/fmsb.eu\/de\/2022\/03\/13\/hacienda-busca-tributos-para-el-que-reparte-articulo-de-opinion-de-jorge-sainz-de-baranda-en-mallorcadiario\/","og_site_name":"FMSB Abogados y Economistas en Baleares","article_published_time":"2022-03-13T06:45:11+00:00","og_image":[{"width":1600,"height":1200,"url":"https:\/\/fmsb.eu\/wp-content\/uploads\/2022\/03\/FMSB-Abogados-Jorge-Sainz-de-Baranda-Hacienda-busca-tributos-para-el-que-reparte-mallorcadiario-00.jpg","type":"image\/jpeg"}],"author":"fmsb","twitter_card":"summary_large_image","twitter_creator":"@fmsb-disstint","twitter_misc":{"Verfasst von":"fmsb","Gesch\u00e4tzte Lesezeit":"5\u00a0Minuten"},"schema":{"@context":"https:\/\/schema.org","@graph":[{"@type":"Article","@id":"https:\/\/fmsb.eu\/de\/2022\/03\/13\/hacienda-busca-tributos-para-el-que-reparte-articulo-de-opinion-de-jorge-sainz-de-baranda-en-mallorcadiario\/#article","isPartOf":{"@id":"https:\/\/fmsb.eu\/de\/2022\/03\/13\/hacienda-busca-tributos-para-el-que-reparte-articulo-de-opinion-de-jorge-sainz-de-baranda-en-mallorcadiario\/"},"author":{"name":"fmsb","@id":"https:\/\/fmsb.eu\/de\/#\/schema\/person\/9fba7c70814b0cd34d35d655d36a4ca2"},"headline":"Hacienda busca tributos para el que &#8222;reparte&#8220;, art\u00edculo de opini\u00f3n de Jorge S\u00e1inz de Baranda en Mallorcadiario","datePublished":"2022-03-13T06:45:11+00:00","mainEntityOfPage":{"@id":"https:\/\/fmsb.eu\/de\/2022\/03\/13\/hacienda-busca-tributos-para-el-que-reparte-articulo-de-opinion-de-jorge-sainz-de-baranda-en-mallorcadiario\/"},"wordCount":934,"publisher":{"@id":"https:\/\/fmsb.eu\/de\/#organization"},"image":{"@id":"https:\/\/fmsb.eu\/de\/2022\/03\/13\/hacienda-busca-tributos-para-el-que-reparte-articulo-de-opinion-de-jorge-sainz-de-baranda-en-mallorcadiario\/#primaryimage"},"thumbnailUrl":"https:\/\/fmsb.eu\/wp-content\/uploads\/2022\/03\/FMSB-Abogados-Jorge-Sainz-de-Baranda-Hacienda-busca-tributos-para-el-que-reparte-mallorcadiario-00.jpg","keywords":["abogados","administraci\u00f3n tributaria","aeat","agencia tributaria","antifraude","articulos","asesores","ATIB","baleares","blanqueo","blanqueo de capitales","campa\u00f1a de la renta","campa\u00f1a irpf","catastro","comunidad aut\u00f3noma","declaraci\u00f3n de inconstitucionalidad","declaraci\u00f3n de nulidad","derecho de la uni\u00f3n europea","derecho fiscal","derecho tributario","dgt","direcci\u00f3n general de tributos","direcci\u00f3n general del catastro","economistas","el arenal","extranjeros","fmsb","Hacienda","herencias","ibi","ibiza","illes balears","impuesto de sucesiones","impuestos","incremento del valor de los terrenos de naturaleza urbana","IRPF","jorge sainz de baranda","law","lawyers","ley antifraude","mallorca","mallorcadiario","Manacor","menorca","modelo 720","obligado tributario","opinion","Palma","plan anual de control tributario","plusval\u00eda","port d&#8217;andratx","prespuestos generales del estado","presupuestos 2021","prevenci\u00f3n","puerto de andratx","recargo","residentes fiscales","solicitors","sucesiones y donaciones","tasa amazon","testador","tributos","ue","valor de referencia catastral"],"articleSection":["blog","Derecho Fiscal","Home","Opini\u00f3n"],"inLanguage":"de"},{"@type":"WebPage","@id":"https:\/\/fmsb.eu\/de\/2022\/03\/13\/hacienda-busca-tributos-para-el-que-reparte-articulo-de-opinion-de-jorge-sainz-de-baranda-en-mallorcadiario\/","url":"https:\/\/fmsb.eu\/de\/2022\/03\/13\/hacienda-busca-tributos-para-el-que-reparte-articulo-de-opinion-de-jorge-sainz-de-baranda-en-mallorcadiario\/","name":"Hacienda busca tributos para el que \"reparte\", art\u00edculo de opini\u00f3n de Jorge S\u00e1inz de Baranda en Mallorcadiario - FMSB Abogados y Economistas en Baleares","isPartOf":{"@id":"https:\/\/fmsb.eu\/de\/#website"},"primaryImageOfPage":{"@id":"https:\/\/fmsb.eu\/de\/2022\/03\/13\/hacienda-busca-tributos-para-el-que-reparte-articulo-de-opinion-de-jorge-sainz-de-baranda-en-mallorcadiario\/#primaryimage"},"image":{"@id":"https:\/\/fmsb.eu\/de\/2022\/03\/13\/hacienda-busca-tributos-para-el-que-reparte-articulo-de-opinion-de-jorge-sainz-de-baranda-en-mallorcadiario\/#primaryimage"},"thumbnailUrl":"https:\/\/fmsb.eu\/wp-content\/uploads\/2022\/03\/FMSB-Abogados-Jorge-Sainz-de-Baranda-Hacienda-busca-tributos-para-el-que-reparte-mallorcadiario-00.jpg","datePublished":"2022-03-13T06:45:11+00:00","breadcrumb":{"@id":"https:\/\/fmsb.eu\/de\/2022\/03\/13\/hacienda-busca-tributos-para-el-que-reparte-articulo-de-opinion-de-jorge-sainz-de-baranda-en-mallorcadiario\/#breadcrumb"},"inLanguage":"de","potentialAction":[{"@type":"ReadAction","target":["https:\/\/fmsb.eu\/de\/2022\/03\/13\/hacienda-busca-tributos-para-el-que-reparte-articulo-de-opinion-de-jorge-sainz-de-baranda-en-mallorcadiario\/"]}]},{"@type":"ImageObject","inLanguage":"de","@id":"https:\/\/fmsb.eu\/de\/2022\/03\/13\/hacienda-busca-tributos-para-el-que-reparte-articulo-de-opinion-de-jorge-sainz-de-baranda-en-mallorcadiario\/#primaryimage","url":"https:\/\/fmsb.eu\/wp-content\/uploads\/2022\/03\/FMSB-Abogados-Jorge-Sainz-de-Baranda-Hacienda-busca-tributos-para-el-que-reparte-mallorcadiario-00.jpg","contentUrl":"https:\/\/fmsb.eu\/wp-content\/uploads\/2022\/03\/FMSB-Abogados-Jorge-Sainz-de-Baranda-Hacienda-busca-tributos-para-el-que-reparte-mallorcadiario-00.jpg","width":1600,"height":1200},{"@type":"BreadcrumbList","@id":"https:\/\/fmsb.eu\/de\/2022\/03\/13\/hacienda-busca-tributos-para-el-que-reparte-articulo-de-opinion-de-jorge-sainz-de-baranda-en-mallorcadiario\/#breadcrumb","itemListElement":[{"@type":"ListItem","position":1,"name":"Portada","item":"https:\/\/fmsb.eu\/de\/"},{"@type":"ListItem","position":2,"name":"Hacienda busca tributos para el que &#8222;reparte&#8220;, art\u00edculo de opini\u00f3n de Jorge S\u00e1inz de Baranda en Mallorcadiario"}]},{"@type":"WebSite","@id":"https:\/\/fmsb.eu\/de\/#website","url":"https:\/\/fmsb.eu\/de\/","name":"FMSB Abogados y Economistas en Baleares","description":"","publisher":{"@id":"https:\/\/fmsb.eu\/de\/#organization"},"potentialAction":[{"@type":"SearchAction","target":{"@type":"EntryPoint","urlTemplate":"https:\/\/fmsb.eu\/de\/?s={search_term_string}"},"query-input":{"@type":"PropertyValueSpecification","valueRequired":true,"valueName":"search_term_string"}}],"inLanguage":"de"},{"@type":"Organization","@id":"https:\/\/fmsb.eu\/de\/#organization","name":"FMSB Abogados y Economistas en Baleares","url":"https:\/\/fmsb.eu\/de\/","logo":{"@type":"ImageObject","inLanguage":"de","@id":"https:\/\/fmsb.eu\/de\/#\/schema\/logo\/image\/","url":"https:\/\/fmsb.eu\/wp-content\/uploads\/2025\/02\/logo.svg","contentUrl":"https:\/\/fmsb.eu\/wp-content\/uploads\/2025\/02\/logo.svg","width":154,"height":52,"caption":"FMSB Abogados y Economistas en Baleares"},"image":{"@id":"https:\/\/fmsb.eu\/de\/#\/schema\/logo\/image\/"}},{"@type":"Person","@id":"https:\/\/fmsb.eu\/de\/#\/schema\/person\/9fba7c70814b0cd34d35d655d36a4ca2","name":"fmsb","image":{"@type":"ImageObject","inLanguage":"de","@id":"https:\/\/secure.gravatar.com\/avatar\/426f4d5b0ebcace85460caf87cdaaa193694b611e990615d87a13f322fb7ee7f?s=96&d=mm&r=g","url":"https:\/\/secure.gravatar.com\/avatar\/426f4d5b0ebcace85460caf87cdaaa193694b611e990615d87a13f322fb7ee7f?s=96&d=mm&r=g","contentUrl":"https:\/\/secure.gravatar.com\/avatar\/426f4d5b0ebcace85460caf87cdaaa193694b611e990615d87a13f322fb7ee7f?s=96&d=mm&r=g","caption":"fmsb"},"sameAs":["https:\/\/x.com\/fmsb-disstint"],"url":"https:\/\/fmsb.eu\/de\/author\/fmsb\/"}]}},"_links":{"self":[{"href":"https:\/\/fmsb.eu\/de\/wp-json\/wp\/v2\/posts\/11441","targetHints":{"allow":["GET"]}}],"collection":[{"href":"https:\/\/fmsb.eu\/de\/wp-json\/wp\/v2\/posts"}],"about":[{"href":"https:\/\/fmsb.eu\/de\/wp-json\/wp\/v2\/types\/post"}],"author":[{"embeddable":true,"href":"https:\/\/fmsb.eu\/de\/wp-json\/wp\/v2\/users\/2"}],"replies":[{"embeddable":true,"href":"https:\/\/fmsb.eu\/de\/wp-json\/wp\/v2\/comments?post=11441"}],"version-history":[{"count":0,"href":"https:\/\/fmsb.eu\/de\/wp-json\/wp\/v2\/posts\/11441\/revisions"}],"wp:featuredmedia":[{"embeddable":true,"href":"https:\/\/fmsb.eu\/de\/wp-json\/wp\/v2\/media\/9707"}],"wp:attachment":[{"href":"https:\/\/fmsb.eu\/de\/wp-json\/wp\/v2\/media?parent=11441"}],"wp:term":[{"taxonomy":"category","embeddable":true,"href":"https:\/\/fmsb.eu\/de\/wp-json\/wp\/v2\/categories?post=11441"},{"taxonomy":"post_tag","embeddable":true,"href":"https:\/\/fmsb.eu\/de\/wp-json\/wp\/v2\/tags?post=11441"}],"curies":[{"name":"wp","href":"https:\/\/api.w.org\/{rel}","templated":true}]}}