{"id":11443,"date":"2022-03-09T16:51:13","date_gmt":"2022-03-09T15:51:13","guid":{"rendered":"http:\/\/fmsb.disstintbeta.com\/2022\/03\/09\/la-audiencia-provincial-obliga-a-una-madre-a-que-su-hijo-venga-a-la-isla-de-mallorca-para-ver-a-sus-abuelos-por-la-abogada-marga-fornaris\/"},"modified":"2022-03-09T16:51:13","modified_gmt":"2022-03-09T15:51:13","slug":"la-audiencia-provincial-obliga-a-una-madre-a-que-su-hijo-venga-a-la-isla-de-mallorca-para-ver-a-sus-abuelos-por-la-abogada-marga-fornaris","status":"publish","type":"post","link":"https:\/\/fmsb.eu\/de\/2022\/03\/09\/la-audiencia-provincial-obliga-a-una-madre-a-que-su-hijo-venga-a-la-isla-de-mallorca-para-ver-a-sus-abuelos-por-la-abogada-marga-fornaris\/","title":{"rendered":"La Audiencia Provincial obliga a una madre a que su hijo venga a la Isla de Mallorca para ver a sus abuelos, por la abogada Marga Fornaris"},"content":{"rendered":"<h1><a href=\"http:\/\/fmsb.disstintbeta.com\/wp-content\/uploads\/2022\/03\/FMSB-Abogados-Margalida-Fornaris-Regimen-de-Visitas-de-los-Abuelos-Nietos-1.png\"><img fetchpriority=\"high\" decoding=\"async\" class=\"alignnone wp-image-5823\" src=\"http:\/\/fmsb.disstintbeta.com\/wp-content\/uploads\/2022\/03\/FMSB-Abogados-Margalida-Fornaris-Regimen-de-Visitas-de-los-Abuelos-Nietos-1.png\" alt=\"\" width=\"800\" height=\"540\" srcset=\"https:\/\/font-mora-sainz-baranda.fra1.digitaloceanspaces.com\/wp-content\/uploads\/2022\/03\/FMSB-Abogados-Margalida-Fornaris-Regimen-de-Visitas-de-los-Abuelos-Nietos-1.png 955w, https:\/\/font-mora-sainz-baranda.fra1.digitaloceanspaces.com\/wp-content\/uploads\/2022\/03\/FMSB-Abogados-Margalida-Fornaris-Regimen-de-Visitas-de-los-Abuelos-Nietos-1-300x203.png 300w, https:\/\/font-mora-sainz-baranda.fra1.digitaloceanspaces.com\/wp-content\/uploads\/2022\/03\/FMSB-Abogados-Margalida-Fornaris-Regimen-de-Visitas-de-los-Abuelos-Nietos-1-768x519.png 768w\" sizes=\"(max-width: 800px) 100vw, 800px\" \/><\/a><\/h1>\n<p>&nbsp;<\/p>\n<p>&nbsp;<\/p>\n<h1><strong>La Audiencia obliga a una madre a que su hijo venga a la Isla para ver a sus abuelos<\/strong><\/h1>\n<p>&nbsp;<\/p>\n<p>Recientemente se ha dictado una sentencia de la\u00a0<strong>Audiencia Provincial de Baleares, de un tema que parece olvidado, dada cuenta la falta de protecci\u00f3n de los abuelos frente a las visitas de sus nietos, concretamente dicha sentencia<\/strong>\u00a0obliga a una mujer a enviar a\u00a0<strong>Mallorca<\/strong>\u00a0de forma peri\u00f3dica a su hijo de seis a\u00f1os para que \u00e9ste mantenga el contacto con sus abuelos paternos.<\/p>\n<p>Debemos poner en valor las relaciones de los menores con sus propios abuelos, a pesar de no poder tener los mismos derechos que los padres, claro est\u00e1, no debemos restarle importancia a dicho v\u00ednculo. Es por ello que, \u00a0<strong>no debemos olvidar el derecho del menor a relacionarse con sus abuelos<\/strong>, siendo un derecho que <strong>\u00a0no se le puede negar al menor, dada cuenta que debe primar siempre el inter\u00e9s de \u00e9ste. N<\/strong>o hay ninguna norma que impida que unos abuelos se relacionen con sus nietos, a pesar de que deba valorarse la situaci\u00f3n, depender\u00e1 de las particularidades y circunstancias que concurran en cada caso en concreto por si fuera conveniente la privaci\u00f3n de dichas visitas.<\/p>\n<p>En el caso de los abuelos vean privado dicho derecho frente a las visitas de sus nietos, son ellos mismos quienes deben instar demanda para reclamar sus derechos, que no esperen que nadie se los d\u00e9.<\/p>\n<p>En el presente caso, lo novedoso es que, ante la decisi\u00f3n de la madre de abandonar Mallorca por propia voluntad, la resoluci\u00f3n considera que no se puede obligar a los abuelos a desplazarse a la Pen\u00ednsula sino que tiene que ser el menor quien se desplace, y que el coste de los viajes sean abonados a partes iguales por toda la familia.<\/p>\n<p>En este caso el hecho controvertido era que la madre, quien se hab\u00eda desplazado dejando a los abuelos en Mallorca, no se negaba a que el menor tuviera contacto o visitara a sus abuelos, pero solicitaba que el desplazamiento lo hicieran los propios abuelos, a su nuevo domicilio, concretamente al Pa\u00eds Vasco. Finalmente, la Audiencia considera que, <strong>el desplazamiento del ni\u00f1o<\/strong>\u00a0a Palma para visitas a sus abuelos no resulta m\u00e1s gravoso para el ni\u00f1o y para su madre que el que lo hagan estos a la Pen\u00ednsula. Considera la Audiencia que al ser la madre quien se ha cambiado de residencia hasta en dos ocasiones, no pueden ser obligados los abuelos paternos a desplazarse si quieren visitar a su nieto.<\/p>\n<p>En definitiva, y al hilo de dicha sentencia, debemos concluir que <strong>lo verdaderamente importante, es que los hijos crezcan y se desarrollen pudiendo relacionarse con todos los miembros de su familia, sin restricciones ni oposiciones<\/strong><strong>.<\/strong><\/p>\n<p>&nbsp;<\/p>\n<hr \/>\n<p>#fmsb #fontmorasainzdebaranda #abogados #economistas #derecho #derechocivil #codigocivil #familia #hijos #nietos #menores #custodia #medidas #interesdelmenor #custodiacompartida #r\u00e9gimen #visitas #progenitor #abuelos #desplazamientos #obligaciones #retirada #baleares #mallorca #menorca #ibiza #law #lawyers #solicitors<\/p>\n","protected":false},"excerpt":{"rendered":"<p>&nbsp; &nbsp; La Audiencia obliga a una madre a que su hijo venga a la Isla para ver a sus abuelos &nbsp; Recientemente se ha dictado una sentencia de la\u00a0Audiencia Provincial de Baleares, de un tema que parece olvidado, dada cuenta la falta de protecci\u00f3n de los abuelos frente a las visitas de sus nietos, [&hellip;]<\/p>\n","protected":false},"author":2,"featured_media":9705,"comment_status":"closed","ping_status":"open","sticky":false,"template":"","format":"standard","meta":{"footnotes":""},"categories":[2198,2199,2200,2742,2202],"tags":[2206,2744,2745,2208,2460,2746,2747,2748,2749,2216,2469,2750,2751,2218,2752,2223,2224,2225,2753,2228,2229,2231,2754,2755,2756,2234,2757,2758,2760,2761,2762,2764,2765,2766,2767,2768,2769],"class_list":["post-11443","post","type-post","status-publish","format-standard","has-post-thumbnail","hentry","category-actualidad-de","category-blog-de","category-derecho-civil-de","category-derecho-de-familia-de","category-home-de","tag-abogados-de","tag-abuelos-de","tag-audiencia-de","tag-baleares-de","tag-codigo-civil-de","tag-custodia-de","tag-custodia-compartida-de","tag-deberes-de","tag-demanda-de","tag-derecho-de","tag-derecho-civil-de","tag-desatencion-de","tag-desplazamiento-de","tag-economistas-de","tag-familia-de","tag-fmsb-de","tag-font-mora-sainz-de-baranda-de","tag-ibiza-de","tag-interes-del-menor-de","tag-law-de","tag-lawyers-de","tag-mallorca-de","tag-margalida-sanso-de","tag-medidas-con-respecto-a-los-hijos-de","tag-medidas-con-respecto-a-menores-de","tag-menorca-de","tag-menores-de","tag-modificacion-de-medidas-de","tag-nietos-de","tag-obligaciones-de","tag-progenitor-de","tag-relaciones-paternofiliales-de","tag-retirada-de-custodia-de","tag-sentencia-de","tag-solicit-de","tag-visita-de","tag-vuelo-de"],"yoast_head":"<!-- This site is optimized with the Yoast SEO plugin v27.3 - https:\/\/yoast.com\/product\/yoast-seo-wordpress\/ -->\n<title>La Audiencia Provincial obliga a una madre a que su hijo venga a la Isla de Mallorca para ver a sus abuelos, por la abogada Marga Fornaris - FMSB Abogados y Economistas en Baleares<\/title>\n<meta name=\"robots\" content=\"index, follow, max-snippet:-1, max-image-preview:large, max-video-preview:-1\" \/>\n<link rel=\"canonical\" href=\"https:\/\/fmsb.eu\/de\/2022\/03\/09\/la-audiencia-provincial-obliga-a-una-madre-a-que-su-hijo-venga-a-la-isla-de-mallorca-para-ver-a-sus-abuelos-por-la-abogada-marga-fornaris\/\" \/>\n<meta property=\"og:locale\" content=\"de_DE\" \/>\n<meta property=\"og:type\" content=\"article\" \/>\n<meta property=\"og:title\" content=\"La Audiencia Provincial obliga a una madre a que su hijo venga a la Isla de Mallorca para ver a sus abuelos, por la abogada Marga Fornaris - FMSB Abogados y Economistas en Baleares\" \/>\n<meta property=\"og:description\" content=\"&nbsp; &nbsp; La Audiencia obliga a una madre a que su hijo venga a la Isla para ver a sus abuelos &nbsp; Recientemente se ha dictado una sentencia de la\u00a0Audiencia Provincial de Baleares, de un tema que parece olvidado, dada cuenta la falta de protecci\u00f3n de los abuelos frente a las visitas de sus nietos, [&hellip;]\" \/>\n<meta property=\"og:url\" content=\"https:\/\/fmsb.eu\/de\/2022\/03\/09\/la-audiencia-provincial-obliga-a-una-madre-a-que-su-hijo-venga-a-la-isla-de-mallorca-para-ver-a-sus-abuelos-por-la-abogada-marga-fornaris\/\" \/>\n<meta property=\"og:site_name\" content=\"FMSB Abogados y Economistas en Baleares\" \/>\n<meta property=\"article:published_time\" content=\"2022-03-09T15:51:13+00:00\" \/>\n<meta property=\"og:image\" content=\"https:\/\/fmsb.eu\/wp-content\/uploads\/2022\/03\/FMSB-Abogados-Margalida-Fornaris-Regimen-de-Visitas-de-los-Abuelos-Nietos-1.png\" \/>\n\t<meta property=\"og:image:width\" content=\"955\" \/>\n\t<meta property=\"og:image:height\" content=\"645\" \/>\n\t<meta property=\"og:image:type\" content=\"image\/png\" \/>\n<meta name=\"author\" content=\"fmsb\" \/>\n<meta name=\"twitter:card\" content=\"summary_large_image\" \/>\n<meta name=\"twitter:creator\" content=\"@fmsb-disstint\" \/>\n<meta name=\"twitter:label1\" content=\"Verfasst von\" \/>\n\t<meta name=\"twitter:data1\" content=\"fmsb\" \/>\n\t<meta name=\"twitter:label2\" content=\"Gesch\u00e4tzte Lesezeit\" \/>\n\t<meta name=\"twitter:data2\" content=\"3\u00a0Minuten\" \/>\n<script type=\"application\/ld+json\" class=\"yoast-schema-graph\">{\"@context\":\"https:\\\/\\\/schema.org\",\"@graph\":[{\"@type\":\"Article\",\"@id\":\"https:\\\/\\\/fmsb.eu\\\/de\\\/2022\\\/03\\\/09\\\/la-audiencia-provincial-obliga-a-una-madre-a-que-su-hijo-venga-a-la-isla-de-mallorca-para-ver-a-sus-abuelos-por-la-abogada-marga-fornaris\\\/#article\",\"isPartOf\":{\"@id\":\"https:\\\/\\\/fmsb.eu\\\/de\\\/2022\\\/03\\\/09\\\/la-audiencia-provincial-obliga-a-una-madre-a-que-su-hijo-venga-a-la-isla-de-mallorca-para-ver-a-sus-abuelos-por-la-abogada-marga-fornaris\\\/\"},\"author\":{\"name\":\"fmsb\",\"@id\":\"https:\\\/\\\/fmsb.eu\\\/de\\\/#\\\/schema\\\/person\\\/9fba7c70814b0cd34d35d655d36a4ca2\"},\"headline\":\"La Audiencia Provincial obliga a una madre a que su hijo venga a la Isla de Mallorca para ver a sus abuelos, por la abogada Marga Fornaris\",\"datePublished\":\"2022-03-09T15:51:13+00:00\",\"mainEntityOfPage\":{\"@id\":\"https:\\\/\\\/fmsb.eu\\\/de\\\/2022\\\/03\\\/09\\\/la-audiencia-provincial-obliga-a-una-madre-a-que-su-hijo-venga-a-la-isla-de-mallorca-para-ver-a-sus-abuelos-por-la-abogada-marga-fornaris\\\/\"},\"wordCount\":529,\"publisher\":{\"@id\":\"https:\\\/\\\/fmsb.eu\\\/de\\\/#organization\"},\"image\":{\"@id\":\"https:\\\/\\\/fmsb.eu\\\/de\\\/2022\\\/03\\\/09\\\/la-audiencia-provincial-obliga-a-una-madre-a-que-su-hijo-venga-a-la-isla-de-mallorca-para-ver-a-sus-abuelos-por-la-abogada-marga-fornaris\\\/#primaryimage\"},\"thumbnailUrl\":\"https:\\\/\\\/fmsb.eu\\\/wp-content\\\/uploads\\\/2022\\\/03\\\/FMSB-Abogados-Margalida-Fornaris-Regimen-de-Visitas-de-los-Abuelos-Nietos-1.png\",\"keywords\":[\"abogados\",\"abuelos\",\"audiencia\",\"baleares\",\"c\u00f3digo civil\",\"custodia\",\"custodia compartida\",\"deberes\",\"demanda\",\"derecho\",\"Derecho Civil\",\"desatenci\u00f3n\",\"desplazamiento\",\"economistas\",\"familia\",\"fmsb\",\"font mora sainz de baranda\",\"ibiza\",\"inter\u00e9s del menor\",\"law\",\"lawyers\",\"mallorca\",\"margalida sanso\",\"medidas con respecto a los hijos\",\"medidas con respecto a menores\",\"menorca\",\"menores\",\"modificaci\u00f3n de medidas\",\"nietos\",\"obligaciones\",\"progenitor\",\"relaciones paternofiliales\",\"retirada de custodia\",\"sentencia\",\"solicit\",\"visita\",\"vuelo\"],\"articleSection\":[\"actualidad\",\"blog\",\"Derecho Civil\",\"derecho de familia\",\"Home\"],\"inLanguage\":\"de\"},{\"@type\":\"WebPage\",\"@id\":\"https:\\\/\\\/fmsb.eu\\\/de\\\/2022\\\/03\\\/09\\\/la-audiencia-provincial-obliga-a-una-madre-a-que-su-hijo-venga-a-la-isla-de-mallorca-para-ver-a-sus-abuelos-por-la-abogada-marga-fornaris\\\/\",\"url\":\"https:\\\/\\\/fmsb.eu\\\/de\\\/2022\\\/03\\\/09\\\/la-audiencia-provincial-obliga-a-una-madre-a-que-su-hijo-venga-a-la-isla-de-mallorca-para-ver-a-sus-abuelos-por-la-abogada-marga-fornaris\\\/\",\"name\":\"La Audiencia Provincial obliga a una madre a que su hijo venga a la Isla de Mallorca para ver a sus abuelos, por la abogada Marga Fornaris - FMSB Abogados y Economistas en Baleares\",\"isPartOf\":{\"@id\":\"https:\\\/\\\/fmsb.eu\\\/de\\\/#website\"},\"primaryImageOfPage\":{\"@id\":\"https:\\\/\\\/fmsb.eu\\\/de\\\/2022\\\/03\\\/09\\\/la-audiencia-provincial-obliga-a-una-madre-a-que-su-hijo-venga-a-la-isla-de-mallorca-para-ver-a-sus-abuelos-por-la-abogada-marga-fornaris\\\/#primaryimage\"},\"image\":{\"@id\":\"https:\\\/\\\/fmsb.eu\\\/de\\\/2022\\\/03\\\/09\\\/la-audiencia-provincial-obliga-a-una-madre-a-que-su-hijo-venga-a-la-isla-de-mallorca-para-ver-a-sus-abuelos-por-la-abogada-marga-fornaris\\\/#primaryimage\"},\"thumbnailUrl\":\"https:\\\/\\\/fmsb.eu\\\/wp-content\\\/uploads\\\/2022\\\/03\\\/FMSB-Abogados-Margalida-Fornaris-Regimen-de-Visitas-de-los-Abuelos-Nietos-1.png\",\"datePublished\":\"2022-03-09T15:51:13+00:00\",\"breadcrumb\":{\"@id\":\"https:\\\/\\\/fmsb.eu\\\/de\\\/2022\\\/03\\\/09\\\/la-audiencia-provincial-obliga-a-una-madre-a-que-su-hijo-venga-a-la-isla-de-mallorca-para-ver-a-sus-abuelos-por-la-abogada-marga-fornaris\\\/#breadcrumb\"},\"inLanguage\":\"de\",\"potentialAction\":[{\"@type\":\"ReadAction\",\"target\":[\"https:\\\/\\\/fmsb.eu\\\/de\\\/2022\\\/03\\\/09\\\/la-audiencia-provincial-obliga-a-una-madre-a-que-su-hijo-venga-a-la-isla-de-mallorca-para-ver-a-sus-abuelos-por-la-abogada-marga-fornaris\\\/\"]}]},{\"@type\":\"ImageObject\",\"inLanguage\":\"de\",\"@id\":\"https:\\\/\\\/fmsb.eu\\\/de\\\/2022\\\/03\\\/09\\\/la-audiencia-provincial-obliga-a-una-madre-a-que-su-hijo-venga-a-la-isla-de-mallorca-para-ver-a-sus-abuelos-por-la-abogada-marga-fornaris\\\/#primaryimage\",\"url\":\"https:\\\/\\\/fmsb.eu\\\/wp-content\\\/uploads\\\/2022\\\/03\\\/FMSB-Abogados-Margalida-Fornaris-Regimen-de-Visitas-de-los-Abuelos-Nietos-1.png\",\"contentUrl\":\"https:\\\/\\\/fmsb.eu\\\/wp-content\\\/uploads\\\/2022\\\/03\\\/FMSB-Abogados-Margalida-Fornaris-Regimen-de-Visitas-de-los-Abuelos-Nietos-1.png\",\"width\":955,\"height\":645},{\"@type\":\"BreadcrumbList\",\"@id\":\"https:\\\/\\\/fmsb.eu\\\/de\\\/2022\\\/03\\\/09\\\/la-audiencia-provincial-obliga-a-una-madre-a-que-su-hijo-venga-a-la-isla-de-mallorca-para-ver-a-sus-abuelos-por-la-abogada-marga-fornaris\\\/#breadcrumb\",\"itemListElement\":[{\"@type\":\"ListItem\",\"position\":1,\"name\":\"Portada\",\"item\":\"https:\\\/\\\/fmsb.eu\\\/de\\\/\"},{\"@type\":\"ListItem\",\"position\":2,\"name\":\"La Audiencia Provincial obliga a una madre a que su hijo venga a la Isla de Mallorca para ver a sus abuelos, por la abogada Marga Fornaris\"}]},{\"@type\":\"WebSite\",\"@id\":\"https:\\\/\\\/fmsb.eu\\\/de\\\/#website\",\"url\":\"https:\\\/\\\/fmsb.eu\\\/de\\\/\",\"name\":\"FMSB Abogados y Economistas en Baleares\",\"description\":\"\",\"publisher\":{\"@id\":\"https:\\\/\\\/fmsb.eu\\\/de\\\/#organization\"},\"potentialAction\":[{\"@type\":\"SearchAction\",\"target\":{\"@type\":\"EntryPoint\",\"urlTemplate\":\"https:\\\/\\\/fmsb.eu\\\/de\\\/?s={search_term_string}\"},\"query-input\":{\"@type\":\"PropertyValueSpecification\",\"valueRequired\":true,\"valueName\":\"search_term_string\"}}],\"inLanguage\":\"de\"},{\"@type\":\"Organization\",\"@id\":\"https:\\\/\\\/fmsb.eu\\\/de\\\/#organization\",\"name\":\"FMSB Abogados y Economistas en Baleares\",\"url\":\"https:\\\/\\\/fmsb.eu\\\/de\\\/\",\"logo\":{\"@type\":\"ImageObject\",\"inLanguage\":\"de\",\"@id\":\"https:\\\/\\\/fmsb.eu\\\/de\\\/#\\\/schema\\\/logo\\\/image\\\/\",\"url\":\"https:\\\/\\\/fmsb.eu\\\/wp-content\\\/uploads\\\/2025\\\/02\\\/logo.svg\",\"contentUrl\":\"https:\\\/\\\/fmsb.eu\\\/wp-content\\\/uploads\\\/2025\\\/02\\\/logo.svg\",\"width\":154,\"height\":52,\"caption\":\"FMSB Abogados y Economistas en Baleares\"},\"image\":{\"@id\":\"https:\\\/\\\/fmsb.eu\\\/de\\\/#\\\/schema\\\/logo\\\/image\\\/\"}},{\"@type\":\"Person\",\"@id\":\"https:\\\/\\\/fmsb.eu\\\/de\\\/#\\\/schema\\\/person\\\/9fba7c70814b0cd34d35d655d36a4ca2\",\"name\":\"fmsb\",\"image\":{\"@type\":\"ImageObject\",\"inLanguage\":\"de\",\"@id\":\"https:\\\/\\\/secure.gravatar.com\\\/avatar\\\/426f4d5b0ebcace85460caf87cdaaa193694b611e990615d87a13f322fb7ee7f?s=96&d=mm&r=g\",\"url\":\"https:\\\/\\\/secure.gravatar.com\\\/avatar\\\/426f4d5b0ebcace85460caf87cdaaa193694b611e990615d87a13f322fb7ee7f?s=96&d=mm&r=g\",\"contentUrl\":\"https:\\\/\\\/secure.gravatar.com\\\/avatar\\\/426f4d5b0ebcace85460caf87cdaaa193694b611e990615d87a13f322fb7ee7f?s=96&d=mm&r=g\",\"caption\":\"fmsb\"},\"sameAs\":[\"https:\\\/\\\/x.com\\\/fmsb-disstint\"],\"url\":\"https:\\\/\\\/fmsb.eu\\\/de\\\/author\\\/fmsb\\\/\"}]}<\/script>\n<!-- \/ Yoast SEO plugin. -->","yoast_head_json":{"title":"La Audiencia Provincial obliga a una madre a que su hijo venga a la Isla de Mallorca para ver a sus abuelos, por la abogada Marga Fornaris - FMSB Abogados y Economistas en Baleares","robots":{"index":"index","follow":"follow","max-snippet":"max-snippet:-1","max-image-preview":"max-image-preview:large","max-video-preview":"max-video-preview:-1"},"canonical":"https:\/\/fmsb.eu\/de\/2022\/03\/09\/la-audiencia-provincial-obliga-a-una-madre-a-que-su-hijo-venga-a-la-isla-de-mallorca-para-ver-a-sus-abuelos-por-la-abogada-marga-fornaris\/","og_locale":"de_DE","og_type":"article","og_title":"La Audiencia Provincial obliga a una madre a que su hijo venga a la Isla de Mallorca para ver a sus abuelos, por la abogada Marga Fornaris - FMSB Abogados y Economistas en Baleares","og_description":"&nbsp; &nbsp; La Audiencia obliga a una madre a que su hijo venga a la Isla para ver a sus abuelos &nbsp; Recientemente se ha dictado una sentencia de la\u00a0Audiencia Provincial de Baleares, de un tema que parece olvidado, dada cuenta la falta de protecci\u00f3n de los abuelos frente a las visitas de sus nietos, [&hellip;]","og_url":"https:\/\/fmsb.eu\/de\/2022\/03\/09\/la-audiencia-provincial-obliga-a-una-madre-a-que-su-hijo-venga-a-la-isla-de-mallorca-para-ver-a-sus-abuelos-por-la-abogada-marga-fornaris\/","og_site_name":"FMSB Abogados y Economistas en Baleares","article_published_time":"2022-03-09T15:51:13+00:00","og_image":[{"width":955,"height":645,"url":"https:\/\/fmsb.eu\/wp-content\/uploads\/2022\/03\/FMSB-Abogados-Margalida-Fornaris-Regimen-de-Visitas-de-los-Abuelos-Nietos-1.png","type":"image\/png"}],"author":"fmsb","twitter_card":"summary_large_image","twitter_creator":"@fmsb-disstint","twitter_misc":{"Verfasst von":"fmsb","Gesch\u00e4tzte Lesezeit":"3\u00a0Minuten"},"schema":{"@context":"https:\/\/schema.org","@graph":[{"@type":"Article","@id":"https:\/\/fmsb.eu\/de\/2022\/03\/09\/la-audiencia-provincial-obliga-a-una-madre-a-que-su-hijo-venga-a-la-isla-de-mallorca-para-ver-a-sus-abuelos-por-la-abogada-marga-fornaris\/#article","isPartOf":{"@id":"https:\/\/fmsb.eu\/de\/2022\/03\/09\/la-audiencia-provincial-obliga-a-una-madre-a-que-su-hijo-venga-a-la-isla-de-mallorca-para-ver-a-sus-abuelos-por-la-abogada-marga-fornaris\/"},"author":{"name":"fmsb","@id":"https:\/\/fmsb.eu\/de\/#\/schema\/person\/9fba7c70814b0cd34d35d655d36a4ca2"},"headline":"La Audiencia Provincial obliga a una madre a que su hijo venga a la Isla de Mallorca para ver a sus abuelos, por la abogada Marga Fornaris","datePublished":"2022-03-09T15:51:13+00:00","mainEntityOfPage":{"@id":"https:\/\/fmsb.eu\/de\/2022\/03\/09\/la-audiencia-provincial-obliga-a-una-madre-a-que-su-hijo-venga-a-la-isla-de-mallorca-para-ver-a-sus-abuelos-por-la-abogada-marga-fornaris\/"},"wordCount":529,"publisher":{"@id":"https:\/\/fmsb.eu\/de\/#organization"},"image":{"@id":"https:\/\/fmsb.eu\/de\/2022\/03\/09\/la-audiencia-provincial-obliga-a-una-madre-a-que-su-hijo-venga-a-la-isla-de-mallorca-para-ver-a-sus-abuelos-por-la-abogada-marga-fornaris\/#primaryimage"},"thumbnailUrl":"https:\/\/fmsb.eu\/wp-content\/uploads\/2022\/03\/FMSB-Abogados-Margalida-Fornaris-Regimen-de-Visitas-de-los-Abuelos-Nietos-1.png","keywords":["abogados","abuelos","audiencia","baleares","c\u00f3digo civil","custodia","custodia compartida","deberes","demanda","derecho","Derecho Civil","desatenci\u00f3n","desplazamiento","economistas","familia","fmsb","font mora sainz de baranda","ibiza","inter\u00e9s del menor","law","lawyers","mallorca","margalida sanso","medidas con respecto a los hijos","medidas con respecto a menores","menorca","menores","modificaci\u00f3n de medidas","nietos","obligaciones","progenitor","relaciones paternofiliales","retirada de custodia","sentencia","solicit","visita","vuelo"],"articleSection":["actualidad","blog","Derecho Civil","derecho de familia","Home"],"inLanguage":"de"},{"@type":"WebPage","@id":"https:\/\/fmsb.eu\/de\/2022\/03\/09\/la-audiencia-provincial-obliga-a-una-madre-a-que-su-hijo-venga-a-la-isla-de-mallorca-para-ver-a-sus-abuelos-por-la-abogada-marga-fornaris\/","url":"https:\/\/fmsb.eu\/de\/2022\/03\/09\/la-audiencia-provincial-obliga-a-una-madre-a-que-su-hijo-venga-a-la-isla-de-mallorca-para-ver-a-sus-abuelos-por-la-abogada-marga-fornaris\/","name":"La Audiencia Provincial obliga a una madre a que su hijo venga a la Isla de Mallorca para ver a sus abuelos, por la abogada Marga Fornaris - FMSB Abogados y Economistas en Baleares","isPartOf":{"@id":"https:\/\/fmsb.eu\/de\/#website"},"primaryImageOfPage":{"@id":"https:\/\/fmsb.eu\/de\/2022\/03\/09\/la-audiencia-provincial-obliga-a-una-madre-a-que-su-hijo-venga-a-la-isla-de-mallorca-para-ver-a-sus-abuelos-por-la-abogada-marga-fornaris\/#primaryimage"},"image":{"@id":"https:\/\/fmsb.eu\/de\/2022\/03\/09\/la-audiencia-provincial-obliga-a-una-madre-a-que-su-hijo-venga-a-la-isla-de-mallorca-para-ver-a-sus-abuelos-por-la-abogada-marga-fornaris\/#primaryimage"},"thumbnailUrl":"https:\/\/fmsb.eu\/wp-content\/uploads\/2022\/03\/FMSB-Abogados-Margalida-Fornaris-Regimen-de-Visitas-de-los-Abuelos-Nietos-1.png","datePublished":"2022-03-09T15:51:13+00:00","breadcrumb":{"@id":"https:\/\/fmsb.eu\/de\/2022\/03\/09\/la-audiencia-provincial-obliga-a-una-madre-a-que-su-hijo-venga-a-la-isla-de-mallorca-para-ver-a-sus-abuelos-por-la-abogada-marga-fornaris\/#breadcrumb"},"inLanguage":"de","potentialAction":[{"@type":"ReadAction","target":["https:\/\/fmsb.eu\/de\/2022\/03\/09\/la-audiencia-provincial-obliga-a-una-madre-a-que-su-hijo-venga-a-la-isla-de-mallorca-para-ver-a-sus-abuelos-por-la-abogada-marga-fornaris\/"]}]},{"@type":"ImageObject","inLanguage":"de","@id":"https:\/\/fmsb.eu\/de\/2022\/03\/09\/la-audiencia-provincial-obliga-a-una-madre-a-que-su-hijo-venga-a-la-isla-de-mallorca-para-ver-a-sus-abuelos-por-la-abogada-marga-fornaris\/#primaryimage","url":"https:\/\/fmsb.eu\/wp-content\/uploads\/2022\/03\/FMSB-Abogados-Margalida-Fornaris-Regimen-de-Visitas-de-los-Abuelos-Nietos-1.png","contentUrl":"https:\/\/fmsb.eu\/wp-content\/uploads\/2022\/03\/FMSB-Abogados-Margalida-Fornaris-Regimen-de-Visitas-de-los-Abuelos-Nietos-1.png","width":955,"height":645},{"@type":"BreadcrumbList","@id":"https:\/\/fmsb.eu\/de\/2022\/03\/09\/la-audiencia-provincial-obliga-a-una-madre-a-que-su-hijo-venga-a-la-isla-de-mallorca-para-ver-a-sus-abuelos-por-la-abogada-marga-fornaris\/#breadcrumb","itemListElement":[{"@type":"ListItem","position":1,"name":"Portada","item":"https:\/\/fmsb.eu\/de\/"},{"@type":"ListItem","position":2,"name":"La Audiencia Provincial obliga a una madre a que su hijo venga a la Isla de Mallorca para ver a sus abuelos, por la abogada Marga Fornaris"}]},{"@type":"WebSite","@id":"https:\/\/fmsb.eu\/de\/#website","url":"https:\/\/fmsb.eu\/de\/","name":"FMSB Abogados y Economistas en Baleares","description":"","publisher":{"@id":"https:\/\/fmsb.eu\/de\/#organization"},"potentialAction":[{"@type":"SearchAction","target":{"@type":"EntryPoint","urlTemplate":"https:\/\/fmsb.eu\/de\/?s={search_term_string}"},"query-input":{"@type":"PropertyValueSpecification","valueRequired":true,"valueName":"search_term_string"}}],"inLanguage":"de"},{"@type":"Organization","@id":"https:\/\/fmsb.eu\/de\/#organization","name":"FMSB Abogados y Economistas en Baleares","url":"https:\/\/fmsb.eu\/de\/","logo":{"@type":"ImageObject","inLanguage":"de","@id":"https:\/\/fmsb.eu\/de\/#\/schema\/logo\/image\/","url":"https:\/\/fmsb.eu\/wp-content\/uploads\/2025\/02\/logo.svg","contentUrl":"https:\/\/fmsb.eu\/wp-content\/uploads\/2025\/02\/logo.svg","width":154,"height":52,"caption":"FMSB Abogados y Economistas en Baleares"},"image":{"@id":"https:\/\/fmsb.eu\/de\/#\/schema\/logo\/image\/"}},{"@type":"Person","@id":"https:\/\/fmsb.eu\/de\/#\/schema\/person\/9fba7c70814b0cd34d35d655d36a4ca2","name":"fmsb","image":{"@type":"ImageObject","inLanguage":"de","@id":"https:\/\/secure.gravatar.com\/avatar\/426f4d5b0ebcace85460caf87cdaaa193694b611e990615d87a13f322fb7ee7f?s=96&d=mm&r=g","url":"https:\/\/secure.gravatar.com\/avatar\/426f4d5b0ebcace85460caf87cdaaa193694b611e990615d87a13f322fb7ee7f?s=96&d=mm&r=g","contentUrl":"https:\/\/secure.gravatar.com\/avatar\/426f4d5b0ebcace85460caf87cdaaa193694b611e990615d87a13f322fb7ee7f?s=96&d=mm&r=g","caption":"fmsb"},"sameAs":["https:\/\/x.com\/fmsb-disstint"],"url":"https:\/\/fmsb.eu\/de\/author\/fmsb\/"}]}},"_links":{"self":[{"href":"https:\/\/fmsb.eu\/de\/wp-json\/wp\/v2\/posts\/11443","targetHints":{"allow":["GET"]}}],"collection":[{"href":"https:\/\/fmsb.eu\/de\/wp-json\/wp\/v2\/posts"}],"about":[{"href":"https:\/\/fmsb.eu\/de\/wp-json\/wp\/v2\/types\/post"}],"author":[{"embeddable":true,"href":"https:\/\/fmsb.eu\/de\/wp-json\/wp\/v2\/users\/2"}],"replies":[{"embeddable":true,"href":"https:\/\/fmsb.eu\/de\/wp-json\/wp\/v2\/comments?post=11443"}],"version-history":[{"count":0,"href":"https:\/\/fmsb.eu\/de\/wp-json\/wp\/v2\/posts\/11443\/revisions"}],"wp:featuredmedia":[{"embeddable":true,"href":"https:\/\/fmsb.eu\/de\/wp-json\/wp\/v2\/media\/9705"}],"wp:attachment":[{"href":"https:\/\/fmsb.eu\/de\/wp-json\/wp\/v2\/media?parent=11443"}],"wp:term":[{"taxonomy":"category","embeddable":true,"href":"https:\/\/fmsb.eu\/de\/wp-json\/wp\/v2\/categories?post=11443"},{"taxonomy":"post_tag","embeddable":true,"href":"https:\/\/fmsb.eu\/de\/wp-json\/wp\/v2\/tags?post=11443"}],"curies":[{"name":"wp","href":"https:\/\/api.w.org\/{rel}","templated":true}]}}