{"id":11445,"date":"2022-03-06T07:46:45","date_gmt":"2022-03-06T06:46:45","guid":{"rendered":"http:\/\/fmsb.disstintbeta.com\/2022\/03\/06\/el-gato-encerrado-hacienda-jorge-sainz-de-baranda-mallorcadiario\/"},"modified":"2022-03-06T07:46:45","modified_gmt":"2022-03-06T06:46:45","slug":"el-gato-encerrado-hacienda-jorge-sainz-de-baranda-mallorcadiario","status":"publish","type":"post","link":"https:\/\/fmsb.eu\/de\/2022\/03\/06\/el-gato-encerrado-hacienda-jorge-sainz-de-baranda-mallorcadiario\/","title":{"rendered":"El gato encerrado en el Matrix de Hacienda, art\u00edculo de opini\u00f3n de Jorge S\u00e1inz de Baranda en Mallorcadiario"},"content":{"rendered":"<p>&nbsp;<\/p>\n<div class=\"navegacion\">\n<h3 class=\"antesubtitulo antetit\"><a href=\"http:\/\/www.mallorcadiario.com\"><span style=\"color: #993300;\"><strong>mallorcadiario.com<\/strong><\/span><\/a>\u00a0 <a href=\"https:\/\/www.mallorcadiario.com\/el-gato-encerrado-en-el-matrix-de-hacienda\">Opini\u00f3n<\/a><\/h3>\n<\/div>\n<p><a href=\"http:\/\/fmsb.disstintbeta.com\/wp-content\/uploads\/2022\/03\/FMSB-Abogados-Jorge-Sainz-de-Baranda-Mallorcadiario-El-gato-encerrado-en-el-Matrix-de-Hacienda-00.jpg\"><img fetchpriority=\"high\" decoding=\"async\" class=\"alignnone wp-image-5818\" src=\"http:\/\/fmsb.disstintbeta.com\/wp-content\/uploads\/2022\/03\/FMSB-Abogados-Jorge-Sainz-de-Baranda-Mallorcadiario-El-gato-encerrado-en-el-Matrix-de-Hacienda-00.jpg\" alt=\"\" width=\"800\" height=\"600\" srcset=\"https:\/\/font-mora-sainz-baranda.fra1.digitaloceanspaces.com\/wp-content\/uploads\/2022\/03\/FMSB-Abogados-Jorge-Sainz-de-Baranda-Mallorcadiario-El-gato-encerrado-en-el-Matrix-de-Hacienda-00.jpg 1600w, https:\/\/font-mora-sainz-baranda.fra1.digitaloceanspaces.com\/wp-content\/uploads\/2022\/03\/FMSB-Abogados-Jorge-Sainz-de-Baranda-Mallorcadiario-El-gato-encerrado-en-el-Matrix-de-Hacienda-00-300x225.jpg 300w, https:\/\/font-mora-sainz-baranda.fra1.digitaloceanspaces.com\/wp-content\/uploads\/2022\/03\/FMSB-Abogados-Jorge-Sainz-de-Baranda-Mallorcadiario-El-gato-encerrado-en-el-Matrix-de-Hacienda-00-1024x768.jpg 1024w, https:\/\/font-mora-sainz-baranda.fra1.digitaloceanspaces.com\/wp-content\/uploads\/2022\/03\/FMSB-Abogados-Jorge-Sainz-de-Baranda-Mallorcadiario-El-gato-encerrado-en-el-Matrix-de-Hacienda-00-768x576.jpg 768w, https:\/\/font-mora-sainz-baranda.fra1.digitaloceanspaces.com\/wp-content\/uploads\/2022\/03\/FMSB-Abogados-Jorge-Sainz-de-Baranda-Mallorcadiario-El-gato-encerrado-en-el-Matrix-de-Hacienda-00-1536x1152.jpg 1536w\" sizes=\"(max-width: 800px) 100vw, 800px\" \/><\/a><\/p>\n<div class=\"navegacion\">\n<h6 class=\"ulthora fecha_publicacion\"><span class=\"dia_mes_anno\">DOMINGO 6 DE MARZO DE 2022<br \/>\n<\/span><\/h6>\n<h6 class=\"ulthora fecha_publicacion\"><span class=\"dia_mes_anno\" style=\"color: #ffffff;\">DOMINGO 25 DE OCTUBRE DE 2020<\/span><\/h6>\n<\/div>\n<div title=\"noticia 557362\">\n<h1 class=\"titulo\"><a href=\"https:\/\/www.mallorcadiario.com\/el-gato-encerrado-en-el-matrix-de-hacienda\">El gato encerrado en el Matrix de Hacienda<\/a><\/h1>\n<\/div>\n<div id=\"firmante_767\" class=\"firmante\">\n<p>Por\u00a0<strong><span class=\"nombre_firmante\">Jorge S\u00e1inz de Baranda<\/span><\/strong><\/p>\n<h6><a href=\"https:\/\/www.mallorcadiario.com\/jorge-sainz-de-baranda\/autor\/767\/\"><strong><span style=\"color: #993300;\">M\u00c1S ART\u00cdCULOS DEL AUTOR<\/span><\/strong><\/a><\/h6>\n<p><strong>\u00a0<\/strong><\/p>\n<p>La expresi\u00f3n <em>\u201caqu\u00ed hay gato encerrado\u201d<\/em> la utilizamos con frecuencia cuando desconfiamos de algo o de alguien, pero si quisi\u00e9ramos encontrar el origen tendr\u00edamos que acudir al Siglo de Oro espa\u00f1ol, en el que se empez\u00f3 a llamar \u00abgato\u00bb a la bolsa o talego en el que se guardaban los dineros, seguramente porque \u00e9sta estaba hecha de la piel del peque\u00f1o felino.<\/p>\n<p>Estos \u00abgatos\u00bb se llevaban escondidos entre las ropas, y la frase se convirti\u00f3 en la consigna que se daban entre s\u00ed los amigos de lo ajeno cuando ve\u00edan a alguien guard\u00e1ndolos, todo ello con el loable fin de afan\u00e1rselo r\u00e1pidamente.<\/p>\n<p>Y miren, que casualidad, que esta expresi\u00f3n es la primera que me vino a la cabeza al comenzar a leer -lo s\u00e9, querida, este vicio no me puede traer nada bueno- el nuevo proyecto de Reglamento que, con el pomposo t\u00edtulo de <em>\u201cReglamento que establece los requisitos que deben adoptar los sistemas y programas inform\u00e1ticos o electr\u00f3nicos que soporten los procesos de facturaci\u00f3n de empresarios y profesionales, y la estandarizaci\u00f3n de formatos de los registros de facturaci\u00f3n<\/em>\u201d, se ha estado cocinando desde la Administraci\u00f3n Tributaria.<\/p>\n<p>La Ley del fraude fiscal introdujo la prohibici\u00f3n del software de doble uso, que era el que permit\u00eda manipular y llevar una doble contabilidad. Esos softwares llegaban a instalar un programa oculto en el TPV para emitir tickets completos que no se incorporaban a la facturaci\u00f3n oficial.<\/p>\n<p>Para evitarlo se comenz\u00f3 exigiendo que los programas a utilizar por los aut\u00f3nomos y empresas dispusieran de un certificado del Ministerio de Hacienda, aunque qued\u00f3 todo condicionado a su desarrollo reglamentario, que es lo que ahora tenemos en ciernes.<\/p>\n<p>La forma de comenzar la exposici\u00f3n de motivos, diciendo <em>\u201ceste Real Decreto pretende conseguir la modernizaci\u00f3n de la dotaci\u00f3n digital de pymes, microempresas y aut\u00f3nomos, a la vez que una mejora en el cumplimiento tributario y en la lucha contra el incumplimiento\u201d, <\/em>me supuso de inmediato el comienzo simultaneo de mis picores -no s\u00e9 si se lo he contado, pero recientemente me han diagnosticado alergia a los mininos-.<\/p>\n<p>La idea base del reglamento es, otra vez, a\u00f1adir una nueva obligaci\u00f3n a los aut\u00f3nomos, a las microempresas y a las Pymes, de forma que se ver\u00e1n obligados a adaptar sus programas inform\u00e1ticos de facturaci\u00f3n para cumplir con los nuevos requisitos en las facturas que emitan, en las que se incluir\u00e1n necesariamente c\u00f3digos QR o de verificaci\u00f3n autom\u00e1tica.<\/p>\n<p>A su vez, la norma recoge la posibilidad -de momento es solo una amable invitaci\u00f3n- de remitir telem\u00e1ticamente cada factura a la Agencia Tributaria a fin de que lleve ella directamente tu libro registro de facturas emitidas.<\/p>\n<p>Pero no se queden ah\u00ed, que la novedad importante es otra, aunque est\u00e9 escondida.<\/p>\n<p>A partir de ahora, la factura emitida por un aut\u00f3nomo o una peque\u00f1a empresa, y con independencia del importe que sea, tambi\u00e9n la puede remitir a la Agencia Tributaria el destinatario de la misma, sea o no empresario, y por la misma v\u00eda telem\u00e1tica; de forma que nos ofrece a los consumidores finales una sana venganza en caso de que el servicio o el bien no haya sido de nuestro agrado y, de paso, la Administraci\u00f3n contar\u00e1 con una informaci\u00f3n de la que, con el actual modelo 347, carece, ya que solo se declaran las operaciones superiores a 3.000 \u20ac.<\/p>\n<p>Eso s\u00ed, la norma aclara que <em>\u201cestas remisiones de informaci\u00f3n no tendr\u00e1n la consideraci\u00f3n de denuncias de infracciones tributarias\u201d<\/em>. Recuerden que Roma s\u00ed paga traidores.<\/p>\n<p>Aquellos contribuyentes que sufren el simp\u00e1tico sistema del Suministro Inmediato de Informaci\u00f3n (SII), implantado en el a\u00f1o 2017 para las empresas que facturan m\u00e1s de 6 millones de euros, ya pueden imaginarse el final feliz de este reglamento en un plazo no muy lejano.<\/p>\n<p>Lo cierto es que las constantes nuevas obligaciones de informaci\u00f3n y control a cargo del contribuyente nos est\u00e1n adentrando en un <strong>Matrix<\/strong> tributario, como el de la pel\u00edcula de ciencia ficci\u00f3n dirigida por las hermanas Wachowski (1999), en el que las m\u00e1quinas terminar\u00e1n conociendo hasta el color de nuestra ropa interior -aunque con las modas actuales, el saberlo no suponga tampoco ninguna proeza-, dejando relegadas las funciones de los \u00f3rganos de gesti\u00f3n e inspecci\u00f3n de la Administraci\u00f3n a un mero cruce de datos suministrados por el propio obligado tributario, o por los que le rodean.<\/p>\n<p>Y como hoy va de gatos, me tengo que despedir con otra cita, <strong><em>de noche todos los gatos son pardos<\/em><\/strong>, que trata de advertirnos de la facilidad, en algunas ocasiones, de ser enga\u00f1ados por una falsa apariencia de avance y mejora, sin percatarnos de las malas intenciones que ocultan\u2026 aunque no se crean, quiz\u00e1, todo son elucubraciones m\u00edas producidas por mi nueva alergia. Tiempo al tiempo.<\/p>\n<\/div>\n<p>&nbsp;<\/p>\n<hr \/>\n<p>Art\u00edculo original publicado en el diario digital\u00a0<a href=\"https:\/\/www.mallorcadiario.com\/el-gato-encerrado-en-el-matrix-de-hacienda\"><strong><span style=\"color: #993300;\">mallorcadiario.com<\/span><\/strong><\/a> .\u00a0\u00a0 L\u00e9elo directamente en mallorcadiario a trav\u00e9s de este <span style=\"color: #993366;\"><strong><a style=\"color: #993366;\" href=\"https:\/\/www.mallorcadiario.com\/el-gato-encerrado-en-el-matrix-de-hacienda\">enlace<\/a><\/strong><\/span><\/p>\n","protected":false},"excerpt":{"rendered":"<p>&nbsp; mallorcadiario.com\u00a0 Opini\u00f3n DOMINGO 6 DE MARZO DE 2022 DOMINGO 25 DE OCTUBRE DE 2020 El gato encerrado en el Matrix de Hacienda Por\u00a0Jorge S\u00e1inz de Baranda M\u00c1S ART\u00cdCULOS DEL AUTOR \u00a0 La expresi\u00f3n \u201caqu\u00ed hay gato encerrado\u201d la utilizamos con frecuencia cuando desconfiamos de algo o de alguien, pero si quisi\u00e9ramos encontrar el origen [&hellip;]<\/p>\n","protected":false},"author":2,"featured_media":9703,"comment_status":"closed","ping_status":"open","sticky":false,"template":"","format":"standard","meta":{"footnotes":""},"categories":[2199,2309,3169],"tags":[2206,2663,2665,2312,2666,2507,2314,2668,2208,2669,2670,2671,2672,2673,2316,2674,2675,2319,2320,2321,2681,2682,2683,2218,2219,2686,2223,2325,2327,2691,2225,2328,2329,2330,2694,2331,2333,2228,2229,2334,2231,2336,2232,2234,2696,2342,2343,2345,2699,2700,2236,2701,2702,2349,2240,2704,2354,2243,2361,2709,2363,2713,2365],"class_list":["post-11445","post","type-post","status-publish","format-standard","has-post-thumbnail","hentry","category-blog-de","category-derecho-fiscal-de","category-opinion-de","tag-abogados-de","tag-administracion-tributaria-de","tag-aeat-de","tag-agencia-tributaria-de","tag-antifraude-de","tag-articulos-de","tag-asesores-de","tag-atib-de","tag-baleares-de","tag-blanqueo-de","tag-blanqueo-de-capitales-de","tag-campana-de-la-renta-de","tag-campana-irpf-de","tag-catastro-de","tag-comunidad-autonoma-de","tag-declaracion-de-inconstitucionalidad-de","tag-declaracion-de-nulidad-de","tag-derecho-de-la-union-europea-de","tag-derecho-fiscal-de","tag-derecho-tributario-de","tag-dgt-de","tag-direccion-general-de-tributos-de","tag-direccion-general-del-catastro-de","tag-economistas-de","tag-el-arenal-de","tag-extranjeros-de","tag-fmsb-de","tag-hacienda-de","tag-herencias-de","tag-ibi-de","tag-ibiza-de","tag-illes-balears-de","tag-impuesto-de-sucesiones-de","tag-impuestos-de","tag-incremento-del-valor-de-los-terrenos-de-naturaleza-urbana-de","tag-irpf-de","tag-jorge-sainz-de-baranda-de","tag-law-de","tag-lawyers-de","tag-ley-antifraude-de","tag-mallorca-de","tag-mallorcadiario-de","tag-manacor-de","tag-menorca-de","tag-modelo-720-de","tag-obligado-tributario-de","tag-opinion-de","tag-palma-de","tag-plan-anual-de-control-tributario-de","tag-plusvalia-de","tag-port-dandratx-de","tag-prespuestos-generales-del-estado-de","tag-presupuestos-2021-de","tag-prevencion-de","tag-puerto-de-andratx-de","tag-recargo-de","tag-residentes-fiscales-de","tag-solicitors-de","tag-sucesiones-y-donaciones-de","tag-testador-de","tag-tributos-de","tag-ue-de","tag-valor-de-referencia-catastral-de"],"yoast_head":"<!-- This site is optimized with the Yoast SEO plugin v27.3 - https:\/\/yoast.com\/product\/yoast-seo-wordpress\/ -->\n<title>El gato encerrado en el Matrix de Hacienda, art\u00edculo de opini\u00f3n de Jorge S\u00e1inz de Baranda en Mallorcadiario - FMSB Abogados y Economistas en Baleares<\/title>\n<meta name=\"robots\" content=\"index, follow, max-snippet:-1, max-image-preview:large, max-video-preview:-1\" \/>\n<link rel=\"canonical\" href=\"https:\/\/fmsb.eu\/de\/2022\/03\/06\/el-gato-encerrado-hacienda-jorge-sainz-de-baranda-mallorcadiario\/\" \/>\n<meta property=\"og:locale\" content=\"de_DE\" \/>\n<meta property=\"og:type\" content=\"article\" \/>\n<meta property=\"og:title\" content=\"El gato encerrado en el Matrix de Hacienda, art\u00edculo de opini\u00f3n de Jorge S\u00e1inz de Baranda en Mallorcadiario - FMSB Abogados y Economistas en Baleares\" \/>\n<meta property=\"og:description\" content=\"&nbsp; mallorcadiario.com\u00a0 Opini\u00f3n DOMINGO 6 DE MARZO DE 2022 DOMINGO 25 DE OCTUBRE DE 2020 El gato encerrado en el Matrix de Hacienda Por\u00a0Jorge S\u00e1inz de Baranda M\u00c1S ART\u00cdCULOS DEL AUTOR \u00a0 La expresi\u00f3n \u201caqu\u00ed hay gato encerrado\u201d la utilizamos con frecuencia cuando desconfiamos de algo o de alguien, pero si quisi\u00e9ramos encontrar el origen [&hellip;]\" \/>\n<meta property=\"og:url\" content=\"https:\/\/fmsb.eu\/de\/2022\/03\/06\/el-gato-encerrado-hacienda-jorge-sainz-de-baranda-mallorcadiario\/\" \/>\n<meta property=\"og:site_name\" content=\"FMSB Abogados y Economistas en Baleares\" \/>\n<meta property=\"article:published_time\" content=\"2022-03-06T06:46:45+00:00\" \/>\n<meta property=\"og:image\" content=\"https:\/\/fmsb.eu\/wp-content\/uploads\/2022\/03\/FMSB-Abogados-Jorge-Sainz-de-Baranda-Mallorcadiario-El-gato-encerrado-en-el-Matrix-de-Hacienda-00.jpg\" \/>\n\t<meta property=\"og:image:width\" content=\"1600\" \/>\n\t<meta property=\"og:image:height\" content=\"1200\" \/>\n\t<meta property=\"og:image:type\" content=\"image\/jpeg\" \/>\n<meta name=\"author\" content=\"fmsb\" \/>\n<meta name=\"twitter:card\" content=\"summary_large_image\" \/>\n<meta name=\"twitter:creator\" content=\"@fmsb-disstint\" \/>\n<meta name=\"twitter:label1\" content=\"Verfasst von\" \/>\n\t<meta name=\"twitter:data1\" content=\"fmsb\" \/>\n\t<meta name=\"twitter:label2\" content=\"Gesch\u00e4tzte Lesezeit\" \/>\n\t<meta name=\"twitter:data2\" content=\"5\u00a0Minuten\" \/>\n<script type=\"application\/ld+json\" class=\"yoast-schema-graph\">{\"@context\":\"https:\\\/\\\/schema.org\",\"@graph\":[{\"@type\":\"Article\",\"@id\":\"https:\\\/\\\/fmsb.eu\\\/de\\\/2022\\\/03\\\/06\\\/el-gato-encerrado-hacienda-jorge-sainz-de-baranda-mallorcadiario\\\/#article\",\"isPartOf\":{\"@id\":\"https:\\\/\\\/fmsb.eu\\\/de\\\/2022\\\/03\\\/06\\\/el-gato-encerrado-hacienda-jorge-sainz-de-baranda-mallorcadiario\\\/\"},\"author\":{\"name\":\"fmsb\",\"@id\":\"https:\\\/\\\/fmsb.eu\\\/de\\\/#\\\/schema\\\/person\\\/9fba7c70814b0cd34d35d655d36a4ca2\"},\"headline\":\"El gato encerrado en el Matrix de Hacienda, art\u00edculo de opini\u00f3n de Jorge S\u00e1inz de Baranda en Mallorcadiario\",\"datePublished\":\"2022-03-06T06:46:45+00:00\",\"mainEntityOfPage\":{\"@id\":\"https:\\\/\\\/fmsb.eu\\\/de\\\/2022\\\/03\\\/06\\\/el-gato-encerrado-hacienda-jorge-sainz-de-baranda-mallorcadiario\\\/\"},\"wordCount\":912,\"publisher\":{\"@id\":\"https:\\\/\\\/fmsb.eu\\\/de\\\/#organization\"},\"image\":{\"@id\":\"https:\\\/\\\/fmsb.eu\\\/de\\\/2022\\\/03\\\/06\\\/el-gato-encerrado-hacienda-jorge-sainz-de-baranda-mallorcadiario\\\/#primaryimage\"},\"thumbnailUrl\":\"https:\\\/\\\/fmsb.eu\\\/wp-content\\\/uploads\\\/2022\\\/03\\\/FMSB-Abogados-Jorge-Sainz-de-Baranda-Mallorcadiario-El-gato-encerrado-en-el-Matrix-de-Hacienda-00.jpg\",\"keywords\":[\"abogados\",\"administraci\u00f3n tributaria\",\"aeat\",\"agencia tributaria\",\"antifraude\",\"articulos\",\"asesores\",\"ATIB\",\"baleares\",\"blanqueo\",\"blanqueo de capitales\",\"campa\u00f1a de la renta\",\"campa\u00f1a irpf\",\"catastro\",\"comunidad aut\u00f3noma\",\"declaraci\u00f3n de inconstitucionalidad\",\"declaraci\u00f3n de nulidad\",\"derecho de la uni\u00f3n europea\",\"derecho fiscal\",\"derecho tributario\",\"dgt\",\"direcci\u00f3n general de tributos\",\"direcci\u00f3n general del catastro\",\"economistas\",\"el arenal\",\"extranjeros\",\"fmsb\",\"Hacienda\",\"herencias\",\"ibi\",\"ibiza\",\"illes balears\",\"impuesto de sucesiones\",\"impuestos\",\"incremento del valor de los terrenos de naturaleza urbana\",\"IRPF\",\"jorge sainz de baranda\",\"law\",\"lawyers\",\"ley antifraude\",\"mallorca\",\"mallorcadiario\",\"Manacor\",\"menorca\",\"modelo 720\",\"obligado tributario\",\"opinion\",\"Palma\",\"plan anual de control tributario\",\"plusval\u00eda\",\"port d&#8217;andratx\",\"prespuestos generales del estado\",\"presupuestos 2021\",\"prevenci\u00f3n\",\"puerto de andratx\",\"recargo\",\"residentes fiscales\",\"solicitors\",\"sucesiones y donaciones\",\"testador\",\"tributos\",\"ue\",\"valor de referencia catastral\"],\"articleSection\":[\"blog\",\"Derecho Fiscal\",\"Opini\u00f3n\"],\"inLanguage\":\"de\"},{\"@type\":\"WebPage\",\"@id\":\"https:\\\/\\\/fmsb.eu\\\/de\\\/2022\\\/03\\\/06\\\/el-gato-encerrado-hacienda-jorge-sainz-de-baranda-mallorcadiario\\\/\",\"url\":\"https:\\\/\\\/fmsb.eu\\\/de\\\/2022\\\/03\\\/06\\\/el-gato-encerrado-hacienda-jorge-sainz-de-baranda-mallorcadiario\\\/\",\"name\":\"El gato encerrado en el Matrix de Hacienda, art\u00edculo de opini\u00f3n de Jorge S\u00e1inz de Baranda en Mallorcadiario - FMSB Abogados y Economistas en Baleares\",\"isPartOf\":{\"@id\":\"https:\\\/\\\/fmsb.eu\\\/de\\\/#website\"},\"primaryImageOfPage\":{\"@id\":\"https:\\\/\\\/fmsb.eu\\\/de\\\/2022\\\/03\\\/06\\\/el-gato-encerrado-hacienda-jorge-sainz-de-baranda-mallorcadiario\\\/#primaryimage\"},\"image\":{\"@id\":\"https:\\\/\\\/fmsb.eu\\\/de\\\/2022\\\/03\\\/06\\\/el-gato-encerrado-hacienda-jorge-sainz-de-baranda-mallorcadiario\\\/#primaryimage\"},\"thumbnailUrl\":\"https:\\\/\\\/fmsb.eu\\\/wp-content\\\/uploads\\\/2022\\\/03\\\/FMSB-Abogados-Jorge-Sainz-de-Baranda-Mallorcadiario-El-gato-encerrado-en-el-Matrix-de-Hacienda-00.jpg\",\"datePublished\":\"2022-03-06T06:46:45+00:00\",\"breadcrumb\":{\"@id\":\"https:\\\/\\\/fmsb.eu\\\/de\\\/2022\\\/03\\\/06\\\/el-gato-encerrado-hacienda-jorge-sainz-de-baranda-mallorcadiario\\\/#breadcrumb\"},\"inLanguage\":\"de\",\"potentialAction\":[{\"@type\":\"ReadAction\",\"target\":[\"https:\\\/\\\/fmsb.eu\\\/de\\\/2022\\\/03\\\/06\\\/el-gato-encerrado-hacienda-jorge-sainz-de-baranda-mallorcadiario\\\/\"]}]},{\"@type\":\"ImageObject\",\"inLanguage\":\"de\",\"@id\":\"https:\\\/\\\/fmsb.eu\\\/de\\\/2022\\\/03\\\/06\\\/el-gato-encerrado-hacienda-jorge-sainz-de-baranda-mallorcadiario\\\/#primaryimage\",\"url\":\"https:\\\/\\\/fmsb.eu\\\/wp-content\\\/uploads\\\/2022\\\/03\\\/FMSB-Abogados-Jorge-Sainz-de-Baranda-Mallorcadiario-El-gato-encerrado-en-el-Matrix-de-Hacienda-00.jpg\",\"contentUrl\":\"https:\\\/\\\/fmsb.eu\\\/wp-content\\\/uploads\\\/2022\\\/03\\\/FMSB-Abogados-Jorge-Sainz-de-Baranda-Mallorcadiario-El-gato-encerrado-en-el-Matrix-de-Hacienda-00.jpg\",\"width\":1600,\"height\":1200},{\"@type\":\"BreadcrumbList\",\"@id\":\"https:\\\/\\\/fmsb.eu\\\/de\\\/2022\\\/03\\\/06\\\/el-gato-encerrado-hacienda-jorge-sainz-de-baranda-mallorcadiario\\\/#breadcrumb\",\"itemListElement\":[{\"@type\":\"ListItem\",\"position\":1,\"name\":\"Portada\",\"item\":\"https:\\\/\\\/fmsb.eu\\\/de\\\/\"},{\"@type\":\"ListItem\",\"position\":2,\"name\":\"El gato encerrado en el Matrix de Hacienda, art\u00edculo de opini\u00f3n de Jorge S\u00e1inz de Baranda en Mallorcadiario\"}]},{\"@type\":\"WebSite\",\"@id\":\"https:\\\/\\\/fmsb.eu\\\/de\\\/#website\",\"url\":\"https:\\\/\\\/fmsb.eu\\\/de\\\/\",\"name\":\"FMSB Abogados y Economistas en Baleares\",\"description\":\"\",\"publisher\":{\"@id\":\"https:\\\/\\\/fmsb.eu\\\/de\\\/#organization\"},\"potentialAction\":[{\"@type\":\"SearchAction\",\"target\":{\"@type\":\"EntryPoint\",\"urlTemplate\":\"https:\\\/\\\/fmsb.eu\\\/de\\\/?s={search_term_string}\"},\"query-input\":{\"@type\":\"PropertyValueSpecification\",\"valueRequired\":true,\"valueName\":\"search_term_string\"}}],\"inLanguage\":\"de\"},{\"@type\":\"Organization\",\"@id\":\"https:\\\/\\\/fmsb.eu\\\/de\\\/#organization\",\"name\":\"FMSB Abogados y Economistas en Baleares\",\"url\":\"https:\\\/\\\/fmsb.eu\\\/de\\\/\",\"logo\":{\"@type\":\"ImageObject\",\"inLanguage\":\"de\",\"@id\":\"https:\\\/\\\/fmsb.eu\\\/de\\\/#\\\/schema\\\/logo\\\/image\\\/\",\"url\":\"https:\\\/\\\/fmsb.eu\\\/wp-content\\\/uploads\\\/2025\\\/02\\\/logo.svg\",\"contentUrl\":\"https:\\\/\\\/fmsb.eu\\\/wp-content\\\/uploads\\\/2025\\\/02\\\/logo.svg\",\"width\":154,\"height\":52,\"caption\":\"FMSB Abogados y Economistas en Baleares\"},\"image\":{\"@id\":\"https:\\\/\\\/fmsb.eu\\\/de\\\/#\\\/schema\\\/logo\\\/image\\\/\"}},{\"@type\":\"Person\",\"@id\":\"https:\\\/\\\/fmsb.eu\\\/de\\\/#\\\/schema\\\/person\\\/9fba7c70814b0cd34d35d655d36a4ca2\",\"name\":\"fmsb\",\"image\":{\"@type\":\"ImageObject\",\"inLanguage\":\"de\",\"@id\":\"https:\\\/\\\/secure.gravatar.com\\\/avatar\\\/426f4d5b0ebcace85460caf87cdaaa193694b611e990615d87a13f322fb7ee7f?s=96&d=mm&r=g\",\"url\":\"https:\\\/\\\/secure.gravatar.com\\\/avatar\\\/426f4d5b0ebcace85460caf87cdaaa193694b611e990615d87a13f322fb7ee7f?s=96&d=mm&r=g\",\"contentUrl\":\"https:\\\/\\\/secure.gravatar.com\\\/avatar\\\/426f4d5b0ebcace85460caf87cdaaa193694b611e990615d87a13f322fb7ee7f?s=96&d=mm&r=g\",\"caption\":\"fmsb\"},\"sameAs\":[\"https:\\\/\\\/x.com\\\/fmsb-disstint\"],\"url\":\"https:\\\/\\\/fmsb.eu\\\/de\\\/author\\\/fmsb\\\/\"}]}<\/script>\n<!-- \/ Yoast SEO plugin. -->","yoast_head_json":{"title":"El gato encerrado en el Matrix de Hacienda, art\u00edculo de opini\u00f3n de Jorge S\u00e1inz de Baranda en Mallorcadiario - FMSB Abogados y Economistas en Baleares","robots":{"index":"index","follow":"follow","max-snippet":"max-snippet:-1","max-image-preview":"max-image-preview:large","max-video-preview":"max-video-preview:-1"},"canonical":"https:\/\/fmsb.eu\/de\/2022\/03\/06\/el-gato-encerrado-hacienda-jorge-sainz-de-baranda-mallorcadiario\/","og_locale":"de_DE","og_type":"article","og_title":"El gato encerrado en el Matrix de Hacienda, art\u00edculo de opini\u00f3n de Jorge S\u00e1inz de Baranda en Mallorcadiario - FMSB Abogados y Economistas en Baleares","og_description":"&nbsp; mallorcadiario.com\u00a0 Opini\u00f3n DOMINGO 6 DE MARZO DE 2022 DOMINGO 25 DE OCTUBRE DE 2020 El gato encerrado en el Matrix de Hacienda Por\u00a0Jorge S\u00e1inz de Baranda M\u00c1S ART\u00cdCULOS DEL AUTOR \u00a0 La expresi\u00f3n \u201caqu\u00ed hay gato encerrado\u201d la utilizamos con frecuencia cuando desconfiamos de algo o de alguien, pero si quisi\u00e9ramos encontrar el origen [&hellip;]","og_url":"https:\/\/fmsb.eu\/de\/2022\/03\/06\/el-gato-encerrado-hacienda-jorge-sainz-de-baranda-mallorcadiario\/","og_site_name":"FMSB Abogados y Economistas en Baleares","article_published_time":"2022-03-06T06:46:45+00:00","og_image":[{"width":1600,"height":1200,"url":"https:\/\/fmsb.eu\/wp-content\/uploads\/2022\/03\/FMSB-Abogados-Jorge-Sainz-de-Baranda-Mallorcadiario-El-gato-encerrado-en-el-Matrix-de-Hacienda-00.jpg","type":"image\/jpeg"}],"author":"fmsb","twitter_card":"summary_large_image","twitter_creator":"@fmsb-disstint","twitter_misc":{"Verfasst von":"fmsb","Gesch\u00e4tzte Lesezeit":"5\u00a0Minuten"},"schema":{"@context":"https:\/\/schema.org","@graph":[{"@type":"Article","@id":"https:\/\/fmsb.eu\/de\/2022\/03\/06\/el-gato-encerrado-hacienda-jorge-sainz-de-baranda-mallorcadiario\/#article","isPartOf":{"@id":"https:\/\/fmsb.eu\/de\/2022\/03\/06\/el-gato-encerrado-hacienda-jorge-sainz-de-baranda-mallorcadiario\/"},"author":{"name":"fmsb","@id":"https:\/\/fmsb.eu\/de\/#\/schema\/person\/9fba7c70814b0cd34d35d655d36a4ca2"},"headline":"El gato encerrado en el Matrix de Hacienda, art\u00edculo de opini\u00f3n de Jorge S\u00e1inz de Baranda en Mallorcadiario","datePublished":"2022-03-06T06:46:45+00:00","mainEntityOfPage":{"@id":"https:\/\/fmsb.eu\/de\/2022\/03\/06\/el-gato-encerrado-hacienda-jorge-sainz-de-baranda-mallorcadiario\/"},"wordCount":912,"publisher":{"@id":"https:\/\/fmsb.eu\/de\/#organization"},"image":{"@id":"https:\/\/fmsb.eu\/de\/2022\/03\/06\/el-gato-encerrado-hacienda-jorge-sainz-de-baranda-mallorcadiario\/#primaryimage"},"thumbnailUrl":"https:\/\/fmsb.eu\/wp-content\/uploads\/2022\/03\/FMSB-Abogados-Jorge-Sainz-de-Baranda-Mallorcadiario-El-gato-encerrado-en-el-Matrix-de-Hacienda-00.jpg","keywords":["abogados","administraci\u00f3n tributaria","aeat","agencia tributaria","antifraude","articulos","asesores","ATIB","baleares","blanqueo","blanqueo de capitales","campa\u00f1a de la renta","campa\u00f1a irpf","catastro","comunidad aut\u00f3noma","declaraci\u00f3n de inconstitucionalidad","declaraci\u00f3n de nulidad","derecho de la uni\u00f3n europea","derecho fiscal","derecho tributario","dgt","direcci\u00f3n general de tributos","direcci\u00f3n general del catastro","economistas","el arenal","extranjeros","fmsb","Hacienda","herencias","ibi","ibiza","illes balears","impuesto de sucesiones","impuestos","incremento del valor de los terrenos de naturaleza urbana","IRPF","jorge sainz de baranda","law","lawyers","ley antifraude","mallorca","mallorcadiario","Manacor","menorca","modelo 720","obligado tributario","opinion","Palma","plan anual de control tributario","plusval\u00eda","port d&#8217;andratx","prespuestos generales del estado","presupuestos 2021","prevenci\u00f3n","puerto de andratx","recargo","residentes fiscales","solicitors","sucesiones y donaciones","testador","tributos","ue","valor de referencia catastral"],"articleSection":["blog","Derecho Fiscal","Opini\u00f3n"],"inLanguage":"de"},{"@type":"WebPage","@id":"https:\/\/fmsb.eu\/de\/2022\/03\/06\/el-gato-encerrado-hacienda-jorge-sainz-de-baranda-mallorcadiario\/","url":"https:\/\/fmsb.eu\/de\/2022\/03\/06\/el-gato-encerrado-hacienda-jorge-sainz-de-baranda-mallorcadiario\/","name":"El gato encerrado en el Matrix de Hacienda, art\u00edculo de opini\u00f3n de Jorge S\u00e1inz de Baranda en Mallorcadiario - FMSB Abogados y Economistas en Baleares","isPartOf":{"@id":"https:\/\/fmsb.eu\/de\/#website"},"primaryImageOfPage":{"@id":"https:\/\/fmsb.eu\/de\/2022\/03\/06\/el-gato-encerrado-hacienda-jorge-sainz-de-baranda-mallorcadiario\/#primaryimage"},"image":{"@id":"https:\/\/fmsb.eu\/de\/2022\/03\/06\/el-gato-encerrado-hacienda-jorge-sainz-de-baranda-mallorcadiario\/#primaryimage"},"thumbnailUrl":"https:\/\/fmsb.eu\/wp-content\/uploads\/2022\/03\/FMSB-Abogados-Jorge-Sainz-de-Baranda-Mallorcadiario-El-gato-encerrado-en-el-Matrix-de-Hacienda-00.jpg","datePublished":"2022-03-06T06:46:45+00:00","breadcrumb":{"@id":"https:\/\/fmsb.eu\/de\/2022\/03\/06\/el-gato-encerrado-hacienda-jorge-sainz-de-baranda-mallorcadiario\/#breadcrumb"},"inLanguage":"de","potentialAction":[{"@type":"ReadAction","target":["https:\/\/fmsb.eu\/de\/2022\/03\/06\/el-gato-encerrado-hacienda-jorge-sainz-de-baranda-mallorcadiario\/"]}]},{"@type":"ImageObject","inLanguage":"de","@id":"https:\/\/fmsb.eu\/de\/2022\/03\/06\/el-gato-encerrado-hacienda-jorge-sainz-de-baranda-mallorcadiario\/#primaryimage","url":"https:\/\/fmsb.eu\/wp-content\/uploads\/2022\/03\/FMSB-Abogados-Jorge-Sainz-de-Baranda-Mallorcadiario-El-gato-encerrado-en-el-Matrix-de-Hacienda-00.jpg","contentUrl":"https:\/\/fmsb.eu\/wp-content\/uploads\/2022\/03\/FMSB-Abogados-Jorge-Sainz-de-Baranda-Mallorcadiario-El-gato-encerrado-en-el-Matrix-de-Hacienda-00.jpg","width":1600,"height":1200},{"@type":"BreadcrumbList","@id":"https:\/\/fmsb.eu\/de\/2022\/03\/06\/el-gato-encerrado-hacienda-jorge-sainz-de-baranda-mallorcadiario\/#breadcrumb","itemListElement":[{"@type":"ListItem","position":1,"name":"Portada","item":"https:\/\/fmsb.eu\/de\/"},{"@type":"ListItem","position":2,"name":"El gato encerrado en el Matrix de Hacienda, art\u00edculo de opini\u00f3n de Jorge S\u00e1inz de Baranda en Mallorcadiario"}]},{"@type":"WebSite","@id":"https:\/\/fmsb.eu\/de\/#website","url":"https:\/\/fmsb.eu\/de\/","name":"FMSB Abogados y Economistas en Baleares","description":"","publisher":{"@id":"https:\/\/fmsb.eu\/de\/#organization"},"potentialAction":[{"@type":"SearchAction","target":{"@type":"EntryPoint","urlTemplate":"https:\/\/fmsb.eu\/de\/?s={search_term_string}"},"query-input":{"@type":"PropertyValueSpecification","valueRequired":true,"valueName":"search_term_string"}}],"inLanguage":"de"},{"@type":"Organization","@id":"https:\/\/fmsb.eu\/de\/#organization","name":"FMSB Abogados y Economistas en Baleares","url":"https:\/\/fmsb.eu\/de\/","logo":{"@type":"ImageObject","inLanguage":"de","@id":"https:\/\/fmsb.eu\/de\/#\/schema\/logo\/image\/","url":"https:\/\/fmsb.eu\/wp-content\/uploads\/2025\/02\/logo.svg","contentUrl":"https:\/\/fmsb.eu\/wp-content\/uploads\/2025\/02\/logo.svg","width":154,"height":52,"caption":"FMSB Abogados y Economistas en Baleares"},"image":{"@id":"https:\/\/fmsb.eu\/de\/#\/schema\/logo\/image\/"}},{"@type":"Person","@id":"https:\/\/fmsb.eu\/de\/#\/schema\/person\/9fba7c70814b0cd34d35d655d36a4ca2","name":"fmsb","image":{"@type":"ImageObject","inLanguage":"de","@id":"https:\/\/secure.gravatar.com\/avatar\/426f4d5b0ebcace85460caf87cdaaa193694b611e990615d87a13f322fb7ee7f?s=96&d=mm&r=g","url":"https:\/\/secure.gravatar.com\/avatar\/426f4d5b0ebcace85460caf87cdaaa193694b611e990615d87a13f322fb7ee7f?s=96&d=mm&r=g","contentUrl":"https:\/\/secure.gravatar.com\/avatar\/426f4d5b0ebcace85460caf87cdaaa193694b611e990615d87a13f322fb7ee7f?s=96&d=mm&r=g","caption":"fmsb"},"sameAs":["https:\/\/x.com\/fmsb-disstint"],"url":"https:\/\/fmsb.eu\/de\/author\/fmsb\/"}]}},"_links":{"self":[{"href":"https:\/\/fmsb.eu\/de\/wp-json\/wp\/v2\/posts\/11445","targetHints":{"allow":["GET"]}}],"collection":[{"href":"https:\/\/fmsb.eu\/de\/wp-json\/wp\/v2\/posts"}],"about":[{"href":"https:\/\/fmsb.eu\/de\/wp-json\/wp\/v2\/types\/post"}],"author":[{"embeddable":true,"href":"https:\/\/fmsb.eu\/de\/wp-json\/wp\/v2\/users\/2"}],"replies":[{"embeddable":true,"href":"https:\/\/fmsb.eu\/de\/wp-json\/wp\/v2\/comments?post=11445"}],"version-history":[{"count":0,"href":"https:\/\/fmsb.eu\/de\/wp-json\/wp\/v2\/posts\/11445\/revisions"}],"wp:featuredmedia":[{"embeddable":true,"href":"https:\/\/fmsb.eu\/de\/wp-json\/wp\/v2\/media\/9703"}],"wp:attachment":[{"href":"https:\/\/fmsb.eu\/de\/wp-json\/wp\/v2\/media?parent=11445"}],"wp:term":[{"taxonomy":"category","embeddable":true,"href":"https:\/\/fmsb.eu\/de\/wp-json\/wp\/v2\/categories?post=11445"},{"taxonomy":"post_tag","embeddable":true,"href":"https:\/\/fmsb.eu\/de\/wp-json\/wp\/v2\/tags?post=11445"}],"curies":[{"name":"wp","href":"https:\/\/api.w.org\/{rel}","templated":true}]}}