{"id":11507,"date":"2021-11-28T07:53:39","date_gmt":"2021-11-28T06:53:39","guid":{"rendered":"http:\/\/fmsb.disstintbeta.com\/2021\/11\/28\/iva-de-descuento-jorge-sainz-mallorcadiario\/"},"modified":"2021-11-28T07:53:39","modified_gmt":"2021-11-28T06:53:39","slug":"iva-de-descuento-jorge-sainz-mallorcadiario","status":"publish","type":"post","link":"https:\/\/fmsb.eu\/de\/2021\/11\/28\/iva-de-descuento-jorge-sainz-mallorcadiario\/","title":{"rendered":"IVA de descuento?? Yo no soy tonto&#8230;!   art\u00edculo de opini\u00f3n de Jorge S\u00e1inz de Baranda en Mallorcadiario"},"content":{"rendered":"<p>&nbsp;<\/p>\n<div class=\"navegacion\">\n<h3 class=\"antesubtitulo antetit\"><a href=\"http:\/\/www.mallorcadiario.com\"><span style=\"color: #993300;\"><strong>mallorcadiario.com<\/strong><\/span><\/a>\u00a0 <a href=\"https:\/\/www.mallorcadiario.com\/iva-de-descuento-yo-no-soy-tonto\">Opini\u00f3n<\/a><\/h3>\n<\/div>\n<p><a href=\"http:\/\/fmsb.disstintbeta.com\/wp-content\/uploads\/2021\/11\/FMSB-Abogados-IVA-de-descuento-yo-no-soy-tonto-Jorge-Sainz-de-Baranda-00.jpg\"><img fetchpriority=\"high\" decoding=\"async\" class=\"alignnone wp-image-5566\" src=\"http:\/\/fmsb.disstintbeta.com\/wp-content\/uploads\/2021\/11\/FMSB-Abogados-IVA-de-descuento-yo-no-soy-tonto-Jorge-Sainz-de-Baranda-00.jpg\" alt=\"\" width=\"800\" height=\"600\" srcset=\"https:\/\/font-mora-sainz-baranda.fra1.digitaloceanspaces.com\/wp-content\/uploads\/2021\/11\/FMSB-Abogados-IVA-de-descuento-yo-no-soy-tonto-Jorge-Sainz-de-Baranda-00.jpg 1600w, https:\/\/font-mora-sainz-baranda.fra1.digitaloceanspaces.com\/wp-content\/uploads\/2021\/11\/FMSB-Abogados-IVA-de-descuento-yo-no-soy-tonto-Jorge-Sainz-de-Baranda-00-300x225.jpg 300w, https:\/\/font-mora-sainz-baranda.fra1.digitaloceanspaces.com\/wp-content\/uploads\/2021\/11\/FMSB-Abogados-IVA-de-descuento-yo-no-soy-tonto-Jorge-Sainz-de-Baranda-00-1024x768.jpg 1024w, https:\/\/font-mora-sainz-baranda.fra1.digitaloceanspaces.com\/wp-content\/uploads\/2021\/11\/FMSB-Abogados-IVA-de-descuento-yo-no-soy-tonto-Jorge-Sainz-de-Baranda-00-768x576.jpg 768w, https:\/\/font-mora-sainz-baranda.fra1.digitaloceanspaces.com\/wp-content\/uploads\/2021\/11\/FMSB-Abogados-IVA-de-descuento-yo-no-soy-tonto-Jorge-Sainz-de-Baranda-00-1536x1152.jpg 1536w\" sizes=\"(max-width: 800px) 100vw, 800px\" \/><\/a><\/p>\n<div class=\"navegacion\">\n<h6 class=\"ulthora fecha_publicacion\"><span class=\"dia_mes_anno\">DOMINGO 28 DE NOVIEMBRE DE 2021<br \/>\n<\/span><\/h6>\n<h6 class=\"ulthora fecha_publicacion\"><span class=\"dia_mes_anno\" style=\"color: #ffffff;\">DOMINGO 25 DE OCTUBRE DE 2020<\/span><\/h6>\n<\/div>\n<div title=\"noticia 557362\">\n<h1 class=\"titulo\"><a href=\"https:\/\/www.mallorcadiario.com\/iva-de-descuento-yo-no-soy-tonto\">IVA de descuento?? Yo no soy tonto&#8230;!<\/a><\/h1>\n<\/div>\n<div id=\"firmante_767\" class=\"firmante\">\n<p>Por\u00a0<strong><span class=\"nombre_firmante\">Jorge S\u00e1inz de Baranda<\/span><\/strong><\/p>\n<h6><a href=\"https:\/\/www.mallorcadiario.com\/jorge-sainz-de-baranda\/autor\/767\/\"><strong><span style=\"color: #993300;\">M\u00c1S ART\u00cdCULOS DEL AUTOR<\/span><\/strong><\/a><\/h6>\n<p>&nbsp;<\/p>\n<\/div>\n<p>Creo que el slogan de una conocida tienda de aparatos electr\u00f3nicos, <em>\u201cyo no soy tonto\u201d<\/em>, es uno de los llamados \u201cclaims\u201d \u2013los mensajes publicitarios de toda la vida- m\u00e1s reconocibles en la actualidad. Seguro que la marca ya la tienen en la cabeza.<\/p>\n<p>Es cierto que las estrategias de marketing de esta cadena, y de otras similares, buscan dar la imagen de que sus productos son los m\u00e1s baratos o los que mejor ahorro pueden producir al consumidor, por lo que realizan una publicidad creativa quiz\u00e1 m\u00e1s agresiva -que va un poco m\u00e1s all\u00e1 de la tradicional del turr\u00f3n de navidad &#8222;<em>m\u00e1s caro del mundo&#8220;-<\/em>, pero nada m\u00e1s.<\/p>\n<p>Y el \u00faltimo mensaje que han mandado es <em>\u201csolo hoy, D\u00cdA SIN IVA en todos los productos\u201d<\/em>, mensaje que ha sido copiado por otras cadenas, siendo ahora un reclamo publicitario muy extendido que lo \u00fanico que encubre es un descuento de un 21% en cualquier compra.<\/p>\n<p>Les juro que pensaba que un tema as\u00ed no pod\u00eda dar m\u00e1s de s\u00ed, cuando me aparece un mensaje nocturno en el chat de la \u201cpe\u00f1a concursal\u201d de mi querido y renombrado Alberto Fraguas -que nos tiene acostumbrados a los nocturnos y a los madrugadores-, seguido por una acertada y divertida apreciaci\u00f3n de Virginia Jim\u00e9nez, sobre la noticia de que la Administraci\u00f3n Tributaria quiere evitar los &#8222;d\u00edas sin IVA&#8220; porque <em>&#8222;afectan a la moral fiscal del contribuyente&#8220;<\/em>.<\/p>\n<p>Parece ser, y todav\u00eda no salgo de mi asombro, que un diputado vasco preguntaba en el Congreso si el Ejecutivo pensaba hacer algo con las campa\u00f1as comerciales <em>&#8222;que emplean lemas Sin IVA, que hacen un da\u00f1o imponderable a la conciencia fiscal de la ciudadan\u00eda al vincularse la ausencia del impuesto a rebajas en el precio&#8220;<\/em>.<\/p>\n<p>\u00bfDa\u00f1o <em>imponderable<\/em> en nuestra conciencia fiscal? Pues no se crean que era la primera vez que registraba la pomposa pregunta en el congreso. Nuestro incansable parlamentario, en un alarde de dedicaci\u00f3n a una causa que no reduce impuestos, ya hab\u00eda registrado la pregunta en el a\u00f1o 2017, sin haber obtenido, al parecer, una respuesta efectiva hasta hoy.<\/p>\n<p>Y es que si la pregunta es surrealista, la respuesta no le va a la zaga, ya que la Administraci\u00f3n Tributaria afirma en su contestaci\u00f3n que, efectivamente, <em>\u201ceste tipo de publicidad induce al consumidor a la compra, de forma enga\u00f1osa, sugiriendo precios m\u00e1s baratos de los productos, supuestamente como consecuencia de que no deber\u00e1 pagar el IVA que los grava\u201d. <\/em>La Agencia Tributaria estima en esa respuesta que esta forma de publicidad afecta negativamente a la <em>moral fiscal del contribuyente <\/em>-hoy va de t\u00e9rminos escatol\u00f3gicos- al presentar el IVA como la causa de que el precio sea tan alto.<\/p>\n<p>Como Uds. Saben -y no se lo digan al diputado, que le despistan-, para determinar c\u00f3mo afecta en el IVA los descuentos ofrecidos por los comercios, es esencial determinar el momento en el que se realiza el descuento: si en un momento previo, simult\u00e1neo o posterior a la venta.<\/p>\n<p>El art\u00edculo 78 de la Ley del IVA establece que la base imponible del Impuesto estar\u00e1 constituida por el importe total de la contraprestaci\u00f3n de las operaciones sujetas al mismo, a\u00f1adiendo que no se incluir\u00e1n en la base imponible los descuentos y bonificaciones que se concedan previa o simult\u00e1neamente al momento en que la operaci\u00f3n se realice y en funci\u00f3n de ella, salvo en el caso en que las minoraciones en el precio constituyan remuneraciones de otras operaciones.<\/p>\n<p>Es decir, que los descuentos, como es el caso que nos ocupa, concedidos previa o simult\u00e1neamente al momento en que se realiza la operaci\u00f3n de compra quedan excluidos de la base imponible del Impuesto, y \u00e9sta ser\u00e1 solo la contraprestaci\u00f3n efectivamente satisfecha en el momento de la compra, es decir, el precio habitual de venta del producto menos el descuento ofrecido. Obviamente, estas campa\u00f1as no eximen a sus clientes de pagar el IVA, que es de obligado c\u00e1lculo y abono con la venta de bienes y servicios conforme al precio de venta as\u00ed fijado.<\/p>\n<p>Solo los descuentos concedidos a posteriori de la realizaci\u00f3n de la operaci\u00f3n supondr\u00e1n el devengo inicial \u00edntegro y la obligaci\u00f3n de modificar posteriormente la base imponible con arreglo a lo dispuesto en el art\u00edculo 80 LIVA.<\/p>\n<p>Como dec\u00eda Sabina en la canci\u00f3n: <em>&#8222;Y Uds. que cre\u00edan que el idiota era yo! Pues no, la muy pend\u00f3n<\/em> \u2013mi querida Administraci\u00f3n- <em>se <strong>IVA<\/strong> y se ven\u00eda, poni\u00e9ndose las botas, con el menos idiota de los dos&#8230;&#8220;<\/em>. Y \u00a0todo aderezado con el descacharrante argumento de que el contribuyente no es capaz de identificar la verdadera realidad del descuento, un descuento comercial para vender m\u00e1s, lo que distorsiona su moral fiscal -que entienden ya de por s\u00ed muy endeble-, y que le lleva a identificar el IVA como la causa de que el precio sea tan alto.<\/p>\n<p>Contaba Forrest Gump, con una deliciosa ingenuidad, que su mam\u00e1 le dec\u00eda que <em>\u201ctonto es el que dice tonter\u00edas\u201d<\/em>, pero creo que, por esta vez, le podemos decir a mam\u00e1 Hacienda que no, que ya entendemos c\u00f3mo funcionan los impuestos en Espa\u00f1a, que sabemos que tenemos un \u00edndice de esfuerzo fiscal de los m\u00e1s altos de Europa y que, desde luego, <em>\u201cyo no soy tonto\u201d<\/em>\u2026 y eso por si se lo hab\u00edan cre\u00eddo.<\/p>\n<p>&nbsp;<\/p>\n<p>&nbsp;<\/p>\n<hr \/>\n<p>Art\u00edculo original publicado en el diario digital\u00a0<a href=\"https:\/\/www.mallorcadiario.com\/iva-de-descuento-yo-no-soy-tonto\"><strong><span style=\"color: #993300;\">mallorcadiario.com<\/span><\/strong><\/a> .\u00a0\u00a0 L\u00e9elo directamente en mallorcadiario a trav\u00e9s de este <span style=\"color: #993366;\"><strong><a style=\"color: #993366;\" href=\"https:\/\/www.mallorcadiario.com\/iva-de-descuento-yo-no-soy-tonto\">enlace<\/a><\/strong><\/span><\/p>\n","protected":false},"excerpt":{"rendered":"<p>&nbsp; mallorcadiario.com\u00a0 Opini\u00f3n DOMINGO 28 DE NOVIEMBRE DE 2021 DOMINGO 25 DE OCTUBRE DE 2020 IVA de descuento?? Yo no soy tonto&#8230;! Por\u00a0Jorge S\u00e1inz de Baranda M\u00c1S ART\u00cdCULOS DEL AUTOR &nbsp; Creo que el slogan de una conocida tienda de aparatos electr\u00f3nicos, \u201cyo no soy tonto\u201d, es uno de los llamados \u201cclaims\u201d \u2013los mensajes publicitarios [&hellip;]<\/p>\n","protected":false},"author":2,"featured_media":9619,"comment_status":"closed","ping_status":"open","sticky":false,"template":"","format":"standard","meta":{"footnotes":""},"categories":[2199,2309,2202,3169],"tags":[2206,2663,2665,2666,2507,2314,2668,2208,2669,2670,2671,2672,2673,2316,2674,2675,2320,2321,2681,2682,2683,2218,2219,2325,2327,2691,2328,2329,2330,2694,2331,2333,2334,2231,2336,2232,2342,2343,2345,2699,2700,2701,2702,2349,2240,2704,2361,2709,2365],"class_list":["post-11507","post","type-post","status-publish","format-standard","has-post-thumbnail","hentry","category-blog-de","category-derecho-fiscal-de","category-home-de","category-opinion-de","tag-abogados-de","tag-administracion-tributaria-de","tag-aeat-de","tag-antifraude-de","tag-articulos-de","tag-asesores-de","tag-atib-de","tag-baleares-de","tag-blanqueo-de","tag-blanqueo-de-capitales-de","tag-campana-de-la-renta-de","tag-campana-irpf-de","tag-catastro-de","tag-comunidad-autonoma-de","tag-declaracion-de-inconstitucionalidad-de","tag-declaracion-de-nulidad-de","tag-derecho-fiscal-de","tag-derecho-tributario-de","tag-dgt-de","tag-direccion-general-de-tributos-de","tag-direccion-general-del-catastro-de","tag-economistas-de","tag-el-arenal-de","tag-hacienda-de","tag-herencias-de","tag-ibi-de","tag-illes-balears-de","tag-impuesto-de-sucesiones-de","tag-impuestos-de","tag-incremento-del-valor-de-los-terrenos-de-naturaleza-urbana-de","tag-irpf-de","tag-jorge-sainz-de-baranda-de","tag-ley-antifraude-de","tag-mallorca-de","tag-mallorcadiario-de","tag-manacor-de","tag-obligado-tributario-de","tag-opinion-de","tag-palma-de","tag-plan-anual-de-control-tributario-de","tag-plusvalia-de","tag-prespuestos-generales-del-estado-de","tag-presupuestos-2021-de","tag-prevencion-de","tag-puerto-de-andratx-de","tag-recargo-de","tag-sucesiones-y-donaciones-de","tag-testador-de","tag-valor-de-referencia-catastral-de"],"yoast_head":"<!-- This site is optimized with the Yoast SEO plugin v27.3 - https:\/\/yoast.com\/product\/yoast-seo-wordpress\/ -->\n<title>IVA de descuento?? Yo no soy tonto...!  art\u00edculo de opini\u00f3n de Jorge S\u00e1inz de Baranda en Mallorcadiario - FMSB Abogados y Economistas en Baleares<\/title>\n<meta name=\"robots\" content=\"index, follow, max-snippet:-1, max-image-preview:large, max-video-preview:-1\" \/>\n<link rel=\"canonical\" href=\"https:\/\/fmsb.eu\/de\/2021\/11\/28\/iva-de-descuento-jorge-sainz-mallorcadiario\/\" \/>\n<meta property=\"og:locale\" content=\"de_DE\" \/>\n<meta property=\"og:type\" content=\"article\" \/>\n<meta property=\"og:title\" content=\"IVA de descuento?? Yo no soy tonto...!  art\u00edculo de opini\u00f3n de Jorge S\u00e1inz de Baranda en Mallorcadiario - FMSB Abogados y Economistas en Baleares\" \/>\n<meta property=\"og:description\" content=\"&nbsp; mallorcadiario.com\u00a0 Opini\u00f3n DOMINGO 28 DE NOVIEMBRE DE 2021 DOMINGO 25 DE OCTUBRE DE 2020 IVA de descuento?? Yo no soy tonto&#8230;! Por\u00a0Jorge S\u00e1inz de Baranda M\u00c1S ART\u00cdCULOS DEL AUTOR &nbsp; Creo que el slogan de una conocida tienda de aparatos electr\u00f3nicos, \u201cyo no soy tonto\u201d, es uno de los llamados \u201cclaims\u201d \u2013los mensajes publicitarios [&hellip;]\" \/>\n<meta property=\"og:url\" content=\"https:\/\/fmsb.eu\/de\/2021\/11\/28\/iva-de-descuento-jorge-sainz-mallorcadiario\/\" \/>\n<meta property=\"og:site_name\" content=\"FMSB Abogados y Economistas en Baleares\" \/>\n<meta property=\"article:published_time\" content=\"2021-11-28T06:53:39+00:00\" \/>\n<meta property=\"og:image\" content=\"https:\/\/fmsb.eu\/wp-content\/uploads\/2021\/11\/FMSB-Abogados-IVA-de-descuento-yo-no-soy-tonto-Jorge-Sainz-de-Baranda-00.jpg\" \/>\n\t<meta property=\"og:image:width\" content=\"1600\" \/>\n\t<meta property=\"og:image:height\" content=\"1200\" \/>\n\t<meta property=\"og:image:type\" content=\"image\/jpeg\" \/>\n<meta name=\"author\" content=\"fmsb\" \/>\n<meta name=\"twitter:card\" content=\"summary_large_image\" \/>\n<meta name=\"twitter:creator\" content=\"@fmsb-disstint\" \/>\n<meta name=\"twitter:label1\" content=\"Verfasst von\" \/>\n\t<meta name=\"twitter:data1\" content=\"fmsb\" \/>\n\t<meta name=\"twitter:label2\" content=\"Gesch\u00e4tzte Lesezeit\" \/>\n\t<meta name=\"twitter:data2\" content=\"5\u00a0Minuten\" \/>\n<script type=\"application\/ld+json\" class=\"yoast-schema-graph\">{\"@context\":\"https:\\\/\\\/schema.org\",\"@graph\":[{\"@type\":\"Article\",\"@id\":\"https:\\\/\\\/fmsb.eu\\\/de\\\/2021\\\/11\\\/28\\\/iva-de-descuento-jorge-sainz-mallorcadiario\\\/#article\",\"isPartOf\":{\"@id\":\"https:\\\/\\\/fmsb.eu\\\/de\\\/2021\\\/11\\\/28\\\/iva-de-descuento-jorge-sainz-mallorcadiario\\\/\"},\"author\":{\"name\":\"fmsb\",\"@id\":\"https:\\\/\\\/fmsb.eu\\\/de\\\/#\\\/schema\\\/person\\\/9fba7c70814b0cd34d35d655d36a4ca2\"},\"headline\":\"IVA de descuento?? Yo no soy tonto&#8230;! art\u00edculo de opini\u00f3n de Jorge S\u00e1inz de Baranda en Mallorcadiario\",\"datePublished\":\"2021-11-28T06:53:39+00:00\",\"mainEntityOfPage\":{\"@id\":\"https:\\\/\\\/fmsb.eu\\\/de\\\/2021\\\/11\\\/28\\\/iva-de-descuento-jorge-sainz-mallorcadiario\\\/\"},\"wordCount\":1006,\"publisher\":{\"@id\":\"https:\\\/\\\/fmsb.eu\\\/de\\\/#organization\"},\"image\":{\"@id\":\"https:\\\/\\\/fmsb.eu\\\/de\\\/2021\\\/11\\\/28\\\/iva-de-descuento-jorge-sainz-mallorcadiario\\\/#primaryimage\"},\"thumbnailUrl\":\"https:\\\/\\\/fmsb.eu\\\/wp-content\\\/uploads\\\/2021\\\/11\\\/FMSB-Abogados-IVA-de-descuento-yo-no-soy-tonto-Jorge-Sainz-de-Baranda-00.jpg\",\"keywords\":[\"abogados\",\"administraci\u00f3n tributaria\",\"aeat\",\"antifraude\",\"articulos\",\"asesores\",\"ATIB\",\"baleares\",\"blanqueo\",\"blanqueo de capitales\",\"campa\u00f1a de la renta\",\"campa\u00f1a irpf\",\"catastro\",\"comunidad aut\u00f3noma\",\"declaraci\u00f3n de inconstitucionalidad\",\"declaraci\u00f3n de nulidad\",\"derecho fiscal\",\"derecho tributario\",\"dgt\",\"direcci\u00f3n general de tributos\",\"direcci\u00f3n general del catastro\",\"economistas\",\"el arenal\",\"Hacienda\",\"herencias\",\"ibi\",\"illes balears\",\"impuesto de sucesiones\",\"impuestos\",\"incremento del valor de los terrenos de naturaleza urbana\",\"IRPF\",\"jorge sainz de baranda\",\"ley antifraude\",\"mallorca\",\"mallorcadiario\",\"Manacor\",\"obligado tributario\",\"opinion\",\"Palma\",\"plan anual de control tributario\",\"plusval\u00eda\",\"prespuestos generales del estado\",\"presupuestos 2021\",\"prevenci\u00f3n\",\"puerto de andratx\",\"recargo\",\"sucesiones y donaciones\",\"testador\",\"valor de referencia catastral\"],\"articleSection\":[\"blog\",\"Derecho Fiscal\",\"Home\",\"Opini\u00f3n\"],\"inLanguage\":\"de\"},{\"@type\":\"WebPage\",\"@id\":\"https:\\\/\\\/fmsb.eu\\\/de\\\/2021\\\/11\\\/28\\\/iva-de-descuento-jorge-sainz-mallorcadiario\\\/\",\"url\":\"https:\\\/\\\/fmsb.eu\\\/de\\\/2021\\\/11\\\/28\\\/iva-de-descuento-jorge-sainz-mallorcadiario\\\/\",\"name\":\"IVA de descuento?? Yo no soy tonto...! art\u00edculo de opini\u00f3n de Jorge S\u00e1inz de Baranda en Mallorcadiario - FMSB Abogados y Economistas en Baleares\",\"isPartOf\":{\"@id\":\"https:\\\/\\\/fmsb.eu\\\/de\\\/#website\"},\"primaryImageOfPage\":{\"@id\":\"https:\\\/\\\/fmsb.eu\\\/de\\\/2021\\\/11\\\/28\\\/iva-de-descuento-jorge-sainz-mallorcadiario\\\/#primaryimage\"},\"image\":{\"@id\":\"https:\\\/\\\/fmsb.eu\\\/de\\\/2021\\\/11\\\/28\\\/iva-de-descuento-jorge-sainz-mallorcadiario\\\/#primaryimage\"},\"thumbnailUrl\":\"https:\\\/\\\/fmsb.eu\\\/wp-content\\\/uploads\\\/2021\\\/11\\\/FMSB-Abogados-IVA-de-descuento-yo-no-soy-tonto-Jorge-Sainz-de-Baranda-00.jpg\",\"datePublished\":\"2021-11-28T06:53:39+00:00\",\"breadcrumb\":{\"@id\":\"https:\\\/\\\/fmsb.eu\\\/de\\\/2021\\\/11\\\/28\\\/iva-de-descuento-jorge-sainz-mallorcadiario\\\/#breadcrumb\"},\"inLanguage\":\"de\",\"potentialAction\":[{\"@type\":\"ReadAction\",\"target\":[\"https:\\\/\\\/fmsb.eu\\\/de\\\/2021\\\/11\\\/28\\\/iva-de-descuento-jorge-sainz-mallorcadiario\\\/\"]}]},{\"@type\":\"ImageObject\",\"inLanguage\":\"de\",\"@id\":\"https:\\\/\\\/fmsb.eu\\\/de\\\/2021\\\/11\\\/28\\\/iva-de-descuento-jorge-sainz-mallorcadiario\\\/#primaryimage\",\"url\":\"https:\\\/\\\/fmsb.eu\\\/wp-content\\\/uploads\\\/2021\\\/11\\\/FMSB-Abogados-IVA-de-descuento-yo-no-soy-tonto-Jorge-Sainz-de-Baranda-00.jpg\",\"contentUrl\":\"https:\\\/\\\/fmsb.eu\\\/wp-content\\\/uploads\\\/2021\\\/11\\\/FMSB-Abogados-IVA-de-descuento-yo-no-soy-tonto-Jorge-Sainz-de-Baranda-00.jpg\",\"width\":1600,\"height\":1200},{\"@type\":\"BreadcrumbList\",\"@id\":\"https:\\\/\\\/fmsb.eu\\\/de\\\/2021\\\/11\\\/28\\\/iva-de-descuento-jorge-sainz-mallorcadiario\\\/#breadcrumb\",\"itemListElement\":[{\"@type\":\"ListItem\",\"position\":1,\"name\":\"Portada\",\"item\":\"https:\\\/\\\/fmsb.eu\\\/de\\\/\"},{\"@type\":\"ListItem\",\"position\":2,\"name\":\"IVA de descuento?? Yo no soy tonto&#8230;! art\u00edculo de opini\u00f3n de Jorge S\u00e1inz de Baranda en Mallorcadiario\"}]},{\"@type\":\"WebSite\",\"@id\":\"https:\\\/\\\/fmsb.eu\\\/de\\\/#website\",\"url\":\"https:\\\/\\\/fmsb.eu\\\/de\\\/\",\"name\":\"FMSB Abogados y Economistas en Baleares\",\"description\":\"\",\"publisher\":{\"@id\":\"https:\\\/\\\/fmsb.eu\\\/de\\\/#organization\"},\"potentialAction\":[{\"@type\":\"SearchAction\",\"target\":{\"@type\":\"EntryPoint\",\"urlTemplate\":\"https:\\\/\\\/fmsb.eu\\\/de\\\/?s={search_term_string}\"},\"query-input\":{\"@type\":\"PropertyValueSpecification\",\"valueRequired\":true,\"valueName\":\"search_term_string\"}}],\"inLanguage\":\"de\"},{\"@type\":\"Organization\",\"@id\":\"https:\\\/\\\/fmsb.eu\\\/de\\\/#organization\",\"name\":\"FMSB Abogados y Economistas en Baleares\",\"url\":\"https:\\\/\\\/fmsb.eu\\\/de\\\/\",\"logo\":{\"@type\":\"ImageObject\",\"inLanguage\":\"de\",\"@id\":\"https:\\\/\\\/fmsb.eu\\\/de\\\/#\\\/schema\\\/logo\\\/image\\\/\",\"url\":\"https:\\\/\\\/fmsb.eu\\\/wp-content\\\/uploads\\\/2025\\\/02\\\/logo.svg\",\"contentUrl\":\"https:\\\/\\\/fmsb.eu\\\/wp-content\\\/uploads\\\/2025\\\/02\\\/logo.svg\",\"width\":154,\"height\":52,\"caption\":\"FMSB Abogados y Economistas en Baleares\"},\"image\":{\"@id\":\"https:\\\/\\\/fmsb.eu\\\/de\\\/#\\\/schema\\\/logo\\\/image\\\/\"}},{\"@type\":\"Person\",\"@id\":\"https:\\\/\\\/fmsb.eu\\\/de\\\/#\\\/schema\\\/person\\\/9fba7c70814b0cd34d35d655d36a4ca2\",\"name\":\"fmsb\",\"image\":{\"@type\":\"ImageObject\",\"inLanguage\":\"de\",\"@id\":\"https:\\\/\\\/secure.gravatar.com\\\/avatar\\\/426f4d5b0ebcace85460caf87cdaaa193694b611e990615d87a13f322fb7ee7f?s=96&d=mm&r=g\",\"url\":\"https:\\\/\\\/secure.gravatar.com\\\/avatar\\\/426f4d5b0ebcace85460caf87cdaaa193694b611e990615d87a13f322fb7ee7f?s=96&d=mm&r=g\",\"contentUrl\":\"https:\\\/\\\/secure.gravatar.com\\\/avatar\\\/426f4d5b0ebcace85460caf87cdaaa193694b611e990615d87a13f322fb7ee7f?s=96&d=mm&r=g\",\"caption\":\"fmsb\"},\"sameAs\":[\"https:\\\/\\\/x.com\\\/fmsb-disstint\"],\"url\":\"https:\\\/\\\/fmsb.eu\\\/de\\\/author\\\/fmsb\\\/\"}]}<\/script>\n<!-- \/ Yoast SEO plugin. -->","yoast_head_json":{"title":"IVA de descuento?? Yo no soy tonto...!  art\u00edculo de opini\u00f3n de Jorge S\u00e1inz de Baranda en Mallorcadiario - FMSB Abogados y Economistas en Baleares","robots":{"index":"index","follow":"follow","max-snippet":"max-snippet:-1","max-image-preview":"max-image-preview:large","max-video-preview":"max-video-preview:-1"},"canonical":"https:\/\/fmsb.eu\/de\/2021\/11\/28\/iva-de-descuento-jorge-sainz-mallorcadiario\/","og_locale":"de_DE","og_type":"article","og_title":"IVA de descuento?? Yo no soy tonto...!  art\u00edculo de opini\u00f3n de Jorge S\u00e1inz de Baranda en Mallorcadiario - FMSB Abogados y Economistas en Baleares","og_description":"&nbsp; mallorcadiario.com\u00a0 Opini\u00f3n DOMINGO 28 DE NOVIEMBRE DE 2021 DOMINGO 25 DE OCTUBRE DE 2020 IVA de descuento?? Yo no soy tonto&#8230;! Por\u00a0Jorge S\u00e1inz de Baranda M\u00c1S ART\u00cdCULOS DEL AUTOR &nbsp; Creo que el slogan de una conocida tienda de aparatos electr\u00f3nicos, \u201cyo no soy tonto\u201d, es uno de los llamados \u201cclaims\u201d \u2013los mensajes publicitarios [&hellip;]","og_url":"https:\/\/fmsb.eu\/de\/2021\/11\/28\/iva-de-descuento-jorge-sainz-mallorcadiario\/","og_site_name":"FMSB Abogados y Economistas en Baleares","article_published_time":"2021-11-28T06:53:39+00:00","og_image":[{"width":1600,"height":1200,"url":"https:\/\/fmsb.eu\/wp-content\/uploads\/2021\/11\/FMSB-Abogados-IVA-de-descuento-yo-no-soy-tonto-Jorge-Sainz-de-Baranda-00.jpg","type":"image\/jpeg"}],"author":"fmsb","twitter_card":"summary_large_image","twitter_creator":"@fmsb-disstint","twitter_misc":{"Verfasst von":"fmsb","Gesch\u00e4tzte Lesezeit":"5\u00a0Minuten"},"schema":{"@context":"https:\/\/schema.org","@graph":[{"@type":"Article","@id":"https:\/\/fmsb.eu\/de\/2021\/11\/28\/iva-de-descuento-jorge-sainz-mallorcadiario\/#article","isPartOf":{"@id":"https:\/\/fmsb.eu\/de\/2021\/11\/28\/iva-de-descuento-jorge-sainz-mallorcadiario\/"},"author":{"name":"fmsb","@id":"https:\/\/fmsb.eu\/de\/#\/schema\/person\/9fba7c70814b0cd34d35d655d36a4ca2"},"headline":"IVA de descuento?? Yo no soy tonto&#8230;! art\u00edculo de opini\u00f3n de Jorge S\u00e1inz de Baranda en Mallorcadiario","datePublished":"2021-11-28T06:53:39+00:00","mainEntityOfPage":{"@id":"https:\/\/fmsb.eu\/de\/2021\/11\/28\/iva-de-descuento-jorge-sainz-mallorcadiario\/"},"wordCount":1006,"publisher":{"@id":"https:\/\/fmsb.eu\/de\/#organization"},"image":{"@id":"https:\/\/fmsb.eu\/de\/2021\/11\/28\/iva-de-descuento-jorge-sainz-mallorcadiario\/#primaryimage"},"thumbnailUrl":"https:\/\/fmsb.eu\/wp-content\/uploads\/2021\/11\/FMSB-Abogados-IVA-de-descuento-yo-no-soy-tonto-Jorge-Sainz-de-Baranda-00.jpg","keywords":["abogados","administraci\u00f3n tributaria","aeat","antifraude","articulos","asesores","ATIB","baleares","blanqueo","blanqueo de capitales","campa\u00f1a de la renta","campa\u00f1a irpf","catastro","comunidad aut\u00f3noma","declaraci\u00f3n de inconstitucionalidad","declaraci\u00f3n de nulidad","derecho fiscal","derecho tributario","dgt","direcci\u00f3n general de tributos","direcci\u00f3n general del catastro","economistas","el arenal","Hacienda","herencias","ibi","illes balears","impuesto de sucesiones","impuestos","incremento del valor de los terrenos de naturaleza urbana","IRPF","jorge sainz de baranda","ley antifraude","mallorca","mallorcadiario","Manacor","obligado tributario","opinion","Palma","plan anual de control tributario","plusval\u00eda","prespuestos generales del estado","presupuestos 2021","prevenci\u00f3n","puerto de andratx","recargo","sucesiones y donaciones","testador","valor de referencia catastral"],"articleSection":["blog","Derecho Fiscal","Home","Opini\u00f3n"],"inLanguage":"de"},{"@type":"WebPage","@id":"https:\/\/fmsb.eu\/de\/2021\/11\/28\/iva-de-descuento-jorge-sainz-mallorcadiario\/","url":"https:\/\/fmsb.eu\/de\/2021\/11\/28\/iva-de-descuento-jorge-sainz-mallorcadiario\/","name":"IVA de descuento?? Yo no soy tonto...! art\u00edculo de opini\u00f3n de Jorge S\u00e1inz de Baranda en Mallorcadiario - FMSB Abogados y Economistas en Baleares","isPartOf":{"@id":"https:\/\/fmsb.eu\/de\/#website"},"primaryImageOfPage":{"@id":"https:\/\/fmsb.eu\/de\/2021\/11\/28\/iva-de-descuento-jorge-sainz-mallorcadiario\/#primaryimage"},"image":{"@id":"https:\/\/fmsb.eu\/de\/2021\/11\/28\/iva-de-descuento-jorge-sainz-mallorcadiario\/#primaryimage"},"thumbnailUrl":"https:\/\/fmsb.eu\/wp-content\/uploads\/2021\/11\/FMSB-Abogados-IVA-de-descuento-yo-no-soy-tonto-Jorge-Sainz-de-Baranda-00.jpg","datePublished":"2021-11-28T06:53:39+00:00","breadcrumb":{"@id":"https:\/\/fmsb.eu\/de\/2021\/11\/28\/iva-de-descuento-jorge-sainz-mallorcadiario\/#breadcrumb"},"inLanguage":"de","potentialAction":[{"@type":"ReadAction","target":["https:\/\/fmsb.eu\/de\/2021\/11\/28\/iva-de-descuento-jorge-sainz-mallorcadiario\/"]}]},{"@type":"ImageObject","inLanguage":"de","@id":"https:\/\/fmsb.eu\/de\/2021\/11\/28\/iva-de-descuento-jorge-sainz-mallorcadiario\/#primaryimage","url":"https:\/\/fmsb.eu\/wp-content\/uploads\/2021\/11\/FMSB-Abogados-IVA-de-descuento-yo-no-soy-tonto-Jorge-Sainz-de-Baranda-00.jpg","contentUrl":"https:\/\/fmsb.eu\/wp-content\/uploads\/2021\/11\/FMSB-Abogados-IVA-de-descuento-yo-no-soy-tonto-Jorge-Sainz-de-Baranda-00.jpg","width":1600,"height":1200},{"@type":"BreadcrumbList","@id":"https:\/\/fmsb.eu\/de\/2021\/11\/28\/iva-de-descuento-jorge-sainz-mallorcadiario\/#breadcrumb","itemListElement":[{"@type":"ListItem","position":1,"name":"Portada","item":"https:\/\/fmsb.eu\/de\/"},{"@type":"ListItem","position":2,"name":"IVA de descuento?? Yo no soy tonto&#8230;! art\u00edculo de opini\u00f3n de Jorge S\u00e1inz de Baranda en Mallorcadiario"}]},{"@type":"WebSite","@id":"https:\/\/fmsb.eu\/de\/#website","url":"https:\/\/fmsb.eu\/de\/","name":"FMSB Abogados y Economistas en Baleares","description":"","publisher":{"@id":"https:\/\/fmsb.eu\/de\/#organization"},"potentialAction":[{"@type":"SearchAction","target":{"@type":"EntryPoint","urlTemplate":"https:\/\/fmsb.eu\/de\/?s={search_term_string}"},"query-input":{"@type":"PropertyValueSpecification","valueRequired":true,"valueName":"search_term_string"}}],"inLanguage":"de"},{"@type":"Organization","@id":"https:\/\/fmsb.eu\/de\/#organization","name":"FMSB Abogados y Economistas en Baleares","url":"https:\/\/fmsb.eu\/de\/","logo":{"@type":"ImageObject","inLanguage":"de","@id":"https:\/\/fmsb.eu\/de\/#\/schema\/logo\/image\/","url":"https:\/\/fmsb.eu\/wp-content\/uploads\/2025\/02\/logo.svg","contentUrl":"https:\/\/fmsb.eu\/wp-content\/uploads\/2025\/02\/logo.svg","width":154,"height":52,"caption":"FMSB Abogados y Economistas en Baleares"},"image":{"@id":"https:\/\/fmsb.eu\/de\/#\/schema\/logo\/image\/"}},{"@type":"Person","@id":"https:\/\/fmsb.eu\/de\/#\/schema\/person\/9fba7c70814b0cd34d35d655d36a4ca2","name":"fmsb","image":{"@type":"ImageObject","inLanguage":"de","@id":"https:\/\/secure.gravatar.com\/avatar\/426f4d5b0ebcace85460caf87cdaaa193694b611e990615d87a13f322fb7ee7f?s=96&d=mm&r=g","url":"https:\/\/secure.gravatar.com\/avatar\/426f4d5b0ebcace85460caf87cdaaa193694b611e990615d87a13f322fb7ee7f?s=96&d=mm&r=g","contentUrl":"https:\/\/secure.gravatar.com\/avatar\/426f4d5b0ebcace85460caf87cdaaa193694b611e990615d87a13f322fb7ee7f?s=96&d=mm&r=g","caption":"fmsb"},"sameAs":["https:\/\/x.com\/fmsb-disstint"],"url":"https:\/\/fmsb.eu\/de\/author\/fmsb\/"}]}},"_links":{"self":[{"href":"https:\/\/fmsb.eu\/de\/wp-json\/wp\/v2\/posts\/11507","targetHints":{"allow":["GET"]}}],"collection":[{"href":"https:\/\/fmsb.eu\/de\/wp-json\/wp\/v2\/posts"}],"about":[{"href":"https:\/\/fmsb.eu\/de\/wp-json\/wp\/v2\/types\/post"}],"author":[{"embeddable":true,"href":"https:\/\/fmsb.eu\/de\/wp-json\/wp\/v2\/users\/2"}],"replies":[{"embeddable":true,"href":"https:\/\/fmsb.eu\/de\/wp-json\/wp\/v2\/comments?post=11507"}],"version-history":[{"count":0,"href":"https:\/\/fmsb.eu\/de\/wp-json\/wp\/v2\/posts\/11507\/revisions"}],"wp:featuredmedia":[{"embeddable":true,"href":"https:\/\/fmsb.eu\/de\/wp-json\/wp\/v2\/media\/9619"}],"wp:attachment":[{"href":"https:\/\/fmsb.eu\/de\/wp-json\/wp\/v2\/media?parent=11507"}],"wp:term":[{"taxonomy":"category","embeddable":true,"href":"https:\/\/fmsb.eu\/de\/wp-json\/wp\/v2\/categories?post=11507"},{"taxonomy":"post_tag","embeddable":true,"href":"https:\/\/fmsb.eu\/de\/wp-json\/wp\/v2\/tags?post=11507"}],"curies":[{"name":"wp","href":"https:\/\/api.w.org\/{rel}","templated":true}]}}