{"id":11511,"date":"2021-11-21T07:21:54","date_gmt":"2021-11-21T06:21:54","guid":{"rendered":"http:\/\/fmsb.disstintbeta.com\/2021\/11\/21\/pedro-grullo-trabaja-en-hacienda-jorge-sainz-de-baranda\/"},"modified":"2021-11-21T07:21:54","modified_gmt":"2021-11-21T06:21:54","slug":"pedro-grullo-trabaja-en-hacienda-jorge-sainz-de-baranda","status":"publish","type":"post","link":"https:\/\/fmsb.eu\/de\/2021\/11\/21\/pedro-grullo-trabaja-en-hacienda-jorge-sainz-de-baranda\/","title":{"rendered":"Pedro Grullo trabaja en Hacienda, art\u00edculo de opini\u00f3n de Jorge S\u00e1inz de Baranda en Mallorcadiario"},"content":{"rendered":"<p>&nbsp;<\/p>\n<div class=\"navegacion\">\n<h3 class=\"antesubtitulo antetit\"><a href=\"http:\/\/www.mallorcadiario.com\"><span style=\"color: #993300;\"><strong>mallorcadiario.com<\/strong><\/span><\/a>\u00a0 <a href=\"https:\/\/www.mallorcadiario.com\/pedro-grullo-trabaja-en-hacienda\">Opini\u00f3n<\/a><\/h3>\n<\/div>\n<p><a href=\"http:\/\/fmsb.disstintbeta.com\/wp-content\/uploads\/2021\/11\/FMSB-Abogados-Pedro-Grullo-trabaja-en-Hacienda-Jorge-Sainz-de-Baranda-Mallorcadiario-00.png\"><img fetchpriority=\"high\" decoding=\"async\" class=\"alignnone wp-image-5545\" src=\"http:\/\/fmsb.disstintbeta.com\/wp-content\/uploads\/2021\/11\/FMSB-Abogados-Pedro-Grullo-trabaja-en-Hacienda-Jorge-Sainz-de-Baranda-Mallorcadiario-00.png\" alt=\"\" width=\"800\" height=\"600\" srcset=\"https:\/\/font-mora-sainz-baranda.fra1.digitaloceanspaces.com\/wp-content\/uploads\/2021\/11\/FMSB-Abogados-Pedro-Grullo-trabaja-en-Hacienda-Jorge-Sainz-de-Baranda-Mallorcadiario-00.png 1600w, https:\/\/font-mora-sainz-baranda.fra1.digitaloceanspaces.com\/wp-content\/uploads\/2021\/11\/FMSB-Abogados-Pedro-Grullo-trabaja-en-Hacienda-Jorge-Sainz-de-Baranda-Mallorcadiario-00-300x225.png 300w, https:\/\/font-mora-sainz-baranda.fra1.digitaloceanspaces.com\/wp-content\/uploads\/2021\/11\/FMSB-Abogados-Pedro-Grullo-trabaja-en-Hacienda-Jorge-Sainz-de-Baranda-Mallorcadiario-00-1024x768.png 1024w, https:\/\/font-mora-sainz-baranda.fra1.digitaloceanspaces.com\/wp-content\/uploads\/2021\/11\/FMSB-Abogados-Pedro-Grullo-trabaja-en-Hacienda-Jorge-Sainz-de-Baranda-Mallorcadiario-00-768x576.png 768w, https:\/\/font-mora-sainz-baranda.fra1.digitaloceanspaces.com\/wp-content\/uploads\/2021\/11\/FMSB-Abogados-Pedro-Grullo-trabaja-en-Hacienda-Jorge-Sainz-de-Baranda-Mallorcadiario-00-1536x1152.png 1536w\" sizes=\"(max-width: 800px) 100vw, 800px\" \/><\/a><\/p>\n<div class=\"navegacion\">\n<h6 class=\"ulthora fecha_publicacion\"><span class=\"dia_mes_anno\">DOMINGO 21 DE NOVIEMBRE DE 2021<br \/>\n<\/span><\/h6>\n<h6 class=\"ulthora fecha_publicacion\"><span class=\"dia_mes_anno\" style=\"color: #ffffff;\">DOMINGO 25 DE OCTUBRE DE 2020<\/span><\/h6>\n<\/div>\n<div title=\"noticia 557362\">\n<h1 class=\"titulo\"><a href=\"https:\/\/www.mallorcadiario.com\/pedro-grullo-trabaja-en-hacienda\">Pedro Grullo trabaja en Hacienda<\/a><\/h1>\n<\/div>\n<div id=\"firmante_767\" class=\"firmante\">\n<p>Por\u00a0<strong><span class=\"nombre_firmante\">Jorge S\u00e1inz de Baranda<\/span><\/strong><\/p>\n<h6><a href=\"https:\/\/www.mallorcadiario.com\/jorge-sainz-de-baranda\/autor\/767\/\"><strong><span style=\"color: #993300;\">M\u00c1S ART\u00cdCULOS DEL AUTOR<\/span><\/strong><\/a><\/h6>\n<p>&nbsp;<\/p>\n<\/div>\n<p><strong>Pedro Grullo trabaja en Hacienda<\/strong><\/p>\n<p>Solemos decir que algo es de \u201cPerogrullo\u201d cuando nos encontramos con afirmaciones de contenido tan evidente, que resulta una necedad tener que decirlas. Lo que no s\u00e9 si sab\u00edas, querida, es que Pero Grullo -o Pedro Grullo- fue un personaje que, sin saber si es ficci\u00f3n o no, aparec\u00eda ya citado en obras narrativas del siglo XV.<\/p>\n<p>Tanto Cervantes en el Quijote, como Quevedo en \u201cLos Sue\u00f1os\u201d, hablan de Perogrullo. En otras obras posteriores, cit\u00e1ndole tambi\u00e9n, se ha ido recogiendo una preciosa colecci\u00f3n de sandeces, apotegmas, axiomas y verdades evidentes dichas por terceros, como la famosa del propio Pedro Grullo <em>&#8222;que a la mano cerrada llamaba pu\u00f1o&#8220;<\/em>.<\/p>\n<p>Y de Perogrullo me parece el razonamiento del Tribunal Supremo en una reci\u00e9n horneada Sentencia, de 20 de octubre de este a\u00f1o, que nos envi\u00f3 al chat ma\u00f1anero mi querido compa\u00f1ero de despacho Miguel Font, en la que el Alto Tribunal desestima el recurso de casaci\u00f3n interpuesto por la Junta de Andaluc\u00eda frente a una Sentencia del TSJ de esa Comunidad.<\/p>\n<p>La cuesti\u00f3n va del Impuesto de Sucesiones, del valor de la vivienda habitual cuando est\u00e1 gravada con una hipoteca, y de la reducci\u00f3n existente en la norma en caso de transmisi\u00f3n \u201cmortis causa\u201d de la misma -de c\u00f3mo afecta a los pactos sucesorios ya les hablar\u00e9 otro d\u00eda-.<\/p>\n<p>Les cuento el caso: Don Ezequ\u00edas, al fallecer su esposa, recibe en herencia, entre otros bienes, la que era la vivienda habitual, que valora en 300.000 euros, y que est\u00e1 gravada con una hipoteca en garant\u00eda de un pr\u00e9stamo del que queda un capital pendiente de 258.000 euros.<\/p>\n<p>El causahabiente recoge el bien en la base imponible por el valor neto, 42.000 euros y aplica, para determinar la base liquidable, la reducci\u00f3n del 95% por vivienda habitual ya que se dan todos los requisitos que se\u00f1ala la norma.<\/p>\n<p>L\u00f3gicamente, el 95% lo aplica sobre el valor antes de deducir la deuda, es decir, sobre los 300.000 euros, con el l\u00edmite de 122.606,47 euros que se\u00f1ala el art\u00edculo 20 de la Ley del Impuesto sobre Sucesiones y Donaciones, sin que sea un impedimento que la reducci\u00f3n tenga un importe muy superior al valor neto del bien.<\/p>\n<p>Y es aqu\u00ed cuando interviene la Administraci\u00f3n Tributaria Auton\u00f3mica de Andaluc\u00eda y dice que no, que si el valor que figura en la base imponible es 42.000 euros, la reducci\u00f3n del 95% debe calcularse sobre ese importe, de forma que solo se pueden reducir 39.900 euros, y no los 122.606,47 euros aplicados en la liquidaci\u00f3n.<\/p>\n<p>Tanto el TSJ como el Supremo le recuerdan a la Administraci\u00f3n que la base imponible en las transmisiones &#8222;mortis causa&#8220; est\u00e1 constituida por el valor neto de la adquisici\u00f3n de cada causahabiente, que es el valor de los bienes y derechos -valor bruto del caudal relicto- minorado por las cargas y deudas que sean deducibles -valor neto-. Y para saber si un pr\u00e9stamo hipotecario es deducible o no, basta acudir a los art\u00edculos 12 y 13 de la Ley.<\/p>\n<p>El art\u00edculo 12 se\u00f1ala que \u00fanicamente ser\u00e1n deducibles las cargas o grav\u00e1menes de naturaleza perpetua que disminuyan realmente el valor de los bienes, como los censos o las pensiones, sin que merezcan tal consideraci\u00f3n las hipotecas o las prendas, ya que no suponen disminuci\u00f3n del valor de lo transmitido.<\/p>\n<p>Pero hay que seguir leyendo y no pararse ah\u00ed, ya que, conforme al art\u00edculo 13, s\u00ed que son deducibles las deudas que se garantizan con la hipoteca, siempre que su existencia se pueda acreditar. Es decir, que aunque la hipoteca no disminuye el valor del bien, el pr\u00e9stamo s\u00ed que tiene que restarse del caudal relicto bruto como deuda que asume el heredero, y ello en el momento de determinar la base imponible.<\/p>\n<p>Y en cuanto a la pregunta de sobre que importe se aplica la reducci\u00f3n, si sobre el valor real de los bienes o sobre un \u201chipot\u00e9tico\u201d valor minorado por las deudas, ambos Tribunales se\u00f1alan que la norma determina claramente que la magnitud sobre la que se tiene que aplicar el 95% es el valor real del bien, sin perjuicio de que luego existan deudas deducibles que minoren el importe global del caudal relicto bruto.<\/p>\n<p>Me parece inconcebible que una Administraci\u00f3n se gaste el dinero, y el tiempo del contribuyente, en discutir algo que para verlo bastaba leer el art\u00edculo con la graduaci\u00f3n correcta en las gafas. Y muy finos y cautos han estado los Magistrados del Supremo al decir que <em>\u201cla argumentaci\u00f3n de la parte recurrente <\/em>-l\u00e9ase la Administraci\u00f3n-<em> para oponerse a lo resuelto por la Sala sentenciadora resulta ciertamente parca\u201d<\/em>, por no decir otra cosa.<\/p>\n<p>Al Tribunal le sobraban los fundamentos de la Sentencia para fallar en contra de la Administraci\u00f3n, y le habr\u00edan bastado dos l\u00edneas para resolver, simplemente recomendando a la Administraci\u00f3n recurrente que la pr\u00f3xima vez aplique el Test del Pato -tambi\u00e9n muy de Perogrullo- al leer los distintos art\u00edculos de la Ley: <em>\u201cSi parece un pato, nada como un pato, y grazna como un pato, entonces probablemente sea un pato\u201d<\/em>\u2026<\/p>\n<p>&nbsp;<\/p>\n<p>&nbsp;<\/p>\n<hr \/>\n<p>Art\u00edculo original publicado en el diario digital\u00a0<a href=\"https:\/\/www.mallorcadiario.com\/pedro-grullo-trabaja-en-hacienda\"><strong><span style=\"color: #993300;\">mallorcadiario.com<\/span><\/strong><\/a><\/p>\n","protected":false},"excerpt":{"rendered":"<p>&nbsp; mallorcadiario.com\u00a0 Opini\u00f3n DOMINGO 21 DE NOVIEMBRE DE 2021 DOMINGO 25 DE OCTUBRE DE 2020 Pedro Grullo trabaja en Hacienda Por\u00a0Jorge S\u00e1inz de Baranda M\u00c1S ART\u00cdCULOS DEL AUTOR &nbsp; Pedro Grullo trabaja en Hacienda Solemos decir que algo es de \u201cPerogrullo\u201d cuando nos encontramos con afirmaciones de contenido tan evidente, que resulta una necedad tener [&hellip;]<\/p>\n","protected":false},"author":2,"featured_media":9611,"comment_status":"closed","ping_status":"open","sticky":false,"template":"","format":"standard","meta":{"footnotes":""},"categories":[2199,2309,2202,3169],"tags":[2206,2663,2665,2666,2507,2314,2668,2208,2669,2670,2671,2672,2673,2316,2674,2675,2320,2321,2681,2682,2683,2218,2219,2325,2327,2691,2328,2329,2330,2694,2331,2333,2334,2231,2336,2232,2342,2343,2345,2699,2700,2701,2702,2349,2240,2704,2361,2709,2365],"class_list":["post-11511","post","type-post","status-publish","format-standard","has-post-thumbnail","hentry","category-blog-de","category-derecho-fiscal-de","category-home-de","category-opinion-de","tag-abogados-de","tag-administracion-tributaria-de","tag-aeat-de","tag-antifraude-de","tag-articulos-de","tag-asesores-de","tag-atib-de","tag-baleares-de","tag-blanqueo-de","tag-blanqueo-de-capitales-de","tag-campana-de-la-renta-de","tag-campana-irpf-de","tag-catastro-de","tag-comunidad-autonoma-de","tag-declaracion-de-inconstitucionalidad-de","tag-declaracion-de-nulidad-de","tag-derecho-fiscal-de","tag-derecho-tributario-de","tag-dgt-de","tag-direccion-general-de-tributos-de","tag-direccion-general-del-catastro-de","tag-economistas-de","tag-el-arenal-de","tag-hacienda-de","tag-herencias-de","tag-ibi-de","tag-illes-balears-de","tag-impuesto-de-sucesiones-de","tag-impuestos-de","tag-incremento-del-valor-de-los-terrenos-de-naturaleza-urbana-de","tag-irpf-de","tag-jorge-sainz-de-baranda-de","tag-ley-antifraude-de","tag-mallorca-de","tag-mallorcadiario-de","tag-manacor-de","tag-obligado-tributario-de","tag-opinion-de","tag-palma-de","tag-plan-anual-de-control-tributario-de","tag-plusvalia-de","tag-prespuestos-generales-del-estado-de","tag-presupuestos-2021-de","tag-prevencion-de","tag-puerto-de-andratx-de","tag-recargo-de","tag-sucesiones-y-donaciones-de","tag-testador-de","tag-valor-de-referencia-catastral-de"],"yoast_head":"<!-- This site is optimized with the Yoast SEO plugin v27.3 - https:\/\/yoast.com\/product\/yoast-seo-wordpress\/ -->\n<title>Pedro Grullo trabaja en Hacienda, art\u00edculo de opini\u00f3n de Jorge S\u00e1inz de Baranda en Mallorcadiario - FMSB Abogados y Economistas en Baleares<\/title>\n<meta name=\"robots\" content=\"index, follow, max-snippet:-1, max-image-preview:large, max-video-preview:-1\" \/>\n<link rel=\"canonical\" href=\"https:\/\/fmsb.eu\/de\/2021\/11\/21\/pedro-grullo-trabaja-en-hacienda-jorge-sainz-de-baranda\/\" \/>\n<meta property=\"og:locale\" content=\"de_DE\" \/>\n<meta property=\"og:type\" content=\"article\" \/>\n<meta property=\"og:title\" content=\"Pedro Grullo trabaja en Hacienda, art\u00edculo de opini\u00f3n de Jorge S\u00e1inz de Baranda en Mallorcadiario - FMSB Abogados y Economistas en Baleares\" \/>\n<meta property=\"og:description\" content=\"&nbsp; mallorcadiario.com\u00a0 Opini\u00f3n DOMINGO 21 DE NOVIEMBRE DE 2021 DOMINGO 25 DE OCTUBRE DE 2020 Pedro Grullo trabaja en Hacienda Por\u00a0Jorge S\u00e1inz de Baranda M\u00c1S ART\u00cdCULOS DEL AUTOR &nbsp; Pedro Grullo trabaja en Hacienda Solemos decir que algo es de \u201cPerogrullo\u201d cuando nos encontramos con afirmaciones de contenido tan evidente, que resulta una necedad tener [&hellip;]\" \/>\n<meta property=\"og:url\" content=\"https:\/\/fmsb.eu\/de\/2021\/11\/21\/pedro-grullo-trabaja-en-hacienda-jorge-sainz-de-baranda\/\" \/>\n<meta property=\"og:site_name\" content=\"FMSB Abogados y Economistas en Baleares\" \/>\n<meta property=\"article:published_time\" content=\"2021-11-21T06:21:54+00:00\" \/>\n<meta property=\"og:image\" content=\"https:\/\/fmsb.eu\/wp-content\/uploads\/2021\/11\/FMSB-Abogados-Pedro-Grullo-trabaja-en-Hacienda-Jorge-Sainz-de-Baranda-Mallorcadiario-00.png\" \/>\n\t<meta property=\"og:image:width\" content=\"1600\" \/>\n\t<meta property=\"og:image:height\" content=\"1200\" \/>\n\t<meta property=\"og:image:type\" content=\"image\/png\" \/>\n<meta name=\"author\" content=\"fmsb\" \/>\n<meta name=\"twitter:card\" content=\"summary_large_image\" \/>\n<meta name=\"twitter:creator\" content=\"@fmsb-disstint\" \/>\n<meta name=\"twitter:label1\" content=\"Verfasst von\" \/>\n\t<meta name=\"twitter:data1\" content=\"fmsb\" \/>\n\t<meta name=\"twitter:label2\" content=\"Gesch\u00e4tzte Lesezeit\" \/>\n\t<meta name=\"twitter:data2\" content=\"5\u00a0Minuten\" \/>\n<script type=\"application\/ld+json\" class=\"yoast-schema-graph\">{\"@context\":\"https:\\\/\\\/schema.org\",\"@graph\":[{\"@type\":\"Article\",\"@id\":\"https:\\\/\\\/fmsb.eu\\\/de\\\/2021\\\/11\\\/21\\\/pedro-grullo-trabaja-en-hacienda-jorge-sainz-de-baranda\\\/#article\",\"isPartOf\":{\"@id\":\"https:\\\/\\\/fmsb.eu\\\/de\\\/2021\\\/11\\\/21\\\/pedro-grullo-trabaja-en-hacienda-jorge-sainz-de-baranda\\\/\"},\"author\":{\"name\":\"fmsb\",\"@id\":\"https:\\\/\\\/fmsb.eu\\\/de\\\/#\\\/schema\\\/person\\\/9fba7c70814b0cd34d35d655d36a4ca2\"},\"headline\":\"Pedro Grullo trabaja en Hacienda, art\u00edculo de opini\u00f3n de Jorge S\u00e1inz de Baranda en Mallorcadiario\",\"datePublished\":\"2021-11-21T06:21:54+00:00\",\"mainEntityOfPage\":{\"@id\":\"https:\\\/\\\/fmsb.eu\\\/de\\\/2021\\\/11\\\/21\\\/pedro-grullo-trabaja-en-hacienda-jorge-sainz-de-baranda\\\/\"},\"wordCount\":942,\"publisher\":{\"@id\":\"https:\\\/\\\/fmsb.eu\\\/de\\\/#organization\"},\"image\":{\"@id\":\"https:\\\/\\\/fmsb.eu\\\/de\\\/2021\\\/11\\\/21\\\/pedro-grullo-trabaja-en-hacienda-jorge-sainz-de-baranda\\\/#primaryimage\"},\"thumbnailUrl\":\"https:\\\/\\\/fmsb.eu\\\/wp-content\\\/uploads\\\/2021\\\/11\\\/FMSB-Abogados-Pedro-Grullo-trabaja-en-Hacienda-Jorge-Sainz-de-Baranda-Mallorcadiario-00.png\",\"keywords\":[\"abogados\",\"administraci\u00f3n tributaria\",\"aeat\",\"antifraude\",\"articulos\",\"asesores\",\"ATIB\",\"baleares\",\"blanqueo\",\"blanqueo de capitales\",\"campa\u00f1a de la renta\",\"campa\u00f1a irpf\",\"catastro\",\"comunidad aut\u00f3noma\",\"declaraci\u00f3n de inconstitucionalidad\",\"declaraci\u00f3n de nulidad\",\"derecho fiscal\",\"derecho tributario\",\"dgt\",\"direcci\u00f3n general de tributos\",\"direcci\u00f3n general del catastro\",\"economistas\",\"el arenal\",\"Hacienda\",\"herencias\",\"ibi\",\"illes balears\",\"impuesto de sucesiones\",\"impuestos\",\"incremento del valor de los terrenos de naturaleza urbana\",\"IRPF\",\"jorge sainz de baranda\",\"ley antifraude\",\"mallorca\",\"mallorcadiario\",\"Manacor\",\"obligado tributario\",\"opinion\",\"Palma\",\"plan anual de control tributario\",\"plusval\u00eda\",\"prespuestos generales del estado\",\"presupuestos 2021\",\"prevenci\u00f3n\",\"puerto de andratx\",\"recargo\",\"sucesiones y donaciones\",\"testador\",\"valor de referencia catastral\"],\"articleSection\":[\"blog\",\"Derecho Fiscal\",\"Home\",\"Opini\u00f3n\"],\"inLanguage\":\"de\"},{\"@type\":\"WebPage\",\"@id\":\"https:\\\/\\\/fmsb.eu\\\/de\\\/2021\\\/11\\\/21\\\/pedro-grullo-trabaja-en-hacienda-jorge-sainz-de-baranda\\\/\",\"url\":\"https:\\\/\\\/fmsb.eu\\\/de\\\/2021\\\/11\\\/21\\\/pedro-grullo-trabaja-en-hacienda-jorge-sainz-de-baranda\\\/\",\"name\":\"Pedro Grullo trabaja en Hacienda, art\u00edculo de opini\u00f3n de Jorge S\u00e1inz de Baranda en Mallorcadiario - FMSB Abogados y Economistas en Baleares\",\"isPartOf\":{\"@id\":\"https:\\\/\\\/fmsb.eu\\\/de\\\/#website\"},\"primaryImageOfPage\":{\"@id\":\"https:\\\/\\\/fmsb.eu\\\/de\\\/2021\\\/11\\\/21\\\/pedro-grullo-trabaja-en-hacienda-jorge-sainz-de-baranda\\\/#primaryimage\"},\"image\":{\"@id\":\"https:\\\/\\\/fmsb.eu\\\/de\\\/2021\\\/11\\\/21\\\/pedro-grullo-trabaja-en-hacienda-jorge-sainz-de-baranda\\\/#primaryimage\"},\"thumbnailUrl\":\"https:\\\/\\\/fmsb.eu\\\/wp-content\\\/uploads\\\/2021\\\/11\\\/FMSB-Abogados-Pedro-Grullo-trabaja-en-Hacienda-Jorge-Sainz-de-Baranda-Mallorcadiario-00.png\",\"datePublished\":\"2021-11-21T06:21:54+00:00\",\"breadcrumb\":{\"@id\":\"https:\\\/\\\/fmsb.eu\\\/de\\\/2021\\\/11\\\/21\\\/pedro-grullo-trabaja-en-hacienda-jorge-sainz-de-baranda\\\/#breadcrumb\"},\"inLanguage\":\"de\",\"potentialAction\":[{\"@type\":\"ReadAction\",\"target\":[\"https:\\\/\\\/fmsb.eu\\\/de\\\/2021\\\/11\\\/21\\\/pedro-grullo-trabaja-en-hacienda-jorge-sainz-de-baranda\\\/\"]}]},{\"@type\":\"ImageObject\",\"inLanguage\":\"de\",\"@id\":\"https:\\\/\\\/fmsb.eu\\\/de\\\/2021\\\/11\\\/21\\\/pedro-grullo-trabaja-en-hacienda-jorge-sainz-de-baranda\\\/#primaryimage\",\"url\":\"https:\\\/\\\/fmsb.eu\\\/wp-content\\\/uploads\\\/2021\\\/11\\\/FMSB-Abogados-Pedro-Grullo-trabaja-en-Hacienda-Jorge-Sainz-de-Baranda-Mallorcadiario-00.png\",\"contentUrl\":\"https:\\\/\\\/fmsb.eu\\\/wp-content\\\/uploads\\\/2021\\\/11\\\/FMSB-Abogados-Pedro-Grullo-trabaja-en-Hacienda-Jorge-Sainz-de-Baranda-Mallorcadiario-00.png\",\"width\":1600,\"height\":1200},{\"@type\":\"BreadcrumbList\",\"@id\":\"https:\\\/\\\/fmsb.eu\\\/de\\\/2021\\\/11\\\/21\\\/pedro-grullo-trabaja-en-hacienda-jorge-sainz-de-baranda\\\/#breadcrumb\",\"itemListElement\":[{\"@type\":\"ListItem\",\"position\":1,\"name\":\"Portada\",\"item\":\"https:\\\/\\\/fmsb.eu\\\/de\\\/\"},{\"@type\":\"ListItem\",\"position\":2,\"name\":\"Pedro Grullo trabaja en Hacienda, art\u00edculo de opini\u00f3n de Jorge S\u00e1inz de Baranda en Mallorcadiario\"}]},{\"@type\":\"WebSite\",\"@id\":\"https:\\\/\\\/fmsb.eu\\\/de\\\/#website\",\"url\":\"https:\\\/\\\/fmsb.eu\\\/de\\\/\",\"name\":\"FMSB Abogados y Economistas en Baleares\",\"description\":\"\",\"publisher\":{\"@id\":\"https:\\\/\\\/fmsb.eu\\\/de\\\/#organization\"},\"potentialAction\":[{\"@type\":\"SearchAction\",\"target\":{\"@type\":\"EntryPoint\",\"urlTemplate\":\"https:\\\/\\\/fmsb.eu\\\/de\\\/?s={search_term_string}\"},\"query-input\":{\"@type\":\"PropertyValueSpecification\",\"valueRequired\":true,\"valueName\":\"search_term_string\"}}],\"inLanguage\":\"de\"},{\"@type\":\"Organization\",\"@id\":\"https:\\\/\\\/fmsb.eu\\\/de\\\/#organization\",\"name\":\"FMSB Abogados y Economistas en Baleares\",\"url\":\"https:\\\/\\\/fmsb.eu\\\/de\\\/\",\"logo\":{\"@type\":\"ImageObject\",\"inLanguage\":\"de\",\"@id\":\"https:\\\/\\\/fmsb.eu\\\/de\\\/#\\\/schema\\\/logo\\\/image\\\/\",\"url\":\"https:\\\/\\\/fmsb.eu\\\/wp-content\\\/uploads\\\/2025\\\/02\\\/logo.svg\",\"contentUrl\":\"https:\\\/\\\/fmsb.eu\\\/wp-content\\\/uploads\\\/2025\\\/02\\\/logo.svg\",\"width\":154,\"height\":52,\"caption\":\"FMSB Abogados y Economistas en Baleares\"},\"image\":{\"@id\":\"https:\\\/\\\/fmsb.eu\\\/de\\\/#\\\/schema\\\/logo\\\/image\\\/\"}},{\"@type\":\"Person\",\"@id\":\"https:\\\/\\\/fmsb.eu\\\/de\\\/#\\\/schema\\\/person\\\/9fba7c70814b0cd34d35d655d36a4ca2\",\"name\":\"fmsb\",\"image\":{\"@type\":\"ImageObject\",\"inLanguage\":\"de\",\"@id\":\"https:\\\/\\\/secure.gravatar.com\\\/avatar\\\/426f4d5b0ebcace85460caf87cdaaa193694b611e990615d87a13f322fb7ee7f?s=96&d=mm&r=g\",\"url\":\"https:\\\/\\\/secure.gravatar.com\\\/avatar\\\/426f4d5b0ebcace85460caf87cdaaa193694b611e990615d87a13f322fb7ee7f?s=96&d=mm&r=g\",\"contentUrl\":\"https:\\\/\\\/secure.gravatar.com\\\/avatar\\\/426f4d5b0ebcace85460caf87cdaaa193694b611e990615d87a13f322fb7ee7f?s=96&d=mm&r=g\",\"caption\":\"fmsb\"},\"sameAs\":[\"https:\\\/\\\/x.com\\\/fmsb-disstint\"],\"url\":\"https:\\\/\\\/fmsb.eu\\\/de\\\/author\\\/fmsb\\\/\"}]}<\/script>\n<!-- \/ Yoast SEO plugin. -->","yoast_head_json":{"title":"Pedro Grullo trabaja en Hacienda, art\u00edculo de opini\u00f3n de Jorge S\u00e1inz de Baranda en Mallorcadiario - FMSB Abogados y Economistas en Baleares","robots":{"index":"index","follow":"follow","max-snippet":"max-snippet:-1","max-image-preview":"max-image-preview:large","max-video-preview":"max-video-preview:-1"},"canonical":"https:\/\/fmsb.eu\/de\/2021\/11\/21\/pedro-grullo-trabaja-en-hacienda-jorge-sainz-de-baranda\/","og_locale":"de_DE","og_type":"article","og_title":"Pedro Grullo trabaja en Hacienda, art\u00edculo de opini\u00f3n de Jorge S\u00e1inz de Baranda en Mallorcadiario - FMSB Abogados y Economistas en Baleares","og_description":"&nbsp; mallorcadiario.com\u00a0 Opini\u00f3n DOMINGO 21 DE NOVIEMBRE DE 2021 DOMINGO 25 DE OCTUBRE DE 2020 Pedro Grullo trabaja en Hacienda Por\u00a0Jorge S\u00e1inz de Baranda M\u00c1S ART\u00cdCULOS DEL AUTOR &nbsp; Pedro Grullo trabaja en Hacienda Solemos decir que algo es de \u201cPerogrullo\u201d cuando nos encontramos con afirmaciones de contenido tan evidente, que resulta una necedad tener [&hellip;]","og_url":"https:\/\/fmsb.eu\/de\/2021\/11\/21\/pedro-grullo-trabaja-en-hacienda-jorge-sainz-de-baranda\/","og_site_name":"FMSB Abogados y Economistas en Baleares","article_published_time":"2021-11-21T06:21:54+00:00","og_image":[{"width":1600,"height":1200,"url":"https:\/\/fmsb.eu\/wp-content\/uploads\/2021\/11\/FMSB-Abogados-Pedro-Grullo-trabaja-en-Hacienda-Jorge-Sainz-de-Baranda-Mallorcadiario-00.png","type":"image\/png"}],"author":"fmsb","twitter_card":"summary_large_image","twitter_creator":"@fmsb-disstint","twitter_misc":{"Verfasst von":"fmsb","Gesch\u00e4tzte Lesezeit":"5\u00a0Minuten"},"schema":{"@context":"https:\/\/schema.org","@graph":[{"@type":"Article","@id":"https:\/\/fmsb.eu\/de\/2021\/11\/21\/pedro-grullo-trabaja-en-hacienda-jorge-sainz-de-baranda\/#article","isPartOf":{"@id":"https:\/\/fmsb.eu\/de\/2021\/11\/21\/pedro-grullo-trabaja-en-hacienda-jorge-sainz-de-baranda\/"},"author":{"name":"fmsb","@id":"https:\/\/fmsb.eu\/de\/#\/schema\/person\/9fba7c70814b0cd34d35d655d36a4ca2"},"headline":"Pedro Grullo trabaja en Hacienda, art\u00edculo de opini\u00f3n de Jorge S\u00e1inz de Baranda en Mallorcadiario","datePublished":"2021-11-21T06:21:54+00:00","mainEntityOfPage":{"@id":"https:\/\/fmsb.eu\/de\/2021\/11\/21\/pedro-grullo-trabaja-en-hacienda-jorge-sainz-de-baranda\/"},"wordCount":942,"publisher":{"@id":"https:\/\/fmsb.eu\/de\/#organization"},"image":{"@id":"https:\/\/fmsb.eu\/de\/2021\/11\/21\/pedro-grullo-trabaja-en-hacienda-jorge-sainz-de-baranda\/#primaryimage"},"thumbnailUrl":"https:\/\/fmsb.eu\/wp-content\/uploads\/2021\/11\/FMSB-Abogados-Pedro-Grullo-trabaja-en-Hacienda-Jorge-Sainz-de-Baranda-Mallorcadiario-00.png","keywords":["abogados","administraci\u00f3n tributaria","aeat","antifraude","articulos","asesores","ATIB","baleares","blanqueo","blanqueo de capitales","campa\u00f1a de la renta","campa\u00f1a irpf","catastro","comunidad aut\u00f3noma","declaraci\u00f3n de inconstitucionalidad","declaraci\u00f3n de nulidad","derecho fiscal","derecho tributario","dgt","direcci\u00f3n general de tributos","direcci\u00f3n general del catastro","economistas","el arenal","Hacienda","herencias","ibi","illes balears","impuesto de sucesiones","impuestos","incremento del valor de los terrenos de naturaleza urbana","IRPF","jorge sainz de baranda","ley antifraude","mallorca","mallorcadiario","Manacor","obligado tributario","opinion","Palma","plan anual de control tributario","plusval\u00eda","prespuestos generales del estado","presupuestos 2021","prevenci\u00f3n","puerto de andratx","recargo","sucesiones y donaciones","testador","valor de referencia catastral"],"articleSection":["blog","Derecho Fiscal","Home","Opini\u00f3n"],"inLanguage":"de"},{"@type":"WebPage","@id":"https:\/\/fmsb.eu\/de\/2021\/11\/21\/pedro-grullo-trabaja-en-hacienda-jorge-sainz-de-baranda\/","url":"https:\/\/fmsb.eu\/de\/2021\/11\/21\/pedro-grullo-trabaja-en-hacienda-jorge-sainz-de-baranda\/","name":"Pedro Grullo trabaja en Hacienda, art\u00edculo de opini\u00f3n de Jorge S\u00e1inz de Baranda en Mallorcadiario - FMSB Abogados y Economistas en Baleares","isPartOf":{"@id":"https:\/\/fmsb.eu\/de\/#website"},"primaryImageOfPage":{"@id":"https:\/\/fmsb.eu\/de\/2021\/11\/21\/pedro-grullo-trabaja-en-hacienda-jorge-sainz-de-baranda\/#primaryimage"},"image":{"@id":"https:\/\/fmsb.eu\/de\/2021\/11\/21\/pedro-grullo-trabaja-en-hacienda-jorge-sainz-de-baranda\/#primaryimage"},"thumbnailUrl":"https:\/\/fmsb.eu\/wp-content\/uploads\/2021\/11\/FMSB-Abogados-Pedro-Grullo-trabaja-en-Hacienda-Jorge-Sainz-de-Baranda-Mallorcadiario-00.png","datePublished":"2021-11-21T06:21:54+00:00","breadcrumb":{"@id":"https:\/\/fmsb.eu\/de\/2021\/11\/21\/pedro-grullo-trabaja-en-hacienda-jorge-sainz-de-baranda\/#breadcrumb"},"inLanguage":"de","potentialAction":[{"@type":"ReadAction","target":["https:\/\/fmsb.eu\/de\/2021\/11\/21\/pedro-grullo-trabaja-en-hacienda-jorge-sainz-de-baranda\/"]}]},{"@type":"ImageObject","inLanguage":"de","@id":"https:\/\/fmsb.eu\/de\/2021\/11\/21\/pedro-grullo-trabaja-en-hacienda-jorge-sainz-de-baranda\/#primaryimage","url":"https:\/\/fmsb.eu\/wp-content\/uploads\/2021\/11\/FMSB-Abogados-Pedro-Grullo-trabaja-en-Hacienda-Jorge-Sainz-de-Baranda-Mallorcadiario-00.png","contentUrl":"https:\/\/fmsb.eu\/wp-content\/uploads\/2021\/11\/FMSB-Abogados-Pedro-Grullo-trabaja-en-Hacienda-Jorge-Sainz-de-Baranda-Mallorcadiario-00.png","width":1600,"height":1200},{"@type":"BreadcrumbList","@id":"https:\/\/fmsb.eu\/de\/2021\/11\/21\/pedro-grullo-trabaja-en-hacienda-jorge-sainz-de-baranda\/#breadcrumb","itemListElement":[{"@type":"ListItem","position":1,"name":"Portada","item":"https:\/\/fmsb.eu\/de\/"},{"@type":"ListItem","position":2,"name":"Pedro Grullo trabaja en Hacienda, art\u00edculo de opini\u00f3n de Jorge S\u00e1inz de Baranda en Mallorcadiario"}]},{"@type":"WebSite","@id":"https:\/\/fmsb.eu\/de\/#website","url":"https:\/\/fmsb.eu\/de\/","name":"FMSB Abogados y Economistas en Baleares","description":"","publisher":{"@id":"https:\/\/fmsb.eu\/de\/#organization"},"potentialAction":[{"@type":"SearchAction","target":{"@type":"EntryPoint","urlTemplate":"https:\/\/fmsb.eu\/de\/?s={search_term_string}"},"query-input":{"@type":"PropertyValueSpecification","valueRequired":true,"valueName":"search_term_string"}}],"inLanguage":"de"},{"@type":"Organization","@id":"https:\/\/fmsb.eu\/de\/#organization","name":"FMSB Abogados y Economistas en Baleares","url":"https:\/\/fmsb.eu\/de\/","logo":{"@type":"ImageObject","inLanguage":"de","@id":"https:\/\/fmsb.eu\/de\/#\/schema\/logo\/image\/","url":"https:\/\/fmsb.eu\/wp-content\/uploads\/2025\/02\/logo.svg","contentUrl":"https:\/\/fmsb.eu\/wp-content\/uploads\/2025\/02\/logo.svg","width":154,"height":52,"caption":"FMSB Abogados y Economistas en Baleares"},"image":{"@id":"https:\/\/fmsb.eu\/de\/#\/schema\/logo\/image\/"}},{"@type":"Person","@id":"https:\/\/fmsb.eu\/de\/#\/schema\/person\/9fba7c70814b0cd34d35d655d36a4ca2","name":"fmsb","image":{"@type":"ImageObject","inLanguage":"de","@id":"https:\/\/secure.gravatar.com\/avatar\/426f4d5b0ebcace85460caf87cdaaa193694b611e990615d87a13f322fb7ee7f?s=96&d=mm&r=g","url":"https:\/\/secure.gravatar.com\/avatar\/426f4d5b0ebcace85460caf87cdaaa193694b611e990615d87a13f322fb7ee7f?s=96&d=mm&r=g","contentUrl":"https:\/\/secure.gravatar.com\/avatar\/426f4d5b0ebcace85460caf87cdaaa193694b611e990615d87a13f322fb7ee7f?s=96&d=mm&r=g","caption":"fmsb"},"sameAs":["https:\/\/x.com\/fmsb-disstint"],"url":"https:\/\/fmsb.eu\/de\/author\/fmsb\/"}]}},"_links":{"self":[{"href":"https:\/\/fmsb.eu\/de\/wp-json\/wp\/v2\/posts\/11511","targetHints":{"allow":["GET"]}}],"collection":[{"href":"https:\/\/fmsb.eu\/de\/wp-json\/wp\/v2\/posts"}],"about":[{"href":"https:\/\/fmsb.eu\/de\/wp-json\/wp\/v2\/types\/post"}],"author":[{"embeddable":true,"href":"https:\/\/fmsb.eu\/de\/wp-json\/wp\/v2\/users\/2"}],"replies":[{"embeddable":true,"href":"https:\/\/fmsb.eu\/de\/wp-json\/wp\/v2\/comments?post=11511"}],"version-history":[{"count":0,"href":"https:\/\/fmsb.eu\/de\/wp-json\/wp\/v2\/posts\/11511\/revisions"}],"wp:featuredmedia":[{"embeddable":true,"href":"https:\/\/fmsb.eu\/de\/wp-json\/wp\/v2\/media\/9611"}],"wp:attachment":[{"href":"https:\/\/fmsb.eu\/de\/wp-json\/wp\/v2\/media?parent=11511"}],"wp:term":[{"taxonomy":"category","embeddable":true,"href":"https:\/\/fmsb.eu\/de\/wp-json\/wp\/v2\/categories?post=11511"},{"taxonomy":"post_tag","embeddable":true,"href":"https:\/\/fmsb.eu\/de\/wp-json\/wp\/v2\/tags?post=11511"}],"curies":[{"name":"wp","href":"https:\/\/api.w.org\/{rel}","templated":true}]}}