{"id":11513,"date":"2021-11-17T21:38:52","date_gmt":"2021-11-17T20:38:52","guid":{"rendered":"http:\/\/fmsb.disstintbeta.com\/2021\/11\/17\/vehiculo-adquirido-entre-2006-y-2013-es-posible-reclamar-una-indemnizacion-al-denominado-cartel-de-los-coches-por-marga-sanso\/"},"modified":"2021-11-17T21:38:52","modified_gmt":"2021-11-17T20:38:52","slug":"vehiculo-adquirido-entre-2006-y-2013-es-posible-reclamar-una-indemnizacion-al-denominado-cartel-de-los-coches-por-marga-sanso","status":"publish","type":"post","link":"https:\/\/fmsb.eu\/de\/2021\/11\/17\/vehiculo-adquirido-entre-2006-y-2013-es-posible-reclamar-una-indemnizacion-al-denominado-cartel-de-los-coches-por-marga-sanso\/","title":{"rendered":"\u00bfVeh\u00edculo adquirido entre 2006 y 2013? Es posible reclamar una indemnizaci\u00f3n al denominado &#8222;C\u00e1rtel de los coches&#8220;, por Marga Sans\u00f3"},"content":{"rendered":"<p><a href=\"http:\/\/fmsb.disstintbeta.com\/wp-content\/uploads\/2021\/11\/FMSB-Abogados-Marga-Sanso-Indemnizacion-Cartel-de-los-Coches-Cartel-de-los-automoviles-apa.jpg\"><img fetchpriority=\"high\" decoding=\"async\" class=\"alignnone wp-image-5535\" src=\"http:\/\/fmsb.disstintbeta.com\/wp-content\/uploads\/2021\/11\/FMSB-Abogados-Marga-Sanso-Indemnizacion-Cartel-de-los-Coches-Cartel-de-los-automoviles-apa.jpg\" alt=\"\" width=\"800\" height=\"319\" srcset=\"https:\/\/font-mora-sainz-baranda.fra1.digitaloceanspaces.com\/wp-content\/uploads\/2021\/11\/FMSB-Abogados-Marga-Sanso-Indemnizacion-Cartel-de-los-Coches-Cartel-de-los-automoviles-apa.jpg 1619w, https:\/\/font-mora-sainz-baranda.fra1.digitaloceanspaces.com\/wp-content\/uploads\/2021\/11\/FMSB-Abogados-Marga-Sanso-Indemnizacion-Cartel-de-los-Coches-Cartel-de-los-automoviles-apa-300x120.jpg 300w, https:\/\/font-mora-sainz-baranda.fra1.digitaloceanspaces.com\/wp-content\/uploads\/2021\/11\/FMSB-Abogados-Marga-Sanso-Indemnizacion-Cartel-de-los-Coches-Cartel-de-los-automoviles-apa-1024x408.jpg 1024w, https:\/\/font-mora-sainz-baranda.fra1.digitaloceanspaces.com\/wp-content\/uploads\/2021\/11\/FMSB-Abogados-Marga-Sanso-Indemnizacion-Cartel-de-los-Coches-Cartel-de-los-automoviles-apa-768x306.jpg 768w, https:\/\/font-mora-sainz-baranda.fra1.digitaloceanspaces.com\/wp-content\/uploads\/2021\/11\/FMSB-Abogados-Marga-Sanso-Indemnizacion-Cartel-de-los-Coches-Cartel-de-los-automoviles-apa-1536x612.jpg 1536w\" sizes=\"(max-width: 800px) 100vw, 800px\" \/><\/a><\/p>\n<p>&nbsp;<\/p>\n<p>&nbsp;<\/p>\n<h1><strong>VEH\u00cdCULOS ADQUIRIDOS ENTRE 2006 Y 2013. INDEMNIZACI\u00d3N POR EL <em>C\u00c1RTEL DE COCHES<\/em><\/strong><\/h1>\n<p>&nbsp;<\/p>\n<p>El pasado d\u00eda 17 de septiembre de 2021, la Sala de lo Contencioso Administrativo del Tribunal Supremo (Secci\u00f3n 3\u00aa) dict\u00f3 sentencia desestimatoria del recurso de casaci\u00f3n instado por <em>Honda Motor Europe Limited<\/em> contra la sentencia dictada previamente por la Sala de lo Contencioso Administrativo de la Audiencia Nacional de 19 de diciembre de 2019.<\/p>\n<p>Esta sentencia cierra la v\u00eda jurisdiccional a los miembros del conocido como \u201cCartel de Coches\u201d, que trataban de evitar las sanciones que en el a\u00f1o 2015 les impuso la Comisi\u00f3n Nacional del Mercado de la Competencia y abre la veda para que casi 10 millones de afectados reclamen la indemnizaci\u00f3n por lo pagado de m\u00e1s.<\/p>\n<p>&nbsp;<\/p>\n<p><strong>\u00bfQu\u00e9 es el <em>c\u00e1rtel de coches<\/em>? <\/strong><\/p>\n<p>Se conoce como c\u00e1rtel de coches, c\u00e1rtel de los coches o c\u00e1rtel de los autom\u00f3viles indistintamente al conjunto integrado por hasta 25 distintos fabricantes de autom\u00f3viles &#8211; dependiendo del momento- que oper\u00f3 en Espa\u00f1a entre febrero de 2006 y julio de 2013 y cuyos integrantes compartieron en secreto informaci\u00f3n comercial esencial para fijar los precios de algunos de sus productos, ocasionando un sobreprecio en determinados modelos, el cual se traslad\u00f3 a los adquirentes de sus productos.<\/p>\n<p>Advertido este comportamiento ilegal de toma de acuerdos para la fijaci\u00f3n de precios, en 2015 estas empresas automovil\u00edsticas padecieron una fuerte sanci\u00f3n por parte de la Comisi\u00f3n Nacional de Mercados y Competencia, estim\u00e1ndose entonces que el sobrecoste de precio en los autom\u00f3viles provoc\u00f3 que cerca de 10 millones de compradores de los veh\u00edculos fabricados por los miembros del c\u00e1rtel pagaran entre 2.000 y 9.000 euros de m\u00e1s en cada uno de los productos adquiridos.<\/p>\n<p>&nbsp;<\/p>\n<p><strong>\u00bfCu\u00e1les son las<\/strong><strong>\u00a0<\/strong><strong>Marcas afectadas por el <em>c\u00e1rtel de coches<\/em>?<\/strong><\/p>\n<p>Antes todo es importante tener en cuenta\u00a0que no todos los veh\u00edculos, ni todos los concesionarios fueron responsables de estos acuerdos ileg\u00edtimos, pero\u00a0s\u00ed una gran mayor\u00eda.\u00a0Adem\u00e1s, las fechas -de 2006 a 2013- son una referencia, puesto que no todas las marcas participaron todo el tiempo en el c\u00e1rtel\u00a0y no se les puede reclamar por los a\u00f1os que estuvieron ausentes.<\/p>\n<p>Los fabricantes implicados son los siguientes: Alfa Romeo, Audi, BMW, Chevrolet, Chrysler, Citro\u00ebn, Dodge, Fiat, Ford, General Motors, Honda, Hyundai, Jeep, Kia, Lancia, Land Rover, Lexus, Mazda, Mercedes Benz, Mitsubishi, Nissan, Opel, Peugeot, Porsche, Renault, Saab, Seat, Skoda, Volkswagen, Toyota, Volvo, Dacia, Mini, Smart.<\/p>\n<p>&nbsp;<\/p>\n<p><strong>\u00bfPuedo reclamar y ser indemnizado si he sufrido perjuicio del <\/strong><strong><em>c\u00e1rtel de los coches<\/em><\/strong><strong>?<\/strong><\/p>\n<p>La cuant\u00eda de la indemnizaci\u00f3n a reclamar depender\u00e1 del veh\u00edculo y el modelo adquirido y lo ser\u00e1 por el sobrecoste concreto con que se determine que fue \u201cinflado\u201d el precio del veh\u00edculo. Es por ello que habr\u00e1 de estudiarse caso a caso la cuant\u00eda a reclamar. Se estima que las indemnizaciones pueden alcanzar entre un 10% y un 12% del precio del veh\u00edculo.<\/p>\n<p>Debe tenerse en cuenta, adem\u00e1s, que\u00a0esta situaci\u00f3n no solo afect\u00f3 a conductores de veh\u00edculos particulares,\u00a0sino a compa\u00f1\u00edas de alquiler y renting, as\u00ed como a taxis o VTC. Todos ellos pueden ser merecedores de indemnizaci\u00f3n si sufrieron sobrecostes en los coches adquiridos.<\/p>\n<p>&nbsp;<\/p>\n<p><strong>\u00bfQu\u00e9 documentaci\u00f3n es necesaria para reclamar por el <\/strong><strong><em>c\u00e1rtel de los veh\u00edculos<\/em><\/strong><strong>?<\/strong><\/p>\n<p>Para poder iniciar la reclamaci\u00f3n ser\u00e1 necesaria la siguiente documentaci\u00f3n en una operaci\u00f3n de adquisici\u00f3n, renting o l leasing de un veh\u00edculo entre 2006 y 2013:<\/p>\n<ul>\n<li>Factura de adquisici\u00f3n del veh\u00edculo o p\u00f3liza suscrita con la entidad financiera en caso de leasing o contrato de renting.<\/li>\n<li>Ficha t\u00e9cnica del veh\u00edculo.<\/li>\n<li>Permiso de circulaci\u00f3n del veh\u00edculo.<\/li>\n<\/ul>\n<p>&nbsp;<\/p>\n<p>Es esencial realizar un estudio pormenorizado de cada caso concreto antes de iniciar cualquier tipo de reclamaci\u00f3n. Por ello, si cree que usted puede ser uno de los afectados por el \u2018\u2019c\u00e1rtel de los coches\u2019\u2019, le recomendamos que recabe el asesoramiento adecuado y ponga su asunto en manos de profesionales.<\/p>\n<p>&nbsp;<\/p>\n<p>&nbsp;<\/p>\n<p><strong>Margalida Sans\u00f3<\/strong><\/p>\n<p>Abogada de FMSB<\/p>\n<p>&nbsp;<\/p>\n<hr \/>\n<div class=\"\" data-block=\"true\" data-editor=\"91emb\" data-offset-key=\"8ab5b-0-0\">\n<div class=\"_1mf _1mj\" data-offset-key=\"8ab5b-0-0\"><span class=\"_5zk7\" spellcheck=\"false\" data-offset-key=\"8ab5b-0-0\"><span data-offset-key=\"8ab5b-0-0\">#fmsb<\/span><\/span> <span class=\"_5zk7\" spellcheck=\"false\" data-offset-key=\"8ab5b-2-0\"><span data-offset-key=\"8ab5b-2-0\">#fontmorasainzdebaranda<\/span><\/span> <span class=\"_5zk7\" spellcheck=\"false\" data-offset-key=\"8ab5b-4-0\"><span data-offset-key=\"8ab5b-4-0\">#abogados<\/span><\/span> <span class=\"_5zk7\" spellcheck=\"false\" data-offset-key=\"8ab5b-6-0\"><span data-offset-key=\"8ab5b-6-0\">#economistas<\/span><\/span> <span class=\"_5zk7\" spellcheck=\"false\" data-offset-key=\"8ab5b-8-0\"><span data-offset-key=\"8ab5b-8-0\">#derecho<\/span><\/span> <span class=\"_5zk7\" spellcheck=\"false\" data-offset-key=\"8ab5b-10-0\"><span data-offset-key=\"8ab5b-10-0\">#c\u00e1rtel<\/span><\/span> <span class=\"_5zk7\" spellcheck=\"false\" data-offset-key=\"8ab5b-12-0\"><span data-offset-key=\"8ab5b-12-0\">#coches<\/span><\/span> <span class=\"_5zk7\" spellcheck=\"false\" data-offset-key=\"8ab5b-14-0\"><span data-offset-key=\"8ab5b-14-0\">#autom\u00f3viles<\/span><\/span> <span class=\"_5zk7\" spellcheck=\"false\" data-offset-key=\"8ab5b-16-0\"><span data-offset-key=\"8ab5b-16-0\">#veh\u00edculos<\/span><\/span> <span class=\"_5zk7\" spellcheck=\"false\" data-offset-key=\"8ab5b-18-0\"><span data-offset-key=\"8ab5b-18-0\">#compra<\/span><\/span> <span class=\"_5zk7\" spellcheck=\"false\" data-offset-key=\"8ab5b-20-0\"><span data-offset-key=\"8ab5b-20-0\">#indemnizaci\u00f3n<\/span><\/span> <span class=\"_5zk7\" spellcheck=\"false\" data-offset-key=\"8ab5b-22-0\"><span data-offset-key=\"8ab5b-22-0\">#sobreprecio<\/span><\/span> <span class=\"_5zk7\" spellcheck=\"false\" data-offset-key=\"8ab5b-24-0\"><span data-offset-key=\"8ab5b-24-0\">#sobrecoste<\/span><\/span> <span class=\"_5zk7\" spellcheck=\"false\" data-offset-key=\"8ab5b-26-0\"><span data-offset-key=\"8ab5b-26-0\">#sentencia<\/span><\/span> <span class=\"_5zk7\" spellcheck=\"false\" data-offset-key=\"8ab5b-28-0\"><span data-offset-key=\"8ab5b-28-0\">#baleares<\/span><\/span> <span class=\"_5zk7\" spellcheck=\"false\" data-offset-key=\"8ab5b-30-0\"><span data-offset-key=\"8ab5b-30-0\">#mallorca<\/span><\/span> <span class=\"_5zk7\" spellcheck=\"false\" data-offset-key=\"8ab5b-32-0\"><span data-offset-key=\"8ab5b-32-0\">#menorca<\/span><\/span> <span class=\"_5zk7\" spellcheck=\"false\" data-offset-key=\"8ab5b-34-0\"><span data-offset-key=\"8ab5b-34-0\">#ibiza<\/span><\/span> <span class=\"_5zk7\" spellcheck=\"false\" data-offset-key=\"8ab5b-36-0\"><span data-offset-key=\"8ab5b-36-0\">#manacor<\/span><\/span> <span class=\"_5zk7\" spellcheck=\"false\" data-offset-key=\"8ab5b-38-0\"><span data-offset-key=\"8ab5b-38-0\">#law<\/span><\/span> <span class=\"_5zk7\" spellcheck=\"false\" data-offset-key=\"8ab5b-40-0\"><span data-offset-key=\"8ab5b-40-0\">#lawyers<\/span><\/span> <span class=\"_5zk7\" spellcheck=\"false\" data-offset-key=\"8ab5b-42-0\"><span data-offset-key=\"8ab5b-42-0\">#solicitors<\/span><\/span><\/div>\n<\/div>\n","protected":false},"excerpt":{"rendered":"<p>&nbsp; &nbsp; VEH\u00cdCULOS ADQUIRIDOS ENTRE 2006 Y 2013. INDEMNIZACI\u00d3N POR EL C\u00c1RTEL DE COCHES &nbsp; El pasado d\u00eda 17 de septiembre de 2021, la Sala de lo Contencioso Administrativo del Tribunal Supremo (Secci\u00f3n 3\u00aa) dict\u00f3 sentencia desestimatoria del recurso de casaci\u00f3n instado por Honda Motor Europe Limited contra la sentencia dictada previamente por la Sala [&hellip;]<\/p>\n","protected":false},"author":2,"featured_media":9607,"comment_status":"closed","ping_status":"open","sticky":false,"template":"","format":"standard","meta":{"footnotes":""},"categories":[2199,2450,2451,2200,2202,2204],"tags":[2206,2208,5517,5518,5519,5520,5001,2219,2223,2224,2225,2228,2229,2231,2232,5521,2234,2236,2243,2492],"class_list":["post-11513","post","type-post","status-publish","format-standard","has-post-thumbnail","hentry","category-blog-de","category-consumidores-y-usuarios-de","category-contratos-de","category-derecho-civil-de","category-home-de","category-obligaciones-de","tag-abogados-de","tag-baleares-de","tag-cartel-de-los-automoviles-de","tag-cartel-de-los-coches-de","tag-compra-de-coche-de","tag-compra-de-vehiculo-de","tag-economista-de","tag-el-arenal-de","tag-fmsb-de","tag-font-mora-sainz-de-baranda-de","tag-ibiza-de","tag-law-de","tag-lawyers-de","tag-mallorca-de","tag-manacor-de","tag-marcas-de","tag-menorca-de","tag-port-dandratx-de","tag-solicitors-de","tag-tribunal-supremo-de"],"yoast_head":"<!-- This site is optimized with the Yoast SEO plugin v27.3 - https:\/\/yoast.com\/product\/yoast-seo-wordpress\/ -->\n<title>\u00bfVeh\u00edculo adquirido entre 2006 y 2013? Es posible reclamar una indemnizaci\u00f3n al denominado &quot;C\u00e1rtel de los coches&quot;, por Marga Sans\u00f3 - FMSB Abogados y Economistas en Baleares<\/title>\n<meta name=\"robots\" content=\"index, follow, max-snippet:-1, max-image-preview:large, max-video-preview:-1\" \/>\n<link rel=\"canonical\" href=\"https:\/\/fmsb.eu\/de\/2021\/11\/17\/vehiculo-adquirido-entre-2006-y-2013-es-posible-reclamar-una-indemnizacion-al-denominado-cartel-de-los-coches-por-marga-sanso\/\" \/>\n<meta property=\"og:locale\" content=\"de_DE\" \/>\n<meta property=\"og:type\" content=\"article\" \/>\n<meta property=\"og:title\" content=\"\u00bfVeh\u00edculo adquirido entre 2006 y 2013? Es posible reclamar una indemnizaci\u00f3n al denominado &quot;C\u00e1rtel de los coches&quot;, por Marga Sans\u00f3 - FMSB Abogados y Economistas en Baleares\" \/>\n<meta property=\"og:description\" content=\"&nbsp; &nbsp; VEH\u00cdCULOS ADQUIRIDOS ENTRE 2006 Y 2013. INDEMNIZACI\u00d3N POR EL C\u00c1RTEL DE COCHES &nbsp; El pasado d\u00eda 17 de septiembre de 2021, la Sala de lo Contencioso Administrativo del Tribunal Supremo (Secci\u00f3n 3\u00aa) dict\u00f3 sentencia desestimatoria del recurso de casaci\u00f3n instado por Honda Motor Europe Limited contra la sentencia dictada previamente por la Sala [&hellip;]\" \/>\n<meta property=\"og:url\" content=\"https:\/\/fmsb.eu\/de\/2021\/11\/17\/vehiculo-adquirido-entre-2006-y-2013-es-posible-reclamar-una-indemnizacion-al-denominado-cartel-de-los-coches-por-marga-sanso\/\" \/>\n<meta property=\"og:site_name\" content=\"FMSB Abogados y Economistas en Baleares\" \/>\n<meta property=\"article:published_time\" content=\"2021-11-17T20:38:52+00:00\" \/>\n<meta property=\"og:image\" content=\"https:\/\/fmsb.eu\/wp-content\/uploads\/2021\/11\/FMSB-Abogados-Marga-Sanso-Indemnizacion-Cartel-de-los-Coches-Cartel-de-los-automoviles-apa.jpg\" \/>\n\t<meta property=\"og:image:width\" content=\"1619\" \/>\n\t<meta property=\"og:image:height\" content=\"645\" \/>\n\t<meta property=\"og:image:type\" content=\"image\/jpeg\" \/>\n<meta name=\"author\" content=\"fmsb\" \/>\n<meta name=\"twitter:card\" content=\"summary_large_image\" \/>\n<meta name=\"twitter:creator\" content=\"@fmsb-disstint\" \/>\n<meta name=\"twitter:label1\" content=\"Verfasst von\" \/>\n\t<meta name=\"twitter:data1\" content=\"fmsb\" \/>\n\t<meta name=\"twitter:label2\" content=\"Gesch\u00e4tzte Lesezeit\" \/>\n\t<meta name=\"twitter:data2\" content=\"4\u00a0Minuten\" \/>\n<script type=\"application\/ld+json\" class=\"yoast-schema-graph\">{\"@context\":\"https:\\\/\\\/schema.org\",\"@graph\":[{\"@type\":\"Article\",\"@id\":\"https:\\\/\\\/fmsb.eu\\\/de\\\/2021\\\/11\\\/17\\\/vehiculo-adquirido-entre-2006-y-2013-es-posible-reclamar-una-indemnizacion-al-denominado-cartel-de-los-coches-por-marga-sanso\\\/#article\",\"isPartOf\":{\"@id\":\"https:\\\/\\\/fmsb.eu\\\/de\\\/2021\\\/11\\\/17\\\/vehiculo-adquirido-entre-2006-y-2013-es-posible-reclamar-una-indemnizacion-al-denominado-cartel-de-los-coches-por-marga-sanso\\\/\"},\"author\":{\"name\":\"fmsb\",\"@id\":\"https:\\\/\\\/fmsb.eu\\\/de\\\/#\\\/schema\\\/person\\\/9fba7c70814b0cd34d35d655d36a4ca2\"},\"headline\":\"\u00bfVeh\u00edculo adquirido entre 2006 y 2013? Es posible reclamar una indemnizaci\u00f3n al denominado &#8222;C\u00e1rtel de los coches&#8220;, por Marga Sans\u00f3\",\"datePublished\":\"2021-11-17T20:38:52+00:00\",\"mainEntityOfPage\":{\"@id\":\"https:\\\/\\\/fmsb.eu\\\/de\\\/2021\\\/11\\\/17\\\/vehiculo-adquirido-entre-2006-y-2013-es-posible-reclamar-una-indemnizacion-al-denominado-cartel-de-los-coches-por-marga-sanso\\\/\"},\"wordCount\":738,\"publisher\":{\"@id\":\"https:\\\/\\\/fmsb.eu\\\/de\\\/#organization\"},\"image\":{\"@id\":\"https:\\\/\\\/fmsb.eu\\\/de\\\/2021\\\/11\\\/17\\\/vehiculo-adquirido-entre-2006-y-2013-es-posible-reclamar-una-indemnizacion-al-denominado-cartel-de-los-coches-por-marga-sanso\\\/#primaryimage\"},\"thumbnailUrl\":\"https:\\\/\\\/fmsb.eu\\\/wp-content\\\/uploads\\\/2021\\\/11\\\/FMSB-Abogados-Marga-Sanso-Indemnizacion-Cartel-de-los-Coches-Cartel-de-los-automoviles-apa.jpg\",\"keywords\":[\"abogados\",\"baleares\",\"c\u00e1rtel de los autom\u00f3viles\",\"c\u00e1rtel de los coches\",\"compra de coche\",\"compra de veh\u00edculo\",\"economista\",\"el arenal\",\"fmsb\",\"font mora sainz de baranda\",\"ibiza\",\"law\",\"lawyers\",\"mallorca\",\"Manacor\",\"marcas\",\"menorca\",\"port d&#8217;andratx\",\"solicitors\",\"Tribunal Supremo\"],\"articleSection\":[\"blog\",\"Consumidores y Usuarios\",\"contratos\",\"Derecho Civil\",\"Home\",\"obligaciones\"],\"inLanguage\":\"de\"},{\"@type\":\"WebPage\",\"@id\":\"https:\\\/\\\/fmsb.eu\\\/de\\\/2021\\\/11\\\/17\\\/vehiculo-adquirido-entre-2006-y-2013-es-posible-reclamar-una-indemnizacion-al-denominado-cartel-de-los-coches-por-marga-sanso\\\/\",\"url\":\"https:\\\/\\\/fmsb.eu\\\/de\\\/2021\\\/11\\\/17\\\/vehiculo-adquirido-entre-2006-y-2013-es-posible-reclamar-una-indemnizacion-al-denominado-cartel-de-los-coches-por-marga-sanso\\\/\",\"name\":\"\u00bfVeh\u00edculo adquirido entre 2006 y 2013? Es posible reclamar una indemnizaci\u00f3n al denominado \\\"C\u00e1rtel de los coches\\\", por Marga Sans\u00f3 - FMSB Abogados y Economistas en Baleares\",\"isPartOf\":{\"@id\":\"https:\\\/\\\/fmsb.eu\\\/de\\\/#website\"},\"primaryImageOfPage\":{\"@id\":\"https:\\\/\\\/fmsb.eu\\\/de\\\/2021\\\/11\\\/17\\\/vehiculo-adquirido-entre-2006-y-2013-es-posible-reclamar-una-indemnizacion-al-denominado-cartel-de-los-coches-por-marga-sanso\\\/#primaryimage\"},\"image\":{\"@id\":\"https:\\\/\\\/fmsb.eu\\\/de\\\/2021\\\/11\\\/17\\\/vehiculo-adquirido-entre-2006-y-2013-es-posible-reclamar-una-indemnizacion-al-denominado-cartel-de-los-coches-por-marga-sanso\\\/#primaryimage\"},\"thumbnailUrl\":\"https:\\\/\\\/fmsb.eu\\\/wp-content\\\/uploads\\\/2021\\\/11\\\/FMSB-Abogados-Marga-Sanso-Indemnizacion-Cartel-de-los-Coches-Cartel-de-los-automoviles-apa.jpg\",\"datePublished\":\"2021-11-17T20:38:52+00:00\",\"breadcrumb\":{\"@id\":\"https:\\\/\\\/fmsb.eu\\\/de\\\/2021\\\/11\\\/17\\\/vehiculo-adquirido-entre-2006-y-2013-es-posible-reclamar-una-indemnizacion-al-denominado-cartel-de-los-coches-por-marga-sanso\\\/#breadcrumb\"},\"inLanguage\":\"de\",\"potentialAction\":[{\"@type\":\"ReadAction\",\"target\":[\"https:\\\/\\\/fmsb.eu\\\/de\\\/2021\\\/11\\\/17\\\/vehiculo-adquirido-entre-2006-y-2013-es-posible-reclamar-una-indemnizacion-al-denominado-cartel-de-los-coches-por-marga-sanso\\\/\"]}]},{\"@type\":\"ImageObject\",\"inLanguage\":\"de\",\"@id\":\"https:\\\/\\\/fmsb.eu\\\/de\\\/2021\\\/11\\\/17\\\/vehiculo-adquirido-entre-2006-y-2013-es-posible-reclamar-una-indemnizacion-al-denominado-cartel-de-los-coches-por-marga-sanso\\\/#primaryimage\",\"url\":\"https:\\\/\\\/fmsb.eu\\\/wp-content\\\/uploads\\\/2021\\\/11\\\/FMSB-Abogados-Marga-Sanso-Indemnizacion-Cartel-de-los-Coches-Cartel-de-los-automoviles-apa.jpg\",\"contentUrl\":\"https:\\\/\\\/fmsb.eu\\\/wp-content\\\/uploads\\\/2021\\\/11\\\/FMSB-Abogados-Marga-Sanso-Indemnizacion-Cartel-de-los-Coches-Cartel-de-los-automoviles-apa.jpg\",\"width\":1619,\"height\":645},{\"@type\":\"BreadcrumbList\",\"@id\":\"https:\\\/\\\/fmsb.eu\\\/de\\\/2021\\\/11\\\/17\\\/vehiculo-adquirido-entre-2006-y-2013-es-posible-reclamar-una-indemnizacion-al-denominado-cartel-de-los-coches-por-marga-sanso\\\/#breadcrumb\",\"itemListElement\":[{\"@type\":\"ListItem\",\"position\":1,\"name\":\"Portada\",\"item\":\"https:\\\/\\\/fmsb.eu\\\/de\\\/\"},{\"@type\":\"ListItem\",\"position\":2,\"name\":\"\u00bfVeh\u00edculo adquirido entre 2006 y 2013? Es posible reclamar una indemnizaci\u00f3n al denominado &#8222;C\u00e1rtel de los coches&#8220;, por Marga Sans\u00f3\"}]},{\"@type\":\"WebSite\",\"@id\":\"https:\\\/\\\/fmsb.eu\\\/de\\\/#website\",\"url\":\"https:\\\/\\\/fmsb.eu\\\/de\\\/\",\"name\":\"FMSB Abogados y Economistas en Baleares\",\"description\":\"\",\"publisher\":{\"@id\":\"https:\\\/\\\/fmsb.eu\\\/de\\\/#organization\"},\"potentialAction\":[{\"@type\":\"SearchAction\",\"target\":{\"@type\":\"EntryPoint\",\"urlTemplate\":\"https:\\\/\\\/fmsb.eu\\\/de\\\/?s={search_term_string}\"},\"query-input\":{\"@type\":\"PropertyValueSpecification\",\"valueRequired\":true,\"valueName\":\"search_term_string\"}}],\"inLanguage\":\"de\"},{\"@type\":\"Organization\",\"@id\":\"https:\\\/\\\/fmsb.eu\\\/de\\\/#organization\",\"name\":\"FMSB Abogados y Economistas en Baleares\",\"url\":\"https:\\\/\\\/fmsb.eu\\\/de\\\/\",\"logo\":{\"@type\":\"ImageObject\",\"inLanguage\":\"de\",\"@id\":\"https:\\\/\\\/fmsb.eu\\\/de\\\/#\\\/schema\\\/logo\\\/image\\\/\",\"url\":\"https:\\\/\\\/fmsb.eu\\\/wp-content\\\/uploads\\\/2025\\\/02\\\/logo.svg\",\"contentUrl\":\"https:\\\/\\\/fmsb.eu\\\/wp-content\\\/uploads\\\/2025\\\/02\\\/logo.svg\",\"width\":154,\"height\":52,\"caption\":\"FMSB Abogados y Economistas en Baleares\"},\"image\":{\"@id\":\"https:\\\/\\\/fmsb.eu\\\/de\\\/#\\\/schema\\\/logo\\\/image\\\/\"}},{\"@type\":\"Person\",\"@id\":\"https:\\\/\\\/fmsb.eu\\\/de\\\/#\\\/schema\\\/person\\\/9fba7c70814b0cd34d35d655d36a4ca2\",\"name\":\"fmsb\",\"image\":{\"@type\":\"ImageObject\",\"inLanguage\":\"de\",\"@id\":\"https:\\\/\\\/secure.gravatar.com\\\/avatar\\\/426f4d5b0ebcace85460caf87cdaaa193694b611e990615d87a13f322fb7ee7f?s=96&d=mm&r=g\",\"url\":\"https:\\\/\\\/secure.gravatar.com\\\/avatar\\\/426f4d5b0ebcace85460caf87cdaaa193694b611e990615d87a13f322fb7ee7f?s=96&d=mm&r=g\",\"contentUrl\":\"https:\\\/\\\/secure.gravatar.com\\\/avatar\\\/426f4d5b0ebcace85460caf87cdaaa193694b611e990615d87a13f322fb7ee7f?s=96&d=mm&r=g\",\"caption\":\"fmsb\"},\"sameAs\":[\"https:\\\/\\\/x.com\\\/fmsb-disstint\"],\"url\":\"https:\\\/\\\/fmsb.eu\\\/de\\\/author\\\/fmsb\\\/\"}]}<\/script>\n<!-- \/ Yoast SEO plugin. -->","yoast_head_json":{"title":"\u00bfVeh\u00edculo adquirido entre 2006 y 2013? Es posible reclamar una indemnizaci\u00f3n al denominado \"C\u00e1rtel de los coches\", por Marga Sans\u00f3 - FMSB Abogados y Economistas en Baleares","robots":{"index":"index","follow":"follow","max-snippet":"max-snippet:-1","max-image-preview":"max-image-preview:large","max-video-preview":"max-video-preview:-1"},"canonical":"https:\/\/fmsb.eu\/de\/2021\/11\/17\/vehiculo-adquirido-entre-2006-y-2013-es-posible-reclamar-una-indemnizacion-al-denominado-cartel-de-los-coches-por-marga-sanso\/","og_locale":"de_DE","og_type":"article","og_title":"\u00bfVeh\u00edculo adquirido entre 2006 y 2013? Es posible reclamar una indemnizaci\u00f3n al denominado \"C\u00e1rtel de los coches\", por Marga Sans\u00f3 - FMSB Abogados y Economistas en Baleares","og_description":"&nbsp; &nbsp; VEH\u00cdCULOS ADQUIRIDOS ENTRE 2006 Y 2013. INDEMNIZACI\u00d3N POR EL C\u00c1RTEL DE COCHES &nbsp; El pasado d\u00eda 17 de septiembre de 2021, la Sala de lo Contencioso Administrativo del Tribunal Supremo (Secci\u00f3n 3\u00aa) dict\u00f3 sentencia desestimatoria del recurso de casaci\u00f3n instado por Honda Motor Europe Limited contra la sentencia dictada previamente por la Sala [&hellip;]","og_url":"https:\/\/fmsb.eu\/de\/2021\/11\/17\/vehiculo-adquirido-entre-2006-y-2013-es-posible-reclamar-una-indemnizacion-al-denominado-cartel-de-los-coches-por-marga-sanso\/","og_site_name":"FMSB Abogados y Economistas en Baleares","article_published_time":"2021-11-17T20:38:52+00:00","og_image":[{"width":1619,"height":645,"url":"https:\/\/fmsb.eu\/wp-content\/uploads\/2021\/11\/FMSB-Abogados-Marga-Sanso-Indemnizacion-Cartel-de-los-Coches-Cartel-de-los-automoviles-apa.jpg","type":"image\/jpeg"}],"author":"fmsb","twitter_card":"summary_large_image","twitter_creator":"@fmsb-disstint","twitter_misc":{"Verfasst von":"fmsb","Gesch\u00e4tzte Lesezeit":"4\u00a0Minuten"},"schema":{"@context":"https:\/\/schema.org","@graph":[{"@type":"Article","@id":"https:\/\/fmsb.eu\/de\/2021\/11\/17\/vehiculo-adquirido-entre-2006-y-2013-es-posible-reclamar-una-indemnizacion-al-denominado-cartel-de-los-coches-por-marga-sanso\/#article","isPartOf":{"@id":"https:\/\/fmsb.eu\/de\/2021\/11\/17\/vehiculo-adquirido-entre-2006-y-2013-es-posible-reclamar-una-indemnizacion-al-denominado-cartel-de-los-coches-por-marga-sanso\/"},"author":{"name":"fmsb","@id":"https:\/\/fmsb.eu\/de\/#\/schema\/person\/9fba7c70814b0cd34d35d655d36a4ca2"},"headline":"\u00bfVeh\u00edculo adquirido entre 2006 y 2013? Es posible reclamar una indemnizaci\u00f3n al denominado &#8222;C\u00e1rtel de los coches&#8220;, por Marga Sans\u00f3","datePublished":"2021-11-17T20:38:52+00:00","mainEntityOfPage":{"@id":"https:\/\/fmsb.eu\/de\/2021\/11\/17\/vehiculo-adquirido-entre-2006-y-2013-es-posible-reclamar-una-indemnizacion-al-denominado-cartel-de-los-coches-por-marga-sanso\/"},"wordCount":738,"publisher":{"@id":"https:\/\/fmsb.eu\/de\/#organization"},"image":{"@id":"https:\/\/fmsb.eu\/de\/2021\/11\/17\/vehiculo-adquirido-entre-2006-y-2013-es-posible-reclamar-una-indemnizacion-al-denominado-cartel-de-los-coches-por-marga-sanso\/#primaryimage"},"thumbnailUrl":"https:\/\/fmsb.eu\/wp-content\/uploads\/2021\/11\/FMSB-Abogados-Marga-Sanso-Indemnizacion-Cartel-de-los-Coches-Cartel-de-los-automoviles-apa.jpg","keywords":["abogados","baleares","c\u00e1rtel de los autom\u00f3viles","c\u00e1rtel de los coches","compra de coche","compra de veh\u00edculo","economista","el arenal","fmsb","font mora sainz de baranda","ibiza","law","lawyers","mallorca","Manacor","marcas","menorca","port d&#8217;andratx","solicitors","Tribunal Supremo"],"articleSection":["blog","Consumidores y Usuarios","contratos","Derecho Civil","Home","obligaciones"],"inLanguage":"de"},{"@type":"WebPage","@id":"https:\/\/fmsb.eu\/de\/2021\/11\/17\/vehiculo-adquirido-entre-2006-y-2013-es-posible-reclamar-una-indemnizacion-al-denominado-cartel-de-los-coches-por-marga-sanso\/","url":"https:\/\/fmsb.eu\/de\/2021\/11\/17\/vehiculo-adquirido-entre-2006-y-2013-es-posible-reclamar-una-indemnizacion-al-denominado-cartel-de-los-coches-por-marga-sanso\/","name":"\u00bfVeh\u00edculo adquirido entre 2006 y 2013? Es posible reclamar una indemnizaci\u00f3n al denominado \"C\u00e1rtel de los coches\", por Marga Sans\u00f3 - FMSB Abogados y Economistas en Baleares","isPartOf":{"@id":"https:\/\/fmsb.eu\/de\/#website"},"primaryImageOfPage":{"@id":"https:\/\/fmsb.eu\/de\/2021\/11\/17\/vehiculo-adquirido-entre-2006-y-2013-es-posible-reclamar-una-indemnizacion-al-denominado-cartel-de-los-coches-por-marga-sanso\/#primaryimage"},"image":{"@id":"https:\/\/fmsb.eu\/de\/2021\/11\/17\/vehiculo-adquirido-entre-2006-y-2013-es-posible-reclamar-una-indemnizacion-al-denominado-cartel-de-los-coches-por-marga-sanso\/#primaryimage"},"thumbnailUrl":"https:\/\/fmsb.eu\/wp-content\/uploads\/2021\/11\/FMSB-Abogados-Marga-Sanso-Indemnizacion-Cartel-de-los-Coches-Cartel-de-los-automoviles-apa.jpg","datePublished":"2021-11-17T20:38:52+00:00","breadcrumb":{"@id":"https:\/\/fmsb.eu\/de\/2021\/11\/17\/vehiculo-adquirido-entre-2006-y-2013-es-posible-reclamar-una-indemnizacion-al-denominado-cartel-de-los-coches-por-marga-sanso\/#breadcrumb"},"inLanguage":"de","potentialAction":[{"@type":"ReadAction","target":["https:\/\/fmsb.eu\/de\/2021\/11\/17\/vehiculo-adquirido-entre-2006-y-2013-es-posible-reclamar-una-indemnizacion-al-denominado-cartel-de-los-coches-por-marga-sanso\/"]}]},{"@type":"ImageObject","inLanguage":"de","@id":"https:\/\/fmsb.eu\/de\/2021\/11\/17\/vehiculo-adquirido-entre-2006-y-2013-es-posible-reclamar-una-indemnizacion-al-denominado-cartel-de-los-coches-por-marga-sanso\/#primaryimage","url":"https:\/\/fmsb.eu\/wp-content\/uploads\/2021\/11\/FMSB-Abogados-Marga-Sanso-Indemnizacion-Cartel-de-los-Coches-Cartel-de-los-automoviles-apa.jpg","contentUrl":"https:\/\/fmsb.eu\/wp-content\/uploads\/2021\/11\/FMSB-Abogados-Marga-Sanso-Indemnizacion-Cartel-de-los-Coches-Cartel-de-los-automoviles-apa.jpg","width":1619,"height":645},{"@type":"BreadcrumbList","@id":"https:\/\/fmsb.eu\/de\/2021\/11\/17\/vehiculo-adquirido-entre-2006-y-2013-es-posible-reclamar-una-indemnizacion-al-denominado-cartel-de-los-coches-por-marga-sanso\/#breadcrumb","itemListElement":[{"@type":"ListItem","position":1,"name":"Portada","item":"https:\/\/fmsb.eu\/de\/"},{"@type":"ListItem","position":2,"name":"\u00bfVeh\u00edculo adquirido entre 2006 y 2013? Es posible reclamar una indemnizaci\u00f3n al denominado &#8222;C\u00e1rtel de los coches&#8220;, por Marga Sans\u00f3"}]},{"@type":"WebSite","@id":"https:\/\/fmsb.eu\/de\/#website","url":"https:\/\/fmsb.eu\/de\/","name":"FMSB Abogados y Economistas en Baleares","description":"","publisher":{"@id":"https:\/\/fmsb.eu\/de\/#organization"},"potentialAction":[{"@type":"SearchAction","target":{"@type":"EntryPoint","urlTemplate":"https:\/\/fmsb.eu\/de\/?s={search_term_string}"},"query-input":{"@type":"PropertyValueSpecification","valueRequired":true,"valueName":"search_term_string"}}],"inLanguage":"de"},{"@type":"Organization","@id":"https:\/\/fmsb.eu\/de\/#organization","name":"FMSB Abogados y Economistas en Baleares","url":"https:\/\/fmsb.eu\/de\/","logo":{"@type":"ImageObject","inLanguage":"de","@id":"https:\/\/fmsb.eu\/de\/#\/schema\/logo\/image\/","url":"https:\/\/fmsb.eu\/wp-content\/uploads\/2025\/02\/logo.svg","contentUrl":"https:\/\/fmsb.eu\/wp-content\/uploads\/2025\/02\/logo.svg","width":154,"height":52,"caption":"FMSB Abogados y Economistas en Baleares"},"image":{"@id":"https:\/\/fmsb.eu\/de\/#\/schema\/logo\/image\/"}},{"@type":"Person","@id":"https:\/\/fmsb.eu\/de\/#\/schema\/person\/9fba7c70814b0cd34d35d655d36a4ca2","name":"fmsb","image":{"@type":"ImageObject","inLanguage":"de","@id":"https:\/\/secure.gravatar.com\/avatar\/426f4d5b0ebcace85460caf87cdaaa193694b611e990615d87a13f322fb7ee7f?s=96&d=mm&r=g","url":"https:\/\/secure.gravatar.com\/avatar\/426f4d5b0ebcace85460caf87cdaaa193694b611e990615d87a13f322fb7ee7f?s=96&d=mm&r=g","contentUrl":"https:\/\/secure.gravatar.com\/avatar\/426f4d5b0ebcace85460caf87cdaaa193694b611e990615d87a13f322fb7ee7f?s=96&d=mm&r=g","caption":"fmsb"},"sameAs":["https:\/\/x.com\/fmsb-disstint"],"url":"https:\/\/fmsb.eu\/de\/author\/fmsb\/"}]}},"_links":{"self":[{"href":"https:\/\/fmsb.eu\/de\/wp-json\/wp\/v2\/posts\/11513","targetHints":{"allow":["GET"]}}],"collection":[{"href":"https:\/\/fmsb.eu\/de\/wp-json\/wp\/v2\/posts"}],"about":[{"href":"https:\/\/fmsb.eu\/de\/wp-json\/wp\/v2\/types\/post"}],"author":[{"embeddable":true,"href":"https:\/\/fmsb.eu\/de\/wp-json\/wp\/v2\/users\/2"}],"replies":[{"embeddable":true,"href":"https:\/\/fmsb.eu\/de\/wp-json\/wp\/v2\/comments?post=11513"}],"version-history":[{"count":0,"href":"https:\/\/fmsb.eu\/de\/wp-json\/wp\/v2\/posts\/11513\/revisions"}],"wp:featuredmedia":[{"embeddable":true,"href":"https:\/\/fmsb.eu\/de\/wp-json\/wp\/v2\/media\/9607"}],"wp:attachment":[{"href":"https:\/\/fmsb.eu\/de\/wp-json\/wp\/v2\/media?parent=11513"}],"wp:term":[{"taxonomy":"category","embeddable":true,"href":"https:\/\/fmsb.eu\/de\/wp-json\/wp\/v2\/categories?post=11513"},{"taxonomy":"post_tag","embeddable":true,"href":"https:\/\/fmsb.eu\/de\/wp-json\/wp\/v2\/tags?post=11513"}],"curies":[{"name":"wp","href":"https:\/\/api.w.org\/{rel}","templated":true}]}}