{"id":11521,"date":"2021-02-07T07:25:27","date_gmt":"2021-02-07T06:25:27","guid":{"rendered":"http:\/\/fmsb.disstintbeta.com\/2021\/02\/07\/la-bruja-lola-de-hacienda-articulo-de-opinion-en-mallorcadiario-com-de-jorge-sainz-de-baranda\/"},"modified":"2021-02-07T07:25:27","modified_gmt":"2021-02-07T06:25:27","slug":"la-bruja-lola-de-hacienda-articulo-de-opinion-en-mallorcadiario-com-de-jorge-sainz-de-baranda","status":"publish","type":"post","link":"https:\/\/fmsb.eu\/de\/2021\/02\/07\/la-bruja-lola-de-hacienda-articulo-de-opinion-en-mallorcadiario-com-de-jorge-sainz-de-baranda\/","title":{"rendered":"La &#8222;Bruja Lola&#8220; de Hacienda, art\u00edculo de opini\u00f3n en Mallorcadiario.com de Jorge S\u00e1inz de Baranda"},"content":{"rendered":"<p>&nbsp;<\/p>\n<div class=\"navegacion\">\n<h3 class=\"antesubtitulo antetit\"><a href=\"https:\/\/www.mallorcadiario.com\/la-bruja-lola-de-hacienda\"><span style=\"color: #993300;\"><strong>mallorcadiario.com<\/strong><\/span><\/a>\u00a0 <a href=\"https:\/\/www.mallorcadiario.com\/la-bruja-lola-de-hacienda\">Opini\u00f3n<\/a><\/h3>\n<\/div>\n<p><a href=\"http:\/\/fmsb.disstintbeta.com\/wp-content\/uploads\/2021\/02\/FMSB-Abogados-Jorge-Sainz-de-Baranda-La-Bruja-Lola-de-Hacienda-Mallorcadiario-1.png\"><img fetchpriority=\"high\" decoding=\"async\" class=\"alignnone wp-image-4631\" src=\"http:\/\/fmsb.disstintbeta.com\/wp-content\/uploads\/2021\/02\/FMSB-Abogados-Jorge-Sainz-de-Baranda-La-Bruja-Lola-de-Hacienda-Mallorcadiario-1.png\" alt=\"\" width=\"800\" height=\"600\" srcset=\"https:\/\/font-mora-sainz-baranda.fra1.digitaloceanspaces.com\/wp-content\/uploads\/2021\/02\/FMSB-Abogados-Jorge-Sainz-de-Baranda-La-Bruja-Lola-de-Hacienda-Mallorcadiario-1.png 1600w, https:\/\/font-mora-sainz-baranda.fra1.digitaloceanspaces.com\/wp-content\/uploads\/2021\/02\/FMSB-Abogados-Jorge-Sainz-de-Baranda-La-Bruja-Lola-de-Hacienda-Mallorcadiario-1-300x225.png 300w, https:\/\/font-mora-sainz-baranda.fra1.digitaloceanspaces.com\/wp-content\/uploads\/2021\/02\/FMSB-Abogados-Jorge-Sainz-de-Baranda-La-Bruja-Lola-de-Hacienda-Mallorcadiario-1-1024x768.png 1024w, https:\/\/font-mora-sainz-baranda.fra1.digitaloceanspaces.com\/wp-content\/uploads\/2021\/02\/FMSB-Abogados-Jorge-Sainz-de-Baranda-La-Bruja-Lola-de-Hacienda-Mallorcadiario-1-768x576.png 768w, https:\/\/font-mora-sainz-baranda.fra1.digitaloceanspaces.com\/wp-content\/uploads\/2021\/02\/FMSB-Abogados-Jorge-Sainz-de-Baranda-La-Bruja-Lola-de-Hacienda-Mallorcadiario-1-1536x1152.png 1536w\" sizes=\"(max-width: 800px) 100vw, 800px\" \/><\/a><\/p>\n<div class=\"navegacion\">\n<h6 class=\"ulthora fecha_publicacion\"><span class=\"dia_mes_anno\">DOMINGO 7 DE FEBRERO DE 2021<\/span><\/h6>\n<h6 class=\"ulthora fecha_publicacion\"><span class=\"dia_mes_anno\" style=\"color: #ffffff;\">DOMINGO 25 DE OCTUBRE DE 2020<\/span><\/h6>\n<\/div>\n<div title=\"noticia 557362\">\n<h1 class=\"titulo\"><a href=\"https:\/\/www.mallorcadiario.com\/la-bruja-lola-de-hacienda\">La &#8222;Bruja Lola&#8220; de Hacienda<\/a><\/h1>\n<\/div>\n<div id=\"firmante_767\" class=\"firmante\">\n<p>Por\u00a0<strong><span class=\"nombre_firmante\">Jorge S\u00e1inz de Baranda<\/span><\/strong><\/p>\n<h6><a href=\"https:\/\/www.mallorcadiario.com\/jorge-sainz-de-baranda\/autor\/767\/\"><strong><span style=\"color: #993300;\">M\u00c1S ART\u00cdCULOS DEL AUTOR<\/span><\/strong><\/a><\/h6>\n<p>&nbsp;<\/p>\n<\/div>\n<p>Siempre recuerdo las magn\u00edficas charlas impartidas por un \u201c\u00eddem\u201d Juez de lo Mercantil, hoy en excedencia, en las que cuando se le preguntaba por las posibles modificaciones en materia concursal u otras cuestiones dif\u00edciles de predecir, sacaba a relucir al personaje de la &#8222;Bruja Lola&#8220;, moviendo las manos como si tuviera una bola de cristal entre ellas e imitando su voz y gestos, para con ello significar y hacernos ver que eso que se cuestionaba no hab\u00eda la m\u00e1s remota posibilidad de saberlo en ese momento.<\/p>\n<p>La Bruja Lola era una vidente un tanto peculiar, que se hizo famosa en el programa &#8222;Cr\u00f3nicas Marcianas&#8220; de Xavier Sard\u00e1 y no precisamente por sus augurios en los que no acertaba ni por casualidad, sino por su fuerte car\u00e1cter y aquella frase que dec\u00eda constantemente de <em>&#8222;\u00a1\u00a1\u00a1Te voy a poner dos velas negras que te van a temblar las orejas!!!&#8220;<\/em>, con la que amenazaba a todos aquellos que se re\u00edan de ella o de sus predicciones.<\/p>\n<p>Tras la finalizaci\u00f3n del m\u00edtico programa nocturno de Telecinco, &#8222;La Bruja Lola&#8220; vio como su popularidad iba decayendo hasta casi desaparecer.<\/p>\n<p>No s\u00e9 si habr\u00e1n le\u00eddo la noticia, pero el Ministerio de Hacienda ha anunciado la creaci\u00f3n y puesta en marcha para la declaraci\u00f3n de la renta del a\u00f1o 2020 -a presentar hasta el 30 de junio de este a\u00f1o- de una nueva herramienta inform\u00e1tica que, seg\u00fan cuentan, permitir\u00e1 a la Administraci\u00f3n <strong>predecir los errores de los contribuyentes en su declaraci\u00f3n de la Renta<\/strong>, de forma que les avisar\u00e1 cuando vayan a modificar ciertas casillas que ya vengan pre-cumplimentadas en el borrador.<\/p>\n<p>Es decir, que <strong>Hacienda se ha hecho con su propia Bruja Lola<\/strong>, que ser\u00e1 capaz de pronosticar cuales van a ser los errores en los que vas a incurrir como obligado tributario y, as\u00ed, a ra\u00edz de los datos que considera correctos y del aviso de su peculiar pitonisa, te alertar\u00e1 de tu evidente error -aunque de momento no se nos ha especificado como-, y suponemos que tambi\u00e9n de las consecuencias que ello conlleva.<\/p>\n<p>\u00c9sta es una de las m\u00e1s importantes novedades que se ha contemplado en el Plan Anual de Control Tributario para el 2021, cuyas directrices han sido publicadas este pasado lunes en el Bolet\u00edn Oficial del Estado -aunque si esta es la m\u00e1s importante, mejor no saber cu\u00e1les eran las otras-.<\/p>\n<p>La Bruja se pondr\u00e1 en marcha en la pr\u00f3xima Campa\u00f1a del IRPF y, conforme explicaban, utilizar\u00e1 <em>\u00abt\u00e9cnicas de aprendizaje autom\u00e1tico\u00bb<\/em> -que, por si no lo recuerdan, es una rama de la inteligencia artificial que desarrolla t\u00e9cnicas que permiten que las computadoras aprendan-, y que consistir\u00e1n en tomar como base los datos de las regularizaciones de a\u00f1os anteriores para realizar una selecci\u00f3n de contribuyentes que pueden cometer equivocaciones en determinadas casillas del apartado de rendimientos del trabajo, y as\u00ed luego poder avisarles de ese eventual error si deciden modificar el borrador que les ofrece la Agencia Tributaria.<\/p>\n<p>Como ya les cont\u00e9 en alg\u00fan otro art\u00edculo, este a\u00f1o tendr\u00e1n que hacer -y pagar- la declaraci\u00f3n de la Renta muchos ciudadanos que hasta ahora no estaban obligados, como consecuencia de estar metidos en un ERTE y, por ello, tener dos pagadores.<\/p>\n<p>No s\u00e9 a Uds., pero me da la sensaci\u00f3n de que ser\u00eda m\u00e1s conveniente centrar los esfuerzos en atender a todos los ciudadanos en los problemas diarios, por ejemplo, poniendo m\u00e1s efectivos para evitar interminables colas o retrasos en las citas previas para la confecci\u00f3n de la declaraci\u00f3n, que en desarrollar &#8222;augures&#8220; electr\u00f3nicos.<\/p>\n<p>En todo caso, les recuerdo que la Campa\u00f1a de la Renta de este a\u00f1o, con bruja o sin ella, comenzar\u00e1 el pr\u00f3ximo 7 de abril, y tendr\u00e1 de plazo hasta el mi\u00e9rcoles 30 de junio. De la noticia lo \u00fanico que espero es que, para alegrar las horas interminables haciendo declaraciones, le pongan voz al invento y, una vez que resulte que no haces caso a las recomendaciones de nuestra querida Administraci\u00f3n Tributaria, te grite desde el otro lado de la l\u00ednea inform\u00e1tica: <em>&#8222;\u00a1\u00a1\u00a1Te voy a poner <strong>dos recargos<\/strong> que te van a temblar las orejas!!!&#8220;<\/em>&#8230;<\/p>\n<p>&nbsp;<\/p>\n<p>&nbsp;<\/p>\n<hr \/>\n<p>Art\u00edculo original publicado en el diario digital\u00a0<a href=\"https:\/\/www.mallorcadiario.com\/la-bruja-lola-de-hacienda\"><strong><span style=\"color: #993300;\">mallorcadiario.com<\/span><\/strong><\/a><\/p>\n","protected":false},"excerpt":{"rendered":"<p>&nbsp; mallorcadiario.com\u00a0 Opini\u00f3n DOMINGO 7 DE FEBRERO DE 2021 DOMINGO 25 DE OCTUBRE DE 2020 La &#8222;Bruja Lola&#8220; de Hacienda Por\u00a0Jorge S\u00e1inz de Baranda M\u00c1S ART\u00cdCULOS DEL AUTOR &nbsp; Siempre recuerdo las magn\u00edficas charlas impartidas por un \u201c\u00eddem\u201d Juez de lo Mercantil, hoy en excedencia, en las que cuando se le preguntaba por las posibles [&hellip;]<\/p>\n","protected":false},"author":2,"featured_media":9277,"comment_status":"closed","ping_status":"open","sticky":false,"template":"","format":"standard","meta":{"footnotes":""},"categories":[2199,3883,2309,2202,3169],"tags":[2206,2663,2665,2507,2314,2668,2208,2671,2672,2316,2320,2321,2218,2219,2325,2691,2328,2329,2330,2331,2333,2231,2336,2232,2342,2343,2345,2699,2700,2701,2702,2240,2704],"class_list":["post-11521","post","type-post","status-publish","format-standard","has-post-thumbnail","hentry","category-blog-de","category-coronavirus-de","category-derecho-fiscal-de","category-home-de","category-opinion-de","tag-abogados-de","tag-administracion-tributaria-de","tag-aeat-de","tag-articulos-de","tag-asesores-de","tag-atib-de","tag-baleares-de","tag-campana-de-la-renta-de","tag-campana-irpf-de","tag-comunidad-autonoma-de","tag-derecho-fiscal-de","tag-derecho-tributario-de","tag-economistas-de","tag-el-arenal-de","tag-hacienda-de","tag-ibi-de","tag-illes-balears-de","tag-impuesto-de-sucesiones-de","tag-impuestos-de","tag-irpf-de","tag-jorge-sainz-de-baranda-de","tag-mallorca-de","tag-mallorcadiario-de","tag-manacor-de","tag-obligado-tributario-de","tag-opinion-de","tag-palma-de","tag-plan-anual-de-control-tributario-de","tag-plusvalia-de","tag-prespuestos-generales-del-estado-de","tag-presupuestos-2021-de","tag-puerto-de-andratx-de","tag-recargo-de"],"yoast_head":"<!-- This site is optimized with the Yoast SEO plugin v27.3 - https:\/\/yoast.com\/product\/yoast-seo-wordpress\/ -->\n<title>La &quot;Bruja Lola&quot; de Hacienda, art\u00edculo de opini\u00f3n en Mallorcadiario.com de Jorge S\u00e1inz de Baranda - FMSB Abogados y Economistas en Baleares<\/title>\n<meta name=\"robots\" content=\"index, follow, max-snippet:-1, max-image-preview:large, max-video-preview:-1\" \/>\n<link rel=\"canonical\" href=\"https:\/\/fmsb.eu\/de\/2021\/02\/07\/la-bruja-lola-de-hacienda-articulo-de-opinion-en-mallorcadiario-com-de-jorge-sainz-de-baranda\/\" \/>\n<meta property=\"og:locale\" content=\"de_DE\" \/>\n<meta property=\"og:type\" content=\"article\" \/>\n<meta property=\"og:title\" content=\"La &quot;Bruja Lola&quot; de Hacienda, art\u00edculo de opini\u00f3n en Mallorcadiario.com de Jorge S\u00e1inz de Baranda - FMSB Abogados y Economistas en Baleares\" \/>\n<meta property=\"og:description\" content=\"&nbsp; mallorcadiario.com\u00a0 Opini\u00f3n DOMINGO 7 DE FEBRERO DE 2021 DOMINGO 25 DE OCTUBRE DE 2020 La &#8222;Bruja Lola&#8220; de Hacienda Por\u00a0Jorge S\u00e1inz de Baranda M\u00c1S ART\u00cdCULOS DEL AUTOR &nbsp; Siempre recuerdo las magn\u00edficas charlas impartidas por un \u201c\u00eddem\u201d Juez de lo Mercantil, hoy en excedencia, en las que cuando se le preguntaba por las posibles [&hellip;]\" \/>\n<meta property=\"og:url\" content=\"https:\/\/fmsb.eu\/de\/2021\/02\/07\/la-bruja-lola-de-hacienda-articulo-de-opinion-en-mallorcadiario-com-de-jorge-sainz-de-baranda\/\" \/>\n<meta property=\"og:site_name\" content=\"FMSB Abogados y Economistas en Baleares\" \/>\n<meta property=\"article:published_time\" content=\"2021-02-07T06:25:27+00:00\" \/>\n<meta property=\"og:image\" content=\"https:\/\/fmsb.eu\/wp-content\/uploads\/2021\/02\/FMSB-Abogados-Jorge-Sainz-de-Baranda-La-Bruja-Lola-de-Hacienda-Mallorcadiario-1.png\" \/>\n\t<meta property=\"og:image:width\" content=\"1600\" \/>\n\t<meta property=\"og:image:height\" content=\"1200\" \/>\n\t<meta property=\"og:image:type\" content=\"image\/png\" \/>\n<meta name=\"author\" content=\"fmsb\" \/>\n<meta name=\"twitter:card\" content=\"summary_large_image\" \/>\n<meta name=\"twitter:creator\" content=\"@fmsb-disstint\" \/>\n<meta name=\"twitter:label1\" content=\"Verfasst von\" \/>\n\t<meta name=\"twitter:data1\" content=\"fmsb\" \/>\n\t<meta name=\"twitter:label2\" content=\"Gesch\u00e4tzte Lesezeit\" \/>\n\t<meta name=\"twitter:data2\" content=\"4\u00a0Minuten\" \/>\n<script type=\"application\/ld+json\" class=\"yoast-schema-graph\">{\"@context\":\"https:\\\/\\\/schema.org\",\"@graph\":[{\"@type\":\"Article\",\"@id\":\"https:\\\/\\\/fmsb.eu\\\/de\\\/2021\\\/02\\\/07\\\/la-bruja-lola-de-hacienda-articulo-de-opinion-en-mallorcadiario-com-de-jorge-sainz-de-baranda\\\/#article\",\"isPartOf\":{\"@id\":\"https:\\\/\\\/fmsb.eu\\\/de\\\/2021\\\/02\\\/07\\\/la-bruja-lola-de-hacienda-articulo-de-opinion-en-mallorcadiario-com-de-jorge-sainz-de-baranda\\\/\"},\"author\":{\"name\":\"fmsb\",\"@id\":\"https:\\\/\\\/fmsb.eu\\\/de\\\/#\\\/schema\\\/person\\\/9fba7c70814b0cd34d35d655d36a4ca2\"},\"headline\":\"La &#8222;Bruja Lola&#8220; de Hacienda, art\u00edculo de opini\u00f3n en Mallorcadiario.com de Jorge S\u00e1inz de Baranda\",\"datePublished\":\"2021-02-07T06:25:27+00:00\",\"mainEntityOfPage\":{\"@id\":\"https:\\\/\\\/fmsb.eu\\\/de\\\/2021\\\/02\\\/07\\\/la-bruja-lola-de-hacienda-articulo-de-opinion-en-mallorcadiario-com-de-jorge-sainz-de-baranda\\\/\"},\"wordCount\":786,\"publisher\":{\"@id\":\"https:\\\/\\\/fmsb.eu\\\/de\\\/#organization\"},\"image\":{\"@id\":\"https:\\\/\\\/fmsb.eu\\\/de\\\/2021\\\/02\\\/07\\\/la-bruja-lola-de-hacienda-articulo-de-opinion-en-mallorcadiario-com-de-jorge-sainz-de-baranda\\\/#primaryimage\"},\"thumbnailUrl\":\"https:\\\/\\\/fmsb.eu\\\/wp-content\\\/uploads\\\/2021\\\/02\\\/FMSB-Abogados-Jorge-Sainz-de-Baranda-La-Bruja-Lola-de-Hacienda-Mallorcadiario-1.png\",\"keywords\":[\"abogados\",\"administraci\u00f3n tributaria\",\"aeat\",\"articulos\",\"asesores\",\"ATIB\",\"baleares\",\"campa\u00f1a de la renta\",\"campa\u00f1a irpf\",\"comunidad aut\u00f3noma\",\"derecho fiscal\",\"derecho tributario\",\"economistas\",\"el arenal\",\"Hacienda\",\"ibi\",\"illes balears\",\"impuesto de sucesiones\",\"impuestos\",\"IRPF\",\"jorge sainz de baranda\",\"mallorca\",\"mallorcadiario\",\"Manacor\",\"obligado tributario\",\"opinion\",\"Palma\",\"plan anual de control tributario\",\"plusval\u00eda\",\"prespuestos generales del estado\",\"presupuestos 2021\",\"puerto de andratx\",\"recargo\"],\"articleSection\":[\"blog\",\"Coronavirus\",\"Derecho Fiscal\",\"Home\",\"Opini\u00f3n\"],\"inLanguage\":\"de\"},{\"@type\":\"WebPage\",\"@id\":\"https:\\\/\\\/fmsb.eu\\\/de\\\/2021\\\/02\\\/07\\\/la-bruja-lola-de-hacienda-articulo-de-opinion-en-mallorcadiario-com-de-jorge-sainz-de-baranda\\\/\",\"url\":\"https:\\\/\\\/fmsb.eu\\\/de\\\/2021\\\/02\\\/07\\\/la-bruja-lola-de-hacienda-articulo-de-opinion-en-mallorcadiario-com-de-jorge-sainz-de-baranda\\\/\",\"name\":\"La \\\"Bruja Lola\\\" de Hacienda, art\u00edculo de opini\u00f3n en Mallorcadiario.com de Jorge S\u00e1inz de Baranda - FMSB Abogados y Economistas en Baleares\",\"isPartOf\":{\"@id\":\"https:\\\/\\\/fmsb.eu\\\/de\\\/#website\"},\"primaryImageOfPage\":{\"@id\":\"https:\\\/\\\/fmsb.eu\\\/de\\\/2021\\\/02\\\/07\\\/la-bruja-lola-de-hacienda-articulo-de-opinion-en-mallorcadiario-com-de-jorge-sainz-de-baranda\\\/#primaryimage\"},\"image\":{\"@id\":\"https:\\\/\\\/fmsb.eu\\\/de\\\/2021\\\/02\\\/07\\\/la-bruja-lola-de-hacienda-articulo-de-opinion-en-mallorcadiario-com-de-jorge-sainz-de-baranda\\\/#primaryimage\"},\"thumbnailUrl\":\"https:\\\/\\\/fmsb.eu\\\/wp-content\\\/uploads\\\/2021\\\/02\\\/FMSB-Abogados-Jorge-Sainz-de-Baranda-La-Bruja-Lola-de-Hacienda-Mallorcadiario-1.png\",\"datePublished\":\"2021-02-07T06:25:27+00:00\",\"breadcrumb\":{\"@id\":\"https:\\\/\\\/fmsb.eu\\\/de\\\/2021\\\/02\\\/07\\\/la-bruja-lola-de-hacienda-articulo-de-opinion-en-mallorcadiario-com-de-jorge-sainz-de-baranda\\\/#breadcrumb\"},\"inLanguage\":\"de\",\"potentialAction\":[{\"@type\":\"ReadAction\",\"target\":[\"https:\\\/\\\/fmsb.eu\\\/de\\\/2021\\\/02\\\/07\\\/la-bruja-lola-de-hacienda-articulo-de-opinion-en-mallorcadiario-com-de-jorge-sainz-de-baranda\\\/\"]}]},{\"@type\":\"ImageObject\",\"inLanguage\":\"de\",\"@id\":\"https:\\\/\\\/fmsb.eu\\\/de\\\/2021\\\/02\\\/07\\\/la-bruja-lola-de-hacienda-articulo-de-opinion-en-mallorcadiario-com-de-jorge-sainz-de-baranda\\\/#primaryimage\",\"url\":\"https:\\\/\\\/fmsb.eu\\\/wp-content\\\/uploads\\\/2021\\\/02\\\/FMSB-Abogados-Jorge-Sainz-de-Baranda-La-Bruja-Lola-de-Hacienda-Mallorcadiario-1.png\",\"contentUrl\":\"https:\\\/\\\/fmsb.eu\\\/wp-content\\\/uploads\\\/2021\\\/02\\\/FMSB-Abogados-Jorge-Sainz-de-Baranda-La-Bruja-Lola-de-Hacienda-Mallorcadiario-1.png\",\"width\":1600,\"height\":1200},{\"@type\":\"BreadcrumbList\",\"@id\":\"https:\\\/\\\/fmsb.eu\\\/de\\\/2021\\\/02\\\/07\\\/la-bruja-lola-de-hacienda-articulo-de-opinion-en-mallorcadiario-com-de-jorge-sainz-de-baranda\\\/#breadcrumb\",\"itemListElement\":[{\"@type\":\"ListItem\",\"position\":1,\"name\":\"Portada\",\"item\":\"https:\\\/\\\/fmsb.eu\\\/de\\\/\"},{\"@type\":\"ListItem\",\"position\":2,\"name\":\"La &#8222;Bruja Lola&#8220; de Hacienda, art\u00edculo de opini\u00f3n en Mallorcadiario.com de Jorge S\u00e1inz de Baranda\"}]},{\"@type\":\"WebSite\",\"@id\":\"https:\\\/\\\/fmsb.eu\\\/de\\\/#website\",\"url\":\"https:\\\/\\\/fmsb.eu\\\/de\\\/\",\"name\":\"FMSB Abogados y Economistas en Baleares\",\"description\":\"\",\"publisher\":{\"@id\":\"https:\\\/\\\/fmsb.eu\\\/de\\\/#organization\"},\"potentialAction\":[{\"@type\":\"SearchAction\",\"target\":{\"@type\":\"EntryPoint\",\"urlTemplate\":\"https:\\\/\\\/fmsb.eu\\\/de\\\/?s={search_term_string}\"},\"query-input\":{\"@type\":\"PropertyValueSpecification\",\"valueRequired\":true,\"valueName\":\"search_term_string\"}}],\"inLanguage\":\"de\"},{\"@type\":\"Organization\",\"@id\":\"https:\\\/\\\/fmsb.eu\\\/de\\\/#organization\",\"name\":\"FMSB Abogados y Economistas en Baleares\",\"url\":\"https:\\\/\\\/fmsb.eu\\\/de\\\/\",\"logo\":{\"@type\":\"ImageObject\",\"inLanguage\":\"de\",\"@id\":\"https:\\\/\\\/fmsb.eu\\\/de\\\/#\\\/schema\\\/logo\\\/image\\\/\",\"url\":\"https:\\\/\\\/fmsb.eu\\\/wp-content\\\/uploads\\\/2025\\\/02\\\/logo.svg\",\"contentUrl\":\"https:\\\/\\\/fmsb.eu\\\/wp-content\\\/uploads\\\/2025\\\/02\\\/logo.svg\",\"width\":154,\"height\":52,\"caption\":\"FMSB Abogados y Economistas en Baleares\"},\"image\":{\"@id\":\"https:\\\/\\\/fmsb.eu\\\/de\\\/#\\\/schema\\\/logo\\\/image\\\/\"}},{\"@type\":\"Person\",\"@id\":\"https:\\\/\\\/fmsb.eu\\\/de\\\/#\\\/schema\\\/person\\\/9fba7c70814b0cd34d35d655d36a4ca2\",\"name\":\"fmsb\",\"image\":{\"@type\":\"ImageObject\",\"inLanguage\":\"de\",\"@id\":\"https:\\\/\\\/secure.gravatar.com\\\/avatar\\\/426f4d5b0ebcace85460caf87cdaaa193694b611e990615d87a13f322fb7ee7f?s=96&d=mm&r=g\",\"url\":\"https:\\\/\\\/secure.gravatar.com\\\/avatar\\\/426f4d5b0ebcace85460caf87cdaaa193694b611e990615d87a13f322fb7ee7f?s=96&d=mm&r=g\",\"contentUrl\":\"https:\\\/\\\/secure.gravatar.com\\\/avatar\\\/426f4d5b0ebcace85460caf87cdaaa193694b611e990615d87a13f322fb7ee7f?s=96&d=mm&r=g\",\"caption\":\"fmsb\"},\"sameAs\":[\"https:\\\/\\\/x.com\\\/fmsb-disstint\"],\"url\":\"https:\\\/\\\/fmsb.eu\\\/de\\\/author\\\/fmsb\\\/\"}]}<\/script>\n<!-- \/ Yoast SEO plugin. -->","yoast_head_json":{"title":"La \"Bruja Lola\" de Hacienda, art\u00edculo de opini\u00f3n en Mallorcadiario.com de Jorge S\u00e1inz de Baranda - FMSB Abogados y Economistas en Baleares","robots":{"index":"index","follow":"follow","max-snippet":"max-snippet:-1","max-image-preview":"max-image-preview:large","max-video-preview":"max-video-preview:-1"},"canonical":"https:\/\/fmsb.eu\/de\/2021\/02\/07\/la-bruja-lola-de-hacienda-articulo-de-opinion-en-mallorcadiario-com-de-jorge-sainz-de-baranda\/","og_locale":"de_DE","og_type":"article","og_title":"La \"Bruja Lola\" de Hacienda, art\u00edculo de opini\u00f3n en Mallorcadiario.com de Jorge S\u00e1inz de Baranda - FMSB Abogados y Economistas en Baleares","og_description":"&nbsp; mallorcadiario.com\u00a0 Opini\u00f3n DOMINGO 7 DE FEBRERO DE 2021 DOMINGO 25 DE OCTUBRE DE 2020 La &#8222;Bruja Lola&#8220; de Hacienda Por\u00a0Jorge S\u00e1inz de Baranda M\u00c1S ART\u00cdCULOS DEL AUTOR &nbsp; Siempre recuerdo las magn\u00edficas charlas impartidas por un \u201c\u00eddem\u201d Juez de lo Mercantil, hoy en excedencia, en las que cuando se le preguntaba por las posibles [&hellip;]","og_url":"https:\/\/fmsb.eu\/de\/2021\/02\/07\/la-bruja-lola-de-hacienda-articulo-de-opinion-en-mallorcadiario-com-de-jorge-sainz-de-baranda\/","og_site_name":"FMSB Abogados y Economistas en Baleares","article_published_time":"2021-02-07T06:25:27+00:00","og_image":[{"width":1600,"height":1200,"url":"https:\/\/fmsb.eu\/wp-content\/uploads\/2021\/02\/FMSB-Abogados-Jorge-Sainz-de-Baranda-La-Bruja-Lola-de-Hacienda-Mallorcadiario-1.png","type":"image\/png"}],"author":"fmsb","twitter_card":"summary_large_image","twitter_creator":"@fmsb-disstint","twitter_misc":{"Verfasst von":"fmsb","Gesch\u00e4tzte Lesezeit":"4\u00a0Minuten"},"schema":{"@context":"https:\/\/schema.org","@graph":[{"@type":"Article","@id":"https:\/\/fmsb.eu\/de\/2021\/02\/07\/la-bruja-lola-de-hacienda-articulo-de-opinion-en-mallorcadiario-com-de-jorge-sainz-de-baranda\/#article","isPartOf":{"@id":"https:\/\/fmsb.eu\/de\/2021\/02\/07\/la-bruja-lola-de-hacienda-articulo-de-opinion-en-mallorcadiario-com-de-jorge-sainz-de-baranda\/"},"author":{"name":"fmsb","@id":"https:\/\/fmsb.eu\/de\/#\/schema\/person\/9fba7c70814b0cd34d35d655d36a4ca2"},"headline":"La &#8222;Bruja Lola&#8220; de Hacienda, art\u00edculo de opini\u00f3n en Mallorcadiario.com de Jorge S\u00e1inz de Baranda","datePublished":"2021-02-07T06:25:27+00:00","mainEntityOfPage":{"@id":"https:\/\/fmsb.eu\/de\/2021\/02\/07\/la-bruja-lola-de-hacienda-articulo-de-opinion-en-mallorcadiario-com-de-jorge-sainz-de-baranda\/"},"wordCount":786,"publisher":{"@id":"https:\/\/fmsb.eu\/de\/#organization"},"image":{"@id":"https:\/\/fmsb.eu\/de\/2021\/02\/07\/la-bruja-lola-de-hacienda-articulo-de-opinion-en-mallorcadiario-com-de-jorge-sainz-de-baranda\/#primaryimage"},"thumbnailUrl":"https:\/\/fmsb.eu\/wp-content\/uploads\/2021\/02\/FMSB-Abogados-Jorge-Sainz-de-Baranda-La-Bruja-Lola-de-Hacienda-Mallorcadiario-1.png","keywords":["abogados","administraci\u00f3n tributaria","aeat","articulos","asesores","ATIB","baleares","campa\u00f1a de la renta","campa\u00f1a irpf","comunidad aut\u00f3noma","derecho fiscal","derecho tributario","economistas","el arenal","Hacienda","ibi","illes balears","impuesto de sucesiones","impuestos","IRPF","jorge sainz de baranda","mallorca","mallorcadiario","Manacor","obligado tributario","opinion","Palma","plan anual de control tributario","plusval\u00eda","prespuestos generales del estado","presupuestos 2021","puerto de andratx","recargo"],"articleSection":["blog","Coronavirus","Derecho Fiscal","Home","Opini\u00f3n"],"inLanguage":"de"},{"@type":"WebPage","@id":"https:\/\/fmsb.eu\/de\/2021\/02\/07\/la-bruja-lola-de-hacienda-articulo-de-opinion-en-mallorcadiario-com-de-jorge-sainz-de-baranda\/","url":"https:\/\/fmsb.eu\/de\/2021\/02\/07\/la-bruja-lola-de-hacienda-articulo-de-opinion-en-mallorcadiario-com-de-jorge-sainz-de-baranda\/","name":"La \"Bruja Lola\" de Hacienda, art\u00edculo de opini\u00f3n en Mallorcadiario.com de Jorge S\u00e1inz de Baranda - FMSB Abogados y Economistas en Baleares","isPartOf":{"@id":"https:\/\/fmsb.eu\/de\/#website"},"primaryImageOfPage":{"@id":"https:\/\/fmsb.eu\/de\/2021\/02\/07\/la-bruja-lola-de-hacienda-articulo-de-opinion-en-mallorcadiario-com-de-jorge-sainz-de-baranda\/#primaryimage"},"image":{"@id":"https:\/\/fmsb.eu\/de\/2021\/02\/07\/la-bruja-lola-de-hacienda-articulo-de-opinion-en-mallorcadiario-com-de-jorge-sainz-de-baranda\/#primaryimage"},"thumbnailUrl":"https:\/\/fmsb.eu\/wp-content\/uploads\/2021\/02\/FMSB-Abogados-Jorge-Sainz-de-Baranda-La-Bruja-Lola-de-Hacienda-Mallorcadiario-1.png","datePublished":"2021-02-07T06:25:27+00:00","breadcrumb":{"@id":"https:\/\/fmsb.eu\/de\/2021\/02\/07\/la-bruja-lola-de-hacienda-articulo-de-opinion-en-mallorcadiario-com-de-jorge-sainz-de-baranda\/#breadcrumb"},"inLanguage":"de","potentialAction":[{"@type":"ReadAction","target":["https:\/\/fmsb.eu\/de\/2021\/02\/07\/la-bruja-lola-de-hacienda-articulo-de-opinion-en-mallorcadiario-com-de-jorge-sainz-de-baranda\/"]}]},{"@type":"ImageObject","inLanguage":"de","@id":"https:\/\/fmsb.eu\/de\/2021\/02\/07\/la-bruja-lola-de-hacienda-articulo-de-opinion-en-mallorcadiario-com-de-jorge-sainz-de-baranda\/#primaryimage","url":"https:\/\/fmsb.eu\/wp-content\/uploads\/2021\/02\/FMSB-Abogados-Jorge-Sainz-de-Baranda-La-Bruja-Lola-de-Hacienda-Mallorcadiario-1.png","contentUrl":"https:\/\/fmsb.eu\/wp-content\/uploads\/2021\/02\/FMSB-Abogados-Jorge-Sainz-de-Baranda-La-Bruja-Lola-de-Hacienda-Mallorcadiario-1.png","width":1600,"height":1200},{"@type":"BreadcrumbList","@id":"https:\/\/fmsb.eu\/de\/2021\/02\/07\/la-bruja-lola-de-hacienda-articulo-de-opinion-en-mallorcadiario-com-de-jorge-sainz-de-baranda\/#breadcrumb","itemListElement":[{"@type":"ListItem","position":1,"name":"Portada","item":"https:\/\/fmsb.eu\/de\/"},{"@type":"ListItem","position":2,"name":"La &#8222;Bruja Lola&#8220; de Hacienda, art\u00edculo de opini\u00f3n en Mallorcadiario.com de Jorge S\u00e1inz de Baranda"}]},{"@type":"WebSite","@id":"https:\/\/fmsb.eu\/de\/#website","url":"https:\/\/fmsb.eu\/de\/","name":"FMSB Abogados y Economistas en Baleares","description":"","publisher":{"@id":"https:\/\/fmsb.eu\/de\/#organization"},"potentialAction":[{"@type":"SearchAction","target":{"@type":"EntryPoint","urlTemplate":"https:\/\/fmsb.eu\/de\/?s={search_term_string}"},"query-input":{"@type":"PropertyValueSpecification","valueRequired":true,"valueName":"search_term_string"}}],"inLanguage":"de"},{"@type":"Organization","@id":"https:\/\/fmsb.eu\/de\/#organization","name":"FMSB Abogados y Economistas en Baleares","url":"https:\/\/fmsb.eu\/de\/","logo":{"@type":"ImageObject","inLanguage":"de","@id":"https:\/\/fmsb.eu\/de\/#\/schema\/logo\/image\/","url":"https:\/\/fmsb.eu\/wp-content\/uploads\/2025\/02\/logo.svg","contentUrl":"https:\/\/fmsb.eu\/wp-content\/uploads\/2025\/02\/logo.svg","width":154,"height":52,"caption":"FMSB Abogados y Economistas en Baleares"},"image":{"@id":"https:\/\/fmsb.eu\/de\/#\/schema\/logo\/image\/"}},{"@type":"Person","@id":"https:\/\/fmsb.eu\/de\/#\/schema\/person\/9fba7c70814b0cd34d35d655d36a4ca2","name":"fmsb","image":{"@type":"ImageObject","inLanguage":"de","@id":"https:\/\/secure.gravatar.com\/avatar\/426f4d5b0ebcace85460caf87cdaaa193694b611e990615d87a13f322fb7ee7f?s=96&d=mm&r=g","url":"https:\/\/secure.gravatar.com\/avatar\/426f4d5b0ebcace85460caf87cdaaa193694b611e990615d87a13f322fb7ee7f?s=96&d=mm&r=g","contentUrl":"https:\/\/secure.gravatar.com\/avatar\/426f4d5b0ebcace85460caf87cdaaa193694b611e990615d87a13f322fb7ee7f?s=96&d=mm&r=g","caption":"fmsb"},"sameAs":["https:\/\/x.com\/fmsb-disstint"],"url":"https:\/\/fmsb.eu\/de\/author\/fmsb\/"}]}},"_links":{"self":[{"href":"https:\/\/fmsb.eu\/de\/wp-json\/wp\/v2\/posts\/11521","targetHints":{"allow":["GET"]}}],"collection":[{"href":"https:\/\/fmsb.eu\/de\/wp-json\/wp\/v2\/posts"}],"about":[{"href":"https:\/\/fmsb.eu\/de\/wp-json\/wp\/v2\/types\/post"}],"author":[{"embeddable":true,"href":"https:\/\/fmsb.eu\/de\/wp-json\/wp\/v2\/users\/2"}],"replies":[{"embeddable":true,"href":"https:\/\/fmsb.eu\/de\/wp-json\/wp\/v2\/comments?post=11521"}],"version-history":[{"count":0,"href":"https:\/\/fmsb.eu\/de\/wp-json\/wp\/v2\/posts\/11521\/revisions"}],"wp:featuredmedia":[{"embeddable":true,"href":"https:\/\/fmsb.eu\/de\/wp-json\/wp\/v2\/media\/9277"}],"wp:attachment":[{"href":"https:\/\/fmsb.eu\/de\/wp-json\/wp\/v2\/media?parent=11521"}],"wp:term":[{"taxonomy":"category","embeddable":true,"href":"https:\/\/fmsb.eu\/de\/wp-json\/wp\/v2\/categories?post=11521"},{"taxonomy":"post_tag","embeddable":true,"href":"https:\/\/fmsb.eu\/de\/wp-json\/wp\/v2\/tags?post=11521"}],"curies":[{"name":"wp","href":"https:\/\/api.w.org\/{rel}","templated":true}]}}