{"id":11573,"date":"2020-11-10T10:22:41","date_gmt":"2020-11-10T09:22:41","guid":{"rendered":"http:\/\/fmsb.disstintbeta.com\/2020\/11\/10\/fmsb-abogados-foro-turismo-ibiza\/"},"modified":"2020-11-10T10:22:41","modified_gmt":"2020-11-10T09:22:41","slug":"fmsb-abogados-foro-turismo-ibiza","status":"publish","type":"post","link":"https:\/\/fmsb.eu\/de\/2020\/11\/10\/fmsb-abogados-foro-turismo-ibiza\/","title":{"rendered":"Jorge S\u00e1inz de Baranda y FMSB presentes en el VII Foro Turismo Ibiza del pr\u00f3ximo 19 de Noviembre"},"content":{"rendered":"<p><a href=\"http:\/\/fmsb.disstintbeta.com\/wp-content\/uploads\/2020\/11\/FMSB-Abogados-Foro-Turismo-Ibiza.png\"><img fetchpriority=\"high\" decoding=\"async\" class=\"alignnone wp-image-4417 size-full\" src=\"http:\/\/fmsb.disstintbeta.com\/wp-content\/uploads\/2020\/11\/FMSB-Abogados-Foro-Turismo-Ibiza.png\" alt=\"\" width=\"800\" height=\"800\" srcset=\"https:\/\/font-mora-sainz-baranda.fra1.digitaloceanspaces.com\/wp-content\/uploads\/2020\/11\/FMSB-Abogados-Foro-Turismo-Ibiza.png 800w, https:\/\/font-mora-sainz-baranda.fra1.digitaloceanspaces.com\/wp-content\/uploads\/2020\/11\/FMSB-Abogados-Foro-Turismo-Ibiza-300x300.png 300w, https:\/\/font-mora-sainz-baranda.fra1.digitaloceanspaces.com\/wp-content\/uploads\/2020\/11\/FMSB-Abogados-Foro-Turismo-Ibiza-150x150.png 150w, https:\/\/font-mora-sainz-baranda.fra1.digitaloceanspaces.com\/wp-content\/uploads\/2020\/11\/FMSB-Abogados-Foro-Turismo-Ibiza-768x768.png 768w\" sizes=\"(max-width: 800px) 100vw, 800px\" \/><\/a><\/p>\n<p>La <strong>VII edici\u00f3n del <a href=\"http:\/\/www.foroturismoibiza.com\">FORO TURISMO IBIZA<\/a><\/strong>, que tendr\u00e1 lugar la semana que viene, contar\u00e1 con la presencia del letrado socio de <a href=\"https:\/\/www.facebook.com\/FMSB.Abogados\"><strong>FMSB Abogados<\/strong><\/a> <strong>Jorge S\u00e1inz de Baranda<\/strong> como invitado a uno de sus coloquios.<\/p>\n<p>Para asistir <strong>gratuitamente<\/strong> y <strong>de manera virtual<\/strong> al evento, que se celebrar\u00e1 el pr\u00f3ximo 19 de noviembre, s\u00f3lo precisas inscribirte en su web <strong><a href=\"https:\/\/foroturismoibiza.com\/inscripcion\/\">aqu\u00ed<\/a><\/strong>. Hazlo y conoce de primera mano algunos de los pron\u00f3sticos y retos a los que se enfrenta el principal motor econ\u00f3mico de nuestra isla, a trav\u00e9s de la opini\u00f3n de expertos de reconocido prestigio del sector.<\/p>\n<hr \/>\n<p>#fmsb #abogados #foroturismoibz #foroturismo #ibiza #baleares #jorgesainzdb #tributos #financiaci\u00f3n #empresas<\/p>\n","protected":false},"excerpt":{"rendered":"<p>La VII edici\u00f3n del FORO TURISMO IBIZA, que tendr\u00e1 lugar la semana que viene, contar\u00e1 con la presencia del letrado socio de FMSB Abogados Jorge S\u00e1inz de Baranda como invitado a uno de sus coloquios. Para asistir gratuitamente y de manera virtual al evento, que se celebrar\u00e1 el pr\u00f3ximo 19 de noviembre, s\u00f3lo precisas inscribirte [&hellip;]<\/p>\n","protected":false},"author":2,"featured_media":9209,"comment_status":"closed","ping_status":"open","sticky":false,"template":"","format":"standard","meta":{"footnotes":""},"categories":[2199,3883,2308,3195,2309,2986,2202,3858],"tags":[],"class_list":["post-11573","post","type-post","status-publish","format-standard","has-post-thumbnail","hentry","category-blog-de","category-coronavirus-de","category-derecho-administrativo-de","category-derecho-concursal-de","category-derecho-fiscal-de","category-derecho-mercantil-de","category-home-de","category-turismo-de"],"yoast_head":"<!-- This site is optimized with the Yoast SEO plugin v27.3 - https:\/\/yoast.com\/product\/yoast-seo-wordpress\/ -->\n<title>Jorge S\u00e1inz de Baranda y FMSB presentes en el VII Foro Turismo Ibiza del pr\u00f3ximo 19 de Noviembre - FMSB Abogados y Economistas en Baleares<\/title>\n<meta name=\"robots\" content=\"index, follow, max-snippet:-1, max-image-preview:large, max-video-preview:-1\" \/>\n<link rel=\"canonical\" href=\"https:\/\/fmsb.eu\/de\/2020\/11\/10\/fmsb-abogados-foro-turismo-ibiza\/\" \/>\n<meta property=\"og:locale\" content=\"de_DE\" \/>\n<meta property=\"og:type\" content=\"article\" \/>\n<meta property=\"og:title\" content=\"Jorge S\u00e1inz de Baranda y FMSB presentes en el VII Foro Turismo Ibiza del pr\u00f3ximo 19 de Noviembre - FMSB Abogados y Economistas en Baleares\" \/>\n<meta property=\"og:description\" content=\"La VII edici\u00f3n del FORO TURISMO IBIZA, que tendr\u00e1 lugar la semana que viene, contar\u00e1 con la presencia del letrado socio de FMSB Abogados Jorge S\u00e1inz de Baranda como invitado a uno de sus coloquios. Para asistir gratuitamente y de manera virtual al evento, que se celebrar\u00e1 el pr\u00f3ximo 19 de noviembre, s\u00f3lo precisas inscribirte [&hellip;]\" \/>\n<meta property=\"og:url\" content=\"https:\/\/fmsb.eu\/de\/2020\/11\/10\/fmsb-abogados-foro-turismo-ibiza\/\" \/>\n<meta property=\"og:site_name\" content=\"FMSB Abogados y Economistas en Baleares\" \/>\n<meta property=\"article:published_time\" content=\"2020-11-10T09:22:41+00:00\" \/>\n<meta property=\"og:image\" content=\"https:\/\/fmsb.eu\/wp-content\/uploads\/2020\/11\/FMSB-Abogados-Foro-Turismo-Ibiza.png\" \/>\n\t<meta property=\"og:image:width\" content=\"800\" \/>\n\t<meta property=\"og:image:height\" content=\"800\" \/>\n\t<meta property=\"og:image:type\" content=\"image\/png\" \/>\n<meta name=\"author\" content=\"fmsb\" \/>\n<meta name=\"twitter:card\" content=\"summary_large_image\" \/>\n<meta name=\"twitter:creator\" content=\"@fmsb-disstint\" \/>\n<meta name=\"twitter:label1\" content=\"Verfasst von\" \/>\n\t<meta name=\"twitter:data1\" content=\"fmsb\" \/>\n\t<meta name=\"twitter:label2\" content=\"Gesch\u00e4tzte Lesezeit\" \/>\n\t<meta name=\"twitter:data2\" content=\"1\u00a0Minute\" \/>\n<script type=\"application\/ld+json\" class=\"yoast-schema-graph\">{\"@context\":\"https:\\\/\\\/schema.org\",\"@graph\":[{\"@type\":\"Article\",\"@id\":\"https:\\\/\\\/fmsb.eu\\\/de\\\/2020\\\/11\\\/10\\\/fmsb-abogados-foro-turismo-ibiza\\\/#article\",\"isPartOf\":{\"@id\":\"https:\\\/\\\/fmsb.eu\\\/de\\\/2020\\\/11\\\/10\\\/fmsb-abogados-foro-turismo-ibiza\\\/\"},\"author\":{\"name\":\"fmsb\",\"@id\":\"https:\\\/\\\/fmsb.eu\\\/de\\\/#\\\/schema\\\/person\\\/9fba7c70814b0cd34d35d655d36a4ca2\"},\"headline\":\"Jorge S\u00e1inz de Baranda y FMSB presentes en el VII Foro Turismo Ibiza del pr\u00f3ximo 19 de Noviembre\",\"datePublished\":\"2020-11-10T09:22:41+00:00\",\"mainEntityOfPage\":{\"@id\":\"https:\\\/\\\/fmsb.eu\\\/de\\\/2020\\\/11\\\/10\\\/fmsb-abogados-foro-turismo-ibiza\\\/\"},\"wordCount\":132,\"publisher\":{\"@id\":\"https:\\\/\\\/fmsb.eu\\\/de\\\/#organization\"},\"image\":{\"@id\":\"https:\\\/\\\/fmsb.eu\\\/de\\\/2020\\\/11\\\/10\\\/fmsb-abogados-foro-turismo-ibiza\\\/#primaryimage\"},\"thumbnailUrl\":\"https:\\\/\\\/fmsb.eu\\\/wp-content\\\/uploads\\\/2020\\\/11\\\/FMSB-Abogados-Foro-Turismo-Ibiza.png\",\"articleSection\":[\"blog\",\"Coronavirus\",\"Derecho Administrativo\",\"Derecho Concursal\",\"Derecho Fiscal\",\"Derecho Mercantil\",\"Home\",\"Turismo\"],\"inLanguage\":\"de\"},{\"@type\":\"WebPage\",\"@id\":\"https:\\\/\\\/fmsb.eu\\\/de\\\/2020\\\/11\\\/10\\\/fmsb-abogados-foro-turismo-ibiza\\\/\",\"url\":\"https:\\\/\\\/fmsb.eu\\\/de\\\/2020\\\/11\\\/10\\\/fmsb-abogados-foro-turismo-ibiza\\\/\",\"name\":\"Jorge S\u00e1inz de Baranda y FMSB presentes en el VII Foro Turismo Ibiza del pr\u00f3ximo 19 de Noviembre - FMSB Abogados y Economistas en Baleares\",\"isPartOf\":{\"@id\":\"https:\\\/\\\/fmsb.eu\\\/de\\\/#website\"},\"primaryImageOfPage\":{\"@id\":\"https:\\\/\\\/fmsb.eu\\\/de\\\/2020\\\/11\\\/10\\\/fmsb-abogados-foro-turismo-ibiza\\\/#primaryimage\"},\"image\":{\"@id\":\"https:\\\/\\\/fmsb.eu\\\/de\\\/2020\\\/11\\\/10\\\/fmsb-abogados-foro-turismo-ibiza\\\/#primaryimage\"},\"thumbnailUrl\":\"https:\\\/\\\/fmsb.eu\\\/wp-content\\\/uploads\\\/2020\\\/11\\\/FMSB-Abogados-Foro-Turismo-Ibiza.png\",\"datePublished\":\"2020-11-10T09:22:41+00:00\",\"breadcrumb\":{\"@id\":\"https:\\\/\\\/fmsb.eu\\\/de\\\/2020\\\/11\\\/10\\\/fmsb-abogados-foro-turismo-ibiza\\\/#breadcrumb\"},\"inLanguage\":\"de\",\"potentialAction\":[{\"@type\":\"ReadAction\",\"target\":[\"https:\\\/\\\/fmsb.eu\\\/de\\\/2020\\\/11\\\/10\\\/fmsb-abogados-foro-turismo-ibiza\\\/\"]}]},{\"@type\":\"ImageObject\",\"inLanguage\":\"de\",\"@id\":\"https:\\\/\\\/fmsb.eu\\\/de\\\/2020\\\/11\\\/10\\\/fmsb-abogados-foro-turismo-ibiza\\\/#primaryimage\",\"url\":\"https:\\\/\\\/fmsb.eu\\\/wp-content\\\/uploads\\\/2020\\\/11\\\/FMSB-Abogados-Foro-Turismo-Ibiza.png\",\"contentUrl\":\"https:\\\/\\\/fmsb.eu\\\/wp-content\\\/uploads\\\/2020\\\/11\\\/FMSB-Abogados-Foro-Turismo-Ibiza.png\",\"width\":800,\"height\":800},{\"@type\":\"BreadcrumbList\",\"@id\":\"https:\\\/\\\/fmsb.eu\\\/de\\\/2020\\\/11\\\/10\\\/fmsb-abogados-foro-turismo-ibiza\\\/#breadcrumb\",\"itemListElement\":[{\"@type\":\"ListItem\",\"position\":1,\"name\":\"Portada\",\"item\":\"https:\\\/\\\/fmsb.eu\\\/de\\\/\"},{\"@type\":\"ListItem\",\"position\":2,\"name\":\"Jorge S\u00e1inz de Baranda y FMSB presentes en el VII Foro Turismo Ibiza del pr\u00f3ximo 19 de Noviembre\"}]},{\"@type\":\"WebSite\",\"@id\":\"https:\\\/\\\/fmsb.eu\\\/de\\\/#website\",\"url\":\"https:\\\/\\\/fmsb.eu\\\/de\\\/\",\"name\":\"FMSB Abogados y Economistas en Baleares\",\"description\":\"\",\"publisher\":{\"@id\":\"https:\\\/\\\/fmsb.eu\\\/de\\\/#organization\"},\"potentialAction\":[{\"@type\":\"SearchAction\",\"target\":{\"@type\":\"EntryPoint\",\"urlTemplate\":\"https:\\\/\\\/fmsb.eu\\\/de\\\/?s={search_term_string}\"},\"query-input\":{\"@type\":\"PropertyValueSpecification\",\"valueRequired\":true,\"valueName\":\"search_term_string\"}}],\"inLanguage\":\"de\"},{\"@type\":\"Organization\",\"@id\":\"https:\\\/\\\/fmsb.eu\\\/de\\\/#organization\",\"name\":\"FMSB Abogados y Economistas en Baleares\",\"url\":\"https:\\\/\\\/fmsb.eu\\\/de\\\/\",\"logo\":{\"@type\":\"ImageObject\",\"inLanguage\":\"de\",\"@id\":\"https:\\\/\\\/fmsb.eu\\\/de\\\/#\\\/schema\\\/logo\\\/image\\\/\",\"url\":\"https:\\\/\\\/fmsb.eu\\\/wp-content\\\/uploads\\\/2025\\\/02\\\/logo.svg\",\"contentUrl\":\"https:\\\/\\\/fmsb.eu\\\/wp-content\\\/uploads\\\/2025\\\/02\\\/logo.svg\",\"width\":154,\"height\":52,\"caption\":\"FMSB Abogados y Economistas en Baleares\"},\"image\":{\"@id\":\"https:\\\/\\\/fmsb.eu\\\/de\\\/#\\\/schema\\\/logo\\\/image\\\/\"}},{\"@type\":\"Person\",\"@id\":\"https:\\\/\\\/fmsb.eu\\\/de\\\/#\\\/schema\\\/person\\\/9fba7c70814b0cd34d35d655d36a4ca2\",\"name\":\"fmsb\",\"image\":{\"@type\":\"ImageObject\",\"inLanguage\":\"de\",\"@id\":\"https:\\\/\\\/secure.gravatar.com\\\/avatar\\\/426f4d5b0ebcace85460caf87cdaaa193694b611e990615d87a13f322fb7ee7f?s=96&d=mm&r=g\",\"url\":\"https:\\\/\\\/secure.gravatar.com\\\/avatar\\\/426f4d5b0ebcace85460caf87cdaaa193694b611e990615d87a13f322fb7ee7f?s=96&d=mm&r=g\",\"contentUrl\":\"https:\\\/\\\/secure.gravatar.com\\\/avatar\\\/426f4d5b0ebcace85460caf87cdaaa193694b611e990615d87a13f322fb7ee7f?s=96&d=mm&r=g\",\"caption\":\"fmsb\"},\"sameAs\":[\"https:\\\/\\\/x.com\\\/fmsb-disstint\"],\"url\":\"https:\\\/\\\/fmsb.eu\\\/de\\\/author\\\/fmsb\\\/\"}]}<\/script>\n<!-- \/ Yoast SEO plugin. -->","yoast_head_json":{"title":"Jorge S\u00e1inz de Baranda y FMSB presentes en el VII Foro Turismo Ibiza del pr\u00f3ximo 19 de Noviembre - FMSB Abogados y Economistas en Baleares","robots":{"index":"index","follow":"follow","max-snippet":"max-snippet:-1","max-image-preview":"max-image-preview:large","max-video-preview":"max-video-preview:-1"},"canonical":"https:\/\/fmsb.eu\/de\/2020\/11\/10\/fmsb-abogados-foro-turismo-ibiza\/","og_locale":"de_DE","og_type":"article","og_title":"Jorge S\u00e1inz de Baranda y FMSB presentes en el VII Foro Turismo Ibiza del pr\u00f3ximo 19 de Noviembre - FMSB Abogados y Economistas en Baleares","og_description":"La VII edici\u00f3n del FORO TURISMO IBIZA, que tendr\u00e1 lugar la semana que viene, contar\u00e1 con la presencia del letrado socio de FMSB Abogados Jorge S\u00e1inz de Baranda como invitado a uno de sus coloquios. Para asistir gratuitamente y de manera virtual al evento, que se celebrar\u00e1 el pr\u00f3ximo 19 de noviembre, s\u00f3lo precisas inscribirte [&hellip;]","og_url":"https:\/\/fmsb.eu\/de\/2020\/11\/10\/fmsb-abogados-foro-turismo-ibiza\/","og_site_name":"FMSB Abogados y Economistas en Baleares","article_published_time":"2020-11-10T09:22:41+00:00","og_image":[{"width":800,"height":800,"url":"https:\/\/fmsb.eu\/wp-content\/uploads\/2020\/11\/FMSB-Abogados-Foro-Turismo-Ibiza.png","type":"image\/png"}],"author":"fmsb","twitter_card":"summary_large_image","twitter_creator":"@fmsb-disstint","twitter_misc":{"Verfasst von":"fmsb","Gesch\u00e4tzte Lesezeit":"1\u00a0Minute"},"schema":{"@context":"https:\/\/schema.org","@graph":[{"@type":"Article","@id":"https:\/\/fmsb.eu\/de\/2020\/11\/10\/fmsb-abogados-foro-turismo-ibiza\/#article","isPartOf":{"@id":"https:\/\/fmsb.eu\/de\/2020\/11\/10\/fmsb-abogados-foro-turismo-ibiza\/"},"author":{"name":"fmsb","@id":"https:\/\/fmsb.eu\/de\/#\/schema\/person\/9fba7c70814b0cd34d35d655d36a4ca2"},"headline":"Jorge S\u00e1inz de Baranda y FMSB presentes en el VII Foro Turismo Ibiza del pr\u00f3ximo 19 de Noviembre","datePublished":"2020-11-10T09:22:41+00:00","mainEntityOfPage":{"@id":"https:\/\/fmsb.eu\/de\/2020\/11\/10\/fmsb-abogados-foro-turismo-ibiza\/"},"wordCount":132,"publisher":{"@id":"https:\/\/fmsb.eu\/de\/#organization"},"image":{"@id":"https:\/\/fmsb.eu\/de\/2020\/11\/10\/fmsb-abogados-foro-turismo-ibiza\/#primaryimage"},"thumbnailUrl":"https:\/\/fmsb.eu\/wp-content\/uploads\/2020\/11\/FMSB-Abogados-Foro-Turismo-Ibiza.png","articleSection":["blog","Coronavirus","Derecho Administrativo","Derecho Concursal","Derecho Fiscal","Derecho Mercantil","Home","Turismo"],"inLanguage":"de"},{"@type":"WebPage","@id":"https:\/\/fmsb.eu\/de\/2020\/11\/10\/fmsb-abogados-foro-turismo-ibiza\/","url":"https:\/\/fmsb.eu\/de\/2020\/11\/10\/fmsb-abogados-foro-turismo-ibiza\/","name":"Jorge S\u00e1inz de Baranda y FMSB presentes en el VII Foro Turismo Ibiza del pr\u00f3ximo 19 de Noviembre - FMSB Abogados y Economistas en Baleares","isPartOf":{"@id":"https:\/\/fmsb.eu\/de\/#website"},"primaryImageOfPage":{"@id":"https:\/\/fmsb.eu\/de\/2020\/11\/10\/fmsb-abogados-foro-turismo-ibiza\/#primaryimage"},"image":{"@id":"https:\/\/fmsb.eu\/de\/2020\/11\/10\/fmsb-abogados-foro-turismo-ibiza\/#primaryimage"},"thumbnailUrl":"https:\/\/fmsb.eu\/wp-content\/uploads\/2020\/11\/FMSB-Abogados-Foro-Turismo-Ibiza.png","datePublished":"2020-11-10T09:22:41+00:00","breadcrumb":{"@id":"https:\/\/fmsb.eu\/de\/2020\/11\/10\/fmsb-abogados-foro-turismo-ibiza\/#breadcrumb"},"inLanguage":"de","potentialAction":[{"@type":"ReadAction","target":["https:\/\/fmsb.eu\/de\/2020\/11\/10\/fmsb-abogados-foro-turismo-ibiza\/"]}]},{"@type":"ImageObject","inLanguage":"de","@id":"https:\/\/fmsb.eu\/de\/2020\/11\/10\/fmsb-abogados-foro-turismo-ibiza\/#primaryimage","url":"https:\/\/fmsb.eu\/wp-content\/uploads\/2020\/11\/FMSB-Abogados-Foro-Turismo-Ibiza.png","contentUrl":"https:\/\/fmsb.eu\/wp-content\/uploads\/2020\/11\/FMSB-Abogados-Foro-Turismo-Ibiza.png","width":800,"height":800},{"@type":"BreadcrumbList","@id":"https:\/\/fmsb.eu\/de\/2020\/11\/10\/fmsb-abogados-foro-turismo-ibiza\/#breadcrumb","itemListElement":[{"@type":"ListItem","position":1,"name":"Portada","item":"https:\/\/fmsb.eu\/de\/"},{"@type":"ListItem","position":2,"name":"Jorge S\u00e1inz de Baranda y FMSB presentes en el VII Foro Turismo Ibiza del pr\u00f3ximo 19 de Noviembre"}]},{"@type":"WebSite","@id":"https:\/\/fmsb.eu\/de\/#website","url":"https:\/\/fmsb.eu\/de\/","name":"FMSB Abogados y Economistas en Baleares","description":"","publisher":{"@id":"https:\/\/fmsb.eu\/de\/#organization"},"potentialAction":[{"@type":"SearchAction","target":{"@type":"EntryPoint","urlTemplate":"https:\/\/fmsb.eu\/de\/?s={search_term_string}"},"query-input":{"@type":"PropertyValueSpecification","valueRequired":true,"valueName":"search_term_string"}}],"inLanguage":"de"},{"@type":"Organization","@id":"https:\/\/fmsb.eu\/de\/#organization","name":"FMSB Abogados y Economistas en Baleares","url":"https:\/\/fmsb.eu\/de\/","logo":{"@type":"ImageObject","inLanguage":"de","@id":"https:\/\/fmsb.eu\/de\/#\/schema\/logo\/image\/","url":"https:\/\/fmsb.eu\/wp-content\/uploads\/2025\/02\/logo.svg","contentUrl":"https:\/\/fmsb.eu\/wp-content\/uploads\/2025\/02\/logo.svg","width":154,"height":52,"caption":"FMSB Abogados y Economistas en Baleares"},"image":{"@id":"https:\/\/fmsb.eu\/de\/#\/schema\/logo\/image\/"}},{"@type":"Person","@id":"https:\/\/fmsb.eu\/de\/#\/schema\/person\/9fba7c70814b0cd34d35d655d36a4ca2","name":"fmsb","image":{"@type":"ImageObject","inLanguage":"de","@id":"https:\/\/secure.gravatar.com\/avatar\/426f4d5b0ebcace85460caf87cdaaa193694b611e990615d87a13f322fb7ee7f?s=96&d=mm&r=g","url":"https:\/\/secure.gravatar.com\/avatar\/426f4d5b0ebcace85460caf87cdaaa193694b611e990615d87a13f322fb7ee7f?s=96&d=mm&r=g","contentUrl":"https:\/\/secure.gravatar.com\/avatar\/426f4d5b0ebcace85460caf87cdaaa193694b611e990615d87a13f322fb7ee7f?s=96&d=mm&r=g","caption":"fmsb"},"sameAs":["https:\/\/x.com\/fmsb-disstint"],"url":"https:\/\/fmsb.eu\/de\/author\/fmsb\/"}]}},"_links":{"self":[{"href":"https:\/\/fmsb.eu\/de\/wp-json\/wp\/v2\/posts\/11573","targetHints":{"allow":["GET"]}}],"collection":[{"href":"https:\/\/fmsb.eu\/de\/wp-json\/wp\/v2\/posts"}],"about":[{"href":"https:\/\/fmsb.eu\/de\/wp-json\/wp\/v2\/types\/post"}],"author":[{"embeddable":true,"href":"https:\/\/fmsb.eu\/de\/wp-json\/wp\/v2\/users\/2"}],"replies":[{"embeddable":true,"href":"https:\/\/fmsb.eu\/de\/wp-json\/wp\/v2\/comments?post=11573"}],"version-history":[{"count":0,"href":"https:\/\/fmsb.eu\/de\/wp-json\/wp\/v2\/posts\/11573\/revisions"}],"wp:featuredmedia":[{"embeddable":true,"href":"https:\/\/fmsb.eu\/de\/wp-json\/wp\/v2\/media\/9209"}],"wp:attachment":[{"href":"https:\/\/fmsb.eu\/de\/wp-json\/wp\/v2\/media?parent=11573"}],"wp:term":[{"taxonomy":"category","embeddable":true,"href":"https:\/\/fmsb.eu\/de\/wp-json\/wp\/v2\/categories?post=11573"},{"taxonomy":"post_tag","embeddable":true,"href":"https:\/\/fmsb.eu\/de\/wp-json\/wp\/v2\/tags?post=11573"}],"curies":[{"name":"wp","href":"https:\/\/api.w.org\/{rel}","templated":true}]}}