{"id":11585,"date":"2020-10-25T07:32:54","date_gmt":"2020-10-25T06:32:54","guid":{"rendered":"http:\/\/fmsb.disstintbeta.com\/2020\/10\/25\/pacto-sucesorio-baleares-jorge-sainz-de-baranda\/"},"modified":"2020-10-25T07:32:54","modified_gmt":"2020-10-25T06:32:54","slug":"pacto-sucesorio-baleares-jorge-sainz-de-baranda","status":"publish","type":"post","link":"https:\/\/fmsb.eu\/de\/2020\/10\/25\/pacto-sucesorio-baleares-jorge-sainz-de-baranda\/","title":{"rendered":"Un susto de muerte tras un Pacto Sucesorio. Art\u00edculo de opini\u00f3n en Mallorcadiario.com de Jorge S\u00e1inz de Baranda"},"content":{"rendered":"<p><a href=\"http:\/\/fmsb.disstintbeta.com\/wp-content\/uploads\/2020\/10\/Un-susto-de-muerte-en-un-Pacto-Sucesorio-1.png\"><img fetchpriority=\"high\" decoding=\"async\" class=\"alignnone wp-image-4354\" src=\"http:\/\/fmsb.disstintbeta.com\/wp-content\/uploads\/2020\/10\/Un-susto-de-muerte-en-un-Pacto-Sucesorio-1.png\" alt=\"\" width=\"800\" height=\"600\" srcset=\"https:\/\/font-mora-sainz-baranda.fra1.digitaloceanspaces.com\/wp-content\/uploads\/2020\/10\/Un-susto-de-muerte-en-un-Pacto-Sucesorio-1.png 1600w, https:\/\/font-mora-sainz-baranda.fra1.digitaloceanspaces.com\/wp-content\/uploads\/2020\/10\/Un-susto-de-muerte-en-un-Pacto-Sucesorio-1-300x225.png 300w, https:\/\/font-mora-sainz-baranda.fra1.digitaloceanspaces.com\/wp-content\/uploads\/2020\/10\/Un-susto-de-muerte-en-un-Pacto-Sucesorio-1-1024x768.png 1024w, https:\/\/font-mora-sainz-baranda.fra1.digitaloceanspaces.com\/wp-content\/uploads\/2020\/10\/Un-susto-de-muerte-en-un-Pacto-Sucesorio-1-768x576.png 768w, https:\/\/font-mora-sainz-baranda.fra1.digitaloceanspaces.com\/wp-content\/uploads\/2020\/10\/Un-susto-de-muerte-en-un-Pacto-Sucesorio-1-1536x1152.png 1536w\" sizes=\"(max-width: 800px) 100vw, 800px\" \/><\/a><\/p>\n<div class=\"navegacion\">\n<h3 class=\"antesubtitulo antetit\"><span style=\"color: #993300;\"><strong>mallorcadiario.com<\/strong><\/span>\u00a0 Opini\u00f3n<\/h3>\n<h6 class=\"ulthora fecha_publicacion\"><span class=\"dia_mes_anno\">DOMINGO 25 DE OCTUBRE DE 2020<\/span><\/h6>\n<h6 class=\"ulthora fecha_publicacion\"><span class=\"dia_mes_anno\" style=\"color: #ffffff;\">DOMINGO 25 DE OCTUBRE DE 2020<\/span><\/h6>\n<\/div>\n<div title=\"noticia 557362\">\n<h1 class=\"titulo\"><a href=\"https:\/\/www.mallorcadiario.com\/un-susto-de-muerte-en-un-pacto-sucesorio\">Un susto de muerte tras un Pacto Sucesorio<\/a><\/h1>\n<\/div>\n<div id=\"firmante_767\" class=\"firmante\">\n<p>Por\u00a0<strong><span class=\"nombre_firmante\">Jorge S\u00e1inz de Baranda<\/span><\/strong><\/p>\n<h6><a href=\"https:\/\/www.mallorcadiario.com\/jorge-sainz-de-baranda\/autor\/767\/\"><strong><span style=\"color: #993300;\">M\u00c1S ART\u00cdCULOS DEL AUTOR<\/span><\/strong><\/a><\/h6>\n<\/div>\n<p><span style=\"color: #ffffff;\"><strong>Un susto de muerte tras un Pacto Sucesorio<\/strong><\/span><\/p>\n<p>Recuerdo que fue en el programa de radio de Juan Luis Cano y Guillermo Fesser, m\u00e1s conocidos como &#8222;Gomaespuma&#8220;, que se emit\u00eda en su momento en Onda Cero, donde escuche por primera vez el chiste de &#8222;susto o muerte&#8220; -no confundir, por favor, con el \u00abtrick-or-treat\u00bb (truco o trato) de los ni\u00f1os norteamericanos en Halloween, una fiesta importada y ajena a nuestras tradiciones que, como dice Agust\u00edn &#8222;El Casta&#8220;, &#8222;<em>hombreee, toda la vida disi\u00e9ndole a los ni\u00f1os que no coman caramelos de extra\u00f1os y este d\u00eda los env\u00edas t\u00fa,.. eshh que me mataaa&#8230;<\/em>&#8222;-.<\/p>\n<p>Pero no me disperso, dec\u00eda que esa vez en la radio escuch\u00e9 por primera vez el chiste en el que se encuentran dos amigos y uno le dice al otro, <em>&#8222;\u00bfsusto o muerte?&#8220;<\/em>&#8230; &#8222;<em>Susto<\/em>&#8220; le dice el primero, por lo que el segundo le grita con un tono elevado y por sorpresa &#8222;<em>Uuuhhh<\/em>&#8222;&#8230; &#8222;<em>uyy que susto<\/em>&#8220; dice \u00e9ste, a lo que le contesta el otro &#8222;<em>pues haber elegido muerte<\/em>&#8222;.<\/p>\n<p><em>&#8222;Haber elegido muerte&#8220;<\/em>&#8230; aunque no lo crean, \u00e9ste es el fundamento que parece haber inspirado a la Agencia Tributaria de nuestras Illes en las propuestas de liquidaci\u00f3n que ha empezado a enviar a todos aquellos contribuyentes que llevaron a cabo pactos sucesorios en los que, a cambio de la renuncia a los derechos legitimarios, entregaban en vida el usufructo que ostentaban sobre un inmueble.<\/p>\n<p>Explico el caso para centrarles. Se muere el padre -disc\u00falpenme los lectores, no es sexista, es que ten\u00eda que escoger a uno de los dos-, y deja heredero a su hijo, y usufructuaria a su mujer, de forma que el hijo liquida el impuesto como nudo propietario y la madre hace lo propio por la parte que le corresponde del usufructo -que la propia norma se\u00f1ala como calcularlo-.<\/p>\n<p>En circunstancias normales, cuando posteriormente fallece la madre, el usufructo se extingue y el nudo propietario consolida la plena propiedad, liquidando la parte del usufructo.<\/p>\n<p>Hasta ah\u00ed no deber\u00eda haber problema ya que, desde el a\u00f1o 2007, en nuestra Comunidad el tipo para las herencias de padres a hijos es del 1%, sin perjuicio de que a partir de 2015 ese 1% solo es para los primeros 700.000 euros, increment\u00e1ndose el resto a tipos progresivos hasta el 20%.<\/p>\n<p>El problema surge cuando ese usufructo lo transmite la madre al hijo en vida, mediante un pacto sucesorio, ya que la norma se\u00f1ala que si la consolidaci\u00f3n del dominio se produce por causa distinta al fallecimiento del usufructuario, el beneficiario deber\u00e1 pagar la mayor de estas dos liquidaciones: la que corresponda al momento en que se desmembr\u00f3 el dominio o la que corresponda al negocio jur\u00eddico en cuya virtud se extingue.<\/p>\n<p>Y en eso se basa la Administraci\u00f3n para empezar a liquidar complementarias <em>\u201ca diestro y siniestro\u201d<\/em>, acudiendo a un tipo medio de gravamen que empezar\u00e1 en el 7,65%, pero que puede llegar a importes superiores al 40%. Dicho de otro modo, por adquirir la nuda propiedad pagaste el 1%, pero por adquirir el usufructo, de mucho menor valor, pagar\u00e1s mucho m\u00e1s.<\/p>\n<p>A mi juicio, y la espera de lo que finalmente lo resuelvan los Tribunales -y es de augurar nueva litigiosidad-, la Administraci\u00f3n parte de un error de bulto ya que, aunque se trate de una entrega en vida, se trata de un t\u00edtulo sucesorio que tiene naturaleza de transmisi\u00f3n <em>&#8222;mortis causa&#8220;<\/em>, por causa de muerte, y as\u00ed ya lo ha se\u00f1alado el Tribunal Supremo en una Sentencia de 2016 a ra\u00edz de un pacto sucesorio de <em>&#8222;apartamiento&#8220;<\/em> gallego -similar a nuestra definici\u00f3n-, por lo que, aunque no se produzca la muerte f\u00edsica del que lo entrega, si que mantiene esa naturaleza a todos los efectos.<\/p>\n<p>Pero es m\u00e1s, aunque esto no fuera as\u00ed, el planteamiento adolece de otros errores que dejar\u00e9, por no aburrirles, para los propios recursos que en breve presentaremos desde el Despacho.<\/p>\n<p>Lo que es seguro es que, con el pacto sucesorio, al contribuyente que le notifiquen la liquidaci\u00f3n habr\u00e1 elegido &#8222;<em>susto<\/em>&#8222;; y la Administraci\u00f3n le podr\u00e1 contestar, muy ufana,&#8230; <em>&#8222;pues haber elegido muerte&#8220;<\/em>. Y aunque tengo el pleno convencimiento de que las liquidaciones no prosperar\u00e1n, en este caso ese susto s\u00ed que es de muerte&#8230;, o si no ya me contar\u00e1n.<\/p>\n<p>&nbsp;<\/p>\n<hr \/>\n<p>Art\u00edculo original publicado en el diario digital\u00a0<a href=\"https:\/\/www.mallorcadiario.com\/un-susto-de-muerte-en-un-pacto-sucesorio\"><strong><span style=\"color: #993300;\">mallorcadiario.com<\/span><\/strong><\/a><\/p>\n","protected":false},"excerpt":{"rendered":"<p>mallorcadiario.com\u00a0 Opini\u00f3n DOMINGO 25 DE OCTUBRE DE 2020 DOMINGO 25 DE OCTUBRE DE 2020 Un susto de muerte tras un Pacto Sucesorio Por\u00a0Jorge S\u00e1inz de Baranda M\u00c1S ART\u00cdCULOS DEL AUTOR Un susto de muerte tras un Pacto Sucesorio Recuerdo que fue en el programa de radio de Juan Luis Cano y Guillermo Fesser, m\u00e1s conocidos [&hellip;]<\/p>\n","protected":false},"author":2,"featured_media":9193,"comment_status":"closed","ping_status":"open","sticky":false,"template":"","format":"standard","meta":{"footnotes":""},"categories":[2199,2309,2202,3169],"tags":[2206,2665,2507,2314,2208,2320,2321,2218,2219,2688,2325,2691,2329,2330,2331,2333,5548,2231,2336,2232,2343,2345,2700,2701,2240,5549,5550],"class_list":["post-11585","post","type-post","status-publish","format-standard","has-post-thumbnail","hentry","category-blog-de","category-derecho-fiscal-de","category-home-de","category-opinion-de","tag-abogados-de","tag-aeat-de","tag-articulos-de","tag-asesores-de","tag-baleares-de","tag-derecho-fiscal-de","tag-derecho-tributario-de","tag-economistas-de","tag-el-arenal-de","tag-fraude-fiscal-de","tag-hacienda-de","tag-ibi-de","tag-impuesto-de-sucesiones-de","tag-impuestos-de","tag-irpf-de","tag-jorge-sainz-de-baranda-de","tag-ley-del-catastro-de","tag-mallorca-de","tag-mallorcadiario-de","tag-manacor-de","tag-opinion-de","tag-palma-de","tag-plusvalia-de","tag-prespuestos-generales-del-estado-de","tag-puerto-de-andratx-de","tag-valor-catastral-de","tag-valor-de-referencia-de-mercado-de"],"yoast_head":"<!-- This site is optimized with the Yoast SEO plugin v27.3 - https:\/\/yoast.com\/product\/yoast-seo-wordpress\/ -->\n<title>Un susto de muerte tras un Pacto Sucesorio. Art\u00edculo de opini\u00f3n en Mallorcadiario.com de Jorge S\u00e1inz de Baranda - FMSB Abogados y Economistas en Baleares<\/title>\n<meta name=\"robots\" content=\"index, follow, max-snippet:-1, max-image-preview:large, max-video-preview:-1\" \/>\n<link rel=\"canonical\" href=\"https:\/\/fmsb.eu\/de\/2020\/10\/25\/pacto-sucesorio-baleares-jorge-sainz-de-baranda\/\" \/>\n<meta property=\"og:locale\" content=\"de_DE\" \/>\n<meta property=\"og:type\" content=\"article\" \/>\n<meta property=\"og:title\" content=\"Un susto de muerte tras un Pacto Sucesorio. Art\u00edculo de opini\u00f3n en Mallorcadiario.com de Jorge S\u00e1inz de Baranda - FMSB Abogados y Economistas en Baleares\" \/>\n<meta property=\"og:description\" content=\"mallorcadiario.com\u00a0 Opini\u00f3n DOMINGO 25 DE OCTUBRE DE 2020 DOMINGO 25 DE OCTUBRE DE 2020 Un susto de muerte tras un Pacto Sucesorio Por\u00a0Jorge S\u00e1inz de Baranda M\u00c1S ART\u00cdCULOS DEL AUTOR Un susto de muerte tras un Pacto Sucesorio Recuerdo que fue en el programa de radio de Juan Luis Cano y Guillermo Fesser, m\u00e1s conocidos [&hellip;]\" \/>\n<meta property=\"og:url\" content=\"https:\/\/fmsb.eu\/de\/2020\/10\/25\/pacto-sucesorio-baleares-jorge-sainz-de-baranda\/\" \/>\n<meta property=\"og:site_name\" content=\"FMSB Abogados y Economistas en Baleares\" \/>\n<meta property=\"article:published_time\" content=\"2020-10-25T06:32:54+00:00\" \/>\n<meta property=\"og:image\" content=\"https:\/\/fmsb.eu\/wp-content\/uploads\/2020\/10\/Un-susto-de-muerte-en-un-Pacto-Sucesorio-1.png\" \/>\n\t<meta property=\"og:image:width\" content=\"1600\" \/>\n\t<meta property=\"og:image:height\" content=\"1200\" \/>\n\t<meta property=\"og:image:type\" content=\"image\/png\" \/>\n<meta name=\"author\" content=\"fmsb\" \/>\n<meta name=\"twitter:card\" content=\"summary_large_image\" \/>\n<meta name=\"twitter:creator\" content=\"@fmsb-disstint\" \/>\n<meta name=\"twitter:label1\" content=\"Verfasst von\" \/>\n\t<meta name=\"twitter:data1\" content=\"fmsb\" \/>\n\t<meta name=\"twitter:label2\" content=\"Gesch\u00e4tzte Lesezeit\" \/>\n\t<meta name=\"twitter:data2\" content=\"4\u00a0Minuten\" \/>\n<script type=\"application\/ld+json\" class=\"yoast-schema-graph\">{\"@context\":\"https:\\\/\\\/schema.org\",\"@graph\":[{\"@type\":\"Article\",\"@id\":\"https:\\\/\\\/fmsb.eu\\\/de\\\/2020\\\/10\\\/25\\\/pacto-sucesorio-baleares-jorge-sainz-de-baranda\\\/#article\",\"isPartOf\":{\"@id\":\"https:\\\/\\\/fmsb.eu\\\/de\\\/2020\\\/10\\\/25\\\/pacto-sucesorio-baleares-jorge-sainz-de-baranda\\\/\"},\"author\":{\"name\":\"fmsb\",\"@id\":\"https:\\\/\\\/fmsb.eu\\\/de\\\/#\\\/schema\\\/person\\\/9fba7c70814b0cd34d35d655d36a4ca2\"},\"headline\":\"Un susto de muerte tras un Pacto Sucesorio. Art\u00edculo de opini\u00f3n en Mallorcadiario.com de Jorge S\u00e1inz de Baranda\",\"datePublished\":\"2020-10-25T06:32:54+00:00\",\"mainEntityOfPage\":{\"@id\":\"https:\\\/\\\/fmsb.eu\\\/de\\\/2020\\\/10\\\/25\\\/pacto-sucesorio-baleares-jorge-sainz-de-baranda\\\/\"},\"wordCount\":798,\"publisher\":{\"@id\":\"https:\\\/\\\/fmsb.eu\\\/de\\\/#organization\"},\"image\":{\"@id\":\"https:\\\/\\\/fmsb.eu\\\/de\\\/2020\\\/10\\\/25\\\/pacto-sucesorio-baleares-jorge-sainz-de-baranda\\\/#primaryimage\"},\"thumbnailUrl\":\"https:\\\/\\\/fmsb.eu\\\/wp-content\\\/uploads\\\/2020\\\/10\\\/Un-susto-de-muerte-en-un-Pacto-Sucesorio-1.png\",\"keywords\":[\"abogados\",\"aeat\",\"articulos\",\"asesores\",\"baleares\",\"derecho fiscal\",\"derecho tributario\",\"economistas\",\"el arenal\",\"fraude fiscal\",\"Hacienda\",\"ibi\",\"impuesto de sucesiones\",\"impuestos\",\"IRPF\",\"jorge sainz de baranda\",\"ley del catastro\",\"mallorca\",\"mallorcadiario\",\"Manacor\",\"opinion\",\"Palma\",\"plusval\u00eda\",\"prespuestos generales del estado\",\"puerto de andratx\",\"valor catastral\",\"valor de referencia de mercado\"],\"articleSection\":[\"blog\",\"Derecho Fiscal\",\"Home\",\"Opini\u00f3n\"],\"inLanguage\":\"de\"},{\"@type\":\"WebPage\",\"@id\":\"https:\\\/\\\/fmsb.eu\\\/de\\\/2020\\\/10\\\/25\\\/pacto-sucesorio-baleares-jorge-sainz-de-baranda\\\/\",\"url\":\"https:\\\/\\\/fmsb.eu\\\/de\\\/2020\\\/10\\\/25\\\/pacto-sucesorio-baleares-jorge-sainz-de-baranda\\\/\",\"name\":\"Un susto de muerte tras un Pacto Sucesorio. Art\u00edculo de opini\u00f3n en Mallorcadiario.com de Jorge S\u00e1inz de Baranda - FMSB Abogados y Economistas en Baleares\",\"isPartOf\":{\"@id\":\"https:\\\/\\\/fmsb.eu\\\/de\\\/#website\"},\"primaryImageOfPage\":{\"@id\":\"https:\\\/\\\/fmsb.eu\\\/de\\\/2020\\\/10\\\/25\\\/pacto-sucesorio-baleares-jorge-sainz-de-baranda\\\/#primaryimage\"},\"image\":{\"@id\":\"https:\\\/\\\/fmsb.eu\\\/de\\\/2020\\\/10\\\/25\\\/pacto-sucesorio-baleares-jorge-sainz-de-baranda\\\/#primaryimage\"},\"thumbnailUrl\":\"https:\\\/\\\/fmsb.eu\\\/wp-content\\\/uploads\\\/2020\\\/10\\\/Un-susto-de-muerte-en-un-Pacto-Sucesorio-1.png\",\"datePublished\":\"2020-10-25T06:32:54+00:00\",\"breadcrumb\":{\"@id\":\"https:\\\/\\\/fmsb.eu\\\/de\\\/2020\\\/10\\\/25\\\/pacto-sucesorio-baleares-jorge-sainz-de-baranda\\\/#breadcrumb\"},\"inLanguage\":\"de\",\"potentialAction\":[{\"@type\":\"ReadAction\",\"target\":[\"https:\\\/\\\/fmsb.eu\\\/de\\\/2020\\\/10\\\/25\\\/pacto-sucesorio-baleares-jorge-sainz-de-baranda\\\/\"]}]},{\"@type\":\"ImageObject\",\"inLanguage\":\"de\",\"@id\":\"https:\\\/\\\/fmsb.eu\\\/de\\\/2020\\\/10\\\/25\\\/pacto-sucesorio-baleares-jorge-sainz-de-baranda\\\/#primaryimage\",\"url\":\"https:\\\/\\\/fmsb.eu\\\/wp-content\\\/uploads\\\/2020\\\/10\\\/Un-susto-de-muerte-en-un-Pacto-Sucesorio-1.png\",\"contentUrl\":\"https:\\\/\\\/fmsb.eu\\\/wp-content\\\/uploads\\\/2020\\\/10\\\/Un-susto-de-muerte-en-un-Pacto-Sucesorio-1.png\",\"width\":1600,\"height\":1200},{\"@type\":\"BreadcrumbList\",\"@id\":\"https:\\\/\\\/fmsb.eu\\\/de\\\/2020\\\/10\\\/25\\\/pacto-sucesorio-baleares-jorge-sainz-de-baranda\\\/#breadcrumb\",\"itemListElement\":[{\"@type\":\"ListItem\",\"position\":1,\"name\":\"Portada\",\"item\":\"https:\\\/\\\/fmsb.eu\\\/de\\\/\"},{\"@type\":\"ListItem\",\"position\":2,\"name\":\"Un susto de muerte tras un Pacto Sucesorio. Art\u00edculo de opini\u00f3n en Mallorcadiario.com de Jorge S\u00e1inz de Baranda\"}]},{\"@type\":\"WebSite\",\"@id\":\"https:\\\/\\\/fmsb.eu\\\/de\\\/#website\",\"url\":\"https:\\\/\\\/fmsb.eu\\\/de\\\/\",\"name\":\"FMSB Abogados y Economistas en Baleares\",\"description\":\"\",\"publisher\":{\"@id\":\"https:\\\/\\\/fmsb.eu\\\/de\\\/#organization\"},\"potentialAction\":[{\"@type\":\"SearchAction\",\"target\":{\"@type\":\"EntryPoint\",\"urlTemplate\":\"https:\\\/\\\/fmsb.eu\\\/de\\\/?s={search_term_string}\"},\"query-input\":{\"@type\":\"PropertyValueSpecification\",\"valueRequired\":true,\"valueName\":\"search_term_string\"}}],\"inLanguage\":\"de\"},{\"@type\":\"Organization\",\"@id\":\"https:\\\/\\\/fmsb.eu\\\/de\\\/#organization\",\"name\":\"FMSB Abogados y Economistas en Baleares\",\"url\":\"https:\\\/\\\/fmsb.eu\\\/de\\\/\",\"logo\":{\"@type\":\"ImageObject\",\"inLanguage\":\"de\",\"@id\":\"https:\\\/\\\/fmsb.eu\\\/de\\\/#\\\/schema\\\/logo\\\/image\\\/\",\"url\":\"https:\\\/\\\/fmsb.eu\\\/wp-content\\\/uploads\\\/2025\\\/02\\\/logo.svg\",\"contentUrl\":\"https:\\\/\\\/fmsb.eu\\\/wp-content\\\/uploads\\\/2025\\\/02\\\/logo.svg\",\"width\":154,\"height\":52,\"caption\":\"FMSB Abogados y Economistas en Baleares\"},\"image\":{\"@id\":\"https:\\\/\\\/fmsb.eu\\\/de\\\/#\\\/schema\\\/logo\\\/image\\\/\"}},{\"@type\":\"Person\",\"@id\":\"https:\\\/\\\/fmsb.eu\\\/de\\\/#\\\/schema\\\/person\\\/9fba7c70814b0cd34d35d655d36a4ca2\",\"name\":\"fmsb\",\"image\":{\"@type\":\"ImageObject\",\"inLanguage\":\"de\",\"@id\":\"https:\\\/\\\/secure.gravatar.com\\\/avatar\\\/426f4d5b0ebcace85460caf87cdaaa193694b611e990615d87a13f322fb7ee7f?s=96&d=mm&r=g\",\"url\":\"https:\\\/\\\/secure.gravatar.com\\\/avatar\\\/426f4d5b0ebcace85460caf87cdaaa193694b611e990615d87a13f322fb7ee7f?s=96&d=mm&r=g\",\"contentUrl\":\"https:\\\/\\\/secure.gravatar.com\\\/avatar\\\/426f4d5b0ebcace85460caf87cdaaa193694b611e990615d87a13f322fb7ee7f?s=96&d=mm&r=g\",\"caption\":\"fmsb\"},\"sameAs\":[\"https:\\\/\\\/x.com\\\/fmsb-disstint\"],\"url\":\"https:\\\/\\\/fmsb.eu\\\/de\\\/author\\\/fmsb\\\/\"}]}<\/script>\n<!-- \/ Yoast SEO plugin. -->","yoast_head_json":{"title":"Un susto de muerte tras un Pacto Sucesorio. Art\u00edculo de opini\u00f3n en Mallorcadiario.com de Jorge S\u00e1inz de Baranda - FMSB Abogados y Economistas en Baleares","robots":{"index":"index","follow":"follow","max-snippet":"max-snippet:-1","max-image-preview":"max-image-preview:large","max-video-preview":"max-video-preview:-1"},"canonical":"https:\/\/fmsb.eu\/de\/2020\/10\/25\/pacto-sucesorio-baleares-jorge-sainz-de-baranda\/","og_locale":"de_DE","og_type":"article","og_title":"Un susto de muerte tras un Pacto Sucesorio. Art\u00edculo de opini\u00f3n en Mallorcadiario.com de Jorge S\u00e1inz de Baranda - FMSB Abogados y Economistas en Baleares","og_description":"mallorcadiario.com\u00a0 Opini\u00f3n DOMINGO 25 DE OCTUBRE DE 2020 DOMINGO 25 DE OCTUBRE DE 2020 Un susto de muerte tras un Pacto Sucesorio Por\u00a0Jorge S\u00e1inz de Baranda M\u00c1S ART\u00cdCULOS DEL AUTOR Un susto de muerte tras un Pacto Sucesorio Recuerdo que fue en el programa de radio de Juan Luis Cano y Guillermo Fesser, m\u00e1s conocidos [&hellip;]","og_url":"https:\/\/fmsb.eu\/de\/2020\/10\/25\/pacto-sucesorio-baleares-jorge-sainz-de-baranda\/","og_site_name":"FMSB Abogados y Economistas en Baleares","article_published_time":"2020-10-25T06:32:54+00:00","og_image":[{"width":1600,"height":1200,"url":"https:\/\/fmsb.eu\/wp-content\/uploads\/2020\/10\/Un-susto-de-muerte-en-un-Pacto-Sucesorio-1.png","type":"image\/png"}],"author":"fmsb","twitter_card":"summary_large_image","twitter_creator":"@fmsb-disstint","twitter_misc":{"Verfasst von":"fmsb","Gesch\u00e4tzte Lesezeit":"4\u00a0Minuten"},"schema":{"@context":"https:\/\/schema.org","@graph":[{"@type":"Article","@id":"https:\/\/fmsb.eu\/de\/2020\/10\/25\/pacto-sucesorio-baleares-jorge-sainz-de-baranda\/#article","isPartOf":{"@id":"https:\/\/fmsb.eu\/de\/2020\/10\/25\/pacto-sucesorio-baleares-jorge-sainz-de-baranda\/"},"author":{"name":"fmsb","@id":"https:\/\/fmsb.eu\/de\/#\/schema\/person\/9fba7c70814b0cd34d35d655d36a4ca2"},"headline":"Un susto de muerte tras un Pacto Sucesorio. Art\u00edculo de opini\u00f3n en Mallorcadiario.com de Jorge S\u00e1inz de Baranda","datePublished":"2020-10-25T06:32:54+00:00","mainEntityOfPage":{"@id":"https:\/\/fmsb.eu\/de\/2020\/10\/25\/pacto-sucesorio-baleares-jorge-sainz-de-baranda\/"},"wordCount":798,"publisher":{"@id":"https:\/\/fmsb.eu\/de\/#organization"},"image":{"@id":"https:\/\/fmsb.eu\/de\/2020\/10\/25\/pacto-sucesorio-baleares-jorge-sainz-de-baranda\/#primaryimage"},"thumbnailUrl":"https:\/\/fmsb.eu\/wp-content\/uploads\/2020\/10\/Un-susto-de-muerte-en-un-Pacto-Sucesorio-1.png","keywords":["abogados","aeat","articulos","asesores","baleares","derecho fiscal","derecho tributario","economistas","el arenal","fraude fiscal","Hacienda","ibi","impuesto de sucesiones","impuestos","IRPF","jorge sainz de baranda","ley del catastro","mallorca","mallorcadiario","Manacor","opinion","Palma","plusval\u00eda","prespuestos generales del estado","puerto de andratx","valor catastral","valor de referencia de mercado"],"articleSection":["blog","Derecho Fiscal","Home","Opini\u00f3n"],"inLanguage":"de"},{"@type":"WebPage","@id":"https:\/\/fmsb.eu\/de\/2020\/10\/25\/pacto-sucesorio-baleares-jorge-sainz-de-baranda\/","url":"https:\/\/fmsb.eu\/de\/2020\/10\/25\/pacto-sucesorio-baleares-jorge-sainz-de-baranda\/","name":"Un susto de muerte tras un Pacto Sucesorio. Art\u00edculo de opini\u00f3n en Mallorcadiario.com de Jorge S\u00e1inz de Baranda - FMSB Abogados y Economistas en Baleares","isPartOf":{"@id":"https:\/\/fmsb.eu\/de\/#website"},"primaryImageOfPage":{"@id":"https:\/\/fmsb.eu\/de\/2020\/10\/25\/pacto-sucesorio-baleares-jorge-sainz-de-baranda\/#primaryimage"},"image":{"@id":"https:\/\/fmsb.eu\/de\/2020\/10\/25\/pacto-sucesorio-baleares-jorge-sainz-de-baranda\/#primaryimage"},"thumbnailUrl":"https:\/\/fmsb.eu\/wp-content\/uploads\/2020\/10\/Un-susto-de-muerte-en-un-Pacto-Sucesorio-1.png","datePublished":"2020-10-25T06:32:54+00:00","breadcrumb":{"@id":"https:\/\/fmsb.eu\/de\/2020\/10\/25\/pacto-sucesorio-baleares-jorge-sainz-de-baranda\/#breadcrumb"},"inLanguage":"de","potentialAction":[{"@type":"ReadAction","target":["https:\/\/fmsb.eu\/de\/2020\/10\/25\/pacto-sucesorio-baleares-jorge-sainz-de-baranda\/"]}]},{"@type":"ImageObject","inLanguage":"de","@id":"https:\/\/fmsb.eu\/de\/2020\/10\/25\/pacto-sucesorio-baleares-jorge-sainz-de-baranda\/#primaryimage","url":"https:\/\/fmsb.eu\/wp-content\/uploads\/2020\/10\/Un-susto-de-muerte-en-un-Pacto-Sucesorio-1.png","contentUrl":"https:\/\/fmsb.eu\/wp-content\/uploads\/2020\/10\/Un-susto-de-muerte-en-un-Pacto-Sucesorio-1.png","width":1600,"height":1200},{"@type":"BreadcrumbList","@id":"https:\/\/fmsb.eu\/de\/2020\/10\/25\/pacto-sucesorio-baleares-jorge-sainz-de-baranda\/#breadcrumb","itemListElement":[{"@type":"ListItem","position":1,"name":"Portada","item":"https:\/\/fmsb.eu\/de\/"},{"@type":"ListItem","position":2,"name":"Un susto de muerte tras un Pacto Sucesorio. Art\u00edculo de opini\u00f3n en Mallorcadiario.com de Jorge S\u00e1inz de Baranda"}]},{"@type":"WebSite","@id":"https:\/\/fmsb.eu\/de\/#website","url":"https:\/\/fmsb.eu\/de\/","name":"FMSB Abogados y Economistas en Baleares","description":"","publisher":{"@id":"https:\/\/fmsb.eu\/de\/#organization"},"potentialAction":[{"@type":"SearchAction","target":{"@type":"EntryPoint","urlTemplate":"https:\/\/fmsb.eu\/de\/?s={search_term_string}"},"query-input":{"@type":"PropertyValueSpecification","valueRequired":true,"valueName":"search_term_string"}}],"inLanguage":"de"},{"@type":"Organization","@id":"https:\/\/fmsb.eu\/de\/#organization","name":"FMSB Abogados y Economistas en Baleares","url":"https:\/\/fmsb.eu\/de\/","logo":{"@type":"ImageObject","inLanguage":"de","@id":"https:\/\/fmsb.eu\/de\/#\/schema\/logo\/image\/","url":"https:\/\/fmsb.eu\/wp-content\/uploads\/2025\/02\/logo.svg","contentUrl":"https:\/\/fmsb.eu\/wp-content\/uploads\/2025\/02\/logo.svg","width":154,"height":52,"caption":"FMSB Abogados y Economistas en Baleares"},"image":{"@id":"https:\/\/fmsb.eu\/de\/#\/schema\/logo\/image\/"}},{"@type":"Person","@id":"https:\/\/fmsb.eu\/de\/#\/schema\/person\/9fba7c70814b0cd34d35d655d36a4ca2","name":"fmsb","image":{"@type":"ImageObject","inLanguage":"de","@id":"https:\/\/secure.gravatar.com\/avatar\/426f4d5b0ebcace85460caf87cdaaa193694b611e990615d87a13f322fb7ee7f?s=96&d=mm&r=g","url":"https:\/\/secure.gravatar.com\/avatar\/426f4d5b0ebcace85460caf87cdaaa193694b611e990615d87a13f322fb7ee7f?s=96&d=mm&r=g","contentUrl":"https:\/\/secure.gravatar.com\/avatar\/426f4d5b0ebcace85460caf87cdaaa193694b611e990615d87a13f322fb7ee7f?s=96&d=mm&r=g","caption":"fmsb"},"sameAs":["https:\/\/x.com\/fmsb-disstint"],"url":"https:\/\/fmsb.eu\/de\/author\/fmsb\/"}]}},"_links":{"self":[{"href":"https:\/\/fmsb.eu\/de\/wp-json\/wp\/v2\/posts\/11585","targetHints":{"allow":["GET"]}}],"collection":[{"href":"https:\/\/fmsb.eu\/de\/wp-json\/wp\/v2\/posts"}],"about":[{"href":"https:\/\/fmsb.eu\/de\/wp-json\/wp\/v2\/types\/post"}],"author":[{"embeddable":true,"href":"https:\/\/fmsb.eu\/de\/wp-json\/wp\/v2\/users\/2"}],"replies":[{"embeddable":true,"href":"https:\/\/fmsb.eu\/de\/wp-json\/wp\/v2\/comments?post=11585"}],"version-history":[{"count":0,"href":"https:\/\/fmsb.eu\/de\/wp-json\/wp\/v2\/posts\/11585\/revisions"}],"wp:featuredmedia":[{"embeddable":true,"href":"https:\/\/fmsb.eu\/de\/wp-json\/wp\/v2\/media\/9193"}],"wp:attachment":[{"href":"https:\/\/fmsb.eu\/de\/wp-json\/wp\/v2\/media?parent=11585"}],"wp:term":[{"taxonomy":"category","embeddable":true,"href":"https:\/\/fmsb.eu\/de\/wp-json\/wp\/v2\/categories?post=11585"},{"taxonomy":"post_tag","embeddable":true,"href":"https:\/\/fmsb.eu\/de\/wp-json\/wp\/v2\/tags?post=11585"}],"curies":[{"name":"wp","href":"https:\/\/api.w.org\/{rel}","templated":true}]}}