{"id":11597,"date":"2020-10-07T06:29:37","date_gmt":"2020-10-07T04:29:37","guid":{"rendered":"http:\/\/fmsb.disstintbeta.com\/2020\/10\/07\/fmsb-margalida-fornaris-manacor-comarcal-entrevista-okupas\/"},"modified":"2020-10-07T06:29:37","modified_gmt":"2020-10-07T04:29:37","slug":"fmsb-margalida-fornaris-manacor-comarcal-entrevista-okupas","status":"publish","type":"post","link":"https:\/\/fmsb.eu\/de\/2020\/10\/07\/fmsb-margalida-fornaris-manacor-comarcal-entrevista-okupas\/","title":{"rendered":"La abogada de FMSB Manacor, Margalida Fornaris, entrevistada en el \u00faltimo n\u00famero de &#8222;Manacor Comarcal&#8220; sobre el fen\u00f3meno de la okupaci\u00f3n"},"content":{"rendered":"<p><a href=\"http:\/\/fmsb.disstintbeta.com\/wp-content\/uploads\/2020\/10\/Marga-Fornaris-FMSB-Abogados-Manacor-Comarcal-Entrevista-Okupas.png\"><img fetchpriority=\"high\" decoding=\"async\" class=\"alignnone wp-image-4316\" src=\"http:\/\/fmsb.disstintbeta.com\/wp-content\/uploads\/2020\/10\/Marga-Fornaris-FMSB-Abogados-Manacor-Comarcal-Entrevista-Okupas.png\" alt=\"\" width=\"800\" height=\"566\" srcset=\"https:\/\/font-mora-sainz-baranda.fra1.digitaloceanspaces.com\/wp-content\/uploads\/2020\/10\/Marga-Fornaris-FMSB-Abogados-Manacor-Comarcal-Entrevista-Okupas.png 2000w, https:\/\/font-mora-sainz-baranda.fra1.digitaloceanspaces.com\/wp-content\/uploads\/2020\/10\/Marga-Fornaris-FMSB-Abogados-Manacor-Comarcal-Entrevista-Okupas-300x212.png 300w, https:\/\/font-mora-sainz-baranda.fra1.digitaloceanspaces.com\/wp-content\/uploads\/2020\/10\/Marga-Fornaris-FMSB-Abogados-Manacor-Comarcal-Entrevista-Okupas-1024x724.png 1024w, https:\/\/font-mora-sainz-baranda.fra1.digitaloceanspaces.com\/wp-content\/uploads\/2020\/10\/Marga-Fornaris-FMSB-Abogados-Manacor-Comarcal-Entrevista-Okupas-768x543.png 768w, https:\/\/font-mora-sainz-baranda.fra1.digitaloceanspaces.com\/wp-content\/uploads\/2020\/10\/Marga-Fornaris-FMSB-Abogados-Manacor-Comarcal-Entrevista-Okupas-1536x1086.png 1536w\" sizes=\"(max-width: 800px) 100vw, 800px\" \/><\/a><\/p>\n<p><strong>La abogada Margalida Fornaris, del despacho Font Mora Sainz de Baranda, charla con \u201c<em>Manacor Comarcal<\/em>\u201d sobre el fen\u00f3meno de la okupaci\u00f3n.<\/strong><\/p>\n<p>A pesar de su juventud, Margalida Fornaris Ramis (Palma de Mallorca, 1990) pertenece al ICAIB (Colegio de Abogados de Balears) desde hace seis a\u00f1os. Esta joven abogada especializada en civil, penal y procedimientos de familia, proviene del despacho de abogados Font Mora Sainz de Baranda, y se acerca a nuestro medio con el fin de analizar el <strong>fen\u00f3meno okupa<\/strong>, un tema del cual se habla mucho pero del que en realidad sabemos muy poco, como bien nos descubre Marga en este encuentro.<\/p>\n<p>&#8211; <strong>Marga. En primer lugar, y como tu bien sabes, hace mucho tiempo que el drama de la okupaci\u00f3n se ha ganado un hueco dentro de la agenda medi\u00e1tica, espe- cialmente en los \u00faltimos a\u00f1os. \u00bfCrees que algunos medios de comunicaci\u00f3n son demasiado alarmistas con este asunto<\/strong>?<\/p>\n<p>&#8211; Aunque es cierto que el problema de la okupaci\u00f3n ha crecido levemente en estos \u00faltimos a\u00f1os, la cobertura que esta problem\u00e1tica tiene en muchos medios no se ajusta ni lo m\u00e1s m\u00ednimo al verdadero n\u00famero de casos de okupaci\u00f3n que hay en realidad. De hecho, seg\u00fan los datos del Consejo General del Poder Judicial, este tipo de delitos ha crecido, pero de una forma muy leve, en especial si lo comparamos con otros delitos de los cuales apenas no se habla. Lo que ocurre es que antes los okupas ocupaban edificios enteros, y no tanto viviendas, y eso ha cambiado en los \u00faltimos a\u00f1os, ya que cada vez ocupan m\u00e1s viviendas. De todos modos, este cambio en el modus operandi de los okupas no explica esa propaganda masiva que recibimos d\u00eda tras d\u00eda de parte de los medios, en las que varias empresas de seguridad y de alarmas aprovechan el tir\u00f3n medi\u00e1tico para promocionar sus productos.<\/p>\n<p>&#8211; <strong>De este modo, \u00bfConsideras que el ciudadano de a pie no deber\u00eda de estar tan preocupado por este tema?<\/strong><\/p>\n<p>&#8211; Creo que el ciudadano deber\u00eda de estar preocupado solo en su justa medida, y no como nos quieren hacer creer determinados medios de comunicaci\u00f3n. Ni existe impunidad para los okupas, ni la okupaci\u00f3n es un fen\u00f3meno generalizado. Pero claro, hay que tener en cuenta que el eco medi\u00e1tic este asunto, sobre todo en<br \/>\neste \u00faltimo a\u00f1o, dado el contexto en el que vivimos. Es m\u00e1s, ese alarmismo del que hablamos no solo lo encontramos en la publicidad, sino tambi\u00e9n en la opini\u00f3n de algunos tertulianos de la televisi\u00f3n, que lo \u00fanico que consiguen es reforzar a\u00fan m\u00e1s ese estado de alarma respecto a la okupaci\u00f3n.<\/p>\n<p>&#8211; <strong>\u00bfQu\u00e9 porcentaje de esas viviendas que son okupadas pertenecen a bancos y grandes tenedores, y cuales a viviendas particulares?<\/strong><\/p>\n<p>&#8211; Aunque no tengo datos exactos al respecto, s\u00ed puedo decir que existen dos tipos de okupaciones. Por un lado, aquellas en las que se ocupa una vivienda particular, en la que vive una familia o una persona. En este caso hablamos de la primera o segunda residencia de ese individuo o esa familia, y que tiene el nombre t\u00e9cnico de morada. Por otro lado, el otro tipo de okupaci\u00f3n corresponde a las viviendas vac\u00edas, las cuales gran parte de ellas est\u00e1n desocupadas por un tiempo prolongado, y que pertenecen a personas fallecidas o a bancos que previamente han desalojado a una familia mediante una ejecuci\u00f3n hipotecaria. Este segundo tipo de okupaci\u00f3n es la m\u00e1s corriente, donde son los grandes tenedores o los bancos los propietarios de esa vivienda desocupada.<\/p>\n<p>&#8211; \u00bf<strong>Hasta qu\u00e9 punto son importantes las primeras 48 horas, a la hora de conseguir sacar a los okupas con una mayor rapidez?<\/strong><\/p>\n<p>&#8211; Mucho se habla de la importancia de las posteriores 48 horas despu\u00e9s de una okupaci\u00f3n, algo muy repetido en los medios de comunicaci\u00f3n en cuanto a que la actuaci\u00f3n policial s\u00f3lo puede producirse en las primeras 48 horas de la okupaci\u00f3n, siendo este, otro de los bulos que circulan, pues no consta<br \/>\nen norma legal alguna. La entrada en viviendas que constituyan morada de su propietario sin autorizaci\u00f3n, sean primera o segunda residencia, puede constituir un delito de allanamiento de morada, y como ya hemos explicado, existen v\u00edas en nuestro ordenamiento para que el propietario sea amparado. Si esto nos ocurre, es importante que inmediatamente llamemos a la polic\u00eda.<\/p>\n<p>&#8211; <strong>A la hora de denunciar una okupaci\u00f3n, \u00bfes mejor optar por la v\u00eda civil o penal?<\/strong><\/p>\n<p>&#8211; Depende, por eso un asunto tan delicado como una okupaci\u00f3n hay que ponerlo en manos de especialistas, ya que cada caso es distinto. Normalmente, si hablamos de una morada, lo mejor es un procedimiento penal, pero a\u00fan as\u00ed hay que tener en cuenta muchos otros factores que ayudan a determinar que v\u00eda es la mejor para solucionar el conflicto.<\/p>\n<p>&#8211; <strong>En todo caso, entiendo que en un asunto como este, siempre es mejor denunciar que tomarse la justicia por tu mano\u2026.<\/strong><\/p>\n<p>&#8211; Eso sin lugar a dudas. Los ciudadanos deben de saber que en cualquier caso siempre encontrar\u00e1n medios para sacar al okupa de su vivienda; esa impunidad que \u00faltimamente rodea al que ocupa una vivienda es otro de los muchos bulos que rodean a este asunto. Adem\u00e1s, no podemos olvidar el hecho de que podr\u00edamos incurrir en alguna clase de delito, si somos nosotros los que desalojamos al okupa, y no nuestro sistema judicial.<\/p>\n<p>&#8211; <strong>Ya que has hablado ahora del sistema judicial, \u00bfhasta qu\u00e9 punto influyen los tiempos que habitualmente tiene la Justicia en casos como la okupaci\u00f3n de viviendas<\/strong>?<\/p>\n<p>&#8211; Desgraciadamente, esa dilataci\u00f3n de los tiempos que existen en el \u00e1mbito judicial lo \u00fanico que consiguen es favorecer al okupa, ya que sigue viviendo en el inmueble hasta que no se resuelva el procedimiento. De todos modos, debemos tener en cuenta que el okupa solo se ve beneficiado en lo que corresponde a la okupaci\u00f3n, porque la propiedad sigue perteneciendo al propietario, ya que un domicilio nunca se adquiere con un allanamiento.<\/p>\n<p>&#8211; \u00bf<strong>De qu\u00e9 manera dir\u00edas que afronta este reto Balears, si comparamos el impacto de esta problem\u00e1tica con otras comunidades del pa\u00eds<\/strong>?<\/p>\n<p>&#8211; En este caso, depender\u00eda de las estad\u00edsticas que mir\u00e1semos. Por ejemplo, Barcelona o Madrid tienen un mayor impacto de la okupaci\u00f3n, no solo porque sean ciudades m\u00e1s pobladas, sino tambi\u00e9n porque poseen un gran n\u00famero de viviendas vac\u00edas. Por estas mismas razones, Palma tambi\u00e9n tiene un mayor n\u00famero de okupas que Manacor. Del mismo modo, las okupaciones que tienen un fin m\u00e1s social tambi\u00e9n se dan m\u00e1s en grandes ciudades como Madrid o Barcelona, y no en el archipi\u00e9lago. En Balears no existe apenas ese tipo de okupaci\u00f3n; aqu\u00ed se producen mayoritariamente okupaciones de moradas.<\/p>\n<p>&#8211; <strong>Y el resto del continente europeo, \u00bfc\u00f3mo sobrelleva este conflicto?<\/strong><\/p>\n<p>&#8211; Es evidente que en cualquier ciudad europea existe este conflicto, en mayor o menor medida, aunque en cada lugar este problema se plantea de una manera diferente. En este aspecto, influye mucho la cultura que tiene cada pa\u00eds a la hora de valorar un fen\u00f3meno como este. Por ejemplo, en Espa\u00f1atenemos una cultura que se inscribe m\u00e1s en la moda de comprar y no de alquilar, por lo que en nuestro pa\u00eds no se dan tantos casos vinculados a los grandes tenedores, como as\u00ed sucede en gran parte de Europa.<\/p>\n<p>&#8211; <strong>Antes de acabar, Marga, me gustar\u00eda que me dijeras cuales crees que son las claves para que este conflicto se convierta en algo a\u00fan menos preocupante de lo que ya es ahora<\/strong>.<\/p>\n<p>&#8211; Bajo mi punto de vista, creo que la clave pasa porque la ciudadan\u00eda comprenda la importancia de asesorarse bien ante un caso como la okupaci\u00f3n, y que conf\u00ede m\u00e1s en el sistema judicial, que aunque sea lento tambi\u00e9n es efectivo.<\/p>\n<hr \/>\n<p>Autor: <strong>Jos\u00e9 Mar\u00eda S\u00e1nchez<\/strong><\/p>\n<p>Entrevista publicada en la edici\u00f3n impresa de <a href=\"https:\/\/manacorcomarcal.com\/\"><strong><em>Manacor Comarcal<\/em><\/strong><\/a><strong> de 3 de Octubre de 2020 &#8211; n\u00ba1 1781<\/strong><\/p>\n<p>Puedes leer la entrevista \u00edntegra en formato pdf <a href=\"https:\/\/www.fmsb.eu\/wp-content\/uploads\/2020\/10\/Todo-Manacor-Cormarcal-FMSB-Abogados-Manacor-Marga-Fornaris-Marga-Sanso.pdf\"><strong>aqu\u00ed<\/strong><\/a>.<\/p>\n<p><a href=\"http:\/\/fmsb.disstintbeta.com\/wp-content\/uploads\/2020\/10\/01-Portada-Manacor-Comarcal.jpeg\"><img decoding=\"async\" class=\"alignnone wp-image-4312\" src=\"http:\/\/fmsb.disstintbeta.com\/wp-content\/uploads\/2020\/10\/01-Portada-Manacor-Comarcal.jpeg\" alt=\"\" width=\"800\" height=\"1131\" srcset=\"https:\/\/font-mora-sainz-baranda.fra1.digitaloceanspaces.com\/wp-content\/uploads\/2020\/10\/01-Portada-Manacor-Comarcal.jpeg 1131w, https:\/\/font-mora-sainz-baranda.fra1.digitaloceanspaces.com\/wp-content\/uploads\/2020\/10\/01-Portada-Manacor-Comarcal-212x300.jpeg 212w, https:\/\/font-mora-sainz-baranda.fra1.digitaloceanspaces.com\/wp-content\/uploads\/2020\/10\/01-Portada-Manacor-Comarcal-724x1024.jpeg 724w, https:\/\/font-mora-sainz-baranda.fra1.digitaloceanspaces.com\/wp-content\/uploads\/2020\/10\/01-Portada-Manacor-Comarcal-768x1086.jpeg 768w, https:\/\/font-mora-sainz-baranda.fra1.digitaloceanspaces.com\/wp-content\/uploads\/2020\/10\/01-Portada-Manacor-Comarcal-1086x1536.jpeg 1086w\" sizes=\"(max-width: 800px) 100vw, 800px\" \/><\/a><\/p>\n","protected":false},"excerpt":{"rendered":"<p>La abogada Margalida Fornaris, del despacho Font Mora Sainz de Baranda, charla con \u201cManacor Comarcal\u201d sobre el fen\u00f3meno de la okupaci\u00f3n. A pesar de su juventud, Margalida Fornaris Ramis (Palma de Mallorca, 1990) pertenece al ICAIB (Colegio de Abogados de Balears) desde hace seis a\u00f1os. Esta joven abogada especializada en civil, penal y procedimientos de [&hellip;]<\/p>\n","protected":false},"author":2,"featured_media":9179,"comment_status":"closed","ping_status":"open","sticky":false,"template":"","format":"standard","meta":{"footnotes":""},"categories":[2199,2200,2387,2202],"tags":[3588,3492,3589,2469,2398,3073,5606,2223,2224,5607,2232,5608,5609],"class_list":["post-11597","post","type-post","status-publish","format-standard","has-post-thumbnail","hentry","category-blog-de","category-derecho-civil-de","category-derecho-penal-de","category-home-de","tag-coronavirus-de","tag-covid-19-de","tag-covid19-de","tag-derecho-civil-de","tag-derecho-penal-de","tag-desahucio-de","tag-fenomeno-okupa-de","tag-fmsb-de","tag-font-mora-sainz-de-baranda-de","tag-impago-de","tag-manacor-de","tag-ocupacion-de-viviendas-de","tag-okupa-de"],"yoast_head":"<!-- This site is optimized with the Yoast SEO plugin v27.3 - https:\/\/yoast.com\/product\/yoast-seo-wordpress\/ -->\n<title>La abogada de FMSB Manacor, Margalida Fornaris, entrevistada en el \u00faltimo n\u00famero de &quot;Manacor Comarcal&quot; sobre el fen\u00f3meno de la okupaci\u00f3n - FMSB Abogados y Economistas en Baleares<\/title>\n<meta name=\"robots\" content=\"index, follow, max-snippet:-1, max-image-preview:large, max-video-preview:-1\" \/>\n<link rel=\"canonical\" href=\"https:\/\/fmsb.eu\/de\/2020\/10\/07\/fmsb-margalida-fornaris-manacor-comarcal-entrevista-okupas\/\" \/>\n<meta property=\"og:locale\" content=\"de_DE\" \/>\n<meta property=\"og:type\" content=\"article\" \/>\n<meta property=\"og:title\" content=\"La abogada de FMSB Manacor, Margalida Fornaris, entrevistada en el \u00faltimo n\u00famero de &quot;Manacor Comarcal&quot; sobre el fen\u00f3meno de la okupaci\u00f3n - FMSB Abogados y Economistas en Baleares\" \/>\n<meta property=\"og:description\" content=\"La abogada Margalida Fornaris, del despacho Font Mora Sainz de Baranda, charla con \u201cManacor Comarcal\u201d sobre el fen\u00f3meno de la okupaci\u00f3n. A pesar de su juventud, Margalida Fornaris Ramis (Palma de Mallorca, 1990) pertenece al ICAIB (Colegio de Abogados de Balears) desde hace seis a\u00f1os. Esta joven abogada especializada en civil, penal y procedimientos de [&hellip;]\" \/>\n<meta property=\"og:url\" content=\"https:\/\/fmsb.eu\/de\/2020\/10\/07\/fmsb-margalida-fornaris-manacor-comarcal-entrevista-okupas\/\" \/>\n<meta property=\"og:site_name\" content=\"FMSB Abogados y Economistas en Baleares\" \/>\n<meta property=\"article:published_time\" content=\"2020-10-07T04:29:37+00:00\" \/>\n<meta property=\"og:image\" content=\"https:\/\/fmsb.eu\/wp-content\/uploads\/2020\/10\/01-Portada-Manacor-Comarcal.jpeg\" \/>\n\t<meta property=\"og:image:width\" content=\"1131\" \/>\n\t<meta property=\"og:image:height\" content=\"1599\" \/>\n\t<meta property=\"og:image:type\" content=\"image\/jpeg\" \/>\n<meta name=\"author\" content=\"fmsb\" \/>\n<meta name=\"twitter:card\" content=\"summary_large_image\" \/>\n<meta name=\"twitter:creator\" content=\"@fmsb-disstint\" \/>\n<meta name=\"twitter:label1\" content=\"Verfasst von\" \/>\n\t<meta name=\"twitter:data1\" content=\"fmsb\" \/>\n\t<meta name=\"twitter:label2\" content=\"Gesch\u00e4tzte Lesezeit\" \/>\n\t<meta name=\"twitter:data2\" content=\"7\u00a0Minuten\" \/>\n<script type=\"application\/ld+json\" class=\"yoast-schema-graph\">{\"@context\":\"https:\\\/\\\/schema.org\",\"@graph\":[{\"@type\":\"Article\",\"@id\":\"https:\\\/\\\/fmsb.eu\\\/de\\\/2020\\\/10\\\/07\\\/fmsb-margalida-fornaris-manacor-comarcal-entrevista-okupas\\\/#article\",\"isPartOf\":{\"@id\":\"https:\\\/\\\/fmsb.eu\\\/de\\\/2020\\\/10\\\/07\\\/fmsb-margalida-fornaris-manacor-comarcal-entrevista-okupas\\\/\"},\"author\":{\"name\":\"fmsb\",\"@id\":\"https:\\\/\\\/fmsb.eu\\\/de\\\/#\\\/schema\\\/person\\\/9fba7c70814b0cd34d35d655d36a4ca2\"},\"headline\":\"La abogada de FMSB Manacor, Margalida Fornaris, entrevistada en el \u00faltimo n\u00famero de &#8222;Manacor Comarcal&#8220; sobre el fen\u00f3meno de la okupaci\u00f3n\",\"datePublished\":\"2020-10-07T04:29:37+00:00\",\"mainEntityOfPage\":{\"@id\":\"https:\\\/\\\/fmsb.eu\\\/de\\\/2020\\\/10\\\/07\\\/fmsb-margalida-fornaris-manacor-comarcal-entrevista-okupas\\\/\"},\"wordCount\":1428,\"publisher\":{\"@id\":\"https:\\\/\\\/fmsb.eu\\\/de\\\/#organization\"},\"image\":{\"@id\":\"https:\\\/\\\/fmsb.eu\\\/de\\\/2020\\\/10\\\/07\\\/fmsb-margalida-fornaris-manacor-comarcal-entrevista-okupas\\\/#primaryimage\"},\"thumbnailUrl\":\"https:\\\/\\\/fmsb.eu\\\/wp-content\\\/uploads\\\/2020\\\/10\\\/01-Portada-Manacor-Comarcal.jpeg\",\"keywords\":[\"coronavirus\",\"covid 19\",\"covid19\",\"Derecho Civil\",\"derecho penal\",\"desahucio\",\"fen\u00f3meno okupa\",\"fmsb\",\"font mora sainz de baranda\",\"impago\",\"Manacor\",\"ocupaci\u00f3n de viviendas\",\"okupa\"],\"articleSection\":[\"blog\",\"Derecho Civil\",\"Derecho Penal\",\"Home\"],\"inLanguage\":\"de\"},{\"@type\":\"WebPage\",\"@id\":\"https:\\\/\\\/fmsb.eu\\\/de\\\/2020\\\/10\\\/07\\\/fmsb-margalida-fornaris-manacor-comarcal-entrevista-okupas\\\/\",\"url\":\"https:\\\/\\\/fmsb.eu\\\/de\\\/2020\\\/10\\\/07\\\/fmsb-margalida-fornaris-manacor-comarcal-entrevista-okupas\\\/\",\"name\":\"La abogada de FMSB Manacor, Margalida Fornaris, entrevistada en el \u00faltimo n\u00famero de \\\"Manacor Comarcal\\\" sobre el fen\u00f3meno de la okupaci\u00f3n - FMSB Abogados y Economistas en Baleares\",\"isPartOf\":{\"@id\":\"https:\\\/\\\/fmsb.eu\\\/de\\\/#website\"},\"primaryImageOfPage\":{\"@id\":\"https:\\\/\\\/fmsb.eu\\\/de\\\/2020\\\/10\\\/07\\\/fmsb-margalida-fornaris-manacor-comarcal-entrevista-okupas\\\/#primaryimage\"},\"image\":{\"@id\":\"https:\\\/\\\/fmsb.eu\\\/de\\\/2020\\\/10\\\/07\\\/fmsb-margalida-fornaris-manacor-comarcal-entrevista-okupas\\\/#primaryimage\"},\"thumbnailUrl\":\"https:\\\/\\\/fmsb.eu\\\/wp-content\\\/uploads\\\/2020\\\/10\\\/01-Portada-Manacor-Comarcal.jpeg\",\"datePublished\":\"2020-10-07T04:29:37+00:00\",\"breadcrumb\":{\"@id\":\"https:\\\/\\\/fmsb.eu\\\/de\\\/2020\\\/10\\\/07\\\/fmsb-margalida-fornaris-manacor-comarcal-entrevista-okupas\\\/#breadcrumb\"},\"inLanguage\":\"de\",\"potentialAction\":[{\"@type\":\"ReadAction\",\"target\":[\"https:\\\/\\\/fmsb.eu\\\/de\\\/2020\\\/10\\\/07\\\/fmsb-margalida-fornaris-manacor-comarcal-entrevista-okupas\\\/\"]}]},{\"@type\":\"ImageObject\",\"inLanguage\":\"de\",\"@id\":\"https:\\\/\\\/fmsb.eu\\\/de\\\/2020\\\/10\\\/07\\\/fmsb-margalida-fornaris-manacor-comarcal-entrevista-okupas\\\/#primaryimage\",\"url\":\"https:\\\/\\\/fmsb.eu\\\/wp-content\\\/uploads\\\/2020\\\/10\\\/01-Portada-Manacor-Comarcal.jpeg\",\"contentUrl\":\"https:\\\/\\\/fmsb.eu\\\/wp-content\\\/uploads\\\/2020\\\/10\\\/01-Portada-Manacor-Comarcal.jpeg\",\"width\":1131,\"height\":1599},{\"@type\":\"BreadcrumbList\",\"@id\":\"https:\\\/\\\/fmsb.eu\\\/de\\\/2020\\\/10\\\/07\\\/fmsb-margalida-fornaris-manacor-comarcal-entrevista-okupas\\\/#breadcrumb\",\"itemListElement\":[{\"@type\":\"ListItem\",\"position\":1,\"name\":\"Portada\",\"item\":\"https:\\\/\\\/fmsb.eu\\\/de\\\/\"},{\"@type\":\"ListItem\",\"position\":2,\"name\":\"La abogada de FMSB Manacor, Margalida Fornaris, entrevistada en el \u00faltimo n\u00famero de &#8222;Manacor Comarcal&#8220; sobre el fen\u00f3meno de la okupaci\u00f3n\"}]},{\"@type\":\"WebSite\",\"@id\":\"https:\\\/\\\/fmsb.eu\\\/de\\\/#website\",\"url\":\"https:\\\/\\\/fmsb.eu\\\/de\\\/\",\"name\":\"FMSB Abogados y Economistas en Baleares\",\"description\":\"\",\"publisher\":{\"@id\":\"https:\\\/\\\/fmsb.eu\\\/de\\\/#organization\"},\"potentialAction\":[{\"@type\":\"SearchAction\",\"target\":{\"@type\":\"EntryPoint\",\"urlTemplate\":\"https:\\\/\\\/fmsb.eu\\\/de\\\/?s={search_term_string}\"},\"query-input\":{\"@type\":\"PropertyValueSpecification\",\"valueRequired\":true,\"valueName\":\"search_term_string\"}}],\"inLanguage\":\"de\"},{\"@type\":\"Organization\",\"@id\":\"https:\\\/\\\/fmsb.eu\\\/de\\\/#organization\",\"name\":\"FMSB Abogados y Economistas en Baleares\",\"url\":\"https:\\\/\\\/fmsb.eu\\\/de\\\/\",\"logo\":{\"@type\":\"ImageObject\",\"inLanguage\":\"de\",\"@id\":\"https:\\\/\\\/fmsb.eu\\\/de\\\/#\\\/schema\\\/logo\\\/image\\\/\",\"url\":\"https:\\\/\\\/fmsb.eu\\\/wp-content\\\/uploads\\\/2025\\\/02\\\/logo.svg\",\"contentUrl\":\"https:\\\/\\\/fmsb.eu\\\/wp-content\\\/uploads\\\/2025\\\/02\\\/logo.svg\",\"width\":154,\"height\":52,\"caption\":\"FMSB Abogados y Economistas en Baleares\"},\"image\":{\"@id\":\"https:\\\/\\\/fmsb.eu\\\/de\\\/#\\\/schema\\\/logo\\\/image\\\/\"}},{\"@type\":\"Person\",\"@id\":\"https:\\\/\\\/fmsb.eu\\\/de\\\/#\\\/schema\\\/person\\\/9fba7c70814b0cd34d35d655d36a4ca2\",\"name\":\"fmsb\",\"image\":{\"@type\":\"ImageObject\",\"inLanguage\":\"de\",\"@id\":\"https:\\\/\\\/secure.gravatar.com\\\/avatar\\\/426f4d5b0ebcace85460caf87cdaaa193694b611e990615d87a13f322fb7ee7f?s=96&d=mm&r=g\",\"url\":\"https:\\\/\\\/secure.gravatar.com\\\/avatar\\\/426f4d5b0ebcace85460caf87cdaaa193694b611e990615d87a13f322fb7ee7f?s=96&d=mm&r=g\",\"contentUrl\":\"https:\\\/\\\/secure.gravatar.com\\\/avatar\\\/426f4d5b0ebcace85460caf87cdaaa193694b611e990615d87a13f322fb7ee7f?s=96&d=mm&r=g\",\"caption\":\"fmsb\"},\"sameAs\":[\"https:\\\/\\\/x.com\\\/fmsb-disstint\"],\"url\":\"https:\\\/\\\/fmsb.eu\\\/de\\\/author\\\/fmsb\\\/\"}]}<\/script>\n<!-- \/ Yoast SEO plugin. -->","yoast_head_json":{"title":"La abogada de FMSB Manacor, Margalida Fornaris, entrevistada en el \u00faltimo n\u00famero de \"Manacor Comarcal\" sobre el fen\u00f3meno de la okupaci\u00f3n - FMSB Abogados y Economistas en Baleares","robots":{"index":"index","follow":"follow","max-snippet":"max-snippet:-1","max-image-preview":"max-image-preview:large","max-video-preview":"max-video-preview:-1"},"canonical":"https:\/\/fmsb.eu\/de\/2020\/10\/07\/fmsb-margalida-fornaris-manacor-comarcal-entrevista-okupas\/","og_locale":"de_DE","og_type":"article","og_title":"La abogada de FMSB Manacor, Margalida Fornaris, entrevistada en el \u00faltimo n\u00famero de \"Manacor Comarcal\" sobre el fen\u00f3meno de la okupaci\u00f3n - FMSB Abogados y Economistas en Baleares","og_description":"La abogada Margalida Fornaris, del despacho Font Mora Sainz de Baranda, charla con \u201cManacor Comarcal\u201d sobre el fen\u00f3meno de la okupaci\u00f3n. A pesar de su juventud, Margalida Fornaris Ramis (Palma de Mallorca, 1990) pertenece al ICAIB (Colegio de Abogados de Balears) desde hace seis a\u00f1os. Esta joven abogada especializada en civil, penal y procedimientos de [&hellip;]","og_url":"https:\/\/fmsb.eu\/de\/2020\/10\/07\/fmsb-margalida-fornaris-manacor-comarcal-entrevista-okupas\/","og_site_name":"FMSB Abogados y Economistas en Baleares","article_published_time":"2020-10-07T04:29:37+00:00","og_image":[{"width":1131,"height":1599,"url":"https:\/\/fmsb.eu\/wp-content\/uploads\/2020\/10\/01-Portada-Manacor-Comarcal.jpeg","type":"image\/jpeg"}],"author":"fmsb","twitter_card":"summary_large_image","twitter_creator":"@fmsb-disstint","twitter_misc":{"Verfasst von":"fmsb","Gesch\u00e4tzte Lesezeit":"7\u00a0Minuten"},"schema":{"@context":"https:\/\/schema.org","@graph":[{"@type":"Article","@id":"https:\/\/fmsb.eu\/de\/2020\/10\/07\/fmsb-margalida-fornaris-manacor-comarcal-entrevista-okupas\/#article","isPartOf":{"@id":"https:\/\/fmsb.eu\/de\/2020\/10\/07\/fmsb-margalida-fornaris-manacor-comarcal-entrevista-okupas\/"},"author":{"name":"fmsb","@id":"https:\/\/fmsb.eu\/de\/#\/schema\/person\/9fba7c70814b0cd34d35d655d36a4ca2"},"headline":"La abogada de FMSB Manacor, Margalida Fornaris, entrevistada en el \u00faltimo n\u00famero de &#8222;Manacor Comarcal&#8220; sobre el fen\u00f3meno de la okupaci\u00f3n","datePublished":"2020-10-07T04:29:37+00:00","mainEntityOfPage":{"@id":"https:\/\/fmsb.eu\/de\/2020\/10\/07\/fmsb-margalida-fornaris-manacor-comarcal-entrevista-okupas\/"},"wordCount":1428,"publisher":{"@id":"https:\/\/fmsb.eu\/de\/#organization"},"image":{"@id":"https:\/\/fmsb.eu\/de\/2020\/10\/07\/fmsb-margalida-fornaris-manacor-comarcal-entrevista-okupas\/#primaryimage"},"thumbnailUrl":"https:\/\/fmsb.eu\/wp-content\/uploads\/2020\/10\/01-Portada-Manacor-Comarcal.jpeg","keywords":["coronavirus","covid 19","covid19","Derecho Civil","derecho penal","desahucio","fen\u00f3meno okupa","fmsb","font mora sainz de baranda","impago","Manacor","ocupaci\u00f3n de viviendas","okupa"],"articleSection":["blog","Derecho Civil","Derecho Penal","Home"],"inLanguage":"de"},{"@type":"WebPage","@id":"https:\/\/fmsb.eu\/de\/2020\/10\/07\/fmsb-margalida-fornaris-manacor-comarcal-entrevista-okupas\/","url":"https:\/\/fmsb.eu\/de\/2020\/10\/07\/fmsb-margalida-fornaris-manacor-comarcal-entrevista-okupas\/","name":"La abogada de FMSB Manacor, Margalida Fornaris, entrevistada en el \u00faltimo n\u00famero de \"Manacor Comarcal\" sobre el fen\u00f3meno de la okupaci\u00f3n - FMSB Abogados y Economistas en Baleares","isPartOf":{"@id":"https:\/\/fmsb.eu\/de\/#website"},"primaryImageOfPage":{"@id":"https:\/\/fmsb.eu\/de\/2020\/10\/07\/fmsb-margalida-fornaris-manacor-comarcal-entrevista-okupas\/#primaryimage"},"image":{"@id":"https:\/\/fmsb.eu\/de\/2020\/10\/07\/fmsb-margalida-fornaris-manacor-comarcal-entrevista-okupas\/#primaryimage"},"thumbnailUrl":"https:\/\/fmsb.eu\/wp-content\/uploads\/2020\/10\/01-Portada-Manacor-Comarcal.jpeg","datePublished":"2020-10-07T04:29:37+00:00","breadcrumb":{"@id":"https:\/\/fmsb.eu\/de\/2020\/10\/07\/fmsb-margalida-fornaris-manacor-comarcal-entrevista-okupas\/#breadcrumb"},"inLanguage":"de","potentialAction":[{"@type":"ReadAction","target":["https:\/\/fmsb.eu\/de\/2020\/10\/07\/fmsb-margalida-fornaris-manacor-comarcal-entrevista-okupas\/"]}]},{"@type":"ImageObject","inLanguage":"de","@id":"https:\/\/fmsb.eu\/de\/2020\/10\/07\/fmsb-margalida-fornaris-manacor-comarcal-entrevista-okupas\/#primaryimage","url":"https:\/\/fmsb.eu\/wp-content\/uploads\/2020\/10\/01-Portada-Manacor-Comarcal.jpeg","contentUrl":"https:\/\/fmsb.eu\/wp-content\/uploads\/2020\/10\/01-Portada-Manacor-Comarcal.jpeg","width":1131,"height":1599},{"@type":"BreadcrumbList","@id":"https:\/\/fmsb.eu\/de\/2020\/10\/07\/fmsb-margalida-fornaris-manacor-comarcal-entrevista-okupas\/#breadcrumb","itemListElement":[{"@type":"ListItem","position":1,"name":"Portada","item":"https:\/\/fmsb.eu\/de\/"},{"@type":"ListItem","position":2,"name":"La abogada de FMSB Manacor, Margalida Fornaris, entrevistada en el \u00faltimo n\u00famero de &#8222;Manacor Comarcal&#8220; sobre el fen\u00f3meno de la okupaci\u00f3n"}]},{"@type":"WebSite","@id":"https:\/\/fmsb.eu\/de\/#website","url":"https:\/\/fmsb.eu\/de\/","name":"FMSB Abogados y Economistas en Baleares","description":"","publisher":{"@id":"https:\/\/fmsb.eu\/de\/#organization"},"potentialAction":[{"@type":"SearchAction","target":{"@type":"EntryPoint","urlTemplate":"https:\/\/fmsb.eu\/de\/?s={search_term_string}"},"query-input":{"@type":"PropertyValueSpecification","valueRequired":true,"valueName":"search_term_string"}}],"inLanguage":"de"},{"@type":"Organization","@id":"https:\/\/fmsb.eu\/de\/#organization","name":"FMSB Abogados y Economistas en Baleares","url":"https:\/\/fmsb.eu\/de\/","logo":{"@type":"ImageObject","inLanguage":"de","@id":"https:\/\/fmsb.eu\/de\/#\/schema\/logo\/image\/","url":"https:\/\/fmsb.eu\/wp-content\/uploads\/2025\/02\/logo.svg","contentUrl":"https:\/\/fmsb.eu\/wp-content\/uploads\/2025\/02\/logo.svg","width":154,"height":52,"caption":"FMSB Abogados y Economistas en Baleares"},"image":{"@id":"https:\/\/fmsb.eu\/de\/#\/schema\/logo\/image\/"}},{"@type":"Person","@id":"https:\/\/fmsb.eu\/de\/#\/schema\/person\/9fba7c70814b0cd34d35d655d36a4ca2","name":"fmsb","image":{"@type":"ImageObject","inLanguage":"de","@id":"https:\/\/secure.gravatar.com\/avatar\/426f4d5b0ebcace85460caf87cdaaa193694b611e990615d87a13f322fb7ee7f?s=96&d=mm&r=g","url":"https:\/\/secure.gravatar.com\/avatar\/426f4d5b0ebcace85460caf87cdaaa193694b611e990615d87a13f322fb7ee7f?s=96&d=mm&r=g","contentUrl":"https:\/\/secure.gravatar.com\/avatar\/426f4d5b0ebcace85460caf87cdaaa193694b611e990615d87a13f322fb7ee7f?s=96&d=mm&r=g","caption":"fmsb"},"sameAs":["https:\/\/x.com\/fmsb-disstint"],"url":"https:\/\/fmsb.eu\/de\/author\/fmsb\/"}]}},"_links":{"self":[{"href":"https:\/\/fmsb.eu\/de\/wp-json\/wp\/v2\/posts\/11597","targetHints":{"allow":["GET"]}}],"collection":[{"href":"https:\/\/fmsb.eu\/de\/wp-json\/wp\/v2\/posts"}],"about":[{"href":"https:\/\/fmsb.eu\/de\/wp-json\/wp\/v2\/types\/post"}],"author":[{"embeddable":true,"href":"https:\/\/fmsb.eu\/de\/wp-json\/wp\/v2\/users\/2"}],"replies":[{"embeddable":true,"href":"https:\/\/fmsb.eu\/de\/wp-json\/wp\/v2\/comments?post=11597"}],"version-history":[{"count":0,"href":"https:\/\/fmsb.eu\/de\/wp-json\/wp\/v2\/posts\/11597\/revisions"}],"wp:featuredmedia":[{"embeddable":true,"href":"https:\/\/fmsb.eu\/de\/wp-json\/wp\/v2\/media\/9179"}],"wp:attachment":[{"href":"https:\/\/fmsb.eu\/de\/wp-json\/wp\/v2\/media?parent=11597"}],"wp:term":[{"taxonomy":"category","embeddable":true,"href":"https:\/\/fmsb.eu\/de\/wp-json\/wp\/v2\/categories?post=11597"},{"taxonomy":"post_tag","embeddable":true,"href":"https:\/\/fmsb.eu\/de\/wp-json\/wp\/v2\/tags?post=11597"}],"curies":[{"name":"wp","href":"https:\/\/api.w.org\/{rel}","templated":true}]}}