{"id":11609,"date":"2020-09-13T02:34:41","date_gmt":"2020-09-13T00:34:41","guid":{"rendered":"http:\/\/fmsb.disstintbeta.com\/2020\/09\/13\/pactos-sucesorios-jorge-sainz-de-baranda\/"},"modified":"2020-09-13T02:34:41","modified_gmt":"2020-09-13T00:34:41","slug":"pactos-sucesorios-jorge-sainz-de-baranda","status":"publish","type":"post","link":"https:\/\/fmsb.eu\/de\/2020\/09\/13\/pactos-sucesorios-jorge-sainz-de-baranda\/","title":{"rendered":"El muerto muy vivo en los pactos sucesorios. Art\u00edculo de opini\u00f3n en Mallorcadiario.com de Jorge S\u00e1inz de Baranda"},"content":{"rendered":"<p><a href=\"https:\/\/www.fmsb.eu\/wp-content\/uploads\/2020\/09\/Jorge-Sainz-de-Baranda-El-muerto-muy-vivo-en-los-pactos-sucesorios.png\"><img fetchpriority=\"high\" decoding=\"async\" class=\"alignnone wp-image-2999\" src=\"https:\/\/www.fmsb.eu\/wp-content\/uploads\/2020\/09\/Jorge-Sainz-de-Baranda-El-muerto-muy-vivo-en-los-pactos-sucesorios-1024x768.png\" alt=\"\" width=\"800\" height=\"600\" srcset=\"https:\/\/font-mora-sainz-baranda.fra1.digitaloceanspaces.com\/wp-content\/uploads\/2020\/09\/Jorge-Sainz-de-Baranda-El-muerto-muy-vivo-en-los-pactos-sucesorios-1024x768.png 1024w, https:\/\/font-mora-sainz-baranda.fra1.digitaloceanspaces.com\/wp-content\/uploads\/2020\/09\/Jorge-Sainz-de-Baranda-El-muerto-muy-vivo-en-los-pactos-sucesorios-300x225.png 300w, https:\/\/font-mora-sainz-baranda.fra1.digitaloceanspaces.com\/wp-content\/uploads\/2020\/09\/Jorge-Sainz-de-Baranda-El-muerto-muy-vivo-en-los-pactos-sucesorios-768x576.png 768w, https:\/\/font-mora-sainz-baranda.fra1.digitaloceanspaces.com\/wp-content\/uploads\/2020\/09\/Jorge-Sainz-de-Baranda-El-muerto-muy-vivo-en-los-pactos-sucesorios-1536x1152.png 1536w, https:\/\/font-mora-sainz-baranda.fra1.digitaloceanspaces.com\/wp-content\/uploads\/2020\/09\/Jorge-Sainz-de-Baranda-El-muerto-muy-vivo-en-los-pactos-sucesorios.png 1600w\" sizes=\"(max-width: 800px) 100vw, 800px\" \/><\/a><\/p>\n<div class=\"navegacion\">\n<h3 class=\"antesubtitulo antetit\"><span style=\"color: #993300;\"><strong>mallorcadiario.com<\/strong><\/span>\u00a0 Opini\u00f3n<\/h3>\n<h6 class=\"ulthora fecha_publicacion\"><span class=\"dia_mes_anno\">DOMINGO 13 DE SEPTIEMBRE DE 2020<\/span><\/h6>\n<\/div>\n<div title=\"noticia 557362\">\n<h1 class=\"titulo\"><a href=\"https:\/\/www.mallorcadiario.com\/el-muerto-muy-vivo-en-los-pactos-sucesorios-jorge-sainz-de-baranda\">El muerto muy vivo en los pactos sucesorios<\/a><\/h1>\n<\/div>\n<div id=\"firmante_767\" class=\"firmante\">\n<p>Por\u00a0<strong><span class=\"nombre_firmante\">Jorge S\u00e1inz de Baranda<\/span><\/strong><\/p>\n<h6><a href=\"https:\/\/www.mallorcadiario.com\/jorge-sainz-de-baranda\/autor\/767\/\"><strong><span style=\"color: #993300;\">M\u00c1S ART\u00cdCULOS DEL AUTOR<\/span><\/strong><\/a><\/h6>\n<\/div>\n<p><em>&#8222;Aqu\u00ed huele a muerto&#8230; (\u00a1Pues yo no he sido!)&#8220; <\/em>es una comedia espa\u00f1ola (1989, \u00c1lvaro S\u00e1enz de Heredia), protagonizada por Martes y trece, incre\u00edblemente con un gran \u00e9xito de taquilla en su d\u00eda pero de la que pocos hoy se acuerdan -salvo mi amigo Fernando-, en la que el conde de Capra Negra, junto a su fiel ayuda de c\u00e1mara Antoine, viajan a Soborlskaia por la posible muerte de un t\u00edo del noble y con el objetivo de tener derecho a su herencia, aunque deber\u00e1n averiguar antes si realmente hay muerto o no.<\/p>\n<p>Pues no duden que esta comedia ha inspirado recientemente a la Direcci\u00f3n General de Tributos al dictar tres consultas de forma sucesiva el pasado 5 de junio, Consultas Vinculantes <a href=\"https:\/\/petete.tributos.hacienda.gob.es\/consultas\/?num_consulta=V1788-20\">V1788-20<\/a>, <a href=\"https:\/\/petete.tributos.hacienda.gob.es\/consultas\/?num_consulta=V1790-20\">V1790-20<\/a> y <a href=\"https:\/\/petete.tributos.hacienda.gob.es\/consultas\/?num_consulta=V1792-20\">V1792-20<\/a>, en las que hace referencia a los pactos sucesorios en ses Illes.<\/p>\n<p>En nuestra <a href=\"https:\/\/www.boe.es\/buscar\/pdf\/1990\/BOIB-i-1990-90001-consolidado.pdf\"><em>Compilaci\u00f3n del Derecho Civil de Baleares<\/em><\/a>, aprobada por el <a href=\"https:\/\/www.boe.es\/buscar\/pdf\/1990\/BOIB-i-1990-90001-consolidado.pdf\">Decreto Legislativo 79\/1990<\/a>, se recogen diferentes pactos sucesorios que, de manera resumida, permiten que los descendientes, legitimarios y emancipados, puedan renunciar a todos los derechos sucesorios, o \u00fanicamente a la leg\u00edtima que en su d\u00eda pudiera corresponderles, a cambio de una donaci\u00f3n, atribuci\u00f3n o compensaci\u00f3n en vida del causante.<\/p>\n<p>Es evidente que al otorgar un pacto sucesorio el causante no ha fallecido, y es un asunto superado que a dichos pactos sucesorios les es de aplicaci\u00f3n las normas de las transmisiones <em>&#8222;mortis causa&#8220;<\/em> y no las de las adquisiciones gratuitas <em>&#8222;intervivos&#8220;<\/em>, ya que, de conformidad con lo dispuesto en la norma, los contratos o pactos sucesorios son t\u00edtulos sucesorios a los efectos del impuesto, igual que lo son la herencia o el legado. Ello permite su tributaci\u00f3n al 1% sobre los primeros 700.000 euros, y, lo que es igualmente importante si no m\u00e1s, que como consecuencia de los mismos no se produce una ganancia de patrimonio en la Renta de quien los otorga, a diferencia de lo que ocurre en las donaciones puras y simples.<\/p>\n<p>Y tampoco es nada novedoso si decimos que, desde la modificaci\u00f3n del Impuesto de Sucesiones all\u00e1 por el a\u00f1o 2007, se han llevado a cabo en nuestra tierra multitud de pactos sucesorios en los que se incluyen acciones o participaciones en sociedades operativas que, adem\u00e1s de ese tipo de gravamen reducido, gozan de una reducci\u00f3n adicional del 95% siempre que cumplan determinadas condiciones, lo que ha favorecido enormemente la sucesi\u00f3n en vida y el relevo generacional en las empresas familiares por el reducido coste fiscal que as\u00ed supon\u00eda.<\/p>\n<p>Pues bien, despu\u00e9s de todos estos periplos y de tantos a\u00f1os, ahora la Direcci\u00f3n General de Tributos nos sale con que considera que no nos resulta aplicable esa reducci\u00f3n del 95% para la transmisi\u00f3n de empresas antes se\u00f1alada, cuando la transmisi\u00f3n se formalice mediante un pacto sucesorio <em>\u201cal no cumplirse el requisito de que el causante de la adquisici\u00f3n sea una persona fallecida\u201d<\/em>.<\/p>\n<p>Dicho de otro modo, al <strong>no haberse producido la muerte f\u00edsica del \u201ccausante\u201d<\/strong>, cuesti\u00f3n que resulta m\u00e1s que evidente ya que en ese caso no estar\u00edamos ante un pacto sucesorio si no ante una sucesi\u00f3n <em>&#8222;en toda regla&#8220;<\/em>, y bas\u00e1ndose en el tenor literal de la norma estatal -que no est\u00e1 pensada para estos supuestos-, Hacienda considera que la citada reducci\u00f3n no resulta de aplicaci\u00f3n, todo ello con las nefastas consecuencias, convertidas en complementarias, que puede conllevar para los pactos sucesorios que se hayan llevado a cabo en los \u00faltimos cuatro a\u00f1os.<\/p>\n<p>Es tal el desprop\u00f3sito que basta ver la regulaci\u00f3n estatal para comprobar que, al regular las transmisiones <em>mortis causa<\/em>, hace referencia al <em>&#8222;fallecido&#8220;<\/em> en muchas otras reducciones como la existente para la adquisici\u00f3n de vivienda habitual, ya que, como hemos dicho, las mismas no est\u00e1n previstas o pensadas para los supuestos de Derecho Foral como es nuestro caso.<\/p>\n<p>As\u00ed visto, parece qu\u00e9 Hacienda, haciendo caso omiso a las especificidades de Derechos Civiles propios y como dec\u00eda Peret en su canci\u00f3n incluida en su \u00e1lbum <em>&#8222;La fiesta no es para feos&#8220;<\/em> (Discophon 1966), entiende que el donante de nuestras Islas que se acoge al pacto sucesorio de marras <em>&#8222;no estaba muerto, que estaba de parranda&#8230; lere, lerele, lereler\u00e9&#8230;&#8220;<\/em>.<\/p>\n<p>&nbsp;<\/p>\n<p>Art\u00edculo original publicado en el diario digital\u00a0<a href=\"https:\/\/www.mallorcadiario.com\/el-muerto-muy-vivo-en-los-pactos-sucesorios-jorge-sainz-de-baranda\"><strong><span style=\"color: #993300;\">mallorcadiario.com<\/span><\/strong><\/a><\/p>\n","protected":false},"excerpt":{"rendered":"<p>mallorcadiario.com\u00a0 Opini\u00f3n DOMINGO 13 DE SEPTIEMBRE DE 2020 El muerto muy vivo en los pactos sucesorios Por\u00a0Jorge S\u00e1inz de Baranda M\u00c1S ART\u00cdCULOS DEL AUTOR &#8222;Aqu\u00ed huele a muerto&#8230; (\u00a1Pues yo no he sido!)&#8220; es una comedia espa\u00f1ola (1989, \u00c1lvaro S\u00e1enz de Heredia), protagonizada por Martes y trece, incre\u00edblemente con un gran \u00e9xito de taquilla en [&hellip;]<\/p>\n","protected":false},"author":2,"featured_media":9163,"comment_status":"closed","ping_status":"open","sticky":false,"template":"","format":"standard","meta":{"footnotes":""},"categories":[2199,2200,2309,2202,3169],"tags":[2206,2507,2314,2208,5305,3227,2320,5306,2321,2218,2219,2325,2329,2333,2231,2336,2232,2343,2344,2345,2240],"class_list":["post-11609","post","type-post","status-publish","format-standard","has-post-thumbnail","hentry","category-blog-de","category-derecho-civil-de","category-derecho-fiscal-de","category-home-de","category-opinion-de","tag-abogados-de","tag-articulos-de","tag-asesores-de","tag-baleares-de","tag-compilacion-balear-de","tag-consulta-vinculante-de","tag-derecho-fiscal-de","tag-derecho-foral-balear-de","tag-derecho-tributario-de","tag-economistas-de","tag-el-arenal-de","tag-hacienda-de","tag-impuesto-de-sucesiones-de","tag-jorge-sainz-de-baranda-de","tag-mallorca-de","tag-mallorcadiario-de","tag-manacor-de","tag-opinion-de","tag-pactos-sucesorios-de","tag-palma-de","tag-puerto-de-andratx-de"],"yoast_head":"<!-- This site is optimized with the Yoast SEO plugin v27.3 - https:\/\/yoast.com\/product\/yoast-seo-wordpress\/ -->\n<title>El muerto muy vivo en los pactos sucesorios. Art\u00edculo de opini\u00f3n en Mallorcadiario.com de Jorge S\u00e1inz de Baranda - FMSB Abogados y Economistas en Baleares<\/title>\n<meta name=\"robots\" content=\"index, follow, max-snippet:-1, max-image-preview:large, max-video-preview:-1\" \/>\n<link rel=\"canonical\" href=\"https:\/\/fmsb.eu\/de\/2020\/09\/13\/pactos-sucesorios-jorge-sainz-de-baranda\/\" \/>\n<meta property=\"og:locale\" content=\"de_DE\" \/>\n<meta property=\"og:type\" content=\"article\" \/>\n<meta property=\"og:title\" content=\"El muerto muy vivo en los pactos sucesorios. Art\u00edculo de opini\u00f3n en Mallorcadiario.com de Jorge S\u00e1inz de Baranda - FMSB Abogados y Economistas en Baleares\" \/>\n<meta property=\"og:description\" content=\"mallorcadiario.com\u00a0 Opini\u00f3n DOMINGO 13 DE SEPTIEMBRE DE 2020 El muerto muy vivo en los pactos sucesorios Por\u00a0Jorge S\u00e1inz de Baranda M\u00c1S ART\u00cdCULOS DEL AUTOR &#8222;Aqu\u00ed huele a muerto&#8230; (\u00a1Pues yo no he sido!)&#8220; es una comedia espa\u00f1ola (1989, \u00c1lvaro S\u00e1enz de Heredia), protagonizada por Martes y trece, incre\u00edblemente con un gran \u00e9xito de taquilla en [&hellip;]\" \/>\n<meta property=\"og:url\" content=\"https:\/\/fmsb.eu\/de\/2020\/09\/13\/pactos-sucesorios-jorge-sainz-de-baranda\/\" \/>\n<meta property=\"og:site_name\" content=\"FMSB Abogados y Economistas en Baleares\" \/>\n<meta property=\"article:published_time\" content=\"2020-09-13T00:34:41+00:00\" \/>\n<meta property=\"og:image\" content=\"https:\/\/fmsb.eu\/wp-content\/uploads\/2020\/09\/Jorge-Sainz-de-Baranda-El-muerto-muy-vivo-en-los-pactos-sucesorios.png\" \/>\n\t<meta property=\"og:image:width\" content=\"1600\" \/>\n\t<meta property=\"og:image:height\" content=\"1200\" \/>\n\t<meta property=\"og:image:type\" content=\"image\/png\" \/>\n<meta name=\"author\" content=\"fmsb\" \/>\n<meta name=\"twitter:card\" content=\"summary_large_image\" \/>\n<meta name=\"twitter:creator\" content=\"@fmsb-disstint\" \/>\n<meta name=\"twitter:label1\" content=\"Verfasst von\" \/>\n\t<meta name=\"twitter:data1\" content=\"fmsb\" \/>\n\t<meta name=\"twitter:label2\" content=\"Gesch\u00e4tzte Lesezeit\" \/>\n\t<meta name=\"twitter:data2\" content=\"4\u00a0Minuten\" \/>\n<script type=\"application\/ld+json\" class=\"yoast-schema-graph\">{\"@context\":\"https:\\\/\\\/schema.org\",\"@graph\":[{\"@type\":\"Article\",\"@id\":\"https:\\\/\\\/fmsb.eu\\\/de\\\/2020\\\/09\\\/13\\\/pactos-sucesorios-jorge-sainz-de-baranda\\\/#article\",\"isPartOf\":{\"@id\":\"https:\\\/\\\/fmsb.eu\\\/de\\\/2020\\\/09\\\/13\\\/pactos-sucesorios-jorge-sainz-de-baranda\\\/\"},\"author\":{\"name\":\"fmsb\",\"@id\":\"https:\\\/\\\/fmsb.eu\\\/de\\\/#\\\/schema\\\/person\\\/9fba7c70814b0cd34d35d655d36a4ca2\"},\"headline\":\"El muerto muy vivo en los pactos sucesorios. Art\u00edculo de opini\u00f3n en Mallorcadiario.com de Jorge S\u00e1inz de Baranda\",\"datePublished\":\"2020-09-13T00:34:41+00:00\",\"mainEntityOfPage\":{\"@id\":\"https:\\\/\\\/fmsb.eu\\\/de\\\/2020\\\/09\\\/13\\\/pactos-sucesorios-jorge-sainz-de-baranda\\\/\"},\"wordCount\":786,\"publisher\":{\"@id\":\"https:\\\/\\\/fmsb.eu\\\/de\\\/#organization\"},\"image\":{\"@id\":\"https:\\\/\\\/fmsb.eu\\\/de\\\/2020\\\/09\\\/13\\\/pactos-sucesorios-jorge-sainz-de-baranda\\\/#primaryimage\"},\"thumbnailUrl\":\"https:\\\/\\\/fmsb.eu\\\/wp-content\\\/uploads\\\/2020\\\/09\\\/Jorge-Sainz-de-Baranda-El-muerto-muy-vivo-en-los-pactos-sucesorios.png\",\"keywords\":[\"abogados\",\"articulos\",\"asesores\",\"baleares\",\"compilaci\u00f3n balear\",\"consulta vinculante\",\"derecho fiscal\",\"derecho foral balear\",\"derecho tributario\",\"economistas\",\"el arenal\",\"Hacienda\",\"impuesto de sucesiones\",\"jorge sainz de baranda\",\"mallorca\",\"mallorcadiario\",\"Manacor\",\"opinion\",\"pactos sucesorios\",\"Palma\",\"puerto de andratx\"],\"articleSection\":[\"blog\",\"Derecho Civil\",\"Derecho Fiscal\",\"Home\",\"Opini\u00f3n\"],\"inLanguage\":\"de\"},{\"@type\":\"WebPage\",\"@id\":\"https:\\\/\\\/fmsb.eu\\\/de\\\/2020\\\/09\\\/13\\\/pactos-sucesorios-jorge-sainz-de-baranda\\\/\",\"url\":\"https:\\\/\\\/fmsb.eu\\\/de\\\/2020\\\/09\\\/13\\\/pactos-sucesorios-jorge-sainz-de-baranda\\\/\",\"name\":\"El muerto muy vivo en los pactos sucesorios. Art\u00edculo de opini\u00f3n en Mallorcadiario.com de Jorge S\u00e1inz de Baranda - FMSB Abogados y Economistas en Baleares\",\"isPartOf\":{\"@id\":\"https:\\\/\\\/fmsb.eu\\\/de\\\/#website\"},\"primaryImageOfPage\":{\"@id\":\"https:\\\/\\\/fmsb.eu\\\/de\\\/2020\\\/09\\\/13\\\/pactos-sucesorios-jorge-sainz-de-baranda\\\/#primaryimage\"},\"image\":{\"@id\":\"https:\\\/\\\/fmsb.eu\\\/de\\\/2020\\\/09\\\/13\\\/pactos-sucesorios-jorge-sainz-de-baranda\\\/#primaryimage\"},\"thumbnailUrl\":\"https:\\\/\\\/fmsb.eu\\\/wp-content\\\/uploads\\\/2020\\\/09\\\/Jorge-Sainz-de-Baranda-El-muerto-muy-vivo-en-los-pactos-sucesorios.png\",\"datePublished\":\"2020-09-13T00:34:41+00:00\",\"breadcrumb\":{\"@id\":\"https:\\\/\\\/fmsb.eu\\\/de\\\/2020\\\/09\\\/13\\\/pactos-sucesorios-jorge-sainz-de-baranda\\\/#breadcrumb\"},\"inLanguage\":\"de\",\"potentialAction\":[{\"@type\":\"ReadAction\",\"target\":[\"https:\\\/\\\/fmsb.eu\\\/de\\\/2020\\\/09\\\/13\\\/pactos-sucesorios-jorge-sainz-de-baranda\\\/\"]}]},{\"@type\":\"ImageObject\",\"inLanguage\":\"de\",\"@id\":\"https:\\\/\\\/fmsb.eu\\\/de\\\/2020\\\/09\\\/13\\\/pactos-sucesorios-jorge-sainz-de-baranda\\\/#primaryimage\",\"url\":\"https:\\\/\\\/fmsb.eu\\\/wp-content\\\/uploads\\\/2020\\\/09\\\/Jorge-Sainz-de-Baranda-El-muerto-muy-vivo-en-los-pactos-sucesorios.png\",\"contentUrl\":\"https:\\\/\\\/fmsb.eu\\\/wp-content\\\/uploads\\\/2020\\\/09\\\/Jorge-Sainz-de-Baranda-El-muerto-muy-vivo-en-los-pactos-sucesorios.png\",\"width\":1600,\"height\":1200},{\"@type\":\"BreadcrumbList\",\"@id\":\"https:\\\/\\\/fmsb.eu\\\/de\\\/2020\\\/09\\\/13\\\/pactos-sucesorios-jorge-sainz-de-baranda\\\/#breadcrumb\",\"itemListElement\":[{\"@type\":\"ListItem\",\"position\":1,\"name\":\"Portada\",\"item\":\"https:\\\/\\\/fmsb.eu\\\/de\\\/\"},{\"@type\":\"ListItem\",\"position\":2,\"name\":\"El muerto muy vivo en los pactos sucesorios. Art\u00edculo de opini\u00f3n en Mallorcadiario.com de Jorge S\u00e1inz de Baranda\"}]},{\"@type\":\"WebSite\",\"@id\":\"https:\\\/\\\/fmsb.eu\\\/de\\\/#website\",\"url\":\"https:\\\/\\\/fmsb.eu\\\/de\\\/\",\"name\":\"FMSB Abogados y Economistas en Baleares\",\"description\":\"\",\"publisher\":{\"@id\":\"https:\\\/\\\/fmsb.eu\\\/de\\\/#organization\"},\"potentialAction\":[{\"@type\":\"SearchAction\",\"target\":{\"@type\":\"EntryPoint\",\"urlTemplate\":\"https:\\\/\\\/fmsb.eu\\\/de\\\/?s={search_term_string}\"},\"query-input\":{\"@type\":\"PropertyValueSpecification\",\"valueRequired\":true,\"valueName\":\"search_term_string\"}}],\"inLanguage\":\"de\"},{\"@type\":\"Organization\",\"@id\":\"https:\\\/\\\/fmsb.eu\\\/de\\\/#organization\",\"name\":\"FMSB Abogados y Economistas en Baleares\",\"url\":\"https:\\\/\\\/fmsb.eu\\\/de\\\/\",\"logo\":{\"@type\":\"ImageObject\",\"inLanguage\":\"de\",\"@id\":\"https:\\\/\\\/fmsb.eu\\\/de\\\/#\\\/schema\\\/logo\\\/image\\\/\",\"url\":\"https:\\\/\\\/fmsb.eu\\\/wp-content\\\/uploads\\\/2025\\\/02\\\/logo.svg\",\"contentUrl\":\"https:\\\/\\\/fmsb.eu\\\/wp-content\\\/uploads\\\/2025\\\/02\\\/logo.svg\",\"width\":154,\"height\":52,\"caption\":\"FMSB Abogados y Economistas en Baleares\"},\"image\":{\"@id\":\"https:\\\/\\\/fmsb.eu\\\/de\\\/#\\\/schema\\\/logo\\\/image\\\/\"}},{\"@type\":\"Person\",\"@id\":\"https:\\\/\\\/fmsb.eu\\\/de\\\/#\\\/schema\\\/person\\\/9fba7c70814b0cd34d35d655d36a4ca2\",\"name\":\"fmsb\",\"image\":{\"@type\":\"ImageObject\",\"inLanguage\":\"de\",\"@id\":\"https:\\\/\\\/secure.gravatar.com\\\/avatar\\\/426f4d5b0ebcace85460caf87cdaaa193694b611e990615d87a13f322fb7ee7f?s=96&d=mm&r=g\",\"url\":\"https:\\\/\\\/secure.gravatar.com\\\/avatar\\\/426f4d5b0ebcace85460caf87cdaaa193694b611e990615d87a13f322fb7ee7f?s=96&d=mm&r=g\",\"contentUrl\":\"https:\\\/\\\/secure.gravatar.com\\\/avatar\\\/426f4d5b0ebcace85460caf87cdaaa193694b611e990615d87a13f322fb7ee7f?s=96&d=mm&r=g\",\"caption\":\"fmsb\"},\"sameAs\":[\"https:\\\/\\\/x.com\\\/fmsb-disstint\"],\"url\":\"https:\\\/\\\/fmsb.eu\\\/de\\\/author\\\/fmsb\\\/\"}]}<\/script>\n<!-- \/ Yoast SEO plugin. -->","yoast_head_json":{"title":"El muerto muy vivo en los pactos sucesorios. Art\u00edculo de opini\u00f3n en Mallorcadiario.com de Jorge S\u00e1inz de Baranda - FMSB Abogados y Economistas en Baleares","robots":{"index":"index","follow":"follow","max-snippet":"max-snippet:-1","max-image-preview":"max-image-preview:large","max-video-preview":"max-video-preview:-1"},"canonical":"https:\/\/fmsb.eu\/de\/2020\/09\/13\/pactos-sucesorios-jorge-sainz-de-baranda\/","og_locale":"de_DE","og_type":"article","og_title":"El muerto muy vivo en los pactos sucesorios. Art\u00edculo de opini\u00f3n en Mallorcadiario.com de Jorge S\u00e1inz de Baranda - FMSB Abogados y Economistas en Baleares","og_description":"mallorcadiario.com\u00a0 Opini\u00f3n DOMINGO 13 DE SEPTIEMBRE DE 2020 El muerto muy vivo en los pactos sucesorios Por\u00a0Jorge S\u00e1inz de Baranda M\u00c1S ART\u00cdCULOS DEL AUTOR &#8222;Aqu\u00ed huele a muerto&#8230; (\u00a1Pues yo no he sido!)&#8220; es una comedia espa\u00f1ola (1989, \u00c1lvaro S\u00e1enz de Heredia), protagonizada por Martes y trece, incre\u00edblemente con un gran \u00e9xito de taquilla en [&hellip;]","og_url":"https:\/\/fmsb.eu\/de\/2020\/09\/13\/pactos-sucesorios-jorge-sainz-de-baranda\/","og_site_name":"FMSB Abogados y Economistas en Baleares","article_published_time":"2020-09-13T00:34:41+00:00","og_image":[{"width":1600,"height":1200,"url":"https:\/\/fmsb.eu\/wp-content\/uploads\/2020\/09\/Jorge-Sainz-de-Baranda-El-muerto-muy-vivo-en-los-pactos-sucesorios.png","type":"image\/png"}],"author":"fmsb","twitter_card":"summary_large_image","twitter_creator":"@fmsb-disstint","twitter_misc":{"Verfasst von":"fmsb","Gesch\u00e4tzte Lesezeit":"4\u00a0Minuten"},"schema":{"@context":"https:\/\/schema.org","@graph":[{"@type":"Article","@id":"https:\/\/fmsb.eu\/de\/2020\/09\/13\/pactos-sucesorios-jorge-sainz-de-baranda\/#article","isPartOf":{"@id":"https:\/\/fmsb.eu\/de\/2020\/09\/13\/pactos-sucesorios-jorge-sainz-de-baranda\/"},"author":{"name":"fmsb","@id":"https:\/\/fmsb.eu\/de\/#\/schema\/person\/9fba7c70814b0cd34d35d655d36a4ca2"},"headline":"El muerto muy vivo en los pactos sucesorios. Art\u00edculo de opini\u00f3n en Mallorcadiario.com de Jorge S\u00e1inz de Baranda","datePublished":"2020-09-13T00:34:41+00:00","mainEntityOfPage":{"@id":"https:\/\/fmsb.eu\/de\/2020\/09\/13\/pactos-sucesorios-jorge-sainz-de-baranda\/"},"wordCount":786,"publisher":{"@id":"https:\/\/fmsb.eu\/de\/#organization"},"image":{"@id":"https:\/\/fmsb.eu\/de\/2020\/09\/13\/pactos-sucesorios-jorge-sainz-de-baranda\/#primaryimage"},"thumbnailUrl":"https:\/\/fmsb.eu\/wp-content\/uploads\/2020\/09\/Jorge-Sainz-de-Baranda-El-muerto-muy-vivo-en-los-pactos-sucesorios.png","keywords":["abogados","articulos","asesores","baleares","compilaci\u00f3n balear","consulta vinculante","derecho fiscal","derecho foral balear","derecho tributario","economistas","el arenal","Hacienda","impuesto de sucesiones","jorge sainz de baranda","mallorca","mallorcadiario","Manacor","opinion","pactos sucesorios","Palma","puerto de andratx"],"articleSection":["blog","Derecho Civil","Derecho Fiscal","Home","Opini\u00f3n"],"inLanguage":"de"},{"@type":"WebPage","@id":"https:\/\/fmsb.eu\/de\/2020\/09\/13\/pactos-sucesorios-jorge-sainz-de-baranda\/","url":"https:\/\/fmsb.eu\/de\/2020\/09\/13\/pactos-sucesorios-jorge-sainz-de-baranda\/","name":"El muerto muy vivo en los pactos sucesorios. Art\u00edculo de opini\u00f3n en Mallorcadiario.com de Jorge S\u00e1inz de Baranda - FMSB Abogados y Economistas en Baleares","isPartOf":{"@id":"https:\/\/fmsb.eu\/de\/#website"},"primaryImageOfPage":{"@id":"https:\/\/fmsb.eu\/de\/2020\/09\/13\/pactos-sucesorios-jorge-sainz-de-baranda\/#primaryimage"},"image":{"@id":"https:\/\/fmsb.eu\/de\/2020\/09\/13\/pactos-sucesorios-jorge-sainz-de-baranda\/#primaryimage"},"thumbnailUrl":"https:\/\/fmsb.eu\/wp-content\/uploads\/2020\/09\/Jorge-Sainz-de-Baranda-El-muerto-muy-vivo-en-los-pactos-sucesorios.png","datePublished":"2020-09-13T00:34:41+00:00","breadcrumb":{"@id":"https:\/\/fmsb.eu\/de\/2020\/09\/13\/pactos-sucesorios-jorge-sainz-de-baranda\/#breadcrumb"},"inLanguage":"de","potentialAction":[{"@type":"ReadAction","target":["https:\/\/fmsb.eu\/de\/2020\/09\/13\/pactos-sucesorios-jorge-sainz-de-baranda\/"]}]},{"@type":"ImageObject","inLanguage":"de","@id":"https:\/\/fmsb.eu\/de\/2020\/09\/13\/pactos-sucesorios-jorge-sainz-de-baranda\/#primaryimage","url":"https:\/\/fmsb.eu\/wp-content\/uploads\/2020\/09\/Jorge-Sainz-de-Baranda-El-muerto-muy-vivo-en-los-pactos-sucesorios.png","contentUrl":"https:\/\/fmsb.eu\/wp-content\/uploads\/2020\/09\/Jorge-Sainz-de-Baranda-El-muerto-muy-vivo-en-los-pactos-sucesorios.png","width":1600,"height":1200},{"@type":"BreadcrumbList","@id":"https:\/\/fmsb.eu\/de\/2020\/09\/13\/pactos-sucesorios-jorge-sainz-de-baranda\/#breadcrumb","itemListElement":[{"@type":"ListItem","position":1,"name":"Portada","item":"https:\/\/fmsb.eu\/de\/"},{"@type":"ListItem","position":2,"name":"El muerto muy vivo en los pactos sucesorios. Art\u00edculo de opini\u00f3n en Mallorcadiario.com de Jorge S\u00e1inz de Baranda"}]},{"@type":"WebSite","@id":"https:\/\/fmsb.eu\/de\/#website","url":"https:\/\/fmsb.eu\/de\/","name":"FMSB Abogados y Economistas en Baleares","description":"","publisher":{"@id":"https:\/\/fmsb.eu\/de\/#organization"},"potentialAction":[{"@type":"SearchAction","target":{"@type":"EntryPoint","urlTemplate":"https:\/\/fmsb.eu\/de\/?s={search_term_string}"},"query-input":{"@type":"PropertyValueSpecification","valueRequired":true,"valueName":"search_term_string"}}],"inLanguage":"de"},{"@type":"Organization","@id":"https:\/\/fmsb.eu\/de\/#organization","name":"FMSB Abogados y Economistas en Baleares","url":"https:\/\/fmsb.eu\/de\/","logo":{"@type":"ImageObject","inLanguage":"de","@id":"https:\/\/fmsb.eu\/de\/#\/schema\/logo\/image\/","url":"https:\/\/fmsb.eu\/wp-content\/uploads\/2025\/02\/logo.svg","contentUrl":"https:\/\/fmsb.eu\/wp-content\/uploads\/2025\/02\/logo.svg","width":154,"height":52,"caption":"FMSB Abogados y Economistas en Baleares"},"image":{"@id":"https:\/\/fmsb.eu\/de\/#\/schema\/logo\/image\/"}},{"@type":"Person","@id":"https:\/\/fmsb.eu\/de\/#\/schema\/person\/9fba7c70814b0cd34d35d655d36a4ca2","name":"fmsb","image":{"@type":"ImageObject","inLanguage":"de","@id":"https:\/\/secure.gravatar.com\/avatar\/426f4d5b0ebcace85460caf87cdaaa193694b611e990615d87a13f322fb7ee7f?s=96&d=mm&r=g","url":"https:\/\/secure.gravatar.com\/avatar\/426f4d5b0ebcace85460caf87cdaaa193694b611e990615d87a13f322fb7ee7f?s=96&d=mm&r=g","contentUrl":"https:\/\/secure.gravatar.com\/avatar\/426f4d5b0ebcace85460caf87cdaaa193694b611e990615d87a13f322fb7ee7f?s=96&d=mm&r=g","caption":"fmsb"},"sameAs":["https:\/\/x.com\/fmsb-disstint"],"url":"https:\/\/fmsb.eu\/de\/author\/fmsb\/"}]}},"_links":{"self":[{"href":"https:\/\/fmsb.eu\/de\/wp-json\/wp\/v2\/posts\/11609","targetHints":{"allow":["GET"]}}],"collection":[{"href":"https:\/\/fmsb.eu\/de\/wp-json\/wp\/v2\/posts"}],"about":[{"href":"https:\/\/fmsb.eu\/de\/wp-json\/wp\/v2\/types\/post"}],"author":[{"embeddable":true,"href":"https:\/\/fmsb.eu\/de\/wp-json\/wp\/v2\/users\/2"}],"replies":[{"embeddable":true,"href":"https:\/\/fmsb.eu\/de\/wp-json\/wp\/v2\/comments?post=11609"}],"version-history":[{"count":0,"href":"https:\/\/fmsb.eu\/de\/wp-json\/wp\/v2\/posts\/11609\/revisions"}],"wp:featuredmedia":[{"embeddable":true,"href":"https:\/\/fmsb.eu\/de\/wp-json\/wp\/v2\/media\/9163"}],"wp:attachment":[{"href":"https:\/\/fmsb.eu\/de\/wp-json\/wp\/v2\/media?parent=11609"}],"wp:term":[{"taxonomy":"category","embeddable":true,"href":"https:\/\/fmsb.eu\/de\/wp-json\/wp\/v2\/categories?post=11609"},{"taxonomy":"post_tag","embeddable":true,"href":"https:\/\/fmsb.eu\/de\/wp-json\/wp\/v2\/tags?post=11609"}],"curies":[{"name":"wp","href":"https:\/\/api.w.org\/{rel}","templated":true}]}}