{"id":11653,"date":"2020-06-27T13:30:04","date_gmt":"2020-06-27T11:30:04","guid":{"rendered":"http:\/\/fmsb.disstintbeta.com\/2020\/06\/27\/situaciones-de-insolvencia-empresarial\/"},"modified":"2020-06-27T13:30:04","modified_gmt":"2020-06-27T11:30:04","slug":"situaciones-de-insolvencia-empresarial","status":"publish","type":"post","link":"https:\/\/fmsb.eu\/de\/2020\/06\/27\/situaciones-de-insolvencia-empresarial\/","title":{"rendered":"Juan Font sobre las situaciones de insolvencia empresarial preconcursales en el consultorio jur\u00eddico de Radio Calvi\u00e0 FM"},"content":{"rendered":"<p><iframe title=\"Juan Font sobre las situaciones de insolvencia pre-concurso de acreedores\" width=\"800\" height=\"450\" src=\"https:\/\/www.youtube.com\/embed\/98akjnntkjw?feature=oembed\" frameborder=\"0\" allow=\"accelerometer; autoplay; clipboard-write; encrypted-media; gyroscope; picture-in-picture; web-share\" referrerpolicy=\"strict-origin-when-cross-origin\" allowfullscreen><\/iframe><\/p>\n<p>Ayer viernes, en el consultorio jur\u00eddico de <a href=\"https:\/\/www.facebook.com\/RadioCalviaFM\/\"><strong>RadioCalvi\u00e0FM<\/strong><\/a> el abogado y socio <strong>Juan Font<\/strong> nos habl\u00f3, en el marco del derecho mercantil concursal, de las situaciones de insolvencia pre-concurso de acreedores: estados de una empresa o un particular que ya no pueden atender las deudas contra\u00eddas, una de las \u00e1reas de especializaci\u00f3n fuerte de nuestro despacho <strong>Font Mora Sainz de Baranda &#8211;<em>abogados y economistas<\/em>&#8211;<\/strong>.<\/p>\n<p>\u00bfA qu\u00e9 se\u00f1ales debe prestar atenci\u00f3n un empresario para ser consciente de las dificultades de la empresa? \u00bfC\u00f3mo afrontar la imposibildad de pagos? \u00bfQu\u00e9 soluciones y procedimientos existen en estas situaciones? \u00bfPuedo renegociar los plazos de pago? \u00bfQu\u00e9 es el concurso de acreedores? \u00bfCu\u00e1ndo debe un empresario acudir al mismo? \u00bfImplica el concurso de acreedores que la empresa est\u00e1 abocada al cierre o es posible la continuidad de la actividad empresarial?<\/p>\n<hr \/>\n<p>#fmsb #abogados #economistas #derecho #concursal #mercantil #insolvencia #pagos #liquidez #empresas #concurso #acreedores #deudas #convenio<\/p>\n","protected":false},"excerpt":{"rendered":"<p>Ayer viernes, en el consultorio jur\u00eddico de RadioCalvi\u00e0FM el abogado y socio Juan Font nos habl\u00f3, en el marco del derecho mercantil concursal, de las situaciones de insolvencia pre-concurso de acreedores: estados de una empresa o un particular que ya no pueden atender las deudas contra\u00eddas, una de las \u00e1reas de especializaci\u00f3n fuerte de nuestro [&hellip;]<\/p>\n","protected":false},"author":2,"featured_media":9305,"comment_status":"closed","ping_status":"open","sticky":false,"template":"","format":"standard","meta":{"footnotes":""},"categories":[2199,3195,2986,2202],"tags":[2206,2871,2993,5136,2216,2680,2218,3004,5679,2223,2224,3007,3013,5680,5681],"class_list":["post-11653","post","type-post","status-publish","format-standard","has-post-thumbnail","hentry","category-blog-de","category-derecho-concursal-de","category-derecho-mercantil-de","category-home-de","tag-abogados-de","tag-concursal-de","tag-concurso-de-acreedores-de","tag-convenio-de","tag-derecho-de","tag-deudas-de","tag-economistas-de","tag-empresas-de","tag-falta-de-liquidez-de","tag-fmsb-de","tag-font-mora-sainz-de-baranda-de","tag-insolvencia-de","tag-mercantil-de","tag-profesionales-de","tag-retraso-en-los-pagos-de"],"yoast_head":"<!-- This site is optimized with the Yoast SEO plugin v27.3 - https:\/\/yoast.com\/product\/yoast-seo-wordpress\/ -->\n<title>Juan Font sobre las situaciones de insolvencia empresarial preconcursales en el consultorio jur\u00eddico de Radio Calvi\u00e0 FM - FMSB Abogados y Economistas en Baleares<\/title>\n<meta name=\"robots\" content=\"index, follow, max-snippet:-1, max-image-preview:large, max-video-preview:-1\" \/>\n<link rel=\"canonical\" href=\"https:\/\/fmsb.eu\/de\/2020\/06\/27\/situaciones-de-insolvencia-empresarial\/\" \/>\n<meta property=\"og:locale\" content=\"de_DE\" \/>\n<meta property=\"og:type\" content=\"article\" \/>\n<meta property=\"og:title\" content=\"Juan Font sobre las situaciones de insolvencia empresarial preconcursales en el consultorio jur\u00eddico de Radio Calvi\u00e0 FM - FMSB Abogados y Economistas en Baleares\" \/>\n<meta property=\"og:description\" content=\"Ayer viernes, en el consultorio jur\u00eddico de RadioCalvi\u00e0FM el abogado y socio Juan Font nos habl\u00f3, en el marco del derecho mercantil concursal, de las situaciones de insolvencia pre-concurso de acreedores: estados de una empresa o un particular que ya no pueden atender las deudas contra\u00eddas, una de las \u00e1reas de especializaci\u00f3n fuerte de nuestro [&hellip;]\" \/>\n<meta property=\"og:url\" content=\"https:\/\/fmsb.eu\/de\/2020\/06\/27\/situaciones-de-insolvencia-empresarial\/\" \/>\n<meta property=\"og:site_name\" content=\"FMSB Abogados y Economistas en Baleares\" \/>\n<meta property=\"article:published_time\" content=\"2020-06-27T11:30:04+00:00\" \/>\n<meta property=\"og:image\" content=\"https:\/\/fmsb.eu\/wp-content\/uploads\/2020\/06\/Juan-Miguel-Font-FMSB-Abogados-Insolvencias-Concursos.jpg\" \/>\n\t<meta property=\"og:image:width\" content=\"988\" \/>\n\t<meta property=\"og:image:height\" content=\"559\" \/>\n\t<meta property=\"og:image:type\" content=\"image\/jpeg\" \/>\n<meta name=\"author\" content=\"fmsb\" \/>\n<meta name=\"twitter:card\" content=\"summary_large_image\" \/>\n<meta name=\"twitter:creator\" content=\"@fmsb-disstint\" \/>\n<meta name=\"twitter:label1\" content=\"Verfasst von\" \/>\n\t<meta name=\"twitter:data1\" content=\"fmsb\" \/>\n\t<meta name=\"twitter:label2\" content=\"Gesch\u00e4tzte Lesezeit\" \/>\n\t<meta name=\"twitter:data2\" content=\"1\u00a0Minute\" \/>\n<script type=\"application\/ld+json\" class=\"yoast-schema-graph\">{\"@context\":\"https:\\\/\\\/schema.org\",\"@graph\":[{\"@type\":\"Article\",\"@id\":\"https:\\\/\\\/fmsb.eu\\\/de\\\/2020\\\/06\\\/27\\\/situaciones-de-insolvencia-empresarial\\\/#article\",\"isPartOf\":{\"@id\":\"https:\\\/\\\/fmsb.eu\\\/de\\\/2020\\\/06\\\/27\\\/situaciones-de-insolvencia-empresarial\\\/\"},\"author\":{\"name\":\"fmsb\",\"@id\":\"https:\\\/\\\/fmsb.eu\\\/de\\\/#\\\/schema\\\/person\\\/9fba7c70814b0cd34d35d655d36a4ca2\"},\"headline\":\"Juan Font sobre las situaciones de insolvencia empresarial preconcursales en el consultorio jur\u00eddico de Radio Calvi\u00e0 FM\",\"datePublished\":\"2020-06-27T11:30:04+00:00\",\"mainEntityOfPage\":{\"@id\":\"https:\\\/\\\/fmsb.eu\\\/de\\\/2020\\\/06\\\/27\\\/situaciones-de-insolvencia-empresarial\\\/\"},\"wordCount\":179,\"publisher\":{\"@id\":\"https:\\\/\\\/fmsb.eu\\\/de\\\/#organization\"},\"image\":{\"@id\":\"https:\\\/\\\/fmsb.eu\\\/de\\\/2020\\\/06\\\/27\\\/situaciones-de-insolvencia-empresarial\\\/#primaryimage\"},\"thumbnailUrl\":\"https:\\\/\\\/fmsb.eu\\\/wp-content\\\/uploads\\\/2020\\\/06\\\/Juan-Miguel-Font-FMSB-Abogados-Insolvencias-Concursos.jpg\",\"keywords\":[\"abogados\",\"concursal\",\"concurso de acreedores\",\"convenio\",\"derecho\",\"deudas\",\"economistas\",\"empresas\",\"falta de liquidez\",\"fmsb\",\"font mora sainz de baranda\",\"insolvencia\",\"mercantil\",\"profesionales\",\"retraso en los pagos\"],\"articleSection\":[\"blog\",\"Derecho Concursal\",\"Derecho Mercantil\",\"Home\"],\"inLanguage\":\"de\"},{\"@type\":\"WebPage\",\"@id\":\"https:\\\/\\\/fmsb.eu\\\/de\\\/2020\\\/06\\\/27\\\/situaciones-de-insolvencia-empresarial\\\/\",\"url\":\"https:\\\/\\\/fmsb.eu\\\/de\\\/2020\\\/06\\\/27\\\/situaciones-de-insolvencia-empresarial\\\/\",\"name\":\"Juan Font sobre las situaciones de insolvencia empresarial preconcursales en el consultorio jur\u00eddico de Radio Calvi\u00e0 FM - FMSB Abogados y Economistas en Baleares\",\"isPartOf\":{\"@id\":\"https:\\\/\\\/fmsb.eu\\\/de\\\/#website\"},\"primaryImageOfPage\":{\"@id\":\"https:\\\/\\\/fmsb.eu\\\/de\\\/2020\\\/06\\\/27\\\/situaciones-de-insolvencia-empresarial\\\/#primaryimage\"},\"image\":{\"@id\":\"https:\\\/\\\/fmsb.eu\\\/de\\\/2020\\\/06\\\/27\\\/situaciones-de-insolvencia-empresarial\\\/#primaryimage\"},\"thumbnailUrl\":\"https:\\\/\\\/fmsb.eu\\\/wp-content\\\/uploads\\\/2020\\\/06\\\/Juan-Miguel-Font-FMSB-Abogados-Insolvencias-Concursos.jpg\",\"datePublished\":\"2020-06-27T11:30:04+00:00\",\"breadcrumb\":{\"@id\":\"https:\\\/\\\/fmsb.eu\\\/de\\\/2020\\\/06\\\/27\\\/situaciones-de-insolvencia-empresarial\\\/#breadcrumb\"},\"inLanguage\":\"de\",\"potentialAction\":[{\"@type\":\"ReadAction\",\"target\":[\"https:\\\/\\\/fmsb.eu\\\/de\\\/2020\\\/06\\\/27\\\/situaciones-de-insolvencia-empresarial\\\/\"]}]},{\"@type\":\"ImageObject\",\"inLanguage\":\"de\",\"@id\":\"https:\\\/\\\/fmsb.eu\\\/de\\\/2020\\\/06\\\/27\\\/situaciones-de-insolvencia-empresarial\\\/#primaryimage\",\"url\":\"https:\\\/\\\/fmsb.eu\\\/wp-content\\\/uploads\\\/2020\\\/06\\\/Juan-Miguel-Font-FMSB-Abogados-Insolvencias-Concursos.jpg\",\"contentUrl\":\"https:\\\/\\\/fmsb.eu\\\/wp-content\\\/uploads\\\/2020\\\/06\\\/Juan-Miguel-Font-FMSB-Abogados-Insolvencias-Concursos.jpg\",\"width\":988,\"height\":559},{\"@type\":\"BreadcrumbList\",\"@id\":\"https:\\\/\\\/fmsb.eu\\\/de\\\/2020\\\/06\\\/27\\\/situaciones-de-insolvencia-empresarial\\\/#breadcrumb\",\"itemListElement\":[{\"@type\":\"ListItem\",\"position\":1,\"name\":\"Portada\",\"item\":\"https:\\\/\\\/fmsb.eu\\\/de\\\/\"},{\"@type\":\"ListItem\",\"position\":2,\"name\":\"Juan Font sobre las situaciones de insolvencia empresarial preconcursales en el consultorio jur\u00eddico de Radio Calvi\u00e0 FM\"}]},{\"@type\":\"WebSite\",\"@id\":\"https:\\\/\\\/fmsb.eu\\\/de\\\/#website\",\"url\":\"https:\\\/\\\/fmsb.eu\\\/de\\\/\",\"name\":\"FMSB Abogados y Economistas en Baleares\",\"description\":\"\",\"publisher\":{\"@id\":\"https:\\\/\\\/fmsb.eu\\\/de\\\/#organization\"},\"potentialAction\":[{\"@type\":\"SearchAction\",\"target\":{\"@type\":\"EntryPoint\",\"urlTemplate\":\"https:\\\/\\\/fmsb.eu\\\/de\\\/?s={search_term_string}\"},\"query-input\":{\"@type\":\"PropertyValueSpecification\",\"valueRequired\":true,\"valueName\":\"search_term_string\"}}],\"inLanguage\":\"de\"},{\"@type\":\"Organization\",\"@id\":\"https:\\\/\\\/fmsb.eu\\\/de\\\/#organization\",\"name\":\"FMSB Abogados y Economistas en Baleares\",\"url\":\"https:\\\/\\\/fmsb.eu\\\/de\\\/\",\"logo\":{\"@type\":\"ImageObject\",\"inLanguage\":\"de\",\"@id\":\"https:\\\/\\\/fmsb.eu\\\/de\\\/#\\\/schema\\\/logo\\\/image\\\/\",\"url\":\"https:\\\/\\\/fmsb.eu\\\/wp-content\\\/uploads\\\/2025\\\/02\\\/logo.svg\",\"contentUrl\":\"https:\\\/\\\/fmsb.eu\\\/wp-content\\\/uploads\\\/2025\\\/02\\\/logo.svg\",\"width\":154,\"height\":52,\"caption\":\"FMSB Abogados y Economistas en Baleares\"},\"image\":{\"@id\":\"https:\\\/\\\/fmsb.eu\\\/de\\\/#\\\/schema\\\/logo\\\/image\\\/\"}},{\"@type\":\"Person\",\"@id\":\"https:\\\/\\\/fmsb.eu\\\/de\\\/#\\\/schema\\\/person\\\/9fba7c70814b0cd34d35d655d36a4ca2\",\"name\":\"fmsb\",\"image\":{\"@type\":\"ImageObject\",\"inLanguage\":\"de\",\"@id\":\"https:\\\/\\\/secure.gravatar.com\\\/avatar\\\/426f4d5b0ebcace85460caf87cdaaa193694b611e990615d87a13f322fb7ee7f?s=96&d=mm&r=g\",\"url\":\"https:\\\/\\\/secure.gravatar.com\\\/avatar\\\/426f4d5b0ebcace85460caf87cdaaa193694b611e990615d87a13f322fb7ee7f?s=96&d=mm&r=g\",\"contentUrl\":\"https:\\\/\\\/secure.gravatar.com\\\/avatar\\\/426f4d5b0ebcace85460caf87cdaaa193694b611e990615d87a13f322fb7ee7f?s=96&d=mm&r=g\",\"caption\":\"fmsb\"},\"sameAs\":[\"https:\\\/\\\/x.com\\\/fmsb-disstint\"],\"url\":\"https:\\\/\\\/fmsb.eu\\\/de\\\/author\\\/fmsb\\\/\"}]}<\/script>\n<!-- \/ Yoast SEO plugin. -->","yoast_head_json":{"title":"Juan Font sobre las situaciones de insolvencia empresarial preconcursales en el consultorio jur\u00eddico de Radio Calvi\u00e0 FM - FMSB Abogados y Economistas en Baleares","robots":{"index":"index","follow":"follow","max-snippet":"max-snippet:-1","max-image-preview":"max-image-preview:large","max-video-preview":"max-video-preview:-1"},"canonical":"https:\/\/fmsb.eu\/de\/2020\/06\/27\/situaciones-de-insolvencia-empresarial\/","og_locale":"de_DE","og_type":"article","og_title":"Juan Font sobre las situaciones de insolvencia empresarial preconcursales en el consultorio jur\u00eddico de Radio Calvi\u00e0 FM - FMSB Abogados y Economistas en Baleares","og_description":"Ayer viernes, en el consultorio jur\u00eddico de RadioCalvi\u00e0FM el abogado y socio Juan Font nos habl\u00f3, en el marco del derecho mercantil concursal, de las situaciones de insolvencia pre-concurso de acreedores: estados de una empresa o un particular que ya no pueden atender las deudas contra\u00eddas, una de las \u00e1reas de especializaci\u00f3n fuerte de nuestro [&hellip;]","og_url":"https:\/\/fmsb.eu\/de\/2020\/06\/27\/situaciones-de-insolvencia-empresarial\/","og_site_name":"FMSB Abogados y Economistas en Baleares","article_published_time":"2020-06-27T11:30:04+00:00","og_image":[{"width":988,"height":559,"url":"https:\/\/fmsb.eu\/wp-content\/uploads\/2020\/06\/Juan-Miguel-Font-FMSB-Abogados-Insolvencias-Concursos.jpg","type":"image\/jpeg"}],"author":"fmsb","twitter_card":"summary_large_image","twitter_creator":"@fmsb-disstint","twitter_misc":{"Verfasst von":"fmsb","Gesch\u00e4tzte Lesezeit":"1\u00a0Minute"},"schema":{"@context":"https:\/\/schema.org","@graph":[{"@type":"Article","@id":"https:\/\/fmsb.eu\/de\/2020\/06\/27\/situaciones-de-insolvencia-empresarial\/#article","isPartOf":{"@id":"https:\/\/fmsb.eu\/de\/2020\/06\/27\/situaciones-de-insolvencia-empresarial\/"},"author":{"name":"fmsb","@id":"https:\/\/fmsb.eu\/de\/#\/schema\/person\/9fba7c70814b0cd34d35d655d36a4ca2"},"headline":"Juan Font sobre las situaciones de insolvencia empresarial preconcursales en el consultorio jur\u00eddico de Radio Calvi\u00e0 FM","datePublished":"2020-06-27T11:30:04+00:00","mainEntityOfPage":{"@id":"https:\/\/fmsb.eu\/de\/2020\/06\/27\/situaciones-de-insolvencia-empresarial\/"},"wordCount":179,"publisher":{"@id":"https:\/\/fmsb.eu\/de\/#organization"},"image":{"@id":"https:\/\/fmsb.eu\/de\/2020\/06\/27\/situaciones-de-insolvencia-empresarial\/#primaryimage"},"thumbnailUrl":"https:\/\/fmsb.eu\/wp-content\/uploads\/2020\/06\/Juan-Miguel-Font-FMSB-Abogados-Insolvencias-Concursos.jpg","keywords":["abogados","concursal","concurso de acreedores","convenio","derecho","deudas","economistas","empresas","falta de liquidez","fmsb","font mora sainz de baranda","insolvencia","mercantil","profesionales","retraso en los pagos"],"articleSection":["blog","Derecho Concursal","Derecho Mercantil","Home"],"inLanguage":"de"},{"@type":"WebPage","@id":"https:\/\/fmsb.eu\/de\/2020\/06\/27\/situaciones-de-insolvencia-empresarial\/","url":"https:\/\/fmsb.eu\/de\/2020\/06\/27\/situaciones-de-insolvencia-empresarial\/","name":"Juan Font sobre las situaciones de insolvencia empresarial preconcursales en el consultorio jur\u00eddico de Radio Calvi\u00e0 FM - FMSB Abogados y Economistas en Baleares","isPartOf":{"@id":"https:\/\/fmsb.eu\/de\/#website"},"primaryImageOfPage":{"@id":"https:\/\/fmsb.eu\/de\/2020\/06\/27\/situaciones-de-insolvencia-empresarial\/#primaryimage"},"image":{"@id":"https:\/\/fmsb.eu\/de\/2020\/06\/27\/situaciones-de-insolvencia-empresarial\/#primaryimage"},"thumbnailUrl":"https:\/\/fmsb.eu\/wp-content\/uploads\/2020\/06\/Juan-Miguel-Font-FMSB-Abogados-Insolvencias-Concursos.jpg","datePublished":"2020-06-27T11:30:04+00:00","breadcrumb":{"@id":"https:\/\/fmsb.eu\/de\/2020\/06\/27\/situaciones-de-insolvencia-empresarial\/#breadcrumb"},"inLanguage":"de","potentialAction":[{"@type":"ReadAction","target":["https:\/\/fmsb.eu\/de\/2020\/06\/27\/situaciones-de-insolvencia-empresarial\/"]}]},{"@type":"ImageObject","inLanguage":"de","@id":"https:\/\/fmsb.eu\/de\/2020\/06\/27\/situaciones-de-insolvencia-empresarial\/#primaryimage","url":"https:\/\/fmsb.eu\/wp-content\/uploads\/2020\/06\/Juan-Miguel-Font-FMSB-Abogados-Insolvencias-Concursos.jpg","contentUrl":"https:\/\/fmsb.eu\/wp-content\/uploads\/2020\/06\/Juan-Miguel-Font-FMSB-Abogados-Insolvencias-Concursos.jpg","width":988,"height":559},{"@type":"BreadcrumbList","@id":"https:\/\/fmsb.eu\/de\/2020\/06\/27\/situaciones-de-insolvencia-empresarial\/#breadcrumb","itemListElement":[{"@type":"ListItem","position":1,"name":"Portada","item":"https:\/\/fmsb.eu\/de\/"},{"@type":"ListItem","position":2,"name":"Juan Font sobre las situaciones de insolvencia empresarial preconcursales en el consultorio jur\u00eddico de Radio Calvi\u00e0 FM"}]},{"@type":"WebSite","@id":"https:\/\/fmsb.eu\/de\/#website","url":"https:\/\/fmsb.eu\/de\/","name":"FMSB Abogados y Economistas en Baleares","description":"","publisher":{"@id":"https:\/\/fmsb.eu\/de\/#organization"},"potentialAction":[{"@type":"SearchAction","target":{"@type":"EntryPoint","urlTemplate":"https:\/\/fmsb.eu\/de\/?s={search_term_string}"},"query-input":{"@type":"PropertyValueSpecification","valueRequired":true,"valueName":"search_term_string"}}],"inLanguage":"de"},{"@type":"Organization","@id":"https:\/\/fmsb.eu\/de\/#organization","name":"FMSB Abogados y Economistas en Baleares","url":"https:\/\/fmsb.eu\/de\/","logo":{"@type":"ImageObject","inLanguage":"de","@id":"https:\/\/fmsb.eu\/de\/#\/schema\/logo\/image\/","url":"https:\/\/fmsb.eu\/wp-content\/uploads\/2025\/02\/logo.svg","contentUrl":"https:\/\/fmsb.eu\/wp-content\/uploads\/2025\/02\/logo.svg","width":154,"height":52,"caption":"FMSB Abogados y Economistas en Baleares"},"image":{"@id":"https:\/\/fmsb.eu\/de\/#\/schema\/logo\/image\/"}},{"@type":"Person","@id":"https:\/\/fmsb.eu\/de\/#\/schema\/person\/9fba7c70814b0cd34d35d655d36a4ca2","name":"fmsb","image":{"@type":"ImageObject","inLanguage":"de","@id":"https:\/\/secure.gravatar.com\/avatar\/426f4d5b0ebcace85460caf87cdaaa193694b611e990615d87a13f322fb7ee7f?s=96&d=mm&r=g","url":"https:\/\/secure.gravatar.com\/avatar\/426f4d5b0ebcace85460caf87cdaaa193694b611e990615d87a13f322fb7ee7f?s=96&d=mm&r=g","contentUrl":"https:\/\/secure.gravatar.com\/avatar\/426f4d5b0ebcace85460caf87cdaaa193694b611e990615d87a13f322fb7ee7f?s=96&d=mm&r=g","caption":"fmsb"},"sameAs":["https:\/\/x.com\/fmsb-disstint"],"url":"https:\/\/fmsb.eu\/de\/author\/fmsb\/"}]}},"_links":{"self":[{"href":"https:\/\/fmsb.eu\/de\/wp-json\/wp\/v2\/posts\/11653","targetHints":{"allow":["GET"]}}],"collection":[{"href":"https:\/\/fmsb.eu\/de\/wp-json\/wp\/v2\/posts"}],"about":[{"href":"https:\/\/fmsb.eu\/de\/wp-json\/wp\/v2\/types\/post"}],"author":[{"embeddable":true,"href":"https:\/\/fmsb.eu\/de\/wp-json\/wp\/v2\/users\/2"}],"replies":[{"embeddable":true,"href":"https:\/\/fmsb.eu\/de\/wp-json\/wp\/v2\/comments?post=11653"}],"version-history":[{"count":0,"href":"https:\/\/fmsb.eu\/de\/wp-json\/wp\/v2\/posts\/11653\/revisions"}],"wp:featuredmedia":[{"embeddable":true,"href":"https:\/\/fmsb.eu\/de\/wp-json\/wp\/v2\/media\/9305"}],"wp:attachment":[{"href":"https:\/\/fmsb.eu\/de\/wp-json\/wp\/v2\/media?parent=11653"}],"wp:term":[{"taxonomy":"category","embeddable":true,"href":"https:\/\/fmsb.eu\/de\/wp-json\/wp\/v2\/categories?post=11653"},{"taxonomy":"post_tag","embeddable":true,"href":"https:\/\/fmsb.eu\/de\/wp-json\/wp\/v2\/tags?post=11653"}],"curies":[{"name":"wp","href":"https:\/\/api.w.org\/{rel}","templated":true}]}}