{"id":11657,"date":"2020-06-15T13:33:28","date_gmt":"2020-06-15T11:33:28","guid":{"rendered":"http:\/\/fmsb.disstintbeta.com\/2020\/06\/15\/miquel-font-responsabilidad-administradores-sl-sa\/"},"modified":"2020-06-15T13:33:28","modified_gmt":"2020-06-15T11:33:28","slug":"miquel-font-responsabilidad-administradores-sl-sa","status":"publish","type":"post","link":"https:\/\/fmsb.eu\/de\/2020\/06\/15\/miquel-font-responsabilidad-administradores-sl-sa\/","title":{"rendered":"Miquel Font sobre la responsabilidad de los administradores de sociedades an\u00f3nimas y limitadas"},"content":{"rendered":"<p><iframe title=\"Miquel Font sobre la responsabilidad de los administradores de sociedades an\u00f3nimas y limitadas\" width=\"800\" height=\"450\" src=\"https:\/\/www.youtube.com\/embed\/X6jkJAfHJvo?feature=oembed\" frameborder=\"0\" allow=\"accelerometer; autoplay; clipboard-write; encrypted-media; gyroscope; picture-in-picture; web-share\" referrerpolicy=\"strict-origin-when-cross-origin\" allowfullscreen><\/iframe><\/p>\n<div id=\"js_5m\" class=\"_5pbx userContent _3576\" data-testid=\"post_message\" data-ft=\"{&quot;tn&quot;:&quot;K&quot;}\">\n<p>El abogado <strong>Font Mora Sainz de Baranda &#8211;<em>abogados y economistas en Baleares<\/em>&#8211;<\/strong> <strong>Miguel Font Carvajal<\/strong> hoy dedica el consultorio jur\u00eddico en <strong>Radio Calvi\u00e0 FM<\/strong> a hablar de los distintos supuestos de <strong>responsabilidad de los administradores de las sociedades an\u00f3nimas y las limitadas<\/strong>.<\/p>\n<p>&nbsp;<\/p>\n<hr \/>\n<p>#fmsb #abogados #economistas #derecho #mercantil #responsabilidad #administradores #sociedades #empresa #socios<\/p>\n<\/div>\n","protected":false},"excerpt":{"rendered":"<p>El abogado Font Mora Sainz de Baranda &#8211;abogados y economistas en Baleares&#8211; Miguel Font Carvajal hoy dedica el consultorio jur\u00eddico en Radio Calvi\u00e0 FM a hablar de los distintos supuestos de responsabilidad de los administradores de las sociedades an\u00f3nimas y las limitadas. &nbsp; #fmsb #abogados #economistas #derecho #mercantil #responsabilidad #administradores #sociedades #empresa #socios<\/p>\n","protected":false},"author":2,"featured_media":9129,"comment_status":"closed","ping_status":"open","sticky":false,"template":"","format":"standard","meta":{"footnotes":""},"categories":[2199,2986,2202],"tags":[5690,2470,5691,5692,2223,2224,5693,5694,5695,4372],"class_list":["post-11657","post","type-post","status-publish","format-standard","has-post-thumbnail","hentry","category-blog-de","category-derecho-mercantil-de","category-home-de","tag-abogados-en-baleares-de","tag-derecho-mercantil-de","tag-economistas-en-baleares-de","tag-empresa-de","tag-fmsb-de","tag-font-mora-sainz-de-baranda-de","tag-responsabilidad-de-los-administradores-de","tag-sociedades-anonimas-de","tag-sociedades-limitadas-de","tag-socios-de"],"yoast_head":"<!-- This site is optimized with the Yoast SEO plugin v27.3 - https:\/\/yoast.com\/product\/yoast-seo-wordpress\/ -->\n<title>Miquel Font sobre la responsabilidad de los administradores de sociedades an\u00f3nimas y limitadas - FMSB Abogados y Economistas en Baleares<\/title>\n<meta name=\"robots\" content=\"index, follow, max-snippet:-1, max-image-preview:large, max-video-preview:-1\" \/>\n<link rel=\"canonical\" href=\"https:\/\/fmsb.eu\/de\/2020\/06\/15\/miquel-font-responsabilidad-administradores-sl-sa\/\" \/>\n<meta property=\"og:locale\" content=\"de_DE\" \/>\n<meta property=\"og:type\" content=\"article\" \/>\n<meta property=\"og:title\" content=\"Miquel Font sobre la responsabilidad de los administradores de sociedades an\u00f3nimas y limitadas - FMSB Abogados y Economistas en Baleares\" \/>\n<meta property=\"og:description\" content=\"El abogado Font Mora Sainz de Baranda &#8211;abogados y economistas en Baleares&#8211; Miguel Font Carvajal hoy dedica el consultorio jur\u00eddico en Radio Calvi\u00e0 FM a hablar de los distintos supuestos de responsabilidad de los administradores de las sociedades an\u00f3nimas y las limitadas. &nbsp; #fmsb #abogados #economistas #derecho #mercantil #responsabilidad #administradores #sociedades #empresa #socios\" \/>\n<meta property=\"og:url\" content=\"https:\/\/fmsb.eu\/de\/2020\/06\/15\/miquel-font-responsabilidad-administradores-sl-sa\/\" \/>\n<meta property=\"og:site_name\" content=\"FMSB Abogados y Economistas en Baleares\" \/>\n<meta property=\"article:published_time\" content=\"2020-06-15T11:33:28+00:00\" \/>\n<meta property=\"og:image\" content=\"https:\/\/fmsb.eu\/wp-content\/uploads\/2020\/06\/Captura-Miquel-Font-FMSB-Abogados-Derecho-Mercantil.jpg\" \/>\n\t<meta property=\"og:image:width\" content=\"1185\" \/>\n\t<meta property=\"og:image:height\" content=\"670\" \/>\n\t<meta property=\"og:image:type\" content=\"image\/jpeg\" \/>\n<meta name=\"author\" content=\"fmsb\" \/>\n<meta name=\"twitter:card\" content=\"summary_large_image\" \/>\n<meta name=\"twitter:creator\" content=\"@fmsb-disstint\" \/>\n<meta name=\"twitter:label1\" content=\"Verfasst von\" \/>\n\t<meta name=\"twitter:data1\" content=\"fmsb\" \/>\n<script type=\"application\/ld+json\" class=\"yoast-schema-graph\">{\"@context\":\"https:\\\/\\\/schema.org\",\"@graph\":[{\"@type\":\"Article\",\"@id\":\"https:\\\/\\\/fmsb.eu\\\/de\\\/2020\\\/06\\\/15\\\/miquel-font-responsabilidad-administradores-sl-sa\\\/#article\",\"isPartOf\":{\"@id\":\"https:\\\/\\\/fmsb.eu\\\/de\\\/2020\\\/06\\\/15\\\/miquel-font-responsabilidad-administradores-sl-sa\\\/\"},\"author\":{\"name\":\"fmsb\",\"@id\":\"https:\\\/\\\/fmsb.eu\\\/de\\\/#\\\/schema\\\/person\\\/9fba7c70814b0cd34d35d655d36a4ca2\"},\"headline\":\"Miquel Font sobre la responsabilidad de los administradores de sociedades an\u00f3nimas y limitadas\",\"datePublished\":\"2020-06-15T11:33:28+00:00\",\"mainEntityOfPage\":{\"@id\":\"https:\\\/\\\/fmsb.eu\\\/de\\\/2020\\\/06\\\/15\\\/miquel-font-responsabilidad-administradores-sl-sa\\\/\"},\"wordCount\":74,\"publisher\":{\"@id\":\"https:\\\/\\\/fmsb.eu\\\/de\\\/#organization\"},\"image\":{\"@id\":\"https:\\\/\\\/fmsb.eu\\\/de\\\/2020\\\/06\\\/15\\\/miquel-font-responsabilidad-administradores-sl-sa\\\/#primaryimage\"},\"thumbnailUrl\":\"https:\\\/\\\/fmsb.eu\\\/wp-content\\\/uploads\\\/2020\\\/06\\\/Captura-Miquel-Font-FMSB-Abogados-Derecho-Mercantil.jpg\",\"keywords\":[\"abogados en Baleares\",\"Derecho Mercantil\",\"economistas en Baleares\",\"empresa\",\"fmsb\",\"font mora sainz de baranda\",\"responsabilidad de los administradores\",\"sociedades an\u00f3nimas\",\"sociedades limitadas\",\"socios\"],\"articleSection\":[\"blog\",\"Derecho Mercantil\",\"Home\"],\"inLanguage\":\"de\"},{\"@type\":\"WebPage\",\"@id\":\"https:\\\/\\\/fmsb.eu\\\/de\\\/2020\\\/06\\\/15\\\/miquel-font-responsabilidad-administradores-sl-sa\\\/\",\"url\":\"https:\\\/\\\/fmsb.eu\\\/de\\\/2020\\\/06\\\/15\\\/miquel-font-responsabilidad-administradores-sl-sa\\\/\",\"name\":\"Miquel Font sobre la responsabilidad de los administradores de sociedades an\u00f3nimas y limitadas - FMSB Abogados y Economistas en Baleares\",\"isPartOf\":{\"@id\":\"https:\\\/\\\/fmsb.eu\\\/de\\\/#website\"},\"primaryImageOfPage\":{\"@id\":\"https:\\\/\\\/fmsb.eu\\\/de\\\/2020\\\/06\\\/15\\\/miquel-font-responsabilidad-administradores-sl-sa\\\/#primaryimage\"},\"image\":{\"@id\":\"https:\\\/\\\/fmsb.eu\\\/de\\\/2020\\\/06\\\/15\\\/miquel-font-responsabilidad-administradores-sl-sa\\\/#primaryimage\"},\"thumbnailUrl\":\"https:\\\/\\\/fmsb.eu\\\/wp-content\\\/uploads\\\/2020\\\/06\\\/Captura-Miquel-Font-FMSB-Abogados-Derecho-Mercantil.jpg\",\"datePublished\":\"2020-06-15T11:33:28+00:00\",\"breadcrumb\":{\"@id\":\"https:\\\/\\\/fmsb.eu\\\/de\\\/2020\\\/06\\\/15\\\/miquel-font-responsabilidad-administradores-sl-sa\\\/#breadcrumb\"},\"inLanguage\":\"de\",\"potentialAction\":[{\"@type\":\"ReadAction\",\"target\":[\"https:\\\/\\\/fmsb.eu\\\/de\\\/2020\\\/06\\\/15\\\/miquel-font-responsabilidad-administradores-sl-sa\\\/\"]}]},{\"@type\":\"ImageObject\",\"inLanguage\":\"de\",\"@id\":\"https:\\\/\\\/fmsb.eu\\\/de\\\/2020\\\/06\\\/15\\\/miquel-font-responsabilidad-administradores-sl-sa\\\/#primaryimage\",\"url\":\"https:\\\/\\\/fmsb.eu\\\/wp-content\\\/uploads\\\/2020\\\/06\\\/Captura-Miquel-Font-FMSB-Abogados-Derecho-Mercantil.jpg\",\"contentUrl\":\"https:\\\/\\\/fmsb.eu\\\/wp-content\\\/uploads\\\/2020\\\/06\\\/Captura-Miquel-Font-FMSB-Abogados-Derecho-Mercantil.jpg\",\"width\":1185,\"height\":670},{\"@type\":\"BreadcrumbList\",\"@id\":\"https:\\\/\\\/fmsb.eu\\\/de\\\/2020\\\/06\\\/15\\\/miquel-font-responsabilidad-administradores-sl-sa\\\/#breadcrumb\",\"itemListElement\":[{\"@type\":\"ListItem\",\"position\":1,\"name\":\"Portada\",\"item\":\"https:\\\/\\\/fmsb.eu\\\/de\\\/\"},{\"@type\":\"ListItem\",\"position\":2,\"name\":\"Miquel Font sobre la responsabilidad de los administradores de sociedades an\u00f3nimas y limitadas\"}]},{\"@type\":\"WebSite\",\"@id\":\"https:\\\/\\\/fmsb.eu\\\/de\\\/#website\",\"url\":\"https:\\\/\\\/fmsb.eu\\\/de\\\/\",\"name\":\"FMSB Abogados y Economistas en Baleares\",\"description\":\"\",\"publisher\":{\"@id\":\"https:\\\/\\\/fmsb.eu\\\/de\\\/#organization\"},\"potentialAction\":[{\"@type\":\"SearchAction\",\"target\":{\"@type\":\"EntryPoint\",\"urlTemplate\":\"https:\\\/\\\/fmsb.eu\\\/de\\\/?s={search_term_string}\"},\"query-input\":{\"@type\":\"PropertyValueSpecification\",\"valueRequired\":true,\"valueName\":\"search_term_string\"}}],\"inLanguage\":\"de\"},{\"@type\":\"Organization\",\"@id\":\"https:\\\/\\\/fmsb.eu\\\/de\\\/#organization\",\"name\":\"FMSB Abogados y Economistas en Baleares\",\"url\":\"https:\\\/\\\/fmsb.eu\\\/de\\\/\",\"logo\":{\"@type\":\"ImageObject\",\"inLanguage\":\"de\",\"@id\":\"https:\\\/\\\/fmsb.eu\\\/de\\\/#\\\/schema\\\/logo\\\/image\\\/\",\"url\":\"https:\\\/\\\/fmsb.eu\\\/wp-content\\\/uploads\\\/2025\\\/02\\\/logo.svg\",\"contentUrl\":\"https:\\\/\\\/fmsb.eu\\\/wp-content\\\/uploads\\\/2025\\\/02\\\/logo.svg\",\"width\":154,\"height\":52,\"caption\":\"FMSB Abogados y Economistas en Baleares\"},\"image\":{\"@id\":\"https:\\\/\\\/fmsb.eu\\\/de\\\/#\\\/schema\\\/logo\\\/image\\\/\"}},{\"@type\":\"Person\",\"@id\":\"https:\\\/\\\/fmsb.eu\\\/de\\\/#\\\/schema\\\/person\\\/9fba7c70814b0cd34d35d655d36a4ca2\",\"name\":\"fmsb\",\"image\":{\"@type\":\"ImageObject\",\"inLanguage\":\"de\",\"@id\":\"https:\\\/\\\/secure.gravatar.com\\\/avatar\\\/426f4d5b0ebcace85460caf87cdaaa193694b611e990615d87a13f322fb7ee7f?s=96&d=mm&r=g\",\"url\":\"https:\\\/\\\/secure.gravatar.com\\\/avatar\\\/426f4d5b0ebcace85460caf87cdaaa193694b611e990615d87a13f322fb7ee7f?s=96&d=mm&r=g\",\"contentUrl\":\"https:\\\/\\\/secure.gravatar.com\\\/avatar\\\/426f4d5b0ebcace85460caf87cdaaa193694b611e990615d87a13f322fb7ee7f?s=96&d=mm&r=g\",\"caption\":\"fmsb\"},\"sameAs\":[\"https:\\\/\\\/x.com\\\/fmsb-disstint\"],\"url\":\"https:\\\/\\\/fmsb.eu\\\/de\\\/author\\\/fmsb\\\/\"}]}<\/script>\n<!-- \/ Yoast SEO plugin. -->","yoast_head_json":{"title":"Miquel Font sobre la responsabilidad de los administradores de sociedades an\u00f3nimas y limitadas - FMSB Abogados y Economistas en Baleares","robots":{"index":"index","follow":"follow","max-snippet":"max-snippet:-1","max-image-preview":"max-image-preview:large","max-video-preview":"max-video-preview:-1"},"canonical":"https:\/\/fmsb.eu\/de\/2020\/06\/15\/miquel-font-responsabilidad-administradores-sl-sa\/","og_locale":"de_DE","og_type":"article","og_title":"Miquel Font sobre la responsabilidad de los administradores de sociedades an\u00f3nimas y limitadas - FMSB Abogados y Economistas en Baleares","og_description":"El abogado Font Mora Sainz de Baranda &#8211;abogados y economistas en Baleares&#8211; Miguel Font Carvajal hoy dedica el consultorio jur\u00eddico en Radio Calvi\u00e0 FM a hablar de los distintos supuestos de responsabilidad de los administradores de las sociedades an\u00f3nimas y las limitadas. &nbsp; #fmsb #abogados #economistas #derecho #mercantil #responsabilidad #administradores #sociedades #empresa #socios","og_url":"https:\/\/fmsb.eu\/de\/2020\/06\/15\/miquel-font-responsabilidad-administradores-sl-sa\/","og_site_name":"FMSB Abogados y Economistas en Baleares","article_published_time":"2020-06-15T11:33:28+00:00","og_image":[{"width":1185,"height":670,"url":"https:\/\/fmsb.eu\/wp-content\/uploads\/2020\/06\/Captura-Miquel-Font-FMSB-Abogados-Derecho-Mercantil.jpg","type":"image\/jpeg"}],"author":"fmsb","twitter_card":"summary_large_image","twitter_creator":"@fmsb-disstint","twitter_misc":{"Verfasst von":"fmsb"},"schema":{"@context":"https:\/\/schema.org","@graph":[{"@type":"Article","@id":"https:\/\/fmsb.eu\/de\/2020\/06\/15\/miquel-font-responsabilidad-administradores-sl-sa\/#article","isPartOf":{"@id":"https:\/\/fmsb.eu\/de\/2020\/06\/15\/miquel-font-responsabilidad-administradores-sl-sa\/"},"author":{"name":"fmsb","@id":"https:\/\/fmsb.eu\/de\/#\/schema\/person\/9fba7c70814b0cd34d35d655d36a4ca2"},"headline":"Miquel Font sobre la responsabilidad de los administradores de sociedades an\u00f3nimas y limitadas","datePublished":"2020-06-15T11:33:28+00:00","mainEntityOfPage":{"@id":"https:\/\/fmsb.eu\/de\/2020\/06\/15\/miquel-font-responsabilidad-administradores-sl-sa\/"},"wordCount":74,"publisher":{"@id":"https:\/\/fmsb.eu\/de\/#organization"},"image":{"@id":"https:\/\/fmsb.eu\/de\/2020\/06\/15\/miquel-font-responsabilidad-administradores-sl-sa\/#primaryimage"},"thumbnailUrl":"https:\/\/fmsb.eu\/wp-content\/uploads\/2020\/06\/Captura-Miquel-Font-FMSB-Abogados-Derecho-Mercantil.jpg","keywords":["abogados en Baleares","Derecho Mercantil","economistas en Baleares","empresa","fmsb","font mora sainz de baranda","responsabilidad de los administradores","sociedades an\u00f3nimas","sociedades limitadas","socios"],"articleSection":["blog","Derecho Mercantil","Home"],"inLanguage":"de"},{"@type":"WebPage","@id":"https:\/\/fmsb.eu\/de\/2020\/06\/15\/miquel-font-responsabilidad-administradores-sl-sa\/","url":"https:\/\/fmsb.eu\/de\/2020\/06\/15\/miquel-font-responsabilidad-administradores-sl-sa\/","name":"Miquel Font sobre la responsabilidad de los administradores de sociedades an\u00f3nimas y limitadas - FMSB Abogados y Economistas en Baleares","isPartOf":{"@id":"https:\/\/fmsb.eu\/de\/#website"},"primaryImageOfPage":{"@id":"https:\/\/fmsb.eu\/de\/2020\/06\/15\/miquel-font-responsabilidad-administradores-sl-sa\/#primaryimage"},"image":{"@id":"https:\/\/fmsb.eu\/de\/2020\/06\/15\/miquel-font-responsabilidad-administradores-sl-sa\/#primaryimage"},"thumbnailUrl":"https:\/\/fmsb.eu\/wp-content\/uploads\/2020\/06\/Captura-Miquel-Font-FMSB-Abogados-Derecho-Mercantil.jpg","datePublished":"2020-06-15T11:33:28+00:00","breadcrumb":{"@id":"https:\/\/fmsb.eu\/de\/2020\/06\/15\/miquel-font-responsabilidad-administradores-sl-sa\/#breadcrumb"},"inLanguage":"de","potentialAction":[{"@type":"ReadAction","target":["https:\/\/fmsb.eu\/de\/2020\/06\/15\/miquel-font-responsabilidad-administradores-sl-sa\/"]}]},{"@type":"ImageObject","inLanguage":"de","@id":"https:\/\/fmsb.eu\/de\/2020\/06\/15\/miquel-font-responsabilidad-administradores-sl-sa\/#primaryimage","url":"https:\/\/fmsb.eu\/wp-content\/uploads\/2020\/06\/Captura-Miquel-Font-FMSB-Abogados-Derecho-Mercantil.jpg","contentUrl":"https:\/\/fmsb.eu\/wp-content\/uploads\/2020\/06\/Captura-Miquel-Font-FMSB-Abogados-Derecho-Mercantil.jpg","width":1185,"height":670},{"@type":"BreadcrumbList","@id":"https:\/\/fmsb.eu\/de\/2020\/06\/15\/miquel-font-responsabilidad-administradores-sl-sa\/#breadcrumb","itemListElement":[{"@type":"ListItem","position":1,"name":"Portada","item":"https:\/\/fmsb.eu\/de\/"},{"@type":"ListItem","position":2,"name":"Miquel Font sobre la responsabilidad de los administradores de sociedades an\u00f3nimas y limitadas"}]},{"@type":"WebSite","@id":"https:\/\/fmsb.eu\/de\/#website","url":"https:\/\/fmsb.eu\/de\/","name":"FMSB Abogados y Economistas en Baleares","description":"","publisher":{"@id":"https:\/\/fmsb.eu\/de\/#organization"},"potentialAction":[{"@type":"SearchAction","target":{"@type":"EntryPoint","urlTemplate":"https:\/\/fmsb.eu\/de\/?s={search_term_string}"},"query-input":{"@type":"PropertyValueSpecification","valueRequired":true,"valueName":"search_term_string"}}],"inLanguage":"de"},{"@type":"Organization","@id":"https:\/\/fmsb.eu\/de\/#organization","name":"FMSB Abogados y Economistas en Baleares","url":"https:\/\/fmsb.eu\/de\/","logo":{"@type":"ImageObject","inLanguage":"de","@id":"https:\/\/fmsb.eu\/de\/#\/schema\/logo\/image\/","url":"https:\/\/fmsb.eu\/wp-content\/uploads\/2025\/02\/logo.svg","contentUrl":"https:\/\/fmsb.eu\/wp-content\/uploads\/2025\/02\/logo.svg","width":154,"height":52,"caption":"FMSB Abogados y Economistas en Baleares"},"image":{"@id":"https:\/\/fmsb.eu\/de\/#\/schema\/logo\/image\/"}},{"@type":"Person","@id":"https:\/\/fmsb.eu\/de\/#\/schema\/person\/9fba7c70814b0cd34d35d655d36a4ca2","name":"fmsb","image":{"@type":"ImageObject","inLanguage":"de","@id":"https:\/\/secure.gravatar.com\/avatar\/426f4d5b0ebcace85460caf87cdaaa193694b611e990615d87a13f322fb7ee7f?s=96&d=mm&r=g","url":"https:\/\/secure.gravatar.com\/avatar\/426f4d5b0ebcace85460caf87cdaaa193694b611e990615d87a13f322fb7ee7f?s=96&d=mm&r=g","contentUrl":"https:\/\/secure.gravatar.com\/avatar\/426f4d5b0ebcace85460caf87cdaaa193694b611e990615d87a13f322fb7ee7f?s=96&d=mm&r=g","caption":"fmsb"},"sameAs":["https:\/\/x.com\/fmsb-disstint"],"url":"https:\/\/fmsb.eu\/de\/author\/fmsb\/"}]}},"_links":{"self":[{"href":"https:\/\/fmsb.eu\/de\/wp-json\/wp\/v2\/posts\/11657","targetHints":{"allow":["GET"]}}],"collection":[{"href":"https:\/\/fmsb.eu\/de\/wp-json\/wp\/v2\/posts"}],"about":[{"href":"https:\/\/fmsb.eu\/de\/wp-json\/wp\/v2\/types\/post"}],"author":[{"embeddable":true,"href":"https:\/\/fmsb.eu\/de\/wp-json\/wp\/v2\/users\/2"}],"replies":[{"embeddable":true,"href":"https:\/\/fmsb.eu\/de\/wp-json\/wp\/v2\/comments?post=11657"}],"version-history":[{"count":0,"href":"https:\/\/fmsb.eu\/de\/wp-json\/wp\/v2\/posts\/11657\/revisions"}],"wp:featuredmedia":[{"embeddable":true,"href":"https:\/\/fmsb.eu\/de\/wp-json\/wp\/v2\/media\/9129"}],"wp:attachment":[{"href":"https:\/\/fmsb.eu\/de\/wp-json\/wp\/v2\/media?parent=11657"}],"wp:term":[{"taxonomy":"category","embeddable":true,"href":"https:\/\/fmsb.eu\/de\/wp-json\/wp\/v2\/categories?post=11657"},{"taxonomy":"post_tag","embeddable":true,"href":"https:\/\/fmsb.eu\/de\/wp-json\/wp\/v2\/tags?post=11657"}],"curies":[{"name":"wp","href":"https:\/\/api.w.org\/{rel}","templated":true}]}}