{"id":11659,"date":"2020-06-11T11:30:39","date_gmt":"2020-06-11T09:30:39","guid":{"rendered":"http:\/\/fmsb.disstintbeta.com\/2020\/06\/11\/actualizacion-celebracion-juntas-socios-estado-alarma\/"},"modified":"2020-06-11T11:30:39","modified_gmt":"2020-06-11T09:30:39","slug":"actualizacion-celebracion-juntas-socios-estado-alarma","status":"publish","type":"post","link":"https:\/\/fmsb.eu\/de\/2020\/06\/11\/actualizacion-celebracion-juntas-socios-estado-alarma\/","title":{"rendered":"Actualizaci\u00f3n seg\u00fan RDL 21\/2020, de 9 de Junio de nuestra Gu\u00eda para la celebraci\u00f3n de juntas de socios y asociados, sesiones de \u00f3rganos de administraci\u00f3n y comisiones delegadas durante el estado de alarma por covid-19"},"content":{"rendered":"<p><a href=\"https:\/\/www.fmsb.eu\/wp-content\/uploads\/2020\/06\/FMSB-Abogados-Juan-Font-Sociedades-Covid-19-1.jpg\"><img fetchpriority=\"high\" decoding=\"async\" class=\"alignnone wp-image-2852\" src=\"https:\/\/www.fmsb.eu\/wp-content\/uploads\/2020\/06\/FMSB-Abogados-Juan-Font-Sociedades-Covid-19-1-1024x408.jpg\" alt=\"\" width=\"800\" height=\"319\" srcset=\"https:\/\/font-mora-sainz-baranda.fra1.digitaloceanspaces.com\/wp-content\/uploads\/2020\/06\/FMSB-Abogados-Juan-Font-Sociedades-Covid-19-1-1024x408.jpg 1024w, https:\/\/font-mora-sainz-baranda.fra1.digitaloceanspaces.com\/wp-content\/uploads\/2020\/06\/FMSB-Abogados-Juan-Font-Sociedades-Covid-19-1-300x120.jpg 300w, https:\/\/font-mora-sainz-baranda.fra1.digitaloceanspaces.com\/wp-content\/uploads\/2020\/06\/FMSB-Abogados-Juan-Font-Sociedades-Covid-19-1-768x306.jpg 768w, https:\/\/font-mora-sainz-baranda.fra1.digitaloceanspaces.com\/wp-content\/uploads\/2020\/06\/FMSB-Abogados-Juan-Font-Sociedades-Covid-19-1-1536x612.jpg 1536w, https:\/\/font-mora-sainz-baranda.fra1.digitaloceanspaces.com\/wp-content\/uploads\/2020\/06\/FMSB-Abogados-Juan-Font-Sociedades-Covid-19-1.jpg 1619w\" sizes=\"(max-width: 800px) 100vw, 800px\" \/><\/a><\/p>\n<p><strong>GU\u00cdA PR\u00c1CTICA PARA LA CELEBRACI\u00d3N DE JUNTAS DE SOCIOS Y ASOCIADOS Y LAS SESIONES DE LOS \u00d3RGANOS DE CONSEJOS DE ADMINISTRACI\u00d3N Y COMISIONES DELEGADAS DURANTE EL ESTADO DE ALARMA COMO CONSECUENCIA DEL COVID-19.<\/strong><\/p>\n<p><strong><em>Art. 40 del <a href=\"https:\/\/www.boe.es\/buscar\/pdf\/2020\/BOE-A-2020-3824-consolidado.pdf\">RDL 8\/2020, de 17 de marzo<\/a> (entrada en vigor el 18\/03\/2020), modificado por el <a href=\"https:\/\/www.boe.es\/buscar\/pdf\/2020\/BOE-A-2020-4208-consolidado.pdf\">RDL 11\/2020, de 31 de marzo<\/a> (entrada en vigor el 02\/04\/2020) y <\/em><\/strong><strong><em>nuevamente<\/em><\/strong><strong><em> modificado por el <\/em><\/strong><strong><em><a href=\"https:\/\/www.boe.es\/boe\/dias\/2020\/06\/10\/pdfs\/BOE-A-2020-5895.pdf\">RDL 21\/2020, de 9 de junio<\/a>.<\/em><\/strong><\/p>\n<p><strong>Ojo <\/strong><\/p>\n<p>La redacci\u00f3n del RDL estuvo en vigor 16 d\u00edas, entre el 18\/03\/2020 y el 02\/04\/2020, fecha en que entr\u00f3 en vigor la redacci\u00f3n dada por el <a href=\"https:\/\/www.boe.es\/buscar\/pdf\/2020\/BOE-A-2020-4208-consolidado.pdf\">RDL 11\/2020<\/a>. Por lo que para determinar la legislaci\u00f3n aplicable a la Junta o Sesi\u00f3n de Consejo de Administraci\u00f3n celebrados durante el estado de alarma habr\u00e1 que estar a la fecha concreta de su celebraci\u00f3n.<\/p>\n<p><strong><em>\u00bfSab\u00edas que&#8230;?<\/em><\/strong><\/p>\n<ul>\n<li>Aunque los estatutos no lo hubieran previsto, durante el periodo de alarma, las <u>sesiones de los \u00f3rganos de gobierno y de administraci\u00f3n de las asociaciones, de las sociedades civiles y mercantiles, del consejo rector de las sociedades cooperativas y del patronato de las fundaciones<\/u> <em>podr\u00e1n celebrarse por videoconferencia o por conferencia telef\u00f3nica m\u00faltiple<\/em>, siempre que todos los miembros del \u00f3rgano dispongan de los medios necesarios, el secretario del \u00f3rgano reconozca su identidad, y as\u00ed lo exprese en el acta, que remitir\u00e1 de inmediato a las direcciones de correo electr\u00f3nico de cada uno de los concurrentes.<\/li>\n<li>La misma regla ser\u00e1 de aplicaci\u00f3n a las comisiones delegadas y a las dem\u00e1s comisiones obligatorias o voluntarias que tuviera constituidas.<\/li>\n<li>La sesi\u00f3n se entender\u00e1 celebrada en el domicilio de la persona jur\u00eddica.<\/li>\n<li>Aunque los estatutos no lo hubieran previsto, durante el periodo de alarma, <u>las juntas o asambleas de asociados o de socios<\/u> <em>podr\u00e1n celebrarse por video o por conferencia telef\u00f3nica m\u00faltiple<\/em> siempre que todas las personas que tuvieran derecho de asistencia o quienes los representen dispongan de los medios necesarios, el secretario del \u00f3rgano reconozca su identidad, y as\u00ed lo exprese en el acta, que remitir\u00e1 de inmediato a las direcciones de correo electr\u00f3nico.<\/li>\n<\/ul>\n<p><strong>Ojo <\/strong><\/p>\n<p><strong>&#8211; La persona jur\u00eddica debe proveer a todos los socios o miembros del \u00f3rgano de administraci\u00f3n de los medios necesarios para la celebraci\u00f3n de la junta o sesi\u00f3n por videoconferencia o conferencia telef\u00f3nica m\u00faltiple, de no disponer los miembros de dichos medios por s\u00ed mismos. <\/strong><\/p>\n<ul>\n<li>Aunque los estatutos no lo hubieran previsto, durante el periodo de alarma, <u>los acuerdos de los \u00f3rganos de gobierno y de administraci\u00f3n de las asociaciones, de las sociedades civiles y mercantiles, del consejo rector de las sociedades cooperativas y del patronato de las fundaciones<\/u> <em>podr\u00e1n adoptarse mediante votaci\u00f3n por escrito y sin sesi\u00f3n<\/em> siempre que lo decida el presidente y deber\u00e1n adoptarse as\u00ed cuando lo solicite, al menos, dos de los miembros del \u00f3rgano.<\/li>\n<li>La misma regla ser\u00e1 de aplicaci\u00f3n a las comisiones delegadas y a las dem\u00e1s comisiones obligatorias o voluntarias que tuviera constituidas.<\/li>\n<li>La sesi\u00f3n se entender\u00e1 celebrada en el domicilio social. Ser\u00e1 de aplicaci\u00f3n a todos estos acuerdos lo establecido en el art\u00edculo 100 del <a href=\"https:\/\/www.boe.es\/buscar\/pdf\/1996\/BOE-A-1996-17533-consolidado.pdf\">RD 1784\/1996<\/a>, de 19 de julio, por el que se aprueba el Reglamento del Registro Mercantil, aunque no se trate de sociedades mercantiles.<\/li>\n<\/ul>\n<p><strong>Ojo <\/strong><\/p>\n<p><strong>&#8211; NO pueden adoptarse mediante votaci\u00f3n por escrito y sin sesi\u00f3n acuerdos de Juntas de socios o de asociaciones. <\/strong><\/p>\n<ul>\n<li><u>Si antes de la declaraci\u00f3n del estado de alarma se hubiera publicado la celebraci\u00f3n de la Junta General<\/u>, pero el d\u00eda de celebraci\u00f3n fuera posterior a esa declaraci\u00f3n, <em>el \u00f3rgano de administraci\u00f3n podr\u00e1 modificar el lugar y la hora previstos para celebraci\u00f3n de la junta o revocar el acuerdo de convocatoria<\/em> mediante anuncio publicado con una antelaci\u00f3n m\u00ednima de cuarenta y ocho horas en la p\u00e1gina web de la sociedad y, si la sociedad no tuviera p\u00e1gina web, en el \u00abBolet\u00edn oficial del Estado\u00bb.<\/li>\n<li><u>En caso de revocaci\u00f3n<\/u> del acuerdo de convocatoria, el \u00f3rgano de administraci\u00f3n deber\u00e1 proceder a <em>nueva convocatoria dentro del mes siguiente a la fecha en que hubiera finalizado el estado de alarma<\/em>.<\/li>\n<\/ul>\n<p><strong>Ojo <\/strong><\/p>\n<p><strong>&#8211; Aunque el contexto del precepto parece referirse a la Junta General Ordinaria, entendemos que es aplicable a cualquier Junta General Extraordinaria convocada para su celebraci\u00f3n despu\u00e9s de la declaraci\u00f3n del estado de alarma. <\/strong><\/p>\n<p><strong>&#8211; Hay una regulaci\u00f3n espec\u00edfica, <u>que ser\u00e1 tratada en otro art\u00edculo<\/u>, para el caso de que el orden del d\u00eda contenga la propuesta de aplicaci\u00f3n de resultado del ejercicio.<\/strong><\/p>\n<ul>\n<li>Se mantiene la previsi\u00f3n legal de presencia notarial que levante acta de la junta general, si bien <u>el notario que fuera requerido para que asista a una junta general de socios y levante acta de la reuni\u00f3n podr\u00e1 utilizar medios de comunicaci\u00f3n a distancia en tiempo real que garanticen adecuadamente el cumplimiento de la funci\u00f3n notarial<\/u>.<\/li>\n<\/ul>\n<p><strong>Ojo <\/strong><\/p>\n<p><strong>&#8211; Las medidas extraordinarias aplicables al funcionamiento de los \u00f3rganos de administraci\u00f3n de las Sociedades An\u00f3nimas cotizadas tienen su regulaci\u00f3n espec\u00edfica en el <em>Art. 40 del RDL 8\/2020, de 17 de marzo (entrada en vigor el 18\/03\/2020), modificado por el RDL 11\/2020, de 31 de marzo (entrada en vigor el 02\/04\/2020).<\/em><\/strong><\/p>\n<p>&nbsp;<\/p>\n<p><strong>Juan Font<\/strong><\/p>\n<p>Abogado FMSB<\/p>\n<hr \/>\n<p>#fmsb #fontmorasainzdebaranda #abogados #economistas #derecho #sociedades #mercantil #junta #ordinaria #socios #convocatoria #sesiones #covid19 #organos #administracion #administradores #obligaciones #estadodealarma #baleares #mallorca #menorca #ibiza #manacor #elarenal #andratx #law #lawyers #solicitors<\/p>\n","protected":false},"excerpt":{"rendered":"<p>GU\u00cdA PR\u00c1CTICA PARA LA CELEBRACI\u00d3N DE JUNTAS DE SOCIOS Y ASOCIADOS Y LAS SESIONES DE LOS \u00d3RGANOS DE CONSEJOS DE ADMINISTRACI\u00d3N Y COMISIONES DELEGADAS DURANTE EL ESTADO DE ALARMA COMO CONSECUENCIA DEL COVID-19. Art. 40 del RDL 8\/2020, de 17 de marzo (entrada en vigor el 18\/03\/2020), modificado por el RDL 11\/2020, de 31 de [&hellip;]<\/p>\n","protected":false},"author":2,"featured_media":9125,"comment_status":"closed","ping_status":"open","sticky":false,"template":"","format":"standard","meta":{"footnotes":""},"categories":[2199,3883,2986,2202],"tags":[2206,3486,5702,2908,2208,5703,3589,2216,2218,2219,3929,2223,2224,2225,5704,2228,2229,2231,2232,2234,3013,2761,5705,5706,5707,3775,4372,2243],"class_list":["post-11659","post","type-post","status-publish","format-standard","has-post-thumbnail","hentry","category-blog-de","category-coronavirus-de","category-derecho-mercantil-de","category-home-de","tag-abogados-de","tag-administracion-de","tag-administradores-de","tag-andratx-de","tag-baleares-de","tag-convocatoria-de","tag-covid19-de","tag-derecho-de","tag-economistas-de","tag-el-arenal-de","tag-estado-de-alarma-de","tag-fmsb-de","tag-font-mora-sainz-de-baranda-de","tag-ibiza-de","tag-junta-de","tag-law-de","tag-lawyers-de","tag-mallorca-de","tag-manacor-de","tag-menorca-de","tag-mercantil-de","tag-obligaciones-de","tag-ordinario-de","tag-organos-de","tag-sesiones-de","tag-sociedades-de","tag-socios-de","tag-solicitors-de"],"yoast_head":"<!-- This site is optimized with the Yoast SEO plugin v27.3 - https:\/\/yoast.com\/product\/yoast-seo-wordpress\/ -->\n<title>Actualizaci\u00f3n seg\u00fan RDL 21\/2020, de 9 de Junio de nuestra Gu\u00eda para la celebraci\u00f3n de juntas de socios y asociados, sesiones de \u00f3rganos de administraci\u00f3n y comisiones delegadas durante el estado de alarma por covid-19 - FMSB Abogados y Economistas en Baleares<\/title>\n<meta name=\"robots\" content=\"index, follow, max-snippet:-1, max-image-preview:large, max-video-preview:-1\" \/>\n<link rel=\"canonical\" href=\"https:\/\/fmsb.eu\/de\/2020\/06\/11\/actualizacion-celebracion-juntas-socios-estado-alarma\/\" \/>\n<meta property=\"og:locale\" content=\"de_DE\" \/>\n<meta property=\"og:type\" content=\"article\" \/>\n<meta property=\"og:title\" content=\"Actualizaci\u00f3n seg\u00fan RDL 21\/2020, de 9 de Junio de nuestra Gu\u00eda para la celebraci\u00f3n de juntas de socios y asociados, sesiones de \u00f3rganos de administraci\u00f3n y comisiones delegadas durante el estado de alarma por covid-19 - FMSB Abogados y Economistas en Baleares\" \/>\n<meta property=\"og:description\" content=\"GU\u00cdA PR\u00c1CTICA PARA LA CELEBRACI\u00d3N DE JUNTAS DE SOCIOS Y ASOCIADOS Y LAS SESIONES DE LOS \u00d3RGANOS DE CONSEJOS DE ADMINISTRACI\u00d3N Y COMISIONES DELEGADAS DURANTE EL ESTADO DE ALARMA COMO CONSECUENCIA DEL COVID-19. Art. 40 del RDL 8\/2020, de 17 de marzo (entrada en vigor el 18\/03\/2020), modificado por el RDL 11\/2020, de 31 de [&hellip;]\" \/>\n<meta property=\"og:url\" content=\"https:\/\/fmsb.eu\/de\/2020\/06\/11\/actualizacion-celebracion-juntas-socios-estado-alarma\/\" \/>\n<meta property=\"og:site_name\" content=\"FMSB Abogados y Economistas en Baleares\" \/>\n<meta property=\"article:published_time\" content=\"2020-06-11T09:30:39+00:00\" \/>\n<meta property=\"og:image\" content=\"https:\/\/fmsb.eu\/wp-content\/uploads\/2020\/06\/FMSB-Abogados-Juan-Font-Sociedades-Covid-19-1.jpg\" \/>\n\t<meta property=\"og:image:width\" content=\"1619\" \/>\n\t<meta property=\"og:image:height\" content=\"645\" \/>\n\t<meta property=\"og:image:type\" content=\"image\/jpeg\" \/>\n<meta name=\"author\" content=\"fmsb\" \/>\n<meta name=\"twitter:card\" content=\"summary_large_image\" \/>\n<meta name=\"twitter:creator\" content=\"@fmsb-disstint\" \/>\n<meta name=\"twitter:label1\" content=\"Verfasst von\" \/>\n\t<meta name=\"twitter:data1\" content=\"fmsb\" \/>\n\t<meta name=\"twitter:label2\" content=\"Gesch\u00e4tzte Lesezeit\" \/>\n\t<meta name=\"twitter:data2\" content=\"5\u00a0Minuten\" \/>\n<script type=\"application\/ld+json\" class=\"yoast-schema-graph\">{\"@context\":\"https:\\\/\\\/schema.org\",\"@graph\":[{\"@type\":\"Article\",\"@id\":\"https:\\\/\\\/fmsb.eu\\\/de\\\/2020\\\/06\\\/11\\\/actualizacion-celebracion-juntas-socios-estado-alarma\\\/#article\",\"isPartOf\":{\"@id\":\"https:\\\/\\\/fmsb.eu\\\/de\\\/2020\\\/06\\\/11\\\/actualizacion-celebracion-juntas-socios-estado-alarma\\\/\"},\"author\":{\"name\":\"fmsb\",\"@id\":\"https:\\\/\\\/fmsb.eu\\\/de\\\/#\\\/schema\\\/person\\\/9fba7c70814b0cd34d35d655d36a4ca2\"},\"headline\":\"Actualizaci\u00f3n seg\u00fan RDL 21\\\/2020, de 9 de Junio de nuestra Gu\u00eda para la celebraci\u00f3n de juntas de socios y asociados, sesiones de \u00f3rganos de administraci\u00f3n y comisiones delegadas durante el estado de alarma por covid-19\",\"datePublished\":\"2020-06-11T09:30:39+00:00\",\"mainEntityOfPage\":{\"@id\":\"https:\\\/\\\/fmsb.eu\\\/de\\\/2020\\\/06\\\/11\\\/actualizacion-celebracion-juntas-socios-estado-alarma\\\/\"},\"wordCount\":953,\"publisher\":{\"@id\":\"https:\\\/\\\/fmsb.eu\\\/de\\\/#organization\"},\"image\":{\"@id\":\"https:\\\/\\\/fmsb.eu\\\/de\\\/2020\\\/06\\\/11\\\/actualizacion-celebracion-juntas-socios-estado-alarma\\\/#primaryimage\"},\"thumbnailUrl\":\"https:\\\/\\\/fmsb.eu\\\/wp-content\\\/uploads\\\/2020\\\/06\\\/FMSB-Abogados-Juan-Font-Sociedades-Covid-19-1.jpg\",\"keywords\":[\"abogados\",\"Administraci\u00f3n\",\"administradores\",\"andratx\",\"baleares\",\"convocatoria\",\"covid19\",\"derecho\",\"economistas\",\"el arenal\",\"estado de alarma\",\"fmsb\",\"font mora sainz de baranda\",\"ibiza\",\"junta\",\"law\",\"lawyers\",\"mallorca\",\"Manacor\",\"menorca\",\"mercantil\",\"obligaciones\",\"ordinario\",\"\u00f3rganos\",\"sesiones\",\"sociedades\",\"socios\",\"solicitors\"],\"articleSection\":[\"blog\",\"Coronavirus\",\"Derecho Mercantil\",\"Home\"],\"inLanguage\":\"de\"},{\"@type\":\"WebPage\",\"@id\":\"https:\\\/\\\/fmsb.eu\\\/de\\\/2020\\\/06\\\/11\\\/actualizacion-celebracion-juntas-socios-estado-alarma\\\/\",\"url\":\"https:\\\/\\\/fmsb.eu\\\/de\\\/2020\\\/06\\\/11\\\/actualizacion-celebracion-juntas-socios-estado-alarma\\\/\",\"name\":\"Actualizaci\u00f3n seg\u00fan RDL 21\\\/2020, de 9 de Junio de nuestra Gu\u00eda para la celebraci\u00f3n de juntas de socios y asociados, sesiones de \u00f3rganos de administraci\u00f3n y comisiones delegadas durante el estado de alarma por covid-19 - FMSB Abogados y Economistas en Baleares\",\"isPartOf\":{\"@id\":\"https:\\\/\\\/fmsb.eu\\\/de\\\/#website\"},\"primaryImageOfPage\":{\"@id\":\"https:\\\/\\\/fmsb.eu\\\/de\\\/2020\\\/06\\\/11\\\/actualizacion-celebracion-juntas-socios-estado-alarma\\\/#primaryimage\"},\"image\":{\"@id\":\"https:\\\/\\\/fmsb.eu\\\/de\\\/2020\\\/06\\\/11\\\/actualizacion-celebracion-juntas-socios-estado-alarma\\\/#primaryimage\"},\"thumbnailUrl\":\"https:\\\/\\\/fmsb.eu\\\/wp-content\\\/uploads\\\/2020\\\/06\\\/FMSB-Abogados-Juan-Font-Sociedades-Covid-19-1.jpg\",\"datePublished\":\"2020-06-11T09:30:39+00:00\",\"breadcrumb\":{\"@id\":\"https:\\\/\\\/fmsb.eu\\\/de\\\/2020\\\/06\\\/11\\\/actualizacion-celebracion-juntas-socios-estado-alarma\\\/#breadcrumb\"},\"inLanguage\":\"de\",\"potentialAction\":[{\"@type\":\"ReadAction\",\"target\":[\"https:\\\/\\\/fmsb.eu\\\/de\\\/2020\\\/06\\\/11\\\/actualizacion-celebracion-juntas-socios-estado-alarma\\\/\"]}]},{\"@type\":\"ImageObject\",\"inLanguage\":\"de\",\"@id\":\"https:\\\/\\\/fmsb.eu\\\/de\\\/2020\\\/06\\\/11\\\/actualizacion-celebracion-juntas-socios-estado-alarma\\\/#primaryimage\",\"url\":\"https:\\\/\\\/fmsb.eu\\\/wp-content\\\/uploads\\\/2020\\\/06\\\/FMSB-Abogados-Juan-Font-Sociedades-Covid-19-1.jpg\",\"contentUrl\":\"https:\\\/\\\/fmsb.eu\\\/wp-content\\\/uploads\\\/2020\\\/06\\\/FMSB-Abogados-Juan-Font-Sociedades-Covid-19-1.jpg\",\"width\":1619,\"height\":645},{\"@type\":\"BreadcrumbList\",\"@id\":\"https:\\\/\\\/fmsb.eu\\\/de\\\/2020\\\/06\\\/11\\\/actualizacion-celebracion-juntas-socios-estado-alarma\\\/#breadcrumb\",\"itemListElement\":[{\"@type\":\"ListItem\",\"position\":1,\"name\":\"Portada\",\"item\":\"https:\\\/\\\/fmsb.eu\\\/de\\\/\"},{\"@type\":\"ListItem\",\"position\":2,\"name\":\"Actualizaci\u00f3n seg\u00fan RDL 21\\\/2020, de 9 de Junio de nuestra Gu\u00eda para la celebraci\u00f3n de juntas de socios y asociados, sesiones de \u00f3rganos de administraci\u00f3n y comisiones delegadas durante el estado de alarma por covid-19\"}]},{\"@type\":\"WebSite\",\"@id\":\"https:\\\/\\\/fmsb.eu\\\/de\\\/#website\",\"url\":\"https:\\\/\\\/fmsb.eu\\\/de\\\/\",\"name\":\"FMSB Abogados y Economistas en Baleares\",\"description\":\"\",\"publisher\":{\"@id\":\"https:\\\/\\\/fmsb.eu\\\/de\\\/#organization\"},\"potentialAction\":[{\"@type\":\"SearchAction\",\"target\":{\"@type\":\"EntryPoint\",\"urlTemplate\":\"https:\\\/\\\/fmsb.eu\\\/de\\\/?s={search_term_string}\"},\"query-input\":{\"@type\":\"PropertyValueSpecification\",\"valueRequired\":true,\"valueName\":\"search_term_string\"}}],\"inLanguage\":\"de\"},{\"@type\":\"Organization\",\"@id\":\"https:\\\/\\\/fmsb.eu\\\/de\\\/#organization\",\"name\":\"FMSB Abogados y Economistas en Baleares\",\"url\":\"https:\\\/\\\/fmsb.eu\\\/de\\\/\",\"logo\":{\"@type\":\"ImageObject\",\"inLanguage\":\"de\",\"@id\":\"https:\\\/\\\/fmsb.eu\\\/de\\\/#\\\/schema\\\/logo\\\/image\\\/\",\"url\":\"https:\\\/\\\/fmsb.eu\\\/wp-content\\\/uploads\\\/2025\\\/02\\\/logo.svg\",\"contentUrl\":\"https:\\\/\\\/fmsb.eu\\\/wp-content\\\/uploads\\\/2025\\\/02\\\/logo.svg\",\"width\":154,\"height\":52,\"caption\":\"FMSB Abogados y Economistas en Baleares\"},\"image\":{\"@id\":\"https:\\\/\\\/fmsb.eu\\\/de\\\/#\\\/schema\\\/logo\\\/image\\\/\"}},{\"@type\":\"Person\",\"@id\":\"https:\\\/\\\/fmsb.eu\\\/de\\\/#\\\/schema\\\/person\\\/9fba7c70814b0cd34d35d655d36a4ca2\",\"name\":\"fmsb\",\"image\":{\"@type\":\"ImageObject\",\"inLanguage\":\"de\",\"@id\":\"https:\\\/\\\/secure.gravatar.com\\\/avatar\\\/426f4d5b0ebcace85460caf87cdaaa193694b611e990615d87a13f322fb7ee7f?s=96&d=mm&r=g\",\"url\":\"https:\\\/\\\/secure.gravatar.com\\\/avatar\\\/426f4d5b0ebcace85460caf87cdaaa193694b611e990615d87a13f322fb7ee7f?s=96&d=mm&r=g\",\"contentUrl\":\"https:\\\/\\\/secure.gravatar.com\\\/avatar\\\/426f4d5b0ebcace85460caf87cdaaa193694b611e990615d87a13f322fb7ee7f?s=96&d=mm&r=g\",\"caption\":\"fmsb\"},\"sameAs\":[\"https:\\\/\\\/x.com\\\/fmsb-disstint\"],\"url\":\"https:\\\/\\\/fmsb.eu\\\/de\\\/author\\\/fmsb\\\/\"}]}<\/script>\n<!-- \/ Yoast SEO plugin. -->","yoast_head_json":{"title":"Actualizaci\u00f3n seg\u00fan RDL 21\/2020, de 9 de Junio de nuestra Gu\u00eda para la celebraci\u00f3n de juntas de socios y asociados, sesiones de \u00f3rganos de administraci\u00f3n y comisiones delegadas durante el estado de alarma por covid-19 - FMSB Abogados y Economistas en Baleares","robots":{"index":"index","follow":"follow","max-snippet":"max-snippet:-1","max-image-preview":"max-image-preview:large","max-video-preview":"max-video-preview:-1"},"canonical":"https:\/\/fmsb.eu\/de\/2020\/06\/11\/actualizacion-celebracion-juntas-socios-estado-alarma\/","og_locale":"de_DE","og_type":"article","og_title":"Actualizaci\u00f3n seg\u00fan RDL 21\/2020, de 9 de Junio de nuestra Gu\u00eda para la celebraci\u00f3n de juntas de socios y asociados, sesiones de \u00f3rganos de administraci\u00f3n y comisiones delegadas durante el estado de alarma por covid-19 - FMSB Abogados y Economistas en Baleares","og_description":"GU\u00cdA PR\u00c1CTICA PARA LA CELEBRACI\u00d3N DE JUNTAS DE SOCIOS Y ASOCIADOS Y LAS SESIONES DE LOS \u00d3RGANOS DE CONSEJOS DE ADMINISTRACI\u00d3N Y COMISIONES DELEGADAS DURANTE EL ESTADO DE ALARMA COMO CONSECUENCIA DEL COVID-19. Art. 40 del RDL 8\/2020, de 17 de marzo (entrada en vigor el 18\/03\/2020), modificado por el RDL 11\/2020, de 31 de [&hellip;]","og_url":"https:\/\/fmsb.eu\/de\/2020\/06\/11\/actualizacion-celebracion-juntas-socios-estado-alarma\/","og_site_name":"FMSB Abogados y Economistas en Baleares","article_published_time":"2020-06-11T09:30:39+00:00","og_image":[{"width":1619,"height":645,"url":"https:\/\/fmsb.eu\/wp-content\/uploads\/2020\/06\/FMSB-Abogados-Juan-Font-Sociedades-Covid-19-1.jpg","type":"image\/jpeg"}],"author":"fmsb","twitter_card":"summary_large_image","twitter_creator":"@fmsb-disstint","twitter_misc":{"Verfasst von":"fmsb","Gesch\u00e4tzte Lesezeit":"5\u00a0Minuten"},"schema":{"@context":"https:\/\/schema.org","@graph":[{"@type":"Article","@id":"https:\/\/fmsb.eu\/de\/2020\/06\/11\/actualizacion-celebracion-juntas-socios-estado-alarma\/#article","isPartOf":{"@id":"https:\/\/fmsb.eu\/de\/2020\/06\/11\/actualizacion-celebracion-juntas-socios-estado-alarma\/"},"author":{"name":"fmsb","@id":"https:\/\/fmsb.eu\/de\/#\/schema\/person\/9fba7c70814b0cd34d35d655d36a4ca2"},"headline":"Actualizaci\u00f3n seg\u00fan RDL 21\/2020, de 9 de Junio de nuestra Gu\u00eda para la celebraci\u00f3n de juntas de socios y asociados, sesiones de \u00f3rganos de administraci\u00f3n y comisiones delegadas durante el estado de alarma por covid-19","datePublished":"2020-06-11T09:30:39+00:00","mainEntityOfPage":{"@id":"https:\/\/fmsb.eu\/de\/2020\/06\/11\/actualizacion-celebracion-juntas-socios-estado-alarma\/"},"wordCount":953,"publisher":{"@id":"https:\/\/fmsb.eu\/de\/#organization"},"image":{"@id":"https:\/\/fmsb.eu\/de\/2020\/06\/11\/actualizacion-celebracion-juntas-socios-estado-alarma\/#primaryimage"},"thumbnailUrl":"https:\/\/fmsb.eu\/wp-content\/uploads\/2020\/06\/FMSB-Abogados-Juan-Font-Sociedades-Covid-19-1.jpg","keywords":["abogados","Administraci\u00f3n","administradores","andratx","baleares","convocatoria","covid19","derecho","economistas","el arenal","estado de alarma","fmsb","font mora sainz de baranda","ibiza","junta","law","lawyers","mallorca","Manacor","menorca","mercantil","obligaciones","ordinario","\u00f3rganos","sesiones","sociedades","socios","solicitors"],"articleSection":["blog","Coronavirus","Derecho Mercantil","Home"],"inLanguage":"de"},{"@type":"WebPage","@id":"https:\/\/fmsb.eu\/de\/2020\/06\/11\/actualizacion-celebracion-juntas-socios-estado-alarma\/","url":"https:\/\/fmsb.eu\/de\/2020\/06\/11\/actualizacion-celebracion-juntas-socios-estado-alarma\/","name":"Actualizaci\u00f3n seg\u00fan RDL 21\/2020, de 9 de Junio de nuestra Gu\u00eda para la celebraci\u00f3n de juntas de socios y asociados, sesiones de \u00f3rganos de administraci\u00f3n y comisiones delegadas durante el estado de alarma por covid-19 - FMSB Abogados y Economistas en Baleares","isPartOf":{"@id":"https:\/\/fmsb.eu\/de\/#website"},"primaryImageOfPage":{"@id":"https:\/\/fmsb.eu\/de\/2020\/06\/11\/actualizacion-celebracion-juntas-socios-estado-alarma\/#primaryimage"},"image":{"@id":"https:\/\/fmsb.eu\/de\/2020\/06\/11\/actualizacion-celebracion-juntas-socios-estado-alarma\/#primaryimage"},"thumbnailUrl":"https:\/\/fmsb.eu\/wp-content\/uploads\/2020\/06\/FMSB-Abogados-Juan-Font-Sociedades-Covid-19-1.jpg","datePublished":"2020-06-11T09:30:39+00:00","breadcrumb":{"@id":"https:\/\/fmsb.eu\/de\/2020\/06\/11\/actualizacion-celebracion-juntas-socios-estado-alarma\/#breadcrumb"},"inLanguage":"de","potentialAction":[{"@type":"ReadAction","target":["https:\/\/fmsb.eu\/de\/2020\/06\/11\/actualizacion-celebracion-juntas-socios-estado-alarma\/"]}]},{"@type":"ImageObject","inLanguage":"de","@id":"https:\/\/fmsb.eu\/de\/2020\/06\/11\/actualizacion-celebracion-juntas-socios-estado-alarma\/#primaryimage","url":"https:\/\/fmsb.eu\/wp-content\/uploads\/2020\/06\/FMSB-Abogados-Juan-Font-Sociedades-Covid-19-1.jpg","contentUrl":"https:\/\/fmsb.eu\/wp-content\/uploads\/2020\/06\/FMSB-Abogados-Juan-Font-Sociedades-Covid-19-1.jpg","width":1619,"height":645},{"@type":"BreadcrumbList","@id":"https:\/\/fmsb.eu\/de\/2020\/06\/11\/actualizacion-celebracion-juntas-socios-estado-alarma\/#breadcrumb","itemListElement":[{"@type":"ListItem","position":1,"name":"Portada","item":"https:\/\/fmsb.eu\/de\/"},{"@type":"ListItem","position":2,"name":"Actualizaci\u00f3n seg\u00fan RDL 21\/2020, de 9 de Junio de nuestra Gu\u00eda para la celebraci\u00f3n de juntas de socios y asociados, sesiones de \u00f3rganos de administraci\u00f3n y comisiones delegadas durante el estado de alarma por covid-19"}]},{"@type":"WebSite","@id":"https:\/\/fmsb.eu\/de\/#website","url":"https:\/\/fmsb.eu\/de\/","name":"FMSB Abogados y Economistas en Baleares","description":"","publisher":{"@id":"https:\/\/fmsb.eu\/de\/#organization"},"potentialAction":[{"@type":"SearchAction","target":{"@type":"EntryPoint","urlTemplate":"https:\/\/fmsb.eu\/de\/?s={search_term_string}"},"query-input":{"@type":"PropertyValueSpecification","valueRequired":true,"valueName":"search_term_string"}}],"inLanguage":"de"},{"@type":"Organization","@id":"https:\/\/fmsb.eu\/de\/#organization","name":"FMSB Abogados y Economistas en Baleares","url":"https:\/\/fmsb.eu\/de\/","logo":{"@type":"ImageObject","inLanguage":"de","@id":"https:\/\/fmsb.eu\/de\/#\/schema\/logo\/image\/","url":"https:\/\/fmsb.eu\/wp-content\/uploads\/2025\/02\/logo.svg","contentUrl":"https:\/\/fmsb.eu\/wp-content\/uploads\/2025\/02\/logo.svg","width":154,"height":52,"caption":"FMSB Abogados y Economistas en Baleares"},"image":{"@id":"https:\/\/fmsb.eu\/de\/#\/schema\/logo\/image\/"}},{"@type":"Person","@id":"https:\/\/fmsb.eu\/de\/#\/schema\/person\/9fba7c70814b0cd34d35d655d36a4ca2","name":"fmsb","image":{"@type":"ImageObject","inLanguage":"de","@id":"https:\/\/secure.gravatar.com\/avatar\/426f4d5b0ebcace85460caf87cdaaa193694b611e990615d87a13f322fb7ee7f?s=96&d=mm&r=g","url":"https:\/\/secure.gravatar.com\/avatar\/426f4d5b0ebcace85460caf87cdaaa193694b611e990615d87a13f322fb7ee7f?s=96&d=mm&r=g","contentUrl":"https:\/\/secure.gravatar.com\/avatar\/426f4d5b0ebcace85460caf87cdaaa193694b611e990615d87a13f322fb7ee7f?s=96&d=mm&r=g","caption":"fmsb"},"sameAs":["https:\/\/x.com\/fmsb-disstint"],"url":"https:\/\/fmsb.eu\/de\/author\/fmsb\/"}]}},"_links":{"self":[{"href":"https:\/\/fmsb.eu\/de\/wp-json\/wp\/v2\/posts\/11659","targetHints":{"allow":["GET"]}}],"collection":[{"href":"https:\/\/fmsb.eu\/de\/wp-json\/wp\/v2\/posts"}],"about":[{"href":"https:\/\/fmsb.eu\/de\/wp-json\/wp\/v2\/types\/post"}],"author":[{"embeddable":true,"href":"https:\/\/fmsb.eu\/de\/wp-json\/wp\/v2\/users\/2"}],"replies":[{"embeddable":true,"href":"https:\/\/fmsb.eu\/de\/wp-json\/wp\/v2\/comments?post=11659"}],"version-history":[{"count":0,"href":"https:\/\/fmsb.eu\/de\/wp-json\/wp\/v2\/posts\/11659\/revisions"}],"wp:featuredmedia":[{"embeddable":true,"href":"https:\/\/fmsb.eu\/de\/wp-json\/wp\/v2\/media\/9125"}],"wp:attachment":[{"href":"https:\/\/fmsb.eu\/de\/wp-json\/wp\/v2\/media?parent=11659"}],"wp:term":[{"taxonomy":"category","embeddable":true,"href":"https:\/\/fmsb.eu\/de\/wp-json\/wp\/v2\/categories?post=11659"},{"taxonomy":"post_tag","embeddable":true,"href":"https:\/\/fmsb.eu\/de\/wp-json\/wp\/v2\/tags?post=11659"}],"curies":[{"name":"wp","href":"https:\/\/api.w.org\/{rel}","templated":true}]}}