{"id":11669,"date":"2020-05-12T21:07:30","date_gmt":"2020-05-12T19:07:30","guid":{"rendered":"http:\/\/fmsb.disstintbeta.com\/2020\/05\/12\/preguntas-laborales-covid19\/"},"modified":"2020-05-12T21:07:30","modified_gmt":"2020-05-12T19:07:30","slug":"preguntas-laborales-covid19","status":"publish","type":"post","link":"https:\/\/fmsb.eu\/de\/2020\/05\/12\/preguntas-laborales-covid19\/","title":{"rendered":"Preguntas y respuestas laborales frecuentes durante la crisis sanitaria del covid-19"},"content":{"rendered":"<p><strong><a href=\"https:\/\/www.fmsb.eu\/wp-content\/uploads\/2020\/05\/Sin-t\u00edtulo-1.jpg\"><img fetchpriority=\"high\" decoding=\"async\" class=\"alignnone wp-image-2813\" src=\"https:\/\/www.fmsb.eu\/wp-content\/uploads\/2020\/05\/Sin-t\u00edtulo-1-1024x408.jpg\" alt=\"\" width=\"800\" height=\"319\" \/><\/a><\/strong><\/p>\n<p>La mayor\u00eda de empresas y aut\u00f3nomos se han acogido a la medida del ERTE (Expediente de Regulaci\u00f3n Temporal de Empleo), para hacer frente a la crisis sanitaria que estamos sufriendo a nivel mundial.<\/p>\n<p>Durante estas l\u00edneas vamos a intentar resolver algunas de las cuestiones que m\u00e1s se est\u00e1n planteando, tanto por empresas, como por trabajadores.<\/p>\n<p><strong>\u00a0<\/strong><\/p>\n<p><strong>\u00bfQu\u00e9 es un ERTE?<\/strong><\/p>\n<p>El \u201cERTE\u201d se trata de un expediente de regulaci\u00f3n temporal de empleo por el cual podemos o bien <strong>suspender<\/strong> <strong>los contratos<\/strong> de los trabajadores o bien <strong>reducirles la jornada<\/strong> de trabajo en funci\u00f3n de las necesidades de cada negocio. Como su propio nombre indica se trata de una medida temporal y, por tanto, seg\u00fan est\u00e1n anticipando las autoridades, la aplicaci\u00f3n de esta medida por fuerza mayor, durar\u00e1 mientras est\u00e9 el estado de alarma vigente, lo que no impedir\u00e1 acudir a medidas adicionales una vez volvamos a la actividad. Sin perjuicio todo ello de acuerdo posterior para la continuaci\u00f3n de los ERTES m\u00e1s all\u00e1 del estado de alarma.<\/p>\n<p><strong>\u00a0<\/strong><\/p>\n<p><strong>\u00bfQu\u00e9 diferencia un ERTE de suspensi\u00f3n y el de reducci\u00f3n?<\/strong><\/p>\n<p>Son las dos medidas que podemos optar. La suspensi\u00f3n del contrato de trabajo implica la exoneraci\u00f3n de prestar servicios y la empresa de pagar el salario. NO, no est\u00e1s despedido, \u00fanicamente tienes tu contrato en \u201cstand-by\u201d. En cambio, la reducci\u00f3n implica seguir prestando servicios, lo que en una jornada inferior a la ordinaria que ven\u00eda realizando normalmente. Esta reducci\u00f3n se puede realizar entre el 10% y el 70%.<\/p>\n<p><strong>\u00a0<\/strong><\/p>\n<p><strong>\u00bfCu\u00e1nto voy a cobrar durante este tiempo?<\/strong><\/p>\n<p>Aquellos trabajadores que se vean afectados por estas medidas pasaran a estar en situaci\u00f3n de desempleo, por tanto, correspondi\u00e9ndole una prestaci\u00f3n del 70% de su base reguladora durante los primeros 6 meses de vigencia de la regulaci\u00f3n de empleo y el 50% a partir del 7\u00ba mes.<\/p>\n<p>En el caso, de que nos afecte una medida de reducci\u00f3n de jornada, aquella jornada equivalente a la prestaci\u00f3n de servicios al empleador ser\u00e1 abonada por este mismo.<\/p>\n<p><strong>\u00a0<\/strong><\/p>\n<p><strong>\u00bfSigo cotizando durante todo este tiempo?, adem\u00e1s estoy pr\u00f3ximo a mi jubilaci\u00f3n, \u00bfel ERTE me va afectar?<\/strong><\/p>\n<p>No, durante todo el tiempo que dure el expediente de regulaci\u00f3n, todos los trabajadores incluidos van a cotizar por su base reguladora. Por tanto, tampoco afectar\u00e1 a aquellas personas pr\u00f3ximas a su edad de jubilaci\u00f3n ya que ser\u00e1n per\u00edodos cotizados.<\/p>\n<p><strong>\u00a0<\/strong><\/p>\n<p><strong>Estoy de baja de maternidad o paternidad, \u00bfQu\u00e9 pasa con mi prestaci\u00f3n? \u00bfMe pueden incluir en el ERTE?<\/strong><\/p>\n<p>En este caso, si pueden incluirte en el ERTE, como a cualquier trabajador, si bien, no cobrar\u00e1s la prestaci\u00f3n de desempleo hasta que finalice tu situaci\u00f3n de incapacidad temporal por la maternidad\/paternidad.<\/p>\n<p><strong>\u00a0<\/strong><\/p>\n<p><strong>&#8211; \u00bfQueda afectada mi antig\u00fcedad?<\/strong><\/p>\n<p>En absoluto, durante todo el proceso, se equipara a como si estuviera trabajando en la empresa y por tanto no le afectar\u00e1.<\/p>\n<p><strong>\u00a0<\/strong><\/p>\n<p><strong>\u00bfTendr\u00e9 derecho a los mismos d\u00edas de vacaciones?<\/strong><\/p>\n<p>En este caso debemos estar al tipo de medida que se nos ha aplicado.<\/p>\n<p>Si estamos ante una medida de suspensi\u00f3n, NO se devengan vacaciones durante este periodo, por tanto, las vacaciones anuales se ver\u00e1n mermadas.<\/p>\n<p>En el caso de la reducci\u00f3n, SI que seguimos devengando vacaciones ya que estamos trabajando. Si se disfrutan ser\u00e1n del mismo n\u00famero de d\u00edas, en cambio, si son retribuidas, se estar\u00e1 a la proporci\u00f3n de la reducci\u00f3n de jornada para su abono.<\/p>\n<p><strong>\u00a0<\/strong><\/p>\n<p><strong>\u00bfY las pagas extras?<\/strong><\/p>\n<p>Pasa algo similar a las vacaciones, en caso de suspensi\u00f3n no se devenga, y en caso de reducci\u00f3n se ver\u00e1n reducidas a la jornada realizada.<\/p>\n<p><strong>\u00a0<\/strong><\/p>\n<p><strong>\u00bfPuedo rescatar a un trabajador para reanude la actividad? Es decir, podemos finalizar parcialmente el ERTE.<\/strong><\/p>\n<p>S\u00ed, no habr\u00eda problema, debemos tener en cuenta que ese trabajador, ya no podr\u00e1 volver al expediente una vez se haya informado su reincorporaci\u00f3n. El SEPE (Servicio de Empleo P\u00fablico Estatal), ha habilitado una serie de formularios para ello, y se deber\u00e1 de comunicar dicha situaci\u00f3n antes del 25 del mes en que proceda la baja de la prestaci\u00f3n, para as\u00ed evitar pagos indebidos.<\/p>\n<p><strong>\u00a0<\/strong><\/p>\n<p><strong>\u00bfPuedo finalizar el ERTE anticipadamente?<\/strong><\/p>\n<p>S\u00ed, para ello se deber\u00e1 comunicar a la Autoridad Laboral competente la renuncia al ERTE y a su vez, comunicarlo al SEPE:<\/p>\n<p><strong>\u00a0<\/strong><\/p>\n<p><strong>Soy aut\u00f3nomo, y ya me han permitido abrir mi negocio, si reanudo la actividad, \u00bfvoy a perder la prestaci\u00f3n por cese de actividad solicitada?<\/strong><\/p>\n<p>Seg\u00fan han informado las autoridades, la apertura de los negocios, autorizados por la desescalada, no afectar\u00e1 a esta prestaci\u00f3n, y por tanto se percibir\u00e1 con normalidad, es decir, si est\u00e1 aprobada, ser\u00e1 hasta el \u00faltimo d\u00eda del mes que finalice el estado de alarma (de momento, hasta el 31 de mayo de 2020).<\/p>\n<p>&nbsp;<\/p>\n<p>&nbsp;<\/p>\n<p><strong>Han finalizado el ERTE, pero me han modificado condiciones del contrato, \u00bfpueden hacerlo?<\/strong><\/p>\n<p>De forma unilateral no, ya que tras la suspensi\u00f3n se reincorporar\u00e1 con las mismas condiciones que las que se ten\u00edan antes de la suspensi\u00f3n. De forma consensuada con el empresario, estaremos antes una modificaci\u00f3n ordinaria. Si a\u00fan as\u00ed se impone la medida, podr\u00e1 optar por realizarlo o bien por extinguir el contrato, con derecho a indemnizaci\u00f3n de 20 d\u00edas por a\u00f1o trabajado.<\/p>\n<p><strong>\u00a0<\/strong><\/p>\n<p><strong>Mi plantilla la conforman trabajadores fijos-discontinuos, debido al tipo de negocio que tenemos, y a la estacionalidad de la llegada del turismo. \u00bfC\u00f3mo hago cumplir la salvaguarda de empleo de 6 meses inmediatamente posteriores a la finalizaci\u00f3n del ERTE?<\/strong><\/p>\n<p>En este caso, y debido a la estacionalidad y la excepcionalidad de esta situaci\u00f3n aqu\u00ed en Baleares, la salvaguarda de empleo podr\u00e1 completarse con el per\u00edodo de ocupaci\u00f3n de la temporada siguiente.<\/p>\n<p><strong>\u00a0<\/strong><\/p>\n<p><strong>\u00bfMe pueden despedir durante este per\u00edodo?<\/strong><\/p>\n<p>En estos momentos, no se puede realizar despidos, que tengan su base en el Covid-19.<\/p>\n<p>Por tanto, se pueden realizar otros tipos de despidos contemplados en nuestro ordenamiento jur\u00eddico, aplic\u00e1ndolo a cada caso concreto y qu\u00e9 cumplan los requisitos del mismo.<\/p>\n<p>&nbsp;<\/p>\n<p><strong>Adri\u00e1n Titos<\/strong><\/p>\n<p>Abogado FMSB<\/p>\n<hr \/>\n<p><strong class=\"ql-hashtag\">#fmsb<\/strong> <strong class=\"ql-hashtag\">#fontmorasainzdebaranda<\/strong> <strong class=\"ql-hashtag\">#abogados<\/strong> <strong class=\"ql-hashtag\">#economistas<\/strong> <strong class=\"ql-hashtag\">#ERTE<\/strong> <strong class=\"ql-hashtag\">#fuerzamayor<\/strong> <strong class=\"ql-hashtag\">#contrato<\/strong> <strong class=\"ql-hashtag\">#despido<\/strong> <strong class=\"ql-hashtag\">#suspensi\u00f3n<\/strong> <strong class=\"ql-hashtag\">#reducci\u00f3n<\/strong> <strong class=\"ql-hashtag\">#jornada<\/strong> <strong class=\"ql-hashtag\">#trabajador<\/strong> <strong class=\"ql-hashtag\">#empresa<\/strong> <strong class=\"ql-hashtag\">#trabajo<\/strong> <strong class=\"ql-hashtag\">#sociedades<\/strong> <strong class=\"ql-hashtag\">#covid19<\/strong> <strong class=\"ql-hashtag\">#coronavirus<\/strong> <strong class=\"ql-hashtag\">#baleares<\/strong> <strong class=\"ql-hashtag\">#mallorca<\/strong> <strong class=\"ql-hashtag\">#menorca<\/strong> <strong class=\"ql-hashtag\">#ibiza<\/strong> <strong class=\"ql-hashtag\">#manacor<\/strong> <strong class=\"ql-hashtag\">#elarenal<\/strong> <strong class=\"ql-hashtag\">#andratx<\/strong> <strong class=\"ql-hashtag\">#law<\/strong> <strong class=\"ql-hashtag\">#lawyers<\/strong> <strong class=\"ql-hashtag\">#solicitors<\/strong><\/p>\n","protected":false},"excerpt":{"rendered":"<p>La mayor\u00eda de empresas y aut\u00f3nomos se han acogido a la medida del ERTE (Expediente de Regulaci\u00f3n Temporal de Empleo), para hacer frente a la crisis sanitaria que estamos sufriendo a nivel mundial. Durante estas l\u00edneas vamos a intentar resolver algunas de las cuestiones que m\u00e1s se est\u00e1n planteando, tanto por empresas, como por trabajadores. [&hellip;]<\/p>\n","protected":false},"author":2,"featured_media":0,"comment_status":"closed","ping_status":"open","sticky":false,"template":"","format":"standard","meta":{"footnotes":""},"categories":[2199,3883,2936,2202,3858],"tags":[2206,2908,2208,5752,2465,3588,3492,3589,5768,2218,4249,5692,5757,5769,2223,2224,5770,2225,2228,2229,2231,2232,2234,5771,3186,2243,2843,5762,5763],"class_list":["post-11669","post","type-post","status-publish","format-standard","hentry","category-blog-de","category-coronavirus-de","category-derecho-laboral-de","category-home-de","category-turismo-de","tag-abogados-de","tag-andratx-de","tag-baleares-de","tag-causas-objetivas-de","tag-contrato-de","tag-coronavirus-de","tag-covid-19-de","tag-covid19-de","tag-despido-de","tag-economistas-de","tag-elarenal-de","tag-empresa-de","tag-erte-de","tag-etop-de","tag-fmsb-de","tag-font-mora-sainz-de-baranda-de","tag-fuerza-mayor-de","tag-ibiza-de","tag-law-de","tag-lawyers-de","tag-mallorca-de","tag-manacor-de","tag-menorca-de","tag-reduccion-de-jornada-de","tag-sociedad-de","tag-solicitors-de","tag-suspension-de","tag-trabajador-de","tag-trabajo-de"],"yoast_head":"<!-- This site is optimized with the Yoast SEO plugin v27.3 - https:\/\/yoast.com\/product\/yoast-seo-wordpress\/ -->\n<title>Preguntas y respuestas laborales frecuentes durante la crisis sanitaria del covid-19 - FMSB Abogados y Economistas en Baleares<\/title>\n<meta name=\"robots\" content=\"index, follow, max-snippet:-1, max-image-preview:large, max-video-preview:-1\" \/>\n<link rel=\"canonical\" href=\"https:\/\/fmsb.eu\/de\/2020\/05\/12\/preguntas-laborales-covid19\/\" \/>\n<meta property=\"og:locale\" content=\"de_DE\" \/>\n<meta property=\"og:type\" content=\"article\" \/>\n<meta property=\"og:title\" content=\"Preguntas y respuestas laborales frecuentes durante la crisis sanitaria del covid-19 - FMSB Abogados y Economistas en Baleares\" \/>\n<meta property=\"og:description\" content=\"La mayor\u00eda de empresas y aut\u00f3nomos se han acogido a la medida del ERTE (Expediente de Regulaci\u00f3n Temporal de Empleo), para hacer frente a la crisis sanitaria que estamos sufriendo a nivel mundial. Durante estas l\u00edneas vamos a intentar resolver algunas de las cuestiones que m\u00e1s se est\u00e1n planteando, tanto por empresas, como por trabajadores. [&hellip;]\" \/>\n<meta property=\"og:url\" content=\"https:\/\/fmsb.eu\/de\/2020\/05\/12\/preguntas-laborales-covid19\/\" \/>\n<meta property=\"og:site_name\" content=\"FMSB Abogados y Economistas en Baleares\" \/>\n<meta property=\"article:published_time\" content=\"2020-05-12T19:07:30+00:00\" \/>\n<meta name=\"author\" content=\"fmsb\" \/>\n<meta name=\"twitter:card\" content=\"summary_large_image\" \/>\n<meta name=\"twitter:creator\" content=\"@fmsb-disstint\" \/>\n<meta name=\"twitter:label1\" content=\"Verfasst von\" \/>\n\t<meta name=\"twitter:data1\" content=\"fmsb\" \/>\n\t<meta name=\"twitter:label2\" content=\"Gesch\u00e4tzte Lesezeit\" \/>\n\t<meta name=\"twitter:data2\" content=\"5\u00a0Minuten\" \/>\n<script type=\"application\/ld+json\" class=\"yoast-schema-graph\">{\"@context\":\"https:\\\/\\\/schema.org\",\"@graph\":[{\"@type\":\"Article\",\"@id\":\"https:\\\/\\\/fmsb.eu\\\/de\\\/2020\\\/05\\\/12\\\/preguntas-laborales-covid19\\\/#article\",\"isPartOf\":{\"@id\":\"https:\\\/\\\/fmsb.eu\\\/de\\\/2020\\\/05\\\/12\\\/preguntas-laborales-covid19\\\/\"},\"author\":{\"name\":\"fmsb\",\"@id\":\"https:\\\/\\\/fmsb.eu\\\/de\\\/#\\\/schema\\\/person\\\/9fba7c70814b0cd34d35d655d36a4ca2\"},\"headline\":\"Preguntas y respuestas laborales frecuentes durante la crisis sanitaria del covid-19\",\"datePublished\":\"2020-05-12T19:07:30+00:00\",\"mainEntityOfPage\":{\"@id\":\"https:\\\/\\\/fmsb.eu\\\/de\\\/2020\\\/05\\\/12\\\/preguntas-laborales-covid19\\\/\"},\"wordCount\":1069,\"publisher\":{\"@id\":\"https:\\\/\\\/fmsb.eu\\\/de\\\/#organization\"},\"keywords\":[\"abogados\",\"andratx\",\"baleares\",\"causas objetivas\",\"contrato\",\"coronavirus\",\"covid 19\",\"covid19\",\"despido\",\"economistas\",\"elarenal\",\"empresa\",\"ERTE\",\"etop\",\"fmsb\",\"font mora sainz de baranda\",\"fuerza mayor\",\"ibiza\",\"law\",\"lawyers\",\"mallorca\",\"Manacor\",\"menorca\",\"reducci\u00f3n de jornada\",\"sociedad\",\"solicitors\",\"suspensi\u00f3n\",\"trabajador\",\"trabajo\"],\"articleSection\":[\"blog\",\"Coronavirus\",\"Derecho Laboral\",\"Home\",\"Turismo\"],\"inLanguage\":\"de\"},{\"@type\":\"WebPage\",\"@id\":\"https:\\\/\\\/fmsb.eu\\\/de\\\/2020\\\/05\\\/12\\\/preguntas-laborales-covid19\\\/\",\"url\":\"https:\\\/\\\/fmsb.eu\\\/de\\\/2020\\\/05\\\/12\\\/preguntas-laborales-covid19\\\/\",\"name\":\"Preguntas y respuestas laborales frecuentes durante la crisis sanitaria del covid-19 - FMSB Abogados y Economistas en Baleares\",\"isPartOf\":{\"@id\":\"https:\\\/\\\/fmsb.eu\\\/de\\\/#website\"},\"datePublished\":\"2020-05-12T19:07:30+00:00\",\"breadcrumb\":{\"@id\":\"https:\\\/\\\/fmsb.eu\\\/de\\\/2020\\\/05\\\/12\\\/preguntas-laborales-covid19\\\/#breadcrumb\"},\"inLanguage\":\"de\",\"potentialAction\":[{\"@type\":\"ReadAction\",\"target\":[\"https:\\\/\\\/fmsb.eu\\\/de\\\/2020\\\/05\\\/12\\\/preguntas-laborales-covid19\\\/\"]}]},{\"@type\":\"BreadcrumbList\",\"@id\":\"https:\\\/\\\/fmsb.eu\\\/de\\\/2020\\\/05\\\/12\\\/preguntas-laborales-covid19\\\/#breadcrumb\",\"itemListElement\":[{\"@type\":\"ListItem\",\"position\":1,\"name\":\"Portada\",\"item\":\"https:\\\/\\\/fmsb.eu\\\/de\\\/\"},{\"@type\":\"ListItem\",\"position\":2,\"name\":\"Preguntas y respuestas laborales frecuentes durante la crisis sanitaria del covid-19\"}]},{\"@type\":\"WebSite\",\"@id\":\"https:\\\/\\\/fmsb.eu\\\/de\\\/#website\",\"url\":\"https:\\\/\\\/fmsb.eu\\\/de\\\/\",\"name\":\"FMSB Abogados y Economistas en Baleares\",\"description\":\"\",\"publisher\":{\"@id\":\"https:\\\/\\\/fmsb.eu\\\/de\\\/#organization\"},\"potentialAction\":[{\"@type\":\"SearchAction\",\"target\":{\"@type\":\"EntryPoint\",\"urlTemplate\":\"https:\\\/\\\/fmsb.eu\\\/de\\\/?s={search_term_string}\"},\"query-input\":{\"@type\":\"PropertyValueSpecification\",\"valueRequired\":true,\"valueName\":\"search_term_string\"}}],\"inLanguage\":\"de\"},{\"@type\":\"Organization\",\"@id\":\"https:\\\/\\\/fmsb.eu\\\/de\\\/#organization\",\"name\":\"FMSB Abogados y Economistas en Baleares\",\"url\":\"https:\\\/\\\/fmsb.eu\\\/de\\\/\",\"logo\":{\"@type\":\"ImageObject\",\"inLanguage\":\"de\",\"@id\":\"https:\\\/\\\/fmsb.eu\\\/de\\\/#\\\/schema\\\/logo\\\/image\\\/\",\"url\":\"https:\\\/\\\/fmsb.eu\\\/wp-content\\\/uploads\\\/2025\\\/02\\\/logo.svg\",\"contentUrl\":\"https:\\\/\\\/fmsb.eu\\\/wp-content\\\/uploads\\\/2025\\\/02\\\/logo.svg\",\"width\":154,\"height\":52,\"caption\":\"FMSB Abogados y Economistas en Baleares\"},\"image\":{\"@id\":\"https:\\\/\\\/fmsb.eu\\\/de\\\/#\\\/schema\\\/logo\\\/image\\\/\"}},{\"@type\":\"Person\",\"@id\":\"https:\\\/\\\/fmsb.eu\\\/de\\\/#\\\/schema\\\/person\\\/9fba7c70814b0cd34d35d655d36a4ca2\",\"name\":\"fmsb\",\"image\":{\"@type\":\"ImageObject\",\"inLanguage\":\"de\",\"@id\":\"https:\\\/\\\/secure.gravatar.com\\\/avatar\\\/426f4d5b0ebcace85460caf87cdaaa193694b611e990615d87a13f322fb7ee7f?s=96&d=mm&r=g\",\"url\":\"https:\\\/\\\/secure.gravatar.com\\\/avatar\\\/426f4d5b0ebcace85460caf87cdaaa193694b611e990615d87a13f322fb7ee7f?s=96&d=mm&r=g\",\"contentUrl\":\"https:\\\/\\\/secure.gravatar.com\\\/avatar\\\/426f4d5b0ebcace85460caf87cdaaa193694b611e990615d87a13f322fb7ee7f?s=96&d=mm&r=g\",\"caption\":\"fmsb\"},\"sameAs\":[\"https:\\\/\\\/x.com\\\/fmsb-disstint\"],\"url\":\"https:\\\/\\\/fmsb.eu\\\/de\\\/author\\\/fmsb\\\/\"}]}<\/script>\n<!-- \/ Yoast SEO plugin. -->","yoast_head_json":{"title":"Preguntas y respuestas laborales frecuentes durante la crisis sanitaria del covid-19 - FMSB Abogados y Economistas en Baleares","robots":{"index":"index","follow":"follow","max-snippet":"max-snippet:-1","max-image-preview":"max-image-preview:large","max-video-preview":"max-video-preview:-1"},"canonical":"https:\/\/fmsb.eu\/de\/2020\/05\/12\/preguntas-laborales-covid19\/","og_locale":"de_DE","og_type":"article","og_title":"Preguntas y respuestas laborales frecuentes durante la crisis sanitaria del covid-19 - FMSB Abogados y Economistas en Baleares","og_description":"La mayor\u00eda de empresas y aut\u00f3nomos se han acogido a la medida del ERTE (Expediente de Regulaci\u00f3n Temporal de Empleo), para hacer frente a la crisis sanitaria que estamos sufriendo a nivel mundial. Durante estas l\u00edneas vamos a intentar resolver algunas de las cuestiones que m\u00e1s se est\u00e1n planteando, tanto por empresas, como por trabajadores. [&hellip;]","og_url":"https:\/\/fmsb.eu\/de\/2020\/05\/12\/preguntas-laborales-covid19\/","og_site_name":"FMSB Abogados y Economistas en Baleares","article_published_time":"2020-05-12T19:07:30+00:00","author":"fmsb","twitter_card":"summary_large_image","twitter_creator":"@fmsb-disstint","twitter_misc":{"Verfasst von":"fmsb","Gesch\u00e4tzte Lesezeit":"5\u00a0Minuten"},"schema":{"@context":"https:\/\/schema.org","@graph":[{"@type":"Article","@id":"https:\/\/fmsb.eu\/de\/2020\/05\/12\/preguntas-laborales-covid19\/#article","isPartOf":{"@id":"https:\/\/fmsb.eu\/de\/2020\/05\/12\/preguntas-laborales-covid19\/"},"author":{"name":"fmsb","@id":"https:\/\/fmsb.eu\/de\/#\/schema\/person\/9fba7c70814b0cd34d35d655d36a4ca2"},"headline":"Preguntas y respuestas laborales frecuentes durante la crisis sanitaria del covid-19","datePublished":"2020-05-12T19:07:30+00:00","mainEntityOfPage":{"@id":"https:\/\/fmsb.eu\/de\/2020\/05\/12\/preguntas-laborales-covid19\/"},"wordCount":1069,"publisher":{"@id":"https:\/\/fmsb.eu\/de\/#organization"},"keywords":["abogados","andratx","baleares","causas objetivas","contrato","coronavirus","covid 19","covid19","despido","economistas","elarenal","empresa","ERTE","etop","fmsb","font mora sainz de baranda","fuerza mayor","ibiza","law","lawyers","mallorca","Manacor","menorca","reducci\u00f3n de jornada","sociedad","solicitors","suspensi\u00f3n","trabajador","trabajo"],"articleSection":["blog","Coronavirus","Derecho Laboral","Home","Turismo"],"inLanguage":"de"},{"@type":"WebPage","@id":"https:\/\/fmsb.eu\/de\/2020\/05\/12\/preguntas-laborales-covid19\/","url":"https:\/\/fmsb.eu\/de\/2020\/05\/12\/preguntas-laborales-covid19\/","name":"Preguntas y respuestas laborales frecuentes durante la crisis sanitaria del covid-19 - FMSB Abogados y Economistas en Baleares","isPartOf":{"@id":"https:\/\/fmsb.eu\/de\/#website"},"datePublished":"2020-05-12T19:07:30+00:00","breadcrumb":{"@id":"https:\/\/fmsb.eu\/de\/2020\/05\/12\/preguntas-laborales-covid19\/#breadcrumb"},"inLanguage":"de","potentialAction":[{"@type":"ReadAction","target":["https:\/\/fmsb.eu\/de\/2020\/05\/12\/preguntas-laborales-covid19\/"]}]},{"@type":"BreadcrumbList","@id":"https:\/\/fmsb.eu\/de\/2020\/05\/12\/preguntas-laborales-covid19\/#breadcrumb","itemListElement":[{"@type":"ListItem","position":1,"name":"Portada","item":"https:\/\/fmsb.eu\/de\/"},{"@type":"ListItem","position":2,"name":"Preguntas y respuestas laborales frecuentes durante la crisis sanitaria del covid-19"}]},{"@type":"WebSite","@id":"https:\/\/fmsb.eu\/de\/#website","url":"https:\/\/fmsb.eu\/de\/","name":"FMSB Abogados y Economistas en Baleares","description":"","publisher":{"@id":"https:\/\/fmsb.eu\/de\/#organization"},"potentialAction":[{"@type":"SearchAction","target":{"@type":"EntryPoint","urlTemplate":"https:\/\/fmsb.eu\/de\/?s={search_term_string}"},"query-input":{"@type":"PropertyValueSpecification","valueRequired":true,"valueName":"search_term_string"}}],"inLanguage":"de"},{"@type":"Organization","@id":"https:\/\/fmsb.eu\/de\/#organization","name":"FMSB Abogados y Economistas en Baleares","url":"https:\/\/fmsb.eu\/de\/","logo":{"@type":"ImageObject","inLanguage":"de","@id":"https:\/\/fmsb.eu\/de\/#\/schema\/logo\/image\/","url":"https:\/\/fmsb.eu\/wp-content\/uploads\/2025\/02\/logo.svg","contentUrl":"https:\/\/fmsb.eu\/wp-content\/uploads\/2025\/02\/logo.svg","width":154,"height":52,"caption":"FMSB Abogados y Economistas en Baleares"},"image":{"@id":"https:\/\/fmsb.eu\/de\/#\/schema\/logo\/image\/"}},{"@type":"Person","@id":"https:\/\/fmsb.eu\/de\/#\/schema\/person\/9fba7c70814b0cd34d35d655d36a4ca2","name":"fmsb","image":{"@type":"ImageObject","inLanguage":"de","@id":"https:\/\/secure.gravatar.com\/avatar\/426f4d5b0ebcace85460caf87cdaaa193694b611e990615d87a13f322fb7ee7f?s=96&d=mm&r=g","url":"https:\/\/secure.gravatar.com\/avatar\/426f4d5b0ebcace85460caf87cdaaa193694b611e990615d87a13f322fb7ee7f?s=96&d=mm&r=g","contentUrl":"https:\/\/secure.gravatar.com\/avatar\/426f4d5b0ebcace85460caf87cdaaa193694b611e990615d87a13f322fb7ee7f?s=96&d=mm&r=g","caption":"fmsb"},"sameAs":["https:\/\/x.com\/fmsb-disstint"],"url":"https:\/\/fmsb.eu\/de\/author\/fmsb\/"}]}},"_links":{"self":[{"href":"https:\/\/fmsb.eu\/de\/wp-json\/wp\/v2\/posts\/11669","targetHints":{"allow":["GET"]}}],"collection":[{"href":"https:\/\/fmsb.eu\/de\/wp-json\/wp\/v2\/posts"}],"about":[{"href":"https:\/\/fmsb.eu\/de\/wp-json\/wp\/v2\/types\/post"}],"author":[{"embeddable":true,"href":"https:\/\/fmsb.eu\/de\/wp-json\/wp\/v2\/users\/2"}],"replies":[{"embeddable":true,"href":"https:\/\/fmsb.eu\/de\/wp-json\/wp\/v2\/comments?post=11669"}],"version-history":[{"count":0,"href":"https:\/\/fmsb.eu\/de\/wp-json\/wp\/v2\/posts\/11669\/revisions"}],"wp:attachment":[{"href":"https:\/\/fmsb.eu\/de\/wp-json\/wp\/v2\/media?parent=11669"}],"wp:term":[{"taxonomy":"category","embeddable":true,"href":"https:\/\/fmsb.eu\/de\/wp-json\/wp\/v2\/categories?post=11669"},{"taxonomy":"post_tag","embeddable":true,"href":"https:\/\/fmsb.eu\/de\/wp-json\/wp\/v2\/tags?post=11669"}],"curies":[{"name":"wp","href":"https:\/\/api.w.org\/{rel}","templated":true}]}}