{"id":11693,"date":"2020-03-21T13:39:57","date_gmt":"2020-03-21T12:39:57","guid":{"rendered":"http:\/\/fmsb.disstintbeta.com\/2020\/03\/21\/guia-medidas-coronavirus\/"},"modified":"2020-03-21T13:39:57","modified_gmt":"2020-03-21T12:39:57","slug":"guia-medidas-coronavirus","status":"publish","type":"post","link":"https:\/\/fmsb.eu\/de\/2020\/03\/21\/guia-medidas-coronavirus\/","title":{"rendered":"Gu\u00eda de las medidas adoptadas para responder al impacto econ\u00f3mico del COVID-19"},"content":{"rendered":"<p><a href=\"https:\/\/www.fmsb.eu\/2723\/\"><img fetchpriority=\"high\" decoding=\"async\" class=\"alignnone wp-image-2727\" src=\"https:\/\/www.fmsb.eu\/wp-content\/uploads\/2020\/03\/Sin-t\u00edtulo-977x1024.png\" alt=\"\" width=\"573\" height=\"600\" \/><\/a><\/p>\n<p><strong><a href=\"https:\/\/www.fmsb.eu\/wp-content\/uploads\/2020\/03\/FMSB-Abogados-Medidas-Econ\u00f3micas-Coronavirus.pdf\">Haz clic en este enlace para ver la Gu\u00eda en versi\u00f3n PDF FMSB Abogados &#8211; Medidas Econ\u00f3micas Coronavirus<\/a><\/strong><\/p>\n<h1><a name=\"_Toc35682447\"><\/a>INTRODUCCI\u00d3N<\/h1>\n<p>Con este documento, el despacho <strong>FONT MORA SAINZ DE BARANDA<\/strong> quiere informar, de manera resumida y pr\u00e1ctica, sobre las medidas m\u00e1s importantes de car\u00e1cter econ\u00f3mico contenidas en las normas aprobadas con car\u00e1cter de urgencia desde el pasado d\u00eda 13 de marzo, todo ello a los efectos de servir de <strong>Gu\u00eda<\/strong> a los <strong>empresarios<\/strong> y <strong>profesionales<\/strong>.<\/p>\n<h1><a name=\"_Toc35682448\"><\/a>NORMAS ANALIZADAS<\/h1>\n<ul>\n<li><strong>Real Decreto 463\/2020, de 14 de marzo<\/strong>, por el que se declara el estado de alarma para la gesti\u00f3n de la situaci\u00f3n de crisis sanitaria ocasionada por el COVID-19.<\/li>\n<li><strong>Real Decreto 465\/2020, de 17 de marzo<\/strong>, por el que se modifica el Real Decreto 463\/2020, de 14 de marzo, por el que se declara el estado de alarma para la gesti\u00f3n de la situaci\u00f3n de crisis sanitaria ocasionada por el COVID-19<\/li>\n<li><strong>Real Decreto-ley 7\/2020, de 12 de marzo<\/strong>, por el que se adoptan medidas urgentes para responder al impacto econ\u00f3mico del COVID-19.<\/li>\n<li><strong>Real Decreto-ley 8\/2020, de 17 de marzo<\/strong>, de medidas urgentes extraordinarias para hacer frente al impacto econ\u00f3mico y social del COVID-19.<\/li>\n<li><strong>Resoluci\u00f3n del Ministerio de Justicia, de 16 de marzo de 2020<\/strong>, en la que se establecen nuevas directrices para el cumplimiento de los <strong>servicios esenciales<\/strong> en los juzgados y tribunales durante la vigencia del estado de alarma.<\/li>\n<\/ul>\n<h1><a name=\"_Toc35682449\"><\/a>MEDIDAS<\/h1>\n<h2><a name=\"_Toc35682450\"><\/a>A) Medidas de car\u00e1cter administrativo<\/h2>\n<p><strong><em>\u00a0<\/em><\/strong>Se suspenden e interrumpen durante el estado de alarma todos los plazos para cualquier tramitaci\u00f3n de procedimientos administrativos ante cualesquiera entidades del sector p\u00fablico, esto es, la Administraci\u00f3n General del Estado, las Comunidades Aut\u00f3nomas y los entes locales, as\u00ed como los organismos y las entidades de derecho p\u00fablico dependientes de \u00e9stas.<\/p>\n<ul>\n<li>El c\u00f3mputo de los plazos se reanudar\u00e1, por el tiempo que quedase a fecha 14 de marzo, en el momento en que se alce el estado de alarma o, en su caso, las pr\u00f3rrogas del mismo.<\/li>\n<li>No obstante lo anterior, los \u00f3rganos administrativos competentes podr\u00edan acordar aquellas medidas que fueran necesarias para evitar perjuicios graves en los derechos e intereses del interesado en un procedimiento, pero siempre que \u00e9ste manifieste su conformidad o lo solicite razonadamente.<\/li>\n<li>La suspensi\u00f3n de los t\u00e9rminos y la interrupci\u00f3n de los plazos no es de aplicaci\u00f3n a los procedimientos administrativos en los \u00e1mbitos de la afiliaci\u00f3n, la liquidaci\u00f3n y la cotizaci\u00f3n de la Seguridad Social.<\/li>\n<\/ul>\n<p><strong><em>* No olvides que&#8230;<\/em><\/strong><\/p>\n<ul>\n<li>Los procedimientos tributarios tienen su regulaci\u00f3n espec\u00edfica, de forma que lo anterior es aplicable solo de forma supletoria, en defecto de regulaci\u00f3n.<\/li>\n<\/ul>\n<h2><a name=\"_Toc35682451\"><\/a>B) Medidas de car\u00e1cter tributario<\/h2>\n<ul>\n<li>El plazo para la interposici\u00f3n de recursos o reclamaciones econ\u00f3mico-administrativas -ya sea TEAR o TEAC- (plazo: un mes), contra cualquier acto tributario notificado entre el 17 de marzo y el 30 de abril de 2020 no se iniciar\u00e1 hasta el 30 de abril. Si la notificaci\u00f3n es posterior al 30 de abril, empezar\u00e1 a contar cuando se notifique.<\/li>\n<li>Los plazos para interponer recursos de reposici\u00f3n o reclamaciones econ\u00f3mico-administrativas iniciados antes del 17 de marzo estaban suspendidos, y se reanudaban al levantar el estado de alarma, pero por la Disposici\u00f3n transitoria tercera del RDL 7\/2020 lo se\u00f1alado en el punto anterior ser\u00e1 tambi\u00e9n de aplicaci\u00f3n a los procedimientos cuya tramitaci\u00f3n se hubiere iniciado con anterioridad al 17 de marzo y est\u00e9n en tr\u00e1mite.<\/li>\n<li>Los plazos para: (i) pagar las deudas tributarias resultantes de liquidaciones practicadas por la Administraci\u00f3n, ya est\u00e9n en voluntaria o ejecutiva -por ejemplo, actas de inspecci\u00f3n, liquidaciones de la Administraci\u00f3n, recargos, etc.-; (ii) pagar los importes derivados de aplazamientos y\/o fraccionamientos concedidos; (iii) subastas y adjudicaci\u00f3n de bienes; (iv) atender requerimientos, diligencias de embargo y solicitudes de informaci\u00f3n; y (v) formular alegaciones ante cualquier tipo de procedimiento que est\u00e9n en tr\u00e1mite se ampl\u00edan hasta el 30 de abril de 2020.<\/li>\n<li>Para los supuestos anteriores que sean comunicados a partir del 17 de marzo, el plazo se ampl\u00eda hasta el 20 de mayo de 2020.<\/li>\n<li>En procedimientos de apremio no se proceder\u00e1 a la ejecuci\u00f3n de garant\u00edas que recaigan sobre bienes inmuebles desde el 17 de marzo hasta el d\u00eda 30 de abril de 2020.<\/li>\n<li>Se interrumpen los plazos de prescripci\u00f3n y caducidad.<\/li>\n<li>Se reducen los intentos de notificaci\u00f3n a uno.<\/li>\n<li>Si los contribuyentes, a pesar de lo anterior, atienden los requerimientos o presentan alegaciones, se considerar\u00e1n validos y se entiende que ha renunciado a las prorrogas o ampliaciones.<\/li>\n<li>Los plazos para las autoliquidaciones no quedan suspendidos.<\/li>\n<li>Por tanto, para todas las autoliquidaciones -incluidas IVA, retenciones y pagos fraccionados de IS- a realizar entre el 13 de marzo y el 30 de mayo de 2020, ambos inclusive, -a excepci\u00f3n de las liquidaciones mediante efectos timbrados, las deudas contra la masa en concursos de acreedores, las derivadas de recuperaci\u00f3n de ayudas del Estado y las derivadas de resoluciones de procedimientos econ\u00f3mico-administrativos o judiciales-, se admitir\u00e1n aplazamientos por 6 meses siempre que las deudas no sean superiores a 30.000 euros (por liquidaci\u00f3n o autoliquidaci\u00f3n), y el solicitante no tenga un volumen de operaciones superior a 6.010.121,04 euros en el a\u00f1o 2019.<\/li>\n<li>En caso de este aplazamiento, no se devengan intereses de demora durante los primeros tres meses del aplazamiento (inter\u00e9s de demora para el 2020: 3,75%).<\/li>\n<li>Se debe solicitar con las instrucciones que se se\u00f1alan en la p\u00e1gina de la AEAT y la concesi\u00f3n es autom\u00e1tica siempre que se den los requisitos.<\/li>\n<\/ul>\n<p><strong><em>\u00a0<\/em><\/strong><strong><em>* No olvides que&#8230;<\/em><\/strong><\/p>\n<ul>\n<li>La suspensi\u00f3n y la interrupci\u00f3n no afecta a los plazos para la presentaci\u00f3n de declaraciones y autoliquidaciones tributarias, de forma que durante el mes de marzo se deber\u00e1 presentar los modelos mensuales, el modelo 720 y las declaraciones de operaciones intracomunitarias. En el mes de abril vence la presentaci\u00f3n, y en su caso el pago, de todos los modelos correspondientes a las declaraciones trimestrales (IVA, retenciones, IRPF&#8230;).<\/li>\n<\/ul>\n<h2><a name=\"_Toc35682452\"><\/a>C) Medidas de car\u00e1cter mercantil<\/h2>\n<ul>\n<li>El plazo de tres meses desde el cierre del ejercicio social para la formulaci\u00f3n de las cuentas anuales, as\u00ed como de los dem\u00e1s documentos exigibles (legalizaci\u00f3n del libro diario y libro de actas) queda suspendido hasta que finalice el estado de alarma, reanud\u00e1ndose de nuevo por otros tres meses a contar desde esa fecha.<\/li>\n<li>La junta general ordinaria para aprobar las cuentas del ejercicio 2019 se reunir\u00e1 necesariamente dentro de los tres meses siguientes a contar desde que finalice el plazo para formular las cuentas anuales.<\/li>\n<li>La junta general ordinaria para aprobar las cuentas del ejercicio 2019 se reunir\u00e1 necesariamente dentro de los tres meses siguientes a contar desde que finalice el plazo para formular las cuentas anuales. De este modo, tambi\u00e9n se retrasar\u00e1 un mes, el dep\u00f3sito de esas cuentas anuales en el registro mercantil.<\/li>\n<li>Aunque no lo prevean los estatutos, los \u00f3rganos de gobierno y administraci\u00f3n, as\u00ed como del resto de comisiones delegadas y obligatorias podr\u00e1n llevarse a cabo por videoconferencia y \u00e9sta se entender\u00e1 celebrada en el domicilio de la persona jur\u00eddica.<\/li>\n<li>Los acuerdos se podr\u00e1n llevar a t\u00e9rmino mediante votaci\u00f3n por escrito sin sesi\u00f3n siempre que lo decida el presidente o cuando lo soliciten dos miembros del \u00f3rgano.<\/li>\n<li>En el caso de que se haya convocado junta general con anterioridad a la declaraci\u00f3n del estado de alarma y sea su celebraci\u00f3n posterior, el \u00f3rgano de administraci\u00f3n podr\u00e1 revocar la convocatoria o bien cambiar la fecha.<\/li>\n<li>La asistencia de notario para levantar acta de la reuni\u00f3n de junta general podr\u00e1 utilizar medios de comunicaci\u00f3n a distancia en tiempo real.<\/li>\n<li>Aunque concurra causa legal o estatutaria, en las sociedades de capital los socios no podr\u00e1n ejercitar el derecho de separaci\u00f3n hasta que finalice el estado de alarma.<\/li>\n<\/ul>\n<p><strong><em>\u00a0<\/em><\/strong><strong><em>* No olvides que&#8230;<\/em><\/strong><\/p>\n<ul>\n<li>Las reuniones y Juntas ser\u00e1n v\u00e1lidas por videoconferencia, aunque no lo prevean los estatutos.<\/li>\n<\/ul>\n<h2><a name=\"_Toc35682453\"><\/a>D) Medidas de car\u00e1cter laboral<\/h2>\n<ul>\n<li>Se podr\u00e1n iniciar Expedientes de regulaci\u00f3n de empleo temporales (ERTE) basados en (i) causas de fuerza mayor o (ii) en causas econ\u00f3micas, t\u00e9cnicas, organizativas y de producci\u00f3n.<\/li>\n<li><strong><u>ERTE POR FUERZA MAYOR<\/u><\/strong>: La causa de fuerza mayor es la declaraci\u00f3n del estado de alarma. Tr\u00e1mites a realizar:<\/li>\n<li>Se lleva a cabo una solicitud por parte de la empresa, con un informe de la p\u00e9rdida de actividad y documentaci\u00f3n acreditativa.<\/li>\n<li>Se comunica a las personas trabajadoras o, en caso de existir, a la representaci\u00f3n de estas.<\/li>\n<li>La autoridad laboral valora las circunstancias y resuelve en el plazo de cinco d\u00edas.<\/li>\n<li>En caso de autorizaci\u00f3n: (i) si la empresa tiene menos de 50 trabajadores de alta a 29 de febrero de 2020, queda exonerada de la aportaci\u00f3n empresarial y de las cuotas por conceptos de recaudaci\u00f3n conjunta mientras dure el per\u00edodo de suspensi\u00f3n; (ii) si la empresa tiene 50 trabajadores o m\u00e1s, la exoneraci\u00f3n de la obligaci\u00f3n de cotizar solo alcanza al 75 % de la aportaci\u00f3n empresarial.<\/li>\n<li>En todo caso, para todos los trabajadores afectados se mantiene la consideraci\u00f3n de dicho per\u00edodo como efectivamente cotizado.<\/li>\n<li>La exoneraci\u00f3n de cuotas se aplicar\u00e1 por la TGSS a instancia del empresario, previa comunicaci\u00f3n de la identificaci\u00f3n de los trabajadores y per\u00edodo de la suspensi\u00f3n o reducci\u00f3n de jornada.<\/li>\n<li><strong><u>ERTES POR CAUSAS ECON\u00d3MICAS, T\u00c9CNICAS, ORGANIZATIVAS Y DE PRODUCCI\u00d3N<\/u><\/strong><strong>: <\/strong>cuando la empresa se acoja a este supuesto por el COVID-19, el procedimiento es el siguiente:<\/li>\n<li>Se debe constituir una comisi\u00f3n representativa en 5 d\u00edas en caso de que no existan representantes.<\/li>\n<li>El periodo de consultas entre la empresa y los anteriores no deber\u00e1 exceder de siete d\u00edas.<\/li>\n<li>El informe de la Inspecci\u00f3n de Trabajo se evacuar\u00e1 en el plazo de siete d\u00edas.<\/li>\n<li>Tanto en el ERTE por fuerza mayor como por el de causas econ\u00f3micas, organizativas o de producci\u00f3n, los trabajadores estar\u00e1n cubiertos por la prestaci\u00f3n de desempleo, aunque carezcan del periodo de cotizaci\u00f3n necesario para tener acceso a ella.<\/li>\n<li>Todas aquellas personas trabajadoras que acrediten deberes de cuidado de su c\u00f3nyuge o pareja de hecho, as\u00ed como familiares hasta el segundo grado de consanguinidad (hermanos), podr\u00e1n reducir la jornada, percibiendo la parte proporcional de salario conforme a la reducci\u00f3n.<\/li>\n<li>En cuanto a la adaptaci\u00f3n de la jornada puede consistir en: cambios de turno, alteraci\u00f3n del horario, horario flexible, jornada partida o continuada, entre otras.<\/li>\n<li><strong>OTRAS MEDIDAS DE CAR\u00c1CTER LABORAL<\/strong>:\n<ul>\n<li>Permisos retribuidos: \u201cbolsas de horas\u201d, se mantiene la remuneraci\u00f3n y se podr\u00e1n recuperar las horas.<\/li>\n<li>Excedencias u reducciones de jornada ordinarias<\/li>\n<li>Despidos colectivos<\/li>\n<li>Teletrabajo<\/li>\n<\/ul>\n<\/li>\n<li><strong>PRESTACI\u00d3N EXTRAORDINARIA POR DESEMPLEO PARA AUT\u00d3NOMOS: <\/strong>Con <strong>vigencia de un mes<\/strong> a partir del estado de alarma o de las pr\u00f3rrogas, los trabajadores aut\u00f3nomos tendr\u00e1n derecho a prestaci\u00f3n extraordinaria por cese de actividad.<\/li>\n<\/ul>\n<p style=\"padding-left: 60px;\">Podr\u00e1n acogerse a esta prestaci\u00f3n cuando (i) las actividades hayan quedado suspendidas por el estado de alarma o (ii) cuando su facturaci\u00f3n del mes anterior al que se solicita la prestaci\u00f3n se vea reducida un 75% en relaci\u00f3n con el promedio de facturaci\u00f3n del semestre anterior.<\/p>\n<p style=\"padding-left: 60px;\">Los requisitos son:<\/p>\n<ul>\n<li>estar afiliados al r\u00e9gimen de la SS;<\/li>\n<li>si se trata de una actividad no suspendida, acreditar la disminuci\u00f3n de la facturaci\u00f3n;<\/li>\n<li>hallarse al corriente de pago de cuotas de la Seguridad Social.<\/li>\n<\/ul>\n<p>La cuant\u00eda ser\u00e1 calculada aplicando 70% de la base reguladora y es incompatible con cualquier otra prestaci\u00f3n de la Seguridad social<\/p>\n<p><strong><em>\u00a0<\/em><\/strong><strong><em>* No olvides que&#8230;<\/em><\/strong><\/p>\n<ul>\n<li>Estas medidas estar\u00e1n vigentes mientras se mantenga la situaci\u00f3n extraordinaria derivada del COVID-19<\/li>\n<li>Esta actuaci\u00f3n supone la baja del sistema de aut\u00f3nomos, por lo que es previsible que se tenga que gestionar su alta si vuelve a emprender la actividad.<\/li>\n<\/ul>\n<h2><a name=\"_Toc35682454\"><\/a>E) Medidas de car\u00e1cter procesal<\/h2>\n<ul>\n<li>Se suspenden t\u00e9rminos y se suspenden e interrumpen plazos procesales para todos los \u00f3rdenes jurisdiccionales. Se reanudar\u00e1 el c\u00f3mputo de los plazos cuando cese el estado de alarma.<\/li>\n<li>No quedan afectados (i) cualquier tr\u00e1mite judicial que, de no practicarse, pudiera causar un perjuicio irreparable; (ii) internamientos urgentes no voluntarios por raz\u00f3n de trastorno psicol\u00f3gico; (iii) adopci\u00f3n de medidas cautelares u otras actuaciones inaplazables, como las medidas de protecci\u00f3n de menores (alimentos, guarda y custodia, etc.); (iv) actuaciones con presos o detenidos o de vigilancia penitenciaria; (v) la adopci\u00f3n de medidas cautelares urgentes, levantamientos de cad\u00e1ver, entradas y registros, etc; (vi) en el orden jurisdiccional contencioso-administrativo, las autorizaciones de entradas sanitarias, urgentes e inaplazables, derechos fundamentales, medidas cautelares que sean urgentes, y recursos contencioso-electorales; (vii) en el orden jurisdiccional social, la celebraci\u00f3n de juicios declarados urgentes por la ley y las medias cautelares urgentes y preferentes, como los procesos de Expedientes de Regulaci\u00f3n de Empleo y Expedientes de Regulaci\u00f3n Temporal de Empleo; y (viii) en general, los procesos en que se alegue vulneraci\u00f3n de derechos fundamentales urgentes y preferentes.<\/li>\n<\/ul>\n<p><strong><em>\u00a0<\/em><\/strong><strong><em>* No olvides que&#8230;<\/em><\/strong><\/p>\n<ul>\n<li><strong><em>\u00a0<\/em><\/strong>Los juzgados de violencia sobre la mujer realizar\u00e1n los servicios de guardia que les correspondan y el Registro Civil prestar\u00e1 atenci\u00f3n permanente durante las horas de audiencia<\/li>\n<\/ul>\n<h2><a name=\"_Toc35682455\"><\/a>F) Concurso de acreedores<\/h2>\n<ul>\n<li>Mientras est\u00e9 vigente el estado de alarma, el deudor que se encuentre en estado de insolvencia no tendr\u00e1 el deber de solicitar la declaraci\u00f3n de concurso.<\/li>\n<li>Hasta que transcurran dos meses desde la finalizaci\u00f3n del estado de alarma, los jueces no admitir\u00e1n a tr\u00e1mite las solicitudes de concurso necesario si \u00e9stas se hubieran presentado durante ese estado o que se presenten durante esos dos meses, dando preferencia durante ese tiempo a la admisi\u00f3n a tr\u00e1mite de la solicitud de concurso voluntario, aunque fuera de fecha posterior.<\/li>\n<li>Tampoco tendr\u00e1 el deber de solicitar el concurso, mientras est\u00e9 vigente el estado de alarma, el deudor que hubiera presentado preconcurso (art\u00edculo 5Bis Ley Concursal).<\/li>\n<\/ul>\n<p><strong><em>\u00a0<\/em><\/strong><strong><em>* No olvides que&#8230;<\/em><\/strong><\/p>\n<ul>\n<li>Las solicitudes de concurso voluntario ser\u00e1n preferentes sobre las de concurso necesario instado por un acreedor.<\/li>\n<\/ul>\n<h2><a name=\"_Toc35682456\"><\/a>G) Otros.<\/h2>\n<ul>\n<li>Aumento de la liquidez para las empresas a trav\u00e9s de una l\u00ednea de avales p\u00fablicos por importe de unos 100.000 millones de euros. Los avales se articular\u00e1n a trav\u00e9s del Instituto de Cr\u00e9dito Oficial (ICO) y se destina espec\u00edficamente a las PIMES.<\/li>\n<li>Adicionalmente, se han aprobado l\u00edneas de avales adicionales para las empresas exportadoras y medidas para facilitar la restructuraci\u00f3n de cr\u00e9ditos a explotaciones agrarias.<\/li>\n<li>Pr\u00f3rroga de la vigencia del DNI hasta d\u00eda 13 de marzo de 2021, en caso de que \u00e9ste caduque desde el 14 de marzo.<\/li>\n<\/ul>\n<p>&nbsp;<\/p>\n<p>Gu\u00eda elaborada por equipo multidisciplinar <strong>FMSB -abogados y economistas en Baleares-<\/strong><\/p>\n<p><strong><a href=\"https:\/\/www.fmsb.eu\/wp-content\/uploads\/2020\/03\/FMSB-Abogados-Medidas-Econ\u00f3micas-Coronavirus.pdf\">Haz clic en este enlace para ver la Gu\u00eda en versi\u00f3n PDF FMSB Abogados &#8211; Medidas Econ\u00f3micas Coronavirus<\/a><\/strong><\/p>\n","protected":false},"excerpt":{"rendered":"<p>Haz clic en este enlace para ver la Gu\u00eda en versi\u00f3n PDF FMSB Abogados &#8211; Medidas Econ\u00f3micas Coronavirus INTRODUCCI\u00d3N Con este documento, el despacho FONT MORA SAINZ DE BARANDA quiere informar, de manera resumida y pr\u00e1ctica, sobre las medidas m\u00e1s importantes de car\u00e1cter econ\u00f3mico contenidas en las normas aprobadas con car\u00e1cter de urgencia desde el [&hellip;]<\/p>\n","protected":false},"author":2,"featured_media":0,"comment_status":"closed","ping_status":"open","sticky":false,"template":"","format":"standard","meta":{"footnotes":""},"categories":[2199,3883,2308,2200,3195,2742,2309,2936,2986,2387,5133,2202],"tags":[5868,5869],"class_list":["post-11693","post","type-post","status-publish","format-standard","hentry","category-blog-de","category-coronavirus-de","category-derecho-administrativo-de","category-derecho-civil-de","category-derecho-concursal-de","category-derecho-de-familia-de","category-derecho-fiscal-de","category-derecho-laboral-de","category-derecho-mercantil-de","category-derecho-penal-de","category-derecho-procesal-de","category-home-de","tag-guia-de","tag-medidas-coronavirus-de"],"yoast_head":"<!-- This site is optimized with the Yoast SEO plugin v27.3 - https:\/\/yoast.com\/product\/yoast-seo-wordpress\/ -->\n<title>Gu\u00eda de las medidas adoptadas para responder al impacto econ\u00f3mico del COVID-19 - FMSB Abogados y Economistas en Baleares<\/title>\n<meta name=\"robots\" content=\"index, follow, max-snippet:-1, max-image-preview:large, max-video-preview:-1\" \/>\n<link rel=\"canonical\" href=\"https:\/\/fmsb.eu\/de\/2020\/03\/21\/guia-medidas-coronavirus\/\" \/>\n<meta property=\"og:locale\" content=\"de_DE\" \/>\n<meta property=\"og:type\" content=\"article\" \/>\n<meta property=\"og:title\" content=\"Gu\u00eda de las medidas adoptadas para responder al impacto econ\u00f3mico del COVID-19 - FMSB Abogados y Economistas en Baleares\" \/>\n<meta property=\"og:description\" content=\"Haz clic en este enlace para ver la Gu\u00eda en versi\u00f3n PDF FMSB Abogados &#8211; Medidas Econ\u00f3micas Coronavirus INTRODUCCI\u00d3N Con este documento, el despacho FONT MORA SAINZ DE BARANDA quiere informar, de manera resumida y pr\u00e1ctica, sobre las medidas m\u00e1s importantes de car\u00e1cter econ\u00f3mico contenidas en las normas aprobadas con car\u00e1cter de urgencia desde el [&hellip;]\" \/>\n<meta property=\"og:url\" content=\"https:\/\/fmsb.eu\/de\/2020\/03\/21\/guia-medidas-coronavirus\/\" \/>\n<meta property=\"og:site_name\" content=\"FMSB Abogados y Economistas en Baleares\" \/>\n<meta property=\"article:published_time\" content=\"2020-03-21T12:39:57+00:00\" \/>\n<meta name=\"author\" content=\"fmsb\" \/>\n<meta name=\"twitter:card\" content=\"summary_large_image\" \/>\n<meta name=\"twitter:creator\" content=\"@fmsb-disstint\" \/>\n<meta name=\"twitter:label1\" content=\"Verfasst von\" \/>\n\t<meta name=\"twitter:data1\" content=\"fmsb\" \/>\n\t<meta name=\"twitter:label2\" content=\"Gesch\u00e4tzte Lesezeit\" \/>\n\t<meta name=\"twitter:data2\" content=\"12\u00a0Minuten\" \/>\n<script type=\"application\/ld+json\" class=\"yoast-schema-graph\">{\"@context\":\"https:\\\/\\\/schema.org\",\"@graph\":[{\"@type\":\"Article\",\"@id\":\"https:\\\/\\\/fmsb.eu\\\/de\\\/2020\\\/03\\\/21\\\/guia-medidas-coronavirus\\\/#article\",\"isPartOf\":{\"@id\":\"https:\\\/\\\/fmsb.eu\\\/de\\\/2020\\\/03\\\/21\\\/guia-medidas-coronavirus\\\/\"},\"author\":{\"name\":\"fmsb\",\"@id\":\"https:\\\/\\\/fmsb.eu\\\/de\\\/#\\\/schema\\\/person\\\/9fba7c70814b0cd34d35d655d36a4ca2\"},\"headline\":\"Gu\u00eda de las medidas adoptadas para responder al impacto econ\u00f3mico del COVID-19\",\"datePublished\":\"2020-03-21T12:39:57+00:00\",\"mainEntityOfPage\":{\"@id\":\"https:\\\/\\\/fmsb.eu\\\/de\\\/2020\\\/03\\\/21\\\/guia-medidas-coronavirus\\\/\"},\"wordCount\":2510,\"publisher\":{\"@id\":\"https:\\\/\\\/fmsb.eu\\\/de\\\/#organization\"},\"keywords\":[\"gu\u00eda\",\"medidas coronavirus\"],\"articleSection\":[\"blog\",\"Coronavirus\",\"Derecho Administrativo\",\"Derecho Civil\",\"Derecho Concursal\",\"derecho de familia\",\"Derecho Fiscal\",\"Derecho Laboral\",\"Derecho Mercantil\",\"Derecho Penal\",\"Derecho Procesal\",\"Home\"],\"inLanguage\":\"de\"},{\"@type\":\"WebPage\",\"@id\":\"https:\\\/\\\/fmsb.eu\\\/de\\\/2020\\\/03\\\/21\\\/guia-medidas-coronavirus\\\/\",\"url\":\"https:\\\/\\\/fmsb.eu\\\/de\\\/2020\\\/03\\\/21\\\/guia-medidas-coronavirus\\\/\",\"name\":\"Gu\u00eda de las medidas adoptadas para responder al impacto econ\u00f3mico del COVID-19 - FMSB Abogados y Economistas en Baleares\",\"isPartOf\":{\"@id\":\"https:\\\/\\\/fmsb.eu\\\/de\\\/#website\"},\"datePublished\":\"2020-03-21T12:39:57+00:00\",\"breadcrumb\":{\"@id\":\"https:\\\/\\\/fmsb.eu\\\/de\\\/2020\\\/03\\\/21\\\/guia-medidas-coronavirus\\\/#breadcrumb\"},\"inLanguage\":\"de\",\"potentialAction\":[{\"@type\":\"ReadAction\",\"target\":[\"https:\\\/\\\/fmsb.eu\\\/de\\\/2020\\\/03\\\/21\\\/guia-medidas-coronavirus\\\/\"]}]},{\"@type\":\"BreadcrumbList\",\"@id\":\"https:\\\/\\\/fmsb.eu\\\/de\\\/2020\\\/03\\\/21\\\/guia-medidas-coronavirus\\\/#breadcrumb\",\"itemListElement\":[{\"@type\":\"ListItem\",\"position\":1,\"name\":\"Portada\",\"item\":\"https:\\\/\\\/fmsb.eu\\\/de\\\/\"},{\"@type\":\"ListItem\",\"position\":2,\"name\":\"Gu\u00eda de las medidas adoptadas para responder al impacto econ\u00f3mico del COVID-19\"}]},{\"@type\":\"WebSite\",\"@id\":\"https:\\\/\\\/fmsb.eu\\\/de\\\/#website\",\"url\":\"https:\\\/\\\/fmsb.eu\\\/de\\\/\",\"name\":\"FMSB Abogados y Economistas en Baleares\",\"description\":\"\",\"publisher\":{\"@id\":\"https:\\\/\\\/fmsb.eu\\\/de\\\/#organization\"},\"potentialAction\":[{\"@type\":\"SearchAction\",\"target\":{\"@type\":\"EntryPoint\",\"urlTemplate\":\"https:\\\/\\\/fmsb.eu\\\/de\\\/?s={search_term_string}\"},\"query-input\":{\"@type\":\"PropertyValueSpecification\",\"valueRequired\":true,\"valueName\":\"search_term_string\"}}],\"inLanguage\":\"de\"},{\"@type\":\"Organization\",\"@id\":\"https:\\\/\\\/fmsb.eu\\\/de\\\/#organization\",\"name\":\"FMSB Abogados y Economistas en Baleares\",\"url\":\"https:\\\/\\\/fmsb.eu\\\/de\\\/\",\"logo\":{\"@type\":\"ImageObject\",\"inLanguage\":\"de\",\"@id\":\"https:\\\/\\\/fmsb.eu\\\/de\\\/#\\\/schema\\\/logo\\\/image\\\/\",\"url\":\"https:\\\/\\\/fmsb.eu\\\/wp-content\\\/uploads\\\/2025\\\/02\\\/logo.svg\",\"contentUrl\":\"https:\\\/\\\/fmsb.eu\\\/wp-content\\\/uploads\\\/2025\\\/02\\\/logo.svg\",\"width\":154,\"height\":52,\"caption\":\"FMSB Abogados y Economistas en Baleares\"},\"image\":{\"@id\":\"https:\\\/\\\/fmsb.eu\\\/de\\\/#\\\/schema\\\/logo\\\/image\\\/\"}},{\"@type\":\"Person\",\"@id\":\"https:\\\/\\\/fmsb.eu\\\/de\\\/#\\\/schema\\\/person\\\/9fba7c70814b0cd34d35d655d36a4ca2\",\"name\":\"fmsb\",\"image\":{\"@type\":\"ImageObject\",\"inLanguage\":\"de\",\"@id\":\"https:\\\/\\\/secure.gravatar.com\\\/avatar\\\/426f4d5b0ebcace85460caf87cdaaa193694b611e990615d87a13f322fb7ee7f?s=96&d=mm&r=g\",\"url\":\"https:\\\/\\\/secure.gravatar.com\\\/avatar\\\/426f4d5b0ebcace85460caf87cdaaa193694b611e990615d87a13f322fb7ee7f?s=96&d=mm&r=g\",\"contentUrl\":\"https:\\\/\\\/secure.gravatar.com\\\/avatar\\\/426f4d5b0ebcace85460caf87cdaaa193694b611e990615d87a13f322fb7ee7f?s=96&d=mm&r=g\",\"caption\":\"fmsb\"},\"sameAs\":[\"https:\\\/\\\/x.com\\\/fmsb-disstint\"],\"url\":\"https:\\\/\\\/fmsb.eu\\\/de\\\/author\\\/fmsb\\\/\"}]}<\/script>\n<!-- \/ Yoast SEO plugin. -->","yoast_head_json":{"title":"Gu\u00eda de las medidas adoptadas para responder al impacto econ\u00f3mico del COVID-19 - FMSB Abogados y Economistas en Baleares","robots":{"index":"index","follow":"follow","max-snippet":"max-snippet:-1","max-image-preview":"max-image-preview:large","max-video-preview":"max-video-preview:-1"},"canonical":"https:\/\/fmsb.eu\/de\/2020\/03\/21\/guia-medidas-coronavirus\/","og_locale":"de_DE","og_type":"article","og_title":"Gu\u00eda de las medidas adoptadas para responder al impacto econ\u00f3mico del COVID-19 - FMSB Abogados y Economistas en Baleares","og_description":"Haz clic en este enlace para ver la Gu\u00eda en versi\u00f3n PDF FMSB Abogados &#8211; Medidas Econ\u00f3micas Coronavirus INTRODUCCI\u00d3N Con este documento, el despacho FONT MORA SAINZ DE BARANDA quiere informar, de manera resumida y pr\u00e1ctica, sobre las medidas m\u00e1s importantes de car\u00e1cter econ\u00f3mico contenidas en las normas aprobadas con car\u00e1cter de urgencia desde el [&hellip;]","og_url":"https:\/\/fmsb.eu\/de\/2020\/03\/21\/guia-medidas-coronavirus\/","og_site_name":"FMSB Abogados y Economistas en Baleares","article_published_time":"2020-03-21T12:39:57+00:00","author":"fmsb","twitter_card":"summary_large_image","twitter_creator":"@fmsb-disstint","twitter_misc":{"Verfasst von":"fmsb","Gesch\u00e4tzte Lesezeit":"12\u00a0Minuten"},"schema":{"@context":"https:\/\/schema.org","@graph":[{"@type":"Article","@id":"https:\/\/fmsb.eu\/de\/2020\/03\/21\/guia-medidas-coronavirus\/#article","isPartOf":{"@id":"https:\/\/fmsb.eu\/de\/2020\/03\/21\/guia-medidas-coronavirus\/"},"author":{"name":"fmsb","@id":"https:\/\/fmsb.eu\/de\/#\/schema\/person\/9fba7c70814b0cd34d35d655d36a4ca2"},"headline":"Gu\u00eda de las medidas adoptadas para responder al impacto econ\u00f3mico del COVID-19","datePublished":"2020-03-21T12:39:57+00:00","mainEntityOfPage":{"@id":"https:\/\/fmsb.eu\/de\/2020\/03\/21\/guia-medidas-coronavirus\/"},"wordCount":2510,"publisher":{"@id":"https:\/\/fmsb.eu\/de\/#organization"},"keywords":["gu\u00eda","medidas coronavirus"],"articleSection":["blog","Coronavirus","Derecho Administrativo","Derecho Civil","Derecho Concursal","derecho de familia","Derecho Fiscal","Derecho Laboral","Derecho Mercantil","Derecho Penal","Derecho Procesal","Home"],"inLanguage":"de"},{"@type":"WebPage","@id":"https:\/\/fmsb.eu\/de\/2020\/03\/21\/guia-medidas-coronavirus\/","url":"https:\/\/fmsb.eu\/de\/2020\/03\/21\/guia-medidas-coronavirus\/","name":"Gu\u00eda de las medidas adoptadas para responder al impacto econ\u00f3mico del COVID-19 - FMSB Abogados y Economistas en Baleares","isPartOf":{"@id":"https:\/\/fmsb.eu\/de\/#website"},"datePublished":"2020-03-21T12:39:57+00:00","breadcrumb":{"@id":"https:\/\/fmsb.eu\/de\/2020\/03\/21\/guia-medidas-coronavirus\/#breadcrumb"},"inLanguage":"de","potentialAction":[{"@type":"ReadAction","target":["https:\/\/fmsb.eu\/de\/2020\/03\/21\/guia-medidas-coronavirus\/"]}]},{"@type":"BreadcrumbList","@id":"https:\/\/fmsb.eu\/de\/2020\/03\/21\/guia-medidas-coronavirus\/#breadcrumb","itemListElement":[{"@type":"ListItem","position":1,"name":"Portada","item":"https:\/\/fmsb.eu\/de\/"},{"@type":"ListItem","position":2,"name":"Gu\u00eda de las medidas adoptadas para responder al impacto econ\u00f3mico del COVID-19"}]},{"@type":"WebSite","@id":"https:\/\/fmsb.eu\/de\/#website","url":"https:\/\/fmsb.eu\/de\/","name":"FMSB Abogados y Economistas en Baleares","description":"","publisher":{"@id":"https:\/\/fmsb.eu\/de\/#organization"},"potentialAction":[{"@type":"SearchAction","target":{"@type":"EntryPoint","urlTemplate":"https:\/\/fmsb.eu\/de\/?s={search_term_string}"},"query-input":{"@type":"PropertyValueSpecification","valueRequired":true,"valueName":"search_term_string"}}],"inLanguage":"de"},{"@type":"Organization","@id":"https:\/\/fmsb.eu\/de\/#organization","name":"FMSB Abogados y Economistas en Baleares","url":"https:\/\/fmsb.eu\/de\/","logo":{"@type":"ImageObject","inLanguage":"de","@id":"https:\/\/fmsb.eu\/de\/#\/schema\/logo\/image\/","url":"https:\/\/fmsb.eu\/wp-content\/uploads\/2025\/02\/logo.svg","contentUrl":"https:\/\/fmsb.eu\/wp-content\/uploads\/2025\/02\/logo.svg","width":154,"height":52,"caption":"FMSB Abogados y Economistas en Baleares"},"image":{"@id":"https:\/\/fmsb.eu\/de\/#\/schema\/logo\/image\/"}},{"@type":"Person","@id":"https:\/\/fmsb.eu\/de\/#\/schema\/person\/9fba7c70814b0cd34d35d655d36a4ca2","name":"fmsb","image":{"@type":"ImageObject","inLanguage":"de","@id":"https:\/\/secure.gravatar.com\/avatar\/426f4d5b0ebcace85460caf87cdaaa193694b611e990615d87a13f322fb7ee7f?s=96&d=mm&r=g","url":"https:\/\/secure.gravatar.com\/avatar\/426f4d5b0ebcace85460caf87cdaaa193694b611e990615d87a13f322fb7ee7f?s=96&d=mm&r=g","contentUrl":"https:\/\/secure.gravatar.com\/avatar\/426f4d5b0ebcace85460caf87cdaaa193694b611e990615d87a13f322fb7ee7f?s=96&d=mm&r=g","caption":"fmsb"},"sameAs":["https:\/\/x.com\/fmsb-disstint"],"url":"https:\/\/fmsb.eu\/de\/author\/fmsb\/"}]}},"_links":{"self":[{"href":"https:\/\/fmsb.eu\/de\/wp-json\/wp\/v2\/posts\/11693","targetHints":{"allow":["GET"]}}],"collection":[{"href":"https:\/\/fmsb.eu\/de\/wp-json\/wp\/v2\/posts"}],"about":[{"href":"https:\/\/fmsb.eu\/de\/wp-json\/wp\/v2\/types\/post"}],"author":[{"embeddable":true,"href":"https:\/\/fmsb.eu\/de\/wp-json\/wp\/v2\/users\/2"}],"replies":[{"embeddable":true,"href":"https:\/\/fmsb.eu\/de\/wp-json\/wp\/v2\/comments?post=11693"}],"version-history":[{"count":0,"href":"https:\/\/fmsb.eu\/de\/wp-json\/wp\/v2\/posts\/11693\/revisions"}],"wp:attachment":[{"href":"https:\/\/fmsb.eu\/de\/wp-json\/wp\/v2\/media?parent=11693"}],"wp:term":[{"taxonomy":"category","embeddable":true,"href":"https:\/\/fmsb.eu\/de\/wp-json\/wp\/v2\/categories?post=11693"},{"taxonomy":"post_tag","embeddable":true,"href":"https:\/\/fmsb.eu\/de\/wp-json\/wp\/v2\/tags?post=11693"}],"curies":[{"name":"wp","href":"https:\/\/api.w.org\/{rel}","templated":true}]}}