{"id":11701,"date":"2020-03-15T10:45:30","date_gmt":"2020-03-15T09:45:30","guid":{"rendered":"http:\/\/fmsb.disstintbeta.com\/2020\/03\/15\/fmsb-diario-de-mallorca-abogados-turoperadores-coronavirus\/"},"modified":"2020-03-15T10:45:30","modified_gmt":"2020-03-15T09:45:30","slug":"fmsb-diario-de-mallorca-abogados-turoperadores-coronavirus","status":"publish","type":"post","link":"https:\/\/fmsb.eu\/de\/2020\/03\/15\/fmsb-diario-de-mallorca-abogados-turoperadores-coronavirus\/","title":{"rendered":"Font Mora Sainz de Baranda -abogados y economistas en Baleares- en Diario de Mallorca sobre la suspension de contratos de turoperadores por coronavirus"},"content":{"rendered":"<h1><a href=\"https:\/\/www.fmsb.eu\/wp-content\/uploads\/2020\/03\/Captura-FMSB-Turoperadores-Coronavirus.jpg\"><img fetchpriority=\"high\" decoding=\"async\" class=\"alignnone wp-image-2694 size-medium\" src=\"https:\/\/www.fmsb.eu\/wp-content\/uploads\/2020\/03\/Captura-FMSB-Turoperadores-Coronavirus-229x300.jpg\" alt=\"\" width=\"229\" height=\"300\" srcset=\"https:\/\/font-mora-sainz-baranda.fra1.digitaloceanspaces.com\/wp-content\/uploads\/2020\/03\/Captura-FMSB-Turoperadores-Coronavirus-229x300.jpg 229w, https:\/\/font-mora-sainz-baranda.fra1.digitaloceanspaces.com\/wp-content\/uploads\/2020\/03\/Captura-FMSB-Turoperadores-Coronavirus.jpg 708w\" sizes=\"(max-width: 229px) 100vw, 229px\" \/><\/a><\/h1>\n<h1>Pavor entre los hoteleros por la suspensi\u00f3n de contratos de turoperadores ante el coronavirus<\/h1>\n<h2>Expertos legales advierten de la reacci\u00f3n en cadena que puede haber alegando causa de fuerza mayor<\/h2>\n<div class=\"cuerpo_noticia\">\n<p><strong>&#8222;Estamos al 99% de que los turoperadores aleguen causa de fuerza mayor&#8220;,<\/strong> reconoce el viernes un hotelero mallorqu\u00edn. &#8222;Lo hemos evaluado&#8220;. Es decir, <strong>los contratos de garant\u00eda firmados con los mayoristas&#8220; quedar\u00edan <a href=\"https:\/\/www.diariodemallorca.es\/mallorca\/2020\/03\/13\/empresarios-sindicatos-mallorca-reconocen-semana\/1493930.html\">en el aire y tambi\u00e9n su compromiso de traer turistas.<\/a><\/strong> Desde <strong>TUI, no se ha confirmado <\/strong>este supuesto a este diario, pero <strong>se da casi por hecho, el grupo alem\u00e1n recoce que est\u00e1n &#8222;revisando conjuntamente las opciones de gesti\u00f3n de capacidad para mitigar el impacto <\/strong>tanto para TUI como para sus socios&#8220;.<\/p>\n<p>Ante la <a href=\"https:\/\/www.diariodemallorca.es\/sociedad\/2020\/03\/13\/crisis-coronavirus-oms-afirma-europa\/1494152.html\"><strong>pandemia declarada\u00a0por la Organizaci\u00f3n Mundial de Salud (OMS)<\/strong><\/a> <strong>el sector tur\u00edstico se puede enfrentar una reacci\u00f3n en cadena de alegaciones de causa de fuerza mayor <\/strong>en los contratos <strong>tanto de los turoperadores como de los particulares con los viaje<\/strong>s y estancias reservadas.<\/p>\n<p>Fuentes hoteleras\u00a0explican que <strong>en las condiciones generales que figuran en los contratos <\/strong>con los mayoristas figuran supuestos hipot\u00e9ticos que <strong>dar\u00edan pie a que se aplique<\/strong> la fuerza mayor ante la crisis del corononavirus. De esta manera los TTOO <strong>no tendr\u00edan &#8222;ning\u00fan compromiso&#8220; para traer turistas<\/strong> a Baleares.<\/p>\n<p>Desde el bufete<strong> Font Mora Sainz de Baranda<\/strong> se explica que<strong> s\u00ed hay base para alegar esa circunstancia<\/strong> ante la pandemia declarada por la OMS. &#8222;Las circunstancias ya no son las mismas&#8220; por lo que se pueden no cumplir o modificar los contratos&#8220;, se\u00f1ala <strong>Jorge Sainz de Baranda. <\/strong>Por una parte, el TTOO, por ejemplo TUI, que se hab\u00eda comprometido con los contratos en garant\u00eda a enviar a turistas, pero ahora <strong>puede quedar exonerado por el coronavirus y no pagar a los hoteleros<\/strong>. Y por otro lado, los particulares que, adquirieron un viaje y aunque el hotel est\u00e9 abierto no pueden acudir. <strong>Juan Font cree que &#8222;nadie lo haya previsto por lo excepcional que es&#8220;<\/strong>. Sainz de Baranda dice estar &#8222;convencido&#8220; de que se apelar\u00e1 a la fuerza mayor &#8222;para rebajar las condiciones de los contratos&#8220;.<\/p>\n<p><strong>Javier Zuloaga, socio en el \u00e1rea de Legal de KMPG Abogados,<\/strong> recuerda que hay libertad de pactos y <strong>habr\u00eda que ver &#8222;contrato por contrato&#8220;<\/strong>. Tanto el caso fortuito como la fuerza mayor son causas que pueden eximir a las partes a cumplir un contrato, o en su caso dar lugar a que puedan cumplirse las obligaciones en un momento o una forma distintas.<\/p>\n<p>El<strong> caso fortuito<\/strong> es aquel <strong>suceso que las partes no pudieron prever,<\/strong> ni aun aplicando la m\u00e1xima diligencia. Y la <strong>fuerza mayor, el hecho que aun siendo previsible es inevitable.<\/strong><\/p>\n<p><strong>\u00bfQu\u00e9 es el coronavirus? <\/strong>&#8222;Habr\u00e1 debate seguro y puede que haya quien entable procesos de reclamaci\u00f3n, judiciales o extrajudiciales. Seguro que habr\u00e1 quien lo califique de caso fortuito y quien diga que se trata de fuerza mayor&#8220;. &#8222;En mi opini\u00f3n&#8220;, explica Zuloaga, <strong>&#8222;es un tema discutible&#8220; <\/strong>y &#8222;en todo caso, se trata de conflictos, no deseables&#8220;, porque podr\u00eda ser una r<strong>eacci\u00f3n en cadena.<\/strong><\/p>\n<p>Basta pensar en el sector tur\u00edstico. Javier Zuloaga repasa la cadena de valor, en la que el proveedor de un cliente tiene a su vez proveedores, de tal suerte que puede producirse una aut\u00e9ntica cadena de reclamaciones.<\/p>\n<p><strong>El abogado recuerda la llamada cl\u00e1usula <em>rebus sic stantibus<\/em><\/strong> que dicta que &#8222;<strong>si las circunstancias cambian radicalmente, <\/strong>aunque no haya caso fortuito ni fuerza mayor, <strong>ser\u00e1 posible <\/strong>no tanto exceptuar del cumplimiento del contrato, sino <strong>modular la forma en que se cumple&#8220;.<\/strong> Y tambi\u00e9n alude al principio de independencia judicial en Espa\u00f1a, por lo que en este pa\u00eds &#8222;la jurisprudencia vincula relativamente, con casos parecidos\u00a0 el resultado no puede ser el mismo&#8220;, adem\u00e1s de que en el orden civil y mercantil la derrota procesal lleva aparejada, como regla general, el pago de costas.<\/p>\n<p>&nbsp;<\/p>\n<p>Fuente: <a href=\"https:\/\/www.diariodemallorca.es\/mallorca\/2020\/03\/13\/hoteleros-atemorizados-alegaciones-fuerza-mayor\/1494165.html\"><strong>Diario de Mallorca<\/strong><\/a><strong> &#8211;\u00a0<\/strong>Autora: <span class=\"autor_sup\"><a href=\"https:\/\/www.diariodemallorca.es\/autores\/myriam-b-moneo.html\"><strong>myriam b. moneo<\/strong><\/a> &#8211; <\/span><span class=\"autor_sup\">P<\/span><span class=\"autor_sup\">alma <\/span> <span class=\"fecha_hora\"> 13.03.2020<\/span><\/p>\n<\/div>\n","protected":false},"excerpt":{"rendered":"<p>Pavor entre los hoteleros por la suspensi\u00f3n de contratos de turoperadores ante el coronavirus Expertos legales advierten de la reacci\u00f3n en cadena que puede haber alegando causa de fuerza mayor &#8222;Estamos al 99% de que los turoperadores aleguen causa de fuerza mayor&#8220;, reconoce el viernes un hotelero mallorqu\u00edn. &#8222;Lo hemos evaluado&#8220;. Es decir, los contratos [&hellip;]<\/p>\n","protected":false},"author":2,"featured_media":9077,"comment_status":"closed","ping_status":"open","sticky":false,"template":"","format":"standard","meta":{"footnotes":""},"categories":[2199,2986,2202,3858],"tags":[],"class_list":["post-11701","post","type-post","status-publish","format-standard","has-post-thumbnail","hentry","category-blog-de","category-derecho-mercantil-de","category-home-de","category-turismo-de"],"yoast_head":"<!-- This site is optimized with the Yoast SEO plugin v27.3 - https:\/\/yoast.com\/product\/yoast-seo-wordpress\/ -->\n<title>Font Mora Sainz de Baranda -abogados y economistas en Baleares- en Diario de Mallorca sobre la suspension de contratos de turoperadores por coronavirus - FMSB Abogados y Economistas en Baleares<\/title>\n<meta name=\"robots\" content=\"index, follow, max-snippet:-1, max-image-preview:large, max-video-preview:-1\" \/>\n<link rel=\"canonical\" href=\"https:\/\/fmsb.eu\/de\/2020\/03\/15\/fmsb-diario-de-mallorca-abogados-turoperadores-coronavirus\/\" \/>\n<meta property=\"og:locale\" content=\"de_DE\" \/>\n<meta property=\"og:type\" content=\"article\" \/>\n<meta property=\"og:title\" content=\"Font Mora Sainz de Baranda -abogados y economistas en Baleares- en Diario de Mallorca sobre la suspension de contratos de turoperadores por coronavirus - FMSB Abogados y Economistas en Baleares\" \/>\n<meta property=\"og:description\" content=\"Pavor entre los hoteleros por la suspensi\u00f3n de contratos de turoperadores ante el coronavirus Expertos legales advierten de la reacci\u00f3n en cadena que puede haber alegando causa de fuerza mayor &#8222;Estamos al 99% de que los turoperadores aleguen causa de fuerza mayor&#8220;, reconoce el viernes un hotelero mallorqu\u00edn. &#8222;Lo hemos evaluado&#8220;. Es decir, los contratos [&hellip;]\" \/>\n<meta property=\"og:url\" content=\"https:\/\/fmsb.eu\/de\/2020\/03\/15\/fmsb-diario-de-mallorca-abogados-turoperadores-coronavirus\/\" \/>\n<meta property=\"og:site_name\" content=\"FMSB Abogados y Economistas en Baleares\" \/>\n<meta property=\"article:published_time\" content=\"2020-03-15T09:45:30+00:00\" \/>\n<meta property=\"og:image\" content=\"https:\/\/fmsb.eu\/wp-content\/uploads\/2020\/03\/Captura-FMSB-Turoperadores-Coronavirus.jpg\" \/>\n\t<meta property=\"og:image:width\" content=\"708\" \/>\n\t<meta property=\"og:image:height\" content=\"929\" \/>\n\t<meta property=\"og:image:type\" content=\"image\/jpeg\" \/>\n<meta name=\"author\" content=\"fmsb\" \/>\n<meta name=\"twitter:card\" content=\"summary_large_image\" \/>\n<meta name=\"twitter:creator\" content=\"@fmsb-disstint\" \/>\n<meta name=\"twitter:label1\" content=\"Verfasst von\" \/>\n\t<meta name=\"twitter:data1\" content=\"fmsb\" \/>\n\t<meta name=\"twitter:label2\" content=\"Gesch\u00e4tzte Lesezeit\" \/>\n\t<meta name=\"twitter:data2\" content=\"3\u00a0Minuten\" \/>\n<script type=\"application\/ld+json\" class=\"yoast-schema-graph\">{\"@context\":\"https:\\\/\\\/schema.org\",\"@graph\":[{\"@type\":\"Article\",\"@id\":\"https:\\\/\\\/fmsb.eu\\\/de\\\/2020\\\/03\\\/15\\\/fmsb-diario-de-mallorca-abogados-turoperadores-coronavirus\\\/#article\",\"isPartOf\":{\"@id\":\"https:\\\/\\\/fmsb.eu\\\/de\\\/2020\\\/03\\\/15\\\/fmsb-diario-de-mallorca-abogados-turoperadores-coronavirus\\\/\"},\"author\":{\"name\":\"fmsb\",\"@id\":\"https:\\\/\\\/fmsb.eu\\\/de\\\/#\\\/schema\\\/person\\\/9fba7c70814b0cd34d35d655d36a4ca2\"},\"headline\":\"Font Mora Sainz de Baranda -abogados y economistas en Baleares- en Diario de Mallorca sobre la suspension de contratos de turoperadores por coronavirus\",\"datePublished\":\"2020-03-15T09:45:30+00:00\",\"mainEntityOfPage\":{\"@id\":\"https:\\\/\\\/fmsb.eu\\\/de\\\/2020\\\/03\\\/15\\\/fmsb-diario-de-mallorca-abogados-turoperadores-coronavirus\\\/\"},\"wordCount\":696,\"publisher\":{\"@id\":\"https:\\\/\\\/fmsb.eu\\\/de\\\/#organization\"},\"image\":{\"@id\":\"https:\\\/\\\/fmsb.eu\\\/de\\\/2020\\\/03\\\/15\\\/fmsb-diario-de-mallorca-abogados-turoperadores-coronavirus\\\/#primaryimage\"},\"thumbnailUrl\":\"https:\\\/\\\/fmsb.eu\\\/wp-content\\\/uploads\\\/2020\\\/03\\\/Captura-FMSB-Turoperadores-Coronavirus.jpg\",\"articleSection\":[\"blog\",\"Derecho Mercantil\",\"Home\",\"Turismo\"],\"inLanguage\":\"de\"},{\"@type\":\"WebPage\",\"@id\":\"https:\\\/\\\/fmsb.eu\\\/de\\\/2020\\\/03\\\/15\\\/fmsb-diario-de-mallorca-abogados-turoperadores-coronavirus\\\/\",\"url\":\"https:\\\/\\\/fmsb.eu\\\/de\\\/2020\\\/03\\\/15\\\/fmsb-diario-de-mallorca-abogados-turoperadores-coronavirus\\\/\",\"name\":\"Font Mora Sainz de Baranda -abogados y economistas en Baleares- en Diario de Mallorca sobre la suspension de contratos de turoperadores por coronavirus - FMSB Abogados y Economistas en Baleares\",\"isPartOf\":{\"@id\":\"https:\\\/\\\/fmsb.eu\\\/de\\\/#website\"},\"primaryImageOfPage\":{\"@id\":\"https:\\\/\\\/fmsb.eu\\\/de\\\/2020\\\/03\\\/15\\\/fmsb-diario-de-mallorca-abogados-turoperadores-coronavirus\\\/#primaryimage\"},\"image\":{\"@id\":\"https:\\\/\\\/fmsb.eu\\\/de\\\/2020\\\/03\\\/15\\\/fmsb-diario-de-mallorca-abogados-turoperadores-coronavirus\\\/#primaryimage\"},\"thumbnailUrl\":\"https:\\\/\\\/fmsb.eu\\\/wp-content\\\/uploads\\\/2020\\\/03\\\/Captura-FMSB-Turoperadores-Coronavirus.jpg\",\"datePublished\":\"2020-03-15T09:45:30+00:00\",\"breadcrumb\":{\"@id\":\"https:\\\/\\\/fmsb.eu\\\/de\\\/2020\\\/03\\\/15\\\/fmsb-diario-de-mallorca-abogados-turoperadores-coronavirus\\\/#breadcrumb\"},\"inLanguage\":\"de\",\"potentialAction\":[{\"@type\":\"ReadAction\",\"target\":[\"https:\\\/\\\/fmsb.eu\\\/de\\\/2020\\\/03\\\/15\\\/fmsb-diario-de-mallorca-abogados-turoperadores-coronavirus\\\/\"]}]},{\"@type\":\"ImageObject\",\"inLanguage\":\"de\",\"@id\":\"https:\\\/\\\/fmsb.eu\\\/de\\\/2020\\\/03\\\/15\\\/fmsb-diario-de-mallorca-abogados-turoperadores-coronavirus\\\/#primaryimage\",\"url\":\"https:\\\/\\\/fmsb.eu\\\/wp-content\\\/uploads\\\/2020\\\/03\\\/Captura-FMSB-Turoperadores-Coronavirus.jpg\",\"contentUrl\":\"https:\\\/\\\/fmsb.eu\\\/wp-content\\\/uploads\\\/2020\\\/03\\\/Captura-FMSB-Turoperadores-Coronavirus.jpg\",\"width\":708,\"height\":929},{\"@type\":\"BreadcrumbList\",\"@id\":\"https:\\\/\\\/fmsb.eu\\\/de\\\/2020\\\/03\\\/15\\\/fmsb-diario-de-mallorca-abogados-turoperadores-coronavirus\\\/#breadcrumb\",\"itemListElement\":[{\"@type\":\"ListItem\",\"position\":1,\"name\":\"Portada\",\"item\":\"https:\\\/\\\/fmsb.eu\\\/de\\\/\"},{\"@type\":\"ListItem\",\"position\":2,\"name\":\"Font Mora Sainz de Baranda -abogados y economistas en Baleares- en Diario de Mallorca sobre la suspension de contratos de turoperadores por coronavirus\"}]},{\"@type\":\"WebSite\",\"@id\":\"https:\\\/\\\/fmsb.eu\\\/de\\\/#website\",\"url\":\"https:\\\/\\\/fmsb.eu\\\/de\\\/\",\"name\":\"FMSB Abogados y Economistas en Baleares\",\"description\":\"\",\"publisher\":{\"@id\":\"https:\\\/\\\/fmsb.eu\\\/de\\\/#organization\"},\"potentialAction\":[{\"@type\":\"SearchAction\",\"target\":{\"@type\":\"EntryPoint\",\"urlTemplate\":\"https:\\\/\\\/fmsb.eu\\\/de\\\/?s={search_term_string}\"},\"query-input\":{\"@type\":\"PropertyValueSpecification\",\"valueRequired\":true,\"valueName\":\"search_term_string\"}}],\"inLanguage\":\"de\"},{\"@type\":\"Organization\",\"@id\":\"https:\\\/\\\/fmsb.eu\\\/de\\\/#organization\",\"name\":\"FMSB Abogados y Economistas en Baleares\",\"url\":\"https:\\\/\\\/fmsb.eu\\\/de\\\/\",\"logo\":{\"@type\":\"ImageObject\",\"inLanguage\":\"de\",\"@id\":\"https:\\\/\\\/fmsb.eu\\\/de\\\/#\\\/schema\\\/logo\\\/image\\\/\",\"url\":\"https:\\\/\\\/fmsb.eu\\\/wp-content\\\/uploads\\\/2025\\\/02\\\/logo.svg\",\"contentUrl\":\"https:\\\/\\\/fmsb.eu\\\/wp-content\\\/uploads\\\/2025\\\/02\\\/logo.svg\",\"width\":154,\"height\":52,\"caption\":\"FMSB Abogados y Economistas en Baleares\"},\"image\":{\"@id\":\"https:\\\/\\\/fmsb.eu\\\/de\\\/#\\\/schema\\\/logo\\\/image\\\/\"}},{\"@type\":\"Person\",\"@id\":\"https:\\\/\\\/fmsb.eu\\\/de\\\/#\\\/schema\\\/person\\\/9fba7c70814b0cd34d35d655d36a4ca2\",\"name\":\"fmsb\",\"image\":{\"@type\":\"ImageObject\",\"inLanguage\":\"de\",\"@id\":\"https:\\\/\\\/secure.gravatar.com\\\/avatar\\\/426f4d5b0ebcace85460caf87cdaaa193694b611e990615d87a13f322fb7ee7f?s=96&d=mm&r=g\",\"url\":\"https:\\\/\\\/secure.gravatar.com\\\/avatar\\\/426f4d5b0ebcace85460caf87cdaaa193694b611e990615d87a13f322fb7ee7f?s=96&d=mm&r=g\",\"contentUrl\":\"https:\\\/\\\/secure.gravatar.com\\\/avatar\\\/426f4d5b0ebcace85460caf87cdaaa193694b611e990615d87a13f322fb7ee7f?s=96&d=mm&r=g\",\"caption\":\"fmsb\"},\"sameAs\":[\"https:\\\/\\\/x.com\\\/fmsb-disstint\"],\"url\":\"https:\\\/\\\/fmsb.eu\\\/de\\\/author\\\/fmsb\\\/\"}]}<\/script>\n<!-- \/ Yoast SEO plugin. -->","yoast_head_json":{"title":"Font Mora Sainz de Baranda -abogados y economistas en Baleares- en Diario de Mallorca sobre la suspension de contratos de turoperadores por coronavirus - FMSB Abogados y Economistas en Baleares","robots":{"index":"index","follow":"follow","max-snippet":"max-snippet:-1","max-image-preview":"max-image-preview:large","max-video-preview":"max-video-preview:-1"},"canonical":"https:\/\/fmsb.eu\/de\/2020\/03\/15\/fmsb-diario-de-mallorca-abogados-turoperadores-coronavirus\/","og_locale":"de_DE","og_type":"article","og_title":"Font Mora Sainz de Baranda -abogados y economistas en Baleares- en Diario de Mallorca sobre la suspension de contratos de turoperadores por coronavirus - FMSB Abogados y Economistas en Baleares","og_description":"Pavor entre los hoteleros por la suspensi\u00f3n de contratos de turoperadores ante el coronavirus Expertos legales advierten de la reacci\u00f3n en cadena que puede haber alegando causa de fuerza mayor &#8222;Estamos al 99% de que los turoperadores aleguen causa de fuerza mayor&#8220;, reconoce el viernes un hotelero mallorqu\u00edn. &#8222;Lo hemos evaluado&#8220;. Es decir, los contratos [&hellip;]","og_url":"https:\/\/fmsb.eu\/de\/2020\/03\/15\/fmsb-diario-de-mallorca-abogados-turoperadores-coronavirus\/","og_site_name":"FMSB Abogados y Economistas en Baleares","article_published_time":"2020-03-15T09:45:30+00:00","og_image":[{"width":708,"height":929,"url":"https:\/\/fmsb.eu\/wp-content\/uploads\/2020\/03\/Captura-FMSB-Turoperadores-Coronavirus.jpg","type":"image\/jpeg"}],"author":"fmsb","twitter_card":"summary_large_image","twitter_creator":"@fmsb-disstint","twitter_misc":{"Verfasst von":"fmsb","Gesch\u00e4tzte Lesezeit":"3\u00a0Minuten"},"schema":{"@context":"https:\/\/schema.org","@graph":[{"@type":"Article","@id":"https:\/\/fmsb.eu\/de\/2020\/03\/15\/fmsb-diario-de-mallorca-abogados-turoperadores-coronavirus\/#article","isPartOf":{"@id":"https:\/\/fmsb.eu\/de\/2020\/03\/15\/fmsb-diario-de-mallorca-abogados-turoperadores-coronavirus\/"},"author":{"name":"fmsb","@id":"https:\/\/fmsb.eu\/de\/#\/schema\/person\/9fba7c70814b0cd34d35d655d36a4ca2"},"headline":"Font Mora Sainz de Baranda -abogados y economistas en Baleares- en Diario de Mallorca sobre la suspension de contratos de turoperadores por coronavirus","datePublished":"2020-03-15T09:45:30+00:00","mainEntityOfPage":{"@id":"https:\/\/fmsb.eu\/de\/2020\/03\/15\/fmsb-diario-de-mallorca-abogados-turoperadores-coronavirus\/"},"wordCount":696,"publisher":{"@id":"https:\/\/fmsb.eu\/de\/#organization"},"image":{"@id":"https:\/\/fmsb.eu\/de\/2020\/03\/15\/fmsb-diario-de-mallorca-abogados-turoperadores-coronavirus\/#primaryimage"},"thumbnailUrl":"https:\/\/fmsb.eu\/wp-content\/uploads\/2020\/03\/Captura-FMSB-Turoperadores-Coronavirus.jpg","articleSection":["blog","Derecho Mercantil","Home","Turismo"],"inLanguage":"de"},{"@type":"WebPage","@id":"https:\/\/fmsb.eu\/de\/2020\/03\/15\/fmsb-diario-de-mallorca-abogados-turoperadores-coronavirus\/","url":"https:\/\/fmsb.eu\/de\/2020\/03\/15\/fmsb-diario-de-mallorca-abogados-turoperadores-coronavirus\/","name":"Font Mora Sainz de Baranda -abogados y economistas en Baleares- en Diario de Mallorca sobre la suspension de contratos de turoperadores por coronavirus - FMSB Abogados y Economistas en Baleares","isPartOf":{"@id":"https:\/\/fmsb.eu\/de\/#website"},"primaryImageOfPage":{"@id":"https:\/\/fmsb.eu\/de\/2020\/03\/15\/fmsb-diario-de-mallorca-abogados-turoperadores-coronavirus\/#primaryimage"},"image":{"@id":"https:\/\/fmsb.eu\/de\/2020\/03\/15\/fmsb-diario-de-mallorca-abogados-turoperadores-coronavirus\/#primaryimage"},"thumbnailUrl":"https:\/\/fmsb.eu\/wp-content\/uploads\/2020\/03\/Captura-FMSB-Turoperadores-Coronavirus.jpg","datePublished":"2020-03-15T09:45:30+00:00","breadcrumb":{"@id":"https:\/\/fmsb.eu\/de\/2020\/03\/15\/fmsb-diario-de-mallorca-abogados-turoperadores-coronavirus\/#breadcrumb"},"inLanguage":"de","potentialAction":[{"@type":"ReadAction","target":["https:\/\/fmsb.eu\/de\/2020\/03\/15\/fmsb-diario-de-mallorca-abogados-turoperadores-coronavirus\/"]}]},{"@type":"ImageObject","inLanguage":"de","@id":"https:\/\/fmsb.eu\/de\/2020\/03\/15\/fmsb-diario-de-mallorca-abogados-turoperadores-coronavirus\/#primaryimage","url":"https:\/\/fmsb.eu\/wp-content\/uploads\/2020\/03\/Captura-FMSB-Turoperadores-Coronavirus.jpg","contentUrl":"https:\/\/fmsb.eu\/wp-content\/uploads\/2020\/03\/Captura-FMSB-Turoperadores-Coronavirus.jpg","width":708,"height":929},{"@type":"BreadcrumbList","@id":"https:\/\/fmsb.eu\/de\/2020\/03\/15\/fmsb-diario-de-mallorca-abogados-turoperadores-coronavirus\/#breadcrumb","itemListElement":[{"@type":"ListItem","position":1,"name":"Portada","item":"https:\/\/fmsb.eu\/de\/"},{"@type":"ListItem","position":2,"name":"Font Mora Sainz de Baranda -abogados y economistas en Baleares- en Diario de Mallorca sobre la suspension de contratos de turoperadores por coronavirus"}]},{"@type":"WebSite","@id":"https:\/\/fmsb.eu\/de\/#website","url":"https:\/\/fmsb.eu\/de\/","name":"FMSB Abogados y Economistas en Baleares","description":"","publisher":{"@id":"https:\/\/fmsb.eu\/de\/#organization"},"potentialAction":[{"@type":"SearchAction","target":{"@type":"EntryPoint","urlTemplate":"https:\/\/fmsb.eu\/de\/?s={search_term_string}"},"query-input":{"@type":"PropertyValueSpecification","valueRequired":true,"valueName":"search_term_string"}}],"inLanguage":"de"},{"@type":"Organization","@id":"https:\/\/fmsb.eu\/de\/#organization","name":"FMSB Abogados y Economistas en Baleares","url":"https:\/\/fmsb.eu\/de\/","logo":{"@type":"ImageObject","inLanguage":"de","@id":"https:\/\/fmsb.eu\/de\/#\/schema\/logo\/image\/","url":"https:\/\/fmsb.eu\/wp-content\/uploads\/2025\/02\/logo.svg","contentUrl":"https:\/\/fmsb.eu\/wp-content\/uploads\/2025\/02\/logo.svg","width":154,"height":52,"caption":"FMSB Abogados y Economistas en Baleares"},"image":{"@id":"https:\/\/fmsb.eu\/de\/#\/schema\/logo\/image\/"}},{"@type":"Person","@id":"https:\/\/fmsb.eu\/de\/#\/schema\/person\/9fba7c70814b0cd34d35d655d36a4ca2","name":"fmsb","image":{"@type":"ImageObject","inLanguage":"de","@id":"https:\/\/secure.gravatar.com\/avatar\/426f4d5b0ebcace85460caf87cdaaa193694b611e990615d87a13f322fb7ee7f?s=96&d=mm&r=g","url":"https:\/\/secure.gravatar.com\/avatar\/426f4d5b0ebcace85460caf87cdaaa193694b611e990615d87a13f322fb7ee7f?s=96&d=mm&r=g","contentUrl":"https:\/\/secure.gravatar.com\/avatar\/426f4d5b0ebcace85460caf87cdaaa193694b611e990615d87a13f322fb7ee7f?s=96&d=mm&r=g","caption":"fmsb"},"sameAs":["https:\/\/x.com\/fmsb-disstint"],"url":"https:\/\/fmsb.eu\/de\/author\/fmsb\/"}]}},"_links":{"self":[{"href":"https:\/\/fmsb.eu\/de\/wp-json\/wp\/v2\/posts\/11701","targetHints":{"allow":["GET"]}}],"collection":[{"href":"https:\/\/fmsb.eu\/de\/wp-json\/wp\/v2\/posts"}],"about":[{"href":"https:\/\/fmsb.eu\/de\/wp-json\/wp\/v2\/types\/post"}],"author":[{"embeddable":true,"href":"https:\/\/fmsb.eu\/de\/wp-json\/wp\/v2\/users\/2"}],"replies":[{"embeddable":true,"href":"https:\/\/fmsb.eu\/de\/wp-json\/wp\/v2\/comments?post=11701"}],"version-history":[{"count":0,"href":"https:\/\/fmsb.eu\/de\/wp-json\/wp\/v2\/posts\/11701\/revisions"}],"wp:featuredmedia":[{"embeddable":true,"href":"https:\/\/fmsb.eu\/de\/wp-json\/wp\/v2\/media\/9077"}],"wp:attachment":[{"href":"https:\/\/fmsb.eu\/de\/wp-json\/wp\/v2\/media?parent=11701"}],"wp:term":[{"taxonomy":"category","embeddable":true,"href":"https:\/\/fmsb.eu\/de\/wp-json\/wp\/v2\/categories?post=11701"},{"taxonomy":"post_tag","embeddable":true,"href":"https:\/\/fmsb.eu\/de\/wp-json\/wp\/v2\/tags?post=11701"}],"curies":[{"name":"wp","href":"https:\/\/api.w.org\/{rel}","templated":true}]}}